




{"id":38585,"date":"2013-07-11T15:33:00","date_gmt":"2013-07-11T12:33:00","guid":{"rendered":"http:\/\/qtmm.org\/?p=38585"},"modified":"2022-01-25T15:35:03","modified_gmt":"2022-01-25T12:35:03","slug":"milliy-meclis-reisi-mustafa-cemilev-saudiya-arabistaninin-ukrainada-elciliginde-iftarda-istirak-etti","status":"publish","type":"post","link":"https:\/\/qtmm.org\/qt\/milliy-meclis-reisi-mustafa-cemilev-saudiya-arabistaninin-ukrainada-elciliginde-iftarda-istirak-etti\/","title":{"rendered":"Milliy Meclis reisi Mustafa Cemilev Saudiya Arabistan\u0131n\u0131\u00f1 Ukrainada el\u00e7iliginde iftarda i\u015ftirak etti"},"content":{"rendered":"\n<p>Saudiya Arabistan\u0131 Q\u0131rall\u0131\u011f\u0131n\u0131\u00f1 Ukrainadaki Vefqulade ve Toluvek\u00e2letli El\u00e7isi C\u00fcdiya Alhazalan\u0131\u00f1 daveti ile Milliy Meclis reisi Mustafa Cemilev ve Kiyevdeki q\u0131r\u0131mtatarlar cemiyetini\u00f1 ba\u015f\u0131 Aslan \u00d6mer Q\u0131r\u0131ml\u0131 2013 senesi iy\u00fcl 10 k\u00fcn\u00fc Saudiya Arabistan\u0131 Q\u0131rall\u0131\u011f\u0131n\u0131\u00f1 Ukrainadaki el\u00e7ihanesinde berilgen iftarda bulund\u0131lar.<\/p>\n\n\n\n<p>\u0130ftarda Ukrainada akkreditatsiya ol\u011fan musulman devletlerini\u00f1 el\u00e7ileri ve diplomatlar\u0131 i\u015ftirak ettiler.<\/p>\n\n\n\n<figure class=\"wp-block-image size-full\"><img loading=\"lazy\" decoding=\"async\" width=\"800\" height=\"600\" src=\"http:\/\/qtmm.org\/wp-content\/uploads\/2022\/01\/dscn0747.jpeg\" alt=\"\" class=\"wp-image-38590\" srcset=\"https:\/\/qtmm.org\/wp-content\/uploads\/2022\/01\/dscn0747.jpeg 800w, https:\/\/qtmm.org\/wp-content\/uploads\/2022\/01\/dscn0747-300x225.jpeg 300w, https:\/\/qtmm.org\/wp-content\/uploads\/2022\/01\/dscn0747-768x576.jpeg 768w\" sizes=\"auto, (max-width: 800px) 100vw, 800px\" \/><\/figure>\n\n\n\n<p>Milliy Meclis reisi Mustafa Cemilev iftardan so\u00f1 Saudiya Arabistan\u0131 Q\u0131rall\u0131\u011f\u0131n\u0131\u00f1 Ukrainadaki Vefqulade ve Toluvek\u00e2letli El\u00e7isi C\u00fcdiya Alhazala\u011fa musafir\u00e7enligi ve iftar i\u00e7\u00fcn te\u015fekk\u00fcr bildirdi.<\/p>\n\n\n\n<figure class=\"wp-block-image size-full\"><img loading=\"lazy\" decoding=\"async\" width=\"800\" height=\"600\" src=\"http:\/\/qtmm.org\/wp-content\/uploads\/2022\/01\/dscn0763.jpeg\" alt=\"\" class=\"wp-image-38594\" srcset=\"https:\/\/qtmm.org\/wp-content\/uploads\/2022\/01\/dscn0763.jpeg 800w, https:\/\/qtmm.org\/wp-content\/uploads\/2022\/01\/dscn0763-300x225.jpeg 300w, https:\/\/qtmm.org\/wp-content\/uploads\/2022\/01\/dscn0763-768x576.jpeg 768w\" sizes=\"auto, (max-width: 800px) 100vw, 800px\" \/><\/figure>\n","protected":false},"excerpt":{"rendered":"<p>Saudiya Arabistan\u0131 Q\u0131rall\u0131\u011f\u0131n\u0131\u00f1 Ukrainadaki Vefqulade ve Toluvek\u00e2letli El\u00e7isi C\u00fcdiya Alhazalan\u0131\u00f1 daveti ile Milliy Meclis reisi Mustafa Cemilev ve Kiyevdeki q\u0131r\u0131mtatarlar cemiyetini\u00f1 ba\u015f\u0131 Aslan \u00d6mer Q\u0131r\u0131ml\u0131 2013 senesi iy\u00fcl 10 k\u00fcn\u00fc Saudiya Arabistan\u0131 Q\u0131rall\u0131\u011f\u0131n\u0131\u00f1 Ukrainadaki el\u00e7ihanesinde berilgen iftarda bulund\u0131lar. \u0130ftarda Ukrainada akkreditatsiya ol\u011fan musulman devletlerini\u00f1 el\u00e7ileri ve diplomatlar\u0131 i\u015ftirak ettiler. Milliy Meclis reisi Mustafa Cemilev iftardan [&hellip;]<\/p>\n","protected":false},"author":1,"featured_media":38586,"comment_status":"open","ping_status":"open","sticky":false,"template":"","format":"standard","meta":{"inline_featured_image":false,"footnotes":""},"categories":[265],"tags":[],"class_list":["post-38585","post","type-post","status-publish","format-standard","has-post-thumbnail","hentry","category-haberler"],"acf":[],"yoast_head":"<!-- This site is optimized with the Yoast SEO plugin v27.4 - https:\/\/yoast.com\/product\/yoast-seo-wordpress\/ -->\n<title>Milliy Meclis reisi Mustafa Cemilev Saudiya Arabistan\u0131n\u0131\u00f1 Ukrainada el\u00e7iliginde iftarda i\u015ftirak etti - \u041c\u0435\u0434\u0436\u043b\u0456\u0441<\/title>\n<meta name=\"robots\" content=\"index, follow, max-snippet:-1, max-image-preview:large, max-video-preview:-1\" \/>\n<link rel=\"canonical\" href=\"https:\/\/qtmm.org\/qt\/milliy-meclis-reisi-mustafa-cemilev-saudiya-arabistaninin-ukrainada-elciliginde-iftarda-istirak-etti\/\" \/>\n<meta property=\"og:locale\" content=\"en_US\" \/>\n<meta property=\"og:type\" content=\"article\" \/>\n<meta property=\"og:title\" content=\"Milliy Meclis reisi Mustafa Cemilev Saudiya Arabistan\u0131n\u0131\u00f1 Ukrainada el\u00e7iliginde iftarda i\u015ftirak etti - \u041c\u0435\u0434\u0436\u043b\u0456\u0441\" \/>\n<meta property=\"og:description\" content=\"Saudiya Arabistan\u0131 Q\u0131rall\u0131\u011f\u0131n\u0131\u00f1 Ukrainadaki Vefqulade ve Toluvek\u00e2letli El\u00e7isi C\u00fcdiya Alhazalan\u0131\u00f1 daveti ile Milliy Meclis reisi Mustafa Cemilev ve Kiyevdeki q\u0131r\u0131mtatarlar cemiyetini\u00f1 ba\u015f\u0131 Aslan \u00d6mer Q\u0131r\u0131ml\u0131 2013 senesi iy\u00fcl 10 k\u00fcn\u00fc Saudiya Arabistan\u0131 Q\u0131rall\u0131\u011f\u0131n\u0131\u00f1 Ukrainadaki el\u00e7ihanesinde berilgen iftarda bulund\u0131lar. \u0130ftarda Ukrainada akkreditatsiya ol\u011fan musulman devletlerini\u00f1 el\u00e7ileri ve diplomatlar\u0131 i\u015ftirak ettiler. Milliy Meclis reisi Mustafa Cemilev iftardan [&hellip;]\" \/>\n<meta property=\"og:url\" content=\"https:\/\/qtmm.org\/qt\/milliy-meclis-reisi-mustafa-cemilev-saudiya-arabistaninin-ukrainada-elciliginde-iftarda-istirak-etti\/\" \/>\n<meta property=\"og:site_name\" content=\"\u041c\u0435\u0434\u0436\u043b\u0456\u0441\" \/>\n<meta property=\"article:publisher\" content=\"https:\/\/www.facebook.com\/qtmm.info\/\" \/>\n<meta property=\"article:published_time\" content=\"2013-07-11T12:33:00+00:00\" \/>\n<meta property=\"article:modified_time\" content=\"2022-01-25T12:35:03+00:00\" \/>\n<meta property=\"og:image\" content=\"https:\/\/qtmm.org\/wp-content\/uploads\/2022\/01\/dscn0752.jpeg\" \/>\n\t<meta property=\"og:image:width\" content=\"800\" \/>\n\t<meta property=\"og:image:height\" content=\"600\" \/>\n\t<meta property=\"og:image:type\" content=\"image\/jpeg\" \/>\n<meta name=\"author\" content=\"Developer\" \/>\n<meta name=\"twitter:card\" content=\"summary_large_image\" \/>\n<meta name=\"twitter:label1\" content=\"Written by\" \/>\n\t<meta name=\"twitter:data1\" content=\"Developer\" \/>\n<script type=\"application\/ld+json\" class=\"yoast-schema-graph\">{\"@context\":\"https:\\\/\\\/schema.org\",\"@graph\":[{\"@type\":\"Article\",\"@id\":\"https:\\\/\\\/qtmm.org\\\/qt\\\/milliy-meclis-reisi-mustafa-cemilev-saudiya-arabistaninin-ukrainada-elciliginde-iftarda-istirak-etti\\\/#article\",\"isPartOf\":{\"@id\":\"https:\\\/\\\/qtmm.org\\\/qt\\\/milliy-meclis-reisi-mustafa-cemilev-saudiya-arabistaninin-ukrainada-elciliginde-iftarda-istirak-etti\\\/\"},\"author\":{\"name\":\"Developer\",\"@id\":\"https:\\\/\\\/qtmm.org\\\/qt\\\/#\\\/schema\\\/person\\\/de562469f971dec226ac06e60bbf74a7\"},\"headline\":\"Milliy Meclis reisi Mustafa Cemilev Saudiya Arabistan\u0131n\u0131\u00f1 Ukrainada el\u00e7iliginde iftarda i\u015ftirak etti\",\"datePublished\":\"2013-07-11T12:33:00+00:00\",\"dateModified\":\"2022-01-25T12:35:03+00:00\",\"mainEntityOfPage\":{\"@id\":\"https:\\\/\\\/qtmm.org\\\/qt\\\/milliy-meclis-reisi-mustafa-cemilev-saudiya-arabistaninin-ukrainada-elciliginde-iftarda-istirak-etti\\\/\"},\"wordCount\":113,\"commentCount\":0,\"publisher\":{\"@id\":\"https:\\\/\\\/qtmm.org\\\/qt\\\/#organization\"},\"image\":{\"@id\":\"https:\\\/\\\/qtmm.org\\\/qt\\\/milliy-meclis-reisi-mustafa-cemilev-saudiya-arabistaninin-ukrainada-elciliginde-iftarda-istirak-etti\\\/#primaryimage\"},\"thumbnailUrl\":\"https:\\\/\\\/qtmm.org\\\/wp-content\\\/uploads\\\/2022\\\/01\\\/dscn0752.jpeg\",\"articleSection\":[\"Haberler\"],\"inLanguage\":\"qt\",\"potentialAction\":[{\"@type\":\"CommentAction\",\"name\":\"Comment\",\"target\":[\"https:\\\/\\\/qtmm.org\\\/qt\\\/milliy-meclis-reisi-mustafa-cemilev-saudiya-arabistaninin-ukrainada-elciliginde-iftarda-istirak-etti\\\/#respond\"]}]},{\"@type\":\"WebPage\",\"@id\":\"https:\\\/\\\/qtmm.org\\\/qt\\\/milliy-meclis-reisi-mustafa-cemilev-saudiya-arabistaninin-ukrainada-elciliginde-iftarda-istirak-etti\\\/\",\"url\":\"https:\\\/\\\/qtmm.org\\\/qt\\\/milliy-meclis-reisi-mustafa-cemilev-saudiya-arabistaninin-ukrainada-elciliginde-iftarda-istirak-etti\\\/\",\"name\":\"Milliy Meclis reisi Mustafa Cemilev Saudiya Arabistan\u0131n\u0131\u00f1 Ukrainada el\u00e7iliginde iftarda i\u015ftirak etti - \u041c\u0435\u0434\u0436\u043b\u0456\u0441\",\"isPartOf\":{\"@id\":\"https:\\\/\\\/qtmm.org\\\/qt\\\/#website\"},\"primaryImageOfPage\":{\"@id\":\"https:\\\/\\\/qtmm.org\\\/qt\\\/milliy-meclis-reisi-mustafa-cemilev-saudiya-arabistaninin-ukrainada-elciliginde-iftarda-istirak-etti\\\/#primaryimage\"},\"image\":{\"@id\":\"https:\\\/\\\/qtmm.org\\\/qt\\\/milliy-meclis-reisi-mustafa-cemilev-saudiya-arabistaninin-ukrainada-elciliginde-iftarda-istirak-etti\\\/#primaryimage\"},\"thumbnailUrl\":\"https:\\\/\\\/qtmm.org\\\/wp-content\\\/uploads\\\/2022\\\/01\\\/dscn0752.jpeg\",\"datePublished\":\"2013-07-11T12:33:00+00:00\",\"dateModified\":\"2022-01-25T12:35:03+00:00\",\"breadcrumb\":{\"@id\":\"https:\\\/\\\/qtmm.org\\\/qt\\\/milliy-meclis-reisi-mustafa-cemilev-saudiya-arabistaninin-ukrainada-elciliginde-iftarda-istirak-etti\\\/#breadcrumb\"},\"inLanguage\":\"qt\",\"potentialAction\":[{\"@type\":\"ReadAction\",\"target\":[\"https:\\\/\\\/qtmm.org\\\/qt\\\/milliy-meclis-reisi-mustafa-cemilev-saudiya-arabistaninin-ukrainada-elciliginde-iftarda-istirak-etti\\\/\"]}]},{\"@type\":\"ImageObject\",\"inLanguage\":\"qt\",\"@id\":\"https:\\\/\\\/qtmm.org\\\/qt\\\/milliy-meclis-reisi-mustafa-cemilev-saudiya-arabistaninin-ukrainada-elciliginde-iftarda-istirak-etti\\\/#primaryimage\",\"url\":\"https:\\\/\\\/qtmm.org\\\/wp-content\\\/uploads\\\/2022\\\/01\\\/dscn0752.jpeg\",\"contentUrl\":\"https:\\\/\\\/qtmm.org\\\/wp-content\\\/uploads\\\/2022\\\/01\\\/dscn0752.jpeg\",\"width\":800,\"height\":600},{\"@type\":\"BreadcrumbList\",\"@id\":\"https:\\\/\\\/qtmm.org\\\/qt\\\/milliy-meclis-reisi-mustafa-cemilev-saudiya-arabistaninin-ukrainada-elciliginde-iftarda-istirak-etti\\\/#breadcrumb\",\"itemListElement\":[{\"@type\":\"ListItem\",\"position\":1,\"name\":\"\u0413\u043e\u043b\u043e\u0432\u043d\u0430\",\"item\":\"https:\\\/\\\/qtmm.org\\\/qt\\\/\"},{\"@type\":\"ListItem\",\"position\":2,\"name\":\"Milliy Meclis reisi Mustafa Cemilev Saudiya Arabistan\u0131n\u0131\u00f1 Ukrainada el\u00e7iliginde iftarda i\u015ftirak etti\"}]},{\"@type\":\"WebSite\",\"@id\":\"https:\\\/\\\/qtmm.org\\\/qt\\\/#website\",\"url\":\"https:\\\/\\\/qtmm.org\\\/qt\\\/\",\"name\":\"\u041c\u0435\u0434\u0436\u043b\u0456\u0441\",\"description\":\"\",\"publisher\":{\"@id\":\"https:\\\/\\\/qtmm.org\\\/qt\\\/#organization\"},\"potentialAction\":[{\"@type\":\"SearchAction\",\"target\":{\"@type\":\"EntryPoint\",\"urlTemplate\":\"https:\\\/\\\/qtmm.org\\\/qt\\\/?s={search_term_string}\"},\"query-input\":{\"@type\":\"PropertyValueSpecification\",\"valueRequired\":true,\"valueName\":\"search_term_string\"}}],\"inLanguage\":\"qt\"},{\"@type\":\"Organization\",\"@id\":\"https:\\\/\\\/qtmm.org\\\/qt\\\/#organization\",\"name\":\"\u041c\u0435\u0434\u0436\u043b\u0456\u0441\",\"url\":\"https:\\\/\\\/qtmm.org\\\/qt\\\/\",\"logo\":{\"@type\":\"ImageObject\",\"inLanguage\":\"qt\",\"@id\":\"https:\\\/\\\/qtmm.org\\\/qt\\\/#\\\/schema\\\/logo\\\/image\\\/\",\"url\":\"https:\\\/\\\/qtmm.org\\\/wp-content\\\/uploads\\\/2024\\\/12\\\/ua-mejlis-logo-rgb.svg\",\"contentUrl\":\"https:\\\/\\\/qtmm.org\\\/wp-content\\\/uploads\\\/2024\\\/12\\\/ua-mejlis-logo-rgb.svg\",\"caption\":\"\u041c\u0435\u0434\u0436\u043b\u0456\u0441\"},\"image\":{\"@id\":\"https:\\\/\\\/qtmm.org\\\/qt\\\/#\\\/schema\\\/logo\\\/image\\\/\"},\"sameAs\":[\"https:\\\/\\\/www.facebook.com\\\/qtmm.info\\\/\"]},{\"@type\":\"Person\",\"@id\":\"https:\\\/\\\/qtmm.org\\\/qt\\\/#\\\/schema\\\/person\\\/de562469f971dec226ac06e60bbf74a7\",\"name\":\"Developer\",\"image\":{\"@type\":\"ImageObject\",\"inLanguage\":\"qt\",\"@id\":\"https:\\\/\\\/secure.gravatar.com\\\/avatar\\\/392b4cc8fbfeb00b39dfeeab4ee6edded39ffd48e25858637e4765810300227e?s=96&d=mm&r=g\",\"url\":\"https:\\\/\\\/secure.gravatar.com\\\/avatar\\\/392b4cc8fbfeb00b39dfeeab4ee6edded39ffd48e25858637e4765810300227e?s=96&d=mm&r=g\",\"contentUrl\":\"https:\\\/\\\/secure.gravatar.com\\\/avatar\\\/392b4cc8fbfeb00b39dfeeab4ee6edded39ffd48e25858637e4765810300227e?s=96&d=mm&r=g\",\"caption\":\"Developer\"},\"url\":\"https:\\\/\\\/qtmm.org\\\/qt\\\/author\\\/Developer\\\/\"}]}<\/script>\n<!-- \/ Yoast SEO plugin. -->","yoast_head_json":{"title":"Milliy Meclis reisi Mustafa Cemilev Saudiya Arabistan\u0131n\u0131\u00f1 Ukrainada el\u00e7iliginde iftarda i\u015ftirak etti - \u041c\u0435\u0434\u0436\u043b\u0456\u0441","robots":{"index":"index","follow":"follow","max-snippet":"max-snippet:-1","max-image-preview":"max-image-preview:large","max-video-preview":"max-video-preview:-1"},"canonical":"https:\/\/qtmm.org\/qt\/milliy-meclis-reisi-mustafa-cemilev-saudiya-arabistaninin-ukrainada-elciliginde-iftarda-istirak-etti\/","og_locale":"en_US","og_type":"article","og_title":"Milliy Meclis reisi Mustafa Cemilev Saudiya Arabistan\u0131n\u0131\u00f1 Ukrainada el\u00e7iliginde iftarda i\u015ftirak etti - \u041c\u0435\u0434\u0436\u043b\u0456\u0441","og_description":"Saudiya Arabistan\u0131 Q\u0131rall\u0131\u011f\u0131n\u0131\u00f1 Ukrainadaki Vefqulade ve Toluvek\u00e2letli El\u00e7isi C\u00fcdiya Alhazalan\u0131\u00f1 daveti ile Milliy Meclis reisi Mustafa Cemilev ve Kiyevdeki q\u0131r\u0131mtatarlar cemiyetini\u00f1 ba\u015f\u0131 Aslan \u00d6mer Q\u0131r\u0131ml\u0131 2013 senesi iy\u00fcl 10 k\u00fcn\u00fc Saudiya Arabistan\u0131 Q\u0131rall\u0131\u011f\u0131n\u0131\u00f1 Ukrainadaki el\u00e7ihanesinde berilgen iftarda bulund\u0131lar. \u0130ftarda Ukrainada akkreditatsiya ol\u011fan musulman devletlerini\u00f1 el\u00e7ileri ve diplomatlar\u0131 i\u015ftirak ettiler. Milliy Meclis reisi Mustafa Cemilev iftardan [&hellip;]","og_url":"https:\/\/qtmm.org\/qt\/milliy-meclis-reisi-mustafa-cemilev-saudiya-arabistaninin-ukrainada-elciliginde-iftarda-istirak-etti\/","og_site_name":"\u041c\u0435\u0434\u0436\u043b\u0456\u0441","article_publisher":"https:\/\/www.facebook.com\/qtmm.info\/","article_published_time":"2013-07-11T12:33:00+00:00","article_modified_time":"2022-01-25T12:35:03+00:00","og_image":[{"width":800,"height":600,"url":"https:\/\/qtmm.org\/wp-content\/uploads\/2022\/01\/dscn0752.jpeg","type":"image\/jpeg"}],"author":"Developer","twitter_card":"summary_large_image","twitter_misc":{"Written by":"Developer"},"schema":{"@context":"https:\/\/schema.org","@graph":[{"@type":"Article","@id":"https:\/\/qtmm.org\/qt\/milliy-meclis-reisi-mustafa-cemilev-saudiya-arabistaninin-ukrainada-elciliginde-iftarda-istirak-etti\/#article","isPartOf":{"@id":"https:\/\/qtmm.org\/qt\/milliy-meclis-reisi-mustafa-cemilev-saudiya-arabistaninin-ukrainada-elciliginde-iftarda-istirak-etti\/"},"author":{"name":"Developer","@id":"https:\/\/qtmm.org\/qt\/#\/schema\/person\/de562469f971dec226ac06e60bbf74a7"},"headline":"Milliy Meclis reisi Mustafa Cemilev Saudiya Arabistan\u0131n\u0131\u00f1 Ukrainada el\u00e7iliginde iftarda i\u015ftirak etti","datePublished":"2013-07-11T12:33:00+00:00","dateModified":"2022-01-25T12:35:03+00:00","mainEntityOfPage":{"@id":"https:\/\/qtmm.org\/qt\/milliy-meclis-reisi-mustafa-cemilev-saudiya-arabistaninin-ukrainada-elciliginde-iftarda-istirak-etti\/"},"wordCount":113,"commentCount":0,"publisher":{"@id":"https:\/\/qtmm.org\/qt\/#organization"},"image":{"@id":"https:\/\/qtmm.org\/qt\/milliy-meclis-reisi-mustafa-cemilev-saudiya-arabistaninin-ukrainada-elciliginde-iftarda-istirak-etti\/#primaryimage"},"thumbnailUrl":"https:\/\/qtmm.org\/wp-content\/uploads\/2022\/01\/dscn0752.jpeg","articleSection":["Haberler"],"inLanguage":"qt","potentialAction":[{"@type":"CommentAction","name":"Comment","target":["https:\/\/qtmm.org\/qt\/milliy-meclis-reisi-mustafa-cemilev-saudiya-arabistaninin-ukrainada-elciliginde-iftarda-istirak-etti\/#respond"]}]},{"@type":"WebPage","@id":"https:\/\/qtmm.org\/qt\/milliy-meclis-reisi-mustafa-cemilev-saudiya-arabistaninin-ukrainada-elciliginde-iftarda-istirak-etti\/","url":"https:\/\/qtmm.org\/qt\/milliy-meclis-reisi-mustafa-cemilev-saudiya-arabistaninin-ukrainada-elciliginde-iftarda-istirak-etti\/","name":"Milliy Meclis reisi Mustafa Cemilev Saudiya Arabistan\u0131n\u0131\u00f1 Ukrainada el\u00e7iliginde iftarda i\u015ftirak etti - \u041c\u0435\u0434\u0436\u043b\u0456\u0441","isPartOf":{"@id":"https:\/\/qtmm.org\/qt\/#website"},"primaryImageOfPage":{"@id":"https:\/\/qtmm.org\/qt\/milliy-meclis-reisi-mustafa-cemilev-saudiya-arabistaninin-ukrainada-elciliginde-iftarda-istirak-etti\/#primaryimage"},"image":{"@id":"https:\/\/qtmm.org\/qt\/milliy-meclis-reisi-mustafa-cemilev-saudiya-arabistaninin-ukrainada-elciliginde-iftarda-istirak-etti\/#primaryimage"},"thumbnailUrl":"https:\/\/qtmm.org\/wp-content\/uploads\/2022\/01\/dscn0752.jpeg","datePublished":"2013-07-11T12:33:00+00:00","dateModified":"2022-01-25T12:35:03+00:00","breadcrumb":{"@id":"https:\/\/qtmm.org\/qt\/milliy-meclis-reisi-mustafa-cemilev-saudiya-arabistaninin-ukrainada-elciliginde-iftarda-istirak-etti\/#breadcrumb"},"inLanguage":"qt","potentialAction":[{"@type":"ReadAction","target":["https:\/\/qtmm.org\/qt\/milliy-meclis-reisi-mustafa-cemilev-saudiya-arabistaninin-ukrainada-elciliginde-iftarda-istirak-etti\/"]}]},{"@type":"ImageObject","inLanguage":"qt","@id":"https:\/\/qtmm.org\/qt\/milliy-meclis-reisi-mustafa-cemilev-saudiya-arabistaninin-ukrainada-elciliginde-iftarda-istirak-etti\/#primaryimage","url":"https:\/\/qtmm.org\/wp-content\/uploads\/2022\/01\/dscn0752.jpeg","contentUrl":"https:\/\/qtmm.org\/wp-content\/uploads\/2022\/01\/dscn0752.jpeg","width":800,"height":600},{"@type":"BreadcrumbList","@id":"https:\/\/qtmm.org\/qt\/milliy-meclis-reisi-mustafa-cemilev-saudiya-arabistaninin-ukrainada-elciliginde-iftarda-istirak-etti\/#breadcrumb","itemListElement":[{"@type":"ListItem","position":1,"name":"\u0413\u043e\u043b\u043e\u0432\u043d\u0430","item":"https:\/\/qtmm.org\/qt\/"},{"@type":"ListItem","position":2,"name":"Milliy Meclis reisi Mustafa Cemilev Saudiya Arabistan\u0131n\u0131\u00f1 Ukrainada el\u00e7iliginde iftarda i\u015ftirak etti"}]},{"@type":"WebSite","@id":"https:\/\/qtmm.org\/qt\/#website","url":"https:\/\/qtmm.org\/qt\/","name":"\u041c\u0435\u0434\u0436\u043b\u0456\u0441","description":"","publisher":{"@id":"https:\/\/qtmm.org\/qt\/#organization"},"potentialAction":[{"@type":"SearchAction","target":{"@type":"EntryPoint","urlTemplate":"https:\/\/qtmm.org\/qt\/?s={search_term_string}"},"query-input":{"@type":"PropertyValueSpecification","valueRequired":true,"valueName":"search_term_string"}}],"inLanguage":"qt"},{"@type":"Organization","@id":"https:\/\/qtmm.org\/qt\/#organization","name":"\u041c\u0435\u0434\u0436\u043b\u0456\u0441","url":"https:\/\/qtmm.org\/qt\/","logo":{"@type":"ImageObject","inLanguage":"qt","@id":"https:\/\/qtmm.org\/qt\/#\/schema\/logo\/image\/","url":"https:\/\/qtmm.org\/wp-content\/uploads\/2024\/12\/ua-mejlis-logo-rgb.svg","contentUrl":"https:\/\/qtmm.org\/wp-content\/uploads\/2024\/12\/ua-mejlis-logo-rgb.svg","caption":"\u041c\u0435\u0434\u0436\u043b\u0456\u0441"},"image":{"@id":"https:\/\/qtmm.org\/qt\/#\/schema\/logo\/image\/"},"sameAs":["https:\/\/www.facebook.com\/qtmm.info\/"]},{"@type":"Person","@id":"https:\/\/qtmm.org\/qt\/#\/schema\/person\/de562469f971dec226ac06e60bbf74a7","name":"Developer","image":{"@type":"ImageObject","inLanguage":"qt","@id":"https:\/\/secure.gravatar.com\/avatar\/392b4cc8fbfeb00b39dfeeab4ee6edded39ffd48e25858637e4765810300227e?s=96&d=mm&r=g","url":"https:\/\/secure.gravatar.com\/avatar\/392b4cc8fbfeb00b39dfeeab4ee6edded39ffd48e25858637e4765810300227e?s=96&d=mm&r=g","contentUrl":"https:\/\/secure.gravatar.com\/avatar\/392b4cc8fbfeb00b39dfeeab4ee6edded39ffd48e25858637e4765810300227e?s=96&d=mm&r=g","caption":"Developer"},"url":"https:\/\/qtmm.org\/qt\/author\/Developer\/"}]}},"_links":{"self":[{"href":"https:\/\/qtmm.org\/qt\/wp-json\/wp\/v2\/posts\/38585","targetHints":{"allow":["GET"]}}],"collection":[{"href":"https:\/\/qtmm.org\/qt\/wp-json\/wp\/v2\/posts"}],"about":[{"href":"https:\/\/qtmm.org\/qt\/wp-json\/wp\/v2\/types\/post"}],"author":[{"embeddable":true,"href":"https:\/\/qtmm.org\/qt\/wp-json\/wp\/v2\/users\/1"}],"replies":[{"embeddable":true,"href":"https:\/\/qtmm.org\/qt\/wp-json\/wp\/v2\/comments?post=38585"}],"version-history":[{"count":1,"href":"https:\/\/qtmm.org\/qt\/wp-json\/wp\/v2\/posts\/38585\/revisions"}],"predecessor-version":[{"id":38598,"href":"https:\/\/qtmm.org\/qt\/wp-json\/wp\/v2\/posts\/38585\/revisions\/38598"}],"wp:featuredmedia":[{"embeddable":true,"href":"https:\/\/qtmm.org\/qt\/wp-json\/wp\/v2\/media\/38586"}],"wp:attachment":[{"href":"https:\/\/qtmm.org\/qt\/wp-json\/wp\/v2\/media?parent=38585"}],"wp:term":[{"taxonomy":"category","embeddable":true,"href":"https:\/\/qtmm.org\/qt\/wp-json\/wp\/v2\/categories?post=38585"},{"taxonomy":"post_tag","embeddable":true,"href":"https:\/\/qtmm.org\/qt\/wp-json\/wp\/v2\/tags?post=38585"}],"curies":[{"name":"wp","href":"https:\/\/api.w.org\/{rel}","templated":true}]}}