




{"id":38567,"date":"2013-07-11T15:32:00","date_gmt":"2013-07-11T12:32:00","guid":{"rendered":"http:\/\/qtmm.org\/?p=38567"},"modified":"2022-01-25T15:33:43","modified_gmt":"2022-01-25T12:33:43","slug":"temsil-etilmegen-halqlar-ve-milletler-teskilati-prezidiuminin-xv-toplasuvi","status":"publish","type":"post","link":"https:\/\/qtmm.org\/qt\/temsil-etilmegen-halqlar-ve-milletler-teskilati-prezidiuminin-xv-toplasuvi\/","title":{"rendered":"Temsil etilmegen halqlar ve milletler te\u015fkil\u00e2t\u0131 Prezidium\u0131n\u0131\u00f1 XV topla\u015fuv\u0131"},"content":{"rendered":"\n<p>Ukrainan\u0131 Q\u0131r\u0131mtatar halq\u0131n\u0131\u00f1 \u00f6z Vatan\u0131nda aqlar\u0131n\u0131 \u011fayr\u0131dan tiklev, havfs\u0131zl\u0131\u011f\u0131n\u0131 ve inki\u015faf\u0131n\u0131 teminlev meselesi boyunca halqara forum ke\u00e7irmege \u00e7a\u011f\u0131ram\u0131z. Ukrainan\u0131\u00f1 tam\u0131r halq\u0131 ol\u011fan Q\u0131r\u0131mtatar halq\u0131 1944 senesi Sovetler birligi taraf\u0131ndan s\u00fcrg\u00fcn etilip, onlarnen y\u0131llar s\u00fcrg\u00fcnlik yerlerinde zorluqnen tutul\u011fan so\u00f1 \u00f6z Vatan\u0131na qaytt\u0131.<\/p>\n\n\n\n<p>Tarihiy Vatan\u0131na qaytqan\u0131ndan yigirmi y\u0131ldan berli q\u0131r\u0131mtatarlarn\u0131\u00f1 Q\u0131r\u0131mda aqlar\u0131n\u0131\u00f1 \u011fayr\u0131dan tiklenmegenini esapqa alaraq biz q\u0131r\u0131mtatar halq\u0131n\u0131\u00f1 Ukrainada aqlar\u0131n\u0131 tiklev meselesinde Ukraina\u011fa halqara cemaat\u00e7\u0131l\u0131q yard\u0131m etmesi kerek, dep sayam\u0131z.<\/p>\n\n\n\n<figure class=\"wp-block-image size-full\"><img loading=\"lazy\" decoding=\"async\" width=\"800\" height=\"600\" src=\"http:\/\/qtmm.org\/wp-content\/uploads\/2022\/01\/abd_2.jpeg\" alt=\"\" class=\"wp-image-38572\" srcset=\"https:\/\/qtmm.org\/wp-content\/uploads\/2022\/01\/abd_2.jpeg 800w, https:\/\/qtmm.org\/wp-content\/uploads\/2022\/01\/abd_2-300x225.jpeg 300w, https:\/\/qtmm.org\/wp-content\/uploads\/2022\/01\/abd_2-768x576.jpeg 768w\" sizes=\"auto, (max-width: 800px) 100vw, 800px\" \/><\/figure>\n\n\n\n<p>Q\u0131r\u0131mtatar halq\u0131n\u0131\u00f1 Ukrainada aqlar\u0131n\u0131 tiklev meselesinde Ukraina\u011fa yard\u0131m etmek maqsad\u0131nda Milliy Meclis halqara forumn\u0131 ke\u00e7ir\u00fcv te\u015febb\u00fcsinen \u00e7\u0131qt\u0131. Eki y\u0131l evelsi Q\u0131r\u0131mtatar halq\u0131n\u0131\u00f1 Meclisi Halqara forum ke\u00e7irmek te\u015febb\u00fcsinen \u00e7\u0131qqanda bu\u00f1a qoltutqanlar\u0131n\u0131 Avropa Birligi devletleri, Amerika, Kanada, ve T\u00fcrkiye bildirdiler.<\/p>\n\n\n\n<figure class=\"wp-block-image size-full\"><img loading=\"lazy\" decoding=\"async\" width=\"800\" height=\"600\" src=\"http:\/\/qtmm.org\/wp-content\/uploads\/2022\/01\/abd5.jpeg\" alt=\"\" class=\"wp-image-38576\" srcset=\"https:\/\/qtmm.org\/wp-content\/uploads\/2022\/01\/abd5.jpeg 800w, https:\/\/qtmm.org\/wp-content\/uploads\/2022\/01\/abd5-300x225.jpeg 300w, https:\/\/qtmm.org\/wp-content\/uploads\/2022\/01\/abd5-768x576.jpeg 768w\" sizes=\"auto, (max-width: 800px) 100vw, 800px\" \/><\/figure>\n\n\n\n<p>OSCE milliy azl\u0131qlarn\u0131\u00f1 i\u015fleri boyunca aliy komissar\u0131n\u0131\u00f1 ofisi Halqara forumn\u0131 ke\u00e7ir\u00fcv boyunca plan\u0131 i\u015flep Ukraina \u00fck\u00fcmetine taqdim etti.<\/p>\n\n\n\n<p>Biz inanam\u0131z ki, mezk\u00fcr te\u015febb\u00fcs q\u0131r\u0131mtatar halq\u0131n\u0131\u00f1 siyasiy, iqtisadiy ve medeniy aqlar\u0131n\u0131 tiklev, yerle\u015ftir\u00fcv meselelerini \u00e7ez\u00fcvni\u00f1 yolu ve usullarn\u0131 ara\u015ft\u0131ruvda yap\u0131l\u011fan ameliy bir ad\u0131md\u0131r. Ukraina \u00fck\u00fcmeti forum ke\u00e7irmek m\u00fcddeti ve format\u0131n\u0131 belgilev i\u015fini esasss\u0131z soz\u011fan\u0131 bizni pek raats\u0131zlay.<\/p>\n\n\n\n<p>OSCE milliy azl\u0131qlarn\u0131\u00f1 i\u015fleri boyunca aliy komissar\u0131 Knut Vollebekni\u00f1 te\u015febb\u00fcsine qoltutaraq biz halqara cemaat\u00e7\u0131l\u0131qn\u0131 Ukraina\u011fa Q\u0131r\u0131mtatar halq\u0131n\u0131\u00f1 aqlar\u0131n\u0131 tiklev meselesi boyunca halqara forum ke\u00e7ir\u00fcvde yard\u0131m etmege \u00e7a\u011f\u0131ram\u0131z.<\/p>\n\n\n\n<figure class=\"wp-block-image size-full\"><img loading=\"lazy\" decoding=\"async\" width=\"800\" height=\"600\" src=\"http:\/\/qtmm.org\/wp-content\/uploads\/2022\/01\/abduraman_i_gollandiya.jpeg\" alt=\"\" class=\"wp-image-38580\" srcset=\"https:\/\/qtmm.org\/wp-content\/uploads\/2022\/01\/abduraman_i_gollandiya.jpeg 800w, https:\/\/qtmm.org\/wp-content\/uploads\/2022\/01\/abduraman_i_gollandiya-300x225.jpeg 300w, https:\/\/qtmm.org\/wp-content\/uploads\/2022\/01\/abduraman_i_gollandiya-768x576.jpeg 768w\" sizes=\"auto, (max-width: 800px) 100vw, 800px\" \/><\/figure>\n","protected":false},"excerpt":{"rendered":"<p>Ukrainan\u0131 Q\u0131r\u0131mtatar halq\u0131n\u0131\u00f1 \u00f6z Vatan\u0131nda aqlar\u0131n\u0131 \u011fayr\u0131dan tiklev, havfs\u0131zl\u0131\u011f\u0131n\u0131 ve inki\u015faf\u0131n\u0131 teminlev meselesi boyunca halqara forum ke\u00e7irmege \u00e7a\u011f\u0131ram\u0131z. Ukrainan\u0131\u00f1 tam\u0131r halq\u0131 ol\u011fan Q\u0131r\u0131mtatar halq\u0131 1944 senesi Sovetler birligi taraf\u0131ndan s\u00fcrg\u00fcn etilip, onlarnen y\u0131llar s\u00fcrg\u00fcnlik yerlerinde zorluqnen tutul\u011fan so\u00f1 \u00f6z Vatan\u0131na qaytt\u0131. Tarihiy Vatan\u0131na qaytqan\u0131ndan yigirmi y\u0131ldan berli q\u0131r\u0131mtatarlarn\u0131\u00f1 Q\u0131r\u0131mda aqlar\u0131n\u0131\u00f1 \u011fayr\u0131dan tiklenmegenini esapqa alaraq biz [&hellip;]<\/p>\n","protected":false},"author":1,"featured_media":38568,"comment_status":"open","ping_status":"open","sticky":false,"template":"","format":"standard","meta":{"inline_featured_image":false,"footnotes":""},"categories":[265],"tags":[],"class_list":["post-38567","post","type-post","status-publish","format-standard","has-post-thumbnail","hentry","category-haberler"],"acf":[],"yoast_head":"<!-- This site is optimized with the Yoast SEO plugin v27.4 - https:\/\/yoast.com\/product\/yoast-seo-wordpress\/ -->\n<title>Temsil etilmegen halqlar ve milletler te\u015fkil\u00e2t\u0131 Prezidium\u0131n\u0131\u00f1 XV topla\u015fuv\u0131 - \u041c\u0435\u0434\u0436\u043b\u0456\u0441<\/title>\n<meta name=\"robots\" content=\"index, follow, max-snippet:-1, max-image-preview:large, max-video-preview:-1\" \/>\n<link rel=\"canonical\" href=\"https:\/\/qtmm.org\/qt\/temsil-etilmegen-halqlar-ve-milletler-teskilati-prezidiuminin-xv-toplasuvi\/\" \/>\n<meta property=\"og:locale\" content=\"en_US\" \/>\n<meta property=\"og:type\" content=\"article\" \/>\n<meta property=\"og:title\" content=\"Temsil etilmegen halqlar ve milletler te\u015fkil\u00e2t\u0131 Prezidium\u0131n\u0131\u00f1 XV topla\u015fuv\u0131 - \u041c\u0435\u0434\u0436\u043b\u0456\u0441\" \/>\n<meta property=\"og:description\" content=\"Ukrainan\u0131 Q\u0131r\u0131mtatar halq\u0131n\u0131\u00f1 \u00f6z Vatan\u0131nda aqlar\u0131n\u0131 \u011fayr\u0131dan tiklev, havfs\u0131zl\u0131\u011f\u0131n\u0131 ve inki\u015faf\u0131n\u0131 teminlev meselesi boyunca halqara forum ke\u00e7irmege \u00e7a\u011f\u0131ram\u0131z. Ukrainan\u0131\u00f1 tam\u0131r halq\u0131 ol\u011fan Q\u0131r\u0131mtatar halq\u0131 1944 senesi Sovetler birligi taraf\u0131ndan s\u00fcrg\u00fcn etilip, onlarnen y\u0131llar s\u00fcrg\u00fcnlik yerlerinde zorluqnen tutul\u011fan so\u00f1 \u00f6z Vatan\u0131na qaytt\u0131. Tarihiy Vatan\u0131na qaytqan\u0131ndan yigirmi y\u0131ldan berli q\u0131r\u0131mtatarlarn\u0131\u00f1 Q\u0131r\u0131mda aqlar\u0131n\u0131\u00f1 \u011fayr\u0131dan tiklenmegenini esapqa alaraq biz [&hellip;]\" \/>\n<meta property=\"og:url\" content=\"https:\/\/qtmm.org\/qt\/temsil-etilmegen-halqlar-ve-milletler-teskilati-prezidiuminin-xv-toplasuvi\/\" \/>\n<meta property=\"og:site_name\" content=\"\u041c\u0435\u0434\u0436\u043b\u0456\u0441\" \/>\n<meta property=\"article:publisher\" content=\"https:\/\/www.facebook.com\/qtmm.info\/\" \/>\n<meta property=\"article:published_time\" content=\"2013-07-11T12:32:00+00:00\" \/>\n<meta property=\"article:modified_time\" content=\"2022-01-25T12:33:43+00:00\" \/>\n<meta property=\"og:image\" content=\"https:\/\/qtmm.org\/wp-content\/uploads\/2022\/01\/abd3.jpeg\" \/>\n\t<meta property=\"og:image:width\" content=\"800\" \/>\n\t<meta property=\"og:image:height\" content=\"600\" \/>\n\t<meta property=\"og:image:type\" content=\"image\/jpeg\" \/>\n<meta name=\"author\" content=\"Developer\" \/>\n<meta name=\"twitter:card\" content=\"summary_large_image\" \/>\n<meta name=\"twitter:label1\" content=\"Written by\" \/>\n\t<meta name=\"twitter:data1\" content=\"Developer\" \/>\n\t<meta name=\"twitter:label2\" content=\"Est. reading time\" \/>\n\t<meta name=\"twitter:data2\" content=\"2 minutes\" \/>\n<script type=\"application\/ld+json\" class=\"yoast-schema-graph\">{\"@context\":\"https:\\\/\\\/schema.org\",\"@graph\":[{\"@type\":\"Article\",\"@id\":\"https:\\\/\\\/qtmm.org\\\/qt\\\/temsil-etilmegen-halqlar-ve-milletler-teskilati-prezidiuminin-xv-toplasuvi\\\/#article\",\"isPartOf\":{\"@id\":\"https:\\\/\\\/qtmm.org\\\/qt\\\/temsil-etilmegen-halqlar-ve-milletler-teskilati-prezidiuminin-xv-toplasuvi\\\/\"},\"author\":{\"name\":\"Developer\",\"@id\":\"https:\\\/\\\/qtmm.org\\\/qt\\\/#\\\/schema\\\/person\\\/de562469f971dec226ac06e60bbf74a7\"},\"headline\":\"Temsil etilmegen halqlar ve milletler te\u015fkil\u00e2t\u0131 Prezidium\u0131n\u0131\u00f1 XV topla\u015fuv\u0131\",\"datePublished\":\"2013-07-11T12:32:00+00:00\",\"dateModified\":\"2022-01-25T12:33:43+00:00\",\"mainEntityOfPage\":{\"@id\":\"https:\\\/\\\/qtmm.org\\\/qt\\\/temsil-etilmegen-halqlar-ve-milletler-teskilati-prezidiuminin-xv-toplasuvi\\\/\"},\"wordCount\":314,\"commentCount\":0,\"publisher\":{\"@id\":\"https:\\\/\\\/qtmm.org\\\/qt\\\/#organization\"},\"image\":{\"@id\":\"https:\\\/\\\/qtmm.org\\\/qt\\\/temsil-etilmegen-halqlar-ve-milletler-teskilati-prezidiuminin-xv-toplasuvi\\\/#primaryimage\"},\"thumbnailUrl\":\"https:\\\/\\\/qtmm.org\\\/wp-content\\\/uploads\\\/2022\\\/01\\\/abd3.jpeg\",\"articleSection\":[\"Haberler\"],\"inLanguage\":\"qt\",\"potentialAction\":[{\"@type\":\"CommentAction\",\"name\":\"Comment\",\"target\":[\"https:\\\/\\\/qtmm.org\\\/qt\\\/temsil-etilmegen-halqlar-ve-milletler-teskilati-prezidiuminin-xv-toplasuvi\\\/#respond\"]}]},{\"@type\":\"WebPage\",\"@id\":\"https:\\\/\\\/qtmm.org\\\/qt\\\/temsil-etilmegen-halqlar-ve-milletler-teskilati-prezidiuminin-xv-toplasuvi\\\/\",\"url\":\"https:\\\/\\\/qtmm.org\\\/qt\\\/temsil-etilmegen-halqlar-ve-milletler-teskilati-prezidiuminin-xv-toplasuvi\\\/\",\"name\":\"Temsil etilmegen halqlar ve milletler te\u015fkil\u00e2t\u0131 Prezidium\u0131n\u0131\u00f1 XV topla\u015fuv\u0131 - \u041c\u0435\u0434\u0436\u043b\u0456\u0441\",\"isPartOf\":{\"@id\":\"https:\\\/\\\/qtmm.org\\\/qt\\\/#website\"},\"primaryImageOfPage\":{\"@id\":\"https:\\\/\\\/qtmm.org\\\/qt\\\/temsil-etilmegen-halqlar-ve-milletler-teskilati-prezidiuminin-xv-toplasuvi\\\/#primaryimage\"},\"image\":{\"@id\":\"https:\\\/\\\/qtmm.org\\\/qt\\\/temsil-etilmegen-halqlar-ve-milletler-teskilati-prezidiuminin-xv-toplasuvi\\\/#primaryimage\"},\"thumbnailUrl\":\"https:\\\/\\\/qtmm.org\\\/wp-content\\\/uploads\\\/2022\\\/01\\\/abd3.jpeg\",\"datePublished\":\"2013-07-11T12:32:00+00:00\",\"dateModified\":\"2022-01-25T12:33:43+00:00\",\"breadcrumb\":{\"@id\":\"https:\\\/\\\/qtmm.org\\\/qt\\\/temsil-etilmegen-halqlar-ve-milletler-teskilati-prezidiuminin-xv-toplasuvi\\\/#breadcrumb\"},\"inLanguage\":\"qt\",\"potentialAction\":[{\"@type\":\"ReadAction\",\"target\":[\"https:\\\/\\\/qtmm.org\\\/qt\\\/temsil-etilmegen-halqlar-ve-milletler-teskilati-prezidiuminin-xv-toplasuvi\\\/\"]}]},{\"@type\":\"ImageObject\",\"inLanguage\":\"qt\",\"@id\":\"https:\\\/\\\/qtmm.org\\\/qt\\\/temsil-etilmegen-halqlar-ve-milletler-teskilati-prezidiuminin-xv-toplasuvi\\\/#primaryimage\",\"url\":\"https:\\\/\\\/qtmm.org\\\/wp-content\\\/uploads\\\/2022\\\/01\\\/abd3.jpeg\",\"contentUrl\":\"https:\\\/\\\/qtmm.org\\\/wp-content\\\/uploads\\\/2022\\\/01\\\/abd3.jpeg\",\"width\":800,\"height\":600},{\"@type\":\"BreadcrumbList\",\"@id\":\"https:\\\/\\\/qtmm.org\\\/qt\\\/temsil-etilmegen-halqlar-ve-milletler-teskilati-prezidiuminin-xv-toplasuvi\\\/#breadcrumb\",\"itemListElement\":[{\"@type\":\"ListItem\",\"position\":1,\"name\":\"\u0413\u043e\u043b\u043e\u0432\u043d\u0430\",\"item\":\"https:\\\/\\\/qtmm.org\\\/qt\\\/\"},{\"@type\":\"ListItem\",\"position\":2,\"name\":\"Temsil etilmegen halqlar ve milletler te\u015fkil\u00e2t\u0131 Prezidium\u0131n\u0131\u00f1 XV topla\u015fuv\u0131\"}]},{\"@type\":\"WebSite\",\"@id\":\"https:\\\/\\\/qtmm.org\\\/qt\\\/#website\",\"url\":\"https:\\\/\\\/qtmm.org\\\/qt\\\/\",\"name\":\"\u041c\u0435\u0434\u0436\u043b\u0456\u0441\",\"description\":\"\",\"publisher\":{\"@id\":\"https:\\\/\\\/qtmm.org\\\/qt\\\/#organization\"},\"potentialAction\":[{\"@type\":\"SearchAction\",\"target\":{\"@type\":\"EntryPoint\",\"urlTemplate\":\"https:\\\/\\\/qtmm.org\\\/qt\\\/?s={search_term_string}\"},\"query-input\":{\"@type\":\"PropertyValueSpecification\",\"valueRequired\":true,\"valueName\":\"search_term_string\"}}],\"inLanguage\":\"qt\"},{\"@type\":\"Organization\",\"@id\":\"https:\\\/\\\/qtmm.org\\\/qt\\\/#organization\",\"name\":\"\u041c\u0435\u0434\u0436\u043b\u0456\u0441\",\"url\":\"https:\\\/\\\/qtmm.org\\\/qt\\\/\",\"logo\":{\"@type\":\"ImageObject\",\"inLanguage\":\"qt\",\"@id\":\"https:\\\/\\\/qtmm.org\\\/qt\\\/#\\\/schema\\\/logo\\\/image\\\/\",\"url\":\"https:\\\/\\\/qtmm.org\\\/wp-content\\\/uploads\\\/2024\\\/12\\\/ua-mejlis-logo-rgb.svg\",\"contentUrl\":\"https:\\\/\\\/qtmm.org\\\/wp-content\\\/uploads\\\/2024\\\/12\\\/ua-mejlis-logo-rgb.svg\",\"caption\":\"\u041c\u0435\u0434\u0436\u043b\u0456\u0441\"},\"image\":{\"@id\":\"https:\\\/\\\/qtmm.org\\\/qt\\\/#\\\/schema\\\/logo\\\/image\\\/\"},\"sameAs\":[\"https:\\\/\\\/www.facebook.com\\\/qtmm.info\\\/\"]},{\"@type\":\"Person\",\"@id\":\"https:\\\/\\\/qtmm.org\\\/qt\\\/#\\\/schema\\\/person\\\/de562469f971dec226ac06e60bbf74a7\",\"name\":\"Developer\",\"image\":{\"@type\":\"ImageObject\",\"inLanguage\":\"qt\",\"@id\":\"https:\\\/\\\/secure.gravatar.com\\\/avatar\\\/392b4cc8fbfeb00b39dfeeab4ee6edded39ffd48e25858637e4765810300227e?s=96&d=mm&r=g\",\"url\":\"https:\\\/\\\/secure.gravatar.com\\\/avatar\\\/392b4cc8fbfeb00b39dfeeab4ee6edded39ffd48e25858637e4765810300227e?s=96&d=mm&r=g\",\"contentUrl\":\"https:\\\/\\\/secure.gravatar.com\\\/avatar\\\/392b4cc8fbfeb00b39dfeeab4ee6edded39ffd48e25858637e4765810300227e?s=96&d=mm&r=g\",\"caption\":\"Developer\"},\"url\":\"https:\\\/\\\/qtmm.org\\\/qt\\\/author\\\/Developer\\\/\"}]}<\/script>\n<!-- \/ Yoast SEO plugin. -->","yoast_head_json":{"title":"Temsil etilmegen halqlar ve milletler te\u015fkil\u00e2t\u0131 Prezidium\u0131n\u0131\u00f1 XV topla\u015fuv\u0131 - \u041c\u0435\u0434\u0436\u043b\u0456\u0441","robots":{"index":"index","follow":"follow","max-snippet":"max-snippet:-1","max-image-preview":"max-image-preview:large","max-video-preview":"max-video-preview:-1"},"canonical":"https:\/\/qtmm.org\/qt\/temsil-etilmegen-halqlar-ve-milletler-teskilati-prezidiuminin-xv-toplasuvi\/","og_locale":"en_US","og_type":"article","og_title":"Temsil etilmegen halqlar ve milletler te\u015fkil\u00e2t\u0131 Prezidium\u0131n\u0131\u00f1 XV topla\u015fuv\u0131 - \u041c\u0435\u0434\u0436\u043b\u0456\u0441","og_description":"Ukrainan\u0131 Q\u0131r\u0131mtatar halq\u0131n\u0131\u00f1 \u00f6z Vatan\u0131nda aqlar\u0131n\u0131 \u011fayr\u0131dan tiklev, havfs\u0131zl\u0131\u011f\u0131n\u0131 ve inki\u015faf\u0131n\u0131 teminlev meselesi boyunca halqara forum ke\u00e7irmege \u00e7a\u011f\u0131ram\u0131z. Ukrainan\u0131\u00f1 tam\u0131r halq\u0131 ol\u011fan Q\u0131r\u0131mtatar halq\u0131 1944 senesi Sovetler birligi taraf\u0131ndan s\u00fcrg\u00fcn etilip, onlarnen y\u0131llar s\u00fcrg\u00fcnlik yerlerinde zorluqnen tutul\u011fan so\u00f1 \u00f6z Vatan\u0131na qaytt\u0131. Tarihiy Vatan\u0131na qaytqan\u0131ndan yigirmi y\u0131ldan berli q\u0131r\u0131mtatarlarn\u0131\u00f1 Q\u0131r\u0131mda aqlar\u0131n\u0131\u00f1 \u011fayr\u0131dan tiklenmegenini esapqa alaraq biz [&hellip;]","og_url":"https:\/\/qtmm.org\/qt\/temsil-etilmegen-halqlar-ve-milletler-teskilati-prezidiuminin-xv-toplasuvi\/","og_site_name":"\u041c\u0435\u0434\u0436\u043b\u0456\u0441","article_publisher":"https:\/\/www.facebook.com\/qtmm.info\/","article_published_time":"2013-07-11T12:32:00+00:00","article_modified_time":"2022-01-25T12:33:43+00:00","og_image":[{"width":800,"height":600,"url":"https:\/\/qtmm.org\/wp-content\/uploads\/2022\/01\/abd3.jpeg","type":"image\/jpeg"}],"author":"Developer","twitter_card":"summary_large_image","twitter_misc":{"Written by":"Developer","Est. reading time":"2 minutes"},"schema":{"@context":"https:\/\/schema.org","@graph":[{"@type":"Article","@id":"https:\/\/qtmm.org\/qt\/temsil-etilmegen-halqlar-ve-milletler-teskilati-prezidiuminin-xv-toplasuvi\/#article","isPartOf":{"@id":"https:\/\/qtmm.org\/qt\/temsil-etilmegen-halqlar-ve-milletler-teskilati-prezidiuminin-xv-toplasuvi\/"},"author":{"name":"Developer","@id":"https:\/\/qtmm.org\/qt\/#\/schema\/person\/de562469f971dec226ac06e60bbf74a7"},"headline":"Temsil etilmegen halqlar ve milletler te\u015fkil\u00e2t\u0131 Prezidium\u0131n\u0131\u00f1 XV topla\u015fuv\u0131","datePublished":"2013-07-11T12:32:00+00:00","dateModified":"2022-01-25T12:33:43+00:00","mainEntityOfPage":{"@id":"https:\/\/qtmm.org\/qt\/temsil-etilmegen-halqlar-ve-milletler-teskilati-prezidiuminin-xv-toplasuvi\/"},"wordCount":314,"commentCount":0,"publisher":{"@id":"https:\/\/qtmm.org\/qt\/#organization"},"image":{"@id":"https:\/\/qtmm.org\/qt\/temsil-etilmegen-halqlar-ve-milletler-teskilati-prezidiuminin-xv-toplasuvi\/#primaryimage"},"thumbnailUrl":"https:\/\/qtmm.org\/wp-content\/uploads\/2022\/01\/abd3.jpeg","articleSection":["Haberler"],"inLanguage":"qt","potentialAction":[{"@type":"CommentAction","name":"Comment","target":["https:\/\/qtmm.org\/qt\/temsil-etilmegen-halqlar-ve-milletler-teskilati-prezidiuminin-xv-toplasuvi\/#respond"]}]},{"@type":"WebPage","@id":"https:\/\/qtmm.org\/qt\/temsil-etilmegen-halqlar-ve-milletler-teskilati-prezidiuminin-xv-toplasuvi\/","url":"https:\/\/qtmm.org\/qt\/temsil-etilmegen-halqlar-ve-milletler-teskilati-prezidiuminin-xv-toplasuvi\/","name":"Temsil etilmegen halqlar ve milletler te\u015fkil\u00e2t\u0131 Prezidium\u0131n\u0131\u00f1 XV topla\u015fuv\u0131 - \u041c\u0435\u0434\u0436\u043b\u0456\u0441","isPartOf":{"@id":"https:\/\/qtmm.org\/qt\/#website"},"primaryImageOfPage":{"@id":"https:\/\/qtmm.org\/qt\/temsil-etilmegen-halqlar-ve-milletler-teskilati-prezidiuminin-xv-toplasuvi\/#primaryimage"},"image":{"@id":"https:\/\/qtmm.org\/qt\/temsil-etilmegen-halqlar-ve-milletler-teskilati-prezidiuminin-xv-toplasuvi\/#primaryimage"},"thumbnailUrl":"https:\/\/qtmm.org\/wp-content\/uploads\/2022\/01\/abd3.jpeg","datePublished":"2013-07-11T12:32:00+00:00","dateModified":"2022-01-25T12:33:43+00:00","breadcrumb":{"@id":"https:\/\/qtmm.org\/qt\/temsil-etilmegen-halqlar-ve-milletler-teskilati-prezidiuminin-xv-toplasuvi\/#breadcrumb"},"inLanguage":"qt","potentialAction":[{"@type":"ReadAction","target":["https:\/\/qtmm.org\/qt\/temsil-etilmegen-halqlar-ve-milletler-teskilati-prezidiuminin-xv-toplasuvi\/"]}]},{"@type":"ImageObject","inLanguage":"qt","@id":"https:\/\/qtmm.org\/qt\/temsil-etilmegen-halqlar-ve-milletler-teskilati-prezidiuminin-xv-toplasuvi\/#primaryimage","url":"https:\/\/qtmm.org\/wp-content\/uploads\/2022\/01\/abd3.jpeg","contentUrl":"https:\/\/qtmm.org\/wp-content\/uploads\/2022\/01\/abd3.jpeg","width":800,"height":600},{"@type":"BreadcrumbList","@id":"https:\/\/qtmm.org\/qt\/temsil-etilmegen-halqlar-ve-milletler-teskilati-prezidiuminin-xv-toplasuvi\/#breadcrumb","itemListElement":[{"@type":"ListItem","position":1,"name":"\u0413\u043e\u043b\u043e\u0432\u043d\u0430","item":"https:\/\/qtmm.org\/qt\/"},{"@type":"ListItem","position":2,"name":"Temsil etilmegen halqlar ve milletler te\u015fkil\u00e2t\u0131 Prezidium\u0131n\u0131\u00f1 XV topla\u015fuv\u0131"}]},{"@type":"WebSite","@id":"https:\/\/qtmm.org\/qt\/#website","url":"https:\/\/qtmm.org\/qt\/","name":"\u041c\u0435\u0434\u0436\u043b\u0456\u0441","description":"","publisher":{"@id":"https:\/\/qtmm.org\/qt\/#organization"},"potentialAction":[{"@type":"SearchAction","target":{"@type":"EntryPoint","urlTemplate":"https:\/\/qtmm.org\/qt\/?s={search_term_string}"},"query-input":{"@type":"PropertyValueSpecification","valueRequired":true,"valueName":"search_term_string"}}],"inLanguage":"qt"},{"@type":"Organization","@id":"https:\/\/qtmm.org\/qt\/#organization","name":"\u041c\u0435\u0434\u0436\u043b\u0456\u0441","url":"https:\/\/qtmm.org\/qt\/","logo":{"@type":"ImageObject","inLanguage":"qt","@id":"https:\/\/qtmm.org\/qt\/#\/schema\/logo\/image\/","url":"https:\/\/qtmm.org\/wp-content\/uploads\/2024\/12\/ua-mejlis-logo-rgb.svg","contentUrl":"https:\/\/qtmm.org\/wp-content\/uploads\/2024\/12\/ua-mejlis-logo-rgb.svg","caption":"\u041c\u0435\u0434\u0436\u043b\u0456\u0441"},"image":{"@id":"https:\/\/qtmm.org\/qt\/#\/schema\/logo\/image\/"},"sameAs":["https:\/\/www.facebook.com\/qtmm.info\/"]},{"@type":"Person","@id":"https:\/\/qtmm.org\/qt\/#\/schema\/person\/de562469f971dec226ac06e60bbf74a7","name":"Developer","image":{"@type":"ImageObject","inLanguage":"qt","@id":"https:\/\/secure.gravatar.com\/avatar\/392b4cc8fbfeb00b39dfeeab4ee6edded39ffd48e25858637e4765810300227e?s=96&d=mm&r=g","url":"https:\/\/secure.gravatar.com\/avatar\/392b4cc8fbfeb00b39dfeeab4ee6edded39ffd48e25858637e4765810300227e?s=96&d=mm&r=g","contentUrl":"https:\/\/secure.gravatar.com\/avatar\/392b4cc8fbfeb00b39dfeeab4ee6edded39ffd48e25858637e4765810300227e?s=96&d=mm&r=g","caption":"Developer"},"url":"https:\/\/qtmm.org\/qt\/author\/Developer\/"}]}},"_links":{"self":[{"href":"https:\/\/qtmm.org\/qt\/wp-json\/wp\/v2\/posts\/38567","targetHints":{"allow":["GET"]}}],"collection":[{"href":"https:\/\/qtmm.org\/qt\/wp-json\/wp\/v2\/posts"}],"about":[{"href":"https:\/\/qtmm.org\/qt\/wp-json\/wp\/v2\/types\/post"}],"author":[{"embeddable":true,"href":"https:\/\/qtmm.org\/qt\/wp-json\/wp\/v2\/users\/1"}],"replies":[{"embeddable":true,"href":"https:\/\/qtmm.org\/qt\/wp-json\/wp\/v2\/comments?post=38567"}],"version-history":[{"count":1,"href":"https:\/\/qtmm.org\/qt\/wp-json\/wp\/v2\/posts\/38567\/revisions"}],"predecessor-version":[{"id":38584,"href":"https:\/\/qtmm.org\/qt\/wp-json\/wp\/v2\/posts\/38567\/revisions\/38584"}],"wp:featuredmedia":[{"embeddable":true,"href":"https:\/\/qtmm.org\/qt\/wp-json\/wp\/v2\/media\/38568"}],"wp:attachment":[{"href":"https:\/\/qtmm.org\/qt\/wp-json\/wp\/v2\/media?parent=38567"}],"wp:term":[{"taxonomy":"category","embeddable":true,"href":"https:\/\/qtmm.org\/qt\/wp-json\/wp\/v2\/categories?post=38567"},{"taxonomy":"post_tag","embeddable":true,"href":"https:\/\/qtmm.org\/qt\/wp-json\/wp\/v2\/tags?post=38567"}],"curies":[{"name":"wp","href":"https:\/\/api.w.org\/{rel}","templated":true}]}}