




{"id":38529,"date":"2013-07-11T15:29:00","date_gmt":"2013-07-11T12:29:00","guid":{"rendered":"http:\/\/qtmm.org\/?p=38529"},"modified":"2022-01-25T15:32:17","modified_gmt":"2022-01-25T12:32:17","slug":"bmt-aliy-komissari-idaresi-merkeziy-ofisinin-uquq-meseleleri-boyunca-mesleatcisi-milliy-meclisni-ziyaret-etti","status":"publish","type":"post","link":"https:\/\/qtmm.org\/qt\/bmt-aliy-komissari-idaresi-merkeziy-ofisinin-uquq-meseleleri-boyunca-mesleatcisi-milliy-meclisni-ziyaret-etti\/","title":{"rendered":"BMT Aliy Komissar\u0131 \u0130daresi merkeziy ofisini\u00f1 uquq meseleleri boyunca mesleat\u00e7\u0131s\u0131 Milliy Meclisni ziyaret etti"},"content":{"rendered":"\n<p>2013 senesi iy\u00fcl 10 k\u00fcn\u00fc Meclis reisinini\u00f1 birinci muavini Refat \u00c7ubarov BMT Aliy Komissar\u0131 \u0130daresi merkeziy ofisini\u00f1 uquq meseleleri boyunca mesleat\u00e7\u0131s\u0131<br>\u0130nga \u015eturkenbum ile k\u00f6r\u00fc\u015fti.<\/p>\n\n\n\n<p>Musafirge BMT Aliy Komissar\u0131 \u0130daresi Ukrainada qa\u00e7aqlarn\u0131\u00f1 aqlar\u0131 vek\u00e2letligini\u00f1 meseleleri boyunca mesleat\u00e7\u0131s\u0131 Dmitriy Ple\u00e7ko ve &#8220;Sodeystviye&#8221; ( Yard\u0131m) \u0130nsan aqlar\u0131 vaquf\u0131n\u0131\u00f1 icra direktor\u0131 Ahtem Zeytullayev refaqatl\u0131q yapt\u0131lar.<\/p>\n\n\n\n<p>K\u00f6r\u00fc\u015f\u00fcvde Meclis taraf\u0131ndan bun\u0131\u00f1 kibi t\u0131\u015fq\u0131 al\u00e2qalar b\u00f6l\u00fcgini\u00f1 ba\u015f\u0131 Ali Hamzin ve K\u00e2tibiyet reberi Zair Smedl\u00e2yev de i\u015ftirak etip, taraflar s\u00fcrg\u00fcnlikten \u00f6z yurtuna qayt\u0131p kelgen q\u0131r\u0131mtatarlarn\u0131\u00f1 status\u0131n\u0131 belgilev protseduras\u0131na dair meseleler muzakere etildi.<\/p>\n\n\n\n<p>&#8220;Menim Ukraina\u011fa seferimni\u00f1 ba\u015f maqsad\u0131 , BMT Aliy Komissar\u0131 \u0130daresini\u00f1 ukrain ofisi vatanda\u015fl\u0131q problemlerinen ne derecede o\u011fra\u015fqan\u0131n\u0131 \u00f6grenmektir, \u00e7\u00fcnki 2013 senesi iy\u00fcn 23-te Ukrainada &#8220;Vatanda\u015fl\u0131qs\u0131z \u015fah\u0131slarn\u0131 q\u0131sqartuv aqq\u0131nda konventsiya&#8221; ve &#8220;Vatanda\u015f olma\u011fan \u015fah\u0131slarn\u0131\u00f1 status\u0131 aqq\u0131nda konventsiya&#8221; k\u00fc\u00e7ke kirdi. Bizim Q\u0131r\u0131mda orta\u011f\u0131m\u0131z \u2013 &#8220;Sodeystviye&#8221; fondud\u0131r ve men on\u0131\u00f1 vazifeleri ve aqlar\u0131 ile tan\u0131\u015f olmaq istedim, &#8211; dedi \u0130nga \u015eturkenbum. \u2013 Bun\u0131\u00f1 kibi de men Aliy Komissar idaresini\u00f1 temsilcileri vatanda\u015f olma\u011fan \u015fah\u0131slar ve s\u00fcrg\u00fcn etilgen insanlarn\u0131\u00f1 meselelerine dair vazifelerini nas\u0131l eda etkenlerine diqqat ay\u0131ram&#8221;.<\/p>\n\n\n\n<figure class=\"wp-block-image size-full\"><img loading=\"lazy\" decoding=\"async\" width=\"650\" height=\"400\" src=\"http:\/\/qtmm.org\/wp-content\/uploads\/2022\/01\/2_118.jpeg\" alt=\"\" class=\"wp-image-38534\" srcset=\"https:\/\/qtmm.org\/wp-content\/uploads\/2022\/01\/2_118.jpeg 650w, https:\/\/qtmm.org\/wp-content\/uploads\/2022\/01\/2_118-300x185.jpeg 300w\" sizes=\"auto, (max-width: 650px) 100vw, 650px\" \/><\/figure>\n\n\n\n<p>\u0130nga \u015eturkenbum ke\u00e7enlerde &#8220;Sodeystviye&#8221; fondun\u0131\u00f1 hadimlerinen tan\u0131\u015f ol\u0131p, olar k\u00fcndelik i\u015finde \u00f6z mecburiyetlerini nas\u0131l seviyede becergenlerini \u00f6grengenini qayd etti.<\/p>\n\n\n\n<p>Meclis yolba\u015f\u00e7\u0131lar\u0131na h\u0131tap eterek, musafir han\u0131m so\u00f1ki devirde \u00d6zbekistandan ve diger devletlerden q\u0131r\u0131mtatarlarn\u0131\u00f1 Q\u0131r\u0131m\u011fa qaytuv surat\u0131 ve keti\u015fat\u0131n\u0131 izaatlamaqn\u0131 rica etti.<\/p>\n\n\n\n<figure class=\"wp-block-image size-full\"><img loading=\"lazy\" decoding=\"async\" width=\"650\" height=\"450\" src=\"http:\/\/qtmm.org\/wp-content\/uploads\/2022\/01\/3_88.jpeg\" alt=\"\" class=\"wp-image-38538\" srcset=\"https:\/\/qtmm.org\/wp-content\/uploads\/2022\/01\/3_88.jpeg 650w, https:\/\/qtmm.org\/wp-content\/uploads\/2022\/01\/3_88-300x208.jpeg 300w\" sizes=\"auto, (max-width: 650px) 100vw, 650px\" \/><\/figure>\n\n\n\n<p>&#8220;BMT Aliy Komissar\u0131 idaresini\u00f1 Ukrainadaki ofisi ve on\u0131\u00f1 Q\u0131r\u0131mdaki faaliyeti, c\u00fcmleden halq\u0131m\u0131z i\u00e7\u00fcn yapqan areketleri Ukraina vatanda\u015flar\u0131 i\u00e7\u00fcn \u011fayet m\u00fcimdir, &#8211; dedi Meclis reisinini birinci muavini Refat \u00c7ubarov. \u2013 20 y\u0131l evelsi qocaman bir devlet darma-da\u011f\u0131n old\u0131. Ya\u00f1\u0131 devletler biri-birilerinen aq\u0131l tan\u0131\u015fmadan vatanda\u015fl\u0131q boyunca qanunlar\u0131 \u00f6zcesine qabul ettiler.<\/p>\n\n\n\n<p>Biz i\u00e7\u00fcn e\u00f1 m\u00fcimi ise q\u0131r\u0131mtatar halq\u0131n\u0131\u00f1 vatan\u011fa qaytmas\u0131 edi. Avdet daa devlet b\u00fct\u00fcn ol\u011fanda ba\u015flan\u0131p, on\u0131\u00f1 da\u011f\u0131lmas\u0131ndan so\u00f1 devam etti. \u0130\u015fte, qanun qabul etkenler q\u0131r\u0131mtatarlarn\u0131\u00f1 menfaatlar\u0131n\u0131 k\u00f6z \u00f6g\u00fcne almad\u0131lar. \u00d6yle bir zaman old\u0131 ki, Q\u0131r\u0131m\u011fa qaytqan 80 bi\u00f1den ziyade insan Ukraina degil de \u00d6zbekistan vatanda\u015f\u0131 olaraq ya\u015famaq zoruna qald\u0131, \u00e7\u00fcnki Ukraina vatanda\u015fl\u0131\u011f\u0131n\u0131 al\u0131p olamad\u0131lar.<\/p>\n\n\n\n<figure class=\"wp-block-image size-full\"><img loading=\"lazy\" decoding=\"async\" width=\"650\" height=\"350\" src=\"http:\/\/qtmm.org\/wp-content\/uploads\/2022\/01\/4_85.jpeg\" alt=\"\" class=\"wp-image-38542\" srcset=\"https:\/\/qtmm.org\/wp-content\/uploads\/2022\/01\/4_85.jpeg 650w, https:\/\/qtmm.org\/wp-content\/uploads\/2022\/01\/4_85-300x162.jpeg 300w\" sizes=\"auto, (max-width: 650px) 100vw, 650px\" \/><\/figure>\n\n\n\n<p>So\u00f1ra bu problemni biz \u00e7oqus\u0131 BMT Aliy Komissar\u0131 idaresini\u00f1 yard\u0131m\u0131 sayesinde al ettik&#8221;. R. \u00c7ubarovn\u0131\u00f1 qayd etkenine k\u00f6re, mezk\u00fcr meseleni\u00f1 \u00e7ezilmesini BMT Aliy Komissar\u0131 idaresini\u00f1 arac\u0131l\u0131\u011f\u0131 sayesinde Ukraina ve \u00d6zbekistan aras\u0131nda 1998-2001 seneleri devam\u0131nda \u00d6zbekistan vatanda\u015fl\u0131\u011f\u0131ndan \u00e7\u0131q\u0131p Ukraina vatanda\u015fl\u0131\u011f\u0131n\u0131 qabul et\u00fcvni\u00f1 qolayla\u015ft\u0131r\u0131lmas\u0131 aqq\u0131nda a\u00f1la\u015fma imzalanmas\u0131 temin etti.<\/p>\n\n\n\n<p>&#8220;Bizim semetde\u015flerimiz tezce Q\u0131r\u0131m\u011fa qayt\u0131p, vatanda\u015f olmalar\u0131 o\u011frunda areket etemiz, &#8220;Sodeystviye&#8221; fondu ile \u00e7al\u0131\u015fam\u0131z. Amma \u00f6yle bir meseleler bar ki, olarn\u0131 ne biz, ne de \u015fu fond \u00e7ezip ola. \u00d6zbekistan akimiyeti organlar\u0131 te\u015fkil\u00e2tlar\u0131ndan cevap almaq pek zor. Baz\u0131da bir mesele boyunca defalarca yazma\u011fa mecbur olam\u0131z&#8221;.<\/p>\n\n\n\n<figure class=\"wp-block-image size-full\"><img loading=\"lazy\" decoding=\"async\" width=\"650\" height=\"400\" src=\"http:\/\/qtmm.org\/wp-content\/uploads\/2022\/01\/5_49.jpeg\" alt=\"\" class=\"wp-image-38546\" srcset=\"https:\/\/qtmm.org\/wp-content\/uploads\/2022\/01\/5_49.jpeg 650w, https:\/\/qtmm.org\/wp-content\/uploads\/2022\/01\/5_49-300x185.jpeg 300w\" sizes=\"auto, (max-width: 650px) 100vw, 650px\" \/><\/figure>\n\n\n\n<p>R.\u00c7ubarov BMT Aliy Komissar\u0131 \u0130daresini\u00f1 hadimine bug\u00fcnde-bug\u00fcn \u00d6zbekistanda 8-120 bi\u00f1 civar\u0131nda q\u0131r\u0131mtatar\u0131 ya\u015fap, \u015fulardan 1,5 bi\u00f1i Ukraina vatanda\u015fl\u0131\u011f\u0131n\u0131 qabul etkenlerini bildirdi. BMT Aliy Komissar\u0131 \u0130daresi hadimini\u00f1 &#8220;\u00d6zbekistandan qaytmaqta ol\u011fanlarn\u0131\u00f1 raqamlar\u0131 aras\u0131nda b\u00f6yle b\u00fcy\u00fck farqn\u0131\u00f1 sebebi nede, bug\u00fcn bu ceryan\u011fa mania barm\u0131?&#8221; sualine Refat \u00c7ubarov q\u0131r\u0131mtatarlarn\u0131\u00f1 \u00f6z yurtlar\u0131na qaytmalar\u0131na veder etken sebeplerden birisi iqtisadiy imk\u00e2nlar\u0131n\u0131\u00f1 olma\u011fan\u0131d\u0131r, dedi.<\/p>\n\n\n\n<p>&#8220;Adamlar \u00d6zbekistanda evlerini sat\u0131p olamaylar ki, m\u0131nda o paralardan faydalans\u0131nlar. Ebet, ba\u015fqa sebepler de bar, amma Ukrainada yerle\u015fmek iqtisadiy ceetten baya\u011f\u0131 zor&#8221;, &#8211; dep qayd etti Meclis reisini\u00f1 birinci muavini.<\/p>\n\n\n\n<figure class=\"wp-block-image size-full\"><img loading=\"lazy\" decoding=\"async\" width=\"650\" height=\"400\" src=\"http:\/\/qtmm.org\/wp-content\/uploads\/2022\/01\/6_35.jpeg\" alt=\"\" class=\"wp-image-38550\" srcset=\"https:\/\/qtmm.org\/wp-content\/uploads\/2022\/01\/6_35.jpeg 650w, https:\/\/qtmm.org\/wp-content\/uploads\/2022\/01\/6_35-300x185.jpeg 300w\" sizes=\"auto, (max-width: 650px) 100vw, 650px\" \/><\/figure>\n\n\n\n<p>T\u0131\u015fq\u0131 al\u00e2qalar b\u00f6l\u00fcgini\u00f1 ba\u015f\u0131 2006 senesinden berli q\u0131r\u0131mtatarlarn\u0131\u00f1 qaytmas\u0131 baya\u011f\u0131 m\u00fcrekkeple\u015fkenini bildirdi. \u00c7\u00fcnki Ukraina te\u015febb\u00fcs k\u00f6sterip, \u00d6zbekistan \u0130\u00e7ki \u0130\u015fler nazirliginden Q\u0131r\u0131m\u011fa qaytayatqan q\u0131r\u0131mtatarlar\u011fa faqat Ukrainan\u0131\u00f1 \u00d6zbekistandaki El\u00e7ihanesinde resmiyle\u015ftirilgen izini ol\u011fan so\u00f1 k\u00f6\u00e7mege ruhset bermekni resmiy s\u00fcrette talap etti. \u0130nga \u015eturkenbum\u011fa Ukrainan\u0131\u00f1 \u00d6zbekistandaki El\u00e7iligi notas\u0131n\u0131\u00f1 kopiyas\u0131 berildi. Ali Hamzin ukrain akimlerini\u00f1 bu areketi qanuns\u0131z ol\u011fan\u0131n\u0131 ve Ukrainan\u0131\u00f1 kendi qanunlar\u0131na uyma\u011fan\u0131n\u0131 qayd etti. Ukrainan\u0131\u00f1 &#8220;\u0130mmigratsiya aqq\u0131nda&#8221; Qanun\u0131 (1 p. 6-nc\u0131 madde) Ukrainada bulun\u011fan yabanc\u0131 \u015fah\u0131slar\u011fa, vatanda\u015f olma\u011fan insanlar\u011fa k\u00f6\u00e7mege izin ber\u00fcvni\u00f1 ekinci variant\u0131 da ol\u0131p, o az masrafs\u0131z ve yengildir, dedi A. Hamzin ve 2000 senesinden berli q\u0131r\u0131mtatarlarn\u0131\u00f1 qaytuv\u0131 tafsil\u00e2tl\u0131ca talil etilmek kerekligini de qo\u015ft\u0131.<\/p>\n\n\n\n<figure class=\"wp-block-image size-full\"><img loading=\"lazy\" decoding=\"async\" width=\"650\" height=\"400\" src=\"http:\/\/qtmm.org\/wp-content\/uploads\/2022\/01\/7_15.jpeg\" alt=\"\" class=\"wp-image-38554\" srcset=\"https:\/\/qtmm.org\/wp-content\/uploads\/2022\/01\/7_15.jpeg 650w, https:\/\/qtmm.org\/wp-content\/uploads\/2022\/01\/7_15-300x185.jpeg 300w\" sizes=\"auto, (max-width: 650px) 100vw, 650px\" \/><\/figure>\n\n\n\n<p>Subet devam\u0131nda Refat \u00c7ubarov \u015fun\u0131 eminliknen qayd etti ki, halqara te\u015fkil\u00e2tlarn\u0131\u00f1 Ukraina\u011fa mera\u011f\u0131 artqan\u0131 Ukraina Avropa Birligi ile assotsiatsiya qurmaq aqq\u0131nda a\u00f1la\u015fma imzalama\u011fa az\u0131rlan\u011fan\u0131nen ba\u011fl\u0131d\u0131r.<\/p>\n\n\n\n<figure class=\"wp-block-image size-full\"><img loading=\"lazy\" decoding=\"async\" width=\"650\" height=\"400\" src=\"http:\/\/qtmm.org\/wp-content\/uploads\/2022\/01\/8_13.jpeg\" alt=\"\" class=\"wp-image-38558\" srcset=\"https:\/\/qtmm.org\/wp-content\/uploads\/2022\/01\/8_13.jpeg 650w, https:\/\/qtmm.org\/wp-content\/uploads\/2022\/01\/8_13-300x185.jpeg 300w\" sizes=\"auto, (max-width: 650px) 100vw, 650px\" \/><\/figure>\n\n\n\n<p>&#8220;Bug\u00fcn Ukraina mustaqil devlet s\u0131fat\u0131nda Avropa cemiyetini\u00f1 azas\u0131 olma\u011fa az\u0131rlana ve mencesine bir \u00e7oq halqara te\u015fkil\u00e2tlar Ukrainan\u0131\u00f1 areketlerini k\u00f6zete ve q\u0131ymet keseler, &#8211; dedi \u00c7ubarov. \u2013 Bu k\u00f6zet\u00fcvni\u00f1 esas mevzular\u0131ndan biri q\u0131r\u0131mtatarlarn\u0131\u00f1 avdeti ve meselelerini\u00f1 \u00e7ezilmesidir&#8221;.<\/p>\n\n\n\n<figure class=\"wp-block-image size-full\"><img loading=\"lazy\" decoding=\"async\" width=\"650\" height=\"400\" src=\"http:\/\/qtmm.org\/wp-content\/uploads\/2022\/01\/9_8.jpeg\" alt=\"\" class=\"wp-image-38562\" srcset=\"https:\/\/qtmm.org\/wp-content\/uploads\/2022\/01\/9_8.jpeg 650w, https:\/\/qtmm.org\/wp-content\/uploads\/2022\/01\/9_8-300x185.jpeg 300w\" sizes=\"auto, (max-width: 650px) 100vw, 650px\" \/><\/figure>\n\n\n\n<p>Mecliste ol\u0131p ke\u00e7ken k\u00f6r\u00fc\u015f\u00fcvden so\u00f1 \u0130nga \u015eturkenbum han\u0131m ve yan\u0131nda bulun\u011fan arqada\u015flar\u0131, \u015fu c\u00fcmleden Zair Smedl\u00e2yev ve Ali Hamzin, &#8220;naraz\u0131l\u0131q tarlalar\u0131nda&#8221; tur\u011fan q\u0131r\u0131mtatarlarn\u0131 yoqlad\u0131lar, ke\u00e7ken as\u0131rn\u0131\u00f1 90-nc\u0131 y\u0131llar\u0131nda qurul\u011fan q\u0131r\u0131mtatar qasabalar\u0131n\u0131 ziyaret ettiler.<\/p>\n\n\n\n<p class=\"has-text-align-right\"><em><strong>Meclis matbuat h\u0131zmeti ve&nbsp;<a href=\"http:\/\/qha.com.ua\/\" target=\"_blank\" rel=\"noreferrer noopener\">QHA<\/a>&nbsp;fotolar\u0131.<\/strong><\/em><\/p>\n","protected":false},"excerpt":{"rendered":"<p>2013 senesi iy\u00fcl 10 k\u00fcn\u00fc Meclis reisinini\u00f1 birinci muavini Refat \u00c7ubarov BMT Aliy Komissar\u0131 \u0130daresi merkeziy ofisini\u00f1 uquq meseleleri boyunca mesleat\u00e7\u0131s\u0131\u0130nga \u015eturkenbum ile k\u00f6r\u00fc\u015fti. Musafirge BMT Aliy Komissar\u0131 \u0130daresi Ukrainada qa\u00e7aqlarn\u0131\u00f1 aqlar\u0131 vek\u00e2letligini\u00f1 meseleleri boyunca mesleat\u00e7\u0131s\u0131 Dmitriy Ple\u00e7ko ve &#8220;Sodeystviye&#8221; ( Yard\u0131m) \u0130nsan aqlar\u0131 vaquf\u0131n\u0131\u00f1 icra direktor\u0131 Ahtem Zeytullayev refaqatl\u0131q yapt\u0131lar. K\u00f6r\u00fc\u015f\u00fcvde Meclis taraf\u0131ndan bun\u0131\u00f1 [&hellip;]<\/p>\n","protected":false},"author":1,"featured_media":38530,"comment_status":"open","ping_status":"open","sticky":false,"template":"","format":"standard","meta":{"inline_featured_image":false,"footnotes":""},"categories":[265],"tags":[],"class_list":["post-38529","post","type-post","status-publish","format-standard","has-post-thumbnail","hentry","category-haberler"],"acf":[],"yoast_head":"<!-- This site is optimized with the Yoast SEO plugin v27.4 - https:\/\/yoast.com\/product\/yoast-seo-wordpress\/ -->\n<title>BMT Aliy Komissar\u0131 \u0130daresi merkeziy ofisini\u00f1 uquq meseleleri boyunca mesleat\u00e7\u0131s\u0131 Milliy Meclisni ziyaret etti - \u041c\u0435\u0434\u0436\u043b\u0456\u0441<\/title>\n<meta name=\"robots\" content=\"index, follow, max-snippet:-1, max-image-preview:large, max-video-preview:-1\" \/>\n<link rel=\"canonical\" href=\"https:\/\/qtmm.org\/qt\/bmt-aliy-komissari-idaresi-merkeziy-ofisinin-uquq-meseleleri-boyunca-mesleatcisi-milliy-meclisni-ziyaret-etti\/\" \/>\n<meta property=\"og:locale\" content=\"en_US\" \/>\n<meta property=\"og:type\" content=\"article\" \/>\n<meta property=\"og:title\" content=\"BMT Aliy Komissar\u0131 \u0130daresi merkeziy ofisini\u00f1 uquq meseleleri boyunca mesleat\u00e7\u0131s\u0131 Milliy Meclisni ziyaret etti - \u041c\u0435\u0434\u0436\u043b\u0456\u0441\" \/>\n<meta property=\"og:description\" content=\"2013 senesi iy\u00fcl 10 k\u00fcn\u00fc Meclis reisinini\u00f1 birinci muavini Refat \u00c7ubarov BMT Aliy Komissar\u0131 \u0130daresi merkeziy ofisini\u00f1 uquq meseleleri boyunca mesleat\u00e7\u0131s\u0131\u0130nga \u015eturkenbum ile k\u00f6r\u00fc\u015fti. Musafirge BMT Aliy Komissar\u0131 \u0130daresi Ukrainada qa\u00e7aqlarn\u0131\u00f1 aqlar\u0131 vek\u00e2letligini\u00f1 meseleleri boyunca mesleat\u00e7\u0131s\u0131 Dmitriy Ple\u00e7ko ve &#8220;Sodeystviye&#8221; ( Yard\u0131m) \u0130nsan aqlar\u0131 vaquf\u0131n\u0131\u00f1 icra direktor\u0131 Ahtem Zeytullayev refaqatl\u0131q yapt\u0131lar. K\u00f6r\u00fc\u015f\u00fcvde Meclis taraf\u0131ndan bun\u0131\u00f1 [&hellip;]\" \/>\n<meta property=\"og:url\" content=\"https:\/\/qtmm.org\/qt\/bmt-aliy-komissari-idaresi-merkeziy-ofisinin-uquq-meseleleri-boyunca-mesleatcisi-milliy-meclisni-ziyaret-etti\/\" \/>\n<meta property=\"og:site_name\" content=\"\u041c\u0435\u0434\u0436\u043b\u0456\u0441\" \/>\n<meta property=\"article:publisher\" content=\"https:\/\/www.facebook.com\/qtmm.info\/\" \/>\n<meta property=\"article:published_time\" content=\"2013-07-11T12:29:00+00:00\" \/>\n<meta property=\"article:modified_time\" content=\"2022-01-25T12:32:17+00:00\" \/>\n<meta property=\"og:image\" content=\"https:\/\/qtmm.org\/wp-content\/uploads\/2022\/01\/1_119.jpeg\" \/>\n\t<meta property=\"og:image:width\" content=\"650\" \/>\n\t<meta property=\"og:image:height\" content=\"440\" \/>\n\t<meta property=\"og:image:type\" content=\"image\/jpeg\" \/>\n<meta name=\"author\" content=\"Developer\" \/>\n<meta name=\"twitter:card\" content=\"summary_large_image\" \/>\n<meta name=\"twitter:label1\" content=\"Written by\" \/>\n\t<meta name=\"twitter:data1\" content=\"Developer\" \/>\n\t<meta name=\"twitter:label2\" content=\"Est. reading time\" \/>\n\t<meta name=\"twitter:data2\" content=\"5 minutes\" \/>\n<script type=\"application\/ld+json\" class=\"yoast-schema-graph\">{\"@context\":\"https:\\\/\\\/schema.org\",\"@graph\":[{\"@type\":\"Article\",\"@id\":\"https:\\\/\\\/qtmm.org\\\/qt\\\/bmt-aliy-komissari-idaresi-merkeziy-ofisinin-uquq-meseleleri-boyunca-mesleatcisi-milliy-meclisni-ziyaret-etti\\\/#article\",\"isPartOf\":{\"@id\":\"https:\\\/\\\/qtmm.org\\\/qt\\\/bmt-aliy-komissari-idaresi-merkeziy-ofisinin-uquq-meseleleri-boyunca-mesleatcisi-milliy-meclisni-ziyaret-etti\\\/\"},\"author\":{\"name\":\"Developer\",\"@id\":\"https:\\\/\\\/qtmm.org\\\/qt\\\/#\\\/schema\\\/person\\\/de562469f971dec226ac06e60bbf74a7\"},\"headline\":\"BMT Aliy Komissar\u0131 \u0130daresi merkeziy ofisini\u00f1 uquq meseleleri boyunca mesleat\u00e7\u0131s\u0131 Milliy Meclisni ziyaret etti\",\"datePublished\":\"2013-07-11T12:29:00+00:00\",\"dateModified\":\"2022-01-25T12:32:17+00:00\",\"mainEntityOfPage\":{\"@id\":\"https:\\\/\\\/qtmm.org\\\/qt\\\/bmt-aliy-komissari-idaresi-merkeziy-ofisinin-uquq-meseleleri-boyunca-mesleatcisi-milliy-meclisni-ziyaret-etti\\\/\"},\"wordCount\":975,\"commentCount\":0,\"publisher\":{\"@id\":\"https:\\\/\\\/qtmm.org\\\/qt\\\/#organization\"},\"image\":{\"@id\":\"https:\\\/\\\/qtmm.org\\\/qt\\\/bmt-aliy-komissari-idaresi-merkeziy-ofisinin-uquq-meseleleri-boyunca-mesleatcisi-milliy-meclisni-ziyaret-etti\\\/#primaryimage\"},\"thumbnailUrl\":\"https:\\\/\\\/qtmm.org\\\/wp-content\\\/uploads\\\/2022\\\/01\\\/1_119.jpeg\",\"articleSection\":[\"Haberler\"],\"inLanguage\":\"qt\",\"potentialAction\":[{\"@type\":\"CommentAction\",\"name\":\"Comment\",\"target\":[\"https:\\\/\\\/qtmm.org\\\/qt\\\/bmt-aliy-komissari-idaresi-merkeziy-ofisinin-uquq-meseleleri-boyunca-mesleatcisi-milliy-meclisni-ziyaret-etti\\\/#respond\"]}]},{\"@type\":\"WebPage\",\"@id\":\"https:\\\/\\\/qtmm.org\\\/qt\\\/bmt-aliy-komissari-idaresi-merkeziy-ofisinin-uquq-meseleleri-boyunca-mesleatcisi-milliy-meclisni-ziyaret-etti\\\/\",\"url\":\"https:\\\/\\\/qtmm.org\\\/qt\\\/bmt-aliy-komissari-idaresi-merkeziy-ofisinin-uquq-meseleleri-boyunca-mesleatcisi-milliy-meclisni-ziyaret-etti\\\/\",\"name\":\"BMT Aliy Komissar\u0131 \u0130daresi merkeziy ofisini\u00f1 uquq meseleleri boyunca mesleat\u00e7\u0131s\u0131 Milliy Meclisni ziyaret etti - \u041c\u0435\u0434\u0436\u043b\u0456\u0441\",\"isPartOf\":{\"@id\":\"https:\\\/\\\/qtmm.org\\\/qt\\\/#website\"},\"primaryImageOfPage\":{\"@id\":\"https:\\\/\\\/qtmm.org\\\/qt\\\/bmt-aliy-komissari-idaresi-merkeziy-ofisinin-uquq-meseleleri-boyunca-mesleatcisi-milliy-meclisni-ziyaret-etti\\\/#primaryimage\"},\"image\":{\"@id\":\"https:\\\/\\\/qtmm.org\\\/qt\\\/bmt-aliy-komissari-idaresi-merkeziy-ofisinin-uquq-meseleleri-boyunca-mesleatcisi-milliy-meclisni-ziyaret-etti\\\/#primaryimage\"},\"thumbnailUrl\":\"https:\\\/\\\/qtmm.org\\\/wp-content\\\/uploads\\\/2022\\\/01\\\/1_119.jpeg\",\"datePublished\":\"2013-07-11T12:29:00+00:00\",\"dateModified\":\"2022-01-25T12:32:17+00:00\",\"breadcrumb\":{\"@id\":\"https:\\\/\\\/qtmm.org\\\/qt\\\/bmt-aliy-komissari-idaresi-merkeziy-ofisinin-uquq-meseleleri-boyunca-mesleatcisi-milliy-meclisni-ziyaret-etti\\\/#breadcrumb\"},\"inLanguage\":\"qt\",\"potentialAction\":[{\"@type\":\"ReadAction\",\"target\":[\"https:\\\/\\\/qtmm.org\\\/qt\\\/bmt-aliy-komissari-idaresi-merkeziy-ofisinin-uquq-meseleleri-boyunca-mesleatcisi-milliy-meclisni-ziyaret-etti\\\/\"]}]},{\"@type\":\"ImageObject\",\"inLanguage\":\"qt\",\"@id\":\"https:\\\/\\\/qtmm.org\\\/qt\\\/bmt-aliy-komissari-idaresi-merkeziy-ofisinin-uquq-meseleleri-boyunca-mesleatcisi-milliy-meclisni-ziyaret-etti\\\/#primaryimage\",\"url\":\"https:\\\/\\\/qtmm.org\\\/wp-content\\\/uploads\\\/2022\\\/01\\\/1_119.jpeg\",\"contentUrl\":\"https:\\\/\\\/qtmm.org\\\/wp-content\\\/uploads\\\/2022\\\/01\\\/1_119.jpeg\",\"width\":650,\"height\":440},{\"@type\":\"BreadcrumbList\",\"@id\":\"https:\\\/\\\/qtmm.org\\\/qt\\\/bmt-aliy-komissari-idaresi-merkeziy-ofisinin-uquq-meseleleri-boyunca-mesleatcisi-milliy-meclisni-ziyaret-etti\\\/#breadcrumb\",\"itemListElement\":[{\"@type\":\"ListItem\",\"position\":1,\"name\":\"\u0413\u043e\u043b\u043e\u0432\u043d\u0430\",\"item\":\"https:\\\/\\\/qtmm.org\\\/qt\\\/\"},{\"@type\":\"ListItem\",\"position\":2,\"name\":\"BMT Aliy Komissar\u0131 \u0130daresi merkeziy ofisini\u00f1 uquq meseleleri boyunca mesleat\u00e7\u0131s\u0131 Milliy Meclisni ziyaret etti\"}]},{\"@type\":\"WebSite\",\"@id\":\"https:\\\/\\\/qtmm.org\\\/qt\\\/#website\",\"url\":\"https:\\\/\\\/qtmm.org\\\/qt\\\/\",\"name\":\"\u041c\u0435\u0434\u0436\u043b\u0456\u0441\",\"description\":\"\",\"publisher\":{\"@id\":\"https:\\\/\\\/qtmm.org\\\/qt\\\/#organization\"},\"potentialAction\":[{\"@type\":\"SearchAction\",\"target\":{\"@type\":\"EntryPoint\",\"urlTemplate\":\"https:\\\/\\\/qtmm.org\\\/qt\\\/?s={search_term_string}\"},\"query-input\":{\"@type\":\"PropertyValueSpecification\",\"valueRequired\":true,\"valueName\":\"search_term_string\"}}],\"inLanguage\":\"qt\"},{\"@type\":\"Organization\",\"@id\":\"https:\\\/\\\/qtmm.org\\\/qt\\\/#organization\",\"name\":\"\u041c\u0435\u0434\u0436\u043b\u0456\u0441\",\"url\":\"https:\\\/\\\/qtmm.org\\\/qt\\\/\",\"logo\":{\"@type\":\"ImageObject\",\"inLanguage\":\"qt\",\"@id\":\"https:\\\/\\\/qtmm.org\\\/qt\\\/#\\\/schema\\\/logo\\\/image\\\/\",\"url\":\"https:\\\/\\\/qtmm.org\\\/wp-content\\\/uploads\\\/2024\\\/12\\\/ua-mejlis-logo-rgb.svg\",\"contentUrl\":\"https:\\\/\\\/qtmm.org\\\/wp-content\\\/uploads\\\/2024\\\/12\\\/ua-mejlis-logo-rgb.svg\",\"caption\":\"\u041c\u0435\u0434\u0436\u043b\u0456\u0441\"},\"image\":{\"@id\":\"https:\\\/\\\/qtmm.org\\\/qt\\\/#\\\/schema\\\/logo\\\/image\\\/\"},\"sameAs\":[\"https:\\\/\\\/www.facebook.com\\\/qtmm.info\\\/\"]},{\"@type\":\"Person\",\"@id\":\"https:\\\/\\\/qtmm.org\\\/qt\\\/#\\\/schema\\\/person\\\/de562469f971dec226ac06e60bbf74a7\",\"name\":\"Developer\",\"image\":{\"@type\":\"ImageObject\",\"inLanguage\":\"qt\",\"@id\":\"https:\\\/\\\/secure.gravatar.com\\\/avatar\\\/392b4cc8fbfeb00b39dfeeab4ee6edded39ffd48e25858637e4765810300227e?s=96&d=mm&r=g\",\"url\":\"https:\\\/\\\/secure.gravatar.com\\\/avatar\\\/392b4cc8fbfeb00b39dfeeab4ee6edded39ffd48e25858637e4765810300227e?s=96&d=mm&r=g\",\"contentUrl\":\"https:\\\/\\\/secure.gravatar.com\\\/avatar\\\/392b4cc8fbfeb00b39dfeeab4ee6edded39ffd48e25858637e4765810300227e?s=96&d=mm&r=g\",\"caption\":\"Developer\"},\"url\":\"https:\\\/\\\/qtmm.org\\\/qt\\\/author\\\/Developer\\\/\"}]}<\/script>\n<!-- \/ Yoast SEO plugin. -->","yoast_head_json":{"title":"BMT Aliy Komissar\u0131 \u0130daresi merkeziy ofisini\u00f1 uquq meseleleri boyunca mesleat\u00e7\u0131s\u0131 Milliy Meclisni ziyaret etti - \u041c\u0435\u0434\u0436\u043b\u0456\u0441","robots":{"index":"index","follow":"follow","max-snippet":"max-snippet:-1","max-image-preview":"max-image-preview:large","max-video-preview":"max-video-preview:-1"},"canonical":"https:\/\/qtmm.org\/qt\/bmt-aliy-komissari-idaresi-merkeziy-ofisinin-uquq-meseleleri-boyunca-mesleatcisi-milliy-meclisni-ziyaret-etti\/","og_locale":"en_US","og_type":"article","og_title":"BMT Aliy Komissar\u0131 \u0130daresi merkeziy ofisini\u00f1 uquq meseleleri boyunca mesleat\u00e7\u0131s\u0131 Milliy Meclisni ziyaret etti - \u041c\u0435\u0434\u0436\u043b\u0456\u0441","og_description":"2013 senesi iy\u00fcl 10 k\u00fcn\u00fc Meclis reisinini\u00f1 birinci muavini Refat \u00c7ubarov BMT Aliy Komissar\u0131 \u0130daresi merkeziy ofisini\u00f1 uquq meseleleri boyunca mesleat\u00e7\u0131s\u0131\u0130nga \u015eturkenbum ile k\u00f6r\u00fc\u015fti. Musafirge BMT Aliy Komissar\u0131 \u0130daresi Ukrainada qa\u00e7aqlarn\u0131\u00f1 aqlar\u0131 vek\u00e2letligini\u00f1 meseleleri boyunca mesleat\u00e7\u0131s\u0131 Dmitriy Ple\u00e7ko ve &#8220;Sodeystviye&#8221; ( Yard\u0131m) \u0130nsan aqlar\u0131 vaquf\u0131n\u0131\u00f1 icra direktor\u0131 Ahtem Zeytullayev refaqatl\u0131q yapt\u0131lar. K\u00f6r\u00fc\u015f\u00fcvde Meclis taraf\u0131ndan bun\u0131\u00f1 [&hellip;]","og_url":"https:\/\/qtmm.org\/qt\/bmt-aliy-komissari-idaresi-merkeziy-ofisinin-uquq-meseleleri-boyunca-mesleatcisi-milliy-meclisni-ziyaret-etti\/","og_site_name":"\u041c\u0435\u0434\u0436\u043b\u0456\u0441","article_publisher":"https:\/\/www.facebook.com\/qtmm.info\/","article_published_time":"2013-07-11T12:29:00+00:00","article_modified_time":"2022-01-25T12:32:17+00:00","og_image":[{"width":650,"height":440,"url":"https:\/\/qtmm.org\/wp-content\/uploads\/2022\/01\/1_119.jpeg","type":"image\/jpeg"}],"author":"Developer","twitter_card":"summary_large_image","twitter_misc":{"Written by":"Developer","Est. reading time":"5 minutes"},"schema":{"@context":"https:\/\/schema.org","@graph":[{"@type":"Article","@id":"https:\/\/qtmm.org\/qt\/bmt-aliy-komissari-idaresi-merkeziy-ofisinin-uquq-meseleleri-boyunca-mesleatcisi-milliy-meclisni-ziyaret-etti\/#article","isPartOf":{"@id":"https:\/\/qtmm.org\/qt\/bmt-aliy-komissari-idaresi-merkeziy-ofisinin-uquq-meseleleri-boyunca-mesleatcisi-milliy-meclisni-ziyaret-etti\/"},"author":{"name":"Developer","@id":"https:\/\/qtmm.org\/qt\/#\/schema\/person\/de562469f971dec226ac06e60bbf74a7"},"headline":"BMT Aliy Komissar\u0131 \u0130daresi merkeziy ofisini\u00f1 uquq meseleleri boyunca mesleat\u00e7\u0131s\u0131 Milliy Meclisni ziyaret etti","datePublished":"2013-07-11T12:29:00+00:00","dateModified":"2022-01-25T12:32:17+00:00","mainEntityOfPage":{"@id":"https:\/\/qtmm.org\/qt\/bmt-aliy-komissari-idaresi-merkeziy-ofisinin-uquq-meseleleri-boyunca-mesleatcisi-milliy-meclisni-ziyaret-etti\/"},"wordCount":975,"commentCount":0,"publisher":{"@id":"https:\/\/qtmm.org\/qt\/#organization"},"image":{"@id":"https:\/\/qtmm.org\/qt\/bmt-aliy-komissari-idaresi-merkeziy-ofisinin-uquq-meseleleri-boyunca-mesleatcisi-milliy-meclisni-ziyaret-etti\/#primaryimage"},"thumbnailUrl":"https:\/\/qtmm.org\/wp-content\/uploads\/2022\/01\/1_119.jpeg","articleSection":["Haberler"],"inLanguage":"qt","potentialAction":[{"@type":"CommentAction","name":"Comment","target":["https:\/\/qtmm.org\/qt\/bmt-aliy-komissari-idaresi-merkeziy-ofisinin-uquq-meseleleri-boyunca-mesleatcisi-milliy-meclisni-ziyaret-etti\/#respond"]}]},{"@type":"WebPage","@id":"https:\/\/qtmm.org\/qt\/bmt-aliy-komissari-idaresi-merkeziy-ofisinin-uquq-meseleleri-boyunca-mesleatcisi-milliy-meclisni-ziyaret-etti\/","url":"https:\/\/qtmm.org\/qt\/bmt-aliy-komissari-idaresi-merkeziy-ofisinin-uquq-meseleleri-boyunca-mesleatcisi-milliy-meclisni-ziyaret-etti\/","name":"BMT Aliy Komissar\u0131 \u0130daresi merkeziy ofisini\u00f1 uquq meseleleri boyunca mesleat\u00e7\u0131s\u0131 Milliy Meclisni ziyaret etti - \u041c\u0435\u0434\u0436\u043b\u0456\u0441","isPartOf":{"@id":"https:\/\/qtmm.org\/qt\/#website"},"primaryImageOfPage":{"@id":"https:\/\/qtmm.org\/qt\/bmt-aliy-komissari-idaresi-merkeziy-ofisinin-uquq-meseleleri-boyunca-mesleatcisi-milliy-meclisni-ziyaret-etti\/#primaryimage"},"image":{"@id":"https:\/\/qtmm.org\/qt\/bmt-aliy-komissari-idaresi-merkeziy-ofisinin-uquq-meseleleri-boyunca-mesleatcisi-milliy-meclisni-ziyaret-etti\/#primaryimage"},"thumbnailUrl":"https:\/\/qtmm.org\/wp-content\/uploads\/2022\/01\/1_119.jpeg","datePublished":"2013-07-11T12:29:00+00:00","dateModified":"2022-01-25T12:32:17+00:00","breadcrumb":{"@id":"https:\/\/qtmm.org\/qt\/bmt-aliy-komissari-idaresi-merkeziy-ofisinin-uquq-meseleleri-boyunca-mesleatcisi-milliy-meclisni-ziyaret-etti\/#breadcrumb"},"inLanguage":"qt","potentialAction":[{"@type":"ReadAction","target":["https:\/\/qtmm.org\/qt\/bmt-aliy-komissari-idaresi-merkeziy-ofisinin-uquq-meseleleri-boyunca-mesleatcisi-milliy-meclisni-ziyaret-etti\/"]}]},{"@type":"ImageObject","inLanguage":"qt","@id":"https:\/\/qtmm.org\/qt\/bmt-aliy-komissari-idaresi-merkeziy-ofisinin-uquq-meseleleri-boyunca-mesleatcisi-milliy-meclisni-ziyaret-etti\/#primaryimage","url":"https:\/\/qtmm.org\/wp-content\/uploads\/2022\/01\/1_119.jpeg","contentUrl":"https:\/\/qtmm.org\/wp-content\/uploads\/2022\/01\/1_119.jpeg","width":650,"height":440},{"@type":"BreadcrumbList","@id":"https:\/\/qtmm.org\/qt\/bmt-aliy-komissari-idaresi-merkeziy-ofisinin-uquq-meseleleri-boyunca-mesleatcisi-milliy-meclisni-ziyaret-etti\/#breadcrumb","itemListElement":[{"@type":"ListItem","position":1,"name":"\u0413\u043e\u043b\u043e\u0432\u043d\u0430","item":"https:\/\/qtmm.org\/qt\/"},{"@type":"ListItem","position":2,"name":"BMT Aliy Komissar\u0131 \u0130daresi merkeziy ofisini\u00f1 uquq meseleleri boyunca mesleat\u00e7\u0131s\u0131 Milliy Meclisni ziyaret etti"}]},{"@type":"WebSite","@id":"https:\/\/qtmm.org\/qt\/#website","url":"https:\/\/qtmm.org\/qt\/","name":"\u041c\u0435\u0434\u0436\u043b\u0456\u0441","description":"","publisher":{"@id":"https:\/\/qtmm.org\/qt\/#organization"},"potentialAction":[{"@type":"SearchAction","target":{"@type":"EntryPoint","urlTemplate":"https:\/\/qtmm.org\/qt\/?s={search_term_string}"},"query-input":{"@type":"PropertyValueSpecification","valueRequired":true,"valueName":"search_term_string"}}],"inLanguage":"qt"},{"@type":"Organization","@id":"https:\/\/qtmm.org\/qt\/#organization","name":"\u041c\u0435\u0434\u0436\u043b\u0456\u0441","url":"https:\/\/qtmm.org\/qt\/","logo":{"@type":"ImageObject","inLanguage":"qt","@id":"https:\/\/qtmm.org\/qt\/#\/schema\/logo\/image\/","url":"https:\/\/qtmm.org\/wp-content\/uploads\/2024\/12\/ua-mejlis-logo-rgb.svg","contentUrl":"https:\/\/qtmm.org\/wp-content\/uploads\/2024\/12\/ua-mejlis-logo-rgb.svg","caption":"\u041c\u0435\u0434\u0436\u043b\u0456\u0441"},"image":{"@id":"https:\/\/qtmm.org\/qt\/#\/schema\/logo\/image\/"},"sameAs":["https:\/\/www.facebook.com\/qtmm.info\/"]},{"@type":"Person","@id":"https:\/\/qtmm.org\/qt\/#\/schema\/person\/de562469f971dec226ac06e60bbf74a7","name":"Developer","image":{"@type":"ImageObject","inLanguage":"qt","@id":"https:\/\/secure.gravatar.com\/avatar\/392b4cc8fbfeb00b39dfeeab4ee6edded39ffd48e25858637e4765810300227e?s=96&d=mm&r=g","url":"https:\/\/secure.gravatar.com\/avatar\/392b4cc8fbfeb00b39dfeeab4ee6edded39ffd48e25858637e4765810300227e?s=96&d=mm&r=g","contentUrl":"https:\/\/secure.gravatar.com\/avatar\/392b4cc8fbfeb00b39dfeeab4ee6edded39ffd48e25858637e4765810300227e?s=96&d=mm&r=g","caption":"Developer"},"url":"https:\/\/qtmm.org\/qt\/author\/Developer\/"}]}},"_links":{"self":[{"href":"https:\/\/qtmm.org\/qt\/wp-json\/wp\/v2\/posts\/38529","targetHints":{"allow":["GET"]}}],"collection":[{"href":"https:\/\/qtmm.org\/qt\/wp-json\/wp\/v2\/posts"}],"about":[{"href":"https:\/\/qtmm.org\/qt\/wp-json\/wp\/v2\/types\/post"}],"author":[{"embeddable":true,"href":"https:\/\/qtmm.org\/qt\/wp-json\/wp\/v2\/users\/1"}],"replies":[{"embeddable":true,"href":"https:\/\/qtmm.org\/qt\/wp-json\/wp\/v2\/comments?post=38529"}],"version-history":[{"count":1,"href":"https:\/\/qtmm.org\/qt\/wp-json\/wp\/v2\/posts\/38529\/revisions"}],"predecessor-version":[{"id":38566,"href":"https:\/\/qtmm.org\/qt\/wp-json\/wp\/v2\/posts\/38529\/revisions\/38566"}],"wp:featuredmedia":[{"embeddable":true,"href":"https:\/\/qtmm.org\/qt\/wp-json\/wp\/v2\/media\/38530"}],"wp:attachment":[{"href":"https:\/\/qtmm.org\/qt\/wp-json\/wp\/v2\/media?parent=38529"}],"wp:term":[{"taxonomy":"category","embeddable":true,"href":"https:\/\/qtmm.org\/qt\/wp-json\/wp\/v2\/categories?post=38529"},{"taxonomy":"post_tag","embeddable":true,"href":"https:\/\/qtmm.org\/qt\/wp-json\/wp\/v2\/tags?post=38529"}],"curies":[{"name":"wp","href":"https:\/\/api.w.org\/{rel}","templated":true}]}}