




{"id":38509,"date":"2013-07-05T15:25:00","date_gmt":"2013-07-05T12:25:00","guid":{"rendered":"http:\/\/qtmm.org\/?p=38509"},"modified":"2022-01-25T15:26:23","modified_gmt":"2022-01-25T12:26:23","slug":"ukraina-halq-deputati-milliy-meclis-reisi-mustafa-cemilev-2013-senesi-iyul-5-kunu-ukraina-devlet-etnik-milliy-siyasetinin-kontseptsiyasi-aqqinda-ukraina-qanuninin-leyhasini-ukraina-yuqari","status":"publish","type":"post","link":"https:\/\/qtmm.org\/qt\/ukraina-halq-deputati-milliy-meclis-reisi-mustafa-cemilev-2013-senesi-iyul-5-kunu-ukraina-devlet-etnik-milliy-siyasetinin-kontseptsiyasi-aqqinda-ukraina-qanuninin-leyhasini-ukraina-yuqari\/","title":{"rendered":"Ukraina halq deputat\u0131, Milliy Meclis reisi Mustafa Cemilev 2013 senesi iy\u00fcl 5 k\u00fcn\u00fc \u00abUkraina devlet etnik milliy siyasetini\u00f1 k\u00f6ntseptsiyas\u0131 aqq\u0131nda\u00bb Ukraina Qanun\u0131n\u0131\u00f1 leyhas\u0131n\u0131 Ukraina Yuqar\u0131 \u015euras\u0131nda qayd ettirdi"},"content":{"rendered":"\n<p>Ukraina halq deputat\u0131, Milliy Meclis reisi Mustafa Cemilev 2013 senesi iy\u00fcl 5 k\u00fcn\u00fc &#8220;Ukraina devlet etnik milliy siyasetini\u00f1 k\u00f6ntseptsiyas\u0131 aqq\u0131nda&#8221; Ukraina Qanun\u0131n\u0131\u00f1 leyhas\u0131n\u0131 Ukraina Yuqar\u0131 \u015euras\u0131nda qayd ettirdi.<\/p>\n\n\n\n<p>Qanun leyhas\u0131na izaatta &#8220;Devlet etnik milliya siyasetni\u00f1 k\u00f6ntseptsiyas\u0131 qanun\u00e2rat\u0131c\u0131lar, vazifedar insanlar\u011fa devlet enik milliy siyasetnni\u00f1 printsipleri, maqsadlar\u0131n\u0131 bir \u015fekilde a\u00f1lamaq imk\u00e2n\u0131n\u0131 bermek kerek. B\u00f6yleliknen milliy \u00e7oqluq ve milliy azl\u0131qlar\u011fa dair devlet siyasetini a\u00f1lamaq ve serbest qullanmaq, qanunlarda qarama-qar\u015f\u0131l\u0131qlar\u011fa sed \u00e7eker&#8221;.<br><br>Mezk\u00fcr leyha evel de halq deputat\u0131 Mustafa Cemilev taraf\u0131ndan Ukrainan\u0131\u00f1 6-nc\u0131 \u00e7a\u011f\u0131r\u0131l\u0131\u015f parlamentini\u00f1 muzakeresine qoyul\u011fan edi<br><br>Bun\u0131\u00f1 kibi de b\u00f6yle leyhan\u0131 Ukraina \u00fck\u00fcmeti 2012 senesi mart ay\u0131nda Ukraina Yuqar\u0131 \u015euras\u0131na yollan\u0131l\u011fan edi.<\/p>\n","protected":false},"excerpt":{"rendered":"<p>Ukraina halq deputat\u0131, Milliy Meclis reisi Mustafa Cemilev 2013 senesi iy\u00fcl 5 k\u00fcn\u00fc &#8220;Ukraina devlet etnik milliy siyasetini\u00f1 k\u00f6ntseptsiyas\u0131 aqq\u0131nda&#8221; Ukraina Qanun\u0131n\u0131\u00f1 leyhas\u0131n\u0131 Ukraina Yuqar\u0131 \u015euras\u0131nda qayd ettirdi. Qanun leyhas\u0131na izaatta &#8220;Devlet etnik milliya siyasetni\u00f1 k\u00f6ntseptsiyas\u0131 qanun\u00e2rat\u0131c\u0131lar, vazifedar insanlar\u011fa devlet enik milliy siyasetnni\u00f1 printsipleri, maqsadlar\u0131n\u0131 bir \u015fekilde a\u00f1lamaq imk\u00e2n\u0131n\u0131 bermek kerek. B\u00f6yleliknen milliy \u00e7oqluq ve [&hellip;]<\/p>\n","protected":false},"author":1,"featured_media":0,"comment_status":"open","ping_status":"open","sticky":false,"template":"","format":"standard","meta":{"inline_featured_image":false,"footnotes":""},"categories":[265],"tags":[],"class_list":["post-38509","post","type-post","status-publish","format-standard","hentry","category-haberler"],"acf":[],"yoast_head":"<!-- This site is optimized with the Yoast SEO plugin v27.4 - https:\/\/yoast.com\/product\/yoast-seo-wordpress\/ -->\n<title>Ukraina halq deputat\u0131, Milliy Meclis reisi Mustafa Cemilev 2013 senesi iy\u00fcl 5 k\u00fcn\u00fc \u00abUkraina devlet etnik milliy siyasetini\u00f1 k\u00f6ntseptsiyas\u0131 aqq\u0131nda\u00bb Ukraina Qanun\u0131n\u0131\u00f1 leyhas\u0131n\u0131 Ukraina Yuqar\u0131 \u015euras\u0131nda qayd ettirdi - \u041c\u0435\u0434\u0436\u043b\u0456\u0441<\/title>\n<meta name=\"robots\" content=\"index, follow, max-snippet:-1, max-image-preview:large, max-video-preview:-1\" \/>\n<link rel=\"canonical\" href=\"https:\/\/qtmm.org\/qt\/ukraina-halq-deputati-milliy-meclis-reisi-mustafa-cemilev-2013-senesi-iyul-5-kunu-ukraina-devlet-etnik-milliy-siyasetinin-kontseptsiyasi-aqqinda-ukraina-qanuninin-leyhasini-ukraina-yuqari\/\" \/>\n<meta property=\"og:locale\" content=\"en_US\" \/>\n<meta property=\"og:type\" content=\"article\" \/>\n<meta property=\"og:title\" content=\"Ukraina halq deputat\u0131, Milliy Meclis reisi Mustafa Cemilev 2013 senesi iy\u00fcl 5 k\u00fcn\u00fc \u00abUkraina devlet etnik milliy siyasetini\u00f1 k\u00f6ntseptsiyas\u0131 aqq\u0131nda\u00bb Ukraina Qanun\u0131n\u0131\u00f1 leyhas\u0131n\u0131 Ukraina Yuqar\u0131 \u015euras\u0131nda qayd ettirdi - \u041c\u0435\u0434\u0436\u043b\u0456\u0441\" \/>\n<meta property=\"og:description\" content=\"Ukraina halq deputat\u0131, Milliy Meclis reisi Mustafa Cemilev 2013 senesi iy\u00fcl 5 k\u00fcn\u00fc &#8220;Ukraina devlet etnik milliy siyasetini\u00f1 k\u00f6ntseptsiyas\u0131 aqq\u0131nda&#8221; Ukraina Qanun\u0131n\u0131\u00f1 leyhas\u0131n\u0131 Ukraina Yuqar\u0131 \u015euras\u0131nda qayd ettirdi. Qanun leyhas\u0131na izaatta &#8220;Devlet etnik milliya siyasetni\u00f1 k\u00f6ntseptsiyas\u0131 qanun\u00e2rat\u0131c\u0131lar, vazifedar insanlar\u011fa devlet enik milliy siyasetnni\u00f1 printsipleri, maqsadlar\u0131n\u0131 bir \u015fekilde a\u00f1lamaq imk\u00e2n\u0131n\u0131 bermek kerek. B\u00f6yleliknen milliy \u00e7oqluq ve [&hellip;]\" \/>\n<meta property=\"og:url\" content=\"https:\/\/qtmm.org\/qt\/ukraina-halq-deputati-milliy-meclis-reisi-mustafa-cemilev-2013-senesi-iyul-5-kunu-ukraina-devlet-etnik-milliy-siyasetinin-kontseptsiyasi-aqqinda-ukraina-qanuninin-leyhasini-ukraina-yuqari\/\" \/>\n<meta property=\"og:site_name\" content=\"\u041c\u0435\u0434\u0436\u043b\u0456\u0441\" \/>\n<meta property=\"article:publisher\" content=\"https:\/\/www.facebook.com\/qtmm.info\/\" \/>\n<meta property=\"article:published_time\" content=\"2013-07-05T12:25:00+00:00\" \/>\n<meta property=\"article:modified_time\" content=\"2022-01-25T12:26:23+00:00\" \/>\n<meta name=\"author\" content=\"Developer\" \/>\n<meta name=\"twitter:card\" content=\"summary_large_image\" \/>\n<meta name=\"twitter:label1\" content=\"Written by\" \/>\n\t<meta name=\"twitter:data1\" content=\"Developer\" \/>\n\t<meta name=\"twitter:label2\" content=\"Est. reading time\" \/>\n\t<meta name=\"twitter:data2\" content=\"1 minute\" \/>\n<script type=\"application\/ld+json\" class=\"yoast-schema-graph\">{\"@context\":\"https:\\\/\\\/schema.org\",\"@graph\":[{\"@type\":\"Article\",\"@id\":\"https:\\\/\\\/qtmm.org\\\/qt\\\/ukraina-halq-deputati-milliy-meclis-reisi-mustafa-cemilev-2013-senesi-iyul-5-kunu-ukraina-devlet-etnik-milliy-siyasetinin-kontseptsiyasi-aqqinda-ukraina-qanuninin-leyhasini-ukraina-yuqari\\\/#article\",\"isPartOf\":{\"@id\":\"https:\\\/\\\/qtmm.org\\\/qt\\\/ukraina-halq-deputati-milliy-meclis-reisi-mustafa-cemilev-2013-senesi-iyul-5-kunu-ukraina-devlet-etnik-milliy-siyasetinin-kontseptsiyasi-aqqinda-ukraina-qanuninin-leyhasini-ukraina-yuqari\\\/\"},\"author\":{\"name\":\"Developer\",\"@id\":\"https:\\\/\\\/qtmm.org\\\/qt\\\/#\\\/schema\\\/person\\\/de562469f971dec226ac06e60bbf74a7\"},\"headline\":\"Ukraina halq deputat\u0131, Milliy Meclis reisi Mustafa Cemilev 2013 senesi iy\u00fcl 5 k\u00fcn\u00fc \u00abUkraina devlet etnik milliy siyasetini\u00f1 k\u00f6ntseptsiyas\u0131 aqq\u0131nda\u00bb Ukraina Qanun\u0131n\u0131\u00f1 leyhas\u0131n\u0131 Ukraina Yuqar\u0131 \u015euras\u0131nda qayd ettirdi\",\"datePublished\":\"2013-07-05T12:25:00+00:00\",\"dateModified\":\"2022-01-25T12:26:23+00:00\",\"mainEntityOfPage\":{\"@id\":\"https:\\\/\\\/qtmm.org\\\/qt\\\/ukraina-halq-deputati-milliy-meclis-reisi-mustafa-cemilev-2013-senesi-iyul-5-kunu-ukraina-devlet-etnik-milliy-siyasetinin-kontseptsiyasi-aqqinda-ukraina-qanuninin-leyhasini-ukraina-yuqari\\\/\"},\"wordCount\":165,\"commentCount\":0,\"publisher\":{\"@id\":\"https:\\\/\\\/qtmm.org\\\/qt\\\/#organization\"},\"articleSection\":[\"Haberler\"],\"inLanguage\":\"qt\",\"potentialAction\":[{\"@type\":\"CommentAction\",\"name\":\"Comment\",\"target\":[\"https:\\\/\\\/qtmm.org\\\/qt\\\/ukraina-halq-deputati-milliy-meclis-reisi-mustafa-cemilev-2013-senesi-iyul-5-kunu-ukraina-devlet-etnik-milliy-siyasetinin-kontseptsiyasi-aqqinda-ukraina-qanuninin-leyhasini-ukraina-yuqari\\\/#respond\"]}]},{\"@type\":\"WebPage\",\"@id\":\"https:\\\/\\\/qtmm.org\\\/qt\\\/ukraina-halq-deputati-milliy-meclis-reisi-mustafa-cemilev-2013-senesi-iyul-5-kunu-ukraina-devlet-etnik-milliy-siyasetinin-kontseptsiyasi-aqqinda-ukraina-qanuninin-leyhasini-ukraina-yuqari\\\/\",\"url\":\"https:\\\/\\\/qtmm.org\\\/qt\\\/ukraina-halq-deputati-milliy-meclis-reisi-mustafa-cemilev-2013-senesi-iyul-5-kunu-ukraina-devlet-etnik-milliy-siyasetinin-kontseptsiyasi-aqqinda-ukraina-qanuninin-leyhasini-ukraina-yuqari\\\/\",\"name\":\"Ukraina halq deputat\u0131, Milliy Meclis reisi Mustafa Cemilev 2013 senesi iy\u00fcl 5 k\u00fcn\u00fc \u00abUkraina devlet etnik milliy siyasetini\u00f1 k\u00f6ntseptsiyas\u0131 aqq\u0131nda\u00bb Ukraina Qanun\u0131n\u0131\u00f1 leyhas\u0131n\u0131 Ukraina Yuqar\u0131 \u015euras\u0131nda qayd ettirdi - \u041c\u0435\u0434\u0436\u043b\u0456\u0441\",\"isPartOf\":{\"@id\":\"https:\\\/\\\/qtmm.org\\\/qt\\\/#website\"},\"datePublished\":\"2013-07-05T12:25:00+00:00\",\"dateModified\":\"2022-01-25T12:26:23+00:00\",\"breadcrumb\":{\"@id\":\"https:\\\/\\\/qtmm.org\\\/qt\\\/ukraina-halq-deputati-milliy-meclis-reisi-mustafa-cemilev-2013-senesi-iyul-5-kunu-ukraina-devlet-etnik-milliy-siyasetinin-kontseptsiyasi-aqqinda-ukraina-qanuninin-leyhasini-ukraina-yuqari\\\/#breadcrumb\"},\"inLanguage\":\"qt\",\"potentialAction\":[{\"@type\":\"ReadAction\",\"target\":[\"https:\\\/\\\/qtmm.org\\\/qt\\\/ukraina-halq-deputati-milliy-meclis-reisi-mustafa-cemilev-2013-senesi-iyul-5-kunu-ukraina-devlet-etnik-milliy-siyasetinin-kontseptsiyasi-aqqinda-ukraina-qanuninin-leyhasini-ukraina-yuqari\\\/\"]}]},{\"@type\":\"BreadcrumbList\",\"@id\":\"https:\\\/\\\/qtmm.org\\\/qt\\\/ukraina-halq-deputati-milliy-meclis-reisi-mustafa-cemilev-2013-senesi-iyul-5-kunu-ukraina-devlet-etnik-milliy-siyasetinin-kontseptsiyasi-aqqinda-ukraina-qanuninin-leyhasini-ukraina-yuqari\\\/#breadcrumb\",\"itemListElement\":[{\"@type\":\"ListItem\",\"position\":1,\"name\":\"\u0413\u043e\u043b\u043e\u0432\u043d\u0430\",\"item\":\"https:\\\/\\\/qtmm.org\\\/qt\\\/\"},{\"@type\":\"ListItem\",\"position\":2,\"name\":\"Ukraina halq deputat\u0131, Milliy Meclis reisi Mustafa Cemilev 2013 senesi iy\u00fcl 5 k\u00fcn\u00fc \u00abUkraina devlet etnik milliy siyasetini\u00f1 k\u00f6ntseptsiyas\u0131 aqq\u0131nda\u00bb Ukraina Qanun\u0131n\u0131\u00f1 leyhas\u0131n\u0131 Ukraina Yuqar\u0131 \u015euras\u0131nda qayd ettirdi\"}]},{\"@type\":\"WebSite\",\"@id\":\"https:\\\/\\\/qtmm.org\\\/qt\\\/#website\",\"url\":\"https:\\\/\\\/qtmm.org\\\/qt\\\/\",\"name\":\"\u041c\u0435\u0434\u0436\u043b\u0456\u0441\",\"description\":\"\",\"publisher\":{\"@id\":\"https:\\\/\\\/qtmm.org\\\/qt\\\/#organization\"},\"potentialAction\":[{\"@type\":\"SearchAction\",\"target\":{\"@type\":\"EntryPoint\",\"urlTemplate\":\"https:\\\/\\\/qtmm.org\\\/qt\\\/?s={search_term_string}\"},\"query-input\":{\"@type\":\"PropertyValueSpecification\",\"valueRequired\":true,\"valueName\":\"search_term_string\"}}],\"inLanguage\":\"qt\"},{\"@type\":\"Organization\",\"@id\":\"https:\\\/\\\/qtmm.org\\\/qt\\\/#organization\",\"name\":\"\u041c\u0435\u0434\u0436\u043b\u0456\u0441\",\"url\":\"https:\\\/\\\/qtmm.org\\\/qt\\\/\",\"logo\":{\"@type\":\"ImageObject\",\"inLanguage\":\"qt\",\"@id\":\"https:\\\/\\\/qtmm.org\\\/qt\\\/#\\\/schema\\\/logo\\\/image\\\/\",\"url\":\"https:\\\/\\\/qtmm.org\\\/wp-content\\\/uploads\\\/2024\\\/12\\\/ua-mejlis-logo-rgb.svg\",\"contentUrl\":\"https:\\\/\\\/qtmm.org\\\/wp-content\\\/uploads\\\/2024\\\/12\\\/ua-mejlis-logo-rgb.svg\",\"caption\":\"\u041c\u0435\u0434\u0436\u043b\u0456\u0441\"},\"image\":{\"@id\":\"https:\\\/\\\/qtmm.org\\\/qt\\\/#\\\/schema\\\/logo\\\/image\\\/\"},\"sameAs\":[\"https:\\\/\\\/www.facebook.com\\\/qtmm.info\\\/\"]},{\"@type\":\"Person\",\"@id\":\"https:\\\/\\\/qtmm.org\\\/qt\\\/#\\\/schema\\\/person\\\/de562469f971dec226ac06e60bbf74a7\",\"name\":\"Developer\",\"image\":{\"@type\":\"ImageObject\",\"inLanguage\":\"qt\",\"@id\":\"https:\\\/\\\/secure.gravatar.com\\\/avatar\\\/392b4cc8fbfeb00b39dfeeab4ee6edded39ffd48e25858637e4765810300227e?s=96&d=mm&r=g\",\"url\":\"https:\\\/\\\/secure.gravatar.com\\\/avatar\\\/392b4cc8fbfeb00b39dfeeab4ee6edded39ffd48e25858637e4765810300227e?s=96&d=mm&r=g\",\"contentUrl\":\"https:\\\/\\\/secure.gravatar.com\\\/avatar\\\/392b4cc8fbfeb00b39dfeeab4ee6edded39ffd48e25858637e4765810300227e?s=96&d=mm&r=g\",\"caption\":\"Developer\"},\"url\":\"https:\\\/\\\/qtmm.org\\\/qt\\\/author\\\/Developer\\\/\"}]}<\/script>\n<!-- \/ Yoast SEO plugin. -->","yoast_head_json":{"title":"Ukraina halq deputat\u0131, Milliy Meclis reisi Mustafa Cemilev 2013 senesi iy\u00fcl 5 k\u00fcn\u00fc \u00abUkraina devlet etnik milliy siyasetini\u00f1 k\u00f6ntseptsiyas\u0131 aqq\u0131nda\u00bb Ukraina Qanun\u0131n\u0131\u00f1 leyhas\u0131n\u0131 Ukraina Yuqar\u0131 \u015euras\u0131nda qayd ettirdi - \u041c\u0435\u0434\u0436\u043b\u0456\u0441","robots":{"index":"index","follow":"follow","max-snippet":"max-snippet:-1","max-image-preview":"max-image-preview:large","max-video-preview":"max-video-preview:-1"},"canonical":"https:\/\/qtmm.org\/qt\/ukraina-halq-deputati-milliy-meclis-reisi-mustafa-cemilev-2013-senesi-iyul-5-kunu-ukraina-devlet-etnik-milliy-siyasetinin-kontseptsiyasi-aqqinda-ukraina-qanuninin-leyhasini-ukraina-yuqari\/","og_locale":"en_US","og_type":"article","og_title":"Ukraina halq deputat\u0131, Milliy Meclis reisi Mustafa Cemilev 2013 senesi iy\u00fcl 5 k\u00fcn\u00fc \u00abUkraina devlet etnik milliy siyasetini\u00f1 k\u00f6ntseptsiyas\u0131 aqq\u0131nda\u00bb Ukraina Qanun\u0131n\u0131\u00f1 leyhas\u0131n\u0131 Ukraina Yuqar\u0131 \u015euras\u0131nda qayd ettirdi - \u041c\u0435\u0434\u0436\u043b\u0456\u0441","og_description":"Ukraina halq deputat\u0131, Milliy Meclis reisi Mustafa Cemilev 2013 senesi iy\u00fcl 5 k\u00fcn\u00fc &#8220;Ukraina devlet etnik milliy siyasetini\u00f1 k\u00f6ntseptsiyas\u0131 aqq\u0131nda&#8221; Ukraina Qanun\u0131n\u0131\u00f1 leyhas\u0131n\u0131 Ukraina Yuqar\u0131 \u015euras\u0131nda qayd ettirdi. Qanun leyhas\u0131na izaatta &#8220;Devlet etnik milliya siyasetni\u00f1 k\u00f6ntseptsiyas\u0131 qanun\u00e2rat\u0131c\u0131lar, vazifedar insanlar\u011fa devlet enik milliy siyasetnni\u00f1 printsipleri, maqsadlar\u0131n\u0131 bir \u015fekilde a\u00f1lamaq imk\u00e2n\u0131n\u0131 bermek kerek. B\u00f6yleliknen milliy \u00e7oqluq ve [&hellip;]","og_url":"https:\/\/qtmm.org\/qt\/ukraina-halq-deputati-milliy-meclis-reisi-mustafa-cemilev-2013-senesi-iyul-5-kunu-ukraina-devlet-etnik-milliy-siyasetinin-kontseptsiyasi-aqqinda-ukraina-qanuninin-leyhasini-ukraina-yuqari\/","og_site_name":"\u041c\u0435\u0434\u0436\u043b\u0456\u0441","article_publisher":"https:\/\/www.facebook.com\/qtmm.info\/","article_published_time":"2013-07-05T12:25:00+00:00","article_modified_time":"2022-01-25T12:26:23+00:00","author":"Developer","twitter_card":"summary_large_image","twitter_misc":{"Written by":"Developer","Est. reading time":"1 minute"},"schema":{"@context":"https:\/\/schema.org","@graph":[{"@type":"Article","@id":"https:\/\/qtmm.org\/qt\/ukraina-halq-deputati-milliy-meclis-reisi-mustafa-cemilev-2013-senesi-iyul-5-kunu-ukraina-devlet-etnik-milliy-siyasetinin-kontseptsiyasi-aqqinda-ukraina-qanuninin-leyhasini-ukraina-yuqari\/#article","isPartOf":{"@id":"https:\/\/qtmm.org\/qt\/ukraina-halq-deputati-milliy-meclis-reisi-mustafa-cemilev-2013-senesi-iyul-5-kunu-ukraina-devlet-etnik-milliy-siyasetinin-kontseptsiyasi-aqqinda-ukraina-qanuninin-leyhasini-ukraina-yuqari\/"},"author":{"name":"Developer","@id":"https:\/\/qtmm.org\/qt\/#\/schema\/person\/de562469f971dec226ac06e60bbf74a7"},"headline":"Ukraina halq deputat\u0131, Milliy Meclis reisi Mustafa Cemilev 2013 senesi iy\u00fcl 5 k\u00fcn\u00fc \u00abUkraina devlet etnik milliy siyasetini\u00f1 k\u00f6ntseptsiyas\u0131 aqq\u0131nda\u00bb Ukraina Qanun\u0131n\u0131\u00f1 leyhas\u0131n\u0131 Ukraina Yuqar\u0131 \u015euras\u0131nda qayd ettirdi","datePublished":"2013-07-05T12:25:00+00:00","dateModified":"2022-01-25T12:26:23+00:00","mainEntityOfPage":{"@id":"https:\/\/qtmm.org\/qt\/ukraina-halq-deputati-milliy-meclis-reisi-mustafa-cemilev-2013-senesi-iyul-5-kunu-ukraina-devlet-etnik-milliy-siyasetinin-kontseptsiyasi-aqqinda-ukraina-qanuninin-leyhasini-ukraina-yuqari\/"},"wordCount":165,"commentCount":0,"publisher":{"@id":"https:\/\/qtmm.org\/qt\/#organization"},"articleSection":["Haberler"],"inLanguage":"qt","potentialAction":[{"@type":"CommentAction","name":"Comment","target":["https:\/\/qtmm.org\/qt\/ukraina-halq-deputati-milliy-meclis-reisi-mustafa-cemilev-2013-senesi-iyul-5-kunu-ukraina-devlet-etnik-milliy-siyasetinin-kontseptsiyasi-aqqinda-ukraina-qanuninin-leyhasini-ukraina-yuqari\/#respond"]}]},{"@type":"WebPage","@id":"https:\/\/qtmm.org\/qt\/ukraina-halq-deputati-milliy-meclis-reisi-mustafa-cemilev-2013-senesi-iyul-5-kunu-ukraina-devlet-etnik-milliy-siyasetinin-kontseptsiyasi-aqqinda-ukraina-qanuninin-leyhasini-ukraina-yuqari\/","url":"https:\/\/qtmm.org\/qt\/ukraina-halq-deputati-milliy-meclis-reisi-mustafa-cemilev-2013-senesi-iyul-5-kunu-ukraina-devlet-etnik-milliy-siyasetinin-kontseptsiyasi-aqqinda-ukraina-qanuninin-leyhasini-ukraina-yuqari\/","name":"Ukraina halq deputat\u0131, Milliy Meclis reisi Mustafa Cemilev 2013 senesi iy\u00fcl 5 k\u00fcn\u00fc \u00abUkraina devlet etnik milliy siyasetini\u00f1 k\u00f6ntseptsiyas\u0131 aqq\u0131nda\u00bb Ukraina Qanun\u0131n\u0131\u00f1 leyhas\u0131n\u0131 Ukraina Yuqar\u0131 \u015euras\u0131nda qayd ettirdi - \u041c\u0435\u0434\u0436\u043b\u0456\u0441","isPartOf":{"@id":"https:\/\/qtmm.org\/qt\/#website"},"datePublished":"2013-07-05T12:25:00+00:00","dateModified":"2022-01-25T12:26:23+00:00","breadcrumb":{"@id":"https:\/\/qtmm.org\/qt\/ukraina-halq-deputati-milliy-meclis-reisi-mustafa-cemilev-2013-senesi-iyul-5-kunu-ukraina-devlet-etnik-milliy-siyasetinin-kontseptsiyasi-aqqinda-ukraina-qanuninin-leyhasini-ukraina-yuqari\/#breadcrumb"},"inLanguage":"qt","potentialAction":[{"@type":"ReadAction","target":["https:\/\/qtmm.org\/qt\/ukraina-halq-deputati-milliy-meclis-reisi-mustafa-cemilev-2013-senesi-iyul-5-kunu-ukraina-devlet-etnik-milliy-siyasetinin-kontseptsiyasi-aqqinda-ukraina-qanuninin-leyhasini-ukraina-yuqari\/"]}]},{"@type":"BreadcrumbList","@id":"https:\/\/qtmm.org\/qt\/ukraina-halq-deputati-milliy-meclis-reisi-mustafa-cemilev-2013-senesi-iyul-5-kunu-ukraina-devlet-etnik-milliy-siyasetinin-kontseptsiyasi-aqqinda-ukraina-qanuninin-leyhasini-ukraina-yuqari\/#breadcrumb","itemListElement":[{"@type":"ListItem","position":1,"name":"\u0413\u043e\u043b\u043e\u0432\u043d\u0430","item":"https:\/\/qtmm.org\/qt\/"},{"@type":"ListItem","position":2,"name":"Ukraina halq deputat\u0131, Milliy Meclis reisi Mustafa Cemilev 2013 senesi iy\u00fcl 5 k\u00fcn\u00fc \u00abUkraina devlet etnik milliy siyasetini\u00f1 k\u00f6ntseptsiyas\u0131 aqq\u0131nda\u00bb Ukraina Qanun\u0131n\u0131\u00f1 leyhas\u0131n\u0131 Ukraina Yuqar\u0131 \u015euras\u0131nda qayd ettirdi"}]},{"@type":"WebSite","@id":"https:\/\/qtmm.org\/qt\/#website","url":"https:\/\/qtmm.org\/qt\/","name":"\u041c\u0435\u0434\u0436\u043b\u0456\u0441","description":"","publisher":{"@id":"https:\/\/qtmm.org\/qt\/#organization"},"potentialAction":[{"@type":"SearchAction","target":{"@type":"EntryPoint","urlTemplate":"https:\/\/qtmm.org\/qt\/?s={search_term_string}"},"query-input":{"@type":"PropertyValueSpecification","valueRequired":true,"valueName":"search_term_string"}}],"inLanguage":"qt"},{"@type":"Organization","@id":"https:\/\/qtmm.org\/qt\/#organization","name":"\u041c\u0435\u0434\u0436\u043b\u0456\u0441","url":"https:\/\/qtmm.org\/qt\/","logo":{"@type":"ImageObject","inLanguage":"qt","@id":"https:\/\/qtmm.org\/qt\/#\/schema\/logo\/image\/","url":"https:\/\/qtmm.org\/wp-content\/uploads\/2024\/12\/ua-mejlis-logo-rgb.svg","contentUrl":"https:\/\/qtmm.org\/wp-content\/uploads\/2024\/12\/ua-mejlis-logo-rgb.svg","caption":"\u041c\u0435\u0434\u0436\u043b\u0456\u0441"},"image":{"@id":"https:\/\/qtmm.org\/qt\/#\/schema\/logo\/image\/"},"sameAs":["https:\/\/www.facebook.com\/qtmm.info\/"]},{"@type":"Person","@id":"https:\/\/qtmm.org\/qt\/#\/schema\/person\/de562469f971dec226ac06e60bbf74a7","name":"Developer","image":{"@type":"ImageObject","inLanguage":"qt","@id":"https:\/\/secure.gravatar.com\/avatar\/392b4cc8fbfeb00b39dfeeab4ee6edded39ffd48e25858637e4765810300227e?s=96&d=mm&r=g","url":"https:\/\/secure.gravatar.com\/avatar\/392b4cc8fbfeb00b39dfeeab4ee6edded39ffd48e25858637e4765810300227e?s=96&d=mm&r=g","contentUrl":"https:\/\/secure.gravatar.com\/avatar\/392b4cc8fbfeb00b39dfeeab4ee6edded39ffd48e25858637e4765810300227e?s=96&d=mm&r=g","caption":"Developer"},"url":"https:\/\/qtmm.org\/qt\/author\/Developer\/"}]}},"_links":{"self":[{"href":"https:\/\/qtmm.org\/qt\/wp-json\/wp\/v2\/posts\/38509","targetHints":{"allow":["GET"]}}],"collection":[{"href":"https:\/\/qtmm.org\/qt\/wp-json\/wp\/v2\/posts"}],"about":[{"href":"https:\/\/qtmm.org\/qt\/wp-json\/wp\/v2\/types\/post"}],"author":[{"embeddable":true,"href":"https:\/\/qtmm.org\/qt\/wp-json\/wp\/v2\/users\/1"}],"replies":[{"embeddable":true,"href":"https:\/\/qtmm.org\/qt\/wp-json\/wp\/v2\/comments?post=38509"}],"version-history":[{"count":1,"href":"https:\/\/qtmm.org\/qt\/wp-json\/wp\/v2\/posts\/38509\/revisions"}],"predecessor-version":[{"id":38510,"href":"https:\/\/qtmm.org\/qt\/wp-json\/wp\/v2\/posts\/38509\/revisions\/38510"}],"wp:attachment":[{"href":"https:\/\/qtmm.org\/qt\/wp-json\/wp\/v2\/media?parent=38509"}],"wp:term":[{"taxonomy":"category","embeddable":true,"href":"https:\/\/qtmm.org\/qt\/wp-json\/wp\/v2\/categories?post=38509"},{"taxonomy":"post_tag","embeddable":true,"href":"https:\/\/qtmm.org\/qt\/wp-json\/wp\/v2\/tags?post=38509"}],"curies":[{"name":"wp","href":"https:\/\/api.w.org\/{rel}","templated":true}]}}