




{"id":38495,"date":"2013-07-04T15:23:00","date_gmt":"2013-07-04T12:23:00","guid":{"rendered":"http:\/\/qtmm.org\/?p=38495"},"modified":"2022-01-25T15:24:40","modified_gmt":"2022-01-25T12:24:40","slug":"mustafa-cemilev-qirimda-milletlerara-munasebetler-problemini-ukraina-yuqari-surasinin-qirim-meseleleri-boyunca-muvaqqat-komissiyasi-vekaletlikleri-cedveline-kirsetmekni-teklif-etti","status":"publish","type":"post","link":"https:\/\/qtmm.org\/qt\/mustafa-cemilev-qirimda-milletlerara-munasebetler-problemini-ukraina-yuqari-surasinin-qirim-meseleleri-boyunca-muvaqqat-komissiyasi-vekaletlikleri-cedveline-kirsetmekni-teklif-etti\/","title":{"rendered":"Mustafa Cemilev Q\u0131r\u0131mda milletlerara munasebetler problemini Ukraina Yuqar\u0131 \u015euras\u0131n\u0131\u00f1 Q\u0131r\u0131m meseleleri boyunca muvaqqat komissiyas\u0131 vek\u00e2letlikleri cedveline kirsetmekni teklif etti"},"content":{"rendered":"\n<p>\u0130y\u00fcl 4 k\u00fcn\u00fc Ukraina Yuqar\u0131 \u015euras\u0131n\u0131\u00f1 Q\u0131r\u0131m meseleleri boyunca muvaqqat komissiyas\u0131n\u0131\u00f1 birinci topla\u015fuv\u0131nda Milliy Meclis reisi, Ukraina halq deputat\u0131 Mustafa Cemilev \u015fu komissiya azas\u0131 olaraq i\u015ftirak etti.<\/p>\n\n\n\n<figure class=\"wp-block-image size-full\"><img loading=\"lazy\" decoding=\"async\" width=\"800\" height=\"600\" src=\"http:\/\/qtmm.org\/wp-content\/uploads\/2022\/01\/foto_2_5.jpeg\" alt=\"\" class=\"wp-image-38496\" srcset=\"https:\/\/qtmm.org\/wp-content\/uploads\/2022\/01\/foto_2_5.jpeg 800w, https:\/\/qtmm.org\/wp-content\/uploads\/2022\/01\/foto_2_5-300x225.jpeg 300w, https:\/\/qtmm.org\/wp-content\/uploads\/2022\/01\/foto_2_5-768x576.jpeg 768w\" sizes=\"auto, (max-width: 800px) 100vw, 800px\" \/><\/figure>\n\n\n\n<p>\u00d6z k\u00e2tibi olaraq komissiya Yelena Netetskayan\u0131 saylad\u0131, bun\u0131\u00f1 kibi de mahsus komissiya vek\u00e2letliklerine dair meselelerni, \u015fu c\u00fcmleden Mustafa Cemilev teklif etken Q\u0131r\u0131mda milletlerara munasebetler problemini, tasdiqlad\u0131.<\/p>\n\n\n\n<div class=\"wp-block-image\"><figure class=\"aligncenter size-full\"><img loading=\"lazy\" decoding=\"async\" width=\"600\" height=\"800\" src=\"http:\/\/qtmm.org\/wp-content\/uploads\/2022\/01\/foto_1_7.jpeg\" alt=\"\" class=\"wp-image-38500\" srcset=\"https:\/\/qtmm.org\/wp-content\/uploads\/2022\/01\/foto_1_7.jpeg 600w, https:\/\/qtmm.org\/wp-content\/uploads\/2022\/01\/foto_1_7-225x300.jpeg 225w\" sizes=\"auto, (max-width: 600px) 100vw, 600px\" \/><\/figure><\/div>\n\n\n\n<p>Komissiya reisi olaraq Ukraina Yuqar\u0131 \u015euras\u0131n\u0131\u00f1 Qarar\u0131na binaen B\u00f6ris Dey\u00e7 tayinlendi.<\/p>\n","protected":false},"excerpt":{"rendered":"<p>\u0130y\u00fcl 4 k\u00fcn\u00fc Ukraina Yuqar\u0131 \u015euras\u0131n\u0131\u00f1 Q\u0131r\u0131m meseleleri boyunca muvaqqat komissiyas\u0131n\u0131\u00f1 birinci topla\u015fuv\u0131nda Milliy Meclis reisi, Ukraina halq deputat\u0131 Mustafa Cemilev \u015fu komissiya azas\u0131 olaraq i\u015ftirak etti. \u00d6z k\u00e2tibi olaraq komissiya Yelena Netetskayan\u0131 saylad\u0131, bun\u0131\u00f1 kibi de mahsus komissiya vek\u00e2letliklerine dair meselelerni, \u015fu c\u00fcmleden Mustafa Cemilev teklif etken Q\u0131r\u0131mda milletlerara munasebetler problemini, tasdiqlad\u0131. Komissiya reisi [&hellip;]<\/p>\n","protected":false},"author":1,"featured_media":38504,"comment_status":"open","ping_status":"open","sticky":false,"template":"","format":"standard","meta":{"inline_featured_image":false,"footnotes":""},"categories":[265],"tags":[],"class_list":["post-38495","post","type-post","status-publish","format-standard","has-post-thumbnail","hentry","category-haberler"],"acf":[],"yoast_head":"<!-- This site is optimized with the Yoast SEO plugin v27.4 - https:\/\/yoast.com\/product\/yoast-seo-wordpress\/ -->\n<title>Mustafa Cemilev Q\u0131r\u0131mda milletlerara munasebetler problemini Ukraina Yuqar\u0131 \u015euras\u0131n\u0131\u00f1 Q\u0131r\u0131m meseleleri boyunca muvaqqat komissiyas\u0131 vek\u00e2letlikleri cedveline kirsetmekni teklif etti - \u041c\u0435\u0434\u0436\u043b\u0456\u0441<\/title>\n<meta name=\"robots\" content=\"index, follow, max-snippet:-1, max-image-preview:large, max-video-preview:-1\" \/>\n<link rel=\"canonical\" href=\"https:\/\/qtmm.org\/qt\/mustafa-cemilev-qirimda-milletlerara-munasebetler-problemini-ukraina-yuqari-surasinin-qirim-meseleleri-boyunca-muvaqqat-komissiyasi-vekaletlikleri-cedveline-kirsetmekni-teklif-etti\/\" \/>\n<meta property=\"og:locale\" content=\"en_US\" \/>\n<meta property=\"og:type\" content=\"article\" \/>\n<meta property=\"og:title\" content=\"Mustafa Cemilev Q\u0131r\u0131mda milletlerara munasebetler problemini Ukraina Yuqar\u0131 \u015euras\u0131n\u0131\u00f1 Q\u0131r\u0131m meseleleri boyunca muvaqqat komissiyas\u0131 vek\u00e2letlikleri cedveline kirsetmekni teklif etti - \u041c\u0435\u0434\u0436\u043b\u0456\u0441\" \/>\n<meta property=\"og:description\" content=\"\u0130y\u00fcl 4 k\u00fcn\u00fc Ukraina Yuqar\u0131 \u015euras\u0131n\u0131\u00f1 Q\u0131r\u0131m meseleleri boyunca muvaqqat komissiyas\u0131n\u0131\u00f1 birinci topla\u015fuv\u0131nda Milliy Meclis reisi, Ukraina halq deputat\u0131 Mustafa Cemilev \u015fu komissiya azas\u0131 olaraq i\u015ftirak etti. \u00d6z k\u00e2tibi olaraq komissiya Yelena Netetskayan\u0131 saylad\u0131, bun\u0131\u00f1 kibi de mahsus komissiya vek\u00e2letliklerine dair meselelerni, \u015fu c\u00fcmleden Mustafa Cemilev teklif etken Q\u0131r\u0131mda milletlerara munasebetler problemini, tasdiqlad\u0131. Komissiya reisi [&hellip;]\" \/>\n<meta property=\"og:url\" content=\"https:\/\/qtmm.org\/qt\/mustafa-cemilev-qirimda-milletlerara-munasebetler-problemini-ukraina-yuqari-surasinin-qirim-meseleleri-boyunca-muvaqqat-komissiyasi-vekaletlikleri-cedveline-kirsetmekni-teklif-etti\/\" \/>\n<meta property=\"og:site_name\" content=\"\u041c\u0435\u0434\u0436\u043b\u0456\u0441\" \/>\n<meta property=\"article:publisher\" content=\"https:\/\/www.facebook.com\/qtmm.info\/\" \/>\n<meta property=\"article:published_time\" content=\"2013-07-04T12:23:00+00:00\" \/>\n<meta property=\"article:modified_time\" content=\"2022-01-25T12:24:40+00:00\" \/>\n<meta property=\"og:image\" content=\"https:\/\/qtmm.org\/wp-content\/uploads\/2022\/01\/foto_7-1.jpeg\" \/>\n\t<meta property=\"og:image:width\" content=\"800\" \/>\n\t<meta property=\"og:image:height\" content=\"600\" \/>\n\t<meta property=\"og:image:type\" content=\"image\/jpeg\" \/>\n<meta name=\"author\" content=\"Developer\" \/>\n<meta name=\"twitter:card\" content=\"summary_large_image\" \/>\n<meta name=\"twitter:label1\" content=\"Written by\" \/>\n\t<meta name=\"twitter:data1\" content=\"Developer\" \/>\n<script type=\"application\/ld+json\" class=\"yoast-schema-graph\">{\"@context\":\"https:\\\/\\\/schema.org\",\"@graph\":[{\"@type\":\"Article\",\"@id\":\"https:\\\/\\\/qtmm.org\\\/qt\\\/mustafa-cemilev-qirimda-milletlerara-munasebetler-problemini-ukraina-yuqari-surasinin-qirim-meseleleri-boyunca-muvaqqat-komissiyasi-vekaletlikleri-cedveline-kirsetmekni-teklif-etti\\\/#article\",\"isPartOf\":{\"@id\":\"https:\\\/\\\/qtmm.org\\\/qt\\\/mustafa-cemilev-qirimda-milletlerara-munasebetler-problemini-ukraina-yuqari-surasinin-qirim-meseleleri-boyunca-muvaqqat-komissiyasi-vekaletlikleri-cedveline-kirsetmekni-teklif-etti\\\/\"},\"author\":{\"name\":\"Developer\",\"@id\":\"https:\\\/\\\/qtmm.org\\\/qt\\\/#\\\/schema\\\/person\\\/de562469f971dec226ac06e60bbf74a7\"},\"headline\":\"Mustafa Cemilev Q\u0131r\u0131mda milletlerara munasebetler problemini Ukraina Yuqar\u0131 \u015euras\u0131n\u0131\u00f1 Q\u0131r\u0131m meseleleri boyunca muvaqqat komissiyas\u0131 vek\u00e2letlikleri cedveline kirsetmekni teklif etti\",\"datePublished\":\"2013-07-04T12:23:00+00:00\",\"dateModified\":\"2022-01-25T12:24:40+00:00\",\"mainEntityOfPage\":{\"@id\":\"https:\\\/\\\/qtmm.org\\\/qt\\\/mustafa-cemilev-qirimda-milletlerara-munasebetler-problemini-ukraina-yuqari-surasinin-qirim-meseleleri-boyunca-muvaqqat-komissiyasi-vekaletlikleri-cedveline-kirsetmekni-teklif-etti\\\/\"},\"wordCount\":105,\"commentCount\":0,\"publisher\":{\"@id\":\"https:\\\/\\\/qtmm.org\\\/qt\\\/#organization\"},\"image\":{\"@id\":\"https:\\\/\\\/qtmm.org\\\/qt\\\/mustafa-cemilev-qirimda-milletlerara-munasebetler-problemini-ukraina-yuqari-surasinin-qirim-meseleleri-boyunca-muvaqqat-komissiyasi-vekaletlikleri-cedveline-kirsetmekni-teklif-etti\\\/#primaryimage\"},\"thumbnailUrl\":\"https:\\\/\\\/qtmm.org\\\/wp-content\\\/uploads\\\/2022\\\/01\\\/foto_7-1.jpeg\",\"articleSection\":[\"Haberler\"],\"inLanguage\":\"qt\",\"potentialAction\":[{\"@type\":\"CommentAction\",\"name\":\"Comment\",\"target\":[\"https:\\\/\\\/qtmm.org\\\/qt\\\/mustafa-cemilev-qirimda-milletlerara-munasebetler-problemini-ukraina-yuqari-surasinin-qirim-meseleleri-boyunca-muvaqqat-komissiyasi-vekaletlikleri-cedveline-kirsetmekni-teklif-etti\\\/#respond\"]}]},{\"@type\":\"WebPage\",\"@id\":\"https:\\\/\\\/qtmm.org\\\/qt\\\/mustafa-cemilev-qirimda-milletlerara-munasebetler-problemini-ukraina-yuqari-surasinin-qirim-meseleleri-boyunca-muvaqqat-komissiyasi-vekaletlikleri-cedveline-kirsetmekni-teklif-etti\\\/\",\"url\":\"https:\\\/\\\/qtmm.org\\\/qt\\\/mustafa-cemilev-qirimda-milletlerara-munasebetler-problemini-ukraina-yuqari-surasinin-qirim-meseleleri-boyunca-muvaqqat-komissiyasi-vekaletlikleri-cedveline-kirsetmekni-teklif-etti\\\/\",\"name\":\"Mustafa Cemilev Q\u0131r\u0131mda milletlerara munasebetler problemini Ukraina Yuqar\u0131 \u015euras\u0131n\u0131\u00f1 Q\u0131r\u0131m meseleleri boyunca muvaqqat komissiyas\u0131 vek\u00e2letlikleri cedveline kirsetmekni teklif etti - \u041c\u0435\u0434\u0436\u043b\u0456\u0441\",\"isPartOf\":{\"@id\":\"https:\\\/\\\/qtmm.org\\\/qt\\\/#website\"},\"primaryImageOfPage\":{\"@id\":\"https:\\\/\\\/qtmm.org\\\/qt\\\/mustafa-cemilev-qirimda-milletlerara-munasebetler-problemini-ukraina-yuqari-surasinin-qirim-meseleleri-boyunca-muvaqqat-komissiyasi-vekaletlikleri-cedveline-kirsetmekni-teklif-etti\\\/#primaryimage\"},\"image\":{\"@id\":\"https:\\\/\\\/qtmm.org\\\/qt\\\/mustafa-cemilev-qirimda-milletlerara-munasebetler-problemini-ukraina-yuqari-surasinin-qirim-meseleleri-boyunca-muvaqqat-komissiyasi-vekaletlikleri-cedveline-kirsetmekni-teklif-etti\\\/#primaryimage\"},\"thumbnailUrl\":\"https:\\\/\\\/qtmm.org\\\/wp-content\\\/uploads\\\/2022\\\/01\\\/foto_7-1.jpeg\",\"datePublished\":\"2013-07-04T12:23:00+00:00\",\"dateModified\":\"2022-01-25T12:24:40+00:00\",\"breadcrumb\":{\"@id\":\"https:\\\/\\\/qtmm.org\\\/qt\\\/mustafa-cemilev-qirimda-milletlerara-munasebetler-problemini-ukraina-yuqari-surasinin-qirim-meseleleri-boyunca-muvaqqat-komissiyasi-vekaletlikleri-cedveline-kirsetmekni-teklif-etti\\\/#breadcrumb\"},\"inLanguage\":\"qt\",\"potentialAction\":[{\"@type\":\"ReadAction\",\"target\":[\"https:\\\/\\\/qtmm.org\\\/qt\\\/mustafa-cemilev-qirimda-milletlerara-munasebetler-problemini-ukraina-yuqari-surasinin-qirim-meseleleri-boyunca-muvaqqat-komissiyasi-vekaletlikleri-cedveline-kirsetmekni-teklif-etti\\\/\"]}]},{\"@type\":\"ImageObject\",\"inLanguage\":\"qt\",\"@id\":\"https:\\\/\\\/qtmm.org\\\/qt\\\/mustafa-cemilev-qirimda-milletlerara-munasebetler-problemini-ukraina-yuqari-surasinin-qirim-meseleleri-boyunca-muvaqqat-komissiyasi-vekaletlikleri-cedveline-kirsetmekni-teklif-etti\\\/#primaryimage\",\"url\":\"https:\\\/\\\/qtmm.org\\\/wp-content\\\/uploads\\\/2022\\\/01\\\/foto_7-1.jpeg\",\"contentUrl\":\"https:\\\/\\\/qtmm.org\\\/wp-content\\\/uploads\\\/2022\\\/01\\\/foto_7-1.jpeg\",\"width\":800,\"height\":600},{\"@type\":\"BreadcrumbList\",\"@id\":\"https:\\\/\\\/qtmm.org\\\/qt\\\/mustafa-cemilev-qirimda-milletlerara-munasebetler-problemini-ukraina-yuqari-surasinin-qirim-meseleleri-boyunca-muvaqqat-komissiyasi-vekaletlikleri-cedveline-kirsetmekni-teklif-etti\\\/#breadcrumb\",\"itemListElement\":[{\"@type\":\"ListItem\",\"position\":1,\"name\":\"\u0413\u043e\u043b\u043e\u0432\u043d\u0430\",\"item\":\"https:\\\/\\\/qtmm.org\\\/qt\\\/\"},{\"@type\":\"ListItem\",\"position\":2,\"name\":\"Mustafa Cemilev Q\u0131r\u0131mda milletlerara munasebetler problemini Ukraina Yuqar\u0131 \u015euras\u0131n\u0131\u00f1 Q\u0131r\u0131m meseleleri boyunca muvaqqat komissiyas\u0131 vek\u00e2letlikleri cedveline kirsetmekni teklif etti\"}]},{\"@type\":\"WebSite\",\"@id\":\"https:\\\/\\\/qtmm.org\\\/qt\\\/#website\",\"url\":\"https:\\\/\\\/qtmm.org\\\/qt\\\/\",\"name\":\"\u041c\u0435\u0434\u0436\u043b\u0456\u0441\",\"description\":\"\",\"publisher\":{\"@id\":\"https:\\\/\\\/qtmm.org\\\/qt\\\/#organization\"},\"potentialAction\":[{\"@type\":\"SearchAction\",\"target\":{\"@type\":\"EntryPoint\",\"urlTemplate\":\"https:\\\/\\\/qtmm.org\\\/qt\\\/?s={search_term_string}\"},\"query-input\":{\"@type\":\"PropertyValueSpecification\",\"valueRequired\":true,\"valueName\":\"search_term_string\"}}],\"inLanguage\":\"qt\"},{\"@type\":\"Organization\",\"@id\":\"https:\\\/\\\/qtmm.org\\\/qt\\\/#organization\",\"name\":\"\u041c\u0435\u0434\u0436\u043b\u0456\u0441\",\"url\":\"https:\\\/\\\/qtmm.org\\\/qt\\\/\",\"logo\":{\"@type\":\"ImageObject\",\"inLanguage\":\"qt\",\"@id\":\"https:\\\/\\\/qtmm.org\\\/qt\\\/#\\\/schema\\\/logo\\\/image\\\/\",\"url\":\"https:\\\/\\\/qtmm.org\\\/wp-content\\\/uploads\\\/2024\\\/12\\\/ua-mejlis-logo-rgb.svg\",\"contentUrl\":\"https:\\\/\\\/qtmm.org\\\/wp-content\\\/uploads\\\/2024\\\/12\\\/ua-mejlis-logo-rgb.svg\",\"caption\":\"\u041c\u0435\u0434\u0436\u043b\u0456\u0441\"},\"image\":{\"@id\":\"https:\\\/\\\/qtmm.org\\\/qt\\\/#\\\/schema\\\/logo\\\/image\\\/\"},\"sameAs\":[\"https:\\\/\\\/www.facebook.com\\\/qtmm.info\\\/\"]},{\"@type\":\"Person\",\"@id\":\"https:\\\/\\\/qtmm.org\\\/qt\\\/#\\\/schema\\\/person\\\/de562469f971dec226ac06e60bbf74a7\",\"name\":\"Developer\",\"image\":{\"@type\":\"ImageObject\",\"inLanguage\":\"qt\",\"@id\":\"https:\\\/\\\/secure.gravatar.com\\\/avatar\\\/392b4cc8fbfeb00b39dfeeab4ee6edded39ffd48e25858637e4765810300227e?s=96&d=mm&r=g\",\"url\":\"https:\\\/\\\/secure.gravatar.com\\\/avatar\\\/392b4cc8fbfeb00b39dfeeab4ee6edded39ffd48e25858637e4765810300227e?s=96&d=mm&r=g\",\"contentUrl\":\"https:\\\/\\\/secure.gravatar.com\\\/avatar\\\/392b4cc8fbfeb00b39dfeeab4ee6edded39ffd48e25858637e4765810300227e?s=96&d=mm&r=g\",\"caption\":\"Developer\"},\"url\":\"https:\\\/\\\/qtmm.org\\\/qt\\\/author\\\/Developer\\\/\"}]}<\/script>\n<!-- \/ Yoast SEO plugin. -->","yoast_head_json":{"title":"Mustafa Cemilev Q\u0131r\u0131mda milletlerara munasebetler problemini Ukraina Yuqar\u0131 \u015euras\u0131n\u0131\u00f1 Q\u0131r\u0131m meseleleri boyunca muvaqqat komissiyas\u0131 vek\u00e2letlikleri cedveline kirsetmekni teklif etti - \u041c\u0435\u0434\u0436\u043b\u0456\u0441","robots":{"index":"index","follow":"follow","max-snippet":"max-snippet:-1","max-image-preview":"max-image-preview:large","max-video-preview":"max-video-preview:-1"},"canonical":"https:\/\/qtmm.org\/qt\/mustafa-cemilev-qirimda-milletlerara-munasebetler-problemini-ukraina-yuqari-surasinin-qirim-meseleleri-boyunca-muvaqqat-komissiyasi-vekaletlikleri-cedveline-kirsetmekni-teklif-etti\/","og_locale":"en_US","og_type":"article","og_title":"Mustafa Cemilev Q\u0131r\u0131mda milletlerara munasebetler problemini Ukraina Yuqar\u0131 \u015euras\u0131n\u0131\u00f1 Q\u0131r\u0131m meseleleri boyunca muvaqqat komissiyas\u0131 vek\u00e2letlikleri cedveline kirsetmekni teklif etti - \u041c\u0435\u0434\u0436\u043b\u0456\u0441","og_description":"\u0130y\u00fcl 4 k\u00fcn\u00fc Ukraina Yuqar\u0131 \u015euras\u0131n\u0131\u00f1 Q\u0131r\u0131m meseleleri boyunca muvaqqat komissiyas\u0131n\u0131\u00f1 birinci topla\u015fuv\u0131nda Milliy Meclis reisi, Ukraina halq deputat\u0131 Mustafa Cemilev \u015fu komissiya azas\u0131 olaraq i\u015ftirak etti. \u00d6z k\u00e2tibi olaraq komissiya Yelena Netetskayan\u0131 saylad\u0131, bun\u0131\u00f1 kibi de mahsus komissiya vek\u00e2letliklerine dair meselelerni, \u015fu c\u00fcmleden Mustafa Cemilev teklif etken Q\u0131r\u0131mda milletlerara munasebetler problemini, tasdiqlad\u0131. Komissiya reisi [&hellip;]","og_url":"https:\/\/qtmm.org\/qt\/mustafa-cemilev-qirimda-milletlerara-munasebetler-problemini-ukraina-yuqari-surasinin-qirim-meseleleri-boyunca-muvaqqat-komissiyasi-vekaletlikleri-cedveline-kirsetmekni-teklif-etti\/","og_site_name":"\u041c\u0435\u0434\u0436\u043b\u0456\u0441","article_publisher":"https:\/\/www.facebook.com\/qtmm.info\/","article_published_time":"2013-07-04T12:23:00+00:00","article_modified_time":"2022-01-25T12:24:40+00:00","og_image":[{"width":800,"height":600,"url":"https:\/\/qtmm.org\/wp-content\/uploads\/2022\/01\/foto_7-1.jpeg","type":"image\/jpeg"}],"author":"Developer","twitter_card":"summary_large_image","twitter_misc":{"Written by":"Developer"},"schema":{"@context":"https:\/\/schema.org","@graph":[{"@type":"Article","@id":"https:\/\/qtmm.org\/qt\/mustafa-cemilev-qirimda-milletlerara-munasebetler-problemini-ukraina-yuqari-surasinin-qirim-meseleleri-boyunca-muvaqqat-komissiyasi-vekaletlikleri-cedveline-kirsetmekni-teklif-etti\/#article","isPartOf":{"@id":"https:\/\/qtmm.org\/qt\/mustafa-cemilev-qirimda-milletlerara-munasebetler-problemini-ukraina-yuqari-surasinin-qirim-meseleleri-boyunca-muvaqqat-komissiyasi-vekaletlikleri-cedveline-kirsetmekni-teklif-etti\/"},"author":{"name":"Developer","@id":"https:\/\/qtmm.org\/qt\/#\/schema\/person\/de562469f971dec226ac06e60bbf74a7"},"headline":"Mustafa Cemilev Q\u0131r\u0131mda milletlerara munasebetler problemini Ukraina Yuqar\u0131 \u015euras\u0131n\u0131\u00f1 Q\u0131r\u0131m meseleleri boyunca muvaqqat komissiyas\u0131 vek\u00e2letlikleri cedveline kirsetmekni teklif etti","datePublished":"2013-07-04T12:23:00+00:00","dateModified":"2022-01-25T12:24:40+00:00","mainEntityOfPage":{"@id":"https:\/\/qtmm.org\/qt\/mustafa-cemilev-qirimda-milletlerara-munasebetler-problemini-ukraina-yuqari-surasinin-qirim-meseleleri-boyunca-muvaqqat-komissiyasi-vekaletlikleri-cedveline-kirsetmekni-teklif-etti\/"},"wordCount":105,"commentCount":0,"publisher":{"@id":"https:\/\/qtmm.org\/qt\/#organization"},"image":{"@id":"https:\/\/qtmm.org\/qt\/mustafa-cemilev-qirimda-milletlerara-munasebetler-problemini-ukraina-yuqari-surasinin-qirim-meseleleri-boyunca-muvaqqat-komissiyasi-vekaletlikleri-cedveline-kirsetmekni-teklif-etti\/#primaryimage"},"thumbnailUrl":"https:\/\/qtmm.org\/wp-content\/uploads\/2022\/01\/foto_7-1.jpeg","articleSection":["Haberler"],"inLanguage":"qt","potentialAction":[{"@type":"CommentAction","name":"Comment","target":["https:\/\/qtmm.org\/qt\/mustafa-cemilev-qirimda-milletlerara-munasebetler-problemini-ukraina-yuqari-surasinin-qirim-meseleleri-boyunca-muvaqqat-komissiyasi-vekaletlikleri-cedveline-kirsetmekni-teklif-etti\/#respond"]}]},{"@type":"WebPage","@id":"https:\/\/qtmm.org\/qt\/mustafa-cemilev-qirimda-milletlerara-munasebetler-problemini-ukraina-yuqari-surasinin-qirim-meseleleri-boyunca-muvaqqat-komissiyasi-vekaletlikleri-cedveline-kirsetmekni-teklif-etti\/","url":"https:\/\/qtmm.org\/qt\/mustafa-cemilev-qirimda-milletlerara-munasebetler-problemini-ukraina-yuqari-surasinin-qirim-meseleleri-boyunca-muvaqqat-komissiyasi-vekaletlikleri-cedveline-kirsetmekni-teklif-etti\/","name":"Mustafa Cemilev Q\u0131r\u0131mda milletlerara munasebetler problemini Ukraina Yuqar\u0131 \u015euras\u0131n\u0131\u00f1 Q\u0131r\u0131m meseleleri boyunca muvaqqat komissiyas\u0131 vek\u00e2letlikleri cedveline kirsetmekni teklif etti - \u041c\u0435\u0434\u0436\u043b\u0456\u0441","isPartOf":{"@id":"https:\/\/qtmm.org\/qt\/#website"},"primaryImageOfPage":{"@id":"https:\/\/qtmm.org\/qt\/mustafa-cemilev-qirimda-milletlerara-munasebetler-problemini-ukraina-yuqari-surasinin-qirim-meseleleri-boyunca-muvaqqat-komissiyasi-vekaletlikleri-cedveline-kirsetmekni-teklif-etti\/#primaryimage"},"image":{"@id":"https:\/\/qtmm.org\/qt\/mustafa-cemilev-qirimda-milletlerara-munasebetler-problemini-ukraina-yuqari-surasinin-qirim-meseleleri-boyunca-muvaqqat-komissiyasi-vekaletlikleri-cedveline-kirsetmekni-teklif-etti\/#primaryimage"},"thumbnailUrl":"https:\/\/qtmm.org\/wp-content\/uploads\/2022\/01\/foto_7-1.jpeg","datePublished":"2013-07-04T12:23:00+00:00","dateModified":"2022-01-25T12:24:40+00:00","breadcrumb":{"@id":"https:\/\/qtmm.org\/qt\/mustafa-cemilev-qirimda-milletlerara-munasebetler-problemini-ukraina-yuqari-surasinin-qirim-meseleleri-boyunca-muvaqqat-komissiyasi-vekaletlikleri-cedveline-kirsetmekni-teklif-etti\/#breadcrumb"},"inLanguage":"qt","potentialAction":[{"@type":"ReadAction","target":["https:\/\/qtmm.org\/qt\/mustafa-cemilev-qirimda-milletlerara-munasebetler-problemini-ukraina-yuqari-surasinin-qirim-meseleleri-boyunca-muvaqqat-komissiyasi-vekaletlikleri-cedveline-kirsetmekni-teklif-etti\/"]}]},{"@type":"ImageObject","inLanguage":"qt","@id":"https:\/\/qtmm.org\/qt\/mustafa-cemilev-qirimda-milletlerara-munasebetler-problemini-ukraina-yuqari-surasinin-qirim-meseleleri-boyunca-muvaqqat-komissiyasi-vekaletlikleri-cedveline-kirsetmekni-teklif-etti\/#primaryimage","url":"https:\/\/qtmm.org\/wp-content\/uploads\/2022\/01\/foto_7-1.jpeg","contentUrl":"https:\/\/qtmm.org\/wp-content\/uploads\/2022\/01\/foto_7-1.jpeg","width":800,"height":600},{"@type":"BreadcrumbList","@id":"https:\/\/qtmm.org\/qt\/mustafa-cemilev-qirimda-milletlerara-munasebetler-problemini-ukraina-yuqari-surasinin-qirim-meseleleri-boyunca-muvaqqat-komissiyasi-vekaletlikleri-cedveline-kirsetmekni-teklif-etti\/#breadcrumb","itemListElement":[{"@type":"ListItem","position":1,"name":"\u0413\u043e\u043b\u043e\u0432\u043d\u0430","item":"https:\/\/qtmm.org\/qt\/"},{"@type":"ListItem","position":2,"name":"Mustafa Cemilev Q\u0131r\u0131mda milletlerara munasebetler problemini Ukraina Yuqar\u0131 \u015euras\u0131n\u0131\u00f1 Q\u0131r\u0131m meseleleri boyunca muvaqqat komissiyas\u0131 vek\u00e2letlikleri cedveline kirsetmekni teklif etti"}]},{"@type":"WebSite","@id":"https:\/\/qtmm.org\/qt\/#website","url":"https:\/\/qtmm.org\/qt\/","name":"\u041c\u0435\u0434\u0436\u043b\u0456\u0441","description":"","publisher":{"@id":"https:\/\/qtmm.org\/qt\/#organization"},"potentialAction":[{"@type":"SearchAction","target":{"@type":"EntryPoint","urlTemplate":"https:\/\/qtmm.org\/qt\/?s={search_term_string}"},"query-input":{"@type":"PropertyValueSpecification","valueRequired":true,"valueName":"search_term_string"}}],"inLanguage":"qt"},{"@type":"Organization","@id":"https:\/\/qtmm.org\/qt\/#organization","name":"\u041c\u0435\u0434\u0436\u043b\u0456\u0441","url":"https:\/\/qtmm.org\/qt\/","logo":{"@type":"ImageObject","inLanguage":"qt","@id":"https:\/\/qtmm.org\/qt\/#\/schema\/logo\/image\/","url":"https:\/\/qtmm.org\/wp-content\/uploads\/2024\/12\/ua-mejlis-logo-rgb.svg","contentUrl":"https:\/\/qtmm.org\/wp-content\/uploads\/2024\/12\/ua-mejlis-logo-rgb.svg","caption":"\u041c\u0435\u0434\u0436\u043b\u0456\u0441"},"image":{"@id":"https:\/\/qtmm.org\/qt\/#\/schema\/logo\/image\/"},"sameAs":["https:\/\/www.facebook.com\/qtmm.info\/"]},{"@type":"Person","@id":"https:\/\/qtmm.org\/qt\/#\/schema\/person\/de562469f971dec226ac06e60bbf74a7","name":"Developer","image":{"@type":"ImageObject","inLanguage":"qt","@id":"https:\/\/secure.gravatar.com\/avatar\/392b4cc8fbfeb00b39dfeeab4ee6edded39ffd48e25858637e4765810300227e?s=96&d=mm&r=g","url":"https:\/\/secure.gravatar.com\/avatar\/392b4cc8fbfeb00b39dfeeab4ee6edded39ffd48e25858637e4765810300227e?s=96&d=mm&r=g","contentUrl":"https:\/\/secure.gravatar.com\/avatar\/392b4cc8fbfeb00b39dfeeab4ee6edded39ffd48e25858637e4765810300227e?s=96&d=mm&r=g","caption":"Developer"},"url":"https:\/\/qtmm.org\/qt\/author\/Developer\/"}]}},"_links":{"self":[{"href":"https:\/\/qtmm.org\/qt\/wp-json\/wp\/v2\/posts\/38495","targetHints":{"allow":["GET"]}}],"collection":[{"href":"https:\/\/qtmm.org\/qt\/wp-json\/wp\/v2\/posts"}],"about":[{"href":"https:\/\/qtmm.org\/qt\/wp-json\/wp\/v2\/types\/post"}],"author":[{"embeddable":true,"href":"https:\/\/qtmm.org\/qt\/wp-json\/wp\/v2\/users\/1"}],"replies":[{"embeddable":true,"href":"https:\/\/qtmm.org\/qt\/wp-json\/wp\/v2\/comments?post=38495"}],"version-history":[{"count":1,"href":"https:\/\/qtmm.org\/qt\/wp-json\/wp\/v2\/posts\/38495\/revisions"}],"predecessor-version":[{"id":38508,"href":"https:\/\/qtmm.org\/qt\/wp-json\/wp\/v2\/posts\/38495\/revisions\/38508"}],"wp:featuredmedia":[{"embeddable":true,"href":"https:\/\/qtmm.org\/qt\/wp-json\/wp\/v2\/media\/38504"}],"wp:attachment":[{"href":"https:\/\/qtmm.org\/qt\/wp-json\/wp\/v2\/media?parent=38495"}],"wp:term":[{"taxonomy":"category","embeddable":true,"href":"https:\/\/qtmm.org\/qt\/wp-json\/wp\/v2\/categories?post=38495"},{"taxonomy":"post_tag","embeddable":true,"href":"https:\/\/qtmm.org\/qt\/wp-json\/wp\/v2\/tags?post=38495"}],"curies":[{"name":"wp","href":"https:\/\/api.w.org\/{rel}","templated":true}]}}