




{"id":38481,"date":"2013-07-03T14:40:00","date_gmt":"2013-07-03T11:40:00","guid":{"rendered":"http:\/\/qtmm.org\/?p=38481"},"modified":"2022-01-25T15:22:55","modified_gmt":"2022-01-25T12:22:55","slug":"ukraina-halq-deputati-mustafa-cemilev-ukraina-yuqari-surasinin-frenkistan-ile-parlamentlerara-alaqasi-boyunca-deputat-gruppasinin-tesis-meclisine-qatildi","status":"publish","type":"post","link":"https:\/\/qtmm.org\/qt\/ukraina-halq-deputati-mustafa-cemilev-ukraina-yuqari-surasinin-frenkistan-ile-parlamentlerara-alaqasi-boyunca-deputat-gruppasinin-tesis-meclisine-qatildi\/","title":{"rendered":"Ukraina halq deputat\u0131 Mustafa Cemilev Ukraina Yuqar\u0131 \u015euras\u0131n\u0131\u00f1 Frenkistan ile parlamentlerara al\u00e2qas\u0131 boyunca deputat gruppas\u0131n\u0131\u00f1 tesis meclisine qat\u0131ld\u0131"},"content":{"rendered":"\n<p>2013 senesi iy\u00fcl 3 k\u00fcn\u00fc Ukraina halq deputat\u0131, Milliy Meclis reisi Mustafa Cemilev Ukraina Yuqar\u0131 \u015euras\u0131n\u0131\u00f1 Frenkistan Cumhuriyeti ile parlamentlerara al\u00e2qas\u0131 boyunca deputat gruppas\u0131n\u0131\u00f1 tesis topla\u015fuv\u0131nda i\u015ftirak etti.<\/p>\n\n\n\n<figure class=\"wp-block-image size-full\"><img loading=\"lazy\" decoding=\"async\" width=\"800\" height=\"600\" src=\"http:\/\/qtmm.org\/wp-content\/uploads\/2022\/01\/foto_2_4.jpeg\" alt=\"\" class=\"wp-image-38482\" srcset=\"https:\/\/qtmm.org\/wp-content\/uploads\/2022\/01\/foto_2_4.jpeg 800w, https:\/\/qtmm.org\/wp-content\/uploads\/2022\/01\/foto_2_4-300x225.jpeg 300w, https:\/\/qtmm.org\/wp-content\/uploads\/2022\/01\/foto_2_4-768x576.jpeg 768w\" sizes=\"auto, (max-width: 800px) 100vw, 800px\" \/><\/figure>\n\n\n\n<p>Deputat gruppas\u0131n\u0131\u00f1 meclisinde Frenkistann\u0131\u00f1 Ukrainadaki El\u00e7isi Alan Remi de bulund\u0131.<\/p>\n\n\n\n<figure class=\"wp-block-image size-full\"><img loading=\"lazy\" decoding=\"async\" width=\"800\" height=\"600\" src=\"http:\/\/qtmm.org\/wp-content\/uploads\/2022\/01\/foto_6.jpeg\" alt=\"\" class=\"wp-image-38486\" srcset=\"https:\/\/qtmm.org\/wp-content\/uploads\/2022\/01\/foto_6.jpeg 800w, https:\/\/qtmm.org\/wp-content\/uploads\/2022\/01\/foto_6-300x225.jpeg 300w, https:\/\/qtmm.org\/wp-content\/uploads\/2022\/01\/foto_6-768x576.jpeg 768w\" sizes=\"auto, (max-width: 800px) 100vw, 800px\" \/><\/figure>\n\n\n\n<p>&#8220;Ukraina-Frantsiya&#8221; deputat gruppas\u0131na Ukraina taraf\u0131ndan Sergey Mi\u015f\u00e7enko ve Dmitriy Sv\u00e2t\u0131\u015f yolba\u015f\u00e7\u0131l\u0131q yapalar.<\/p>\n\n\n\n<p>Gruppa 10 departamentni tizip, 2013 senesine i\u015f plan\u0131n\u0131 belgiledi.<\/p>\n\n\n\n<figure class=\"wp-block-image size-full\"><img loading=\"lazy\" decoding=\"async\" width=\"800\" height=\"600\" src=\"http:\/\/qtmm.org\/wp-content\/uploads\/2022\/01\/foto_1_6.jpeg\" alt=\"\" class=\"wp-image-38490\" srcset=\"https:\/\/qtmm.org\/wp-content\/uploads\/2022\/01\/foto_1_6.jpeg 800w, https:\/\/qtmm.org\/wp-content\/uploads\/2022\/01\/foto_1_6-300x225.jpeg 300w, https:\/\/qtmm.org\/wp-content\/uploads\/2022\/01\/foto_1_6-768x576.jpeg 768w\" sizes=\"auto, (max-width: 800px) 100vw, 800px\" \/><\/figure>\n","protected":false},"excerpt":{"rendered":"<p>2013 senesi iy\u00fcl 3 k\u00fcn\u00fc Ukraina halq deputat\u0131, Milliy Meclis reisi Mustafa Cemilev Ukraina Yuqar\u0131 \u015euras\u0131n\u0131\u00f1 Frenkistan Cumhuriyeti ile parlamentlerara al\u00e2qas\u0131 boyunca deputat gruppas\u0131n\u0131\u00f1 tesis topla\u015fuv\u0131nda i\u015ftirak etti. Deputat gruppas\u0131n\u0131\u00f1 meclisinde Frenkistann\u0131\u00f1 Ukrainadaki El\u00e7isi Alan Remi de bulund\u0131. &#8220;Ukraina-Frantsiya&#8221; deputat gruppas\u0131na Ukraina taraf\u0131ndan Sergey Mi\u015f\u00e7enko ve Dmitriy Sv\u00e2t\u0131\u015f yolba\u015f\u00e7\u0131l\u0131q yapalar. Gruppa 10 departamentni tizip, 2013 [&hellip;]<\/p>\n","protected":false},"author":1,"featured_media":0,"comment_status":"open","ping_status":"open","sticky":false,"template":"","format":"standard","meta":{"inline_featured_image":false,"footnotes":""},"categories":[265],"tags":[],"class_list":["post-38481","post","type-post","status-publish","format-standard","hentry","category-haberler"],"acf":[],"yoast_head":"<!-- This site is optimized with the Yoast SEO plugin v27.4 - https:\/\/yoast.com\/product\/yoast-seo-wordpress\/ -->\n<title>Ukraina halq deputat\u0131 Mustafa Cemilev Ukraina Yuqar\u0131 \u015euras\u0131n\u0131\u00f1 Frenkistan ile parlamentlerara al\u00e2qas\u0131 boyunca deputat gruppas\u0131n\u0131\u00f1 tesis meclisine qat\u0131ld\u0131 - \u041c\u0435\u0434\u0436\u043b\u0456\u0441<\/title>\n<meta name=\"robots\" content=\"index, follow, max-snippet:-1, max-image-preview:large, max-video-preview:-1\" \/>\n<link rel=\"canonical\" href=\"https:\/\/qtmm.org\/qt\/ukraina-halq-deputati-mustafa-cemilev-ukraina-yuqari-surasinin-frenkistan-ile-parlamentlerara-alaqasi-boyunca-deputat-gruppasinin-tesis-meclisine-qatildi\/\" \/>\n<meta property=\"og:locale\" content=\"en_US\" \/>\n<meta property=\"og:type\" content=\"article\" \/>\n<meta property=\"og:title\" content=\"Ukraina halq deputat\u0131 Mustafa Cemilev Ukraina Yuqar\u0131 \u015euras\u0131n\u0131\u00f1 Frenkistan ile parlamentlerara al\u00e2qas\u0131 boyunca deputat gruppas\u0131n\u0131\u00f1 tesis meclisine qat\u0131ld\u0131 - \u041c\u0435\u0434\u0436\u043b\u0456\u0441\" \/>\n<meta property=\"og:description\" content=\"2013 senesi iy\u00fcl 3 k\u00fcn\u00fc Ukraina halq deputat\u0131, Milliy Meclis reisi Mustafa Cemilev Ukraina Yuqar\u0131 \u015euras\u0131n\u0131\u00f1 Frenkistan Cumhuriyeti ile parlamentlerara al\u00e2qas\u0131 boyunca deputat gruppas\u0131n\u0131\u00f1 tesis topla\u015fuv\u0131nda i\u015ftirak etti. Deputat gruppas\u0131n\u0131\u00f1 meclisinde Frenkistann\u0131\u00f1 Ukrainadaki El\u00e7isi Alan Remi de bulund\u0131. &#8220;Ukraina-Frantsiya&#8221; deputat gruppas\u0131na Ukraina taraf\u0131ndan Sergey Mi\u015f\u00e7enko ve Dmitriy Sv\u00e2t\u0131\u015f yolba\u015f\u00e7\u0131l\u0131q yapalar. Gruppa 10 departamentni tizip, 2013 [&hellip;]\" \/>\n<meta property=\"og:url\" content=\"https:\/\/qtmm.org\/qt\/ukraina-halq-deputati-mustafa-cemilev-ukraina-yuqari-surasinin-frenkistan-ile-parlamentlerara-alaqasi-boyunca-deputat-gruppasinin-tesis-meclisine-qatildi\/\" \/>\n<meta property=\"og:site_name\" content=\"\u041c\u0435\u0434\u0436\u043b\u0456\u0441\" \/>\n<meta property=\"article:publisher\" content=\"https:\/\/www.facebook.com\/qtmm.info\/\" \/>\n<meta property=\"article:published_time\" content=\"2013-07-03T11:40:00+00:00\" \/>\n<meta property=\"article:modified_time\" content=\"2022-01-25T12:22:55+00:00\" \/>\n<meta property=\"og:image\" content=\"https:\/\/qtmm.org\/wp-content\/uploads\/2022\/01\/foto_2_4.jpeg\" \/>\n\t<meta property=\"og:image:width\" content=\"800\" \/>\n\t<meta property=\"og:image:height\" content=\"600\" \/>\n\t<meta property=\"og:image:type\" content=\"image\/jpeg\" \/>\n<meta name=\"author\" content=\"Developer\" \/>\n<meta name=\"twitter:card\" content=\"summary_large_image\" \/>\n<meta name=\"twitter:label1\" content=\"Written by\" \/>\n\t<meta name=\"twitter:data1\" content=\"Developer\" \/>\n<script type=\"application\/ld+json\" class=\"yoast-schema-graph\">{\"@context\":\"https:\\\/\\\/schema.org\",\"@graph\":[{\"@type\":\"Article\",\"@id\":\"https:\\\/\\\/qtmm.org\\\/qt\\\/ukraina-halq-deputati-mustafa-cemilev-ukraina-yuqari-surasinin-frenkistan-ile-parlamentlerara-alaqasi-boyunca-deputat-gruppasinin-tesis-meclisine-qatildi\\\/#article\",\"isPartOf\":{\"@id\":\"https:\\\/\\\/qtmm.org\\\/qt\\\/ukraina-halq-deputati-mustafa-cemilev-ukraina-yuqari-surasinin-frenkistan-ile-parlamentlerara-alaqasi-boyunca-deputat-gruppasinin-tesis-meclisine-qatildi\\\/\"},\"author\":{\"name\":\"Developer\",\"@id\":\"https:\\\/\\\/qtmm.org\\\/qt\\\/#\\\/schema\\\/person\\\/de562469f971dec226ac06e60bbf74a7\"},\"headline\":\"Ukraina halq deputat\u0131 Mustafa Cemilev Ukraina Yuqar\u0131 \u015euras\u0131n\u0131\u00f1 Frenkistan ile parlamentlerara al\u00e2qas\u0131 boyunca deputat gruppas\u0131n\u0131\u00f1 tesis meclisine qat\u0131ld\u0131\",\"datePublished\":\"2013-07-03T11:40:00+00:00\",\"dateModified\":\"2022-01-25T12:22:55+00:00\",\"mainEntityOfPage\":{\"@id\":\"https:\\\/\\\/qtmm.org\\\/qt\\\/ukraina-halq-deputati-mustafa-cemilev-ukraina-yuqari-surasinin-frenkistan-ile-parlamentlerara-alaqasi-boyunca-deputat-gruppasinin-tesis-meclisine-qatildi\\\/\"},\"wordCount\":94,\"commentCount\":0,\"publisher\":{\"@id\":\"https:\\\/\\\/qtmm.org\\\/qt\\\/#organization\"},\"image\":{\"@id\":\"https:\\\/\\\/qtmm.org\\\/qt\\\/ukraina-halq-deputati-mustafa-cemilev-ukraina-yuqari-surasinin-frenkistan-ile-parlamentlerara-alaqasi-boyunca-deputat-gruppasinin-tesis-meclisine-qatildi\\\/#primaryimage\"},\"thumbnailUrl\":\"http:\\\/\\\/qtmm.org\\\/wp-content\\\/uploads\\\/2022\\\/01\\\/foto_2_4.jpeg\",\"articleSection\":[\"Haberler\"],\"inLanguage\":\"qt\",\"potentialAction\":[{\"@type\":\"CommentAction\",\"name\":\"Comment\",\"target\":[\"https:\\\/\\\/qtmm.org\\\/qt\\\/ukraina-halq-deputati-mustafa-cemilev-ukraina-yuqari-surasinin-frenkistan-ile-parlamentlerara-alaqasi-boyunca-deputat-gruppasinin-tesis-meclisine-qatildi\\\/#respond\"]}]},{\"@type\":\"WebPage\",\"@id\":\"https:\\\/\\\/qtmm.org\\\/qt\\\/ukraina-halq-deputati-mustafa-cemilev-ukraina-yuqari-surasinin-frenkistan-ile-parlamentlerara-alaqasi-boyunca-deputat-gruppasinin-tesis-meclisine-qatildi\\\/\",\"url\":\"https:\\\/\\\/qtmm.org\\\/qt\\\/ukraina-halq-deputati-mustafa-cemilev-ukraina-yuqari-surasinin-frenkistan-ile-parlamentlerara-alaqasi-boyunca-deputat-gruppasinin-tesis-meclisine-qatildi\\\/\",\"name\":\"Ukraina halq deputat\u0131 Mustafa Cemilev Ukraina Yuqar\u0131 \u015euras\u0131n\u0131\u00f1 Frenkistan ile parlamentlerara al\u00e2qas\u0131 boyunca deputat gruppas\u0131n\u0131\u00f1 tesis meclisine qat\u0131ld\u0131 - \u041c\u0435\u0434\u0436\u043b\u0456\u0441\",\"isPartOf\":{\"@id\":\"https:\\\/\\\/qtmm.org\\\/qt\\\/#website\"},\"primaryImageOfPage\":{\"@id\":\"https:\\\/\\\/qtmm.org\\\/qt\\\/ukraina-halq-deputati-mustafa-cemilev-ukraina-yuqari-surasinin-frenkistan-ile-parlamentlerara-alaqasi-boyunca-deputat-gruppasinin-tesis-meclisine-qatildi\\\/#primaryimage\"},\"image\":{\"@id\":\"https:\\\/\\\/qtmm.org\\\/qt\\\/ukraina-halq-deputati-mustafa-cemilev-ukraina-yuqari-surasinin-frenkistan-ile-parlamentlerara-alaqasi-boyunca-deputat-gruppasinin-tesis-meclisine-qatildi\\\/#primaryimage\"},\"thumbnailUrl\":\"http:\\\/\\\/qtmm.org\\\/wp-content\\\/uploads\\\/2022\\\/01\\\/foto_2_4.jpeg\",\"datePublished\":\"2013-07-03T11:40:00+00:00\",\"dateModified\":\"2022-01-25T12:22:55+00:00\",\"breadcrumb\":{\"@id\":\"https:\\\/\\\/qtmm.org\\\/qt\\\/ukraina-halq-deputati-mustafa-cemilev-ukraina-yuqari-surasinin-frenkistan-ile-parlamentlerara-alaqasi-boyunca-deputat-gruppasinin-tesis-meclisine-qatildi\\\/#breadcrumb\"},\"inLanguage\":\"qt\",\"potentialAction\":[{\"@type\":\"ReadAction\",\"target\":[\"https:\\\/\\\/qtmm.org\\\/qt\\\/ukraina-halq-deputati-mustafa-cemilev-ukraina-yuqari-surasinin-frenkistan-ile-parlamentlerara-alaqasi-boyunca-deputat-gruppasinin-tesis-meclisine-qatildi\\\/\"]}]},{\"@type\":\"ImageObject\",\"inLanguage\":\"qt\",\"@id\":\"https:\\\/\\\/qtmm.org\\\/qt\\\/ukraina-halq-deputati-mustafa-cemilev-ukraina-yuqari-surasinin-frenkistan-ile-parlamentlerara-alaqasi-boyunca-deputat-gruppasinin-tesis-meclisine-qatildi\\\/#primaryimage\",\"url\":\"http:\\\/\\\/qtmm.org\\\/wp-content\\\/uploads\\\/2022\\\/01\\\/foto_2_4.jpeg\",\"contentUrl\":\"http:\\\/\\\/qtmm.org\\\/wp-content\\\/uploads\\\/2022\\\/01\\\/foto_2_4.jpeg\"},{\"@type\":\"BreadcrumbList\",\"@id\":\"https:\\\/\\\/qtmm.org\\\/qt\\\/ukraina-halq-deputati-mustafa-cemilev-ukraina-yuqari-surasinin-frenkistan-ile-parlamentlerara-alaqasi-boyunca-deputat-gruppasinin-tesis-meclisine-qatildi\\\/#breadcrumb\",\"itemListElement\":[{\"@type\":\"ListItem\",\"position\":1,\"name\":\"\u0413\u043e\u043b\u043e\u0432\u043d\u0430\",\"item\":\"https:\\\/\\\/qtmm.org\\\/qt\\\/\"},{\"@type\":\"ListItem\",\"position\":2,\"name\":\"Ukraina halq deputat\u0131 Mustafa Cemilev Ukraina Yuqar\u0131 \u015euras\u0131n\u0131\u00f1 Frenkistan ile parlamentlerara al\u00e2qas\u0131 boyunca deputat gruppas\u0131n\u0131\u00f1 tesis meclisine qat\u0131ld\u0131\"}]},{\"@type\":\"WebSite\",\"@id\":\"https:\\\/\\\/qtmm.org\\\/qt\\\/#website\",\"url\":\"https:\\\/\\\/qtmm.org\\\/qt\\\/\",\"name\":\"\u041c\u0435\u0434\u0436\u043b\u0456\u0441\",\"description\":\"\",\"publisher\":{\"@id\":\"https:\\\/\\\/qtmm.org\\\/qt\\\/#organization\"},\"potentialAction\":[{\"@type\":\"SearchAction\",\"target\":{\"@type\":\"EntryPoint\",\"urlTemplate\":\"https:\\\/\\\/qtmm.org\\\/qt\\\/?s={search_term_string}\"},\"query-input\":{\"@type\":\"PropertyValueSpecification\",\"valueRequired\":true,\"valueName\":\"search_term_string\"}}],\"inLanguage\":\"qt\"},{\"@type\":\"Organization\",\"@id\":\"https:\\\/\\\/qtmm.org\\\/qt\\\/#organization\",\"name\":\"\u041c\u0435\u0434\u0436\u043b\u0456\u0441\",\"url\":\"https:\\\/\\\/qtmm.org\\\/qt\\\/\",\"logo\":{\"@type\":\"ImageObject\",\"inLanguage\":\"qt\",\"@id\":\"https:\\\/\\\/qtmm.org\\\/qt\\\/#\\\/schema\\\/logo\\\/image\\\/\",\"url\":\"https:\\\/\\\/qtmm.org\\\/wp-content\\\/uploads\\\/2024\\\/12\\\/ua-mejlis-logo-rgb.svg\",\"contentUrl\":\"https:\\\/\\\/qtmm.org\\\/wp-content\\\/uploads\\\/2024\\\/12\\\/ua-mejlis-logo-rgb.svg\",\"caption\":\"\u041c\u0435\u0434\u0436\u043b\u0456\u0441\"},\"image\":{\"@id\":\"https:\\\/\\\/qtmm.org\\\/qt\\\/#\\\/schema\\\/logo\\\/image\\\/\"},\"sameAs\":[\"https:\\\/\\\/www.facebook.com\\\/qtmm.info\\\/\"]},{\"@type\":\"Person\",\"@id\":\"https:\\\/\\\/qtmm.org\\\/qt\\\/#\\\/schema\\\/person\\\/de562469f971dec226ac06e60bbf74a7\",\"name\":\"Developer\",\"image\":{\"@type\":\"ImageObject\",\"inLanguage\":\"qt\",\"@id\":\"https:\\\/\\\/secure.gravatar.com\\\/avatar\\\/392b4cc8fbfeb00b39dfeeab4ee6edded39ffd48e25858637e4765810300227e?s=96&d=mm&r=g\",\"url\":\"https:\\\/\\\/secure.gravatar.com\\\/avatar\\\/392b4cc8fbfeb00b39dfeeab4ee6edded39ffd48e25858637e4765810300227e?s=96&d=mm&r=g\",\"contentUrl\":\"https:\\\/\\\/secure.gravatar.com\\\/avatar\\\/392b4cc8fbfeb00b39dfeeab4ee6edded39ffd48e25858637e4765810300227e?s=96&d=mm&r=g\",\"caption\":\"Developer\"},\"url\":\"https:\\\/\\\/qtmm.org\\\/qt\\\/author\\\/Developer\\\/\"}]}<\/script>\n<!-- \/ Yoast SEO plugin. -->","yoast_head_json":{"title":"Ukraina halq deputat\u0131 Mustafa Cemilev Ukraina Yuqar\u0131 \u015euras\u0131n\u0131\u00f1 Frenkistan ile parlamentlerara al\u00e2qas\u0131 boyunca deputat gruppas\u0131n\u0131\u00f1 tesis meclisine qat\u0131ld\u0131 - \u041c\u0435\u0434\u0436\u043b\u0456\u0441","robots":{"index":"index","follow":"follow","max-snippet":"max-snippet:-1","max-image-preview":"max-image-preview:large","max-video-preview":"max-video-preview:-1"},"canonical":"https:\/\/qtmm.org\/qt\/ukraina-halq-deputati-mustafa-cemilev-ukraina-yuqari-surasinin-frenkistan-ile-parlamentlerara-alaqasi-boyunca-deputat-gruppasinin-tesis-meclisine-qatildi\/","og_locale":"en_US","og_type":"article","og_title":"Ukraina halq deputat\u0131 Mustafa Cemilev Ukraina Yuqar\u0131 \u015euras\u0131n\u0131\u00f1 Frenkistan ile parlamentlerara al\u00e2qas\u0131 boyunca deputat gruppas\u0131n\u0131\u00f1 tesis meclisine qat\u0131ld\u0131 - \u041c\u0435\u0434\u0436\u043b\u0456\u0441","og_description":"2013 senesi iy\u00fcl 3 k\u00fcn\u00fc Ukraina halq deputat\u0131, Milliy Meclis reisi Mustafa Cemilev Ukraina Yuqar\u0131 \u015euras\u0131n\u0131\u00f1 Frenkistan Cumhuriyeti ile parlamentlerara al\u00e2qas\u0131 boyunca deputat gruppas\u0131n\u0131\u00f1 tesis topla\u015fuv\u0131nda i\u015ftirak etti. Deputat gruppas\u0131n\u0131\u00f1 meclisinde Frenkistann\u0131\u00f1 Ukrainadaki El\u00e7isi Alan Remi de bulund\u0131. &#8220;Ukraina-Frantsiya&#8221; deputat gruppas\u0131na Ukraina taraf\u0131ndan Sergey Mi\u015f\u00e7enko ve Dmitriy Sv\u00e2t\u0131\u015f yolba\u015f\u00e7\u0131l\u0131q yapalar. Gruppa 10 departamentni tizip, 2013 [&hellip;]","og_url":"https:\/\/qtmm.org\/qt\/ukraina-halq-deputati-mustafa-cemilev-ukraina-yuqari-surasinin-frenkistan-ile-parlamentlerara-alaqasi-boyunca-deputat-gruppasinin-tesis-meclisine-qatildi\/","og_site_name":"\u041c\u0435\u0434\u0436\u043b\u0456\u0441","article_publisher":"https:\/\/www.facebook.com\/qtmm.info\/","article_published_time":"2013-07-03T11:40:00+00:00","article_modified_time":"2022-01-25T12:22:55+00:00","og_image":[{"width":800,"height":600,"url":"https:\/\/qtmm.org\/wp-content\/uploads\/2022\/01\/foto_2_4.jpeg","type":"image\/jpeg"}],"author":"Developer","twitter_card":"summary_large_image","twitter_misc":{"Written by":"Developer"},"schema":{"@context":"https:\/\/schema.org","@graph":[{"@type":"Article","@id":"https:\/\/qtmm.org\/qt\/ukraina-halq-deputati-mustafa-cemilev-ukraina-yuqari-surasinin-frenkistan-ile-parlamentlerara-alaqasi-boyunca-deputat-gruppasinin-tesis-meclisine-qatildi\/#article","isPartOf":{"@id":"https:\/\/qtmm.org\/qt\/ukraina-halq-deputati-mustafa-cemilev-ukraina-yuqari-surasinin-frenkistan-ile-parlamentlerara-alaqasi-boyunca-deputat-gruppasinin-tesis-meclisine-qatildi\/"},"author":{"name":"Developer","@id":"https:\/\/qtmm.org\/qt\/#\/schema\/person\/de562469f971dec226ac06e60bbf74a7"},"headline":"Ukraina halq deputat\u0131 Mustafa Cemilev Ukraina Yuqar\u0131 \u015euras\u0131n\u0131\u00f1 Frenkistan ile parlamentlerara al\u00e2qas\u0131 boyunca deputat gruppas\u0131n\u0131\u00f1 tesis meclisine qat\u0131ld\u0131","datePublished":"2013-07-03T11:40:00+00:00","dateModified":"2022-01-25T12:22:55+00:00","mainEntityOfPage":{"@id":"https:\/\/qtmm.org\/qt\/ukraina-halq-deputati-mustafa-cemilev-ukraina-yuqari-surasinin-frenkistan-ile-parlamentlerara-alaqasi-boyunca-deputat-gruppasinin-tesis-meclisine-qatildi\/"},"wordCount":94,"commentCount":0,"publisher":{"@id":"https:\/\/qtmm.org\/qt\/#organization"},"image":{"@id":"https:\/\/qtmm.org\/qt\/ukraina-halq-deputati-mustafa-cemilev-ukraina-yuqari-surasinin-frenkistan-ile-parlamentlerara-alaqasi-boyunca-deputat-gruppasinin-tesis-meclisine-qatildi\/#primaryimage"},"thumbnailUrl":"http:\/\/qtmm.org\/wp-content\/uploads\/2022\/01\/foto_2_4.jpeg","articleSection":["Haberler"],"inLanguage":"qt","potentialAction":[{"@type":"CommentAction","name":"Comment","target":["https:\/\/qtmm.org\/qt\/ukraina-halq-deputati-mustafa-cemilev-ukraina-yuqari-surasinin-frenkistan-ile-parlamentlerara-alaqasi-boyunca-deputat-gruppasinin-tesis-meclisine-qatildi\/#respond"]}]},{"@type":"WebPage","@id":"https:\/\/qtmm.org\/qt\/ukraina-halq-deputati-mustafa-cemilev-ukraina-yuqari-surasinin-frenkistan-ile-parlamentlerara-alaqasi-boyunca-deputat-gruppasinin-tesis-meclisine-qatildi\/","url":"https:\/\/qtmm.org\/qt\/ukraina-halq-deputati-mustafa-cemilev-ukraina-yuqari-surasinin-frenkistan-ile-parlamentlerara-alaqasi-boyunca-deputat-gruppasinin-tesis-meclisine-qatildi\/","name":"Ukraina halq deputat\u0131 Mustafa Cemilev Ukraina Yuqar\u0131 \u015euras\u0131n\u0131\u00f1 Frenkistan ile parlamentlerara al\u00e2qas\u0131 boyunca deputat gruppas\u0131n\u0131\u00f1 tesis meclisine qat\u0131ld\u0131 - \u041c\u0435\u0434\u0436\u043b\u0456\u0441","isPartOf":{"@id":"https:\/\/qtmm.org\/qt\/#website"},"primaryImageOfPage":{"@id":"https:\/\/qtmm.org\/qt\/ukraina-halq-deputati-mustafa-cemilev-ukraina-yuqari-surasinin-frenkistan-ile-parlamentlerara-alaqasi-boyunca-deputat-gruppasinin-tesis-meclisine-qatildi\/#primaryimage"},"image":{"@id":"https:\/\/qtmm.org\/qt\/ukraina-halq-deputati-mustafa-cemilev-ukraina-yuqari-surasinin-frenkistan-ile-parlamentlerara-alaqasi-boyunca-deputat-gruppasinin-tesis-meclisine-qatildi\/#primaryimage"},"thumbnailUrl":"http:\/\/qtmm.org\/wp-content\/uploads\/2022\/01\/foto_2_4.jpeg","datePublished":"2013-07-03T11:40:00+00:00","dateModified":"2022-01-25T12:22:55+00:00","breadcrumb":{"@id":"https:\/\/qtmm.org\/qt\/ukraina-halq-deputati-mustafa-cemilev-ukraina-yuqari-surasinin-frenkistan-ile-parlamentlerara-alaqasi-boyunca-deputat-gruppasinin-tesis-meclisine-qatildi\/#breadcrumb"},"inLanguage":"qt","potentialAction":[{"@type":"ReadAction","target":["https:\/\/qtmm.org\/qt\/ukraina-halq-deputati-mustafa-cemilev-ukraina-yuqari-surasinin-frenkistan-ile-parlamentlerara-alaqasi-boyunca-deputat-gruppasinin-tesis-meclisine-qatildi\/"]}]},{"@type":"ImageObject","inLanguage":"qt","@id":"https:\/\/qtmm.org\/qt\/ukraina-halq-deputati-mustafa-cemilev-ukraina-yuqari-surasinin-frenkistan-ile-parlamentlerara-alaqasi-boyunca-deputat-gruppasinin-tesis-meclisine-qatildi\/#primaryimage","url":"http:\/\/qtmm.org\/wp-content\/uploads\/2022\/01\/foto_2_4.jpeg","contentUrl":"http:\/\/qtmm.org\/wp-content\/uploads\/2022\/01\/foto_2_4.jpeg"},{"@type":"BreadcrumbList","@id":"https:\/\/qtmm.org\/qt\/ukraina-halq-deputati-mustafa-cemilev-ukraina-yuqari-surasinin-frenkistan-ile-parlamentlerara-alaqasi-boyunca-deputat-gruppasinin-tesis-meclisine-qatildi\/#breadcrumb","itemListElement":[{"@type":"ListItem","position":1,"name":"\u0413\u043e\u043b\u043e\u0432\u043d\u0430","item":"https:\/\/qtmm.org\/qt\/"},{"@type":"ListItem","position":2,"name":"Ukraina halq deputat\u0131 Mustafa Cemilev Ukraina Yuqar\u0131 \u015euras\u0131n\u0131\u00f1 Frenkistan ile parlamentlerara al\u00e2qas\u0131 boyunca deputat gruppas\u0131n\u0131\u00f1 tesis meclisine qat\u0131ld\u0131"}]},{"@type":"WebSite","@id":"https:\/\/qtmm.org\/qt\/#website","url":"https:\/\/qtmm.org\/qt\/","name":"\u041c\u0435\u0434\u0436\u043b\u0456\u0441","description":"","publisher":{"@id":"https:\/\/qtmm.org\/qt\/#organization"},"potentialAction":[{"@type":"SearchAction","target":{"@type":"EntryPoint","urlTemplate":"https:\/\/qtmm.org\/qt\/?s={search_term_string}"},"query-input":{"@type":"PropertyValueSpecification","valueRequired":true,"valueName":"search_term_string"}}],"inLanguage":"qt"},{"@type":"Organization","@id":"https:\/\/qtmm.org\/qt\/#organization","name":"\u041c\u0435\u0434\u0436\u043b\u0456\u0441","url":"https:\/\/qtmm.org\/qt\/","logo":{"@type":"ImageObject","inLanguage":"qt","@id":"https:\/\/qtmm.org\/qt\/#\/schema\/logo\/image\/","url":"https:\/\/qtmm.org\/wp-content\/uploads\/2024\/12\/ua-mejlis-logo-rgb.svg","contentUrl":"https:\/\/qtmm.org\/wp-content\/uploads\/2024\/12\/ua-mejlis-logo-rgb.svg","caption":"\u041c\u0435\u0434\u0436\u043b\u0456\u0441"},"image":{"@id":"https:\/\/qtmm.org\/qt\/#\/schema\/logo\/image\/"},"sameAs":["https:\/\/www.facebook.com\/qtmm.info\/"]},{"@type":"Person","@id":"https:\/\/qtmm.org\/qt\/#\/schema\/person\/de562469f971dec226ac06e60bbf74a7","name":"Developer","image":{"@type":"ImageObject","inLanguage":"qt","@id":"https:\/\/secure.gravatar.com\/avatar\/392b4cc8fbfeb00b39dfeeab4ee6edded39ffd48e25858637e4765810300227e?s=96&d=mm&r=g","url":"https:\/\/secure.gravatar.com\/avatar\/392b4cc8fbfeb00b39dfeeab4ee6edded39ffd48e25858637e4765810300227e?s=96&d=mm&r=g","contentUrl":"https:\/\/secure.gravatar.com\/avatar\/392b4cc8fbfeb00b39dfeeab4ee6edded39ffd48e25858637e4765810300227e?s=96&d=mm&r=g","caption":"Developer"},"url":"https:\/\/qtmm.org\/qt\/author\/Developer\/"}]}},"_links":{"self":[{"href":"https:\/\/qtmm.org\/qt\/wp-json\/wp\/v2\/posts\/38481","targetHints":{"allow":["GET"]}}],"collection":[{"href":"https:\/\/qtmm.org\/qt\/wp-json\/wp\/v2\/posts"}],"about":[{"href":"https:\/\/qtmm.org\/qt\/wp-json\/wp\/v2\/types\/post"}],"author":[{"embeddable":true,"href":"https:\/\/qtmm.org\/qt\/wp-json\/wp\/v2\/users\/1"}],"replies":[{"embeddable":true,"href":"https:\/\/qtmm.org\/qt\/wp-json\/wp\/v2\/comments?post=38481"}],"version-history":[{"count":1,"href":"https:\/\/qtmm.org\/qt\/wp-json\/wp\/v2\/posts\/38481\/revisions"}],"predecessor-version":[{"id":38494,"href":"https:\/\/qtmm.org\/qt\/wp-json\/wp\/v2\/posts\/38481\/revisions\/38494"}],"wp:attachment":[{"href":"https:\/\/qtmm.org\/qt\/wp-json\/wp\/v2\/media?parent=38481"}],"wp:term":[{"taxonomy":"category","embeddable":true,"href":"https:\/\/qtmm.org\/qt\/wp-json\/wp\/v2\/categories?post=38481"},{"taxonomy":"post_tag","embeddable":true,"href":"https:\/\/qtmm.org\/qt\/wp-json\/wp\/v2\/tags?post=38481"}],"curies":[{"name":"wp","href":"https:\/\/api.w.org\/{rel}","templated":true}]}}