




{"id":38463,"date":"2013-07-01T14:35:00","date_gmt":"2013-07-01T11:35:00","guid":{"rendered":"http:\/\/qtmm.org\/?p=38463"},"modified":"2022-01-25T14:37:30","modified_gmt":"2022-01-25T11:37:30","slug":"zair-smedlayev-milliy-bayraq-kunu-aytqan-sozlerimden-vazgecmeyim","status":"publish","type":"post","link":"https:\/\/qtmm.org\/qt\/zair-smedlayev-milliy-bayraq-kunu-aytqan-sozlerimden-vazgecmeyim\/","title":{"rendered":"Zair Smedl\u00e2yev: \u00abMilliy bayraq k\u00fcn\u00fc aytqan s\u00f6zlerimden vazge\u00e7meyim\u00bb"},"content":{"rendered":"\n<p>\u0130y\u00fcl 1 k\u00fcn\u00fc Meclis K\u00e2tibiyetini\u00f1 ba\u015f\u0131 Zair Smedl\u00e2yevni Ukraina Tel\u00fckesizligi h\u0131zmetini\u00f1 Q\u0131r\u0131mdaki Ba\u015f idaresine \u00e7a\u011f\u0131rd\u0131lar. Bu\u00f1a on\u0131\u00f1 Bayraq bayram\u0131nda Q\u0131r\u0131mtatar milliy bayra\u011f\u0131 devlet timsalidir, degen s\u00f6zleri sebep old\u0131.<\/p>\n\n\n\n<p>UTHge \u00e7a\u011f\u0131r\u0131lmas\u0131n\u0131\u00f1 sebebi a\u00f1latqan Zair Smedl\u00e2yev b\u00f6yle dedi: &#8220;bes-belli bun\u0131\u00f1 sebebi Bayraq bayram\u0131 k\u00fcn\u00fc men milliy a\u00f1\u0131 olma\u011fan vazifedar \u015fah\u0131slar on\u0131 qayd ettirmemek i\u00e7\u00fcn er \u015feyni yaparlar degen izaat\u0131md\u0131r. Bu finansirlev meselesinen ba\u011fl\u0131&#8221;. &#8220;Bayraq \u2013 bu devlet\u00e7ilik belgisidir. Bizim devlet\u00e7iligimiz ol\u011fan\u0131n\u0131 istemegenler ise a\u00f1la\u015f\u0131la ki b\u00f6yle tedbirlerge destek bermezler&#8221;.<\/p>\n\n\n\n<figure class=\"wp-block-image size-full\"><img loading=\"lazy\" decoding=\"async\" width=\"650\" height=\"350\" src=\"http:\/\/qtmm.org\/wp-content\/uploads\/2022\/01\/img_3228.jpeg\" alt=\"\" class=\"wp-image-38468\" srcset=\"https:\/\/qtmm.org\/wp-content\/uploads\/2022\/01\/img_3228.jpeg 650w, https:\/\/qtmm.org\/wp-content\/uploads\/2022\/01\/img_3228-300x162.jpeg 300w\" sizes=\"auto, (max-width: 650px) 100vw, 650px\" \/><\/figure>\n\n\n\n<p>Zair Smedl\u00e2yev \u015fun\u0131 da qayd etti ki, eger on\u0131\u00f1 s\u00f6zlerinde havf k\u00f6rseler, \u00f6z noqtai nazar\u0131n\u0131 a\u00f1latma\u011fa az\u0131r.<\/p>\n\n\n\n<p>&#8220;Bu menim siyasiy faaliyetimnen ba\u011fl\u0131, dep sayam. Men Q\u0131r\u0131m akimiyeti, ba\u015f naziri, q\u0131r\u0131mtatarlar s\u0131ras\u0131ndan faaliyetleri halq\u0131m\u0131zn\u0131 par\u00e7alama\u011fa \u00e7al\u0131\u015fqan baz\u0131 \u00e7inovniklerni s\u0131q\u00e7a tenqid etem. Tabiiy ki, kimdir bun\u0131 begenmey. Siyasiy s\u0131mar\u0131\u015f ol\u011fan\u0131 ap-a\u00e7\u0131q k\u00f6r\u00fcle&#8221;, &#8211; dedi Smedl\u00e2yev ve &#8220;aytqan s\u00f6zlerimden vazge\u00e7mem&#8221;, dep qayd etti.<\/p>\n\n\n\n<figure class=\"wp-block-image size-full\"><img loading=\"lazy\" decoding=\"async\" width=\"650\" height=\"350\" src=\"http:\/\/qtmm.org\/wp-content\/uploads\/2022\/01\/img_3231.jpeg\" alt=\"\" class=\"wp-image-38472\" srcset=\"https:\/\/qtmm.org\/wp-content\/uploads\/2022\/01\/img_3231.jpeg 650w, https:\/\/qtmm.org\/wp-content\/uploads\/2022\/01\/img_3231-300x162.jpeg 300w\" sizes=\"auto, (max-width: 650px) 100vw, 650px\" \/><\/figure>\n\n\n\n<p>Aman-aman bir saat devam etken sor\u011fudan so\u00f1 Zair Smedl\u00e2yev q\u0131sqadan izaatlad\u0131: &#8220;Dedigim kibi, bayraq k\u00fcn\u00fc devlet\u00e7ilik ve bayraq aqq\u0131ndaki s\u00f6zlerim sebep\u00e7i eken. Meni Ukraina Cinaiy kodeksinen tan\u0131\u015f ettiler yani men devlet qurum\u0131n\u0131 zorbal\u0131 usulnen de\u00f1i\u015ftirmege ya da akimiyetni tut\u0131p alma\u011fa \u00e7a\u011f\u0131ra ekenim.<\/p>\n\n\n\n<p>Menim izaatlar\u0131mn\u0131\u00f1 angi yerinde bu \u015feyler ol\u011fan\u0131n\u0131 k\u00f6stermelerini rica etkenimde i\u00e7 bir t\u00fcrl\u00fc delil ketirip olamad\u0131lar, &#8211; dedi Smedl\u00e2yev ve q\u0131r\u0131mtatar halq\u0131n\u0131\u00f1 milliy areketi Q\u0131r\u0131m\u011fa qaytar\u0131lmam\u0131zn\u0131 zorluqs\u0131z usullarnen etti, devlet\u00e7iligimizni de ayn\u0131 bu yolnen \u011fayr\u0131dan tiklermiz, diye tekrar qayd etti.<\/p>\n\n\n\n<p>Zair Smedl\u00e2yev Ukraina Tel\u00fckesizligi h\u0131zmeti hadimleri on\u0131 devlet qurum\u0131n\u0131 de\u00f1i\u015ftirmek ya da \u00fck\u00fcmetni elge ke\u00e7irmege do\u011frult\u0131l\u011fan areketlerge yol bermemesi ve bu areketleri i\u00e7\u00fcn cinaiy cevapk\u00e2rl\u0131qqa \u00e7ekile bilinecegi aqq\u0131nda tenbiyelegenlerini bildirdi.<\/p>\n\n\n\n<figure class=\"wp-block-image size-full\"><img loading=\"lazy\" decoding=\"async\" width=\"650\" height=\"350\" src=\"http:\/\/qtmm.org\/wp-content\/uploads\/2022\/01\/img_3233.jpeg\" alt=\"\" class=\"wp-image-38476\" srcset=\"https:\/\/qtmm.org\/wp-content\/uploads\/2022\/01\/img_3233.jpeg 650w, https:\/\/qtmm.org\/wp-content\/uploads\/2022\/01\/img_3233-300x162.jpeg 300w\" sizes=\"auto, (max-width: 650px) 100vw, 650px\" \/><\/figure>\n","protected":false},"excerpt":{"rendered":"<p>\u0130y\u00fcl 1 k\u00fcn\u00fc Meclis K\u00e2tibiyetini\u00f1 ba\u015f\u0131 Zair Smedl\u00e2yevni Ukraina Tel\u00fckesizligi h\u0131zmetini\u00f1 Q\u0131r\u0131mdaki Ba\u015f idaresine \u00e7a\u011f\u0131rd\u0131lar. Bu\u00f1a on\u0131\u00f1 Bayraq bayram\u0131nda Q\u0131r\u0131mtatar milliy bayra\u011f\u0131 devlet timsalidir, degen s\u00f6zleri sebep old\u0131. UTHge \u00e7a\u011f\u0131r\u0131lmas\u0131n\u0131\u00f1 sebebi a\u00f1latqan Zair Smedl\u00e2yev b\u00f6yle dedi: &#8220;bes-belli bun\u0131\u00f1 sebebi Bayraq bayram\u0131 k\u00fcn\u00fc men milliy a\u00f1\u0131 olma\u011fan vazifedar \u015fah\u0131slar on\u0131 qayd ettirmemek i\u00e7\u00fcn er \u015feyni yaparlar [&hellip;]<\/p>\n","protected":false},"author":1,"featured_media":38464,"comment_status":"open","ping_status":"open","sticky":false,"template":"","format":"standard","meta":{"inline_featured_image":false,"footnotes":""},"categories":[265],"tags":[],"class_list":["post-38463","post","type-post","status-publish","format-standard","has-post-thumbnail","hentry","category-haberler"],"acf":[],"yoast_head":"<!-- This site is optimized with the Yoast SEO plugin v27.4 - https:\/\/yoast.com\/product\/yoast-seo-wordpress\/ -->\n<title>Zair Smedl\u00e2yev: \u00abMilliy bayraq k\u00fcn\u00fc aytqan s\u00f6zlerimden vazge\u00e7meyim\u00bb - \u041c\u0435\u0434\u0436\u043b\u0456\u0441<\/title>\n<meta name=\"robots\" content=\"index, follow, max-snippet:-1, max-image-preview:large, max-video-preview:-1\" \/>\n<link rel=\"canonical\" href=\"https:\/\/qtmm.org\/qt\/zair-smedlayev-milliy-bayraq-kunu-aytqan-sozlerimden-vazgecmeyim\/\" \/>\n<meta property=\"og:locale\" content=\"en_US\" \/>\n<meta property=\"og:type\" content=\"article\" \/>\n<meta property=\"og:title\" content=\"Zair Smedl\u00e2yev: \u00abMilliy bayraq k\u00fcn\u00fc aytqan s\u00f6zlerimden vazge\u00e7meyim\u00bb - \u041c\u0435\u0434\u0436\u043b\u0456\u0441\" \/>\n<meta property=\"og:description\" content=\"\u0130y\u00fcl 1 k\u00fcn\u00fc Meclis K\u00e2tibiyetini\u00f1 ba\u015f\u0131 Zair Smedl\u00e2yevni Ukraina Tel\u00fckesizligi h\u0131zmetini\u00f1 Q\u0131r\u0131mdaki Ba\u015f idaresine \u00e7a\u011f\u0131rd\u0131lar. Bu\u00f1a on\u0131\u00f1 Bayraq bayram\u0131nda Q\u0131r\u0131mtatar milliy bayra\u011f\u0131 devlet timsalidir, degen s\u00f6zleri sebep old\u0131. UTHge \u00e7a\u011f\u0131r\u0131lmas\u0131n\u0131\u00f1 sebebi a\u00f1latqan Zair Smedl\u00e2yev b\u00f6yle dedi: &#8220;bes-belli bun\u0131\u00f1 sebebi Bayraq bayram\u0131 k\u00fcn\u00fc men milliy a\u00f1\u0131 olma\u011fan vazifedar \u015fah\u0131slar on\u0131 qayd ettirmemek i\u00e7\u00fcn er \u015feyni yaparlar [&hellip;]\" \/>\n<meta property=\"og:url\" content=\"https:\/\/qtmm.org\/qt\/zair-smedlayev-milliy-bayraq-kunu-aytqan-sozlerimden-vazgecmeyim\/\" \/>\n<meta property=\"og:site_name\" content=\"\u041c\u0435\u0434\u0436\u043b\u0456\u0441\" \/>\n<meta property=\"article:publisher\" content=\"https:\/\/www.facebook.com\/qtmm.info\/\" \/>\n<meta property=\"article:published_time\" content=\"2013-07-01T11:35:00+00:00\" \/>\n<meta property=\"article:modified_time\" content=\"2022-01-25T11:37:30+00:00\" \/>\n<meta property=\"og:image\" content=\"https:\/\/qtmm.org\/wp-content\/uploads\/2022\/01\/img_3230.jpeg\" \/>\n\t<meta property=\"og:image:width\" content=\"650\" \/>\n\t<meta property=\"og:image:height\" content=\"351\" \/>\n\t<meta property=\"og:image:type\" content=\"image\/jpeg\" \/>\n<meta name=\"author\" content=\"Developer\" \/>\n<meta name=\"twitter:card\" content=\"summary_large_image\" \/>\n<meta name=\"twitter:label1\" content=\"Written by\" \/>\n\t<meta name=\"twitter:data1\" content=\"Developer\" \/>\n\t<meta name=\"twitter:label2\" content=\"Est. reading time\" \/>\n\t<meta name=\"twitter:data2\" content=\"2 minutes\" \/>\n<script type=\"application\/ld+json\" class=\"yoast-schema-graph\">{\"@context\":\"https:\\\/\\\/schema.org\",\"@graph\":[{\"@type\":\"Article\",\"@id\":\"https:\\\/\\\/qtmm.org\\\/qt\\\/zair-smedlayev-milliy-bayraq-kunu-aytqan-sozlerimden-vazgecmeyim\\\/#article\",\"isPartOf\":{\"@id\":\"https:\\\/\\\/qtmm.org\\\/qt\\\/zair-smedlayev-milliy-bayraq-kunu-aytqan-sozlerimden-vazgecmeyim\\\/\"},\"author\":{\"name\":\"Developer\",\"@id\":\"https:\\\/\\\/qtmm.org\\\/qt\\\/#\\\/schema\\\/person\\\/de562469f971dec226ac06e60bbf74a7\"},\"headline\":\"Zair Smedl\u00e2yev: \u00abMilliy bayraq k\u00fcn\u00fc aytqan s\u00f6zlerimden vazge\u00e7meyim\u00bb\",\"datePublished\":\"2013-07-01T11:35:00+00:00\",\"dateModified\":\"2022-01-25T11:37:30+00:00\",\"mainEntityOfPage\":{\"@id\":\"https:\\\/\\\/qtmm.org\\\/qt\\\/zair-smedlayev-milliy-bayraq-kunu-aytqan-sozlerimden-vazgecmeyim\\\/\"},\"wordCount\":370,\"commentCount\":0,\"publisher\":{\"@id\":\"https:\\\/\\\/qtmm.org\\\/qt\\\/#organization\"},\"image\":{\"@id\":\"https:\\\/\\\/qtmm.org\\\/qt\\\/zair-smedlayev-milliy-bayraq-kunu-aytqan-sozlerimden-vazgecmeyim\\\/#primaryimage\"},\"thumbnailUrl\":\"https:\\\/\\\/qtmm.org\\\/wp-content\\\/uploads\\\/2022\\\/01\\\/img_3230.jpeg\",\"articleSection\":[\"Haberler\"],\"inLanguage\":\"qt\",\"potentialAction\":[{\"@type\":\"CommentAction\",\"name\":\"Comment\",\"target\":[\"https:\\\/\\\/qtmm.org\\\/qt\\\/zair-smedlayev-milliy-bayraq-kunu-aytqan-sozlerimden-vazgecmeyim\\\/#respond\"]}]},{\"@type\":\"WebPage\",\"@id\":\"https:\\\/\\\/qtmm.org\\\/qt\\\/zair-smedlayev-milliy-bayraq-kunu-aytqan-sozlerimden-vazgecmeyim\\\/\",\"url\":\"https:\\\/\\\/qtmm.org\\\/qt\\\/zair-smedlayev-milliy-bayraq-kunu-aytqan-sozlerimden-vazgecmeyim\\\/\",\"name\":\"Zair Smedl\u00e2yev: \u00abMilliy bayraq k\u00fcn\u00fc aytqan s\u00f6zlerimden vazge\u00e7meyim\u00bb - \u041c\u0435\u0434\u0436\u043b\u0456\u0441\",\"isPartOf\":{\"@id\":\"https:\\\/\\\/qtmm.org\\\/qt\\\/#website\"},\"primaryImageOfPage\":{\"@id\":\"https:\\\/\\\/qtmm.org\\\/qt\\\/zair-smedlayev-milliy-bayraq-kunu-aytqan-sozlerimden-vazgecmeyim\\\/#primaryimage\"},\"image\":{\"@id\":\"https:\\\/\\\/qtmm.org\\\/qt\\\/zair-smedlayev-milliy-bayraq-kunu-aytqan-sozlerimden-vazgecmeyim\\\/#primaryimage\"},\"thumbnailUrl\":\"https:\\\/\\\/qtmm.org\\\/wp-content\\\/uploads\\\/2022\\\/01\\\/img_3230.jpeg\",\"datePublished\":\"2013-07-01T11:35:00+00:00\",\"dateModified\":\"2022-01-25T11:37:30+00:00\",\"breadcrumb\":{\"@id\":\"https:\\\/\\\/qtmm.org\\\/qt\\\/zair-smedlayev-milliy-bayraq-kunu-aytqan-sozlerimden-vazgecmeyim\\\/#breadcrumb\"},\"inLanguage\":\"qt\",\"potentialAction\":[{\"@type\":\"ReadAction\",\"target\":[\"https:\\\/\\\/qtmm.org\\\/qt\\\/zair-smedlayev-milliy-bayraq-kunu-aytqan-sozlerimden-vazgecmeyim\\\/\"]}]},{\"@type\":\"ImageObject\",\"inLanguage\":\"qt\",\"@id\":\"https:\\\/\\\/qtmm.org\\\/qt\\\/zair-smedlayev-milliy-bayraq-kunu-aytqan-sozlerimden-vazgecmeyim\\\/#primaryimage\",\"url\":\"https:\\\/\\\/qtmm.org\\\/wp-content\\\/uploads\\\/2022\\\/01\\\/img_3230.jpeg\",\"contentUrl\":\"https:\\\/\\\/qtmm.org\\\/wp-content\\\/uploads\\\/2022\\\/01\\\/img_3230.jpeg\",\"width\":650,\"height\":351},{\"@type\":\"BreadcrumbList\",\"@id\":\"https:\\\/\\\/qtmm.org\\\/qt\\\/zair-smedlayev-milliy-bayraq-kunu-aytqan-sozlerimden-vazgecmeyim\\\/#breadcrumb\",\"itemListElement\":[{\"@type\":\"ListItem\",\"position\":1,\"name\":\"\u0413\u043e\u043b\u043e\u0432\u043d\u0430\",\"item\":\"https:\\\/\\\/qtmm.org\\\/qt\\\/\"},{\"@type\":\"ListItem\",\"position\":2,\"name\":\"Zair Smedl\u00e2yev: \u00abMilliy bayraq k\u00fcn\u00fc aytqan s\u00f6zlerimden vazge\u00e7meyim\u00bb\"}]},{\"@type\":\"WebSite\",\"@id\":\"https:\\\/\\\/qtmm.org\\\/qt\\\/#website\",\"url\":\"https:\\\/\\\/qtmm.org\\\/qt\\\/\",\"name\":\"\u041c\u0435\u0434\u0436\u043b\u0456\u0441\",\"description\":\"\",\"publisher\":{\"@id\":\"https:\\\/\\\/qtmm.org\\\/qt\\\/#organization\"},\"potentialAction\":[{\"@type\":\"SearchAction\",\"target\":{\"@type\":\"EntryPoint\",\"urlTemplate\":\"https:\\\/\\\/qtmm.org\\\/qt\\\/?s={search_term_string}\"},\"query-input\":{\"@type\":\"PropertyValueSpecification\",\"valueRequired\":true,\"valueName\":\"search_term_string\"}}],\"inLanguage\":\"qt\"},{\"@type\":\"Organization\",\"@id\":\"https:\\\/\\\/qtmm.org\\\/qt\\\/#organization\",\"name\":\"\u041c\u0435\u0434\u0436\u043b\u0456\u0441\",\"url\":\"https:\\\/\\\/qtmm.org\\\/qt\\\/\",\"logo\":{\"@type\":\"ImageObject\",\"inLanguage\":\"qt\",\"@id\":\"https:\\\/\\\/qtmm.org\\\/qt\\\/#\\\/schema\\\/logo\\\/image\\\/\",\"url\":\"https:\\\/\\\/qtmm.org\\\/wp-content\\\/uploads\\\/2024\\\/12\\\/ua-mejlis-logo-rgb.svg\",\"contentUrl\":\"https:\\\/\\\/qtmm.org\\\/wp-content\\\/uploads\\\/2024\\\/12\\\/ua-mejlis-logo-rgb.svg\",\"caption\":\"\u041c\u0435\u0434\u0436\u043b\u0456\u0441\"},\"image\":{\"@id\":\"https:\\\/\\\/qtmm.org\\\/qt\\\/#\\\/schema\\\/logo\\\/image\\\/\"},\"sameAs\":[\"https:\\\/\\\/www.facebook.com\\\/qtmm.info\\\/\"]},{\"@type\":\"Person\",\"@id\":\"https:\\\/\\\/qtmm.org\\\/qt\\\/#\\\/schema\\\/person\\\/de562469f971dec226ac06e60bbf74a7\",\"name\":\"Developer\",\"image\":{\"@type\":\"ImageObject\",\"inLanguage\":\"qt\",\"@id\":\"https:\\\/\\\/secure.gravatar.com\\\/avatar\\\/392b4cc8fbfeb00b39dfeeab4ee6edded39ffd48e25858637e4765810300227e?s=96&d=mm&r=g\",\"url\":\"https:\\\/\\\/secure.gravatar.com\\\/avatar\\\/392b4cc8fbfeb00b39dfeeab4ee6edded39ffd48e25858637e4765810300227e?s=96&d=mm&r=g\",\"contentUrl\":\"https:\\\/\\\/secure.gravatar.com\\\/avatar\\\/392b4cc8fbfeb00b39dfeeab4ee6edded39ffd48e25858637e4765810300227e?s=96&d=mm&r=g\",\"caption\":\"Developer\"},\"url\":\"https:\\\/\\\/qtmm.org\\\/qt\\\/author\\\/Developer\\\/\"}]}<\/script>\n<!-- \/ Yoast SEO plugin. -->","yoast_head_json":{"title":"Zair Smedl\u00e2yev: \u00abMilliy bayraq k\u00fcn\u00fc aytqan s\u00f6zlerimden vazge\u00e7meyim\u00bb - \u041c\u0435\u0434\u0436\u043b\u0456\u0441","robots":{"index":"index","follow":"follow","max-snippet":"max-snippet:-1","max-image-preview":"max-image-preview:large","max-video-preview":"max-video-preview:-1"},"canonical":"https:\/\/qtmm.org\/qt\/zair-smedlayev-milliy-bayraq-kunu-aytqan-sozlerimden-vazgecmeyim\/","og_locale":"en_US","og_type":"article","og_title":"Zair Smedl\u00e2yev: \u00abMilliy bayraq k\u00fcn\u00fc aytqan s\u00f6zlerimden vazge\u00e7meyim\u00bb - \u041c\u0435\u0434\u0436\u043b\u0456\u0441","og_description":"\u0130y\u00fcl 1 k\u00fcn\u00fc Meclis K\u00e2tibiyetini\u00f1 ba\u015f\u0131 Zair Smedl\u00e2yevni Ukraina Tel\u00fckesizligi h\u0131zmetini\u00f1 Q\u0131r\u0131mdaki Ba\u015f idaresine \u00e7a\u011f\u0131rd\u0131lar. Bu\u00f1a on\u0131\u00f1 Bayraq bayram\u0131nda Q\u0131r\u0131mtatar milliy bayra\u011f\u0131 devlet timsalidir, degen s\u00f6zleri sebep old\u0131. UTHge \u00e7a\u011f\u0131r\u0131lmas\u0131n\u0131\u00f1 sebebi a\u00f1latqan Zair Smedl\u00e2yev b\u00f6yle dedi: &#8220;bes-belli bun\u0131\u00f1 sebebi Bayraq bayram\u0131 k\u00fcn\u00fc men milliy a\u00f1\u0131 olma\u011fan vazifedar \u015fah\u0131slar on\u0131 qayd ettirmemek i\u00e7\u00fcn er \u015feyni yaparlar [&hellip;]","og_url":"https:\/\/qtmm.org\/qt\/zair-smedlayev-milliy-bayraq-kunu-aytqan-sozlerimden-vazgecmeyim\/","og_site_name":"\u041c\u0435\u0434\u0436\u043b\u0456\u0441","article_publisher":"https:\/\/www.facebook.com\/qtmm.info\/","article_published_time":"2013-07-01T11:35:00+00:00","article_modified_time":"2022-01-25T11:37:30+00:00","og_image":[{"width":650,"height":351,"url":"https:\/\/qtmm.org\/wp-content\/uploads\/2022\/01\/img_3230.jpeg","type":"image\/jpeg"}],"author":"Developer","twitter_card":"summary_large_image","twitter_misc":{"Written by":"Developer","Est. reading time":"2 minutes"},"schema":{"@context":"https:\/\/schema.org","@graph":[{"@type":"Article","@id":"https:\/\/qtmm.org\/qt\/zair-smedlayev-milliy-bayraq-kunu-aytqan-sozlerimden-vazgecmeyim\/#article","isPartOf":{"@id":"https:\/\/qtmm.org\/qt\/zair-smedlayev-milliy-bayraq-kunu-aytqan-sozlerimden-vazgecmeyim\/"},"author":{"name":"Developer","@id":"https:\/\/qtmm.org\/qt\/#\/schema\/person\/de562469f971dec226ac06e60bbf74a7"},"headline":"Zair Smedl\u00e2yev: \u00abMilliy bayraq k\u00fcn\u00fc aytqan s\u00f6zlerimden vazge\u00e7meyim\u00bb","datePublished":"2013-07-01T11:35:00+00:00","dateModified":"2022-01-25T11:37:30+00:00","mainEntityOfPage":{"@id":"https:\/\/qtmm.org\/qt\/zair-smedlayev-milliy-bayraq-kunu-aytqan-sozlerimden-vazgecmeyim\/"},"wordCount":370,"commentCount":0,"publisher":{"@id":"https:\/\/qtmm.org\/qt\/#organization"},"image":{"@id":"https:\/\/qtmm.org\/qt\/zair-smedlayev-milliy-bayraq-kunu-aytqan-sozlerimden-vazgecmeyim\/#primaryimage"},"thumbnailUrl":"https:\/\/qtmm.org\/wp-content\/uploads\/2022\/01\/img_3230.jpeg","articleSection":["Haberler"],"inLanguage":"qt","potentialAction":[{"@type":"CommentAction","name":"Comment","target":["https:\/\/qtmm.org\/qt\/zair-smedlayev-milliy-bayraq-kunu-aytqan-sozlerimden-vazgecmeyim\/#respond"]}]},{"@type":"WebPage","@id":"https:\/\/qtmm.org\/qt\/zair-smedlayev-milliy-bayraq-kunu-aytqan-sozlerimden-vazgecmeyim\/","url":"https:\/\/qtmm.org\/qt\/zair-smedlayev-milliy-bayraq-kunu-aytqan-sozlerimden-vazgecmeyim\/","name":"Zair Smedl\u00e2yev: \u00abMilliy bayraq k\u00fcn\u00fc aytqan s\u00f6zlerimden vazge\u00e7meyim\u00bb - \u041c\u0435\u0434\u0436\u043b\u0456\u0441","isPartOf":{"@id":"https:\/\/qtmm.org\/qt\/#website"},"primaryImageOfPage":{"@id":"https:\/\/qtmm.org\/qt\/zair-smedlayev-milliy-bayraq-kunu-aytqan-sozlerimden-vazgecmeyim\/#primaryimage"},"image":{"@id":"https:\/\/qtmm.org\/qt\/zair-smedlayev-milliy-bayraq-kunu-aytqan-sozlerimden-vazgecmeyim\/#primaryimage"},"thumbnailUrl":"https:\/\/qtmm.org\/wp-content\/uploads\/2022\/01\/img_3230.jpeg","datePublished":"2013-07-01T11:35:00+00:00","dateModified":"2022-01-25T11:37:30+00:00","breadcrumb":{"@id":"https:\/\/qtmm.org\/qt\/zair-smedlayev-milliy-bayraq-kunu-aytqan-sozlerimden-vazgecmeyim\/#breadcrumb"},"inLanguage":"qt","potentialAction":[{"@type":"ReadAction","target":["https:\/\/qtmm.org\/qt\/zair-smedlayev-milliy-bayraq-kunu-aytqan-sozlerimden-vazgecmeyim\/"]}]},{"@type":"ImageObject","inLanguage":"qt","@id":"https:\/\/qtmm.org\/qt\/zair-smedlayev-milliy-bayraq-kunu-aytqan-sozlerimden-vazgecmeyim\/#primaryimage","url":"https:\/\/qtmm.org\/wp-content\/uploads\/2022\/01\/img_3230.jpeg","contentUrl":"https:\/\/qtmm.org\/wp-content\/uploads\/2022\/01\/img_3230.jpeg","width":650,"height":351},{"@type":"BreadcrumbList","@id":"https:\/\/qtmm.org\/qt\/zair-smedlayev-milliy-bayraq-kunu-aytqan-sozlerimden-vazgecmeyim\/#breadcrumb","itemListElement":[{"@type":"ListItem","position":1,"name":"\u0413\u043e\u043b\u043e\u0432\u043d\u0430","item":"https:\/\/qtmm.org\/qt\/"},{"@type":"ListItem","position":2,"name":"Zair Smedl\u00e2yev: \u00abMilliy bayraq k\u00fcn\u00fc aytqan s\u00f6zlerimden vazge\u00e7meyim\u00bb"}]},{"@type":"WebSite","@id":"https:\/\/qtmm.org\/qt\/#website","url":"https:\/\/qtmm.org\/qt\/","name":"\u041c\u0435\u0434\u0436\u043b\u0456\u0441","description":"","publisher":{"@id":"https:\/\/qtmm.org\/qt\/#organization"},"potentialAction":[{"@type":"SearchAction","target":{"@type":"EntryPoint","urlTemplate":"https:\/\/qtmm.org\/qt\/?s={search_term_string}"},"query-input":{"@type":"PropertyValueSpecification","valueRequired":true,"valueName":"search_term_string"}}],"inLanguage":"qt"},{"@type":"Organization","@id":"https:\/\/qtmm.org\/qt\/#organization","name":"\u041c\u0435\u0434\u0436\u043b\u0456\u0441","url":"https:\/\/qtmm.org\/qt\/","logo":{"@type":"ImageObject","inLanguage":"qt","@id":"https:\/\/qtmm.org\/qt\/#\/schema\/logo\/image\/","url":"https:\/\/qtmm.org\/wp-content\/uploads\/2024\/12\/ua-mejlis-logo-rgb.svg","contentUrl":"https:\/\/qtmm.org\/wp-content\/uploads\/2024\/12\/ua-mejlis-logo-rgb.svg","caption":"\u041c\u0435\u0434\u0436\u043b\u0456\u0441"},"image":{"@id":"https:\/\/qtmm.org\/qt\/#\/schema\/logo\/image\/"},"sameAs":["https:\/\/www.facebook.com\/qtmm.info\/"]},{"@type":"Person","@id":"https:\/\/qtmm.org\/qt\/#\/schema\/person\/de562469f971dec226ac06e60bbf74a7","name":"Developer","image":{"@type":"ImageObject","inLanguage":"qt","@id":"https:\/\/secure.gravatar.com\/avatar\/392b4cc8fbfeb00b39dfeeab4ee6edded39ffd48e25858637e4765810300227e?s=96&d=mm&r=g","url":"https:\/\/secure.gravatar.com\/avatar\/392b4cc8fbfeb00b39dfeeab4ee6edded39ffd48e25858637e4765810300227e?s=96&d=mm&r=g","contentUrl":"https:\/\/secure.gravatar.com\/avatar\/392b4cc8fbfeb00b39dfeeab4ee6edded39ffd48e25858637e4765810300227e?s=96&d=mm&r=g","caption":"Developer"},"url":"https:\/\/qtmm.org\/qt\/author\/Developer\/"}]}},"_links":{"self":[{"href":"https:\/\/qtmm.org\/qt\/wp-json\/wp\/v2\/posts\/38463","targetHints":{"allow":["GET"]}}],"collection":[{"href":"https:\/\/qtmm.org\/qt\/wp-json\/wp\/v2\/posts"}],"about":[{"href":"https:\/\/qtmm.org\/qt\/wp-json\/wp\/v2\/types\/post"}],"author":[{"embeddable":true,"href":"https:\/\/qtmm.org\/qt\/wp-json\/wp\/v2\/users\/1"}],"replies":[{"embeddable":true,"href":"https:\/\/qtmm.org\/qt\/wp-json\/wp\/v2\/comments?post=38463"}],"version-history":[{"count":1,"href":"https:\/\/qtmm.org\/qt\/wp-json\/wp\/v2\/posts\/38463\/revisions"}],"predecessor-version":[{"id":38480,"href":"https:\/\/qtmm.org\/qt\/wp-json\/wp\/v2\/posts\/38463\/revisions\/38480"}],"wp:featuredmedia":[{"embeddable":true,"href":"https:\/\/qtmm.org\/qt\/wp-json\/wp\/v2\/media\/38464"}],"wp:attachment":[{"href":"https:\/\/qtmm.org\/qt\/wp-json\/wp\/v2\/media?parent=38463"}],"wp:term":[{"taxonomy":"category","embeddable":true,"href":"https:\/\/qtmm.org\/qt\/wp-json\/wp\/v2\/categories?post=38463"},{"taxonomy":"post_tag","embeddable":true,"href":"https:\/\/qtmm.org\/qt\/wp-json\/wp\/v2\/tags?post=38463"}],"curies":[{"name":"wp","href":"https:\/\/api.w.org\/{rel}","templated":true}]}}