




{"id":38431,"date":"2013-06-28T14:26:00","date_gmt":"2013-06-28T11:26:00","guid":{"rendered":"http:\/\/qtmm.org\/?p=38431"},"modified":"2022-01-25T14:27:52","modified_gmt":"2022-01-25T11:27:52","slug":"meclis-reisi-mustafa-cemilev-turkiye-cumhuriyetinin-litvaniyadaki-elcisi-akin-algan-ile-korusti","status":"publish","type":"post","link":"https:\/\/qtmm.org\/qt\/meclis-reisi-mustafa-cemilev-turkiye-cumhuriyetinin-litvaniyadaki-elcisi-akin-algan-ile-korusti\/","title":{"rendered":"Meclis reisi Mustafa Cemilev T\u00fcrkiye Cumhuriyetini\u00f1 Litvaniyadaki El\u00e7isi Akin Algan ile k\u00f6r\u00fc\u015fti"},"content":{"rendered":"\n<p>Meclis delegatsiyas\u0131n\u0131\u00f1 Litvaniya Cumhuriyetine ziyareti \u00e7er\u00e7ivesinde ve T\u00fcrkiye Cumhuriyetini\u00f1 Litvaniyadaki El\u00e7isi Akin Algann\u0131\u00f1 davetine k\u00f6re Milliy Meclis reisi Mustafa Cemilev ve delegatsiya azalar\u0131 Refat \u00c7ubarov, Ali Hamzin, Aslan \u00d6mer Q\u0131r\u0131ml\u0131, bun\u0131\u00f1 kibi de Meclisni\u00f1 Litvaniyadaki temsilcisi, Litvaniya tatarlar\u0131 cemiyetini\u00f1 ba\u015f\u0131 Adas Yakubauskas 2013 senesi iy\u00fcn 26 k\u00fcn\u00fc T\u00fcrkiye Cumhuriyetini\u00f1 Litvaniyadaki El\u00e7ihanesini ziyaret ettiler.<\/p>\n\n\n\n<figure class=\"wp-block-image size-full\"><img loading=\"lazy\" decoding=\"async\" width=\"650\" height=\"450\" src=\"http:\/\/qtmm.org\/wp-content\/uploads\/2022\/01\/img_2366_1.jpeg\" alt=\"\" class=\"wp-image-38436\" srcset=\"https:\/\/qtmm.org\/wp-content\/uploads\/2022\/01\/img_2366_1.jpeg 650w, https:\/\/qtmm.org\/wp-content\/uploads\/2022\/01\/img_2366_1-300x208.jpeg 300w\" sizes=\"auto, (max-width: 650px) 100vw, 650px\" \/><\/figure>\n\n\n\n<p>K\u00f6r\u00fc\u015f\u00fcv devam\u0131nda El\u00e7ilikte q\u0131r\u0131mtatar halq\u0131n\u0131\u00f1 vaziyeti ve Halqara forum\u011fa az\u0131rl\u0131qn\u0131\u00f1 keti\u015fat\u0131na dair meseleler muzakere etildi.<\/p>\n\n\n\n<figure class=\"wp-block-image size-full\"><img loading=\"lazy\" decoding=\"async\" width=\"650\" height=\"432\" src=\"http:\/\/qtmm.org\/wp-content\/uploads\/2022\/01\/img_2370_1.jpeg\" alt=\"\" class=\"wp-image-38440\" srcset=\"https:\/\/qtmm.org\/wp-content\/uploads\/2022\/01\/img_2370_1.jpeg 650w, https:\/\/qtmm.org\/wp-content\/uploads\/2022\/01\/img_2370_1-300x199.jpeg 300w\" sizes=\"auto, (max-width: 650px) 100vw, 650px\" \/><\/figure>\n\n\n\n<p>T\u00fcrkiye Cumhuriyetini\u00f1 Litvaniyadaki Vefqulade ve Toluvek\u00e2letli El\u00e7isi \u00f6z musafirlerini Litvaniya tatarlar\u0131n\u0131\u00f1 tili, tarih\u0131 ve medeniyetini saqlap qaluv saas\u0131nda T\u00fcrkiye Cumhuriyetini\u00f1 destegi ile amelge ke\u00e7irilgen leyhalarnen tan\u0131\u015ft\u0131rd\u0131.<\/p>\n\n\n\n<p>T\u00fcrkiye Cumhuriyetini\u00f1 Litvaniyadaki El\u00e7isi Akin Algan Milliy Meclis reisi Mustafa Cemilevni\u00f1 \u015ferefine bergen aq\u015fam yemegi dostane subet ve fikir payla\u015fuv m\u00fcitinde ke\u00e7ti.<\/p>\n\n\n\n<figure class=\"wp-block-image size-full\"><img loading=\"lazy\" decoding=\"async\" width=\"650\" height=\"717\" src=\"http:\/\/qtmm.org\/wp-content\/uploads\/2022\/01\/img_2369_1.jpeg\" alt=\"\" class=\"wp-image-38444\" srcset=\"https:\/\/qtmm.org\/wp-content\/uploads\/2022\/01\/img_2369_1.jpeg 650w, https:\/\/qtmm.org\/wp-content\/uploads\/2022\/01\/img_2369_1-272x300.jpeg 272w\" sizes=\"auto, (max-width: 650px) 100vw, 650px\" \/><\/figure>\n","protected":false},"excerpt":{"rendered":"<p>Meclis delegatsiyas\u0131n\u0131\u00f1 Litvaniya Cumhuriyetine ziyareti \u00e7er\u00e7ivesinde ve T\u00fcrkiye Cumhuriyetini\u00f1 Litvaniyadaki El\u00e7isi Akin Algann\u0131\u00f1 davetine k\u00f6re Milliy Meclis reisi Mustafa Cemilev ve delegatsiya azalar\u0131 Refat \u00c7ubarov, Ali Hamzin, Aslan \u00d6mer Q\u0131r\u0131ml\u0131, bun\u0131\u00f1 kibi de Meclisni\u00f1 Litvaniyadaki temsilcisi, Litvaniya tatarlar\u0131 cemiyetini\u00f1 ba\u015f\u0131 Adas Yakubauskas 2013 senesi iy\u00fcn 26 k\u00fcn\u00fc T\u00fcrkiye Cumhuriyetini\u00f1 Litvaniyadaki El\u00e7ihanesini ziyaret ettiler. K\u00f6r\u00fc\u015f\u00fcv devam\u0131nda [&hellip;]<\/p>\n","protected":false},"author":1,"featured_media":38432,"comment_status":"open","ping_status":"open","sticky":false,"template":"","format":"standard","meta":{"inline_featured_image":false,"footnotes":""},"categories":[265],"tags":[],"class_list":["post-38431","post","type-post","status-publish","format-standard","has-post-thumbnail","hentry","category-haberler"],"acf":[],"yoast_head":"<!-- This site is optimized with the Yoast SEO plugin v27.4 - https:\/\/yoast.com\/product\/yoast-seo-wordpress\/ -->\n<title>Meclis reisi Mustafa Cemilev T\u00fcrkiye Cumhuriyetini\u00f1 Litvaniyadaki El\u00e7isi Akin Algan ile k\u00f6r\u00fc\u015fti - \u041c\u0435\u0434\u0436\u043b\u0456\u0441<\/title>\n<meta name=\"robots\" content=\"index, follow, max-snippet:-1, max-image-preview:large, max-video-preview:-1\" \/>\n<link rel=\"canonical\" href=\"https:\/\/qtmm.org\/qt\/meclis-reisi-mustafa-cemilev-turkiye-cumhuriyetinin-litvaniyadaki-elcisi-akin-algan-ile-korusti\/\" \/>\n<meta property=\"og:locale\" content=\"en_US\" \/>\n<meta property=\"og:type\" content=\"article\" \/>\n<meta property=\"og:title\" content=\"Meclis reisi Mustafa Cemilev T\u00fcrkiye Cumhuriyetini\u00f1 Litvaniyadaki El\u00e7isi Akin Algan ile k\u00f6r\u00fc\u015fti - \u041c\u0435\u0434\u0436\u043b\u0456\u0441\" \/>\n<meta property=\"og:description\" content=\"Meclis delegatsiyas\u0131n\u0131\u00f1 Litvaniya Cumhuriyetine ziyareti \u00e7er\u00e7ivesinde ve T\u00fcrkiye Cumhuriyetini\u00f1 Litvaniyadaki El\u00e7isi Akin Algann\u0131\u00f1 davetine k\u00f6re Milliy Meclis reisi Mustafa Cemilev ve delegatsiya azalar\u0131 Refat \u00c7ubarov, Ali Hamzin, Aslan \u00d6mer Q\u0131r\u0131ml\u0131, bun\u0131\u00f1 kibi de Meclisni\u00f1 Litvaniyadaki temsilcisi, Litvaniya tatarlar\u0131 cemiyetini\u00f1 ba\u015f\u0131 Adas Yakubauskas 2013 senesi iy\u00fcn 26 k\u00fcn\u00fc T\u00fcrkiye Cumhuriyetini\u00f1 Litvaniyadaki El\u00e7ihanesini ziyaret ettiler. K\u00f6r\u00fc\u015f\u00fcv devam\u0131nda [&hellip;]\" \/>\n<meta property=\"og:url\" content=\"https:\/\/qtmm.org\/qt\/meclis-reisi-mustafa-cemilev-turkiye-cumhuriyetinin-litvaniyadaki-elcisi-akin-algan-ile-korusti\/\" \/>\n<meta property=\"og:site_name\" content=\"\u041c\u0435\u0434\u0436\u043b\u0456\u0441\" \/>\n<meta property=\"article:publisher\" content=\"https:\/\/www.facebook.com\/qtmm.info\/\" \/>\n<meta property=\"article:published_time\" content=\"2013-06-28T11:26:00+00:00\" \/>\n<meta property=\"article:modified_time\" content=\"2022-01-25T11:27:52+00:00\" \/>\n<meta property=\"og:image\" content=\"https:\/\/qtmm.org\/wp-content\/uploads\/2022\/01\/img_2367_1.jpeg\" \/>\n\t<meta property=\"og:image:width\" content=\"650\" \/>\n\t<meta property=\"og:image:height\" content=\"400\" \/>\n\t<meta property=\"og:image:type\" content=\"image\/jpeg\" \/>\n<meta name=\"author\" content=\"Developer\" \/>\n<meta name=\"twitter:card\" content=\"summary_large_image\" \/>\n<meta name=\"twitter:label1\" content=\"Written by\" \/>\n\t<meta name=\"twitter:data1\" content=\"Developer\" \/>\n\t<meta name=\"twitter:label2\" content=\"Est. reading time\" \/>\n\t<meta name=\"twitter:data2\" content=\"1 minute\" \/>\n<script type=\"application\/ld+json\" class=\"yoast-schema-graph\">{\"@context\":\"https:\\\/\\\/schema.org\",\"@graph\":[{\"@type\":\"Article\",\"@id\":\"https:\\\/\\\/qtmm.org\\\/qt\\\/meclis-reisi-mustafa-cemilev-turkiye-cumhuriyetinin-litvaniyadaki-elcisi-akin-algan-ile-korusti\\\/#article\",\"isPartOf\":{\"@id\":\"https:\\\/\\\/qtmm.org\\\/qt\\\/meclis-reisi-mustafa-cemilev-turkiye-cumhuriyetinin-litvaniyadaki-elcisi-akin-algan-ile-korusti\\\/\"},\"author\":{\"name\":\"Developer\",\"@id\":\"https:\\\/\\\/qtmm.org\\\/qt\\\/#\\\/schema\\\/person\\\/de562469f971dec226ac06e60bbf74a7\"},\"headline\":\"Meclis reisi Mustafa Cemilev T\u00fcrkiye Cumhuriyetini\u00f1 Litvaniyadaki El\u00e7isi Akin Algan ile k\u00f6r\u00fc\u015fti\",\"datePublished\":\"2013-06-28T11:26:00+00:00\",\"dateModified\":\"2022-01-25T11:27:52+00:00\",\"mainEntityOfPage\":{\"@id\":\"https:\\\/\\\/qtmm.org\\\/qt\\\/meclis-reisi-mustafa-cemilev-turkiye-cumhuriyetinin-litvaniyadaki-elcisi-akin-algan-ile-korusti\\\/\"},\"wordCount\":168,\"commentCount\":0,\"publisher\":{\"@id\":\"https:\\\/\\\/qtmm.org\\\/qt\\\/#organization\"},\"image\":{\"@id\":\"https:\\\/\\\/qtmm.org\\\/qt\\\/meclis-reisi-mustafa-cemilev-turkiye-cumhuriyetinin-litvaniyadaki-elcisi-akin-algan-ile-korusti\\\/#primaryimage\"},\"thumbnailUrl\":\"https:\\\/\\\/qtmm.org\\\/wp-content\\\/uploads\\\/2022\\\/01\\\/img_2367_1.jpeg\",\"articleSection\":[\"Haberler\"],\"inLanguage\":\"qt\",\"potentialAction\":[{\"@type\":\"CommentAction\",\"name\":\"Comment\",\"target\":[\"https:\\\/\\\/qtmm.org\\\/qt\\\/meclis-reisi-mustafa-cemilev-turkiye-cumhuriyetinin-litvaniyadaki-elcisi-akin-algan-ile-korusti\\\/#respond\"]}]},{\"@type\":\"WebPage\",\"@id\":\"https:\\\/\\\/qtmm.org\\\/qt\\\/meclis-reisi-mustafa-cemilev-turkiye-cumhuriyetinin-litvaniyadaki-elcisi-akin-algan-ile-korusti\\\/\",\"url\":\"https:\\\/\\\/qtmm.org\\\/qt\\\/meclis-reisi-mustafa-cemilev-turkiye-cumhuriyetinin-litvaniyadaki-elcisi-akin-algan-ile-korusti\\\/\",\"name\":\"Meclis reisi Mustafa Cemilev T\u00fcrkiye Cumhuriyetini\u00f1 Litvaniyadaki El\u00e7isi Akin Algan ile k\u00f6r\u00fc\u015fti - \u041c\u0435\u0434\u0436\u043b\u0456\u0441\",\"isPartOf\":{\"@id\":\"https:\\\/\\\/qtmm.org\\\/qt\\\/#website\"},\"primaryImageOfPage\":{\"@id\":\"https:\\\/\\\/qtmm.org\\\/qt\\\/meclis-reisi-mustafa-cemilev-turkiye-cumhuriyetinin-litvaniyadaki-elcisi-akin-algan-ile-korusti\\\/#primaryimage\"},\"image\":{\"@id\":\"https:\\\/\\\/qtmm.org\\\/qt\\\/meclis-reisi-mustafa-cemilev-turkiye-cumhuriyetinin-litvaniyadaki-elcisi-akin-algan-ile-korusti\\\/#primaryimage\"},\"thumbnailUrl\":\"https:\\\/\\\/qtmm.org\\\/wp-content\\\/uploads\\\/2022\\\/01\\\/img_2367_1.jpeg\",\"datePublished\":\"2013-06-28T11:26:00+00:00\",\"dateModified\":\"2022-01-25T11:27:52+00:00\",\"breadcrumb\":{\"@id\":\"https:\\\/\\\/qtmm.org\\\/qt\\\/meclis-reisi-mustafa-cemilev-turkiye-cumhuriyetinin-litvaniyadaki-elcisi-akin-algan-ile-korusti\\\/#breadcrumb\"},\"inLanguage\":\"qt\",\"potentialAction\":[{\"@type\":\"ReadAction\",\"target\":[\"https:\\\/\\\/qtmm.org\\\/qt\\\/meclis-reisi-mustafa-cemilev-turkiye-cumhuriyetinin-litvaniyadaki-elcisi-akin-algan-ile-korusti\\\/\"]}]},{\"@type\":\"ImageObject\",\"inLanguage\":\"qt\",\"@id\":\"https:\\\/\\\/qtmm.org\\\/qt\\\/meclis-reisi-mustafa-cemilev-turkiye-cumhuriyetinin-litvaniyadaki-elcisi-akin-algan-ile-korusti\\\/#primaryimage\",\"url\":\"https:\\\/\\\/qtmm.org\\\/wp-content\\\/uploads\\\/2022\\\/01\\\/img_2367_1.jpeg\",\"contentUrl\":\"https:\\\/\\\/qtmm.org\\\/wp-content\\\/uploads\\\/2022\\\/01\\\/img_2367_1.jpeg\",\"width\":650,\"height\":400},{\"@type\":\"BreadcrumbList\",\"@id\":\"https:\\\/\\\/qtmm.org\\\/qt\\\/meclis-reisi-mustafa-cemilev-turkiye-cumhuriyetinin-litvaniyadaki-elcisi-akin-algan-ile-korusti\\\/#breadcrumb\",\"itemListElement\":[{\"@type\":\"ListItem\",\"position\":1,\"name\":\"\u0413\u043e\u043b\u043e\u0432\u043d\u0430\",\"item\":\"https:\\\/\\\/qtmm.org\\\/qt\\\/\"},{\"@type\":\"ListItem\",\"position\":2,\"name\":\"Meclis reisi Mustafa Cemilev T\u00fcrkiye Cumhuriyetini\u00f1 Litvaniyadaki El\u00e7isi Akin Algan ile k\u00f6r\u00fc\u015fti\"}]},{\"@type\":\"WebSite\",\"@id\":\"https:\\\/\\\/qtmm.org\\\/qt\\\/#website\",\"url\":\"https:\\\/\\\/qtmm.org\\\/qt\\\/\",\"name\":\"\u041c\u0435\u0434\u0436\u043b\u0456\u0441\",\"description\":\"\",\"publisher\":{\"@id\":\"https:\\\/\\\/qtmm.org\\\/qt\\\/#organization\"},\"potentialAction\":[{\"@type\":\"SearchAction\",\"target\":{\"@type\":\"EntryPoint\",\"urlTemplate\":\"https:\\\/\\\/qtmm.org\\\/qt\\\/?s={search_term_string}\"},\"query-input\":{\"@type\":\"PropertyValueSpecification\",\"valueRequired\":true,\"valueName\":\"search_term_string\"}}],\"inLanguage\":\"qt\"},{\"@type\":\"Organization\",\"@id\":\"https:\\\/\\\/qtmm.org\\\/qt\\\/#organization\",\"name\":\"\u041c\u0435\u0434\u0436\u043b\u0456\u0441\",\"url\":\"https:\\\/\\\/qtmm.org\\\/qt\\\/\",\"logo\":{\"@type\":\"ImageObject\",\"inLanguage\":\"qt\",\"@id\":\"https:\\\/\\\/qtmm.org\\\/qt\\\/#\\\/schema\\\/logo\\\/image\\\/\",\"url\":\"https:\\\/\\\/qtmm.org\\\/wp-content\\\/uploads\\\/2024\\\/12\\\/ua-mejlis-logo-rgb.svg\",\"contentUrl\":\"https:\\\/\\\/qtmm.org\\\/wp-content\\\/uploads\\\/2024\\\/12\\\/ua-mejlis-logo-rgb.svg\",\"caption\":\"\u041c\u0435\u0434\u0436\u043b\u0456\u0441\"},\"image\":{\"@id\":\"https:\\\/\\\/qtmm.org\\\/qt\\\/#\\\/schema\\\/logo\\\/image\\\/\"},\"sameAs\":[\"https:\\\/\\\/www.facebook.com\\\/qtmm.info\\\/\"]},{\"@type\":\"Person\",\"@id\":\"https:\\\/\\\/qtmm.org\\\/qt\\\/#\\\/schema\\\/person\\\/de562469f971dec226ac06e60bbf74a7\",\"name\":\"Developer\",\"image\":{\"@type\":\"ImageObject\",\"inLanguage\":\"qt\",\"@id\":\"https:\\\/\\\/secure.gravatar.com\\\/avatar\\\/392b4cc8fbfeb00b39dfeeab4ee6edded39ffd48e25858637e4765810300227e?s=96&d=mm&r=g\",\"url\":\"https:\\\/\\\/secure.gravatar.com\\\/avatar\\\/392b4cc8fbfeb00b39dfeeab4ee6edded39ffd48e25858637e4765810300227e?s=96&d=mm&r=g\",\"contentUrl\":\"https:\\\/\\\/secure.gravatar.com\\\/avatar\\\/392b4cc8fbfeb00b39dfeeab4ee6edded39ffd48e25858637e4765810300227e?s=96&d=mm&r=g\",\"caption\":\"Developer\"},\"url\":\"https:\\\/\\\/qtmm.org\\\/qt\\\/author\\\/Developer\\\/\"}]}<\/script>\n<!-- \/ Yoast SEO plugin. -->","yoast_head_json":{"title":"Meclis reisi Mustafa Cemilev T\u00fcrkiye Cumhuriyetini\u00f1 Litvaniyadaki El\u00e7isi Akin Algan ile k\u00f6r\u00fc\u015fti - \u041c\u0435\u0434\u0436\u043b\u0456\u0441","robots":{"index":"index","follow":"follow","max-snippet":"max-snippet:-1","max-image-preview":"max-image-preview:large","max-video-preview":"max-video-preview:-1"},"canonical":"https:\/\/qtmm.org\/qt\/meclis-reisi-mustafa-cemilev-turkiye-cumhuriyetinin-litvaniyadaki-elcisi-akin-algan-ile-korusti\/","og_locale":"en_US","og_type":"article","og_title":"Meclis reisi Mustafa Cemilev T\u00fcrkiye Cumhuriyetini\u00f1 Litvaniyadaki El\u00e7isi Akin Algan ile k\u00f6r\u00fc\u015fti - \u041c\u0435\u0434\u0436\u043b\u0456\u0441","og_description":"Meclis delegatsiyas\u0131n\u0131\u00f1 Litvaniya Cumhuriyetine ziyareti \u00e7er\u00e7ivesinde ve T\u00fcrkiye Cumhuriyetini\u00f1 Litvaniyadaki El\u00e7isi Akin Algann\u0131\u00f1 davetine k\u00f6re Milliy Meclis reisi Mustafa Cemilev ve delegatsiya azalar\u0131 Refat \u00c7ubarov, Ali Hamzin, Aslan \u00d6mer Q\u0131r\u0131ml\u0131, bun\u0131\u00f1 kibi de Meclisni\u00f1 Litvaniyadaki temsilcisi, Litvaniya tatarlar\u0131 cemiyetini\u00f1 ba\u015f\u0131 Adas Yakubauskas 2013 senesi iy\u00fcn 26 k\u00fcn\u00fc T\u00fcrkiye Cumhuriyetini\u00f1 Litvaniyadaki El\u00e7ihanesini ziyaret ettiler. K\u00f6r\u00fc\u015f\u00fcv devam\u0131nda [&hellip;]","og_url":"https:\/\/qtmm.org\/qt\/meclis-reisi-mustafa-cemilev-turkiye-cumhuriyetinin-litvaniyadaki-elcisi-akin-algan-ile-korusti\/","og_site_name":"\u041c\u0435\u0434\u0436\u043b\u0456\u0441","article_publisher":"https:\/\/www.facebook.com\/qtmm.info\/","article_published_time":"2013-06-28T11:26:00+00:00","article_modified_time":"2022-01-25T11:27:52+00:00","og_image":[{"width":650,"height":400,"url":"https:\/\/qtmm.org\/wp-content\/uploads\/2022\/01\/img_2367_1.jpeg","type":"image\/jpeg"}],"author":"Developer","twitter_card":"summary_large_image","twitter_misc":{"Written by":"Developer","Est. reading time":"1 minute"},"schema":{"@context":"https:\/\/schema.org","@graph":[{"@type":"Article","@id":"https:\/\/qtmm.org\/qt\/meclis-reisi-mustafa-cemilev-turkiye-cumhuriyetinin-litvaniyadaki-elcisi-akin-algan-ile-korusti\/#article","isPartOf":{"@id":"https:\/\/qtmm.org\/qt\/meclis-reisi-mustafa-cemilev-turkiye-cumhuriyetinin-litvaniyadaki-elcisi-akin-algan-ile-korusti\/"},"author":{"name":"Developer","@id":"https:\/\/qtmm.org\/qt\/#\/schema\/person\/de562469f971dec226ac06e60bbf74a7"},"headline":"Meclis reisi Mustafa Cemilev T\u00fcrkiye Cumhuriyetini\u00f1 Litvaniyadaki El\u00e7isi Akin Algan ile k\u00f6r\u00fc\u015fti","datePublished":"2013-06-28T11:26:00+00:00","dateModified":"2022-01-25T11:27:52+00:00","mainEntityOfPage":{"@id":"https:\/\/qtmm.org\/qt\/meclis-reisi-mustafa-cemilev-turkiye-cumhuriyetinin-litvaniyadaki-elcisi-akin-algan-ile-korusti\/"},"wordCount":168,"commentCount":0,"publisher":{"@id":"https:\/\/qtmm.org\/qt\/#organization"},"image":{"@id":"https:\/\/qtmm.org\/qt\/meclis-reisi-mustafa-cemilev-turkiye-cumhuriyetinin-litvaniyadaki-elcisi-akin-algan-ile-korusti\/#primaryimage"},"thumbnailUrl":"https:\/\/qtmm.org\/wp-content\/uploads\/2022\/01\/img_2367_1.jpeg","articleSection":["Haberler"],"inLanguage":"qt","potentialAction":[{"@type":"CommentAction","name":"Comment","target":["https:\/\/qtmm.org\/qt\/meclis-reisi-mustafa-cemilev-turkiye-cumhuriyetinin-litvaniyadaki-elcisi-akin-algan-ile-korusti\/#respond"]}]},{"@type":"WebPage","@id":"https:\/\/qtmm.org\/qt\/meclis-reisi-mustafa-cemilev-turkiye-cumhuriyetinin-litvaniyadaki-elcisi-akin-algan-ile-korusti\/","url":"https:\/\/qtmm.org\/qt\/meclis-reisi-mustafa-cemilev-turkiye-cumhuriyetinin-litvaniyadaki-elcisi-akin-algan-ile-korusti\/","name":"Meclis reisi Mustafa Cemilev T\u00fcrkiye Cumhuriyetini\u00f1 Litvaniyadaki El\u00e7isi Akin Algan ile k\u00f6r\u00fc\u015fti - \u041c\u0435\u0434\u0436\u043b\u0456\u0441","isPartOf":{"@id":"https:\/\/qtmm.org\/qt\/#website"},"primaryImageOfPage":{"@id":"https:\/\/qtmm.org\/qt\/meclis-reisi-mustafa-cemilev-turkiye-cumhuriyetinin-litvaniyadaki-elcisi-akin-algan-ile-korusti\/#primaryimage"},"image":{"@id":"https:\/\/qtmm.org\/qt\/meclis-reisi-mustafa-cemilev-turkiye-cumhuriyetinin-litvaniyadaki-elcisi-akin-algan-ile-korusti\/#primaryimage"},"thumbnailUrl":"https:\/\/qtmm.org\/wp-content\/uploads\/2022\/01\/img_2367_1.jpeg","datePublished":"2013-06-28T11:26:00+00:00","dateModified":"2022-01-25T11:27:52+00:00","breadcrumb":{"@id":"https:\/\/qtmm.org\/qt\/meclis-reisi-mustafa-cemilev-turkiye-cumhuriyetinin-litvaniyadaki-elcisi-akin-algan-ile-korusti\/#breadcrumb"},"inLanguage":"qt","potentialAction":[{"@type":"ReadAction","target":["https:\/\/qtmm.org\/qt\/meclis-reisi-mustafa-cemilev-turkiye-cumhuriyetinin-litvaniyadaki-elcisi-akin-algan-ile-korusti\/"]}]},{"@type":"ImageObject","inLanguage":"qt","@id":"https:\/\/qtmm.org\/qt\/meclis-reisi-mustafa-cemilev-turkiye-cumhuriyetinin-litvaniyadaki-elcisi-akin-algan-ile-korusti\/#primaryimage","url":"https:\/\/qtmm.org\/wp-content\/uploads\/2022\/01\/img_2367_1.jpeg","contentUrl":"https:\/\/qtmm.org\/wp-content\/uploads\/2022\/01\/img_2367_1.jpeg","width":650,"height":400},{"@type":"BreadcrumbList","@id":"https:\/\/qtmm.org\/qt\/meclis-reisi-mustafa-cemilev-turkiye-cumhuriyetinin-litvaniyadaki-elcisi-akin-algan-ile-korusti\/#breadcrumb","itemListElement":[{"@type":"ListItem","position":1,"name":"\u0413\u043e\u043b\u043e\u0432\u043d\u0430","item":"https:\/\/qtmm.org\/qt\/"},{"@type":"ListItem","position":2,"name":"Meclis reisi Mustafa Cemilev T\u00fcrkiye Cumhuriyetini\u00f1 Litvaniyadaki El\u00e7isi Akin Algan ile k\u00f6r\u00fc\u015fti"}]},{"@type":"WebSite","@id":"https:\/\/qtmm.org\/qt\/#website","url":"https:\/\/qtmm.org\/qt\/","name":"\u041c\u0435\u0434\u0436\u043b\u0456\u0441","description":"","publisher":{"@id":"https:\/\/qtmm.org\/qt\/#organization"},"potentialAction":[{"@type":"SearchAction","target":{"@type":"EntryPoint","urlTemplate":"https:\/\/qtmm.org\/qt\/?s={search_term_string}"},"query-input":{"@type":"PropertyValueSpecification","valueRequired":true,"valueName":"search_term_string"}}],"inLanguage":"qt"},{"@type":"Organization","@id":"https:\/\/qtmm.org\/qt\/#organization","name":"\u041c\u0435\u0434\u0436\u043b\u0456\u0441","url":"https:\/\/qtmm.org\/qt\/","logo":{"@type":"ImageObject","inLanguage":"qt","@id":"https:\/\/qtmm.org\/qt\/#\/schema\/logo\/image\/","url":"https:\/\/qtmm.org\/wp-content\/uploads\/2024\/12\/ua-mejlis-logo-rgb.svg","contentUrl":"https:\/\/qtmm.org\/wp-content\/uploads\/2024\/12\/ua-mejlis-logo-rgb.svg","caption":"\u041c\u0435\u0434\u0436\u043b\u0456\u0441"},"image":{"@id":"https:\/\/qtmm.org\/qt\/#\/schema\/logo\/image\/"},"sameAs":["https:\/\/www.facebook.com\/qtmm.info\/"]},{"@type":"Person","@id":"https:\/\/qtmm.org\/qt\/#\/schema\/person\/de562469f971dec226ac06e60bbf74a7","name":"Developer","image":{"@type":"ImageObject","inLanguage":"qt","@id":"https:\/\/secure.gravatar.com\/avatar\/392b4cc8fbfeb00b39dfeeab4ee6edded39ffd48e25858637e4765810300227e?s=96&d=mm&r=g","url":"https:\/\/secure.gravatar.com\/avatar\/392b4cc8fbfeb00b39dfeeab4ee6edded39ffd48e25858637e4765810300227e?s=96&d=mm&r=g","contentUrl":"https:\/\/secure.gravatar.com\/avatar\/392b4cc8fbfeb00b39dfeeab4ee6edded39ffd48e25858637e4765810300227e?s=96&d=mm&r=g","caption":"Developer"},"url":"https:\/\/qtmm.org\/qt\/author\/Developer\/"}]}},"_links":{"self":[{"href":"https:\/\/qtmm.org\/qt\/wp-json\/wp\/v2\/posts\/38431","targetHints":{"allow":["GET"]}}],"collection":[{"href":"https:\/\/qtmm.org\/qt\/wp-json\/wp\/v2\/posts"}],"about":[{"href":"https:\/\/qtmm.org\/qt\/wp-json\/wp\/v2\/types\/post"}],"author":[{"embeddable":true,"href":"https:\/\/qtmm.org\/qt\/wp-json\/wp\/v2\/users\/1"}],"replies":[{"embeddable":true,"href":"https:\/\/qtmm.org\/qt\/wp-json\/wp\/v2\/comments?post=38431"}],"version-history":[{"count":1,"href":"https:\/\/qtmm.org\/qt\/wp-json\/wp\/v2\/posts\/38431\/revisions"}],"predecessor-version":[{"id":38448,"href":"https:\/\/qtmm.org\/qt\/wp-json\/wp\/v2\/posts\/38431\/revisions\/38448"}],"wp:featuredmedia":[{"embeddable":true,"href":"https:\/\/qtmm.org\/qt\/wp-json\/wp\/v2\/media\/38432"}],"wp:attachment":[{"href":"https:\/\/qtmm.org\/qt\/wp-json\/wp\/v2\/media?parent=38431"}],"wp:term":[{"taxonomy":"category","embeddable":true,"href":"https:\/\/qtmm.org\/qt\/wp-json\/wp\/v2\/categories?post=38431"},{"taxonomy":"post_tag","embeddable":true,"href":"https:\/\/qtmm.org\/qt\/wp-json\/wp\/v2\/tags?post=38431"}],"curies":[{"name":"wp","href":"https:\/\/api.w.org\/{rel}","templated":true}]}}