




{"id":38267,"date":"2013-06-26T14:08:00","date_gmt":"2013-06-26T11:08:00","guid":{"rendered":"http:\/\/qtmm.org\/?p=38267"},"modified":"2022-01-25T14:10:03","modified_gmt":"2022-01-25T11:10:03","slug":"moskvada-belli-uquqqoruyici-sovet-dissidenti-memorial-uquqqoruv-merkezi-kenesinin-azasi-aleksandr-lavut-ile-vedalastilar","status":"publish","type":"post","link":"https:\/\/qtmm.org\/qt\/moskvada-belli-uquqqoruyici-sovet-dissidenti-memorial-uquqqoruv-merkezi-kenesinin-azasi-aleksandr-lavut-ile-vedalastilar\/","title":{"rendered":"Moskvada belli uquqqoruy\u0131c\u0131, sovet dissidenti, &#8220;Memorial&#8221; Uquqqoruv merkezi ke\u00f1e\u015fini\u00f1 azas\u0131 Aleksandr Lavut ile vedala\u015ft\u0131lar"},"content":{"rendered":"\n<p>2013 senesi iy\u00fcn 26 k\u00fcn\u00fc Moskvada belli uquqqoruy\u0131c\u0131, sovet dissidenti, &#8220;Memorial&#8221; Uquqqoruv merkezi ke\u00f1e\u015fini\u00f1 azas\u0131 Aleksandr Lavut ile vedala\u015ft\u0131lar.<\/p>\n\n\n\n<p>Vedala\u015fuv merasimi &#8220;Memorial&#8221; Uquqqoruv merkezi binas\u0131nda ol\u0131p ke\u00e7ti<\/p>\n\n\n\n<p>Q\u0131r\u0131mtatar halq\u0131 dostun\u0131\u00f1 cenazesine Q\u0131r\u0131mdan milliy areket veteranlar\u0131. Milliy Meclis azalar\u0131 Zevcet Qurt\u00fcmerov ve Sinaver Qad\u0131rov, ve bun\u0131\u00f1 kibi de ATR kanal\u0131nda &#8220;Tarih sedas\u0131&#8221; programmas\u0131n\u0131\u00f1 al\u0131p bar\u0131c\u0131s\u0131 G\u00fclnara Bekirova keldiler.<\/p>\n\n\n\n<p>Cenazede Aleksandr Lavutn\u0131\u00f1 e\u00f1 sad\u0131q arqada\u015f\u0131, refiqas\u0131 Sima B\u00f6risovna, bala ve torunlar\u0131, \u00e7oqtan-\u00e7oq dostlar\u0131, meslekde\u015fleri, sovet dissidentleri Sergey Kovalev ve Aleksandr Podrabinek, Moskva q\u0131r\u0131mtatar cemiyetini\u00f1 ba\u015f\u0131 Mustafa M\u00fchteremov, moskval\u0131 jurnalist Ayder Mujdabayev, B\u00fct\u00fcnd\u00fcnya q\u0131r\u0131mtatarlar kongressi koordinatsion ke\u00f1e\u015fini\u00f1 azas\u0131 Enver Ramazanov ve digerleri bulund\u0131lar.<\/p>\n\n\n\n<figure class=\"wp-block-image size-full\"><img loading=\"lazy\" decoding=\"async\" width=\"800\" height=\"600\" src=\"http:\/\/qtmm.org\/wp-content\/uploads\/2022\/01\/lavut2.jpeg\" alt=\"\" class=\"wp-image-38272\" srcset=\"https:\/\/qtmm.org\/wp-content\/uploads\/2022\/01\/lavut2.jpeg 800w, https:\/\/qtmm.org\/wp-content\/uploads\/2022\/01\/lavut2-300x225.jpeg 300w, https:\/\/qtmm.org\/wp-content\/uploads\/2022\/01\/lavut2-768x576.jpeg 768w\" sizes=\"auto, (max-width: 800px) 100vw, 800px\" \/><\/figure>\n\n\n\n<p>Milliy areket veteran\u0131 Zevcet Qurt\u00fcmerov Lavutn\u0131\u00f1 yaq\u0131n dostu, Milliy Meclis reisi Mustafa Cemilevni\u00f1 ad\u0131ndan taziye bildirdi.<\/p>\n\n\n\n<figure class=\"wp-block-image size-full\"><img loading=\"lazy\" decoding=\"async\" width=\"800\" height=\"451\" src=\"http:\/\/qtmm.org\/wp-content\/uploads\/2022\/01\/lavut4.jpeg\" alt=\"\" class=\"wp-image-38276\" srcset=\"https:\/\/qtmm.org\/wp-content\/uploads\/2022\/01\/lavut4.jpeg 800w, https:\/\/qtmm.org\/wp-content\/uploads\/2022\/01\/lavut4-300x169.jpeg 300w, https:\/\/qtmm.org\/wp-content\/uploads\/2022\/01\/lavut4-768x433.jpeg 768w\" sizes=\"auto, (max-width: 800px) 100vw, 800px\" \/><\/figure>\n\n\n\n<p>Meclis ve Moskva q\u0131r\u0131mtatar cemiyetinden q\u0131r\u0131mtatar ve rus tillerinde &#8220;Aleksandr Lavut \u2013 Ebediy hat\u0131ram\u0131zda&#8221;, &#8220;Aleksandr Lavut daima qalbimizde&#8221; s\u00f6zler yaz\u0131l\u011fan g\u00fcl\u00e7emberler qoyuld\u0131.<\/p>\n\n\n\n<figure class=\"wp-block-image size-full\"><img loading=\"lazy\" decoding=\"async\" width=\"800\" height=\"600\" src=\"http:\/\/qtmm.org\/wp-content\/uploads\/2022\/01\/lavut1.jpeg\" alt=\"\" class=\"wp-image-38280\" srcset=\"https:\/\/qtmm.org\/wp-content\/uploads\/2022\/01\/lavut1.jpeg 800w, https:\/\/qtmm.org\/wp-content\/uploads\/2022\/01\/lavut1-300x225.jpeg 300w, https:\/\/qtmm.org\/wp-content\/uploads\/2022\/01\/lavut1-768x576.jpeg 768w\" sizes=\"auto, (max-width: 800px) 100vw, 800px\" \/><\/figure>\n\n\n\n<p>Mal\u00fcmat i\u00e7\u00fcn: iy\u00fcn 23 kun. Moskvada 84 ya\u015f\u0131nda Moskvada belli uquqqoruy\u0131c\u0131, sovet dissidenti, &#8220;Memorial&#8221; Uquqqoruv merkezi ke\u00f1e\u015fini\u00f1 azas\u0131 Aleksandr Lavut vefat etti.<br><br>Aleksandr Lavut q\u0131r\u0131mtatar halq\u0131n\u0131\u00f1 hat\u0131ras\u0131nda insan ve halqlarn\u0131\u00f1 aql\u0131 i\u00e7\u00fcn ate\u015fin k\u00fcre\u015f\u00e7i olaraq ebediy saqlan\u0131p qal\u0131r. Q\u0131r\u0131mtatar halq\u0131 k\u00fcre\u015fine on\u0131\u00f1 issesi b\u00fcy\u00fck. Q\u0131r\u0131mtatar halq\u0131n\u0131\u00f1 Vatan\u011fa qaytuv areketine ba\u011f\u0131\u015flan\u011fan &#8220;Vaqialar hronikas\u0131&#8221;n\u0131\u00f1 31-nci san\u0131n\u0131 o deyerlik bir \u00f6z\u00fc az\u0131rlad\u0131.<br>Fotoresimler Facebooktan G\u00fclnara Bekirovan\u0131\u00f1 \u015fahsiy saifesinden al\u0131nd\u0131<\/p>\n","protected":false},"excerpt":{"rendered":"<p>2013 senesi iy\u00fcn 26 k\u00fcn\u00fc Moskvada belli uquqqoruy\u0131c\u0131, sovet dissidenti, &#8220;Memorial&#8221; Uquqqoruv merkezi ke\u00f1e\u015fini\u00f1 azas\u0131 Aleksandr Lavut ile vedala\u015ft\u0131lar. Vedala\u015fuv merasimi &#8220;Memorial&#8221; Uquqqoruv merkezi binas\u0131nda ol\u0131p ke\u00e7ti Q\u0131r\u0131mtatar halq\u0131 dostun\u0131\u00f1 cenazesine Q\u0131r\u0131mdan milliy areket veteranlar\u0131. Milliy Meclis azalar\u0131 Zevcet Qurt\u00fcmerov ve Sinaver Qad\u0131rov, ve bun\u0131\u00f1 kibi de ATR kanal\u0131nda &#8220;Tarih sedas\u0131&#8221; programmas\u0131n\u0131\u00f1 al\u0131p bar\u0131c\u0131s\u0131 G\u00fclnara [&hellip;]<\/p>\n","protected":false},"author":1,"featured_media":38268,"comment_status":"open","ping_status":"open","sticky":false,"template":"","format":"standard","meta":{"inline_featured_image":false,"footnotes":""},"categories":[265],"tags":[],"class_list":["post-38267","post","type-post","status-publish","format-standard","has-post-thumbnail","hentry","category-haberler"],"acf":[],"yoast_head":"<!-- This site is optimized with the Yoast SEO plugin v27.4 - https:\/\/yoast.com\/product\/yoast-seo-wordpress\/ -->\n<title>Moskvada belli uquqqoruy\u0131c\u0131, sovet dissidenti, &quot;Memorial&quot; Uquqqoruv merkezi ke\u00f1e\u015fini\u00f1 azas\u0131 Aleksandr Lavut ile vedala\u015ft\u0131lar - \u041c\u0435\u0434\u0436\u043b\u0456\u0441<\/title>\n<meta name=\"robots\" content=\"index, follow, max-snippet:-1, max-image-preview:large, max-video-preview:-1\" \/>\n<link rel=\"canonical\" href=\"https:\/\/qtmm.org\/qt\/moskvada-belli-uquqqoruyici-sovet-dissidenti-memorial-uquqqoruv-merkezi-kenesinin-azasi-aleksandr-lavut-ile-vedalastilar\/\" \/>\n<meta property=\"og:locale\" content=\"en_US\" \/>\n<meta property=\"og:type\" content=\"article\" \/>\n<meta property=\"og:title\" content=\"Moskvada belli uquqqoruy\u0131c\u0131, sovet dissidenti, &quot;Memorial&quot; Uquqqoruv merkezi ke\u00f1e\u015fini\u00f1 azas\u0131 Aleksandr Lavut ile vedala\u015ft\u0131lar - \u041c\u0435\u0434\u0436\u043b\u0456\u0441\" \/>\n<meta property=\"og:description\" content=\"2013 senesi iy\u00fcn 26 k\u00fcn\u00fc Moskvada belli uquqqoruy\u0131c\u0131, sovet dissidenti, &#8220;Memorial&#8221; Uquqqoruv merkezi ke\u00f1e\u015fini\u00f1 azas\u0131 Aleksandr Lavut ile vedala\u015ft\u0131lar. Vedala\u015fuv merasimi &#8220;Memorial&#8221; Uquqqoruv merkezi binas\u0131nda ol\u0131p ke\u00e7ti Q\u0131r\u0131mtatar halq\u0131 dostun\u0131\u00f1 cenazesine Q\u0131r\u0131mdan milliy areket veteranlar\u0131. Milliy Meclis azalar\u0131 Zevcet Qurt\u00fcmerov ve Sinaver Qad\u0131rov, ve bun\u0131\u00f1 kibi de ATR kanal\u0131nda &#8220;Tarih sedas\u0131&#8221; programmas\u0131n\u0131\u00f1 al\u0131p bar\u0131c\u0131s\u0131 G\u00fclnara [&hellip;]\" \/>\n<meta property=\"og:url\" content=\"https:\/\/qtmm.org\/qt\/moskvada-belli-uquqqoruyici-sovet-dissidenti-memorial-uquqqoruv-merkezi-kenesinin-azasi-aleksandr-lavut-ile-vedalastilar\/\" \/>\n<meta property=\"og:site_name\" content=\"\u041c\u0435\u0434\u0436\u043b\u0456\u0441\" \/>\n<meta property=\"article:publisher\" content=\"https:\/\/www.facebook.com\/qtmm.info\/\" \/>\n<meta property=\"article:published_time\" content=\"2013-06-26T11:08:00+00:00\" \/>\n<meta property=\"article:modified_time\" content=\"2022-01-25T11:10:03+00:00\" \/>\n<meta property=\"og:image\" content=\"https:\/\/qtmm.org\/wp-content\/uploads\/2022\/01\/lavut3.jpeg\" \/>\n\t<meta property=\"og:image:width\" content=\"800\" \/>\n\t<meta property=\"og:image:height\" content=\"600\" \/>\n\t<meta property=\"og:image:type\" content=\"image\/jpeg\" \/>\n<meta name=\"author\" content=\"Developer\" \/>\n<meta name=\"twitter:card\" content=\"summary_large_image\" \/>\n<meta name=\"twitter:label1\" content=\"Written by\" \/>\n\t<meta name=\"twitter:data1\" content=\"Developer\" \/>\n\t<meta name=\"twitter:label2\" content=\"Est. reading time\" \/>\n\t<meta name=\"twitter:data2\" content=\"1 minute\" \/>\n<script type=\"application\/ld+json\" class=\"yoast-schema-graph\">{\"@context\":\"https:\\\/\\\/schema.org\",\"@graph\":[{\"@type\":\"Article\",\"@id\":\"https:\\\/\\\/qtmm.org\\\/qt\\\/moskvada-belli-uquqqoruyici-sovet-dissidenti-memorial-uquqqoruv-merkezi-kenesinin-azasi-aleksandr-lavut-ile-vedalastilar\\\/#article\",\"isPartOf\":{\"@id\":\"https:\\\/\\\/qtmm.org\\\/qt\\\/moskvada-belli-uquqqoruyici-sovet-dissidenti-memorial-uquqqoruv-merkezi-kenesinin-azasi-aleksandr-lavut-ile-vedalastilar\\\/\"},\"author\":{\"name\":\"Developer\",\"@id\":\"https:\\\/\\\/qtmm.org\\\/qt\\\/#\\\/schema\\\/person\\\/de562469f971dec226ac06e60bbf74a7\"},\"headline\":\"Moskvada belli uquqqoruy\u0131c\u0131, sovet dissidenti, &#8220;Memorial&#8221; Uquqqoruv merkezi ke\u00f1e\u015fini\u00f1 azas\u0131 Aleksandr Lavut ile vedala\u015ft\u0131lar\",\"datePublished\":\"2013-06-26T11:08:00+00:00\",\"dateModified\":\"2022-01-25T11:10:03+00:00\",\"mainEntityOfPage\":{\"@id\":\"https:\\\/\\\/qtmm.org\\\/qt\\\/moskvada-belli-uquqqoruyici-sovet-dissidenti-memorial-uquqqoruv-merkezi-kenesinin-azasi-aleksandr-lavut-ile-vedalastilar\\\/\"},\"wordCount\":305,\"commentCount\":0,\"publisher\":{\"@id\":\"https:\\\/\\\/qtmm.org\\\/qt\\\/#organization\"},\"image\":{\"@id\":\"https:\\\/\\\/qtmm.org\\\/qt\\\/moskvada-belli-uquqqoruyici-sovet-dissidenti-memorial-uquqqoruv-merkezi-kenesinin-azasi-aleksandr-lavut-ile-vedalastilar\\\/#primaryimage\"},\"thumbnailUrl\":\"https:\\\/\\\/qtmm.org\\\/wp-content\\\/uploads\\\/2022\\\/01\\\/lavut3.jpeg\",\"articleSection\":[\"Haberler\"],\"inLanguage\":\"qt\",\"potentialAction\":[{\"@type\":\"CommentAction\",\"name\":\"Comment\",\"target\":[\"https:\\\/\\\/qtmm.org\\\/qt\\\/moskvada-belli-uquqqoruyici-sovet-dissidenti-memorial-uquqqoruv-merkezi-kenesinin-azasi-aleksandr-lavut-ile-vedalastilar\\\/#respond\"]}]},{\"@type\":\"WebPage\",\"@id\":\"https:\\\/\\\/qtmm.org\\\/qt\\\/moskvada-belli-uquqqoruyici-sovet-dissidenti-memorial-uquqqoruv-merkezi-kenesinin-azasi-aleksandr-lavut-ile-vedalastilar\\\/\",\"url\":\"https:\\\/\\\/qtmm.org\\\/qt\\\/moskvada-belli-uquqqoruyici-sovet-dissidenti-memorial-uquqqoruv-merkezi-kenesinin-azasi-aleksandr-lavut-ile-vedalastilar\\\/\",\"name\":\"Moskvada belli uquqqoruy\u0131c\u0131, sovet dissidenti, \\\"Memorial\\\" Uquqqoruv merkezi ke\u00f1e\u015fini\u00f1 azas\u0131 Aleksandr Lavut ile vedala\u015ft\u0131lar - \u041c\u0435\u0434\u0436\u043b\u0456\u0441\",\"isPartOf\":{\"@id\":\"https:\\\/\\\/qtmm.org\\\/qt\\\/#website\"},\"primaryImageOfPage\":{\"@id\":\"https:\\\/\\\/qtmm.org\\\/qt\\\/moskvada-belli-uquqqoruyici-sovet-dissidenti-memorial-uquqqoruv-merkezi-kenesinin-azasi-aleksandr-lavut-ile-vedalastilar\\\/#primaryimage\"},\"image\":{\"@id\":\"https:\\\/\\\/qtmm.org\\\/qt\\\/moskvada-belli-uquqqoruyici-sovet-dissidenti-memorial-uquqqoruv-merkezi-kenesinin-azasi-aleksandr-lavut-ile-vedalastilar\\\/#primaryimage\"},\"thumbnailUrl\":\"https:\\\/\\\/qtmm.org\\\/wp-content\\\/uploads\\\/2022\\\/01\\\/lavut3.jpeg\",\"datePublished\":\"2013-06-26T11:08:00+00:00\",\"dateModified\":\"2022-01-25T11:10:03+00:00\",\"breadcrumb\":{\"@id\":\"https:\\\/\\\/qtmm.org\\\/qt\\\/moskvada-belli-uquqqoruyici-sovet-dissidenti-memorial-uquqqoruv-merkezi-kenesinin-azasi-aleksandr-lavut-ile-vedalastilar\\\/#breadcrumb\"},\"inLanguage\":\"qt\",\"potentialAction\":[{\"@type\":\"ReadAction\",\"target\":[\"https:\\\/\\\/qtmm.org\\\/qt\\\/moskvada-belli-uquqqoruyici-sovet-dissidenti-memorial-uquqqoruv-merkezi-kenesinin-azasi-aleksandr-lavut-ile-vedalastilar\\\/\"]}]},{\"@type\":\"ImageObject\",\"inLanguage\":\"qt\",\"@id\":\"https:\\\/\\\/qtmm.org\\\/qt\\\/moskvada-belli-uquqqoruyici-sovet-dissidenti-memorial-uquqqoruv-merkezi-kenesinin-azasi-aleksandr-lavut-ile-vedalastilar\\\/#primaryimage\",\"url\":\"https:\\\/\\\/qtmm.org\\\/wp-content\\\/uploads\\\/2022\\\/01\\\/lavut3.jpeg\",\"contentUrl\":\"https:\\\/\\\/qtmm.org\\\/wp-content\\\/uploads\\\/2022\\\/01\\\/lavut3.jpeg\",\"width\":800,\"height\":600},{\"@type\":\"BreadcrumbList\",\"@id\":\"https:\\\/\\\/qtmm.org\\\/qt\\\/moskvada-belli-uquqqoruyici-sovet-dissidenti-memorial-uquqqoruv-merkezi-kenesinin-azasi-aleksandr-lavut-ile-vedalastilar\\\/#breadcrumb\",\"itemListElement\":[{\"@type\":\"ListItem\",\"position\":1,\"name\":\"\u0413\u043e\u043b\u043e\u0432\u043d\u0430\",\"item\":\"https:\\\/\\\/qtmm.org\\\/qt\\\/\"},{\"@type\":\"ListItem\",\"position\":2,\"name\":\"Moskvada belli uquqqoruy\u0131c\u0131, sovet dissidenti, &#8220;Memorial&#8221; Uquqqoruv merkezi ke\u00f1e\u015fini\u00f1 azas\u0131 Aleksandr Lavut ile vedala\u015ft\u0131lar\"}]},{\"@type\":\"WebSite\",\"@id\":\"https:\\\/\\\/qtmm.org\\\/qt\\\/#website\",\"url\":\"https:\\\/\\\/qtmm.org\\\/qt\\\/\",\"name\":\"\u041c\u0435\u0434\u0436\u043b\u0456\u0441\",\"description\":\"\",\"publisher\":{\"@id\":\"https:\\\/\\\/qtmm.org\\\/qt\\\/#organization\"},\"potentialAction\":[{\"@type\":\"SearchAction\",\"target\":{\"@type\":\"EntryPoint\",\"urlTemplate\":\"https:\\\/\\\/qtmm.org\\\/qt\\\/?s={search_term_string}\"},\"query-input\":{\"@type\":\"PropertyValueSpecification\",\"valueRequired\":true,\"valueName\":\"search_term_string\"}}],\"inLanguage\":\"qt\"},{\"@type\":\"Organization\",\"@id\":\"https:\\\/\\\/qtmm.org\\\/qt\\\/#organization\",\"name\":\"\u041c\u0435\u0434\u0436\u043b\u0456\u0441\",\"url\":\"https:\\\/\\\/qtmm.org\\\/qt\\\/\",\"logo\":{\"@type\":\"ImageObject\",\"inLanguage\":\"qt\",\"@id\":\"https:\\\/\\\/qtmm.org\\\/qt\\\/#\\\/schema\\\/logo\\\/image\\\/\",\"url\":\"https:\\\/\\\/qtmm.org\\\/wp-content\\\/uploads\\\/2024\\\/12\\\/ua-mejlis-logo-rgb.svg\",\"contentUrl\":\"https:\\\/\\\/qtmm.org\\\/wp-content\\\/uploads\\\/2024\\\/12\\\/ua-mejlis-logo-rgb.svg\",\"caption\":\"\u041c\u0435\u0434\u0436\u043b\u0456\u0441\"},\"image\":{\"@id\":\"https:\\\/\\\/qtmm.org\\\/qt\\\/#\\\/schema\\\/logo\\\/image\\\/\"},\"sameAs\":[\"https:\\\/\\\/www.facebook.com\\\/qtmm.info\\\/\"]},{\"@type\":\"Person\",\"@id\":\"https:\\\/\\\/qtmm.org\\\/qt\\\/#\\\/schema\\\/person\\\/de562469f971dec226ac06e60bbf74a7\",\"name\":\"Developer\",\"image\":{\"@type\":\"ImageObject\",\"inLanguage\":\"qt\",\"@id\":\"https:\\\/\\\/secure.gravatar.com\\\/avatar\\\/392b4cc8fbfeb00b39dfeeab4ee6edded39ffd48e25858637e4765810300227e?s=96&d=mm&r=g\",\"url\":\"https:\\\/\\\/secure.gravatar.com\\\/avatar\\\/392b4cc8fbfeb00b39dfeeab4ee6edded39ffd48e25858637e4765810300227e?s=96&d=mm&r=g\",\"contentUrl\":\"https:\\\/\\\/secure.gravatar.com\\\/avatar\\\/392b4cc8fbfeb00b39dfeeab4ee6edded39ffd48e25858637e4765810300227e?s=96&d=mm&r=g\",\"caption\":\"Developer\"},\"url\":\"https:\\\/\\\/qtmm.org\\\/qt\\\/author\\\/Developer\\\/\"}]}<\/script>\n<!-- \/ Yoast SEO plugin. -->","yoast_head_json":{"title":"Moskvada belli uquqqoruy\u0131c\u0131, sovet dissidenti, \"Memorial\" Uquqqoruv merkezi ke\u00f1e\u015fini\u00f1 azas\u0131 Aleksandr Lavut ile vedala\u015ft\u0131lar - \u041c\u0435\u0434\u0436\u043b\u0456\u0441","robots":{"index":"index","follow":"follow","max-snippet":"max-snippet:-1","max-image-preview":"max-image-preview:large","max-video-preview":"max-video-preview:-1"},"canonical":"https:\/\/qtmm.org\/qt\/moskvada-belli-uquqqoruyici-sovet-dissidenti-memorial-uquqqoruv-merkezi-kenesinin-azasi-aleksandr-lavut-ile-vedalastilar\/","og_locale":"en_US","og_type":"article","og_title":"Moskvada belli uquqqoruy\u0131c\u0131, sovet dissidenti, \"Memorial\" Uquqqoruv merkezi ke\u00f1e\u015fini\u00f1 azas\u0131 Aleksandr Lavut ile vedala\u015ft\u0131lar - \u041c\u0435\u0434\u0436\u043b\u0456\u0441","og_description":"2013 senesi iy\u00fcn 26 k\u00fcn\u00fc Moskvada belli uquqqoruy\u0131c\u0131, sovet dissidenti, &#8220;Memorial&#8221; Uquqqoruv merkezi ke\u00f1e\u015fini\u00f1 azas\u0131 Aleksandr Lavut ile vedala\u015ft\u0131lar. Vedala\u015fuv merasimi &#8220;Memorial&#8221; Uquqqoruv merkezi binas\u0131nda ol\u0131p ke\u00e7ti Q\u0131r\u0131mtatar halq\u0131 dostun\u0131\u00f1 cenazesine Q\u0131r\u0131mdan milliy areket veteranlar\u0131. Milliy Meclis azalar\u0131 Zevcet Qurt\u00fcmerov ve Sinaver Qad\u0131rov, ve bun\u0131\u00f1 kibi de ATR kanal\u0131nda &#8220;Tarih sedas\u0131&#8221; programmas\u0131n\u0131\u00f1 al\u0131p bar\u0131c\u0131s\u0131 G\u00fclnara [&hellip;]","og_url":"https:\/\/qtmm.org\/qt\/moskvada-belli-uquqqoruyici-sovet-dissidenti-memorial-uquqqoruv-merkezi-kenesinin-azasi-aleksandr-lavut-ile-vedalastilar\/","og_site_name":"\u041c\u0435\u0434\u0436\u043b\u0456\u0441","article_publisher":"https:\/\/www.facebook.com\/qtmm.info\/","article_published_time":"2013-06-26T11:08:00+00:00","article_modified_time":"2022-01-25T11:10:03+00:00","og_image":[{"width":800,"height":600,"url":"https:\/\/qtmm.org\/wp-content\/uploads\/2022\/01\/lavut3.jpeg","type":"image\/jpeg"}],"author":"Developer","twitter_card":"summary_large_image","twitter_misc":{"Written by":"Developer","Est. reading time":"1 minute"},"schema":{"@context":"https:\/\/schema.org","@graph":[{"@type":"Article","@id":"https:\/\/qtmm.org\/qt\/moskvada-belli-uquqqoruyici-sovet-dissidenti-memorial-uquqqoruv-merkezi-kenesinin-azasi-aleksandr-lavut-ile-vedalastilar\/#article","isPartOf":{"@id":"https:\/\/qtmm.org\/qt\/moskvada-belli-uquqqoruyici-sovet-dissidenti-memorial-uquqqoruv-merkezi-kenesinin-azasi-aleksandr-lavut-ile-vedalastilar\/"},"author":{"name":"Developer","@id":"https:\/\/qtmm.org\/qt\/#\/schema\/person\/de562469f971dec226ac06e60bbf74a7"},"headline":"Moskvada belli uquqqoruy\u0131c\u0131, sovet dissidenti, &#8220;Memorial&#8221; Uquqqoruv merkezi ke\u00f1e\u015fini\u00f1 azas\u0131 Aleksandr Lavut ile vedala\u015ft\u0131lar","datePublished":"2013-06-26T11:08:00+00:00","dateModified":"2022-01-25T11:10:03+00:00","mainEntityOfPage":{"@id":"https:\/\/qtmm.org\/qt\/moskvada-belli-uquqqoruyici-sovet-dissidenti-memorial-uquqqoruv-merkezi-kenesinin-azasi-aleksandr-lavut-ile-vedalastilar\/"},"wordCount":305,"commentCount":0,"publisher":{"@id":"https:\/\/qtmm.org\/qt\/#organization"},"image":{"@id":"https:\/\/qtmm.org\/qt\/moskvada-belli-uquqqoruyici-sovet-dissidenti-memorial-uquqqoruv-merkezi-kenesinin-azasi-aleksandr-lavut-ile-vedalastilar\/#primaryimage"},"thumbnailUrl":"https:\/\/qtmm.org\/wp-content\/uploads\/2022\/01\/lavut3.jpeg","articleSection":["Haberler"],"inLanguage":"qt","potentialAction":[{"@type":"CommentAction","name":"Comment","target":["https:\/\/qtmm.org\/qt\/moskvada-belli-uquqqoruyici-sovet-dissidenti-memorial-uquqqoruv-merkezi-kenesinin-azasi-aleksandr-lavut-ile-vedalastilar\/#respond"]}]},{"@type":"WebPage","@id":"https:\/\/qtmm.org\/qt\/moskvada-belli-uquqqoruyici-sovet-dissidenti-memorial-uquqqoruv-merkezi-kenesinin-azasi-aleksandr-lavut-ile-vedalastilar\/","url":"https:\/\/qtmm.org\/qt\/moskvada-belli-uquqqoruyici-sovet-dissidenti-memorial-uquqqoruv-merkezi-kenesinin-azasi-aleksandr-lavut-ile-vedalastilar\/","name":"Moskvada belli uquqqoruy\u0131c\u0131, sovet dissidenti, \"Memorial\" Uquqqoruv merkezi ke\u00f1e\u015fini\u00f1 azas\u0131 Aleksandr Lavut ile vedala\u015ft\u0131lar - \u041c\u0435\u0434\u0436\u043b\u0456\u0441","isPartOf":{"@id":"https:\/\/qtmm.org\/qt\/#website"},"primaryImageOfPage":{"@id":"https:\/\/qtmm.org\/qt\/moskvada-belli-uquqqoruyici-sovet-dissidenti-memorial-uquqqoruv-merkezi-kenesinin-azasi-aleksandr-lavut-ile-vedalastilar\/#primaryimage"},"image":{"@id":"https:\/\/qtmm.org\/qt\/moskvada-belli-uquqqoruyici-sovet-dissidenti-memorial-uquqqoruv-merkezi-kenesinin-azasi-aleksandr-lavut-ile-vedalastilar\/#primaryimage"},"thumbnailUrl":"https:\/\/qtmm.org\/wp-content\/uploads\/2022\/01\/lavut3.jpeg","datePublished":"2013-06-26T11:08:00+00:00","dateModified":"2022-01-25T11:10:03+00:00","breadcrumb":{"@id":"https:\/\/qtmm.org\/qt\/moskvada-belli-uquqqoruyici-sovet-dissidenti-memorial-uquqqoruv-merkezi-kenesinin-azasi-aleksandr-lavut-ile-vedalastilar\/#breadcrumb"},"inLanguage":"qt","potentialAction":[{"@type":"ReadAction","target":["https:\/\/qtmm.org\/qt\/moskvada-belli-uquqqoruyici-sovet-dissidenti-memorial-uquqqoruv-merkezi-kenesinin-azasi-aleksandr-lavut-ile-vedalastilar\/"]}]},{"@type":"ImageObject","inLanguage":"qt","@id":"https:\/\/qtmm.org\/qt\/moskvada-belli-uquqqoruyici-sovet-dissidenti-memorial-uquqqoruv-merkezi-kenesinin-azasi-aleksandr-lavut-ile-vedalastilar\/#primaryimage","url":"https:\/\/qtmm.org\/wp-content\/uploads\/2022\/01\/lavut3.jpeg","contentUrl":"https:\/\/qtmm.org\/wp-content\/uploads\/2022\/01\/lavut3.jpeg","width":800,"height":600},{"@type":"BreadcrumbList","@id":"https:\/\/qtmm.org\/qt\/moskvada-belli-uquqqoruyici-sovet-dissidenti-memorial-uquqqoruv-merkezi-kenesinin-azasi-aleksandr-lavut-ile-vedalastilar\/#breadcrumb","itemListElement":[{"@type":"ListItem","position":1,"name":"\u0413\u043e\u043b\u043e\u0432\u043d\u0430","item":"https:\/\/qtmm.org\/qt\/"},{"@type":"ListItem","position":2,"name":"Moskvada belli uquqqoruy\u0131c\u0131, sovet dissidenti, &#8220;Memorial&#8221; Uquqqoruv merkezi ke\u00f1e\u015fini\u00f1 azas\u0131 Aleksandr Lavut ile vedala\u015ft\u0131lar"}]},{"@type":"WebSite","@id":"https:\/\/qtmm.org\/qt\/#website","url":"https:\/\/qtmm.org\/qt\/","name":"\u041c\u0435\u0434\u0436\u043b\u0456\u0441","description":"","publisher":{"@id":"https:\/\/qtmm.org\/qt\/#organization"},"potentialAction":[{"@type":"SearchAction","target":{"@type":"EntryPoint","urlTemplate":"https:\/\/qtmm.org\/qt\/?s={search_term_string}"},"query-input":{"@type":"PropertyValueSpecification","valueRequired":true,"valueName":"search_term_string"}}],"inLanguage":"qt"},{"@type":"Organization","@id":"https:\/\/qtmm.org\/qt\/#organization","name":"\u041c\u0435\u0434\u0436\u043b\u0456\u0441","url":"https:\/\/qtmm.org\/qt\/","logo":{"@type":"ImageObject","inLanguage":"qt","@id":"https:\/\/qtmm.org\/qt\/#\/schema\/logo\/image\/","url":"https:\/\/qtmm.org\/wp-content\/uploads\/2024\/12\/ua-mejlis-logo-rgb.svg","contentUrl":"https:\/\/qtmm.org\/wp-content\/uploads\/2024\/12\/ua-mejlis-logo-rgb.svg","caption":"\u041c\u0435\u0434\u0436\u043b\u0456\u0441"},"image":{"@id":"https:\/\/qtmm.org\/qt\/#\/schema\/logo\/image\/"},"sameAs":["https:\/\/www.facebook.com\/qtmm.info\/"]},{"@type":"Person","@id":"https:\/\/qtmm.org\/qt\/#\/schema\/person\/de562469f971dec226ac06e60bbf74a7","name":"Developer","image":{"@type":"ImageObject","inLanguage":"qt","@id":"https:\/\/secure.gravatar.com\/avatar\/392b4cc8fbfeb00b39dfeeab4ee6edded39ffd48e25858637e4765810300227e?s=96&d=mm&r=g","url":"https:\/\/secure.gravatar.com\/avatar\/392b4cc8fbfeb00b39dfeeab4ee6edded39ffd48e25858637e4765810300227e?s=96&d=mm&r=g","contentUrl":"https:\/\/secure.gravatar.com\/avatar\/392b4cc8fbfeb00b39dfeeab4ee6edded39ffd48e25858637e4765810300227e?s=96&d=mm&r=g","caption":"Developer"},"url":"https:\/\/qtmm.org\/qt\/author\/Developer\/"}]}},"_links":{"self":[{"href":"https:\/\/qtmm.org\/qt\/wp-json\/wp\/v2\/posts\/38267","targetHints":{"allow":["GET"]}}],"collection":[{"href":"https:\/\/qtmm.org\/qt\/wp-json\/wp\/v2\/posts"}],"about":[{"href":"https:\/\/qtmm.org\/qt\/wp-json\/wp\/v2\/types\/post"}],"author":[{"embeddable":true,"href":"https:\/\/qtmm.org\/qt\/wp-json\/wp\/v2\/users\/1"}],"replies":[{"embeddable":true,"href":"https:\/\/qtmm.org\/qt\/wp-json\/wp\/v2\/comments?post=38267"}],"version-history":[{"count":1,"href":"https:\/\/qtmm.org\/qt\/wp-json\/wp\/v2\/posts\/38267\/revisions"}],"predecessor-version":[{"id":38284,"href":"https:\/\/qtmm.org\/qt\/wp-json\/wp\/v2\/posts\/38267\/revisions\/38284"}],"wp:featuredmedia":[{"embeddable":true,"href":"https:\/\/qtmm.org\/qt\/wp-json\/wp\/v2\/media\/38268"}],"wp:attachment":[{"href":"https:\/\/qtmm.org\/qt\/wp-json\/wp\/v2\/media?parent=38267"}],"wp:term":[{"taxonomy":"category","embeddable":true,"href":"https:\/\/qtmm.org\/qt\/wp-json\/wp\/v2\/categories?post=38267"},{"taxonomy":"post_tag","embeddable":true,"href":"https:\/\/qtmm.org\/qt\/wp-json\/wp\/v2\/tags?post=38267"}],"curies":[{"name":"wp","href":"https:\/\/api.w.org\/{rel}","templated":true}]}}