




{"id":38245,"date":"2013-06-26T13:57:00","date_gmt":"2013-06-26T10:57:00","guid":{"rendered":"http:\/\/qtmm.org\/?p=38245"},"modified":"2022-01-25T14:06:22","modified_gmt":"2022-01-25T11:06:22","slug":"meclis-reisi-mustafa-cemilev-litvaniya-bas-naziri-kantslerinin-birinci-muavini-remigus-motuzas-ile-korusti","status":"publish","type":"post","link":"https:\/\/qtmm.org\/qt\/meclis-reisi-mustafa-cemilev-litvaniya-bas-naziri-kantslerinin-birinci-muavini-remigus-motuzas-ile-korusti\/","title":{"rendered":"Meclis reisi Mustafa Cemilev Litvaniya ba\u015f naziri kantslerini\u00f1 birinci muavini Remig\u00fcs Motuzas ile k\u00f6r\u00fc\u015fti"},"content":{"rendered":"\n<p>\u0130y\u00fcn 26 k\u00fcn\u00fc Milliy Meclis delegatsiyas\u0131n\u0131\u00f1 Litvaniya\u011fa i\u015f ziyareti \u00e7er\u00e7ivesinde Meclis reisi Mustafa Cemilev Litvaniya ba\u015f naziri kantslerini\u00f1 birinci muavini Remig\u00fcs Motuzas ile k\u00f6r\u00fc\u015fti. K\u00f6r\u00fc\u015f\u00fcvde Meclis reisini\u00f1 birinci muavini Refat \u00c7ubarov, t\u0131\u015fq\u0131 al\u00e2qalar b\u00f6l\u00fcgini\u00f1 ba\u015f\u0131 Ali Hamzin, Kiyevde ya\u015fa\u011fan q\u0131r\u0131mtatarlar cemiyetini\u00f1 reisi Aslan \u00d6mer Q\u0131r\u0131ml\u0131, Meclisni\u00f1 Litvaniyadaki temsilcisi, Litvaniya tatarlar cemiyetini\u00f1 ba\u015f\u0131 Adas Yakubauskas i\u015ftirak ettiler.<\/p>\n\n\n\n<p>&#8220;Bizim halqlar\u0131m\u0131zn\u0131\u00f1 vekilleri biri-birilerini yah\u015f\u0131 a\u00f1laylar, \u00e7\u00fcnki \u00e7oq as\u0131rlar devam\u0131nda q\u0131r\u0131mtatar ve litvaniya halq\u0131 aras\u0131nda qaviy ba\u011f bar. Bizim Litvaniya\u011fa ziyaretimiz \u2013 halq\u0131m\u0131zn\u0131\u00f1 bir par\u00e7as\u0131 ve ayn\u0131 zamanda Litvaniya vatanda\u015flar\u0131 ol\u011fan Litvaniya tatarlar\u0131na ziyarettir, &#8211; dedi Mustafa Cemilev Remig\u00fcs Motuzasqa h\u0131tap eterek. So\u00f1ra Mustafa Cemilev Litvaniya ba\u015f naziri kantslerini\u00f1 birinci muavini Remig\u00fcs Motuzasqa q\u0131r\u0131mtatar halq\u0131n\u0131\u00f1 bug\u00fcnki vaziyeti ve q\u0131r\u0131mtatar halq\u0131 meselesi boyunca Halqara forumn\u0131 ke\u00e7ir\u00fcvge az\u0131rl\u0131qn\u0131\u00f1 keti\u015fat\u0131 aqq\u0131nda mal\u00fcmat berdi.<\/p>\n\n\n\n<figure class=\"wp-block-image size-full\"><img loading=\"lazy\" decoding=\"async\" width=\"650\" height=\"350\" src=\"http:\/\/qtmm.org\/wp-content\/uploads\/2022\/01\/img_2351.jpeg\" alt=\"\" class=\"wp-image-38250\" srcset=\"https:\/\/qtmm.org\/wp-content\/uploads\/2022\/01\/img_2351.jpeg 650w, https:\/\/qtmm.org\/wp-content\/uploads\/2022\/01\/img_2351-300x162.jpeg 300w\" sizes=\"auto, (max-width: 650px) 100vw, 650px\" \/><\/figure>\n\n\n\n<p>&#8220;Avropa Birligi \u015euras\u0131nda reislik yapacaq taraf olaraq sizge bir qa\u00e7 teklif ve te\u015febb\u00fcslerimizni bildirmege ister edik. Fikrimizce olarn\u0131\u00f1 amelge ke\u00e7irilmesi halqara q\u0131r\u0131mtatar meselesine cemaat\u00e7\u0131l\u0131qn\u0131\u00f1 diqqat\u0131n\u0131 celp eter. 2013 senesi noyabr ay\u0131nda Ukraina ve Avropa Birligi aras\u0131nda assotsiatsiya aqq\u0131nda a\u00f1la\u015fma imzalanmas\u0131 da biz i\u00e7\u00fcn \u011fayet m\u00fcimdir&#8221;, &#8211; dedi Mustafa Cemilev tekliflerni\u00f1 as\u0131l\u0131n\u0131 a\u00f1lat\u0131rken.<\/p>\n\n\n\n<figure class=\"wp-block-image size-full\"><img loading=\"lazy\" decoding=\"async\" width=\"650\" height=\"400\" src=\"http:\/\/qtmm.org\/wp-content\/uploads\/2022\/01\/img_2353_1.jpeg\" alt=\"\" class=\"wp-image-38254\" srcset=\"https:\/\/qtmm.org\/wp-content\/uploads\/2022\/01\/img_2353_1.jpeg 650w, https:\/\/qtmm.org\/wp-content\/uploads\/2022\/01\/img_2353_1-300x185.jpeg 300w\" sizes=\"auto, (max-width: 650px) 100vw, 650px\" \/><\/figure>\n\n\n\n<p>&#8220;Ker\u00e7ekten de, bir qa\u00e7 k\u00fcnden so\u00f1 Avropa Birligi \u015euras\u0131nda Litvaniya reis yerini alacaq. Demek m\u00fcmk\u00fcn ki, Avropa Birliginde \u00fck\u00fcmranl\u0131q belli bir vaq\u0131tqa, tabiiy ki, Avropa parlamenti hadimleri ve Avropa Birligi protseduralar\u0131na muvaf\u0131q, Litvaniyan\u0131\u00f1 eline ke\u00e7ecek&#8221;, &#8211; dedi Remig\u00fcs Motuzas ve devam etti: &#8220;Er angi inki\u015fafn\u0131\u00f1 temelinde adalet ve musaviylik printsipleri olmaq kerekligini yah\u015f\u0131 a\u00f1laym\u0131z.<\/p>\n\n\n\n<figure class=\"wp-block-image size-full\"><img loading=\"lazy\" decoding=\"async\" width=\"650\" height=\"400\" src=\"http:\/\/qtmm.org\/wp-content\/uploads\/2022\/01\/img_2357.jpeg\" alt=\"\" class=\"wp-image-38258\" srcset=\"https:\/\/qtmm.org\/wp-content\/uploads\/2022\/01\/img_2357.jpeg 650w, https:\/\/qtmm.org\/wp-content\/uploads\/2022\/01\/img_2357-300x185.jpeg 300w\" sizes=\"auto, (max-width: 650px) 100vw, 650px\" \/><\/figure>\n\n\n\n<p>Biz, litvaniyalar\u011fa, q\u0131r\u0131mtatar halq\u0131n\u0131\u00f1 ba\u015f\u0131na 1944 senesi t\u00fc\u015fken fel\u00e2ket de yaq\u0131n. Deyerlik er bir litvaniyal\u0131 aile cezalar\u011fa o\u011frat\u0131ld\u0131. Sizi\u00f1 teklif ve te\u015febb\u00fcsleri\u00f1izni m\u0131tlaqa baqar ve beraberlikte amelge ke\u00e7irmege t\u0131r\u0131\u015f\u0131rm\u0131z&#8221;.<\/p>\n\n\n\n<p>K\u00f6r\u00fc\u015f\u00fcvni\u00f1 so\u00f1unda Mustafa Cemilev ve Remig\u00fcs Motuzas Milliy Meclis ve Litvaniya \u00fck\u00fcmeti aras\u0131ndaki i\u015fbirlikni\u00f1 usul ve \u015fekillerini muzakere ettiler.<\/p>\n\n\n\n<figure class=\"wp-block-image size-full\"><img loading=\"lazy\" decoding=\"async\" width=\"800\" height=\"600\" src=\"http:\/\/qtmm.org\/wp-content\/uploads\/2022\/01\/img_9279.jpeg\" alt=\"\" class=\"wp-image-38262\" srcset=\"https:\/\/qtmm.org\/wp-content\/uploads\/2022\/01\/img_9279.jpeg 800w, https:\/\/qtmm.org\/wp-content\/uploads\/2022\/01\/img_9279-300x225.jpeg 300w, https:\/\/qtmm.org\/wp-content\/uploads\/2022\/01\/img_9279-768x576.jpeg 768w\" sizes=\"auto, (max-width: 800px) 100vw, 800px\" \/><\/figure>\n","protected":false},"excerpt":{"rendered":"<p>\u0130y\u00fcn 26 k\u00fcn\u00fc Milliy Meclis delegatsiyas\u0131n\u0131\u00f1 Litvaniya\u011fa i\u015f ziyareti \u00e7er\u00e7ivesinde Meclis reisi Mustafa Cemilev Litvaniya ba\u015f naziri kantslerini\u00f1 birinci muavini Remig\u00fcs Motuzas ile k\u00f6r\u00fc\u015fti. K\u00f6r\u00fc\u015f\u00fcvde Meclis reisini\u00f1 birinci muavini Refat \u00c7ubarov, t\u0131\u015fq\u0131 al\u00e2qalar b\u00f6l\u00fcgini\u00f1 ba\u015f\u0131 Ali Hamzin, Kiyevde ya\u015fa\u011fan q\u0131r\u0131mtatarlar cemiyetini\u00f1 reisi Aslan \u00d6mer Q\u0131r\u0131ml\u0131, Meclisni\u00f1 Litvaniyadaki temsilcisi, Litvaniya tatarlar cemiyetini\u00f1 ba\u015f\u0131 Adas Yakubauskas i\u015ftirak [&hellip;]<\/p>\n","protected":false},"author":1,"featured_media":38246,"comment_status":"open","ping_status":"open","sticky":false,"template":"","format":"standard","meta":{"inline_featured_image":false,"footnotes":""},"categories":[265],"tags":[],"class_list":["post-38245","post","type-post","status-publish","format-standard","has-post-thumbnail","hentry","category-haberler"],"acf":[],"yoast_head":"<!-- This site is optimized with the Yoast SEO plugin v27.4 - https:\/\/yoast.com\/product\/yoast-seo-wordpress\/ -->\n<title>Meclis reisi Mustafa Cemilev Litvaniya ba\u015f naziri kantslerini\u00f1 birinci muavini Remig\u00fcs Motuzas ile k\u00f6r\u00fc\u015fti - \u041c\u0435\u0434\u0436\u043b\u0456\u0441<\/title>\n<meta name=\"robots\" content=\"index, follow, max-snippet:-1, max-image-preview:large, max-video-preview:-1\" \/>\n<link rel=\"canonical\" href=\"https:\/\/qtmm.org\/qt\/meclis-reisi-mustafa-cemilev-litvaniya-bas-naziri-kantslerinin-birinci-muavini-remigus-motuzas-ile-korusti\/\" \/>\n<meta property=\"og:locale\" content=\"en_US\" \/>\n<meta property=\"og:type\" content=\"article\" \/>\n<meta property=\"og:title\" content=\"Meclis reisi Mustafa Cemilev Litvaniya ba\u015f naziri kantslerini\u00f1 birinci muavini Remig\u00fcs Motuzas ile k\u00f6r\u00fc\u015fti - \u041c\u0435\u0434\u0436\u043b\u0456\u0441\" \/>\n<meta property=\"og:description\" content=\"\u0130y\u00fcn 26 k\u00fcn\u00fc Milliy Meclis delegatsiyas\u0131n\u0131\u00f1 Litvaniya\u011fa i\u015f ziyareti \u00e7er\u00e7ivesinde Meclis reisi Mustafa Cemilev Litvaniya ba\u015f naziri kantslerini\u00f1 birinci muavini Remig\u00fcs Motuzas ile k\u00f6r\u00fc\u015fti. K\u00f6r\u00fc\u015f\u00fcvde Meclis reisini\u00f1 birinci muavini Refat \u00c7ubarov, t\u0131\u015fq\u0131 al\u00e2qalar b\u00f6l\u00fcgini\u00f1 ba\u015f\u0131 Ali Hamzin, Kiyevde ya\u015fa\u011fan q\u0131r\u0131mtatarlar cemiyetini\u00f1 reisi Aslan \u00d6mer Q\u0131r\u0131ml\u0131, Meclisni\u00f1 Litvaniyadaki temsilcisi, Litvaniya tatarlar cemiyetini\u00f1 ba\u015f\u0131 Adas Yakubauskas i\u015ftirak [&hellip;]\" \/>\n<meta property=\"og:url\" content=\"https:\/\/qtmm.org\/qt\/meclis-reisi-mustafa-cemilev-litvaniya-bas-naziri-kantslerinin-birinci-muavini-remigus-motuzas-ile-korusti\/\" \/>\n<meta property=\"og:site_name\" content=\"\u041c\u0435\u0434\u0436\u043b\u0456\u0441\" \/>\n<meta property=\"article:publisher\" content=\"https:\/\/www.facebook.com\/qtmm.info\/\" \/>\n<meta property=\"article:published_time\" content=\"2013-06-26T10:57:00+00:00\" \/>\n<meta property=\"article:modified_time\" content=\"2022-01-25T11:06:22+00:00\" \/>\n<meta property=\"og:image\" content=\"https:\/\/qtmm.org\/wp-content\/uploads\/2022\/01\/img_9274.jpeg\" \/>\n\t<meta property=\"og:image:width\" content=\"800\" \/>\n\t<meta property=\"og:image:height\" content=\"600\" \/>\n\t<meta property=\"og:image:type\" content=\"image\/jpeg\" \/>\n<meta name=\"author\" content=\"Developer\" \/>\n<meta name=\"twitter:card\" content=\"summary_large_image\" \/>\n<meta name=\"twitter:label1\" content=\"Written by\" \/>\n\t<meta name=\"twitter:data1\" content=\"Developer\" \/>\n\t<meta name=\"twitter:label2\" content=\"Est. reading time\" \/>\n\t<meta name=\"twitter:data2\" content=\"2 minutes\" \/>\n<script type=\"application\/ld+json\" class=\"yoast-schema-graph\">{\"@context\":\"https:\\\/\\\/schema.org\",\"@graph\":[{\"@type\":\"Article\",\"@id\":\"https:\\\/\\\/qtmm.org\\\/qt\\\/meclis-reisi-mustafa-cemilev-litvaniya-bas-naziri-kantslerinin-birinci-muavini-remigus-motuzas-ile-korusti\\\/#article\",\"isPartOf\":{\"@id\":\"https:\\\/\\\/qtmm.org\\\/qt\\\/meclis-reisi-mustafa-cemilev-litvaniya-bas-naziri-kantslerinin-birinci-muavini-remigus-motuzas-ile-korusti\\\/\"},\"author\":{\"name\":\"Developer\",\"@id\":\"https:\\\/\\\/qtmm.org\\\/qt\\\/#\\\/schema\\\/person\\\/de562469f971dec226ac06e60bbf74a7\"},\"headline\":\"Meclis reisi Mustafa Cemilev Litvaniya ba\u015f naziri kantslerini\u00f1 birinci muavini Remig\u00fcs Motuzas ile k\u00f6r\u00fc\u015fti\",\"datePublished\":\"2013-06-26T10:57:00+00:00\",\"dateModified\":\"2022-01-25T11:06:22+00:00\",\"mainEntityOfPage\":{\"@id\":\"https:\\\/\\\/qtmm.org\\\/qt\\\/meclis-reisi-mustafa-cemilev-litvaniya-bas-naziri-kantslerinin-birinci-muavini-remigus-motuzas-ile-korusti\\\/\"},\"wordCount\":407,\"commentCount\":0,\"publisher\":{\"@id\":\"https:\\\/\\\/qtmm.org\\\/qt\\\/#organization\"},\"image\":{\"@id\":\"https:\\\/\\\/qtmm.org\\\/qt\\\/meclis-reisi-mustafa-cemilev-litvaniya-bas-naziri-kantslerinin-birinci-muavini-remigus-motuzas-ile-korusti\\\/#primaryimage\"},\"thumbnailUrl\":\"https:\\\/\\\/qtmm.org\\\/wp-content\\\/uploads\\\/2022\\\/01\\\/img_9274.jpeg\",\"articleSection\":[\"Haberler\"],\"inLanguage\":\"qt\",\"potentialAction\":[{\"@type\":\"CommentAction\",\"name\":\"Comment\",\"target\":[\"https:\\\/\\\/qtmm.org\\\/qt\\\/meclis-reisi-mustafa-cemilev-litvaniya-bas-naziri-kantslerinin-birinci-muavini-remigus-motuzas-ile-korusti\\\/#respond\"]}]},{\"@type\":\"WebPage\",\"@id\":\"https:\\\/\\\/qtmm.org\\\/qt\\\/meclis-reisi-mustafa-cemilev-litvaniya-bas-naziri-kantslerinin-birinci-muavini-remigus-motuzas-ile-korusti\\\/\",\"url\":\"https:\\\/\\\/qtmm.org\\\/qt\\\/meclis-reisi-mustafa-cemilev-litvaniya-bas-naziri-kantslerinin-birinci-muavini-remigus-motuzas-ile-korusti\\\/\",\"name\":\"Meclis reisi Mustafa Cemilev Litvaniya ba\u015f naziri kantslerini\u00f1 birinci muavini Remig\u00fcs Motuzas ile k\u00f6r\u00fc\u015fti - \u041c\u0435\u0434\u0436\u043b\u0456\u0441\",\"isPartOf\":{\"@id\":\"https:\\\/\\\/qtmm.org\\\/qt\\\/#website\"},\"primaryImageOfPage\":{\"@id\":\"https:\\\/\\\/qtmm.org\\\/qt\\\/meclis-reisi-mustafa-cemilev-litvaniya-bas-naziri-kantslerinin-birinci-muavini-remigus-motuzas-ile-korusti\\\/#primaryimage\"},\"image\":{\"@id\":\"https:\\\/\\\/qtmm.org\\\/qt\\\/meclis-reisi-mustafa-cemilev-litvaniya-bas-naziri-kantslerinin-birinci-muavini-remigus-motuzas-ile-korusti\\\/#primaryimage\"},\"thumbnailUrl\":\"https:\\\/\\\/qtmm.org\\\/wp-content\\\/uploads\\\/2022\\\/01\\\/img_9274.jpeg\",\"datePublished\":\"2013-06-26T10:57:00+00:00\",\"dateModified\":\"2022-01-25T11:06:22+00:00\",\"breadcrumb\":{\"@id\":\"https:\\\/\\\/qtmm.org\\\/qt\\\/meclis-reisi-mustafa-cemilev-litvaniya-bas-naziri-kantslerinin-birinci-muavini-remigus-motuzas-ile-korusti\\\/#breadcrumb\"},\"inLanguage\":\"qt\",\"potentialAction\":[{\"@type\":\"ReadAction\",\"target\":[\"https:\\\/\\\/qtmm.org\\\/qt\\\/meclis-reisi-mustafa-cemilev-litvaniya-bas-naziri-kantslerinin-birinci-muavini-remigus-motuzas-ile-korusti\\\/\"]}]},{\"@type\":\"ImageObject\",\"inLanguage\":\"qt\",\"@id\":\"https:\\\/\\\/qtmm.org\\\/qt\\\/meclis-reisi-mustafa-cemilev-litvaniya-bas-naziri-kantslerinin-birinci-muavini-remigus-motuzas-ile-korusti\\\/#primaryimage\",\"url\":\"https:\\\/\\\/qtmm.org\\\/wp-content\\\/uploads\\\/2022\\\/01\\\/img_9274.jpeg\",\"contentUrl\":\"https:\\\/\\\/qtmm.org\\\/wp-content\\\/uploads\\\/2022\\\/01\\\/img_9274.jpeg\",\"width\":800,\"height\":600},{\"@type\":\"BreadcrumbList\",\"@id\":\"https:\\\/\\\/qtmm.org\\\/qt\\\/meclis-reisi-mustafa-cemilev-litvaniya-bas-naziri-kantslerinin-birinci-muavini-remigus-motuzas-ile-korusti\\\/#breadcrumb\",\"itemListElement\":[{\"@type\":\"ListItem\",\"position\":1,\"name\":\"\u0413\u043e\u043b\u043e\u0432\u043d\u0430\",\"item\":\"https:\\\/\\\/qtmm.org\\\/qt\\\/\"},{\"@type\":\"ListItem\",\"position\":2,\"name\":\"Meclis reisi Mustafa Cemilev Litvaniya ba\u015f naziri kantslerini\u00f1 birinci muavini Remig\u00fcs Motuzas ile k\u00f6r\u00fc\u015fti\"}]},{\"@type\":\"WebSite\",\"@id\":\"https:\\\/\\\/qtmm.org\\\/qt\\\/#website\",\"url\":\"https:\\\/\\\/qtmm.org\\\/qt\\\/\",\"name\":\"\u041c\u0435\u0434\u0436\u043b\u0456\u0441\",\"description\":\"\",\"publisher\":{\"@id\":\"https:\\\/\\\/qtmm.org\\\/qt\\\/#organization\"},\"potentialAction\":[{\"@type\":\"SearchAction\",\"target\":{\"@type\":\"EntryPoint\",\"urlTemplate\":\"https:\\\/\\\/qtmm.org\\\/qt\\\/?s={search_term_string}\"},\"query-input\":{\"@type\":\"PropertyValueSpecification\",\"valueRequired\":true,\"valueName\":\"search_term_string\"}}],\"inLanguage\":\"qt\"},{\"@type\":\"Organization\",\"@id\":\"https:\\\/\\\/qtmm.org\\\/qt\\\/#organization\",\"name\":\"\u041c\u0435\u0434\u0436\u043b\u0456\u0441\",\"url\":\"https:\\\/\\\/qtmm.org\\\/qt\\\/\",\"logo\":{\"@type\":\"ImageObject\",\"inLanguage\":\"qt\",\"@id\":\"https:\\\/\\\/qtmm.org\\\/qt\\\/#\\\/schema\\\/logo\\\/image\\\/\",\"url\":\"https:\\\/\\\/qtmm.org\\\/wp-content\\\/uploads\\\/2024\\\/12\\\/ua-mejlis-logo-rgb.svg\",\"contentUrl\":\"https:\\\/\\\/qtmm.org\\\/wp-content\\\/uploads\\\/2024\\\/12\\\/ua-mejlis-logo-rgb.svg\",\"caption\":\"\u041c\u0435\u0434\u0436\u043b\u0456\u0441\"},\"image\":{\"@id\":\"https:\\\/\\\/qtmm.org\\\/qt\\\/#\\\/schema\\\/logo\\\/image\\\/\"},\"sameAs\":[\"https:\\\/\\\/www.facebook.com\\\/qtmm.info\\\/\"]},{\"@type\":\"Person\",\"@id\":\"https:\\\/\\\/qtmm.org\\\/qt\\\/#\\\/schema\\\/person\\\/de562469f971dec226ac06e60bbf74a7\",\"name\":\"Developer\",\"image\":{\"@type\":\"ImageObject\",\"inLanguage\":\"qt\",\"@id\":\"https:\\\/\\\/secure.gravatar.com\\\/avatar\\\/392b4cc8fbfeb00b39dfeeab4ee6edded39ffd48e25858637e4765810300227e?s=96&d=mm&r=g\",\"url\":\"https:\\\/\\\/secure.gravatar.com\\\/avatar\\\/392b4cc8fbfeb00b39dfeeab4ee6edded39ffd48e25858637e4765810300227e?s=96&d=mm&r=g\",\"contentUrl\":\"https:\\\/\\\/secure.gravatar.com\\\/avatar\\\/392b4cc8fbfeb00b39dfeeab4ee6edded39ffd48e25858637e4765810300227e?s=96&d=mm&r=g\",\"caption\":\"Developer\"},\"url\":\"https:\\\/\\\/qtmm.org\\\/qt\\\/author\\\/Developer\\\/\"}]}<\/script>\n<!-- \/ Yoast SEO plugin. -->","yoast_head_json":{"title":"Meclis reisi Mustafa Cemilev Litvaniya ba\u015f naziri kantslerini\u00f1 birinci muavini Remig\u00fcs Motuzas ile k\u00f6r\u00fc\u015fti - \u041c\u0435\u0434\u0436\u043b\u0456\u0441","robots":{"index":"index","follow":"follow","max-snippet":"max-snippet:-1","max-image-preview":"max-image-preview:large","max-video-preview":"max-video-preview:-1"},"canonical":"https:\/\/qtmm.org\/qt\/meclis-reisi-mustafa-cemilev-litvaniya-bas-naziri-kantslerinin-birinci-muavini-remigus-motuzas-ile-korusti\/","og_locale":"en_US","og_type":"article","og_title":"Meclis reisi Mustafa Cemilev Litvaniya ba\u015f naziri kantslerini\u00f1 birinci muavini Remig\u00fcs Motuzas ile k\u00f6r\u00fc\u015fti - \u041c\u0435\u0434\u0436\u043b\u0456\u0441","og_description":"\u0130y\u00fcn 26 k\u00fcn\u00fc Milliy Meclis delegatsiyas\u0131n\u0131\u00f1 Litvaniya\u011fa i\u015f ziyareti \u00e7er\u00e7ivesinde Meclis reisi Mustafa Cemilev Litvaniya ba\u015f naziri kantslerini\u00f1 birinci muavini Remig\u00fcs Motuzas ile k\u00f6r\u00fc\u015fti. K\u00f6r\u00fc\u015f\u00fcvde Meclis reisini\u00f1 birinci muavini Refat \u00c7ubarov, t\u0131\u015fq\u0131 al\u00e2qalar b\u00f6l\u00fcgini\u00f1 ba\u015f\u0131 Ali Hamzin, Kiyevde ya\u015fa\u011fan q\u0131r\u0131mtatarlar cemiyetini\u00f1 reisi Aslan \u00d6mer Q\u0131r\u0131ml\u0131, Meclisni\u00f1 Litvaniyadaki temsilcisi, Litvaniya tatarlar cemiyetini\u00f1 ba\u015f\u0131 Adas Yakubauskas i\u015ftirak [&hellip;]","og_url":"https:\/\/qtmm.org\/qt\/meclis-reisi-mustafa-cemilev-litvaniya-bas-naziri-kantslerinin-birinci-muavini-remigus-motuzas-ile-korusti\/","og_site_name":"\u041c\u0435\u0434\u0436\u043b\u0456\u0441","article_publisher":"https:\/\/www.facebook.com\/qtmm.info\/","article_published_time":"2013-06-26T10:57:00+00:00","article_modified_time":"2022-01-25T11:06:22+00:00","og_image":[{"width":800,"height":600,"url":"https:\/\/qtmm.org\/wp-content\/uploads\/2022\/01\/img_9274.jpeg","type":"image\/jpeg"}],"author":"Developer","twitter_card":"summary_large_image","twitter_misc":{"Written by":"Developer","Est. reading time":"2 minutes"},"schema":{"@context":"https:\/\/schema.org","@graph":[{"@type":"Article","@id":"https:\/\/qtmm.org\/qt\/meclis-reisi-mustafa-cemilev-litvaniya-bas-naziri-kantslerinin-birinci-muavini-remigus-motuzas-ile-korusti\/#article","isPartOf":{"@id":"https:\/\/qtmm.org\/qt\/meclis-reisi-mustafa-cemilev-litvaniya-bas-naziri-kantslerinin-birinci-muavini-remigus-motuzas-ile-korusti\/"},"author":{"name":"Developer","@id":"https:\/\/qtmm.org\/qt\/#\/schema\/person\/de562469f971dec226ac06e60bbf74a7"},"headline":"Meclis reisi Mustafa Cemilev Litvaniya ba\u015f naziri kantslerini\u00f1 birinci muavini Remig\u00fcs Motuzas ile k\u00f6r\u00fc\u015fti","datePublished":"2013-06-26T10:57:00+00:00","dateModified":"2022-01-25T11:06:22+00:00","mainEntityOfPage":{"@id":"https:\/\/qtmm.org\/qt\/meclis-reisi-mustafa-cemilev-litvaniya-bas-naziri-kantslerinin-birinci-muavini-remigus-motuzas-ile-korusti\/"},"wordCount":407,"commentCount":0,"publisher":{"@id":"https:\/\/qtmm.org\/qt\/#organization"},"image":{"@id":"https:\/\/qtmm.org\/qt\/meclis-reisi-mustafa-cemilev-litvaniya-bas-naziri-kantslerinin-birinci-muavini-remigus-motuzas-ile-korusti\/#primaryimage"},"thumbnailUrl":"https:\/\/qtmm.org\/wp-content\/uploads\/2022\/01\/img_9274.jpeg","articleSection":["Haberler"],"inLanguage":"qt","potentialAction":[{"@type":"CommentAction","name":"Comment","target":["https:\/\/qtmm.org\/qt\/meclis-reisi-mustafa-cemilev-litvaniya-bas-naziri-kantslerinin-birinci-muavini-remigus-motuzas-ile-korusti\/#respond"]}]},{"@type":"WebPage","@id":"https:\/\/qtmm.org\/qt\/meclis-reisi-mustafa-cemilev-litvaniya-bas-naziri-kantslerinin-birinci-muavini-remigus-motuzas-ile-korusti\/","url":"https:\/\/qtmm.org\/qt\/meclis-reisi-mustafa-cemilev-litvaniya-bas-naziri-kantslerinin-birinci-muavini-remigus-motuzas-ile-korusti\/","name":"Meclis reisi Mustafa Cemilev Litvaniya ba\u015f naziri kantslerini\u00f1 birinci muavini Remig\u00fcs Motuzas ile k\u00f6r\u00fc\u015fti - \u041c\u0435\u0434\u0436\u043b\u0456\u0441","isPartOf":{"@id":"https:\/\/qtmm.org\/qt\/#website"},"primaryImageOfPage":{"@id":"https:\/\/qtmm.org\/qt\/meclis-reisi-mustafa-cemilev-litvaniya-bas-naziri-kantslerinin-birinci-muavini-remigus-motuzas-ile-korusti\/#primaryimage"},"image":{"@id":"https:\/\/qtmm.org\/qt\/meclis-reisi-mustafa-cemilev-litvaniya-bas-naziri-kantslerinin-birinci-muavini-remigus-motuzas-ile-korusti\/#primaryimage"},"thumbnailUrl":"https:\/\/qtmm.org\/wp-content\/uploads\/2022\/01\/img_9274.jpeg","datePublished":"2013-06-26T10:57:00+00:00","dateModified":"2022-01-25T11:06:22+00:00","breadcrumb":{"@id":"https:\/\/qtmm.org\/qt\/meclis-reisi-mustafa-cemilev-litvaniya-bas-naziri-kantslerinin-birinci-muavini-remigus-motuzas-ile-korusti\/#breadcrumb"},"inLanguage":"qt","potentialAction":[{"@type":"ReadAction","target":["https:\/\/qtmm.org\/qt\/meclis-reisi-mustafa-cemilev-litvaniya-bas-naziri-kantslerinin-birinci-muavini-remigus-motuzas-ile-korusti\/"]}]},{"@type":"ImageObject","inLanguage":"qt","@id":"https:\/\/qtmm.org\/qt\/meclis-reisi-mustafa-cemilev-litvaniya-bas-naziri-kantslerinin-birinci-muavini-remigus-motuzas-ile-korusti\/#primaryimage","url":"https:\/\/qtmm.org\/wp-content\/uploads\/2022\/01\/img_9274.jpeg","contentUrl":"https:\/\/qtmm.org\/wp-content\/uploads\/2022\/01\/img_9274.jpeg","width":800,"height":600},{"@type":"BreadcrumbList","@id":"https:\/\/qtmm.org\/qt\/meclis-reisi-mustafa-cemilev-litvaniya-bas-naziri-kantslerinin-birinci-muavini-remigus-motuzas-ile-korusti\/#breadcrumb","itemListElement":[{"@type":"ListItem","position":1,"name":"\u0413\u043e\u043b\u043e\u0432\u043d\u0430","item":"https:\/\/qtmm.org\/qt\/"},{"@type":"ListItem","position":2,"name":"Meclis reisi Mustafa Cemilev Litvaniya ba\u015f naziri kantslerini\u00f1 birinci muavini Remig\u00fcs Motuzas ile k\u00f6r\u00fc\u015fti"}]},{"@type":"WebSite","@id":"https:\/\/qtmm.org\/qt\/#website","url":"https:\/\/qtmm.org\/qt\/","name":"\u041c\u0435\u0434\u0436\u043b\u0456\u0441","description":"","publisher":{"@id":"https:\/\/qtmm.org\/qt\/#organization"},"potentialAction":[{"@type":"SearchAction","target":{"@type":"EntryPoint","urlTemplate":"https:\/\/qtmm.org\/qt\/?s={search_term_string}"},"query-input":{"@type":"PropertyValueSpecification","valueRequired":true,"valueName":"search_term_string"}}],"inLanguage":"qt"},{"@type":"Organization","@id":"https:\/\/qtmm.org\/qt\/#organization","name":"\u041c\u0435\u0434\u0436\u043b\u0456\u0441","url":"https:\/\/qtmm.org\/qt\/","logo":{"@type":"ImageObject","inLanguage":"qt","@id":"https:\/\/qtmm.org\/qt\/#\/schema\/logo\/image\/","url":"https:\/\/qtmm.org\/wp-content\/uploads\/2024\/12\/ua-mejlis-logo-rgb.svg","contentUrl":"https:\/\/qtmm.org\/wp-content\/uploads\/2024\/12\/ua-mejlis-logo-rgb.svg","caption":"\u041c\u0435\u0434\u0436\u043b\u0456\u0441"},"image":{"@id":"https:\/\/qtmm.org\/qt\/#\/schema\/logo\/image\/"},"sameAs":["https:\/\/www.facebook.com\/qtmm.info\/"]},{"@type":"Person","@id":"https:\/\/qtmm.org\/qt\/#\/schema\/person\/de562469f971dec226ac06e60bbf74a7","name":"Developer","image":{"@type":"ImageObject","inLanguage":"qt","@id":"https:\/\/secure.gravatar.com\/avatar\/392b4cc8fbfeb00b39dfeeab4ee6edded39ffd48e25858637e4765810300227e?s=96&d=mm&r=g","url":"https:\/\/secure.gravatar.com\/avatar\/392b4cc8fbfeb00b39dfeeab4ee6edded39ffd48e25858637e4765810300227e?s=96&d=mm&r=g","contentUrl":"https:\/\/secure.gravatar.com\/avatar\/392b4cc8fbfeb00b39dfeeab4ee6edded39ffd48e25858637e4765810300227e?s=96&d=mm&r=g","caption":"Developer"},"url":"https:\/\/qtmm.org\/qt\/author\/Developer\/"}]}},"_links":{"self":[{"href":"https:\/\/qtmm.org\/qt\/wp-json\/wp\/v2\/posts\/38245","targetHints":{"allow":["GET"]}}],"collection":[{"href":"https:\/\/qtmm.org\/qt\/wp-json\/wp\/v2\/posts"}],"about":[{"href":"https:\/\/qtmm.org\/qt\/wp-json\/wp\/v2\/types\/post"}],"author":[{"embeddable":true,"href":"https:\/\/qtmm.org\/qt\/wp-json\/wp\/v2\/users\/1"}],"replies":[{"embeddable":true,"href":"https:\/\/qtmm.org\/qt\/wp-json\/wp\/v2\/comments?post=38245"}],"version-history":[{"count":1,"href":"https:\/\/qtmm.org\/qt\/wp-json\/wp\/v2\/posts\/38245\/revisions"}],"predecessor-version":[{"id":38266,"href":"https:\/\/qtmm.org\/qt\/wp-json\/wp\/v2\/posts\/38245\/revisions\/38266"}],"wp:featuredmedia":[{"embeddable":true,"href":"https:\/\/qtmm.org\/qt\/wp-json\/wp\/v2\/media\/38246"}],"wp:attachment":[{"href":"https:\/\/qtmm.org\/qt\/wp-json\/wp\/v2\/media?parent=38245"}],"wp:term":[{"taxonomy":"category","embeddable":true,"href":"https:\/\/qtmm.org\/qt\/wp-json\/wp\/v2\/categories?post=38245"},{"taxonomy":"post_tag","embeddable":true,"href":"https:\/\/qtmm.org\/qt\/wp-json\/wp\/v2\/tags?post=38245"}],"curies":[{"name":"wp","href":"https:\/\/api.w.org\/{rel}","templated":true}]}}