




{"id":38227,"date":"2013-06-26T13:55:00","date_gmt":"2013-06-26T10:55:00","guid":{"rendered":"http:\/\/qtmm.org\/?p=38227"},"modified":"2022-01-25T13:57:25","modified_gmt":"2022-01-25T10:57:25","slug":"meclis-reisi-mustafa-cemilev-litvaniya-seyminin-reisi-vidas-gedvilas-ile-korusti","status":"publish","type":"post","link":"https:\/\/qtmm.org\/qt\/meclis-reisi-mustafa-cemilev-litvaniya-seyminin-reisi-vidas-gedvilas-ile-korusti\/","title":{"rendered":"Meclis reisi Mustafa Cemilev Litvaniya Seymini\u00f1 reisi Vidas Gedvilas ile k\u00f6r\u00fc\u015fti"},"content":{"rendered":"\n<p>2013 senesi iy\u00fcn 26 k\u00fcn\u00fc Q\u0131r\u0131mtatar halq\u0131 Meclisi delegatsiyas\u0131n\u0131\u00f1 Litvaniya\u011fa i\u015f ziyareti \u00e7er\u00e7ivesinde Viln\u00fcste Meclis reisi Mustafa Cemilev Litvaniya Seymini\u00f1 reisi Vidas Gedvilas ile k\u00f6r\u00fc\u015fti.<\/p>\n\n\n\n<p>K\u00f6r\u00fc\u015f\u00fcvde bun\u0131\u00f1 kibi de Meclis reisini\u00f1 birinci muavini Refat \u00c7ubarov, t\u0131\u015fq\u0131 al\u00e2qalar b\u00f6l\u00fcgini\u00f1 ba\u015f\u0131 Ali Hamzin, Qurultay delegat\u0131, Kiyevdeki q\u0131r\u0131mtatar cemiyetini\u00f1 ba\u015f\u0131 Aslan \u00d6mer Q\u0131r\u0131ml\u0131, Seym reisini\u00f1 t\u0131\u015fq\u0131 siyaset meseleleri boyunca yard\u0131mc\u0131s\u0131 Mantvidas Bek\u00e2\u015f\u00fcs ve Litvaniya tatarlar\u0131 cemiyetini\u00f1 ba\u015f\u0131, Meclisni\u00f1 Litvaniyadaki temsilcisi Adas Yakubauskas i\u015ftirak ettiler.<\/p>\n\n\n\n<figure class=\"wp-block-image size-full\"><img loading=\"lazy\" decoding=\"async\" width=\"800\" height=\"600\" src=\"http:\/\/qtmm.org\/wp-content\/uploads\/2022\/01\/img_9221.jpeg\" alt=\"\" class=\"wp-image-38228\" srcset=\"https:\/\/qtmm.org\/wp-content\/uploads\/2022\/01\/img_9221.jpeg 800w, https:\/\/qtmm.org\/wp-content\/uploads\/2022\/01\/img_9221-300x225.jpeg 300w, https:\/\/qtmm.org\/wp-content\/uploads\/2022\/01\/img_9221-768x576.jpeg 768w\" sizes=\"auto, (max-width: 800px) 100vw, 800px\" \/><\/figure>\n\n\n\n<p>Meclis reisi Mustafa Cemilev Seym reisi Vidas Gedvilasqa q\u0131r\u0131mtatar halq\u0131n\u0131\u00f1 bug\u00fcnki vaziyeti ve Halqara forum\u011fa az\u0131rl\u0131q keti\u015fat\u0131 aqq\u0131nda mal\u00fcmat berdi.<\/p>\n\n\n\n<p>&#8220;Litvaniya Avropa Birligini\u00f1 Ke\u00f1e\u015finde reislik yapaca\u011f\u0131, 2013 senesi noyabr ay\u0131nda Avropa Birligi-Ukraina assotsiatsiya aqq\u0131nda a\u00f1la\u015fma imzalanaca\u011f\u0131 bizge Avropa Birligi q\u0131r\u0131mtatar halq\u0131 aqlar\u0131n\u0131\u00f1 tiklemek meselesine ayr\u0131ca emiyet berecegine \u00fcm\u00fct ba\u011f\u0131\u015flay, &#8211; dep qayd etti Mustafa Cemilev ve Litvaniyan\u0131\u00f1 qoltutuv\u0131nda amelge ke\u00e7irilebilmesi m\u00fcmk\u00fcn bir s\u0131ra tekliflerni de seslendirdi.<\/p>\n\n\n\n<p>Seym reisi Vidas Gedvilas Litvaniya ve litvaniyal\u0131lar 2013 senesi noyabrde Ukraina Avropa Birligi ile Assotsiatsiya qurmaq boyunca a\u00f1la\u015fman\u0131 imzalavda samimiy muvafaqiyetler tileyler dedi. &#8220;\u0130\u015f o\u00f1undan kelmesi i\u00e7\u00fcn imk\u00e2nlar\u0131m\u0131z ol\u011fan\u0131 qadar areket etermiz. Ebet bu yerde e\u00f1 m\u00fcimi bu i\u015fni\u00f1 Ukrainada ya\u015fa\u011fan milliy azl\u0131qlar\u011fa keli\u015fikli olmas\u0131d\u0131r. Bu munasebet ile q\u0131r\u0131mtatarlarn\u0131\u00f1 meseleleri, bizge k\u00f6re, Ukrainan\u0131\u00f1 Avropa Birligine qat\u0131lmas\u0131 ile \u00e7ezilecegine eminmiz. Demek, epimiz beraber Avropa Birligini\u00f1 azas\u0131 ol\u011fan Litvaniya\u011fa bildirilgen tekliflerni amelge ke\u00e7irmek usullar\u0131n\u0131 bulmal\u0131m\u0131z&#8221;, &#8211; dedi Vidas Gedvilas.<br><br>Mustafa Cemilev ve Vildas Gedvilas Litvaniya vekillerini\u00f1 Avropa Birligi institutlar\u0131 ve vazifedar \u015fah\u0131slar\u0131 q\u0131r\u0131mtatar halq\u0131na ba\u011f\u0131\u015flap 2013 senesi ke\u00e7irecek tedbirlerde i\u015ftirakine dair meselelerni muzakere ettiler.<\/p>\n\n\n\n<figure class=\"wp-block-image size-full\"><img loading=\"lazy\" decoding=\"async\" width=\"800\" height=\"600\" src=\"http:\/\/qtmm.org\/wp-content\/uploads\/2022\/01\/img_9227.jpeg\" alt=\"\" class=\"wp-image-38236\" srcset=\"https:\/\/qtmm.org\/wp-content\/uploads\/2022\/01\/img_9227.jpeg 800w, https:\/\/qtmm.org\/wp-content\/uploads\/2022\/01\/img_9227-300x225.jpeg 300w, https:\/\/qtmm.org\/wp-content\/uploads\/2022\/01\/img_9227-768x576.jpeg 768w\" sizes=\"auto, (max-width: 800px) 100vw, 800px\" \/><\/figure>\n\n\n\n<figure class=\"wp-block-image size-full\"><img loading=\"lazy\" decoding=\"async\" width=\"800\" height=\"600\" src=\"http:\/\/qtmm.org\/wp-content\/uploads\/2022\/01\/img_9219.jpeg\" alt=\"\" class=\"wp-image-38240\" srcset=\"https:\/\/qtmm.org\/wp-content\/uploads\/2022\/01\/img_9219.jpeg 800w, https:\/\/qtmm.org\/wp-content\/uploads\/2022\/01\/img_9219-300x225.jpeg 300w, https:\/\/qtmm.org\/wp-content\/uploads\/2022\/01\/img_9219-768x576.jpeg 768w\" sizes=\"auto, (max-width: 800px) 100vw, 800px\" \/><\/figure>\n","protected":false},"excerpt":{"rendered":"<p>2013 senesi iy\u00fcn 26 k\u00fcn\u00fc Q\u0131r\u0131mtatar halq\u0131 Meclisi delegatsiyas\u0131n\u0131\u00f1 Litvaniya\u011fa i\u015f ziyareti \u00e7er\u00e7ivesinde Viln\u00fcste Meclis reisi Mustafa Cemilev Litvaniya Seymini\u00f1 reisi Vidas Gedvilas ile k\u00f6r\u00fc\u015fti. K\u00f6r\u00fc\u015f\u00fcvde bun\u0131\u00f1 kibi de Meclis reisini\u00f1 birinci muavini Refat \u00c7ubarov, t\u0131\u015fq\u0131 al\u00e2qalar b\u00f6l\u00fcgini\u00f1 ba\u015f\u0131 Ali Hamzin, Qurultay delegat\u0131, Kiyevdeki q\u0131r\u0131mtatar cemiyetini\u00f1 ba\u015f\u0131 Aslan \u00d6mer Q\u0131r\u0131ml\u0131, Seym reisini\u00f1 t\u0131\u015fq\u0131 siyaset meseleleri [&hellip;]<\/p>\n","protected":false},"author":1,"featured_media":38232,"comment_status":"open","ping_status":"open","sticky":false,"template":"","format":"standard","meta":{"inline_featured_image":false,"footnotes":""},"categories":[265],"tags":[],"class_list":["post-38227","post","type-post","status-publish","format-standard","has-post-thumbnail","hentry","category-haberler"],"acf":[],"yoast_head":"<!-- This site is optimized with the Yoast SEO plugin v27.4 - https:\/\/yoast.com\/product\/yoast-seo-wordpress\/ -->\n<title>Meclis reisi Mustafa Cemilev Litvaniya Seymini\u00f1 reisi Vidas Gedvilas ile k\u00f6r\u00fc\u015fti - \u041c\u0435\u0434\u0436\u043b\u0456\u0441<\/title>\n<meta name=\"robots\" content=\"index, follow, max-snippet:-1, max-image-preview:large, max-video-preview:-1\" \/>\n<link rel=\"canonical\" href=\"https:\/\/qtmm.org\/qt\/meclis-reisi-mustafa-cemilev-litvaniya-seyminin-reisi-vidas-gedvilas-ile-korusti\/\" \/>\n<meta property=\"og:locale\" content=\"en_US\" \/>\n<meta property=\"og:type\" content=\"article\" \/>\n<meta property=\"og:title\" content=\"Meclis reisi Mustafa Cemilev Litvaniya Seymini\u00f1 reisi Vidas Gedvilas ile k\u00f6r\u00fc\u015fti - \u041c\u0435\u0434\u0436\u043b\u0456\u0441\" \/>\n<meta property=\"og:description\" content=\"2013 senesi iy\u00fcn 26 k\u00fcn\u00fc Q\u0131r\u0131mtatar halq\u0131 Meclisi delegatsiyas\u0131n\u0131\u00f1 Litvaniya\u011fa i\u015f ziyareti \u00e7er\u00e7ivesinde Viln\u00fcste Meclis reisi Mustafa Cemilev Litvaniya Seymini\u00f1 reisi Vidas Gedvilas ile k\u00f6r\u00fc\u015fti. K\u00f6r\u00fc\u015f\u00fcvde bun\u0131\u00f1 kibi de Meclis reisini\u00f1 birinci muavini Refat \u00c7ubarov, t\u0131\u015fq\u0131 al\u00e2qalar b\u00f6l\u00fcgini\u00f1 ba\u015f\u0131 Ali Hamzin, Qurultay delegat\u0131, Kiyevdeki q\u0131r\u0131mtatar cemiyetini\u00f1 ba\u015f\u0131 Aslan \u00d6mer Q\u0131r\u0131ml\u0131, Seym reisini\u00f1 t\u0131\u015fq\u0131 siyaset meseleleri [&hellip;]\" \/>\n<meta property=\"og:url\" content=\"https:\/\/qtmm.org\/qt\/meclis-reisi-mustafa-cemilev-litvaniya-seyminin-reisi-vidas-gedvilas-ile-korusti\/\" \/>\n<meta property=\"og:site_name\" content=\"\u041c\u0435\u0434\u0436\u043b\u0456\u0441\" \/>\n<meta property=\"article:publisher\" content=\"https:\/\/www.facebook.com\/qtmm.info\/\" \/>\n<meta property=\"article:published_time\" content=\"2013-06-26T10:55:00+00:00\" \/>\n<meta property=\"article:modified_time\" content=\"2022-01-25T10:57:25+00:00\" \/>\n<meta property=\"og:image\" content=\"https:\/\/qtmm.org\/wp-content\/uploads\/2022\/01\/img_9231.jpeg\" \/>\n\t<meta property=\"og:image:width\" content=\"800\" \/>\n\t<meta property=\"og:image:height\" content=\"600\" \/>\n\t<meta property=\"og:image:type\" content=\"image\/jpeg\" \/>\n<meta name=\"author\" content=\"Developer\" \/>\n<meta name=\"twitter:card\" content=\"summary_large_image\" \/>\n<meta name=\"twitter:label1\" content=\"Written by\" \/>\n\t<meta name=\"twitter:data1\" content=\"Developer\" \/>\n\t<meta name=\"twitter:label2\" content=\"Est. reading time\" \/>\n\t<meta name=\"twitter:data2\" content=\"2 minutes\" \/>\n<script type=\"application\/ld+json\" class=\"yoast-schema-graph\">{\"@context\":\"https:\\\/\\\/schema.org\",\"@graph\":[{\"@type\":\"Article\",\"@id\":\"https:\\\/\\\/qtmm.org\\\/qt\\\/meclis-reisi-mustafa-cemilev-litvaniya-seyminin-reisi-vidas-gedvilas-ile-korusti\\\/#article\",\"isPartOf\":{\"@id\":\"https:\\\/\\\/qtmm.org\\\/qt\\\/meclis-reisi-mustafa-cemilev-litvaniya-seyminin-reisi-vidas-gedvilas-ile-korusti\\\/\"},\"author\":{\"name\":\"Developer\",\"@id\":\"https:\\\/\\\/qtmm.org\\\/qt\\\/#\\\/schema\\\/person\\\/de562469f971dec226ac06e60bbf74a7\"},\"headline\":\"Meclis reisi Mustafa Cemilev Litvaniya Seymini\u00f1 reisi Vidas Gedvilas ile k\u00f6r\u00fc\u015fti\",\"datePublished\":\"2013-06-26T10:55:00+00:00\",\"dateModified\":\"2022-01-25T10:57:25+00:00\",\"mainEntityOfPage\":{\"@id\":\"https:\\\/\\\/qtmm.org\\\/qt\\\/meclis-reisi-mustafa-cemilev-litvaniya-seyminin-reisi-vidas-gedvilas-ile-korusti\\\/\"},\"wordCount\":333,\"commentCount\":0,\"publisher\":{\"@id\":\"https:\\\/\\\/qtmm.org\\\/qt\\\/#organization\"},\"image\":{\"@id\":\"https:\\\/\\\/qtmm.org\\\/qt\\\/meclis-reisi-mustafa-cemilev-litvaniya-seyminin-reisi-vidas-gedvilas-ile-korusti\\\/#primaryimage\"},\"thumbnailUrl\":\"https:\\\/\\\/qtmm.org\\\/wp-content\\\/uploads\\\/2022\\\/01\\\/img_9231.jpeg\",\"articleSection\":[\"Haberler\"],\"inLanguage\":\"qt\",\"potentialAction\":[{\"@type\":\"CommentAction\",\"name\":\"Comment\",\"target\":[\"https:\\\/\\\/qtmm.org\\\/qt\\\/meclis-reisi-mustafa-cemilev-litvaniya-seyminin-reisi-vidas-gedvilas-ile-korusti\\\/#respond\"]}]},{\"@type\":\"WebPage\",\"@id\":\"https:\\\/\\\/qtmm.org\\\/qt\\\/meclis-reisi-mustafa-cemilev-litvaniya-seyminin-reisi-vidas-gedvilas-ile-korusti\\\/\",\"url\":\"https:\\\/\\\/qtmm.org\\\/qt\\\/meclis-reisi-mustafa-cemilev-litvaniya-seyminin-reisi-vidas-gedvilas-ile-korusti\\\/\",\"name\":\"Meclis reisi Mustafa Cemilev Litvaniya Seymini\u00f1 reisi Vidas Gedvilas ile k\u00f6r\u00fc\u015fti - \u041c\u0435\u0434\u0436\u043b\u0456\u0441\",\"isPartOf\":{\"@id\":\"https:\\\/\\\/qtmm.org\\\/qt\\\/#website\"},\"primaryImageOfPage\":{\"@id\":\"https:\\\/\\\/qtmm.org\\\/qt\\\/meclis-reisi-mustafa-cemilev-litvaniya-seyminin-reisi-vidas-gedvilas-ile-korusti\\\/#primaryimage\"},\"image\":{\"@id\":\"https:\\\/\\\/qtmm.org\\\/qt\\\/meclis-reisi-mustafa-cemilev-litvaniya-seyminin-reisi-vidas-gedvilas-ile-korusti\\\/#primaryimage\"},\"thumbnailUrl\":\"https:\\\/\\\/qtmm.org\\\/wp-content\\\/uploads\\\/2022\\\/01\\\/img_9231.jpeg\",\"datePublished\":\"2013-06-26T10:55:00+00:00\",\"dateModified\":\"2022-01-25T10:57:25+00:00\",\"breadcrumb\":{\"@id\":\"https:\\\/\\\/qtmm.org\\\/qt\\\/meclis-reisi-mustafa-cemilev-litvaniya-seyminin-reisi-vidas-gedvilas-ile-korusti\\\/#breadcrumb\"},\"inLanguage\":\"qt\",\"potentialAction\":[{\"@type\":\"ReadAction\",\"target\":[\"https:\\\/\\\/qtmm.org\\\/qt\\\/meclis-reisi-mustafa-cemilev-litvaniya-seyminin-reisi-vidas-gedvilas-ile-korusti\\\/\"]}]},{\"@type\":\"ImageObject\",\"inLanguage\":\"qt\",\"@id\":\"https:\\\/\\\/qtmm.org\\\/qt\\\/meclis-reisi-mustafa-cemilev-litvaniya-seyminin-reisi-vidas-gedvilas-ile-korusti\\\/#primaryimage\",\"url\":\"https:\\\/\\\/qtmm.org\\\/wp-content\\\/uploads\\\/2022\\\/01\\\/img_9231.jpeg\",\"contentUrl\":\"https:\\\/\\\/qtmm.org\\\/wp-content\\\/uploads\\\/2022\\\/01\\\/img_9231.jpeg\",\"width\":800,\"height\":600},{\"@type\":\"BreadcrumbList\",\"@id\":\"https:\\\/\\\/qtmm.org\\\/qt\\\/meclis-reisi-mustafa-cemilev-litvaniya-seyminin-reisi-vidas-gedvilas-ile-korusti\\\/#breadcrumb\",\"itemListElement\":[{\"@type\":\"ListItem\",\"position\":1,\"name\":\"\u0413\u043e\u043b\u043e\u0432\u043d\u0430\",\"item\":\"https:\\\/\\\/qtmm.org\\\/qt\\\/\"},{\"@type\":\"ListItem\",\"position\":2,\"name\":\"Meclis reisi Mustafa Cemilev Litvaniya Seymini\u00f1 reisi Vidas Gedvilas ile k\u00f6r\u00fc\u015fti\"}]},{\"@type\":\"WebSite\",\"@id\":\"https:\\\/\\\/qtmm.org\\\/qt\\\/#website\",\"url\":\"https:\\\/\\\/qtmm.org\\\/qt\\\/\",\"name\":\"\u041c\u0435\u0434\u0436\u043b\u0456\u0441\",\"description\":\"\",\"publisher\":{\"@id\":\"https:\\\/\\\/qtmm.org\\\/qt\\\/#organization\"},\"potentialAction\":[{\"@type\":\"SearchAction\",\"target\":{\"@type\":\"EntryPoint\",\"urlTemplate\":\"https:\\\/\\\/qtmm.org\\\/qt\\\/?s={search_term_string}\"},\"query-input\":{\"@type\":\"PropertyValueSpecification\",\"valueRequired\":true,\"valueName\":\"search_term_string\"}}],\"inLanguage\":\"qt\"},{\"@type\":\"Organization\",\"@id\":\"https:\\\/\\\/qtmm.org\\\/qt\\\/#organization\",\"name\":\"\u041c\u0435\u0434\u0436\u043b\u0456\u0441\",\"url\":\"https:\\\/\\\/qtmm.org\\\/qt\\\/\",\"logo\":{\"@type\":\"ImageObject\",\"inLanguage\":\"qt\",\"@id\":\"https:\\\/\\\/qtmm.org\\\/qt\\\/#\\\/schema\\\/logo\\\/image\\\/\",\"url\":\"https:\\\/\\\/qtmm.org\\\/wp-content\\\/uploads\\\/2024\\\/12\\\/ua-mejlis-logo-rgb.svg\",\"contentUrl\":\"https:\\\/\\\/qtmm.org\\\/wp-content\\\/uploads\\\/2024\\\/12\\\/ua-mejlis-logo-rgb.svg\",\"caption\":\"\u041c\u0435\u0434\u0436\u043b\u0456\u0441\"},\"image\":{\"@id\":\"https:\\\/\\\/qtmm.org\\\/qt\\\/#\\\/schema\\\/logo\\\/image\\\/\"},\"sameAs\":[\"https:\\\/\\\/www.facebook.com\\\/qtmm.info\\\/\"]},{\"@type\":\"Person\",\"@id\":\"https:\\\/\\\/qtmm.org\\\/qt\\\/#\\\/schema\\\/person\\\/de562469f971dec226ac06e60bbf74a7\",\"name\":\"Developer\",\"image\":{\"@type\":\"ImageObject\",\"inLanguage\":\"qt\",\"@id\":\"https:\\\/\\\/secure.gravatar.com\\\/avatar\\\/392b4cc8fbfeb00b39dfeeab4ee6edded39ffd48e25858637e4765810300227e?s=96&d=mm&r=g\",\"url\":\"https:\\\/\\\/secure.gravatar.com\\\/avatar\\\/392b4cc8fbfeb00b39dfeeab4ee6edded39ffd48e25858637e4765810300227e?s=96&d=mm&r=g\",\"contentUrl\":\"https:\\\/\\\/secure.gravatar.com\\\/avatar\\\/392b4cc8fbfeb00b39dfeeab4ee6edded39ffd48e25858637e4765810300227e?s=96&d=mm&r=g\",\"caption\":\"Developer\"},\"url\":\"https:\\\/\\\/qtmm.org\\\/qt\\\/author\\\/Developer\\\/\"}]}<\/script>\n<!-- \/ Yoast SEO plugin. -->","yoast_head_json":{"title":"Meclis reisi Mustafa Cemilev Litvaniya Seymini\u00f1 reisi Vidas Gedvilas ile k\u00f6r\u00fc\u015fti - \u041c\u0435\u0434\u0436\u043b\u0456\u0441","robots":{"index":"index","follow":"follow","max-snippet":"max-snippet:-1","max-image-preview":"max-image-preview:large","max-video-preview":"max-video-preview:-1"},"canonical":"https:\/\/qtmm.org\/qt\/meclis-reisi-mustafa-cemilev-litvaniya-seyminin-reisi-vidas-gedvilas-ile-korusti\/","og_locale":"en_US","og_type":"article","og_title":"Meclis reisi Mustafa Cemilev Litvaniya Seymini\u00f1 reisi Vidas Gedvilas ile k\u00f6r\u00fc\u015fti - \u041c\u0435\u0434\u0436\u043b\u0456\u0441","og_description":"2013 senesi iy\u00fcn 26 k\u00fcn\u00fc Q\u0131r\u0131mtatar halq\u0131 Meclisi delegatsiyas\u0131n\u0131\u00f1 Litvaniya\u011fa i\u015f ziyareti \u00e7er\u00e7ivesinde Viln\u00fcste Meclis reisi Mustafa Cemilev Litvaniya Seymini\u00f1 reisi Vidas Gedvilas ile k\u00f6r\u00fc\u015fti. K\u00f6r\u00fc\u015f\u00fcvde bun\u0131\u00f1 kibi de Meclis reisini\u00f1 birinci muavini Refat \u00c7ubarov, t\u0131\u015fq\u0131 al\u00e2qalar b\u00f6l\u00fcgini\u00f1 ba\u015f\u0131 Ali Hamzin, Qurultay delegat\u0131, Kiyevdeki q\u0131r\u0131mtatar cemiyetini\u00f1 ba\u015f\u0131 Aslan \u00d6mer Q\u0131r\u0131ml\u0131, Seym reisini\u00f1 t\u0131\u015fq\u0131 siyaset meseleleri [&hellip;]","og_url":"https:\/\/qtmm.org\/qt\/meclis-reisi-mustafa-cemilev-litvaniya-seyminin-reisi-vidas-gedvilas-ile-korusti\/","og_site_name":"\u041c\u0435\u0434\u0436\u043b\u0456\u0441","article_publisher":"https:\/\/www.facebook.com\/qtmm.info\/","article_published_time":"2013-06-26T10:55:00+00:00","article_modified_time":"2022-01-25T10:57:25+00:00","og_image":[{"width":800,"height":600,"url":"https:\/\/qtmm.org\/wp-content\/uploads\/2022\/01\/img_9231.jpeg","type":"image\/jpeg"}],"author":"Developer","twitter_card":"summary_large_image","twitter_misc":{"Written by":"Developer","Est. reading time":"2 minutes"},"schema":{"@context":"https:\/\/schema.org","@graph":[{"@type":"Article","@id":"https:\/\/qtmm.org\/qt\/meclis-reisi-mustafa-cemilev-litvaniya-seyminin-reisi-vidas-gedvilas-ile-korusti\/#article","isPartOf":{"@id":"https:\/\/qtmm.org\/qt\/meclis-reisi-mustafa-cemilev-litvaniya-seyminin-reisi-vidas-gedvilas-ile-korusti\/"},"author":{"name":"Developer","@id":"https:\/\/qtmm.org\/qt\/#\/schema\/person\/de562469f971dec226ac06e60bbf74a7"},"headline":"Meclis reisi Mustafa Cemilev Litvaniya Seymini\u00f1 reisi Vidas Gedvilas ile k\u00f6r\u00fc\u015fti","datePublished":"2013-06-26T10:55:00+00:00","dateModified":"2022-01-25T10:57:25+00:00","mainEntityOfPage":{"@id":"https:\/\/qtmm.org\/qt\/meclis-reisi-mustafa-cemilev-litvaniya-seyminin-reisi-vidas-gedvilas-ile-korusti\/"},"wordCount":333,"commentCount":0,"publisher":{"@id":"https:\/\/qtmm.org\/qt\/#organization"},"image":{"@id":"https:\/\/qtmm.org\/qt\/meclis-reisi-mustafa-cemilev-litvaniya-seyminin-reisi-vidas-gedvilas-ile-korusti\/#primaryimage"},"thumbnailUrl":"https:\/\/qtmm.org\/wp-content\/uploads\/2022\/01\/img_9231.jpeg","articleSection":["Haberler"],"inLanguage":"qt","potentialAction":[{"@type":"CommentAction","name":"Comment","target":["https:\/\/qtmm.org\/qt\/meclis-reisi-mustafa-cemilev-litvaniya-seyminin-reisi-vidas-gedvilas-ile-korusti\/#respond"]}]},{"@type":"WebPage","@id":"https:\/\/qtmm.org\/qt\/meclis-reisi-mustafa-cemilev-litvaniya-seyminin-reisi-vidas-gedvilas-ile-korusti\/","url":"https:\/\/qtmm.org\/qt\/meclis-reisi-mustafa-cemilev-litvaniya-seyminin-reisi-vidas-gedvilas-ile-korusti\/","name":"Meclis reisi Mustafa Cemilev Litvaniya Seymini\u00f1 reisi Vidas Gedvilas ile k\u00f6r\u00fc\u015fti - \u041c\u0435\u0434\u0436\u043b\u0456\u0441","isPartOf":{"@id":"https:\/\/qtmm.org\/qt\/#website"},"primaryImageOfPage":{"@id":"https:\/\/qtmm.org\/qt\/meclis-reisi-mustafa-cemilev-litvaniya-seyminin-reisi-vidas-gedvilas-ile-korusti\/#primaryimage"},"image":{"@id":"https:\/\/qtmm.org\/qt\/meclis-reisi-mustafa-cemilev-litvaniya-seyminin-reisi-vidas-gedvilas-ile-korusti\/#primaryimage"},"thumbnailUrl":"https:\/\/qtmm.org\/wp-content\/uploads\/2022\/01\/img_9231.jpeg","datePublished":"2013-06-26T10:55:00+00:00","dateModified":"2022-01-25T10:57:25+00:00","breadcrumb":{"@id":"https:\/\/qtmm.org\/qt\/meclis-reisi-mustafa-cemilev-litvaniya-seyminin-reisi-vidas-gedvilas-ile-korusti\/#breadcrumb"},"inLanguage":"qt","potentialAction":[{"@type":"ReadAction","target":["https:\/\/qtmm.org\/qt\/meclis-reisi-mustafa-cemilev-litvaniya-seyminin-reisi-vidas-gedvilas-ile-korusti\/"]}]},{"@type":"ImageObject","inLanguage":"qt","@id":"https:\/\/qtmm.org\/qt\/meclis-reisi-mustafa-cemilev-litvaniya-seyminin-reisi-vidas-gedvilas-ile-korusti\/#primaryimage","url":"https:\/\/qtmm.org\/wp-content\/uploads\/2022\/01\/img_9231.jpeg","contentUrl":"https:\/\/qtmm.org\/wp-content\/uploads\/2022\/01\/img_9231.jpeg","width":800,"height":600},{"@type":"BreadcrumbList","@id":"https:\/\/qtmm.org\/qt\/meclis-reisi-mustafa-cemilev-litvaniya-seyminin-reisi-vidas-gedvilas-ile-korusti\/#breadcrumb","itemListElement":[{"@type":"ListItem","position":1,"name":"\u0413\u043e\u043b\u043e\u0432\u043d\u0430","item":"https:\/\/qtmm.org\/qt\/"},{"@type":"ListItem","position":2,"name":"Meclis reisi Mustafa Cemilev Litvaniya Seymini\u00f1 reisi Vidas Gedvilas ile k\u00f6r\u00fc\u015fti"}]},{"@type":"WebSite","@id":"https:\/\/qtmm.org\/qt\/#website","url":"https:\/\/qtmm.org\/qt\/","name":"\u041c\u0435\u0434\u0436\u043b\u0456\u0441","description":"","publisher":{"@id":"https:\/\/qtmm.org\/qt\/#organization"},"potentialAction":[{"@type":"SearchAction","target":{"@type":"EntryPoint","urlTemplate":"https:\/\/qtmm.org\/qt\/?s={search_term_string}"},"query-input":{"@type":"PropertyValueSpecification","valueRequired":true,"valueName":"search_term_string"}}],"inLanguage":"qt"},{"@type":"Organization","@id":"https:\/\/qtmm.org\/qt\/#organization","name":"\u041c\u0435\u0434\u0436\u043b\u0456\u0441","url":"https:\/\/qtmm.org\/qt\/","logo":{"@type":"ImageObject","inLanguage":"qt","@id":"https:\/\/qtmm.org\/qt\/#\/schema\/logo\/image\/","url":"https:\/\/qtmm.org\/wp-content\/uploads\/2024\/12\/ua-mejlis-logo-rgb.svg","contentUrl":"https:\/\/qtmm.org\/wp-content\/uploads\/2024\/12\/ua-mejlis-logo-rgb.svg","caption":"\u041c\u0435\u0434\u0436\u043b\u0456\u0441"},"image":{"@id":"https:\/\/qtmm.org\/qt\/#\/schema\/logo\/image\/"},"sameAs":["https:\/\/www.facebook.com\/qtmm.info\/"]},{"@type":"Person","@id":"https:\/\/qtmm.org\/qt\/#\/schema\/person\/de562469f971dec226ac06e60bbf74a7","name":"Developer","image":{"@type":"ImageObject","inLanguage":"qt","@id":"https:\/\/secure.gravatar.com\/avatar\/392b4cc8fbfeb00b39dfeeab4ee6edded39ffd48e25858637e4765810300227e?s=96&d=mm&r=g","url":"https:\/\/secure.gravatar.com\/avatar\/392b4cc8fbfeb00b39dfeeab4ee6edded39ffd48e25858637e4765810300227e?s=96&d=mm&r=g","contentUrl":"https:\/\/secure.gravatar.com\/avatar\/392b4cc8fbfeb00b39dfeeab4ee6edded39ffd48e25858637e4765810300227e?s=96&d=mm&r=g","caption":"Developer"},"url":"https:\/\/qtmm.org\/qt\/author\/Developer\/"}]}},"_links":{"self":[{"href":"https:\/\/qtmm.org\/qt\/wp-json\/wp\/v2\/posts\/38227","targetHints":{"allow":["GET"]}}],"collection":[{"href":"https:\/\/qtmm.org\/qt\/wp-json\/wp\/v2\/posts"}],"about":[{"href":"https:\/\/qtmm.org\/qt\/wp-json\/wp\/v2\/types\/post"}],"author":[{"embeddable":true,"href":"https:\/\/qtmm.org\/qt\/wp-json\/wp\/v2\/users\/1"}],"replies":[{"embeddable":true,"href":"https:\/\/qtmm.org\/qt\/wp-json\/wp\/v2\/comments?post=38227"}],"version-history":[{"count":1,"href":"https:\/\/qtmm.org\/qt\/wp-json\/wp\/v2\/posts\/38227\/revisions"}],"predecessor-version":[{"id":38244,"href":"https:\/\/qtmm.org\/qt\/wp-json\/wp\/v2\/posts\/38227\/revisions\/38244"}],"wp:featuredmedia":[{"embeddable":true,"href":"https:\/\/qtmm.org\/qt\/wp-json\/wp\/v2\/media\/38232"}],"wp:attachment":[{"href":"https:\/\/qtmm.org\/qt\/wp-json\/wp\/v2\/media?parent=38227"}],"wp:term":[{"taxonomy":"category","embeddable":true,"href":"https:\/\/qtmm.org\/qt\/wp-json\/wp\/v2\/categories?post=38227"},{"taxonomy":"post_tag","embeddable":true,"href":"https:\/\/qtmm.org\/qt\/wp-json\/wp\/v2\/tags?post=38227"}],"curies":[{"name":"wp","href":"https:\/\/api.w.org\/{rel}","templated":true}]}}