




{"id":38209,"date":"2013-06-26T13:54:00","date_gmt":"2013-06-26T10:54:00","guid":{"rendered":"http:\/\/qtmm.org\/?p=38209"},"modified":"2022-01-25T13:55:43","modified_gmt":"2022-01-25T10:55:43","slug":"26-iyun-kunu-qirimda-milliy-bayraq-bayrami-kunu-serefine-avtoyurus-otkerildi","status":"publish","type":"post","link":"https:\/\/qtmm.org\/qt\/26-iyun-kunu-qirimda-milliy-bayraq-bayrami-kunu-serefine-avtoyurus-otkerildi\/","title":{"rendered":"26 iy\u00fcn k\u00fcn\u00fc Q\u0131r\u0131mda Milliy bayraq bayram\u0131 k\u00fcn\u00fc \u015ferefine avtoy\u00fcr\u00fc\u015f \u00f6tkerildi"},"content":{"rendered":"\n<p>Avtoy\u00fcr\u00fc\u015f saba erte \u015emidt soqa\u011f\u0131, 2 adresinde yerle\u015fken Milliy Meclis binas\u0131 qar\u015f\u0131s\u0131ndan ba\u015flad\u0131. Tedbirden evel &#8220;Q\u0131r\u0131m&#8221; hayriye vaquf\u0131n\u0131\u00f1 reisi Riza \u015eevqiyev, Meclis k\u00e2tibiyetini\u00f1 ba\u015f\u0131 Zair Smedl\u00e2yev, Meclis Prezidium\u0131n\u0131\u00f1 azasm\u0131 Emine Avamileva \u00e7\u0131q\u0131\u015fta bulund\u0131lar, Kebir Cami imam\u0131 Niyazi Ramazanov ise dua oqud\u0131.<\/p>\n\n\n\n<p>Arabalar s\u0131ranen Q\u0131r\u0131mn\u0131\u00f1 Aqmescit \u2013 Ba\u011f\u00e7asaray \u2013 Aqyar \u2013 Foros \u2013 Simeiz- Yalta \u2013 Alu\u015fta \u2013 Dobroye \u015feer ve qasabalar\u0131ndan ke\u00e7tiler. Bu yerlerde arabalar s\u0131ras\u0131na ya\u00f1\u0131 arababalar da qo\u015fuld\u0131. Aqmescitte ise kolonna Moskovskaya, Kuyb\u0131\u015fevskaya ve Amet-Han Sultan meydanlar\u0131n\u0131 ayland\u0131lar.<\/p>\n\n\n\n<figure class=\"wp-block-image size-full\"><img loading=\"lazy\" decoding=\"async\" width=\"650\" height=\"410\" src=\"http:\/\/qtmm.org\/wp-content\/uploads\/2022\/01\/img_2878.jpeg\" alt=\"\" class=\"wp-image-38214\" srcset=\"https:\/\/qtmm.org\/wp-content\/uploads\/2022\/01\/img_2878.jpeg 650w, https:\/\/qtmm.org\/wp-content\/uploads\/2022\/01\/img_2878-300x189.jpeg 300w\" sizes=\"auto, (max-width: 650px) 100vw, 650px\" \/><\/figure>\n\n\n\n<p>Bayraq bayram\u0131 \u00e7er\u00e7ivesinde Aqmescitte &#8220;Bizim taraf&#8221; bala resimleri yar\u0131\u015f\u0131, milliy yemek, milliy k\u00fcre\u015f yar\u0131\u015flar\u0131 ke\u00e7irilip, &#8220;Bayra\u011f\u0131m&#8221; adl\u0131 fotoresimler sergisi a\u00e7\u0131ld\u0131. Bayram Ukraina ve Q\u0131r\u0131mda nam qazan\u011fan sanat\u00e7\u0131larn\u0131\u00f1 icras\u0131nda kontsert programmas\u0131nen yek\u00fcnlendi.<\/p>\n\n\n\n<p>Q\u0131r\u0131mtatar gen\u00e7ler te\u015fkil\u00e2tlar\u0131n\u0131\u00f1 te\u015febb\u00fcsi ile er y\u0131l\u0131 ke\u00e7irilgen Bayraq bayram\u0131na Milliy Meclis ve B\u00fct\u00fcnd\u00fcnya q\u0131r\u0131mtatarlar kongressi qoltutmaqta.<\/p>\n\n\n\n<figure class=\"wp-block-image size-full\"><img loading=\"lazy\" decoding=\"async\" width=\"650\" height=\"400\" src=\"http:\/\/qtmm.org\/wp-content\/uploads\/2022\/01\/img_2886.jpeg\" alt=\"\" class=\"wp-image-38218\" srcset=\"https:\/\/qtmm.org\/wp-content\/uploads\/2022\/01\/img_2886.jpeg 650w, https:\/\/qtmm.org\/wp-content\/uploads\/2022\/01\/img_2886-300x185.jpeg 300w\" sizes=\"auto, (max-width: 650px) 100vw, 650px\" \/><\/figure>\n\n\n\n<figure class=\"wp-block-image size-full\"><img loading=\"lazy\" decoding=\"async\" width=\"650\" height=\"350\" src=\"http:\/\/qtmm.org\/wp-content\/uploads\/2022\/01\/img_2889.jpeg\" alt=\"\" class=\"wp-image-38222\" srcset=\"https:\/\/qtmm.org\/wp-content\/uploads\/2022\/01\/img_2889.jpeg 650w, https:\/\/qtmm.org\/wp-content\/uploads\/2022\/01\/img_2889-300x162.jpeg 300w\" sizes=\"auto, (max-width: 650px) 100vw, 650px\" \/><\/figure>\n","protected":false},"excerpt":{"rendered":"<p>Avtoy\u00fcr\u00fc\u015f saba erte \u015emidt soqa\u011f\u0131, 2 adresinde yerle\u015fken Milliy Meclis binas\u0131 qar\u015f\u0131s\u0131ndan ba\u015flad\u0131. Tedbirden evel &#8220;Q\u0131r\u0131m&#8221; hayriye vaquf\u0131n\u0131\u00f1 reisi Riza \u015eevqiyev, Meclis k\u00e2tibiyetini\u00f1 ba\u015f\u0131 Zair Smedl\u00e2yev, Meclis Prezidium\u0131n\u0131\u00f1 azasm\u0131 Emine Avamileva \u00e7\u0131q\u0131\u015fta bulund\u0131lar, Kebir Cami imam\u0131 Niyazi Ramazanov ise dua oqud\u0131. Arabalar s\u0131ranen Q\u0131r\u0131mn\u0131\u00f1 Aqmescit \u2013 Ba\u011f\u00e7asaray \u2013 Aqyar \u2013 Foros \u2013 Simeiz- Yalta \u2013 [&hellip;]<\/p>\n","protected":false},"author":1,"featured_media":38210,"comment_status":"open","ping_status":"open","sticky":false,"template":"","format":"standard","meta":{"inline_featured_image":false,"footnotes":""},"categories":[265],"tags":[],"class_list":["post-38209","post","type-post","status-publish","format-standard","has-post-thumbnail","hentry","category-haberler"],"acf":[],"yoast_head":"<!-- This site is optimized with the Yoast SEO plugin v27.4 - https:\/\/yoast.com\/product\/yoast-seo-wordpress\/ -->\n<title>26 iy\u00fcn k\u00fcn\u00fc Q\u0131r\u0131mda Milliy bayraq bayram\u0131 k\u00fcn\u00fc \u015ferefine avtoy\u00fcr\u00fc\u015f \u00f6tkerildi - \u041c\u0435\u0434\u0436\u043b\u0456\u0441<\/title>\n<meta name=\"robots\" content=\"index, follow, max-snippet:-1, max-image-preview:large, max-video-preview:-1\" \/>\n<link rel=\"canonical\" href=\"https:\/\/qtmm.org\/qt\/26-iyun-kunu-qirimda-milliy-bayraq-bayrami-kunu-serefine-avtoyurus-otkerildi\/\" \/>\n<meta property=\"og:locale\" content=\"en_US\" \/>\n<meta property=\"og:type\" content=\"article\" \/>\n<meta property=\"og:title\" content=\"26 iy\u00fcn k\u00fcn\u00fc Q\u0131r\u0131mda Milliy bayraq bayram\u0131 k\u00fcn\u00fc \u015ferefine avtoy\u00fcr\u00fc\u015f \u00f6tkerildi - \u041c\u0435\u0434\u0436\u043b\u0456\u0441\" \/>\n<meta property=\"og:description\" content=\"Avtoy\u00fcr\u00fc\u015f saba erte \u015emidt soqa\u011f\u0131, 2 adresinde yerle\u015fken Milliy Meclis binas\u0131 qar\u015f\u0131s\u0131ndan ba\u015flad\u0131. Tedbirden evel &#8220;Q\u0131r\u0131m&#8221; hayriye vaquf\u0131n\u0131\u00f1 reisi Riza \u015eevqiyev, Meclis k\u00e2tibiyetini\u00f1 ba\u015f\u0131 Zair Smedl\u00e2yev, Meclis Prezidium\u0131n\u0131\u00f1 azasm\u0131 Emine Avamileva \u00e7\u0131q\u0131\u015fta bulund\u0131lar, Kebir Cami imam\u0131 Niyazi Ramazanov ise dua oqud\u0131. Arabalar s\u0131ranen Q\u0131r\u0131mn\u0131\u00f1 Aqmescit \u2013 Ba\u011f\u00e7asaray \u2013 Aqyar \u2013 Foros \u2013 Simeiz- Yalta \u2013 [&hellip;]\" \/>\n<meta property=\"og:url\" content=\"https:\/\/qtmm.org\/qt\/26-iyun-kunu-qirimda-milliy-bayraq-bayrami-kunu-serefine-avtoyurus-otkerildi\/\" \/>\n<meta property=\"og:site_name\" content=\"\u041c\u0435\u0434\u0436\u043b\u0456\u0441\" \/>\n<meta property=\"article:publisher\" content=\"https:\/\/www.facebook.com\/qtmm.info\/\" \/>\n<meta property=\"article:published_time\" content=\"2013-06-26T10:54:00+00:00\" \/>\n<meta property=\"article:modified_time\" content=\"2022-01-25T10:55:43+00:00\" \/>\n<meta property=\"og:image\" content=\"https:\/\/qtmm.org\/wp-content\/uploads\/2022\/01\/img_2869.jpeg\" \/>\n\t<meta property=\"og:image:width\" content=\"650\" \/>\n\t<meta property=\"og:image:height\" content=\"359\" \/>\n\t<meta property=\"og:image:type\" content=\"image\/jpeg\" \/>\n<meta name=\"author\" content=\"Developer\" \/>\n<meta name=\"twitter:card\" content=\"summary_large_image\" \/>\n<meta name=\"twitter:label1\" content=\"Written by\" \/>\n\t<meta name=\"twitter:data1\" content=\"Developer\" \/>\n\t<meta name=\"twitter:label2\" content=\"Est. reading time\" \/>\n\t<meta name=\"twitter:data2\" content=\"1 minute\" \/>\n<script type=\"application\/ld+json\" class=\"yoast-schema-graph\">{\"@context\":\"https:\\\/\\\/schema.org\",\"@graph\":[{\"@type\":\"Article\",\"@id\":\"https:\\\/\\\/qtmm.org\\\/qt\\\/26-iyun-kunu-qirimda-milliy-bayraq-bayrami-kunu-serefine-avtoyurus-otkerildi\\\/#article\",\"isPartOf\":{\"@id\":\"https:\\\/\\\/qtmm.org\\\/qt\\\/26-iyun-kunu-qirimda-milliy-bayraq-bayrami-kunu-serefine-avtoyurus-otkerildi\\\/\"},\"author\":{\"name\":\"Developer\",\"@id\":\"https:\\\/\\\/qtmm.org\\\/qt\\\/#\\\/schema\\\/person\\\/de562469f971dec226ac06e60bbf74a7\"},\"headline\":\"26 iy\u00fcn k\u00fcn\u00fc Q\u0131r\u0131mda Milliy bayraq bayram\u0131 k\u00fcn\u00fc \u015ferefine avtoy\u00fcr\u00fc\u015f \u00f6tkerildi\",\"datePublished\":\"2013-06-26T10:54:00+00:00\",\"dateModified\":\"2022-01-25T10:55:43+00:00\",\"mainEntityOfPage\":{\"@id\":\"https:\\\/\\\/qtmm.org\\\/qt\\\/26-iyun-kunu-qirimda-milliy-bayraq-bayrami-kunu-serefine-avtoyurus-otkerildi\\\/\"},\"wordCount\":192,\"commentCount\":0,\"publisher\":{\"@id\":\"https:\\\/\\\/qtmm.org\\\/qt\\\/#organization\"},\"image\":{\"@id\":\"https:\\\/\\\/qtmm.org\\\/qt\\\/26-iyun-kunu-qirimda-milliy-bayraq-bayrami-kunu-serefine-avtoyurus-otkerildi\\\/#primaryimage\"},\"thumbnailUrl\":\"https:\\\/\\\/qtmm.org\\\/wp-content\\\/uploads\\\/2022\\\/01\\\/img_2869.jpeg\",\"articleSection\":[\"Haberler\"],\"inLanguage\":\"qt\",\"potentialAction\":[{\"@type\":\"CommentAction\",\"name\":\"Comment\",\"target\":[\"https:\\\/\\\/qtmm.org\\\/qt\\\/26-iyun-kunu-qirimda-milliy-bayraq-bayrami-kunu-serefine-avtoyurus-otkerildi\\\/#respond\"]}]},{\"@type\":\"WebPage\",\"@id\":\"https:\\\/\\\/qtmm.org\\\/qt\\\/26-iyun-kunu-qirimda-milliy-bayraq-bayrami-kunu-serefine-avtoyurus-otkerildi\\\/\",\"url\":\"https:\\\/\\\/qtmm.org\\\/qt\\\/26-iyun-kunu-qirimda-milliy-bayraq-bayrami-kunu-serefine-avtoyurus-otkerildi\\\/\",\"name\":\"26 iy\u00fcn k\u00fcn\u00fc Q\u0131r\u0131mda Milliy bayraq bayram\u0131 k\u00fcn\u00fc \u015ferefine avtoy\u00fcr\u00fc\u015f \u00f6tkerildi - \u041c\u0435\u0434\u0436\u043b\u0456\u0441\",\"isPartOf\":{\"@id\":\"https:\\\/\\\/qtmm.org\\\/qt\\\/#website\"},\"primaryImageOfPage\":{\"@id\":\"https:\\\/\\\/qtmm.org\\\/qt\\\/26-iyun-kunu-qirimda-milliy-bayraq-bayrami-kunu-serefine-avtoyurus-otkerildi\\\/#primaryimage\"},\"image\":{\"@id\":\"https:\\\/\\\/qtmm.org\\\/qt\\\/26-iyun-kunu-qirimda-milliy-bayraq-bayrami-kunu-serefine-avtoyurus-otkerildi\\\/#primaryimage\"},\"thumbnailUrl\":\"https:\\\/\\\/qtmm.org\\\/wp-content\\\/uploads\\\/2022\\\/01\\\/img_2869.jpeg\",\"datePublished\":\"2013-06-26T10:54:00+00:00\",\"dateModified\":\"2022-01-25T10:55:43+00:00\",\"breadcrumb\":{\"@id\":\"https:\\\/\\\/qtmm.org\\\/qt\\\/26-iyun-kunu-qirimda-milliy-bayraq-bayrami-kunu-serefine-avtoyurus-otkerildi\\\/#breadcrumb\"},\"inLanguage\":\"qt\",\"potentialAction\":[{\"@type\":\"ReadAction\",\"target\":[\"https:\\\/\\\/qtmm.org\\\/qt\\\/26-iyun-kunu-qirimda-milliy-bayraq-bayrami-kunu-serefine-avtoyurus-otkerildi\\\/\"]}]},{\"@type\":\"ImageObject\",\"inLanguage\":\"qt\",\"@id\":\"https:\\\/\\\/qtmm.org\\\/qt\\\/26-iyun-kunu-qirimda-milliy-bayraq-bayrami-kunu-serefine-avtoyurus-otkerildi\\\/#primaryimage\",\"url\":\"https:\\\/\\\/qtmm.org\\\/wp-content\\\/uploads\\\/2022\\\/01\\\/img_2869.jpeg\",\"contentUrl\":\"https:\\\/\\\/qtmm.org\\\/wp-content\\\/uploads\\\/2022\\\/01\\\/img_2869.jpeg\",\"width\":650,\"height\":359},{\"@type\":\"BreadcrumbList\",\"@id\":\"https:\\\/\\\/qtmm.org\\\/qt\\\/26-iyun-kunu-qirimda-milliy-bayraq-bayrami-kunu-serefine-avtoyurus-otkerildi\\\/#breadcrumb\",\"itemListElement\":[{\"@type\":\"ListItem\",\"position\":1,\"name\":\"\u0413\u043e\u043b\u043e\u0432\u043d\u0430\",\"item\":\"https:\\\/\\\/qtmm.org\\\/qt\\\/\"},{\"@type\":\"ListItem\",\"position\":2,\"name\":\"26 iy\u00fcn k\u00fcn\u00fc Q\u0131r\u0131mda Milliy bayraq bayram\u0131 k\u00fcn\u00fc \u015ferefine avtoy\u00fcr\u00fc\u015f \u00f6tkerildi\"}]},{\"@type\":\"WebSite\",\"@id\":\"https:\\\/\\\/qtmm.org\\\/qt\\\/#website\",\"url\":\"https:\\\/\\\/qtmm.org\\\/qt\\\/\",\"name\":\"\u041c\u0435\u0434\u0436\u043b\u0456\u0441\",\"description\":\"\",\"publisher\":{\"@id\":\"https:\\\/\\\/qtmm.org\\\/qt\\\/#organization\"},\"potentialAction\":[{\"@type\":\"SearchAction\",\"target\":{\"@type\":\"EntryPoint\",\"urlTemplate\":\"https:\\\/\\\/qtmm.org\\\/qt\\\/?s={search_term_string}\"},\"query-input\":{\"@type\":\"PropertyValueSpecification\",\"valueRequired\":true,\"valueName\":\"search_term_string\"}}],\"inLanguage\":\"qt\"},{\"@type\":\"Organization\",\"@id\":\"https:\\\/\\\/qtmm.org\\\/qt\\\/#organization\",\"name\":\"\u041c\u0435\u0434\u0436\u043b\u0456\u0441\",\"url\":\"https:\\\/\\\/qtmm.org\\\/qt\\\/\",\"logo\":{\"@type\":\"ImageObject\",\"inLanguage\":\"qt\",\"@id\":\"https:\\\/\\\/qtmm.org\\\/qt\\\/#\\\/schema\\\/logo\\\/image\\\/\",\"url\":\"https:\\\/\\\/qtmm.org\\\/wp-content\\\/uploads\\\/2024\\\/12\\\/ua-mejlis-logo-rgb.svg\",\"contentUrl\":\"https:\\\/\\\/qtmm.org\\\/wp-content\\\/uploads\\\/2024\\\/12\\\/ua-mejlis-logo-rgb.svg\",\"caption\":\"\u041c\u0435\u0434\u0436\u043b\u0456\u0441\"},\"image\":{\"@id\":\"https:\\\/\\\/qtmm.org\\\/qt\\\/#\\\/schema\\\/logo\\\/image\\\/\"},\"sameAs\":[\"https:\\\/\\\/www.facebook.com\\\/qtmm.info\\\/\"]},{\"@type\":\"Person\",\"@id\":\"https:\\\/\\\/qtmm.org\\\/qt\\\/#\\\/schema\\\/person\\\/de562469f971dec226ac06e60bbf74a7\",\"name\":\"Developer\",\"image\":{\"@type\":\"ImageObject\",\"inLanguage\":\"qt\",\"@id\":\"https:\\\/\\\/secure.gravatar.com\\\/avatar\\\/392b4cc8fbfeb00b39dfeeab4ee6edded39ffd48e25858637e4765810300227e?s=96&d=mm&r=g\",\"url\":\"https:\\\/\\\/secure.gravatar.com\\\/avatar\\\/392b4cc8fbfeb00b39dfeeab4ee6edded39ffd48e25858637e4765810300227e?s=96&d=mm&r=g\",\"contentUrl\":\"https:\\\/\\\/secure.gravatar.com\\\/avatar\\\/392b4cc8fbfeb00b39dfeeab4ee6edded39ffd48e25858637e4765810300227e?s=96&d=mm&r=g\",\"caption\":\"Developer\"},\"url\":\"https:\\\/\\\/qtmm.org\\\/qt\\\/author\\\/Developer\\\/\"}]}<\/script>\n<!-- \/ Yoast SEO plugin. -->","yoast_head_json":{"title":"26 iy\u00fcn k\u00fcn\u00fc Q\u0131r\u0131mda Milliy bayraq bayram\u0131 k\u00fcn\u00fc \u015ferefine avtoy\u00fcr\u00fc\u015f \u00f6tkerildi - \u041c\u0435\u0434\u0436\u043b\u0456\u0441","robots":{"index":"index","follow":"follow","max-snippet":"max-snippet:-1","max-image-preview":"max-image-preview:large","max-video-preview":"max-video-preview:-1"},"canonical":"https:\/\/qtmm.org\/qt\/26-iyun-kunu-qirimda-milliy-bayraq-bayrami-kunu-serefine-avtoyurus-otkerildi\/","og_locale":"en_US","og_type":"article","og_title":"26 iy\u00fcn k\u00fcn\u00fc Q\u0131r\u0131mda Milliy bayraq bayram\u0131 k\u00fcn\u00fc \u015ferefine avtoy\u00fcr\u00fc\u015f \u00f6tkerildi - \u041c\u0435\u0434\u0436\u043b\u0456\u0441","og_description":"Avtoy\u00fcr\u00fc\u015f saba erte \u015emidt soqa\u011f\u0131, 2 adresinde yerle\u015fken Milliy Meclis binas\u0131 qar\u015f\u0131s\u0131ndan ba\u015flad\u0131. Tedbirden evel &#8220;Q\u0131r\u0131m&#8221; hayriye vaquf\u0131n\u0131\u00f1 reisi Riza \u015eevqiyev, Meclis k\u00e2tibiyetini\u00f1 ba\u015f\u0131 Zair Smedl\u00e2yev, Meclis Prezidium\u0131n\u0131\u00f1 azasm\u0131 Emine Avamileva \u00e7\u0131q\u0131\u015fta bulund\u0131lar, Kebir Cami imam\u0131 Niyazi Ramazanov ise dua oqud\u0131. Arabalar s\u0131ranen Q\u0131r\u0131mn\u0131\u00f1 Aqmescit \u2013 Ba\u011f\u00e7asaray \u2013 Aqyar \u2013 Foros \u2013 Simeiz- Yalta \u2013 [&hellip;]","og_url":"https:\/\/qtmm.org\/qt\/26-iyun-kunu-qirimda-milliy-bayraq-bayrami-kunu-serefine-avtoyurus-otkerildi\/","og_site_name":"\u041c\u0435\u0434\u0436\u043b\u0456\u0441","article_publisher":"https:\/\/www.facebook.com\/qtmm.info\/","article_published_time":"2013-06-26T10:54:00+00:00","article_modified_time":"2022-01-25T10:55:43+00:00","og_image":[{"width":650,"height":359,"url":"https:\/\/qtmm.org\/wp-content\/uploads\/2022\/01\/img_2869.jpeg","type":"image\/jpeg"}],"author":"Developer","twitter_card":"summary_large_image","twitter_misc":{"Written by":"Developer","Est. reading time":"1 minute"},"schema":{"@context":"https:\/\/schema.org","@graph":[{"@type":"Article","@id":"https:\/\/qtmm.org\/qt\/26-iyun-kunu-qirimda-milliy-bayraq-bayrami-kunu-serefine-avtoyurus-otkerildi\/#article","isPartOf":{"@id":"https:\/\/qtmm.org\/qt\/26-iyun-kunu-qirimda-milliy-bayraq-bayrami-kunu-serefine-avtoyurus-otkerildi\/"},"author":{"name":"Developer","@id":"https:\/\/qtmm.org\/qt\/#\/schema\/person\/de562469f971dec226ac06e60bbf74a7"},"headline":"26 iy\u00fcn k\u00fcn\u00fc Q\u0131r\u0131mda Milliy bayraq bayram\u0131 k\u00fcn\u00fc \u015ferefine avtoy\u00fcr\u00fc\u015f \u00f6tkerildi","datePublished":"2013-06-26T10:54:00+00:00","dateModified":"2022-01-25T10:55:43+00:00","mainEntityOfPage":{"@id":"https:\/\/qtmm.org\/qt\/26-iyun-kunu-qirimda-milliy-bayraq-bayrami-kunu-serefine-avtoyurus-otkerildi\/"},"wordCount":192,"commentCount":0,"publisher":{"@id":"https:\/\/qtmm.org\/qt\/#organization"},"image":{"@id":"https:\/\/qtmm.org\/qt\/26-iyun-kunu-qirimda-milliy-bayraq-bayrami-kunu-serefine-avtoyurus-otkerildi\/#primaryimage"},"thumbnailUrl":"https:\/\/qtmm.org\/wp-content\/uploads\/2022\/01\/img_2869.jpeg","articleSection":["Haberler"],"inLanguage":"qt","potentialAction":[{"@type":"CommentAction","name":"Comment","target":["https:\/\/qtmm.org\/qt\/26-iyun-kunu-qirimda-milliy-bayraq-bayrami-kunu-serefine-avtoyurus-otkerildi\/#respond"]}]},{"@type":"WebPage","@id":"https:\/\/qtmm.org\/qt\/26-iyun-kunu-qirimda-milliy-bayraq-bayrami-kunu-serefine-avtoyurus-otkerildi\/","url":"https:\/\/qtmm.org\/qt\/26-iyun-kunu-qirimda-milliy-bayraq-bayrami-kunu-serefine-avtoyurus-otkerildi\/","name":"26 iy\u00fcn k\u00fcn\u00fc Q\u0131r\u0131mda Milliy bayraq bayram\u0131 k\u00fcn\u00fc \u015ferefine avtoy\u00fcr\u00fc\u015f \u00f6tkerildi - \u041c\u0435\u0434\u0436\u043b\u0456\u0441","isPartOf":{"@id":"https:\/\/qtmm.org\/qt\/#website"},"primaryImageOfPage":{"@id":"https:\/\/qtmm.org\/qt\/26-iyun-kunu-qirimda-milliy-bayraq-bayrami-kunu-serefine-avtoyurus-otkerildi\/#primaryimage"},"image":{"@id":"https:\/\/qtmm.org\/qt\/26-iyun-kunu-qirimda-milliy-bayraq-bayrami-kunu-serefine-avtoyurus-otkerildi\/#primaryimage"},"thumbnailUrl":"https:\/\/qtmm.org\/wp-content\/uploads\/2022\/01\/img_2869.jpeg","datePublished":"2013-06-26T10:54:00+00:00","dateModified":"2022-01-25T10:55:43+00:00","breadcrumb":{"@id":"https:\/\/qtmm.org\/qt\/26-iyun-kunu-qirimda-milliy-bayraq-bayrami-kunu-serefine-avtoyurus-otkerildi\/#breadcrumb"},"inLanguage":"qt","potentialAction":[{"@type":"ReadAction","target":["https:\/\/qtmm.org\/qt\/26-iyun-kunu-qirimda-milliy-bayraq-bayrami-kunu-serefine-avtoyurus-otkerildi\/"]}]},{"@type":"ImageObject","inLanguage":"qt","@id":"https:\/\/qtmm.org\/qt\/26-iyun-kunu-qirimda-milliy-bayraq-bayrami-kunu-serefine-avtoyurus-otkerildi\/#primaryimage","url":"https:\/\/qtmm.org\/wp-content\/uploads\/2022\/01\/img_2869.jpeg","contentUrl":"https:\/\/qtmm.org\/wp-content\/uploads\/2022\/01\/img_2869.jpeg","width":650,"height":359},{"@type":"BreadcrumbList","@id":"https:\/\/qtmm.org\/qt\/26-iyun-kunu-qirimda-milliy-bayraq-bayrami-kunu-serefine-avtoyurus-otkerildi\/#breadcrumb","itemListElement":[{"@type":"ListItem","position":1,"name":"\u0413\u043e\u043b\u043e\u0432\u043d\u0430","item":"https:\/\/qtmm.org\/qt\/"},{"@type":"ListItem","position":2,"name":"26 iy\u00fcn k\u00fcn\u00fc Q\u0131r\u0131mda Milliy bayraq bayram\u0131 k\u00fcn\u00fc \u015ferefine avtoy\u00fcr\u00fc\u015f \u00f6tkerildi"}]},{"@type":"WebSite","@id":"https:\/\/qtmm.org\/qt\/#website","url":"https:\/\/qtmm.org\/qt\/","name":"\u041c\u0435\u0434\u0436\u043b\u0456\u0441","description":"","publisher":{"@id":"https:\/\/qtmm.org\/qt\/#organization"},"potentialAction":[{"@type":"SearchAction","target":{"@type":"EntryPoint","urlTemplate":"https:\/\/qtmm.org\/qt\/?s={search_term_string}"},"query-input":{"@type":"PropertyValueSpecification","valueRequired":true,"valueName":"search_term_string"}}],"inLanguage":"qt"},{"@type":"Organization","@id":"https:\/\/qtmm.org\/qt\/#organization","name":"\u041c\u0435\u0434\u0436\u043b\u0456\u0441","url":"https:\/\/qtmm.org\/qt\/","logo":{"@type":"ImageObject","inLanguage":"qt","@id":"https:\/\/qtmm.org\/qt\/#\/schema\/logo\/image\/","url":"https:\/\/qtmm.org\/wp-content\/uploads\/2024\/12\/ua-mejlis-logo-rgb.svg","contentUrl":"https:\/\/qtmm.org\/wp-content\/uploads\/2024\/12\/ua-mejlis-logo-rgb.svg","caption":"\u041c\u0435\u0434\u0436\u043b\u0456\u0441"},"image":{"@id":"https:\/\/qtmm.org\/qt\/#\/schema\/logo\/image\/"},"sameAs":["https:\/\/www.facebook.com\/qtmm.info\/"]},{"@type":"Person","@id":"https:\/\/qtmm.org\/qt\/#\/schema\/person\/de562469f971dec226ac06e60bbf74a7","name":"Developer","image":{"@type":"ImageObject","inLanguage":"qt","@id":"https:\/\/secure.gravatar.com\/avatar\/392b4cc8fbfeb00b39dfeeab4ee6edded39ffd48e25858637e4765810300227e?s=96&d=mm&r=g","url":"https:\/\/secure.gravatar.com\/avatar\/392b4cc8fbfeb00b39dfeeab4ee6edded39ffd48e25858637e4765810300227e?s=96&d=mm&r=g","contentUrl":"https:\/\/secure.gravatar.com\/avatar\/392b4cc8fbfeb00b39dfeeab4ee6edded39ffd48e25858637e4765810300227e?s=96&d=mm&r=g","caption":"Developer"},"url":"https:\/\/qtmm.org\/qt\/author\/Developer\/"}]}},"_links":{"self":[{"href":"https:\/\/qtmm.org\/qt\/wp-json\/wp\/v2\/posts\/38209","targetHints":{"allow":["GET"]}}],"collection":[{"href":"https:\/\/qtmm.org\/qt\/wp-json\/wp\/v2\/posts"}],"about":[{"href":"https:\/\/qtmm.org\/qt\/wp-json\/wp\/v2\/types\/post"}],"author":[{"embeddable":true,"href":"https:\/\/qtmm.org\/qt\/wp-json\/wp\/v2\/users\/1"}],"replies":[{"embeddable":true,"href":"https:\/\/qtmm.org\/qt\/wp-json\/wp\/v2\/comments?post=38209"}],"version-history":[{"count":1,"href":"https:\/\/qtmm.org\/qt\/wp-json\/wp\/v2\/posts\/38209\/revisions"}],"predecessor-version":[{"id":38226,"href":"https:\/\/qtmm.org\/qt\/wp-json\/wp\/v2\/posts\/38209\/revisions\/38226"}],"wp:featuredmedia":[{"embeddable":true,"href":"https:\/\/qtmm.org\/qt\/wp-json\/wp\/v2\/media\/38210"}],"wp:attachment":[{"href":"https:\/\/qtmm.org\/qt\/wp-json\/wp\/v2\/media?parent=38209"}],"wp:term":[{"taxonomy":"category","embeddable":true,"href":"https:\/\/qtmm.org\/qt\/wp-json\/wp\/v2\/categories?post=38209"},{"taxonomy":"post_tag","embeddable":true,"href":"https:\/\/qtmm.org\/qt\/wp-json\/wp\/v2\/tags?post=38209"}],"curies":[{"name":"wp","href":"https:\/\/api.w.org\/{rel}","templated":true}]}}