




{"id":38203,"date":"2013-06-25T13:51:00","date_gmt":"2013-06-25T10:51:00","guid":{"rendered":"http:\/\/qtmm.org\/?p=38203"},"modified":"2022-01-25T13:54:09","modified_gmt":"2022-01-25T10:54:09","slug":"hatira-ve-vicdan-avropa-platformasi-kommunizm-uzerinden-nurnberg-2-teskil-etuv-yolunda-birinci-adimni-atti","status":"publish","type":"post","link":"https:\/\/qtmm.org\/qt\/hatira-ve-vicdan-avropa-platformasi-kommunizm-uzerinden-nurnberg-2-teskil-etuv-yolunda-birinci-adimni-atti\/","title":{"rendered":"Hat\u0131ra ve Vicdan Avropa platformas\u0131 kommunizm \u00fczerinden N\u00fcrnberg-2 te\u015fkil et\u00fcv yolunda birinci ad\u0131mn\u0131 att\u0131"},"content":{"rendered":"\n<p>\u00c7ehiyada totalitar rejimlerni \u00f6gren\u00fcv boyunca institut \u015fu te\u015fkil\u00e2tn\u0131\u00f1 2012 senesi noyabr ay\u0131nda Berlinde \u00f6tkerilgen konferentsiyas\u0131nda qabul etilgen leyhan\u0131 amelge ke\u00e7irdi.<br><br>\u015evetsiya, Estoniya, Latviya, Litva, Poloniya, Almaniya, Avstriya, Niderland, \u00c7ehiya, Slovakiya, Macaristan, Sloveniya, Rom\u0131niya, Bul\u011faristan, Moldova, Ukraina kibi 16 devletni\u00f1 ces\u00fcr k\u00fcre\u015f\u00e7ilerni\u00f1 misalinde totalitar kommunist rejimine qar\u015f\u0131 k\u00fcre\u015f aqq\u0131nda ik\u00e2ye etken &#8220;Hat\u0131ra borcu.<\/p>\n\n\n\n<p>Avropada totalitarizm&#8221; kitab\u0131 ne\u015fir etildi. Kitapqa \u015fu devletde me\u015fur 30 \u015fah\u0131sn\u0131\u00f1 taqdiri ve totalitar rejimge qar\u015f\u0131 k\u00fcre\u015fi aqq\u0131nda mal\u00fcmatlar kirsetildi.<\/p>\n\n\n\n<p>Q\u0131r\u0131mtatar halq\u0131n\u0131\u00f1 milliy k\u00fcre\u015fi milliy areket i\u015ftirak\u00e7isi Ay\u015fe Seytmuratovan\u0131\u00f1 takdirinde k\u00f6sterile. (272-279 s.) \u015eun\u0131 hat\u0131rlatmal\u0131 ki, Meclis 2012 senesinden itibaren Hat\u0131ra ve Vicdan Avropa platformas\u0131n\u0131\u00f1 azas\u0131d\u0131r.<\/p>\n\n\n\n<p>&#8220;Hat\u0131ra borcu. Avropada totalitarizm&#8221; kitab\u0131 kirgen halqara leyha Avropa Birligi devletlerindeki mektepler i\u00e7\u00fcn qo\u015fumca qullanma olur. Bun\u0131\u00f1 kibi de leyha \u00e7er\u00e7ivesinde XX as\u0131rda Avropa Birligini\u00f1 12 devletinde fa\u015fizm, natsizm i kommunizmni\u00f1 \u015fiddetli cinayetleri aqq\u0131nda sergi a\u00e7\u0131ld\u0131.<\/p>\n\n\n\n<p>&#8220;Qara albom&#8221; kibi t\u00fc\u015f\u00fcnilgen mezk\u00fcr sergige qanl\u0131 rejim qurbanlar\u0131n\u0131\u00f1, bu rejim devrinde yap\u0131l\u011fan cinayetler i\u00e7\u00fcn cevapk\u00e2r \u015fah\u0131slarn\u0131\u00f1 resimleri kirdi.<br>Hat\u0131ra ve Vicdan Avropa platformas\u0131 \u00e7er\u00e7ivesinde ve &#8220;Avropa vatanda\u015flar i\u00e7\u00fcn \u2013 &#8220;Avropa hat\u0131ras\u0131 programmas\u0131 fondu komissiyas\u0131n\u0131\u00f1 qoltutuv\u0131nda leyha 2013 senesi iy\u00fcn ay\u0131n\u0131\u00f1 ba\u015f\u0131nda so\u00f1una keldi. Kitap ingliz, frans\u0131z ve alman tillerinde \u00e7\u0131qt\u0131.<\/p>\n\n\n\n<figure class=\"wp-block-image size-full\"><img loading=\"lazy\" decoding=\"async\" width=\"800\" height=\"600\" src=\"http:\/\/qtmm.org\/wp-content\/uploads\/2022\/01\/reader_book.jpeg\" alt=\"\" class=\"wp-image-38204\" srcset=\"https:\/\/qtmm.org\/wp-content\/uploads\/2022\/01\/reader_book.jpeg 800w, https:\/\/qtmm.org\/wp-content\/uploads\/2022\/01\/reader_book-300x225.jpeg 300w, https:\/\/qtmm.org\/wp-content\/uploads\/2022\/01\/reader_book-768x576.jpeg 768w\" sizes=\"auto, (max-width: 800px) 100vw, 800px\" \/><\/figure>\n","protected":false},"excerpt":{"rendered":"<p>\u00c7ehiyada totalitar rejimlerni \u00f6gren\u00fcv boyunca institut \u015fu te\u015fkil\u00e2tn\u0131\u00f1 2012 senesi noyabr ay\u0131nda Berlinde \u00f6tkerilgen konferentsiyas\u0131nda qabul etilgen leyhan\u0131 amelge ke\u00e7irdi. \u015evetsiya, Estoniya, Latviya, Litva, Poloniya, Almaniya, Avstriya, Niderland, \u00c7ehiya, Slovakiya, Macaristan, Sloveniya, Rom\u0131niya, Bul\u011faristan, Moldova, Ukraina kibi 16 devletni\u00f1 ces\u00fcr k\u00fcre\u015f\u00e7ilerni\u00f1 misalinde totalitar kommunist rejimine qar\u015f\u0131 k\u00fcre\u015f aqq\u0131nda ik\u00e2ye etken &#8220;Hat\u0131ra borcu. Avropada totalitarizm&#8221; kitab\u0131 [&hellip;]<\/p>\n","protected":false},"author":1,"featured_media":0,"comment_status":"open","ping_status":"open","sticky":false,"template":"","format":"standard","meta":{"inline_featured_image":false,"footnotes":""},"categories":[265],"tags":[],"class_list":["post-38203","post","type-post","status-publish","format-standard","hentry","category-haberler"],"acf":[],"yoast_head":"<!-- This site is optimized with the Yoast SEO plugin v27.4 - https:\/\/yoast.com\/product\/yoast-seo-wordpress\/ -->\n<title>Hat\u0131ra ve Vicdan Avropa platformas\u0131 kommunizm \u00fczerinden N\u00fcrnberg-2 te\u015fkil et\u00fcv yolunda birinci ad\u0131mn\u0131 att\u0131 - \u041c\u0435\u0434\u0436\u043b\u0456\u0441<\/title>\n<meta name=\"robots\" content=\"index, follow, max-snippet:-1, max-image-preview:large, max-video-preview:-1\" \/>\n<link rel=\"canonical\" href=\"https:\/\/qtmm.org\/qt\/hatira-ve-vicdan-avropa-platformasi-kommunizm-uzerinden-nurnberg-2-teskil-etuv-yolunda-birinci-adimni-atti\/\" \/>\n<meta property=\"og:locale\" content=\"en_US\" \/>\n<meta property=\"og:type\" content=\"article\" \/>\n<meta property=\"og:title\" content=\"Hat\u0131ra ve Vicdan Avropa platformas\u0131 kommunizm \u00fczerinden N\u00fcrnberg-2 te\u015fkil et\u00fcv yolunda birinci ad\u0131mn\u0131 att\u0131 - \u041c\u0435\u0434\u0436\u043b\u0456\u0441\" \/>\n<meta property=\"og:description\" content=\"\u00c7ehiyada totalitar rejimlerni \u00f6gren\u00fcv boyunca institut \u015fu te\u015fkil\u00e2tn\u0131\u00f1 2012 senesi noyabr ay\u0131nda Berlinde \u00f6tkerilgen konferentsiyas\u0131nda qabul etilgen leyhan\u0131 amelge ke\u00e7irdi. \u015evetsiya, Estoniya, Latviya, Litva, Poloniya, Almaniya, Avstriya, Niderland, \u00c7ehiya, Slovakiya, Macaristan, Sloveniya, Rom\u0131niya, Bul\u011faristan, Moldova, Ukraina kibi 16 devletni\u00f1 ces\u00fcr k\u00fcre\u015f\u00e7ilerni\u00f1 misalinde totalitar kommunist rejimine qar\u015f\u0131 k\u00fcre\u015f aqq\u0131nda ik\u00e2ye etken &#8220;Hat\u0131ra borcu. Avropada totalitarizm&#8221; kitab\u0131 [&hellip;]\" \/>\n<meta property=\"og:url\" content=\"https:\/\/qtmm.org\/qt\/hatira-ve-vicdan-avropa-platformasi-kommunizm-uzerinden-nurnberg-2-teskil-etuv-yolunda-birinci-adimni-atti\/\" \/>\n<meta property=\"og:site_name\" content=\"\u041c\u0435\u0434\u0436\u043b\u0456\u0441\" \/>\n<meta property=\"article:publisher\" content=\"https:\/\/www.facebook.com\/qtmm.info\/\" \/>\n<meta property=\"article:published_time\" content=\"2013-06-25T10:51:00+00:00\" \/>\n<meta property=\"article:modified_time\" content=\"2022-01-25T10:54:09+00:00\" \/>\n<meta property=\"og:image\" content=\"https:\/\/qtmm.org\/wp-content\/uploads\/2022\/01\/reader_book.jpeg\" \/>\n\t<meta property=\"og:image:width\" content=\"800\" \/>\n\t<meta property=\"og:image:height\" content=\"600\" \/>\n\t<meta property=\"og:image:type\" content=\"image\/jpeg\" \/>\n<meta name=\"author\" content=\"Developer\" \/>\n<meta name=\"twitter:card\" content=\"summary_large_image\" \/>\n<meta name=\"twitter:label1\" content=\"Written by\" \/>\n\t<meta name=\"twitter:data1\" content=\"Developer\" \/>\n\t<meta name=\"twitter:label2\" content=\"Est. reading time\" \/>\n\t<meta name=\"twitter:data2\" content=\"1 minute\" \/>\n<script type=\"application\/ld+json\" class=\"yoast-schema-graph\">{\"@context\":\"https:\\\/\\\/schema.org\",\"@graph\":[{\"@type\":\"Article\",\"@id\":\"https:\\\/\\\/qtmm.org\\\/qt\\\/hatira-ve-vicdan-avropa-platformasi-kommunizm-uzerinden-nurnberg-2-teskil-etuv-yolunda-birinci-adimni-atti\\\/#article\",\"isPartOf\":{\"@id\":\"https:\\\/\\\/qtmm.org\\\/qt\\\/hatira-ve-vicdan-avropa-platformasi-kommunizm-uzerinden-nurnberg-2-teskil-etuv-yolunda-birinci-adimni-atti\\\/\"},\"author\":{\"name\":\"Developer\",\"@id\":\"https:\\\/\\\/qtmm.org\\\/qt\\\/#\\\/schema\\\/person\\\/de562469f971dec226ac06e60bbf74a7\"},\"headline\":\"Hat\u0131ra ve Vicdan Avropa platformas\u0131 kommunizm \u00fczerinden N\u00fcrnberg-2 te\u015fkil et\u00fcv yolunda birinci ad\u0131mn\u0131 att\u0131\",\"datePublished\":\"2013-06-25T10:51:00+00:00\",\"dateModified\":\"2022-01-25T10:54:09+00:00\",\"mainEntityOfPage\":{\"@id\":\"https:\\\/\\\/qtmm.org\\\/qt\\\/hatira-ve-vicdan-avropa-platformasi-kommunizm-uzerinden-nurnberg-2-teskil-etuv-yolunda-birinci-adimni-atti\\\/\"},\"wordCount\":261,\"commentCount\":0,\"publisher\":{\"@id\":\"https:\\\/\\\/qtmm.org\\\/qt\\\/#organization\"},\"image\":{\"@id\":\"https:\\\/\\\/qtmm.org\\\/qt\\\/hatira-ve-vicdan-avropa-platformasi-kommunizm-uzerinden-nurnberg-2-teskil-etuv-yolunda-birinci-adimni-atti\\\/#primaryimage\"},\"thumbnailUrl\":\"http:\\\/\\\/qtmm.org\\\/wp-content\\\/uploads\\\/2022\\\/01\\\/reader_book.jpeg\",\"articleSection\":[\"Haberler\"],\"inLanguage\":\"qt\",\"potentialAction\":[{\"@type\":\"CommentAction\",\"name\":\"Comment\",\"target\":[\"https:\\\/\\\/qtmm.org\\\/qt\\\/hatira-ve-vicdan-avropa-platformasi-kommunizm-uzerinden-nurnberg-2-teskil-etuv-yolunda-birinci-adimni-atti\\\/#respond\"]}]},{\"@type\":\"WebPage\",\"@id\":\"https:\\\/\\\/qtmm.org\\\/qt\\\/hatira-ve-vicdan-avropa-platformasi-kommunizm-uzerinden-nurnberg-2-teskil-etuv-yolunda-birinci-adimni-atti\\\/\",\"url\":\"https:\\\/\\\/qtmm.org\\\/qt\\\/hatira-ve-vicdan-avropa-platformasi-kommunizm-uzerinden-nurnberg-2-teskil-etuv-yolunda-birinci-adimni-atti\\\/\",\"name\":\"Hat\u0131ra ve Vicdan Avropa platformas\u0131 kommunizm \u00fczerinden N\u00fcrnberg-2 te\u015fkil et\u00fcv yolunda birinci ad\u0131mn\u0131 att\u0131 - \u041c\u0435\u0434\u0436\u043b\u0456\u0441\",\"isPartOf\":{\"@id\":\"https:\\\/\\\/qtmm.org\\\/qt\\\/#website\"},\"primaryImageOfPage\":{\"@id\":\"https:\\\/\\\/qtmm.org\\\/qt\\\/hatira-ve-vicdan-avropa-platformasi-kommunizm-uzerinden-nurnberg-2-teskil-etuv-yolunda-birinci-adimni-atti\\\/#primaryimage\"},\"image\":{\"@id\":\"https:\\\/\\\/qtmm.org\\\/qt\\\/hatira-ve-vicdan-avropa-platformasi-kommunizm-uzerinden-nurnberg-2-teskil-etuv-yolunda-birinci-adimni-atti\\\/#primaryimage\"},\"thumbnailUrl\":\"http:\\\/\\\/qtmm.org\\\/wp-content\\\/uploads\\\/2022\\\/01\\\/reader_book.jpeg\",\"datePublished\":\"2013-06-25T10:51:00+00:00\",\"dateModified\":\"2022-01-25T10:54:09+00:00\",\"breadcrumb\":{\"@id\":\"https:\\\/\\\/qtmm.org\\\/qt\\\/hatira-ve-vicdan-avropa-platformasi-kommunizm-uzerinden-nurnberg-2-teskil-etuv-yolunda-birinci-adimni-atti\\\/#breadcrumb\"},\"inLanguage\":\"qt\",\"potentialAction\":[{\"@type\":\"ReadAction\",\"target\":[\"https:\\\/\\\/qtmm.org\\\/qt\\\/hatira-ve-vicdan-avropa-platformasi-kommunizm-uzerinden-nurnberg-2-teskil-etuv-yolunda-birinci-adimni-atti\\\/\"]}]},{\"@type\":\"ImageObject\",\"inLanguage\":\"qt\",\"@id\":\"https:\\\/\\\/qtmm.org\\\/qt\\\/hatira-ve-vicdan-avropa-platformasi-kommunizm-uzerinden-nurnberg-2-teskil-etuv-yolunda-birinci-adimni-atti\\\/#primaryimage\",\"url\":\"http:\\\/\\\/qtmm.org\\\/wp-content\\\/uploads\\\/2022\\\/01\\\/reader_book.jpeg\",\"contentUrl\":\"http:\\\/\\\/qtmm.org\\\/wp-content\\\/uploads\\\/2022\\\/01\\\/reader_book.jpeg\"},{\"@type\":\"BreadcrumbList\",\"@id\":\"https:\\\/\\\/qtmm.org\\\/qt\\\/hatira-ve-vicdan-avropa-platformasi-kommunizm-uzerinden-nurnberg-2-teskil-etuv-yolunda-birinci-adimni-atti\\\/#breadcrumb\",\"itemListElement\":[{\"@type\":\"ListItem\",\"position\":1,\"name\":\"\u0413\u043e\u043b\u043e\u0432\u043d\u0430\",\"item\":\"https:\\\/\\\/qtmm.org\\\/qt\\\/\"},{\"@type\":\"ListItem\",\"position\":2,\"name\":\"Hat\u0131ra ve Vicdan Avropa platformas\u0131 kommunizm \u00fczerinden N\u00fcrnberg-2 te\u015fkil et\u00fcv yolunda birinci ad\u0131mn\u0131 att\u0131\"}]},{\"@type\":\"WebSite\",\"@id\":\"https:\\\/\\\/qtmm.org\\\/qt\\\/#website\",\"url\":\"https:\\\/\\\/qtmm.org\\\/qt\\\/\",\"name\":\"\u041c\u0435\u0434\u0436\u043b\u0456\u0441\",\"description\":\"\",\"publisher\":{\"@id\":\"https:\\\/\\\/qtmm.org\\\/qt\\\/#organization\"},\"potentialAction\":[{\"@type\":\"SearchAction\",\"target\":{\"@type\":\"EntryPoint\",\"urlTemplate\":\"https:\\\/\\\/qtmm.org\\\/qt\\\/?s={search_term_string}\"},\"query-input\":{\"@type\":\"PropertyValueSpecification\",\"valueRequired\":true,\"valueName\":\"search_term_string\"}}],\"inLanguage\":\"qt\"},{\"@type\":\"Organization\",\"@id\":\"https:\\\/\\\/qtmm.org\\\/qt\\\/#organization\",\"name\":\"\u041c\u0435\u0434\u0436\u043b\u0456\u0441\",\"url\":\"https:\\\/\\\/qtmm.org\\\/qt\\\/\",\"logo\":{\"@type\":\"ImageObject\",\"inLanguage\":\"qt\",\"@id\":\"https:\\\/\\\/qtmm.org\\\/qt\\\/#\\\/schema\\\/logo\\\/image\\\/\",\"url\":\"https:\\\/\\\/qtmm.org\\\/wp-content\\\/uploads\\\/2024\\\/12\\\/ua-mejlis-logo-rgb.svg\",\"contentUrl\":\"https:\\\/\\\/qtmm.org\\\/wp-content\\\/uploads\\\/2024\\\/12\\\/ua-mejlis-logo-rgb.svg\",\"caption\":\"\u041c\u0435\u0434\u0436\u043b\u0456\u0441\"},\"image\":{\"@id\":\"https:\\\/\\\/qtmm.org\\\/qt\\\/#\\\/schema\\\/logo\\\/image\\\/\"},\"sameAs\":[\"https:\\\/\\\/www.facebook.com\\\/qtmm.info\\\/\"]},{\"@type\":\"Person\",\"@id\":\"https:\\\/\\\/qtmm.org\\\/qt\\\/#\\\/schema\\\/person\\\/de562469f971dec226ac06e60bbf74a7\",\"name\":\"Developer\",\"image\":{\"@type\":\"ImageObject\",\"inLanguage\":\"qt\",\"@id\":\"https:\\\/\\\/secure.gravatar.com\\\/avatar\\\/392b4cc8fbfeb00b39dfeeab4ee6edded39ffd48e25858637e4765810300227e?s=96&d=mm&r=g\",\"url\":\"https:\\\/\\\/secure.gravatar.com\\\/avatar\\\/392b4cc8fbfeb00b39dfeeab4ee6edded39ffd48e25858637e4765810300227e?s=96&d=mm&r=g\",\"contentUrl\":\"https:\\\/\\\/secure.gravatar.com\\\/avatar\\\/392b4cc8fbfeb00b39dfeeab4ee6edded39ffd48e25858637e4765810300227e?s=96&d=mm&r=g\",\"caption\":\"Developer\"},\"url\":\"https:\\\/\\\/qtmm.org\\\/qt\\\/author\\\/Developer\\\/\"}]}<\/script>\n<!-- \/ Yoast SEO plugin. -->","yoast_head_json":{"title":"Hat\u0131ra ve Vicdan Avropa platformas\u0131 kommunizm \u00fczerinden N\u00fcrnberg-2 te\u015fkil et\u00fcv yolunda birinci ad\u0131mn\u0131 att\u0131 - \u041c\u0435\u0434\u0436\u043b\u0456\u0441","robots":{"index":"index","follow":"follow","max-snippet":"max-snippet:-1","max-image-preview":"max-image-preview:large","max-video-preview":"max-video-preview:-1"},"canonical":"https:\/\/qtmm.org\/qt\/hatira-ve-vicdan-avropa-platformasi-kommunizm-uzerinden-nurnberg-2-teskil-etuv-yolunda-birinci-adimni-atti\/","og_locale":"en_US","og_type":"article","og_title":"Hat\u0131ra ve Vicdan Avropa platformas\u0131 kommunizm \u00fczerinden N\u00fcrnberg-2 te\u015fkil et\u00fcv yolunda birinci ad\u0131mn\u0131 att\u0131 - \u041c\u0435\u0434\u0436\u043b\u0456\u0441","og_description":"\u00c7ehiyada totalitar rejimlerni \u00f6gren\u00fcv boyunca institut \u015fu te\u015fkil\u00e2tn\u0131\u00f1 2012 senesi noyabr ay\u0131nda Berlinde \u00f6tkerilgen konferentsiyas\u0131nda qabul etilgen leyhan\u0131 amelge ke\u00e7irdi. \u015evetsiya, Estoniya, Latviya, Litva, Poloniya, Almaniya, Avstriya, Niderland, \u00c7ehiya, Slovakiya, Macaristan, Sloveniya, Rom\u0131niya, Bul\u011faristan, Moldova, Ukraina kibi 16 devletni\u00f1 ces\u00fcr k\u00fcre\u015f\u00e7ilerni\u00f1 misalinde totalitar kommunist rejimine qar\u015f\u0131 k\u00fcre\u015f aqq\u0131nda ik\u00e2ye etken &#8220;Hat\u0131ra borcu. Avropada totalitarizm&#8221; kitab\u0131 [&hellip;]","og_url":"https:\/\/qtmm.org\/qt\/hatira-ve-vicdan-avropa-platformasi-kommunizm-uzerinden-nurnberg-2-teskil-etuv-yolunda-birinci-adimni-atti\/","og_site_name":"\u041c\u0435\u0434\u0436\u043b\u0456\u0441","article_publisher":"https:\/\/www.facebook.com\/qtmm.info\/","article_published_time":"2013-06-25T10:51:00+00:00","article_modified_time":"2022-01-25T10:54:09+00:00","og_image":[{"width":800,"height":600,"url":"https:\/\/qtmm.org\/wp-content\/uploads\/2022\/01\/reader_book.jpeg","type":"image\/jpeg"}],"author":"Developer","twitter_card":"summary_large_image","twitter_misc":{"Written by":"Developer","Est. reading time":"1 minute"},"schema":{"@context":"https:\/\/schema.org","@graph":[{"@type":"Article","@id":"https:\/\/qtmm.org\/qt\/hatira-ve-vicdan-avropa-platformasi-kommunizm-uzerinden-nurnberg-2-teskil-etuv-yolunda-birinci-adimni-atti\/#article","isPartOf":{"@id":"https:\/\/qtmm.org\/qt\/hatira-ve-vicdan-avropa-platformasi-kommunizm-uzerinden-nurnberg-2-teskil-etuv-yolunda-birinci-adimni-atti\/"},"author":{"name":"Developer","@id":"https:\/\/qtmm.org\/qt\/#\/schema\/person\/de562469f971dec226ac06e60bbf74a7"},"headline":"Hat\u0131ra ve Vicdan Avropa platformas\u0131 kommunizm \u00fczerinden N\u00fcrnberg-2 te\u015fkil et\u00fcv yolunda birinci ad\u0131mn\u0131 att\u0131","datePublished":"2013-06-25T10:51:00+00:00","dateModified":"2022-01-25T10:54:09+00:00","mainEntityOfPage":{"@id":"https:\/\/qtmm.org\/qt\/hatira-ve-vicdan-avropa-platformasi-kommunizm-uzerinden-nurnberg-2-teskil-etuv-yolunda-birinci-adimni-atti\/"},"wordCount":261,"commentCount":0,"publisher":{"@id":"https:\/\/qtmm.org\/qt\/#organization"},"image":{"@id":"https:\/\/qtmm.org\/qt\/hatira-ve-vicdan-avropa-platformasi-kommunizm-uzerinden-nurnberg-2-teskil-etuv-yolunda-birinci-adimni-atti\/#primaryimage"},"thumbnailUrl":"http:\/\/qtmm.org\/wp-content\/uploads\/2022\/01\/reader_book.jpeg","articleSection":["Haberler"],"inLanguage":"qt","potentialAction":[{"@type":"CommentAction","name":"Comment","target":["https:\/\/qtmm.org\/qt\/hatira-ve-vicdan-avropa-platformasi-kommunizm-uzerinden-nurnberg-2-teskil-etuv-yolunda-birinci-adimni-atti\/#respond"]}]},{"@type":"WebPage","@id":"https:\/\/qtmm.org\/qt\/hatira-ve-vicdan-avropa-platformasi-kommunizm-uzerinden-nurnberg-2-teskil-etuv-yolunda-birinci-adimni-atti\/","url":"https:\/\/qtmm.org\/qt\/hatira-ve-vicdan-avropa-platformasi-kommunizm-uzerinden-nurnberg-2-teskil-etuv-yolunda-birinci-adimni-atti\/","name":"Hat\u0131ra ve Vicdan Avropa platformas\u0131 kommunizm \u00fczerinden N\u00fcrnberg-2 te\u015fkil et\u00fcv yolunda birinci ad\u0131mn\u0131 att\u0131 - \u041c\u0435\u0434\u0436\u043b\u0456\u0441","isPartOf":{"@id":"https:\/\/qtmm.org\/qt\/#website"},"primaryImageOfPage":{"@id":"https:\/\/qtmm.org\/qt\/hatira-ve-vicdan-avropa-platformasi-kommunizm-uzerinden-nurnberg-2-teskil-etuv-yolunda-birinci-adimni-atti\/#primaryimage"},"image":{"@id":"https:\/\/qtmm.org\/qt\/hatira-ve-vicdan-avropa-platformasi-kommunizm-uzerinden-nurnberg-2-teskil-etuv-yolunda-birinci-adimni-atti\/#primaryimage"},"thumbnailUrl":"http:\/\/qtmm.org\/wp-content\/uploads\/2022\/01\/reader_book.jpeg","datePublished":"2013-06-25T10:51:00+00:00","dateModified":"2022-01-25T10:54:09+00:00","breadcrumb":{"@id":"https:\/\/qtmm.org\/qt\/hatira-ve-vicdan-avropa-platformasi-kommunizm-uzerinden-nurnberg-2-teskil-etuv-yolunda-birinci-adimni-atti\/#breadcrumb"},"inLanguage":"qt","potentialAction":[{"@type":"ReadAction","target":["https:\/\/qtmm.org\/qt\/hatira-ve-vicdan-avropa-platformasi-kommunizm-uzerinden-nurnberg-2-teskil-etuv-yolunda-birinci-adimni-atti\/"]}]},{"@type":"ImageObject","inLanguage":"qt","@id":"https:\/\/qtmm.org\/qt\/hatira-ve-vicdan-avropa-platformasi-kommunizm-uzerinden-nurnberg-2-teskil-etuv-yolunda-birinci-adimni-atti\/#primaryimage","url":"http:\/\/qtmm.org\/wp-content\/uploads\/2022\/01\/reader_book.jpeg","contentUrl":"http:\/\/qtmm.org\/wp-content\/uploads\/2022\/01\/reader_book.jpeg"},{"@type":"BreadcrumbList","@id":"https:\/\/qtmm.org\/qt\/hatira-ve-vicdan-avropa-platformasi-kommunizm-uzerinden-nurnberg-2-teskil-etuv-yolunda-birinci-adimni-atti\/#breadcrumb","itemListElement":[{"@type":"ListItem","position":1,"name":"\u0413\u043e\u043b\u043e\u0432\u043d\u0430","item":"https:\/\/qtmm.org\/qt\/"},{"@type":"ListItem","position":2,"name":"Hat\u0131ra ve Vicdan Avropa platformas\u0131 kommunizm \u00fczerinden N\u00fcrnberg-2 te\u015fkil et\u00fcv yolunda birinci ad\u0131mn\u0131 att\u0131"}]},{"@type":"WebSite","@id":"https:\/\/qtmm.org\/qt\/#website","url":"https:\/\/qtmm.org\/qt\/","name":"\u041c\u0435\u0434\u0436\u043b\u0456\u0441","description":"","publisher":{"@id":"https:\/\/qtmm.org\/qt\/#organization"},"potentialAction":[{"@type":"SearchAction","target":{"@type":"EntryPoint","urlTemplate":"https:\/\/qtmm.org\/qt\/?s={search_term_string}"},"query-input":{"@type":"PropertyValueSpecification","valueRequired":true,"valueName":"search_term_string"}}],"inLanguage":"qt"},{"@type":"Organization","@id":"https:\/\/qtmm.org\/qt\/#organization","name":"\u041c\u0435\u0434\u0436\u043b\u0456\u0441","url":"https:\/\/qtmm.org\/qt\/","logo":{"@type":"ImageObject","inLanguage":"qt","@id":"https:\/\/qtmm.org\/qt\/#\/schema\/logo\/image\/","url":"https:\/\/qtmm.org\/wp-content\/uploads\/2024\/12\/ua-mejlis-logo-rgb.svg","contentUrl":"https:\/\/qtmm.org\/wp-content\/uploads\/2024\/12\/ua-mejlis-logo-rgb.svg","caption":"\u041c\u0435\u0434\u0436\u043b\u0456\u0441"},"image":{"@id":"https:\/\/qtmm.org\/qt\/#\/schema\/logo\/image\/"},"sameAs":["https:\/\/www.facebook.com\/qtmm.info\/"]},{"@type":"Person","@id":"https:\/\/qtmm.org\/qt\/#\/schema\/person\/de562469f971dec226ac06e60bbf74a7","name":"Developer","image":{"@type":"ImageObject","inLanguage":"qt","@id":"https:\/\/secure.gravatar.com\/avatar\/392b4cc8fbfeb00b39dfeeab4ee6edded39ffd48e25858637e4765810300227e?s=96&d=mm&r=g","url":"https:\/\/secure.gravatar.com\/avatar\/392b4cc8fbfeb00b39dfeeab4ee6edded39ffd48e25858637e4765810300227e?s=96&d=mm&r=g","contentUrl":"https:\/\/secure.gravatar.com\/avatar\/392b4cc8fbfeb00b39dfeeab4ee6edded39ffd48e25858637e4765810300227e?s=96&d=mm&r=g","caption":"Developer"},"url":"https:\/\/qtmm.org\/qt\/author\/Developer\/"}]}},"_links":{"self":[{"href":"https:\/\/qtmm.org\/qt\/wp-json\/wp\/v2\/posts\/38203","targetHints":{"allow":["GET"]}}],"collection":[{"href":"https:\/\/qtmm.org\/qt\/wp-json\/wp\/v2\/posts"}],"about":[{"href":"https:\/\/qtmm.org\/qt\/wp-json\/wp\/v2\/types\/post"}],"author":[{"embeddable":true,"href":"https:\/\/qtmm.org\/qt\/wp-json\/wp\/v2\/users\/1"}],"replies":[{"embeddable":true,"href":"https:\/\/qtmm.org\/qt\/wp-json\/wp\/v2\/comments?post=38203"}],"version-history":[{"count":1,"href":"https:\/\/qtmm.org\/qt\/wp-json\/wp\/v2\/posts\/38203\/revisions"}],"predecessor-version":[{"id":38208,"href":"https:\/\/qtmm.org\/qt\/wp-json\/wp\/v2\/posts\/38203\/revisions\/38208"}],"wp:attachment":[{"href":"https:\/\/qtmm.org\/qt\/wp-json\/wp\/v2\/media?parent=38203"}],"wp:term":[{"taxonomy":"category","embeddable":true,"href":"https:\/\/qtmm.org\/qt\/wp-json\/wp\/v2\/categories?post=38203"},{"taxonomy":"post_tag","embeddable":true,"href":"https:\/\/qtmm.org\/qt\/wp-json\/wp\/v2\/tags?post=38203"}],"curies":[{"name":"wp","href":"https:\/\/api.w.org\/{rel}","templated":true}]}}