




{"id":38177,"date":"2013-06-25T12:00:00","date_gmt":"2013-06-25T09:00:00","guid":{"rendered":"http:\/\/qtmm.org\/?p=38177"},"modified":"2022-01-25T12:10:41","modified_gmt":"2022-01-25T09:10:41","slug":"aleksandr-lavut-qirimtatar-halqinin-sadiq-dostu","status":"publish","type":"post","link":"https:\/\/qtmm.org\/qt\/aleksandr-lavut-qirimtatar-halqinin-sadiq-dostu\/","title":{"rendered":"Aleksandr Lavut \u2013 q\u0131r\u0131mtatar halq\u0131n\u0131\u00f1 sad\u0131q dostu"},"content":{"rendered":"\n<p>2013 senesi iy\u00fcn 23 k\u00fcn\u00fc Moskvada belli uquqqoruy\u0131c\u0131, sovet dissidenti, &#8220;Memorial&#8221; uquqqoruv merkezi ke\u00f1e\u015fini\u00f1 azas\u0131 84 ya\u015fl\u0131 Aleksandr Lavut vefat etti.<\/p>\n\n\n\n<p>Aleksandr Lavut q\u0131r\u0131mtatar halq\u0131n\u0131\u00f1 minnetdar hat\u0131ras\u0131nda insan ve halqlarn\u0131\u00f1 aqlar\u0131 i\u00e7\u00fcn ces\u00fcr k\u00fcre\u015f\u00e7i olaraq ebediy qalacaq.<\/p>\n\n\n\n<p>60-nc\u0131 senelerni\u00f1 so\u00f1undan Aleksandr Lavut SSSRde dissident areketini\u00f1 faal i\u015ftirak\u00e7ilerinden biri, SSSRde insan aqlar\u0131n\u0131 qoruv boyunca te\u015febb\u00fcs\u00e7i gruppa\u011fa o, P.\u0130. Yakir, V.A. Krasin, T.M. Velikanova, N.YE. Gorbanevskaya, S.A. Kovalev, A.E. Levitin, Yu.A. Maltsev, G.S. Podyapolskiy, T.S. Hodorovi\u00e7,, A.A. Yakobson, V.YE B\u00f6risov, G.O. Altun\u00e2n, L.\u0130. Pl\u00fc\u015f\u00e7, M. Cemilev ile beraber kirdi ve areket etti.<\/p>\n\n\n\n<figure class=\"wp-block-image size-full\"><img loading=\"lazy\" decoding=\"async\" width=\"650\" height=\"365\" src=\"http:\/\/qtmm.org\/wp-content\/uploads\/2022\/01\/img_3906.jpeg\" alt=\"\" class=\"wp-image-38182\" srcset=\"https:\/\/qtmm.org\/wp-content\/uploads\/2022\/01\/img_3906.jpeg 650w, https:\/\/qtmm.org\/wp-content\/uploads\/2022\/01\/img_3906-300x168.jpeg 300w\" sizes=\"auto, (max-width: 650px) 100vw, 650px\" \/><\/figure>\n\n\n\n<p>Aleksandr Lavut q\u0131r\u0131mtatar halq\u0131n\u0131\u00f1 aqlar\u0131 i\u00e7\u00fcn de ces\u00fcrane k\u00fcre\u015fti. Q\u0131r\u0131mtatar halq\u0131n\u0131\u00f1 Vatan\u011fa qaytuv\u0131 i\u00e7\u00fcn k\u00fcre\u015fine ba\u011f\u0131\u015flan\u011fan &#8220;A\u011f\u0131mdaki vaqialar hronikas\u0131&#8221;n\u0131\u00f1 31-nci san\u0131n\u0131 o \u015fahsen bir kendisi az\u0131rlad\u0131. \u00d6z faaliyeti i\u00e7\u00fcn Aleksandr Lavut defalarca cezaland\u0131. 1980 senesi aprel 29 k\u00fcn\u00fc Aleksandr Lavut yaqalan\u0131p, Moskva \u015feer mahkemesi taraf\u0131ndan Rusiye Federatsiyas\u0131 Cinaiy Kodeksini\u00f1 1901 maddesi boyunca 3 y\u0131l\u011fa mahk\u00fcm etildi. &#8220;\u0130ftiral\u0131 uydurmalarda&#8221; \u00f6z\u00fcni su\u00e7l\u0131 dep tan\u0131mad\u0131, taqiqat vaqt\u0131nda i\u00e7 bir \u015fey aytmad\u0131.<\/p>\n\n\n\n<figure class=\"wp-block-image size-full\"><img loading=\"lazy\" decoding=\"async\" width=\"650\" height=\"380\" src=\"http:\/\/qtmm.org\/wp-content\/uploads\/2022\/01\/img_3576.jpeg\" alt=\"\" class=\"wp-image-38186\" srcset=\"https:\/\/qtmm.org\/wp-content\/uploads\/2022\/01\/img_3576.jpeg 650w, https:\/\/qtmm.org\/wp-content\/uploads\/2022\/01\/img_3576-300x175.jpeg 300w\" sizes=\"auto, (max-width: 650px) 100vw, 650px\" \/><\/figure>\n\n\n\n<p>Lagerde ceza \u00fck\u00fcmini\u00f1 bitmesine bir k\u00fcn qal\u011fanda (28.04.1983) ayn\u0131 \u015fu madde boyunca Habarovsk \u015feer mahkemesini\u00f1 qarar\u0131 ile &#8220;mahb\u00fcsler aras\u0131nda iftira tarqatqan\u0131 i\u00e7\u00fcn&#8221; tekrar 5 y\u0131l\u011fa \u00fck\u00fcm etildi. Ceza m\u00fcddetini Habarovsk \u00fclkesinde \u00f6dedi.<\/p>\n\n\n\n<p>Moskva\u011fa qaytqan so\u00f1 (1986 senesi dekabr) uquqqoruv faaliyetini devam ettirip, q\u0131r\u0131mtatar halq\u0131n\u0131\u00f1 areketinde kene aktiv i\u015ftirak etti. Defalarca Q\u0131r\u0131mn\u0131 ziyaret etip, Qurultayn\u0131\u00f1 sessiyalar\u0131nda \u00fcrmetli musafirler s\u0131ras\u0131nda bulund\u0131.<\/p>\n\n\n\n<figure class=\"wp-block-image size-full\"><img loading=\"lazy\" decoding=\"async\" width=\"650\" height=\"422\" src=\"http:\/\/qtmm.org\/wp-content\/uploads\/2022\/01\/img_3822.jpeg\" alt=\"\" class=\"wp-image-38190\" srcset=\"https:\/\/qtmm.org\/wp-content\/uploads\/2022\/01\/img_3822.jpeg 650w, https:\/\/qtmm.org\/wp-content\/uploads\/2022\/01\/img_3822-300x195.jpeg 300w\" sizes=\"auto, (max-width: 650px) 100vw, 650px\" \/><\/figure>\n\n\n\n<p>2012 senesi may\u0131s 18 k\u00fcn\u00fc SSSRde uquqqoruv areketi boyunca meslekde\u015flerinen beraber B\u00fct\u00fcnq\u0131r\u0131m matem mitinginde qat\u0131ld\u0131. Ve Q\u0131r\u0131m uqukqoruy\u0131c\u0131lar forum\u0131n\u0131\u00f1 quruc\u0131lar\u0131ndan biri old\u0131.<\/p>\n\n\n\n<p>\u00d6m\u00fcrini\u00f1 so\u00f1ki k\u00fcnlerine qadar Aleksandr Lavut &#8220;Memorial&#8221; merkezini\u00f1 i\u015fi i\u00e7inde edi.<\/p>\n\n\n\n<figure class=\"wp-block-image size-full\"><img loading=\"lazy\" decoding=\"async\" width=\"650\" height=\"318\" src=\"http:\/\/qtmm.org\/wp-content\/uploads\/2022\/01\/img_1159.jpeg\" alt=\"\" class=\"wp-image-38194\" srcset=\"https:\/\/qtmm.org\/wp-content\/uploads\/2022\/01\/img_1159.jpeg 650w, https:\/\/qtmm.org\/wp-content\/uploads\/2022\/01\/img_1159-300x147.jpeg 300w\" sizes=\"auto, (max-width: 650px) 100vw, 650px\" \/><\/figure>\n\n\n\n<p>Q\u0131r\u0131mtatar halq\u0131n\u0131\u00f1 Meclisi Aleksandr Lavutn\u0131\u00f1 aqrabalar\u0131, yaq\u0131nlar\u0131, meslekde\u015fleri ve dostlar\u0131na bu yan\u0131q munasebetinen teren taziyesini bildirip, ba\u015f sa\u011fl\u0131\u011f\u0131 tiley.<\/p>\n\n\n\n<p>Aleksandr Pavlovi\u00e7 Lavutn\u0131\u00f1 ad\u0131 q\u0131r\u0131mtatar halq\u0131n\u0131\u00f1 minnetdar hat\u0131ras\u0131nda ebediy saqlan\u0131p qal\u0131r.<\/p>\n\n\n\n<p class=\"has-text-align-right\"><em><strong>Q\u0131r\u0131mtatar Milliy Meclisi<\/strong><\/em><\/p>\n\n\n\n<p class=\"has-text-align-right\"><strong><em>2013 senesi iy\u00fcn 24 k\u00fcn\u00fc<\/em><\/strong><\/p>\n\n\n\n<figure class=\"wp-block-image size-full\"><img loading=\"lazy\" decoding=\"async\" width=\"650\" height=\"1024\" src=\"http:\/\/qtmm.org\/wp-content\/uploads\/2022\/01\/img_3582.jpeg\" alt=\"\" class=\"wp-image-38198\" srcset=\"https:\/\/qtmm.org\/wp-content\/uploads\/2022\/01\/img_3582.jpeg 650w, https:\/\/qtmm.org\/wp-content\/uploads\/2022\/01\/img_3582-190x300.jpeg 190w\" sizes=\"auto, (max-width: 650px) 100vw, 650px\" \/><\/figure>\n","protected":false},"excerpt":{"rendered":"<p>2013 senesi iy\u00fcn 23 k\u00fcn\u00fc Moskvada belli uquqqoruy\u0131c\u0131, sovet dissidenti, &#8220;Memorial&#8221; uquqqoruv merkezi ke\u00f1e\u015fini\u00f1 azas\u0131 84 ya\u015fl\u0131 Aleksandr Lavut vefat etti. Aleksandr Lavut q\u0131r\u0131mtatar halq\u0131n\u0131\u00f1 minnetdar hat\u0131ras\u0131nda insan ve halqlarn\u0131\u00f1 aqlar\u0131 i\u00e7\u00fcn ces\u00fcr k\u00fcre\u015f\u00e7i olaraq ebediy qalacaq. 60-nc\u0131 senelerni\u00f1 so\u00f1undan Aleksandr Lavut SSSRde dissident areketini\u00f1 faal i\u015ftirak\u00e7ilerinden biri, SSSRde insan aqlar\u0131n\u0131 qoruv boyunca te\u015febb\u00fcs\u00e7i gruppa\u011fa [&hellip;]<\/p>\n","protected":false},"author":1,"featured_media":38178,"comment_status":"open","ping_status":"open","sticky":false,"template":"","format":"standard","meta":{"inline_featured_image":false,"footnotes":""},"categories":[265],"tags":[],"class_list":["post-38177","post","type-post","status-publish","format-standard","has-post-thumbnail","hentry","category-haberler"],"acf":[],"yoast_head":"<!-- This site is optimized with the Yoast SEO plugin v27.4 - https:\/\/yoast.com\/product\/yoast-seo-wordpress\/ -->\n<title>Aleksandr Lavut \u2013 q\u0131r\u0131mtatar halq\u0131n\u0131\u00f1 sad\u0131q dostu - \u041c\u0435\u0434\u0436\u043b\u0456\u0441<\/title>\n<meta name=\"robots\" content=\"index, follow, max-snippet:-1, max-image-preview:large, max-video-preview:-1\" \/>\n<link rel=\"canonical\" href=\"https:\/\/qtmm.org\/qt\/aleksandr-lavut-qirimtatar-halqinin-sadiq-dostu\/\" \/>\n<meta property=\"og:locale\" content=\"en_US\" \/>\n<meta property=\"og:type\" content=\"article\" \/>\n<meta property=\"og:title\" content=\"Aleksandr Lavut \u2013 q\u0131r\u0131mtatar halq\u0131n\u0131\u00f1 sad\u0131q dostu - \u041c\u0435\u0434\u0436\u043b\u0456\u0441\" \/>\n<meta property=\"og:description\" content=\"2013 senesi iy\u00fcn 23 k\u00fcn\u00fc Moskvada belli uquqqoruy\u0131c\u0131, sovet dissidenti, &#8220;Memorial&#8221; uquqqoruv merkezi ke\u00f1e\u015fini\u00f1 azas\u0131 84 ya\u015fl\u0131 Aleksandr Lavut vefat etti. Aleksandr Lavut q\u0131r\u0131mtatar halq\u0131n\u0131\u00f1 minnetdar hat\u0131ras\u0131nda insan ve halqlarn\u0131\u00f1 aqlar\u0131 i\u00e7\u00fcn ces\u00fcr k\u00fcre\u015f\u00e7i olaraq ebediy qalacaq. 60-nc\u0131 senelerni\u00f1 so\u00f1undan Aleksandr Lavut SSSRde dissident areketini\u00f1 faal i\u015ftirak\u00e7ilerinden biri, SSSRde insan aqlar\u0131n\u0131 qoruv boyunca te\u015febb\u00fcs\u00e7i gruppa\u011fa [&hellip;]\" \/>\n<meta property=\"og:url\" content=\"https:\/\/qtmm.org\/qt\/aleksandr-lavut-qirimtatar-halqinin-sadiq-dostu\/\" \/>\n<meta property=\"og:site_name\" content=\"\u041c\u0435\u0434\u0436\u043b\u0456\u0441\" \/>\n<meta property=\"article:publisher\" content=\"https:\/\/www.facebook.com\/qtmm.info\/\" \/>\n<meta property=\"article:published_time\" content=\"2013-06-25T09:00:00+00:00\" \/>\n<meta property=\"article:modified_time\" content=\"2022-01-25T09:10:41+00:00\" \/>\n<meta property=\"og:image\" content=\"https:\/\/qtmm.org\/wp-content\/uploads\/2022\/01\/img_3925.jpeg\" \/>\n\t<meta property=\"og:image:width\" content=\"650\" \/>\n\t<meta property=\"og:image:height\" content=\"400\" \/>\n\t<meta property=\"og:image:type\" content=\"image\/jpeg\" \/>\n<meta name=\"author\" content=\"Developer\" \/>\n<meta name=\"twitter:card\" content=\"summary_large_image\" \/>\n<meta name=\"twitter:label1\" content=\"Written by\" \/>\n\t<meta name=\"twitter:data1\" content=\"Developer\" \/>\n\t<meta name=\"twitter:label2\" content=\"Est. reading time\" \/>\n\t<meta name=\"twitter:data2\" content=\"2 minutes\" \/>\n<script type=\"application\/ld+json\" class=\"yoast-schema-graph\">{\"@context\":\"https:\\\/\\\/schema.org\",\"@graph\":[{\"@type\":\"Article\",\"@id\":\"https:\\\/\\\/qtmm.org\\\/qt\\\/aleksandr-lavut-qirimtatar-halqinin-sadiq-dostu\\\/#article\",\"isPartOf\":{\"@id\":\"https:\\\/\\\/qtmm.org\\\/qt\\\/aleksandr-lavut-qirimtatar-halqinin-sadiq-dostu\\\/\"},\"author\":{\"name\":\"Developer\",\"@id\":\"https:\\\/\\\/qtmm.org\\\/qt\\\/#\\\/schema\\\/person\\\/de562469f971dec226ac06e60bbf74a7\"},\"headline\":\"Aleksandr Lavut \u2013 q\u0131r\u0131mtatar halq\u0131n\u0131\u00f1 sad\u0131q dostu\",\"datePublished\":\"2013-06-25T09:00:00+00:00\",\"dateModified\":\"2022-01-25T09:10:41+00:00\",\"mainEntityOfPage\":{\"@id\":\"https:\\\/\\\/qtmm.org\\\/qt\\\/aleksandr-lavut-qirimtatar-halqinin-sadiq-dostu\\\/\"},\"wordCount\":410,\"commentCount\":0,\"publisher\":{\"@id\":\"https:\\\/\\\/qtmm.org\\\/qt\\\/#organization\"},\"image\":{\"@id\":\"https:\\\/\\\/qtmm.org\\\/qt\\\/aleksandr-lavut-qirimtatar-halqinin-sadiq-dostu\\\/#primaryimage\"},\"thumbnailUrl\":\"https:\\\/\\\/qtmm.org\\\/wp-content\\\/uploads\\\/2022\\\/01\\\/img_3925.jpeg\",\"articleSection\":[\"Haberler\"],\"inLanguage\":\"qt\",\"potentialAction\":[{\"@type\":\"CommentAction\",\"name\":\"Comment\",\"target\":[\"https:\\\/\\\/qtmm.org\\\/qt\\\/aleksandr-lavut-qirimtatar-halqinin-sadiq-dostu\\\/#respond\"]}]},{\"@type\":\"WebPage\",\"@id\":\"https:\\\/\\\/qtmm.org\\\/qt\\\/aleksandr-lavut-qirimtatar-halqinin-sadiq-dostu\\\/\",\"url\":\"https:\\\/\\\/qtmm.org\\\/qt\\\/aleksandr-lavut-qirimtatar-halqinin-sadiq-dostu\\\/\",\"name\":\"Aleksandr Lavut \u2013 q\u0131r\u0131mtatar halq\u0131n\u0131\u00f1 sad\u0131q dostu - \u041c\u0435\u0434\u0436\u043b\u0456\u0441\",\"isPartOf\":{\"@id\":\"https:\\\/\\\/qtmm.org\\\/qt\\\/#website\"},\"primaryImageOfPage\":{\"@id\":\"https:\\\/\\\/qtmm.org\\\/qt\\\/aleksandr-lavut-qirimtatar-halqinin-sadiq-dostu\\\/#primaryimage\"},\"image\":{\"@id\":\"https:\\\/\\\/qtmm.org\\\/qt\\\/aleksandr-lavut-qirimtatar-halqinin-sadiq-dostu\\\/#primaryimage\"},\"thumbnailUrl\":\"https:\\\/\\\/qtmm.org\\\/wp-content\\\/uploads\\\/2022\\\/01\\\/img_3925.jpeg\",\"datePublished\":\"2013-06-25T09:00:00+00:00\",\"dateModified\":\"2022-01-25T09:10:41+00:00\",\"breadcrumb\":{\"@id\":\"https:\\\/\\\/qtmm.org\\\/qt\\\/aleksandr-lavut-qirimtatar-halqinin-sadiq-dostu\\\/#breadcrumb\"},\"inLanguage\":\"qt\",\"potentialAction\":[{\"@type\":\"ReadAction\",\"target\":[\"https:\\\/\\\/qtmm.org\\\/qt\\\/aleksandr-lavut-qirimtatar-halqinin-sadiq-dostu\\\/\"]}]},{\"@type\":\"ImageObject\",\"inLanguage\":\"qt\",\"@id\":\"https:\\\/\\\/qtmm.org\\\/qt\\\/aleksandr-lavut-qirimtatar-halqinin-sadiq-dostu\\\/#primaryimage\",\"url\":\"https:\\\/\\\/qtmm.org\\\/wp-content\\\/uploads\\\/2022\\\/01\\\/img_3925.jpeg\",\"contentUrl\":\"https:\\\/\\\/qtmm.org\\\/wp-content\\\/uploads\\\/2022\\\/01\\\/img_3925.jpeg\",\"width\":650,\"height\":400},{\"@type\":\"BreadcrumbList\",\"@id\":\"https:\\\/\\\/qtmm.org\\\/qt\\\/aleksandr-lavut-qirimtatar-halqinin-sadiq-dostu\\\/#breadcrumb\",\"itemListElement\":[{\"@type\":\"ListItem\",\"position\":1,\"name\":\"\u0413\u043e\u043b\u043e\u0432\u043d\u0430\",\"item\":\"https:\\\/\\\/qtmm.org\\\/qt\\\/\"},{\"@type\":\"ListItem\",\"position\":2,\"name\":\"Aleksandr Lavut \u2013 q\u0131r\u0131mtatar halq\u0131n\u0131\u00f1 sad\u0131q dostu\"}]},{\"@type\":\"WebSite\",\"@id\":\"https:\\\/\\\/qtmm.org\\\/qt\\\/#website\",\"url\":\"https:\\\/\\\/qtmm.org\\\/qt\\\/\",\"name\":\"\u041c\u0435\u0434\u0436\u043b\u0456\u0441\",\"description\":\"\",\"publisher\":{\"@id\":\"https:\\\/\\\/qtmm.org\\\/qt\\\/#organization\"},\"potentialAction\":[{\"@type\":\"SearchAction\",\"target\":{\"@type\":\"EntryPoint\",\"urlTemplate\":\"https:\\\/\\\/qtmm.org\\\/qt\\\/?s={search_term_string}\"},\"query-input\":{\"@type\":\"PropertyValueSpecification\",\"valueRequired\":true,\"valueName\":\"search_term_string\"}}],\"inLanguage\":\"qt\"},{\"@type\":\"Organization\",\"@id\":\"https:\\\/\\\/qtmm.org\\\/qt\\\/#organization\",\"name\":\"\u041c\u0435\u0434\u0436\u043b\u0456\u0441\",\"url\":\"https:\\\/\\\/qtmm.org\\\/qt\\\/\",\"logo\":{\"@type\":\"ImageObject\",\"inLanguage\":\"qt\",\"@id\":\"https:\\\/\\\/qtmm.org\\\/qt\\\/#\\\/schema\\\/logo\\\/image\\\/\",\"url\":\"https:\\\/\\\/qtmm.org\\\/wp-content\\\/uploads\\\/2024\\\/12\\\/ua-mejlis-logo-rgb.svg\",\"contentUrl\":\"https:\\\/\\\/qtmm.org\\\/wp-content\\\/uploads\\\/2024\\\/12\\\/ua-mejlis-logo-rgb.svg\",\"caption\":\"\u041c\u0435\u0434\u0436\u043b\u0456\u0441\"},\"image\":{\"@id\":\"https:\\\/\\\/qtmm.org\\\/qt\\\/#\\\/schema\\\/logo\\\/image\\\/\"},\"sameAs\":[\"https:\\\/\\\/www.facebook.com\\\/qtmm.info\\\/\"]},{\"@type\":\"Person\",\"@id\":\"https:\\\/\\\/qtmm.org\\\/qt\\\/#\\\/schema\\\/person\\\/de562469f971dec226ac06e60bbf74a7\",\"name\":\"Developer\",\"image\":{\"@type\":\"ImageObject\",\"inLanguage\":\"qt\",\"@id\":\"https:\\\/\\\/secure.gravatar.com\\\/avatar\\\/392b4cc8fbfeb00b39dfeeab4ee6edded39ffd48e25858637e4765810300227e?s=96&d=mm&r=g\",\"url\":\"https:\\\/\\\/secure.gravatar.com\\\/avatar\\\/392b4cc8fbfeb00b39dfeeab4ee6edded39ffd48e25858637e4765810300227e?s=96&d=mm&r=g\",\"contentUrl\":\"https:\\\/\\\/secure.gravatar.com\\\/avatar\\\/392b4cc8fbfeb00b39dfeeab4ee6edded39ffd48e25858637e4765810300227e?s=96&d=mm&r=g\",\"caption\":\"Developer\"},\"url\":\"https:\\\/\\\/qtmm.org\\\/qt\\\/author\\\/Developer\\\/\"}]}<\/script>\n<!-- \/ Yoast SEO plugin. -->","yoast_head_json":{"title":"Aleksandr Lavut \u2013 q\u0131r\u0131mtatar halq\u0131n\u0131\u00f1 sad\u0131q dostu - \u041c\u0435\u0434\u0436\u043b\u0456\u0441","robots":{"index":"index","follow":"follow","max-snippet":"max-snippet:-1","max-image-preview":"max-image-preview:large","max-video-preview":"max-video-preview:-1"},"canonical":"https:\/\/qtmm.org\/qt\/aleksandr-lavut-qirimtatar-halqinin-sadiq-dostu\/","og_locale":"en_US","og_type":"article","og_title":"Aleksandr Lavut \u2013 q\u0131r\u0131mtatar halq\u0131n\u0131\u00f1 sad\u0131q dostu - \u041c\u0435\u0434\u0436\u043b\u0456\u0441","og_description":"2013 senesi iy\u00fcn 23 k\u00fcn\u00fc Moskvada belli uquqqoruy\u0131c\u0131, sovet dissidenti, &#8220;Memorial&#8221; uquqqoruv merkezi ke\u00f1e\u015fini\u00f1 azas\u0131 84 ya\u015fl\u0131 Aleksandr Lavut vefat etti. Aleksandr Lavut q\u0131r\u0131mtatar halq\u0131n\u0131\u00f1 minnetdar hat\u0131ras\u0131nda insan ve halqlarn\u0131\u00f1 aqlar\u0131 i\u00e7\u00fcn ces\u00fcr k\u00fcre\u015f\u00e7i olaraq ebediy qalacaq. 60-nc\u0131 senelerni\u00f1 so\u00f1undan Aleksandr Lavut SSSRde dissident areketini\u00f1 faal i\u015ftirak\u00e7ilerinden biri, SSSRde insan aqlar\u0131n\u0131 qoruv boyunca te\u015febb\u00fcs\u00e7i gruppa\u011fa [&hellip;]","og_url":"https:\/\/qtmm.org\/qt\/aleksandr-lavut-qirimtatar-halqinin-sadiq-dostu\/","og_site_name":"\u041c\u0435\u0434\u0436\u043b\u0456\u0441","article_publisher":"https:\/\/www.facebook.com\/qtmm.info\/","article_published_time":"2013-06-25T09:00:00+00:00","article_modified_time":"2022-01-25T09:10:41+00:00","og_image":[{"width":650,"height":400,"url":"https:\/\/qtmm.org\/wp-content\/uploads\/2022\/01\/img_3925.jpeg","type":"image\/jpeg"}],"author":"Developer","twitter_card":"summary_large_image","twitter_misc":{"Written by":"Developer","Est. reading time":"2 minutes"},"schema":{"@context":"https:\/\/schema.org","@graph":[{"@type":"Article","@id":"https:\/\/qtmm.org\/qt\/aleksandr-lavut-qirimtatar-halqinin-sadiq-dostu\/#article","isPartOf":{"@id":"https:\/\/qtmm.org\/qt\/aleksandr-lavut-qirimtatar-halqinin-sadiq-dostu\/"},"author":{"name":"Developer","@id":"https:\/\/qtmm.org\/qt\/#\/schema\/person\/de562469f971dec226ac06e60bbf74a7"},"headline":"Aleksandr Lavut \u2013 q\u0131r\u0131mtatar halq\u0131n\u0131\u00f1 sad\u0131q dostu","datePublished":"2013-06-25T09:00:00+00:00","dateModified":"2022-01-25T09:10:41+00:00","mainEntityOfPage":{"@id":"https:\/\/qtmm.org\/qt\/aleksandr-lavut-qirimtatar-halqinin-sadiq-dostu\/"},"wordCount":410,"commentCount":0,"publisher":{"@id":"https:\/\/qtmm.org\/qt\/#organization"},"image":{"@id":"https:\/\/qtmm.org\/qt\/aleksandr-lavut-qirimtatar-halqinin-sadiq-dostu\/#primaryimage"},"thumbnailUrl":"https:\/\/qtmm.org\/wp-content\/uploads\/2022\/01\/img_3925.jpeg","articleSection":["Haberler"],"inLanguage":"qt","potentialAction":[{"@type":"CommentAction","name":"Comment","target":["https:\/\/qtmm.org\/qt\/aleksandr-lavut-qirimtatar-halqinin-sadiq-dostu\/#respond"]}]},{"@type":"WebPage","@id":"https:\/\/qtmm.org\/qt\/aleksandr-lavut-qirimtatar-halqinin-sadiq-dostu\/","url":"https:\/\/qtmm.org\/qt\/aleksandr-lavut-qirimtatar-halqinin-sadiq-dostu\/","name":"Aleksandr Lavut \u2013 q\u0131r\u0131mtatar halq\u0131n\u0131\u00f1 sad\u0131q dostu - \u041c\u0435\u0434\u0436\u043b\u0456\u0441","isPartOf":{"@id":"https:\/\/qtmm.org\/qt\/#website"},"primaryImageOfPage":{"@id":"https:\/\/qtmm.org\/qt\/aleksandr-lavut-qirimtatar-halqinin-sadiq-dostu\/#primaryimage"},"image":{"@id":"https:\/\/qtmm.org\/qt\/aleksandr-lavut-qirimtatar-halqinin-sadiq-dostu\/#primaryimage"},"thumbnailUrl":"https:\/\/qtmm.org\/wp-content\/uploads\/2022\/01\/img_3925.jpeg","datePublished":"2013-06-25T09:00:00+00:00","dateModified":"2022-01-25T09:10:41+00:00","breadcrumb":{"@id":"https:\/\/qtmm.org\/qt\/aleksandr-lavut-qirimtatar-halqinin-sadiq-dostu\/#breadcrumb"},"inLanguage":"qt","potentialAction":[{"@type":"ReadAction","target":["https:\/\/qtmm.org\/qt\/aleksandr-lavut-qirimtatar-halqinin-sadiq-dostu\/"]}]},{"@type":"ImageObject","inLanguage":"qt","@id":"https:\/\/qtmm.org\/qt\/aleksandr-lavut-qirimtatar-halqinin-sadiq-dostu\/#primaryimage","url":"https:\/\/qtmm.org\/wp-content\/uploads\/2022\/01\/img_3925.jpeg","contentUrl":"https:\/\/qtmm.org\/wp-content\/uploads\/2022\/01\/img_3925.jpeg","width":650,"height":400},{"@type":"BreadcrumbList","@id":"https:\/\/qtmm.org\/qt\/aleksandr-lavut-qirimtatar-halqinin-sadiq-dostu\/#breadcrumb","itemListElement":[{"@type":"ListItem","position":1,"name":"\u0413\u043e\u043b\u043e\u0432\u043d\u0430","item":"https:\/\/qtmm.org\/qt\/"},{"@type":"ListItem","position":2,"name":"Aleksandr Lavut \u2013 q\u0131r\u0131mtatar halq\u0131n\u0131\u00f1 sad\u0131q dostu"}]},{"@type":"WebSite","@id":"https:\/\/qtmm.org\/qt\/#website","url":"https:\/\/qtmm.org\/qt\/","name":"\u041c\u0435\u0434\u0436\u043b\u0456\u0441","description":"","publisher":{"@id":"https:\/\/qtmm.org\/qt\/#organization"},"potentialAction":[{"@type":"SearchAction","target":{"@type":"EntryPoint","urlTemplate":"https:\/\/qtmm.org\/qt\/?s={search_term_string}"},"query-input":{"@type":"PropertyValueSpecification","valueRequired":true,"valueName":"search_term_string"}}],"inLanguage":"qt"},{"@type":"Organization","@id":"https:\/\/qtmm.org\/qt\/#organization","name":"\u041c\u0435\u0434\u0436\u043b\u0456\u0441","url":"https:\/\/qtmm.org\/qt\/","logo":{"@type":"ImageObject","inLanguage":"qt","@id":"https:\/\/qtmm.org\/qt\/#\/schema\/logo\/image\/","url":"https:\/\/qtmm.org\/wp-content\/uploads\/2024\/12\/ua-mejlis-logo-rgb.svg","contentUrl":"https:\/\/qtmm.org\/wp-content\/uploads\/2024\/12\/ua-mejlis-logo-rgb.svg","caption":"\u041c\u0435\u0434\u0436\u043b\u0456\u0441"},"image":{"@id":"https:\/\/qtmm.org\/qt\/#\/schema\/logo\/image\/"},"sameAs":["https:\/\/www.facebook.com\/qtmm.info\/"]},{"@type":"Person","@id":"https:\/\/qtmm.org\/qt\/#\/schema\/person\/de562469f971dec226ac06e60bbf74a7","name":"Developer","image":{"@type":"ImageObject","inLanguage":"qt","@id":"https:\/\/secure.gravatar.com\/avatar\/392b4cc8fbfeb00b39dfeeab4ee6edded39ffd48e25858637e4765810300227e?s=96&d=mm&r=g","url":"https:\/\/secure.gravatar.com\/avatar\/392b4cc8fbfeb00b39dfeeab4ee6edded39ffd48e25858637e4765810300227e?s=96&d=mm&r=g","contentUrl":"https:\/\/secure.gravatar.com\/avatar\/392b4cc8fbfeb00b39dfeeab4ee6edded39ffd48e25858637e4765810300227e?s=96&d=mm&r=g","caption":"Developer"},"url":"https:\/\/qtmm.org\/qt\/author\/Developer\/"}]}},"_links":{"self":[{"href":"https:\/\/qtmm.org\/qt\/wp-json\/wp\/v2\/posts\/38177","targetHints":{"allow":["GET"]}}],"collection":[{"href":"https:\/\/qtmm.org\/qt\/wp-json\/wp\/v2\/posts"}],"about":[{"href":"https:\/\/qtmm.org\/qt\/wp-json\/wp\/v2\/types\/post"}],"author":[{"embeddable":true,"href":"https:\/\/qtmm.org\/qt\/wp-json\/wp\/v2\/users\/1"}],"replies":[{"embeddable":true,"href":"https:\/\/qtmm.org\/qt\/wp-json\/wp\/v2\/comments?post=38177"}],"version-history":[{"count":1,"href":"https:\/\/qtmm.org\/qt\/wp-json\/wp\/v2\/posts\/38177\/revisions"}],"predecessor-version":[{"id":38202,"href":"https:\/\/qtmm.org\/qt\/wp-json\/wp\/v2\/posts\/38177\/revisions\/38202"}],"wp:featuredmedia":[{"embeddable":true,"href":"https:\/\/qtmm.org\/qt\/wp-json\/wp\/v2\/media\/38178"}],"wp:attachment":[{"href":"https:\/\/qtmm.org\/qt\/wp-json\/wp\/v2\/media?parent=38177"}],"wp:term":[{"taxonomy":"category","embeddable":true,"href":"https:\/\/qtmm.org\/qt\/wp-json\/wp\/v2\/categories?post=38177"},{"taxonomy":"post_tag","embeddable":true,"href":"https:\/\/qtmm.org\/qt\/wp-json\/wp\/v2\/tags?post=38177"}],"curies":[{"name":"wp","href":"https:\/\/api.w.org\/{rel}","templated":true}]}}