




{"id":38175,"date":"2013-06-21T00:44:00","date_gmt":"2013-06-20T21:44:00","guid":{"rendered":"http:\/\/qtmm.org\/?p=38175"},"modified":"2022-01-24T00:45:36","modified_gmt":"2022-01-23T21:45:36","slug":"refat-cubarov-qirim-ormanlarinda-kezinti-icun-para-alinganina-qarsi","status":"publish","type":"post","link":"https:\/\/qtmm.org\/qt\/refat-cubarov-qirim-ormanlarinda-kezinti-icun-para-alinganina-qarsi\/","title":{"rendered":"Refat \u00c7ubarov Q\u0131r\u0131m ormanlar\u0131nda kezinti i\u00e7\u00fcn para al\u0131n\u011fan\u0131na qar\u015f\u0131"},"content":{"rendered":"\n<p>Q\u0131r\u0131m Yuqar\u0131 \u015euras\u0131n\u0131\u00f1 deputat\u0131, Meclis reisini\u00f1 birinci muavini Refat \u00c7ubarov Q\u0131r\u0131m ormanlar\u0131n\u0131\u00f1 &#8220;\u015fifal\u0131 hususiyetlerinden faydalanmaq i\u00e7\u00fcn&#8221; fiyat qoyul\u011fan\u0131n\u0131 tenqid etti.<br><br>\u00d6z fikirini deputat Q\u0131r\u0131m Yuqar\u0131 \u015euras\u0131n\u0131\u00f1 iy\u00fcn 21-de ol\u0131p ke\u00e7ken topla\u015fuv\u0131nda &#8220;Ekinci dereceli orman malzemelerinden, ormann\u0131\u00f1 faydal\u0131 hususiyetlerinden qullanmaq i\u00e7\u00fcn mahsus fiyatlar belgilemek aqq\u0131nda&#8221; meselesi muzakere etilgende seslendirdi.<\/p>\n\n\n\n<p>&#8220;Bizim \u00fck\u00fcmetimiz cemaatn\u0131 taac\u00fcplendirmekten bezmey, bir betmen elinde &#8220;bolgarka&#8221; ile \u00e7apqalap, qanuns\u0131z qoyul\u011fan tosuqlarn\u0131 kesken zamanda, ekincisi kene de qanuns\u0131z qurul\u011fan binalarn\u0131 buldozernen tegizley, \u00fc\u00e7\u00fcncisi ise \u015fu ekisi i\u015fsiz qalmamas\u0131n\u0131 teminlegen qararn\u0131 qabul etmekni teklif ete, &#8211; dedi deputat Q\u0131r\u0131m parlamenti minberinden \u00e7\u0131q\u0131\u015fta bulun\u0131rken. \u2013 Qarar daa qabul etilmeden endi bu mehanizmni amelge ke\u00e7irmek areketleri Ba\u011f\u00e7asaray rayon\u0131nda yap\u0131ld\u0131. Endi bir tasavur eti\u00f1iz, yollar\u0131 orman i\u00e7inden ke\u00e7ken k\u00f6y sakinleri evlerine nas\u0131l qatnaycaqlar. Zan\u0131mca, so\u00f1ki vaq\u0131tta bu leyhalarn\u0131 az\u0131rla\u011fanlar para toplamaqn\u0131\u00f1 ya\u00f1\u0131 yollar\u0131 ve usullar\u0131n\u0131 ara\u015ft\u0131ruvnen me\u015f\u011fuller. Amma nas\u0131l para ve qaydan al\u0131naca\u011f\u0131 a\u00f1la\u015f\u0131lmay. Biz bug\u00fcn daa ya\u00f1\u0131, l\u00e2kin ne i\u015flernen o\u011fra\u015faca\u011f\u0131 bellisiz, cumhuriyet m\u00fcessiselerni\u00f1 a\u00e7\u0131lmas\u0131nen ba\u011fl\u0131 diger tekliflerni de baqacaqm\u0131z. Bu fiyatlar belgilengeni neticesinde 80000 grivn\u00e2 toplamaq k\u00f6zde tutula. Amma memurlar\u011fa ne qadar sarf etilecek, kim memurl\u0131q yapaca\u011f\u0131n\u0131 bizge s\u00f6ylemeyler. B\u00f6yle para i\u00e7\u00fcn mahsus qarar al\u0131naca\u011f\u0131n\u0131 tasavur eti\u00f1iz, so\u00f1ra kendi firmalar\u0131na bu para c\u0131yuvlarn\u0131 te\u015fkil etmek imk\u00e2n\u0131 berilecek. Rus tili pek zengin ve d\u00fclber til. Men bu qararn\u0131 oqurkenim, \u011fayet duy\u011fulanam. Nas\u0131l etip \u015fu vesiqa i\u015fleyicileri bizim diqqat\u0131m\u0131zn\u0131 \u00e7ette qald\u0131rmaq usul\u0131n\u0131 tapalar. Ya \u00f6z\u00fc\u00f1iz baq\u0131\u00f1\u0131z nege para almaq teklif etile: &#8220;ormann\u0131\u00f1 \u015fifal\u0131 hususiyetlerinden medeniy-sa\u011flamla\u015ft\u0131ruv, rekreatsion, sport, turistik ve tasil, terbiyeviy maqsadlarda ve ilmiy-ara\u015ft\u0131ruv i\u015flerini ke\u00e7ir\u00fcvde faydalanmaq i\u00e7\u00fcn&#8221;. Ormann\u0131\u00f1 \u015fifal\u0131 hususiyetlerinden faydalanmaq. Ya ne bu \u015fifal\u0131 hususiyetlerni Y\u00fcce Rabbimiz degil de, \u00fck\u00fcmet yaratt\u0131m\u0131 yoqsa? Endi nege ve ne qadar para al\u0131naca\u011f\u0131n\u0131 oqu\u00f1\u0131z: piyade ve ayaq ma\u015finas\u0131nda kezintiler i\u00e7\u00fcn. Deyik, yar\u0131n sizge yaq\u0131n aqaraba\u00f1\u0131z, ya da bir yaqtan musafir kele, siz ise orman\u011fa yaq\u0131n bir yerde ya\u015fays\u0131\u00f1\u0131z. Siz musafiri\u00f1iz ile beraber orman\u011fa bar\u0131p olamazs\u0131\u00f1\u0131z, \u00e7\u00fcnki on\u0131\u00f1 &#8220;\u015fifal\u0131 hususiyetlerinden faydalan\u011fan olurs\u0131\u00f1\u0131z&#8221;. Bu qararn\u0131 art\u0131q talil etmek istegim yoqt\u0131r. Amma istek ve imk\u00e2n old\u0131 ise, bir t\u00fc\u015f\u00fcnip baqay\u0131q da, cemaat\u0131m\u0131z\u011fa bu ne bere&#8221;.<\/p>\n\n\n\n<p>&#8220;Bun\u0131\u00f1 i\u00e7\u00fcn vaq\u0131t kerek, men menden evel seslendirilgen tekliflerge qo\u015fulam. L\u00fctfen bu qarar\u011fa qoltutma\u00f1\u0131z! On\u0131 red eti\u00f1iz, dep olamaz, albu ki b\u00f6yle yapma\u00f1\u0131z\u011fa \u00e7a\u011f\u0131r\u0131r edim.<\/p>\n\n\n\n<p>Amma b\u00f6yle i\u015f kerek, dep oylasa\u00f1\u0131z, \u00e7oqlar\u0131\u00f1\u0131z tasdiqlad\u0131\u011f\u0131\u00f1\u0131z \u015fu \u00fck\u00fcmetten talap eti\u00f1iz ki, bizni q\u0131ynamas\u0131nlar. Bu qarar degil, bu &#8211; sadece, ya\u00f1\u0131 ay\u0131n-oyunn\u0131\u00f1 \u00fcst\u00fcni qapatacaq bir k\u00e2\u011f\u0131tt\u0131r&#8221;, &#8211; dedi Refat \u00c7ubarov.<\/p>\n\n\n\n<p>Bu \u00e7\u0131q\u0131\u015ftan so\u00f1 mesele reyge qoyuld\u0131. Teklif olun\u011fan leyha i\u00e7\u00fcn cedvelge al\u0131n\u011fan 72 deputattan 57-si rey berdi. Leyha qabul etilgen k\u00fcn\u00fc Q\u0131r\u0131m parlamentini\u00f1 resmiy sayt\u0131nda qararn\u0131\u00f1 metni yoq edi.<\/p>\n\n\n\n<p class=\"has-text-align-right\"><em><strong>\u041a\u0440\u0438\u043c\u0441\u044c\u043a\u043e\u0442\u0430\u0442\u0430\u0440\u0441\u044c\u043a\u0435 \u043f\u0438\u0442\u0430\u043d\u043d\u044f online<\/strong><\/em><\/p>\n","protected":false},"excerpt":{"rendered":"<p>Q\u0131r\u0131m Yuqar\u0131 \u015euras\u0131n\u0131\u00f1 deputat\u0131, Meclis reisini\u00f1 birinci muavini Refat \u00c7ubarov Q\u0131r\u0131m ormanlar\u0131n\u0131\u00f1 &#8220;\u015fifal\u0131 hususiyetlerinden faydalanmaq i\u00e7\u00fcn&#8221; fiyat qoyul\u011fan\u0131n\u0131 tenqid etti. \u00d6z fikirini deputat Q\u0131r\u0131m Yuqar\u0131 \u015euras\u0131n\u0131\u00f1 iy\u00fcn 21-de ol\u0131p ke\u00e7ken topla\u015fuv\u0131nda &#8220;Ekinci dereceli orman malzemelerinden, ormann\u0131\u00f1 faydal\u0131 hususiyetlerinden qullanmaq i\u00e7\u00fcn mahsus fiyatlar belgilemek aqq\u0131nda&#8221; meselesi muzakere etilgende seslendirdi. &#8220;Bizim \u00fck\u00fcmetimiz cemaatn\u0131 taac\u00fcplendirmekten bezmey, bir betmen [&hellip;]<\/p>\n","protected":false},"author":1,"featured_media":0,"comment_status":"open","ping_status":"open","sticky":false,"template":"","format":"standard","meta":{"inline_featured_image":false,"footnotes":""},"categories":[265],"tags":[],"class_list":["post-38175","post","type-post","status-publish","format-standard","hentry","category-haberler"],"acf":[],"yoast_head":"<!-- This site is optimized with the Yoast SEO plugin v27.4 - https:\/\/yoast.com\/product\/yoast-seo-wordpress\/ -->\n<title>Refat \u00c7ubarov Q\u0131r\u0131m ormanlar\u0131nda kezinti i\u00e7\u00fcn para al\u0131n\u011fan\u0131na qar\u015f\u0131 - \u041c\u0435\u0434\u0436\u043b\u0456\u0441<\/title>\n<meta name=\"robots\" content=\"index, follow, max-snippet:-1, max-image-preview:large, max-video-preview:-1\" \/>\n<link rel=\"canonical\" href=\"https:\/\/qtmm.org\/qt\/refat-cubarov-qirim-ormanlarinda-kezinti-icun-para-alinganina-qarsi\/\" \/>\n<meta property=\"og:locale\" content=\"en_US\" \/>\n<meta property=\"og:type\" content=\"article\" \/>\n<meta property=\"og:title\" content=\"Refat \u00c7ubarov Q\u0131r\u0131m ormanlar\u0131nda kezinti i\u00e7\u00fcn para al\u0131n\u011fan\u0131na qar\u015f\u0131 - \u041c\u0435\u0434\u0436\u043b\u0456\u0441\" \/>\n<meta property=\"og:description\" content=\"Q\u0131r\u0131m Yuqar\u0131 \u015euras\u0131n\u0131\u00f1 deputat\u0131, Meclis reisini\u00f1 birinci muavini Refat \u00c7ubarov Q\u0131r\u0131m ormanlar\u0131n\u0131\u00f1 &#8220;\u015fifal\u0131 hususiyetlerinden faydalanmaq i\u00e7\u00fcn&#8221; fiyat qoyul\u011fan\u0131n\u0131 tenqid etti. \u00d6z fikirini deputat Q\u0131r\u0131m Yuqar\u0131 \u015euras\u0131n\u0131\u00f1 iy\u00fcn 21-de ol\u0131p ke\u00e7ken topla\u015fuv\u0131nda &#8220;Ekinci dereceli orman malzemelerinden, ormann\u0131\u00f1 faydal\u0131 hususiyetlerinden qullanmaq i\u00e7\u00fcn mahsus fiyatlar belgilemek aqq\u0131nda&#8221; meselesi muzakere etilgende seslendirdi. &#8220;Bizim \u00fck\u00fcmetimiz cemaatn\u0131 taac\u00fcplendirmekten bezmey, bir betmen [&hellip;]\" \/>\n<meta property=\"og:url\" content=\"https:\/\/qtmm.org\/qt\/refat-cubarov-qirim-ormanlarinda-kezinti-icun-para-alinganina-qarsi\/\" \/>\n<meta property=\"og:site_name\" content=\"\u041c\u0435\u0434\u0436\u043b\u0456\u0441\" \/>\n<meta property=\"article:publisher\" content=\"https:\/\/www.facebook.com\/qtmm.info\/\" \/>\n<meta property=\"article:published_time\" content=\"2013-06-20T21:44:00+00:00\" \/>\n<meta property=\"article:modified_time\" content=\"2022-01-23T21:45:36+00:00\" \/>\n<meta name=\"author\" content=\"Developer\" \/>\n<meta name=\"twitter:card\" content=\"summary_large_image\" \/>\n<meta name=\"twitter:label1\" content=\"Written by\" \/>\n\t<meta name=\"twitter:data1\" content=\"Developer\" \/>\n\t<meta name=\"twitter:label2\" content=\"Est. reading time\" \/>\n\t<meta name=\"twitter:data2\" content=\"3 minutes\" \/>\n<script type=\"application\/ld+json\" class=\"yoast-schema-graph\">{\"@context\":\"https:\\\/\\\/schema.org\",\"@graph\":[{\"@type\":\"Article\",\"@id\":\"https:\\\/\\\/qtmm.org\\\/qt\\\/refat-cubarov-qirim-ormanlarinda-kezinti-icun-para-alinganina-qarsi\\\/#article\",\"isPartOf\":{\"@id\":\"https:\\\/\\\/qtmm.org\\\/qt\\\/refat-cubarov-qirim-ormanlarinda-kezinti-icun-para-alinganina-qarsi\\\/\"},\"author\":{\"name\":\"Developer\",\"@id\":\"https:\\\/\\\/qtmm.org\\\/qt\\\/#\\\/schema\\\/person\\\/de562469f971dec226ac06e60bbf74a7\"},\"headline\":\"Refat \u00c7ubarov Q\u0131r\u0131m ormanlar\u0131nda kezinti i\u00e7\u00fcn para al\u0131n\u011fan\u0131na qar\u015f\u0131\",\"datePublished\":\"2013-06-20T21:44:00+00:00\",\"dateModified\":\"2022-01-23T21:45:36+00:00\",\"mainEntityOfPage\":{\"@id\":\"https:\\\/\\\/qtmm.org\\\/qt\\\/refat-cubarov-qirim-ormanlarinda-kezinti-icun-para-alinganina-qarsi\\\/\"},\"wordCount\":661,\"commentCount\":0,\"publisher\":{\"@id\":\"https:\\\/\\\/qtmm.org\\\/qt\\\/#organization\"},\"articleSection\":[\"Haberler\"],\"inLanguage\":\"qt\",\"potentialAction\":[{\"@type\":\"CommentAction\",\"name\":\"Comment\",\"target\":[\"https:\\\/\\\/qtmm.org\\\/qt\\\/refat-cubarov-qirim-ormanlarinda-kezinti-icun-para-alinganina-qarsi\\\/#respond\"]}]},{\"@type\":\"WebPage\",\"@id\":\"https:\\\/\\\/qtmm.org\\\/qt\\\/refat-cubarov-qirim-ormanlarinda-kezinti-icun-para-alinganina-qarsi\\\/\",\"url\":\"https:\\\/\\\/qtmm.org\\\/qt\\\/refat-cubarov-qirim-ormanlarinda-kezinti-icun-para-alinganina-qarsi\\\/\",\"name\":\"Refat \u00c7ubarov Q\u0131r\u0131m ormanlar\u0131nda kezinti i\u00e7\u00fcn para al\u0131n\u011fan\u0131na qar\u015f\u0131 - \u041c\u0435\u0434\u0436\u043b\u0456\u0441\",\"isPartOf\":{\"@id\":\"https:\\\/\\\/qtmm.org\\\/qt\\\/#website\"},\"datePublished\":\"2013-06-20T21:44:00+00:00\",\"dateModified\":\"2022-01-23T21:45:36+00:00\",\"breadcrumb\":{\"@id\":\"https:\\\/\\\/qtmm.org\\\/qt\\\/refat-cubarov-qirim-ormanlarinda-kezinti-icun-para-alinganina-qarsi\\\/#breadcrumb\"},\"inLanguage\":\"qt\",\"potentialAction\":[{\"@type\":\"ReadAction\",\"target\":[\"https:\\\/\\\/qtmm.org\\\/qt\\\/refat-cubarov-qirim-ormanlarinda-kezinti-icun-para-alinganina-qarsi\\\/\"]}]},{\"@type\":\"BreadcrumbList\",\"@id\":\"https:\\\/\\\/qtmm.org\\\/qt\\\/refat-cubarov-qirim-ormanlarinda-kezinti-icun-para-alinganina-qarsi\\\/#breadcrumb\",\"itemListElement\":[{\"@type\":\"ListItem\",\"position\":1,\"name\":\"\u0413\u043e\u043b\u043e\u0432\u043d\u0430\",\"item\":\"https:\\\/\\\/qtmm.org\\\/qt\\\/\"},{\"@type\":\"ListItem\",\"position\":2,\"name\":\"Refat \u00c7ubarov Q\u0131r\u0131m ormanlar\u0131nda kezinti i\u00e7\u00fcn para al\u0131n\u011fan\u0131na qar\u015f\u0131\"}]},{\"@type\":\"WebSite\",\"@id\":\"https:\\\/\\\/qtmm.org\\\/qt\\\/#website\",\"url\":\"https:\\\/\\\/qtmm.org\\\/qt\\\/\",\"name\":\"\u041c\u0435\u0434\u0436\u043b\u0456\u0441\",\"description\":\"\",\"publisher\":{\"@id\":\"https:\\\/\\\/qtmm.org\\\/qt\\\/#organization\"},\"potentialAction\":[{\"@type\":\"SearchAction\",\"target\":{\"@type\":\"EntryPoint\",\"urlTemplate\":\"https:\\\/\\\/qtmm.org\\\/qt\\\/?s={search_term_string}\"},\"query-input\":{\"@type\":\"PropertyValueSpecification\",\"valueRequired\":true,\"valueName\":\"search_term_string\"}}],\"inLanguage\":\"qt\"},{\"@type\":\"Organization\",\"@id\":\"https:\\\/\\\/qtmm.org\\\/qt\\\/#organization\",\"name\":\"\u041c\u0435\u0434\u0436\u043b\u0456\u0441\",\"url\":\"https:\\\/\\\/qtmm.org\\\/qt\\\/\",\"logo\":{\"@type\":\"ImageObject\",\"inLanguage\":\"qt\",\"@id\":\"https:\\\/\\\/qtmm.org\\\/qt\\\/#\\\/schema\\\/logo\\\/image\\\/\",\"url\":\"https:\\\/\\\/qtmm.org\\\/wp-content\\\/uploads\\\/2024\\\/12\\\/ua-mejlis-logo-rgb.svg\",\"contentUrl\":\"https:\\\/\\\/qtmm.org\\\/wp-content\\\/uploads\\\/2024\\\/12\\\/ua-mejlis-logo-rgb.svg\",\"caption\":\"\u041c\u0435\u0434\u0436\u043b\u0456\u0441\"},\"image\":{\"@id\":\"https:\\\/\\\/qtmm.org\\\/qt\\\/#\\\/schema\\\/logo\\\/image\\\/\"},\"sameAs\":[\"https:\\\/\\\/www.facebook.com\\\/qtmm.info\\\/\"]},{\"@type\":\"Person\",\"@id\":\"https:\\\/\\\/qtmm.org\\\/qt\\\/#\\\/schema\\\/person\\\/de562469f971dec226ac06e60bbf74a7\",\"name\":\"Developer\",\"image\":{\"@type\":\"ImageObject\",\"inLanguage\":\"qt\",\"@id\":\"https:\\\/\\\/secure.gravatar.com\\\/avatar\\\/392b4cc8fbfeb00b39dfeeab4ee6edded39ffd48e25858637e4765810300227e?s=96&d=mm&r=g\",\"url\":\"https:\\\/\\\/secure.gravatar.com\\\/avatar\\\/392b4cc8fbfeb00b39dfeeab4ee6edded39ffd48e25858637e4765810300227e?s=96&d=mm&r=g\",\"contentUrl\":\"https:\\\/\\\/secure.gravatar.com\\\/avatar\\\/392b4cc8fbfeb00b39dfeeab4ee6edded39ffd48e25858637e4765810300227e?s=96&d=mm&r=g\",\"caption\":\"Developer\"},\"url\":\"https:\\\/\\\/qtmm.org\\\/qt\\\/author\\\/Developer\\\/\"}]}<\/script>\n<!-- \/ Yoast SEO plugin. -->","yoast_head_json":{"title":"Refat \u00c7ubarov Q\u0131r\u0131m ormanlar\u0131nda kezinti i\u00e7\u00fcn para al\u0131n\u011fan\u0131na qar\u015f\u0131 - \u041c\u0435\u0434\u0436\u043b\u0456\u0441","robots":{"index":"index","follow":"follow","max-snippet":"max-snippet:-1","max-image-preview":"max-image-preview:large","max-video-preview":"max-video-preview:-1"},"canonical":"https:\/\/qtmm.org\/qt\/refat-cubarov-qirim-ormanlarinda-kezinti-icun-para-alinganina-qarsi\/","og_locale":"en_US","og_type":"article","og_title":"Refat \u00c7ubarov Q\u0131r\u0131m ormanlar\u0131nda kezinti i\u00e7\u00fcn para al\u0131n\u011fan\u0131na qar\u015f\u0131 - \u041c\u0435\u0434\u0436\u043b\u0456\u0441","og_description":"Q\u0131r\u0131m Yuqar\u0131 \u015euras\u0131n\u0131\u00f1 deputat\u0131, Meclis reisini\u00f1 birinci muavini Refat \u00c7ubarov Q\u0131r\u0131m ormanlar\u0131n\u0131\u00f1 &#8220;\u015fifal\u0131 hususiyetlerinden faydalanmaq i\u00e7\u00fcn&#8221; fiyat qoyul\u011fan\u0131n\u0131 tenqid etti. \u00d6z fikirini deputat Q\u0131r\u0131m Yuqar\u0131 \u015euras\u0131n\u0131\u00f1 iy\u00fcn 21-de ol\u0131p ke\u00e7ken topla\u015fuv\u0131nda &#8220;Ekinci dereceli orman malzemelerinden, ormann\u0131\u00f1 faydal\u0131 hususiyetlerinden qullanmaq i\u00e7\u00fcn mahsus fiyatlar belgilemek aqq\u0131nda&#8221; meselesi muzakere etilgende seslendirdi. &#8220;Bizim \u00fck\u00fcmetimiz cemaatn\u0131 taac\u00fcplendirmekten bezmey, bir betmen [&hellip;]","og_url":"https:\/\/qtmm.org\/qt\/refat-cubarov-qirim-ormanlarinda-kezinti-icun-para-alinganina-qarsi\/","og_site_name":"\u041c\u0435\u0434\u0436\u043b\u0456\u0441","article_publisher":"https:\/\/www.facebook.com\/qtmm.info\/","article_published_time":"2013-06-20T21:44:00+00:00","article_modified_time":"2022-01-23T21:45:36+00:00","author":"Developer","twitter_card":"summary_large_image","twitter_misc":{"Written by":"Developer","Est. reading time":"3 minutes"},"schema":{"@context":"https:\/\/schema.org","@graph":[{"@type":"Article","@id":"https:\/\/qtmm.org\/qt\/refat-cubarov-qirim-ormanlarinda-kezinti-icun-para-alinganina-qarsi\/#article","isPartOf":{"@id":"https:\/\/qtmm.org\/qt\/refat-cubarov-qirim-ormanlarinda-kezinti-icun-para-alinganina-qarsi\/"},"author":{"name":"Developer","@id":"https:\/\/qtmm.org\/qt\/#\/schema\/person\/de562469f971dec226ac06e60bbf74a7"},"headline":"Refat \u00c7ubarov Q\u0131r\u0131m ormanlar\u0131nda kezinti i\u00e7\u00fcn para al\u0131n\u011fan\u0131na qar\u015f\u0131","datePublished":"2013-06-20T21:44:00+00:00","dateModified":"2022-01-23T21:45:36+00:00","mainEntityOfPage":{"@id":"https:\/\/qtmm.org\/qt\/refat-cubarov-qirim-ormanlarinda-kezinti-icun-para-alinganina-qarsi\/"},"wordCount":661,"commentCount":0,"publisher":{"@id":"https:\/\/qtmm.org\/qt\/#organization"},"articleSection":["Haberler"],"inLanguage":"qt","potentialAction":[{"@type":"CommentAction","name":"Comment","target":["https:\/\/qtmm.org\/qt\/refat-cubarov-qirim-ormanlarinda-kezinti-icun-para-alinganina-qarsi\/#respond"]}]},{"@type":"WebPage","@id":"https:\/\/qtmm.org\/qt\/refat-cubarov-qirim-ormanlarinda-kezinti-icun-para-alinganina-qarsi\/","url":"https:\/\/qtmm.org\/qt\/refat-cubarov-qirim-ormanlarinda-kezinti-icun-para-alinganina-qarsi\/","name":"Refat \u00c7ubarov Q\u0131r\u0131m ormanlar\u0131nda kezinti i\u00e7\u00fcn para al\u0131n\u011fan\u0131na qar\u015f\u0131 - \u041c\u0435\u0434\u0436\u043b\u0456\u0441","isPartOf":{"@id":"https:\/\/qtmm.org\/qt\/#website"},"datePublished":"2013-06-20T21:44:00+00:00","dateModified":"2022-01-23T21:45:36+00:00","breadcrumb":{"@id":"https:\/\/qtmm.org\/qt\/refat-cubarov-qirim-ormanlarinda-kezinti-icun-para-alinganina-qarsi\/#breadcrumb"},"inLanguage":"qt","potentialAction":[{"@type":"ReadAction","target":["https:\/\/qtmm.org\/qt\/refat-cubarov-qirim-ormanlarinda-kezinti-icun-para-alinganina-qarsi\/"]}]},{"@type":"BreadcrumbList","@id":"https:\/\/qtmm.org\/qt\/refat-cubarov-qirim-ormanlarinda-kezinti-icun-para-alinganina-qarsi\/#breadcrumb","itemListElement":[{"@type":"ListItem","position":1,"name":"\u0413\u043e\u043b\u043e\u0432\u043d\u0430","item":"https:\/\/qtmm.org\/qt\/"},{"@type":"ListItem","position":2,"name":"Refat \u00c7ubarov Q\u0131r\u0131m ormanlar\u0131nda kezinti i\u00e7\u00fcn para al\u0131n\u011fan\u0131na qar\u015f\u0131"}]},{"@type":"WebSite","@id":"https:\/\/qtmm.org\/qt\/#website","url":"https:\/\/qtmm.org\/qt\/","name":"\u041c\u0435\u0434\u0436\u043b\u0456\u0441","description":"","publisher":{"@id":"https:\/\/qtmm.org\/qt\/#organization"},"potentialAction":[{"@type":"SearchAction","target":{"@type":"EntryPoint","urlTemplate":"https:\/\/qtmm.org\/qt\/?s={search_term_string}"},"query-input":{"@type":"PropertyValueSpecification","valueRequired":true,"valueName":"search_term_string"}}],"inLanguage":"qt"},{"@type":"Organization","@id":"https:\/\/qtmm.org\/qt\/#organization","name":"\u041c\u0435\u0434\u0436\u043b\u0456\u0441","url":"https:\/\/qtmm.org\/qt\/","logo":{"@type":"ImageObject","inLanguage":"qt","@id":"https:\/\/qtmm.org\/qt\/#\/schema\/logo\/image\/","url":"https:\/\/qtmm.org\/wp-content\/uploads\/2024\/12\/ua-mejlis-logo-rgb.svg","contentUrl":"https:\/\/qtmm.org\/wp-content\/uploads\/2024\/12\/ua-mejlis-logo-rgb.svg","caption":"\u041c\u0435\u0434\u0436\u043b\u0456\u0441"},"image":{"@id":"https:\/\/qtmm.org\/qt\/#\/schema\/logo\/image\/"},"sameAs":["https:\/\/www.facebook.com\/qtmm.info\/"]},{"@type":"Person","@id":"https:\/\/qtmm.org\/qt\/#\/schema\/person\/de562469f971dec226ac06e60bbf74a7","name":"Developer","image":{"@type":"ImageObject","inLanguage":"qt","@id":"https:\/\/secure.gravatar.com\/avatar\/392b4cc8fbfeb00b39dfeeab4ee6edded39ffd48e25858637e4765810300227e?s=96&d=mm&r=g","url":"https:\/\/secure.gravatar.com\/avatar\/392b4cc8fbfeb00b39dfeeab4ee6edded39ffd48e25858637e4765810300227e?s=96&d=mm&r=g","contentUrl":"https:\/\/secure.gravatar.com\/avatar\/392b4cc8fbfeb00b39dfeeab4ee6edded39ffd48e25858637e4765810300227e?s=96&d=mm&r=g","caption":"Developer"},"url":"https:\/\/qtmm.org\/qt\/author\/Developer\/"}]}},"_links":{"self":[{"href":"https:\/\/qtmm.org\/qt\/wp-json\/wp\/v2\/posts\/38175","targetHints":{"allow":["GET"]}}],"collection":[{"href":"https:\/\/qtmm.org\/qt\/wp-json\/wp\/v2\/posts"}],"about":[{"href":"https:\/\/qtmm.org\/qt\/wp-json\/wp\/v2\/types\/post"}],"author":[{"embeddable":true,"href":"https:\/\/qtmm.org\/qt\/wp-json\/wp\/v2\/users\/1"}],"replies":[{"embeddable":true,"href":"https:\/\/qtmm.org\/qt\/wp-json\/wp\/v2\/comments?post=38175"}],"version-history":[{"count":1,"href":"https:\/\/qtmm.org\/qt\/wp-json\/wp\/v2\/posts\/38175\/revisions"}],"predecessor-version":[{"id":38176,"href":"https:\/\/qtmm.org\/qt\/wp-json\/wp\/v2\/posts\/38175\/revisions\/38176"}],"wp:attachment":[{"href":"https:\/\/qtmm.org\/qt\/wp-json\/wp\/v2\/media?parent=38175"}],"wp:term":[{"taxonomy":"category","embeddable":true,"href":"https:\/\/qtmm.org\/qt\/wp-json\/wp\/v2\/categories?post=38175"},{"taxonomy":"post_tag","embeddable":true,"href":"https:\/\/qtmm.org\/qt\/wp-json\/wp\/v2\/tags?post=38175"}],"curies":[{"name":"wp","href":"https:\/\/api.w.org\/{rel}","templated":true}]}}