




{"id":38149,"date":"2013-06-21T00:41:00","date_gmt":"2013-06-20T21:41:00","guid":{"rendered":"http:\/\/qtmm.org\/?p=38149"},"modified":"2022-01-24T00:43:45","modified_gmt":"2022-01-23T21:43:45","slug":"meclis-reisi-mustafa-cemilev-halqara-qacaqlar-kunune-bagislangan-yani-evim-ukraina-fotosergisinin-acilisinda-istirak-etti","status":"publish","type":"post","link":"https:\/\/qtmm.org\/qt\/meclis-reisi-mustafa-cemilev-halqara-qacaqlar-kunune-bagislangan-yani-evim-ukraina-fotosergisinin-acilisinda-istirak-etti\/","title":{"rendered":"Meclis reisi Mustafa Cemilev Halqara qa\u00e7aqlar k\u00fcn\u00fcne ba\u011f\u0131\u015flan\u011fan \u00abYa\u00f1\u0131 evim \u2013 Ukraina\u00bb fotosergisini\u00f1 a\u00e7\u0131l\u0131\u015f\u0131nda i\u015ftirak etti"},"content":{"rendered":"\n<p>Meclis ba\u015fqan\u0131, Ukraina halq deputat\u0131 Mustafa Cemilev Halqara qa\u00e7aqlar k\u00fcn\u00fcne ba\u011f\u0131\u015flan\u011fan ve Birle\u015fken Milletler Te\u015fkil\u00e2t\u0131 ile birlikte \u0130nsan aqlar\u0131, milliy azl\u0131q ve milletlerara munasebetler meseleleri boyunca halqara komitet taraf\u0131ndan te\u015fkil\u00e2tland\u0131r\u0131l\u011fan &#8220;Ya\u00f1\u0131 evim \u2013 Ukraina&#8221; fotosergisi a\u00e7\u0131l\u0131\u015f\u0131nda i\u015ftirak etti. Qa\u00e7aqlarn\u0131\u00f1 Ukrainadaki vaziyetini aks ettirgen fotosergi 2013 senesi iy\u00fcn 20 k\u00fcn\u00fc Kiyevde a\u00e7\u0131ld\u0131.<\/p>\n\n\n\n<figure class=\"wp-block-image size-full\"><img loading=\"lazy\" decoding=\"async\" width=\"650\" height=\"387\" src=\"http:\/\/qtmm.org\/wp-content\/uploads\/2022\/01\/foto_7.jpeg\" alt=\"\" class=\"wp-image-38154\" srcset=\"https:\/\/qtmm.org\/wp-content\/uploads\/2022\/01\/foto_7.jpeg 650w, https:\/\/qtmm.org\/wp-content\/uploads\/2022\/01\/foto_7-300x179.jpeg 300w\" sizes=\"auto, (max-width: 650px) 100vw, 650px\" \/><\/figure>\n\n\n\n<p>\u015eun\u0131 qayd etmeli ki, ekspozitsiyan\u0131\u00f1 bir q\u0131sm\u0131 Norvegiya erbab\u0131 ve diplomat\u0131, Nobel muk\u00e2fat\u0131n\u0131\u00f1 saibi ve Qa\u00e7aqlarn\u0131\u00f1 i\u015fleri boyunca ilk Aliy komissar Fritof Nansenge ba\u011f\u0131\u015fland\u0131. Belli ki, Meclis reisi, Ukraina halq deputat\u0131 Mustafa Cemilev &#8220;q\u0131r\u0131mtatar halq\u0131n\u0131 Vatan\u011fa qaytaruv i\u015fine sad\u0131ql\u0131\u011f\u0131 i\u00e7\u00fcn&#8221; ve b\u00fcy\u00fck h\u0131zmetleri i\u00e7\u00fcn 1989 senesi BMT Qa\u00e7aqlarn\u0131\u00f1 i\u015fleri boyunca Aliy komissarl\u0131q idaresinden Nansen muk\u00e2fat\u0131n\u0131 al\u011fan Ukrainada yek\u00e2ne insand\u0131r.<\/p>\n\n\n\n<figure class=\"wp-block-image size-full\"><img loading=\"lazy\" decoding=\"async\" width=\"650\" height=\"464\" src=\"http:\/\/qtmm.org\/wp-content\/uploads\/2022\/01\/foto_1_5.jpeg\" alt=\"\" class=\"wp-image-38158\" srcset=\"https:\/\/qtmm.org\/wp-content\/uploads\/2022\/01\/foto_1_5.jpeg 650w, https:\/\/qtmm.org\/wp-content\/uploads\/2022\/01\/foto_1_5-300x214.jpeg 300w\" sizes=\"auto, (max-width: 650px) 100vw, 650px\" \/><\/figure>\n\n\n\n<figure class=\"wp-block-image size-full\"><img loading=\"lazy\" decoding=\"async\" width=\"650\" height=\"370\" src=\"http:\/\/qtmm.org\/wp-content\/uploads\/2022\/01\/foto_2_3.jpeg\" alt=\"\" class=\"wp-image-38162\" srcset=\"https:\/\/qtmm.org\/wp-content\/uploads\/2022\/01\/foto_2_3.jpeg 650w, https:\/\/qtmm.org\/wp-content\/uploads\/2022\/01\/foto_2_3-300x171.jpeg 300w\" sizes=\"auto, (max-width: 650px) 100vw, 650px\" \/><\/figure>\n\n\n\n<p>Sergi a\u00e7\u0131l\u0131\u015f\u0131nda \u00e7\u0131qa\u015fta bulun\u011fan Ukraina Yuqar\u0131 \u015euras\u0131n\u0131\u00f1 \u0130nsan aqlar\u0131 ve milletlerara munasebetler boyunca komitetni\u00f1 ba\u015f\u0131 Valeriy Patskan dedi ki, qa\u00e7aqlarn\u0131\u00f1 i\u015flerini qanuniy tertipke ketirmek i\u00e7\u00fcn komitet elinden kelgenini yapar.<\/p>\n\n\n\n<p>&#8220;Biz, qanun\u00e2rat\u0131c\u0131lar, \u00f6g\u00fcnde qa\u00e7aqlarn\u0131\u00f1 i\u015flerini qanuniy tertipke ketir\u00fcv boyunca m\u00fcim meseleler turmaqta. \u015eun\u0131\u00f1 i\u00e7\u00fcn de komitetimiz BMT Qa\u00e7aqlarn\u0131\u00f1 i\u015fleri boyunca Aliy komissarl\u0131q idaresi ile birlikte qanuniy aktlarn\u0131 i\u015fley ve tez arada biz olarn\u0131 Yuqar\u0131 \u015euran\u0131\u00f1 muzakeresine qoyarm\u0131z, &#8211; dedi V. Patskan.<\/p>\n\n\n\n<figure class=\"wp-block-image size-full\"><img loading=\"lazy\" decoding=\"async\" width=\"650\" height=\"347\" src=\"http:\/\/qtmm.org\/wp-content\/uploads\/2022\/01\/foto_4.jpeg\" alt=\"\" class=\"wp-image-38166\" srcset=\"https:\/\/qtmm.org\/wp-content\/uploads\/2022\/01\/foto_4.jpeg 650w, https:\/\/qtmm.org\/wp-content\/uploads\/2022\/01\/foto_4-300x160.jpeg 300w\" sizes=\"auto, (max-width: 650px) 100vw, 650px\" \/><\/figure>\n\n\n\n<p>Fotosergi a\u00e7\u0131l\u0131\u015f\u0131nda bun\u0131\u00f1 kibi de BMT Qa\u00e7aqlarn\u0131\u00f1 i\u015fleri boyunca Aliy komissarl\u0131q idaresini\u00f1 Beyaz Rusiye, Moldova ve Ukrainadaki regional temsilcisi Oldrih Andr\u0131sek, Norvegiyan\u0131\u00f1 Ukrainadaki vefqulade ve toluvek\u00e2letli el\u00e7isi Yon Elvedal Fredriksen ve Avropa Birligini\u00f1 Ukrainadaki vek\u00e2letligi ba\u015f\u0131n\u0131\u00f1 muavini Mariya Yurkova, Ukraina Yuqar\u0131 \u015euras\u0131n\u0131\u00f1 \u0130nsan aqlar\u0131 ve milletlerara munasebetler boyunca komitetni\u00f1 ba\u015f\u0131 Valeriy Patskan, bun\u0131\u00f1 kibi de Norvegiya Q\u0131rall\u0131\u011f\u0131n\u0131\u00f1 Ukrainadaki Vefqulade ve toluvek\u00e2letli El\u00e7isi i\u015ftirak ettiler.<\/p>\n\n\n\n<figure class=\"wp-block-image size-full\"><img loading=\"lazy\" decoding=\"async\" width=\"650\" height=\"583\" src=\"http:\/\/qtmm.org\/wp-content\/uploads\/2022\/01\/foto_5-1.jpeg\" alt=\"\" class=\"wp-image-38170\" srcset=\"https:\/\/qtmm.org\/wp-content\/uploads\/2022\/01\/foto_5-1.jpeg 650w, https:\/\/qtmm.org\/wp-content\/uploads\/2022\/01\/foto_5-1-300x269.jpeg 300w\" sizes=\"auto, (max-width: 650px) 100vw, 650px\" \/><\/figure>\n","protected":false},"excerpt":{"rendered":"<p>Meclis ba\u015fqan\u0131, Ukraina halq deputat\u0131 Mustafa Cemilev Halqara qa\u00e7aqlar k\u00fcn\u00fcne ba\u011f\u0131\u015flan\u011fan ve Birle\u015fken Milletler Te\u015fkil\u00e2t\u0131 ile birlikte \u0130nsan aqlar\u0131, milliy azl\u0131q ve milletlerara munasebetler meseleleri boyunca halqara komitet taraf\u0131ndan te\u015fkil\u00e2tland\u0131r\u0131l\u011fan &#8220;Ya\u00f1\u0131 evim \u2013 Ukraina&#8221; fotosergisi a\u00e7\u0131l\u0131\u015f\u0131nda i\u015ftirak etti. Qa\u00e7aqlarn\u0131\u00f1 Ukrainadaki vaziyetini aks ettirgen fotosergi 2013 senesi iy\u00fcn 20 k\u00fcn\u00fc Kiyevde a\u00e7\u0131ld\u0131. \u015eun\u0131 qayd etmeli ki, [&hellip;]<\/p>\n","protected":false},"author":1,"featured_media":38150,"comment_status":"open","ping_status":"open","sticky":false,"template":"","format":"standard","meta":{"inline_featured_image":false,"footnotes":""},"categories":[265],"tags":[],"class_list":["post-38149","post","type-post","status-publish","format-standard","has-post-thumbnail","hentry","category-haberler"],"acf":[],"yoast_head":"<!-- This site is optimized with the Yoast SEO plugin v27.4 - https:\/\/yoast.com\/product\/yoast-seo-wordpress\/ -->\n<title>Meclis reisi Mustafa Cemilev Halqara qa\u00e7aqlar k\u00fcn\u00fcne ba\u011f\u0131\u015flan\u011fan \u00abYa\u00f1\u0131 evim \u2013 Ukraina\u00bb fotosergisini\u00f1 a\u00e7\u0131l\u0131\u015f\u0131nda i\u015ftirak etti - \u041c\u0435\u0434\u0436\u043b\u0456\u0441<\/title>\n<meta name=\"robots\" content=\"index, follow, max-snippet:-1, max-image-preview:large, max-video-preview:-1\" \/>\n<link rel=\"canonical\" href=\"https:\/\/qtmm.org\/qt\/meclis-reisi-mustafa-cemilev-halqara-qacaqlar-kunune-bagislangan-yani-evim-ukraina-fotosergisinin-acilisinda-istirak-etti\/\" \/>\n<meta property=\"og:locale\" content=\"en_US\" \/>\n<meta property=\"og:type\" content=\"article\" \/>\n<meta property=\"og:title\" content=\"Meclis reisi Mustafa Cemilev Halqara qa\u00e7aqlar k\u00fcn\u00fcne ba\u011f\u0131\u015flan\u011fan \u00abYa\u00f1\u0131 evim \u2013 Ukraina\u00bb fotosergisini\u00f1 a\u00e7\u0131l\u0131\u015f\u0131nda i\u015ftirak etti - \u041c\u0435\u0434\u0436\u043b\u0456\u0441\" \/>\n<meta property=\"og:description\" content=\"Meclis ba\u015fqan\u0131, Ukraina halq deputat\u0131 Mustafa Cemilev Halqara qa\u00e7aqlar k\u00fcn\u00fcne ba\u011f\u0131\u015flan\u011fan ve Birle\u015fken Milletler Te\u015fkil\u00e2t\u0131 ile birlikte \u0130nsan aqlar\u0131, milliy azl\u0131q ve milletlerara munasebetler meseleleri boyunca halqara komitet taraf\u0131ndan te\u015fkil\u00e2tland\u0131r\u0131l\u011fan &#8220;Ya\u00f1\u0131 evim \u2013 Ukraina&#8221; fotosergisi a\u00e7\u0131l\u0131\u015f\u0131nda i\u015ftirak etti. Qa\u00e7aqlarn\u0131\u00f1 Ukrainadaki vaziyetini aks ettirgen fotosergi 2013 senesi iy\u00fcn 20 k\u00fcn\u00fc Kiyevde a\u00e7\u0131ld\u0131. \u015eun\u0131 qayd etmeli ki, [&hellip;]\" \/>\n<meta property=\"og:url\" content=\"https:\/\/qtmm.org\/qt\/meclis-reisi-mustafa-cemilev-halqara-qacaqlar-kunune-bagislangan-yani-evim-ukraina-fotosergisinin-acilisinda-istirak-etti\/\" \/>\n<meta property=\"og:site_name\" content=\"\u041c\u0435\u0434\u0436\u043b\u0456\u0441\" \/>\n<meta property=\"article:publisher\" content=\"https:\/\/www.facebook.com\/qtmm.info\/\" \/>\n<meta property=\"article:published_time\" content=\"2013-06-20T21:41:00+00:00\" \/>\n<meta property=\"article:modified_time\" content=\"2022-01-23T21:43:45+00:00\" \/>\n<meta property=\"og:image\" content=\"https:\/\/qtmm.org\/wp-content\/uploads\/2022\/01\/foto_3-1.jpeg\" \/>\n\t<meta property=\"og:image:width\" content=\"650\" \/>\n\t<meta property=\"og:image:height\" content=\"380\" \/>\n\t<meta property=\"og:image:type\" content=\"image\/jpeg\" \/>\n<meta name=\"author\" content=\"Developer\" \/>\n<meta name=\"twitter:card\" content=\"summary_large_image\" \/>\n<meta name=\"twitter:label1\" content=\"Written by\" \/>\n\t<meta name=\"twitter:data1\" content=\"Developer\" \/>\n\t<meta name=\"twitter:label2\" content=\"Est. reading time\" \/>\n\t<meta name=\"twitter:data2\" content=\"2 minutes\" \/>\n<script type=\"application\/ld+json\" class=\"yoast-schema-graph\">{\"@context\":\"https:\\\/\\\/schema.org\",\"@graph\":[{\"@type\":\"Article\",\"@id\":\"https:\\\/\\\/qtmm.org\\\/qt\\\/meclis-reisi-mustafa-cemilev-halqara-qacaqlar-kunune-bagislangan-yani-evim-ukraina-fotosergisinin-acilisinda-istirak-etti\\\/#article\",\"isPartOf\":{\"@id\":\"https:\\\/\\\/qtmm.org\\\/qt\\\/meclis-reisi-mustafa-cemilev-halqara-qacaqlar-kunune-bagislangan-yani-evim-ukraina-fotosergisinin-acilisinda-istirak-etti\\\/\"},\"author\":{\"name\":\"Developer\",\"@id\":\"https:\\\/\\\/qtmm.org\\\/qt\\\/#\\\/schema\\\/person\\\/de562469f971dec226ac06e60bbf74a7\"},\"headline\":\"Meclis reisi Mustafa Cemilev Halqara qa\u00e7aqlar k\u00fcn\u00fcne ba\u011f\u0131\u015flan\u011fan \u00abYa\u00f1\u0131 evim \u2013 Ukraina\u00bb fotosergisini\u00f1 a\u00e7\u0131l\u0131\u015f\u0131nda i\u015ftirak etti\",\"datePublished\":\"2013-06-20T21:41:00+00:00\",\"dateModified\":\"2022-01-23T21:43:45+00:00\",\"mainEntityOfPage\":{\"@id\":\"https:\\\/\\\/qtmm.org\\\/qt\\\/meclis-reisi-mustafa-cemilev-halqara-qacaqlar-kunune-bagislangan-yani-evim-ukraina-fotosergisinin-acilisinda-istirak-etti\\\/\"},\"wordCount\":349,\"commentCount\":0,\"publisher\":{\"@id\":\"https:\\\/\\\/qtmm.org\\\/qt\\\/#organization\"},\"image\":{\"@id\":\"https:\\\/\\\/qtmm.org\\\/qt\\\/meclis-reisi-mustafa-cemilev-halqara-qacaqlar-kunune-bagislangan-yani-evim-ukraina-fotosergisinin-acilisinda-istirak-etti\\\/#primaryimage\"},\"thumbnailUrl\":\"https:\\\/\\\/qtmm.org\\\/wp-content\\\/uploads\\\/2022\\\/01\\\/foto_3-1.jpeg\",\"articleSection\":[\"Haberler\"],\"inLanguage\":\"qt\",\"potentialAction\":[{\"@type\":\"CommentAction\",\"name\":\"Comment\",\"target\":[\"https:\\\/\\\/qtmm.org\\\/qt\\\/meclis-reisi-mustafa-cemilev-halqara-qacaqlar-kunune-bagislangan-yani-evim-ukraina-fotosergisinin-acilisinda-istirak-etti\\\/#respond\"]}]},{\"@type\":\"WebPage\",\"@id\":\"https:\\\/\\\/qtmm.org\\\/qt\\\/meclis-reisi-mustafa-cemilev-halqara-qacaqlar-kunune-bagislangan-yani-evim-ukraina-fotosergisinin-acilisinda-istirak-etti\\\/\",\"url\":\"https:\\\/\\\/qtmm.org\\\/qt\\\/meclis-reisi-mustafa-cemilev-halqara-qacaqlar-kunune-bagislangan-yani-evim-ukraina-fotosergisinin-acilisinda-istirak-etti\\\/\",\"name\":\"Meclis reisi Mustafa Cemilev Halqara qa\u00e7aqlar k\u00fcn\u00fcne ba\u011f\u0131\u015flan\u011fan \u00abYa\u00f1\u0131 evim \u2013 Ukraina\u00bb fotosergisini\u00f1 a\u00e7\u0131l\u0131\u015f\u0131nda i\u015ftirak etti - \u041c\u0435\u0434\u0436\u043b\u0456\u0441\",\"isPartOf\":{\"@id\":\"https:\\\/\\\/qtmm.org\\\/qt\\\/#website\"},\"primaryImageOfPage\":{\"@id\":\"https:\\\/\\\/qtmm.org\\\/qt\\\/meclis-reisi-mustafa-cemilev-halqara-qacaqlar-kunune-bagislangan-yani-evim-ukraina-fotosergisinin-acilisinda-istirak-etti\\\/#primaryimage\"},\"image\":{\"@id\":\"https:\\\/\\\/qtmm.org\\\/qt\\\/meclis-reisi-mustafa-cemilev-halqara-qacaqlar-kunune-bagislangan-yani-evim-ukraina-fotosergisinin-acilisinda-istirak-etti\\\/#primaryimage\"},\"thumbnailUrl\":\"https:\\\/\\\/qtmm.org\\\/wp-content\\\/uploads\\\/2022\\\/01\\\/foto_3-1.jpeg\",\"datePublished\":\"2013-06-20T21:41:00+00:00\",\"dateModified\":\"2022-01-23T21:43:45+00:00\",\"breadcrumb\":{\"@id\":\"https:\\\/\\\/qtmm.org\\\/qt\\\/meclis-reisi-mustafa-cemilev-halqara-qacaqlar-kunune-bagislangan-yani-evim-ukraina-fotosergisinin-acilisinda-istirak-etti\\\/#breadcrumb\"},\"inLanguage\":\"qt\",\"potentialAction\":[{\"@type\":\"ReadAction\",\"target\":[\"https:\\\/\\\/qtmm.org\\\/qt\\\/meclis-reisi-mustafa-cemilev-halqara-qacaqlar-kunune-bagislangan-yani-evim-ukraina-fotosergisinin-acilisinda-istirak-etti\\\/\"]}]},{\"@type\":\"ImageObject\",\"inLanguage\":\"qt\",\"@id\":\"https:\\\/\\\/qtmm.org\\\/qt\\\/meclis-reisi-mustafa-cemilev-halqara-qacaqlar-kunune-bagislangan-yani-evim-ukraina-fotosergisinin-acilisinda-istirak-etti\\\/#primaryimage\",\"url\":\"https:\\\/\\\/qtmm.org\\\/wp-content\\\/uploads\\\/2022\\\/01\\\/foto_3-1.jpeg\",\"contentUrl\":\"https:\\\/\\\/qtmm.org\\\/wp-content\\\/uploads\\\/2022\\\/01\\\/foto_3-1.jpeg\",\"width\":650,\"height\":380},{\"@type\":\"BreadcrumbList\",\"@id\":\"https:\\\/\\\/qtmm.org\\\/qt\\\/meclis-reisi-mustafa-cemilev-halqara-qacaqlar-kunune-bagislangan-yani-evim-ukraina-fotosergisinin-acilisinda-istirak-etti\\\/#breadcrumb\",\"itemListElement\":[{\"@type\":\"ListItem\",\"position\":1,\"name\":\"\u0413\u043e\u043b\u043e\u0432\u043d\u0430\",\"item\":\"https:\\\/\\\/qtmm.org\\\/qt\\\/\"},{\"@type\":\"ListItem\",\"position\":2,\"name\":\"Meclis reisi Mustafa Cemilev Halqara qa\u00e7aqlar k\u00fcn\u00fcne ba\u011f\u0131\u015flan\u011fan \u00abYa\u00f1\u0131 evim \u2013 Ukraina\u00bb fotosergisini\u00f1 a\u00e7\u0131l\u0131\u015f\u0131nda i\u015ftirak etti\"}]},{\"@type\":\"WebSite\",\"@id\":\"https:\\\/\\\/qtmm.org\\\/qt\\\/#website\",\"url\":\"https:\\\/\\\/qtmm.org\\\/qt\\\/\",\"name\":\"\u041c\u0435\u0434\u0436\u043b\u0456\u0441\",\"description\":\"\",\"publisher\":{\"@id\":\"https:\\\/\\\/qtmm.org\\\/qt\\\/#organization\"},\"potentialAction\":[{\"@type\":\"SearchAction\",\"target\":{\"@type\":\"EntryPoint\",\"urlTemplate\":\"https:\\\/\\\/qtmm.org\\\/qt\\\/?s={search_term_string}\"},\"query-input\":{\"@type\":\"PropertyValueSpecification\",\"valueRequired\":true,\"valueName\":\"search_term_string\"}}],\"inLanguage\":\"qt\"},{\"@type\":\"Organization\",\"@id\":\"https:\\\/\\\/qtmm.org\\\/qt\\\/#organization\",\"name\":\"\u041c\u0435\u0434\u0436\u043b\u0456\u0441\",\"url\":\"https:\\\/\\\/qtmm.org\\\/qt\\\/\",\"logo\":{\"@type\":\"ImageObject\",\"inLanguage\":\"qt\",\"@id\":\"https:\\\/\\\/qtmm.org\\\/qt\\\/#\\\/schema\\\/logo\\\/image\\\/\",\"url\":\"https:\\\/\\\/qtmm.org\\\/wp-content\\\/uploads\\\/2024\\\/12\\\/ua-mejlis-logo-rgb.svg\",\"contentUrl\":\"https:\\\/\\\/qtmm.org\\\/wp-content\\\/uploads\\\/2024\\\/12\\\/ua-mejlis-logo-rgb.svg\",\"caption\":\"\u041c\u0435\u0434\u0436\u043b\u0456\u0441\"},\"image\":{\"@id\":\"https:\\\/\\\/qtmm.org\\\/qt\\\/#\\\/schema\\\/logo\\\/image\\\/\"},\"sameAs\":[\"https:\\\/\\\/www.facebook.com\\\/qtmm.info\\\/\"]},{\"@type\":\"Person\",\"@id\":\"https:\\\/\\\/qtmm.org\\\/qt\\\/#\\\/schema\\\/person\\\/de562469f971dec226ac06e60bbf74a7\",\"name\":\"Developer\",\"image\":{\"@type\":\"ImageObject\",\"inLanguage\":\"qt\",\"@id\":\"https:\\\/\\\/secure.gravatar.com\\\/avatar\\\/392b4cc8fbfeb00b39dfeeab4ee6edded39ffd48e25858637e4765810300227e?s=96&d=mm&r=g\",\"url\":\"https:\\\/\\\/secure.gravatar.com\\\/avatar\\\/392b4cc8fbfeb00b39dfeeab4ee6edded39ffd48e25858637e4765810300227e?s=96&d=mm&r=g\",\"contentUrl\":\"https:\\\/\\\/secure.gravatar.com\\\/avatar\\\/392b4cc8fbfeb00b39dfeeab4ee6edded39ffd48e25858637e4765810300227e?s=96&d=mm&r=g\",\"caption\":\"Developer\"},\"url\":\"https:\\\/\\\/qtmm.org\\\/qt\\\/author\\\/Developer\\\/\"}]}<\/script>\n<!-- \/ Yoast SEO plugin. -->","yoast_head_json":{"title":"Meclis reisi Mustafa Cemilev Halqara qa\u00e7aqlar k\u00fcn\u00fcne ba\u011f\u0131\u015flan\u011fan \u00abYa\u00f1\u0131 evim \u2013 Ukraina\u00bb fotosergisini\u00f1 a\u00e7\u0131l\u0131\u015f\u0131nda i\u015ftirak etti - \u041c\u0435\u0434\u0436\u043b\u0456\u0441","robots":{"index":"index","follow":"follow","max-snippet":"max-snippet:-1","max-image-preview":"max-image-preview:large","max-video-preview":"max-video-preview:-1"},"canonical":"https:\/\/qtmm.org\/qt\/meclis-reisi-mustafa-cemilev-halqara-qacaqlar-kunune-bagislangan-yani-evim-ukraina-fotosergisinin-acilisinda-istirak-etti\/","og_locale":"en_US","og_type":"article","og_title":"Meclis reisi Mustafa Cemilev Halqara qa\u00e7aqlar k\u00fcn\u00fcne ba\u011f\u0131\u015flan\u011fan \u00abYa\u00f1\u0131 evim \u2013 Ukraina\u00bb fotosergisini\u00f1 a\u00e7\u0131l\u0131\u015f\u0131nda i\u015ftirak etti - \u041c\u0435\u0434\u0436\u043b\u0456\u0441","og_description":"Meclis ba\u015fqan\u0131, Ukraina halq deputat\u0131 Mustafa Cemilev Halqara qa\u00e7aqlar k\u00fcn\u00fcne ba\u011f\u0131\u015flan\u011fan ve Birle\u015fken Milletler Te\u015fkil\u00e2t\u0131 ile birlikte \u0130nsan aqlar\u0131, milliy azl\u0131q ve milletlerara munasebetler meseleleri boyunca halqara komitet taraf\u0131ndan te\u015fkil\u00e2tland\u0131r\u0131l\u011fan &#8220;Ya\u00f1\u0131 evim \u2013 Ukraina&#8221; fotosergisi a\u00e7\u0131l\u0131\u015f\u0131nda i\u015ftirak etti. Qa\u00e7aqlarn\u0131\u00f1 Ukrainadaki vaziyetini aks ettirgen fotosergi 2013 senesi iy\u00fcn 20 k\u00fcn\u00fc Kiyevde a\u00e7\u0131ld\u0131. \u015eun\u0131 qayd etmeli ki, [&hellip;]","og_url":"https:\/\/qtmm.org\/qt\/meclis-reisi-mustafa-cemilev-halqara-qacaqlar-kunune-bagislangan-yani-evim-ukraina-fotosergisinin-acilisinda-istirak-etti\/","og_site_name":"\u041c\u0435\u0434\u0436\u043b\u0456\u0441","article_publisher":"https:\/\/www.facebook.com\/qtmm.info\/","article_published_time":"2013-06-20T21:41:00+00:00","article_modified_time":"2022-01-23T21:43:45+00:00","og_image":[{"width":650,"height":380,"url":"https:\/\/qtmm.org\/wp-content\/uploads\/2022\/01\/foto_3-1.jpeg","type":"image\/jpeg"}],"author":"Developer","twitter_card":"summary_large_image","twitter_misc":{"Written by":"Developer","Est. reading time":"2 minutes"},"schema":{"@context":"https:\/\/schema.org","@graph":[{"@type":"Article","@id":"https:\/\/qtmm.org\/qt\/meclis-reisi-mustafa-cemilev-halqara-qacaqlar-kunune-bagislangan-yani-evim-ukraina-fotosergisinin-acilisinda-istirak-etti\/#article","isPartOf":{"@id":"https:\/\/qtmm.org\/qt\/meclis-reisi-mustafa-cemilev-halqara-qacaqlar-kunune-bagislangan-yani-evim-ukraina-fotosergisinin-acilisinda-istirak-etti\/"},"author":{"name":"Developer","@id":"https:\/\/qtmm.org\/qt\/#\/schema\/person\/de562469f971dec226ac06e60bbf74a7"},"headline":"Meclis reisi Mustafa Cemilev Halqara qa\u00e7aqlar k\u00fcn\u00fcne ba\u011f\u0131\u015flan\u011fan \u00abYa\u00f1\u0131 evim \u2013 Ukraina\u00bb fotosergisini\u00f1 a\u00e7\u0131l\u0131\u015f\u0131nda i\u015ftirak etti","datePublished":"2013-06-20T21:41:00+00:00","dateModified":"2022-01-23T21:43:45+00:00","mainEntityOfPage":{"@id":"https:\/\/qtmm.org\/qt\/meclis-reisi-mustafa-cemilev-halqara-qacaqlar-kunune-bagislangan-yani-evim-ukraina-fotosergisinin-acilisinda-istirak-etti\/"},"wordCount":349,"commentCount":0,"publisher":{"@id":"https:\/\/qtmm.org\/qt\/#organization"},"image":{"@id":"https:\/\/qtmm.org\/qt\/meclis-reisi-mustafa-cemilev-halqara-qacaqlar-kunune-bagislangan-yani-evim-ukraina-fotosergisinin-acilisinda-istirak-etti\/#primaryimage"},"thumbnailUrl":"https:\/\/qtmm.org\/wp-content\/uploads\/2022\/01\/foto_3-1.jpeg","articleSection":["Haberler"],"inLanguage":"qt","potentialAction":[{"@type":"CommentAction","name":"Comment","target":["https:\/\/qtmm.org\/qt\/meclis-reisi-mustafa-cemilev-halqara-qacaqlar-kunune-bagislangan-yani-evim-ukraina-fotosergisinin-acilisinda-istirak-etti\/#respond"]}]},{"@type":"WebPage","@id":"https:\/\/qtmm.org\/qt\/meclis-reisi-mustafa-cemilev-halqara-qacaqlar-kunune-bagislangan-yani-evim-ukraina-fotosergisinin-acilisinda-istirak-etti\/","url":"https:\/\/qtmm.org\/qt\/meclis-reisi-mustafa-cemilev-halqara-qacaqlar-kunune-bagislangan-yani-evim-ukraina-fotosergisinin-acilisinda-istirak-etti\/","name":"Meclis reisi Mustafa Cemilev Halqara qa\u00e7aqlar k\u00fcn\u00fcne ba\u011f\u0131\u015flan\u011fan \u00abYa\u00f1\u0131 evim \u2013 Ukraina\u00bb fotosergisini\u00f1 a\u00e7\u0131l\u0131\u015f\u0131nda i\u015ftirak etti - \u041c\u0435\u0434\u0436\u043b\u0456\u0441","isPartOf":{"@id":"https:\/\/qtmm.org\/qt\/#website"},"primaryImageOfPage":{"@id":"https:\/\/qtmm.org\/qt\/meclis-reisi-mustafa-cemilev-halqara-qacaqlar-kunune-bagislangan-yani-evim-ukraina-fotosergisinin-acilisinda-istirak-etti\/#primaryimage"},"image":{"@id":"https:\/\/qtmm.org\/qt\/meclis-reisi-mustafa-cemilev-halqara-qacaqlar-kunune-bagislangan-yani-evim-ukraina-fotosergisinin-acilisinda-istirak-etti\/#primaryimage"},"thumbnailUrl":"https:\/\/qtmm.org\/wp-content\/uploads\/2022\/01\/foto_3-1.jpeg","datePublished":"2013-06-20T21:41:00+00:00","dateModified":"2022-01-23T21:43:45+00:00","breadcrumb":{"@id":"https:\/\/qtmm.org\/qt\/meclis-reisi-mustafa-cemilev-halqara-qacaqlar-kunune-bagislangan-yani-evim-ukraina-fotosergisinin-acilisinda-istirak-etti\/#breadcrumb"},"inLanguage":"qt","potentialAction":[{"@type":"ReadAction","target":["https:\/\/qtmm.org\/qt\/meclis-reisi-mustafa-cemilev-halqara-qacaqlar-kunune-bagislangan-yani-evim-ukraina-fotosergisinin-acilisinda-istirak-etti\/"]}]},{"@type":"ImageObject","inLanguage":"qt","@id":"https:\/\/qtmm.org\/qt\/meclis-reisi-mustafa-cemilev-halqara-qacaqlar-kunune-bagislangan-yani-evim-ukraina-fotosergisinin-acilisinda-istirak-etti\/#primaryimage","url":"https:\/\/qtmm.org\/wp-content\/uploads\/2022\/01\/foto_3-1.jpeg","contentUrl":"https:\/\/qtmm.org\/wp-content\/uploads\/2022\/01\/foto_3-1.jpeg","width":650,"height":380},{"@type":"BreadcrumbList","@id":"https:\/\/qtmm.org\/qt\/meclis-reisi-mustafa-cemilev-halqara-qacaqlar-kunune-bagislangan-yani-evim-ukraina-fotosergisinin-acilisinda-istirak-etti\/#breadcrumb","itemListElement":[{"@type":"ListItem","position":1,"name":"\u0413\u043e\u043b\u043e\u0432\u043d\u0430","item":"https:\/\/qtmm.org\/qt\/"},{"@type":"ListItem","position":2,"name":"Meclis reisi Mustafa Cemilev Halqara qa\u00e7aqlar k\u00fcn\u00fcne ba\u011f\u0131\u015flan\u011fan \u00abYa\u00f1\u0131 evim \u2013 Ukraina\u00bb fotosergisini\u00f1 a\u00e7\u0131l\u0131\u015f\u0131nda i\u015ftirak etti"}]},{"@type":"WebSite","@id":"https:\/\/qtmm.org\/qt\/#website","url":"https:\/\/qtmm.org\/qt\/","name":"\u041c\u0435\u0434\u0436\u043b\u0456\u0441","description":"","publisher":{"@id":"https:\/\/qtmm.org\/qt\/#organization"},"potentialAction":[{"@type":"SearchAction","target":{"@type":"EntryPoint","urlTemplate":"https:\/\/qtmm.org\/qt\/?s={search_term_string}"},"query-input":{"@type":"PropertyValueSpecification","valueRequired":true,"valueName":"search_term_string"}}],"inLanguage":"qt"},{"@type":"Organization","@id":"https:\/\/qtmm.org\/qt\/#organization","name":"\u041c\u0435\u0434\u0436\u043b\u0456\u0441","url":"https:\/\/qtmm.org\/qt\/","logo":{"@type":"ImageObject","inLanguage":"qt","@id":"https:\/\/qtmm.org\/qt\/#\/schema\/logo\/image\/","url":"https:\/\/qtmm.org\/wp-content\/uploads\/2024\/12\/ua-mejlis-logo-rgb.svg","contentUrl":"https:\/\/qtmm.org\/wp-content\/uploads\/2024\/12\/ua-mejlis-logo-rgb.svg","caption":"\u041c\u0435\u0434\u0436\u043b\u0456\u0441"},"image":{"@id":"https:\/\/qtmm.org\/qt\/#\/schema\/logo\/image\/"},"sameAs":["https:\/\/www.facebook.com\/qtmm.info\/"]},{"@type":"Person","@id":"https:\/\/qtmm.org\/qt\/#\/schema\/person\/de562469f971dec226ac06e60bbf74a7","name":"Developer","image":{"@type":"ImageObject","inLanguage":"qt","@id":"https:\/\/secure.gravatar.com\/avatar\/392b4cc8fbfeb00b39dfeeab4ee6edded39ffd48e25858637e4765810300227e?s=96&d=mm&r=g","url":"https:\/\/secure.gravatar.com\/avatar\/392b4cc8fbfeb00b39dfeeab4ee6edded39ffd48e25858637e4765810300227e?s=96&d=mm&r=g","contentUrl":"https:\/\/secure.gravatar.com\/avatar\/392b4cc8fbfeb00b39dfeeab4ee6edded39ffd48e25858637e4765810300227e?s=96&d=mm&r=g","caption":"Developer"},"url":"https:\/\/qtmm.org\/qt\/author\/Developer\/"}]}},"_links":{"self":[{"href":"https:\/\/qtmm.org\/qt\/wp-json\/wp\/v2\/posts\/38149","targetHints":{"allow":["GET"]}}],"collection":[{"href":"https:\/\/qtmm.org\/qt\/wp-json\/wp\/v2\/posts"}],"about":[{"href":"https:\/\/qtmm.org\/qt\/wp-json\/wp\/v2\/types\/post"}],"author":[{"embeddable":true,"href":"https:\/\/qtmm.org\/qt\/wp-json\/wp\/v2\/users\/1"}],"replies":[{"embeddable":true,"href":"https:\/\/qtmm.org\/qt\/wp-json\/wp\/v2\/comments?post=38149"}],"version-history":[{"count":1,"href":"https:\/\/qtmm.org\/qt\/wp-json\/wp\/v2\/posts\/38149\/revisions"}],"predecessor-version":[{"id":38174,"href":"https:\/\/qtmm.org\/qt\/wp-json\/wp\/v2\/posts\/38149\/revisions\/38174"}],"wp:featuredmedia":[{"embeddable":true,"href":"https:\/\/qtmm.org\/qt\/wp-json\/wp\/v2\/media\/38150"}],"wp:attachment":[{"href":"https:\/\/qtmm.org\/qt\/wp-json\/wp\/v2\/media?parent=38149"}],"wp:term":[{"taxonomy":"category","embeddable":true,"href":"https:\/\/qtmm.org\/qt\/wp-json\/wp\/v2\/categories?post=38149"},{"taxonomy":"post_tag","embeddable":true,"href":"https:\/\/qtmm.org\/qt\/wp-json\/wp\/v2\/tags?post=38149"}],"curies":[{"name":"wp","href":"https:\/\/api.w.org\/{rel}","templated":true}]}}