




{"id":38127,"date":"2013-06-19T00:37:00","date_gmt":"2013-06-18T21:37:00","guid":{"rendered":"http:\/\/qtmm.org\/?p=38127"},"modified":"2022-01-24T00:38:02","modified_gmt":"2022-01-23T21:38:02","slug":"mustafa-cemilev-turkiye-bas-naziri-recep-erdogannin-istifaga-ciqmasina-obyektiv-sebep-yoqtir","status":"publish","type":"post","link":"https:\/\/qtmm.org\/qt\/mustafa-cemilev-turkiye-bas-naziri-recep-erdogannin-istifaga-ciqmasina-obyektiv-sebep-yoqtir\/","title":{"rendered":"Mustafa Cemilev: T\u00fcrkiye Ba\u015f naziri Recep Erdo\u011fann\u0131\u00f1 istifa\u011fa \u00e7\u0131qmas\u0131na obyektiv sebep yoqt\u0131r"},"content":{"rendered":"\n<p>T\u00fcrkiye Ba\u015f naziri Recep Erdo\u011fann\u0131\u00f1 istifa\u011fa \u00e7\u0131qmas\u0131na obyektiv sebep yoqt\u0131r, dedi Milliy Meclis reisi Mustafa Cemilev &#8220;ye-Kr\u0131m&#8221; agentligine , T\u00fcrkiye \u015feerlerinde ol\u0131p ke\u00e7ken naraz\u0131l\u0131q aktsiyalar\u0131n\u0131 izaatlarken.<br><br>M. Cemilev hat\u0131rlatt\u0131 ki, \u0130stanbulda Gezi park\u0131nda quruc\u0131l\u0131qqa ealini\u00f1 qar\u015f\u0131 \u00e7\u0131qmas\u0131 bu aktsiyalarn\u0131\u00f1 sebep\u00e7isi old\u0131 ve bu vaziyetten T\u00fcrkiyede, yurt t\u0131\u015f\u0131ndaki muhalif k\u00fc\u00e7ler faydaland\u0131lar.<\/p>\n\n\n\n<p>&#8220;Er \u015fey medeniy \u015fekilde al etilecegine \u00fcm\u00fct etem. Anda park meselesinden uzaq tur\u011fan, amma bu vaziyetni ortal\u0131qn\u0131 qar\u0131\u015ft\u0131rmaq i\u00e7\u00fcn qullanma\u011fa ve Recep Erdo\u011fann\u0131\u00f1 istifa\u011fa yollan\u0131lmas\u0131na t\u0131r\u0131\u015fqan k\u00fc\u00e7ler bar. \u00dck\u00fcmran partiya \u00e7oqtan \u00fck\u00fcmet ba\u015f\u0131nda ol\u0131p, halqn\u0131\u00f1 itibar\u0131n\u0131 qazanabildi.<\/p>\n\n\n\n<p>Demek, ealini\u00f1 ekseri q\u0131sm\u0131 muhalifetke qoltutaca\u011f\u0131na ciddiy esas yoqt\u0131r&#8221;, \u2013dedi Meclis ba\u015fqan\u0131 M.Cemilev. Bun\u0131\u00f1 kibi de o, dedi ki, Recep Erdo\u011fan Ba\u015f nazir vazifesinde ol\u011fanda \u00fck\u00fcmet b\u00fct\u00fcn devletni\u00f1 menfaatlar\u0131na uy\u011fun ol\u011fan i\u015f yap\u0131c\u0131 ve aq\u0131lane siyasetni numay\u0131\u015f etti.<\/p>\n\n\n\n<p>Naraz\u0131l\u0131q aktsiyalar\u0131 i\u015ftirak\u00e7ilerine q\u0131ymet keserken Mustafa Cemilev qayd etti ki, olarn\u0131\u00f1 aras\u0131nda akimiyet siyasetinen raz\u0131 olma\u011fanlarnen bir s\u0131rada &#8220;aqq\u0131 t\u00f6lenilgen&#8221; soylar\u0131 da bar. &#8220;Anda sanat vekilleri, ziyal\u0131lar bar, amma vaziyetni qar\u0131\u015ft\u0131r\u011fan k\u00fc\u00e7ler de buluna. Ealini\u00f1 ancaq 20 fay\u0131z\u0131n\u0131\u00f1 qoltutuv\u0131na saip ol\u011fan muhalifler amelde keli\u015filmegen areketlerni k\u00f6stereler&#8221;, &#8211; dedi M. Cemilev.<\/p>\n\n\n\n<p>Meclis reisi M. Cemilev \u015fun\u0131 da qo\u015ft\u0131 ki, T\u00fcrkiye polisleri naraz\u0131larn\u0131 quvmaq i\u00e7\u00fcn ba\u015fta k\u00fc\u00e7 ve k\u00f6zya\u015f aq\u0131t\u0131c\u0131 gaz qullan\u0131p, addinden a\u015ft\u0131. Ve bu areketlerge ait q\u0131ymet kesilmeli.<\/p>\n\n\n\n<p>M.Cemilev memlekette kerginlikni y\u0131m\u015fatmaq ve evelki vaziyetke qaytmaq park quruc\u0131l\u0131\u011f\u0131 boyunca referendum ke\u00e7irmek kerek, dedi.<\/p>\n","protected":false},"excerpt":{"rendered":"<p>T\u00fcrkiye Ba\u015f naziri Recep Erdo\u011fann\u0131\u00f1 istifa\u011fa \u00e7\u0131qmas\u0131na obyektiv sebep yoqt\u0131r, dedi Milliy Meclis reisi Mustafa Cemilev &#8220;ye-Kr\u0131m&#8221; agentligine , T\u00fcrkiye \u015feerlerinde ol\u0131p ke\u00e7ken naraz\u0131l\u0131q aktsiyalar\u0131n\u0131 izaatlarken. M. Cemilev hat\u0131rlatt\u0131 ki, \u0130stanbulda Gezi park\u0131nda quruc\u0131l\u0131qqa ealini\u00f1 qar\u015f\u0131 \u00e7\u0131qmas\u0131 bu aktsiyalarn\u0131\u00f1 sebep\u00e7isi old\u0131 ve bu vaziyetten T\u00fcrkiyede, yurt t\u0131\u015f\u0131ndaki muhalif k\u00fc\u00e7ler faydaland\u0131lar. &#8220;Er \u015fey medeniy \u015fekilde al [&hellip;]<\/p>\n","protected":false},"author":1,"featured_media":0,"comment_status":"open","ping_status":"open","sticky":false,"template":"","format":"standard","meta":{"inline_featured_image":false,"footnotes":""},"categories":[265],"tags":[],"class_list":["post-38127","post","type-post","status-publish","format-standard","hentry","category-haberler"],"acf":[],"yoast_head":"<!-- This site is optimized with the Yoast SEO plugin v27.4 - https:\/\/yoast.com\/product\/yoast-seo-wordpress\/ -->\n<title>Mustafa Cemilev: T\u00fcrkiye Ba\u015f naziri Recep Erdo\u011fann\u0131\u00f1 istifa\u011fa \u00e7\u0131qmas\u0131na obyektiv sebep yoqt\u0131r - \u041c\u0435\u0434\u0436\u043b\u0456\u0441<\/title>\n<meta name=\"robots\" content=\"index, follow, max-snippet:-1, max-image-preview:large, max-video-preview:-1\" \/>\n<link rel=\"canonical\" href=\"https:\/\/qtmm.org\/qt\/mustafa-cemilev-turkiye-bas-naziri-recep-erdogannin-istifaga-ciqmasina-obyektiv-sebep-yoqtir\/\" \/>\n<meta property=\"og:locale\" content=\"en_US\" \/>\n<meta property=\"og:type\" content=\"article\" \/>\n<meta property=\"og:title\" content=\"Mustafa Cemilev: T\u00fcrkiye Ba\u015f naziri Recep Erdo\u011fann\u0131\u00f1 istifa\u011fa \u00e7\u0131qmas\u0131na obyektiv sebep yoqt\u0131r - \u041c\u0435\u0434\u0436\u043b\u0456\u0441\" \/>\n<meta property=\"og:description\" content=\"T\u00fcrkiye Ba\u015f naziri Recep Erdo\u011fann\u0131\u00f1 istifa\u011fa \u00e7\u0131qmas\u0131na obyektiv sebep yoqt\u0131r, dedi Milliy Meclis reisi Mustafa Cemilev &#8220;ye-Kr\u0131m&#8221; agentligine , T\u00fcrkiye \u015feerlerinde ol\u0131p ke\u00e7ken naraz\u0131l\u0131q aktsiyalar\u0131n\u0131 izaatlarken. M. Cemilev hat\u0131rlatt\u0131 ki, \u0130stanbulda Gezi park\u0131nda quruc\u0131l\u0131qqa ealini\u00f1 qar\u015f\u0131 \u00e7\u0131qmas\u0131 bu aktsiyalarn\u0131\u00f1 sebep\u00e7isi old\u0131 ve bu vaziyetten T\u00fcrkiyede, yurt t\u0131\u015f\u0131ndaki muhalif k\u00fc\u00e7ler faydaland\u0131lar. &#8220;Er \u015fey medeniy \u015fekilde al [&hellip;]\" \/>\n<meta property=\"og:url\" content=\"https:\/\/qtmm.org\/qt\/mustafa-cemilev-turkiye-bas-naziri-recep-erdogannin-istifaga-ciqmasina-obyektiv-sebep-yoqtir\/\" \/>\n<meta property=\"og:site_name\" content=\"\u041c\u0435\u0434\u0436\u043b\u0456\u0441\" \/>\n<meta property=\"article:publisher\" content=\"https:\/\/www.facebook.com\/qtmm.info\/\" \/>\n<meta property=\"article:published_time\" content=\"2013-06-18T21:37:00+00:00\" \/>\n<meta property=\"article:modified_time\" content=\"2022-01-23T21:38:02+00:00\" \/>\n<meta name=\"author\" content=\"Developer\" \/>\n<meta name=\"twitter:card\" content=\"summary_large_image\" \/>\n<meta name=\"twitter:label1\" content=\"Written by\" \/>\n\t<meta name=\"twitter:data1\" content=\"Developer\" \/>\n\t<meta name=\"twitter:label2\" content=\"Est. reading time\" \/>\n\t<meta name=\"twitter:data2\" content=\"2 minutes\" \/>\n<script type=\"application\/ld+json\" class=\"yoast-schema-graph\">{\"@context\":\"https:\\\/\\\/schema.org\",\"@graph\":[{\"@type\":\"Article\",\"@id\":\"https:\\\/\\\/qtmm.org\\\/qt\\\/mustafa-cemilev-turkiye-bas-naziri-recep-erdogannin-istifaga-ciqmasina-obyektiv-sebep-yoqtir\\\/#article\",\"isPartOf\":{\"@id\":\"https:\\\/\\\/qtmm.org\\\/qt\\\/mustafa-cemilev-turkiye-bas-naziri-recep-erdogannin-istifaga-ciqmasina-obyektiv-sebep-yoqtir\\\/\"},\"author\":{\"name\":\"Developer\",\"@id\":\"https:\\\/\\\/qtmm.org\\\/qt\\\/#\\\/schema\\\/person\\\/de562469f971dec226ac06e60bbf74a7\"},\"headline\":\"Mustafa Cemilev: T\u00fcrkiye Ba\u015f naziri Recep Erdo\u011fann\u0131\u00f1 istifa\u011fa \u00e7\u0131qmas\u0131na obyektiv sebep yoqt\u0131r\",\"datePublished\":\"2013-06-18T21:37:00+00:00\",\"dateModified\":\"2022-01-23T21:38:02+00:00\",\"mainEntityOfPage\":{\"@id\":\"https:\\\/\\\/qtmm.org\\\/qt\\\/mustafa-cemilev-turkiye-bas-naziri-recep-erdogannin-istifaga-ciqmasina-obyektiv-sebep-yoqtir\\\/\"},\"wordCount\":324,\"commentCount\":0,\"publisher\":{\"@id\":\"https:\\\/\\\/qtmm.org\\\/qt\\\/#organization\"},\"articleSection\":[\"Haberler\"],\"inLanguage\":\"qt\",\"potentialAction\":[{\"@type\":\"CommentAction\",\"name\":\"Comment\",\"target\":[\"https:\\\/\\\/qtmm.org\\\/qt\\\/mustafa-cemilev-turkiye-bas-naziri-recep-erdogannin-istifaga-ciqmasina-obyektiv-sebep-yoqtir\\\/#respond\"]}]},{\"@type\":\"WebPage\",\"@id\":\"https:\\\/\\\/qtmm.org\\\/qt\\\/mustafa-cemilev-turkiye-bas-naziri-recep-erdogannin-istifaga-ciqmasina-obyektiv-sebep-yoqtir\\\/\",\"url\":\"https:\\\/\\\/qtmm.org\\\/qt\\\/mustafa-cemilev-turkiye-bas-naziri-recep-erdogannin-istifaga-ciqmasina-obyektiv-sebep-yoqtir\\\/\",\"name\":\"Mustafa Cemilev: T\u00fcrkiye Ba\u015f naziri Recep Erdo\u011fann\u0131\u00f1 istifa\u011fa \u00e7\u0131qmas\u0131na obyektiv sebep yoqt\u0131r - \u041c\u0435\u0434\u0436\u043b\u0456\u0441\",\"isPartOf\":{\"@id\":\"https:\\\/\\\/qtmm.org\\\/qt\\\/#website\"},\"datePublished\":\"2013-06-18T21:37:00+00:00\",\"dateModified\":\"2022-01-23T21:38:02+00:00\",\"breadcrumb\":{\"@id\":\"https:\\\/\\\/qtmm.org\\\/qt\\\/mustafa-cemilev-turkiye-bas-naziri-recep-erdogannin-istifaga-ciqmasina-obyektiv-sebep-yoqtir\\\/#breadcrumb\"},\"inLanguage\":\"qt\",\"potentialAction\":[{\"@type\":\"ReadAction\",\"target\":[\"https:\\\/\\\/qtmm.org\\\/qt\\\/mustafa-cemilev-turkiye-bas-naziri-recep-erdogannin-istifaga-ciqmasina-obyektiv-sebep-yoqtir\\\/\"]}]},{\"@type\":\"BreadcrumbList\",\"@id\":\"https:\\\/\\\/qtmm.org\\\/qt\\\/mustafa-cemilev-turkiye-bas-naziri-recep-erdogannin-istifaga-ciqmasina-obyektiv-sebep-yoqtir\\\/#breadcrumb\",\"itemListElement\":[{\"@type\":\"ListItem\",\"position\":1,\"name\":\"\u0413\u043e\u043b\u043e\u0432\u043d\u0430\",\"item\":\"https:\\\/\\\/qtmm.org\\\/qt\\\/\"},{\"@type\":\"ListItem\",\"position\":2,\"name\":\"Mustafa Cemilev: T\u00fcrkiye Ba\u015f naziri Recep Erdo\u011fann\u0131\u00f1 istifa\u011fa \u00e7\u0131qmas\u0131na obyektiv sebep yoqt\u0131r\"}]},{\"@type\":\"WebSite\",\"@id\":\"https:\\\/\\\/qtmm.org\\\/qt\\\/#website\",\"url\":\"https:\\\/\\\/qtmm.org\\\/qt\\\/\",\"name\":\"\u041c\u0435\u0434\u0436\u043b\u0456\u0441\",\"description\":\"\",\"publisher\":{\"@id\":\"https:\\\/\\\/qtmm.org\\\/qt\\\/#organization\"},\"potentialAction\":[{\"@type\":\"SearchAction\",\"target\":{\"@type\":\"EntryPoint\",\"urlTemplate\":\"https:\\\/\\\/qtmm.org\\\/qt\\\/?s={search_term_string}\"},\"query-input\":{\"@type\":\"PropertyValueSpecification\",\"valueRequired\":true,\"valueName\":\"search_term_string\"}}],\"inLanguage\":\"qt\"},{\"@type\":\"Organization\",\"@id\":\"https:\\\/\\\/qtmm.org\\\/qt\\\/#organization\",\"name\":\"\u041c\u0435\u0434\u0436\u043b\u0456\u0441\",\"url\":\"https:\\\/\\\/qtmm.org\\\/qt\\\/\",\"logo\":{\"@type\":\"ImageObject\",\"inLanguage\":\"qt\",\"@id\":\"https:\\\/\\\/qtmm.org\\\/qt\\\/#\\\/schema\\\/logo\\\/image\\\/\",\"url\":\"https:\\\/\\\/qtmm.org\\\/wp-content\\\/uploads\\\/2024\\\/12\\\/ua-mejlis-logo-rgb.svg\",\"contentUrl\":\"https:\\\/\\\/qtmm.org\\\/wp-content\\\/uploads\\\/2024\\\/12\\\/ua-mejlis-logo-rgb.svg\",\"caption\":\"\u041c\u0435\u0434\u0436\u043b\u0456\u0441\"},\"image\":{\"@id\":\"https:\\\/\\\/qtmm.org\\\/qt\\\/#\\\/schema\\\/logo\\\/image\\\/\"},\"sameAs\":[\"https:\\\/\\\/www.facebook.com\\\/qtmm.info\\\/\"]},{\"@type\":\"Person\",\"@id\":\"https:\\\/\\\/qtmm.org\\\/qt\\\/#\\\/schema\\\/person\\\/de562469f971dec226ac06e60bbf74a7\",\"name\":\"Developer\",\"image\":{\"@type\":\"ImageObject\",\"inLanguage\":\"qt\",\"@id\":\"https:\\\/\\\/secure.gravatar.com\\\/avatar\\\/392b4cc8fbfeb00b39dfeeab4ee6edded39ffd48e25858637e4765810300227e?s=96&d=mm&r=g\",\"url\":\"https:\\\/\\\/secure.gravatar.com\\\/avatar\\\/392b4cc8fbfeb00b39dfeeab4ee6edded39ffd48e25858637e4765810300227e?s=96&d=mm&r=g\",\"contentUrl\":\"https:\\\/\\\/secure.gravatar.com\\\/avatar\\\/392b4cc8fbfeb00b39dfeeab4ee6edded39ffd48e25858637e4765810300227e?s=96&d=mm&r=g\",\"caption\":\"Developer\"},\"url\":\"https:\\\/\\\/qtmm.org\\\/qt\\\/author\\\/Developer\\\/\"}]}<\/script>\n<!-- \/ Yoast SEO plugin. -->","yoast_head_json":{"title":"Mustafa Cemilev: T\u00fcrkiye Ba\u015f naziri Recep Erdo\u011fann\u0131\u00f1 istifa\u011fa \u00e7\u0131qmas\u0131na obyektiv sebep yoqt\u0131r - \u041c\u0435\u0434\u0436\u043b\u0456\u0441","robots":{"index":"index","follow":"follow","max-snippet":"max-snippet:-1","max-image-preview":"max-image-preview:large","max-video-preview":"max-video-preview:-1"},"canonical":"https:\/\/qtmm.org\/qt\/mustafa-cemilev-turkiye-bas-naziri-recep-erdogannin-istifaga-ciqmasina-obyektiv-sebep-yoqtir\/","og_locale":"en_US","og_type":"article","og_title":"Mustafa Cemilev: T\u00fcrkiye Ba\u015f naziri Recep Erdo\u011fann\u0131\u00f1 istifa\u011fa \u00e7\u0131qmas\u0131na obyektiv sebep yoqt\u0131r - \u041c\u0435\u0434\u0436\u043b\u0456\u0441","og_description":"T\u00fcrkiye Ba\u015f naziri Recep Erdo\u011fann\u0131\u00f1 istifa\u011fa \u00e7\u0131qmas\u0131na obyektiv sebep yoqt\u0131r, dedi Milliy Meclis reisi Mustafa Cemilev &#8220;ye-Kr\u0131m&#8221; agentligine , T\u00fcrkiye \u015feerlerinde ol\u0131p ke\u00e7ken naraz\u0131l\u0131q aktsiyalar\u0131n\u0131 izaatlarken. M. Cemilev hat\u0131rlatt\u0131 ki, \u0130stanbulda Gezi park\u0131nda quruc\u0131l\u0131qqa ealini\u00f1 qar\u015f\u0131 \u00e7\u0131qmas\u0131 bu aktsiyalarn\u0131\u00f1 sebep\u00e7isi old\u0131 ve bu vaziyetten T\u00fcrkiyede, yurt t\u0131\u015f\u0131ndaki muhalif k\u00fc\u00e7ler faydaland\u0131lar. &#8220;Er \u015fey medeniy \u015fekilde al [&hellip;]","og_url":"https:\/\/qtmm.org\/qt\/mustafa-cemilev-turkiye-bas-naziri-recep-erdogannin-istifaga-ciqmasina-obyektiv-sebep-yoqtir\/","og_site_name":"\u041c\u0435\u0434\u0436\u043b\u0456\u0441","article_publisher":"https:\/\/www.facebook.com\/qtmm.info\/","article_published_time":"2013-06-18T21:37:00+00:00","article_modified_time":"2022-01-23T21:38:02+00:00","author":"Developer","twitter_card":"summary_large_image","twitter_misc":{"Written by":"Developer","Est. reading time":"2 minutes"},"schema":{"@context":"https:\/\/schema.org","@graph":[{"@type":"Article","@id":"https:\/\/qtmm.org\/qt\/mustafa-cemilev-turkiye-bas-naziri-recep-erdogannin-istifaga-ciqmasina-obyektiv-sebep-yoqtir\/#article","isPartOf":{"@id":"https:\/\/qtmm.org\/qt\/mustafa-cemilev-turkiye-bas-naziri-recep-erdogannin-istifaga-ciqmasina-obyektiv-sebep-yoqtir\/"},"author":{"name":"Developer","@id":"https:\/\/qtmm.org\/qt\/#\/schema\/person\/de562469f971dec226ac06e60bbf74a7"},"headline":"Mustafa Cemilev: T\u00fcrkiye Ba\u015f naziri Recep Erdo\u011fann\u0131\u00f1 istifa\u011fa \u00e7\u0131qmas\u0131na obyektiv sebep yoqt\u0131r","datePublished":"2013-06-18T21:37:00+00:00","dateModified":"2022-01-23T21:38:02+00:00","mainEntityOfPage":{"@id":"https:\/\/qtmm.org\/qt\/mustafa-cemilev-turkiye-bas-naziri-recep-erdogannin-istifaga-ciqmasina-obyektiv-sebep-yoqtir\/"},"wordCount":324,"commentCount":0,"publisher":{"@id":"https:\/\/qtmm.org\/qt\/#organization"},"articleSection":["Haberler"],"inLanguage":"qt","potentialAction":[{"@type":"CommentAction","name":"Comment","target":["https:\/\/qtmm.org\/qt\/mustafa-cemilev-turkiye-bas-naziri-recep-erdogannin-istifaga-ciqmasina-obyektiv-sebep-yoqtir\/#respond"]}]},{"@type":"WebPage","@id":"https:\/\/qtmm.org\/qt\/mustafa-cemilev-turkiye-bas-naziri-recep-erdogannin-istifaga-ciqmasina-obyektiv-sebep-yoqtir\/","url":"https:\/\/qtmm.org\/qt\/mustafa-cemilev-turkiye-bas-naziri-recep-erdogannin-istifaga-ciqmasina-obyektiv-sebep-yoqtir\/","name":"Mustafa Cemilev: T\u00fcrkiye Ba\u015f naziri Recep Erdo\u011fann\u0131\u00f1 istifa\u011fa \u00e7\u0131qmas\u0131na obyektiv sebep yoqt\u0131r - \u041c\u0435\u0434\u0436\u043b\u0456\u0441","isPartOf":{"@id":"https:\/\/qtmm.org\/qt\/#website"},"datePublished":"2013-06-18T21:37:00+00:00","dateModified":"2022-01-23T21:38:02+00:00","breadcrumb":{"@id":"https:\/\/qtmm.org\/qt\/mustafa-cemilev-turkiye-bas-naziri-recep-erdogannin-istifaga-ciqmasina-obyektiv-sebep-yoqtir\/#breadcrumb"},"inLanguage":"qt","potentialAction":[{"@type":"ReadAction","target":["https:\/\/qtmm.org\/qt\/mustafa-cemilev-turkiye-bas-naziri-recep-erdogannin-istifaga-ciqmasina-obyektiv-sebep-yoqtir\/"]}]},{"@type":"BreadcrumbList","@id":"https:\/\/qtmm.org\/qt\/mustafa-cemilev-turkiye-bas-naziri-recep-erdogannin-istifaga-ciqmasina-obyektiv-sebep-yoqtir\/#breadcrumb","itemListElement":[{"@type":"ListItem","position":1,"name":"\u0413\u043e\u043b\u043e\u0432\u043d\u0430","item":"https:\/\/qtmm.org\/qt\/"},{"@type":"ListItem","position":2,"name":"Mustafa Cemilev: T\u00fcrkiye Ba\u015f naziri Recep Erdo\u011fann\u0131\u00f1 istifa\u011fa \u00e7\u0131qmas\u0131na obyektiv sebep yoqt\u0131r"}]},{"@type":"WebSite","@id":"https:\/\/qtmm.org\/qt\/#website","url":"https:\/\/qtmm.org\/qt\/","name":"\u041c\u0435\u0434\u0436\u043b\u0456\u0441","description":"","publisher":{"@id":"https:\/\/qtmm.org\/qt\/#organization"},"potentialAction":[{"@type":"SearchAction","target":{"@type":"EntryPoint","urlTemplate":"https:\/\/qtmm.org\/qt\/?s={search_term_string}"},"query-input":{"@type":"PropertyValueSpecification","valueRequired":true,"valueName":"search_term_string"}}],"inLanguage":"qt"},{"@type":"Organization","@id":"https:\/\/qtmm.org\/qt\/#organization","name":"\u041c\u0435\u0434\u0436\u043b\u0456\u0441","url":"https:\/\/qtmm.org\/qt\/","logo":{"@type":"ImageObject","inLanguage":"qt","@id":"https:\/\/qtmm.org\/qt\/#\/schema\/logo\/image\/","url":"https:\/\/qtmm.org\/wp-content\/uploads\/2024\/12\/ua-mejlis-logo-rgb.svg","contentUrl":"https:\/\/qtmm.org\/wp-content\/uploads\/2024\/12\/ua-mejlis-logo-rgb.svg","caption":"\u041c\u0435\u0434\u0436\u043b\u0456\u0441"},"image":{"@id":"https:\/\/qtmm.org\/qt\/#\/schema\/logo\/image\/"},"sameAs":["https:\/\/www.facebook.com\/qtmm.info\/"]},{"@type":"Person","@id":"https:\/\/qtmm.org\/qt\/#\/schema\/person\/de562469f971dec226ac06e60bbf74a7","name":"Developer","image":{"@type":"ImageObject","inLanguage":"qt","@id":"https:\/\/secure.gravatar.com\/avatar\/392b4cc8fbfeb00b39dfeeab4ee6edded39ffd48e25858637e4765810300227e?s=96&d=mm&r=g","url":"https:\/\/secure.gravatar.com\/avatar\/392b4cc8fbfeb00b39dfeeab4ee6edded39ffd48e25858637e4765810300227e?s=96&d=mm&r=g","contentUrl":"https:\/\/secure.gravatar.com\/avatar\/392b4cc8fbfeb00b39dfeeab4ee6edded39ffd48e25858637e4765810300227e?s=96&d=mm&r=g","caption":"Developer"},"url":"https:\/\/qtmm.org\/qt\/author\/Developer\/"}]}},"_links":{"self":[{"href":"https:\/\/qtmm.org\/qt\/wp-json\/wp\/v2\/posts\/38127","targetHints":{"allow":["GET"]}}],"collection":[{"href":"https:\/\/qtmm.org\/qt\/wp-json\/wp\/v2\/posts"}],"about":[{"href":"https:\/\/qtmm.org\/qt\/wp-json\/wp\/v2\/types\/post"}],"author":[{"embeddable":true,"href":"https:\/\/qtmm.org\/qt\/wp-json\/wp\/v2\/users\/1"}],"replies":[{"embeddable":true,"href":"https:\/\/qtmm.org\/qt\/wp-json\/wp\/v2\/comments?post=38127"}],"version-history":[{"count":1,"href":"https:\/\/qtmm.org\/qt\/wp-json\/wp\/v2\/posts\/38127\/revisions"}],"predecessor-version":[{"id":38128,"href":"https:\/\/qtmm.org\/qt\/wp-json\/wp\/v2\/posts\/38127\/revisions\/38128"}],"wp:attachment":[{"href":"https:\/\/qtmm.org\/qt\/wp-json\/wp\/v2\/media?parent=38127"}],"wp:term":[{"taxonomy":"category","embeddable":true,"href":"https:\/\/qtmm.org\/qt\/wp-json\/wp\/v2\/categories?post=38127"},{"taxonomy":"post_tag","embeddable":true,"href":"https:\/\/qtmm.org\/qt\/wp-json\/wp\/v2\/tags?post=38127"}],"curies":[{"name":"wp","href":"https:\/\/api.w.org\/{rel}","templated":true}]}}