




{"id":38125,"date":"2013-06-18T00:36:00","date_gmt":"2013-06-17T21:36:00","guid":{"rendered":"http:\/\/qtmm.org\/?p=38125"},"modified":"2022-01-24T00:37:25","modified_gmt":"2022-01-23T21:37:25","slug":"ukrainada-qirimtatar-halqi-qurultayina-secimler-sonuna-keldi","status":"publish","type":"post","link":"https:\/\/qtmm.org\/qt\/ukrainada-qirimtatar-halqi-qurultayina-secimler-sonuna-keldi\/","title":{"rendered":"Ukrainada Q\u0131r\u0131mtatar halq\u0131 qurultay\u0131na se\u00e7imler so\u00f1una keldi"},"content":{"rendered":"\n<p>Ukrainada Q\u0131r\u0131mtatar halq\u0131n\u0131\u00f1 qurultay\u0131na saylavlar so\u00f1una keldi, amma yurt t\u0131\u015f\u0131nda saylavlar daa devam ete. Bu aqta&nbsp;<a href=\"http:\/\/www.radiosvoboda.org\/content\/article\/25019320.html\" target=\"_blank\" rel=\"noreferrer noopener\">Azatl\u0131q radios\u0131n\u0131\u00f1<\/a>&nbsp;m\u00fchbirine Qurultay\u011fa saylavlar boyunca Merkeziy saylav komissiyas\u0131n\u0131\u00f1 reisi Zair Smedl\u00e2yev bildirdi.<\/p>\n\n\n\n<p>On\u0131\u00f1 aytqan\u0131na k\u00f6re komissiya al-az\u0131rda mart ay\u0131ndan iy\u00fcn ay\u0131n\u0131\u00f1 ortas\u0131na qadar devam etken rey ber\u00fcvlerni\u00f1 neticelerine yek\u00fcn \u00e7ekmekte. Zayir Smedl\u00e2yev bu saylavlarda q\u0131r\u0131mtatar saylavc\u0131lar\u0131n\u0131\u00f1 faalligi 2007 senesi saylavlar\u0131ndan baya\u011f\u0131 y\u00fcksek ol\u011fan\u0131n\u0131 qayd etti.<\/p>\n\n\n\n<p>Resmiy olma\u011fan mal\u00fcmatlar\u011fa k\u00f6re bug\u00fcnge qadar 250 delegattan 198-i se\u00e7ildi. Majoritar sistemi boyunca daa eki delegat \u00d6zbekistanda ya\u015fa\u011fan Ukraina vatanda\u015flar\u0131 aras\u0131ndan saylanacaq. Qal\u011fan 50 yerni ise proportsional sistem boyunca se\u00e7ilgen delegatlar alacaq. Bu saylavlarn\u0131\u00f1 neticeleri \u00d6zbekistanda se\u00e7imler ke\u00e7ken so\u00f1 belli olacaq.<\/p>\n\n\n\n<p>Zair Smedl\u00e2yev haber etkenine k\u00f6re, \u00d6zbekistanda s\u00fcrg\u00fcnlik yerlerinde ya\u015fa\u011fan q\u0131r\u0131mtatarlar aras\u0131nda Qurultay\u011fa saylavlar ke\u00e7irilecek k\u00fcn daa belli degil. Bu hususta ait Ukraina ve \u00d6zbekistan qurumlar\u0131nen s\u00f6yle\u015f\u00fcvler al\u0131p bar\u0131lmaqta.<\/p>\n\n\n\n<p>Qurultay \u2013 q\u0131r\u0131mtatar halq\u0131n\u0131\u00f1 umummilliy qurultay\u0131 \u2013 q\u0131r\u0131mtatarlarn\u0131\u00f1 ananeviy idare organ\u0131 olaraq 1917 senesi \u015fekillenip, 1991 senesi \u011fayr\u0131dan tiklenildi. Delegatlar qar\u0131\u015f\u0131q sistem boyunca 5 y\u0131l\u011fa se\u00e7ileler.<\/p>\n\n\n\n<p>Qurultay icra organ\u0131 \u2013 Meclisni saylay. So\u00f1ki 20 y\u0131l devam\u0131nda o\u00f1a belli uquqqoruy\u0131c\u0131 Mustafa Cemilev reislik yapa. O, art\u0131q Meclis reisligine namzetini k\u00f6stermeycegini, amma ondan uzaqla\u015fmayca\u011f\u0131n\u0131 bildirdi.<\/p>\n\n\n\n<p>Qurultayn\u0131\u00f1 ya\u00f1\u0131 erk\u00e2n\u0131 \u00f6z\u00fcni\u00f1 birinci topla\u015fuv\u0131n\u0131 k\u00fczni\u00f1 ba\u015f\u0131nda ke\u00e7irmesi beklenile, denile&nbsp;<a href=\"http:\/\/www.radiosvoboda.org\/content\/article\/25019320.html\" target=\"_blank\" rel=\"noreferrer noopener\">Azatl\u0131q Radios\u0131n\u0131\u00f1 haberlerinde<\/a>.<\/p>\n","protected":false},"excerpt":{"rendered":"<p>Ukrainada Q\u0131r\u0131mtatar halq\u0131n\u0131\u00f1 qurultay\u0131na saylavlar so\u00f1una keldi, amma yurt t\u0131\u015f\u0131nda saylavlar daa devam ete. Bu aqta&nbsp;Azatl\u0131q radios\u0131n\u0131\u00f1&nbsp;m\u00fchbirine Qurultay\u011fa saylavlar boyunca Merkeziy saylav komissiyas\u0131n\u0131\u00f1 reisi Zair Smedl\u00e2yev bildirdi. On\u0131\u00f1 aytqan\u0131na k\u00f6re komissiya al-az\u0131rda mart ay\u0131ndan iy\u00fcn ay\u0131n\u0131\u00f1 ortas\u0131na qadar devam etken rey ber\u00fcvlerni\u00f1 neticelerine yek\u00fcn \u00e7ekmekte. Zayir Smedl\u00e2yev bu saylavlarda q\u0131r\u0131mtatar saylavc\u0131lar\u0131n\u0131\u00f1 faalligi 2007 senesi saylavlar\u0131ndan [&hellip;]<\/p>\n","protected":false},"author":1,"featured_media":0,"comment_status":"open","ping_status":"open","sticky":false,"template":"","format":"standard","meta":{"inline_featured_image":false,"footnotes":""},"categories":[265],"tags":[],"class_list":["post-38125","post","type-post","status-publish","format-standard","hentry","category-haberler"],"acf":[],"yoast_head":"<!-- This site is optimized with the Yoast SEO plugin v27.4 - https:\/\/yoast.com\/product\/yoast-seo-wordpress\/ -->\n<title>Ukrainada Q\u0131r\u0131mtatar halq\u0131 qurultay\u0131na se\u00e7imler so\u00f1una keldi - \u041c\u0435\u0434\u0436\u043b\u0456\u0441<\/title>\n<meta name=\"robots\" content=\"index, follow, max-snippet:-1, max-image-preview:large, max-video-preview:-1\" \/>\n<link rel=\"canonical\" href=\"https:\/\/qtmm.org\/qt\/ukrainada-qirimtatar-halqi-qurultayina-secimler-sonuna-keldi\/\" \/>\n<meta property=\"og:locale\" content=\"en_US\" \/>\n<meta property=\"og:type\" content=\"article\" \/>\n<meta property=\"og:title\" content=\"Ukrainada Q\u0131r\u0131mtatar halq\u0131 qurultay\u0131na se\u00e7imler so\u00f1una keldi - \u041c\u0435\u0434\u0436\u043b\u0456\u0441\" \/>\n<meta property=\"og:description\" content=\"Ukrainada Q\u0131r\u0131mtatar halq\u0131n\u0131\u00f1 qurultay\u0131na saylavlar so\u00f1una keldi, amma yurt t\u0131\u015f\u0131nda saylavlar daa devam ete. Bu aqta&nbsp;Azatl\u0131q radios\u0131n\u0131\u00f1&nbsp;m\u00fchbirine Qurultay\u011fa saylavlar boyunca Merkeziy saylav komissiyas\u0131n\u0131\u00f1 reisi Zair Smedl\u00e2yev bildirdi. On\u0131\u00f1 aytqan\u0131na k\u00f6re komissiya al-az\u0131rda mart ay\u0131ndan iy\u00fcn ay\u0131n\u0131\u00f1 ortas\u0131na qadar devam etken rey ber\u00fcvlerni\u00f1 neticelerine yek\u00fcn \u00e7ekmekte. Zayir Smedl\u00e2yev bu saylavlarda q\u0131r\u0131mtatar saylavc\u0131lar\u0131n\u0131\u00f1 faalligi 2007 senesi saylavlar\u0131ndan [&hellip;]\" \/>\n<meta property=\"og:url\" content=\"https:\/\/qtmm.org\/qt\/ukrainada-qirimtatar-halqi-qurultayina-secimler-sonuna-keldi\/\" \/>\n<meta property=\"og:site_name\" content=\"\u041c\u0435\u0434\u0436\u043b\u0456\u0441\" \/>\n<meta property=\"article:publisher\" content=\"https:\/\/www.facebook.com\/qtmm.info\/\" \/>\n<meta property=\"article:published_time\" content=\"2013-06-17T21:36:00+00:00\" \/>\n<meta property=\"article:modified_time\" content=\"2022-01-23T21:37:25+00:00\" \/>\n<meta name=\"author\" content=\"Developer\" \/>\n<meta name=\"twitter:card\" content=\"summary_large_image\" \/>\n<meta name=\"twitter:label1\" content=\"Written by\" \/>\n\t<meta name=\"twitter:data1\" content=\"Developer\" \/>\n\t<meta name=\"twitter:label2\" content=\"Est. reading time\" \/>\n\t<meta name=\"twitter:data2\" content=\"1 minute\" \/>\n<script type=\"application\/ld+json\" class=\"yoast-schema-graph\">{\"@context\":\"https:\\\/\\\/schema.org\",\"@graph\":[{\"@type\":\"Article\",\"@id\":\"https:\\\/\\\/qtmm.org\\\/qt\\\/ukrainada-qirimtatar-halqi-qurultayina-secimler-sonuna-keldi\\\/#article\",\"isPartOf\":{\"@id\":\"https:\\\/\\\/qtmm.org\\\/qt\\\/ukrainada-qirimtatar-halqi-qurultayina-secimler-sonuna-keldi\\\/\"},\"author\":{\"name\":\"Developer\",\"@id\":\"https:\\\/\\\/qtmm.org\\\/qt\\\/#\\\/schema\\\/person\\\/de562469f971dec226ac06e60bbf74a7\"},\"headline\":\"Ukrainada Q\u0131r\u0131mtatar halq\u0131 qurultay\u0131na se\u00e7imler so\u00f1una keldi\",\"datePublished\":\"2013-06-17T21:36:00+00:00\",\"dateModified\":\"2022-01-23T21:37:25+00:00\",\"mainEntityOfPage\":{\"@id\":\"https:\\\/\\\/qtmm.org\\\/qt\\\/ukrainada-qirimtatar-halqi-qurultayina-secimler-sonuna-keldi\\\/\"},\"wordCount\":292,\"commentCount\":0,\"publisher\":{\"@id\":\"https:\\\/\\\/qtmm.org\\\/qt\\\/#organization\"},\"articleSection\":[\"Haberler\"],\"inLanguage\":\"qt\",\"potentialAction\":[{\"@type\":\"CommentAction\",\"name\":\"Comment\",\"target\":[\"https:\\\/\\\/qtmm.org\\\/qt\\\/ukrainada-qirimtatar-halqi-qurultayina-secimler-sonuna-keldi\\\/#respond\"]}]},{\"@type\":\"WebPage\",\"@id\":\"https:\\\/\\\/qtmm.org\\\/qt\\\/ukrainada-qirimtatar-halqi-qurultayina-secimler-sonuna-keldi\\\/\",\"url\":\"https:\\\/\\\/qtmm.org\\\/qt\\\/ukrainada-qirimtatar-halqi-qurultayina-secimler-sonuna-keldi\\\/\",\"name\":\"Ukrainada Q\u0131r\u0131mtatar halq\u0131 qurultay\u0131na se\u00e7imler so\u00f1una keldi - \u041c\u0435\u0434\u0436\u043b\u0456\u0441\",\"isPartOf\":{\"@id\":\"https:\\\/\\\/qtmm.org\\\/qt\\\/#website\"},\"datePublished\":\"2013-06-17T21:36:00+00:00\",\"dateModified\":\"2022-01-23T21:37:25+00:00\",\"breadcrumb\":{\"@id\":\"https:\\\/\\\/qtmm.org\\\/qt\\\/ukrainada-qirimtatar-halqi-qurultayina-secimler-sonuna-keldi\\\/#breadcrumb\"},\"inLanguage\":\"qt\",\"potentialAction\":[{\"@type\":\"ReadAction\",\"target\":[\"https:\\\/\\\/qtmm.org\\\/qt\\\/ukrainada-qirimtatar-halqi-qurultayina-secimler-sonuna-keldi\\\/\"]}]},{\"@type\":\"BreadcrumbList\",\"@id\":\"https:\\\/\\\/qtmm.org\\\/qt\\\/ukrainada-qirimtatar-halqi-qurultayina-secimler-sonuna-keldi\\\/#breadcrumb\",\"itemListElement\":[{\"@type\":\"ListItem\",\"position\":1,\"name\":\"\u0413\u043e\u043b\u043e\u0432\u043d\u0430\",\"item\":\"https:\\\/\\\/qtmm.org\\\/qt\\\/\"},{\"@type\":\"ListItem\",\"position\":2,\"name\":\"Ukrainada Q\u0131r\u0131mtatar halq\u0131 qurultay\u0131na se\u00e7imler so\u00f1una keldi\"}]},{\"@type\":\"WebSite\",\"@id\":\"https:\\\/\\\/qtmm.org\\\/qt\\\/#website\",\"url\":\"https:\\\/\\\/qtmm.org\\\/qt\\\/\",\"name\":\"\u041c\u0435\u0434\u0436\u043b\u0456\u0441\",\"description\":\"\",\"publisher\":{\"@id\":\"https:\\\/\\\/qtmm.org\\\/qt\\\/#organization\"},\"potentialAction\":[{\"@type\":\"SearchAction\",\"target\":{\"@type\":\"EntryPoint\",\"urlTemplate\":\"https:\\\/\\\/qtmm.org\\\/qt\\\/?s={search_term_string}\"},\"query-input\":{\"@type\":\"PropertyValueSpecification\",\"valueRequired\":true,\"valueName\":\"search_term_string\"}}],\"inLanguage\":\"qt\"},{\"@type\":\"Organization\",\"@id\":\"https:\\\/\\\/qtmm.org\\\/qt\\\/#organization\",\"name\":\"\u041c\u0435\u0434\u0436\u043b\u0456\u0441\",\"url\":\"https:\\\/\\\/qtmm.org\\\/qt\\\/\",\"logo\":{\"@type\":\"ImageObject\",\"inLanguage\":\"qt\",\"@id\":\"https:\\\/\\\/qtmm.org\\\/qt\\\/#\\\/schema\\\/logo\\\/image\\\/\",\"url\":\"https:\\\/\\\/qtmm.org\\\/wp-content\\\/uploads\\\/2024\\\/12\\\/ua-mejlis-logo-rgb.svg\",\"contentUrl\":\"https:\\\/\\\/qtmm.org\\\/wp-content\\\/uploads\\\/2024\\\/12\\\/ua-mejlis-logo-rgb.svg\",\"caption\":\"\u041c\u0435\u0434\u0436\u043b\u0456\u0441\"},\"image\":{\"@id\":\"https:\\\/\\\/qtmm.org\\\/qt\\\/#\\\/schema\\\/logo\\\/image\\\/\"},\"sameAs\":[\"https:\\\/\\\/www.facebook.com\\\/qtmm.info\\\/\"]},{\"@type\":\"Person\",\"@id\":\"https:\\\/\\\/qtmm.org\\\/qt\\\/#\\\/schema\\\/person\\\/de562469f971dec226ac06e60bbf74a7\",\"name\":\"Developer\",\"image\":{\"@type\":\"ImageObject\",\"inLanguage\":\"qt\",\"@id\":\"https:\\\/\\\/secure.gravatar.com\\\/avatar\\\/392b4cc8fbfeb00b39dfeeab4ee6edded39ffd48e25858637e4765810300227e?s=96&d=mm&r=g\",\"url\":\"https:\\\/\\\/secure.gravatar.com\\\/avatar\\\/392b4cc8fbfeb00b39dfeeab4ee6edded39ffd48e25858637e4765810300227e?s=96&d=mm&r=g\",\"contentUrl\":\"https:\\\/\\\/secure.gravatar.com\\\/avatar\\\/392b4cc8fbfeb00b39dfeeab4ee6edded39ffd48e25858637e4765810300227e?s=96&d=mm&r=g\",\"caption\":\"Developer\"},\"url\":\"https:\\\/\\\/qtmm.org\\\/qt\\\/author\\\/Developer\\\/\"}]}<\/script>\n<!-- \/ Yoast SEO plugin. -->","yoast_head_json":{"title":"Ukrainada Q\u0131r\u0131mtatar halq\u0131 qurultay\u0131na se\u00e7imler so\u00f1una keldi - \u041c\u0435\u0434\u0436\u043b\u0456\u0441","robots":{"index":"index","follow":"follow","max-snippet":"max-snippet:-1","max-image-preview":"max-image-preview:large","max-video-preview":"max-video-preview:-1"},"canonical":"https:\/\/qtmm.org\/qt\/ukrainada-qirimtatar-halqi-qurultayina-secimler-sonuna-keldi\/","og_locale":"en_US","og_type":"article","og_title":"Ukrainada Q\u0131r\u0131mtatar halq\u0131 qurultay\u0131na se\u00e7imler so\u00f1una keldi - \u041c\u0435\u0434\u0436\u043b\u0456\u0441","og_description":"Ukrainada Q\u0131r\u0131mtatar halq\u0131n\u0131\u00f1 qurultay\u0131na saylavlar so\u00f1una keldi, amma yurt t\u0131\u015f\u0131nda saylavlar daa devam ete. Bu aqta&nbsp;Azatl\u0131q radios\u0131n\u0131\u00f1&nbsp;m\u00fchbirine Qurultay\u011fa saylavlar boyunca Merkeziy saylav komissiyas\u0131n\u0131\u00f1 reisi Zair Smedl\u00e2yev bildirdi. On\u0131\u00f1 aytqan\u0131na k\u00f6re komissiya al-az\u0131rda mart ay\u0131ndan iy\u00fcn ay\u0131n\u0131\u00f1 ortas\u0131na qadar devam etken rey ber\u00fcvlerni\u00f1 neticelerine yek\u00fcn \u00e7ekmekte. Zayir Smedl\u00e2yev bu saylavlarda q\u0131r\u0131mtatar saylavc\u0131lar\u0131n\u0131\u00f1 faalligi 2007 senesi saylavlar\u0131ndan [&hellip;]","og_url":"https:\/\/qtmm.org\/qt\/ukrainada-qirimtatar-halqi-qurultayina-secimler-sonuna-keldi\/","og_site_name":"\u041c\u0435\u0434\u0436\u043b\u0456\u0441","article_publisher":"https:\/\/www.facebook.com\/qtmm.info\/","article_published_time":"2013-06-17T21:36:00+00:00","article_modified_time":"2022-01-23T21:37:25+00:00","author":"Developer","twitter_card":"summary_large_image","twitter_misc":{"Written by":"Developer","Est. reading time":"1 minute"},"schema":{"@context":"https:\/\/schema.org","@graph":[{"@type":"Article","@id":"https:\/\/qtmm.org\/qt\/ukrainada-qirimtatar-halqi-qurultayina-secimler-sonuna-keldi\/#article","isPartOf":{"@id":"https:\/\/qtmm.org\/qt\/ukrainada-qirimtatar-halqi-qurultayina-secimler-sonuna-keldi\/"},"author":{"name":"Developer","@id":"https:\/\/qtmm.org\/qt\/#\/schema\/person\/de562469f971dec226ac06e60bbf74a7"},"headline":"Ukrainada Q\u0131r\u0131mtatar halq\u0131 qurultay\u0131na se\u00e7imler so\u00f1una keldi","datePublished":"2013-06-17T21:36:00+00:00","dateModified":"2022-01-23T21:37:25+00:00","mainEntityOfPage":{"@id":"https:\/\/qtmm.org\/qt\/ukrainada-qirimtatar-halqi-qurultayina-secimler-sonuna-keldi\/"},"wordCount":292,"commentCount":0,"publisher":{"@id":"https:\/\/qtmm.org\/qt\/#organization"},"articleSection":["Haberler"],"inLanguage":"qt","potentialAction":[{"@type":"CommentAction","name":"Comment","target":["https:\/\/qtmm.org\/qt\/ukrainada-qirimtatar-halqi-qurultayina-secimler-sonuna-keldi\/#respond"]}]},{"@type":"WebPage","@id":"https:\/\/qtmm.org\/qt\/ukrainada-qirimtatar-halqi-qurultayina-secimler-sonuna-keldi\/","url":"https:\/\/qtmm.org\/qt\/ukrainada-qirimtatar-halqi-qurultayina-secimler-sonuna-keldi\/","name":"Ukrainada Q\u0131r\u0131mtatar halq\u0131 qurultay\u0131na se\u00e7imler so\u00f1una keldi - \u041c\u0435\u0434\u0436\u043b\u0456\u0441","isPartOf":{"@id":"https:\/\/qtmm.org\/qt\/#website"},"datePublished":"2013-06-17T21:36:00+00:00","dateModified":"2022-01-23T21:37:25+00:00","breadcrumb":{"@id":"https:\/\/qtmm.org\/qt\/ukrainada-qirimtatar-halqi-qurultayina-secimler-sonuna-keldi\/#breadcrumb"},"inLanguage":"qt","potentialAction":[{"@type":"ReadAction","target":["https:\/\/qtmm.org\/qt\/ukrainada-qirimtatar-halqi-qurultayina-secimler-sonuna-keldi\/"]}]},{"@type":"BreadcrumbList","@id":"https:\/\/qtmm.org\/qt\/ukrainada-qirimtatar-halqi-qurultayina-secimler-sonuna-keldi\/#breadcrumb","itemListElement":[{"@type":"ListItem","position":1,"name":"\u0413\u043e\u043b\u043e\u0432\u043d\u0430","item":"https:\/\/qtmm.org\/qt\/"},{"@type":"ListItem","position":2,"name":"Ukrainada Q\u0131r\u0131mtatar halq\u0131 qurultay\u0131na se\u00e7imler so\u00f1una keldi"}]},{"@type":"WebSite","@id":"https:\/\/qtmm.org\/qt\/#website","url":"https:\/\/qtmm.org\/qt\/","name":"\u041c\u0435\u0434\u0436\u043b\u0456\u0441","description":"","publisher":{"@id":"https:\/\/qtmm.org\/qt\/#organization"},"potentialAction":[{"@type":"SearchAction","target":{"@type":"EntryPoint","urlTemplate":"https:\/\/qtmm.org\/qt\/?s={search_term_string}"},"query-input":{"@type":"PropertyValueSpecification","valueRequired":true,"valueName":"search_term_string"}}],"inLanguage":"qt"},{"@type":"Organization","@id":"https:\/\/qtmm.org\/qt\/#organization","name":"\u041c\u0435\u0434\u0436\u043b\u0456\u0441","url":"https:\/\/qtmm.org\/qt\/","logo":{"@type":"ImageObject","inLanguage":"qt","@id":"https:\/\/qtmm.org\/qt\/#\/schema\/logo\/image\/","url":"https:\/\/qtmm.org\/wp-content\/uploads\/2024\/12\/ua-mejlis-logo-rgb.svg","contentUrl":"https:\/\/qtmm.org\/wp-content\/uploads\/2024\/12\/ua-mejlis-logo-rgb.svg","caption":"\u041c\u0435\u0434\u0436\u043b\u0456\u0441"},"image":{"@id":"https:\/\/qtmm.org\/qt\/#\/schema\/logo\/image\/"},"sameAs":["https:\/\/www.facebook.com\/qtmm.info\/"]},{"@type":"Person","@id":"https:\/\/qtmm.org\/qt\/#\/schema\/person\/de562469f971dec226ac06e60bbf74a7","name":"Developer","image":{"@type":"ImageObject","inLanguage":"qt","@id":"https:\/\/secure.gravatar.com\/avatar\/392b4cc8fbfeb00b39dfeeab4ee6edded39ffd48e25858637e4765810300227e?s=96&d=mm&r=g","url":"https:\/\/secure.gravatar.com\/avatar\/392b4cc8fbfeb00b39dfeeab4ee6edded39ffd48e25858637e4765810300227e?s=96&d=mm&r=g","contentUrl":"https:\/\/secure.gravatar.com\/avatar\/392b4cc8fbfeb00b39dfeeab4ee6edded39ffd48e25858637e4765810300227e?s=96&d=mm&r=g","caption":"Developer"},"url":"https:\/\/qtmm.org\/qt\/author\/Developer\/"}]}},"_links":{"self":[{"href":"https:\/\/qtmm.org\/qt\/wp-json\/wp\/v2\/posts\/38125","targetHints":{"allow":["GET"]}}],"collection":[{"href":"https:\/\/qtmm.org\/qt\/wp-json\/wp\/v2\/posts"}],"about":[{"href":"https:\/\/qtmm.org\/qt\/wp-json\/wp\/v2\/types\/post"}],"author":[{"embeddable":true,"href":"https:\/\/qtmm.org\/qt\/wp-json\/wp\/v2\/users\/1"}],"replies":[{"embeddable":true,"href":"https:\/\/qtmm.org\/qt\/wp-json\/wp\/v2\/comments?post=38125"}],"version-history":[{"count":1,"href":"https:\/\/qtmm.org\/qt\/wp-json\/wp\/v2\/posts\/38125\/revisions"}],"predecessor-version":[{"id":38126,"href":"https:\/\/qtmm.org\/qt\/wp-json\/wp\/v2\/posts\/38125\/revisions\/38126"}],"wp:attachment":[{"href":"https:\/\/qtmm.org\/qt\/wp-json\/wp\/v2\/media?parent=38125"}],"wp:term":[{"taxonomy":"category","embeddable":true,"href":"https:\/\/qtmm.org\/qt\/wp-json\/wp\/v2\/categories?post=38125"},{"taxonomy":"post_tag","embeddable":true,"href":"https:\/\/qtmm.org\/qt\/wp-json\/wp\/v2\/tags?post=38125"}],"curies":[{"name":"wp","href":"https:\/\/api.w.org\/{rel}","templated":true}]}}