




{"id":38107,"date":"2013-06-17T00:34:00","date_gmt":"2013-06-16T21:34:00","guid":{"rendered":"http:\/\/qtmm.org\/?p=38107"},"modified":"2022-01-24T00:36:31","modified_gmt":"2022-01-23T21:36:31","slug":"meclisnin-aqstaki-temsilcisi-ayla-baqqalli-kommunizm-qurbanlarinin-anitine-gulcember-qoyuv-merasiminde-istirak-etti","status":"publish","type":"post","link":"https:\/\/qtmm.org\/qt\/meclisnin-aqstaki-temsilcisi-ayla-baqqalli-kommunizm-qurbanlarinin-anitine-gulcember-qoyuv-merasiminde-istirak-etti\/","title":{"rendered":"Meclisni\u00f1 AQ\u015etaki temsilcisi Ayla Baqqall\u0131 Kommunizm qurbanlar\u0131n\u0131\u00f1 anitine g\u00fcl\u00e7ember qoyuv merasiminde i\u015ftirak etti"},"content":{"rendered":"\n<p>2013 senesi iy\u00fcn 12 k\u00fcn\u00fc &#8220;Kommunizm qurbanlar\u0131 anitini\u00f1 vaquf\u0131&#8221; reisi Li Edvardsn\u0131\u00f1 daveti ile B\u00fct\u00fcnd\u00fcnya q\u0131r\u0131mtatarlar kongressi Koordinatsion ke\u00f1e\u015fini\u00f1 azas\u0131, Meclisni\u00f1 AQ\u015etaki temsilcisi Ayla Baqqall\u0131 Va\u015fington \u015feerinde Kommunizm qurbanlar\u0131na anitke g\u00fcl\u00e7ember qoyuv merasiminde i\u015ftirak etti.<\/p>\n\n\n\n<p>Tedbir \u00fck\u00fcmetten t\u0131\u015f ol\u011fan &#8220;Kommunizm qurbanlar\u0131 aniti vaquf\u0131&#8221; taraf\u0131ndan er y\u0131l\u0131 \u00f6tkerile. Anit qoyul\u011fan\u0131n\u0131\u00f1 6 y\u0131ll\u0131\u011f\u0131na ba\u011f\u0131\u015flan\u011fan tedbirde AQ\u015e Kongressini\u00f1 azalar\u0131, Litvaniya, Latviya, Estoniya, Daniya, \u015evetsiya ve Finl\u00e2ndiya parlamentlerini\u00f1 vekilleri, Ukrainan\u0131\u00f1 Amerikadaki El\u00e7iligini\u00f1 vekilleri, yigirmiden ziyade devlet el\u00e7iliklerini\u00f1 azalar\u0131, cemaat te\u015fkil\u00e2tlar\u0131 ve milliy cemiyetlerini\u00f1 vekilleri i\u015ftirak ettiler.<\/p>\n\n\n\n<p>&#8220;Men Ukraina el\u00e7iligini\u00f1 azalar\u0131na qo\u015ful\u0131p, Ukrainan\u0131\u00f1 Amerikadaki El\u00e7iligini\u00f1 mesleat\u00e7\u0131s\u0131 Yaroslav Bris\u00fck ile yan-yana\u015fa Kommunizm qurbanlar\u0131n\u0131\u00f1 anitine g\u00fcl\u00e7ember qoymaq i\u00e7\u00fcn areket ettim&#8221;, &#8211; dedi A. Baqqall\u0131. On\u0131\u00f1 aytqan\u0131na k\u00f6re o, &#8220;Kommunizm qurbanlar\u0131 anitini\u00f1 vaquf\u0131&#8221; reisi Li Edvards ile k\u00f6r\u00fc\u015fip, Milliy Meclis yolba\u015f\u00e7\u0131lar\u0131 ad\u0131ndan te\u015fekk\u00fcr bildirdi. Ayla Baqqall\u0131 Vaquf reisine Meclisni\u00f1 Halqara forum ke\u00e7irilmesi o\u011frunda yapqan areketleri aqq\u0131nda mal\u00fcmat berdi.<\/p>\n\n\n\n<p>&#8220;Subetimiz devam\u0131nda biz cell\u00e2t Stalinge eykel qoyuv, qanl\u0131 i\u015flerini k\u00f6stergen sergilerni te\u015fkil et\u00fcv demokratiya printsiplerini ayaq ast\u0131na almaq ol\u011fan\u0131n\u0131 qayd ettik, &#8211; dedi B\u00fct\u00fcnd\u00fcnya q\u0131r\u0131mtatarlar kongressi Koordinatsion ke\u00f1e\u015fini\u00f1 azas\u0131, Meclisni\u00f1 AQ\u015etaki temsilcisi. \u2013 Men o\u00f1a Aqmescitte q\u0131r\u0131mtatarlar Stalin sergisine qar\u015f\u0131 \u00e7\u0131qqanlar\u0131n\u0131 aytt\u0131m. Bu bizim demokratik degerliklerge sad\u0131ql\u0131\u011f\u0131m\u0131zn\u0131 k\u00f6stere&#8221;.<\/p>\n\n\n\n<figure class=\"wp-block-image size-full\"><img loading=\"lazy\" decoding=\"async\" width=\"800\" height=\"600\" src=\"http:\/\/qtmm.org\/wp-content\/uploads\/2022\/01\/3usa.jpeg\" alt=\"\" class=\"wp-image-38112\" srcset=\"https:\/\/qtmm.org\/wp-content\/uploads\/2022\/01\/3usa.jpeg 800w, https:\/\/qtmm.org\/wp-content\/uploads\/2022\/01\/3usa-300x225.jpeg 300w, https:\/\/qtmm.org\/wp-content\/uploads\/2022\/01\/3usa-768x576.jpeg 768w\" sizes=\"auto, (max-width: 800px) 100vw, 800px\" \/><\/figure>\n\n\n\n<p>B\u00fct\u00fcnd\u00fcnya q\u0131r\u0131mtatarlar kongressi Koordinatsion ke\u00f1e\u015fini\u00f1 azas\u0131, Meclisni\u00f1 AQ\u015etaki temsilcisi Ayla Baqqall\u0131 &#8220;Kommunizm qurbanlar\u0131 anitini\u00f1 vaquf\u0131&#8221;nen i\u015fbirlikni devam etmek maqsad\u0131n\u0131 bildirdi.<\/p>\n\n\n\n<p>&#8220;Amerikadaki ukrain diasporas\u0131nen k\u00f6r\u00fc\u015f\u00fcvlerimni devam etip, AQ\u015eta q\u0131r\u0131mtatar meselesini k\u00fctleviyle\u015ftirmek isteyim&#8221;, &#8211; deji Baqqall\u0131 han\u0131m.<br>Bundan da \u011fayr\u0131 A. Baqqall\u0131 bildirgenine k\u00f6re bug\u00fcnde-bug\u00fcn o, &#8220;Q\u0131r\u0131mda ve t\u00fcrk d\u00fcnyas\u0131nda demokratiyan\u0131\u00f1 inki\u015faf\u0131&#8221; mevzus\u0131nda programma boyunca \u00f6z i\u015fini\u00f1 taqdimine az\u0131rl\u0131q al\u0131p bara.<\/p>\n\n\n\n<figure class=\"wp-block-image size-full\"><img loading=\"lazy\" decoding=\"async\" width=\"800\" height=\"600\" src=\"http:\/\/qtmm.org\/wp-content\/uploads\/2022\/01\/1usa-1.jpeg\" alt=\"\" class=\"wp-image-38120\" srcset=\"https:\/\/qtmm.org\/wp-content\/uploads\/2022\/01\/1usa-1.jpeg 800w, https:\/\/qtmm.org\/wp-content\/uploads\/2022\/01\/1usa-1-300x225.jpeg 300w, https:\/\/qtmm.org\/wp-content\/uploads\/2022\/01\/1usa-1-768x576.jpeg 768w\" sizes=\"auto, (max-width: 800px) 100vw, 800px\" \/><\/figure>\n","protected":false},"excerpt":{"rendered":"<p>2013 senesi iy\u00fcn 12 k\u00fcn\u00fc &#8220;Kommunizm qurbanlar\u0131 anitini\u00f1 vaquf\u0131&#8221; reisi Li Edvardsn\u0131\u00f1 daveti ile B\u00fct\u00fcnd\u00fcnya q\u0131r\u0131mtatarlar kongressi Koordinatsion ke\u00f1e\u015fini\u00f1 azas\u0131, Meclisni\u00f1 AQ\u015etaki temsilcisi Ayla Baqqall\u0131 Va\u015fington \u015feerinde Kommunizm qurbanlar\u0131na anitke g\u00fcl\u00e7ember qoyuv merasiminde i\u015ftirak etti. Tedbir \u00fck\u00fcmetten t\u0131\u015f ol\u011fan &#8220;Kommunizm qurbanlar\u0131 aniti vaquf\u0131&#8221; taraf\u0131ndan er y\u0131l\u0131 \u00f6tkerile. Anit qoyul\u011fan\u0131n\u0131\u00f1 6 y\u0131ll\u0131\u011f\u0131na ba\u011f\u0131\u015flan\u011fan tedbirde AQ\u015e Kongressini\u00f1 [&hellip;]<\/p>\n","protected":false},"author":1,"featured_media":38108,"comment_status":"open","ping_status":"open","sticky":false,"template":"","format":"standard","meta":{"inline_featured_image":false,"footnotes":""},"categories":[265],"tags":[],"class_list":["post-38107","post","type-post","status-publish","format-standard","has-post-thumbnail","hentry","category-haberler"],"acf":[],"yoast_head":"<!-- This site is optimized with the Yoast SEO plugin v27.4 - https:\/\/yoast.com\/product\/yoast-seo-wordpress\/ -->\n<title>Meclisni\u00f1 AQ\u015etaki temsilcisi Ayla Baqqall\u0131 Kommunizm qurbanlar\u0131n\u0131\u00f1 anitine g\u00fcl\u00e7ember qoyuv merasiminde i\u015ftirak etti - \u041c\u0435\u0434\u0436\u043b\u0456\u0441<\/title>\n<meta name=\"robots\" content=\"index, follow, max-snippet:-1, max-image-preview:large, max-video-preview:-1\" \/>\n<link rel=\"canonical\" href=\"https:\/\/qtmm.org\/qt\/meclisnin-aqstaki-temsilcisi-ayla-baqqalli-kommunizm-qurbanlarinin-anitine-gulcember-qoyuv-merasiminde-istirak-etti\/\" \/>\n<meta property=\"og:locale\" content=\"en_US\" \/>\n<meta property=\"og:type\" content=\"article\" \/>\n<meta property=\"og:title\" content=\"Meclisni\u00f1 AQ\u015etaki temsilcisi Ayla Baqqall\u0131 Kommunizm qurbanlar\u0131n\u0131\u00f1 anitine g\u00fcl\u00e7ember qoyuv merasiminde i\u015ftirak etti - \u041c\u0435\u0434\u0436\u043b\u0456\u0441\" \/>\n<meta property=\"og:description\" content=\"2013 senesi iy\u00fcn 12 k\u00fcn\u00fc &#8220;Kommunizm qurbanlar\u0131 anitini\u00f1 vaquf\u0131&#8221; reisi Li Edvardsn\u0131\u00f1 daveti ile B\u00fct\u00fcnd\u00fcnya q\u0131r\u0131mtatarlar kongressi Koordinatsion ke\u00f1e\u015fini\u00f1 azas\u0131, Meclisni\u00f1 AQ\u015etaki temsilcisi Ayla Baqqall\u0131 Va\u015fington \u015feerinde Kommunizm qurbanlar\u0131na anitke g\u00fcl\u00e7ember qoyuv merasiminde i\u015ftirak etti. Tedbir \u00fck\u00fcmetten t\u0131\u015f ol\u011fan &#8220;Kommunizm qurbanlar\u0131 aniti vaquf\u0131&#8221; taraf\u0131ndan er y\u0131l\u0131 \u00f6tkerile. Anit qoyul\u011fan\u0131n\u0131\u00f1 6 y\u0131ll\u0131\u011f\u0131na ba\u011f\u0131\u015flan\u011fan tedbirde AQ\u015e Kongressini\u00f1 [&hellip;]\" \/>\n<meta property=\"og:url\" content=\"https:\/\/qtmm.org\/qt\/meclisnin-aqstaki-temsilcisi-ayla-baqqalli-kommunizm-qurbanlarinin-anitine-gulcember-qoyuv-merasiminde-istirak-etti\/\" \/>\n<meta property=\"og:site_name\" content=\"\u041c\u0435\u0434\u0436\u043b\u0456\u0441\" \/>\n<meta property=\"article:publisher\" content=\"https:\/\/www.facebook.com\/qtmm.info\/\" \/>\n<meta property=\"article:published_time\" content=\"2013-06-16T21:34:00+00:00\" \/>\n<meta property=\"article:modified_time\" content=\"2022-01-23T21:36:31+00:00\" \/>\n<meta property=\"og:image\" content=\"https:\/\/qtmm.org\/wp-content\/uploads\/2022\/01\/2usa.jpeg\" \/>\n\t<meta property=\"og:image:width\" content=\"800\" \/>\n\t<meta property=\"og:image:height\" content=\"600\" \/>\n\t<meta property=\"og:image:type\" content=\"image\/jpeg\" \/>\n<meta name=\"author\" content=\"Developer\" \/>\n<meta name=\"twitter:card\" content=\"summary_large_image\" \/>\n<meta name=\"twitter:label1\" content=\"Written by\" \/>\n\t<meta name=\"twitter:data1\" content=\"Developer\" \/>\n\t<meta name=\"twitter:label2\" content=\"Est. reading time\" \/>\n\t<meta name=\"twitter:data2\" content=\"2 minutes\" \/>\n<script type=\"application\/ld+json\" class=\"yoast-schema-graph\">{\"@context\":\"https:\\\/\\\/schema.org\",\"@graph\":[{\"@type\":\"Article\",\"@id\":\"https:\\\/\\\/qtmm.org\\\/qt\\\/meclisnin-aqstaki-temsilcisi-ayla-baqqalli-kommunizm-qurbanlarinin-anitine-gulcember-qoyuv-merasiminde-istirak-etti\\\/#article\",\"isPartOf\":{\"@id\":\"https:\\\/\\\/qtmm.org\\\/qt\\\/meclisnin-aqstaki-temsilcisi-ayla-baqqalli-kommunizm-qurbanlarinin-anitine-gulcember-qoyuv-merasiminde-istirak-etti\\\/\"},\"author\":{\"name\":\"Developer\",\"@id\":\"https:\\\/\\\/qtmm.org\\\/qt\\\/#\\\/schema\\\/person\\\/de562469f971dec226ac06e60bbf74a7\"},\"headline\":\"Meclisni\u00f1 AQ\u015etaki temsilcisi Ayla Baqqall\u0131 Kommunizm qurbanlar\u0131n\u0131\u00f1 anitine g\u00fcl\u00e7ember qoyuv merasiminde i\u015ftirak etti\",\"datePublished\":\"2013-06-16T21:34:00+00:00\",\"dateModified\":\"2022-01-23T21:36:31+00:00\",\"mainEntityOfPage\":{\"@id\":\"https:\\\/\\\/qtmm.org\\\/qt\\\/meclisnin-aqstaki-temsilcisi-ayla-baqqalli-kommunizm-qurbanlarinin-anitine-gulcember-qoyuv-merasiminde-istirak-etti\\\/\"},\"wordCount\":376,\"commentCount\":0,\"publisher\":{\"@id\":\"https:\\\/\\\/qtmm.org\\\/qt\\\/#organization\"},\"image\":{\"@id\":\"https:\\\/\\\/qtmm.org\\\/qt\\\/meclisnin-aqstaki-temsilcisi-ayla-baqqalli-kommunizm-qurbanlarinin-anitine-gulcember-qoyuv-merasiminde-istirak-etti\\\/#primaryimage\"},\"thumbnailUrl\":\"https:\\\/\\\/qtmm.org\\\/wp-content\\\/uploads\\\/2022\\\/01\\\/2usa.jpeg\",\"articleSection\":[\"Haberler\"],\"inLanguage\":\"qt\",\"potentialAction\":[{\"@type\":\"CommentAction\",\"name\":\"Comment\",\"target\":[\"https:\\\/\\\/qtmm.org\\\/qt\\\/meclisnin-aqstaki-temsilcisi-ayla-baqqalli-kommunizm-qurbanlarinin-anitine-gulcember-qoyuv-merasiminde-istirak-etti\\\/#respond\"]}]},{\"@type\":\"WebPage\",\"@id\":\"https:\\\/\\\/qtmm.org\\\/qt\\\/meclisnin-aqstaki-temsilcisi-ayla-baqqalli-kommunizm-qurbanlarinin-anitine-gulcember-qoyuv-merasiminde-istirak-etti\\\/\",\"url\":\"https:\\\/\\\/qtmm.org\\\/qt\\\/meclisnin-aqstaki-temsilcisi-ayla-baqqalli-kommunizm-qurbanlarinin-anitine-gulcember-qoyuv-merasiminde-istirak-etti\\\/\",\"name\":\"Meclisni\u00f1 AQ\u015etaki temsilcisi Ayla Baqqall\u0131 Kommunizm qurbanlar\u0131n\u0131\u00f1 anitine g\u00fcl\u00e7ember qoyuv merasiminde i\u015ftirak etti - \u041c\u0435\u0434\u0436\u043b\u0456\u0441\",\"isPartOf\":{\"@id\":\"https:\\\/\\\/qtmm.org\\\/qt\\\/#website\"},\"primaryImageOfPage\":{\"@id\":\"https:\\\/\\\/qtmm.org\\\/qt\\\/meclisnin-aqstaki-temsilcisi-ayla-baqqalli-kommunizm-qurbanlarinin-anitine-gulcember-qoyuv-merasiminde-istirak-etti\\\/#primaryimage\"},\"image\":{\"@id\":\"https:\\\/\\\/qtmm.org\\\/qt\\\/meclisnin-aqstaki-temsilcisi-ayla-baqqalli-kommunizm-qurbanlarinin-anitine-gulcember-qoyuv-merasiminde-istirak-etti\\\/#primaryimage\"},\"thumbnailUrl\":\"https:\\\/\\\/qtmm.org\\\/wp-content\\\/uploads\\\/2022\\\/01\\\/2usa.jpeg\",\"datePublished\":\"2013-06-16T21:34:00+00:00\",\"dateModified\":\"2022-01-23T21:36:31+00:00\",\"breadcrumb\":{\"@id\":\"https:\\\/\\\/qtmm.org\\\/qt\\\/meclisnin-aqstaki-temsilcisi-ayla-baqqalli-kommunizm-qurbanlarinin-anitine-gulcember-qoyuv-merasiminde-istirak-etti\\\/#breadcrumb\"},\"inLanguage\":\"qt\",\"potentialAction\":[{\"@type\":\"ReadAction\",\"target\":[\"https:\\\/\\\/qtmm.org\\\/qt\\\/meclisnin-aqstaki-temsilcisi-ayla-baqqalli-kommunizm-qurbanlarinin-anitine-gulcember-qoyuv-merasiminde-istirak-etti\\\/\"]}]},{\"@type\":\"ImageObject\",\"inLanguage\":\"qt\",\"@id\":\"https:\\\/\\\/qtmm.org\\\/qt\\\/meclisnin-aqstaki-temsilcisi-ayla-baqqalli-kommunizm-qurbanlarinin-anitine-gulcember-qoyuv-merasiminde-istirak-etti\\\/#primaryimage\",\"url\":\"https:\\\/\\\/qtmm.org\\\/wp-content\\\/uploads\\\/2022\\\/01\\\/2usa.jpeg\",\"contentUrl\":\"https:\\\/\\\/qtmm.org\\\/wp-content\\\/uploads\\\/2022\\\/01\\\/2usa.jpeg\",\"width\":800,\"height\":600},{\"@type\":\"BreadcrumbList\",\"@id\":\"https:\\\/\\\/qtmm.org\\\/qt\\\/meclisnin-aqstaki-temsilcisi-ayla-baqqalli-kommunizm-qurbanlarinin-anitine-gulcember-qoyuv-merasiminde-istirak-etti\\\/#breadcrumb\",\"itemListElement\":[{\"@type\":\"ListItem\",\"position\":1,\"name\":\"\u0413\u043e\u043b\u043e\u0432\u043d\u0430\",\"item\":\"https:\\\/\\\/qtmm.org\\\/qt\\\/\"},{\"@type\":\"ListItem\",\"position\":2,\"name\":\"Meclisni\u00f1 AQ\u015etaki temsilcisi Ayla Baqqall\u0131 Kommunizm qurbanlar\u0131n\u0131\u00f1 anitine g\u00fcl\u00e7ember qoyuv merasiminde i\u015ftirak etti\"}]},{\"@type\":\"WebSite\",\"@id\":\"https:\\\/\\\/qtmm.org\\\/qt\\\/#website\",\"url\":\"https:\\\/\\\/qtmm.org\\\/qt\\\/\",\"name\":\"\u041c\u0435\u0434\u0436\u043b\u0456\u0441\",\"description\":\"\",\"publisher\":{\"@id\":\"https:\\\/\\\/qtmm.org\\\/qt\\\/#organization\"},\"potentialAction\":[{\"@type\":\"SearchAction\",\"target\":{\"@type\":\"EntryPoint\",\"urlTemplate\":\"https:\\\/\\\/qtmm.org\\\/qt\\\/?s={search_term_string}\"},\"query-input\":{\"@type\":\"PropertyValueSpecification\",\"valueRequired\":true,\"valueName\":\"search_term_string\"}}],\"inLanguage\":\"qt\"},{\"@type\":\"Organization\",\"@id\":\"https:\\\/\\\/qtmm.org\\\/qt\\\/#organization\",\"name\":\"\u041c\u0435\u0434\u0436\u043b\u0456\u0441\",\"url\":\"https:\\\/\\\/qtmm.org\\\/qt\\\/\",\"logo\":{\"@type\":\"ImageObject\",\"inLanguage\":\"qt\",\"@id\":\"https:\\\/\\\/qtmm.org\\\/qt\\\/#\\\/schema\\\/logo\\\/image\\\/\",\"url\":\"https:\\\/\\\/qtmm.org\\\/wp-content\\\/uploads\\\/2024\\\/12\\\/ua-mejlis-logo-rgb.svg\",\"contentUrl\":\"https:\\\/\\\/qtmm.org\\\/wp-content\\\/uploads\\\/2024\\\/12\\\/ua-mejlis-logo-rgb.svg\",\"caption\":\"\u041c\u0435\u0434\u0436\u043b\u0456\u0441\"},\"image\":{\"@id\":\"https:\\\/\\\/qtmm.org\\\/qt\\\/#\\\/schema\\\/logo\\\/image\\\/\"},\"sameAs\":[\"https:\\\/\\\/www.facebook.com\\\/qtmm.info\\\/\"]},{\"@type\":\"Person\",\"@id\":\"https:\\\/\\\/qtmm.org\\\/qt\\\/#\\\/schema\\\/person\\\/de562469f971dec226ac06e60bbf74a7\",\"name\":\"Developer\",\"image\":{\"@type\":\"ImageObject\",\"inLanguage\":\"qt\",\"@id\":\"https:\\\/\\\/secure.gravatar.com\\\/avatar\\\/392b4cc8fbfeb00b39dfeeab4ee6edded39ffd48e25858637e4765810300227e?s=96&d=mm&r=g\",\"url\":\"https:\\\/\\\/secure.gravatar.com\\\/avatar\\\/392b4cc8fbfeb00b39dfeeab4ee6edded39ffd48e25858637e4765810300227e?s=96&d=mm&r=g\",\"contentUrl\":\"https:\\\/\\\/secure.gravatar.com\\\/avatar\\\/392b4cc8fbfeb00b39dfeeab4ee6edded39ffd48e25858637e4765810300227e?s=96&d=mm&r=g\",\"caption\":\"Developer\"},\"url\":\"https:\\\/\\\/qtmm.org\\\/qt\\\/author\\\/Developer\\\/\"}]}<\/script>\n<!-- \/ Yoast SEO plugin. -->","yoast_head_json":{"title":"Meclisni\u00f1 AQ\u015etaki temsilcisi Ayla Baqqall\u0131 Kommunizm qurbanlar\u0131n\u0131\u00f1 anitine g\u00fcl\u00e7ember qoyuv merasiminde i\u015ftirak etti - \u041c\u0435\u0434\u0436\u043b\u0456\u0441","robots":{"index":"index","follow":"follow","max-snippet":"max-snippet:-1","max-image-preview":"max-image-preview:large","max-video-preview":"max-video-preview:-1"},"canonical":"https:\/\/qtmm.org\/qt\/meclisnin-aqstaki-temsilcisi-ayla-baqqalli-kommunizm-qurbanlarinin-anitine-gulcember-qoyuv-merasiminde-istirak-etti\/","og_locale":"en_US","og_type":"article","og_title":"Meclisni\u00f1 AQ\u015etaki temsilcisi Ayla Baqqall\u0131 Kommunizm qurbanlar\u0131n\u0131\u00f1 anitine g\u00fcl\u00e7ember qoyuv merasiminde i\u015ftirak etti - \u041c\u0435\u0434\u0436\u043b\u0456\u0441","og_description":"2013 senesi iy\u00fcn 12 k\u00fcn\u00fc &#8220;Kommunizm qurbanlar\u0131 anitini\u00f1 vaquf\u0131&#8221; reisi Li Edvardsn\u0131\u00f1 daveti ile B\u00fct\u00fcnd\u00fcnya q\u0131r\u0131mtatarlar kongressi Koordinatsion ke\u00f1e\u015fini\u00f1 azas\u0131, Meclisni\u00f1 AQ\u015etaki temsilcisi Ayla Baqqall\u0131 Va\u015fington \u015feerinde Kommunizm qurbanlar\u0131na anitke g\u00fcl\u00e7ember qoyuv merasiminde i\u015ftirak etti. Tedbir \u00fck\u00fcmetten t\u0131\u015f ol\u011fan &#8220;Kommunizm qurbanlar\u0131 aniti vaquf\u0131&#8221; taraf\u0131ndan er y\u0131l\u0131 \u00f6tkerile. Anit qoyul\u011fan\u0131n\u0131\u00f1 6 y\u0131ll\u0131\u011f\u0131na ba\u011f\u0131\u015flan\u011fan tedbirde AQ\u015e Kongressini\u00f1 [&hellip;]","og_url":"https:\/\/qtmm.org\/qt\/meclisnin-aqstaki-temsilcisi-ayla-baqqalli-kommunizm-qurbanlarinin-anitine-gulcember-qoyuv-merasiminde-istirak-etti\/","og_site_name":"\u041c\u0435\u0434\u0436\u043b\u0456\u0441","article_publisher":"https:\/\/www.facebook.com\/qtmm.info\/","article_published_time":"2013-06-16T21:34:00+00:00","article_modified_time":"2022-01-23T21:36:31+00:00","og_image":[{"width":800,"height":600,"url":"https:\/\/qtmm.org\/wp-content\/uploads\/2022\/01\/2usa.jpeg","type":"image\/jpeg"}],"author":"Developer","twitter_card":"summary_large_image","twitter_misc":{"Written by":"Developer","Est. reading time":"2 minutes"},"schema":{"@context":"https:\/\/schema.org","@graph":[{"@type":"Article","@id":"https:\/\/qtmm.org\/qt\/meclisnin-aqstaki-temsilcisi-ayla-baqqalli-kommunizm-qurbanlarinin-anitine-gulcember-qoyuv-merasiminde-istirak-etti\/#article","isPartOf":{"@id":"https:\/\/qtmm.org\/qt\/meclisnin-aqstaki-temsilcisi-ayla-baqqalli-kommunizm-qurbanlarinin-anitine-gulcember-qoyuv-merasiminde-istirak-etti\/"},"author":{"name":"Developer","@id":"https:\/\/qtmm.org\/qt\/#\/schema\/person\/de562469f971dec226ac06e60bbf74a7"},"headline":"Meclisni\u00f1 AQ\u015etaki temsilcisi Ayla Baqqall\u0131 Kommunizm qurbanlar\u0131n\u0131\u00f1 anitine g\u00fcl\u00e7ember qoyuv merasiminde i\u015ftirak etti","datePublished":"2013-06-16T21:34:00+00:00","dateModified":"2022-01-23T21:36:31+00:00","mainEntityOfPage":{"@id":"https:\/\/qtmm.org\/qt\/meclisnin-aqstaki-temsilcisi-ayla-baqqalli-kommunizm-qurbanlarinin-anitine-gulcember-qoyuv-merasiminde-istirak-etti\/"},"wordCount":376,"commentCount":0,"publisher":{"@id":"https:\/\/qtmm.org\/qt\/#organization"},"image":{"@id":"https:\/\/qtmm.org\/qt\/meclisnin-aqstaki-temsilcisi-ayla-baqqalli-kommunizm-qurbanlarinin-anitine-gulcember-qoyuv-merasiminde-istirak-etti\/#primaryimage"},"thumbnailUrl":"https:\/\/qtmm.org\/wp-content\/uploads\/2022\/01\/2usa.jpeg","articleSection":["Haberler"],"inLanguage":"qt","potentialAction":[{"@type":"CommentAction","name":"Comment","target":["https:\/\/qtmm.org\/qt\/meclisnin-aqstaki-temsilcisi-ayla-baqqalli-kommunizm-qurbanlarinin-anitine-gulcember-qoyuv-merasiminde-istirak-etti\/#respond"]}]},{"@type":"WebPage","@id":"https:\/\/qtmm.org\/qt\/meclisnin-aqstaki-temsilcisi-ayla-baqqalli-kommunizm-qurbanlarinin-anitine-gulcember-qoyuv-merasiminde-istirak-etti\/","url":"https:\/\/qtmm.org\/qt\/meclisnin-aqstaki-temsilcisi-ayla-baqqalli-kommunizm-qurbanlarinin-anitine-gulcember-qoyuv-merasiminde-istirak-etti\/","name":"Meclisni\u00f1 AQ\u015etaki temsilcisi Ayla Baqqall\u0131 Kommunizm qurbanlar\u0131n\u0131\u00f1 anitine g\u00fcl\u00e7ember qoyuv merasiminde i\u015ftirak etti - \u041c\u0435\u0434\u0436\u043b\u0456\u0441","isPartOf":{"@id":"https:\/\/qtmm.org\/qt\/#website"},"primaryImageOfPage":{"@id":"https:\/\/qtmm.org\/qt\/meclisnin-aqstaki-temsilcisi-ayla-baqqalli-kommunizm-qurbanlarinin-anitine-gulcember-qoyuv-merasiminde-istirak-etti\/#primaryimage"},"image":{"@id":"https:\/\/qtmm.org\/qt\/meclisnin-aqstaki-temsilcisi-ayla-baqqalli-kommunizm-qurbanlarinin-anitine-gulcember-qoyuv-merasiminde-istirak-etti\/#primaryimage"},"thumbnailUrl":"https:\/\/qtmm.org\/wp-content\/uploads\/2022\/01\/2usa.jpeg","datePublished":"2013-06-16T21:34:00+00:00","dateModified":"2022-01-23T21:36:31+00:00","breadcrumb":{"@id":"https:\/\/qtmm.org\/qt\/meclisnin-aqstaki-temsilcisi-ayla-baqqalli-kommunizm-qurbanlarinin-anitine-gulcember-qoyuv-merasiminde-istirak-etti\/#breadcrumb"},"inLanguage":"qt","potentialAction":[{"@type":"ReadAction","target":["https:\/\/qtmm.org\/qt\/meclisnin-aqstaki-temsilcisi-ayla-baqqalli-kommunizm-qurbanlarinin-anitine-gulcember-qoyuv-merasiminde-istirak-etti\/"]}]},{"@type":"ImageObject","inLanguage":"qt","@id":"https:\/\/qtmm.org\/qt\/meclisnin-aqstaki-temsilcisi-ayla-baqqalli-kommunizm-qurbanlarinin-anitine-gulcember-qoyuv-merasiminde-istirak-etti\/#primaryimage","url":"https:\/\/qtmm.org\/wp-content\/uploads\/2022\/01\/2usa.jpeg","contentUrl":"https:\/\/qtmm.org\/wp-content\/uploads\/2022\/01\/2usa.jpeg","width":800,"height":600},{"@type":"BreadcrumbList","@id":"https:\/\/qtmm.org\/qt\/meclisnin-aqstaki-temsilcisi-ayla-baqqalli-kommunizm-qurbanlarinin-anitine-gulcember-qoyuv-merasiminde-istirak-etti\/#breadcrumb","itemListElement":[{"@type":"ListItem","position":1,"name":"\u0413\u043e\u043b\u043e\u0432\u043d\u0430","item":"https:\/\/qtmm.org\/qt\/"},{"@type":"ListItem","position":2,"name":"Meclisni\u00f1 AQ\u015etaki temsilcisi Ayla Baqqall\u0131 Kommunizm qurbanlar\u0131n\u0131\u00f1 anitine g\u00fcl\u00e7ember qoyuv merasiminde i\u015ftirak etti"}]},{"@type":"WebSite","@id":"https:\/\/qtmm.org\/qt\/#website","url":"https:\/\/qtmm.org\/qt\/","name":"\u041c\u0435\u0434\u0436\u043b\u0456\u0441","description":"","publisher":{"@id":"https:\/\/qtmm.org\/qt\/#organization"},"potentialAction":[{"@type":"SearchAction","target":{"@type":"EntryPoint","urlTemplate":"https:\/\/qtmm.org\/qt\/?s={search_term_string}"},"query-input":{"@type":"PropertyValueSpecification","valueRequired":true,"valueName":"search_term_string"}}],"inLanguage":"qt"},{"@type":"Organization","@id":"https:\/\/qtmm.org\/qt\/#organization","name":"\u041c\u0435\u0434\u0436\u043b\u0456\u0441","url":"https:\/\/qtmm.org\/qt\/","logo":{"@type":"ImageObject","inLanguage":"qt","@id":"https:\/\/qtmm.org\/qt\/#\/schema\/logo\/image\/","url":"https:\/\/qtmm.org\/wp-content\/uploads\/2024\/12\/ua-mejlis-logo-rgb.svg","contentUrl":"https:\/\/qtmm.org\/wp-content\/uploads\/2024\/12\/ua-mejlis-logo-rgb.svg","caption":"\u041c\u0435\u0434\u0436\u043b\u0456\u0441"},"image":{"@id":"https:\/\/qtmm.org\/qt\/#\/schema\/logo\/image\/"},"sameAs":["https:\/\/www.facebook.com\/qtmm.info\/"]},{"@type":"Person","@id":"https:\/\/qtmm.org\/qt\/#\/schema\/person\/de562469f971dec226ac06e60bbf74a7","name":"Developer","image":{"@type":"ImageObject","inLanguage":"qt","@id":"https:\/\/secure.gravatar.com\/avatar\/392b4cc8fbfeb00b39dfeeab4ee6edded39ffd48e25858637e4765810300227e?s=96&d=mm&r=g","url":"https:\/\/secure.gravatar.com\/avatar\/392b4cc8fbfeb00b39dfeeab4ee6edded39ffd48e25858637e4765810300227e?s=96&d=mm&r=g","contentUrl":"https:\/\/secure.gravatar.com\/avatar\/392b4cc8fbfeb00b39dfeeab4ee6edded39ffd48e25858637e4765810300227e?s=96&d=mm&r=g","caption":"Developer"},"url":"https:\/\/qtmm.org\/qt\/author\/Developer\/"}]}},"_links":{"self":[{"href":"https:\/\/qtmm.org\/qt\/wp-json\/wp\/v2\/posts\/38107","targetHints":{"allow":["GET"]}}],"collection":[{"href":"https:\/\/qtmm.org\/qt\/wp-json\/wp\/v2\/posts"}],"about":[{"href":"https:\/\/qtmm.org\/qt\/wp-json\/wp\/v2\/types\/post"}],"author":[{"embeddable":true,"href":"https:\/\/qtmm.org\/qt\/wp-json\/wp\/v2\/users\/1"}],"replies":[{"embeddable":true,"href":"https:\/\/qtmm.org\/qt\/wp-json\/wp\/v2\/comments?post=38107"}],"version-history":[{"count":1,"href":"https:\/\/qtmm.org\/qt\/wp-json\/wp\/v2\/posts\/38107\/revisions"}],"predecessor-version":[{"id":38124,"href":"https:\/\/qtmm.org\/qt\/wp-json\/wp\/v2\/posts\/38107\/revisions\/38124"}],"wp:featuredmedia":[{"embeddable":true,"href":"https:\/\/qtmm.org\/qt\/wp-json\/wp\/v2\/media\/38108"}],"wp:attachment":[{"href":"https:\/\/qtmm.org\/qt\/wp-json\/wp\/v2\/media?parent=38107"}],"wp:term":[{"taxonomy":"category","embeddable":true,"href":"https:\/\/qtmm.org\/qt\/wp-json\/wp\/v2\/categories?post=38107"},{"taxonomy":"post_tag","embeddable":true,"href":"https:\/\/qtmm.org\/qt\/wp-json\/wp\/v2\/tags?post=38107"}],"curies":[{"name":"wp","href":"https:\/\/api.w.org\/{rel}","templated":true}]}}