




{"id":38101,"date":"2013-06-16T00:33:00","date_gmt":"2013-06-15T21:33:00","guid":{"rendered":"http:\/\/qtmm.org\/?p=38101"},"modified":"2022-01-24T00:34:18","modified_gmt":"2022-01-23T21:34:18","slug":"mustafa-cemile-avropa-birligi-delegatsiyasi-ile-korusti","status":"publish","type":"post","link":"https:\/\/qtmm.org\/qt\/mustafa-cemile-avropa-birligi-delegatsiyasi-ile-korusti\/","title":{"rendered":"Mustafa Cemile Avropa Birligi delegatsiyas\u0131 ile k\u00f6r\u00fc\u015fti"},"content":{"rendered":"\n<p>2013 senesi iy\u00fcn 15 k\u00fcn\u00fc Milliy Meclis reisi Mustafa Cemilev Avropa Birligi delegatsiyas\u0131 ile k\u00f6r\u00fc\u015fti. Avropa Birligini\u00f1 Qom\u015ful\u0131q programmas\u0131 \u00e7er\u00e7ivesinde Avropa ve Cen\u00fcbiy Kavkaz devletlerinen i\u015fbirlikni\u00f1 co\u011frafiy koordinatsiyas\u0131 meseleleri boyunca b\u00f6l\u00fck ba\u015f\u0131 Andrea Matteo Fontana reisligindeki delegatsiyas\u0131na bun\u0131\u00f1 kibi de Ukraina i\u00e7\u00fcn Avropa komissiyas\u0131 inki\u015faf ve i\u015fbirlik meseleleri boyunca ba\u015f direktoratn\u0131\u00f1 co\u011frafiy koordinator\u0131 Marka Tilla, Avropa Birligini\u00f1 Ukrainadaki temsilciligi\u00f1 t\u0131\u015fq\u0131 yard\u0131m programmalar\u0131n\u0131\u00f1 idarecisi Endr\u00fc Razba\u015f ve Avropa Birligini\u00f1 Q\u0131r\u0131m ve Aqyar boyunca birle\u015fken te\u015febb\u00fcsler koordinator\u0131 Entso Damiano kirdiler.<\/p>\n\n\n\n<p>Milliy Meclisni k\u00f6r\u00fc\u015f\u00fcvde Milliy Meclis reisini\u00f1 birinci muavini Refat \u00c7ubarov, t\u0131\u015fq\u0131 al\u00e2qalar b\u00f6l\u00fcgini\u00f1 ba\u015f\u0131 Ali Hamzin, Meclis Prezidium\u0131n\u0131\u00f1 azas\u0131, Ba\u011f\u00e7asaray rayon devlet memuriyetini\u00f1 ba\u015f\u0131 \u0130lmiy \u00dcmerov ve Kiyevdeki q\u0131r\u0131mtatar cemiyetini\u00f1 reisi Aslan \u00d6mer K\u0131r\u0131ml\u0131 temsil ettiler.<\/p>\n\n\n\n<p>Musafirlerni\u00f1 ricas\u0131na k\u00f6re Refat \u00c7ubarov Rusiye Q\u0131r\u0131m hanl\u0131\u011f\u0131n\u0131 1783 senesi i\u015f\u011fal etmezden evel \u00f6z devleti ol\u011fan, 1944 senesi s\u00fcrg\u00fcnlikke o\u011frat\u0131l\u011fan, Vatan\u011fa qaytuv o\u011frunda k\u00fcre\u015fken q\u0131r\u0131mtatar halq\u0131n\u0131\u00f1 tarih\u0131 ve bug\u00fcnki vaziyetini tarif etti.<\/p>\n\n\n\n<p>&#8220;80-nci senelerni\u00f1 so\u00f1unda k\u00fctleviy naraz\u0131l\u0131q aktsiyalar\u0131 d\u00fcnya cemaat\u00e7\u0131l\u0131\u011f\u0131 i\u00e7\u00fcn signal old\u0131 ve o, q\u0131r\u0131mtatar meselesi aqq\u0131nda ayt\u0131p ba\u015flad\u0131. Biz b\u00fct\u00fcn ve sistem olmaq maqsad\u0131nda Q\u0131r\u0131m\u011fa qaytqan so\u00f1 milliy idare organ\u0131m\u0131z Qurultay-Mecliske tayanam\u0131z&#8221;, &#8211; dep qayd etti R. \u00c7ubarov.<\/p>\n\n\n\n<p>Q\u0131r\u0131mdaki i\u00e7timaiy-siyasiy vaziyetni ve q\u0131r\u0131mtatar halq\u0131n\u0131\u00f1 bug\u00fcnki al\u0131 muzakere etilgende Meclis yolba\u015f\u00e7\u0131lar\u0131 Avropa Birligi delegatsiyas\u0131n\u0131\u00f1 diqqat\u0131n\u0131 Q\u0131r\u0131mtatar halq\u0131n\u0131\u00f1 aqlar\u0131n\u0131 tiklev, Ukrainada on\u0131\u00f1 inki\u015faf\u0131n\u0131 teminlev meselesi boyunca halqara forum\u011fa az\u0131rl\u0131q meselelerine celp etti. &#8220;Halqara cemaat\u00e7\u0131l\u0131qn\u0131\u00f1 tesiri ve i\u015ftiraki olmadan Ukrainada er angi bir siyasiy k\u00fc\u00e7ni\u00f1 qoltutuv\u0131na iri\u015fmek k\u00fc\u00e7, &#8211; dedi Meclis reisi Mustafa Cemilev ve Ukrainada stabillik milliy mens\u00fcpligine k\u00f6re s\u00fcrg\u00fcn etilgen q\u0131r\u0131mtatarlarn\u0131\u00f1 meselesi ne derecede \u00e7ezilgenine ba\u011fl\u0131d\u0131r, dep qo\u015ft\u0131.<\/p>\n\n\n\n<p>Meclis reisini\u00f1 aytqan\u0131na k\u00f6re bir s\u0131ra yetek\u00e7i Avropa devletleri, Kanada, Amerika, T\u00fcrkiye siyaset\u00e7ileri, halqara te\u015fkil\u00e2tlarn\u0131\u00f1 vekillerinen k\u00f6r\u00fc\u015f\u00fcv ve a\u00f1la\u015fmalar ol\u011fan\u0131na baqmadan Ukraina Meclisni\u00f1 bu te\u015febb\u00fcsini k\u00f6rmemezlikke ala ve Halqara forum ke\u00e7irilmesini\u00f1 zarurl\u0131\u011f\u0131n\u0131 a\u00f1lama\u011fa istemey.<\/p>\n\n\n\n<p>Meclis t\u0131\u015fq\u0131 al\u00e2qalar b\u00f6l\u00fcgini\u00f1 ba\u015f\u0131 Ali Hamzin \u00f6z nevbetinde b\u00f6yle bir meraql\u0131 faktn\u0131 qayd etti \u2013 Ukraina akimleri Q\u0131r\u0131m\u011fa qaytmaqta ol\u011fan q\u0131r\u0131mtatarlarn\u0131 qaytaruv ve yerle\u015ftir\u00fcv i\u015finde yard\u0131m sorap T\u00fcrkiyede Ukraina El\u00e7iligi vastas\u0131nen q\u0131r\u0131mtatar derneklerine muracaat etken bir vaq\u0131tta ayn\u0131 \u015fu meselelerni \u00e7ezmek maqsad\u0131nen ke\u00e7irilmesi planla\u015ft\u0131r\u0131l\u011fan Halqara forum\u011fa nisbeten resmiy Kiyev a\u00f1la\u015f\u0131lma\u011fan bir pozitsiyan\u0131 al\u0131p, forum \u00f6tkerilmesine raz\u0131l\u0131\u011f\u0131n\u0131 al\u00e2 daa bermedi.<br><br>Eki saat devam etken dialog neticelerine yek\u00fcn \u00e7ekken Endr\u00fc Razba\u015f Halqara forum ke\u00e7irilmesinde mevcut zorluqlarn\u0131 \u00e7ezmek i\u00e7\u00fcn bu aqta Avropa Birligi akimiyeti institutlar\u0131, \u015fu c\u00fcmleden Avropa Birligini\u00f1 Ukrainadaki temsilciligine bildirmege az\u0131rl\u0131\u011f\u0131n\u0131 tekrar tasdiqlad\u0131.<\/p>\n","protected":false},"excerpt":{"rendered":"<p>2013 senesi iy\u00fcn 15 k\u00fcn\u00fc Milliy Meclis reisi Mustafa Cemilev Avropa Birligi delegatsiyas\u0131 ile k\u00f6r\u00fc\u015fti. Avropa Birligini\u00f1 Qom\u015ful\u0131q programmas\u0131 \u00e7er\u00e7ivesinde Avropa ve Cen\u00fcbiy Kavkaz devletlerinen i\u015fbirlikni\u00f1 co\u011frafiy koordinatsiyas\u0131 meseleleri boyunca b\u00f6l\u00fck ba\u015f\u0131 Andrea Matteo Fontana reisligindeki delegatsiyas\u0131na bun\u0131\u00f1 kibi de Ukraina i\u00e7\u00fcn Avropa komissiyas\u0131 inki\u015faf ve i\u015fbirlik meseleleri boyunca ba\u015f direktoratn\u0131\u00f1 co\u011frafiy koordinator\u0131 Marka Tilla, [&hellip;]<\/p>\n","protected":false},"author":1,"featured_media":38102,"comment_status":"open","ping_status":"open","sticky":false,"template":"","format":"standard","meta":{"inline_featured_image":false,"footnotes":""},"categories":[265],"tags":[],"class_list":["post-38101","post","type-post","status-publish","format-standard","has-post-thumbnail","hentry","category-haberler"],"acf":[],"yoast_head":"<!-- This site is optimized with the Yoast SEO plugin v27.4 - https:\/\/yoast.com\/product\/yoast-seo-wordpress\/ -->\n<title>Mustafa Cemile Avropa Birligi delegatsiyas\u0131 ile k\u00f6r\u00fc\u015fti - \u041c\u0435\u0434\u0436\u043b\u0456\u0441<\/title>\n<meta name=\"robots\" content=\"index, follow, max-snippet:-1, max-image-preview:large, max-video-preview:-1\" \/>\n<link rel=\"canonical\" href=\"https:\/\/qtmm.org\/qt\/mustafa-cemile-avropa-birligi-delegatsiyasi-ile-korusti\/\" \/>\n<meta property=\"og:locale\" content=\"en_US\" \/>\n<meta property=\"og:type\" content=\"article\" \/>\n<meta property=\"og:title\" content=\"Mustafa Cemile Avropa Birligi delegatsiyas\u0131 ile k\u00f6r\u00fc\u015fti - \u041c\u0435\u0434\u0436\u043b\u0456\u0441\" \/>\n<meta property=\"og:description\" content=\"2013 senesi iy\u00fcn 15 k\u00fcn\u00fc Milliy Meclis reisi Mustafa Cemilev Avropa Birligi delegatsiyas\u0131 ile k\u00f6r\u00fc\u015fti. Avropa Birligini\u00f1 Qom\u015ful\u0131q programmas\u0131 \u00e7er\u00e7ivesinde Avropa ve Cen\u00fcbiy Kavkaz devletlerinen i\u015fbirlikni\u00f1 co\u011frafiy koordinatsiyas\u0131 meseleleri boyunca b\u00f6l\u00fck ba\u015f\u0131 Andrea Matteo Fontana reisligindeki delegatsiyas\u0131na bun\u0131\u00f1 kibi de Ukraina i\u00e7\u00fcn Avropa komissiyas\u0131 inki\u015faf ve i\u015fbirlik meseleleri boyunca ba\u015f direktoratn\u0131\u00f1 co\u011frafiy koordinator\u0131 Marka Tilla, [&hellip;]\" \/>\n<meta property=\"og:url\" content=\"https:\/\/qtmm.org\/qt\/mustafa-cemile-avropa-birligi-delegatsiyasi-ile-korusti\/\" \/>\n<meta property=\"og:site_name\" content=\"\u041c\u0435\u0434\u0436\u043b\u0456\u0441\" \/>\n<meta property=\"article:publisher\" content=\"https:\/\/www.facebook.com\/qtmm.info\/\" \/>\n<meta property=\"article:published_time\" content=\"2013-06-15T21:33:00+00:00\" \/>\n<meta property=\"article:modified_time\" content=\"2022-01-23T21:34:18+00:00\" \/>\n<meta property=\"og:image\" content=\"https:\/\/qtmm.org\/wp-content\/uploads\/2022\/01\/fotografiya_1_sch.jpeg\" \/>\n\t<meta property=\"og:image:width\" content=\"800\" \/>\n\t<meta property=\"og:image:height\" content=\"600\" \/>\n\t<meta property=\"og:image:type\" content=\"image\/jpeg\" \/>\n<meta name=\"author\" content=\"Developer\" \/>\n<meta name=\"twitter:card\" content=\"summary_large_image\" \/>\n<meta name=\"twitter:label1\" content=\"Written by\" \/>\n\t<meta name=\"twitter:data1\" content=\"Developer\" \/>\n\t<meta name=\"twitter:label2\" content=\"Est. reading time\" \/>\n\t<meta name=\"twitter:data2\" content=\"3 minutes\" \/>\n<script type=\"application\/ld+json\" class=\"yoast-schema-graph\">{\"@context\":\"https:\\\/\\\/schema.org\",\"@graph\":[{\"@type\":\"Article\",\"@id\":\"https:\\\/\\\/qtmm.org\\\/qt\\\/mustafa-cemile-avropa-birligi-delegatsiyasi-ile-korusti\\\/#article\",\"isPartOf\":{\"@id\":\"https:\\\/\\\/qtmm.org\\\/qt\\\/mustafa-cemile-avropa-birligi-delegatsiyasi-ile-korusti\\\/\"},\"author\":{\"name\":\"Developer\",\"@id\":\"https:\\\/\\\/qtmm.org\\\/qt\\\/#\\\/schema\\\/person\\\/de562469f971dec226ac06e60bbf74a7\"},\"headline\":\"Mustafa Cemile Avropa Birligi delegatsiyas\u0131 ile k\u00f6r\u00fc\u015fti\",\"datePublished\":\"2013-06-15T21:33:00+00:00\",\"dateModified\":\"2022-01-23T21:34:18+00:00\",\"mainEntityOfPage\":{\"@id\":\"https:\\\/\\\/qtmm.org\\\/qt\\\/mustafa-cemile-avropa-birligi-delegatsiyasi-ile-korusti\\\/\"},\"wordCount\":558,\"commentCount\":0,\"publisher\":{\"@id\":\"https:\\\/\\\/qtmm.org\\\/qt\\\/#organization\"},\"image\":{\"@id\":\"https:\\\/\\\/qtmm.org\\\/qt\\\/mustafa-cemile-avropa-birligi-delegatsiyasi-ile-korusti\\\/#primaryimage\"},\"thumbnailUrl\":\"https:\\\/\\\/qtmm.org\\\/wp-content\\\/uploads\\\/2022\\\/01\\\/fotografiya_1_sch.jpeg\",\"articleSection\":[\"Haberler\"],\"inLanguage\":\"qt\",\"potentialAction\":[{\"@type\":\"CommentAction\",\"name\":\"Comment\",\"target\":[\"https:\\\/\\\/qtmm.org\\\/qt\\\/mustafa-cemile-avropa-birligi-delegatsiyasi-ile-korusti\\\/#respond\"]}]},{\"@type\":\"WebPage\",\"@id\":\"https:\\\/\\\/qtmm.org\\\/qt\\\/mustafa-cemile-avropa-birligi-delegatsiyasi-ile-korusti\\\/\",\"url\":\"https:\\\/\\\/qtmm.org\\\/qt\\\/mustafa-cemile-avropa-birligi-delegatsiyasi-ile-korusti\\\/\",\"name\":\"Mustafa Cemile Avropa Birligi delegatsiyas\u0131 ile k\u00f6r\u00fc\u015fti - \u041c\u0435\u0434\u0436\u043b\u0456\u0441\",\"isPartOf\":{\"@id\":\"https:\\\/\\\/qtmm.org\\\/qt\\\/#website\"},\"primaryImageOfPage\":{\"@id\":\"https:\\\/\\\/qtmm.org\\\/qt\\\/mustafa-cemile-avropa-birligi-delegatsiyasi-ile-korusti\\\/#primaryimage\"},\"image\":{\"@id\":\"https:\\\/\\\/qtmm.org\\\/qt\\\/mustafa-cemile-avropa-birligi-delegatsiyasi-ile-korusti\\\/#primaryimage\"},\"thumbnailUrl\":\"https:\\\/\\\/qtmm.org\\\/wp-content\\\/uploads\\\/2022\\\/01\\\/fotografiya_1_sch.jpeg\",\"datePublished\":\"2013-06-15T21:33:00+00:00\",\"dateModified\":\"2022-01-23T21:34:18+00:00\",\"breadcrumb\":{\"@id\":\"https:\\\/\\\/qtmm.org\\\/qt\\\/mustafa-cemile-avropa-birligi-delegatsiyasi-ile-korusti\\\/#breadcrumb\"},\"inLanguage\":\"qt\",\"potentialAction\":[{\"@type\":\"ReadAction\",\"target\":[\"https:\\\/\\\/qtmm.org\\\/qt\\\/mustafa-cemile-avropa-birligi-delegatsiyasi-ile-korusti\\\/\"]}]},{\"@type\":\"ImageObject\",\"inLanguage\":\"qt\",\"@id\":\"https:\\\/\\\/qtmm.org\\\/qt\\\/mustafa-cemile-avropa-birligi-delegatsiyasi-ile-korusti\\\/#primaryimage\",\"url\":\"https:\\\/\\\/qtmm.org\\\/wp-content\\\/uploads\\\/2022\\\/01\\\/fotografiya_1_sch.jpeg\",\"contentUrl\":\"https:\\\/\\\/qtmm.org\\\/wp-content\\\/uploads\\\/2022\\\/01\\\/fotografiya_1_sch.jpeg\",\"width\":800,\"height\":600},{\"@type\":\"BreadcrumbList\",\"@id\":\"https:\\\/\\\/qtmm.org\\\/qt\\\/mustafa-cemile-avropa-birligi-delegatsiyasi-ile-korusti\\\/#breadcrumb\",\"itemListElement\":[{\"@type\":\"ListItem\",\"position\":1,\"name\":\"\u0413\u043e\u043b\u043e\u0432\u043d\u0430\",\"item\":\"https:\\\/\\\/qtmm.org\\\/qt\\\/\"},{\"@type\":\"ListItem\",\"position\":2,\"name\":\"Mustafa Cemile Avropa Birligi delegatsiyas\u0131 ile k\u00f6r\u00fc\u015fti\"}]},{\"@type\":\"WebSite\",\"@id\":\"https:\\\/\\\/qtmm.org\\\/qt\\\/#website\",\"url\":\"https:\\\/\\\/qtmm.org\\\/qt\\\/\",\"name\":\"\u041c\u0435\u0434\u0436\u043b\u0456\u0441\",\"description\":\"\",\"publisher\":{\"@id\":\"https:\\\/\\\/qtmm.org\\\/qt\\\/#organization\"},\"potentialAction\":[{\"@type\":\"SearchAction\",\"target\":{\"@type\":\"EntryPoint\",\"urlTemplate\":\"https:\\\/\\\/qtmm.org\\\/qt\\\/?s={search_term_string}\"},\"query-input\":{\"@type\":\"PropertyValueSpecification\",\"valueRequired\":true,\"valueName\":\"search_term_string\"}}],\"inLanguage\":\"qt\"},{\"@type\":\"Organization\",\"@id\":\"https:\\\/\\\/qtmm.org\\\/qt\\\/#organization\",\"name\":\"\u041c\u0435\u0434\u0436\u043b\u0456\u0441\",\"url\":\"https:\\\/\\\/qtmm.org\\\/qt\\\/\",\"logo\":{\"@type\":\"ImageObject\",\"inLanguage\":\"qt\",\"@id\":\"https:\\\/\\\/qtmm.org\\\/qt\\\/#\\\/schema\\\/logo\\\/image\\\/\",\"url\":\"https:\\\/\\\/qtmm.org\\\/wp-content\\\/uploads\\\/2024\\\/12\\\/ua-mejlis-logo-rgb.svg\",\"contentUrl\":\"https:\\\/\\\/qtmm.org\\\/wp-content\\\/uploads\\\/2024\\\/12\\\/ua-mejlis-logo-rgb.svg\",\"caption\":\"\u041c\u0435\u0434\u0436\u043b\u0456\u0441\"},\"image\":{\"@id\":\"https:\\\/\\\/qtmm.org\\\/qt\\\/#\\\/schema\\\/logo\\\/image\\\/\"},\"sameAs\":[\"https:\\\/\\\/www.facebook.com\\\/qtmm.info\\\/\"]},{\"@type\":\"Person\",\"@id\":\"https:\\\/\\\/qtmm.org\\\/qt\\\/#\\\/schema\\\/person\\\/de562469f971dec226ac06e60bbf74a7\",\"name\":\"Developer\",\"image\":{\"@type\":\"ImageObject\",\"inLanguage\":\"qt\",\"@id\":\"https:\\\/\\\/secure.gravatar.com\\\/avatar\\\/392b4cc8fbfeb00b39dfeeab4ee6edded39ffd48e25858637e4765810300227e?s=96&d=mm&r=g\",\"url\":\"https:\\\/\\\/secure.gravatar.com\\\/avatar\\\/392b4cc8fbfeb00b39dfeeab4ee6edded39ffd48e25858637e4765810300227e?s=96&d=mm&r=g\",\"contentUrl\":\"https:\\\/\\\/secure.gravatar.com\\\/avatar\\\/392b4cc8fbfeb00b39dfeeab4ee6edded39ffd48e25858637e4765810300227e?s=96&d=mm&r=g\",\"caption\":\"Developer\"},\"url\":\"https:\\\/\\\/qtmm.org\\\/qt\\\/author\\\/Developer\\\/\"}]}<\/script>\n<!-- \/ Yoast SEO plugin. -->","yoast_head_json":{"title":"Mustafa Cemile Avropa Birligi delegatsiyas\u0131 ile k\u00f6r\u00fc\u015fti - \u041c\u0435\u0434\u0436\u043b\u0456\u0441","robots":{"index":"index","follow":"follow","max-snippet":"max-snippet:-1","max-image-preview":"max-image-preview:large","max-video-preview":"max-video-preview:-1"},"canonical":"https:\/\/qtmm.org\/qt\/mustafa-cemile-avropa-birligi-delegatsiyasi-ile-korusti\/","og_locale":"en_US","og_type":"article","og_title":"Mustafa Cemile Avropa Birligi delegatsiyas\u0131 ile k\u00f6r\u00fc\u015fti - \u041c\u0435\u0434\u0436\u043b\u0456\u0441","og_description":"2013 senesi iy\u00fcn 15 k\u00fcn\u00fc Milliy Meclis reisi Mustafa Cemilev Avropa Birligi delegatsiyas\u0131 ile k\u00f6r\u00fc\u015fti. Avropa Birligini\u00f1 Qom\u015ful\u0131q programmas\u0131 \u00e7er\u00e7ivesinde Avropa ve Cen\u00fcbiy Kavkaz devletlerinen i\u015fbirlikni\u00f1 co\u011frafiy koordinatsiyas\u0131 meseleleri boyunca b\u00f6l\u00fck ba\u015f\u0131 Andrea Matteo Fontana reisligindeki delegatsiyas\u0131na bun\u0131\u00f1 kibi de Ukraina i\u00e7\u00fcn Avropa komissiyas\u0131 inki\u015faf ve i\u015fbirlik meseleleri boyunca ba\u015f direktoratn\u0131\u00f1 co\u011frafiy koordinator\u0131 Marka Tilla, [&hellip;]","og_url":"https:\/\/qtmm.org\/qt\/mustafa-cemile-avropa-birligi-delegatsiyasi-ile-korusti\/","og_site_name":"\u041c\u0435\u0434\u0436\u043b\u0456\u0441","article_publisher":"https:\/\/www.facebook.com\/qtmm.info\/","article_published_time":"2013-06-15T21:33:00+00:00","article_modified_time":"2022-01-23T21:34:18+00:00","og_image":[{"width":800,"height":600,"url":"https:\/\/qtmm.org\/wp-content\/uploads\/2022\/01\/fotografiya_1_sch.jpeg","type":"image\/jpeg"}],"author":"Developer","twitter_card":"summary_large_image","twitter_misc":{"Written by":"Developer","Est. reading time":"3 minutes"},"schema":{"@context":"https:\/\/schema.org","@graph":[{"@type":"Article","@id":"https:\/\/qtmm.org\/qt\/mustafa-cemile-avropa-birligi-delegatsiyasi-ile-korusti\/#article","isPartOf":{"@id":"https:\/\/qtmm.org\/qt\/mustafa-cemile-avropa-birligi-delegatsiyasi-ile-korusti\/"},"author":{"name":"Developer","@id":"https:\/\/qtmm.org\/qt\/#\/schema\/person\/de562469f971dec226ac06e60bbf74a7"},"headline":"Mustafa Cemile Avropa Birligi delegatsiyas\u0131 ile k\u00f6r\u00fc\u015fti","datePublished":"2013-06-15T21:33:00+00:00","dateModified":"2022-01-23T21:34:18+00:00","mainEntityOfPage":{"@id":"https:\/\/qtmm.org\/qt\/mustafa-cemile-avropa-birligi-delegatsiyasi-ile-korusti\/"},"wordCount":558,"commentCount":0,"publisher":{"@id":"https:\/\/qtmm.org\/qt\/#organization"},"image":{"@id":"https:\/\/qtmm.org\/qt\/mustafa-cemile-avropa-birligi-delegatsiyasi-ile-korusti\/#primaryimage"},"thumbnailUrl":"https:\/\/qtmm.org\/wp-content\/uploads\/2022\/01\/fotografiya_1_sch.jpeg","articleSection":["Haberler"],"inLanguage":"qt","potentialAction":[{"@type":"CommentAction","name":"Comment","target":["https:\/\/qtmm.org\/qt\/mustafa-cemile-avropa-birligi-delegatsiyasi-ile-korusti\/#respond"]}]},{"@type":"WebPage","@id":"https:\/\/qtmm.org\/qt\/mustafa-cemile-avropa-birligi-delegatsiyasi-ile-korusti\/","url":"https:\/\/qtmm.org\/qt\/mustafa-cemile-avropa-birligi-delegatsiyasi-ile-korusti\/","name":"Mustafa Cemile Avropa Birligi delegatsiyas\u0131 ile k\u00f6r\u00fc\u015fti - \u041c\u0435\u0434\u0436\u043b\u0456\u0441","isPartOf":{"@id":"https:\/\/qtmm.org\/qt\/#website"},"primaryImageOfPage":{"@id":"https:\/\/qtmm.org\/qt\/mustafa-cemile-avropa-birligi-delegatsiyasi-ile-korusti\/#primaryimage"},"image":{"@id":"https:\/\/qtmm.org\/qt\/mustafa-cemile-avropa-birligi-delegatsiyasi-ile-korusti\/#primaryimage"},"thumbnailUrl":"https:\/\/qtmm.org\/wp-content\/uploads\/2022\/01\/fotografiya_1_sch.jpeg","datePublished":"2013-06-15T21:33:00+00:00","dateModified":"2022-01-23T21:34:18+00:00","breadcrumb":{"@id":"https:\/\/qtmm.org\/qt\/mustafa-cemile-avropa-birligi-delegatsiyasi-ile-korusti\/#breadcrumb"},"inLanguage":"qt","potentialAction":[{"@type":"ReadAction","target":["https:\/\/qtmm.org\/qt\/mustafa-cemile-avropa-birligi-delegatsiyasi-ile-korusti\/"]}]},{"@type":"ImageObject","inLanguage":"qt","@id":"https:\/\/qtmm.org\/qt\/mustafa-cemile-avropa-birligi-delegatsiyasi-ile-korusti\/#primaryimage","url":"https:\/\/qtmm.org\/wp-content\/uploads\/2022\/01\/fotografiya_1_sch.jpeg","contentUrl":"https:\/\/qtmm.org\/wp-content\/uploads\/2022\/01\/fotografiya_1_sch.jpeg","width":800,"height":600},{"@type":"BreadcrumbList","@id":"https:\/\/qtmm.org\/qt\/mustafa-cemile-avropa-birligi-delegatsiyasi-ile-korusti\/#breadcrumb","itemListElement":[{"@type":"ListItem","position":1,"name":"\u0413\u043e\u043b\u043e\u0432\u043d\u0430","item":"https:\/\/qtmm.org\/qt\/"},{"@type":"ListItem","position":2,"name":"Mustafa Cemile Avropa Birligi delegatsiyas\u0131 ile k\u00f6r\u00fc\u015fti"}]},{"@type":"WebSite","@id":"https:\/\/qtmm.org\/qt\/#website","url":"https:\/\/qtmm.org\/qt\/","name":"\u041c\u0435\u0434\u0436\u043b\u0456\u0441","description":"","publisher":{"@id":"https:\/\/qtmm.org\/qt\/#organization"},"potentialAction":[{"@type":"SearchAction","target":{"@type":"EntryPoint","urlTemplate":"https:\/\/qtmm.org\/qt\/?s={search_term_string}"},"query-input":{"@type":"PropertyValueSpecification","valueRequired":true,"valueName":"search_term_string"}}],"inLanguage":"qt"},{"@type":"Organization","@id":"https:\/\/qtmm.org\/qt\/#organization","name":"\u041c\u0435\u0434\u0436\u043b\u0456\u0441","url":"https:\/\/qtmm.org\/qt\/","logo":{"@type":"ImageObject","inLanguage":"qt","@id":"https:\/\/qtmm.org\/qt\/#\/schema\/logo\/image\/","url":"https:\/\/qtmm.org\/wp-content\/uploads\/2024\/12\/ua-mejlis-logo-rgb.svg","contentUrl":"https:\/\/qtmm.org\/wp-content\/uploads\/2024\/12\/ua-mejlis-logo-rgb.svg","caption":"\u041c\u0435\u0434\u0436\u043b\u0456\u0441"},"image":{"@id":"https:\/\/qtmm.org\/qt\/#\/schema\/logo\/image\/"},"sameAs":["https:\/\/www.facebook.com\/qtmm.info\/"]},{"@type":"Person","@id":"https:\/\/qtmm.org\/qt\/#\/schema\/person\/de562469f971dec226ac06e60bbf74a7","name":"Developer","image":{"@type":"ImageObject","inLanguage":"qt","@id":"https:\/\/secure.gravatar.com\/avatar\/392b4cc8fbfeb00b39dfeeab4ee6edded39ffd48e25858637e4765810300227e?s=96&d=mm&r=g","url":"https:\/\/secure.gravatar.com\/avatar\/392b4cc8fbfeb00b39dfeeab4ee6edded39ffd48e25858637e4765810300227e?s=96&d=mm&r=g","contentUrl":"https:\/\/secure.gravatar.com\/avatar\/392b4cc8fbfeb00b39dfeeab4ee6edded39ffd48e25858637e4765810300227e?s=96&d=mm&r=g","caption":"Developer"},"url":"https:\/\/qtmm.org\/qt\/author\/Developer\/"}]}},"_links":{"self":[{"href":"https:\/\/qtmm.org\/qt\/wp-json\/wp\/v2\/posts\/38101","targetHints":{"allow":["GET"]}}],"collection":[{"href":"https:\/\/qtmm.org\/qt\/wp-json\/wp\/v2\/posts"}],"about":[{"href":"https:\/\/qtmm.org\/qt\/wp-json\/wp\/v2\/types\/post"}],"author":[{"embeddable":true,"href":"https:\/\/qtmm.org\/qt\/wp-json\/wp\/v2\/users\/1"}],"replies":[{"embeddable":true,"href":"https:\/\/qtmm.org\/qt\/wp-json\/wp\/v2\/comments?post=38101"}],"version-history":[{"count":1,"href":"https:\/\/qtmm.org\/qt\/wp-json\/wp\/v2\/posts\/38101\/revisions"}],"predecessor-version":[{"id":38106,"href":"https:\/\/qtmm.org\/qt\/wp-json\/wp\/v2\/posts\/38101\/revisions\/38106"}],"wp:featuredmedia":[{"embeddable":true,"href":"https:\/\/qtmm.org\/qt\/wp-json\/wp\/v2\/media\/38102"}],"wp:attachment":[{"href":"https:\/\/qtmm.org\/qt\/wp-json\/wp\/v2\/media?parent=38101"}],"wp:term":[{"taxonomy":"category","embeddable":true,"href":"https:\/\/qtmm.org\/qt\/wp-json\/wp\/v2\/categories?post=38101"},{"taxonomy":"post_tag","embeddable":true,"href":"https:\/\/qtmm.org\/qt\/wp-json\/wp\/v2\/tags?post=38101"}],"curies":[{"name":"wp","href":"https:\/\/api.w.org\/{rel}","templated":true}]}}