




{"id":37973,"date":"2013-06-14T00:29:00","date_gmt":"2013-06-13T21:29:00","guid":{"rendered":"http:\/\/qtmm.org\/?p=37973"},"modified":"2022-01-24T00:30:00","modified_gmt":"2022-01-23T21:30:00","slug":"qirim-inkisafi-vaqufi-general-potr-grigorenko-aqqinda-hatirlavlar-kitabini-ciqaracaq","status":"publish","type":"post","link":"https:\/\/qtmm.org\/qt\/qirim-inkisafi-vaqufi-general-potr-grigorenko-aqqinda-hatirlavlar-kitabini-ciqaracaq\/","title":{"rendered":"\u00abQ\u0131r\u0131m inki\u015faf\u0131 vaquf\u0131\u00bb general P\u00f6tr Grigorenko aqq\u0131nda hat\u0131rlavlar kitab\u0131n\u0131 \u00e7\u0131qaracaq"},"content":{"rendered":"\n<p>&#8220;Q\u0131r\u0131mn\u0131\u00f1 asabal\u0131\u011f\u0131&#8221; leyhas\u0131n\u0131 amelge ke\u00e7ir\u00fcv \u00e7er\u00e7ivesinde &#8220;Q\u0131r\u0131m inki\u015faf\u0131 vaquf\u0131&#8221; Hayriye te\u015fkil\u00e2t\u0131 cemiyet, milliy medeniyetler ve siyasiy qurumlarn\u0131\u00f1 inki\u015faf\u0131na q\u0131ymeti \u00f6l\u00e7\u00fcsiz isse qo\u015fqan \u0130smail Gasprinskiy, P\u00f6tr Grigorenko ve Andrey Saharov kibi \u015fah\u0131slarn\u0131\u00f1 variyetini te\u015fviq etken yar\u0131qland\u0131ruv, informatsion ve tasil programmalarn\u0131 al\u0131p bara.<\/p>\n\n\n\n<p>2013 senesi may\u0131sn\u0131\u00f1 so\u00f1unda &#8220;Q\u0131r\u0131mn\u0131\u00f1 asabal\u0131\u011f\u0131&#8221; leyhas\u0131n\u0131 amelge ke\u00e7ir\u00fcv \u00e7er\u00e7ivesinde &#8220;Q\u0131r\u0131m inki\u015faf\u0131 vaquf\u0131&#8221; Hayriye te\u015fkil\u00e2t\u0131 b\u00fcy\u00fck ukrain cemaat erbab\u0131, uquqqoruy\u0131c\u0131, general P\u00f6tr Grigorenko aqq\u0131nda hat\u0131rlavlar kitab\u0131n\u0131 az\u0131rlav\u011fa kiri\u015ftiler.<\/p>\n\n\n\n<p>Bu aqta Fondn\u0131\u00f1 matbuat merkezi haber ete. Ukrainada kitapn\u0131\u00f1 ne\u015firi generaln\u0131\u00f1 o\u011flu Andrey Grigorenkon\u0131\u00f1 te\u015febb\u00fcsi ve reberligi alt\u0131nda yap\u0131l\u0131p, bun\u0131\u00f1 kibi de bu i\u015fte &#8220;General P\u00f6tr Grigorenkon\u0131\u00f1 fond\u0131&#8221; (Ny\u00fc-York,&nbsp;<a href=\"http:\/\/www.grigorenko.org\/\" target=\"_blank\" rel=\"noreferrer noopener\">www.grigorenko.org<\/a>), &#8220;Harkov uquqqoruv te\u015fkil\u00e2t\u0131&#8221; &#8221; (Harkov,&nbsp;<a href=\"http:\/\/www.khpg.org\/\" target=\"_blank\" rel=\"noreferrer noopener\">www.khpg.org<\/a>) i\u015ftirak eteler.<\/p>\n\n\n\n<p>Leyha i\u015ftirak\u00e7ileri kitapn\u0131\u00f1 rus tilinde variant\u0131n\u0131 2013 senesi k\u00fczde, ukrain tilinde ise 2014 senesi ne\u015fir etmekni planla\u015ft\u0131ralar. Bundan da \u011fayr\u0131 kitap Rusiyede ayr\u0131ca bas\u0131lacaq.<\/p>\n\n\n\n<p><br><em><u>Mal\u00fcmat i\u00e7\u00fcn:<\/u><\/em><\/p>\n\n\n\n<p>Petr Grigorenko B\u00f6risovka k\u00f6y\u00fcnde, Zaporojyede do\u011fd\u0131. Harkov tehnologik institutta, Ba\u015f \u015ftab Akademiyas\u0131nda oqud\u0131. 1939-1945 senelerde cenkte old\u0131. 1945 senesinden Frunze ad\u0131na Moskva Arbiy akademiyas\u0131nda ocal\u0131q yapt\u0131. 1961 senesi stalinizm ve Hru\u015f\u00e7\u00f6v siyasetini tenqid etti. 1964 senesi b\u00fct\u00fcn muk\u00e2fatlar\u0131 ve nefaqas\u0131ndan mahrum etildi.1964-1965 ve 1969-1971 senelerde ruhiy hastalar hastahanesinde zorluqnen tedaviylendi. On\u0131 defalarca yaqalad\u0131lar, \u00e7al\u0131\u015fma\u011fa bermediler. 1976 senesi Moskva Helsinki gruppas\u0131n\u0131\u00f1 quruc\u0131 azas\u0131 old\u0131. So\u00f1ra Ukraina Helsinki gruppas\u0131n\u0131 qurma\u011fa yard\u0131m etti ve kendisi de o\u00f1a kirdi. Bu gruppa SSSR dissidentlerini\u00f1 merkezi old\u0131. 1977 senesi o\u00f1a yurt t\u0131\u015f\u0131na ameliyat yapma\u011fa ketmege izin berip, qaytmaqn\u0131 yasaq eteler ve vatanda\u015fl\u0131qtan \u00e7\u0131qaralar. 1987 senesi fevral 21-de general vefat ete ve Ny\u00fc-York civar\u0131ndaki Baund-Brukteki ukrain mezarl\u0131\u011f\u0131nda defn etile<\/p>\n","protected":false},"excerpt":{"rendered":"<p>&#8220;Q\u0131r\u0131mn\u0131\u00f1 asabal\u0131\u011f\u0131&#8221; leyhas\u0131n\u0131 amelge ke\u00e7ir\u00fcv \u00e7er\u00e7ivesinde &#8220;Q\u0131r\u0131m inki\u015faf\u0131 vaquf\u0131&#8221; Hayriye te\u015fkil\u00e2t\u0131 cemiyet, milliy medeniyetler ve siyasiy qurumlarn\u0131\u00f1 inki\u015faf\u0131na q\u0131ymeti \u00f6l\u00e7\u00fcsiz isse qo\u015fqan \u0130smail Gasprinskiy, P\u00f6tr Grigorenko ve Andrey Saharov kibi \u015fah\u0131slarn\u0131\u00f1 variyetini te\u015fviq etken yar\u0131qland\u0131ruv, informatsion ve tasil programmalarn\u0131 al\u0131p bara. 2013 senesi may\u0131sn\u0131\u00f1 so\u00f1unda &#8220;Q\u0131r\u0131mn\u0131\u00f1 asabal\u0131\u011f\u0131&#8221; leyhas\u0131n\u0131 amelge ke\u00e7ir\u00fcv \u00e7er\u00e7ivesinde &#8220;Q\u0131r\u0131m inki\u015faf\u0131 vaquf\u0131&#8221; Hayriye [&hellip;]<\/p>\n","protected":false},"author":1,"featured_media":0,"comment_status":"open","ping_status":"open","sticky":false,"template":"","format":"standard","meta":{"inline_featured_image":false,"footnotes":""},"categories":[265],"tags":[],"class_list":["post-37973","post","type-post","status-publish","format-standard","hentry","category-haberler"],"acf":[],"yoast_head":"<!-- This site is optimized with the Yoast SEO plugin v27.4 - https:\/\/yoast.com\/product\/yoast-seo-wordpress\/ -->\n<title>\u00abQ\u0131r\u0131m inki\u015faf\u0131 vaquf\u0131\u00bb general P\u00f6tr Grigorenko aqq\u0131nda hat\u0131rlavlar kitab\u0131n\u0131 \u00e7\u0131qaracaq - \u041c\u0435\u0434\u0436\u043b\u0456\u0441<\/title>\n<meta name=\"robots\" content=\"index, follow, max-snippet:-1, max-image-preview:large, max-video-preview:-1\" \/>\n<link rel=\"canonical\" href=\"https:\/\/qtmm.org\/qt\/qirim-inkisafi-vaqufi-general-potr-grigorenko-aqqinda-hatirlavlar-kitabini-ciqaracaq\/\" \/>\n<meta property=\"og:locale\" content=\"en_US\" \/>\n<meta property=\"og:type\" content=\"article\" \/>\n<meta property=\"og:title\" content=\"\u00abQ\u0131r\u0131m inki\u015faf\u0131 vaquf\u0131\u00bb general P\u00f6tr Grigorenko aqq\u0131nda hat\u0131rlavlar kitab\u0131n\u0131 \u00e7\u0131qaracaq - \u041c\u0435\u0434\u0436\u043b\u0456\u0441\" \/>\n<meta property=\"og:description\" content=\"&#8220;Q\u0131r\u0131mn\u0131\u00f1 asabal\u0131\u011f\u0131&#8221; leyhas\u0131n\u0131 amelge ke\u00e7ir\u00fcv \u00e7er\u00e7ivesinde &#8220;Q\u0131r\u0131m inki\u015faf\u0131 vaquf\u0131&#8221; Hayriye te\u015fkil\u00e2t\u0131 cemiyet, milliy medeniyetler ve siyasiy qurumlarn\u0131\u00f1 inki\u015faf\u0131na q\u0131ymeti \u00f6l\u00e7\u00fcsiz isse qo\u015fqan \u0130smail Gasprinskiy, P\u00f6tr Grigorenko ve Andrey Saharov kibi \u015fah\u0131slarn\u0131\u00f1 variyetini te\u015fviq etken yar\u0131qland\u0131ruv, informatsion ve tasil programmalarn\u0131 al\u0131p bara. 2013 senesi may\u0131sn\u0131\u00f1 so\u00f1unda &#8220;Q\u0131r\u0131mn\u0131\u00f1 asabal\u0131\u011f\u0131&#8221; leyhas\u0131n\u0131 amelge ke\u00e7ir\u00fcv \u00e7er\u00e7ivesinde &#8220;Q\u0131r\u0131m inki\u015faf\u0131 vaquf\u0131&#8221; Hayriye [&hellip;]\" \/>\n<meta property=\"og:url\" content=\"https:\/\/qtmm.org\/qt\/qirim-inkisafi-vaqufi-general-potr-grigorenko-aqqinda-hatirlavlar-kitabini-ciqaracaq\/\" \/>\n<meta property=\"og:site_name\" content=\"\u041c\u0435\u0434\u0436\u043b\u0456\u0441\" \/>\n<meta property=\"article:publisher\" content=\"https:\/\/www.facebook.com\/qtmm.info\/\" \/>\n<meta property=\"article:published_time\" content=\"2013-06-13T21:29:00+00:00\" \/>\n<meta property=\"article:modified_time\" content=\"2022-01-23T21:30:00+00:00\" \/>\n<meta name=\"author\" content=\"Developer\" \/>\n<meta name=\"twitter:card\" content=\"summary_large_image\" \/>\n<meta name=\"twitter:label1\" content=\"Written by\" \/>\n\t<meta name=\"twitter:data1\" content=\"Developer\" \/>\n\t<meta name=\"twitter:label2\" content=\"Est. reading time\" \/>\n\t<meta name=\"twitter:data2\" content=\"2 minutes\" \/>\n<script type=\"application\/ld+json\" class=\"yoast-schema-graph\">{\"@context\":\"https:\\\/\\\/schema.org\",\"@graph\":[{\"@type\":\"Article\",\"@id\":\"https:\\\/\\\/qtmm.org\\\/qt\\\/qirim-inkisafi-vaqufi-general-potr-grigorenko-aqqinda-hatirlavlar-kitabini-ciqaracaq\\\/#article\",\"isPartOf\":{\"@id\":\"https:\\\/\\\/qtmm.org\\\/qt\\\/qirim-inkisafi-vaqufi-general-potr-grigorenko-aqqinda-hatirlavlar-kitabini-ciqaracaq\\\/\"},\"author\":{\"name\":\"Developer\",\"@id\":\"https:\\\/\\\/qtmm.org\\\/qt\\\/#\\\/schema\\\/person\\\/de562469f971dec226ac06e60bbf74a7\"},\"headline\":\"\u00abQ\u0131r\u0131m inki\u015faf\u0131 vaquf\u0131\u00bb general P\u00f6tr Grigorenko aqq\u0131nda hat\u0131rlavlar kitab\u0131n\u0131 \u00e7\u0131qaracaq\",\"datePublished\":\"2013-06-13T21:29:00+00:00\",\"dateModified\":\"2022-01-23T21:30:00+00:00\",\"mainEntityOfPage\":{\"@id\":\"https:\\\/\\\/qtmm.org\\\/qt\\\/qirim-inkisafi-vaqufi-general-potr-grigorenko-aqqinda-hatirlavlar-kitabini-ciqaracaq\\\/\"},\"wordCount\":358,\"commentCount\":0,\"publisher\":{\"@id\":\"https:\\\/\\\/qtmm.org\\\/qt\\\/#organization\"},\"articleSection\":[\"Haberler\"],\"inLanguage\":\"qt\",\"potentialAction\":[{\"@type\":\"CommentAction\",\"name\":\"Comment\",\"target\":[\"https:\\\/\\\/qtmm.org\\\/qt\\\/qirim-inkisafi-vaqufi-general-potr-grigorenko-aqqinda-hatirlavlar-kitabini-ciqaracaq\\\/#respond\"]}]},{\"@type\":\"WebPage\",\"@id\":\"https:\\\/\\\/qtmm.org\\\/qt\\\/qirim-inkisafi-vaqufi-general-potr-grigorenko-aqqinda-hatirlavlar-kitabini-ciqaracaq\\\/\",\"url\":\"https:\\\/\\\/qtmm.org\\\/qt\\\/qirim-inkisafi-vaqufi-general-potr-grigorenko-aqqinda-hatirlavlar-kitabini-ciqaracaq\\\/\",\"name\":\"\u00abQ\u0131r\u0131m inki\u015faf\u0131 vaquf\u0131\u00bb general P\u00f6tr Grigorenko aqq\u0131nda hat\u0131rlavlar kitab\u0131n\u0131 \u00e7\u0131qaracaq - \u041c\u0435\u0434\u0436\u043b\u0456\u0441\",\"isPartOf\":{\"@id\":\"https:\\\/\\\/qtmm.org\\\/qt\\\/#website\"},\"datePublished\":\"2013-06-13T21:29:00+00:00\",\"dateModified\":\"2022-01-23T21:30:00+00:00\",\"breadcrumb\":{\"@id\":\"https:\\\/\\\/qtmm.org\\\/qt\\\/qirim-inkisafi-vaqufi-general-potr-grigorenko-aqqinda-hatirlavlar-kitabini-ciqaracaq\\\/#breadcrumb\"},\"inLanguage\":\"qt\",\"potentialAction\":[{\"@type\":\"ReadAction\",\"target\":[\"https:\\\/\\\/qtmm.org\\\/qt\\\/qirim-inkisafi-vaqufi-general-potr-grigorenko-aqqinda-hatirlavlar-kitabini-ciqaracaq\\\/\"]}]},{\"@type\":\"BreadcrumbList\",\"@id\":\"https:\\\/\\\/qtmm.org\\\/qt\\\/qirim-inkisafi-vaqufi-general-potr-grigorenko-aqqinda-hatirlavlar-kitabini-ciqaracaq\\\/#breadcrumb\",\"itemListElement\":[{\"@type\":\"ListItem\",\"position\":1,\"name\":\"\u0413\u043e\u043b\u043e\u0432\u043d\u0430\",\"item\":\"https:\\\/\\\/qtmm.org\\\/qt\\\/\"},{\"@type\":\"ListItem\",\"position\":2,\"name\":\"\u00abQ\u0131r\u0131m inki\u015faf\u0131 vaquf\u0131\u00bb general P\u00f6tr Grigorenko aqq\u0131nda hat\u0131rlavlar kitab\u0131n\u0131 \u00e7\u0131qaracaq\"}]},{\"@type\":\"WebSite\",\"@id\":\"https:\\\/\\\/qtmm.org\\\/qt\\\/#website\",\"url\":\"https:\\\/\\\/qtmm.org\\\/qt\\\/\",\"name\":\"\u041c\u0435\u0434\u0436\u043b\u0456\u0441\",\"description\":\"\",\"publisher\":{\"@id\":\"https:\\\/\\\/qtmm.org\\\/qt\\\/#organization\"},\"potentialAction\":[{\"@type\":\"SearchAction\",\"target\":{\"@type\":\"EntryPoint\",\"urlTemplate\":\"https:\\\/\\\/qtmm.org\\\/qt\\\/?s={search_term_string}\"},\"query-input\":{\"@type\":\"PropertyValueSpecification\",\"valueRequired\":true,\"valueName\":\"search_term_string\"}}],\"inLanguage\":\"qt\"},{\"@type\":\"Organization\",\"@id\":\"https:\\\/\\\/qtmm.org\\\/qt\\\/#organization\",\"name\":\"\u041c\u0435\u0434\u0436\u043b\u0456\u0441\",\"url\":\"https:\\\/\\\/qtmm.org\\\/qt\\\/\",\"logo\":{\"@type\":\"ImageObject\",\"inLanguage\":\"qt\",\"@id\":\"https:\\\/\\\/qtmm.org\\\/qt\\\/#\\\/schema\\\/logo\\\/image\\\/\",\"url\":\"https:\\\/\\\/qtmm.org\\\/wp-content\\\/uploads\\\/2024\\\/12\\\/ua-mejlis-logo-rgb.svg\",\"contentUrl\":\"https:\\\/\\\/qtmm.org\\\/wp-content\\\/uploads\\\/2024\\\/12\\\/ua-mejlis-logo-rgb.svg\",\"caption\":\"\u041c\u0435\u0434\u0436\u043b\u0456\u0441\"},\"image\":{\"@id\":\"https:\\\/\\\/qtmm.org\\\/qt\\\/#\\\/schema\\\/logo\\\/image\\\/\"},\"sameAs\":[\"https:\\\/\\\/www.facebook.com\\\/qtmm.info\\\/\"]},{\"@type\":\"Person\",\"@id\":\"https:\\\/\\\/qtmm.org\\\/qt\\\/#\\\/schema\\\/person\\\/de562469f971dec226ac06e60bbf74a7\",\"name\":\"Developer\",\"image\":{\"@type\":\"ImageObject\",\"inLanguage\":\"qt\",\"@id\":\"https:\\\/\\\/secure.gravatar.com\\\/avatar\\\/392b4cc8fbfeb00b39dfeeab4ee6edded39ffd48e25858637e4765810300227e?s=96&d=mm&r=g\",\"url\":\"https:\\\/\\\/secure.gravatar.com\\\/avatar\\\/392b4cc8fbfeb00b39dfeeab4ee6edded39ffd48e25858637e4765810300227e?s=96&d=mm&r=g\",\"contentUrl\":\"https:\\\/\\\/secure.gravatar.com\\\/avatar\\\/392b4cc8fbfeb00b39dfeeab4ee6edded39ffd48e25858637e4765810300227e?s=96&d=mm&r=g\",\"caption\":\"Developer\"},\"url\":\"https:\\\/\\\/qtmm.org\\\/qt\\\/author\\\/Developer\\\/\"}]}<\/script>\n<!-- \/ Yoast SEO plugin. -->","yoast_head_json":{"title":"\u00abQ\u0131r\u0131m inki\u015faf\u0131 vaquf\u0131\u00bb general P\u00f6tr Grigorenko aqq\u0131nda hat\u0131rlavlar kitab\u0131n\u0131 \u00e7\u0131qaracaq - \u041c\u0435\u0434\u0436\u043b\u0456\u0441","robots":{"index":"index","follow":"follow","max-snippet":"max-snippet:-1","max-image-preview":"max-image-preview:large","max-video-preview":"max-video-preview:-1"},"canonical":"https:\/\/qtmm.org\/qt\/qirim-inkisafi-vaqufi-general-potr-grigorenko-aqqinda-hatirlavlar-kitabini-ciqaracaq\/","og_locale":"en_US","og_type":"article","og_title":"\u00abQ\u0131r\u0131m inki\u015faf\u0131 vaquf\u0131\u00bb general P\u00f6tr Grigorenko aqq\u0131nda hat\u0131rlavlar kitab\u0131n\u0131 \u00e7\u0131qaracaq - \u041c\u0435\u0434\u0436\u043b\u0456\u0441","og_description":"&#8220;Q\u0131r\u0131mn\u0131\u00f1 asabal\u0131\u011f\u0131&#8221; leyhas\u0131n\u0131 amelge ke\u00e7ir\u00fcv \u00e7er\u00e7ivesinde &#8220;Q\u0131r\u0131m inki\u015faf\u0131 vaquf\u0131&#8221; Hayriye te\u015fkil\u00e2t\u0131 cemiyet, milliy medeniyetler ve siyasiy qurumlarn\u0131\u00f1 inki\u015faf\u0131na q\u0131ymeti \u00f6l\u00e7\u00fcsiz isse qo\u015fqan \u0130smail Gasprinskiy, P\u00f6tr Grigorenko ve Andrey Saharov kibi \u015fah\u0131slarn\u0131\u00f1 variyetini te\u015fviq etken yar\u0131qland\u0131ruv, informatsion ve tasil programmalarn\u0131 al\u0131p bara. 2013 senesi may\u0131sn\u0131\u00f1 so\u00f1unda &#8220;Q\u0131r\u0131mn\u0131\u00f1 asabal\u0131\u011f\u0131&#8221; leyhas\u0131n\u0131 amelge ke\u00e7ir\u00fcv \u00e7er\u00e7ivesinde &#8220;Q\u0131r\u0131m inki\u015faf\u0131 vaquf\u0131&#8221; Hayriye [&hellip;]","og_url":"https:\/\/qtmm.org\/qt\/qirim-inkisafi-vaqufi-general-potr-grigorenko-aqqinda-hatirlavlar-kitabini-ciqaracaq\/","og_site_name":"\u041c\u0435\u0434\u0436\u043b\u0456\u0441","article_publisher":"https:\/\/www.facebook.com\/qtmm.info\/","article_published_time":"2013-06-13T21:29:00+00:00","article_modified_time":"2022-01-23T21:30:00+00:00","author":"Developer","twitter_card":"summary_large_image","twitter_misc":{"Written by":"Developer","Est. reading time":"2 minutes"},"schema":{"@context":"https:\/\/schema.org","@graph":[{"@type":"Article","@id":"https:\/\/qtmm.org\/qt\/qirim-inkisafi-vaqufi-general-potr-grigorenko-aqqinda-hatirlavlar-kitabini-ciqaracaq\/#article","isPartOf":{"@id":"https:\/\/qtmm.org\/qt\/qirim-inkisafi-vaqufi-general-potr-grigorenko-aqqinda-hatirlavlar-kitabini-ciqaracaq\/"},"author":{"name":"Developer","@id":"https:\/\/qtmm.org\/qt\/#\/schema\/person\/de562469f971dec226ac06e60bbf74a7"},"headline":"\u00abQ\u0131r\u0131m inki\u015faf\u0131 vaquf\u0131\u00bb general P\u00f6tr Grigorenko aqq\u0131nda hat\u0131rlavlar kitab\u0131n\u0131 \u00e7\u0131qaracaq","datePublished":"2013-06-13T21:29:00+00:00","dateModified":"2022-01-23T21:30:00+00:00","mainEntityOfPage":{"@id":"https:\/\/qtmm.org\/qt\/qirim-inkisafi-vaqufi-general-potr-grigorenko-aqqinda-hatirlavlar-kitabini-ciqaracaq\/"},"wordCount":358,"commentCount":0,"publisher":{"@id":"https:\/\/qtmm.org\/qt\/#organization"},"articleSection":["Haberler"],"inLanguage":"qt","potentialAction":[{"@type":"CommentAction","name":"Comment","target":["https:\/\/qtmm.org\/qt\/qirim-inkisafi-vaqufi-general-potr-grigorenko-aqqinda-hatirlavlar-kitabini-ciqaracaq\/#respond"]}]},{"@type":"WebPage","@id":"https:\/\/qtmm.org\/qt\/qirim-inkisafi-vaqufi-general-potr-grigorenko-aqqinda-hatirlavlar-kitabini-ciqaracaq\/","url":"https:\/\/qtmm.org\/qt\/qirim-inkisafi-vaqufi-general-potr-grigorenko-aqqinda-hatirlavlar-kitabini-ciqaracaq\/","name":"\u00abQ\u0131r\u0131m inki\u015faf\u0131 vaquf\u0131\u00bb general P\u00f6tr Grigorenko aqq\u0131nda hat\u0131rlavlar kitab\u0131n\u0131 \u00e7\u0131qaracaq - \u041c\u0435\u0434\u0436\u043b\u0456\u0441","isPartOf":{"@id":"https:\/\/qtmm.org\/qt\/#website"},"datePublished":"2013-06-13T21:29:00+00:00","dateModified":"2022-01-23T21:30:00+00:00","breadcrumb":{"@id":"https:\/\/qtmm.org\/qt\/qirim-inkisafi-vaqufi-general-potr-grigorenko-aqqinda-hatirlavlar-kitabini-ciqaracaq\/#breadcrumb"},"inLanguage":"qt","potentialAction":[{"@type":"ReadAction","target":["https:\/\/qtmm.org\/qt\/qirim-inkisafi-vaqufi-general-potr-grigorenko-aqqinda-hatirlavlar-kitabini-ciqaracaq\/"]}]},{"@type":"BreadcrumbList","@id":"https:\/\/qtmm.org\/qt\/qirim-inkisafi-vaqufi-general-potr-grigorenko-aqqinda-hatirlavlar-kitabini-ciqaracaq\/#breadcrumb","itemListElement":[{"@type":"ListItem","position":1,"name":"\u0413\u043e\u043b\u043e\u0432\u043d\u0430","item":"https:\/\/qtmm.org\/qt\/"},{"@type":"ListItem","position":2,"name":"\u00abQ\u0131r\u0131m inki\u015faf\u0131 vaquf\u0131\u00bb general P\u00f6tr Grigorenko aqq\u0131nda hat\u0131rlavlar kitab\u0131n\u0131 \u00e7\u0131qaracaq"}]},{"@type":"WebSite","@id":"https:\/\/qtmm.org\/qt\/#website","url":"https:\/\/qtmm.org\/qt\/","name":"\u041c\u0435\u0434\u0436\u043b\u0456\u0441","description":"","publisher":{"@id":"https:\/\/qtmm.org\/qt\/#organization"},"potentialAction":[{"@type":"SearchAction","target":{"@type":"EntryPoint","urlTemplate":"https:\/\/qtmm.org\/qt\/?s={search_term_string}"},"query-input":{"@type":"PropertyValueSpecification","valueRequired":true,"valueName":"search_term_string"}}],"inLanguage":"qt"},{"@type":"Organization","@id":"https:\/\/qtmm.org\/qt\/#organization","name":"\u041c\u0435\u0434\u0436\u043b\u0456\u0441","url":"https:\/\/qtmm.org\/qt\/","logo":{"@type":"ImageObject","inLanguage":"qt","@id":"https:\/\/qtmm.org\/qt\/#\/schema\/logo\/image\/","url":"https:\/\/qtmm.org\/wp-content\/uploads\/2024\/12\/ua-mejlis-logo-rgb.svg","contentUrl":"https:\/\/qtmm.org\/wp-content\/uploads\/2024\/12\/ua-mejlis-logo-rgb.svg","caption":"\u041c\u0435\u0434\u0436\u043b\u0456\u0441"},"image":{"@id":"https:\/\/qtmm.org\/qt\/#\/schema\/logo\/image\/"},"sameAs":["https:\/\/www.facebook.com\/qtmm.info\/"]},{"@type":"Person","@id":"https:\/\/qtmm.org\/qt\/#\/schema\/person\/de562469f971dec226ac06e60bbf74a7","name":"Developer","image":{"@type":"ImageObject","inLanguage":"qt","@id":"https:\/\/secure.gravatar.com\/avatar\/392b4cc8fbfeb00b39dfeeab4ee6edded39ffd48e25858637e4765810300227e?s=96&d=mm&r=g","url":"https:\/\/secure.gravatar.com\/avatar\/392b4cc8fbfeb00b39dfeeab4ee6edded39ffd48e25858637e4765810300227e?s=96&d=mm&r=g","contentUrl":"https:\/\/secure.gravatar.com\/avatar\/392b4cc8fbfeb00b39dfeeab4ee6edded39ffd48e25858637e4765810300227e?s=96&d=mm&r=g","caption":"Developer"},"url":"https:\/\/qtmm.org\/qt\/author\/Developer\/"}]}},"_links":{"self":[{"href":"https:\/\/qtmm.org\/qt\/wp-json\/wp\/v2\/posts\/37973","targetHints":{"allow":["GET"]}}],"collection":[{"href":"https:\/\/qtmm.org\/qt\/wp-json\/wp\/v2\/posts"}],"about":[{"href":"https:\/\/qtmm.org\/qt\/wp-json\/wp\/v2\/types\/post"}],"author":[{"embeddable":true,"href":"https:\/\/qtmm.org\/qt\/wp-json\/wp\/v2\/users\/1"}],"replies":[{"embeddable":true,"href":"https:\/\/qtmm.org\/qt\/wp-json\/wp\/v2\/comments?post=37973"}],"version-history":[{"count":1,"href":"https:\/\/qtmm.org\/qt\/wp-json\/wp\/v2\/posts\/37973\/revisions"}],"predecessor-version":[{"id":37974,"href":"https:\/\/qtmm.org\/qt\/wp-json\/wp\/v2\/posts\/37973\/revisions\/37974"}],"wp:attachment":[{"href":"https:\/\/qtmm.org\/qt\/wp-json\/wp\/v2\/media?parent=37973"}],"wp:term":[{"taxonomy":"category","embeddable":true,"href":"https:\/\/qtmm.org\/qt\/wp-json\/wp\/v2\/categories?post=37973"},{"taxonomy":"post_tag","embeddable":true,"href":"https:\/\/qtmm.org\/qt\/wp-json\/wp\/v2\/tags?post=37973"}],"curies":[{"name":"wp","href":"https:\/\/api.w.org\/{rel}","templated":true}]}}