




{"id":37959,"date":"2013-06-06T00:27:00","date_gmt":"2013-06-05T21:27:00","guid":{"rendered":"http:\/\/qtmm.org\/?p=37959"},"modified":"2022-01-24T00:29:07","modified_gmt":"2022-01-23T21:29:07","slug":"ukraina-yuqari-surasinin-insan-aqlari-ve-milletlerara-munasebetler-boyunca-komiteti-milliy-mensupligine-kore-surgun-etilgen-sahislarnin-aqlarini-gayridan-tiklev-aqqinda-ukraina-qanuninin-leyhasini","status":"publish","type":"post","link":"https:\/\/qtmm.org\/qt\/ukraina-yuqari-surasinin-insan-aqlari-ve-milletlerara-munasebetler-boyunca-komiteti-milliy-mensupligine-kore-surgun-etilgen-sahislarnin-aqlarini-gayridan-tiklev-aqqinda-ukraina-qanuninin-leyhasini\/","title":{"rendered":"Ukraina Yuqar\u0131 \u015euras\u0131n\u0131\u00f1 \u0130nsan aqlar\u0131 ve milletlerara munasebetler boyunca komiteti &#8220;Milliy mens\u00fcpligine k\u00f6re s\u00fcrg\u00fcn etilgen \u015fah\u0131slarn\u0131\u00f1 aqlar\u0131n\u0131 \u011fayr\u0131dan tiklev aqq\u0131nda&#8221; Ukraina qanun\u0131n\u0131\u00f1 leyhas\u0131n\u0131 baq\u0131p \u00e7\u0131qt\u0131"},"content":{"rendered":"\n<p>2013 senesi iy\u00fcn 5 k\u00fcn\u00fc Ukraina Yuqar\u0131 \u015euras\u0131n\u0131\u00f1 \u0130nsan aqlar\u0131 ve milletlerara munasebetler boyunca komitetini\u00f1 topla\u015fuv\u0131 ol\u0131p ke\u00e7ti.<\/p>\n\n\n\n<p>Onda bir s\u0131ra meselelernen beraber Meclis reisi, Ukraina halq deputat\u0131 Mustafa Cemilev taraf\u0131ndan az\u0131rlan\u011fan &#8220;Milliy mens\u00fcpligine k\u00f6re s\u00fcrg\u00fcn etilgen \u015fah\u0131slarn\u0131\u00f1 aqlar\u0131n\u0131 \u011fayr\u0131dan tiklev aqq\u0131nda&#8221; Ukraina qanun\u0131n\u0131\u00f1 leyhas\u0131 baq\u0131p \u00e7\u0131q\u0131ld\u0131.<\/p>\n\n\n\n<figure class=\"wp-block-image size-full\"><img loading=\"lazy\" decoding=\"async\" width=\"700\" height=\"525\" src=\"http:\/\/qtmm.org\/wp-content\/uploads\/2022\/01\/foto_2_1.jpeg\" alt=\"\" class=\"wp-image-37960\" srcset=\"https:\/\/qtmm.org\/wp-content\/uploads\/2022\/01\/foto_2_1.jpeg 700w, https:\/\/qtmm.org\/wp-content\/uploads\/2022\/01\/foto_2_1-300x225.jpeg 300w\" sizes=\"auto, (max-width: 700px) 100vw, 700px\" \/><\/figure>\n\n\n\n<p>Ukraina parlamentini\u00f1 birinci oquv\u0131nda maqullenip, ekinci oquv\u011fa az\u0131rlamaq i\u00e7\u00fcn yollan\u0131l\u011fan Qanun leyhas\u0131n\u0131\u00f1 muzakeresine Q\u0131r\u0131m Yuqar\u0131 \u015euras\u0131 Reisini\u00f1 muavini Grigoriy Yoffe, Q\u0131r\u0131m Nazirler \u015furas\u0131 reisini\u00f1 muavini Valeriy Pal\u00e7uk, Ukraina sotsial siyaset nazirligi yan\u0131nda Milliy mens\u00fcpligine k\u00f6re s\u00fcrg\u00fcn etilgen \u015fah\u0131slarn\u0131\u00f1 aqlar\u0131n\u0131 qoruv boyunca departament direktor\u0131 P\u00f6tr Plaks\u00e2, Ukraina T\u0131\u015f i\u015fleri nazirligini\u00f1 Yurt t\u0131\u015f\u0131nda ya\u015fa\u011fan ukrainlernen ba\u011flanuv ve medeniy-gumanitar i\u015fbirlik boyunca departament direktor\u0131 Vladimir Yatsinkivskiy, ait nazirlik ve idarelerni\u00f1 m\u00fctehass\u0131slar\u0131, insan aqlar\u0131, milletlerara munasebetler ve aqs\u0131mlav\u011fa qar\u015f\u0131 k\u00fcre\u015f saas\u0131nda yetek\u00e7i ekspertler celp etildiler. Q\u0131z\u011f\u0131n ve devaml\u0131 muzakere vaqt\u0131nda Qanun leyhas\u0131n\u0131\u00f1 maddelerine teklif etilgen t\u00fczet\u00fcvlerde baz\u0131 qapa-qar\u015f\u0131l\u0131qlar orta\u011fa \u00e7\u0131qt\u0131<\/p>\n\n\n\n<p>Mezk\u00fcr qanun leyhas\u0131n\u0131\u00f1 muzakeresinen ba\u011fl\u0131 keni\u015f milliy ve halqara munaqa\u015falarn\u0131, ekspertler ve s\u00fcrg\u00fcnlik aqibetlerini yoq et\u00fcv em de qayt\u0131p keleyatqan s\u00fcrg\u00fcnlilerge er tarafol\u0131 yard\u0131m k\u00f6ster\u00fcv ceryan\u0131n\u0131\u00f1 ba\u015flanmas\u0131na imk\u00e2n a\u00e7acaq leyhan\u0131\u00f1 b\u00fct\u00fcnligi ve uy\u011funl\u0131\u011f\u0131 saqlan\u0131p qalmas\u0131na m\u00fcellifni\u00f1 kesen-kes noqtai-nazar\u0131n\u0131 esapqa al\u011fan Komitet azalar\u0131 bildirilgen fikirlerni tekrar baqmaq ve mezk\u00fcr meseleni\u00f1 muzakeresine parlament organ\u0131n\u0131\u00f1 nevbetteki topla\u015fuv\u0131nda bir daa qaytmaq qarar\u0131n\u0131 ald\u0131lar.<\/p>\n\n\n\n<p>\u00d6z nevbetinde Ukraina halq deputat\u0131 Mustafa Cemilev kendisi idare ettigi komitet b\u00f6l\u00fcgini\u00f1 \u00e7er\u00e7ivesinde ayr\u0131ca i\u015f\u00e7i ekspert gruppas\u0131n\u0131 te\u015fkil etmek imk\u00e2n\u0131n\u0131 baqmaqta.<\/p>\n\n\n\n<p>Bu gruppa Komitet azalar\u0131 taraf\u0131ndan maqullenmegen t\u00fczet\u00fcvlerni ba\u015fqa deputatlarnen birlikte i\u015flep, olar boyunca Qanunn\u0131\u00f1 ayr\u0131ca leyhas\u0131n\u0131 az\u0131rlaycaq.<\/p>\n\n\n\n<figure class=\"wp-block-image size-full\"><img loading=\"lazy\" decoding=\"async\" width=\"700\" height=\"525\" src=\"http:\/\/qtmm.org\/wp-content\/uploads\/2022\/01\/foto_3.jpeg\" alt=\"\" class=\"wp-image-37968\" srcset=\"https:\/\/qtmm.org\/wp-content\/uploads\/2022\/01\/foto_3.jpeg 700w, https:\/\/qtmm.org\/wp-content\/uploads\/2022\/01\/foto_3-300x225.jpeg 300w\" sizes=\"auto, (max-width: 700px) 100vw, 700px\" \/><\/figure>\n","protected":false},"excerpt":{"rendered":"<p>2013 senesi iy\u00fcn 5 k\u00fcn\u00fc Ukraina Yuqar\u0131 \u015euras\u0131n\u0131\u00f1 \u0130nsan aqlar\u0131 ve milletlerara munasebetler boyunca komitetini\u00f1 topla\u015fuv\u0131 ol\u0131p ke\u00e7ti. Onda bir s\u0131ra meselelernen beraber Meclis reisi, Ukraina halq deputat\u0131 Mustafa Cemilev taraf\u0131ndan az\u0131rlan\u011fan &#8220;Milliy mens\u00fcpligine k\u00f6re s\u00fcrg\u00fcn etilgen \u015fah\u0131slarn\u0131\u00f1 aqlar\u0131n\u0131 \u011fayr\u0131dan tiklev aqq\u0131nda&#8221; Ukraina qanun\u0131n\u0131\u00f1 leyhas\u0131 baq\u0131p \u00e7\u0131q\u0131ld\u0131. Ukraina parlamentini\u00f1 birinci oquv\u0131nda maqullenip, ekinci oquv\u011fa az\u0131rlamaq [&hellip;]<\/p>\n","protected":false},"author":1,"featured_media":37964,"comment_status":"open","ping_status":"open","sticky":false,"template":"","format":"standard","meta":{"inline_featured_image":false,"footnotes":""},"categories":[265],"tags":[],"class_list":["post-37959","post","type-post","status-publish","format-standard","has-post-thumbnail","hentry","category-haberler"],"acf":[],"yoast_head":"<!-- This site is optimized with the Yoast SEO plugin v27.4 - https:\/\/yoast.com\/product\/yoast-seo-wordpress\/ -->\n<title>Ukraina Yuqar\u0131 \u015euras\u0131n\u0131\u00f1 \u0130nsan aqlar\u0131 ve milletlerara munasebetler boyunca komiteti &quot;Milliy mens\u00fcpligine k\u00f6re s\u00fcrg\u00fcn etilgen \u015fah\u0131slarn\u0131\u00f1 aqlar\u0131n\u0131 \u011fayr\u0131dan tiklev aqq\u0131nda&quot; Ukraina qanun\u0131n\u0131\u00f1 leyhas\u0131n\u0131 baq\u0131p \u00e7\u0131qt\u0131 - \u041c\u0435\u0434\u0436\u043b\u0456\u0441<\/title>\n<meta name=\"robots\" content=\"index, follow, max-snippet:-1, max-image-preview:large, max-video-preview:-1\" \/>\n<link rel=\"canonical\" href=\"https:\/\/qtmm.org\/qt\/ukraina-yuqari-surasinin-insan-aqlari-ve-milletlerara-munasebetler-boyunca-komiteti-milliy-mensupligine-kore-surgun-etilgen-sahislarnin-aqlarini-gayridan-tiklev-aqqinda-ukraina-qanuninin-leyhasini\/\" \/>\n<meta property=\"og:locale\" content=\"en_US\" \/>\n<meta property=\"og:type\" content=\"article\" \/>\n<meta property=\"og:title\" content=\"Ukraina Yuqar\u0131 \u015euras\u0131n\u0131\u00f1 \u0130nsan aqlar\u0131 ve milletlerara munasebetler boyunca komiteti &quot;Milliy mens\u00fcpligine k\u00f6re s\u00fcrg\u00fcn etilgen \u015fah\u0131slarn\u0131\u00f1 aqlar\u0131n\u0131 \u011fayr\u0131dan tiklev aqq\u0131nda&quot; Ukraina qanun\u0131n\u0131\u00f1 leyhas\u0131n\u0131 baq\u0131p \u00e7\u0131qt\u0131 - \u041c\u0435\u0434\u0436\u043b\u0456\u0441\" \/>\n<meta property=\"og:description\" content=\"2013 senesi iy\u00fcn 5 k\u00fcn\u00fc Ukraina Yuqar\u0131 \u015euras\u0131n\u0131\u00f1 \u0130nsan aqlar\u0131 ve milletlerara munasebetler boyunca komitetini\u00f1 topla\u015fuv\u0131 ol\u0131p ke\u00e7ti. Onda bir s\u0131ra meselelernen beraber Meclis reisi, Ukraina halq deputat\u0131 Mustafa Cemilev taraf\u0131ndan az\u0131rlan\u011fan &#8220;Milliy mens\u00fcpligine k\u00f6re s\u00fcrg\u00fcn etilgen \u015fah\u0131slarn\u0131\u00f1 aqlar\u0131n\u0131 \u011fayr\u0131dan tiklev aqq\u0131nda&#8221; Ukraina qanun\u0131n\u0131\u00f1 leyhas\u0131 baq\u0131p \u00e7\u0131q\u0131ld\u0131. Ukraina parlamentini\u00f1 birinci oquv\u0131nda maqullenip, ekinci oquv\u011fa az\u0131rlamaq [&hellip;]\" \/>\n<meta property=\"og:url\" content=\"https:\/\/qtmm.org\/qt\/ukraina-yuqari-surasinin-insan-aqlari-ve-milletlerara-munasebetler-boyunca-komiteti-milliy-mensupligine-kore-surgun-etilgen-sahislarnin-aqlarini-gayridan-tiklev-aqqinda-ukraina-qanuninin-leyhasini\/\" \/>\n<meta property=\"og:site_name\" content=\"\u041c\u0435\u0434\u0436\u043b\u0456\u0441\" \/>\n<meta property=\"article:publisher\" content=\"https:\/\/www.facebook.com\/qtmm.info\/\" \/>\n<meta property=\"article:published_time\" content=\"2013-06-05T21:27:00+00:00\" \/>\n<meta property=\"article:modified_time\" content=\"2022-01-23T21:29:07+00:00\" \/>\n<meta property=\"og:image\" content=\"https:\/\/qtmm.org\/wp-content\/uploads\/2022\/01\/foto_5.jpeg\" \/>\n\t<meta property=\"og:image:width\" content=\"700\" \/>\n\t<meta property=\"og:image:height\" content=\"525\" \/>\n\t<meta property=\"og:image:type\" content=\"image\/jpeg\" \/>\n<meta name=\"author\" content=\"Developer\" \/>\n<meta name=\"twitter:card\" content=\"summary_large_image\" \/>\n<meta name=\"twitter:label1\" content=\"Written by\" \/>\n\t<meta name=\"twitter:data1\" content=\"Developer\" \/>\n\t<meta name=\"twitter:label2\" content=\"Est. reading time\" \/>\n\t<meta name=\"twitter:data2\" content=\"2 minutes\" \/>\n<script type=\"application\/ld+json\" class=\"yoast-schema-graph\">{\"@context\":\"https:\\\/\\\/schema.org\",\"@graph\":[{\"@type\":\"Article\",\"@id\":\"https:\\\/\\\/qtmm.org\\\/qt\\\/ukraina-yuqari-surasinin-insan-aqlari-ve-milletlerara-munasebetler-boyunca-komiteti-milliy-mensupligine-kore-surgun-etilgen-sahislarnin-aqlarini-gayridan-tiklev-aqqinda-ukraina-qanuninin-leyhasini\\\/#article\",\"isPartOf\":{\"@id\":\"https:\\\/\\\/qtmm.org\\\/qt\\\/ukraina-yuqari-surasinin-insan-aqlari-ve-milletlerara-munasebetler-boyunca-komiteti-milliy-mensupligine-kore-surgun-etilgen-sahislarnin-aqlarini-gayridan-tiklev-aqqinda-ukraina-qanuninin-leyhasini\\\/\"},\"author\":{\"name\":\"Developer\",\"@id\":\"https:\\\/\\\/qtmm.org\\\/qt\\\/#\\\/schema\\\/person\\\/de562469f971dec226ac06e60bbf74a7\"},\"headline\":\"Ukraina Yuqar\u0131 \u015euras\u0131n\u0131\u00f1 \u0130nsan aqlar\u0131 ve milletlerara munasebetler boyunca komiteti &#8220;Milliy mens\u00fcpligine k\u00f6re s\u00fcrg\u00fcn etilgen \u015fah\u0131slarn\u0131\u00f1 aqlar\u0131n\u0131 \u011fayr\u0131dan tiklev aqq\u0131nda&#8221; Ukraina qanun\u0131n\u0131\u00f1 leyhas\u0131n\u0131 baq\u0131p \u00e7\u0131qt\u0131\",\"datePublished\":\"2013-06-05T21:27:00+00:00\",\"dateModified\":\"2022-01-23T21:29:07+00:00\",\"mainEntityOfPage\":{\"@id\":\"https:\\\/\\\/qtmm.org\\\/qt\\\/ukraina-yuqari-surasinin-insan-aqlari-ve-milletlerara-munasebetler-boyunca-komiteti-milliy-mensupligine-kore-surgun-etilgen-sahislarnin-aqlarini-gayridan-tiklev-aqqinda-ukraina-qanuninin-leyhasini\\\/\"},\"wordCount\":386,\"commentCount\":0,\"publisher\":{\"@id\":\"https:\\\/\\\/qtmm.org\\\/qt\\\/#organization\"},\"image\":{\"@id\":\"https:\\\/\\\/qtmm.org\\\/qt\\\/ukraina-yuqari-surasinin-insan-aqlari-ve-milletlerara-munasebetler-boyunca-komiteti-milliy-mensupligine-kore-surgun-etilgen-sahislarnin-aqlarini-gayridan-tiklev-aqqinda-ukraina-qanuninin-leyhasini\\\/#primaryimage\"},\"thumbnailUrl\":\"https:\\\/\\\/qtmm.org\\\/wp-content\\\/uploads\\\/2022\\\/01\\\/foto_5.jpeg\",\"articleSection\":[\"Haberler\"],\"inLanguage\":\"qt\",\"potentialAction\":[{\"@type\":\"CommentAction\",\"name\":\"Comment\",\"target\":[\"https:\\\/\\\/qtmm.org\\\/qt\\\/ukraina-yuqari-surasinin-insan-aqlari-ve-milletlerara-munasebetler-boyunca-komiteti-milliy-mensupligine-kore-surgun-etilgen-sahislarnin-aqlarini-gayridan-tiklev-aqqinda-ukraina-qanuninin-leyhasini\\\/#respond\"]}]},{\"@type\":\"WebPage\",\"@id\":\"https:\\\/\\\/qtmm.org\\\/qt\\\/ukraina-yuqari-surasinin-insan-aqlari-ve-milletlerara-munasebetler-boyunca-komiteti-milliy-mensupligine-kore-surgun-etilgen-sahislarnin-aqlarini-gayridan-tiklev-aqqinda-ukraina-qanuninin-leyhasini\\\/\",\"url\":\"https:\\\/\\\/qtmm.org\\\/qt\\\/ukraina-yuqari-surasinin-insan-aqlari-ve-milletlerara-munasebetler-boyunca-komiteti-milliy-mensupligine-kore-surgun-etilgen-sahislarnin-aqlarini-gayridan-tiklev-aqqinda-ukraina-qanuninin-leyhasini\\\/\",\"name\":\"Ukraina Yuqar\u0131 \u015euras\u0131n\u0131\u00f1 \u0130nsan aqlar\u0131 ve milletlerara munasebetler boyunca komiteti \\\"Milliy mens\u00fcpligine k\u00f6re s\u00fcrg\u00fcn etilgen \u015fah\u0131slarn\u0131\u00f1 aqlar\u0131n\u0131 \u011fayr\u0131dan tiklev aqq\u0131nda\\\" Ukraina qanun\u0131n\u0131\u00f1 leyhas\u0131n\u0131 baq\u0131p \u00e7\u0131qt\u0131 - \u041c\u0435\u0434\u0436\u043b\u0456\u0441\",\"isPartOf\":{\"@id\":\"https:\\\/\\\/qtmm.org\\\/qt\\\/#website\"},\"primaryImageOfPage\":{\"@id\":\"https:\\\/\\\/qtmm.org\\\/qt\\\/ukraina-yuqari-surasinin-insan-aqlari-ve-milletlerara-munasebetler-boyunca-komiteti-milliy-mensupligine-kore-surgun-etilgen-sahislarnin-aqlarini-gayridan-tiklev-aqqinda-ukraina-qanuninin-leyhasini\\\/#primaryimage\"},\"image\":{\"@id\":\"https:\\\/\\\/qtmm.org\\\/qt\\\/ukraina-yuqari-surasinin-insan-aqlari-ve-milletlerara-munasebetler-boyunca-komiteti-milliy-mensupligine-kore-surgun-etilgen-sahislarnin-aqlarini-gayridan-tiklev-aqqinda-ukraina-qanuninin-leyhasini\\\/#primaryimage\"},\"thumbnailUrl\":\"https:\\\/\\\/qtmm.org\\\/wp-content\\\/uploads\\\/2022\\\/01\\\/foto_5.jpeg\",\"datePublished\":\"2013-06-05T21:27:00+00:00\",\"dateModified\":\"2022-01-23T21:29:07+00:00\",\"breadcrumb\":{\"@id\":\"https:\\\/\\\/qtmm.org\\\/qt\\\/ukraina-yuqari-surasinin-insan-aqlari-ve-milletlerara-munasebetler-boyunca-komiteti-milliy-mensupligine-kore-surgun-etilgen-sahislarnin-aqlarini-gayridan-tiklev-aqqinda-ukraina-qanuninin-leyhasini\\\/#breadcrumb\"},\"inLanguage\":\"qt\",\"potentialAction\":[{\"@type\":\"ReadAction\",\"target\":[\"https:\\\/\\\/qtmm.org\\\/qt\\\/ukraina-yuqari-surasinin-insan-aqlari-ve-milletlerara-munasebetler-boyunca-komiteti-milliy-mensupligine-kore-surgun-etilgen-sahislarnin-aqlarini-gayridan-tiklev-aqqinda-ukraina-qanuninin-leyhasini\\\/\"]}]},{\"@type\":\"ImageObject\",\"inLanguage\":\"qt\",\"@id\":\"https:\\\/\\\/qtmm.org\\\/qt\\\/ukraina-yuqari-surasinin-insan-aqlari-ve-milletlerara-munasebetler-boyunca-komiteti-milliy-mensupligine-kore-surgun-etilgen-sahislarnin-aqlarini-gayridan-tiklev-aqqinda-ukraina-qanuninin-leyhasini\\\/#primaryimage\",\"url\":\"https:\\\/\\\/qtmm.org\\\/wp-content\\\/uploads\\\/2022\\\/01\\\/foto_5.jpeg\",\"contentUrl\":\"https:\\\/\\\/qtmm.org\\\/wp-content\\\/uploads\\\/2022\\\/01\\\/foto_5.jpeg\",\"width\":700,\"height\":525},{\"@type\":\"BreadcrumbList\",\"@id\":\"https:\\\/\\\/qtmm.org\\\/qt\\\/ukraina-yuqari-surasinin-insan-aqlari-ve-milletlerara-munasebetler-boyunca-komiteti-milliy-mensupligine-kore-surgun-etilgen-sahislarnin-aqlarini-gayridan-tiklev-aqqinda-ukraina-qanuninin-leyhasini\\\/#breadcrumb\",\"itemListElement\":[{\"@type\":\"ListItem\",\"position\":1,\"name\":\"\u0413\u043e\u043b\u043e\u0432\u043d\u0430\",\"item\":\"https:\\\/\\\/qtmm.org\\\/qt\\\/\"},{\"@type\":\"ListItem\",\"position\":2,\"name\":\"Ukraina Yuqar\u0131 \u015euras\u0131n\u0131\u00f1 \u0130nsan aqlar\u0131 ve milletlerara munasebetler boyunca komiteti &#8220;Milliy mens\u00fcpligine k\u00f6re s\u00fcrg\u00fcn etilgen \u015fah\u0131slarn\u0131\u00f1 aqlar\u0131n\u0131 \u011fayr\u0131dan tiklev aqq\u0131nda&#8221; Ukraina qanun\u0131n\u0131\u00f1 leyhas\u0131n\u0131 baq\u0131p \u00e7\u0131qt\u0131\"}]},{\"@type\":\"WebSite\",\"@id\":\"https:\\\/\\\/qtmm.org\\\/qt\\\/#website\",\"url\":\"https:\\\/\\\/qtmm.org\\\/qt\\\/\",\"name\":\"\u041c\u0435\u0434\u0436\u043b\u0456\u0441\",\"description\":\"\",\"publisher\":{\"@id\":\"https:\\\/\\\/qtmm.org\\\/qt\\\/#organization\"},\"potentialAction\":[{\"@type\":\"SearchAction\",\"target\":{\"@type\":\"EntryPoint\",\"urlTemplate\":\"https:\\\/\\\/qtmm.org\\\/qt\\\/?s={search_term_string}\"},\"query-input\":{\"@type\":\"PropertyValueSpecification\",\"valueRequired\":true,\"valueName\":\"search_term_string\"}}],\"inLanguage\":\"qt\"},{\"@type\":\"Organization\",\"@id\":\"https:\\\/\\\/qtmm.org\\\/qt\\\/#organization\",\"name\":\"\u041c\u0435\u0434\u0436\u043b\u0456\u0441\",\"url\":\"https:\\\/\\\/qtmm.org\\\/qt\\\/\",\"logo\":{\"@type\":\"ImageObject\",\"inLanguage\":\"qt\",\"@id\":\"https:\\\/\\\/qtmm.org\\\/qt\\\/#\\\/schema\\\/logo\\\/image\\\/\",\"url\":\"https:\\\/\\\/qtmm.org\\\/wp-content\\\/uploads\\\/2024\\\/12\\\/ua-mejlis-logo-rgb.svg\",\"contentUrl\":\"https:\\\/\\\/qtmm.org\\\/wp-content\\\/uploads\\\/2024\\\/12\\\/ua-mejlis-logo-rgb.svg\",\"caption\":\"\u041c\u0435\u0434\u0436\u043b\u0456\u0441\"},\"image\":{\"@id\":\"https:\\\/\\\/qtmm.org\\\/qt\\\/#\\\/schema\\\/logo\\\/image\\\/\"},\"sameAs\":[\"https:\\\/\\\/www.facebook.com\\\/qtmm.info\\\/\"]},{\"@type\":\"Person\",\"@id\":\"https:\\\/\\\/qtmm.org\\\/qt\\\/#\\\/schema\\\/person\\\/de562469f971dec226ac06e60bbf74a7\",\"name\":\"Developer\",\"image\":{\"@type\":\"ImageObject\",\"inLanguage\":\"qt\",\"@id\":\"https:\\\/\\\/secure.gravatar.com\\\/avatar\\\/392b4cc8fbfeb00b39dfeeab4ee6edded39ffd48e25858637e4765810300227e?s=96&d=mm&r=g\",\"url\":\"https:\\\/\\\/secure.gravatar.com\\\/avatar\\\/392b4cc8fbfeb00b39dfeeab4ee6edded39ffd48e25858637e4765810300227e?s=96&d=mm&r=g\",\"contentUrl\":\"https:\\\/\\\/secure.gravatar.com\\\/avatar\\\/392b4cc8fbfeb00b39dfeeab4ee6edded39ffd48e25858637e4765810300227e?s=96&d=mm&r=g\",\"caption\":\"Developer\"},\"url\":\"https:\\\/\\\/qtmm.org\\\/qt\\\/author\\\/Developer\\\/\"}]}<\/script>\n<!-- \/ Yoast SEO plugin. -->","yoast_head_json":{"title":"Ukraina Yuqar\u0131 \u015euras\u0131n\u0131\u00f1 \u0130nsan aqlar\u0131 ve milletlerara munasebetler boyunca komiteti \"Milliy mens\u00fcpligine k\u00f6re s\u00fcrg\u00fcn etilgen \u015fah\u0131slarn\u0131\u00f1 aqlar\u0131n\u0131 \u011fayr\u0131dan tiklev aqq\u0131nda\" Ukraina qanun\u0131n\u0131\u00f1 leyhas\u0131n\u0131 baq\u0131p \u00e7\u0131qt\u0131 - \u041c\u0435\u0434\u0436\u043b\u0456\u0441","robots":{"index":"index","follow":"follow","max-snippet":"max-snippet:-1","max-image-preview":"max-image-preview:large","max-video-preview":"max-video-preview:-1"},"canonical":"https:\/\/qtmm.org\/qt\/ukraina-yuqari-surasinin-insan-aqlari-ve-milletlerara-munasebetler-boyunca-komiteti-milliy-mensupligine-kore-surgun-etilgen-sahislarnin-aqlarini-gayridan-tiklev-aqqinda-ukraina-qanuninin-leyhasini\/","og_locale":"en_US","og_type":"article","og_title":"Ukraina Yuqar\u0131 \u015euras\u0131n\u0131\u00f1 \u0130nsan aqlar\u0131 ve milletlerara munasebetler boyunca komiteti \"Milliy mens\u00fcpligine k\u00f6re s\u00fcrg\u00fcn etilgen \u015fah\u0131slarn\u0131\u00f1 aqlar\u0131n\u0131 \u011fayr\u0131dan tiklev aqq\u0131nda\" Ukraina qanun\u0131n\u0131\u00f1 leyhas\u0131n\u0131 baq\u0131p \u00e7\u0131qt\u0131 - \u041c\u0435\u0434\u0436\u043b\u0456\u0441","og_description":"2013 senesi iy\u00fcn 5 k\u00fcn\u00fc Ukraina Yuqar\u0131 \u015euras\u0131n\u0131\u00f1 \u0130nsan aqlar\u0131 ve milletlerara munasebetler boyunca komitetini\u00f1 topla\u015fuv\u0131 ol\u0131p ke\u00e7ti. Onda bir s\u0131ra meselelernen beraber Meclis reisi, Ukraina halq deputat\u0131 Mustafa Cemilev taraf\u0131ndan az\u0131rlan\u011fan &#8220;Milliy mens\u00fcpligine k\u00f6re s\u00fcrg\u00fcn etilgen \u015fah\u0131slarn\u0131\u00f1 aqlar\u0131n\u0131 \u011fayr\u0131dan tiklev aqq\u0131nda&#8221; Ukraina qanun\u0131n\u0131\u00f1 leyhas\u0131 baq\u0131p \u00e7\u0131q\u0131ld\u0131. Ukraina parlamentini\u00f1 birinci oquv\u0131nda maqullenip, ekinci oquv\u011fa az\u0131rlamaq [&hellip;]","og_url":"https:\/\/qtmm.org\/qt\/ukraina-yuqari-surasinin-insan-aqlari-ve-milletlerara-munasebetler-boyunca-komiteti-milliy-mensupligine-kore-surgun-etilgen-sahislarnin-aqlarini-gayridan-tiklev-aqqinda-ukraina-qanuninin-leyhasini\/","og_site_name":"\u041c\u0435\u0434\u0436\u043b\u0456\u0441","article_publisher":"https:\/\/www.facebook.com\/qtmm.info\/","article_published_time":"2013-06-05T21:27:00+00:00","article_modified_time":"2022-01-23T21:29:07+00:00","og_image":[{"width":700,"height":525,"url":"https:\/\/qtmm.org\/wp-content\/uploads\/2022\/01\/foto_5.jpeg","type":"image\/jpeg"}],"author":"Developer","twitter_card":"summary_large_image","twitter_misc":{"Written by":"Developer","Est. reading time":"2 minutes"},"schema":{"@context":"https:\/\/schema.org","@graph":[{"@type":"Article","@id":"https:\/\/qtmm.org\/qt\/ukraina-yuqari-surasinin-insan-aqlari-ve-milletlerara-munasebetler-boyunca-komiteti-milliy-mensupligine-kore-surgun-etilgen-sahislarnin-aqlarini-gayridan-tiklev-aqqinda-ukraina-qanuninin-leyhasini\/#article","isPartOf":{"@id":"https:\/\/qtmm.org\/qt\/ukraina-yuqari-surasinin-insan-aqlari-ve-milletlerara-munasebetler-boyunca-komiteti-milliy-mensupligine-kore-surgun-etilgen-sahislarnin-aqlarini-gayridan-tiklev-aqqinda-ukraina-qanuninin-leyhasini\/"},"author":{"name":"Developer","@id":"https:\/\/qtmm.org\/qt\/#\/schema\/person\/de562469f971dec226ac06e60bbf74a7"},"headline":"Ukraina Yuqar\u0131 \u015euras\u0131n\u0131\u00f1 \u0130nsan aqlar\u0131 ve milletlerara munasebetler boyunca komiteti &#8220;Milliy mens\u00fcpligine k\u00f6re s\u00fcrg\u00fcn etilgen \u015fah\u0131slarn\u0131\u00f1 aqlar\u0131n\u0131 \u011fayr\u0131dan tiklev aqq\u0131nda&#8221; Ukraina qanun\u0131n\u0131\u00f1 leyhas\u0131n\u0131 baq\u0131p \u00e7\u0131qt\u0131","datePublished":"2013-06-05T21:27:00+00:00","dateModified":"2022-01-23T21:29:07+00:00","mainEntityOfPage":{"@id":"https:\/\/qtmm.org\/qt\/ukraina-yuqari-surasinin-insan-aqlari-ve-milletlerara-munasebetler-boyunca-komiteti-milliy-mensupligine-kore-surgun-etilgen-sahislarnin-aqlarini-gayridan-tiklev-aqqinda-ukraina-qanuninin-leyhasini\/"},"wordCount":386,"commentCount":0,"publisher":{"@id":"https:\/\/qtmm.org\/qt\/#organization"},"image":{"@id":"https:\/\/qtmm.org\/qt\/ukraina-yuqari-surasinin-insan-aqlari-ve-milletlerara-munasebetler-boyunca-komiteti-milliy-mensupligine-kore-surgun-etilgen-sahislarnin-aqlarini-gayridan-tiklev-aqqinda-ukraina-qanuninin-leyhasini\/#primaryimage"},"thumbnailUrl":"https:\/\/qtmm.org\/wp-content\/uploads\/2022\/01\/foto_5.jpeg","articleSection":["Haberler"],"inLanguage":"qt","potentialAction":[{"@type":"CommentAction","name":"Comment","target":["https:\/\/qtmm.org\/qt\/ukraina-yuqari-surasinin-insan-aqlari-ve-milletlerara-munasebetler-boyunca-komiteti-milliy-mensupligine-kore-surgun-etilgen-sahislarnin-aqlarini-gayridan-tiklev-aqqinda-ukraina-qanuninin-leyhasini\/#respond"]}]},{"@type":"WebPage","@id":"https:\/\/qtmm.org\/qt\/ukraina-yuqari-surasinin-insan-aqlari-ve-milletlerara-munasebetler-boyunca-komiteti-milliy-mensupligine-kore-surgun-etilgen-sahislarnin-aqlarini-gayridan-tiklev-aqqinda-ukraina-qanuninin-leyhasini\/","url":"https:\/\/qtmm.org\/qt\/ukraina-yuqari-surasinin-insan-aqlari-ve-milletlerara-munasebetler-boyunca-komiteti-milliy-mensupligine-kore-surgun-etilgen-sahislarnin-aqlarini-gayridan-tiklev-aqqinda-ukraina-qanuninin-leyhasini\/","name":"Ukraina Yuqar\u0131 \u015euras\u0131n\u0131\u00f1 \u0130nsan aqlar\u0131 ve milletlerara munasebetler boyunca komiteti \"Milliy mens\u00fcpligine k\u00f6re s\u00fcrg\u00fcn etilgen \u015fah\u0131slarn\u0131\u00f1 aqlar\u0131n\u0131 \u011fayr\u0131dan tiklev aqq\u0131nda\" Ukraina qanun\u0131n\u0131\u00f1 leyhas\u0131n\u0131 baq\u0131p \u00e7\u0131qt\u0131 - \u041c\u0435\u0434\u0436\u043b\u0456\u0441","isPartOf":{"@id":"https:\/\/qtmm.org\/qt\/#website"},"primaryImageOfPage":{"@id":"https:\/\/qtmm.org\/qt\/ukraina-yuqari-surasinin-insan-aqlari-ve-milletlerara-munasebetler-boyunca-komiteti-milliy-mensupligine-kore-surgun-etilgen-sahislarnin-aqlarini-gayridan-tiklev-aqqinda-ukraina-qanuninin-leyhasini\/#primaryimage"},"image":{"@id":"https:\/\/qtmm.org\/qt\/ukraina-yuqari-surasinin-insan-aqlari-ve-milletlerara-munasebetler-boyunca-komiteti-milliy-mensupligine-kore-surgun-etilgen-sahislarnin-aqlarini-gayridan-tiklev-aqqinda-ukraina-qanuninin-leyhasini\/#primaryimage"},"thumbnailUrl":"https:\/\/qtmm.org\/wp-content\/uploads\/2022\/01\/foto_5.jpeg","datePublished":"2013-06-05T21:27:00+00:00","dateModified":"2022-01-23T21:29:07+00:00","breadcrumb":{"@id":"https:\/\/qtmm.org\/qt\/ukraina-yuqari-surasinin-insan-aqlari-ve-milletlerara-munasebetler-boyunca-komiteti-milliy-mensupligine-kore-surgun-etilgen-sahislarnin-aqlarini-gayridan-tiklev-aqqinda-ukraina-qanuninin-leyhasini\/#breadcrumb"},"inLanguage":"qt","potentialAction":[{"@type":"ReadAction","target":["https:\/\/qtmm.org\/qt\/ukraina-yuqari-surasinin-insan-aqlari-ve-milletlerara-munasebetler-boyunca-komiteti-milliy-mensupligine-kore-surgun-etilgen-sahislarnin-aqlarini-gayridan-tiklev-aqqinda-ukraina-qanuninin-leyhasini\/"]}]},{"@type":"ImageObject","inLanguage":"qt","@id":"https:\/\/qtmm.org\/qt\/ukraina-yuqari-surasinin-insan-aqlari-ve-milletlerara-munasebetler-boyunca-komiteti-milliy-mensupligine-kore-surgun-etilgen-sahislarnin-aqlarini-gayridan-tiklev-aqqinda-ukraina-qanuninin-leyhasini\/#primaryimage","url":"https:\/\/qtmm.org\/wp-content\/uploads\/2022\/01\/foto_5.jpeg","contentUrl":"https:\/\/qtmm.org\/wp-content\/uploads\/2022\/01\/foto_5.jpeg","width":700,"height":525},{"@type":"BreadcrumbList","@id":"https:\/\/qtmm.org\/qt\/ukraina-yuqari-surasinin-insan-aqlari-ve-milletlerara-munasebetler-boyunca-komiteti-milliy-mensupligine-kore-surgun-etilgen-sahislarnin-aqlarini-gayridan-tiklev-aqqinda-ukraina-qanuninin-leyhasini\/#breadcrumb","itemListElement":[{"@type":"ListItem","position":1,"name":"\u0413\u043e\u043b\u043e\u0432\u043d\u0430","item":"https:\/\/qtmm.org\/qt\/"},{"@type":"ListItem","position":2,"name":"Ukraina Yuqar\u0131 \u015euras\u0131n\u0131\u00f1 \u0130nsan aqlar\u0131 ve milletlerara munasebetler boyunca komiteti &#8220;Milliy mens\u00fcpligine k\u00f6re s\u00fcrg\u00fcn etilgen \u015fah\u0131slarn\u0131\u00f1 aqlar\u0131n\u0131 \u011fayr\u0131dan tiklev aqq\u0131nda&#8221; Ukraina qanun\u0131n\u0131\u00f1 leyhas\u0131n\u0131 baq\u0131p \u00e7\u0131qt\u0131"}]},{"@type":"WebSite","@id":"https:\/\/qtmm.org\/qt\/#website","url":"https:\/\/qtmm.org\/qt\/","name":"\u041c\u0435\u0434\u0436\u043b\u0456\u0441","description":"","publisher":{"@id":"https:\/\/qtmm.org\/qt\/#organization"},"potentialAction":[{"@type":"SearchAction","target":{"@type":"EntryPoint","urlTemplate":"https:\/\/qtmm.org\/qt\/?s={search_term_string}"},"query-input":{"@type":"PropertyValueSpecification","valueRequired":true,"valueName":"search_term_string"}}],"inLanguage":"qt"},{"@type":"Organization","@id":"https:\/\/qtmm.org\/qt\/#organization","name":"\u041c\u0435\u0434\u0436\u043b\u0456\u0441","url":"https:\/\/qtmm.org\/qt\/","logo":{"@type":"ImageObject","inLanguage":"qt","@id":"https:\/\/qtmm.org\/qt\/#\/schema\/logo\/image\/","url":"https:\/\/qtmm.org\/wp-content\/uploads\/2024\/12\/ua-mejlis-logo-rgb.svg","contentUrl":"https:\/\/qtmm.org\/wp-content\/uploads\/2024\/12\/ua-mejlis-logo-rgb.svg","caption":"\u041c\u0435\u0434\u0436\u043b\u0456\u0441"},"image":{"@id":"https:\/\/qtmm.org\/qt\/#\/schema\/logo\/image\/"},"sameAs":["https:\/\/www.facebook.com\/qtmm.info\/"]},{"@type":"Person","@id":"https:\/\/qtmm.org\/qt\/#\/schema\/person\/de562469f971dec226ac06e60bbf74a7","name":"Developer","image":{"@type":"ImageObject","inLanguage":"qt","@id":"https:\/\/secure.gravatar.com\/avatar\/392b4cc8fbfeb00b39dfeeab4ee6edded39ffd48e25858637e4765810300227e?s=96&d=mm&r=g","url":"https:\/\/secure.gravatar.com\/avatar\/392b4cc8fbfeb00b39dfeeab4ee6edded39ffd48e25858637e4765810300227e?s=96&d=mm&r=g","contentUrl":"https:\/\/secure.gravatar.com\/avatar\/392b4cc8fbfeb00b39dfeeab4ee6edded39ffd48e25858637e4765810300227e?s=96&d=mm&r=g","caption":"Developer"},"url":"https:\/\/qtmm.org\/qt\/author\/Developer\/"}]}},"_links":{"self":[{"href":"https:\/\/qtmm.org\/qt\/wp-json\/wp\/v2\/posts\/37959","targetHints":{"allow":["GET"]}}],"collection":[{"href":"https:\/\/qtmm.org\/qt\/wp-json\/wp\/v2\/posts"}],"about":[{"href":"https:\/\/qtmm.org\/qt\/wp-json\/wp\/v2\/types\/post"}],"author":[{"embeddable":true,"href":"https:\/\/qtmm.org\/qt\/wp-json\/wp\/v2\/users\/1"}],"replies":[{"embeddable":true,"href":"https:\/\/qtmm.org\/qt\/wp-json\/wp\/v2\/comments?post=37959"}],"version-history":[{"count":1,"href":"https:\/\/qtmm.org\/qt\/wp-json\/wp\/v2\/posts\/37959\/revisions"}],"predecessor-version":[{"id":37972,"href":"https:\/\/qtmm.org\/qt\/wp-json\/wp\/v2\/posts\/37959\/revisions\/37972"}],"wp:featuredmedia":[{"embeddable":true,"href":"https:\/\/qtmm.org\/qt\/wp-json\/wp\/v2\/media\/37964"}],"wp:attachment":[{"href":"https:\/\/qtmm.org\/qt\/wp-json\/wp\/v2\/media?parent=37959"}],"wp:term":[{"taxonomy":"category","embeddable":true,"href":"https:\/\/qtmm.org\/qt\/wp-json\/wp\/v2\/categories?post=37959"},{"taxonomy":"post_tag","embeddable":true,"href":"https:\/\/qtmm.org\/qt\/wp-json\/wp\/v2\/tags?post=37959"}],"curies":[{"name":"wp","href":"https:\/\/api.w.org\/{rel}","templated":true}]}}