




{"id":37942,"date":"2013-06-04T00:25:00","date_gmt":"2013-06-03T21:25:00","guid":{"rendered":"http:\/\/qtmm.org\/?p=37942"},"modified":"2022-01-24T00:26:35","modified_gmt":"2022-01-23T21:26:35","slug":"mustafa-cemilev-qirimda-dunya-etik-forumi-qirimtatarlarnin-aqsimlanganini-obyektiv-kosterir","status":"publish","type":"post","link":"https:\/\/qtmm.org\/qt\/mustafa-cemilev-qirimda-dunya-etik-forumi-qirimtatarlarnin-aqsimlanganini-obyektiv-kosterir\/","title":{"rendered":"Mustafa Cemilev: Q\u0131r\u0131mda D\u00fcnya Etik Forum\u0131 q\u0131r\u0131mtatarlarn\u0131\u00f1 aqs\u0131mlan\u011fan\u0131n\u0131 obyektiv k\u00f6sterir"},"content":{"rendered":"\n<p>2013 senesi iy\u00fcn 3 k\u00fcn\u00fc Milliy Meclis reisi Mustafa Cemilev D\u00fcnya Etik Forum\u0131 Halqara te\u015fkiliy komitetini\u00f1 &#8220;Bar\u0131\u015f\u0131ql\u0131q medeniyet vastas\u0131nen&#8221; Halqara Birle\u015fme Avropa Federatsiyas\u0131n\u0131\u00f1 prezidenti Vilgelm Augustat yolba\u015f\u00e7\u0131l\u0131\u011f\u0131ndaki .delegatsiyas\u0131 ile k\u00f6r\u00fc\u015fti. Milliy Meclisni k\u00f6r\u00fc\u015f\u00fcvde bun\u0131\u00f1 kibi de t\u0131\u015fq\u0131 al\u00e2qalar b\u00f6l\u00fcgini\u00f1 ba\u015f\u0131 Ali Hamzin temsil etti.<\/p>\n\n\n\n<p>K\u00f6r\u00fc\u015f\u00fcv devam\u0131nda delegatsiya vekilleri Meclis reisine 2014 senesi Q\u0131r\u0131mda D\u00fcnya Etik Forum\u0131n\u0131 az\u0131rlav ve \u00f6tker\u00fcv te\u015febb\u00fcsini\u00f1 ker\u00e7ekle\u015fmesine yard\u0131mc\u0131 olmas\u0131 ricas\u0131nen muracaat ettiler. Bundan da \u011fayr\u0131 musafirler Meclis Forumda seslendirmek istegen meselelerni\u00f1 cedvelini bermek, Q\u0131r\u0131m yar\u0131madas\u0131ndaki vaziyetni tarif etmek teklifinde bulund\u0131lar.<\/p>\n\n\n\n<p>&#8220;Yigirmi y\u0131ldan berli &#8220;Bar\u0131\u015f\u0131ql\u0131q medeniyet vastas\u0131nen&#8221; Halqara Birle\u015fmesi 85 \u00fclkedeki meslekde\u015fleri ile birlikte medeniyet vastas\u0131nen d\u00fcnya ideallar\u0131n\u0131 pekitmek i\u015finen o\u011fra\u015fa, &#8211; dep a\u00f1latt\u0131 &#8220;Bar\u0131\u015f\u0131ql\u0131q medeniyet vastas\u0131nen&#8221; Halqara Birle\u015fme Avropa Federatsiyas\u0131n\u0131\u00f1 prezidenti Vilgelm Augustat Mustafa Cemilevge h\u0131tap eterek. \u2013 Biz sa\u011fl\u0131q, medeniyet ve ahl\u00e2q mevzular\u0131nda Q\u0131r\u0131m, Qazahistan, \u00c7e\u00e7enistan, Litva, \u0130ndstan ve Rusiyede konferentsiyalar ke\u00e7irdik. Q\u0131r\u0131mda D\u00fcnya Etik Forum\u0131n\u0131 ke\u00e7irmekni arzu eterek, sizi\u00f1 qoltutuv\u0131\u00f1\u0131z\u011fa muhtacm\u0131z&#8221;.<\/p>\n\n\n\n<p>Musafirlerni\u00f1 \u00e7\u0131q\u0131\u015flar\u0131ndan so\u00f1 Meclis reisi Mustafa Cemilev q\u0131r\u0131mtatarlarn\u0131\u00f1 tarih\u0131, s\u00fcrg\u00fcnlik, milliy akimiyet institutlar\u0131 ve halqn\u0131\u00f1 Q\u0131r\u0131m ve Ukrainada aqs\u0131mlan\u011fan\u0131, on\u0131\u00f1 qanuniy aqlar\u0131 bozul\u011fan\u0131 aqq\u0131nda ik\u00e2ye etti.<\/p>\n\n\n\n<figure class=\"wp-block-image size-full\"><img loading=\"lazy\" decoding=\"async\" width=\"700\" height=\"525\" src=\"http:\/\/qtmm.org\/wp-content\/uploads\/2022\/01\/img_2230_1.jpeg\" alt=\"\" class=\"wp-image-37947\" srcset=\"https:\/\/qtmm.org\/wp-content\/uploads\/2022\/01\/img_2230_1.jpeg 700w, https:\/\/qtmm.org\/wp-content\/uploads\/2022\/01\/img_2230_1-300x225.jpeg 300w\" sizes=\"auto, (max-width: 700px) 100vw, 700px\" \/><\/figure>\n\n\n\n<p>&#8220;Q\u0131r\u0131mn\u0131\u00f1 tarih\u0131 \u011fayet dramatik ve feciydir, &#8211; dep qayd etti Mustafa Cemilev. \u2013 \u00d6yle old\u0131 ki bu yar\u0131madada bir \u00e7oq din ve medeniyetler yan-yana\u015fa ya\u015faylar. &#8220;Bar\u0131\u015f\u0131ql\u0131q medeniyet vastas\u0131nen&#8221; Halqara Birle\u015fmesi ke\u00e7irgen konferentsiya mevzular\u0131 Q\u0131r\u0131m i\u00e7\u00fcn de m\u00fcimdir. Zan\u0131mca, siz tam zaman\u0131nda keldi\u00f1iz. Milletlerara ve dinlerara munasebetler \u011fayet m\u00fcrekkep bir alda. Em sebep dinlerni\u00f1 farql\u0131l\u0131\u011fanda degil, baz\u0131 siyaset\u00e7ilerni\u00f1 insanlarn\u0131\u00f1 diniy duy\u011fular\u0131n\u0131 qoz\u011famaqtad\u0131r&#8221;.<\/p>\n\n\n\n<p><br>Mustafa Cemilev q\u0131r\u0131mtatar halq\u0131 milletlerara bar\u0131\u015f\u0131ql\u0131qn\u0131\u00f1, yar\u0131madada epsi din mens\u00fcplerini\u00f1 aqlar\u0131 qor\u00e7alanmas\u0131n\u0131\u00f1 tarafdar\u0131d\u0131r. Amma \u0130sl\u00e2m dinini k\u00fctken q\u0131r\u0131mtatarlarn\u0131\u00f1 kendileri \u00f6z diniy duy\u011fular\u0131na say\u011f\u0131s\u0131zl\u0131q k\u00f6sterilgenini k\u00f6reler, dep qayd etti.<\/p>\n\n\n\n<figure class=\"wp-block-image size-full\"><img loading=\"lazy\" decoding=\"async\" width=\"700\" height=\"525\" src=\"http:\/\/qtmm.org\/wp-content\/uploads\/2022\/01\/img_2251_1.jpeg\" alt=\"\" class=\"wp-image-37951\" srcset=\"https:\/\/qtmm.org\/wp-content\/uploads\/2022\/01\/img_2251_1.jpeg 700w, https:\/\/qtmm.org\/wp-content\/uploads\/2022\/01\/img_2251_1-300x225.jpeg 300w\" sizes=\"auto, (max-width: 700px) 100vw, 700px\" \/><\/figure>\n\n\n\n<p>M.Cemilevni\u00f1 s\u00f6ylegenine k\u00f6re Meclis D\u00fcnya Etik Forum\u0131na bir \u015fartnen qat\u0131l\u0131r. Bu \u015fart da Forum i\u015fini\u00f1 neticelerine k\u00f6re halqara te\u015fkil\u00e2tlar, Ukrainan\u0131\u00f1 devlet ve cumhuriyet organlar\u0131na q\u0131r\u0131mtatarlarn\u0131\u00f1 ker\u00e7ek vaziyetini a\u00f1latqan muracaatlar yollamaqt\u0131r.<\/p>\n\n\n\n<p>K\u00f6r\u00fc\u015f\u00fcvni\u00f1 so\u00f1unda delegatsiya vekilleri k\u00f6r\u00fc\u015f\u00fcv ve 2014 segnesi Q\u0131r\u0131mda D\u00fcnya Etik Forum\u0131n\u0131 ke\u00e7ir\u00fc\u0131v te\u015febb\u00fcsine qoltutqan\u0131 i\u00e7\u00fcn Mustafa Cemilevge te\u015fekk\u00fcr bildirdiler.<\/p>\n","protected":false},"excerpt":{"rendered":"<p>2013 senesi iy\u00fcn 3 k\u00fcn\u00fc Milliy Meclis reisi Mustafa Cemilev D\u00fcnya Etik Forum\u0131 Halqara te\u015fkiliy komitetini\u00f1 &#8220;Bar\u0131\u015f\u0131ql\u0131q medeniyet vastas\u0131nen&#8221; Halqara Birle\u015fme Avropa Federatsiyas\u0131n\u0131\u00f1 prezidenti Vilgelm Augustat yolba\u015f\u00e7\u0131l\u0131\u011f\u0131ndaki .delegatsiyas\u0131 ile k\u00f6r\u00fc\u015fti. Milliy Meclisni k\u00f6r\u00fc\u015f\u00fcvde bun\u0131\u00f1 kibi de t\u0131\u015fq\u0131 al\u00e2qalar b\u00f6l\u00fcgini\u00f1 ba\u015f\u0131 Ali Hamzin temsil etti. K\u00f6r\u00fc\u015f\u00fcv devam\u0131nda delegatsiya vekilleri Meclis reisine 2014 senesi Q\u0131r\u0131mda D\u00fcnya Etik [&hellip;]<\/p>\n","protected":false},"author":1,"featured_media":37943,"comment_status":"open","ping_status":"open","sticky":false,"template":"","format":"standard","meta":{"inline_featured_image":false,"footnotes":""},"categories":[265],"tags":[],"class_list":["post-37942","post","type-post","status-publish","format-standard","has-post-thumbnail","hentry","category-haberler"],"acf":[],"yoast_head":"<!-- This site is optimized with the Yoast SEO plugin v27.4 - https:\/\/yoast.com\/product\/yoast-seo-wordpress\/ -->\n<title>Mustafa Cemilev: Q\u0131r\u0131mda D\u00fcnya Etik Forum\u0131 q\u0131r\u0131mtatarlarn\u0131\u00f1 aqs\u0131mlan\u011fan\u0131n\u0131 obyektiv k\u00f6sterir - \u041c\u0435\u0434\u0436\u043b\u0456\u0441<\/title>\n<meta name=\"robots\" content=\"index, follow, max-snippet:-1, max-image-preview:large, max-video-preview:-1\" \/>\n<link rel=\"canonical\" href=\"https:\/\/qtmm.org\/qt\/mustafa-cemilev-qirimda-dunya-etik-forumi-qirimtatarlarnin-aqsimlanganini-obyektiv-kosterir\/\" \/>\n<meta property=\"og:locale\" content=\"en_US\" \/>\n<meta property=\"og:type\" content=\"article\" \/>\n<meta property=\"og:title\" content=\"Mustafa Cemilev: Q\u0131r\u0131mda D\u00fcnya Etik Forum\u0131 q\u0131r\u0131mtatarlarn\u0131\u00f1 aqs\u0131mlan\u011fan\u0131n\u0131 obyektiv k\u00f6sterir - \u041c\u0435\u0434\u0436\u043b\u0456\u0441\" \/>\n<meta property=\"og:description\" content=\"2013 senesi iy\u00fcn 3 k\u00fcn\u00fc Milliy Meclis reisi Mustafa Cemilev D\u00fcnya Etik Forum\u0131 Halqara te\u015fkiliy komitetini\u00f1 &#8220;Bar\u0131\u015f\u0131ql\u0131q medeniyet vastas\u0131nen&#8221; Halqara Birle\u015fme Avropa Federatsiyas\u0131n\u0131\u00f1 prezidenti Vilgelm Augustat yolba\u015f\u00e7\u0131l\u0131\u011f\u0131ndaki .delegatsiyas\u0131 ile k\u00f6r\u00fc\u015fti. Milliy Meclisni k\u00f6r\u00fc\u015f\u00fcvde bun\u0131\u00f1 kibi de t\u0131\u015fq\u0131 al\u00e2qalar b\u00f6l\u00fcgini\u00f1 ba\u015f\u0131 Ali Hamzin temsil etti. K\u00f6r\u00fc\u015f\u00fcv devam\u0131nda delegatsiya vekilleri Meclis reisine 2014 senesi Q\u0131r\u0131mda D\u00fcnya Etik [&hellip;]\" \/>\n<meta property=\"og:url\" content=\"https:\/\/qtmm.org\/qt\/mustafa-cemilev-qirimda-dunya-etik-forumi-qirimtatarlarnin-aqsimlanganini-obyektiv-kosterir\/\" \/>\n<meta property=\"og:site_name\" content=\"\u041c\u0435\u0434\u0436\u043b\u0456\u0441\" \/>\n<meta property=\"article:publisher\" content=\"https:\/\/www.facebook.com\/qtmm.info\/\" \/>\n<meta property=\"article:published_time\" content=\"2013-06-03T21:25:00+00:00\" \/>\n<meta property=\"article:modified_time\" content=\"2022-01-23T21:26:35+00:00\" \/>\n<meta property=\"og:image\" content=\"https:\/\/qtmm.org\/wp-content\/uploads\/2022\/01\/img_2236_1.jpeg\" \/>\n\t<meta property=\"og:image:width\" content=\"700\" \/>\n\t<meta property=\"og:image:height\" content=\"525\" \/>\n\t<meta property=\"og:image:type\" content=\"image\/jpeg\" \/>\n<meta name=\"author\" content=\"Developer\" \/>\n<meta name=\"twitter:card\" content=\"summary_large_image\" \/>\n<meta name=\"twitter:label1\" content=\"Written by\" \/>\n\t<meta name=\"twitter:data1\" content=\"Developer\" \/>\n\t<meta name=\"twitter:label2\" content=\"Est. reading time\" \/>\n\t<meta name=\"twitter:data2\" content=\"2 minutes\" \/>\n<script type=\"application\/ld+json\" class=\"yoast-schema-graph\">{\"@context\":\"https:\\\/\\\/schema.org\",\"@graph\":[{\"@type\":\"Article\",\"@id\":\"https:\\\/\\\/qtmm.org\\\/qt\\\/mustafa-cemilev-qirimda-dunya-etik-forumi-qirimtatarlarnin-aqsimlanganini-obyektiv-kosterir\\\/#article\",\"isPartOf\":{\"@id\":\"https:\\\/\\\/qtmm.org\\\/qt\\\/mustafa-cemilev-qirimda-dunya-etik-forumi-qirimtatarlarnin-aqsimlanganini-obyektiv-kosterir\\\/\"},\"author\":{\"name\":\"Developer\",\"@id\":\"https:\\\/\\\/qtmm.org\\\/qt\\\/#\\\/schema\\\/person\\\/de562469f971dec226ac06e60bbf74a7\"},\"headline\":\"Mustafa Cemilev: Q\u0131r\u0131mda D\u00fcnya Etik Forum\u0131 q\u0131r\u0131mtatarlarn\u0131\u00f1 aqs\u0131mlan\u011fan\u0131n\u0131 obyektiv k\u00f6sterir\",\"datePublished\":\"2013-06-03T21:25:00+00:00\",\"dateModified\":\"2022-01-23T21:26:35+00:00\",\"mainEntityOfPage\":{\"@id\":\"https:\\\/\\\/qtmm.org\\\/qt\\\/mustafa-cemilev-qirimda-dunya-etik-forumi-qirimtatarlarnin-aqsimlanganini-obyektiv-kosterir\\\/\"},\"wordCount\":490,\"commentCount\":0,\"publisher\":{\"@id\":\"https:\\\/\\\/qtmm.org\\\/qt\\\/#organization\"},\"image\":{\"@id\":\"https:\\\/\\\/qtmm.org\\\/qt\\\/mustafa-cemilev-qirimda-dunya-etik-forumi-qirimtatarlarnin-aqsimlanganini-obyektiv-kosterir\\\/#primaryimage\"},\"thumbnailUrl\":\"https:\\\/\\\/qtmm.org\\\/wp-content\\\/uploads\\\/2022\\\/01\\\/img_2236_1.jpeg\",\"articleSection\":[\"Haberler\"],\"inLanguage\":\"qt\",\"potentialAction\":[{\"@type\":\"CommentAction\",\"name\":\"Comment\",\"target\":[\"https:\\\/\\\/qtmm.org\\\/qt\\\/mustafa-cemilev-qirimda-dunya-etik-forumi-qirimtatarlarnin-aqsimlanganini-obyektiv-kosterir\\\/#respond\"]}]},{\"@type\":\"WebPage\",\"@id\":\"https:\\\/\\\/qtmm.org\\\/qt\\\/mustafa-cemilev-qirimda-dunya-etik-forumi-qirimtatarlarnin-aqsimlanganini-obyektiv-kosterir\\\/\",\"url\":\"https:\\\/\\\/qtmm.org\\\/qt\\\/mustafa-cemilev-qirimda-dunya-etik-forumi-qirimtatarlarnin-aqsimlanganini-obyektiv-kosterir\\\/\",\"name\":\"Mustafa Cemilev: Q\u0131r\u0131mda D\u00fcnya Etik Forum\u0131 q\u0131r\u0131mtatarlarn\u0131\u00f1 aqs\u0131mlan\u011fan\u0131n\u0131 obyektiv k\u00f6sterir - \u041c\u0435\u0434\u0436\u043b\u0456\u0441\",\"isPartOf\":{\"@id\":\"https:\\\/\\\/qtmm.org\\\/qt\\\/#website\"},\"primaryImageOfPage\":{\"@id\":\"https:\\\/\\\/qtmm.org\\\/qt\\\/mustafa-cemilev-qirimda-dunya-etik-forumi-qirimtatarlarnin-aqsimlanganini-obyektiv-kosterir\\\/#primaryimage\"},\"image\":{\"@id\":\"https:\\\/\\\/qtmm.org\\\/qt\\\/mustafa-cemilev-qirimda-dunya-etik-forumi-qirimtatarlarnin-aqsimlanganini-obyektiv-kosterir\\\/#primaryimage\"},\"thumbnailUrl\":\"https:\\\/\\\/qtmm.org\\\/wp-content\\\/uploads\\\/2022\\\/01\\\/img_2236_1.jpeg\",\"datePublished\":\"2013-06-03T21:25:00+00:00\",\"dateModified\":\"2022-01-23T21:26:35+00:00\",\"breadcrumb\":{\"@id\":\"https:\\\/\\\/qtmm.org\\\/qt\\\/mustafa-cemilev-qirimda-dunya-etik-forumi-qirimtatarlarnin-aqsimlanganini-obyektiv-kosterir\\\/#breadcrumb\"},\"inLanguage\":\"qt\",\"potentialAction\":[{\"@type\":\"ReadAction\",\"target\":[\"https:\\\/\\\/qtmm.org\\\/qt\\\/mustafa-cemilev-qirimda-dunya-etik-forumi-qirimtatarlarnin-aqsimlanganini-obyektiv-kosterir\\\/\"]}]},{\"@type\":\"ImageObject\",\"inLanguage\":\"qt\",\"@id\":\"https:\\\/\\\/qtmm.org\\\/qt\\\/mustafa-cemilev-qirimda-dunya-etik-forumi-qirimtatarlarnin-aqsimlanganini-obyektiv-kosterir\\\/#primaryimage\",\"url\":\"https:\\\/\\\/qtmm.org\\\/wp-content\\\/uploads\\\/2022\\\/01\\\/img_2236_1.jpeg\",\"contentUrl\":\"https:\\\/\\\/qtmm.org\\\/wp-content\\\/uploads\\\/2022\\\/01\\\/img_2236_1.jpeg\",\"width\":700,\"height\":525},{\"@type\":\"BreadcrumbList\",\"@id\":\"https:\\\/\\\/qtmm.org\\\/qt\\\/mustafa-cemilev-qirimda-dunya-etik-forumi-qirimtatarlarnin-aqsimlanganini-obyektiv-kosterir\\\/#breadcrumb\",\"itemListElement\":[{\"@type\":\"ListItem\",\"position\":1,\"name\":\"\u0413\u043e\u043b\u043e\u0432\u043d\u0430\",\"item\":\"https:\\\/\\\/qtmm.org\\\/qt\\\/\"},{\"@type\":\"ListItem\",\"position\":2,\"name\":\"Mustafa Cemilev: Q\u0131r\u0131mda D\u00fcnya Etik Forum\u0131 q\u0131r\u0131mtatarlarn\u0131\u00f1 aqs\u0131mlan\u011fan\u0131n\u0131 obyektiv k\u00f6sterir\"}]},{\"@type\":\"WebSite\",\"@id\":\"https:\\\/\\\/qtmm.org\\\/qt\\\/#website\",\"url\":\"https:\\\/\\\/qtmm.org\\\/qt\\\/\",\"name\":\"\u041c\u0435\u0434\u0436\u043b\u0456\u0441\",\"description\":\"\",\"publisher\":{\"@id\":\"https:\\\/\\\/qtmm.org\\\/qt\\\/#organization\"},\"potentialAction\":[{\"@type\":\"SearchAction\",\"target\":{\"@type\":\"EntryPoint\",\"urlTemplate\":\"https:\\\/\\\/qtmm.org\\\/qt\\\/?s={search_term_string}\"},\"query-input\":{\"@type\":\"PropertyValueSpecification\",\"valueRequired\":true,\"valueName\":\"search_term_string\"}}],\"inLanguage\":\"qt\"},{\"@type\":\"Organization\",\"@id\":\"https:\\\/\\\/qtmm.org\\\/qt\\\/#organization\",\"name\":\"\u041c\u0435\u0434\u0436\u043b\u0456\u0441\",\"url\":\"https:\\\/\\\/qtmm.org\\\/qt\\\/\",\"logo\":{\"@type\":\"ImageObject\",\"inLanguage\":\"qt\",\"@id\":\"https:\\\/\\\/qtmm.org\\\/qt\\\/#\\\/schema\\\/logo\\\/image\\\/\",\"url\":\"https:\\\/\\\/qtmm.org\\\/wp-content\\\/uploads\\\/2024\\\/12\\\/ua-mejlis-logo-rgb.svg\",\"contentUrl\":\"https:\\\/\\\/qtmm.org\\\/wp-content\\\/uploads\\\/2024\\\/12\\\/ua-mejlis-logo-rgb.svg\",\"caption\":\"\u041c\u0435\u0434\u0436\u043b\u0456\u0441\"},\"image\":{\"@id\":\"https:\\\/\\\/qtmm.org\\\/qt\\\/#\\\/schema\\\/logo\\\/image\\\/\"},\"sameAs\":[\"https:\\\/\\\/www.facebook.com\\\/qtmm.info\\\/\"]},{\"@type\":\"Person\",\"@id\":\"https:\\\/\\\/qtmm.org\\\/qt\\\/#\\\/schema\\\/person\\\/de562469f971dec226ac06e60bbf74a7\",\"name\":\"Developer\",\"image\":{\"@type\":\"ImageObject\",\"inLanguage\":\"qt\",\"@id\":\"https:\\\/\\\/secure.gravatar.com\\\/avatar\\\/392b4cc8fbfeb00b39dfeeab4ee6edded39ffd48e25858637e4765810300227e?s=96&d=mm&r=g\",\"url\":\"https:\\\/\\\/secure.gravatar.com\\\/avatar\\\/392b4cc8fbfeb00b39dfeeab4ee6edded39ffd48e25858637e4765810300227e?s=96&d=mm&r=g\",\"contentUrl\":\"https:\\\/\\\/secure.gravatar.com\\\/avatar\\\/392b4cc8fbfeb00b39dfeeab4ee6edded39ffd48e25858637e4765810300227e?s=96&d=mm&r=g\",\"caption\":\"Developer\"},\"url\":\"https:\\\/\\\/qtmm.org\\\/qt\\\/author\\\/Developer\\\/\"}]}<\/script>\n<!-- \/ Yoast SEO plugin. -->","yoast_head_json":{"title":"Mustafa Cemilev: Q\u0131r\u0131mda D\u00fcnya Etik Forum\u0131 q\u0131r\u0131mtatarlarn\u0131\u00f1 aqs\u0131mlan\u011fan\u0131n\u0131 obyektiv k\u00f6sterir - \u041c\u0435\u0434\u0436\u043b\u0456\u0441","robots":{"index":"index","follow":"follow","max-snippet":"max-snippet:-1","max-image-preview":"max-image-preview:large","max-video-preview":"max-video-preview:-1"},"canonical":"https:\/\/qtmm.org\/qt\/mustafa-cemilev-qirimda-dunya-etik-forumi-qirimtatarlarnin-aqsimlanganini-obyektiv-kosterir\/","og_locale":"en_US","og_type":"article","og_title":"Mustafa Cemilev: Q\u0131r\u0131mda D\u00fcnya Etik Forum\u0131 q\u0131r\u0131mtatarlarn\u0131\u00f1 aqs\u0131mlan\u011fan\u0131n\u0131 obyektiv k\u00f6sterir - \u041c\u0435\u0434\u0436\u043b\u0456\u0441","og_description":"2013 senesi iy\u00fcn 3 k\u00fcn\u00fc Milliy Meclis reisi Mustafa Cemilev D\u00fcnya Etik Forum\u0131 Halqara te\u015fkiliy komitetini\u00f1 &#8220;Bar\u0131\u015f\u0131ql\u0131q medeniyet vastas\u0131nen&#8221; Halqara Birle\u015fme Avropa Federatsiyas\u0131n\u0131\u00f1 prezidenti Vilgelm Augustat yolba\u015f\u00e7\u0131l\u0131\u011f\u0131ndaki .delegatsiyas\u0131 ile k\u00f6r\u00fc\u015fti. Milliy Meclisni k\u00f6r\u00fc\u015f\u00fcvde bun\u0131\u00f1 kibi de t\u0131\u015fq\u0131 al\u00e2qalar b\u00f6l\u00fcgini\u00f1 ba\u015f\u0131 Ali Hamzin temsil etti. K\u00f6r\u00fc\u015f\u00fcv devam\u0131nda delegatsiya vekilleri Meclis reisine 2014 senesi Q\u0131r\u0131mda D\u00fcnya Etik [&hellip;]","og_url":"https:\/\/qtmm.org\/qt\/mustafa-cemilev-qirimda-dunya-etik-forumi-qirimtatarlarnin-aqsimlanganini-obyektiv-kosterir\/","og_site_name":"\u041c\u0435\u0434\u0436\u043b\u0456\u0441","article_publisher":"https:\/\/www.facebook.com\/qtmm.info\/","article_published_time":"2013-06-03T21:25:00+00:00","article_modified_time":"2022-01-23T21:26:35+00:00","og_image":[{"width":700,"height":525,"url":"https:\/\/qtmm.org\/wp-content\/uploads\/2022\/01\/img_2236_1.jpeg","type":"image\/jpeg"}],"author":"Developer","twitter_card":"summary_large_image","twitter_misc":{"Written by":"Developer","Est. reading time":"2 minutes"},"schema":{"@context":"https:\/\/schema.org","@graph":[{"@type":"Article","@id":"https:\/\/qtmm.org\/qt\/mustafa-cemilev-qirimda-dunya-etik-forumi-qirimtatarlarnin-aqsimlanganini-obyektiv-kosterir\/#article","isPartOf":{"@id":"https:\/\/qtmm.org\/qt\/mustafa-cemilev-qirimda-dunya-etik-forumi-qirimtatarlarnin-aqsimlanganini-obyektiv-kosterir\/"},"author":{"name":"Developer","@id":"https:\/\/qtmm.org\/qt\/#\/schema\/person\/de562469f971dec226ac06e60bbf74a7"},"headline":"Mustafa Cemilev: Q\u0131r\u0131mda D\u00fcnya Etik Forum\u0131 q\u0131r\u0131mtatarlarn\u0131\u00f1 aqs\u0131mlan\u011fan\u0131n\u0131 obyektiv k\u00f6sterir","datePublished":"2013-06-03T21:25:00+00:00","dateModified":"2022-01-23T21:26:35+00:00","mainEntityOfPage":{"@id":"https:\/\/qtmm.org\/qt\/mustafa-cemilev-qirimda-dunya-etik-forumi-qirimtatarlarnin-aqsimlanganini-obyektiv-kosterir\/"},"wordCount":490,"commentCount":0,"publisher":{"@id":"https:\/\/qtmm.org\/qt\/#organization"},"image":{"@id":"https:\/\/qtmm.org\/qt\/mustafa-cemilev-qirimda-dunya-etik-forumi-qirimtatarlarnin-aqsimlanganini-obyektiv-kosterir\/#primaryimage"},"thumbnailUrl":"https:\/\/qtmm.org\/wp-content\/uploads\/2022\/01\/img_2236_1.jpeg","articleSection":["Haberler"],"inLanguage":"qt","potentialAction":[{"@type":"CommentAction","name":"Comment","target":["https:\/\/qtmm.org\/qt\/mustafa-cemilev-qirimda-dunya-etik-forumi-qirimtatarlarnin-aqsimlanganini-obyektiv-kosterir\/#respond"]}]},{"@type":"WebPage","@id":"https:\/\/qtmm.org\/qt\/mustafa-cemilev-qirimda-dunya-etik-forumi-qirimtatarlarnin-aqsimlanganini-obyektiv-kosterir\/","url":"https:\/\/qtmm.org\/qt\/mustafa-cemilev-qirimda-dunya-etik-forumi-qirimtatarlarnin-aqsimlanganini-obyektiv-kosterir\/","name":"Mustafa Cemilev: Q\u0131r\u0131mda D\u00fcnya Etik Forum\u0131 q\u0131r\u0131mtatarlarn\u0131\u00f1 aqs\u0131mlan\u011fan\u0131n\u0131 obyektiv k\u00f6sterir - \u041c\u0435\u0434\u0436\u043b\u0456\u0441","isPartOf":{"@id":"https:\/\/qtmm.org\/qt\/#website"},"primaryImageOfPage":{"@id":"https:\/\/qtmm.org\/qt\/mustafa-cemilev-qirimda-dunya-etik-forumi-qirimtatarlarnin-aqsimlanganini-obyektiv-kosterir\/#primaryimage"},"image":{"@id":"https:\/\/qtmm.org\/qt\/mustafa-cemilev-qirimda-dunya-etik-forumi-qirimtatarlarnin-aqsimlanganini-obyektiv-kosterir\/#primaryimage"},"thumbnailUrl":"https:\/\/qtmm.org\/wp-content\/uploads\/2022\/01\/img_2236_1.jpeg","datePublished":"2013-06-03T21:25:00+00:00","dateModified":"2022-01-23T21:26:35+00:00","breadcrumb":{"@id":"https:\/\/qtmm.org\/qt\/mustafa-cemilev-qirimda-dunya-etik-forumi-qirimtatarlarnin-aqsimlanganini-obyektiv-kosterir\/#breadcrumb"},"inLanguage":"qt","potentialAction":[{"@type":"ReadAction","target":["https:\/\/qtmm.org\/qt\/mustafa-cemilev-qirimda-dunya-etik-forumi-qirimtatarlarnin-aqsimlanganini-obyektiv-kosterir\/"]}]},{"@type":"ImageObject","inLanguage":"qt","@id":"https:\/\/qtmm.org\/qt\/mustafa-cemilev-qirimda-dunya-etik-forumi-qirimtatarlarnin-aqsimlanganini-obyektiv-kosterir\/#primaryimage","url":"https:\/\/qtmm.org\/wp-content\/uploads\/2022\/01\/img_2236_1.jpeg","contentUrl":"https:\/\/qtmm.org\/wp-content\/uploads\/2022\/01\/img_2236_1.jpeg","width":700,"height":525},{"@type":"BreadcrumbList","@id":"https:\/\/qtmm.org\/qt\/mustafa-cemilev-qirimda-dunya-etik-forumi-qirimtatarlarnin-aqsimlanganini-obyektiv-kosterir\/#breadcrumb","itemListElement":[{"@type":"ListItem","position":1,"name":"\u0413\u043e\u043b\u043e\u0432\u043d\u0430","item":"https:\/\/qtmm.org\/qt\/"},{"@type":"ListItem","position":2,"name":"Mustafa Cemilev: Q\u0131r\u0131mda D\u00fcnya Etik Forum\u0131 q\u0131r\u0131mtatarlarn\u0131\u00f1 aqs\u0131mlan\u011fan\u0131n\u0131 obyektiv k\u00f6sterir"}]},{"@type":"WebSite","@id":"https:\/\/qtmm.org\/qt\/#website","url":"https:\/\/qtmm.org\/qt\/","name":"\u041c\u0435\u0434\u0436\u043b\u0456\u0441","description":"","publisher":{"@id":"https:\/\/qtmm.org\/qt\/#organization"},"potentialAction":[{"@type":"SearchAction","target":{"@type":"EntryPoint","urlTemplate":"https:\/\/qtmm.org\/qt\/?s={search_term_string}"},"query-input":{"@type":"PropertyValueSpecification","valueRequired":true,"valueName":"search_term_string"}}],"inLanguage":"qt"},{"@type":"Organization","@id":"https:\/\/qtmm.org\/qt\/#organization","name":"\u041c\u0435\u0434\u0436\u043b\u0456\u0441","url":"https:\/\/qtmm.org\/qt\/","logo":{"@type":"ImageObject","inLanguage":"qt","@id":"https:\/\/qtmm.org\/qt\/#\/schema\/logo\/image\/","url":"https:\/\/qtmm.org\/wp-content\/uploads\/2024\/12\/ua-mejlis-logo-rgb.svg","contentUrl":"https:\/\/qtmm.org\/wp-content\/uploads\/2024\/12\/ua-mejlis-logo-rgb.svg","caption":"\u041c\u0435\u0434\u0436\u043b\u0456\u0441"},"image":{"@id":"https:\/\/qtmm.org\/qt\/#\/schema\/logo\/image\/"},"sameAs":["https:\/\/www.facebook.com\/qtmm.info\/"]},{"@type":"Person","@id":"https:\/\/qtmm.org\/qt\/#\/schema\/person\/de562469f971dec226ac06e60bbf74a7","name":"Developer","image":{"@type":"ImageObject","inLanguage":"qt","@id":"https:\/\/secure.gravatar.com\/avatar\/392b4cc8fbfeb00b39dfeeab4ee6edded39ffd48e25858637e4765810300227e?s=96&d=mm&r=g","url":"https:\/\/secure.gravatar.com\/avatar\/392b4cc8fbfeb00b39dfeeab4ee6edded39ffd48e25858637e4765810300227e?s=96&d=mm&r=g","contentUrl":"https:\/\/secure.gravatar.com\/avatar\/392b4cc8fbfeb00b39dfeeab4ee6edded39ffd48e25858637e4765810300227e?s=96&d=mm&r=g","caption":"Developer"},"url":"https:\/\/qtmm.org\/qt\/author\/Developer\/"}]}},"_links":{"self":[{"href":"https:\/\/qtmm.org\/qt\/wp-json\/wp\/v2\/posts\/37942","targetHints":{"allow":["GET"]}}],"collection":[{"href":"https:\/\/qtmm.org\/qt\/wp-json\/wp\/v2\/posts"}],"about":[{"href":"https:\/\/qtmm.org\/qt\/wp-json\/wp\/v2\/types\/post"}],"author":[{"embeddable":true,"href":"https:\/\/qtmm.org\/qt\/wp-json\/wp\/v2\/users\/1"}],"replies":[{"embeddable":true,"href":"https:\/\/qtmm.org\/qt\/wp-json\/wp\/v2\/comments?post=37942"}],"version-history":[{"count":1,"href":"https:\/\/qtmm.org\/qt\/wp-json\/wp\/v2\/posts\/37942\/revisions"}],"predecessor-version":[{"id":37955,"href":"https:\/\/qtmm.org\/qt\/wp-json\/wp\/v2\/posts\/37942\/revisions\/37955"}],"wp:featuredmedia":[{"embeddable":true,"href":"https:\/\/qtmm.org\/qt\/wp-json\/wp\/v2\/media\/37943"}],"wp:attachment":[{"href":"https:\/\/qtmm.org\/qt\/wp-json\/wp\/v2\/media?parent=37942"}],"wp:term":[{"taxonomy":"category","embeddable":true,"href":"https:\/\/qtmm.org\/qt\/wp-json\/wp\/v2\/categories?post=37942"},{"taxonomy":"post_tag","embeddable":true,"href":"https:\/\/qtmm.org\/qt\/wp-json\/wp\/v2\/tags?post=37942"}],"curies":[{"name":"wp","href":"https:\/\/api.w.org\/{rel}","templated":true}]}}