




{"id":37908,"date":"2013-06-03T00:20:00","date_gmt":"2013-06-02T21:20:00","guid":{"rendered":"http:\/\/qtmm.org\/?p=37908"},"modified":"2022-01-24T00:24:54","modified_gmt":"2022-01-23T21:24:54","slug":"ciftlikkoyde-yalova-mustafa-cemilevnin-adi-parkqa-berildi-ve-eykel-qoyuldi","status":"publish","type":"post","link":"https:\/\/qtmm.org\/qt\/ciftlikkoyde-yalova-mustafa-cemilevnin-adi-parkqa-berildi-ve-eykel-qoyuldi\/","title":{"rendered":"\u00c7iftlikk\u00f6yde (Yalova) Mustafa Cemilevni\u00f1 ad\u0131 parkqa berildi ve eykel qoyuld\u0131"},"content":{"rendered":"\n<p>Yalova \u015feerini\u00f1 \u00c7iftlikk\u00f6y qasabas\u0131nda bir qa\u00e7 y\u0131l evelsi qurul\u011fan \u015feer park\u0131na \u00c7iftlikk\u00f6y Belediyesini\u00f1 qarar\u0131 ile q\u0131r\u0131mtatarlarn\u0131\u00f1 milliy lideri Mustafa Cemilevni\u00f1 ad\u0131 berildi. Bun\u0131\u00f1 kibi de parkta Mustafa Cemilevni\u00f1 \u015ferefine eykel qoyul\u0131p, iy\u00fcn 2 k\u00fcn\u00fc on\u0131\u00f1 tantanal\u0131 a\u00e7\u0131l\u0131\u015f\u0131 old\u0131.<\/p>\n\n\n\n<figure class=\"wp-block-image size-full\"><img loading=\"lazy\" decoding=\"async\" width=\"650\" height=\"510\" src=\"http:\/\/qtmm.org\/wp-content\/uploads\/2022\/01\/3_85.jpeg\" alt=\"\" class=\"wp-image-37913\" srcset=\"https:\/\/qtmm.org\/wp-content\/uploads\/2022\/01\/3_85.jpeg 650w, https:\/\/qtmm.org\/wp-content\/uploads\/2022\/01\/3_85-300x235.jpeg 300w\" sizes=\"auto, (max-width: 650px) 100vw, 650px\" \/><\/figure>\n\n\n\n<p>Yalova-\u00c7iftlikk\u00f6y yerli \u015furas\u0131 taraf\u0131ndan al\u0131n\u011fan mezk\u00fcr qararn\u0131\u00f1 maqsad\u0131 Q\u0131r\u0131m ve T\u00fcrkiye aras\u0131ndaki ba\u011flarn\u0131\u00f1 pekitilmesidir. Mustafa Cemilevni\u00f1 kendisi a\u00e7\u0131l\u0131\u015f toreninde i\u015ftirak etip olamad\u0131.<\/p>\n\n\n\n<figure class=\"wp-block-image size-full\"><img loading=\"lazy\" decoding=\"async\" width=\"650\" height=\"417\" src=\"http:\/\/qtmm.org\/wp-content\/uploads\/2022\/01\/4_81.jpeg\" alt=\"\" class=\"wp-image-37917\" srcset=\"https:\/\/qtmm.org\/wp-content\/uploads\/2022\/01\/4_81.jpeg 650w, https:\/\/qtmm.org\/wp-content\/uploads\/2022\/01\/4_81-300x192.jpeg 300w\" sizes=\"auto, (max-width: 650px) 100vw, 650px\" \/><\/figure>\n\n\n\n<p>&#8220;Pek b\u00fcy\u00fck istegim ol\u011fan\u0131na ra\u011fmen ma\u00f1a ba\u011fl\u0131 olma\u011fan sebeplerden dolay\u0131 a\u00e7\u0131l\u0131\u015f merasimine qat\u0131l\u0131p olamay\u0131m&#8221;, denile Cemilevni\u00f1 te\u015fkil\u00e2t\u00e7\u0131lar\u011fa yollad\u0131\u011f\u0131 haberde.<\/p>\n\n\n\n<figure class=\"wp-block-image size-full\"><img loading=\"lazy\" decoding=\"async\" width=\"650\" height=\"400\" src=\"http:\/\/qtmm.org\/wp-content\/uploads\/2022\/01\/10_4.jpeg\" alt=\"\" class=\"wp-image-37921\" srcset=\"https:\/\/qtmm.org\/wp-content\/uploads\/2022\/01\/10_4.jpeg 650w, https:\/\/qtmm.org\/wp-content\/uploads\/2022\/01\/10_4-300x185.jpeg 300w\" sizes=\"auto, (max-width: 650px) 100vw, 650px\" \/><\/figure>\n\n\n\n<p>A\u00e7\u0131l\u0131\u015f merasiminde Yalova rayon devlet memuriyeti reisini\u00f1 yard\u0131mc\u0131s\u0131 Haldun Aksamlar, \u015feer belediyesini\u00f1 ba\u015f\u0131 Metin Da\u011f, Suvba\u015f\u0131 rayon memuriyetini\u00f1 ba\u015f\u0131 Mussa Qu\u015f, \u0130zmir, Qocaeli, Gebze, \u0130stanbul, Bursa, Bal\u0131kesir \u015feerlerindeki q\u0131r\u0131mtatar derneklerini\u00f1 vekilleri ve Yalova civar\u0131nda ya\u015fa\u011fan q\u0131r\u0131mtatarlar i\u015ftirak ettiler. Q\u0131r\u0131mn\u0131 merasimde Milliy Meclis reisini\u00f1 birinci muavini Refat \u00c7ubarov temsil etti.<\/p>\n\n\n\n<figure class=\"wp-block-image size-full\"><img loading=\"lazy\" decoding=\"async\" width=\"650\" height=\"430\" src=\"http:\/\/qtmm.org\/wp-content\/uploads\/2022\/01\/7_14.jpeg\" alt=\"\" class=\"wp-image-37925\" srcset=\"https:\/\/qtmm.org\/wp-content\/uploads\/2022\/01\/7_14.jpeg 650w, https:\/\/qtmm.org\/wp-content\/uploads\/2022\/01\/7_14-300x198.jpeg 300w\" sizes=\"auto, (max-width: 650px) 100vw, 650px\" \/><\/figure>\n\n\n\n<p>Yalova q\u0131r\u0131mtatar dernegini\u00f1 ba\u015f\u0131 Zeki \u00d6zt\u00fcrk \u015feer belediye ba\u015fqan\u0131 Metin Da\u011f\u011fa parkqa Mustafa Cemilevni\u00f1 ad\u0131n\u0131 bermek ve eykelini qoymaq imk\u00e2n\u0131 i\u00e7\u00fcn te\u015fekk\u00fcr bildirdi.<\/p>\n\n\n\n<p>\u015eeer belediye ba\u015fqan\u0131 Metin Da\u011f \u00f6z \u00e7\u0131q\u0131\u015f\u0131nda Yalova-\u00c7iftlikk\u00f6y ve Q\u0131r\u0131m aras\u0131nda \u015f\u00fcbesiz tarihiy ba\u011flar mevcut, \u00e7\u00fcnki 8-10 evden ba\u015fla\u011fan \u00c7iftlikk\u00f6yde bug\u00fcn 30 bi\u00f1den ziyade aile ya\u015famaqta. On\u0131\u00f1 inki\u015faf etmesinde q\u0131r\u0131mtatarlarn\u0131\u00f1 da b\u00fcy\u00fck h\u0131zmeti bar, dedi. &#8220;Bug\u00fcn bu parkqa Mustafa Cemilevni\u00f1 ad\u0131 berildi. \u0130nsan aqlar\u0131 ve demokratiya ye\u00f1i\u015fi i\u00e7\u00fcn k\u00fcre\u015f al\u0131p bar\u011fan me\u015fur insann\u0131\u00f1 ad\u0131nen park\u0131m\u0131zn\u0131 adland\u0131rmaq bizim i\u00e7\u00fcn b\u00fcy\u00fck \u015fereftir.<\/p>\n\n\n\n<figure class=\"wp-block-gallery columns-3 is-cropped wp-block-gallery-1 is-layout-flex wp-block-gallery-is-layout-flex\"><ul class=\"blocks-gallery-grid\"><li class=\"blocks-gallery-item\"><figure><a href=\"http:\/\/qtmm.org\/wp-content\/uploads\/2022\/01\/2_115.jpeg\"><img loading=\"lazy\" decoding=\"async\" width=\"650\" height=\"400\" src=\"http:\/\/qtmm.org\/wp-content\/uploads\/2022\/01\/2_115.jpeg\" alt=\"\" data-id=\"37929\" data-full-url=\"http:\/\/qtmm.org\/wp-content\/uploads\/2022\/01\/2_115.jpeg\" data-link=\"http:\/\/qtmm.org\/qt\/?attachment_id=37929\" class=\"wp-image-37929\" srcset=\"https:\/\/qtmm.org\/wp-content\/uploads\/2022\/01\/2_115.jpeg 650w, https:\/\/qtmm.org\/wp-content\/uploads\/2022\/01\/2_115-300x185.jpeg 300w\" sizes=\"auto, (max-width: 650px) 100vw, 650px\" \/><\/a><\/figure><\/li><li class=\"blocks-gallery-item\"><figure><a href=\"http:\/\/qtmm.org\/wp-content\/uploads\/2022\/01\/6_34.jpeg\"><img loading=\"lazy\" decoding=\"async\" width=\"650\" height=\"325\" src=\"http:\/\/qtmm.org\/wp-content\/uploads\/2022\/01\/6_34.jpeg\" alt=\"\" data-id=\"37933\" data-full-url=\"http:\/\/qtmm.org\/wp-content\/uploads\/2022\/01\/6_34.jpeg\" data-link=\"http:\/\/qtmm.org\/qt\/?attachment_id=37933\" class=\"wp-image-37933\" srcset=\"https:\/\/qtmm.org\/wp-content\/uploads\/2022\/01\/6_34.jpeg 650w, https:\/\/qtmm.org\/wp-content\/uploads\/2022\/01\/6_34-300x150.jpeg 300w\" sizes=\"auto, (max-width: 650px) 100vw, 650px\" \/><\/a><\/figure><\/li><li class=\"blocks-gallery-item\"><figure><a href=\"http:\/\/qtmm.org\/wp-content\/uploads\/2022\/01\/8_12.jpeg\"><img loading=\"lazy\" decoding=\"async\" width=\"650\" height=\"400\" src=\"http:\/\/qtmm.org\/wp-content\/uploads\/2022\/01\/8_12.jpeg\" alt=\"\" data-id=\"37937\" data-full-url=\"http:\/\/qtmm.org\/wp-content\/uploads\/2022\/01\/8_12.jpeg\" data-link=\"http:\/\/qtmm.org\/qt\/?attachment_id=37937\" class=\"wp-image-37937\" srcset=\"https:\/\/qtmm.org\/wp-content\/uploads\/2022\/01\/8_12.jpeg 650w, https:\/\/qtmm.org\/wp-content\/uploads\/2022\/01\/8_12-300x185.jpeg 300w\" sizes=\"auto, (max-width: 650px) 100vw, 650px\" \/><\/a><\/figure><\/li><\/ul><\/figure>\n\n\n\n<p>Bu qararn\u0131 biz belediye topla\u015fuv\u0131nda 2012 senesi aral\u0131q 3-te (157 raqaml\u0131 qarar) al\u011fan edik. Qararn\u0131\u00f1 qabul etilmesine qoltutqan b\u00fct\u00fcn arqada\u015flar\u011fa te\u015fekk\u00fcr bildirmek isteyim&#8221;, dedi Metin Da\u011f.<\/p>\n\n\n\n<p class=\"has-text-align-right\"><a rel=\"noreferrer noopener\" href=\"http:\/\/qha.com.ua\/\" target=\"_blank\"><strong><em>QHA<\/em><\/strong><\/a><\/p>\n","protected":false},"excerpt":{"rendered":"<p>Yalova \u015feerini\u00f1 \u00c7iftlikk\u00f6y qasabas\u0131nda bir qa\u00e7 y\u0131l evelsi qurul\u011fan \u015feer park\u0131na \u00c7iftlikk\u00f6y Belediyesini\u00f1 qarar\u0131 ile q\u0131r\u0131mtatarlarn\u0131\u00f1 milliy lideri Mustafa Cemilevni\u00f1 ad\u0131 berildi. Bun\u0131\u00f1 kibi de parkta Mustafa Cemilevni\u00f1 \u015ferefine eykel qoyul\u0131p, iy\u00fcn 2 k\u00fcn\u00fc on\u0131\u00f1 tantanal\u0131 a\u00e7\u0131l\u0131\u015f\u0131 old\u0131. Yalova-\u00c7iftlikk\u00f6y yerli \u015furas\u0131 taraf\u0131ndan al\u0131n\u011fan mezk\u00fcr qararn\u0131\u00f1 maqsad\u0131 Q\u0131r\u0131m ve T\u00fcrkiye aras\u0131ndaki ba\u011flarn\u0131\u00f1 pekitilmesidir. Mustafa Cemilevni\u00f1 kendisi [&hellip;]<\/p>\n","protected":false},"author":1,"featured_media":37909,"comment_status":"open","ping_status":"open","sticky":false,"template":"","format":"standard","meta":{"inline_featured_image":false,"footnotes":""},"categories":[265],"tags":[],"class_list":["post-37908","post","type-post","status-publish","format-standard","has-post-thumbnail","hentry","category-haberler"],"acf":[],"yoast_head":"<!-- This site is optimized with the Yoast SEO plugin v27.4 - https:\/\/yoast.com\/product\/yoast-seo-wordpress\/ -->\n<title>\u00c7iftlikk\u00f6yde (Yalova) Mustafa Cemilevni\u00f1 ad\u0131 parkqa berildi ve eykel qoyuld\u0131 - \u041c\u0435\u0434\u0436\u043b\u0456\u0441<\/title>\n<meta name=\"robots\" content=\"index, follow, max-snippet:-1, max-image-preview:large, max-video-preview:-1\" \/>\n<link rel=\"canonical\" href=\"https:\/\/qtmm.org\/qt\/ciftlikkoyde-yalova-mustafa-cemilevnin-adi-parkqa-berildi-ve-eykel-qoyuldi\/\" \/>\n<meta property=\"og:locale\" content=\"en_US\" \/>\n<meta property=\"og:type\" content=\"article\" \/>\n<meta property=\"og:title\" content=\"\u00c7iftlikk\u00f6yde (Yalova) Mustafa Cemilevni\u00f1 ad\u0131 parkqa berildi ve eykel qoyuld\u0131 - \u041c\u0435\u0434\u0436\u043b\u0456\u0441\" \/>\n<meta property=\"og:description\" content=\"Yalova \u015feerini\u00f1 \u00c7iftlikk\u00f6y qasabas\u0131nda bir qa\u00e7 y\u0131l evelsi qurul\u011fan \u015feer park\u0131na \u00c7iftlikk\u00f6y Belediyesini\u00f1 qarar\u0131 ile q\u0131r\u0131mtatarlarn\u0131\u00f1 milliy lideri Mustafa Cemilevni\u00f1 ad\u0131 berildi. Bun\u0131\u00f1 kibi de parkta Mustafa Cemilevni\u00f1 \u015ferefine eykel qoyul\u0131p, iy\u00fcn 2 k\u00fcn\u00fc on\u0131\u00f1 tantanal\u0131 a\u00e7\u0131l\u0131\u015f\u0131 old\u0131. Yalova-\u00c7iftlikk\u00f6y yerli \u015furas\u0131 taraf\u0131ndan al\u0131n\u011fan mezk\u00fcr qararn\u0131\u00f1 maqsad\u0131 Q\u0131r\u0131m ve T\u00fcrkiye aras\u0131ndaki ba\u011flarn\u0131\u00f1 pekitilmesidir. Mustafa Cemilevni\u00f1 kendisi [&hellip;]\" \/>\n<meta property=\"og:url\" content=\"https:\/\/qtmm.org\/qt\/ciftlikkoyde-yalova-mustafa-cemilevnin-adi-parkqa-berildi-ve-eykel-qoyuldi\/\" \/>\n<meta property=\"og:site_name\" content=\"\u041c\u0435\u0434\u0436\u043b\u0456\u0441\" \/>\n<meta property=\"article:publisher\" content=\"https:\/\/www.facebook.com\/qtmm.info\/\" \/>\n<meta property=\"article:published_time\" content=\"2013-06-02T21:20:00+00:00\" \/>\n<meta property=\"article:modified_time\" content=\"2022-01-23T21:24:54+00:00\" \/>\n<meta property=\"og:image\" content=\"https:\/\/qtmm.org\/wp-content\/uploads\/2022\/01\/1_117.jpeg\" \/>\n\t<meta property=\"og:image:width\" content=\"650\" \/>\n\t<meta property=\"og:image:height\" content=\"339\" \/>\n\t<meta property=\"og:image:type\" content=\"image\/jpeg\" \/>\n<meta name=\"author\" content=\"Developer\" \/>\n<meta name=\"twitter:card\" content=\"summary_large_image\" \/>\n<meta name=\"twitter:label1\" content=\"Written by\" \/>\n\t<meta name=\"twitter:data1\" content=\"Developer\" \/>\n\t<meta name=\"twitter:label2\" content=\"Est. reading time\" \/>\n\t<meta name=\"twitter:data2\" content=\"2 minutes\" \/>\n<script type=\"application\/ld+json\" class=\"yoast-schema-graph\">{\"@context\":\"https:\\\/\\\/schema.org\",\"@graph\":[{\"@type\":\"Article\",\"@id\":\"https:\\\/\\\/qtmm.org\\\/qt\\\/ciftlikkoyde-yalova-mustafa-cemilevnin-adi-parkqa-berildi-ve-eykel-qoyuldi\\\/#article\",\"isPartOf\":{\"@id\":\"https:\\\/\\\/qtmm.org\\\/qt\\\/ciftlikkoyde-yalova-mustafa-cemilevnin-adi-parkqa-berildi-ve-eykel-qoyuldi\\\/\"},\"author\":{\"name\":\"Developer\",\"@id\":\"https:\\\/\\\/qtmm.org\\\/qt\\\/#\\\/schema\\\/person\\\/de562469f971dec226ac06e60bbf74a7\"},\"headline\":\"\u00c7iftlikk\u00f6yde (Yalova) Mustafa Cemilevni\u00f1 ad\u0131 parkqa berildi ve eykel qoyuld\u0131\",\"datePublished\":\"2013-06-02T21:20:00+00:00\",\"dateModified\":\"2022-01-23T21:24:54+00:00\",\"mainEntityOfPage\":{\"@id\":\"https:\\\/\\\/qtmm.org\\\/qt\\\/ciftlikkoyde-yalova-mustafa-cemilevnin-adi-parkqa-berildi-ve-eykel-qoyuldi\\\/\"},\"wordCount\":355,\"commentCount\":0,\"publisher\":{\"@id\":\"https:\\\/\\\/qtmm.org\\\/qt\\\/#organization\"},\"image\":{\"@id\":\"https:\\\/\\\/qtmm.org\\\/qt\\\/ciftlikkoyde-yalova-mustafa-cemilevnin-adi-parkqa-berildi-ve-eykel-qoyuldi\\\/#primaryimage\"},\"thumbnailUrl\":\"https:\\\/\\\/qtmm.org\\\/wp-content\\\/uploads\\\/2022\\\/01\\\/1_117.jpeg\",\"articleSection\":[\"Haberler\"],\"inLanguage\":\"qt\",\"potentialAction\":[{\"@type\":\"CommentAction\",\"name\":\"Comment\",\"target\":[\"https:\\\/\\\/qtmm.org\\\/qt\\\/ciftlikkoyde-yalova-mustafa-cemilevnin-adi-parkqa-berildi-ve-eykel-qoyuldi\\\/#respond\"]}]},{\"@type\":\"WebPage\",\"@id\":\"https:\\\/\\\/qtmm.org\\\/qt\\\/ciftlikkoyde-yalova-mustafa-cemilevnin-adi-parkqa-berildi-ve-eykel-qoyuldi\\\/\",\"url\":\"https:\\\/\\\/qtmm.org\\\/qt\\\/ciftlikkoyde-yalova-mustafa-cemilevnin-adi-parkqa-berildi-ve-eykel-qoyuldi\\\/\",\"name\":\"\u00c7iftlikk\u00f6yde (Yalova) Mustafa Cemilevni\u00f1 ad\u0131 parkqa berildi ve eykel qoyuld\u0131 - \u041c\u0435\u0434\u0436\u043b\u0456\u0441\",\"isPartOf\":{\"@id\":\"https:\\\/\\\/qtmm.org\\\/qt\\\/#website\"},\"primaryImageOfPage\":{\"@id\":\"https:\\\/\\\/qtmm.org\\\/qt\\\/ciftlikkoyde-yalova-mustafa-cemilevnin-adi-parkqa-berildi-ve-eykel-qoyuldi\\\/#primaryimage\"},\"image\":{\"@id\":\"https:\\\/\\\/qtmm.org\\\/qt\\\/ciftlikkoyde-yalova-mustafa-cemilevnin-adi-parkqa-berildi-ve-eykel-qoyuldi\\\/#primaryimage\"},\"thumbnailUrl\":\"https:\\\/\\\/qtmm.org\\\/wp-content\\\/uploads\\\/2022\\\/01\\\/1_117.jpeg\",\"datePublished\":\"2013-06-02T21:20:00+00:00\",\"dateModified\":\"2022-01-23T21:24:54+00:00\",\"breadcrumb\":{\"@id\":\"https:\\\/\\\/qtmm.org\\\/qt\\\/ciftlikkoyde-yalova-mustafa-cemilevnin-adi-parkqa-berildi-ve-eykel-qoyuldi\\\/#breadcrumb\"},\"inLanguage\":\"qt\",\"potentialAction\":[{\"@type\":\"ReadAction\",\"target\":[\"https:\\\/\\\/qtmm.org\\\/qt\\\/ciftlikkoyde-yalova-mustafa-cemilevnin-adi-parkqa-berildi-ve-eykel-qoyuldi\\\/\"]}]},{\"@type\":\"ImageObject\",\"inLanguage\":\"qt\",\"@id\":\"https:\\\/\\\/qtmm.org\\\/qt\\\/ciftlikkoyde-yalova-mustafa-cemilevnin-adi-parkqa-berildi-ve-eykel-qoyuldi\\\/#primaryimage\",\"url\":\"https:\\\/\\\/qtmm.org\\\/wp-content\\\/uploads\\\/2022\\\/01\\\/1_117.jpeg\",\"contentUrl\":\"https:\\\/\\\/qtmm.org\\\/wp-content\\\/uploads\\\/2022\\\/01\\\/1_117.jpeg\",\"width\":650,\"height\":339},{\"@type\":\"BreadcrumbList\",\"@id\":\"https:\\\/\\\/qtmm.org\\\/qt\\\/ciftlikkoyde-yalova-mustafa-cemilevnin-adi-parkqa-berildi-ve-eykel-qoyuldi\\\/#breadcrumb\",\"itemListElement\":[{\"@type\":\"ListItem\",\"position\":1,\"name\":\"\u0413\u043e\u043b\u043e\u0432\u043d\u0430\",\"item\":\"https:\\\/\\\/qtmm.org\\\/qt\\\/\"},{\"@type\":\"ListItem\",\"position\":2,\"name\":\"\u00c7iftlikk\u00f6yde (Yalova) Mustafa Cemilevni\u00f1 ad\u0131 parkqa berildi ve eykel qoyuld\u0131\"}]},{\"@type\":\"WebSite\",\"@id\":\"https:\\\/\\\/qtmm.org\\\/qt\\\/#website\",\"url\":\"https:\\\/\\\/qtmm.org\\\/qt\\\/\",\"name\":\"\u041c\u0435\u0434\u0436\u043b\u0456\u0441\",\"description\":\"\",\"publisher\":{\"@id\":\"https:\\\/\\\/qtmm.org\\\/qt\\\/#organization\"},\"potentialAction\":[{\"@type\":\"SearchAction\",\"target\":{\"@type\":\"EntryPoint\",\"urlTemplate\":\"https:\\\/\\\/qtmm.org\\\/qt\\\/?s={search_term_string}\"},\"query-input\":{\"@type\":\"PropertyValueSpecification\",\"valueRequired\":true,\"valueName\":\"search_term_string\"}}],\"inLanguage\":\"qt\"},{\"@type\":\"Organization\",\"@id\":\"https:\\\/\\\/qtmm.org\\\/qt\\\/#organization\",\"name\":\"\u041c\u0435\u0434\u0436\u043b\u0456\u0441\",\"url\":\"https:\\\/\\\/qtmm.org\\\/qt\\\/\",\"logo\":{\"@type\":\"ImageObject\",\"inLanguage\":\"qt\",\"@id\":\"https:\\\/\\\/qtmm.org\\\/qt\\\/#\\\/schema\\\/logo\\\/image\\\/\",\"url\":\"https:\\\/\\\/qtmm.org\\\/wp-content\\\/uploads\\\/2024\\\/12\\\/ua-mejlis-logo-rgb.svg\",\"contentUrl\":\"https:\\\/\\\/qtmm.org\\\/wp-content\\\/uploads\\\/2024\\\/12\\\/ua-mejlis-logo-rgb.svg\",\"caption\":\"\u041c\u0435\u0434\u0436\u043b\u0456\u0441\"},\"image\":{\"@id\":\"https:\\\/\\\/qtmm.org\\\/qt\\\/#\\\/schema\\\/logo\\\/image\\\/\"},\"sameAs\":[\"https:\\\/\\\/www.facebook.com\\\/qtmm.info\\\/\"]},{\"@type\":\"Person\",\"@id\":\"https:\\\/\\\/qtmm.org\\\/qt\\\/#\\\/schema\\\/person\\\/de562469f971dec226ac06e60bbf74a7\",\"name\":\"Developer\",\"image\":{\"@type\":\"ImageObject\",\"inLanguage\":\"qt\",\"@id\":\"https:\\\/\\\/secure.gravatar.com\\\/avatar\\\/392b4cc8fbfeb00b39dfeeab4ee6edded39ffd48e25858637e4765810300227e?s=96&d=mm&r=g\",\"url\":\"https:\\\/\\\/secure.gravatar.com\\\/avatar\\\/392b4cc8fbfeb00b39dfeeab4ee6edded39ffd48e25858637e4765810300227e?s=96&d=mm&r=g\",\"contentUrl\":\"https:\\\/\\\/secure.gravatar.com\\\/avatar\\\/392b4cc8fbfeb00b39dfeeab4ee6edded39ffd48e25858637e4765810300227e?s=96&d=mm&r=g\",\"caption\":\"Developer\"},\"url\":\"https:\\\/\\\/qtmm.org\\\/qt\\\/author\\\/Developer\\\/\"}]}<\/script>\n<!-- \/ Yoast SEO plugin. -->","yoast_head_json":{"title":"\u00c7iftlikk\u00f6yde (Yalova) Mustafa Cemilevni\u00f1 ad\u0131 parkqa berildi ve eykel qoyuld\u0131 - \u041c\u0435\u0434\u0436\u043b\u0456\u0441","robots":{"index":"index","follow":"follow","max-snippet":"max-snippet:-1","max-image-preview":"max-image-preview:large","max-video-preview":"max-video-preview:-1"},"canonical":"https:\/\/qtmm.org\/qt\/ciftlikkoyde-yalova-mustafa-cemilevnin-adi-parkqa-berildi-ve-eykel-qoyuldi\/","og_locale":"en_US","og_type":"article","og_title":"\u00c7iftlikk\u00f6yde (Yalova) Mustafa Cemilevni\u00f1 ad\u0131 parkqa berildi ve eykel qoyuld\u0131 - \u041c\u0435\u0434\u0436\u043b\u0456\u0441","og_description":"Yalova \u015feerini\u00f1 \u00c7iftlikk\u00f6y qasabas\u0131nda bir qa\u00e7 y\u0131l evelsi qurul\u011fan \u015feer park\u0131na \u00c7iftlikk\u00f6y Belediyesini\u00f1 qarar\u0131 ile q\u0131r\u0131mtatarlarn\u0131\u00f1 milliy lideri Mustafa Cemilevni\u00f1 ad\u0131 berildi. Bun\u0131\u00f1 kibi de parkta Mustafa Cemilevni\u00f1 \u015ferefine eykel qoyul\u0131p, iy\u00fcn 2 k\u00fcn\u00fc on\u0131\u00f1 tantanal\u0131 a\u00e7\u0131l\u0131\u015f\u0131 old\u0131. Yalova-\u00c7iftlikk\u00f6y yerli \u015furas\u0131 taraf\u0131ndan al\u0131n\u011fan mezk\u00fcr qararn\u0131\u00f1 maqsad\u0131 Q\u0131r\u0131m ve T\u00fcrkiye aras\u0131ndaki ba\u011flarn\u0131\u00f1 pekitilmesidir. Mustafa Cemilevni\u00f1 kendisi [&hellip;]","og_url":"https:\/\/qtmm.org\/qt\/ciftlikkoyde-yalova-mustafa-cemilevnin-adi-parkqa-berildi-ve-eykel-qoyuldi\/","og_site_name":"\u041c\u0435\u0434\u0436\u043b\u0456\u0441","article_publisher":"https:\/\/www.facebook.com\/qtmm.info\/","article_published_time":"2013-06-02T21:20:00+00:00","article_modified_time":"2022-01-23T21:24:54+00:00","og_image":[{"width":650,"height":339,"url":"https:\/\/qtmm.org\/wp-content\/uploads\/2022\/01\/1_117.jpeg","type":"image\/jpeg"}],"author":"Developer","twitter_card":"summary_large_image","twitter_misc":{"Written by":"Developer","Est. reading time":"2 minutes"},"schema":{"@context":"https:\/\/schema.org","@graph":[{"@type":"Article","@id":"https:\/\/qtmm.org\/qt\/ciftlikkoyde-yalova-mustafa-cemilevnin-adi-parkqa-berildi-ve-eykel-qoyuldi\/#article","isPartOf":{"@id":"https:\/\/qtmm.org\/qt\/ciftlikkoyde-yalova-mustafa-cemilevnin-adi-parkqa-berildi-ve-eykel-qoyuldi\/"},"author":{"name":"Developer","@id":"https:\/\/qtmm.org\/qt\/#\/schema\/person\/de562469f971dec226ac06e60bbf74a7"},"headline":"\u00c7iftlikk\u00f6yde (Yalova) Mustafa Cemilevni\u00f1 ad\u0131 parkqa berildi ve eykel qoyuld\u0131","datePublished":"2013-06-02T21:20:00+00:00","dateModified":"2022-01-23T21:24:54+00:00","mainEntityOfPage":{"@id":"https:\/\/qtmm.org\/qt\/ciftlikkoyde-yalova-mustafa-cemilevnin-adi-parkqa-berildi-ve-eykel-qoyuldi\/"},"wordCount":355,"commentCount":0,"publisher":{"@id":"https:\/\/qtmm.org\/qt\/#organization"},"image":{"@id":"https:\/\/qtmm.org\/qt\/ciftlikkoyde-yalova-mustafa-cemilevnin-adi-parkqa-berildi-ve-eykel-qoyuldi\/#primaryimage"},"thumbnailUrl":"https:\/\/qtmm.org\/wp-content\/uploads\/2022\/01\/1_117.jpeg","articleSection":["Haberler"],"inLanguage":"qt","potentialAction":[{"@type":"CommentAction","name":"Comment","target":["https:\/\/qtmm.org\/qt\/ciftlikkoyde-yalova-mustafa-cemilevnin-adi-parkqa-berildi-ve-eykel-qoyuldi\/#respond"]}]},{"@type":"WebPage","@id":"https:\/\/qtmm.org\/qt\/ciftlikkoyde-yalova-mustafa-cemilevnin-adi-parkqa-berildi-ve-eykel-qoyuldi\/","url":"https:\/\/qtmm.org\/qt\/ciftlikkoyde-yalova-mustafa-cemilevnin-adi-parkqa-berildi-ve-eykel-qoyuldi\/","name":"\u00c7iftlikk\u00f6yde (Yalova) Mustafa Cemilevni\u00f1 ad\u0131 parkqa berildi ve eykel qoyuld\u0131 - \u041c\u0435\u0434\u0436\u043b\u0456\u0441","isPartOf":{"@id":"https:\/\/qtmm.org\/qt\/#website"},"primaryImageOfPage":{"@id":"https:\/\/qtmm.org\/qt\/ciftlikkoyde-yalova-mustafa-cemilevnin-adi-parkqa-berildi-ve-eykel-qoyuldi\/#primaryimage"},"image":{"@id":"https:\/\/qtmm.org\/qt\/ciftlikkoyde-yalova-mustafa-cemilevnin-adi-parkqa-berildi-ve-eykel-qoyuldi\/#primaryimage"},"thumbnailUrl":"https:\/\/qtmm.org\/wp-content\/uploads\/2022\/01\/1_117.jpeg","datePublished":"2013-06-02T21:20:00+00:00","dateModified":"2022-01-23T21:24:54+00:00","breadcrumb":{"@id":"https:\/\/qtmm.org\/qt\/ciftlikkoyde-yalova-mustafa-cemilevnin-adi-parkqa-berildi-ve-eykel-qoyuldi\/#breadcrumb"},"inLanguage":"qt","potentialAction":[{"@type":"ReadAction","target":["https:\/\/qtmm.org\/qt\/ciftlikkoyde-yalova-mustafa-cemilevnin-adi-parkqa-berildi-ve-eykel-qoyuldi\/"]}]},{"@type":"ImageObject","inLanguage":"qt","@id":"https:\/\/qtmm.org\/qt\/ciftlikkoyde-yalova-mustafa-cemilevnin-adi-parkqa-berildi-ve-eykel-qoyuldi\/#primaryimage","url":"https:\/\/qtmm.org\/wp-content\/uploads\/2022\/01\/1_117.jpeg","contentUrl":"https:\/\/qtmm.org\/wp-content\/uploads\/2022\/01\/1_117.jpeg","width":650,"height":339},{"@type":"BreadcrumbList","@id":"https:\/\/qtmm.org\/qt\/ciftlikkoyde-yalova-mustafa-cemilevnin-adi-parkqa-berildi-ve-eykel-qoyuldi\/#breadcrumb","itemListElement":[{"@type":"ListItem","position":1,"name":"\u0413\u043e\u043b\u043e\u0432\u043d\u0430","item":"https:\/\/qtmm.org\/qt\/"},{"@type":"ListItem","position":2,"name":"\u00c7iftlikk\u00f6yde (Yalova) Mustafa Cemilevni\u00f1 ad\u0131 parkqa berildi ve eykel qoyuld\u0131"}]},{"@type":"WebSite","@id":"https:\/\/qtmm.org\/qt\/#website","url":"https:\/\/qtmm.org\/qt\/","name":"\u041c\u0435\u0434\u0436\u043b\u0456\u0441","description":"","publisher":{"@id":"https:\/\/qtmm.org\/qt\/#organization"},"potentialAction":[{"@type":"SearchAction","target":{"@type":"EntryPoint","urlTemplate":"https:\/\/qtmm.org\/qt\/?s={search_term_string}"},"query-input":{"@type":"PropertyValueSpecification","valueRequired":true,"valueName":"search_term_string"}}],"inLanguage":"qt"},{"@type":"Organization","@id":"https:\/\/qtmm.org\/qt\/#organization","name":"\u041c\u0435\u0434\u0436\u043b\u0456\u0441","url":"https:\/\/qtmm.org\/qt\/","logo":{"@type":"ImageObject","inLanguage":"qt","@id":"https:\/\/qtmm.org\/qt\/#\/schema\/logo\/image\/","url":"https:\/\/qtmm.org\/wp-content\/uploads\/2024\/12\/ua-mejlis-logo-rgb.svg","contentUrl":"https:\/\/qtmm.org\/wp-content\/uploads\/2024\/12\/ua-mejlis-logo-rgb.svg","caption":"\u041c\u0435\u0434\u0436\u043b\u0456\u0441"},"image":{"@id":"https:\/\/qtmm.org\/qt\/#\/schema\/logo\/image\/"},"sameAs":["https:\/\/www.facebook.com\/qtmm.info\/"]},{"@type":"Person","@id":"https:\/\/qtmm.org\/qt\/#\/schema\/person\/de562469f971dec226ac06e60bbf74a7","name":"Developer","image":{"@type":"ImageObject","inLanguage":"qt","@id":"https:\/\/secure.gravatar.com\/avatar\/392b4cc8fbfeb00b39dfeeab4ee6edded39ffd48e25858637e4765810300227e?s=96&d=mm&r=g","url":"https:\/\/secure.gravatar.com\/avatar\/392b4cc8fbfeb00b39dfeeab4ee6edded39ffd48e25858637e4765810300227e?s=96&d=mm&r=g","contentUrl":"https:\/\/secure.gravatar.com\/avatar\/392b4cc8fbfeb00b39dfeeab4ee6edded39ffd48e25858637e4765810300227e?s=96&d=mm&r=g","caption":"Developer"},"url":"https:\/\/qtmm.org\/qt\/author\/Developer\/"}]}},"_links":{"self":[{"href":"https:\/\/qtmm.org\/qt\/wp-json\/wp\/v2\/posts\/37908","targetHints":{"allow":["GET"]}}],"collection":[{"href":"https:\/\/qtmm.org\/qt\/wp-json\/wp\/v2\/posts"}],"about":[{"href":"https:\/\/qtmm.org\/qt\/wp-json\/wp\/v2\/types\/post"}],"author":[{"embeddable":true,"href":"https:\/\/qtmm.org\/qt\/wp-json\/wp\/v2\/users\/1"}],"replies":[{"embeddable":true,"href":"https:\/\/qtmm.org\/qt\/wp-json\/wp\/v2\/comments?post=37908"}],"version-history":[{"count":1,"href":"https:\/\/qtmm.org\/qt\/wp-json\/wp\/v2\/posts\/37908\/revisions"}],"predecessor-version":[{"id":37941,"href":"https:\/\/qtmm.org\/qt\/wp-json\/wp\/v2\/posts\/37908\/revisions\/37941"}],"wp:featuredmedia":[{"embeddable":true,"href":"https:\/\/qtmm.org\/qt\/wp-json\/wp\/v2\/media\/37909"}],"wp:attachment":[{"href":"https:\/\/qtmm.org\/qt\/wp-json\/wp\/v2\/media?parent=37908"}],"wp:term":[{"taxonomy":"category","embeddable":true,"href":"https:\/\/qtmm.org\/qt\/wp-json\/wp\/v2\/categories?post=37908"},{"taxonomy":"post_tag","embeddable":true,"href":"https:\/\/qtmm.org\/qt\/wp-json\/wp\/v2\/tags?post=37908"}],"curies":[{"name":"wp","href":"https:\/\/api.w.org\/{rel}","templated":true}]}}