




{"id":37906,"date":"2013-05-30T00:20:00","date_gmt":"2013-05-29T21:20:00","guid":{"rendered":"http:\/\/qtmm.org\/?p=37906"},"modified":"2022-01-24T00:20:39","modified_gmt":"2022-01-23T21:20:39","slug":"hayser-cemilevnin-ekimi-o-hapiste-degil-de-aqil-hastahanesinde-olmasi-kerek","status":"publish","type":"post","link":"https:\/\/qtmm.org\/qt\/hayser-cemilevnin-ekimi-o-hapiste-degil-de-aqil-hastahanesinde-olmasi-kerek\/","title":{"rendered":"Hayser Cemilevni\u00f1 ekimi: O, hapiste degil de, aq\u0131l hastahanesinde olmas\u0131 kerek"},"content":{"rendered":"\n<p>Q\u0131r\u0131mtatar halq\u0131n\u0131\u00f1 lideri, millet vekili Mustafa Cemilev Fefzi Edemovn\u0131 diqqats\u0131zl\u0131\u011f\u0131 neticesinde \u00f6ld\u00fcrgen o\u011flu ruhiy hasta ol\u011fan\u0131 ve \u0130stanbuldaki e\u00f1 nufuzl\u0131 klinikalarn\u0131\u00f1 birinde tedaviylengeni aqq\u0131nda defalarca s\u00f6ylegen so\u00f1 QHA Hayser Cemilevni tedaviylegen \u0130stanbull\u0131 doktor Yasin Gen\u00e7 ile ba\u011fland\u0131.<br><br><strong>QHA: Qaza y\u00fcz berdi \u2013 Hayser Cemilev adam \u00f6ld\u00fcrdi. Sizi\u00f1ce, bun\u0131\u00f1 sebebi nede?<\/strong><br><br>&#8211; Bizim hastam\u0131zn\u0131\u00f1 zeini bozuq, ker\u00e7ek hayattan uzaq edi. Biz bu\u00f1a psikoz deymiz. Bu hastal\u0131qn\u0131 il\u00e2clarnen tedaviylemek m\u00fcmk\u00fcn, amma tedaviylev toqtat\u0131lsa ya da il\u00e2clar ya\u00f1l\u0131\u015f qullan\u0131lsa hastal\u0131q qaytavlaya bilir. Psikoz \u015feker hastal\u0131\u011f\u0131 kibi devaml\u0131 yani hronik hastal\u0131qt\u0131r. \u0130l\u00e2c qullan\u0131lmas\u0131 toqta\u011fan\u0131nen hastal\u0131q qayta, hasta vaziyetni ya\u00f1l\u0131\u015f a\u00f1laya, k\u00f6rebilir. O, bu hastal\u0131qtan \u00e7eki\u015fe ve il\u00e2c qullana edi. Bes-belli, il\u00e2c qullanmaqn\u0131 toqtatqan ya da er zaman qullanma\u011fan\u0131 sebebinden hastal\u0131\u011f\u0131 qaytavlad\u0131. B\u00f6yle diagnozl\u0131 hastalar il\u00e2c qullanmaqn\u0131 toqtatt\u0131larm\u0131, \u015fu vaziyet ola. Mencesine, il\u00e2c ya\u00f1l\u0131\u015f qullan\u011fan\u0131 sebebinden hastal\u0131q qaytt\u0131.<br><br><strong>QHA: Ala-az\u0131rda Hayser Cemilev hapiste tutuqlanmaqta. B\u00f6yle hastalarn\u0131 apske almaq m\u00fcmk\u00fcnmi?<\/strong><br><br>&#8211; On\u0131 hapiste tutmaq olmaz. \u0130nsan bundan evel hasta olsa, on\u0131 ba\u015fta k\u00f6zden ke\u00e7irmek, baqmaq l\u00e2zim. Hayser kibi hasta insan cinayet yapsa, on\u0131 ba\u015fta m\u0131tlaqa mahkeme-psihiatrik hastahanege yollamalar\u0131 kerek. Anda ekimler al\u0131n\u0131, vaziyetini \u00f6grenip, sa\u011fl\u0131\u011f\u0131 yerine klgenge qadar hastahanede olmas\u0131 kerek. Tecribe \u015fun\u0131 k\u00f6stere ki, bundan so\u00f1 o, b\u00fct\u00fcn \u00f6m\u00fcri il\u00e2c qullanacaq<br><br><strong>QHA: Avropada, d\u00fcnyada b\u00f6yle adiselerge nas\u0131l baq\u0131la?<\/strong><br><br>&#8211; B\u00f6yle allarda mahsus komissiya meydan\u011fa ketirile. Em bir doktor degil de, b\u00fct\u00fcn bir gruppa m\u00fctehass\u0131slar test ve tedaviy ke\u00e7ireler. Bundan so\u00f1 belli bir m\u00fcddet hastan\u0131\u00f1 vaziyetini k\u00f6zetip, on\u0131\u00f1 ker\u00e7ekten de hasta ya da sa\u011flam ol\u011fan\u0131 aqq\u0131nda hul\u00e2sa \u00e7\u0131qaralar. Ve tek so\u00f1ra tibbiy qarar al\u0131na. Bu qarar\u011fa k\u00f6re insan\u011fa cinaiy mes\u00fcliet y\u00fcklemek ya da kimni\u00f1dir imayesine avale etmek qarar\u0131 berile.<br><br>QHA: \u015eimdi on\u0131 hastahanede degil de hapiste tutuqla\u011fanlar\u0131 on\u0131\u00f1 hastal\u0131\u011f\u0131na tesir etebilirmi?<br><br><strong>-Hapiste o psihiatrn\u0131\u00f1 nezareti alt\u0131nda bulunmal\u0131. \u0130l\u00e2c qullanmas\u0131n\u0131 k\u00f6zetmek kerekler. \u00c7\u00fcnki sa\u011flam insan bu i\u015fni yapamazd\u0131. B\u00f6yle hastalar skeptik olaraq, zeinleri bozula. Olar kendilerine zarar eteceklerinden qorqalar. Hal\u00fcsinasyonlar\u0131 ol\u0131p, em \u00f6zleri, em etraftakilerge zarar ketirebilirler. Hapiste bulunmas\u0131 hastal\u0131qn\u0131 daa ziyade beterle\u015ftirir. Zira hapis \u015faraitleri sa\u011flam insan\u011fa bile yaramay tesir ete. Hayser Cemilev hapiste bulun\u0131rken, eziyet \u00e7ekecegi belli<\/strong><br><br><strong>QHA: Ne yapmaq kerek?<br><br><\/strong>&#8211; Zan\u0131mca, on\u0131 aq\u0131l hastahanesine yollamaq kerek ki, anda on\u0131 baqs\u0131nlar.<\/p>\n\n\n\n<p class=\"has-text-align-right\"><br><br><em><strong>Asibe \u0130badullayeva<br><a href=\"http:\/\/qha.com.ua\/tr\" target=\"_blank\" rel=\"noreferrer noopener\">QHA<\/a><\/strong><\/em><\/p>\n","protected":false},"excerpt":{"rendered":"<p>Q\u0131r\u0131mtatar halq\u0131n\u0131\u00f1 lideri, millet vekili Mustafa Cemilev Fefzi Edemovn\u0131 diqqats\u0131zl\u0131\u011f\u0131 neticesinde \u00f6ld\u00fcrgen o\u011flu ruhiy hasta ol\u011fan\u0131 ve \u0130stanbuldaki e\u00f1 nufuzl\u0131 klinikalarn\u0131\u00f1 birinde tedaviylengeni aqq\u0131nda defalarca s\u00f6ylegen so\u00f1 QHA Hayser Cemilevni tedaviylegen \u0130stanbull\u0131 doktor Yasin Gen\u00e7 ile ba\u011fland\u0131. QHA: Qaza y\u00fcz berdi \u2013 Hayser Cemilev adam \u00f6ld\u00fcrdi. Sizi\u00f1ce, bun\u0131\u00f1 sebebi nede? &#8211; Bizim hastam\u0131zn\u0131\u00f1 zeini bozuq, [&hellip;]<\/p>\n","protected":false},"author":1,"featured_media":0,"comment_status":"open","ping_status":"open","sticky":false,"template":"","format":"standard","meta":{"inline_featured_image":false,"footnotes":""},"categories":[265],"tags":[],"class_list":["post-37906","post","type-post","status-publish","format-standard","hentry","category-haberler"],"acf":[],"yoast_head":"<!-- This site is optimized with the Yoast SEO plugin v27.4 - https:\/\/yoast.com\/product\/yoast-seo-wordpress\/ -->\n<title>Hayser Cemilevni\u00f1 ekimi: O, hapiste degil de, aq\u0131l hastahanesinde olmas\u0131 kerek - \u041c\u0435\u0434\u0436\u043b\u0456\u0441<\/title>\n<meta name=\"robots\" content=\"index, follow, max-snippet:-1, max-image-preview:large, max-video-preview:-1\" \/>\n<link rel=\"canonical\" href=\"https:\/\/qtmm.org\/qt\/hayser-cemilevnin-ekimi-o-hapiste-degil-de-aqil-hastahanesinde-olmasi-kerek\/\" \/>\n<meta property=\"og:locale\" content=\"en_US\" \/>\n<meta property=\"og:type\" content=\"article\" \/>\n<meta property=\"og:title\" content=\"Hayser Cemilevni\u00f1 ekimi: O, hapiste degil de, aq\u0131l hastahanesinde olmas\u0131 kerek - \u041c\u0435\u0434\u0436\u043b\u0456\u0441\" \/>\n<meta property=\"og:description\" content=\"Q\u0131r\u0131mtatar halq\u0131n\u0131\u00f1 lideri, millet vekili Mustafa Cemilev Fefzi Edemovn\u0131 diqqats\u0131zl\u0131\u011f\u0131 neticesinde \u00f6ld\u00fcrgen o\u011flu ruhiy hasta ol\u011fan\u0131 ve \u0130stanbuldaki e\u00f1 nufuzl\u0131 klinikalarn\u0131\u00f1 birinde tedaviylengeni aqq\u0131nda defalarca s\u00f6ylegen so\u00f1 QHA Hayser Cemilevni tedaviylegen \u0130stanbull\u0131 doktor Yasin Gen\u00e7 ile ba\u011fland\u0131. QHA: Qaza y\u00fcz berdi \u2013 Hayser Cemilev adam \u00f6ld\u00fcrdi. Sizi\u00f1ce, bun\u0131\u00f1 sebebi nede? &#8211; Bizim hastam\u0131zn\u0131\u00f1 zeini bozuq, [&hellip;]\" \/>\n<meta property=\"og:url\" content=\"https:\/\/qtmm.org\/qt\/hayser-cemilevnin-ekimi-o-hapiste-degil-de-aqil-hastahanesinde-olmasi-kerek\/\" \/>\n<meta property=\"og:site_name\" content=\"\u041c\u0435\u0434\u0436\u043b\u0456\u0441\" \/>\n<meta property=\"article:publisher\" content=\"https:\/\/www.facebook.com\/qtmm.info\/\" \/>\n<meta property=\"article:published_time\" content=\"2013-05-29T21:20:00+00:00\" \/>\n<meta property=\"article:modified_time\" content=\"2022-01-23T21:20:39+00:00\" \/>\n<meta name=\"author\" content=\"Developer\" \/>\n<meta name=\"twitter:card\" content=\"summary_large_image\" \/>\n<meta name=\"twitter:label1\" content=\"Written by\" \/>\n\t<meta name=\"twitter:data1\" content=\"Developer\" \/>\n\t<meta name=\"twitter:label2\" content=\"Est. reading time\" \/>\n\t<meta name=\"twitter:data2\" content=\"2 minutes\" \/>\n<script type=\"application\/ld+json\" class=\"yoast-schema-graph\">{\"@context\":\"https:\\\/\\\/schema.org\",\"@graph\":[{\"@type\":\"Article\",\"@id\":\"https:\\\/\\\/qtmm.org\\\/qt\\\/hayser-cemilevnin-ekimi-o-hapiste-degil-de-aqil-hastahanesinde-olmasi-kerek\\\/#article\",\"isPartOf\":{\"@id\":\"https:\\\/\\\/qtmm.org\\\/qt\\\/hayser-cemilevnin-ekimi-o-hapiste-degil-de-aqil-hastahanesinde-olmasi-kerek\\\/\"},\"author\":{\"name\":\"Developer\",\"@id\":\"https:\\\/\\\/qtmm.org\\\/qt\\\/#\\\/schema\\\/person\\\/de562469f971dec226ac06e60bbf74a7\"},\"headline\":\"Hayser Cemilevni\u00f1 ekimi: O, hapiste degil de, aq\u0131l hastahanesinde olmas\u0131 kerek\",\"datePublished\":\"2013-05-29T21:20:00+00:00\",\"dateModified\":\"2022-01-23T21:20:39+00:00\",\"mainEntityOfPage\":{\"@id\":\"https:\\\/\\\/qtmm.org\\\/qt\\\/hayser-cemilevnin-ekimi-o-hapiste-degil-de-aqil-hastahanesinde-olmasi-kerek\\\/\"},\"wordCount\":470,\"commentCount\":0,\"publisher\":{\"@id\":\"https:\\\/\\\/qtmm.org\\\/qt\\\/#organization\"},\"articleSection\":[\"Haberler\"],\"inLanguage\":\"qt\",\"potentialAction\":[{\"@type\":\"CommentAction\",\"name\":\"Comment\",\"target\":[\"https:\\\/\\\/qtmm.org\\\/qt\\\/hayser-cemilevnin-ekimi-o-hapiste-degil-de-aqil-hastahanesinde-olmasi-kerek\\\/#respond\"]}]},{\"@type\":\"WebPage\",\"@id\":\"https:\\\/\\\/qtmm.org\\\/qt\\\/hayser-cemilevnin-ekimi-o-hapiste-degil-de-aqil-hastahanesinde-olmasi-kerek\\\/\",\"url\":\"https:\\\/\\\/qtmm.org\\\/qt\\\/hayser-cemilevnin-ekimi-o-hapiste-degil-de-aqil-hastahanesinde-olmasi-kerek\\\/\",\"name\":\"Hayser Cemilevni\u00f1 ekimi: O, hapiste degil de, aq\u0131l hastahanesinde olmas\u0131 kerek - \u041c\u0435\u0434\u0436\u043b\u0456\u0441\",\"isPartOf\":{\"@id\":\"https:\\\/\\\/qtmm.org\\\/qt\\\/#website\"},\"datePublished\":\"2013-05-29T21:20:00+00:00\",\"dateModified\":\"2022-01-23T21:20:39+00:00\",\"breadcrumb\":{\"@id\":\"https:\\\/\\\/qtmm.org\\\/qt\\\/hayser-cemilevnin-ekimi-o-hapiste-degil-de-aqil-hastahanesinde-olmasi-kerek\\\/#breadcrumb\"},\"inLanguage\":\"qt\",\"potentialAction\":[{\"@type\":\"ReadAction\",\"target\":[\"https:\\\/\\\/qtmm.org\\\/qt\\\/hayser-cemilevnin-ekimi-o-hapiste-degil-de-aqil-hastahanesinde-olmasi-kerek\\\/\"]}]},{\"@type\":\"BreadcrumbList\",\"@id\":\"https:\\\/\\\/qtmm.org\\\/qt\\\/hayser-cemilevnin-ekimi-o-hapiste-degil-de-aqil-hastahanesinde-olmasi-kerek\\\/#breadcrumb\",\"itemListElement\":[{\"@type\":\"ListItem\",\"position\":1,\"name\":\"\u0413\u043e\u043b\u043e\u0432\u043d\u0430\",\"item\":\"https:\\\/\\\/qtmm.org\\\/qt\\\/\"},{\"@type\":\"ListItem\",\"position\":2,\"name\":\"Hayser Cemilevni\u00f1 ekimi: O, hapiste degil de, aq\u0131l hastahanesinde olmas\u0131 kerek\"}]},{\"@type\":\"WebSite\",\"@id\":\"https:\\\/\\\/qtmm.org\\\/qt\\\/#website\",\"url\":\"https:\\\/\\\/qtmm.org\\\/qt\\\/\",\"name\":\"\u041c\u0435\u0434\u0436\u043b\u0456\u0441\",\"description\":\"\",\"publisher\":{\"@id\":\"https:\\\/\\\/qtmm.org\\\/qt\\\/#organization\"},\"potentialAction\":[{\"@type\":\"SearchAction\",\"target\":{\"@type\":\"EntryPoint\",\"urlTemplate\":\"https:\\\/\\\/qtmm.org\\\/qt\\\/?s={search_term_string}\"},\"query-input\":{\"@type\":\"PropertyValueSpecification\",\"valueRequired\":true,\"valueName\":\"search_term_string\"}}],\"inLanguage\":\"qt\"},{\"@type\":\"Organization\",\"@id\":\"https:\\\/\\\/qtmm.org\\\/qt\\\/#organization\",\"name\":\"\u041c\u0435\u0434\u0436\u043b\u0456\u0441\",\"url\":\"https:\\\/\\\/qtmm.org\\\/qt\\\/\",\"logo\":{\"@type\":\"ImageObject\",\"inLanguage\":\"qt\",\"@id\":\"https:\\\/\\\/qtmm.org\\\/qt\\\/#\\\/schema\\\/logo\\\/image\\\/\",\"url\":\"https:\\\/\\\/qtmm.org\\\/wp-content\\\/uploads\\\/2024\\\/12\\\/ua-mejlis-logo-rgb.svg\",\"contentUrl\":\"https:\\\/\\\/qtmm.org\\\/wp-content\\\/uploads\\\/2024\\\/12\\\/ua-mejlis-logo-rgb.svg\",\"caption\":\"\u041c\u0435\u0434\u0436\u043b\u0456\u0441\"},\"image\":{\"@id\":\"https:\\\/\\\/qtmm.org\\\/qt\\\/#\\\/schema\\\/logo\\\/image\\\/\"},\"sameAs\":[\"https:\\\/\\\/www.facebook.com\\\/qtmm.info\\\/\"]},{\"@type\":\"Person\",\"@id\":\"https:\\\/\\\/qtmm.org\\\/qt\\\/#\\\/schema\\\/person\\\/de562469f971dec226ac06e60bbf74a7\",\"name\":\"Developer\",\"image\":{\"@type\":\"ImageObject\",\"inLanguage\":\"qt\",\"@id\":\"https:\\\/\\\/secure.gravatar.com\\\/avatar\\\/392b4cc8fbfeb00b39dfeeab4ee6edded39ffd48e25858637e4765810300227e?s=96&d=mm&r=g\",\"url\":\"https:\\\/\\\/secure.gravatar.com\\\/avatar\\\/392b4cc8fbfeb00b39dfeeab4ee6edded39ffd48e25858637e4765810300227e?s=96&d=mm&r=g\",\"contentUrl\":\"https:\\\/\\\/secure.gravatar.com\\\/avatar\\\/392b4cc8fbfeb00b39dfeeab4ee6edded39ffd48e25858637e4765810300227e?s=96&d=mm&r=g\",\"caption\":\"Developer\"},\"url\":\"https:\\\/\\\/qtmm.org\\\/qt\\\/author\\\/Developer\\\/\"}]}<\/script>\n<!-- \/ Yoast SEO plugin. -->","yoast_head_json":{"title":"Hayser Cemilevni\u00f1 ekimi: O, hapiste degil de, aq\u0131l hastahanesinde olmas\u0131 kerek - \u041c\u0435\u0434\u0436\u043b\u0456\u0441","robots":{"index":"index","follow":"follow","max-snippet":"max-snippet:-1","max-image-preview":"max-image-preview:large","max-video-preview":"max-video-preview:-1"},"canonical":"https:\/\/qtmm.org\/qt\/hayser-cemilevnin-ekimi-o-hapiste-degil-de-aqil-hastahanesinde-olmasi-kerek\/","og_locale":"en_US","og_type":"article","og_title":"Hayser Cemilevni\u00f1 ekimi: O, hapiste degil de, aq\u0131l hastahanesinde olmas\u0131 kerek - \u041c\u0435\u0434\u0436\u043b\u0456\u0441","og_description":"Q\u0131r\u0131mtatar halq\u0131n\u0131\u00f1 lideri, millet vekili Mustafa Cemilev Fefzi Edemovn\u0131 diqqats\u0131zl\u0131\u011f\u0131 neticesinde \u00f6ld\u00fcrgen o\u011flu ruhiy hasta ol\u011fan\u0131 ve \u0130stanbuldaki e\u00f1 nufuzl\u0131 klinikalarn\u0131\u00f1 birinde tedaviylengeni aqq\u0131nda defalarca s\u00f6ylegen so\u00f1 QHA Hayser Cemilevni tedaviylegen \u0130stanbull\u0131 doktor Yasin Gen\u00e7 ile ba\u011fland\u0131. QHA: Qaza y\u00fcz berdi \u2013 Hayser Cemilev adam \u00f6ld\u00fcrdi. Sizi\u00f1ce, bun\u0131\u00f1 sebebi nede? &#8211; Bizim hastam\u0131zn\u0131\u00f1 zeini bozuq, [&hellip;]","og_url":"https:\/\/qtmm.org\/qt\/hayser-cemilevnin-ekimi-o-hapiste-degil-de-aqil-hastahanesinde-olmasi-kerek\/","og_site_name":"\u041c\u0435\u0434\u0436\u043b\u0456\u0441","article_publisher":"https:\/\/www.facebook.com\/qtmm.info\/","article_published_time":"2013-05-29T21:20:00+00:00","article_modified_time":"2022-01-23T21:20:39+00:00","author":"Developer","twitter_card":"summary_large_image","twitter_misc":{"Written by":"Developer","Est. reading time":"2 minutes"},"schema":{"@context":"https:\/\/schema.org","@graph":[{"@type":"Article","@id":"https:\/\/qtmm.org\/qt\/hayser-cemilevnin-ekimi-o-hapiste-degil-de-aqil-hastahanesinde-olmasi-kerek\/#article","isPartOf":{"@id":"https:\/\/qtmm.org\/qt\/hayser-cemilevnin-ekimi-o-hapiste-degil-de-aqil-hastahanesinde-olmasi-kerek\/"},"author":{"name":"Developer","@id":"https:\/\/qtmm.org\/qt\/#\/schema\/person\/de562469f971dec226ac06e60bbf74a7"},"headline":"Hayser Cemilevni\u00f1 ekimi: O, hapiste degil de, aq\u0131l hastahanesinde olmas\u0131 kerek","datePublished":"2013-05-29T21:20:00+00:00","dateModified":"2022-01-23T21:20:39+00:00","mainEntityOfPage":{"@id":"https:\/\/qtmm.org\/qt\/hayser-cemilevnin-ekimi-o-hapiste-degil-de-aqil-hastahanesinde-olmasi-kerek\/"},"wordCount":470,"commentCount":0,"publisher":{"@id":"https:\/\/qtmm.org\/qt\/#organization"},"articleSection":["Haberler"],"inLanguage":"qt","potentialAction":[{"@type":"CommentAction","name":"Comment","target":["https:\/\/qtmm.org\/qt\/hayser-cemilevnin-ekimi-o-hapiste-degil-de-aqil-hastahanesinde-olmasi-kerek\/#respond"]}]},{"@type":"WebPage","@id":"https:\/\/qtmm.org\/qt\/hayser-cemilevnin-ekimi-o-hapiste-degil-de-aqil-hastahanesinde-olmasi-kerek\/","url":"https:\/\/qtmm.org\/qt\/hayser-cemilevnin-ekimi-o-hapiste-degil-de-aqil-hastahanesinde-olmasi-kerek\/","name":"Hayser Cemilevni\u00f1 ekimi: O, hapiste degil de, aq\u0131l hastahanesinde olmas\u0131 kerek - \u041c\u0435\u0434\u0436\u043b\u0456\u0441","isPartOf":{"@id":"https:\/\/qtmm.org\/qt\/#website"},"datePublished":"2013-05-29T21:20:00+00:00","dateModified":"2022-01-23T21:20:39+00:00","breadcrumb":{"@id":"https:\/\/qtmm.org\/qt\/hayser-cemilevnin-ekimi-o-hapiste-degil-de-aqil-hastahanesinde-olmasi-kerek\/#breadcrumb"},"inLanguage":"qt","potentialAction":[{"@type":"ReadAction","target":["https:\/\/qtmm.org\/qt\/hayser-cemilevnin-ekimi-o-hapiste-degil-de-aqil-hastahanesinde-olmasi-kerek\/"]}]},{"@type":"BreadcrumbList","@id":"https:\/\/qtmm.org\/qt\/hayser-cemilevnin-ekimi-o-hapiste-degil-de-aqil-hastahanesinde-olmasi-kerek\/#breadcrumb","itemListElement":[{"@type":"ListItem","position":1,"name":"\u0413\u043e\u043b\u043e\u0432\u043d\u0430","item":"https:\/\/qtmm.org\/qt\/"},{"@type":"ListItem","position":2,"name":"Hayser Cemilevni\u00f1 ekimi: O, hapiste degil de, aq\u0131l hastahanesinde olmas\u0131 kerek"}]},{"@type":"WebSite","@id":"https:\/\/qtmm.org\/qt\/#website","url":"https:\/\/qtmm.org\/qt\/","name":"\u041c\u0435\u0434\u0436\u043b\u0456\u0441","description":"","publisher":{"@id":"https:\/\/qtmm.org\/qt\/#organization"},"potentialAction":[{"@type":"SearchAction","target":{"@type":"EntryPoint","urlTemplate":"https:\/\/qtmm.org\/qt\/?s={search_term_string}"},"query-input":{"@type":"PropertyValueSpecification","valueRequired":true,"valueName":"search_term_string"}}],"inLanguage":"qt"},{"@type":"Organization","@id":"https:\/\/qtmm.org\/qt\/#organization","name":"\u041c\u0435\u0434\u0436\u043b\u0456\u0441","url":"https:\/\/qtmm.org\/qt\/","logo":{"@type":"ImageObject","inLanguage":"qt","@id":"https:\/\/qtmm.org\/qt\/#\/schema\/logo\/image\/","url":"https:\/\/qtmm.org\/wp-content\/uploads\/2024\/12\/ua-mejlis-logo-rgb.svg","contentUrl":"https:\/\/qtmm.org\/wp-content\/uploads\/2024\/12\/ua-mejlis-logo-rgb.svg","caption":"\u041c\u0435\u0434\u0436\u043b\u0456\u0441"},"image":{"@id":"https:\/\/qtmm.org\/qt\/#\/schema\/logo\/image\/"},"sameAs":["https:\/\/www.facebook.com\/qtmm.info\/"]},{"@type":"Person","@id":"https:\/\/qtmm.org\/qt\/#\/schema\/person\/de562469f971dec226ac06e60bbf74a7","name":"Developer","image":{"@type":"ImageObject","inLanguage":"qt","@id":"https:\/\/secure.gravatar.com\/avatar\/392b4cc8fbfeb00b39dfeeab4ee6edded39ffd48e25858637e4765810300227e?s=96&d=mm&r=g","url":"https:\/\/secure.gravatar.com\/avatar\/392b4cc8fbfeb00b39dfeeab4ee6edded39ffd48e25858637e4765810300227e?s=96&d=mm&r=g","contentUrl":"https:\/\/secure.gravatar.com\/avatar\/392b4cc8fbfeb00b39dfeeab4ee6edded39ffd48e25858637e4765810300227e?s=96&d=mm&r=g","caption":"Developer"},"url":"https:\/\/qtmm.org\/qt\/author\/Developer\/"}]}},"_links":{"self":[{"href":"https:\/\/qtmm.org\/qt\/wp-json\/wp\/v2\/posts\/37906","targetHints":{"allow":["GET"]}}],"collection":[{"href":"https:\/\/qtmm.org\/qt\/wp-json\/wp\/v2\/posts"}],"about":[{"href":"https:\/\/qtmm.org\/qt\/wp-json\/wp\/v2\/types\/post"}],"author":[{"embeddable":true,"href":"https:\/\/qtmm.org\/qt\/wp-json\/wp\/v2\/users\/1"}],"replies":[{"embeddable":true,"href":"https:\/\/qtmm.org\/qt\/wp-json\/wp\/v2\/comments?post=37906"}],"version-history":[{"count":1,"href":"https:\/\/qtmm.org\/qt\/wp-json\/wp\/v2\/posts\/37906\/revisions"}],"predecessor-version":[{"id":37907,"href":"https:\/\/qtmm.org\/qt\/wp-json\/wp\/v2\/posts\/37906\/revisions\/37907"}],"wp:attachment":[{"href":"https:\/\/qtmm.org\/qt\/wp-json\/wp\/v2\/media?parent=37906"}],"wp:term":[{"taxonomy":"category","embeddable":true,"href":"https:\/\/qtmm.org\/qt\/wp-json\/wp\/v2\/categories?post=37906"},{"taxonomy":"post_tag","embeddable":true,"href":"https:\/\/qtmm.org\/qt\/wp-json\/wp\/v2\/tags?post=37906"}],"curies":[{"name":"wp","href":"https:\/\/api.w.org\/{rel}","templated":true}]}}