




{"id":37904,"date":"2013-05-30T00:18:00","date_gmt":"2013-05-29T21:18:00","guid":{"rendered":"http:\/\/qtmm.org\/?p=37904"},"modified":"2022-01-24T00:19:47","modified_gmt":"2022-01-23T21:19:47","slug":"hayser-cemilevnin-qorcalayicisi-aleksandr-lesovoy-uc-atis-aqqinda-aytmaq-erte-cunki-qaza-yuz-bergen-yerde-bir-qursuni-tapildi-dedi","status":"publish","type":"post","link":"https:\/\/qtmm.org\/qt\/hayser-cemilevnin-qorcalayicisi-aleksandr-lesovoy-uc-atis-aqqinda-aytmaq-erte-cunki-qaza-yuz-bergen-yerde-bir-qursuni-tapildi-dedi\/","title":{"rendered":"Hayser Cemilevni\u00f1 qor\u00e7alay\u0131c\u0131s\u0131 Aleksandr Lesovoy \u00fc\u00e7 at\u0131\u015f aqq\u0131nda aytmaq erte, \u00e7\u00fcnki qaza y\u00fcz bergen yerde bir qur\u015fun\u0131 tap\u0131ld\u0131, dedi"},"content":{"rendered":"\n<p>Matbuatta Hayser Cemilev may\u0131s 27 k\u00fcn\u00fc sanki \u00fc\u00e7 at\u0131\u015f yapqan\u0131 muzakere etilgeni munasebetinen Hayser Cemilevni\u00f1 advokat\u0131 Aleksandr Lesovoy \u00fc\u00e7 at\u0131\u015f aqq\u0131nda aytmaq erte, \u00e7\u00fcnki qaza y\u00fcz bergen yerde bir qur\u015fun tap\u0131ld\u0131, dedi.<\/p>\n\n\n\n<p>&#8220;Bu obyektiv, qayd etilgen fakt, &#8211; dedi H. Cemilevni\u00f1 qor\u00e7alay\u0131c\u0131s\u0131. \u2013 Zararlan\u011fan Fevzi Edemov yaralan\u011fan vaq\u0131tta tizleri \u00fcst\u00fcnde otura edi. \u015eun\u0131\u00f1 i\u00e7\u00fcn de kelecekte mahkeme tibbiy ekspertlerni\u00f1 hul\u00e2salar\u0131na k\u00f6re sil\u00e2htan bir qur\u015fun ya da \u00fc\u00e7 qur\u015fun at\u0131l\u011fan\u0131 aqq\u0131nda aytmaq m\u00fcmk\u00fcn olur&#8221;.<\/p>\n\n\n\n<p>Aleksandr Lesovoy emin ki, mahkeme-tibbiy ekspert \u00f6z hul\u00e2sas\u0131n\u0131 yapma\u011fance ve \u00f6z hul\u00e2sas\u0131 i\u00e7\u00fcn qaza ol\u011fan yerni\u00f1 tarifini qullanma\u011fance facia y\u00fcz bergen yerde yap\u0131l\u011fan at\u0131\u015flarn\u0131\u00f1 say\u0131s\u0131 aqq\u0131nda aytmaq yasaqt\u0131r.<\/p>\n\n\n\n<p>Aleksandr Lesovoy \u015fun\u0131 da qayd etti ki, ceset k\u00f6zden ke\u00e7irilgende ate\u015fli sil\u00e2dan al\u0131n\u011fan \u00fc\u00e7 yara belgilendi. Merhumn\u0131\u00f1 ba\u015f\u0131, sa\u011f omuz\u0131 ve sa\u011f aya\u011f\u0131 yaralan\u011fan.<\/p>\n\n\n\n<p><br><em>May\u0131s 27 k\u00fcn\u00fc Milliy Meclis reisi, Ukraina halq deputat\u0131 Mustafa Cemilevni\u00f1 k\u00fc\u00e7\u00fck o\u011flun\u0131\u00f1 evinde qaza y\u00fcz berdi, Hayser Cemilev muqayts\u0131zl\u0131\u011f\u0131 sebebinden ate\u015fli sil\u00e2dan adam \u00f6ld\u00fcrdi.<\/em><\/p>\n\n\n\n<p><em>Facia ol\u011fan k\u00fcn\u00fc Mustafa Cemilev on\u0131\u00f1 ailesi ve aqrabalar\u0131 taqiqat i\u015flerini al\u0131p baruvda ellerinden kelgeni qadar yard\u0131m etecegini resmen bildirip, taqiqat obyektiv ve tarafs\u0131z olaca\u011f\u0131na \u00fcm\u00fcdini ifade etti.<\/em><\/p>\n\n\n\n<p><em>2013 senesi may\u0131s 29 k\u00fcn\u00fc Fevzi Edemovn\u0131\u00f1 cenazesi q\u0131l\u0131nd\u0131. Merhumn\u0131\u00f1 ana-babas\u0131na h\u0131tap etken Mustafa Cemilev ailesinde ol\u011fan er \u015feyini rahmetli Fevzi Edemovn\u0131\u00f1 ailesinen payla\u015fma\u011fa az\u0131rl\u0131\u011f\u0131n\u0131 s\u00f6yledi.<\/em><\/p>\n","protected":false},"excerpt":{"rendered":"<p>Matbuatta Hayser Cemilev may\u0131s 27 k\u00fcn\u00fc sanki \u00fc\u00e7 at\u0131\u015f yapqan\u0131 muzakere etilgeni munasebetinen Hayser Cemilevni\u00f1 advokat\u0131 Aleksandr Lesovoy \u00fc\u00e7 at\u0131\u015f aqq\u0131nda aytmaq erte, \u00e7\u00fcnki qaza y\u00fcz bergen yerde bir qur\u015fun tap\u0131ld\u0131, dedi. &#8220;Bu obyektiv, qayd etilgen fakt, &#8211; dedi H. Cemilevni\u00f1 qor\u00e7alay\u0131c\u0131s\u0131. \u2013 Zararlan\u011fan Fevzi Edemov yaralan\u011fan vaq\u0131tta tizleri \u00fcst\u00fcnde otura edi. \u015eun\u0131\u00f1 i\u00e7\u00fcn de [&hellip;]<\/p>\n","protected":false},"author":1,"featured_media":0,"comment_status":"open","ping_status":"open","sticky":false,"template":"","format":"standard","meta":{"inline_featured_image":false,"footnotes":""},"categories":[265],"tags":[],"class_list":["post-37904","post","type-post","status-publish","format-standard","hentry","category-haberler"],"acf":[],"yoast_head":"<!-- This site is optimized with the Yoast SEO plugin v27.4 - https:\/\/yoast.com\/product\/yoast-seo-wordpress\/ -->\n<title>Hayser Cemilevni\u00f1 qor\u00e7alay\u0131c\u0131s\u0131 Aleksandr Lesovoy \u00fc\u00e7 at\u0131\u015f aqq\u0131nda aytmaq erte, \u00e7\u00fcnki qaza y\u00fcz bergen yerde bir qur\u015fun\u0131 tap\u0131ld\u0131, dedi - \u041c\u0435\u0434\u0436\u043b\u0456\u0441<\/title>\n<meta name=\"robots\" content=\"index, follow, max-snippet:-1, max-image-preview:large, max-video-preview:-1\" \/>\n<link rel=\"canonical\" href=\"https:\/\/qtmm.org\/qt\/hayser-cemilevnin-qorcalayicisi-aleksandr-lesovoy-uc-atis-aqqinda-aytmaq-erte-cunki-qaza-yuz-bergen-yerde-bir-qursuni-tapildi-dedi\/\" \/>\n<meta property=\"og:locale\" content=\"en_US\" \/>\n<meta property=\"og:type\" content=\"article\" \/>\n<meta property=\"og:title\" content=\"Hayser Cemilevni\u00f1 qor\u00e7alay\u0131c\u0131s\u0131 Aleksandr Lesovoy \u00fc\u00e7 at\u0131\u015f aqq\u0131nda aytmaq erte, \u00e7\u00fcnki qaza y\u00fcz bergen yerde bir qur\u015fun\u0131 tap\u0131ld\u0131, dedi - \u041c\u0435\u0434\u0436\u043b\u0456\u0441\" \/>\n<meta property=\"og:description\" content=\"Matbuatta Hayser Cemilev may\u0131s 27 k\u00fcn\u00fc sanki \u00fc\u00e7 at\u0131\u015f yapqan\u0131 muzakere etilgeni munasebetinen Hayser Cemilevni\u00f1 advokat\u0131 Aleksandr Lesovoy \u00fc\u00e7 at\u0131\u015f aqq\u0131nda aytmaq erte, \u00e7\u00fcnki qaza y\u00fcz bergen yerde bir qur\u015fun tap\u0131ld\u0131, dedi. &#8220;Bu obyektiv, qayd etilgen fakt, &#8211; dedi H. Cemilevni\u00f1 qor\u00e7alay\u0131c\u0131s\u0131. \u2013 Zararlan\u011fan Fevzi Edemov yaralan\u011fan vaq\u0131tta tizleri \u00fcst\u00fcnde otura edi. \u015eun\u0131\u00f1 i\u00e7\u00fcn de [&hellip;]\" \/>\n<meta property=\"og:url\" content=\"https:\/\/qtmm.org\/qt\/hayser-cemilevnin-qorcalayicisi-aleksandr-lesovoy-uc-atis-aqqinda-aytmaq-erte-cunki-qaza-yuz-bergen-yerde-bir-qursuni-tapildi-dedi\/\" \/>\n<meta property=\"og:site_name\" content=\"\u041c\u0435\u0434\u0436\u043b\u0456\u0441\" \/>\n<meta property=\"article:publisher\" content=\"https:\/\/www.facebook.com\/qtmm.info\/\" \/>\n<meta property=\"article:published_time\" content=\"2013-05-29T21:18:00+00:00\" \/>\n<meta property=\"article:modified_time\" content=\"2022-01-23T21:19:47+00:00\" \/>\n<meta name=\"author\" content=\"Developer\" \/>\n<meta name=\"twitter:card\" content=\"summary_large_image\" \/>\n<meta name=\"twitter:label1\" content=\"Written by\" \/>\n\t<meta name=\"twitter:data1\" content=\"Developer\" \/>\n\t<meta name=\"twitter:label2\" content=\"Est. reading time\" \/>\n\t<meta name=\"twitter:data2\" content=\"1 minute\" \/>\n<script type=\"application\/ld+json\" class=\"yoast-schema-graph\">{\"@context\":\"https:\\\/\\\/schema.org\",\"@graph\":[{\"@type\":\"Article\",\"@id\":\"https:\\\/\\\/qtmm.org\\\/qt\\\/hayser-cemilevnin-qorcalayicisi-aleksandr-lesovoy-uc-atis-aqqinda-aytmaq-erte-cunki-qaza-yuz-bergen-yerde-bir-qursuni-tapildi-dedi\\\/#article\",\"isPartOf\":{\"@id\":\"https:\\\/\\\/qtmm.org\\\/qt\\\/hayser-cemilevnin-qorcalayicisi-aleksandr-lesovoy-uc-atis-aqqinda-aytmaq-erte-cunki-qaza-yuz-bergen-yerde-bir-qursuni-tapildi-dedi\\\/\"},\"author\":{\"name\":\"Developer\",\"@id\":\"https:\\\/\\\/qtmm.org\\\/qt\\\/#\\\/schema\\\/person\\\/de562469f971dec226ac06e60bbf74a7\"},\"headline\":\"Hayser Cemilevni\u00f1 qor\u00e7alay\u0131c\u0131s\u0131 Aleksandr Lesovoy \u00fc\u00e7 at\u0131\u015f aqq\u0131nda aytmaq erte, \u00e7\u00fcnki qaza y\u00fcz bergen yerde bir qur\u015fun\u0131 tap\u0131ld\u0131, dedi\",\"datePublished\":\"2013-05-29T21:18:00+00:00\",\"dateModified\":\"2022-01-23T21:19:47+00:00\",\"mainEntityOfPage\":{\"@id\":\"https:\\\/\\\/qtmm.org\\\/qt\\\/hayser-cemilevnin-qorcalayicisi-aleksandr-lesovoy-uc-atis-aqqinda-aytmaq-erte-cunki-qaza-yuz-bergen-yerde-bir-qursuni-tapildi-dedi\\\/\"},\"wordCount\":295,\"commentCount\":0,\"publisher\":{\"@id\":\"https:\\\/\\\/qtmm.org\\\/qt\\\/#organization\"},\"articleSection\":[\"Haberler\"],\"inLanguage\":\"qt\",\"potentialAction\":[{\"@type\":\"CommentAction\",\"name\":\"Comment\",\"target\":[\"https:\\\/\\\/qtmm.org\\\/qt\\\/hayser-cemilevnin-qorcalayicisi-aleksandr-lesovoy-uc-atis-aqqinda-aytmaq-erte-cunki-qaza-yuz-bergen-yerde-bir-qursuni-tapildi-dedi\\\/#respond\"]}]},{\"@type\":\"WebPage\",\"@id\":\"https:\\\/\\\/qtmm.org\\\/qt\\\/hayser-cemilevnin-qorcalayicisi-aleksandr-lesovoy-uc-atis-aqqinda-aytmaq-erte-cunki-qaza-yuz-bergen-yerde-bir-qursuni-tapildi-dedi\\\/\",\"url\":\"https:\\\/\\\/qtmm.org\\\/qt\\\/hayser-cemilevnin-qorcalayicisi-aleksandr-lesovoy-uc-atis-aqqinda-aytmaq-erte-cunki-qaza-yuz-bergen-yerde-bir-qursuni-tapildi-dedi\\\/\",\"name\":\"Hayser Cemilevni\u00f1 qor\u00e7alay\u0131c\u0131s\u0131 Aleksandr Lesovoy \u00fc\u00e7 at\u0131\u015f aqq\u0131nda aytmaq erte, \u00e7\u00fcnki qaza y\u00fcz bergen yerde bir qur\u015fun\u0131 tap\u0131ld\u0131, dedi - \u041c\u0435\u0434\u0436\u043b\u0456\u0441\",\"isPartOf\":{\"@id\":\"https:\\\/\\\/qtmm.org\\\/qt\\\/#website\"},\"datePublished\":\"2013-05-29T21:18:00+00:00\",\"dateModified\":\"2022-01-23T21:19:47+00:00\",\"breadcrumb\":{\"@id\":\"https:\\\/\\\/qtmm.org\\\/qt\\\/hayser-cemilevnin-qorcalayicisi-aleksandr-lesovoy-uc-atis-aqqinda-aytmaq-erte-cunki-qaza-yuz-bergen-yerde-bir-qursuni-tapildi-dedi\\\/#breadcrumb\"},\"inLanguage\":\"qt\",\"potentialAction\":[{\"@type\":\"ReadAction\",\"target\":[\"https:\\\/\\\/qtmm.org\\\/qt\\\/hayser-cemilevnin-qorcalayicisi-aleksandr-lesovoy-uc-atis-aqqinda-aytmaq-erte-cunki-qaza-yuz-bergen-yerde-bir-qursuni-tapildi-dedi\\\/\"]}]},{\"@type\":\"BreadcrumbList\",\"@id\":\"https:\\\/\\\/qtmm.org\\\/qt\\\/hayser-cemilevnin-qorcalayicisi-aleksandr-lesovoy-uc-atis-aqqinda-aytmaq-erte-cunki-qaza-yuz-bergen-yerde-bir-qursuni-tapildi-dedi\\\/#breadcrumb\",\"itemListElement\":[{\"@type\":\"ListItem\",\"position\":1,\"name\":\"\u0413\u043e\u043b\u043e\u0432\u043d\u0430\",\"item\":\"https:\\\/\\\/qtmm.org\\\/qt\\\/\"},{\"@type\":\"ListItem\",\"position\":2,\"name\":\"Hayser Cemilevni\u00f1 qor\u00e7alay\u0131c\u0131s\u0131 Aleksandr Lesovoy \u00fc\u00e7 at\u0131\u015f aqq\u0131nda aytmaq erte, \u00e7\u00fcnki qaza y\u00fcz bergen yerde bir qur\u015fun\u0131 tap\u0131ld\u0131, dedi\"}]},{\"@type\":\"WebSite\",\"@id\":\"https:\\\/\\\/qtmm.org\\\/qt\\\/#website\",\"url\":\"https:\\\/\\\/qtmm.org\\\/qt\\\/\",\"name\":\"\u041c\u0435\u0434\u0436\u043b\u0456\u0441\",\"description\":\"\",\"publisher\":{\"@id\":\"https:\\\/\\\/qtmm.org\\\/qt\\\/#organization\"},\"potentialAction\":[{\"@type\":\"SearchAction\",\"target\":{\"@type\":\"EntryPoint\",\"urlTemplate\":\"https:\\\/\\\/qtmm.org\\\/qt\\\/?s={search_term_string}\"},\"query-input\":{\"@type\":\"PropertyValueSpecification\",\"valueRequired\":true,\"valueName\":\"search_term_string\"}}],\"inLanguage\":\"qt\"},{\"@type\":\"Organization\",\"@id\":\"https:\\\/\\\/qtmm.org\\\/qt\\\/#organization\",\"name\":\"\u041c\u0435\u0434\u0436\u043b\u0456\u0441\",\"url\":\"https:\\\/\\\/qtmm.org\\\/qt\\\/\",\"logo\":{\"@type\":\"ImageObject\",\"inLanguage\":\"qt\",\"@id\":\"https:\\\/\\\/qtmm.org\\\/qt\\\/#\\\/schema\\\/logo\\\/image\\\/\",\"url\":\"https:\\\/\\\/qtmm.org\\\/wp-content\\\/uploads\\\/2024\\\/12\\\/ua-mejlis-logo-rgb.svg\",\"contentUrl\":\"https:\\\/\\\/qtmm.org\\\/wp-content\\\/uploads\\\/2024\\\/12\\\/ua-mejlis-logo-rgb.svg\",\"caption\":\"\u041c\u0435\u0434\u0436\u043b\u0456\u0441\"},\"image\":{\"@id\":\"https:\\\/\\\/qtmm.org\\\/qt\\\/#\\\/schema\\\/logo\\\/image\\\/\"},\"sameAs\":[\"https:\\\/\\\/www.facebook.com\\\/qtmm.info\\\/\"]},{\"@type\":\"Person\",\"@id\":\"https:\\\/\\\/qtmm.org\\\/qt\\\/#\\\/schema\\\/person\\\/de562469f971dec226ac06e60bbf74a7\",\"name\":\"Developer\",\"image\":{\"@type\":\"ImageObject\",\"inLanguage\":\"qt\",\"@id\":\"https:\\\/\\\/secure.gravatar.com\\\/avatar\\\/392b4cc8fbfeb00b39dfeeab4ee6edded39ffd48e25858637e4765810300227e?s=96&d=mm&r=g\",\"url\":\"https:\\\/\\\/secure.gravatar.com\\\/avatar\\\/392b4cc8fbfeb00b39dfeeab4ee6edded39ffd48e25858637e4765810300227e?s=96&d=mm&r=g\",\"contentUrl\":\"https:\\\/\\\/secure.gravatar.com\\\/avatar\\\/392b4cc8fbfeb00b39dfeeab4ee6edded39ffd48e25858637e4765810300227e?s=96&d=mm&r=g\",\"caption\":\"Developer\"},\"url\":\"https:\\\/\\\/qtmm.org\\\/qt\\\/author\\\/Developer\\\/\"}]}<\/script>\n<!-- \/ Yoast SEO plugin. -->","yoast_head_json":{"title":"Hayser Cemilevni\u00f1 qor\u00e7alay\u0131c\u0131s\u0131 Aleksandr Lesovoy \u00fc\u00e7 at\u0131\u015f aqq\u0131nda aytmaq erte, \u00e7\u00fcnki qaza y\u00fcz bergen yerde bir qur\u015fun\u0131 tap\u0131ld\u0131, dedi - \u041c\u0435\u0434\u0436\u043b\u0456\u0441","robots":{"index":"index","follow":"follow","max-snippet":"max-snippet:-1","max-image-preview":"max-image-preview:large","max-video-preview":"max-video-preview:-1"},"canonical":"https:\/\/qtmm.org\/qt\/hayser-cemilevnin-qorcalayicisi-aleksandr-lesovoy-uc-atis-aqqinda-aytmaq-erte-cunki-qaza-yuz-bergen-yerde-bir-qursuni-tapildi-dedi\/","og_locale":"en_US","og_type":"article","og_title":"Hayser Cemilevni\u00f1 qor\u00e7alay\u0131c\u0131s\u0131 Aleksandr Lesovoy \u00fc\u00e7 at\u0131\u015f aqq\u0131nda aytmaq erte, \u00e7\u00fcnki qaza y\u00fcz bergen yerde bir qur\u015fun\u0131 tap\u0131ld\u0131, dedi - \u041c\u0435\u0434\u0436\u043b\u0456\u0441","og_description":"Matbuatta Hayser Cemilev may\u0131s 27 k\u00fcn\u00fc sanki \u00fc\u00e7 at\u0131\u015f yapqan\u0131 muzakere etilgeni munasebetinen Hayser Cemilevni\u00f1 advokat\u0131 Aleksandr Lesovoy \u00fc\u00e7 at\u0131\u015f aqq\u0131nda aytmaq erte, \u00e7\u00fcnki qaza y\u00fcz bergen yerde bir qur\u015fun tap\u0131ld\u0131, dedi. &#8220;Bu obyektiv, qayd etilgen fakt, &#8211; dedi H. Cemilevni\u00f1 qor\u00e7alay\u0131c\u0131s\u0131. \u2013 Zararlan\u011fan Fevzi Edemov yaralan\u011fan vaq\u0131tta tizleri \u00fcst\u00fcnde otura edi. \u015eun\u0131\u00f1 i\u00e7\u00fcn de [&hellip;]","og_url":"https:\/\/qtmm.org\/qt\/hayser-cemilevnin-qorcalayicisi-aleksandr-lesovoy-uc-atis-aqqinda-aytmaq-erte-cunki-qaza-yuz-bergen-yerde-bir-qursuni-tapildi-dedi\/","og_site_name":"\u041c\u0435\u0434\u0436\u043b\u0456\u0441","article_publisher":"https:\/\/www.facebook.com\/qtmm.info\/","article_published_time":"2013-05-29T21:18:00+00:00","article_modified_time":"2022-01-23T21:19:47+00:00","author":"Developer","twitter_card":"summary_large_image","twitter_misc":{"Written by":"Developer","Est. reading time":"1 minute"},"schema":{"@context":"https:\/\/schema.org","@graph":[{"@type":"Article","@id":"https:\/\/qtmm.org\/qt\/hayser-cemilevnin-qorcalayicisi-aleksandr-lesovoy-uc-atis-aqqinda-aytmaq-erte-cunki-qaza-yuz-bergen-yerde-bir-qursuni-tapildi-dedi\/#article","isPartOf":{"@id":"https:\/\/qtmm.org\/qt\/hayser-cemilevnin-qorcalayicisi-aleksandr-lesovoy-uc-atis-aqqinda-aytmaq-erte-cunki-qaza-yuz-bergen-yerde-bir-qursuni-tapildi-dedi\/"},"author":{"name":"Developer","@id":"https:\/\/qtmm.org\/qt\/#\/schema\/person\/de562469f971dec226ac06e60bbf74a7"},"headline":"Hayser Cemilevni\u00f1 qor\u00e7alay\u0131c\u0131s\u0131 Aleksandr Lesovoy \u00fc\u00e7 at\u0131\u015f aqq\u0131nda aytmaq erte, \u00e7\u00fcnki qaza y\u00fcz bergen yerde bir qur\u015fun\u0131 tap\u0131ld\u0131, dedi","datePublished":"2013-05-29T21:18:00+00:00","dateModified":"2022-01-23T21:19:47+00:00","mainEntityOfPage":{"@id":"https:\/\/qtmm.org\/qt\/hayser-cemilevnin-qorcalayicisi-aleksandr-lesovoy-uc-atis-aqqinda-aytmaq-erte-cunki-qaza-yuz-bergen-yerde-bir-qursuni-tapildi-dedi\/"},"wordCount":295,"commentCount":0,"publisher":{"@id":"https:\/\/qtmm.org\/qt\/#organization"},"articleSection":["Haberler"],"inLanguage":"qt","potentialAction":[{"@type":"CommentAction","name":"Comment","target":["https:\/\/qtmm.org\/qt\/hayser-cemilevnin-qorcalayicisi-aleksandr-lesovoy-uc-atis-aqqinda-aytmaq-erte-cunki-qaza-yuz-bergen-yerde-bir-qursuni-tapildi-dedi\/#respond"]}]},{"@type":"WebPage","@id":"https:\/\/qtmm.org\/qt\/hayser-cemilevnin-qorcalayicisi-aleksandr-lesovoy-uc-atis-aqqinda-aytmaq-erte-cunki-qaza-yuz-bergen-yerde-bir-qursuni-tapildi-dedi\/","url":"https:\/\/qtmm.org\/qt\/hayser-cemilevnin-qorcalayicisi-aleksandr-lesovoy-uc-atis-aqqinda-aytmaq-erte-cunki-qaza-yuz-bergen-yerde-bir-qursuni-tapildi-dedi\/","name":"Hayser Cemilevni\u00f1 qor\u00e7alay\u0131c\u0131s\u0131 Aleksandr Lesovoy \u00fc\u00e7 at\u0131\u015f aqq\u0131nda aytmaq erte, \u00e7\u00fcnki qaza y\u00fcz bergen yerde bir qur\u015fun\u0131 tap\u0131ld\u0131, dedi - \u041c\u0435\u0434\u0436\u043b\u0456\u0441","isPartOf":{"@id":"https:\/\/qtmm.org\/qt\/#website"},"datePublished":"2013-05-29T21:18:00+00:00","dateModified":"2022-01-23T21:19:47+00:00","breadcrumb":{"@id":"https:\/\/qtmm.org\/qt\/hayser-cemilevnin-qorcalayicisi-aleksandr-lesovoy-uc-atis-aqqinda-aytmaq-erte-cunki-qaza-yuz-bergen-yerde-bir-qursuni-tapildi-dedi\/#breadcrumb"},"inLanguage":"qt","potentialAction":[{"@type":"ReadAction","target":["https:\/\/qtmm.org\/qt\/hayser-cemilevnin-qorcalayicisi-aleksandr-lesovoy-uc-atis-aqqinda-aytmaq-erte-cunki-qaza-yuz-bergen-yerde-bir-qursuni-tapildi-dedi\/"]}]},{"@type":"BreadcrumbList","@id":"https:\/\/qtmm.org\/qt\/hayser-cemilevnin-qorcalayicisi-aleksandr-lesovoy-uc-atis-aqqinda-aytmaq-erte-cunki-qaza-yuz-bergen-yerde-bir-qursuni-tapildi-dedi\/#breadcrumb","itemListElement":[{"@type":"ListItem","position":1,"name":"\u0413\u043e\u043b\u043e\u0432\u043d\u0430","item":"https:\/\/qtmm.org\/qt\/"},{"@type":"ListItem","position":2,"name":"Hayser Cemilevni\u00f1 qor\u00e7alay\u0131c\u0131s\u0131 Aleksandr Lesovoy \u00fc\u00e7 at\u0131\u015f aqq\u0131nda aytmaq erte, \u00e7\u00fcnki qaza y\u00fcz bergen yerde bir qur\u015fun\u0131 tap\u0131ld\u0131, dedi"}]},{"@type":"WebSite","@id":"https:\/\/qtmm.org\/qt\/#website","url":"https:\/\/qtmm.org\/qt\/","name":"\u041c\u0435\u0434\u0436\u043b\u0456\u0441","description":"","publisher":{"@id":"https:\/\/qtmm.org\/qt\/#organization"},"potentialAction":[{"@type":"SearchAction","target":{"@type":"EntryPoint","urlTemplate":"https:\/\/qtmm.org\/qt\/?s={search_term_string}"},"query-input":{"@type":"PropertyValueSpecification","valueRequired":true,"valueName":"search_term_string"}}],"inLanguage":"qt"},{"@type":"Organization","@id":"https:\/\/qtmm.org\/qt\/#organization","name":"\u041c\u0435\u0434\u0436\u043b\u0456\u0441","url":"https:\/\/qtmm.org\/qt\/","logo":{"@type":"ImageObject","inLanguage":"qt","@id":"https:\/\/qtmm.org\/qt\/#\/schema\/logo\/image\/","url":"https:\/\/qtmm.org\/wp-content\/uploads\/2024\/12\/ua-mejlis-logo-rgb.svg","contentUrl":"https:\/\/qtmm.org\/wp-content\/uploads\/2024\/12\/ua-mejlis-logo-rgb.svg","caption":"\u041c\u0435\u0434\u0436\u043b\u0456\u0441"},"image":{"@id":"https:\/\/qtmm.org\/qt\/#\/schema\/logo\/image\/"},"sameAs":["https:\/\/www.facebook.com\/qtmm.info\/"]},{"@type":"Person","@id":"https:\/\/qtmm.org\/qt\/#\/schema\/person\/de562469f971dec226ac06e60bbf74a7","name":"Developer","image":{"@type":"ImageObject","inLanguage":"qt","@id":"https:\/\/secure.gravatar.com\/avatar\/392b4cc8fbfeb00b39dfeeab4ee6edded39ffd48e25858637e4765810300227e?s=96&d=mm&r=g","url":"https:\/\/secure.gravatar.com\/avatar\/392b4cc8fbfeb00b39dfeeab4ee6edded39ffd48e25858637e4765810300227e?s=96&d=mm&r=g","contentUrl":"https:\/\/secure.gravatar.com\/avatar\/392b4cc8fbfeb00b39dfeeab4ee6edded39ffd48e25858637e4765810300227e?s=96&d=mm&r=g","caption":"Developer"},"url":"https:\/\/qtmm.org\/qt\/author\/Developer\/"}]}},"_links":{"self":[{"href":"https:\/\/qtmm.org\/qt\/wp-json\/wp\/v2\/posts\/37904","targetHints":{"allow":["GET"]}}],"collection":[{"href":"https:\/\/qtmm.org\/qt\/wp-json\/wp\/v2\/posts"}],"about":[{"href":"https:\/\/qtmm.org\/qt\/wp-json\/wp\/v2\/types\/post"}],"author":[{"embeddable":true,"href":"https:\/\/qtmm.org\/qt\/wp-json\/wp\/v2\/users\/1"}],"replies":[{"embeddable":true,"href":"https:\/\/qtmm.org\/qt\/wp-json\/wp\/v2\/comments?post=37904"}],"version-history":[{"count":1,"href":"https:\/\/qtmm.org\/qt\/wp-json\/wp\/v2\/posts\/37904\/revisions"}],"predecessor-version":[{"id":37905,"href":"https:\/\/qtmm.org\/qt\/wp-json\/wp\/v2\/posts\/37904\/revisions\/37905"}],"wp:attachment":[{"href":"https:\/\/qtmm.org\/qt\/wp-json\/wp\/v2\/media?parent=37904"}],"wp:term":[{"taxonomy":"category","embeddable":true,"href":"https:\/\/qtmm.org\/qt\/wp-json\/wp\/v2\/categories?post=37904"},{"taxonomy":"post_tag","embeddable":true,"href":"https:\/\/qtmm.org\/qt\/wp-json\/wp\/v2\/tags?post=37904"}],"curies":[{"name":"wp","href":"https:\/\/api.w.org\/{rel}","templated":true}]}}