




{"id":37898,"date":"2013-05-30T00:17:00","date_gmt":"2013-05-29T21:17:00","guid":{"rendered":"http:\/\/qtmm.org\/?p=37898"},"modified":"2022-01-24T00:18:44","modified_gmt":"2022-01-23T21:18:44","slug":"meclis-reisi-mustafa-cemilev-oglum-hayser-oz-canina-qast-eter-dep-qorqa-edim","status":"publish","type":"post","link":"https:\/\/qtmm.org\/qt\/meclis-reisi-mustafa-cemilev-oglum-hayser-oz-canina-qast-eter-dep-qorqa-edim\/","title":{"rendered":"Meclis reisi Mustafa Cemilev: O\u011flum Hayser \u00f6z can\u0131na qast eter, dep qorqa edim"},"content":{"rendered":"\n<p>May\u0131s 29 k\u00fcn\u00fc \u00f6tkerilgen matbuat konferentsiyas\u0131nda Milliy Meclis reisi Mustafa Cemilev Hayser Cemilevni\u00f1 taraf\u0131ndan may\u0131s 27 k\u00fcn\u00fc Fevzi Edemov \u00f6ld\u00fcrilmesine al\u0131p kelgen areketlerni\u00f1 sebepleri aqq\u0131nda fikir y\u00fcrsetti.<\/p>\n\n\n\n<p>&#8220;Hayser bu i\u015fni ne i\u00e7\u00fcn yapqan\u0131n\u0131 ma\u00f1a \u00f6yle de a\u00f1lat\u0131p olamad\u0131&#8221;, &#8211; dedi Mustafa Cemilev matbuat konferentsiyas\u0131nda. Bun\u0131\u00f1 kibi Meclis ba\u015fqan\u0131 o\u011flun\u0131\u00f1 zeini bozuql\u0131\u011f\u0131 aqq\u0131nda da bildirdi. &#8220;Ebet on\u0131\u00f1 b\u00f6yle problemleri bar edi, l\u00e2kin men o, \u00f6z can\u0131na qast eter, dep qorqa edim. \u00c7\u00fcnki o, bu aqta be\u015f y\u0131l evelsi saq\u00e7\u0131lar\u0131na da s\u00f6ylegen. Ta Tailandda \u00e7al\u0131\u015f\u0131rken \u00f6z\u00fcni yaramay duya ba\u015flad\u0131. Biz sa\u011fl\u0131\u011f\u0131ndan qasevetlenip, on\u0131 \u0130stanbuln\u0131\u00f1 e\u00f1 nufuzl\u0131 klinikas\u0131nda tedaviyledik. Ekimler zeini bozuq, dediler&#8221;, &#8211; dep a\u00f1latt\u0131 Mustafa Cemilev.<\/p>\n\n\n\n<p>Hayser Cemilevni\u00f1 babas\u0131 o\u011flun\u0131\u00f1 sa\u011fl\u0131\u011f\u0131na balal\u0131q \u00e7a\u011f\u0131ndaki hat\u0131ralar, babas\u0131 Mustafa Cemilev ve anas\u0131 Safinar Cemilevanen beraber do\u011fd\u0131\u011f\u0131 Yaqutstanda s\u00fcrg\u00fcnlikte ol\u011fan\u0131 yaramay tesir etkenine emindir. &#8220;\u015eun\u0131 aytmaq isteyim ki, bu bala men hapiste eken Yaqutstanda d\u00fcnya\u011fa keldi. Anda on\u0131\u00f1 \u00f6m\u00fcri adden t\u0131\u015f edi. On\u0131\u00f1 k\u00f6zleri \u00f6g\u00fcnde babas\u0131n\u0131 k\u00fcnde bir qa\u00e7 kere yaqalar, evlerini daima tinterdiler. M\u0131nda tekrar zorlap s\u00fcrg\u00fcn ettiler, ta sabiy ekende babas\u0131 tutuqlan\u011fan kamerada old\u0131. Devlet du\u015fman\u0131 ol\u011fan\u0131 i\u00e7\u00fcn on\u0131 balalar ba\u011f\u00e7as\u0131ndan \u00e7\u0131qar\u0131p att\u0131lar. Anas\u0131nen beraber ke\u00e7irgen yuqus\u0131z geceleri\u2026&#8221; &#8211; dedi M. Cemilev. \u2013 O, daima mudafaa tutqan, ay\u0131r\u0131l\u0131p tur\u011fan bir insan edi. Bes-belli b\u00fct\u00fcn bular \u00f6z tesirini k\u00f6sterdi&#8221;.<\/p>\n\n\n\n<p>2013 senesi may\u0131s 27 k\u00fcn\u00fc Milliy Meclis reisi, Ukraina halq deputat\u0131 Mustafa Cemilevni\u00f1 k\u00fc\u00e7\u00fck o\u011flun\u0131\u00f1 evinde qaza y\u00fcz berdi. Hayser Cemilev muqayts\u0131zl\u0131\u011f\u0131 sebebinden ate\u015fli sil\u00e2dan Fevzi Edemovn\u0131 \u00f6ld\u00fcrdi. Facia ol\u011fan k\u00fcn\u00fc Mustafa Cemilev on\u0131\u00f1 ailesi taraf\u0131ndan taqiqat i\u015flerini ke\u00e7ir\u00fcvde olduq\u00e7a yard\u0131m k\u00f6sterilgenini resmiy s\u00fcrette bildirip taqiqat a\u00e7\u0131q ve bitaraf al\u0131n\u0131p bar\u0131laca\u011f\u0131na \u00fcm\u00fct beslegenini aytt\u0131. May\u0131s 29 k\u00fcn\u00fc Fevzi Edemovn\u0131\u00f1 cenazesi q\u0131l\u0131nd\u0131. Fevzi Edemovn\u0131\u00f1 ana-babas\u0131na h\u0131tap etken Mustafa Cemilev evinde ne var ise rahmetli Fevzi Edemovn\u0131\u00f1 ailesi ve balalar\u0131nen payla\u015fma\u011fa az\u0131r ol\u011fan\u0131n\u0131 bildirdi<\/p>\n","protected":false},"excerpt":{"rendered":"<p>May\u0131s 29 k\u00fcn\u00fc \u00f6tkerilgen matbuat konferentsiyas\u0131nda Milliy Meclis reisi Mustafa Cemilev Hayser Cemilevni\u00f1 taraf\u0131ndan may\u0131s 27 k\u00fcn\u00fc Fevzi Edemov \u00f6ld\u00fcrilmesine al\u0131p kelgen areketlerni\u00f1 sebepleri aqq\u0131nda fikir y\u00fcrsetti. &#8220;Hayser bu i\u015fni ne i\u00e7\u00fcn yapqan\u0131n\u0131 ma\u00f1a \u00f6yle de a\u00f1lat\u0131p olamad\u0131&#8221;, &#8211; dedi Mustafa Cemilev matbuat konferentsiyas\u0131nda. Bun\u0131\u00f1 kibi Meclis ba\u015fqan\u0131 o\u011flun\u0131\u00f1 zeini bozuql\u0131\u011f\u0131 aqq\u0131nda da bildirdi. &#8220;Ebet [&hellip;]<\/p>\n","protected":false},"author":1,"featured_media":37899,"comment_status":"open","ping_status":"open","sticky":false,"template":"","format":"standard","meta":{"inline_featured_image":false,"footnotes":""},"categories":[265],"tags":[],"class_list":["post-37898","post","type-post","status-publish","format-standard","has-post-thumbnail","hentry","category-haberler"],"acf":[],"yoast_head":"<!-- This site is optimized with the Yoast SEO plugin v27.4 - https:\/\/yoast.com\/product\/yoast-seo-wordpress\/ -->\n<title>Meclis reisi Mustafa Cemilev: O\u011flum Hayser \u00f6z can\u0131na qast eter, dep qorqa edim - \u041c\u0435\u0434\u0436\u043b\u0456\u0441<\/title>\n<meta name=\"robots\" content=\"index, follow, max-snippet:-1, max-image-preview:large, max-video-preview:-1\" \/>\n<link rel=\"canonical\" href=\"https:\/\/qtmm.org\/qt\/meclis-reisi-mustafa-cemilev-oglum-hayser-oz-canina-qast-eter-dep-qorqa-edim\/\" \/>\n<meta property=\"og:locale\" content=\"en_US\" \/>\n<meta property=\"og:type\" content=\"article\" \/>\n<meta property=\"og:title\" content=\"Meclis reisi Mustafa Cemilev: O\u011flum Hayser \u00f6z can\u0131na qast eter, dep qorqa edim - \u041c\u0435\u0434\u0436\u043b\u0456\u0441\" \/>\n<meta property=\"og:description\" content=\"May\u0131s 29 k\u00fcn\u00fc \u00f6tkerilgen matbuat konferentsiyas\u0131nda Milliy Meclis reisi Mustafa Cemilev Hayser Cemilevni\u00f1 taraf\u0131ndan may\u0131s 27 k\u00fcn\u00fc Fevzi Edemov \u00f6ld\u00fcrilmesine al\u0131p kelgen areketlerni\u00f1 sebepleri aqq\u0131nda fikir y\u00fcrsetti. &#8220;Hayser bu i\u015fni ne i\u00e7\u00fcn yapqan\u0131n\u0131 ma\u00f1a \u00f6yle de a\u00f1lat\u0131p olamad\u0131&#8221;, &#8211; dedi Mustafa Cemilev matbuat konferentsiyas\u0131nda. Bun\u0131\u00f1 kibi Meclis ba\u015fqan\u0131 o\u011flun\u0131\u00f1 zeini bozuql\u0131\u011f\u0131 aqq\u0131nda da bildirdi. &#8220;Ebet [&hellip;]\" \/>\n<meta property=\"og:url\" content=\"https:\/\/qtmm.org\/qt\/meclis-reisi-mustafa-cemilev-oglum-hayser-oz-canina-qast-eter-dep-qorqa-edim\/\" \/>\n<meta property=\"og:site_name\" content=\"\u041c\u0435\u0434\u0436\u043b\u0456\u0441\" \/>\n<meta property=\"article:publisher\" content=\"https:\/\/www.facebook.com\/qtmm.info\/\" \/>\n<meta property=\"article:published_time\" content=\"2013-05-29T21:17:00+00:00\" \/>\n<meta property=\"article:modified_time\" content=\"2022-01-23T21:18:44+00:00\" \/>\n<meta property=\"og:image\" content=\"https:\/\/qtmm.org\/wp-content\/uploads\/2022\/01\/4_80.jpeg\" \/>\n\t<meta property=\"og:image:width\" content=\"650\" \/>\n\t<meta property=\"og:image:height\" content=\"450\" \/>\n\t<meta property=\"og:image:type\" content=\"image\/jpeg\" \/>\n<meta name=\"author\" content=\"Developer\" \/>\n<meta name=\"twitter:card\" content=\"summary_large_image\" \/>\n<meta name=\"twitter:label1\" content=\"Written by\" \/>\n\t<meta name=\"twitter:data1\" content=\"Developer\" \/>\n\t<meta name=\"twitter:label2\" content=\"Est. reading time\" \/>\n\t<meta name=\"twitter:data2\" content=\"2 minutes\" \/>\n<script type=\"application\/ld+json\" class=\"yoast-schema-graph\">{\"@context\":\"https:\\\/\\\/schema.org\",\"@graph\":[{\"@type\":\"Article\",\"@id\":\"https:\\\/\\\/qtmm.org\\\/qt\\\/meclis-reisi-mustafa-cemilev-oglum-hayser-oz-canina-qast-eter-dep-qorqa-edim\\\/#article\",\"isPartOf\":{\"@id\":\"https:\\\/\\\/qtmm.org\\\/qt\\\/meclis-reisi-mustafa-cemilev-oglum-hayser-oz-canina-qast-eter-dep-qorqa-edim\\\/\"},\"author\":{\"name\":\"Developer\",\"@id\":\"https:\\\/\\\/qtmm.org\\\/qt\\\/#\\\/schema\\\/person\\\/de562469f971dec226ac06e60bbf74a7\"},\"headline\":\"Meclis reisi Mustafa Cemilev: O\u011flum Hayser \u00f6z can\u0131na qast eter, dep qorqa edim\",\"datePublished\":\"2013-05-29T21:17:00+00:00\",\"dateModified\":\"2022-01-23T21:18:44+00:00\",\"mainEntityOfPage\":{\"@id\":\"https:\\\/\\\/qtmm.org\\\/qt\\\/meclis-reisi-mustafa-cemilev-oglum-hayser-oz-canina-qast-eter-dep-qorqa-edim\\\/\"},\"wordCount\":405,\"commentCount\":0,\"publisher\":{\"@id\":\"https:\\\/\\\/qtmm.org\\\/qt\\\/#organization\"},\"image\":{\"@id\":\"https:\\\/\\\/qtmm.org\\\/qt\\\/meclis-reisi-mustafa-cemilev-oglum-hayser-oz-canina-qast-eter-dep-qorqa-edim\\\/#primaryimage\"},\"thumbnailUrl\":\"https:\\\/\\\/qtmm.org\\\/wp-content\\\/uploads\\\/2022\\\/01\\\/4_80.jpeg\",\"articleSection\":[\"Haberler\"],\"inLanguage\":\"qt\",\"potentialAction\":[{\"@type\":\"CommentAction\",\"name\":\"Comment\",\"target\":[\"https:\\\/\\\/qtmm.org\\\/qt\\\/meclis-reisi-mustafa-cemilev-oglum-hayser-oz-canina-qast-eter-dep-qorqa-edim\\\/#respond\"]}]},{\"@type\":\"WebPage\",\"@id\":\"https:\\\/\\\/qtmm.org\\\/qt\\\/meclis-reisi-mustafa-cemilev-oglum-hayser-oz-canina-qast-eter-dep-qorqa-edim\\\/\",\"url\":\"https:\\\/\\\/qtmm.org\\\/qt\\\/meclis-reisi-mustafa-cemilev-oglum-hayser-oz-canina-qast-eter-dep-qorqa-edim\\\/\",\"name\":\"Meclis reisi Mustafa Cemilev: O\u011flum Hayser \u00f6z can\u0131na qast eter, dep qorqa edim - \u041c\u0435\u0434\u0436\u043b\u0456\u0441\",\"isPartOf\":{\"@id\":\"https:\\\/\\\/qtmm.org\\\/qt\\\/#website\"},\"primaryImageOfPage\":{\"@id\":\"https:\\\/\\\/qtmm.org\\\/qt\\\/meclis-reisi-mustafa-cemilev-oglum-hayser-oz-canina-qast-eter-dep-qorqa-edim\\\/#primaryimage\"},\"image\":{\"@id\":\"https:\\\/\\\/qtmm.org\\\/qt\\\/meclis-reisi-mustafa-cemilev-oglum-hayser-oz-canina-qast-eter-dep-qorqa-edim\\\/#primaryimage\"},\"thumbnailUrl\":\"https:\\\/\\\/qtmm.org\\\/wp-content\\\/uploads\\\/2022\\\/01\\\/4_80.jpeg\",\"datePublished\":\"2013-05-29T21:17:00+00:00\",\"dateModified\":\"2022-01-23T21:18:44+00:00\",\"breadcrumb\":{\"@id\":\"https:\\\/\\\/qtmm.org\\\/qt\\\/meclis-reisi-mustafa-cemilev-oglum-hayser-oz-canina-qast-eter-dep-qorqa-edim\\\/#breadcrumb\"},\"inLanguage\":\"qt\",\"potentialAction\":[{\"@type\":\"ReadAction\",\"target\":[\"https:\\\/\\\/qtmm.org\\\/qt\\\/meclis-reisi-mustafa-cemilev-oglum-hayser-oz-canina-qast-eter-dep-qorqa-edim\\\/\"]}]},{\"@type\":\"ImageObject\",\"inLanguage\":\"qt\",\"@id\":\"https:\\\/\\\/qtmm.org\\\/qt\\\/meclis-reisi-mustafa-cemilev-oglum-hayser-oz-canina-qast-eter-dep-qorqa-edim\\\/#primaryimage\",\"url\":\"https:\\\/\\\/qtmm.org\\\/wp-content\\\/uploads\\\/2022\\\/01\\\/4_80.jpeg\",\"contentUrl\":\"https:\\\/\\\/qtmm.org\\\/wp-content\\\/uploads\\\/2022\\\/01\\\/4_80.jpeg\",\"width\":650,\"height\":450},{\"@type\":\"BreadcrumbList\",\"@id\":\"https:\\\/\\\/qtmm.org\\\/qt\\\/meclis-reisi-mustafa-cemilev-oglum-hayser-oz-canina-qast-eter-dep-qorqa-edim\\\/#breadcrumb\",\"itemListElement\":[{\"@type\":\"ListItem\",\"position\":1,\"name\":\"\u0413\u043e\u043b\u043e\u0432\u043d\u0430\",\"item\":\"https:\\\/\\\/qtmm.org\\\/qt\\\/\"},{\"@type\":\"ListItem\",\"position\":2,\"name\":\"Meclis reisi Mustafa Cemilev: O\u011flum Hayser \u00f6z can\u0131na qast eter, dep qorqa edim\"}]},{\"@type\":\"WebSite\",\"@id\":\"https:\\\/\\\/qtmm.org\\\/qt\\\/#website\",\"url\":\"https:\\\/\\\/qtmm.org\\\/qt\\\/\",\"name\":\"\u041c\u0435\u0434\u0436\u043b\u0456\u0441\",\"description\":\"\",\"publisher\":{\"@id\":\"https:\\\/\\\/qtmm.org\\\/qt\\\/#organization\"},\"potentialAction\":[{\"@type\":\"SearchAction\",\"target\":{\"@type\":\"EntryPoint\",\"urlTemplate\":\"https:\\\/\\\/qtmm.org\\\/qt\\\/?s={search_term_string}\"},\"query-input\":{\"@type\":\"PropertyValueSpecification\",\"valueRequired\":true,\"valueName\":\"search_term_string\"}}],\"inLanguage\":\"qt\"},{\"@type\":\"Organization\",\"@id\":\"https:\\\/\\\/qtmm.org\\\/qt\\\/#organization\",\"name\":\"\u041c\u0435\u0434\u0436\u043b\u0456\u0441\",\"url\":\"https:\\\/\\\/qtmm.org\\\/qt\\\/\",\"logo\":{\"@type\":\"ImageObject\",\"inLanguage\":\"qt\",\"@id\":\"https:\\\/\\\/qtmm.org\\\/qt\\\/#\\\/schema\\\/logo\\\/image\\\/\",\"url\":\"https:\\\/\\\/qtmm.org\\\/wp-content\\\/uploads\\\/2024\\\/12\\\/ua-mejlis-logo-rgb.svg\",\"contentUrl\":\"https:\\\/\\\/qtmm.org\\\/wp-content\\\/uploads\\\/2024\\\/12\\\/ua-mejlis-logo-rgb.svg\",\"caption\":\"\u041c\u0435\u0434\u0436\u043b\u0456\u0441\"},\"image\":{\"@id\":\"https:\\\/\\\/qtmm.org\\\/qt\\\/#\\\/schema\\\/logo\\\/image\\\/\"},\"sameAs\":[\"https:\\\/\\\/www.facebook.com\\\/qtmm.info\\\/\"]},{\"@type\":\"Person\",\"@id\":\"https:\\\/\\\/qtmm.org\\\/qt\\\/#\\\/schema\\\/person\\\/de562469f971dec226ac06e60bbf74a7\",\"name\":\"Developer\",\"image\":{\"@type\":\"ImageObject\",\"inLanguage\":\"qt\",\"@id\":\"https:\\\/\\\/secure.gravatar.com\\\/avatar\\\/392b4cc8fbfeb00b39dfeeab4ee6edded39ffd48e25858637e4765810300227e?s=96&d=mm&r=g\",\"url\":\"https:\\\/\\\/secure.gravatar.com\\\/avatar\\\/392b4cc8fbfeb00b39dfeeab4ee6edded39ffd48e25858637e4765810300227e?s=96&d=mm&r=g\",\"contentUrl\":\"https:\\\/\\\/secure.gravatar.com\\\/avatar\\\/392b4cc8fbfeb00b39dfeeab4ee6edded39ffd48e25858637e4765810300227e?s=96&d=mm&r=g\",\"caption\":\"Developer\"},\"url\":\"https:\\\/\\\/qtmm.org\\\/qt\\\/author\\\/Developer\\\/\"}]}<\/script>\n<!-- \/ Yoast SEO plugin. -->","yoast_head_json":{"title":"Meclis reisi Mustafa Cemilev: O\u011flum Hayser \u00f6z can\u0131na qast eter, dep qorqa edim - \u041c\u0435\u0434\u0436\u043b\u0456\u0441","robots":{"index":"index","follow":"follow","max-snippet":"max-snippet:-1","max-image-preview":"max-image-preview:large","max-video-preview":"max-video-preview:-1"},"canonical":"https:\/\/qtmm.org\/qt\/meclis-reisi-mustafa-cemilev-oglum-hayser-oz-canina-qast-eter-dep-qorqa-edim\/","og_locale":"en_US","og_type":"article","og_title":"Meclis reisi Mustafa Cemilev: O\u011flum Hayser \u00f6z can\u0131na qast eter, dep qorqa edim - \u041c\u0435\u0434\u0436\u043b\u0456\u0441","og_description":"May\u0131s 29 k\u00fcn\u00fc \u00f6tkerilgen matbuat konferentsiyas\u0131nda Milliy Meclis reisi Mustafa Cemilev Hayser Cemilevni\u00f1 taraf\u0131ndan may\u0131s 27 k\u00fcn\u00fc Fevzi Edemov \u00f6ld\u00fcrilmesine al\u0131p kelgen areketlerni\u00f1 sebepleri aqq\u0131nda fikir y\u00fcrsetti. &#8220;Hayser bu i\u015fni ne i\u00e7\u00fcn yapqan\u0131n\u0131 ma\u00f1a \u00f6yle de a\u00f1lat\u0131p olamad\u0131&#8221;, &#8211; dedi Mustafa Cemilev matbuat konferentsiyas\u0131nda. Bun\u0131\u00f1 kibi Meclis ba\u015fqan\u0131 o\u011flun\u0131\u00f1 zeini bozuql\u0131\u011f\u0131 aqq\u0131nda da bildirdi. &#8220;Ebet [&hellip;]","og_url":"https:\/\/qtmm.org\/qt\/meclis-reisi-mustafa-cemilev-oglum-hayser-oz-canina-qast-eter-dep-qorqa-edim\/","og_site_name":"\u041c\u0435\u0434\u0436\u043b\u0456\u0441","article_publisher":"https:\/\/www.facebook.com\/qtmm.info\/","article_published_time":"2013-05-29T21:17:00+00:00","article_modified_time":"2022-01-23T21:18:44+00:00","og_image":[{"width":650,"height":450,"url":"https:\/\/qtmm.org\/wp-content\/uploads\/2022\/01\/4_80.jpeg","type":"image\/jpeg"}],"author":"Developer","twitter_card":"summary_large_image","twitter_misc":{"Written by":"Developer","Est. reading time":"2 minutes"},"schema":{"@context":"https:\/\/schema.org","@graph":[{"@type":"Article","@id":"https:\/\/qtmm.org\/qt\/meclis-reisi-mustafa-cemilev-oglum-hayser-oz-canina-qast-eter-dep-qorqa-edim\/#article","isPartOf":{"@id":"https:\/\/qtmm.org\/qt\/meclis-reisi-mustafa-cemilev-oglum-hayser-oz-canina-qast-eter-dep-qorqa-edim\/"},"author":{"name":"Developer","@id":"https:\/\/qtmm.org\/qt\/#\/schema\/person\/de562469f971dec226ac06e60bbf74a7"},"headline":"Meclis reisi Mustafa Cemilev: O\u011flum Hayser \u00f6z can\u0131na qast eter, dep qorqa edim","datePublished":"2013-05-29T21:17:00+00:00","dateModified":"2022-01-23T21:18:44+00:00","mainEntityOfPage":{"@id":"https:\/\/qtmm.org\/qt\/meclis-reisi-mustafa-cemilev-oglum-hayser-oz-canina-qast-eter-dep-qorqa-edim\/"},"wordCount":405,"commentCount":0,"publisher":{"@id":"https:\/\/qtmm.org\/qt\/#organization"},"image":{"@id":"https:\/\/qtmm.org\/qt\/meclis-reisi-mustafa-cemilev-oglum-hayser-oz-canina-qast-eter-dep-qorqa-edim\/#primaryimage"},"thumbnailUrl":"https:\/\/qtmm.org\/wp-content\/uploads\/2022\/01\/4_80.jpeg","articleSection":["Haberler"],"inLanguage":"qt","potentialAction":[{"@type":"CommentAction","name":"Comment","target":["https:\/\/qtmm.org\/qt\/meclis-reisi-mustafa-cemilev-oglum-hayser-oz-canina-qast-eter-dep-qorqa-edim\/#respond"]}]},{"@type":"WebPage","@id":"https:\/\/qtmm.org\/qt\/meclis-reisi-mustafa-cemilev-oglum-hayser-oz-canina-qast-eter-dep-qorqa-edim\/","url":"https:\/\/qtmm.org\/qt\/meclis-reisi-mustafa-cemilev-oglum-hayser-oz-canina-qast-eter-dep-qorqa-edim\/","name":"Meclis reisi Mustafa Cemilev: O\u011flum Hayser \u00f6z can\u0131na qast eter, dep qorqa edim - \u041c\u0435\u0434\u0436\u043b\u0456\u0441","isPartOf":{"@id":"https:\/\/qtmm.org\/qt\/#website"},"primaryImageOfPage":{"@id":"https:\/\/qtmm.org\/qt\/meclis-reisi-mustafa-cemilev-oglum-hayser-oz-canina-qast-eter-dep-qorqa-edim\/#primaryimage"},"image":{"@id":"https:\/\/qtmm.org\/qt\/meclis-reisi-mustafa-cemilev-oglum-hayser-oz-canina-qast-eter-dep-qorqa-edim\/#primaryimage"},"thumbnailUrl":"https:\/\/qtmm.org\/wp-content\/uploads\/2022\/01\/4_80.jpeg","datePublished":"2013-05-29T21:17:00+00:00","dateModified":"2022-01-23T21:18:44+00:00","breadcrumb":{"@id":"https:\/\/qtmm.org\/qt\/meclis-reisi-mustafa-cemilev-oglum-hayser-oz-canina-qast-eter-dep-qorqa-edim\/#breadcrumb"},"inLanguage":"qt","potentialAction":[{"@type":"ReadAction","target":["https:\/\/qtmm.org\/qt\/meclis-reisi-mustafa-cemilev-oglum-hayser-oz-canina-qast-eter-dep-qorqa-edim\/"]}]},{"@type":"ImageObject","inLanguage":"qt","@id":"https:\/\/qtmm.org\/qt\/meclis-reisi-mustafa-cemilev-oglum-hayser-oz-canina-qast-eter-dep-qorqa-edim\/#primaryimage","url":"https:\/\/qtmm.org\/wp-content\/uploads\/2022\/01\/4_80.jpeg","contentUrl":"https:\/\/qtmm.org\/wp-content\/uploads\/2022\/01\/4_80.jpeg","width":650,"height":450},{"@type":"BreadcrumbList","@id":"https:\/\/qtmm.org\/qt\/meclis-reisi-mustafa-cemilev-oglum-hayser-oz-canina-qast-eter-dep-qorqa-edim\/#breadcrumb","itemListElement":[{"@type":"ListItem","position":1,"name":"\u0413\u043e\u043b\u043e\u0432\u043d\u0430","item":"https:\/\/qtmm.org\/qt\/"},{"@type":"ListItem","position":2,"name":"Meclis reisi Mustafa Cemilev: O\u011flum Hayser \u00f6z can\u0131na qast eter, dep qorqa edim"}]},{"@type":"WebSite","@id":"https:\/\/qtmm.org\/qt\/#website","url":"https:\/\/qtmm.org\/qt\/","name":"\u041c\u0435\u0434\u0436\u043b\u0456\u0441","description":"","publisher":{"@id":"https:\/\/qtmm.org\/qt\/#organization"},"potentialAction":[{"@type":"SearchAction","target":{"@type":"EntryPoint","urlTemplate":"https:\/\/qtmm.org\/qt\/?s={search_term_string}"},"query-input":{"@type":"PropertyValueSpecification","valueRequired":true,"valueName":"search_term_string"}}],"inLanguage":"qt"},{"@type":"Organization","@id":"https:\/\/qtmm.org\/qt\/#organization","name":"\u041c\u0435\u0434\u0436\u043b\u0456\u0441","url":"https:\/\/qtmm.org\/qt\/","logo":{"@type":"ImageObject","inLanguage":"qt","@id":"https:\/\/qtmm.org\/qt\/#\/schema\/logo\/image\/","url":"https:\/\/qtmm.org\/wp-content\/uploads\/2024\/12\/ua-mejlis-logo-rgb.svg","contentUrl":"https:\/\/qtmm.org\/wp-content\/uploads\/2024\/12\/ua-mejlis-logo-rgb.svg","caption":"\u041c\u0435\u0434\u0436\u043b\u0456\u0441"},"image":{"@id":"https:\/\/qtmm.org\/qt\/#\/schema\/logo\/image\/"},"sameAs":["https:\/\/www.facebook.com\/qtmm.info\/"]},{"@type":"Person","@id":"https:\/\/qtmm.org\/qt\/#\/schema\/person\/de562469f971dec226ac06e60bbf74a7","name":"Developer","image":{"@type":"ImageObject","inLanguage":"qt","@id":"https:\/\/secure.gravatar.com\/avatar\/392b4cc8fbfeb00b39dfeeab4ee6edded39ffd48e25858637e4765810300227e?s=96&d=mm&r=g","url":"https:\/\/secure.gravatar.com\/avatar\/392b4cc8fbfeb00b39dfeeab4ee6edded39ffd48e25858637e4765810300227e?s=96&d=mm&r=g","contentUrl":"https:\/\/secure.gravatar.com\/avatar\/392b4cc8fbfeb00b39dfeeab4ee6edded39ffd48e25858637e4765810300227e?s=96&d=mm&r=g","caption":"Developer"},"url":"https:\/\/qtmm.org\/qt\/author\/Developer\/"}]}},"_links":{"self":[{"href":"https:\/\/qtmm.org\/qt\/wp-json\/wp\/v2\/posts\/37898","targetHints":{"allow":["GET"]}}],"collection":[{"href":"https:\/\/qtmm.org\/qt\/wp-json\/wp\/v2\/posts"}],"about":[{"href":"https:\/\/qtmm.org\/qt\/wp-json\/wp\/v2\/types\/post"}],"author":[{"embeddable":true,"href":"https:\/\/qtmm.org\/qt\/wp-json\/wp\/v2\/users\/1"}],"replies":[{"embeddable":true,"href":"https:\/\/qtmm.org\/qt\/wp-json\/wp\/v2\/comments?post=37898"}],"version-history":[{"count":1,"href":"https:\/\/qtmm.org\/qt\/wp-json\/wp\/v2\/posts\/37898\/revisions"}],"predecessor-version":[{"id":37903,"href":"https:\/\/qtmm.org\/qt\/wp-json\/wp\/v2\/posts\/37898\/revisions\/37903"}],"wp:featuredmedia":[{"embeddable":true,"href":"https:\/\/qtmm.org\/qt\/wp-json\/wp\/v2\/media\/37899"}],"wp:attachment":[{"href":"https:\/\/qtmm.org\/qt\/wp-json\/wp\/v2\/media?parent=37898"}],"wp:term":[{"taxonomy":"category","embeddable":true,"href":"https:\/\/qtmm.org\/qt\/wp-json\/wp\/v2\/categories?post=37898"},{"taxonomy":"post_tag","embeddable":true,"href":"https:\/\/qtmm.org\/qt\/wp-json\/wp\/v2\/tags?post=37898"}],"curies":[{"name":"wp","href":"https:\/\/api.w.org\/{rel}","templated":true}]}}