




{"id":37888,"date":"2013-05-30T00:16:00","date_gmt":"2013-05-29T21:16:00","guid":{"rendered":"http:\/\/qtmm.org\/?p=37888"},"modified":"2022-01-24T00:17:38","modified_gmt":"2022-01-23T21:17:38","slug":"meclis-reisi-mustafa-cemilev-kucuk-oglunin-ailesinde-yuz-bergen-faciani-dogru-aydinlatqanlari-icun-ukraina-kutleviy-matbuat-vastalarina-tesekkur-bildirdi","status":"publish","type":"post","link":"https:\/\/qtmm.org\/qt\/meclis-reisi-mustafa-cemilev-kucuk-oglunin-ailesinde-yuz-bergen-faciani-dogru-aydinlatqanlari-icun-ukraina-kutleviy-matbuat-vastalarina-tesekkur-bildirdi\/","title":{"rendered":"Meclis reisi Mustafa Cemilev k\u00fc\u00e7\u00fck o\u011flun\u0131\u00f1 ailesinde y\u00fcz bergen facian\u0131 do\u011fru ayd\u0131nlatqanlar\u0131 i\u00e7\u00fcn Ukraina K\u00fctleviy matbuat vastalar\u0131na te\u015fekk\u00fcr bildirdi"},"content":{"rendered":"\n<p>&#8220;So\u00f1ki eki k\u00fcn i\u00e7inde (may\u0131s 27-28 k\u00fcnleri) ma\u00f1a onlarnen insan \u00e7a\u00f1 qaqt\u0131, men i\u00e7 kimsege cevap bermedim. Telefon\u0131mn\u0131 sessiz rejimge qoyd\u0131m ya da umumen qapatt\u0131m, \u00e7\u00fcnki me\u015f\u011ful edim. Berilecek sualler de ayn\u0131 ol\u011fan\u0131n\u0131 tahmin ettim, &#8211; dedi M. Cemilev k\u00fc\u00e7\u00fck o\u011flu Hayser Cemilevni\u00f1 evinde y\u00fcz bergen qazadan so\u00f1 i\u00e7 bir t\u00fcrl\u00fc izaat bermegenini a\u00f1lat\u0131p. \u2013 Jurnalistlerni meraqland\u0131r\u011fan suallerge tek Fevzi Edemovn\u0131\u00f1 cenazesinden so\u00f1, \u00e7arem ve bilgim yetkeni qadar cevap beririm, dedim.<\/p>\n\n\n\n<p>Bu yuqus\u0131z geceler i\u00e7inde 200-den ziyade yaz\u0131larn\u0131 baq\u0131p \u00e7\u0131qt\u0131m ve bir kereden Ukraina K\u00fctleviy matbuat vastalar\u0131na te\u015fekk\u00fcr bildirmek isterdim. Olarn\u0131\u00f1 ekseriyeti do\u011fru yaz\u011fanlar. Ebet, istisnalar\u0131 da bar. L\u00e2kin er alda Ukrainada jurnalistika yeterli seviyededir&#8221;<\/p>\n\n\n\n<figure class=\"wp-block-image size-full\"><img loading=\"lazy\" decoding=\"async\" width=\"650\" height=\"400\" src=\"http:\/\/qtmm.org\/wp-content\/uploads\/2022\/01\/1_116.jpeg\" alt=\"\" class=\"wp-image-37893\" srcset=\"https:\/\/qtmm.org\/wp-content\/uploads\/2022\/01\/1_116.jpeg 650w, https:\/\/qtmm.org\/wp-content\/uploads\/2022\/01\/1_116-300x185.jpeg 300w\" sizes=\"auto, (max-width: 650px) 100vw, 650px\" \/><\/figure>\n\n\n\n<p><em>2013 senesi may\u0131s 27 k\u00fcn\u00fc Milliy Meclis reisi, Ukraina halq deputat\u0131 Mustafa Cemilevni\u00f1 k\u00fc\u00e7\u00fck o\u011flun\u0131\u00f1 evinde qaza y\u00fcz berdi.<\/em><\/p>\n\n\n\n<p><em>Hayser Cemilev muqayts\u0131zl\u0131\u011f\u0131 sebebinden ate\u015fli sil\u00e2dan Fevzi Edemovn\u0131 \u00f6ld\u00fcrdi.<\/em><\/p>\n\n\n\n<p><em>Facia ol\u011fan k\u00fcn\u00fc Mustafa Cemilev on\u0131\u00f1 ailesi taraf\u0131ndan taqiqat i\u015flerini ke\u00e7ir\u00fcvde olduq\u00e7a yard\u0131m k\u00f6sterilgenini resmiy s\u00fcrette bildirip taqiqat a\u00e7\u0131q ve bitaraf al\u0131n\u0131p bar\u0131laca\u011f\u0131na \u00fcm\u00fct beslegenini aytt\u0131.<\/em><\/p>\n\n\n\n<p><em>May\u0131s 29 k\u00fcn\u00fc Fevzi Edemovn\u0131\u00f1 cenazesi q\u0131l\u0131nd\u0131. Fevzi Edemovn\u0131\u00f1 ana-babas\u0131na h\u0131tap etken Mustafa Cemilev evinde ne var ise rahmetli Fevzi Edemovn\u0131\u00f1 ailesi ve balalar\u0131nen payla\u015fma\u011fa az\u0131r ol\u011fan\u0131n\u0131 bildirdi<\/em><\/p>\n","protected":false},"excerpt":{"rendered":"<p>&#8220;So\u00f1ki eki k\u00fcn i\u00e7inde (may\u0131s 27-28 k\u00fcnleri) ma\u00f1a onlarnen insan \u00e7a\u00f1 qaqt\u0131, men i\u00e7 kimsege cevap bermedim. Telefon\u0131mn\u0131 sessiz rejimge qoyd\u0131m ya da umumen qapatt\u0131m, \u00e7\u00fcnki me\u015f\u011ful edim. Berilecek sualler de ayn\u0131 ol\u011fan\u0131n\u0131 tahmin ettim, &#8211; dedi M. Cemilev k\u00fc\u00e7\u00fck o\u011flu Hayser Cemilevni\u00f1 evinde y\u00fcz bergen qazadan so\u00f1 i\u00e7 bir t\u00fcrl\u00fc izaat bermegenini a\u00f1lat\u0131p. \u2013 [&hellip;]<\/p>\n","protected":false},"author":1,"featured_media":37889,"comment_status":"open","ping_status":"open","sticky":false,"template":"","format":"standard","meta":{"inline_featured_image":false,"footnotes":""},"categories":[265],"tags":[],"class_list":["post-37888","post","type-post","status-publish","format-standard","has-post-thumbnail","hentry","category-haberler"],"acf":[],"yoast_head":"<!-- This site is optimized with the Yoast SEO plugin v27.4 - https:\/\/yoast.com\/product\/yoast-seo-wordpress\/ -->\n<title>Meclis reisi Mustafa Cemilev k\u00fc\u00e7\u00fck o\u011flun\u0131\u00f1 ailesinde y\u00fcz bergen facian\u0131 do\u011fru ayd\u0131nlatqanlar\u0131 i\u00e7\u00fcn Ukraina K\u00fctleviy matbuat vastalar\u0131na te\u015fekk\u00fcr bildirdi - \u041c\u0435\u0434\u0436\u043b\u0456\u0441<\/title>\n<meta name=\"robots\" content=\"index, follow, max-snippet:-1, max-image-preview:large, max-video-preview:-1\" \/>\n<link rel=\"canonical\" href=\"https:\/\/qtmm.org\/qt\/meclis-reisi-mustafa-cemilev-kucuk-oglunin-ailesinde-yuz-bergen-faciani-dogru-aydinlatqanlari-icun-ukraina-kutleviy-matbuat-vastalarina-tesekkur-bildirdi\/\" \/>\n<meta property=\"og:locale\" content=\"en_US\" \/>\n<meta property=\"og:type\" content=\"article\" \/>\n<meta property=\"og:title\" content=\"Meclis reisi Mustafa Cemilev k\u00fc\u00e7\u00fck o\u011flun\u0131\u00f1 ailesinde y\u00fcz bergen facian\u0131 do\u011fru ayd\u0131nlatqanlar\u0131 i\u00e7\u00fcn Ukraina K\u00fctleviy matbuat vastalar\u0131na te\u015fekk\u00fcr bildirdi - \u041c\u0435\u0434\u0436\u043b\u0456\u0441\" \/>\n<meta property=\"og:description\" content=\"&#8220;So\u00f1ki eki k\u00fcn i\u00e7inde (may\u0131s 27-28 k\u00fcnleri) ma\u00f1a onlarnen insan \u00e7a\u00f1 qaqt\u0131, men i\u00e7 kimsege cevap bermedim. Telefon\u0131mn\u0131 sessiz rejimge qoyd\u0131m ya da umumen qapatt\u0131m, \u00e7\u00fcnki me\u015f\u011ful edim. Berilecek sualler de ayn\u0131 ol\u011fan\u0131n\u0131 tahmin ettim, &#8211; dedi M. Cemilev k\u00fc\u00e7\u00fck o\u011flu Hayser Cemilevni\u00f1 evinde y\u00fcz bergen qazadan so\u00f1 i\u00e7 bir t\u00fcrl\u00fc izaat bermegenini a\u00f1lat\u0131p. \u2013 [&hellip;]\" \/>\n<meta property=\"og:url\" content=\"https:\/\/qtmm.org\/qt\/meclis-reisi-mustafa-cemilev-kucuk-oglunin-ailesinde-yuz-bergen-faciani-dogru-aydinlatqanlari-icun-ukraina-kutleviy-matbuat-vastalarina-tesekkur-bildirdi\/\" \/>\n<meta property=\"og:site_name\" content=\"\u041c\u0435\u0434\u0436\u043b\u0456\u0441\" \/>\n<meta property=\"article:publisher\" content=\"https:\/\/www.facebook.com\/qtmm.info\/\" \/>\n<meta property=\"article:published_time\" content=\"2013-05-29T21:16:00+00:00\" \/>\n<meta property=\"article:modified_time\" content=\"2022-01-23T21:17:38+00:00\" \/>\n<meta property=\"og:image\" content=\"https:\/\/qtmm.org\/wp-content\/uploads\/2022\/01\/2_114.jpeg\" \/>\n\t<meta property=\"og:image:width\" content=\"650\" \/>\n\t<meta property=\"og:image:height\" content=\"450\" \/>\n\t<meta property=\"og:image:type\" content=\"image\/jpeg\" \/>\n<meta name=\"author\" content=\"Developer\" \/>\n<meta name=\"twitter:card\" content=\"summary_large_image\" \/>\n<meta name=\"twitter:label1\" content=\"Written by\" \/>\n\t<meta name=\"twitter:data1\" content=\"Developer\" \/>\n\t<meta name=\"twitter:label2\" content=\"Est. reading time\" \/>\n\t<meta name=\"twitter:data2\" content=\"1 minute\" \/>\n<script type=\"application\/ld+json\" class=\"yoast-schema-graph\">{\"@context\":\"https:\\\/\\\/schema.org\",\"@graph\":[{\"@type\":\"Article\",\"@id\":\"https:\\\/\\\/qtmm.org\\\/qt\\\/meclis-reisi-mustafa-cemilev-kucuk-oglunin-ailesinde-yuz-bergen-faciani-dogru-aydinlatqanlari-icun-ukraina-kutleviy-matbuat-vastalarina-tesekkur-bildirdi\\\/#article\",\"isPartOf\":{\"@id\":\"https:\\\/\\\/qtmm.org\\\/qt\\\/meclis-reisi-mustafa-cemilev-kucuk-oglunin-ailesinde-yuz-bergen-faciani-dogru-aydinlatqanlari-icun-ukraina-kutleviy-matbuat-vastalarina-tesekkur-bildirdi\\\/\"},\"author\":{\"name\":\"Developer\",\"@id\":\"https:\\\/\\\/qtmm.org\\\/qt\\\/#\\\/schema\\\/person\\\/de562469f971dec226ac06e60bbf74a7\"},\"headline\":\"Meclis reisi Mustafa Cemilev k\u00fc\u00e7\u00fck o\u011flun\u0131\u00f1 ailesinde y\u00fcz bergen facian\u0131 do\u011fru ayd\u0131nlatqanlar\u0131 i\u00e7\u00fcn Ukraina K\u00fctleviy matbuat vastalar\u0131na te\u015fekk\u00fcr bildirdi\",\"datePublished\":\"2013-05-29T21:16:00+00:00\",\"dateModified\":\"2022-01-23T21:17:38+00:00\",\"mainEntityOfPage\":{\"@id\":\"https:\\\/\\\/qtmm.org\\\/qt\\\/meclis-reisi-mustafa-cemilev-kucuk-oglunin-ailesinde-yuz-bergen-faciani-dogru-aydinlatqanlari-icun-ukraina-kutleviy-matbuat-vastalarina-tesekkur-bildirdi\\\/\"},\"wordCount\":281,\"commentCount\":0,\"publisher\":{\"@id\":\"https:\\\/\\\/qtmm.org\\\/qt\\\/#organization\"},\"image\":{\"@id\":\"https:\\\/\\\/qtmm.org\\\/qt\\\/meclis-reisi-mustafa-cemilev-kucuk-oglunin-ailesinde-yuz-bergen-faciani-dogru-aydinlatqanlari-icun-ukraina-kutleviy-matbuat-vastalarina-tesekkur-bildirdi\\\/#primaryimage\"},\"thumbnailUrl\":\"https:\\\/\\\/qtmm.org\\\/wp-content\\\/uploads\\\/2022\\\/01\\\/2_114.jpeg\",\"articleSection\":[\"Haberler\"],\"inLanguage\":\"qt\",\"potentialAction\":[{\"@type\":\"CommentAction\",\"name\":\"Comment\",\"target\":[\"https:\\\/\\\/qtmm.org\\\/qt\\\/meclis-reisi-mustafa-cemilev-kucuk-oglunin-ailesinde-yuz-bergen-faciani-dogru-aydinlatqanlari-icun-ukraina-kutleviy-matbuat-vastalarina-tesekkur-bildirdi\\\/#respond\"]}]},{\"@type\":\"WebPage\",\"@id\":\"https:\\\/\\\/qtmm.org\\\/qt\\\/meclis-reisi-mustafa-cemilev-kucuk-oglunin-ailesinde-yuz-bergen-faciani-dogru-aydinlatqanlari-icun-ukraina-kutleviy-matbuat-vastalarina-tesekkur-bildirdi\\\/\",\"url\":\"https:\\\/\\\/qtmm.org\\\/qt\\\/meclis-reisi-mustafa-cemilev-kucuk-oglunin-ailesinde-yuz-bergen-faciani-dogru-aydinlatqanlari-icun-ukraina-kutleviy-matbuat-vastalarina-tesekkur-bildirdi\\\/\",\"name\":\"Meclis reisi Mustafa Cemilev k\u00fc\u00e7\u00fck o\u011flun\u0131\u00f1 ailesinde y\u00fcz bergen facian\u0131 do\u011fru ayd\u0131nlatqanlar\u0131 i\u00e7\u00fcn Ukraina K\u00fctleviy matbuat vastalar\u0131na te\u015fekk\u00fcr bildirdi - \u041c\u0435\u0434\u0436\u043b\u0456\u0441\",\"isPartOf\":{\"@id\":\"https:\\\/\\\/qtmm.org\\\/qt\\\/#website\"},\"primaryImageOfPage\":{\"@id\":\"https:\\\/\\\/qtmm.org\\\/qt\\\/meclis-reisi-mustafa-cemilev-kucuk-oglunin-ailesinde-yuz-bergen-faciani-dogru-aydinlatqanlari-icun-ukraina-kutleviy-matbuat-vastalarina-tesekkur-bildirdi\\\/#primaryimage\"},\"image\":{\"@id\":\"https:\\\/\\\/qtmm.org\\\/qt\\\/meclis-reisi-mustafa-cemilev-kucuk-oglunin-ailesinde-yuz-bergen-faciani-dogru-aydinlatqanlari-icun-ukraina-kutleviy-matbuat-vastalarina-tesekkur-bildirdi\\\/#primaryimage\"},\"thumbnailUrl\":\"https:\\\/\\\/qtmm.org\\\/wp-content\\\/uploads\\\/2022\\\/01\\\/2_114.jpeg\",\"datePublished\":\"2013-05-29T21:16:00+00:00\",\"dateModified\":\"2022-01-23T21:17:38+00:00\",\"breadcrumb\":{\"@id\":\"https:\\\/\\\/qtmm.org\\\/qt\\\/meclis-reisi-mustafa-cemilev-kucuk-oglunin-ailesinde-yuz-bergen-faciani-dogru-aydinlatqanlari-icun-ukraina-kutleviy-matbuat-vastalarina-tesekkur-bildirdi\\\/#breadcrumb\"},\"inLanguage\":\"qt\",\"potentialAction\":[{\"@type\":\"ReadAction\",\"target\":[\"https:\\\/\\\/qtmm.org\\\/qt\\\/meclis-reisi-mustafa-cemilev-kucuk-oglunin-ailesinde-yuz-bergen-faciani-dogru-aydinlatqanlari-icun-ukraina-kutleviy-matbuat-vastalarina-tesekkur-bildirdi\\\/\"]}]},{\"@type\":\"ImageObject\",\"inLanguage\":\"qt\",\"@id\":\"https:\\\/\\\/qtmm.org\\\/qt\\\/meclis-reisi-mustafa-cemilev-kucuk-oglunin-ailesinde-yuz-bergen-faciani-dogru-aydinlatqanlari-icun-ukraina-kutleviy-matbuat-vastalarina-tesekkur-bildirdi\\\/#primaryimage\",\"url\":\"https:\\\/\\\/qtmm.org\\\/wp-content\\\/uploads\\\/2022\\\/01\\\/2_114.jpeg\",\"contentUrl\":\"https:\\\/\\\/qtmm.org\\\/wp-content\\\/uploads\\\/2022\\\/01\\\/2_114.jpeg\",\"width\":650,\"height\":450},{\"@type\":\"BreadcrumbList\",\"@id\":\"https:\\\/\\\/qtmm.org\\\/qt\\\/meclis-reisi-mustafa-cemilev-kucuk-oglunin-ailesinde-yuz-bergen-faciani-dogru-aydinlatqanlari-icun-ukraina-kutleviy-matbuat-vastalarina-tesekkur-bildirdi\\\/#breadcrumb\",\"itemListElement\":[{\"@type\":\"ListItem\",\"position\":1,\"name\":\"\u0413\u043e\u043b\u043e\u0432\u043d\u0430\",\"item\":\"https:\\\/\\\/qtmm.org\\\/qt\\\/\"},{\"@type\":\"ListItem\",\"position\":2,\"name\":\"Meclis reisi Mustafa Cemilev k\u00fc\u00e7\u00fck o\u011flun\u0131\u00f1 ailesinde y\u00fcz bergen facian\u0131 do\u011fru ayd\u0131nlatqanlar\u0131 i\u00e7\u00fcn Ukraina K\u00fctleviy matbuat vastalar\u0131na te\u015fekk\u00fcr bildirdi\"}]},{\"@type\":\"WebSite\",\"@id\":\"https:\\\/\\\/qtmm.org\\\/qt\\\/#website\",\"url\":\"https:\\\/\\\/qtmm.org\\\/qt\\\/\",\"name\":\"\u041c\u0435\u0434\u0436\u043b\u0456\u0441\",\"description\":\"\",\"publisher\":{\"@id\":\"https:\\\/\\\/qtmm.org\\\/qt\\\/#organization\"},\"potentialAction\":[{\"@type\":\"SearchAction\",\"target\":{\"@type\":\"EntryPoint\",\"urlTemplate\":\"https:\\\/\\\/qtmm.org\\\/qt\\\/?s={search_term_string}\"},\"query-input\":{\"@type\":\"PropertyValueSpecification\",\"valueRequired\":true,\"valueName\":\"search_term_string\"}}],\"inLanguage\":\"qt\"},{\"@type\":\"Organization\",\"@id\":\"https:\\\/\\\/qtmm.org\\\/qt\\\/#organization\",\"name\":\"\u041c\u0435\u0434\u0436\u043b\u0456\u0441\",\"url\":\"https:\\\/\\\/qtmm.org\\\/qt\\\/\",\"logo\":{\"@type\":\"ImageObject\",\"inLanguage\":\"qt\",\"@id\":\"https:\\\/\\\/qtmm.org\\\/qt\\\/#\\\/schema\\\/logo\\\/image\\\/\",\"url\":\"https:\\\/\\\/qtmm.org\\\/wp-content\\\/uploads\\\/2024\\\/12\\\/ua-mejlis-logo-rgb.svg\",\"contentUrl\":\"https:\\\/\\\/qtmm.org\\\/wp-content\\\/uploads\\\/2024\\\/12\\\/ua-mejlis-logo-rgb.svg\",\"caption\":\"\u041c\u0435\u0434\u0436\u043b\u0456\u0441\"},\"image\":{\"@id\":\"https:\\\/\\\/qtmm.org\\\/qt\\\/#\\\/schema\\\/logo\\\/image\\\/\"},\"sameAs\":[\"https:\\\/\\\/www.facebook.com\\\/qtmm.info\\\/\"]},{\"@type\":\"Person\",\"@id\":\"https:\\\/\\\/qtmm.org\\\/qt\\\/#\\\/schema\\\/person\\\/de562469f971dec226ac06e60bbf74a7\",\"name\":\"Developer\",\"image\":{\"@type\":\"ImageObject\",\"inLanguage\":\"qt\",\"@id\":\"https:\\\/\\\/secure.gravatar.com\\\/avatar\\\/392b4cc8fbfeb00b39dfeeab4ee6edded39ffd48e25858637e4765810300227e?s=96&d=mm&r=g\",\"url\":\"https:\\\/\\\/secure.gravatar.com\\\/avatar\\\/392b4cc8fbfeb00b39dfeeab4ee6edded39ffd48e25858637e4765810300227e?s=96&d=mm&r=g\",\"contentUrl\":\"https:\\\/\\\/secure.gravatar.com\\\/avatar\\\/392b4cc8fbfeb00b39dfeeab4ee6edded39ffd48e25858637e4765810300227e?s=96&d=mm&r=g\",\"caption\":\"Developer\"},\"url\":\"https:\\\/\\\/qtmm.org\\\/qt\\\/author\\\/Developer\\\/\"}]}<\/script>\n<!-- \/ Yoast SEO plugin. -->","yoast_head_json":{"title":"Meclis reisi Mustafa Cemilev k\u00fc\u00e7\u00fck o\u011flun\u0131\u00f1 ailesinde y\u00fcz bergen facian\u0131 do\u011fru ayd\u0131nlatqanlar\u0131 i\u00e7\u00fcn Ukraina K\u00fctleviy matbuat vastalar\u0131na te\u015fekk\u00fcr bildirdi - \u041c\u0435\u0434\u0436\u043b\u0456\u0441","robots":{"index":"index","follow":"follow","max-snippet":"max-snippet:-1","max-image-preview":"max-image-preview:large","max-video-preview":"max-video-preview:-1"},"canonical":"https:\/\/qtmm.org\/qt\/meclis-reisi-mustafa-cemilev-kucuk-oglunin-ailesinde-yuz-bergen-faciani-dogru-aydinlatqanlari-icun-ukraina-kutleviy-matbuat-vastalarina-tesekkur-bildirdi\/","og_locale":"en_US","og_type":"article","og_title":"Meclis reisi Mustafa Cemilev k\u00fc\u00e7\u00fck o\u011flun\u0131\u00f1 ailesinde y\u00fcz bergen facian\u0131 do\u011fru ayd\u0131nlatqanlar\u0131 i\u00e7\u00fcn Ukraina K\u00fctleviy matbuat vastalar\u0131na te\u015fekk\u00fcr bildirdi - \u041c\u0435\u0434\u0436\u043b\u0456\u0441","og_description":"&#8220;So\u00f1ki eki k\u00fcn i\u00e7inde (may\u0131s 27-28 k\u00fcnleri) ma\u00f1a onlarnen insan \u00e7a\u00f1 qaqt\u0131, men i\u00e7 kimsege cevap bermedim. Telefon\u0131mn\u0131 sessiz rejimge qoyd\u0131m ya da umumen qapatt\u0131m, \u00e7\u00fcnki me\u015f\u011ful edim. Berilecek sualler de ayn\u0131 ol\u011fan\u0131n\u0131 tahmin ettim, &#8211; dedi M. Cemilev k\u00fc\u00e7\u00fck o\u011flu Hayser Cemilevni\u00f1 evinde y\u00fcz bergen qazadan so\u00f1 i\u00e7 bir t\u00fcrl\u00fc izaat bermegenini a\u00f1lat\u0131p. \u2013 [&hellip;]","og_url":"https:\/\/qtmm.org\/qt\/meclis-reisi-mustafa-cemilev-kucuk-oglunin-ailesinde-yuz-bergen-faciani-dogru-aydinlatqanlari-icun-ukraina-kutleviy-matbuat-vastalarina-tesekkur-bildirdi\/","og_site_name":"\u041c\u0435\u0434\u0436\u043b\u0456\u0441","article_publisher":"https:\/\/www.facebook.com\/qtmm.info\/","article_published_time":"2013-05-29T21:16:00+00:00","article_modified_time":"2022-01-23T21:17:38+00:00","og_image":[{"width":650,"height":450,"url":"https:\/\/qtmm.org\/wp-content\/uploads\/2022\/01\/2_114.jpeg","type":"image\/jpeg"}],"author":"Developer","twitter_card":"summary_large_image","twitter_misc":{"Written by":"Developer","Est. reading time":"1 minute"},"schema":{"@context":"https:\/\/schema.org","@graph":[{"@type":"Article","@id":"https:\/\/qtmm.org\/qt\/meclis-reisi-mustafa-cemilev-kucuk-oglunin-ailesinde-yuz-bergen-faciani-dogru-aydinlatqanlari-icun-ukraina-kutleviy-matbuat-vastalarina-tesekkur-bildirdi\/#article","isPartOf":{"@id":"https:\/\/qtmm.org\/qt\/meclis-reisi-mustafa-cemilev-kucuk-oglunin-ailesinde-yuz-bergen-faciani-dogru-aydinlatqanlari-icun-ukraina-kutleviy-matbuat-vastalarina-tesekkur-bildirdi\/"},"author":{"name":"Developer","@id":"https:\/\/qtmm.org\/qt\/#\/schema\/person\/de562469f971dec226ac06e60bbf74a7"},"headline":"Meclis reisi Mustafa Cemilev k\u00fc\u00e7\u00fck o\u011flun\u0131\u00f1 ailesinde y\u00fcz bergen facian\u0131 do\u011fru ayd\u0131nlatqanlar\u0131 i\u00e7\u00fcn Ukraina K\u00fctleviy matbuat vastalar\u0131na te\u015fekk\u00fcr bildirdi","datePublished":"2013-05-29T21:16:00+00:00","dateModified":"2022-01-23T21:17:38+00:00","mainEntityOfPage":{"@id":"https:\/\/qtmm.org\/qt\/meclis-reisi-mustafa-cemilev-kucuk-oglunin-ailesinde-yuz-bergen-faciani-dogru-aydinlatqanlari-icun-ukraina-kutleviy-matbuat-vastalarina-tesekkur-bildirdi\/"},"wordCount":281,"commentCount":0,"publisher":{"@id":"https:\/\/qtmm.org\/qt\/#organization"},"image":{"@id":"https:\/\/qtmm.org\/qt\/meclis-reisi-mustafa-cemilev-kucuk-oglunin-ailesinde-yuz-bergen-faciani-dogru-aydinlatqanlari-icun-ukraina-kutleviy-matbuat-vastalarina-tesekkur-bildirdi\/#primaryimage"},"thumbnailUrl":"https:\/\/qtmm.org\/wp-content\/uploads\/2022\/01\/2_114.jpeg","articleSection":["Haberler"],"inLanguage":"qt","potentialAction":[{"@type":"CommentAction","name":"Comment","target":["https:\/\/qtmm.org\/qt\/meclis-reisi-mustafa-cemilev-kucuk-oglunin-ailesinde-yuz-bergen-faciani-dogru-aydinlatqanlari-icun-ukraina-kutleviy-matbuat-vastalarina-tesekkur-bildirdi\/#respond"]}]},{"@type":"WebPage","@id":"https:\/\/qtmm.org\/qt\/meclis-reisi-mustafa-cemilev-kucuk-oglunin-ailesinde-yuz-bergen-faciani-dogru-aydinlatqanlari-icun-ukraina-kutleviy-matbuat-vastalarina-tesekkur-bildirdi\/","url":"https:\/\/qtmm.org\/qt\/meclis-reisi-mustafa-cemilev-kucuk-oglunin-ailesinde-yuz-bergen-faciani-dogru-aydinlatqanlari-icun-ukraina-kutleviy-matbuat-vastalarina-tesekkur-bildirdi\/","name":"Meclis reisi Mustafa Cemilev k\u00fc\u00e7\u00fck o\u011flun\u0131\u00f1 ailesinde y\u00fcz bergen facian\u0131 do\u011fru ayd\u0131nlatqanlar\u0131 i\u00e7\u00fcn Ukraina K\u00fctleviy matbuat vastalar\u0131na te\u015fekk\u00fcr bildirdi - \u041c\u0435\u0434\u0436\u043b\u0456\u0441","isPartOf":{"@id":"https:\/\/qtmm.org\/qt\/#website"},"primaryImageOfPage":{"@id":"https:\/\/qtmm.org\/qt\/meclis-reisi-mustafa-cemilev-kucuk-oglunin-ailesinde-yuz-bergen-faciani-dogru-aydinlatqanlari-icun-ukraina-kutleviy-matbuat-vastalarina-tesekkur-bildirdi\/#primaryimage"},"image":{"@id":"https:\/\/qtmm.org\/qt\/meclis-reisi-mustafa-cemilev-kucuk-oglunin-ailesinde-yuz-bergen-faciani-dogru-aydinlatqanlari-icun-ukraina-kutleviy-matbuat-vastalarina-tesekkur-bildirdi\/#primaryimage"},"thumbnailUrl":"https:\/\/qtmm.org\/wp-content\/uploads\/2022\/01\/2_114.jpeg","datePublished":"2013-05-29T21:16:00+00:00","dateModified":"2022-01-23T21:17:38+00:00","breadcrumb":{"@id":"https:\/\/qtmm.org\/qt\/meclis-reisi-mustafa-cemilev-kucuk-oglunin-ailesinde-yuz-bergen-faciani-dogru-aydinlatqanlari-icun-ukraina-kutleviy-matbuat-vastalarina-tesekkur-bildirdi\/#breadcrumb"},"inLanguage":"qt","potentialAction":[{"@type":"ReadAction","target":["https:\/\/qtmm.org\/qt\/meclis-reisi-mustafa-cemilev-kucuk-oglunin-ailesinde-yuz-bergen-faciani-dogru-aydinlatqanlari-icun-ukraina-kutleviy-matbuat-vastalarina-tesekkur-bildirdi\/"]}]},{"@type":"ImageObject","inLanguage":"qt","@id":"https:\/\/qtmm.org\/qt\/meclis-reisi-mustafa-cemilev-kucuk-oglunin-ailesinde-yuz-bergen-faciani-dogru-aydinlatqanlari-icun-ukraina-kutleviy-matbuat-vastalarina-tesekkur-bildirdi\/#primaryimage","url":"https:\/\/qtmm.org\/wp-content\/uploads\/2022\/01\/2_114.jpeg","contentUrl":"https:\/\/qtmm.org\/wp-content\/uploads\/2022\/01\/2_114.jpeg","width":650,"height":450},{"@type":"BreadcrumbList","@id":"https:\/\/qtmm.org\/qt\/meclis-reisi-mustafa-cemilev-kucuk-oglunin-ailesinde-yuz-bergen-faciani-dogru-aydinlatqanlari-icun-ukraina-kutleviy-matbuat-vastalarina-tesekkur-bildirdi\/#breadcrumb","itemListElement":[{"@type":"ListItem","position":1,"name":"\u0413\u043e\u043b\u043e\u0432\u043d\u0430","item":"https:\/\/qtmm.org\/qt\/"},{"@type":"ListItem","position":2,"name":"Meclis reisi Mustafa Cemilev k\u00fc\u00e7\u00fck o\u011flun\u0131\u00f1 ailesinde y\u00fcz bergen facian\u0131 do\u011fru ayd\u0131nlatqanlar\u0131 i\u00e7\u00fcn Ukraina K\u00fctleviy matbuat vastalar\u0131na te\u015fekk\u00fcr bildirdi"}]},{"@type":"WebSite","@id":"https:\/\/qtmm.org\/qt\/#website","url":"https:\/\/qtmm.org\/qt\/","name":"\u041c\u0435\u0434\u0436\u043b\u0456\u0441","description":"","publisher":{"@id":"https:\/\/qtmm.org\/qt\/#organization"},"potentialAction":[{"@type":"SearchAction","target":{"@type":"EntryPoint","urlTemplate":"https:\/\/qtmm.org\/qt\/?s={search_term_string}"},"query-input":{"@type":"PropertyValueSpecification","valueRequired":true,"valueName":"search_term_string"}}],"inLanguage":"qt"},{"@type":"Organization","@id":"https:\/\/qtmm.org\/qt\/#organization","name":"\u041c\u0435\u0434\u0436\u043b\u0456\u0441","url":"https:\/\/qtmm.org\/qt\/","logo":{"@type":"ImageObject","inLanguage":"qt","@id":"https:\/\/qtmm.org\/qt\/#\/schema\/logo\/image\/","url":"https:\/\/qtmm.org\/wp-content\/uploads\/2024\/12\/ua-mejlis-logo-rgb.svg","contentUrl":"https:\/\/qtmm.org\/wp-content\/uploads\/2024\/12\/ua-mejlis-logo-rgb.svg","caption":"\u041c\u0435\u0434\u0436\u043b\u0456\u0441"},"image":{"@id":"https:\/\/qtmm.org\/qt\/#\/schema\/logo\/image\/"},"sameAs":["https:\/\/www.facebook.com\/qtmm.info\/"]},{"@type":"Person","@id":"https:\/\/qtmm.org\/qt\/#\/schema\/person\/de562469f971dec226ac06e60bbf74a7","name":"Developer","image":{"@type":"ImageObject","inLanguage":"qt","@id":"https:\/\/secure.gravatar.com\/avatar\/392b4cc8fbfeb00b39dfeeab4ee6edded39ffd48e25858637e4765810300227e?s=96&d=mm&r=g","url":"https:\/\/secure.gravatar.com\/avatar\/392b4cc8fbfeb00b39dfeeab4ee6edded39ffd48e25858637e4765810300227e?s=96&d=mm&r=g","contentUrl":"https:\/\/secure.gravatar.com\/avatar\/392b4cc8fbfeb00b39dfeeab4ee6edded39ffd48e25858637e4765810300227e?s=96&d=mm&r=g","caption":"Developer"},"url":"https:\/\/qtmm.org\/qt\/author\/Developer\/"}]}},"_links":{"self":[{"href":"https:\/\/qtmm.org\/qt\/wp-json\/wp\/v2\/posts\/37888","targetHints":{"allow":["GET"]}}],"collection":[{"href":"https:\/\/qtmm.org\/qt\/wp-json\/wp\/v2\/posts"}],"about":[{"href":"https:\/\/qtmm.org\/qt\/wp-json\/wp\/v2\/types\/post"}],"author":[{"embeddable":true,"href":"https:\/\/qtmm.org\/qt\/wp-json\/wp\/v2\/users\/1"}],"replies":[{"embeddable":true,"href":"https:\/\/qtmm.org\/qt\/wp-json\/wp\/v2\/comments?post=37888"}],"version-history":[{"count":1,"href":"https:\/\/qtmm.org\/qt\/wp-json\/wp\/v2\/posts\/37888\/revisions"}],"predecessor-version":[{"id":37897,"href":"https:\/\/qtmm.org\/qt\/wp-json\/wp\/v2\/posts\/37888\/revisions\/37897"}],"wp:featuredmedia":[{"embeddable":true,"href":"https:\/\/qtmm.org\/qt\/wp-json\/wp\/v2\/media\/37889"}],"wp:attachment":[{"href":"https:\/\/qtmm.org\/qt\/wp-json\/wp\/v2\/media?parent=37888"}],"wp:term":[{"taxonomy":"category","embeddable":true,"href":"https:\/\/qtmm.org\/qt\/wp-json\/wp\/v2\/categories?post=37888"},{"taxonomy":"post_tag","embeddable":true,"href":"https:\/\/qtmm.org\/qt\/wp-json\/wp\/v2\/tags?post=37888"}],"curies":[{"name":"wp","href":"https:\/\/api.w.org\/{rel}","templated":true}]}}