




{"id":37874,"date":"2013-05-30T00:14:00","date_gmt":"2013-05-29T21:14:00","guid":{"rendered":"http:\/\/qtmm.org\/?p=37874"},"modified":"2022-01-24T00:16:15","modified_gmt":"2022-01-23T21:16:15","slug":"milliy-meclis-vekilleri-bmt-yaninda-ukrainanin-daimiy-temsilcisinen-korustiler","status":"publish","type":"post","link":"https:\/\/qtmm.org\/qt\/milliy-meclis-vekilleri-bmt-yaninda-ukrainanin-daimiy-temsilcisinen-korustiler\/","title":{"rendered":"Milliy Meclis vekilleri BMT yan\u0131nda Ukrainan\u0131\u00f1 Daimiy temsilcisinen k\u00f6r\u00fc\u015ftiler"},"content":{"rendered":"\n<p>2013 senesi may\u0131s 29 k\u00fcn\u00fc BMT Tam\u0131r halqlar forum\u0131n\u0131\u00f1 12-nci otur\u0131m\u0131 \u00e7er\u00e7ivesinde Meclis vekilleri Abduraman Egiz ve Ayla Baqqall\u0131n\u0131 BMT yan\u0131nda Ukrainan\u0131\u00f1 Daimiy vek\u00e2lethanesinde BMTde Ukrainan\u0131\u00f1 Vefqulade ve Toluvek\u00e2letli El\u00e7isi Yu. A. Sergeyev qabul etti. K\u00f6r\u00fc\u015f\u00fcvde Vek\u00e2letlikni\u00f1 birinci k\u00e2tibi T. Kayuk ve \u00fc\u00e7\u00fcnci k\u00e2tibi A. \u015eapoval i\u015ftirak ettiler. Bu aqta mal\u00fcmatn\u0131 BMT Tam\u0131r halqlar forum\u0131n\u0131\u00f1 12-nci otur\u0131m\u0131nda i\u015ftirak etken A. Egiz berdi.<\/p>\n\n\n\n<p>K\u00f6r\u00fc\u015f\u00fcv devam\u0131nda BMT Ba\u015f assambleyas\u0131 tam\u0131r halqlar d\u00fcnya konferentsiyas\u0131nda i\u015ftirak etmege az\u0131rl\u0131q ve bun\u0131\u00f1 kibi Meclisni\u00f1 Q\u0131r\u0131mtatar halq\u0131 meseleleri boyunca halqara forumn\u0131 q\u0131r\u0131mtatarlar s\u00fcrg\u00fcnini\u00f1 70 y\u0131ll\u0131\u011f\u0131 munasebetinen kelecek y\u0131lda ke\u00e7ir\u00fcv \u011fayesi muzakere olund\u0131.<\/p>\n\n\n\n<figure class=\"wp-block-image size-full\"><img loading=\"lazy\" decoding=\"async\" width=\"650\" height=\"400\" src=\"http:\/\/qtmm.org\/wp-content\/uploads\/2022\/01\/image.jpeg\" alt=\"\" class=\"wp-image-37879\" srcset=\"https:\/\/qtmm.org\/wp-content\/uploads\/2022\/01\/image.jpeg 650w, https:\/\/qtmm.org\/wp-content\/uploads\/2022\/01\/image-300x185.jpeg 300w\" sizes=\"auto, (max-width: 650px) 100vw, 650px\" \/><\/figure>\n\n\n\n<p>K\u00f6r\u00fc\u015f\u00fcv \u00e7er\u00e7ivesinde q\u0131r\u0131mtatar halq\u0131 aqlar\u0131n\u0131 qor\u00e7alamaq maqsad\u0131nen halqara mehanizmlerden semereli qullanmaq boyunca a\u00f1la\u015fma elde etildi.<\/p>\n\n\n\n<figure class=\"wp-block-image size-full\"><img loading=\"lazy\" decoding=\"async\" width=\"650\" height=\"450\" src=\"http:\/\/qtmm.org\/wp-content\/uploads\/2022\/01\/errr.jpeg\" alt=\"\" class=\"wp-image-37883\" srcset=\"https:\/\/qtmm.org\/wp-content\/uploads\/2022\/01\/errr.jpeg 650w, https:\/\/qtmm.org\/wp-content\/uploads\/2022\/01\/errr-300x208.jpeg 300w\" sizes=\"auto, (max-width: 650px) 100vw, 650px\" \/><\/figure>\n","protected":false},"excerpt":{"rendered":"<p>2013 senesi may\u0131s 29 k\u00fcn\u00fc BMT Tam\u0131r halqlar forum\u0131n\u0131\u00f1 12-nci otur\u0131m\u0131 \u00e7er\u00e7ivesinde Meclis vekilleri Abduraman Egiz ve Ayla Baqqall\u0131n\u0131 BMT yan\u0131nda Ukrainan\u0131\u00f1 Daimiy vek\u00e2lethanesinde BMTde Ukrainan\u0131\u00f1 Vefqulade ve Toluvek\u00e2letli El\u00e7isi Yu. A. Sergeyev qabul etti. K\u00f6r\u00fc\u015f\u00fcvde Vek\u00e2letlikni\u00f1 birinci k\u00e2tibi T. Kayuk ve \u00fc\u00e7\u00fcnci k\u00e2tibi A. \u015eapoval i\u015ftirak ettiler. Bu aqta mal\u00fcmatn\u0131 BMT Tam\u0131r halqlar forum\u0131n\u0131\u00f1 [&hellip;]<\/p>\n","protected":false},"author":1,"featured_media":37875,"comment_status":"open","ping_status":"open","sticky":false,"template":"","format":"standard","meta":{"inline_featured_image":false,"footnotes":""},"categories":[265],"tags":[],"class_list":["post-37874","post","type-post","status-publish","format-standard","has-post-thumbnail","hentry","category-haberler"],"acf":[],"yoast_head":"<!-- This site is optimized with the Yoast SEO plugin v27.4 - https:\/\/yoast.com\/product\/yoast-seo-wordpress\/ -->\n<title>Milliy Meclis vekilleri BMT yan\u0131nda Ukrainan\u0131\u00f1 Daimiy temsilcisinen k\u00f6r\u00fc\u015ftiler - \u041c\u0435\u0434\u0436\u043b\u0456\u0441<\/title>\n<meta name=\"robots\" content=\"index, follow, max-snippet:-1, max-image-preview:large, max-video-preview:-1\" \/>\n<link rel=\"canonical\" href=\"https:\/\/qtmm.org\/qt\/milliy-meclis-vekilleri-bmt-yaninda-ukrainanin-daimiy-temsilcisinen-korustiler\/\" \/>\n<meta property=\"og:locale\" content=\"en_US\" \/>\n<meta property=\"og:type\" content=\"article\" \/>\n<meta property=\"og:title\" content=\"Milliy Meclis vekilleri BMT yan\u0131nda Ukrainan\u0131\u00f1 Daimiy temsilcisinen k\u00f6r\u00fc\u015ftiler - \u041c\u0435\u0434\u0436\u043b\u0456\u0441\" \/>\n<meta property=\"og:description\" content=\"2013 senesi may\u0131s 29 k\u00fcn\u00fc BMT Tam\u0131r halqlar forum\u0131n\u0131\u00f1 12-nci otur\u0131m\u0131 \u00e7er\u00e7ivesinde Meclis vekilleri Abduraman Egiz ve Ayla Baqqall\u0131n\u0131 BMT yan\u0131nda Ukrainan\u0131\u00f1 Daimiy vek\u00e2lethanesinde BMTde Ukrainan\u0131\u00f1 Vefqulade ve Toluvek\u00e2letli El\u00e7isi Yu. A. Sergeyev qabul etti. K\u00f6r\u00fc\u015f\u00fcvde Vek\u00e2letlikni\u00f1 birinci k\u00e2tibi T. Kayuk ve \u00fc\u00e7\u00fcnci k\u00e2tibi A. \u015eapoval i\u015ftirak ettiler. Bu aqta mal\u00fcmatn\u0131 BMT Tam\u0131r halqlar forum\u0131n\u0131\u00f1 [&hellip;]\" \/>\n<meta property=\"og:url\" content=\"https:\/\/qtmm.org\/qt\/milliy-meclis-vekilleri-bmt-yaninda-ukrainanin-daimiy-temsilcisinen-korustiler\/\" \/>\n<meta property=\"og:site_name\" content=\"\u041c\u0435\u0434\u0436\u043b\u0456\u0441\" \/>\n<meta property=\"article:publisher\" content=\"https:\/\/www.facebook.com\/qtmm.info\/\" \/>\n<meta property=\"article:published_time\" content=\"2013-05-29T21:14:00+00:00\" \/>\n<meta property=\"article:modified_time\" content=\"2022-01-23T21:16:15+00:00\" \/>\n<meta property=\"og:image\" content=\"https:\/\/qtmm.org\/wp-content\/uploads\/2022\/01\/image_1_1.jpeg\" \/>\n\t<meta property=\"og:image:width\" content=\"650\" \/>\n\t<meta property=\"og:image:height\" content=\"332\" \/>\n\t<meta property=\"og:image:type\" content=\"image\/jpeg\" \/>\n<meta name=\"author\" content=\"Developer\" \/>\n<meta name=\"twitter:card\" content=\"summary_large_image\" \/>\n<meta name=\"twitter:label1\" content=\"Written by\" \/>\n\t<meta name=\"twitter:data1\" content=\"Developer\" \/>\n\t<meta name=\"twitter:label2\" content=\"Est. reading time\" \/>\n\t<meta name=\"twitter:data2\" content=\"1 minute\" \/>\n<script type=\"application\/ld+json\" class=\"yoast-schema-graph\">{\"@context\":\"https:\\\/\\\/schema.org\",\"@graph\":[{\"@type\":\"Article\",\"@id\":\"https:\\\/\\\/qtmm.org\\\/qt\\\/milliy-meclis-vekilleri-bmt-yaninda-ukrainanin-daimiy-temsilcisinen-korustiler\\\/#article\",\"isPartOf\":{\"@id\":\"https:\\\/\\\/qtmm.org\\\/qt\\\/milliy-meclis-vekilleri-bmt-yaninda-ukrainanin-daimiy-temsilcisinen-korustiler\\\/\"},\"author\":{\"name\":\"Developer\",\"@id\":\"https:\\\/\\\/qtmm.org\\\/qt\\\/#\\\/schema\\\/person\\\/de562469f971dec226ac06e60bbf74a7\"},\"headline\":\"Milliy Meclis vekilleri BMT yan\u0131nda Ukrainan\u0131\u00f1 Daimiy temsilcisinen k\u00f6r\u00fc\u015ftiler\",\"datePublished\":\"2013-05-29T21:14:00+00:00\",\"dateModified\":\"2022-01-23T21:16:15+00:00\",\"mainEntityOfPage\":{\"@id\":\"https:\\\/\\\/qtmm.org\\\/qt\\\/milliy-meclis-vekilleri-bmt-yaninda-ukrainanin-daimiy-temsilcisinen-korustiler\\\/\"},\"wordCount\":171,\"commentCount\":0,\"publisher\":{\"@id\":\"https:\\\/\\\/qtmm.org\\\/qt\\\/#organization\"},\"image\":{\"@id\":\"https:\\\/\\\/qtmm.org\\\/qt\\\/milliy-meclis-vekilleri-bmt-yaninda-ukrainanin-daimiy-temsilcisinen-korustiler\\\/#primaryimage\"},\"thumbnailUrl\":\"https:\\\/\\\/qtmm.org\\\/wp-content\\\/uploads\\\/2022\\\/01\\\/image_1_1.jpeg\",\"articleSection\":[\"Haberler\"],\"inLanguage\":\"qt\",\"potentialAction\":[{\"@type\":\"CommentAction\",\"name\":\"Comment\",\"target\":[\"https:\\\/\\\/qtmm.org\\\/qt\\\/milliy-meclis-vekilleri-bmt-yaninda-ukrainanin-daimiy-temsilcisinen-korustiler\\\/#respond\"]}]},{\"@type\":\"WebPage\",\"@id\":\"https:\\\/\\\/qtmm.org\\\/qt\\\/milliy-meclis-vekilleri-bmt-yaninda-ukrainanin-daimiy-temsilcisinen-korustiler\\\/\",\"url\":\"https:\\\/\\\/qtmm.org\\\/qt\\\/milliy-meclis-vekilleri-bmt-yaninda-ukrainanin-daimiy-temsilcisinen-korustiler\\\/\",\"name\":\"Milliy Meclis vekilleri BMT yan\u0131nda Ukrainan\u0131\u00f1 Daimiy temsilcisinen k\u00f6r\u00fc\u015ftiler - \u041c\u0435\u0434\u0436\u043b\u0456\u0441\",\"isPartOf\":{\"@id\":\"https:\\\/\\\/qtmm.org\\\/qt\\\/#website\"},\"primaryImageOfPage\":{\"@id\":\"https:\\\/\\\/qtmm.org\\\/qt\\\/milliy-meclis-vekilleri-bmt-yaninda-ukrainanin-daimiy-temsilcisinen-korustiler\\\/#primaryimage\"},\"image\":{\"@id\":\"https:\\\/\\\/qtmm.org\\\/qt\\\/milliy-meclis-vekilleri-bmt-yaninda-ukrainanin-daimiy-temsilcisinen-korustiler\\\/#primaryimage\"},\"thumbnailUrl\":\"https:\\\/\\\/qtmm.org\\\/wp-content\\\/uploads\\\/2022\\\/01\\\/image_1_1.jpeg\",\"datePublished\":\"2013-05-29T21:14:00+00:00\",\"dateModified\":\"2022-01-23T21:16:15+00:00\",\"breadcrumb\":{\"@id\":\"https:\\\/\\\/qtmm.org\\\/qt\\\/milliy-meclis-vekilleri-bmt-yaninda-ukrainanin-daimiy-temsilcisinen-korustiler\\\/#breadcrumb\"},\"inLanguage\":\"qt\",\"potentialAction\":[{\"@type\":\"ReadAction\",\"target\":[\"https:\\\/\\\/qtmm.org\\\/qt\\\/milliy-meclis-vekilleri-bmt-yaninda-ukrainanin-daimiy-temsilcisinen-korustiler\\\/\"]}]},{\"@type\":\"ImageObject\",\"inLanguage\":\"qt\",\"@id\":\"https:\\\/\\\/qtmm.org\\\/qt\\\/milliy-meclis-vekilleri-bmt-yaninda-ukrainanin-daimiy-temsilcisinen-korustiler\\\/#primaryimage\",\"url\":\"https:\\\/\\\/qtmm.org\\\/wp-content\\\/uploads\\\/2022\\\/01\\\/image_1_1.jpeg\",\"contentUrl\":\"https:\\\/\\\/qtmm.org\\\/wp-content\\\/uploads\\\/2022\\\/01\\\/image_1_1.jpeg\",\"width\":650,\"height\":332},{\"@type\":\"BreadcrumbList\",\"@id\":\"https:\\\/\\\/qtmm.org\\\/qt\\\/milliy-meclis-vekilleri-bmt-yaninda-ukrainanin-daimiy-temsilcisinen-korustiler\\\/#breadcrumb\",\"itemListElement\":[{\"@type\":\"ListItem\",\"position\":1,\"name\":\"\u0413\u043e\u043b\u043e\u0432\u043d\u0430\",\"item\":\"https:\\\/\\\/qtmm.org\\\/qt\\\/\"},{\"@type\":\"ListItem\",\"position\":2,\"name\":\"Milliy Meclis vekilleri BMT yan\u0131nda Ukrainan\u0131\u00f1 Daimiy temsilcisinen k\u00f6r\u00fc\u015ftiler\"}]},{\"@type\":\"WebSite\",\"@id\":\"https:\\\/\\\/qtmm.org\\\/qt\\\/#website\",\"url\":\"https:\\\/\\\/qtmm.org\\\/qt\\\/\",\"name\":\"\u041c\u0435\u0434\u0436\u043b\u0456\u0441\",\"description\":\"\",\"publisher\":{\"@id\":\"https:\\\/\\\/qtmm.org\\\/qt\\\/#organization\"},\"potentialAction\":[{\"@type\":\"SearchAction\",\"target\":{\"@type\":\"EntryPoint\",\"urlTemplate\":\"https:\\\/\\\/qtmm.org\\\/qt\\\/?s={search_term_string}\"},\"query-input\":{\"@type\":\"PropertyValueSpecification\",\"valueRequired\":true,\"valueName\":\"search_term_string\"}}],\"inLanguage\":\"qt\"},{\"@type\":\"Organization\",\"@id\":\"https:\\\/\\\/qtmm.org\\\/qt\\\/#organization\",\"name\":\"\u041c\u0435\u0434\u0436\u043b\u0456\u0441\",\"url\":\"https:\\\/\\\/qtmm.org\\\/qt\\\/\",\"logo\":{\"@type\":\"ImageObject\",\"inLanguage\":\"qt\",\"@id\":\"https:\\\/\\\/qtmm.org\\\/qt\\\/#\\\/schema\\\/logo\\\/image\\\/\",\"url\":\"https:\\\/\\\/qtmm.org\\\/wp-content\\\/uploads\\\/2024\\\/12\\\/ua-mejlis-logo-rgb.svg\",\"contentUrl\":\"https:\\\/\\\/qtmm.org\\\/wp-content\\\/uploads\\\/2024\\\/12\\\/ua-mejlis-logo-rgb.svg\",\"caption\":\"\u041c\u0435\u0434\u0436\u043b\u0456\u0441\"},\"image\":{\"@id\":\"https:\\\/\\\/qtmm.org\\\/qt\\\/#\\\/schema\\\/logo\\\/image\\\/\"},\"sameAs\":[\"https:\\\/\\\/www.facebook.com\\\/qtmm.info\\\/\"]},{\"@type\":\"Person\",\"@id\":\"https:\\\/\\\/qtmm.org\\\/qt\\\/#\\\/schema\\\/person\\\/de562469f971dec226ac06e60bbf74a7\",\"name\":\"Developer\",\"image\":{\"@type\":\"ImageObject\",\"inLanguage\":\"qt\",\"@id\":\"https:\\\/\\\/secure.gravatar.com\\\/avatar\\\/392b4cc8fbfeb00b39dfeeab4ee6edded39ffd48e25858637e4765810300227e?s=96&d=mm&r=g\",\"url\":\"https:\\\/\\\/secure.gravatar.com\\\/avatar\\\/392b4cc8fbfeb00b39dfeeab4ee6edded39ffd48e25858637e4765810300227e?s=96&d=mm&r=g\",\"contentUrl\":\"https:\\\/\\\/secure.gravatar.com\\\/avatar\\\/392b4cc8fbfeb00b39dfeeab4ee6edded39ffd48e25858637e4765810300227e?s=96&d=mm&r=g\",\"caption\":\"Developer\"},\"url\":\"https:\\\/\\\/qtmm.org\\\/qt\\\/author\\\/Developer\\\/\"}]}<\/script>\n<!-- \/ Yoast SEO plugin. -->","yoast_head_json":{"title":"Milliy Meclis vekilleri BMT yan\u0131nda Ukrainan\u0131\u00f1 Daimiy temsilcisinen k\u00f6r\u00fc\u015ftiler - \u041c\u0435\u0434\u0436\u043b\u0456\u0441","robots":{"index":"index","follow":"follow","max-snippet":"max-snippet:-1","max-image-preview":"max-image-preview:large","max-video-preview":"max-video-preview:-1"},"canonical":"https:\/\/qtmm.org\/qt\/milliy-meclis-vekilleri-bmt-yaninda-ukrainanin-daimiy-temsilcisinen-korustiler\/","og_locale":"en_US","og_type":"article","og_title":"Milliy Meclis vekilleri BMT yan\u0131nda Ukrainan\u0131\u00f1 Daimiy temsilcisinen k\u00f6r\u00fc\u015ftiler - \u041c\u0435\u0434\u0436\u043b\u0456\u0441","og_description":"2013 senesi may\u0131s 29 k\u00fcn\u00fc BMT Tam\u0131r halqlar forum\u0131n\u0131\u00f1 12-nci otur\u0131m\u0131 \u00e7er\u00e7ivesinde Meclis vekilleri Abduraman Egiz ve Ayla Baqqall\u0131n\u0131 BMT yan\u0131nda Ukrainan\u0131\u00f1 Daimiy vek\u00e2lethanesinde BMTde Ukrainan\u0131\u00f1 Vefqulade ve Toluvek\u00e2letli El\u00e7isi Yu. A. Sergeyev qabul etti. K\u00f6r\u00fc\u015f\u00fcvde Vek\u00e2letlikni\u00f1 birinci k\u00e2tibi T. Kayuk ve \u00fc\u00e7\u00fcnci k\u00e2tibi A. \u015eapoval i\u015ftirak ettiler. Bu aqta mal\u00fcmatn\u0131 BMT Tam\u0131r halqlar forum\u0131n\u0131\u00f1 [&hellip;]","og_url":"https:\/\/qtmm.org\/qt\/milliy-meclis-vekilleri-bmt-yaninda-ukrainanin-daimiy-temsilcisinen-korustiler\/","og_site_name":"\u041c\u0435\u0434\u0436\u043b\u0456\u0441","article_publisher":"https:\/\/www.facebook.com\/qtmm.info\/","article_published_time":"2013-05-29T21:14:00+00:00","article_modified_time":"2022-01-23T21:16:15+00:00","og_image":[{"width":650,"height":332,"url":"https:\/\/qtmm.org\/wp-content\/uploads\/2022\/01\/image_1_1.jpeg","type":"image\/jpeg"}],"author":"Developer","twitter_card":"summary_large_image","twitter_misc":{"Written by":"Developer","Est. reading time":"1 minute"},"schema":{"@context":"https:\/\/schema.org","@graph":[{"@type":"Article","@id":"https:\/\/qtmm.org\/qt\/milliy-meclis-vekilleri-bmt-yaninda-ukrainanin-daimiy-temsilcisinen-korustiler\/#article","isPartOf":{"@id":"https:\/\/qtmm.org\/qt\/milliy-meclis-vekilleri-bmt-yaninda-ukrainanin-daimiy-temsilcisinen-korustiler\/"},"author":{"name":"Developer","@id":"https:\/\/qtmm.org\/qt\/#\/schema\/person\/de562469f971dec226ac06e60bbf74a7"},"headline":"Milliy Meclis vekilleri BMT yan\u0131nda Ukrainan\u0131\u00f1 Daimiy temsilcisinen k\u00f6r\u00fc\u015ftiler","datePublished":"2013-05-29T21:14:00+00:00","dateModified":"2022-01-23T21:16:15+00:00","mainEntityOfPage":{"@id":"https:\/\/qtmm.org\/qt\/milliy-meclis-vekilleri-bmt-yaninda-ukrainanin-daimiy-temsilcisinen-korustiler\/"},"wordCount":171,"commentCount":0,"publisher":{"@id":"https:\/\/qtmm.org\/qt\/#organization"},"image":{"@id":"https:\/\/qtmm.org\/qt\/milliy-meclis-vekilleri-bmt-yaninda-ukrainanin-daimiy-temsilcisinen-korustiler\/#primaryimage"},"thumbnailUrl":"https:\/\/qtmm.org\/wp-content\/uploads\/2022\/01\/image_1_1.jpeg","articleSection":["Haberler"],"inLanguage":"qt","potentialAction":[{"@type":"CommentAction","name":"Comment","target":["https:\/\/qtmm.org\/qt\/milliy-meclis-vekilleri-bmt-yaninda-ukrainanin-daimiy-temsilcisinen-korustiler\/#respond"]}]},{"@type":"WebPage","@id":"https:\/\/qtmm.org\/qt\/milliy-meclis-vekilleri-bmt-yaninda-ukrainanin-daimiy-temsilcisinen-korustiler\/","url":"https:\/\/qtmm.org\/qt\/milliy-meclis-vekilleri-bmt-yaninda-ukrainanin-daimiy-temsilcisinen-korustiler\/","name":"Milliy Meclis vekilleri BMT yan\u0131nda Ukrainan\u0131\u00f1 Daimiy temsilcisinen k\u00f6r\u00fc\u015ftiler - \u041c\u0435\u0434\u0436\u043b\u0456\u0441","isPartOf":{"@id":"https:\/\/qtmm.org\/qt\/#website"},"primaryImageOfPage":{"@id":"https:\/\/qtmm.org\/qt\/milliy-meclis-vekilleri-bmt-yaninda-ukrainanin-daimiy-temsilcisinen-korustiler\/#primaryimage"},"image":{"@id":"https:\/\/qtmm.org\/qt\/milliy-meclis-vekilleri-bmt-yaninda-ukrainanin-daimiy-temsilcisinen-korustiler\/#primaryimage"},"thumbnailUrl":"https:\/\/qtmm.org\/wp-content\/uploads\/2022\/01\/image_1_1.jpeg","datePublished":"2013-05-29T21:14:00+00:00","dateModified":"2022-01-23T21:16:15+00:00","breadcrumb":{"@id":"https:\/\/qtmm.org\/qt\/milliy-meclis-vekilleri-bmt-yaninda-ukrainanin-daimiy-temsilcisinen-korustiler\/#breadcrumb"},"inLanguage":"qt","potentialAction":[{"@type":"ReadAction","target":["https:\/\/qtmm.org\/qt\/milliy-meclis-vekilleri-bmt-yaninda-ukrainanin-daimiy-temsilcisinen-korustiler\/"]}]},{"@type":"ImageObject","inLanguage":"qt","@id":"https:\/\/qtmm.org\/qt\/milliy-meclis-vekilleri-bmt-yaninda-ukrainanin-daimiy-temsilcisinen-korustiler\/#primaryimage","url":"https:\/\/qtmm.org\/wp-content\/uploads\/2022\/01\/image_1_1.jpeg","contentUrl":"https:\/\/qtmm.org\/wp-content\/uploads\/2022\/01\/image_1_1.jpeg","width":650,"height":332},{"@type":"BreadcrumbList","@id":"https:\/\/qtmm.org\/qt\/milliy-meclis-vekilleri-bmt-yaninda-ukrainanin-daimiy-temsilcisinen-korustiler\/#breadcrumb","itemListElement":[{"@type":"ListItem","position":1,"name":"\u0413\u043e\u043b\u043e\u0432\u043d\u0430","item":"https:\/\/qtmm.org\/qt\/"},{"@type":"ListItem","position":2,"name":"Milliy Meclis vekilleri BMT yan\u0131nda Ukrainan\u0131\u00f1 Daimiy temsilcisinen k\u00f6r\u00fc\u015ftiler"}]},{"@type":"WebSite","@id":"https:\/\/qtmm.org\/qt\/#website","url":"https:\/\/qtmm.org\/qt\/","name":"\u041c\u0435\u0434\u0436\u043b\u0456\u0441","description":"","publisher":{"@id":"https:\/\/qtmm.org\/qt\/#organization"},"potentialAction":[{"@type":"SearchAction","target":{"@type":"EntryPoint","urlTemplate":"https:\/\/qtmm.org\/qt\/?s={search_term_string}"},"query-input":{"@type":"PropertyValueSpecification","valueRequired":true,"valueName":"search_term_string"}}],"inLanguage":"qt"},{"@type":"Organization","@id":"https:\/\/qtmm.org\/qt\/#organization","name":"\u041c\u0435\u0434\u0436\u043b\u0456\u0441","url":"https:\/\/qtmm.org\/qt\/","logo":{"@type":"ImageObject","inLanguage":"qt","@id":"https:\/\/qtmm.org\/qt\/#\/schema\/logo\/image\/","url":"https:\/\/qtmm.org\/wp-content\/uploads\/2024\/12\/ua-mejlis-logo-rgb.svg","contentUrl":"https:\/\/qtmm.org\/wp-content\/uploads\/2024\/12\/ua-mejlis-logo-rgb.svg","caption":"\u041c\u0435\u0434\u0436\u043b\u0456\u0441"},"image":{"@id":"https:\/\/qtmm.org\/qt\/#\/schema\/logo\/image\/"},"sameAs":["https:\/\/www.facebook.com\/qtmm.info\/"]},{"@type":"Person","@id":"https:\/\/qtmm.org\/qt\/#\/schema\/person\/de562469f971dec226ac06e60bbf74a7","name":"Developer","image":{"@type":"ImageObject","inLanguage":"qt","@id":"https:\/\/secure.gravatar.com\/avatar\/392b4cc8fbfeb00b39dfeeab4ee6edded39ffd48e25858637e4765810300227e?s=96&d=mm&r=g","url":"https:\/\/secure.gravatar.com\/avatar\/392b4cc8fbfeb00b39dfeeab4ee6edded39ffd48e25858637e4765810300227e?s=96&d=mm&r=g","contentUrl":"https:\/\/secure.gravatar.com\/avatar\/392b4cc8fbfeb00b39dfeeab4ee6edded39ffd48e25858637e4765810300227e?s=96&d=mm&r=g","caption":"Developer"},"url":"https:\/\/qtmm.org\/qt\/author\/Developer\/"}]}},"_links":{"self":[{"href":"https:\/\/qtmm.org\/qt\/wp-json\/wp\/v2\/posts\/37874","targetHints":{"allow":["GET"]}}],"collection":[{"href":"https:\/\/qtmm.org\/qt\/wp-json\/wp\/v2\/posts"}],"about":[{"href":"https:\/\/qtmm.org\/qt\/wp-json\/wp\/v2\/types\/post"}],"author":[{"embeddable":true,"href":"https:\/\/qtmm.org\/qt\/wp-json\/wp\/v2\/users\/1"}],"replies":[{"embeddable":true,"href":"https:\/\/qtmm.org\/qt\/wp-json\/wp\/v2\/comments?post=37874"}],"version-history":[{"count":1,"href":"https:\/\/qtmm.org\/qt\/wp-json\/wp\/v2\/posts\/37874\/revisions"}],"predecessor-version":[{"id":37887,"href":"https:\/\/qtmm.org\/qt\/wp-json\/wp\/v2\/posts\/37874\/revisions\/37887"}],"wp:featuredmedia":[{"embeddable":true,"href":"https:\/\/qtmm.org\/qt\/wp-json\/wp\/v2\/media\/37875"}],"wp:attachment":[{"href":"https:\/\/qtmm.org\/qt\/wp-json\/wp\/v2\/media?parent=37874"}],"wp:term":[{"taxonomy":"category","embeddable":true,"href":"https:\/\/qtmm.org\/qt\/wp-json\/wp\/v2\/categories?post=37874"},{"taxonomy":"post_tag","embeddable":true,"href":"https:\/\/qtmm.org\/qt\/wp-json\/wp\/v2\/tags?post=37874"}],"curies":[{"name":"wp","href":"https:\/\/api.w.org\/{rel}","templated":true}]}}