




{"id":37864,"date":"2013-05-29T00:13:00","date_gmt":"2013-05-28T21:13:00","guid":{"rendered":"http:\/\/qtmm.org\/?p=37864"},"modified":"2022-01-24T00:14:46","modified_gmt":"2022-01-23T21:14:46","slug":"hayser-cemilevnin-qorcalayicisi-onin-60-kun-bastiriqta-tutuqlanmasi-boyunca-aqmescit-seeri-kiyev-rayon-mahkemesinin-qararina-qarsi-itiraz-bildirmek-meraminda","status":"publish","type":"post","link":"https:\/\/qtmm.org\/qt\/hayser-cemilevnin-qorcalayicisi-onin-60-kun-bastiriqta-tutuqlanmasi-boyunca-aqmescit-seeri-kiyev-rayon-mahkemesinin-qararina-qarsi-itiraz-bildirmek-meraminda\/","title":{"rendered":"Hayser Cemilevni\u00f1 qor\u00e7alay\u0131c\u0131s\u0131 on\u0131\u00f1 60 k\u00fcn bast\u0131r\u0131qta tutuqlanmas\u0131 boyunca Aqmescit \u015feeri Kiyev rayon mahkemesini\u00f1 qarar\u0131na qar\u015f\u0131 itiraz bildirmek meram\u0131nda"},"content":{"rendered":"\n<p>&#8220;Zan\u0131mca, k\u00f6zde tutul\u011fan be\u015f k\u00fcn i\u00e7ersinde menim taraf\u0131mdan itiraz berilecek, \u00e7\u00fcnki bu menim meslegimdir, &#8211; dedi Lesovoy. \u2013 Zira i\u015fni k\u00f6zden ke\u00e7irirkenim \u015f\u00fcbeli taraf\u0131ndan qa\u00e7\u0131p saqlanmaq areketlerini k\u00f6rmedim. Aksine, o, uquqqoruv organlar\u0131n\u0131\u00f1 kelmesini bekledi. T\u00fcfekni gizlemek, qaza izlerini silmek boyunca da men i\u00e7 bir t\u00fcrl\u00fc \u015f\u00fcbeli areket k\u00f6rmedim. T\u00fcfekni uquqqoruv organlar\u0131n\u0131\u00f1 hadimleri \u00fc\u00e7 saatten so\u00f1 ald\u0131lar ve tarif ettiler. Qaza y\u00fcz bergen yerdeki vaziyetni de de\u00f1i\u015ftirmedi. \u015eun\u0131\u00f1 i\u00e7\u00fcn de on\u0131 azatl\u0131qtan mahrum etmek i\u00e7\u00fcn yeterli sebep k\u00f6rmeyim. As\u0131l\u0131nda, bu i\u015f boyunca on\u0131\u00f1 ruhiy vaziyetini k\u00f6zden ke\u00e7irmek i\u00e7\u00fcn sebep bar&#8221;<\/p>\n\n\n\n<figure class=\"wp-block-image size-full\"><img loading=\"lazy\" decoding=\"async\" width=\"650\" height=\"533\" src=\"http:\/\/qtmm.org\/wp-content\/uploads\/2022\/01\/6_33.jpeg\" alt=\"\" class=\"wp-image-37865\" srcset=\"https:\/\/qtmm.org\/wp-content\/uploads\/2022\/01\/6_33.jpeg 650w, https:\/\/qtmm.org\/wp-content\/uploads\/2022\/01\/6_33-300x246.jpeg 300w\" sizes=\"auto, (max-width: 650px) 100vw, 650px\" \/><\/figure>\n\n\n\n<p>Advokatn\u0131\u00f1 s\u00f6ylegenine k\u00f6re qanun evde tutuqlanmas\u0131, para reini ve \u015fahsen nezaretke aluv kibi \u00e7arelerni de k\u00f6zde tuta. &#8220;Fikrimce, b\u00fct\u00fcn bu \u00e7areler Hayserni\u00f1 taqiqat bitken so\u00f1 mahkeme qarar\u0131na qadar beklemesini teminmelerler&#8221;, &#8211; dey Hayser Cemilevni\u00f1 advokat\u0131.<\/p>\n\n\n\n<p>Bundan da \u011fayr\u0131 jurnalistlerni\u00f1 &#8220;ya ne i\u00e7\u00fcn qabaatlay\u0131c\u0131 taraf Hayser qa\u00e7ar, dep saya?&#8221; degen sualerine A. Lesovoy dedi ki, b\u00f6yle muracaat bu, mahkemege muracaat etken insann\u0131\u00f1 subyektiv bir fikridir.<\/p>\n\n\n\n<p>May\u0131s 28 k\u00fcn\u00fc qabaatlay\u0131c\u0131 m\u00fchkemege bergen mal\u00fcmat\u0131nda \u00f6ld\u00fcr\u00fcv may\u0131s 27 k\u00fcn\u00fc saat 15.30-da yap\u0131l\u011fan olsa, Hayser Cemilev ayn\u0131 \u015fu k\u00fcn\u00fc saat 18-den bir qa\u00e7 daqqa ke\u00e7kende yaqaland\u0131, denile.<\/p>\n\n\n\n<p>&#8220;Bir qa\u00e7 saat devam\u0131nda o, qaza y\u00fcz bergen yerde bulun\u0131p, qaza aqq\u0131nda haber etip, uquqqoruv organlar\u0131 hadimlerini\u00f1 kelmesini beklep oturd\u0131. Nas\u0131l ola da, su\u00e7lay\u0131c\u0131 tarafn\u0131\u00f1 kendisi bergen mal\u00fcmatlar\u011fa k\u00f6re, qabaatlan\u0131c\u0131 qa\u00e7maq \u00e7aresinmi k\u00f6recek. Bu sualge cevapn\u0131 uquq\u00e7\u0131 olaraq men de a\u00f1lamay\u0131m. Belki bu fikirni\u00f1 saipleri sizi\u00f1 suali\u00f1izge cevapn\u0131 kendileri bilirler&#8221;, &#8211; dep izaat berdi Lesovoy.<\/p>\n\n\n\n<figure class=\"wp-block-image size-full\"><img loading=\"lazy\" decoding=\"async\" width=\"650\" height=\"430\" src=\"http:\/\/qtmm.org\/wp-content\/uploads\/2022\/01\/5_46.jpeg\" alt=\"\" class=\"wp-image-37869\" srcset=\"https:\/\/qtmm.org\/wp-content\/uploads\/2022\/01\/5_46.jpeg 650w, https:\/\/qtmm.org\/wp-content\/uploads\/2022\/01\/5_46-300x198.jpeg 300w\" sizes=\"auto, (max-width: 650px) 100vw, 650px\" \/><\/figure>\n","protected":false},"excerpt":{"rendered":"<p>&#8220;Zan\u0131mca, k\u00f6zde tutul\u011fan be\u015f k\u00fcn i\u00e7ersinde menim taraf\u0131mdan itiraz berilecek, \u00e7\u00fcnki bu menim meslegimdir, &#8211; dedi Lesovoy. \u2013 Zira i\u015fni k\u00f6zden ke\u00e7irirkenim \u015f\u00fcbeli taraf\u0131ndan qa\u00e7\u0131p saqlanmaq areketlerini k\u00f6rmedim. Aksine, o, uquqqoruv organlar\u0131n\u0131\u00f1 kelmesini bekledi. T\u00fcfekni gizlemek, qaza izlerini silmek boyunca da men i\u00e7 bir t\u00fcrl\u00fc \u015f\u00fcbeli areket k\u00f6rmedim. T\u00fcfekni uquqqoruv organlar\u0131n\u0131\u00f1 hadimleri \u00fc\u00e7 saatten so\u00f1 [&hellip;]<\/p>\n","protected":false},"author":1,"featured_media":0,"comment_status":"open","ping_status":"open","sticky":false,"template":"","format":"standard","meta":{"inline_featured_image":false,"footnotes":""},"categories":[265],"tags":[],"class_list":["post-37864","post","type-post","status-publish","format-standard","hentry","category-haberler"],"acf":[],"yoast_head":"<!-- This site is optimized with the Yoast SEO plugin v27.4 - https:\/\/yoast.com\/product\/yoast-seo-wordpress\/ -->\n<title>Hayser Cemilevni\u00f1 qor\u00e7alay\u0131c\u0131s\u0131 on\u0131\u00f1 60 k\u00fcn bast\u0131r\u0131qta tutuqlanmas\u0131 boyunca Aqmescit \u015feeri Kiyev rayon mahkemesini\u00f1 qarar\u0131na qar\u015f\u0131 itiraz bildirmek meram\u0131nda - \u041c\u0435\u0434\u0436\u043b\u0456\u0441<\/title>\n<meta name=\"robots\" content=\"index, follow, max-snippet:-1, max-image-preview:large, max-video-preview:-1\" \/>\n<link rel=\"canonical\" href=\"https:\/\/qtmm.org\/qt\/hayser-cemilevnin-qorcalayicisi-onin-60-kun-bastiriqta-tutuqlanmasi-boyunca-aqmescit-seeri-kiyev-rayon-mahkemesinin-qararina-qarsi-itiraz-bildirmek-meraminda\/\" \/>\n<meta property=\"og:locale\" content=\"en_US\" \/>\n<meta property=\"og:type\" content=\"article\" \/>\n<meta property=\"og:title\" content=\"Hayser Cemilevni\u00f1 qor\u00e7alay\u0131c\u0131s\u0131 on\u0131\u00f1 60 k\u00fcn bast\u0131r\u0131qta tutuqlanmas\u0131 boyunca Aqmescit \u015feeri Kiyev rayon mahkemesini\u00f1 qarar\u0131na qar\u015f\u0131 itiraz bildirmek meram\u0131nda - \u041c\u0435\u0434\u0436\u043b\u0456\u0441\" \/>\n<meta property=\"og:description\" content=\"&#8220;Zan\u0131mca, k\u00f6zde tutul\u011fan be\u015f k\u00fcn i\u00e7ersinde menim taraf\u0131mdan itiraz berilecek, \u00e7\u00fcnki bu menim meslegimdir, &#8211; dedi Lesovoy. \u2013 Zira i\u015fni k\u00f6zden ke\u00e7irirkenim \u015f\u00fcbeli taraf\u0131ndan qa\u00e7\u0131p saqlanmaq areketlerini k\u00f6rmedim. Aksine, o, uquqqoruv organlar\u0131n\u0131\u00f1 kelmesini bekledi. T\u00fcfekni gizlemek, qaza izlerini silmek boyunca da men i\u00e7 bir t\u00fcrl\u00fc \u015f\u00fcbeli areket k\u00f6rmedim. T\u00fcfekni uquqqoruv organlar\u0131n\u0131\u00f1 hadimleri \u00fc\u00e7 saatten so\u00f1 [&hellip;]\" \/>\n<meta property=\"og:url\" content=\"https:\/\/qtmm.org\/qt\/hayser-cemilevnin-qorcalayicisi-onin-60-kun-bastiriqta-tutuqlanmasi-boyunca-aqmescit-seeri-kiyev-rayon-mahkemesinin-qararina-qarsi-itiraz-bildirmek-meraminda\/\" \/>\n<meta property=\"og:site_name\" content=\"\u041c\u0435\u0434\u0436\u043b\u0456\u0441\" \/>\n<meta property=\"article:publisher\" content=\"https:\/\/www.facebook.com\/qtmm.info\/\" \/>\n<meta property=\"article:published_time\" content=\"2013-05-28T21:13:00+00:00\" \/>\n<meta property=\"article:modified_time\" content=\"2022-01-23T21:14:46+00:00\" \/>\n<meta property=\"og:image\" content=\"https:\/\/qtmm.org\/wp-content\/uploads\/2022\/01\/6_33.jpeg\" \/>\n\t<meta property=\"og:image:width\" content=\"650\" \/>\n\t<meta property=\"og:image:height\" content=\"533\" \/>\n\t<meta property=\"og:image:type\" content=\"image\/jpeg\" \/>\n<meta name=\"author\" content=\"Developer\" \/>\n<meta name=\"twitter:card\" content=\"summary_large_image\" \/>\n<meta name=\"twitter:label1\" content=\"Written by\" \/>\n\t<meta name=\"twitter:data1\" content=\"Developer\" \/>\n\t<meta name=\"twitter:label2\" content=\"Est. reading time\" \/>\n\t<meta name=\"twitter:data2\" content=\"2 minutes\" \/>\n<script type=\"application\/ld+json\" class=\"yoast-schema-graph\">{\"@context\":\"https:\\\/\\\/schema.org\",\"@graph\":[{\"@type\":\"Article\",\"@id\":\"https:\\\/\\\/qtmm.org\\\/qt\\\/hayser-cemilevnin-qorcalayicisi-onin-60-kun-bastiriqta-tutuqlanmasi-boyunca-aqmescit-seeri-kiyev-rayon-mahkemesinin-qararina-qarsi-itiraz-bildirmek-meraminda\\\/#article\",\"isPartOf\":{\"@id\":\"https:\\\/\\\/qtmm.org\\\/qt\\\/hayser-cemilevnin-qorcalayicisi-onin-60-kun-bastiriqta-tutuqlanmasi-boyunca-aqmescit-seeri-kiyev-rayon-mahkemesinin-qararina-qarsi-itiraz-bildirmek-meraminda\\\/\"},\"author\":{\"name\":\"Developer\",\"@id\":\"https:\\\/\\\/qtmm.org\\\/qt\\\/#\\\/schema\\\/person\\\/de562469f971dec226ac06e60bbf74a7\"},\"headline\":\"Hayser Cemilevni\u00f1 qor\u00e7alay\u0131c\u0131s\u0131 on\u0131\u00f1 60 k\u00fcn bast\u0131r\u0131qta tutuqlanmas\u0131 boyunca Aqmescit \u015feeri Kiyev rayon mahkemesini\u00f1 qarar\u0131na qar\u015f\u0131 itiraz bildirmek meram\u0131nda\",\"datePublished\":\"2013-05-28T21:13:00+00:00\",\"dateModified\":\"2022-01-23T21:14:46+00:00\",\"mainEntityOfPage\":{\"@id\":\"https:\\\/\\\/qtmm.org\\\/qt\\\/hayser-cemilevnin-qorcalayicisi-onin-60-kun-bastiriqta-tutuqlanmasi-boyunca-aqmescit-seeri-kiyev-rayon-mahkemesinin-qararina-qarsi-itiraz-bildirmek-meraminda\\\/\"},\"wordCount\":329,\"commentCount\":0,\"publisher\":{\"@id\":\"https:\\\/\\\/qtmm.org\\\/qt\\\/#organization\"},\"image\":{\"@id\":\"https:\\\/\\\/qtmm.org\\\/qt\\\/hayser-cemilevnin-qorcalayicisi-onin-60-kun-bastiriqta-tutuqlanmasi-boyunca-aqmescit-seeri-kiyev-rayon-mahkemesinin-qararina-qarsi-itiraz-bildirmek-meraminda\\\/#primaryimage\"},\"thumbnailUrl\":\"http:\\\/\\\/qtmm.org\\\/wp-content\\\/uploads\\\/2022\\\/01\\\/6_33.jpeg\",\"articleSection\":[\"Haberler\"],\"inLanguage\":\"qt\",\"potentialAction\":[{\"@type\":\"CommentAction\",\"name\":\"Comment\",\"target\":[\"https:\\\/\\\/qtmm.org\\\/qt\\\/hayser-cemilevnin-qorcalayicisi-onin-60-kun-bastiriqta-tutuqlanmasi-boyunca-aqmescit-seeri-kiyev-rayon-mahkemesinin-qararina-qarsi-itiraz-bildirmek-meraminda\\\/#respond\"]}]},{\"@type\":\"WebPage\",\"@id\":\"https:\\\/\\\/qtmm.org\\\/qt\\\/hayser-cemilevnin-qorcalayicisi-onin-60-kun-bastiriqta-tutuqlanmasi-boyunca-aqmescit-seeri-kiyev-rayon-mahkemesinin-qararina-qarsi-itiraz-bildirmek-meraminda\\\/\",\"url\":\"https:\\\/\\\/qtmm.org\\\/qt\\\/hayser-cemilevnin-qorcalayicisi-onin-60-kun-bastiriqta-tutuqlanmasi-boyunca-aqmescit-seeri-kiyev-rayon-mahkemesinin-qararina-qarsi-itiraz-bildirmek-meraminda\\\/\",\"name\":\"Hayser Cemilevni\u00f1 qor\u00e7alay\u0131c\u0131s\u0131 on\u0131\u00f1 60 k\u00fcn bast\u0131r\u0131qta tutuqlanmas\u0131 boyunca Aqmescit \u015feeri Kiyev rayon mahkemesini\u00f1 qarar\u0131na qar\u015f\u0131 itiraz bildirmek meram\u0131nda - \u041c\u0435\u0434\u0436\u043b\u0456\u0441\",\"isPartOf\":{\"@id\":\"https:\\\/\\\/qtmm.org\\\/qt\\\/#website\"},\"primaryImageOfPage\":{\"@id\":\"https:\\\/\\\/qtmm.org\\\/qt\\\/hayser-cemilevnin-qorcalayicisi-onin-60-kun-bastiriqta-tutuqlanmasi-boyunca-aqmescit-seeri-kiyev-rayon-mahkemesinin-qararina-qarsi-itiraz-bildirmek-meraminda\\\/#primaryimage\"},\"image\":{\"@id\":\"https:\\\/\\\/qtmm.org\\\/qt\\\/hayser-cemilevnin-qorcalayicisi-onin-60-kun-bastiriqta-tutuqlanmasi-boyunca-aqmescit-seeri-kiyev-rayon-mahkemesinin-qararina-qarsi-itiraz-bildirmek-meraminda\\\/#primaryimage\"},\"thumbnailUrl\":\"http:\\\/\\\/qtmm.org\\\/wp-content\\\/uploads\\\/2022\\\/01\\\/6_33.jpeg\",\"datePublished\":\"2013-05-28T21:13:00+00:00\",\"dateModified\":\"2022-01-23T21:14:46+00:00\",\"breadcrumb\":{\"@id\":\"https:\\\/\\\/qtmm.org\\\/qt\\\/hayser-cemilevnin-qorcalayicisi-onin-60-kun-bastiriqta-tutuqlanmasi-boyunca-aqmescit-seeri-kiyev-rayon-mahkemesinin-qararina-qarsi-itiraz-bildirmek-meraminda\\\/#breadcrumb\"},\"inLanguage\":\"qt\",\"potentialAction\":[{\"@type\":\"ReadAction\",\"target\":[\"https:\\\/\\\/qtmm.org\\\/qt\\\/hayser-cemilevnin-qorcalayicisi-onin-60-kun-bastiriqta-tutuqlanmasi-boyunca-aqmescit-seeri-kiyev-rayon-mahkemesinin-qararina-qarsi-itiraz-bildirmek-meraminda\\\/\"]}]},{\"@type\":\"ImageObject\",\"inLanguage\":\"qt\",\"@id\":\"https:\\\/\\\/qtmm.org\\\/qt\\\/hayser-cemilevnin-qorcalayicisi-onin-60-kun-bastiriqta-tutuqlanmasi-boyunca-aqmescit-seeri-kiyev-rayon-mahkemesinin-qararina-qarsi-itiraz-bildirmek-meraminda\\\/#primaryimage\",\"url\":\"http:\\\/\\\/qtmm.org\\\/wp-content\\\/uploads\\\/2022\\\/01\\\/6_33.jpeg\",\"contentUrl\":\"http:\\\/\\\/qtmm.org\\\/wp-content\\\/uploads\\\/2022\\\/01\\\/6_33.jpeg\"},{\"@type\":\"BreadcrumbList\",\"@id\":\"https:\\\/\\\/qtmm.org\\\/qt\\\/hayser-cemilevnin-qorcalayicisi-onin-60-kun-bastiriqta-tutuqlanmasi-boyunca-aqmescit-seeri-kiyev-rayon-mahkemesinin-qararina-qarsi-itiraz-bildirmek-meraminda\\\/#breadcrumb\",\"itemListElement\":[{\"@type\":\"ListItem\",\"position\":1,\"name\":\"\u0413\u043e\u043b\u043e\u0432\u043d\u0430\",\"item\":\"https:\\\/\\\/qtmm.org\\\/qt\\\/\"},{\"@type\":\"ListItem\",\"position\":2,\"name\":\"Hayser Cemilevni\u00f1 qor\u00e7alay\u0131c\u0131s\u0131 on\u0131\u00f1 60 k\u00fcn bast\u0131r\u0131qta tutuqlanmas\u0131 boyunca Aqmescit \u015feeri Kiyev rayon mahkemesini\u00f1 qarar\u0131na qar\u015f\u0131 itiraz bildirmek meram\u0131nda\"}]},{\"@type\":\"WebSite\",\"@id\":\"https:\\\/\\\/qtmm.org\\\/qt\\\/#website\",\"url\":\"https:\\\/\\\/qtmm.org\\\/qt\\\/\",\"name\":\"\u041c\u0435\u0434\u0436\u043b\u0456\u0441\",\"description\":\"\",\"publisher\":{\"@id\":\"https:\\\/\\\/qtmm.org\\\/qt\\\/#organization\"},\"potentialAction\":[{\"@type\":\"SearchAction\",\"target\":{\"@type\":\"EntryPoint\",\"urlTemplate\":\"https:\\\/\\\/qtmm.org\\\/qt\\\/?s={search_term_string}\"},\"query-input\":{\"@type\":\"PropertyValueSpecification\",\"valueRequired\":true,\"valueName\":\"search_term_string\"}}],\"inLanguage\":\"qt\"},{\"@type\":\"Organization\",\"@id\":\"https:\\\/\\\/qtmm.org\\\/qt\\\/#organization\",\"name\":\"\u041c\u0435\u0434\u0436\u043b\u0456\u0441\",\"url\":\"https:\\\/\\\/qtmm.org\\\/qt\\\/\",\"logo\":{\"@type\":\"ImageObject\",\"inLanguage\":\"qt\",\"@id\":\"https:\\\/\\\/qtmm.org\\\/qt\\\/#\\\/schema\\\/logo\\\/image\\\/\",\"url\":\"https:\\\/\\\/qtmm.org\\\/wp-content\\\/uploads\\\/2024\\\/12\\\/ua-mejlis-logo-rgb.svg\",\"contentUrl\":\"https:\\\/\\\/qtmm.org\\\/wp-content\\\/uploads\\\/2024\\\/12\\\/ua-mejlis-logo-rgb.svg\",\"caption\":\"\u041c\u0435\u0434\u0436\u043b\u0456\u0441\"},\"image\":{\"@id\":\"https:\\\/\\\/qtmm.org\\\/qt\\\/#\\\/schema\\\/logo\\\/image\\\/\"},\"sameAs\":[\"https:\\\/\\\/www.facebook.com\\\/qtmm.info\\\/\"]},{\"@type\":\"Person\",\"@id\":\"https:\\\/\\\/qtmm.org\\\/qt\\\/#\\\/schema\\\/person\\\/de562469f971dec226ac06e60bbf74a7\",\"name\":\"Developer\",\"image\":{\"@type\":\"ImageObject\",\"inLanguage\":\"qt\",\"@id\":\"https:\\\/\\\/secure.gravatar.com\\\/avatar\\\/392b4cc8fbfeb00b39dfeeab4ee6edded39ffd48e25858637e4765810300227e?s=96&d=mm&r=g\",\"url\":\"https:\\\/\\\/secure.gravatar.com\\\/avatar\\\/392b4cc8fbfeb00b39dfeeab4ee6edded39ffd48e25858637e4765810300227e?s=96&d=mm&r=g\",\"contentUrl\":\"https:\\\/\\\/secure.gravatar.com\\\/avatar\\\/392b4cc8fbfeb00b39dfeeab4ee6edded39ffd48e25858637e4765810300227e?s=96&d=mm&r=g\",\"caption\":\"Developer\"},\"url\":\"https:\\\/\\\/qtmm.org\\\/qt\\\/author\\\/Developer\\\/\"}]}<\/script>\n<!-- \/ Yoast SEO plugin. -->","yoast_head_json":{"title":"Hayser Cemilevni\u00f1 qor\u00e7alay\u0131c\u0131s\u0131 on\u0131\u00f1 60 k\u00fcn bast\u0131r\u0131qta tutuqlanmas\u0131 boyunca Aqmescit \u015feeri Kiyev rayon mahkemesini\u00f1 qarar\u0131na qar\u015f\u0131 itiraz bildirmek meram\u0131nda - \u041c\u0435\u0434\u0436\u043b\u0456\u0441","robots":{"index":"index","follow":"follow","max-snippet":"max-snippet:-1","max-image-preview":"max-image-preview:large","max-video-preview":"max-video-preview:-1"},"canonical":"https:\/\/qtmm.org\/qt\/hayser-cemilevnin-qorcalayicisi-onin-60-kun-bastiriqta-tutuqlanmasi-boyunca-aqmescit-seeri-kiyev-rayon-mahkemesinin-qararina-qarsi-itiraz-bildirmek-meraminda\/","og_locale":"en_US","og_type":"article","og_title":"Hayser Cemilevni\u00f1 qor\u00e7alay\u0131c\u0131s\u0131 on\u0131\u00f1 60 k\u00fcn bast\u0131r\u0131qta tutuqlanmas\u0131 boyunca Aqmescit \u015feeri Kiyev rayon mahkemesini\u00f1 qarar\u0131na qar\u015f\u0131 itiraz bildirmek meram\u0131nda - \u041c\u0435\u0434\u0436\u043b\u0456\u0441","og_description":"&#8220;Zan\u0131mca, k\u00f6zde tutul\u011fan be\u015f k\u00fcn i\u00e7ersinde menim taraf\u0131mdan itiraz berilecek, \u00e7\u00fcnki bu menim meslegimdir, &#8211; dedi Lesovoy. \u2013 Zira i\u015fni k\u00f6zden ke\u00e7irirkenim \u015f\u00fcbeli taraf\u0131ndan qa\u00e7\u0131p saqlanmaq areketlerini k\u00f6rmedim. Aksine, o, uquqqoruv organlar\u0131n\u0131\u00f1 kelmesini bekledi. T\u00fcfekni gizlemek, qaza izlerini silmek boyunca da men i\u00e7 bir t\u00fcrl\u00fc \u015f\u00fcbeli areket k\u00f6rmedim. T\u00fcfekni uquqqoruv organlar\u0131n\u0131\u00f1 hadimleri \u00fc\u00e7 saatten so\u00f1 [&hellip;]","og_url":"https:\/\/qtmm.org\/qt\/hayser-cemilevnin-qorcalayicisi-onin-60-kun-bastiriqta-tutuqlanmasi-boyunca-aqmescit-seeri-kiyev-rayon-mahkemesinin-qararina-qarsi-itiraz-bildirmek-meraminda\/","og_site_name":"\u041c\u0435\u0434\u0436\u043b\u0456\u0441","article_publisher":"https:\/\/www.facebook.com\/qtmm.info\/","article_published_time":"2013-05-28T21:13:00+00:00","article_modified_time":"2022-01-23T21:14:46+00:00","og_image":[{"width":650,"height":533,"url":"https:\/\/qtmm.org\/wp-content\/uploads\/2022\/01\/6_33.jpeg","type":"image\/jpeg"}],"author":"Developer","twitter_card":"summary_large_image","twitter_misc":{"Written by":"Developer","Est. reading time":"2 minutes"},"schema":{"@context":"https:\/\/schema.org","@graph":[{"@type":"Article","@id":"https:\/\/qtmm.org\/qt\/hayser-cemilevnin-qorcalayicisi-onin-60-kun-bastiriqta-tutuqlanmasi-boyunca-aqmescit-seeri-kiyev-rayon-mahkemesinin-qararina-qarsi-itiraz-bildirmek-meraminda\/#article","isPartOf":{"@id":"https:\/\/qtmm.org\/qt\/hayser-cemilevnin-qorcalayicisi-onin-60-kun-bastiriqta-tutuqlanmasi-boyunca-aqmescit-seeri-kiyev-rayon-mahkemesinin-qararina-qarsi-itiraz-bildirmek-meraminda\/"},"author":{"name":"Developer","@id":"https:\/\/qtmm.org\/qt\/#\/schema\/person\/de562469f971dec226ac06e60bbf74a7"},"headline":"Hayser Cemilevni\u00f1 qor\u00e7alay\u0131c\u0131s\u0131 on\u0131\u00f1 60 k\u00fcn bast\u0131r\u0131qta tutuqlanmas\u0131 boyunca Aqmescit \u015feeri Kiyev rayon mahkemesini\u00f1 qarar\u0131na qar\u015f\u0131 itiraz bildirmek meram\u0131nda","datePublished":"2013-05-28T21:13:00+00:00","dateModified":"2022-01-23T21:14:46+00:00","mainEntityOfPage":{"@id":"https:\/\/qtmm.org\/qt\/hayser-cemilevnin-qorcalayicisi-onin-60-kun-bastiriqta-tutuqlanmasi-boyunca-aqmescit-seeri-kiyev-rayon-mahkemesinin-qararina-qarsi-itiraz-bildirmek-meraminda\/"},"wordCount":329,"commentCount":0,"publisher":{"@id":"https:\/\/qtmm.org\/qt\/#organization"},"image":{"@id":"https:\/\/qtmm.org\/qt\/hayser-cemilevnin-qorcalayicisi-onin-60-kun-bastiriqta-tutuqlanmasi-boyunca-aqmescit-seeri-kiyev-rayon-mahkemesinin-qararina-qarsi-itiraz-bildirmek-meraminda\/#primaryimage"},"thumbnailUrl":"http:\/\/qtmm.org\/wp-content\/uploads\/2022\/01\/6_33.jpeg","articleSection":["Haberler"],"inLanguage":"qt","potentialAction":[{"@type":"CommentAction","name":"Comment","target":["https:\/\/qtmm.org\/qt\/hayser-cemilevnin-qorcalayicisi-onin-60-kun-bastiriqta-tutuqlanmasi-boyunca-aqmescit-seeri-kiyev-rayon-mahkemesinin-qararina-qarsi-itiraz-bildirmek-meraminda\/#respond"]}]},{"@type":"WebPage","@id":"https:\/\/qtmm.org\/qt\/hayser-cemilevnin-qorcalayicisi-onin-60-kun-bastiriqta-tutuqlanmasi-boyunca-aqmescit-seeri-kiyev-rayon-mahkemesinin-qararina-qarsi-itiraz-bildirmek-meraminda\/","url":"https:\/\/qtmm.org\/qt\/hayser-cemilevnin-qorcalayicisi-onin-60-kun-bastiriqta-tutuqlanmasi-boyunca-aqmescit-seeri-kiyev-rayon-mahkemesinin-qararina-qarsi-itiraz-bildirmek-meraminda\/","name":"Hayser Cemilevni\u00f1 qor\u00e7alay\u0131c\u0131s\u0131 on\u0131\u00f1 60 k\u00fcn bast\u0131r\u0131qta tutuqlanmas\u0131 boyunca Aqmescit \u015feeri Kiyev rayon mahkemesini\u00f1 qarar\u0131na qar\u015f\u0131 itiraz bildirmek meram\u0131nda - \u041c\u0435\u0434\u0436\u043b\u0456\u0441","isPartOf":{"@id":"https:\/\/qtmm.org\/qt\/#website"},"primaryImageOfPage":{"@id":"https:\/\/qtmm.org\/qt\/hayser-cemilevnin-qorcalayicisi-onin-60-kun-bastiriqta-tutuqlanmasi-boyunca-aqmescit-seeri-kiyev-rayon-mahkemesinin-qararina-qarsi-itiraz-bildirmek-meraminda\/#primaryimage"},"image":{"@id":"https:\/\/qtmm.org\/qt\/hayser-cemilevnin-qorcalayicisi-onin-60-kun-bastiriqta-tutuqlanmasi-boyunca-aqmescit-seeri-kiyev-rayon-mahkemesinin-qararina-qarsi-itiraz-bildirmek-meraminda\/#primaryimage"},"thumbnailUrl":"http:\/\/qtmm.org\/wp-content\/uploads\/2022\/01\/6_33.jpeg","datePublished":"2013-05-28T21:13:00+00:00","dateModified":"2022-01-23T21:14:46+00:00","breadcrumb":{"@id":"https:\/\/qtmm.org\/qt\/hayser-cemilevnin-qorcalayicisi-onin-60-kun-bastiriqta-tutuqlanmasi-boyunca-aqmescit-seeri-kiyev-rayon-mahkemesinin-qararina-qarsi-itiraz-bildirmek-meraminda\/#breadcrumb"},"inLanguage":"qt","potentialAction":[{"@type":"ReadAction","target":["https:\/\/qtmm.org\/qt\/hayser-cemilevnin-qorcalayicisi-onin-60-kun-bastiriqta-tutuqlanmasi-boyunca-aqmescit-seeri-kiyev-rayon-mahkemesinin-qararina-qarsi-itiraz-bildirmek-meraminda\/"]}]},{"@type":"ImageObject","inLanguage":"qt","@id":"https:\/\/qtmm.org\/qt\/hayser-cemilevnin-qorcalayicisi-onin-60-kun-bastiriqta-tutuqlanmasi-boyunca-aqmescit-seeri-kiyev-rayon-mahkemesinin-qararina-qarsi-itiraz-bildirmek-meraminda\/#primaryimage","url":"http:\/\/qtmm.org\/wp-content\/uploads\/2022\/01\/6_33.jpeg","contentUrl":"http:\/\/qtmm.org\/wp-content\/uploads\/2022\/01\/6_33.jpeg"},{"@type":"BreadcrumbList","@id":"https:\/\/qtmm.org\/qt\/hayser-cemilevnin-qorcalayicisi-onin-60-kun-bastiriqta-tutuqlanmasi-boyunca-aqmescit-seeri-kiyev-rayon-mahkemesinin-qararina-qarsi-itiraz-bildirmek-meraminda\/#breadcrumb","itemListElement":[{"@type":"ListItem","position":1,"name":"\u0413\u043e\u043b\u043e\u0432\u043d\u0430","item":"https:\/\/qtmm.org\/qt\/"},{"@type":"ListItem","position":2,"name":"Hayser Cemilevni\u00f1 qor\u00e7alay\u0131c\u0131s\u0131 on\u0131\u00f1 60 k\u00fcn bast\u0131r\u0131qta tutuqlanmas\u0131 boyunca Aqmescit \u015feeri Kiyev rayon mahkemesini\u00f1 qarar\u0131na qar\u015f\u0131 itiraz bildirmek meram\u0131nda"}]},{"@type":"WebSite","@id":"https:\/\/qtmm.org\/qt\/#website","url":"https:\/\/qtmm.org\/qt\/","name":"\u041c\u0435\u0434\u0436\u043b\u0456\u0441","description":"","publisher":{"@id":"https:\/\/qtmm.org\/qt\/#organization"},"potentialAction":[{"@type":"SearchAction","target":{"@type":"EntryPoint","urlTemplate":"https:\/\/qtmm.org\/qt\/?s={search_term_string}"},"query-input":{"@type":"PropertyValueSpecification","valueRequired":true,"valueName":"search_term_string"}}],"inLanguage":"qt"},{"@type":"Organization","@id":"https:\/\/qtmm.org\/qt\/#organization","name":"\u041c\u0435\u0434\u0436\u043b\u0456\u0441","url":"https:\/\/qtmm.org\/qt\/","logo":{"@type":"ImageObject","inLanguage":"qt","@id":"https:\/\/qtmm.org\/qt\/#\/schema\/logo\/image\/","url":"https:\/\/qtmm.org\/wp-content\/uploads\/2024\/12\/ua-mejlis-logo-rgb.svg","contentUrl":"https:\/\/qtmm.org\/wp-content\/uploads\/2024\/12\/ua-mejlis-logo-rgb.svg","caption":"\u041c\u0435\u0434\u0436\u043b\u0456\u0441"},"image":{"@id":"https:\/\/qtmm.org\/qt\/#\/schema\/logo\/image\/"},"sameAs":["https:\/\/www.facebook.com\/qtmm.info\/"]},{"@type":"Person","@id":"https:\/\/qtmm.org\/qt\/#\/schema\/person\/de562469f971dec226ac06e60bbf74a7","name":"Developer","image":{"@type":"ImageObject","inLanguage":"qt","@id":"https:\/\/secure.gravatar.com\/avatar\/392b4cc8fbfeb00b39dfeeab4ee6edded39ffd48e25858637e4765810300227e?s=96&d=mm&r=g","url":"https:\/\/secure.gravatar.com\/avatar\/392b4cc8fbfeb00b39dfeeab4ee6edded39ffd48e25858637e4765810300227e?s=96&d=mm&r=g","contentUrl":"https:\/\/secure.gravatar.com\/avatar\/392b4cc8fbfeb00b39dfeeab4ee6edded39ffd48e25858637e4765810300227e?s=96&d=mm&r=g","caption":"Developer"},"url":"https:\/\/qtmm.org\/qt\/author\/Developer\/"}]}},"_links":{"self":[{"href":"https:\/\/qtmm.org\/qt\/wp-json\/wp\/v2\/posts\/37864","targetHints":{"allow":["GET"]}}],"collection":[{"href":"https:\/\/qtmm.org\/qt\/wp-json\/wp\/v2\/posts"}],"about":[{"href":"https:\/\/qtmm.org\/qt\/wp-json\/wp\/v2\/types\/post"}],"author":[{"embeddable":true,"href":"https:\/\/qtmm.org\/qt\/wp-json\/wp\/v2\/users\/1"}],"replies":[{"embeddable":true,"href":"https:\/\/qtmm.org\/qt\/wp-json\/wp\/v2\/comments?post=37864"}],"version-history":[{"count":1,"href":"https:\/\/qtmm.org\/qt\/wp-json\/wp\/v2\/posts\/37864\/revisions"}],"predecessor-version":[{"id":37873,"href":"https:\/\/qtmm.org\/qt\/wp-json\/wp\/v2\/posts\/37864\/revisions\/37873"}],"wp:attachment":[{"href":"https:\/\/qtmm.org\/qt\/wp-json\/wp\/v2\/media?parent=37864"}],"wp:term":[{"taxonomy":"category","embeddable":true,"href":"https:\/\/qtmm.org\/qt\/wp-json\/wp\/v2\/categories?post=37864"},{"taxonomy":"post_tag","embeddable":true,"href":"https:\/\/qtmm.org\/qt\/wp-json\/wp\/v2\/tags?post=37864"}],"curies":[{"name":"wp","href":"https:\/\/api.w.org\/{rel}","templated":true}]}}