




{"id":37854,"date":"2013-05-29T00:12:00","date_gmt":"2013-05-28T21:12:00","guid":{"rendered":"http:\/\/qtmm.org\/?p=37854"},"modified":"2022-01-24T00:13:44","modified_gmt":"2022-01-23T21:13:44","slug":"amerika-qosma-statlarinin-ukrainadaki-elciligi-qirimtatar-halqinin-meseleleri-boyunca-halqara-forum-kecirilmesinin-tarafdaridir","status":"publish","type":"post","link":"https:\/\/qtmm.org\/qt\/amerika-qosma-statlarinin-ukrainadaki-elciligi-qirimtatar-halqinin-meseleleri-boyunca-halqara-forum-kecirilmesinin-tarafdaridir\/","title":{"rendered":"Amerika Qo\u015fma \u015etatlar\u0131n\u0131\u00f1 Ukrainadaki El\u00e7iligi Q\u0131r\u0131mtatar halq\u0131n\u0131\u00f1 meseleleri boyunca halqara forum ke\u00e7irilmesini\u00f1 tarafdar\u0131d\u0131r"},"content":{"rendered":"\n<p>Amerika Qo\u015fma \u015etatlar\u0131n\u0131\u00f1 Ukrainadaki El\u00e7iligini\u00f1 ekinci k\u00e2tibi Stiven Peyc Milliy Meclisni\u00f1 reisi Mustafa Cemilev ile 2013 senesi may\u0131s 29 k\u00fcn\u00fc Ba\u011f\u00e7asarayda ol\u0131p ke\u00e7ken k\u00f6r\u00fc\u015f\u00fcv vaqt\u0131nda Halqara forumn\u0131 ke\u00e7ir\u00fcvnen ba\u011fl\u0131 m\u00fcim meseleler ve bun\u0131\u00f1 kibi de Q\u0131r\u0131m ve Ukrainada a\u011f\u0131mdaki vaziyetni muzakere etildi. C\u00fcmleden, Meclis reisi Mustafa Cemilev Amerikan\u0131\u00f1 diplomat\u0131na may\u0131s ay\u0131nda Q\u0131r\u0131mda \u00f6tkerilgen k\u00fctleviy tedbirler aqq\u0131nda tafsil\u00e2tl\u0131 ik\u00e2ye etip, on\u0131\u00f1 diqqat\u0131n\u0131 Q\u0131r\u0131m \u00fck\u00fcmeti Meclisni em H\u0131d\u0131rlez milliy bayramn\u0131, em s\u00fcrg\u00fcnlikni\u00f1 69 y\u0131ll\u0131\u011f\u0131 munasebetinen matem mitingini ke\u00e7ir\u00fcvde olduq\u00e7a s\u0131\u00f1\u0131rlamaq t\u0131r\u0131\u015fqan\u0131na celp etti.<\/p>\n\n\n\n<p>&#8220;Akimiyet partiyas\u0131 akimiyet organlar\u0131n\u0131 q\u0131r\u0131mtatar milleti vekillerinden temizlev y\u00f6neli\u015fini al\u0131p, Halqara forumn\u0131\u00f1 ke\u00e7irilmesine er taraftan manialar qoyula, &#8211; dedi M. Cemilev. &#8211; Bundan da \u011fayr\u0131, akimiyet q\u0131r\u0131mtatarlarn\u0131 aldat\u0131p, halq\u0131m\u0131znen degil de, Meclisnen daval\u0131 munasebette ol\u011fan\u0131n\u0131 k\u00f6stermek vazifesini qoyd\u0131.<\/p>\n\n\n\n<p>Amerika Qo\u015fma \u015etatlar\u0131n\u0131\u00f1 Ukrainadaki El\u00e7iligini\u00f1 ekinci k\u00e2tibi Stiven Peycni\u00f1 ricas\u0131na k\u00f6re Meclis reisi Rusiye ba\u015f konsul\u0131 Andreyevni\u00f1 q\u0131r\u0131mtatar halq\u0131na nisbeten \u00e7\u0131q\u0131\u015f\u0131n\u0131 izaatlarken, bu s\u00f6zlerni o &#8220;aq\u0131l zay\u0131fl\u0131\u011f\u0131ndan&#8221; aytt\u0131, dedi. Q\u0131r\u0131mtatarlarn\u0131\u00f1 aqlar\u0131n\u0131 teminlegen bir s\u0131ra qanuniy aktlar ve vesiqalarn\u0131 qabul et\u00fcv istiqballerini muzakere eterek M. Cemilev bug\u00fcnde-bug\u00fcn Ukraina \u00fck\u00fcmetinde Bi\u015fkek a\u00f1la\u015fmas\u0131n\u0131\u00f1 m\u00fcddetini devam ettirmek meselesine qoltutqanlar\u0131n\u0131 da bildirdi.<\/p>\n\n\n\n<p>Bundan da \u011fayr\u0131 k\u00f6r\u00fc\u015f\u00fcvde Aq\u015en\u0131\u00f1 Ukrainadaki El\u00e7isi Con Tefftn\u0131\u00f1 yerast\u0131 qaz\u0131lmalar i\u00e7\u00fcn mes\u00fcliet aqq\u0131nda matbuatta maqalesine m\u00fcsbet q\u0131ymet kesildi. El\u00e7i Con Tefftni\u00f1 fikrince Ukrainan\u0131\u00f1 Yerast\u0131 qaz\u0131lma saalar\u0131 a\u015fk\u00e2rl\u0131\u011f\u0131n\u0131\u00f1 te\u015febb\u00fcsine qo\u015fulmas\u0131 devletni\u00f1 neft-gaz sektor\u0131ndan al\u011fan k\u00e2rn\u0131\u00f1 payla\u015ft\u0131r\u0131lmas\u0131 \u00fczerinden cemaat nezaretini teminlemege yard\u0131m eter, bun\u0131\u00f1 kibi de zengin tabiiy resurslar\u011fa saip devletlerni\u00f1 sakinlerine \u015fu resurslardan ker\u00e7ek faydalanuvda yard\u0131mc\u0131 olur edi. Meclis reisi \u00f6z nevbetinde Ukraina bu de\u00f1i\u015fmelerge qoltutaca\u011f\u0131n\u0131 ve \u00f6z\u00fcnde, c\u00fcmleden Q\u0131r\u0131mda, tabiat resurslar\u0131n\u0131 tapmaqn\u0131 yar\u0131mada sakinleri i\u00e7\u00fcn a\u015fk\u00e2r ke\u00e7irecegine \u00fcm\u00fct bildirdi.<\/p>\n\n\n\n<figure class=\"wp-block-image size-full\"><img loading=\"lazy\" decoding=\"async\" width=\"700\" height=\"571\" src=\"http:\/\/qtmm.org\/wp-content\/uploads\/2022\/01\/img_0187_3.jpeg\" alt=\"\" class=\"wp-image-37859\" srcset=\"https:\/\/qtmm.org\/wp-content\/uploads\/2022\/01\/img_0187_3.jpeg 700w, https:\/\/qtmm.org\/wp-content\/uploads\/2022\/01\/img_0187_3-300x245.jpeg 300w\" sizes=\"auto, (max-width: 700px) 100vw, 700px\" \/><\/figure>\n\n\n\n<p>Meclis reisine h\u0131tap etken Amerika Qo\u015fma \u015etatlar\u0131n\u0131\u00f1 Ukrainadaki El\u00e7iligini\u00f1 ekinci k\u00e2tibi Stiven Peyc Amerikan\u0131\u00f1 Ukrainadaki El\u00e7isi Con Tefft Q\u0131r\u0131mtatar halq\u0131n\u0131\u00f1 problemleri boyunca halqara forumn\u0131 ke\u00e7ir\u00fcv \u011fayesine qoltutqan\u0131n\u0131 tasdiqlarken, q\u0131r\u0131mtatar halq\u0131n\u0131\u00f1 zengin medeniy ananelerini saqlav qaluv ve on\u0131\u00f1 siyasiy meselelerini\u00f1 \u00e7ezilmesini m\u00fcim, dep say\u011fan\u0131n\u0131 bildirdi.<\/p>\n\n\n\n<p>K\u00f6r\u00fc\u015f\u00fcvde Kiyevde q\u0131r\u0131mtatarlar cemiyetini\u00f1 ba\u015f\u0131 Aslan \u00d6mer Q\u0131r\u0131ml\u0131 ve &#8220;Q\u0131r\u0131m inki\u015faf\u0131 vaquf\u0131&#8221;n\u0131\u00f1 ba\u015f m\u00fcdiri Aleksey Skorik de i\u015ftirak ettiler.<\/p>\n","protected":false},"excerpt":{"rendered":"<p>Amerika Qo\u015fma \u015etatlar\u0131n\u0131\u00f1 Ukrainadaki El\u00e7iligini\u00f1 ekinci k\u00e2tibi Stiven Peyc Milliy Meclisni\u00f1 reisi Mustafa Cemilev ile 2013 senesi may\u0131s 29 k\u00fcn\u00fc Ba\u011f\u00e7asarayda ol\u0131p ke\u00e7ken k\u00f6r\u00fc\u015f\u00fcv vaqt\u0131nda Halqara forumn\u0131 ke\u00e7ir\u00fcvnen ba\u011fl\u0131 m\u00fcim meseleler ve bun\u0131\u00f1 kibi de Q\u0131r\u0131m ve Ukrainada a\u011f\u0131mdaki vaziyetni muzakere etildi. C\u00fcmleden, Meclis reisi Mustafa Cemilev Amerikan\u0131\u00f1 diplomat\u0131na may\u0131s ay\u0131nda Q\u0131r\u0131mda \u00f6tkerilgen k\u00fctleviy tedbirler [&hellip;]<\/p>\n","protected":false},"author":1,"featured_media":37855,"comment_status":"open","ping_status":"open","sticky":false,"template":"","format":"standard","meta":{"inline_featured_image":false,"footnotes":""},"categories":[265],"tags":[],"class_list":["post-37854","post","type-post","status-publish","format-standard","has-post-thumbnail","hentry","category-haberler"],"acf":[],"yoast_head":"<!-- This site is optimized with the Yoast SEO plugin v27.4 - https:\/\/yoast.com\/product\/yoast-seo-wordpress\/ -->\n<title>Amerika Qo\u015fma \u015etatlar\u0131n\u0131\u00f1 Ukrainadaki El\u00e7iligi Q\u0131r\u0131mtatar halq\u0131n\u0131\u00f1 meseleleri boyunca halqara forum ke\u00e7irilmesini\u00f1 tarafdar\u0131d\u0131r - \u041c\u0435\u0434\u0436\u043b\u0456\u0441<\/title>\n<meta name=\"robots\" content=\"index, follow, max-snippet:-1, max-image-preview:large, max-video-preview:-1\" \/>\n<link rel=\"canonical\" href=\"https:\/\/qtmm.org\/qt\/amerika-qosma-statlarinin-ukrainadaki-elciligi-qirimtatar-halqinin-meseleleri-boyunca-halqara-forum-kecirilmesinin-tarafdaridir\/\" \/>\n<meta property=\"og:locale\" content=\"en_US\" \/>\n<meta property=\"og:type\" content=\"article\" \/>\n<meta property=\"og:title\" content=\"Amerika Qo\u015fma \u015etatlar\u0131n\u0131\u00f1 Ukrainadaki El\u00e7iligi Q\u0131r\u0131mtatar halq\u0131n\u0131\u00f1 meseleleri boyunca halqara forum ke\u00e7irilmesini\u00f1 tarafdar\u0131d\u0131r - \u041c\u0435\u0434\u0436\u043b\u0456\u0441\" \/>\n<meta property=\"og:description\" content=\"Amerika Qo\u015fma \u015etatlar\u0131n\u0131\u00f1 Ukrainadaki El\u00e7iligini\u00f1 ekinci k\u00e2tibi Stiven Peyc Milliy Meclisni\u00f1 reisi Mustafa Cemilev ile 2013 senesi may\u0131s 29 k\u00fcn\u00fc Ba\u011f\u00e7asarayda ol\u0131p ke\u00e7ken k\u00f6r\u00fc\u015f\u00fcv vaqt\u0131nda Halqara forumn\u0131 ke\u00e7ir\u00fcvnen ba\u011fl\u0131 m\u00fcim meseleler ve bun\u0131\u00f1 kibi de Q\u0131r\u0131m ve Ukrainada a\u011f\u0131mdaki vaziyetni muzakere etildi. C\u00fcmleden, Meclis reisi Mustafa Cemilev Amerikan\u0131\u00f1 diplomat\u0131na may\u0131s ay\u0131nda Q\u0131r\u0131mda \u00f6tkerilgen k\u00fctleviy tedbirler [&hellip;]\" \/>\n<meta property=\"og:url\" content=\"https:\/\/qtmm.org\/qt\/amerika-qosma-statlarinin-ukrainadaki-elciligi-qirimtatar-halqinin-meseleleri-boyunca-halqara-forum-kecirilmesinin-tarafdaridir\/\" \/>\n<meta property=\"og:site_name\" content=\"\u041c\u0435\u0434\u0436\u043b\u0456\u0441\" \/>\n<meta property=\"article:publisher\" content=\"https:\/\/www.facebook.com\/qtmm.info\/\" \/>\n<meta property=\"article:published_time\" content=\"2013-05-28T21:12:00+00:00\" \/>\n<meta property=\"article:modified_time\" content=\"2022-01-23T21:13:44+00:00\" \/>\n<meta property=\"og:image\" content=\"https:\/\/qtmm.org\/wp-content\/uploads\/2022\/01\/img_0180_2.jpeg\" \/>\n\t<meta property=\"og:image:width\" content=\"700\" \/>\n\t<meta property=\"og:image:height\" content=\"525\" \/>\n\t<meta property=\"og:image:type\" content=\"image\/jpeg\" \/>\n<meta name=\"author\" content=\"Developer\" \/>\n<meta name=\"twitter:card\" content=\"summary_large_image\" \/>\n<meta name=\"twitter:label1\" content=\"Written by\" \/>\n\t<meta name=\"twitter:data1\" content=\"Developer\" \/>\n\t<meta name=\"twitter:label2\" content=\"Est. reading time\" \/>\n\t<meta name=\"twitter:data2\" content=\"2 minutes\" \/>\n<script type=\"application\/ld+json\" class=\"yoast-schema-graph\">{\"@context\":\"https:\\\/\\\/schema.org\",\"@graph\":[{\"@type\":\"Article\",\"@id\":\"https:\\\/\\\/qtmm.org\\\/qt\\\/amerika-qosma-statlarinin-ukrainadaki-elciligi-qirimtatar-halqinin-meseleleri-boyunca-halqara-forum-kecirilmesinin-tarafdaridir\\\/#article\",\"isPartOf\":{\"@id\":\"https:\\\/\\\/qtmm.org\\\/qt\\\/amerika-qosma-statlarinin-ukrainadaki-elciligi-qirimtatar-halqinin-meseleleri-boyunca-halqara-forum-kecirilmesinin-tarafdaridir\\\/\"},\"author\":{\"name\":\"Developer\",\"@id\":\"https:\\\/\\\/qtmm.org\\\/qt\\\/#\\\/schema\\\/person\\\/de562469f971dec226ac06e60bbf74a7\"},\"headline\":\"Amerika Qo\u015fma \u015etatlar\u0131n\u0131\u00f1 Ukrainadaki El\u00e7iligi Q\u0131r\u0131mtatar halq\u0131n\u0131\u00f1 meseleleri boyunca halqara forum ke\u00e7irilmesini\u00f1 tarafdar\u0131d\u0131r\",\"datePublished\":\"2013-05-28T21:12:00+00:00\",\"dateModified\":\"2022-01-23T21:13:44+00:00\",\"mainEntityOfPage\":{\"@id\":\"https:\\\/\\\/qtmm.org\\\/qt\\\/amerika-qosma-statlarinin-ukrainadaki-elciligi-qirimtatar-halqinin-meseleleri-boyunca-halqara-forum-kecirilmesinin-tarafdaridir\\\/\"},\"wordCount\":498,\"commentCount\":0,\"publisher\":{\"@id\":\"https:\\\/\\\/qtmm.org\\\/qt\\\/#organization\"},\"image\":{\"@id\":\"https:\\\/\\\/qtmm.org\\\/qt\\\/amerika-qosma-statlarinin-ukrainadaki-elciligi-qirimtatar-halqinin-meseleleri-boyunca-halqara-forum-kecirilmesinin-tarafdaridir\\\/#primaryimage\"},\"thumbnailUrl\":\"https:\\\/\\\/qtmm.org\\\/wp-content\\\/uploads\\\/2022\\\/01\\\/img_0180_2.jpeg\",\"articleSection\":[\"Haberler\"],\"inLanguage\":\"qt\",\"potentialAction\":[{\"@type\":\"CommentAction\",\"name\":\"Comment\",\"target\":[\"https:\\\/\\\/qtmm.org\\\/qt\\\/amerika-qosma-statlarinin-ukrainadaki-elciligi-qirimtatar-halqinin-meseleleri-boyunca-halqara-forum-kecirilmesinin-tarafdaridir\\\/#respond\"]}]},{\"@type\":\"WebPage\",\"@id\":\"https:\\\/\\\/qtmm.org\\\/qt\\\/amerika-qosma-statlarinin-ukrainadaki-elciligi-qirimtatar-halqinin-meseleleri-boyunca-halqara-forum-kecirilmesinin-tarafdaridir\\\/\",\"url\":\"https:\\\/\\\/qtmm.org\\\/qt\\\/amerika-qosma-statlarinin-ukrainadaki-elciligi-qirimtatar-halqinin-meseleleri-boyunca-halqara-forum-kecirilmesinin-tarafdaridir\\\/\",\"name\":\"Amerika Qo\u015fma \u015etatlar\u0131n\u0131\u00f1 Ukrainadaki El\u00e7iligi Q\u0131r\u0131mtatar halq\u0131n\u0131\u00f1 meseleleri boyunca halqara forum ke\u00e7irilmesini\u00f1 tarafdar\u0131d\u0131r - \u041c\u0435\u0434\u0436\u043b\u0456\u0441\",\"isPartOf\":{\"@id\":\"https:\\\/\\\/qtmm.org\\\/qt\\\/#website\"},\"primaryImageOfPage\":{\"@id\":\"https:\\\/\\\/qtmm.org\\\/qt\\\/amerika-qosma-statlarinin-ukrainadaki-elciligi-qirimtatar-halqinin-meseleleri-boyunca-halqara-forum-kecirilmesinin-tarafdaridir\\\/#primaryimage\"},\"image\":{\"@id\":\"https:\\\/\\\/qtmm.org\\\/qt\\\/amerika-qosma-statlarinin-ukrainadaki-elciligi-qirimtatar-halqinin-meseleleri-boyunca-halqara-forum-kecirilmesinin-tarafdaridir\\\/#primaryimage\"},\"thumbnailUrl\":\"https:\\\/\\\/qtmm.org\\\/wp-content\\\/uploads\\\/2022\\\/01\\\/img_0180_2.jpeg\",\"datePublished\":\"2013-05-28T21:12:00+00:00\",\"dateModified\":\"2022-01-23T21:13:44+00:00\",\"breadcrumb\":{\"@id\":\"https:\\\/\\\/qtmm.org\\\/qt\\\/amerika-qosma-statlarinin-ukrainadaki-elciligi-qirimtatar-halqinin-meseleleri-boyunca-halqara-forum-kecirilmesinin-tarafdaridir\\\/#breadcrumb\"},\"inLanguage\":\"qt\",\"potentialAction\":[{\"@type\":\"ReadAction\",\"target\":[\"https:\\\/\\\/qtmm.org\\\/qt\\\/amerika-qosma-statlarinin-ukrainadaki-elciligi-qirimtatar-halqinin-meseleleri-boyunca-halqara-forum-kecirilmesinin-tarafdaridir\\\/\"]}]},{\"@type\":\"ImageObject\",\"inLanguage\":\"qt\",\"@id\":\"https:\\\/\\\/qtmm.org\\\/qt\\\/amerika-qosma-statlarinin-ukrainadaki-elciligi-qirimtatar-halqinin-meseleleri-boyunca-halqara-forum-kecirilmesinin-tarafdaridir\\\/#primaryimage\",\"url\":\"https:\\\/\\\/qtmm.org\\\/wp-content\\\/uploads\\\/2022\\\/01\\\/img_0180_2.jpeg\",\"contentUrl\":\"https:\\\/\\\/qtmm.org\\\/wp-content\\\/uploads\\\/2022\\\/01\\\/img_0180_2.jpeg\",\"width\":700,\"height\":525},{\"@type\":\"BreadcrumbList\",\"@id\":\"https:\\\/\\\/qtmm.org\\\/qt\\\/amerika-qosma-statlarinin-ukrainadaki-elciligi-qirimtatar-halqinin-meseleleri-boyunca-halqara-forum-kecirilmesinin-tarafdaridir\\\/#breadcrumb\",\"itemListElement\":[{\"@type\":\"ListItem\",\"position\":1,\"name\":\"\u0413\u043e\u043b\u043e\u0432\u043d\u0430\",\"item\":\"https:\\\/\\\/qtmm.org\\\/qt\\\/\"},{\"@type\":\"ListItem\",\"position\":2,\"name\":\"Amerika Qo\u015fma \u015etatlar\u0131n\u0131\u00f1 Ukrainadaki El\u00e7iligi Q\u0131r\u0131mtatar halq\u0131n\u0131\u00f1 meseleleri boyunca halqara forum ke\u00e7irilmesini\u00f1 tarafdar\u0131d\u0131r\"}]},{\"@type\":\"WebSite\",\"@id\":\"https:\\\/\\\/qtmm.org\\\/qt\\\/#website\",\"url\":\"https:\\\/\\\/qtmm.org\\\/qt\\\/\",\"name\":\"\u041c\u0435\u0434\u0436\u043b\u0456\u0441\",\"description\":\"\",\"publisher\":{\"@id\":\"https:\\\/\\\/qtmm.org\\\/qt\\\/#organization\"},\"potentialAction\":[{\"@type\":\"SearchAction\",\"target\":{\"@type\":\"EntryPoint\",\"urlTemplate\":\"https:\\\/\\\/qtmm.org\\\/qt\\\/?s={search_term_string}\"},\"query-input\":{\"@type\":\"PropertyValueSpecification\",\"valueRequired\":true,\"valueName\":\"search_term_string\"}}],\"inLanguage\":\"qt\"},{\"@type\":\"Organization\",\"@id\":\"https:\\\/\\\/qtmm.org\\\/qt\\\/#organization\",\"name\":\"\u041c\u0435\u0434\u0436\u043b\u0456\u0441\",\"url\":\"https:\\\/\\\/qtmm.org\\\/qt\\\/\",\"logo\":{\"@type\":\"ImageObject\",\"inLanguage\":\"qt\",\"@id\":\"https:\\\/\\\/qtmm.org\\\/qt\\\/#\\\/schema\\\/logo\\\/image\\\/\",\"url\":\"https:\\\/\\\/qtmm.org\\\/wp-content\\\/uploads\\\/2024\\\/12\\\/ua-mejlis-logo-rgb.svg\",\"contentUrl\":\"https:\\\/\\\/qtmm.org\\\/wp-content\\\/uploads\\\/2024\\\/12\\\/ua-mejlis-logo-rgb.svg\",\"caption\":\"\u041c\u0435\u0434\u0436\u043b\u0456\u0441\"},\"image\":{\"@id\":\"https:\\\/\\\/qtmm.org\\\/qt\\\/#\\\/schema\\\/logo\\\/image\\\/\"},\"sameAs\":[\"https:\\\/\\\/www.facebook.com\\\/qtmm.info\\\/\"]},{\"@type\":\"Person\",\"@id\":\"https:\\\/\\\/qtmm.org\\\/qt\\\/#\\\/schema\\\/person\\\/de562469f971dec226ac06e60bbf74a7\",\"name\":\"Developer\",\"image\":{\"@type\":\"ImageObject\",\"inLanguage\":\"qt\",\"@id\":\"https:\\\/\\\/secure.gravatar.com\\\/avatar\\\/392b4cc8fbfeb00b39dfeeab4ee6edded39ffd48e25858637e4765810300227e?s=96&d=mm&r=g\",\"url\":\"https:\\\/\\\/secure.gravatar.com\\\/avatar\\\/392b4cc8fbfeb00b39dfeeab4ee6edded39ffd48e25858637e4765810300227e?s=96&d=mm&r=g\",\"contentUrl\":\"https:\\\/\\\/secure.gravatar.com\\\/avatar\\\/392b4cc8fbfeb00b39dfeeab4ee6edded39ffd48e25858637e4765810300227e?s=96&d=mm&r=g\",\"caption\":\"Developer\"},\"url\":\"https:\\\/\\\/qtmm.org\\\/qt\\\/author\\\/Developer\\\/\"}]}<\/script>\n<!-- \/ Yoast SEO plugin. -->","yoast_head_json":{"title":"Amerika Qo\u015fma \u015etatlar\u0131n\u0131\u00f1 Ukrainadaki El\u00e7iligi Q\u0131r\u0131mtatar halq\u0131n\u0131\u00f1 meseleleri boyunca halqara forum ke\u00e7irilmesini\u00f1 tarafdar\u0131d\u0131r - \u041c\u0435\u0434\u0436\u043b\u0456\u0441","robots":{"index":"index","follow":"follow","max-snippet":"max-snippet:-1","max-image-preview":"max-image-preview:large","max-video-preview":"max-video-preview:-1"},"canonical":"https:\/\/qtmm.org\/qt\/amerika-qosma-statlarinin-ukrainadaki-elciligi-qirimtatar-halqinin-meseleleri-boyunca-halqara-forum-kecirilmesinin-tarafdaridir\/","og_locale":"en_US","og_type":"article","og_title":"Amerika Qo\u015fma \u015etatlar\u0131n\u0131\u00f1 Ukrainadaki El\u00e7iligi Q\u0131r\u0131mtatar halq\u0131n\u0131\u00f1 meseleleri boyunca halqara forum ke\u00e7irilmesini\u00f1 tarafdar\u0131d\u0131r - \u041c\u0435\u0434\u0436\u043b\u0456\u0441","og_description":"Amerika Qo\u015fma \u015etatlar\u0131n\u0131\u00f1 Ukrainadaki El\u00e7iligini\u00f1 ekinci k\u00e2tibi Stiven Peyc Milliy Meclisni\u00f1 reisi Mustafa Cemilev ile 2013 senesi may\u0131s 29 k\u00fcn\u00fc Ba\u011f\u00e7asarayda ol\u0131p ke\u00e7ken k\u00f6r\u00fc\u015f\u00fcv vaqt\u0131nda Halqara forumn\u0131 ke\u00e7ir\u00fcvnen ba\u011fl\u0131 m\u00fcim meseleler ve bun\u0131\u00f1 kibi de Q\u0131r\u0131m ve Ukrainada a\u011f\u0131mdaki vaziyetni muzakere etildi. C\u00fcmleden, Meclis reisi Mustafa Cemilev Amerikan\u0131\u00f1 diplomat\u0131na may\u0131s ay\u0131nda Q\u0131r\u0131mda \u00f6tkerilgen k\u00fctleviy tedbirler [&hellip;]","og_url":"https:\/\/qtmm.org\/qt\/amerika-qosma-statlarinin-ukrainadaki-elciligi-qirimtatar-halqinin-meseleleri-boyunca-halqara-forum-kecirilmesinin-tarafdaridir\/","og_site_name":"\u041c\u0435\u0434\u0436\u043b\u0456\u0441","article_publisher":"https:\/\/www.facebook.com\/qtmm.info\/","article_published_time":"2013-05-28T21:12:00+00:00","article_modified_time":"2022-01-23T21:13:44+00:00","og_image":[{"width":700,"height":525,"url":"https:\/\/qtmm.org\/wp-content\/uploads\/2022\/01\/img_0180_2.jpeg","type":"image\/jpeg"}],"author":"Developer","twitter_card":"summary_large_image","twitter_misc":{"Written by":"Developer","Est. reading time":"2 minutes"},"schema":{"@context":"https:\/\/schema.org","@graph":[{"@type":"Article","@id":"https:\/\/qtmm.org\/qt\/amerika-qosma-statlarinin-ukrainadaki-elciligi-qirimtatar-halqinin-meseleleri-boyunca-halqara-forum-kecirilmesinin-tarafdaridir\/#article","isPartOf":{"@id":"https:\/\/qtmm.org\/qt\/amerika-qosma-statlarinin-ukrainadaki-elciligi-qirimtatar-halqinin-meseleleri-boyunca-halqara-forum-kecirilmesinin-tarafdaridir\/"},"author":{"name":"Developer","@id":"https:\/\/qtmm.org\/qt\/#\/schema\/person\/de562469f971dec226ac06e60bbf74a7"},"headline":"Amerika Qo\u015fma \u015etatlar\u0131n\u0131\u00f1 Ukrainadaki El\u00e7iligi Q\u0131r\u0131mtatar halq\u0131n\u0131\u00f1 meseleleri boyunca halqara forum ke\u00e7irilmesini\u00f1 tarafdar\u0131d\u0131r","datePublished":"2013-05-28T21:12:00+00:00","dateModified":"2022-01-23T21:13:44+00:00","mainEntityOfPage":{"@id":"https:\/\/qtmm.org\/qt\/amerika-qosma-statlarinin-ukrainadaki-elciligi-qirimtatar-halqinin-meseleleri-boyunca-halqara-forum-kecirilmesinin-tarafdaridir\/"},"wordCount":498,"commentCount":0,"publisher":{"@id":"https:\/\/qtmm.org\/qt\/#organization"},"image":{"@id":"https:\/\/qtmm.org\/qt\/amerika-qosma-statlarinin-ukrainadaki-elciligi-qirimtatar-halqinin-meseleleri-boyunca-halqara-forum-kecirilmesinin-tarafdaridir\/#primaryimage"},"thumbnailUrl":"https:\/\/qtmm.org\/wp-content\/uploads\/2022\/01\/img_0180_2.jpeg","articleSection":["Haberler"],"inLanguage":"qt","potentialAction":[{"@type":"CommentAction","name":"Comment","target":["https:\/\/qtmm.org\/qt\/amerika-qosma-statlarinin-ukrainadaki-elciligi-qirimtatar-halqinin-meseleleri-boyunca-halqara-forum-kecirilmesinin-tarafdaridir\/#respond"]}]},{"@type":"WebPage","@id":"https:\/\/qtmm.org\/qt\/amerika-qosma-statlarinin-ukrainadaki-elciligi-qirimtatar-halqinin-meseleleri-boyunca-halqara-forum-kecirilmesinin-tarafdaridir\/","url":"https:\/\/qtmm.org\/qt\/amerika-qosma-statlarinin-ukrainadaki-elciligi-qirimtatar-halqinin-meseleleri-boyunca-halqara-forum-kecirilmesinin-tarafdaridir\/","name":"Amerika Qo\u015fma \u015etatlar\u0131n\u0131\u00f1 Ukrainadaki El\u00e7iligi Q\u0131r\u0131mtatar halq\u0131n\u0131\u00f1 meseleleri boyunca halqara forum ke\u00e7irilmesini\u00f1 tarafdar\u0131d\u0131r - \u041c\u0435\u0434\u0436\u043b\u0456\u0441","isPartOf":{"@id":"https:\/\/qtmm.org\/qt\/#website"},"primaryImageOfPage":{"@id":"https:\/\/qtmm.org\/qt\/amerika-qosma-statlarinin-ukrainadaki-elciligi-qirimtatar-halqinin-meseleleri-boyunca-halqara-forum-kecirilmesinin-tarafdaridir\/#primaryimage"},"image":{"@id":"https:\/\/qtmm.org\/qt\/amerika-qosma-statlarinin-ukrainadaki-elciligi-qirimtatar-halqinin-meseleleri-boyunca-halqara-forum-kecirilmesinin-tarafdaridir\/#primaryimage"},"thumbnailUrl":"https:\/\/qtmm.org\/wp-content\/uploads\/2022\/01\/img_0180_2.jpeg","datePublished":"2013-05-28T21:12:00+00:00","dateModified":"2022-01-23T21:13:44+00:00","breadcrumb":{"@id":"https:\/\/qtmm.org\/qt\/amerika-qosma-statlarinin-ukrainadaki-elciligi-qirimtatar-halqinin-meseleleri-boyunca-halqara-forum-kecirilmesinin-tarafdaridir\/#breadcrumb"},"inLanguage":"qt","potentialAction":[{"@type":"ReadAction","target":["https:\/\/qtmm.org\/qt\/amerika-qosma-statlarinin-ukrainadaki-elciligi-qirimtatar-halqinin-meseleleri-boyunca-halqara-forum-kecirilmesinin-tarafdaridir\/"]}]},{"@type":"ImageObject","inLanguage":"qt","@id":"https:\/\/qtmm.org\/qt\/amerika-qosma-statlarinin-ukrainadaki-elciligi-qirimtatar-halqinin-meseleleri-boyunca-halqara-forum-kecirilmesinin-tarafdaridir\/#primaryimage","url":"https:\/\/qtmm.org\/wp-content\/uploads\/2022\/01\/img_0180_2.jpeg","contentUrl":"https:\/\/qtmm.org\/wp-content\/uploads\/2022\/01\/img_0180_2.jpeg","width":700,"height":525},{"@type":"BreadcrumbList","@id":"https:\/\/qtmm.org\/qt\/amerika-qosma-statlarinin-ukrainadaki-elciligi-qirimtatar-halqinin-meseleleri-boyunca-halqara-forum-kecirilmesinin-tarafdaridir\/#breadcrumb","itemListElement":[{"@type":"ListItem","position":1,"name":"\u0413\u043e\u043b\u043e\u0432\u043d\u0430","item":"https:\/\/qtmm.org\/qt\/"},{"@type":"ListItem","position":2,"name":"Amerika Qo\u015fma \u015etatlar\u0131n\u0131\u00f1 Ukrainadaki El\u00e7iligi Q\u0131r\u0131mtatar halq\u0131n\u0131\u00f1 meseleleri boyunca halqara forum ke\u00e7irilmesini\u00f1 tarafdar\u0131d\u0131r"}]},{"@type":"WebSite","@id":"https:\/\/qtmm.org\/qt\/#website","url":"https:\/\/qtmm.org\/qt\/","name":"\u041c\u0435\u0434\u0436\u043b\u0456\u0441","description":"","publisher":{"@id":"https:\/\/qtmm.org\/qt\/#organization"},"potentialAction":[{"@type":"SearchAction","target":{"@type":"EntryPoint","urlTemplate":"https:\/\/qtmm.org\/qt\/?s={search_term_string}"},"query-input":{"@type":"PropertyValueSpecification","valueRequired":true,"valueName":"search_term_string"}}],"inLanguage":"qt"},{"@type":"Organization","@id":"https:\/\/qtmm.org\/qt\/#organization","name":"\u041c\u0435\u0434\u0436\u043b\u0456\u0441","url":"https:\/\/qtmm.org\/qt\/","logo":{"@type":"ImageObject","inLanguage":"qt","@id":"https:\/\/qtmm.org\/qt\/#\/schema\/logo\/image\/","url":"https:\/\/qtmm.org\/wp-content\/uploads\/2024\/12\/ua-mejlis-logo-rgb.svg","contentUrl":"https:\/\/qtmm.org\/wp-content\/uploads\/2024\/12\/ua-mejlis-logo-rgb.svg","caption":"\u041c\u0435\u0434\u0436\u043b\u0456\u0441"},"image":{"@id":"https:\/\/qtmm.org\/qt\/#\/schema\/logo\/image\/"},"sameAs":["https:\/\/www.facebook.com\/qtmm.info\/"]},{"@type":"Person","@id":"https:\/\/qtmm.org\/qt\/#\/schema\/person\/de562469f971dec226ac06e60bbf74a7","name":"Developer","image":{"@type":"ImageObject","inLanguage":"qt","@id":"https:\/\/secure.gravatar.com\/avatar\/392b4cc8fbfeb00b39dfeeab4ee6edded39ffd48e25858637e4765810300227e?s=96&d=mm&r=g","url":"https:\/\/secure.gravatar.com\/avatar\/392b4cc8fbfeb00b39dfeeab4ee6edded39ffd48e25858637e4765810300227e?s=96&d=mm&r=g","contentUrl":"https:\/\/secure.gravatar.com\/avatar\/392b4cc8fbfeb00b39dfeeab4ee6edded39ffd48e25858637e4765810300227e?s=96&d=mm&r=g","caption":"Developer"},"url":"https:\/\/qtmm.org\/qt\/author\/Developer\/"}]}},"_links":{"self":[{"href":"https:\/\/qtmm.org\/qt\/wp-json\/wp\/v2\/posts\/37854","targetHints":{"allow":["GET"]}}],"collection":[{"href":"https:\/\/qtmm.org\/qt\/wp-json\/wp\/v2\/posts"}],"about":[{"href":"https:\/\/qtmm.org\/qt\/wp-json\/wp\/v2\/types\/post"}],"author":[{"embeddable":true,"href":"https:\/\/qtmm.org\/qt\/wp-json\/wp\/v2\/users\/1"}],"replies":[{"embeddable":true,"href":"https:\/\/qtmm.org\/qt\/wp-json\/wp\/v2\/comments?post=37854"}],"version-history":[{"count":1,"href":"https:\/\/qtmm.org\/qt\/wp-json\/wp\/v2\/posts\/37854\/revisions"}],"predecessor-version":[{"id":37863,"href":"https:\/\/qtmm.org\/qt\/wp-json\/wp\/v2\/posts\/37854\/revisions\/37863"}],"wp:featuredmedia":[{"embeddable":true,"href":"https:\/\/qtmm.org\/qt\/wp-json\/wp\/v2\/media\/37855"}],"wp:attachment":[{"href":"https:\/\/qtmm.org\/qt\/wp-json\/wp\/v2\/media?parent=37854"}],"wp:term":[{"taxonomy":"category","embeddable":true,"href":"https:\/\/qtmm.org\/qt\/wp-json\/wp\/v2\/categories?post=37854"},{"taxonomy":"post_tag","embeddable":true,"href":"https:\/\/qtmm.org\/qt\/wp-json\/wp\/v2\/tags?post=37854"}],"curies":[{"name":"wp","href":"https:\/\/api.w.org\/{rel}","templated":true}]}}