




{"id":37852,"date":"2013-05-29T00:12:00","date_gmt":"2013-05-28T21:12:00","guid":{"rendered":"http:\/\/qtmm.org\/?p=37852"},"modified":"2022-01-24T00:12:31","modified_gmt":"2022-01-23T21:12:31","slug":"mustafa-cemilev-menim-ailemde-olgan-butun-seylernen-rahmetli-fevzi-edemovnin-balalarinen-paylasmaga-azirim","status":"publish","type":"post","link":"https:\/\/qtmm.org\/qt\/mustafa-cemilev-menim-ailemde-olgan-butun-seylernen-rahmetli-fevzi-edemovnin-balalarinen-paylasmaga-azirim\/","title":{"rendered":"Mustafa Cemilev: Menim ailemde ol\u011fan b\u00fct\u00fcn \u015feylernen rahmetli Fevzi Edemovn\u0131\u00f1 balalar\u0131nen payla\u015fma\u011fa az\u0131r\u0131m"},"content":{"rendered":"\n<p>Ba\u011f\u00e7asaray rayon\u0131n\u0131\u00f1 Qal\u0131mtay k\u00f6y\u00fcnde may\u0131s 29 k\u00fcn\u00fc Fevzi Edemovn\u0131\u00f1 cenazesine 100-den ziyade insan topland\u0131. Olar aras\u0131nda Fevzini\u00f1 yaq\u0131nlar\u0131, soy-aqrabalar\u0131, Milliy Meclis reisi Mustafa Cemilev ve ailesini\u00f1 azalar\u0131, Meclis reisini\u00f1 birinci muavini Refat \u00c7ubarov, reis muavini ve Fevzi Edemovn\u0131\u00f1 aqrabas\u0131 Ahtem \u00c7iygoz, Meclis azalar\u0131, qom\u015fu ve dostlar\u0131 bar edi.<\/p>\n\n\n\n<p>Merhumn\u0131\u00f1 anas\u0131n\u0131\u00f1 ricas\u0131na k\u00f6re Mustafa Cemilev cenazege ertece keldi. &#8220;Ma\u00f1a yerli imam \u00e7a\u00f1 qaq\u0131p, merhumn\u0131\u00f1 anas\u0131 menim ertece kelmemni istegenini aytt\u0131. \u00c7\u00fcnki o, meni ailesini\u00f1 e\u00f1 yaq\u0131n adam\u0131, dep saya ve mevta yuvulmazdan evel Fevzini\u00f1 ruhuna dua oqumamn\u0131 rica etti&#8221;, &#8211; dedi Meclis reisi M. Cemilev.<\/p>\n\n\n\n<p>&#8220;Biz ekimiz de o\u011fullar\u0131m\u0131zn\u0131 \u011fay\u0131p ettik, &#8211; dedi Mustafa Cemilev F. Edemovn\u0131\u00f1 ana-babas\u0131na h\u0131tap eterek. &#8211; Bu cenaze menim o\u011flum Hayserni\u00f1 qabaat\u0131nen ol\u011fan\u0131n\u0131 a\u00f1lay\u0131m. Menim ailem ve men i\u00e7\u00fcn bu b\u00fcy\u00fck yan\u0131qt\u0131r. Bizim ailemiz sizi\u00f1 a\u011fr\u0131\u00f1\u0131zn\u0131 payla\u015fa, beraber kederlene. \u00c7\u00fcnki Fevzi bizim o\u011flum\u0131z kibi edi&#8221;.<\/p>\n\n\n\n<p>Mustafa Cemilev ailesinde ol\u011fan b\u00fct\u00fcn \u015feylernen rahmetli Fevzi Edemovn\u0131\u00f1 balalar\u0131nen payla\u015fma\u011fa az\u0131rl\u0131\u011f\u0131n\u0131 bildirdi.<\/p>\n","protected":false},"excerpt":{"rendered":"<p>Ba\u011f\u00e7asaray rayon\u0131n\u0131\u00f1 Qal\u0131mtay k\u00f6y\u00fcnde may\u0131s 29 k\u00fcn\u00fc Fevzi Edemovn\u0131\u00f1 cenazesine 100-den ziyade insan topland\u0131. Olar aras\u0131nda Fevzini\u00f1 yaq\u0131nlar\u0131, soy-aqrabalar\u0131, Milliy Meclis reisi Mustafa Cemilev ve ailesini\u00f1 azalar\u0131, Meclis reisini\u00f1 birinci muavini Refat \u00c7ubarov, reis muavini ve Fevzi Edemovn\u0131\u00f1 aqrabas\u0131 Ahtem \u00c7iygoz, Meclis azalar\u0131, qom\u015fu ve dostlar\u0131 bar edi. Merhumn\u0131\u00f1 anas\u0131n\u0131\u00f1 ricas\u0131na k\u00f6re Mustafa Cemilev cenazege [&hellip;]<\/p>\n","protected":false},"author":1,"featured_media":0,"comment_status":"open","ping_status":"open","sticky":false,"template":"","format":"standard","meta":{"inline_featured_image":false,"footnotes":""},"categories":[265],"tags":[],"class_list":["post-37852","post","type-post","status-publish","format-standard","hentry","category-haberler"],"acf":[],"yoast_head":"<!-- This site is optimized with the Yoast SEO plugin v27.4 - https:\/\/yoast.com\/product\/yoast-seo-wordpress\/ -->\n<title>Mustafa Cemilev: Menim ailemde ol\u011fan b\u00fct\u00fcn \u015feylernen rahmetli Fevzi Edemovn\u0131\u00f1 balalar\u0131nen payla\u015fma\u011fa az\u0131r\u0131m - \u041c\u0435\u0434\u0436\u043b\u0456\u0441<\/title>\n<meta name=\"robots\" content=\"index, follow, max-snippet:-1, max-image-preview:large, max-video-preview:-1\" \/>\n<link rel=\"canonical\" href=\"https:\/\/qtmm.org\/qt\/mustafa-cemilev-menim-ailemde-olgan-butun-seylernen-rahmetli-fevzi-edemovnin-balalarinen-paylasmaga-azirim\/\" \/>\n<meta property=\"og:locale\" content=\"en_US\" \/>\n<meta property=\"og:type\" content=\"article\" \/>\n<meta property=\"og:title\" content=\"Mustafa Cemilev: Menim ailemde ol\u011fan b\u00fct\u00fcn \u015feylernen rahmetli Fevzi Edemovn\u0131\u00f1 balalar\u0131nen payla\u015fma\u011fa az\u0131r\u0131m - \u041c\u0435\u0434\u0436\u043b\u0456\u0441\" \/>\n<meta property=\"og:description\" content=\"Ba\u011f\u00e7asaray rayon\u0131n\u0131\u00f1 Qal\u0131mtay k\u00f6y\u00fcnde may\u0131s 29 k\u00fcn\u00fc Fevzi Edemovn\u0131\u00f1 cenazesine 100-den ziyade insan topland\u0131. Olar aras\u0131nda Fevzini\u00f1 yaq\u0131nlar\u0131, soy-aqrabalar\u0131, Milliy Meclis reisi Mustafa Cemilev ve ailesini\u00f1 azalar\u0131, Meclis reisini\u00f1 birinci muavini Refat \u00c7ubarov, reis muavini ve Fevzi Edemovn\u0131\u00f1 aqrabas\u0131 Ahtem \u00c7iygoz, Meclis azalar\u0131, qom\u015fu ve dostlar\u0131 bar edi. Merhumn\u0131\u00f1 anas\u0131n\u0131\u00f1 ricas\u0131na k\u00f6re Mustafa Cemilev cenazege [&hellip;]\" \/>\n<meta property=\"og:url\" content=\"https:\/\/qtmm.org\/qt\/mustafa-cemilev-menim-ailemde-olgan-butun-seylernen-rahmetli-fevzi-edemovnin-balalarinen-paylasmaga-azirim\/\" \/>\n<meta property=\"og:site_name\" content=\"\u041c\u0435\u0434\u0436\u043b\u0456\u0441\" \/>\n<meta property=\"article:publisher\" content=\"https:\/\/www.facebook.com\/qtmm.info\/\" \/>\n<meta property=\"article:published_time\" content=\"2013-05-28T21:12:00+00:00\" \/>\n<meta property=\"article:modified_time\" content=\"2022-01-23T21:12:31+00:00\" \/>\n<meta name=\"author\" content=\"Developer\" \/>\n<meta name=\"twitter:card\" content=\"summary_large_image\" \/>\n<meta name=\"twitter:label1\" content=\"Written by\" \/>\n\t<meta name=\"twitter:data1\" content=\"Developer\" \/>\n\t<meta name=\"twitter:label2\" content=\"Est. reading time\" \/>\n\t<meta name=\"twitter:data2\" content=\"1 minute\" \/>\n<script type=\"application\/ld+json\" class=\"yoast-schema-graph\">{\"@context\":\"https:\\\/\\\/schema.org\",\"@graph\":[{\"@type\":\"Article\",\"@id\":\"https:\\\/\\\/qtmm.org\\\/qt\\\/mustafa-cemilev-menim-ailemde-olgan-butun-seylernen-rahmetli-fevzi-edemovnin-balalarinen-paylasmaga-azirim\\\/#article\",\"isPartOf\":{\"@id\":\"https:\\\/\\\/qtmm.org\\\/qt\\\/mustafa-cemilev-menim-ailemde-olgan-butun-seylernen-rahmetli-fevzi-edemovnin-balalarinen-paylasmaga-azirim\\\/\"},\"author\":{\"name\":\"Developer\",\"@id\":\"https:\\\/\\\/qtmm.org\\\/qt\\\/#\\\/schema\\\/person\\\/de562469f971dec226ac06e60bbf74a7\"},\"headline\":\"Mustafa Cemilev: Menim ailemde ol\u011fan b\u00fct\u00fcn \u015feylernen rahmetli Fevzi Edemovn\u0131\u00f1 balalar\u0131nen payla\u015fma\u011fa az\u0131r\u0131m\",\"datePublished\":\"2013-05-28T21:12:00+00:00\",\"dateModified\":\"2022-01-23T21:12:31+00:00\",\"mainEntityOfPage\":{\"@id\":\"https:\\\/\\\/qtmm.org\\\/qt\\\/mustafa-cemilev-menim-ailemde-olgan-butun-seylernen-rahmetli-fevzi-edemovnin-balalarinen-paylasmaga-azirim\\\/\"},\"wordCount\":218,\"commentCount\":0,\"publisher\":{\"@id\":\"https:\\\/\\\/qtmm.org\\\/qt\\\/#organization\"},\"articleSection\":[\"Haberler\"],\"inLanguage\":\"qt\",\"potentialAction\":[{\"@type\":\"CommentAction\",\"name\":\"Comment\",\"target\":[\"https:\\\/\\\/qtmm.org\\\/qt\\\/mustafa-cemilev-menim-ailemde-olgan-butun-seylernen-rahmetli-fevzi-edemovnin-balalarinen-paylasmaga-azirim\\\/#respond\"]}]},{\"@type\":\"WebPage\",\"@id\":\"https:\\\/\\\/qtmm.org\\\/qt\\\/mustafa-cemilev-menim-ailemde-olgan-butun-seylernen-rahmetli-fevzi-edemovnin-balalarinen-paylasmaga-azirim\\\/\",\"url\":\"https:\\\/\\\/qtmm.org\\\/qt\\\/mustafa-cemilev-menim-ailemde-olgan-butun-seylernen-rahmetli-fevzi-edemovnin-balalarinen-paylasmaga-azirim\\\/\",\"name\":\"Mustafa Cemilev: Menim ailemde ol\u011fan b\u00fct\u00fcn \u015feylernen rahmetli Fevzi Edemovn\u0131\u00f1 balalar\u0131nen payla\u015fma\u011fa az\u0131r\u0131m - \u041c\u0435\u0434\u0436\u043b\u0456\u0441\",\"isPartOf\":{\"@id\":\"https:\\\/\\\/qtmm.org\\\/qt\\\/#website\"},\"datePublished\":\"2013-05-28T21:12:00+00:00\",\"dateModified\":\"2022-01-23T21:12:31+00:00\",\"breadcrumb\":{\"@id\":\"https:\\\/\\\/qtmm.org\\\/qt\\\/mustafa-cemilev-menim-ailemde-olgan-butun-seylernen-rahmetli-fevzi-edemovnin-balalarinen-paylasmaga-azirim\\\/#breadcrumb\"},\"inLanguage\":\"qt\",\"potentialAction\":[{\"@type\":\"ReadAction\",\"target\":[\"https:\\\/\\\/qtmm.org\\\/qt\\\/mustafa-cemilev-menim-ailemde-olgan-butun-seylernen-rahmetli-fevzi-edemovnin-balalarinen-paylasmaga-azirim\\\/\"]}]},{\"@type\":\"BreadcrumbList\",\"@id\":\"https:\\\/\\\/qtmm.org\\\/qt\\\/mustafa-cemilev-menim-ailemde-olgan-butun-seylernen-rahmetli-fevzi-edemovnin-balalarinen-paylasmaga-azirim\\\/#breadcrumb\",\"itemListElement\":[{\"@type\":\"ListItem\",\"position\":1,\"name\":\"\u0413\u043e\u043b\u043e\u0432\u043d\u0430\",\"item\":\"https:\\\/\\\/qtmm.org\\\/qt\\\/\"},{\"@type\":\"ListItem\",\"position\":2,\"name\":\"Mustafa Cemilev: Menim ailemde ol\u011fan b\u00fct\u00fcn \u015feylernen rahmetli Fevzi Edemovn\u0131\u00f1 balalar\u0131nen payla\u015fma\u011fa az\u0131r\u0131m\"}]},{\"@type\":\"WebSite\",\"@id\":\"https:\\\/\\\/qtmm.org\\\/qt\\\/#website\",\"url\":\"https:\\\/\\\/qtmm.org\\\/qt\\\/\",\"name\":\"\u041c\u0435\u0434\u0436\u043b\u0456\u0441\",\"description\":\"\",\"publisher\":{\"@id\":\"https:\\\/\\\/qtmm.org\\\/qt\\\/#organization\"},\"potentialAction\":[{\"@type\":\"SearchAction\",\"target\":{\"@type\":\"EntryPoint\",\"urlTemplate\":\"https:\\\/\\\/qtmm.org\\\/qt\\\/?s={search_term_string}\"},\"query-input\":{\"@type\":\"PropertyValueSpecification\",\"valueRequired\":true,\"valueName\":\"search_term_string\"}}],\"inLanguage\":\"qt\"},{\"@type\":\"Organization\",\"@id\":\"https:\\\/\\\/qtmm.org\\\/qt\\\/#organization\",\"name\":\"\u041c\u0435\u0434\u0436\u043b\u0456\u0441\",\"url\":\"https:\\\/\\\/qtmm.org\\\/qt\\\/\",\"logo\":{\"@type\":\"ImageObject\",\"inLanguage\":\"qt\",\"@id\":\"https:\\\/\\\/qtmm.org\\\/qt\\\/#\\\/schema\\\/logo\\\/image\\\/\",\"url\":\"https:\\\/\\\/qtmm.org\\\/wp-content\\\/uploads\\\/2024\\\/12\\\/ua-mejlis-logo-rgb.svg\",\"contentUrl\":\"https:\\\/\\\/qtmm.org\\\/wp-content\\\/uploads\\\/2024\\\/12\\\/ua-mejlis-logo-rgb.svg\",\"caption\":\"\u041c\u0435\u0434\u0436\u043b\u0456\u0441\"},\"image\":{\"@id\":\"https:\\\/\\\/qtmm.org\\\/qt\\\/#\\\/schema\\\/logo\\\/image\\\/\"},\"sameAs\":[\"https:\\\/\\\/www.facebook.com\\\/qtmm.info\\\/\"]},{\"@type\":\"Person\",\"@id\":\"https:\\\/\\\/qtmm.org\\\/qt\\\/#\\\/schema\\\/person\\\/de562469f971dec226ac06e60bbf74a7\",\"name\":\"Developer\",\"image\":{\"@type\":\"ImageObject\",\"inLanguage\":\"qt\",\"@id\":\"https:\\\/\\\/secure.gravatar.com\\\/avatar\\\/392b4cc8fbfeb00b39dfeeab4ee6edded39ffd48e25858637e4765810300227e?s=96&d=mm&r=g\",\"url\":\"https:\\\/\\\/secure.gravatar.com\\\/avatar\\\/392b4cc8fbfeb00b39dfeeab4ee6edded39ffd48e25858637e4765810300227e?s=96&d=mm&r=g\",\"contentUrl\":\"https:\\\/\\\/secure.gravatar.com\\\/avatar\\\/392b4cc8fbfeb00b39dfeeab4ee6edded39ffd48e25858637e4765810300227e?s=96&d=mm&r=g\",\"caption\":\"Developer\"},\"url\":\"https:\\\/\\\/qtmm.org\\\/qt\\\/author\\\/Developer\\\/\"}]}<\/script>\n<!-- \/ Yoast SEO plugin. -->","yoast_head_json":{"title":"Mustafa Cemilev: Menim ailemde ol\u011fan b\u00fct\u00fcn \u015feylernen rahmetli Fevzi Edemovn\u0131\u00f1 balalar\u0131nen payla\u015fma\u011fa az\u0131r\u0131m - \u041c\u0435\u0434\u0436\u043b\u0456\u0441","robots":{"index":"index","follow":"follow","max-snippet":"max-snippet:-1","max-image-preview":"max-image-preview:large","max-video-preview":"max-video-preview:-1"},"canonical":"https:\/\/qtmm.org\/qt\/mustafa-cemilev-menim-ailemde-olgan-butun-seylernen-rahmetli-fevzi-edemovnin-balalarinen-paylasmaga-azirim\/","og_locale":"en_US","og_type":"article","og_title":"Mustafa Cemilev: Menim ailemde ol\u011fan b\u00fct\u00fcn \u015feylernen rahmetli Fevzi Edemovn\u0131\u00f1 balalar\u0131nen payla\u015fma\u011fa az\u0131r\u0131m - \u041c\u0435\u0434\u0436\u043b\u0456\u0441","og_description":"Ba\u011f\u00e7asaray rayon\u0131n\u0131\u00f1 Qal\u0131mtay k\u00f6y\u00fcnde may\u0131s 29 k\u00fcn\u00fc Fevzi Edemovn\u0131\u00f1 cenazesine 100-den ziyade insan topland\u0131. Olar aras\u0131nda Fevzini\u00f1 yaq\u0131nlar\u0131, soy-aqrabalar\u0131, Milliy Meclis reisi Mustafa Cemilev ve ailesini\u00f1 azalar\u0131, Meclis reisini\u00f1 birinci muavini Refat \u00c7ubarov, reis muavini ve Fevzi Edemovn\u0131\u00f1 aqrabas\u0131 Ahtem \u00c7iygoz, Meclis azalar\u0131, qom\u015fu ve dostlar\u0131 bar edi. Merhumn\u0131\u00f1 anas\u0131n\u0131\u00f1 ricas\u0131na k\u00f6re Mustafa Cemilev cenazege [&hellip;]","og_url":"https:\/\/qtmm.org\/qt\/mustafa-cemilev-menim-ailemde-olgan-butun-seylernen-rahmetli-fevzi-edemovnin-balalarinen-paylasmaga-azirim\/","og_site_name":"\u041c\u0435\u0434\u0436\u043b\u0456\u0441","article_publisher":"https:\/\/www.facebook.com\/qtmm.info\/","article_published_time":"2013-05-28T21:12:00+00:00","article_modified_time":"2022-01-23T21:12:31+00:00","author":"Developer","twitter_card":"summary_large_image","twitter_misc":{"Written by":"Developer","Est. reading time":"1 minute"},"schema":{"@context":"https:\/\/schema.org","@graph":[{"@type":"Article","@id":"https:\/\/qtmm.org\/qt\/mustafa-cemilev-menim-ailemde-olgan-butun-seylernen-rahmetli-fevzi-edemovnin-balalarinen-paylasmaga-azirim\/#article","isPartOf":{"@id":"https:\/\/qtmm.org\/qt\/mustafa-cemilev-menim-ailemde-olgan-butun-seylernen-rahmetli-fevzi-edemovnin-balalarinen-paylasmaga-azirim\/"},"author":{"name":"Developer","@id":"https:\/\/qtmm.org\/qt\/#\/schema\/person\/de562469f971dec226ac06e60bbf74a7"},"headline":"Mustafa Cemilev: Menim ailemde ol\u011fan b\u00fct\u00fcn \u015feylernen rahmetli Fevzi Edemovn\u0131\u00f1 balalar\u0131nen payla\u015fma\u011fa az\u0131r\u0131m","datePublished":"2013-05-28T21:12:00+00:00","dateModified":"2022-01-23T21:12:31+00:00","mainEntityOfPage":{"@id":"https:\/\/qtmm.org\/qt\/mustafa-cemilev-menim-ailemde-olgan-butun-seylernen-rahmetli-fevzi-edemovnin-balalarinen-paylasmaga-azirim\/"},"wordCount":218,"commentCount":0,"publisher":{"@id":"https:\/\/qtmm.org\/qt\/#organization"},"articleSection":["Haberler"],"inLanguage":"qt","potentialAction":[{"@type":"CommentAction","name":"Comment","target":["https:\/\/qtmm.org\/qt\/mustafa-cemilev-menim-ailemde-olgan-butun-seylernen-rahmetli-fevzi-edemovnin-balalarinen-paylasmaga-azirim\/#respond"]}]},{"@type":"WebPage","@id":"https:\/\/qtmm.org\/qt\/mustafa-cemilev-menim-ailemde-olgan-butun-seylernen-rahmetli-fevzi-edemovnin-balalarinen-paylasmaga-azirim\/","url":"https:\/\/qtmm.org\/qt\/mustafa-cemilev-menim-ailemde-olgan-butun-seylernen-rahmetli-fevzi-edemovnin-balalarinen-paylasmaga-azirim\/","name":"Mustafa Cemilev: Menim ailemde ol\u011fan b\u00fct\u00fcn \u015feylernen rahmetli Fevzi Edemovn\u0131\u00f1 balalar\u0131nen payla\u015fma\u011fa az\u0131r\u0131m - \u041c\u0435\u0434\u0436\u043b\u0456\u0441","isPartOf":{"@id":"https:\/\/qtmm.org\/qt\/#website"},"datePublished":"2013-05-28T21:12:00+00:00","dateModified":"2022-01-23T21:12:31+00:00","breadcrumb":{"@id":"https:\/\/qtmm.org\/qt\/mustafa-cemilev-menim-ailemde-olgan-butun-seylernen-rahmetli-fevzi-edemovnin-balalarinen-paylasmaga-azirim\/#breadcrumb"},"inLanguage":"qt","potentialAction":[{"@type":"ReadAction","target":["https:\/\/qtmm.org\/qt\/mustafa-cemilev-menim-ailemde-olgan-butun-seylernen-rahmetli-fevzi-edemovnin-balalarinen-paylasmaga-azirim\/"]}]},{"@type":"BreadcrumbList","@id":"https:\/\/qtmm.org\/qt\/mustafa-cemilev-menim-ailemde-olgan-butun-seylernen-rahmetli-fevzi-edemovnin-balalarinen-paylasmaga-azirim\/#breadcrumb","itemListElement":[{"@type":"ListItem","position":1,"name":"\u0413\u043e\u043b\u043e\u0432\u043d\u0430","item":"https:\/\/qtmm.org\/qt\/"},{"@type":"ListItem","position":2,"name":"Mustafa Cemilev: Menim ailemde ol\u011fan b\u00fct\u00fcn \u015feylernen rahmetli Fevzi Edemovn\u0131\u00f1 balalar\u0131nen payla\u015fma\u011fa az\u0131r\u0131m"}]},{"@type":"WebSite","@id":"https:\/\/qtmm.org\/qt\/#website","url":"https:\/\/qtmm.org\/qt\/","name":"\u041c\u0435\u0434\u0436\u043b\u0456\u0441","description":"","publisher":{"@id":"https:\/\/qtmm.org\/qt\/#organization"},"potentialAction":[{"@type":"SearchAction","target":{"@type":"EntryPoint","urlTemplate":"https:\/\/qtmm.org\/qt\/?s={search_term_string}"},"query-input":{"@type":"PropertyValueSpecification","valueRequired":true,"valueName":"search_term_string"}}],"inLanguage":"qt"},{"@type":"Organization","@id":"https:\/\/qtmm.org\/qt\/#organization","name":"\u041c\u0435\u0434\u0436\u043b\u0456\u0441","url":"https:\/\/qtmm.org\/qt\/","logo":{"@type":"ImageObject","inLanguage":"qt","@id":"https:\/\/qtmm.org\/qt\/#\/schema\/logo\/image\/","url":"https:\/\/qtmm.org\/wp-content\/uploads\/2024\/12\/ua-mejlis-logo-rgb.svg","contentUrl":"https:\/\/qtmm.org\/wp-content\/uploads\/2024\/12\/ua-mejlis-logo-rgb.svg","caption":"\u041c\u0435\u0434\u0436\u043b\u0456\u0441"},"image":{"@id":"https:\/\/qtmm.org\/qt\/#\/schema\/logo\/image\/"},"sameAs":["https:\/\/www.facebook.com\/qtmm.info\/"]},{"@type":"Person","@id":"https:\/\/qtmm.org\/qt\/#\/schema\/person\/de562469f971dec226ac06e60bbf74a7","name":"Developer","image":{"@type":"ImageObject","inLanguage":"qt","@id":"https:\/\/secure.gravatar.com\/avatar\/392b4cc8fbfeb00b39dfeeab4ee6edded39ffd48e25858637e4765810300227e?s=96&d=mm&r=g","url":"https:\/\/secure.gravatar.com\/avatar\/392b4cc8fbfeb00b39dfeeab4ee6edded39ffd48e25858637e4765810300227e?s=96&d=mm&r=g","contentUrl":"https:\/\/secure.gravatar.com\/avatar\/392b4cc8fbfeb00b39dfeeab4ee6edded39ffd48e25858637e4765810300227e?s=96&d=mm&r=g","caption":"Developer"},"url":"https:\/\/qtmm.org\/qt\/author\/Developer\/"}]}},"_links":{"self":[{"href":"https:\/\/qtmm.org\/qt\/wp-json\/wp\/v2\/posts\/37852","targetHints":{"allow":["GET"]}}],"collection":[{"href":"https:\/\/qtmm.org\/qt\/wp-json\/wp\/v2\/posts"}],"about":[{"href":"https:\/\/qtmm.org\/qt\/wp-json\/wp\/v2\/types\/post"}],"author":[{"embeddable":true,"href":"https:\/\/qtmm.org\/qt\/wp-json\/wp\/v2\/users\/1"}],"replies":[{"embeddable":true,"href":"https:\/\/qtmm.org\/qt\/wp-json\/wp\/v2\/comments?post=37852"}],"version-history":[{"count":1,"href":"https:\/\/qtmm.org\/qt\/wp-json\/wp\/v2\/posts\/37852\/revisions"}],"predecessor-version":[{"id":37853,"href":"https:\/\/qtmm.org\/qt\/wp-json\/wp\/v2\/posts\/37852\/revisions\/37853"}],"wp:attachment":[{"href":"https:\/\/qtmm.org\/qt\/wp-json\/wp\/v2\/media?parent=37852"}],"wp:term":[{"taxonomy":"category","embeddable":true,"href":"https:\/\/qtmm.org\/qt\/wp-json\/wp\/v2\/categories?post=37852"},{"taxonomy":"post_tag","embeddable":true,"href":"https:\/\/qtmm.org\/qt\/wp-json\/wp\/v2\/tags?post=37852"}],"curies":[{"name":"wp","href":"https:\/\/api.w.org\/{rel}","templated":true}]}}