




{"id":37834,"date":"2013-05-29T00:10:00","date_gmt":"2013-05-28T21:10:00","guid":{"rendered":"http:\/\/qtmm.org\/?p=37834"},"modified":"2022-01-24T00:11:56","modified_gmt":"2022-01-23T21:11:56","slug":"refat-cubarov-bugun-kirim-hukumetinin-bas-vazifesi-aralarina-sina-qaqmaq-maqsadinda-qirimtatarlarni-olduqca-yoldan-sasirtmaq-olganinda-bugun-ic-kimse-subelenmey","status":"publish","type":"post","link":"https:\/\/qtmm.org\/qt\/refat-cubarov-bugun-kirim-hukumetinin-bas-vazifesi-aralarina-sina-qaqmaq-maqsadinda-qirimtatarlarni-olduqca-yoldan-sasirtmaq-olganinda-bugun-ic-kimse-subelenmey\/","title":{"rendered":"Refat \u00c7ubarov: &#8220;Bug\u00fcn, K\u0131r\u0131m h\u00fck\u00fcmetini\u00f1 ba\u015f vazifesi &#8211; aralar\u0131na \u015f\u0131na qaqmaq maqsad\u0131nda q\u0131r\u0131mtatarlarn\u0131 olduq\u00e7a yoldan \u015fa\u015f\u0131rtmaq ol\u011fan\u0131nda bug\u00fcn i\u00e7 kimse \u015f\u00fcbelenmey\u00bb"},"content":{"rendered":"\n<p>May\u0131s 29 k\u00fcn\u00fc Aqmescitte Milliy Meclis ofisinde Meclis reisini\u00f1 birinci muavini Refat \u00c7ubarov, AQ\u015en\u0131\u00f1 Ukrainadaki El\u00e7iligini\u00f1 ekinci k\u00e2tibi Stiven Peyc ile k\u00f6r\u00fc\u015fti.<\/p>\n\n\n\n<p>K\u00f6r\u00fc\u015f\u00fcvde Meclisni T\u0131\u015fq\u0131 al\u00e2qalar b\u00f6l\u00fcgini\u00f1 m\u00fcdiri Ali Hamzin ve K\u00e2tibiyet ba\u015f\u0131 Zair Smedl\u00e2yev temsil ettiler.<\/p>\n\n\n\n<p>Q\u0131r\u0131mtatar halq\u0131n\u0131\u00f1 bug\u00fcnki vaziyeti boyunca sualge cevaplanaraq Refat \u00c7ubarov Q\u0131r\u0131m akimiyetini\u00f1 q\u0131r\u0131mtatarlarn\u0131\u00f1 vek\u00e2letli organ\u0131 \u2013 Milliy Meclis ve \u015fekillendirdigi organlar\u011fa qar\u015f\u0131 fesat\u0131n\u0131\u00f1 muntazaml\u0131\u011f\u0131n\u0131 qayd etti. &#8220;Bug\u00fcn, K\u0131r\u0131m h\u00fck\u00fcmetini\u00f1 ba\u015f vazifesi &#8211; aralar\u0131na \u015f\u0131na qaqmaq maqsad\u0131nda q\u0131r\u0131mtatarlarn\u0131 olduq\u00e7a yoldan \u015fa\u015f\u0131rtmaq ol\u011fan\u0131nda bug\u00fcn i\u00e7 kimse \u015f\u00fcbelenmey&#8221;, dedi Refat \u00c7ubarov. \u2013 bundan da \u011fayr\u0131, q\u0131r\u0131mtatar halq\u0131n\u0131\u00f1 vaziyetini eyile\u015ftirecek er angi te\u015febb\u00fcslerge mania etile, c\u00fcmleden halqara te\u015fkil\u00e2tlar taraf\u0131ndan maqullengen Halqara forum ke\u00e7irilmek \u011fayesine i\u00e7 bir t\u00fcrl\u00fc qoltutulmay.<\/p>\n\n\n\n<p>Refat \u00c7ubarov Ukraina Prezidenti yan\u0131ndaki Q\u0131r\u0131mtatar halq\u0131 vekillerini\u00f1 ke\u00f1e\u015fini \u015fekillendir\u00fcv printsipleri aqq\u0131nda da ayt\u0131p, ke\u00f1e\u015fke vekiller se\u00e7ilmeden, sovetler devrindekisi kibi tayinlengenini qayd etti. Bu ise halqara uquq normalar\u0131na, c\u00fcmleden BMTni\u00f1 tam\u0131r halqlarn\u0131\u00f1 aqlar\u0131 boyunca deklaratsiya\u011fa tamamile z\u0131tt\u0131r.<\/p>\n\n\n\n<figure class=\"wp-block-image size-full\"><img loading=\"lazy\" decoding=\"async\" width=\"650\" height=\"276\" src=\"http:\/\/qtmm.org\/wp-content\/uploads\/2022\/01\/2_113.jpeg\" alt=\"\" class=\"wp-image-37839\" srcset=\"https:\/\/qtmm.org\/wp-content\/uploads\/2022\/01\/2_113.jpeg 650w, https:\/\/qtmm.org\/wp-content\/uploads\/2022\/01\/2_113-300x127.jpeg 300w\" sizes=\"auto, (max-width: 650px) 100vw, 650px\" \/><\/figure>\n\n\n\n<p>Refat \u00c7ubarovn\u0131\u00f1 fikrince Ukraina Prezidenti yan\u0131ndaki Q\u0131r\u0131mtatar halq\u0131 vekillerini\u00f1 ke\u00f1e\u015fini \u015fekillendir\u00fcvge b\u00f6yle yana\u015fuv akimiyetni\u00f1 q\u0131r\u0131mtatar halq\u0131nen qonu\u015fmas\u0131n\u0131 imk\u00e2ns\u0131z qald\u0131rd\u0131. &#8220;Bes-belli bug\u00fcn akimiyetni\u00f1 kendisi de vaziyetni \u00f6g\u00fc qapal\u0131 yol\u011fa soqqan\u0131n\u0131 a\u00f1lap ba\u015flad\u0131. Biz ise evelkisi kibi halq ve devlet menfaatlar\u0131ndan kelip \u00e7\u0131qaraq semereli dialogn\u0131 tiklemege az\u0131rm\u0131z. Amma top akimiyet elinde\u2026.&#8221;, &#8211; qayd etti Refat \u00c7ubarov.<\/p>\n\n\n\n<p>K\u00f6r\u00fc\u015f\u00fcvde bun\u0131\u00f1 kibi de 2013 senesi may\u0131s 18 B\u00fct\u00fcnq\u0131r\u0131m Matem mitingini\u00f1 qarar\u0131na kirsetilgen meseleler de baq\u0131ld\u0131. Refat \u00c7ubarov qararn\u0131\u00f1 b\u00fct\u00fcn talaplar\u0131, \u015fu c\u00fcmleden Ukraina Prezidentine Q\u0131r\u0131m Ba\u015f naziri Anatoliy Mogil\u00f6vn\u0131\u00f1 de\u00f1i\u015ftirilmesi aqq\u0131ndaki muracaat da, Kiyevde qanaatlendirilecegine \u00fcm\u00fct bildirdi. &#8220;Bu pozitsiyan\u0131 Q\u0131r\u0131mn\u0131\u00f1 tam\u0131r halq\u0131n\u0131\u00f1 sesi olaraq qabul etmek kerek. Muhtariyetni\u00f1 icra akimiyeti ba\u015f\u0131nda Q\u0131r\u0131m promblemlerini keregi kibi a\u00f1la\u011fan, idare saalar\u0131na q\u0131r\u0131mtatarlar aras\u0131ndan professional kadrlarn\u0131 celp etmek kerekligini bilgen, insan ketirilmeli&#8221;, &#8211; dedi &#8211; skazal Refat \u00c7ubarov.<\/p>\n\n\n\n<figure class=\"wp-block-image size-full\"><img loading=\"lazy\" decoding=\"async\" width=\"650\" height=\"350\" src=\"http:\/\/qtmm.org\/wp-content\/uploads\/2022\/01\/3_84.jpeg\" alt=\"\" class=\"wp-image-37843\" srcset=\"https:\/\/qtmm.org\/wp-content\/uploads\/2022\/01\/3_84.jpeg 650w, https:\/\/qtmm.org\/wp-content\/uploads\/2022\/01\/3_84-300x162.jpeg 300w\" sizes=\"auto, (max-width: 650px) 100vw, 650px\" \/><\/figure>\n\n\n\n<p>K\u00f6r\u00fc\u015f\u00fcvde Rusiyeni\u00f1 Aqmescitteki ba\u015f konsul\u0131 Andreyevni\u00f1 \u00e7\u0131q\u0131\u015f\u0131 neticesinde ol\u011fan vaziyet de muzakere etildi. Rusiyeni\u00f1 ba\u015f konsul\u0131 q\u0131r\u0131mtatarlarn\u0131 aqaret etti, dedi Refat \u00c7ubarov. &#8220;O, tek aqaretnen s\u0131\u00f1\u0131rlanmadan, s\u00f6zlerini a\u015falay\u0131c\u0131 bir \u015fekilde seslendirdi. Tabiiy ki, biz e\u00f1 tez zamanda on\u0131\u00f1 Q\u0131r\u0131mdan \u00e7a\u011f\u0131r\u0131lmas\u0131n\u0131 bekleymiz. Zira, Rusiye meyilli separatist k\u00fc\u00e7lerge qoltutuvda Andreyevni\u00f1 mission\u0131 bizge belli&#8221;, &#8211; dedi R. \u00c7ubarov.<\/p>\n\n\n\n<p>Stiven Peyc m\u00fcndericeli subet ve berilgen mal\u00fcmat i\u00e7\u00fcn te\u015fekk\u00fcr bildirdi. &#8220;Bizim el\u00e7imiz Kiyevde ol\u011fan \u00e7e\u015fit k\u00f6r\u00fc\u015f\u00fcv ve brifinglerde i\u015ftirak etti. Halqara forum ke\u00e7irilmek \u011fayesine o tolus\u0131nen qoltuta. A\u00f1la\u015f\u0131la ki, siz etnik gruppa olaraq problemlerni \u00e7ezmek kerek ol\u011fan \u00fck\u00fcmette, bizneste ve diger saalarda yeterli derecede temsil etilmegensi\u00f1iz&#8221;, &#8211; dedi AQ\u015en\u0131\u00f1 Ukrainadaki El\u00e7iligini\u00f1 ekinci k\u00e2tibi Stiven Peyc.<\/p>\n\n\n\n<p>Refat \u00c7ubarov \u00f6z nevbetinde &#8220;Halqara forumn\u0131\u00f1 ke\u00e7irilmesi Ukrainan\u0131\u00f1 halqara itibar\u0131n\u0131 artt\u0131racaq, on\u0131\u00f1 pozitsiyalar\u0131n\u0131 pekitecek ve Avropa cemiyetine qat\u0131lmas\u0131 i\u00e7\u00fcn keni\u015f imk\u00e2nlar yaratacaq, Avropa halqlar\u0131 ailesini\u00f1 toluqanl\u0131 bir azas\u0131 olaraq inki\u015faf\u0131n\u0131 tezle\u015ftirir&#8221;, dedi.<\/p>\n\n\n\n<p>Meclisni\u00f1 T\u0131\u015fq\u0131 al\u00e2qalar b\u00f6l\u00fcgini\u00f1 ba\u015f\u0131 Ali Hamzinni\u00f1 fikrince Ukraina s\u00fcrg\u00fcnden qaytqan q\u0131r\u0131mtatarlarn\u0131\u00f1 problemlerini \u00e7ez\u00fcvde yard\u0131m\u011fa muhtac ol\u011fan bir vaq\u0131tta Meclis demokratik Ukraina devleti \u015faraitlerinde q\u0131r\u0131mtatar halq\u0131n\u0131\u00f1 aqlar\u0131n\u0131 tolus\u0131nen tiklev o\u011frunda a\u00e7\u0131q ve er keske a\u00f1lay\u0131\u015fl\u0131 siyasetni al\u0131p bararaq halqara te\u015fkil\u00e2tlarnen i\u015fbirlikni devam etecek.<\/p>\n\n\n\n<p>K\u00f6r\u00fc\u015f\u00fcvde taraflar Ukrainada insan ve halqlarn\u0131\u00f1 aqlar\u0131n\u0131 qor\u00e7alav saas\u0131nda birlikte i\u015f al\u0131p barmaq yolunda teklif-tevsiyelerde bulund\u0131lar.<\/p>\n\n\n\n<figure class=\"wp-block-image size-full\"><img loading=\"lazy\" decoding=\"async\" width=\"650\" height=\"350\" src=\"http:\/\/qtmm.org\/wp-content\/uploads\/2022\/01\/4_79.jpeg\" alt=\"\" class=\"wp-image-37847\" srcset=\"https:\/\/qtmm.org\/wp-content\/uploads\/2022\/01\/4_79.jpeg 650w, https:\/\/qtmm.org\/wp-content\/uploads\/2022\/01\/4_79-300x162.jpeg 300w\" sizes=\"auto, (max-width: 650px) 100vw, 650px\" \/><\/figure>\n","protected":false},"excerpt":{"rendered":"<p>May\u0131s 29 k\u00fcn\u00fc Aqmescitte Milliy Meclis ofisinde Meclis reisini\u00f1 birinci muavini Refat \u00c7ubarov, AQ\u015en\u0131\u00f1 Ukrainadaki El\u00e7iligini\u00f1 ekinci k\u00e2tibi Stiven Peyc ile k\u00f6r\u00fc\u015fti. K\u00f6r\u00fc\u015f\u00fcvde Meclisni T\u0131\u015fq\u0131 al\u00e2qalar b\u00f6l\u00fcgini\u00f1 m\u00fcdiri Ali Hamzin ve K\u00e2tibiyet ba\u015f\u0131 Zair Smedl\u00e2yev temsil ettiler. Q\u0131r\u0131mtatar halq\u0131n\u0131\u00f1 bug\u00fcnki vaziyeti boyunca sualge cevaplanaraq Refat \u00c7ubarov Q\u0131r\u0131m akimiyetini\u00f1 q\u0131r\u0131mtatarlarn\u0131\u00f1 vek\u00e2letli organ\u0131 \u2013 Milliy Meclis ve [&hellip;]<\/p>\n","protected":false},"author":1,"featured_media":37835,"comment_status":"open","ping_status":"open","sticky":false,"template":"","format":"standard","meta":{"inline_featured_image":false,"footnotes":""},"categories":[265],"tags":[],"class_list":["post-37834","post","type-post","status-publish","format-standard","has-post-thumbnail","hentry","category-haberler"],"acf":[],"yoast_head":"<!-- This site is optimized with the Yoast SEO plugin v27.4 - https:\/\/yoast.com\/product\/yoast-seo-wordpress\/ -->\n<title>Refat \u00c7ubarov: &quot;Bug\u00fcn, K\u0131r\u0131m h\u00fck\u00fcmetini\u00f1 ba\u015f vazifesi - aralar\u0131na \u015f\u0131na qaqmaq maqsad\u0131nda q\u0131r\u0131mtatarlarn\u0131 olduq\u00e7a yoldan \u015fa\u015f\u0131rtmaq ol\u011fan\u0131nda bug\u00fcn i\u00e7 kimse \u015f\u00fcbelenmey\u00bb - \u041c\u0435\u0434\u0436\u043b\u0456\u0441<\/title>\n<meta name=\"robots\" content=\"index, follow, max-snippet:-1, max-image-preview:large, max-video-preview:-1\" \/>\n<link rel=\"canonical\" href=\"https:\/\/qtmm.org\/qt\/refat-cubarov-bugun-kirim-hukumetinin-bas-vazifesi-aralarina-sina-qaqmaq-maqsadinda-qirimtatarlarni-olduqca-yoldan-sasirtmaq-olganinda-bugun-ic-kimse-subelenmey\/\" \/>\n<meta property=\"og:locale\" content=\"en_US\" \/>\n<meta property=\"og:type\" content=\"article\" \/>\n<meta property=\"og:title\" content=\"Refat \u00c7ubarov: &quot;Bug\u00fcn, K\u0131r\u0131m h\u00fck\u00fcmetini\u00f1 ba\u015f vazifesi - aralar\u0131na \u015f\u0131na qaqmaq maqsad\u0131nda q\u0131r\u0131mtatarlarn\u0131 olduq\u00e7a yoldan \u015fa\u015f\u0131rtmaq ol\u011fan\u0131nda bug\u00fcn i\u00e7 kimse \u015f\u00fcbelenmey\u00bb - \u041c\u0435\u0434\u0436\u043b\u0456\u0441\" \/>\n<meta property=\"og:description\" content=\"May\u0131s 29 k\u00fcn\u00fc Aqmescitte Milliy Meclis ofisinde Meclis reisini\u00f1 birinci muavini Refat \u00c7ubarov, AQ\u015en\u0131\u00f1 Ukrainadaki El\u00e7iligini\u00f1 ekinci k\u00e2tibi Stiven Peyc ile k\u00f6r\u00fc\u015fti. K\u00f6r\u00fc\u015f\u00fcvde Meclisni T\u0131\u015fq\u0131 al\u00e2qalar b\u00f6l\u00fcgini\u00f1 m\u00fcdiri Ali Hamzin ve K\u00e2tibiyet ba\u015f\u0131 Zair Smedl\u00e2yev temsil ettiler. Q\u0131r\u0131mtatar halq\u0131n\u0131\u00f1 bug\u00fcnki vaziyeti boyunca sualge cevaplanaraq Refat \u00c7ubarov Q\u0131r\u0131m akimiyetini\u00f1 q\u0131r\u0131mtatarlarn\u0131\u00f1 vek\u00e2letli organ\u0131 \u2013 Milliy Meclis ve [&hellip;]\" \/>\n<meta property=\"og:url\" content=\"https:\/\/qtmm.org\/qt\/refat-cubarov-bugun-kirim-hukumetinin-bas-vazifesi-aralarina-sina-qaqmaq-maqsadinda-qirimtatarlarni-olduqca-yoldan-sasirtmaq-olganinda-bugun-ic-kimse-subelenmey\/\" \/>\n<meta property=\"og:site_name\" content=\"\u041c\u0435\u0434\u0436\u043b\u0456\u0441\" \/>\n<meta property=\"article:publisher\" content=\"https:\/\/www.facebook.com\/qtmm.info\/\" \/>\n<meta property=\"article:published_time\" content=\"2013-05-28T21:10:00+00:00\" \/>\n<meta property=\"article:modified_time\" content=\"2022-01-23T21:11:56+00:00\" \/>\n<meta property=\"og:image\" content=\"https:\/\/qtmm.org\/wp-content\/uploads\/2022\/01\/1_115.jpeg\" \/>\n\t<meta property=\"og:image:width\" content=\"650\" \/>\n\t<meta property=\"og:image:height\" content=\"350\" \/>\n\t<meta property=\"og:image:type\" content=\"image\/jpeg\" \/>\n<meta name=\"author\" content=\"Developer\" \/>\n<meta name=\"twitter:card\" content=\"summary_large_image\" \/>\n<meta name=\"twitter:label1\" content=\"Written by\" \/>\n\t<meta name=\"twitter:data1\" content=\"Developer\" \/>\n\t<meta name=\"twitter:label2\" content=\"Est. reading time\" \/>\n\t<meta name=\"twitter:data2\" content=\"3 minutes\" \/>\n<script type=\"application\/ld+json\" class=\"yoast-schema-graph\">{\"@context\":\"https:\\\/\\\/schema.org\",\"@graph\":[{\"@type\":\"Article\",\"@id\":\"https:\\\/\\\/qtmm.org\\\/qt\\\/refat-cubarov-bugun-kirim-hukumetinin-bas-vazifesi-aralarina-sina-qaqmaq-maqsadinda-qirimtatarlarni-olduqca-yoldan-sasirtmaq-olganinda-bugun-ic-kimse-subelenmey\\\/#article\",\"isPartOf\":{\"@id\":\"https:\\\/\\\/qtmm.org\\\/qt\\\/refat-cubarov-bugun-kirim-hukumetinin-bas-vazifesi-aralarina-sina-qaqmaq-maqsadinda-qirimtatarlarni-olduqca-yoldan-sasirtmaq-olganinda-bugun-ic-kimse-subelenmey\\\/\"},\"author\":{\"name\":\"Developer\",\"@id\":\"https:\\\/\\\/qtmm.org\\\/qt\\\/#\\\/schema\\\/person\\\/de562469f971dec226ac06e60bbf74a7\"},\"headline\":\"Refat \u00c7ubarov: &#8220;Bug\u00fcn, K\u0131r\u0131m h\u00fck\u00fcmetini\u00f1 ba\u015f vazifesi &#8211; aralar\u0131na \u015f\u0131na qaqmaq maqsad\u0131nda q\u0131r\u0131mtatarlarn\u0131 olduq\u00e7a yoldan \u015fa\u015f\u0131rtmaq ol\u011fan\u0131nda bug\u00fcn i\u00e7 kimse \u015f\u00fcbelenmey\u00bb\",\"datePublished\":\"2013-05-28T21:10:00+00:00\",\"dateModified\":\"2022-01-23T21:11:56+00:00\",\"mainEntityOfPage\":{\"@id\":\"https:\\\/\\\/qtmm.org\\\/qt\\\/refat-cubarov-bugun-kirim-hukumetinin-bas-vazifesi-aralarina-sina-qaqmaq-maqsadinda-qirimtatarlarni-olduqca-yoldan-sasirtmaq-olganinda-bugun-ic-kimse-subelenmey\\\/\"},\"wordCount\":713,\"commentCount\":0,\"publisher\":{\"@id\":\"https:\\\/\\\/qtmm.org\\\/qt\\\/#organization\"},\"image\":{\"@id\":\"https:\\\/\\\/qtmm.org\\\/qt\\\/refat-cubarov-bugun-kirim-hukumetinin-bas-vazifesi-aralarina-sina-qaqmaq-maqsadinda-qirimtatarlarni-olduqca-yoldan-sasirtmaq-olganinda-bugun-ic-kimse-subelenmey\\\/#primaryimage\"},\"thumbnailUrl\":\"https:\\\/\\\/qtmm.org\\\/wp-content\\\/uploads\\\/2022\\\/01\\\/1_115.jpeg\",\"articleSection\":[\"Haberler\"],\"inLanguage\":\"qt\",\"potentialAction\":[{\"@type\":\"CommentAction\",\"name\":\"Comment\",\"target\":[\"https:\\\/\\\/qtmm.org\\\/qt\\\/refat-cubarov-bugun-kirim-hukumetinin-bas-vazifesi-aralarina-sina-qaqmaq-maqsadinda-qirimtatarlarni-olduqca-yoldan-sasirtmaq-olganinda-bugun-ic-kimse-subelenmey\\\/#respond\"]}]},{\"@type\":\"WebPage\",\"@id\":\"https:\\\/\\\/qtmm.org\\\/qt\\\/refat-cubarov-bugun-kirim-hukumetinin-bas-vazifesi-aralarina-sina-qaqmaq-maqsadinda-qirimtatarlarni-olduqca-yoldan-sasirtmaq-olganinda-bugun-ic-kimse-subelenmey\\\/\",\"url\":\"https:\\\/\\\/qtmm.org\\\/qt\\\/refat-cubarov-bugun-kirim-hukumetinin-bas-vazifesi-aralarina-sina-qaqmaq-maqsadinda-qirimtatarlarni-olduqca-yoldan-sasirtmaq-olganinda-bugun-ic-kimse-subelenmey\\\/\",\"name\":\"Refat \u00c7ubarov: \\\"Bug\u00fcn, K\u0131r\u0131m h\u00fck\u00fcmetini\u00f1 ba\u015f vazifesi - aralar\u0131na \u015f\u0131na qaqmaq maqsad\u0131nda q\u0131r\u0131mtatarlarn\u0131 olduq\u00e7a yoldan \u015fa\u015f\u0131rtmaq ol\u011fan\u0131nda bug\u00fcn i\u00e7 kimse \u015f\u00fcbelenmey\u00bb - \u041c\u0435\u0434\u0436\u043b\u0456\u0441\",\"isPartOf\":{\"@id\":\"https:\\\/\\\/qtmm.org\\\/qt\\\/#website\"},\"primaryImageOfPage\":{\"@id\":\"https:\\\/\\\/qtmm.org\\\/qt\\\/refat-cubarov-bugun-kirim-hukumetinin-bas-vazifesi-aralarina-sina-qaqmaq-maqsadinda-qirimtatarlarni-olduqca-yoldan-sasirtmaq-olganinda-bugun-ic-kimse-subelenmey\\\/#primaryimage\"},\"image\":{\"@id\":\"https:\\\/\\\/qtmm.org\\\/qt\\\/refat-cubarov-bugun-kirim-hukumetinin-bas-vazifesi-aralarina-sina-qaqmaq-maqsadinda-qirimtatarlarni-olduqca-yoldan-sasirtmaq-olganinda-bugun-ic-kimse-subelenmey\\\/#primaryimage\"},\"thumbnailUrl\":\"https:\\\/\\\/qtmm.org\\\/wp-content\\\/uploads\\\/2022\\\/01\\\/1_115.jpeg\",\"datePublished\":\"2013-05-28T21:10:00+00:00\",\"dateModified\":\"2022-01-23T21:11:56+00:00\",\"breadcrumb\":{\"@id\":\"https:\\\/\\\/qtmm.org\\\/qt\\\/refat-cubarov-bugun-kirim-hukumetinin-bas-vazifesi-aralarina-sina-qaqmaq-maqsadinda-qirimtatarlarni-olduqca-yoldan-sasirtmaq-olganinda-bugun-ic-kimse-subelenmey\\\/#breadcrumb\"},\"inLanguage\":\"qt\",\"potentialAction\":[{\"@type\":\"ReadAction\",\"target\":[\"https:\\\/\\\/qtmm.org\\\/qt\\\/refat-cubarov-bugun-kirim-hukumetinin-bas-vazifesi-aralarina-sina-qaqmaq-maqsadinda-qirimtatarlarni-olduqca-yoldan-sasirtmaq-olganinda-bugun-ic-kimse-subelenmey\\\/\"]}]},{\"@type\":\"ImageObject\",\"inLanguage\":\"qt\",\"@id\":\"https:\\\/\\\/qtmm.org\\\/qt\\\/refat-cubarov-bugun-kirim-hukumetinin-bas-vazifesi-aralarina-sina-qaqmaq-maqsadinda-qirimtatarlarni-olduqca-yoldan-sasirtmaq-olganinda-bugun-ic-kimse-subelenmey\\\/#primaryimage\",\"url\":\"https:\\\/\\\/qtmm.org\\\/wp-content\\\/uploads\\\/2022\\\/01\\\/1_115.jpeg\",\"contentUrl\":\"https:\\\/\\\/qtmm.org\\\/wp-content\\\/uploads\\\/2022\\\/01\\\/1_115.jpeg\",\"width\":650,\"height\":350},{\"@type\":\"BreadcrumbList\",\"@id\":\"https:\\\/\\\/qtmm.org\\\/qt\\\/refat-cubarov-bugun-kirim-hukumetinin-bas-vazifesi-aralarina-sina-qaqmaq-maqsadinda-qirimtatarlarni-olduqca-yoldan-sasirtmaq-olganinda-bugun-ic-kimse-subelenmey\\\/#breadcrumb\",\"itemListElement\":[{\"@type\":\"ListItem\",\"position\":1,\"name\":\"\u0413\u043e\u043b\u043e\u0432\u043d\u0430\",\"item\":\"https:\\\/\\\/qtmm.org\\\/qt\\\/\"},{\"@type\":\"ListItem\",\"position\":2,\"name\":\"Refat \u00c7ubarov: &#8220;Bug\u00fcn, K\u0131r\u0131m h\u00fck\u00fcmetini\u00f1 ba\u015f vazifesi &#8211; aralar\u0131na \u015f\u0131na qaqmaq maqsad\u0131nda q\u0131r\u0131mtatarlarn\u0131 olduq\u00e7a yoldan \u015fa\u015f\u0131rtmaq ol\u011fan\u0131nda bug\u00fcn i\u00e7 kimse \u015f\u00fcbelenmey\u00bb\"}]},{\"@type\":\"WebSite\",\"@id\":\"https:\\\/\\\/qtmm.org\\\/qt\\\/#website\",\"url\":\"https:\\\/\\\/qtmm.org\\\/qt\\\/\",\"name\":\"\u041c\u0435\u0434\u0436\u043b\u0456\u0441\",\"description\":\"\",\"publisher\":{\"@id\":\"https:\\\/\\\/qtmm.org\\\/qt\\\/#organization\"},\"potentialAction\":[{\"@type\":\"SearchAction\",\"target\":{\"@type\":\"EntryPoint\",\"urlTemplate\":\"https:\\\/\\\/qtmm.org\\\/qt\\\/?s={search_term_string}\"},\"query-input\":{\"@type\":\"PropertyValueSpecification\",\"valueRequired\":true,\"valueName\":\"search_term_string\"}}],\"inLanguage\":\"qt\"},{\"@type\":\"Organization\",\"@id\":\"https:\\\/\\\/qtmm.org\\\/qt\\\/#organization\",\"name\":\"\u041c\u0435\u0434\u0436\u043b\u0456\u0441\",\"url\":\"https:\\\/\\\/qtmm.org\\\/qt\\\/\",\"logo\":{\"@type\":\"ImageObject\",\"inLanguage\":\"qt\",\"@id\":\"https:\\\/\\\/qtmm.org\\\/qt\\\/#\\\/schema\\\/logo\\\/image\\\/\",\"url\":\"https:\\\/\\\/qtmm.org\\\/wp-content\\\/uploads\\\/2024\\\/12\\\/ua-mejlis-logo-rgb.svg\",\"contentUrl\":\"https:\\\/\\\/qtmm.org\\\/wp-content\\\/uploads\\\/2024\\\/12\\\/ua-mejlis-logo-rgb.svg\",\"caption\":\"\u041c\u0435\u0434\u0436\u043b\u0456\u0441\"},\"image\":{\"@id\":\"https:\\\/\\\/qtmm.org\\\/qt\\\/#\\\/schema\\\/logo\\\/image\\\/\"},\"sameAs\":[\"https:\\\/\\\/www.facebook.com\\\/qtmm.info\\\/\"]},{\"@type\":\"Person\",\"@id\":\"https:\\\/\\\/qtmm.org\\\/qt\\\/#\\\/schema\\\/person\\\/de562469f971dec226ac06e60bbf74a7\",\"name\":\"Developer\",\"image\":{\"@type\":\"ImageObject\",\"inLanguage\":\"qt\",\"@id\":\"https:\\\/\\\/secure.gravatar.com\\\/avatar\\\/392b4cc8fbfeb00b39dfeeab4ee6edded39ffd48e25858637e4765810300227e?s=96&d=mm&r=g\",\"url\":\"https:\\\/\\\/secure.gravatar.com\\\/avatar\\\/392b4cc8fbfeb00b39dfeeab4ee6edded39ffd48e25858637e4765810300227e?s=96&d=mm&r=g\",\"contentUrl\":\"https:\\\/\\\/secure.gravatar.com\\\/avatar\\\/392b4cc8fbfeb00b39dfeeab4ee6edded39ffd48e25858637e4765810300227e?s=96&d=mm&r=g\",\"caption\":\"Developer\"},\"url\":\"https:\\\/\\\/qtmm.org\\\/qt\\\/author\\\/Developer\\\/\"}]}<\/script>\n<!-- \/ Yoast SEO plugin. -->","yoast_head_json":{"title":"Refat \u00c7ubarov: \"Bug\u00fcn, K\u0131r\u0131m h\u00fck\u00fcmetini\u00f1 ba\u015f vazifesi - aralar\u0131na \u015f\u0131na qaqmaq maqsad\u0131nda q\u0131r\u0131mtatarlarn\u0131 olduq\u00e7a yoldan \u015fa\u015f\u0131rtmaq ol\u011fan\u0131nda bug\u00fcn i\u00e7 kimse \u015f\u00fcbelenmey\u00bb - \u041c\u0435\u0434\u0436\u043b\u0456\u0441","robots":{"index":"index","follow":"follow","max-snippet":"max-snippet:-1","max-image-preview":"max-image-preview:large","max-video-preview":"max-video-preview:-1"},"canonical":"https:\/\/qtmm.org\/qt\/refat-cubarov-bugun-kirim-hukumetinin-bas-vazifesi-aralarina-sina-qaqmaq-maqsadinda-qirimtatarlarni-olduqca-yoldan-sasirtmaq-olganinda-bugun-ic-kimse-subelenmey\/","og_locale":"en_US","og_type":"article","og_title":"Refat \u00c7ubarov: \"Bug\u00fcn, K\u0131r\u0131m h\u00fck\u00fcmetini\u00f1 ba\u015f vazifesi - aralar\u0131na \u015f\u0131na qaqmaq maqsad\u0131nda q\u0131r\u0131mtatarlarn\u0131 olduq\u00e7a yoldan \u015fa\u015f\u0131rtmaq ol\u011fan\u0131nda bug\u00fcn i\u00e7 kimse \u015f\u00fcbelenmey\u00bb - \u041c\u0435\u0434\u0436\u043b\u0456\u0441","og_description":"May\u0131s 29 k\u00fcn\u00fc Aqmescitte Milliy Meclis ofisinde Meclis reisini\u00f1 birinci muavini Refat \u00c7ubarov, AQ\u015en\u0131\u00f1 Ukrainadaki El\u00e7iligini\u00f1 ekinci k\u00e2tibi Stiven Peyc ile k\u00f6r\u00fc\u015fti. K\u00f6r\u00fc\u015f\u00fcvde Meclisni T\u0131\u015fq\u0131 al\u00e2qalar b\u00f6l\u00fcgini\u00f1 m\u00fcdiri Ali Hamzin ve K\u00e2tibiyet ba\u015f\u0131 Zair Smedl\u00e2yev temsil ettiler. Q\u0131r\u0131mtatar halq\u0131n\u0131\u00f1 bug\u00fcnki vaziyeti boyunca sualge cevaplanaraq Refat \u00c7ubarov Q\u0131r\u0131m akimiyetini\u00f1 q\u0131r\u0131mtatarlarn\u0131\u00f1 vek\u00e2letli organ\u0131 \u2013 Milliy Meclis ve [&hellip;]","og_url":"https:\/\/qtmm.org\/qt\/refat-cubarov-bugun-kirim-hukumetinin-bas-vazifesi-aralarina-sina-qaqmaq-maqsadinda-qirimtatarlarni-olduqca-yoldan-sasirtmaq-olganinda-bugun-ic-kimse-subelenmey\/","og_site_name":"\u041c\u0435\u0434\u0436\u043b\u0456\u0441","article_publisher":"https:\/\/www.facebook.com\/qtmm.info\/","article_published_time":"2013-05-28T21:10:00+00:00","article_modified_time":"2022-01-23T21:11:56+00:00","og_image":[{"width":650,"height":350,"url":"https:\/\/qtmm.org\/wp-content\/uploads\/2022\/01\/1_115.jpeg","type":"image\/jpeg"}],"author":"Developer","twitter_card":"summary_large_image","twitter_misc":{"Written by":"Developer","Est. reading time":"3 minutes"},"schema":{"@context":"https:\/\/schema.org","@graph":[{"@type":"Article","@id":"https:\/\/qtmm.org\/qt\/refat-cubarov-bugun-kirim-hukumetinin-bas-vazifesi-aralarina-sina-qaqmaq-maqsadinda-qirimtatarlarni-olduqca-yoldan-sasirtmaq-olganinda-bugun-ic-kimse-subelenmey\/#article","isPartOf":{"@id":"https:\/\/qtmm.org\/qt\/refat-cubarov-bugun-kirim-hukumetinin-bas-vazifesi-aralarina-sina-qaqmaq-maqsadinda-qirimtatarlarni-olduqca-yoldan-sasirtmaq-olganinda-bugun-ic-kimse-subelenmey\/"},"author":{"name":"Developer","@id":"https:\/\/qtmm.org\/qt\/#\/schema\/person\/de562469f971dec226ac06e60bbf74a7"},"headline":"Refat \u00c7ubarov: &#8220;Bug\u00fcn, K\u0131r\u0131m h\u00fck\u00fcmetini\u00f1 ba\u015f vazifesi &#8211; aralar\u0131na \u015f\u0131na qaqmaq maqsad\u0131nda q\u0131r\u0131mtatarlarn\u0131 olduq\u00e7a yoldan \u015fa\u015f\u0131rtmaq ol\u011fan\u0131nda bug\u00fcn i\u00e7 kimse \u015f\u00fcbelenmey\u00bb","datePublished":"2013-05-28T21:10:00+00:00","dateModified":"2022-01-23T21:11:56+00:00","mainEntityOfPage":{"@id":"https:\/\/qtmm.org\/qt\/refat-cubarov-bugun-kirim-hukumetinin-bas-vazifesi-aralarina-sina-qaqmaq-maqsadinda-qirimtatarlarni-olduqca-yoldan-sasirtmaq-olganinda-bugun-ic-kimse-subelenmey\/"},"wordCount":713,"commentCount":0,"publisher":{"@id":"https:\/\/qtmm.org\/qt\/#organization"},"image":{"@id":"https:\/\/qtmm.org\/qt\/refat-cubarov-bugun-kirim-hukumetinin-bas-vazifesi-aralarina-sina-qaqmaq-maqsadinda-qirimtatarlarni-olduqca-yoldan-sasirtmaq-olganinda-bugun-ic-kimse-subelenmey\/#primaryimage"},"thumbnailUrl":"https:\/\/qtmm.org\/wp-content\/uploads\/2022\/01\/1_115.jpeg","articleSection":["Haberler"],"inLanguage":"qt","potentialAction":[{"@type":"CommentAction","name":"Comment","target":["https:\/\/qtmm.org\/qt\/refat-cubarov-bugun-kirim-hukumetinin-bas-vazifesi-aralarina-sina-qaqmaq-maqsadinda-qirimtatarlarni-olduqca-yoldan-sasirtmaq-olganinda-bugun-ic-kimse-subelenmey\/#respond"]}]},{"@type":"WebPage","@id":"https:\/\/qtmm.org\/qt\/refat-cubarov-bugun-kirim-hukumetinin-bas-vazifesi-aralarina-sina-qaqmaq-maqsadinda-qirimtatarlarni-olduqca-yoldan-sasirtmaq-olganinda-bugun-ic-kimse-subelenmey\/","url":"https:\/\/qtmm.org\/qt\/refat-cubarov-bugun-kirim-hukumetinin-bas-vazifesi-aralarina-sina-qaqmaq-maqsadinda-qirimtatarlarni-olduqca-yoldan-sasirtmaq-olganinda-bugun-ic-kimse-subelenmey\/","name":"Refat \u00c7ubarov: \"Bug\u00fcn, K\u0131r\u0131m h\u00fck\u00fcmetini\u00f1 ba\u015f vazifesi - aralar\u0131na \u015f\u0131na qaqmaq maqsad\u0131nda q\u0131r\u0131mtatarlarn\u0131 olduq\u00e7a yoldan \u015fa\u015f\u0131rtmaq ol\u011fan\u0131nda bug\u00fcn i\u00e7 kimse \u015f\u00fcbelenmey\u00bb - \u041c\u0435\u0434\u0436\u043b\u0456\u0441","isPartOf":{"@id":"https:\/\/qtmm.org\/qt\/#website"},"primaryImageOfPage":{"@id":"https:\/\/qtmm.org\/qt\/refat-cubarov-bugun-kirim-hukumetinin-bas-vazifesi-aralarina-sina-qaqmaq-maqsadinda-qirimtatarlarni-olduqca-yoldan-sasirtmaq-olganinda-bugun-ic-kimse-subelenmey\/#primaryimage"},"image":{"@id":"https:\/\/qtmm.org\/qt\/refat-cubarov-bugun-kirim-hukumetinin-bas-vazifesi-aralarina-sina-qaqmaq-maqsadinda-qirimtatarlarni-olduqca-yoldan-sasirtmaq-olganinda-bugun-ic-kimse-subelenmey\/#primaryimage"},"thumbnailUrl":"https:\/\/qtmm.org\/wp-content\/uploads\/2022\/01\/1_115.jpeg","datePublished":"2013-05-28T21:10:00+00:00","dateModified":"2022-01-23T21:11:56+00:00","breadcrumb":{"@id":"https:\/\/qtmm.org\/qt\/refat-cubarov-bugun-kirim-hukumetinin-bas-vazifesi-aralarina-sina-qaqmaq-maqsadinda-qirimtatarlarni-olduqca-yoldan-sasirtmaq-olganinda-bugun-ic-kimse-subelenmey\/#breadcrumb"},"inLanguage":"qt","potentialAction":[{"@type":"ReadAction","target":["https:\/\/qtmm.org\/qt\/refat-cubarov-bugun-kirim-hukumetinin-bas-vazifesi-aralarina-sina-qaqmaq-maqsadinda-qirimtatarlarni-olduqca-yoldan-sasirtmaq-olganinda-bugun-ic-kimse-subelenmey\/"]}]},{"@type":"ImageObject","inLanguage":"qt","@id":"https:\/\/qtmm.org\/qt\/refat-cubarov-bugun-kirim-hukumetinin-bas-vazifesi-aralarina-sina-qaqmaq-maqsadinda-qirimtatarlarni-olduqca-yoldan-sasirtmaq-olganinda-bugun-ic-kimse-subelenmey\/#primaryimage","url":"https:\/\/qtmm.org\/wp-content\/uploads\/2022\/01\/1_115.jpeg","contentUrl":"https:\/\/qtmm.org\/wp-content\/uploads\/2022\/01\/1_115.jpeg","width":650,"height":350},{"@type":"BreadcrumbList","@id":"https:\/\/qtmm.org\/qt\/refat-cubarov-bugun-kirim-hukumetinin-bas-vazifesi-aralarina-sina-qaqmaq-maqsadinda-qirimtatarlarni-olduqca-yoldan-sasirtmaq-olganinda-bugun-ic-kimse-subelenmey\/#breadcrumb","itemListElement":[{"@type":"ListItem","position":1,"name":"\u0413\u043e\u043b\u043e\u0432\u043d\u0430","item":"https:\/\/qtmm.org\/qt\/"},{"@type":"ListItem","position":2,"name":"Refat \u00c7ubarov: &#8220;Bug\u00fcn, K\u0131r\u0131m h\u00fck\u00fcmetini\u00f1 ba\u015f vazifesi &#8211; aralar\u0131na \u015f\u0131na qaqmaq maqsad\u0131nda q\u0131r\u0131mtatarlarn\u0131 olduq\u00e7a yoldan \u015fa\u015f\u0131rtmaq ol\u011fan\u0131nda bug\u00fcn i\u00e7 kimse \u015f\u00fcbelenmey\u00bb"}]},{"@type":"WebSite","@id":"https:\/\/qtmm.org\/qt\/#website","url":"https:\/\/qtmm.org\/qt\/","name":"\u041c\u0435\u0434\u0436\u043b\u0456\u0441","description":"","publisher":{"@id":"https:\/\/qtmm.org\/qt\/#organization"},"potentialAction":[{"@type":"SearchAction","target":{"@type":"EntryPoint","urlTemplate":"https:\/\/qtmm.org\/qt\/?s={search_term_string}"},"query-input":{"@type":"PropertyValueSpecification","valueRequired":true,"valueName":"search_term_string"}}],"inLanguage":"qt"},{"@type":"Organization","@id":"https:\/\/qtmm.org\/qt\/#organization","name":"\u041c\u0435\u0434\u0436\u043b\u0456\u0441","url":"https:\/\/qtmm.org\/qt\/","logo":{"@type":"ImageObject","inLanguage":"qt","@id":"https:\/\/qtmm.org\/qt\/#\/schema\/logo\/image\/","url":"https:\/\/qtmm.org\/wp-content\/uploads\/2024\/12\/ua-mejlis-logo-rgb.svg","contentUrl":"https:\/\/qtmm.org\/wp-content\/uploads\/2024\/12\/ua-mejlis-logo-rgb.svg","caption":"\u041c\u0435\u0434\u0436\u043b\u0456\u0441"},"image":{"@id":"https:\/\/qtmm.org\/qt\/#\/schema\/logo\/image\/"},"sameAs":["https:\/\/www.facebook.com\/qtmm.info\/"]},{"@type":"Person","@id":"https:\/\/qtmm.org\/qt\/#\/schema\/person\/de562469f971dec226ac06e60bbf74a7","name":"Developer","image":{"@type":"ImageObject","inLanguage":"qt","@id":"https:\/\/secure.gravatar.com\/avatar\/392b4cc8fbfeb00b39dfeeab4ee6edded39ffd48e25858637e4765810300227e?s=96&d=mm&r=g","url":"https:\/\/secure.gravatar.com\/avatar\/392b4cc8fbfeb00b39dfeeab4ee6edded39ffd48e25858637e4765810300227e?s=96&d=mm&r=g","contentUrl":"https:\/\/secure.gravatar.com\/avatar\/392b4cc8fbfeb00b39dfeeab4ee6edded39ffd48e25858637e4765810300227e?s=96&d=mm&r=g","caption":"Developer"},"url":"https:\/\/qtmm.org\/qt\/author\/Developer\/"}]}},"_links":{"self":[{"href":"https:\/\/qtmm.org\/qt\/wp-json\/wp\/v2\/posts\/37834","targetHints":{"allow":["GET"]}}],"collection":[{"href":"https:\/\/qtmm.org\/qt\/wp-json\/wp\/v2\/posts"}],"about":[{"href":"https:\/\/qtmm.org\/qt\/wp-json\/wp\/v2\/types\/post"}],"author":[{"embeddable":true,"href":"https:\/\/qtmm.org\/qt\/wp-json\/wp\/v2\/users\/1"}],"replies":[{"embeddable":true,"href":"https:\/\/qtmm.org\/qt\/wp-json\/wp\/v2\/comments?post=37834"}],"version-history":[{"count":1,"href":"https:\/\/qtmm.org\/qt\/wp-json\/wp\/v2\/posts\/37834\/revisions"}],"predecessor-version":[{"id":37851,"href":"https:\/\/qtmm.org\/qt\/wp-json\/wp\/v2\/posts\/37834\/revisions\/37851"}],"wp:featuredmedia":[{"embeddable":true,"href":"https:\/\/qtmm.org\/qt\/wp-json\/wp\/v2\/media\/37835"}],"wp:attachment":[{"href":"https:\/\/qtmm.org\/qt\/wp-json\/wp\/v2\/media?parent=37834"}],"wp:term":[{"taxonomy":"category","embeddable":true,"href":"https:\/\/qtmm.org\/qt\/wp-json\/wp\/v2\/categories?post=37834"},{"taxonomy":"post_tag","embeddable":true,"href":"https:\/\/qtmm.org\/qt\/wp-json\/wp\/v2\/tags?post=37834"}],"curies":[{"name":"wp","href":"https:\/\/api.w.org\/{rel}","templated":true}]}}