




{"id":37832,"date":"2013-05-28T00:09:00","date_gmt":"2013-05-27T21:09:00","guid":{"rendered":"http:\/\/qtmm.org\/?p=37832"},"modified":"2022-01-24T00:09:56","modified_gmt":"2022-01-23T21:09:56","slug":"hayser-cemilev-mahkeme-qararina-binaen-2013-senesi-iyul-25-ke-qadar-aqmescitte-hapiste-tutulacaq","status":"publish","type":"post","link":"https:\/\/qtmm.org\/qt\/hayser-cemilev-mahkeme-qararina-binaen-2013-senesi-iyul-25-ke-qadar-aqmescitte-hapiste-tutulacaq\/","title":{"rendered":"Hayser Cemilev Mahkeme qarar\u0131na binaen 2013 senesi iy\u00fcl 25-ke qadar Aqmescitte hapiste tutulacaq"},"content":{"rendered":"\n<p>2013 senesi may\u0131s 28-de Aqmescit \u015feeri Kiyevskiy rayon mahkemesinde Meclis reisini\u00f1 o\u011flu Hayser Cemilevni q\u0131s\u0131tlama \u00fczerinde mahkeme topla\u015fuv\u0131 old\u0131.<\/p>\n\n\n\n<p>Mahkeme qarar\u0131na k\u00f6re Hayser Cemilev 2013 senesi iy\u00fcl 25-ke qadar (60 k\u00fcn) Aqmescitte hapiste tutuqlanacaq. Qararn\u0131 Kiyevskiy rayon mahkemesini\u00f1 akemi Viktor Mogil\u00e2nskiy oqup e\u015fittirdi.<\/p>\n\n\n\n<p>Hayser Cemilevni makhemede qor\u00e7alaycaq advokat Aleksandr Lessovoy aytqan\u0131na k\u00f6re a\u011f\u0131r aqibet ve i\u015f boyunca \u00e7oqtan-\u00e7oq taqiqat areketleri, ekspertiza yap\u0131lmas\u0131 zaruriyetinden kelip \u00e7\u0131qaraq \u015f\u00fcbelini\u00f1 tutuqlanmas\u0131 soru\u015fturman\u0131n bu basq\u0131\u00e7\u0131nda beklenilgen ve aql\u0131 \u00e7aredir.<\/p>\n\n\n\n<p>&#8220;Bundan da \u011fayr\u0131 Hayser Cemilevni\u00f1 babas\u0131 Mustafa Cemilev adiseni\u00f1 a\u011f\u0131rl\u0131\u011f\u0131 ve m\u00fcrekkepligini, devlet organlar\u0131 \u00f6l\u00fcm sebeplerini \u00f6grenerek esasl\u0131 ve qanuniy qararlar almaq kerekliklerini a\u00f1la\u011fan\u0131 alda, taqiqat ve qabul etilecek qararlar\u011fa tesir etmek kibi areketlerni yapmad\u0131&#8221;, &#8211; dedi Aleksandr Lessovoy.<\/p>\n\n\n\n<p>&#8220;Eger de mahkeme 60 k\u00fcnge azatl\u0131qtan mahrum etmek qarar\u0131n\u0131 ald\u0131 eken, demek bu qararn\u0131 qabul etmek ve endi ba\u015fla\u011fan taqiqatn\u0131\u00f1 neticelerini beklemek kerek&#8221;, &#8211; dedi advokat Lesovoy qabaatlan\u0131c\u0131n\u0131\u00f1 babas\u0131 aytqan s\u00f6zlerge esaslanaraq.<\/p>\n\n\n\n<p>\u015eun\u0131 da qayd etmeli ki, Avropa mahkemesini\u00f1 belli tecribesi \u015fun\u0131 k\u00f6stere ki taqiqatn\u0131\u00f1 ba\u015f\u0131nda apiske aluv aq\u0131lane ve do\u011fru \u00e7aredir, l\u00e2kin vaq\u0131t ke\u00e7tik\u00e7e azatl\u0131qtan mahrum etmek i\u00e7\u00fcn esas qalmay. A. Lesovoyn\u0131\u00f1 aytqan\u0131na k\u00f6re mahkeme topla\u015fuv\u0131nda seslendirilgen deliller \u015fun\u0131 isbatlay ki Hayser Cemilev Fevzi Edemovn\u0131 esalet \u00f6ld\u00fcrmedi. &#8220;Hayser Cemilevni\u00f1 kendisi diqqats\u0131zl\u0131qtan \u00f6l\u00fcm y\u00fcz berdi, dep ayta&#8221;, &#8211; qayd etti Lessovoy.<\/p>\n\n\n\n<p>A. Lesovoyn\u0131\u00f1 fikrince \u00f6ld\u00fcrmek niyeti olma\u011fan\u0131n\u0131 adiseni\u00f1 y\u00fcz bergen vaqt\u0131 da k\u00f6stere. &#8220;Fevzi Edemov gecesi, i\u00e7 bir kimse olma\u011fan yerde, gizli \u015fekilde degil de, k\u00fcnd\u00fcz qararnen saat 15.30-da qasaban\u0131\u00f1 merkezinde, qom\u015fu evlerde sakinleri bulun\u011fan bir vaq\u0131tta \u00f6ld\u00fcrildi. Demek, H. Cemilev yukar\u0131daki \u015fartlar alt\u0131nda \u00f6ld\u00fcrmeye kararl\u0131 olamazd\u0131&#8221;. Advokat \u015fu\u00f1a da diqqatn\u0131 \u00e7eke ki, Hayser Cemilev facia y\u00fcz bergen yerden qa\u00e7ma\u011fa, areketlerini\u00f1 izlerini yoq etmege t\u0131r\u0131\u015fmad\u0131, militsiya kelgenge qadar bekledi, muqayts\u0131zl\u0131\u011f\u0131 sebebinden \u00f6l\u00fcm y\u00fcz bergeni aqq\u0131nda aytt\u0131, adise aqq\u0131nda babas\u0131na haber berip, tez yetip kelmesini rica etti.<\/p>\n\n\n\n<p>Hayser Cemilevni\u00f1 qor\u00e7alay\u0131c\u0131s\u0131 \u00fc\u00e7 qur\u015fun tap\u0131l\u011fan\u0131 aqq\u0131nda mahkeme ekspertlerini\u00f1 hul\u00e2salar\u0131na qadar s\u00f6ylemek do\u011fru degil, dedi.<br><br>&#8220;Mahkeme-tibbiy ekspert adise y\u00fcz bergen yerni keregi kibi \u00f6grenip, \u00f6z hul\u00e2sas\u0131nda i\u015fletip yek\u00fcn \u00e7ekmegence biz facia ol\u011fan yerde qa\u00e7 kere qur\u015fun at\u0131l\u011fan\u0131n\u0131 bilmemiz&#8221;, &#8211; dep qayd etti A. Lessovoy ve adise y\u00fcz bergen yerde bir gilza tap\u0131l\u011fan\u0131na diqqatn\u0131 celp etti.<\/p>\n","protected":false},"excerpt":{"rendered":"<p>2013 senesi may\u0131s 28-de Aqmescit \u015feeri Kiyevskiy rayon mahkemesinde Meclis reisini\u00f1 o\u011flu Hayser Cemilevni q\u0131s\u0131tlama \u00fczerinde mahkeme topla\u015fuv\u0131 old\u0131. Mahkeme qarar\u0131na k\u00f6re Hayser Cemilev 2013 senesi iy\u00fcl 25-ke qadar (60 k\u00fcn) Aqmescitte hapiste tutuqlanacaq. Qararn\u0131 Kiyevskiy rayon mahkemesini\u00f1 akemi Viktor Mogil\u00e2nskiy oqup e\u015fittirdi. Hayser Cemilevni makhemede qor\u00e7alaycaq advokat Aleksandr Lessovoy aytqan\u0131na k\u00f6re a\u011f\u0131r aqibet ve [&hellip;]<\/p>\n","protected":false},"author":1,"featured_media":0,"comment_status":"open","ping_status":"open","sticky":false,"template":"","format":"standard","meta":{"inline_featured_image":false,"footnotes":""},"categories":[265],"tags":[],"class_list":["post-37832","post","type-post","status-publish","format-standard","hentry","category-haberler"],"acf":[],"yoast_head":"<!-- This site is optimized with the Yoast SEO plugin v27.4 - https:\/\/yoast.com\/product\/yoast-seo-wordpress\/ -->\n<title>Hayser Cemilev Mahkeme qarar\u0131na binaen 2013 senesi iy\u00fcl 25-ke qadar Aqmescitte hapiste tutulacaq - \u041c\u0435\u0434\u0436\u043b\u0456\u0441<\/title>\n<meta name=\"robots\" content=\"index, follow, max-snippet:-1, max-image-preview:large, max-video-preview:-1\" \/>\n<link rel=\"canonical\" href=\"https:\/\/qtmm.org\/qt\/hayser-cemilev-mahkeme-qararina-binaen-2013-senesi-iyul-25-ke-qadar-aqmescitte-hapiste-tutulacaq\/\" \/>\n<meta property=\"og:locale\" content=\"en_US\" \/>\n<meta property=\"og:type\" content=\"article\" \/>\n<meta property=\"og:title\" content=\"Hayser Cemilev Mahkeme qarar\u0131na binaen 2013 senesi iy\u00fcl 25-ke qadar Aqmescitte hapiste tutulacaq - \u041c\u0435\u0434\u0436\u043b\u0456\u0441\" \/>\n<meta property=\"og:description\" content=\"2013 senesi may\u0131s 28-de Aqmescit \u015feeri Kiyevskiy rayon mahkemesinde Meclis reisini\u00f1 o\u011flu Hayser Cemilevni q\u0131s\u0131tlama \u00fczerinde mahkeme topla\u015fuv\u0131 old\u0131. Mahkeme qarar\u0131na k\u00f6re Hayser Cemilev 2013 senesi iy\u00fcl 25-ke qadar (60 k\u00fcn) Aqmescitte hapiste tutuqlanacaq. Qararn\u0131 Kiyevskiy rayon mahkemesini\u00f1 akemi Viktor Mogil\u00e2nskiy oqup e\u015fittirdi. Hayser Cemilevni makhemede qor\u00e7alaycaq advokat Aleksandr Lessovoy aytqan\u0131na k\u00f6re a\u011f\u0131r aqibet ve [&hellip;]\" \/>\n<meta property=\"og:url\" content=\"https:\/\/qtmm.org\/qt\/hayser-cemilev-mahkeme-qararina-binaen-2013-senesi-iyul-25-ke-qadar-aqmescitte-hapiste-tutulacaq\/\" \/>\n<meta property=\"og:site_name\" content=\"\u041c\u0435\u0434\u0436\u043b\u0456\u0441\" \/>\n<meta property=\"article:publisher\" content=\"https:\/\/www.facebook.com\/qtmm.info\/\" \/>\n<meta property=\"article:published_time\" content=\"2013-05-27T21:09:00+00:00\" \/>\n<meta property=\"article:modified_time\" content=\"2022-01-23T21:09:56+00:00\" \/>\n<meta name=\"author\" content=\"Developer\" \/>\n<meta name=\"twitter:card\" content=\"summary_large_image\" \/>\n<meta name=\"twitter:label1\" content=\"Written by\" \/>\n\t<meta name=\"twitter:data1\" content=\"Developer\" \/>\n\t<meta name=\"twitter:label2\" content=\"Est. reading time\" \/>\n\t<meta name=\"twitter:data2\" content=\"2 minutes\" \/>\n<script type=\"application\/ld+json\" class=\"yoast-schema-graph\">{\"@context\":\"https:\\\/\\\/schema.org\",\"@graph\":[{\"@type\":\"Article\",\"@id\":\"https:\\\/\\\/qtmm.org\\\/qt\\\/hayser-cemilev-mahkeme-qararina-binaen-2013-senesi-iyul-25-ke-qadar-aqmescitte-hapiste-tutulacaq\\\/#article\",\"isPartOf\":{\"@id\":\"https:\\\/\\\/qtmm.org\\\/qt\\\/hayser-cemilev-mahkeme-qararina-binaen-2013-senesi-iyul-25-ke-qadar-aqmescitte-hapiste-tutulacaq\\\/\"},\"author\":{\"name\":\"Developer\",\"@id\":\"https:\\\/\\\/qtmm.org\\\/qt\\\/#\\\/schema\\\/person\\\/de562469f971dec226ac06e60bbf74a7\"},\"headline\":\"Hayser Cemilev Mahkeme qarar\u0131na binaen 2013 senesi iy\u00fcl 25-ke qadar Aqmescitte hapiste tutulacaq\",\"datePublished\":\"2013-05-27T21:09:00+00:00\",\"dateModified\":\"2022-01-23T21:09:56+00:00\",\"mainEntityOfPage\":{\"@id\":\"https:\\\/\\\/qtmm.org\\\/qt\\\/hayser-cemilev-mahkeme-qararina-binaen-2013-senesi-iyul-25-ke-qadar-aqmescitte-hapiste-tutulacaq\\\/\"},\"wordCount\":458,\"commentCount\":0,\"publisher\":{\"@id\":\"https:\\\/\\\/qtmm.org\\\/qt\\\/#organization\"},\"articleSection\":[\"Haberler\"],\"inLanguage\":\"qt\",\"potentialAction\":[{\"@type\":\"CommentAction\",\"name\":\"Comment\",\"target\":[\"https:\\\/\\\/qtmm.org\\\/qt\\\/hayser-cemilev-mahkeme-qararina-binaen-2013-senesi-iyul-25-ke-qadar-aqmescitte-hapiste-tutulacaq\\\/#respond\"]}]},{\"@type\":\"WebPage\",\"@id\":\"https:\\\/\\\/qtmm.org\\\/qt\\\/hayser-cemilev-mahkeme-qararina-binaen-2013-senesi-iyul-25-ke-qadar-aqmescitte-hapiste-tutulacaq\\\/\",\"url\":\"https:\\\/\\\/qtmm.org\\\/qt\\\/hayser-cemilev-mahkeme-qararina-binaen-2013-senesi-iyul-25-ke-qadar-aqmescitte-hapiste-tutulacaq\\\/\",\"name\":\"Hayser Cemilev Mahkeme qarar\u0131na binaen 2013 senesi iy\u00fcl 25-ke qadar Aqmescitte hapiste tutulacaq - \u041c\u0435\u0434\u0436\u043b\u0456\u0441\",\"isPartOf\":{\"@id\":\"https:\\\/\\\/qtmm.org\\\/qt\\\/#website\"},\"datePublished\":\"2013-05-27T21:09:00+00:00\",\"dateModified\":\"2022-01-23T21:09:56+00:00\",\"breadcrumb\":{\"@id\":\"https:\\\/\\\/qtmm.org\\\/qt\\\/hayser-cemilev-mahkeme-qararina-binaen-2013-senesi-iyul-25-ke-qadar-aqmescitte-hapiste-tutulacaq\\\/#breadcrumb\"},\"inLanguage\":\"qt\",\"potentialAction\":[{\"@type\":\"ReadAction\",\"target\":[\"https:\\\/\\\/qtmm.org\\\/qt\\\/hayser-cemilev-mahkeme-qararina-binaen-2013-senesi-iyul-25-ke-qadar-aqmescitte-hapiste-tutulacaq\\\/\"]}]},{\"@type\":\"BreadcrumbList\",\"@id\":\"https:\\\/\\\/qtmm.org\\\/qt\\\/hayser-cemilev-mahkeme-qararina-binaen-2013-senesi-iyul-25-ke-qadar-aqmescitte-hapiste-tutulacaq\\\/#breadcrumb\",\"itemListElement\":[{\"@type\":\"ListItem\",\"position\":1,\"name\":\"\u0413\u043e\u043b\u043e\u0432\u043d\u0430\",\"item\":\"https:\\\/\\\/qtmm.org\\\/qt\\\/\"},{\"@type\":\"ListItem\",\"position\":2,\"name\":\"Hayser Cemilev Mahkeme qarar\u0131na binaen 2013 senesi iy\u00fcl 25-ke qadar Aqmescitte hapiste tutulacaq\"}]},{\"@type\":\"WebSite\",\"@id\":\"https:\\\/\\\/qtmm.org\\\/qt\\\/#website\",\"url\":\"https:\\\/\\\/qtmm.org\\\/qt\\\/\",\"name\":\"\u041c\u0435\u0434\u0436\u043b\u0456\u0441\",\"description\":\"\",\"publisher\":{\"@id\":\"https:\\\/\\\/qtmm.org\\\/qt\\\/#organization\"},\"potentialAction\":[{\"@type\":\"SearchAction\",\"target\":{\"@type\":\"EntryPoint\",\"urlTemplate\":\"https:\\\/\\\/qtmm.org\\\/qt\\\/?s={search_term_string}\"},\"query-input\":{\"@type\":\"PropertyValueSpecification\",\"valueRequired\":true,\"valueName\":\"search_term_string\"}}],\"inLanguage\":\"qt\"},{\"@type\":\"Organization\",\"@id\":\"https:\\\/\\\/qtmm.org\\\/qt\\\/#organization\",\"name\":\"\u041c\u0435\u0434\u0436\u043b\u0456\u0441\",\"url\":\"https:\\\/\\\/qtmm.org\\\/qt\\\/\",\"logo\":{\"@type\":\"ImageObject\",\"inLanguage\":\"qt\",\"@id\":\"https:\\\/\\\/qtmm.org\\\/qt\\\/#\\\/schema\\\/logo\\\/image\\\/\",\"url\":\"https:\\\/\\\/qtmm.org\\\/wp-content\\\/uploads\\\/2024\\\/12\\\/ua-mejlis-logo-rgb.svg\",\"contentUrl\":\"https:\\\/\\\/qtmm.org\\\/wp-content\\\/uploads\\\/2024\\\/12\\\/ua-mejlis-logo-rgb.svg\",\"caption\":\"\u041c\u0435\u0434\u0436\u043b\u0456\u0441\"},\"image\":{\"@id\":\"https:\\\/\\\/qtmm.org\\\/qt\\\/#\\\/schema\\\/logo\\\/image\\\/\"},\"sameAs\":[\"https:\\\/\\\/www.facebook.com\\\/qtmm.info\\\/\"]},{\"@type\":\"Person\",\"@id\":\"https:\\\/\\\/qtmm.org\\\/qt\\\/#\\\/schema\\\/person\\\/de562469f971dec226ac06e60bbf74a7\",\"name\":\"Developer\",\"image\":{\"@type\":\"ImageObject\",\"inLanguage\":\"qt\",\"@id\":\"https:\\\/\\\/secure.gravatar.com\\\/avatar\\\/392b4cc8fbfeb00b39dfeeab4ee6edded39ffd48e25858637e4765810300227e?s=96&d=mm&r=g\",\"url\":\"https:\\\/\\\/secure.gravatar.com\\\/avatar\\\/392b4cc8fbfeb00b39dfeeab4ee6edded39ffd48e25858637e4765810300227e?s=96&d=mm&r=g\",\"contentUrl\":\"https:\\\/\\\/secure.gravatar.com\\\/avatar\\\/392b4cc8fbfeb00b39dfeeab4ee6edded39ffd48e25858637e4765810300227e?s=96&d=mm&r=g\",\"caption\":\"Developer\"},\"url\":\"https:\\\/\\\/qtmm.org\\\/qt\\\/author\\\/Developer\\\/\"}]}<\/script>\n<!-- \/ Yoast SEO plugin. -->","yoast_head_json":{"title":"Hayser Cemilev Mahkeme qarar\u0131na binaen 2013 senesi iy\u00fcl 25-ke qadar Aqmescitte hapiste tutulacaq - \u041c\u0435\u0434\u0436\u043b\u0456\u0441","robots":{"index":"index","follow":"follow","max-snippet":"max-snippet:-1","max-image-preview":"max-image-preview:large","max-video-preview":"max-video-preview:-1"},"canonical":"https:\/\/qtmm.org\/qt\/hayser-cemilev-mahkeme-qararina-binaen-2013-senesi-iyul-25-ke-qadar-aqmescitte-hapiste-tutulacaq\/","og_locale":"en_US","og_type":"article","og_title":"Hayser Cemilev Mahkeme qarar\u0131na binaen 2013 senesi iy\u00fcl 25-ke qadar Aqmescitte hapiste tutulacaq - \u041c\u0435\u0434\u0436\u043b\u0456\u0441","og_description":"2013 senesi may\u0131s 28-de Aqmescit \u015feeri Kiyevskiy rayon mahkemesinde Meclis reisini\u00f1 o\u011flu Hayser Cemilevni q\u0131s\u0131tlama \u00fczerinde mahkeme topla\u015fuv\u0131 old\u0131. Mahkeme qarar\u0131na k\u00f6re Hayser Cemilev 2013 senesi iy\u00fcl 25-ke qadar (60 k\u00fcn) Aqmescitte hapiste tutuqlanacaq. Qararn\u0131 Kiyevskiy rayon mahkemesini\u00f1 akemi Viktor Mogil\u00e2nskiy oqup e\u015fittirdi. Hayser Cemilevni makhemede qor\u00e7alaycaq advokat Aleksandr Lessovoy aytqan\u0131na k\u00f6re a\u011f\u0131r aqibet ve [&hellip;]","og_url":"https:\/\/qtmm.org\/qt\/hayser-cemilev-mahkeme-qararina-binaen-2013-senesi-iyul-25-ke-qadar-aqmescitte-hapiste-tutulacaq\/","og_site_name":"\u041c\u0435\u0434\u0436\u043b\u0456\u0441","article_publisher":"https:\/\/www.facebook.com\/qtmm.info\/","article_published_time":"2013-05-27T21:09:00+00:00","article_modified_time":"2022-01-23T21:09:56+00:00","author":"Developer","twitter_card":"summary_large_image","twitter_misc":{"Written by":"Developer","Est. reading time":"2 minutes"},"schema":{"@context":"https:\/\/schema.org","@graph":[{"@type":"Article","@id":"https:\/\/qtmm.org\/qt\/hayser-cemilev-mahkeme-qararina-binaen-2013-senesi-iyul-25-ke-qadar-aqmescitte-hapiste-tutulacaq\/#article","isPartOf":{"@id":"https:\/\/qtmm.org\/qt\/hayser-cemilev-mahkeme-qararina-binaen-2013-senesi-iyul-25-ke-qadar-aqmescitte-hapiste-tutulacaq\/"},"author":{"name":"Developer","@id":"https:\/\/qtmm.org\/qt\/#\/schema\/person\/de562469f971dec226ac06e60bbf74a7"},"headline":"Hayser Cemilev Mahkeme qarar\u0131na binaen 2013 senesi iy\u00fcl 25-ke qadar Aqmescitte hapiste tutulacaq","datePublished":"2013-05-27T21:09:00+00:00","dateModified":"2022-01-23T21:09:56+00:00","mainEntityOfPage":{"@id":"https:\/\/qtmm.org\/qt\/hayser-cemilev-mahkeme-qararina-binaen-2013-senesi-iyul-25-ke-qadar-aqmescitte-hapiste-tutulacaq\/"},"wordCount":458,"commentCount":0,"publisher":{"@id":"https:\/\/qtmm.org\/qt\/#organization"},"articleSection":["Haberler"],"inLanguage":"qt","potentialAction":[{"@type":"CommentAction","name":"Comment","target":["https:\/\/qtmm.org\/qt\/hayser-cemilev-mahkeme-qararina-binaen-2013-senesi-iyul-25-ke-qadar-aqmescitte-hapiste-tutulacaq\/#respond"]}]},{"@type":"WebPage","@id":"https:\/\/qtmm.org\/qt\/hayser-cemilev-mahkeme-qararina-binaen-2013-senesi-iyul-25-ke-qadar-aqmescitte-hapiste-tutulacaq\/","url":"https:\/\/qtmm.org\/qt\/hayser-cemilev-mahkeme-qararina-binaen-2013-senesi-iyul-25-ke-qadar-aqmescitte-hapiste-tutulacaq\/","name":"Hayser Cemilev Mahkeme qarar\u0131na binaen 2013 senesi iy\u00fcl 25-ke qadar Aqmescitte hapiste tutulacaq - \u041c\u0435\u0434\u0436\u043b\u0456\u0441","isPartOf":{"@id":"https:\/\/qtmm.org\/qt\/#website"},"datePublished":"2013-05-27T21:09:00+00:00","dateModified":"2022-01-23T21:09:56+00:00","breadcrumb":{"@id":"https:\/\/qtmm.org\/qt\/hayser-cemilev-mahkeme-qararina-binaen-2013-senesi-iyul-25-ke-qadar-aqmescitte-hapiste-tutulacaq\/#breadcrumb"},"inLanguage":"qt","potentialAction":[{"@type":"ReadAction","target":["https:\/\/qtmm.org\/qt\/hayser-cemilev-mahkeme-qararina-binaen-2013-senesi-iyul-25-ke-qadar-aqmescitte-hapiste-tutulacaq\/"]}]},{"@type":"BreadcrumbList","@id":"https:\/\/qtmm.org\/qt\/hayser-cemilev-mahkeme-qararina-binaen-2013-senesi-iyul-25-ke-qadar-aqmescitte-hapiste-tutulacaq\/#breadcrumb","itemListElement":[{"@type":"ListItem","position":1,"name":"\u0413\u043e\u043b\u043e\u0432\u043d\u0430","item":"https:\/\/qtmm.org\/qt\/"},{"@type":"ListItem","position":2,"name":"Hayser Cemilev Mahkeme qarar\u0131na binaen 2013 senesi iy\u00fcl 25-ke qadar Aqmescitte hapiste tutulacaq"}]},{"@type":"WebSite","@id":"https:\/\/qtmm.org\/qt\/#website","url":"https:\/\/qtmm.org\/qt\/","name":"\u041c\u0435\u0434\u0436\u043b\u0456\u0441","description":"","publisher":{"@id":"https:\/\/qtmm.org\/qt\/#organization"},"potentialAction":[{"@type":"SearchAction","target":{"@type":"EntryPoint","urlTemplate":"https:\/\/qtmm.org\/qt\/?s={search_term_string}"},"query-input":{"@type":"PropertyValueSpecification","valueRequired":true,"valueName":"search_term_string"}}],"inLanguage":"qt"},{"@type":"Organization","@id":"https:\/\/qtmm.org\/qt\/#organization","name":"\u041c\u0435\u0434\u0436\u043b\u0456\u0441","url":"https:\/\/qtmm.org\/qt\/","logo":{"@type":"ImageObject","inLanguage":"qt","@id":"https:\/\/qtmm.org\/qt\/#\/schema\/logo\/image\/","url":"https:\/\/qtmm.org\/wp-content\/uploads\/2024\/12\/ua-mejlis-logo-rgb.svg","contentUrl":"https:\/\/qtmm.org\/wp-content\/uploads\/2024\/12\/ua-mejlis-logo-rgb.svg","caption":"\u041c\u0435\u0434\u0436\u043b\u0456\u0441"},"image":{"@id":"https:\/\/qtmm.org\/qt\/#\/schema\/logo\/image\/"},"sameAs":["https:\/\/www.facebook.com\/qtmm.info\/"]},{"@type":"Person","@id":"https:\/\/qtmm.org\/qt\/#\/schema\/person\/de562469f971dec226ac06e60bbf74a7","name":"Developer","image":{"@type":"ImageObject","inLanguage":"qt","@id":"https:\/\/secure.gravatar.com\/avatar\/392b4cc8fbfeb00b39dfeeab4ee6edded39ffd48e25858637e4765810300227e?s=96&d=mm&r=g","url":"https:\/\/secure.gravatar.com\/avatar\/392b4cc8fbfeb00b39dfeeab4ee6edded39ffd48e25858637e4765810300227e?s=96&d=mm&r=g","contentUrl":"https:\/\/secure.gravatar.com\/avatar\/392b4cc8fbfeb00b39dfeeab4ee6edded39ffd48e25858637e4765810300227e?s=96&d=mm&r=g","caption":"Developer"},"url":"https:\/\/qtmm.org\/qt\/author\/Developer\/"}]}},"_links":{"self":[{"href":"https:\/\/qtmm.org\/qt\/wp-json\/wp\/v2\/posts\/37832","targetHints":{"allow":["GET"]}}],"collection":[{"href":"https:\/\/qtmm.org\/qt\/wp-json\/wp\/v2\/posts"}],"about":[{"href":"https:\/\/qtmm.org\/qt\/wp-json\/wp\/v2\/types\/post"}],"author":[{"embeddable":true,"href":"https:\/\/qtmm.org\/qt\/wp-json\/wp\/v2\/users\/1"}],"replies":[{"embeddable":true,"href":"https:\/\/qtmm.org\/qt\/wp-json\/wp\/v2\/comments?post=37832"}],"version-history":[{"count":1,"href":"https:\/\/qtmm.org\/qt\/wp-json\/wp\/v2\/posts\/37832\/revisions"}],"predecessor-version":[{"id":37833,"href":"https:\/\/qtmm.org\/qt\/wp-json\/wp\/v2\/posts\/37832\/revisions\/37833"}],"wp:attachment":[{"href":"https:\/\/qtmm.org\/qt\/wp-json\/wp\/v2\/media?parent=37832"}],"wp:term":[{"taxonomy":"category","embeddable":true,"href":"https:\/\/qtmm.org\/qt\/wp-json\/wp\/v2\/categories?post=37832"},{"taxonomy":"post_tag","embeddable":true,"href":"https:\/\/qtmm.org\/qt\/wp-json\/wp\/v2\/tags?post=37832"}],"curies":[{"name":"wp","href":"https:\/\/api.w.org\/{rel}","templated":true}]}}