




{"id":37776,"date":"2013-05-28T00:04:00","date_gmt":"2013-05-27T21:04:00","guid":{"rendered":"http:\/\/qtmm.org\/?p=37776"},"modified":"2022-01-24T00:04:42","modified_gmt":"2022-01-23T21:04:42","slug":"mustafa-cemilev-turkiye-bas-naziri-recep-erdoganga-sanki-menim-adimdan-yazilip-milli-firqa-saytinda-yayinlangan-mektup-sahtedir","status":"publish","type":"post","link":"https:\/\/qtmm.org\/qt\/mustafa-cemilev-turkiye-bas-naziri-recep-erdoganga-sanki-menim-adimdan-yazilip-milli-firqa-saytinda-yayinlangan-mektup-sahtedir\/","title":{"rendered":"Mustafa Cemilev: T\u00fcrkiye Ba\u015f naziri Recep Erdo\u011fan\u011fa sanki menim ad\u0131mdan yaz\u0131l\u0131p, Milli Firqa sayt\u0131nda yay\u0131nlan\u011fan mekt\u00fcp sahtedir"},"content":{"rendered":"\n<p>Milliy Firqa sayt\u0131nda sanki Milliy Meclis reisi, Ukraina halq deputat\u0131 Mustafa Cemilevni\u00f1 ad\u0131ndan T\u00fcrkiye Ba\u015f naziri Recep Erdo\u011fan\u011fa yaz\u0131l\u011fan mekt\u00fcp sahtedir<\/p>\n\n\n\n<p>&#8220;Meclis blank\u0131nda resmiy mekt\u00fcp olaraq k\u00f6sterilgen yaz\u0131 as\u0131l\u0131nda sahtedir. B\u00f6yle uydurman\u0131\u00f1 m\u00fcellifleri &#8220;\u015fa\u015f\u0131rt\u0131c\u0131 haber&#8221; olaraq k\u00f6stermege t\u0131r\u0131\u015ft\u0131\u011f\u0131 bir \u00e7oq \u015feyler aqiqatqa i\u00e7 uymay&#8221;, &#8211; dedi Meclis reisi Mustafa Cemilev.<br><br>Meclis reisi bun\u0131\u00f1 kibi de dedi ki, sahte yaz\u0131larn\u0131 uydur\u011fan \u015fah\u0131slarn\u0131\u00f1 maqsadlar\u0131 qav\u011fa-dava \u00e7\u0131qarmaq ol\u011fan\u0131n\u0131 mekt\u00fcpteki bir s\u0131ra ya\u00f1l\u0131\u015flar k\u00f6stere.<\/p>\n\n\n\n<p>&#8220;Meclis k\u00e2tibiyeti endi \u00e7oqtan Meclis blanklar\u0131n\u0131\u00f1 ya\u00f1\u0131 \u015fekilini qullan\u0131p, sahte mekt\u00fcpte k\u00f6sterilgen nomer ve vaqt\u0131 boyunca Mecliste b\u00f6yle m\u00fcndericeli i\u00e7 bir mekt\u00fcp qayd etilmegen, &#8211; diye tasdiqlad\u0131 M.Cemilev. \u2013 Bundan da \u011fayr\u0131 2012 senesi noyabr 13-te \u2116 251-01 nomerli mekt\u00fcp &#8211; bu Q\u0131r\u0131m Nazirler \u015euras\u0131 yan\u0131nda Topraq komissiyas\u0131n\u0131\u00f1 azas\u0131, menim yard\u0131mc\u0131m-mesleat\u00e7\u0131m Zevcet Qurt\u00fcmerovn\u0131\u00f1 imzas\u0131nen Molod\u00f6jnoye k\u00f6y \u015furas\u0131 reisini\u00f1 vazifesini eda etici O.Basenko\u011fa topraq meselesi boyunca yollan\u0131l\u011fan mekt\u00fcptir&#8221;.<\/p>\n\n\n\n<p>M. Cemilevni\u00f1 s\u00f6zlerine k\u00f6re, kendisini Mecliske muhalifet olaraq k\u00f6stergen cemaat te\u015fkil\u00e2t\u0131n\u0131\u00f1 sayt\u0131nda bas\u0131l\u011fan sahte mekt\u00fcp savads\u0131z ve pek \u00e7oq hatalarnen yaz\u0131l\u011fan, em T\u00fcrkiye Ba\u015f nazirini\u00f1, em Meclis reisini\u00f1 vazifesi ve ad\u0131 ya\u00f1l\u0131g\u015f yaz\u0131l\u011fan.<\/p>\n\n\n\n<p>&#8220;Mekt\u00fcp yaz\u0131l\u011fan vaq\u0131t ve on\u0131\u00f1 nomerini Meclis k\u00e2tibiyetinde elnen yaz\u0131la, sahte mekt\u00fcptekisi ise bilgisayarda bas\u0131l\u011fan, &#8211; devam etti Cemilev. \u2013 Metinni oqurken, \u00f6yle fikir kele ki, sahte mekt\u00fcpni\u00f1 m\u00fcellifleri t\u00fcrk\u00e7ege bilgisayar terciman\u0131 vastas\u0131nen \u00e7evirgenler&#8221;, &#8211; dedi M. Cemilev.<br><br>Meclis reisi \u015fun\u0131 da bildirdi ki, T\u00fcrkiye Ba\u015f naziri Recep Erdo\u011fan\u011fa 2012 senesi sent\u00e2br 13-te mekt\u00fcp yaz\u0131p, on\u0131\u00f1 nomeri b\u00f6yle edi: \u2116 225-03\/01.<\/p>\n\n\n\n<p>&#8220;Mezk\u00fcr mekt\u00fcpni kendim \u015fahsen yazd\u0131m ve T\u00fcrkiye Ba\u015f naziri Recep Tayip Erdo\u011fan Meclis ile resmiy k\u00f6r\u00fc\u015fken vaq\u0131tta yani Yaltada 2012 senesi sent\u00e2br 13-te bivasta eline berdim, &#8211; dedi Cemilev. &#8211; \u2116 225-03\/01 raqaml\u0131 2012 senesi sent\u00e2br 13-te yaz\u0131l\u011fan mekt\u00fcpte Q\u0131r\u0131mda bir s\u0131ra medeniy ve i\u00e7timaiy programmalarn\u0131\u00f1 ker\u00e2\u00e7ekle\u015fmesi, c\u00fcmleden milliy mektep ve s\u00fcrg\u00fcnden qaytqanlar i\u00e7\u00fcn mesken evler quruc\u0131l\u0131\u011f\u0131, QMPU maddiy bazas\u0131n\u0131\u00f1 pekitilmesi, B\u00fcy\u00fck Cuma cami quruc\u0131l\u0131\u011f\u0131 meseleleri aks ettirildi.<\/p>\n","protected":false},"excerpt":{"rendered":"<p>Milliy Firqa sayt\u0131nda sanki Milliy Meclis reisi, Ukraina halq deputat\u0131 Mustafa Cemilevni\u00f1 ad\u0131ndan T\u00fcrkiye Ba\u015f naziri Recep Erdo\u011fan\u011fa yaz\u0131l\u011fan mekt\u00fcp sahtedir &#8220;Meclis blank\u0131nda resmiy mekt\u00fcp olaraq k\u00f6sterilgen yaz\u0131 as\u0131l\u0131nda sahtedir. B\u00f6yle uydurman\u0131\u00f1 m\u00fcellifleri &#8220;\u015fa\u015f\u0131rt\u0131c\u0131 haber&#8221; olaraq k\u00f6stermege t\u0131r\u0131\u015ft\u0131\u011f\u0131 bir \u00e7oq \u015feyler aqiqatqa i\u00e7 uymay&#8221;, &#8211; dedi Meclis reisi Mustafa Cemilev. Meclis reisi bun\u0131\u00f1 kibi de [&hellip;]<\/p>\n","protected":false},"author":1,"featured_media":0,"comment_status":"open","ping_status":"open","sticky":false,"template":"","format":"standard","meta":{"inline_featured_image":false,"footnotes":""},"categories":[265],"tags":[],"class_list":["post-37776","post","type-post","status-publish","format-standard","hentry","category-haberler"],"acf":[],"yoast_head":"<!-- This site is optimized with the Yoast SEO plugin v27.4 - https:\/\/yoast.com\/product\/yoast-seo-wordpress\/ -->\n<title>Mustafa Cemilev: T\u00fcrkiye Ba\u015f naziri Recep Erdo\u011fan\u011fa sanki menim ad\u0131mdan yaz\u0131l\u0131p, Milli Firqa sayt\u0131nda yay\u0131nlan\u011fan mekt\u00fcp sahtedir - \u041c\u0435\u0434\u0436\u043b\u0456\u0441<\/title>\n<meta name=\"robots\" content=\"index, follow, max-snippet:-1, max-image-preview:large, max-video-preview:-1\" \/>\n<link rel=\"canonical\" href=\"https:\/\/qtmm.org\/qt\/mustafa-cemilev-turkiye-bas-naziri-recep-erdoganga-sanki-menim-adimdan-yazilip-milli-firqa-saytinda-yayinlangan-mektup-sahtedir\/\" \/>\n<meta property=\"og:locale\" content=\"en_US\" \/>\n<meta property=\"og:type\" content=\"article\" \/>\n<meta property=\"og:title\" content=\"Mustafa Cemilev: T\u00fcrkiye Ba\u015f naziri Recep Erdo\u011fan\u011fa sanki menim ad\u0131mdan yaz\u0131l\u0131p, Milli Firqa sayt\u0131nda yay\u0131nlan\u011fan mekt\u00fcp sahtedir - \u041c\u0435\u0434\u0436\u043b\u0456\u0441\" \/>\n<meta property=\"og:description\" content=\"Milliy Firqa sayt\u0131nda sanki Milliy Meclis reisi, Ukraina halq deputat\u0131 Mustafa Cemilevni\u00f1 ad\u0131ndan T\u00fcrkiye Ba\u015f naziri Recep Erdo\u011fan\u011fa yaz\u0131l\u011fan mekt\u00fcp sahtedir &#8220;Meclis blank\u0131nda resmiy mekt\u00fcp olaraq k\u00f6sterilgen yaz\u0131 as\u0131l\u0131nda sahtedir. B\u00f6yle uydurman\u0131\u00f1 m\u00fcellifleri &#8220;\u015fa\u015f\u0131rt\u0131c\u0131 haber&#8221; olaraq k\u00f6stermege t\u0131r\u0131\u015ft\u0131\u011f\u0131 bir \u00e7oq \u015feyler aqiqatqa i\u00e7 uymay&#8221;, &#8211; dedi Meclis reisi Mustafa Cemilev. Meclis reisi bun\u0131\u00f1 kibi de [&hellip;]\" \/>\n<meta property=\"og:url\" content=\"https:\/\/qtmm.org\/qt\/mustafa-cemilev-turkiye-bas-naziri-recep-erdoganga-sanki-menim-adimdan-yazilip-milli-firqa-saytinda-yayinlangan-mektup-sahtedir\/\" \/>\n<meta property=\"og:site_name\" content=\"\u041c\u0435\u0434\u0436\u043b\u0456\u0441\" \/>\n<meta property=\"article:publisher\" content=\"https:\/\/www.facebook.com\/qtmm.info\/\" \/>\n<meta property=\"article:published_time\" content=\"2013-05-27T21:04:00+00:00\" \/>\n<meta property=\"article:modified_time\" content=\"2022-01-23T21:04:42+00:00\" \/>\n<meta name=\"author\" content=\"Developer\" \/>\n<meta name=\"twitter:card\" content=\"summary_large_image\" \/>\n<meta name=\"twitter:label1\" content=\"Written by\" \/>\n\t<meta name=\"twitter:data1\" content=\"Developer\" \/>\n\t<meta name=\"twitter:label2\" content=\"Est. reading time\" \/>\n\t<meta name=\"twitter:data2\" content=\"2 minutes\" \/>\n<script type=\"application\/ld+json\" class=\"yoast-schema-graph\">{\"@context\":\"https:\\\/\\\/schema.org\",\"@graph\":[{\"@type\":\"Article\",\"@id\":\"https:\\\/\\\/qtmm.org\\\/qt\\\/mustafa-cemilev-turkiye-bas-naziri-recep-erdoganga-sanki-menim-adimdan-yazilip-milli-firqa-saytinda-yayinlangan-mektup-sahtedir\\\/#article\",\"isPartOf\":{\"@id\":\"https:\\\/\\\/qtmm.org\\\/qt\\\/mustafa-cemilev-turkiye-bas-naziri-recep-erdoganga-sanki-menim-adimdan-yazilip-milli-firqa-saytinda-yayinlangan-mektup-sahtedir\\\/\"},\"author\":{\"name\":\"Developer\",\"@id\":\"https:\\\/\\\/qtmm.org\\\/qt\\\/#\\\/schema\\\/person\\\/de562469f971dec226ac06e60bbf74a7\"},\"headline\":\"Mustafa Cemilev: T\u00fcrkiye Ba\u015f naziri Recep Erdo\u011fan\u011fa sanki menim ad\u0131mdan yaz\u0131l\u0131p, Milli Firqa sayt\u0131nda yay\u0131nlan\u011fan mekt\u00fcp sahtedir\",\"datePublished\":\"2013-05-27T21:04:00+00:00\",\"dateModified\":\"2022-01-23T21:04:42+00:00\",\"mainEntityOfPage\":{\"@id\":\"https:\\\/\\\/qtmm.org\\\/qt\\\/mustafa-cemilev-turkiye-bas-naziri-recep-erdoganga-sanki-menim-adimdan-yazilip-milli-firqa-saytinda-yayinlangan-mektup-sahtedir\\\/\"},\"wordCount\":441,\"commentCount\":0,\"publisher\":{\"@id\":\"https:\\\/\\\/qtmm.org\\\/qt\\\/#organization\"},\"articleSection\":[\"Haberler\"],\"inLanguage\":\"qt\",\"potentialAction\":[{\"@type\":\"CommentAction\",\"name\":\"Comment\",\"target\":[\"https:\\\/\\\/qtmm.org\\\/qt\\\/mustafa-cemilev-turkiye-bas-naziri-recep-erdoganga-sanki-menim-adimdan-yazilip-milli-firqa-saytinda-yayinlangan-mektup-sahtedir\\\/#respond\"]}]},{\"@type\":\"WebPage\",\"@id\":\"https:\\\/\\\/qtmm.org\\\/qt\\\/mustafa-cemilev-turkiye-bas-naziri-recep-erdoganga-sanki-menim-adimdan-yazilip-milli-firqa-saytinda-yayinlangan-mektup-sahtedir\\\/\",\"url\":\"https:\\\/\\\/qtmm.org\\\/qt\\\/mustafa-cemilev-turkiye-bas-naziri-recep-erdoganga-sanki-menim-adimdan-yazilip-milli-firqa-saytinda-yayinlangan-mektup-sahtedir\\\/\",\"name\":\"Mustafa Cemilev: T\u00fcrkiye Ba\u015f naziri Recep Erdo\u011fan\u011fa sanki menim ad\u0131mdan yaz\u0131l\u0131p, Milli Firqa sayt\u0131nda yay\u0131nlan\u011fan mekt\u00fcp sahtedir - \u041c\u0435\u0434\u0436\u043b\u0456\u0441\",\"isPartOf\":{\"@id\":\"https:\\\/\\\/qtmm.org\\\/qt\\\/#website\"},\"datePublished\":\"2013-05-27T21:04:00+00:00\",\"dateModified\":\"2022-01-23T21:04:42+00:00\",\"breadcrumb\":{\"@id\":\"https:\\\/\\\/qtmm.org\\\/qt\\\/mustafa-cemilev-turkiye-bas-naziri-recep-erdoganga-sanki-menim-adimdan-yazilip-milli-firqa-saytinda-yayinlangan-mektup-sahtedir\\\/#breadcrumb\"},\"inLanguage\":\"qt\",\"potentialAction\":[{\"@type\":\"ReadAction\",\"target\":[\"https:\\\/\\\/qtmm.org\\\/qt\\\/mustafa-cemilev-turkiye-bas-naziri-recep-erdoganga-sanki-menim-adimdan-yazilip-milli-firqa-saytinda-yayinlangan-mektup-sahtedir\\\/\"]}]},{\"@type\":\"BreadcrumbList\",\"@id\":\"https:\\\/\\\/qtmm.org\\\/qt\\\/mustafa-cemilev-turkiye-bas-naziri-recep-erdoganga-sanki-menim-adimdan-yazilip-milli-firqa-saytinda-yayinlangan-mektup-sahtedir\\\/#breadcrumb\",\"itemListElement\":[{\"@type\":\"ListItem\",\"position\":1,\"name\":\"\u0413\u043e\u043b\u043e\u0432\u043d\u0430\",\"item\":\"https:\\\/\\\/qtmm.org\\\/qt\\\/\"},{\"@type\":\"ListItem\",\"position\":2,\"name\":\"Mustafa Cemilev: T\u00fcrkiye Ba\u015f naziri Recep Erdo\u011fan\u011fa sanki menim ad\u0131mdan yaz\u0131l\u0131p, Milli Firqa sayt\u0131nda yay\u0131nlan\u011fan mekt\u00fcp sahtedir\"}]},{\"@type\":\"WebSite\",\"@id\":\"https:\\\/\\\/qtmm.org\\\/qt\\\/#website\",\"url\":\"https:\\\/\\\/qtmm.org\\\/qt\\\/\",\"name\":\"\u041c\u0435\u0434\u0436\u043b\u0456\u0441\",\"description\":\"\",\"publisher\":{\"@id\":\"https:\\\/\\\/qtmm.org\\\/qt\\\/#organization\"},\"potentialAction\":[{\"@type\":\"SearchAction\",\"target\":{\"@type\":\"EntryPoint\",\"urlTemplate\":\"https:\\\/\\\/qtmm.org\\\/qt\\\/?s={search_term_string}\"},\"query-input\":{\"@type\":\"PropertyValueSpecification\",\"valueRequired\":true,\"valueName\":\"search_term_string\"}}],\"inLanguage\":\"qt\"},{\"@type\":\"Organization\",\"@id\":\"https:\\\/\\\/qtmm.org\\\/qt\\\/#organization\",\"name\":\"\u041c\u0435\u0434\u0436\u043b\u0456\u0441\",\"url\":\"https:\\\/\\\/qtmm.org\\\/qt\\\/\",\"logo\":{\"@type\":\"ImageObject\",\"inLanguage\":\"qt\",\"@id\":\"https:\\\/\\\/qtmm.org\\\/qt\\\/#\\\/schema\\\/logo\\\/image\\\/\",\"url\":\"https:\\\/\\\/qtmm.org\\\/wp-content\\\/uploads\\\/2024\\\/12\\\/ua-mejlis-logo-rgb.svg\",\"contentUrl\":\"https:\\\/\\\/qtmm.org\\\/wp-content\\\/uploads\\\/2024\\\/12\\\/ua-mejlis-logo-rgb.svg\",\"caption\":\"\u041c\u0435\u0434\u0436\u043b\u0456\u0441\"},\"image\":{\"@id\":\"https:\\\/\\\/qtmm.org\\\/qt\\\/#\\\/schema\\\/logo\\\/image\\\/\"},\"sameAs\":[\"https:\\\/\\\/www.facebook.com\\\/qtmm.info\\\/\"]},{\"@type\":\"Person\",\"@id\":\"https:\\\/\\\/qtmm.org\\\/qt\\\/#\\\/schema\\\/person\\\/de562469f971dec226ac06e60bbf74a7\",\"name\":\"Developer\",\"image\":{\"@type\":\"ImageObject\",\"inLanguage\":\"qt\",\"@id\":\"https:\\\/\\\/secure.gravatar.com\\\/avatar\\\/392b4cc8fbfeb00b39dfeeab4ee6edded39ffd48e25858637e4765810300227e?s=96&d=mm&r=g\",\"url\":\"https:\\\/\\\/secure.gravatar.com\\\/avatar\\\/392b4cc8fbfeb00b39dfeeab4ee6edded39ffd48e25858637e4765810300227e?s=96&d=mm&r=g\",\"contentUrl\":\"https:\\\/\\\/secure.gravatar.com\\\/avatar\\\/392b4cc8fbfeb00b39dfeeab4ee6edded39ffd48e25858637e4765810300227e?s=96&d=mm&r=g\",\"caption\":\"Developer\"},\"url\":\"https:\\\/\\\/qtmm.org\\\/qt\\\/author\\\/Developer\\\/\"}]}<\/script>\n<!-- \/ Yoast SEO plugin. -->","yoast_head_json":{"title":"Mustafa Cemilev: T\u00fcrkiye Ba\u015f naziri Recep Erdo\u011fan\u011fa sanki menim ad\u0131mdan yaz\u0131l\u0131p, Milli Firqa sayt\u0131nda yay\u0131nlan\u011fan mekt\u00fcp sahtedir - \u041c\u0435\u0434\u0436\u043b\u0456\u0441","robots":{"index":"index","follow":"follow","max-snippet":"max-snippet:-1","max-image-preview":"max-image-preview:large","max-video-preview":"max-video-preview:-1"},"canonical":"https:\/\/qtmm.org\/qt\/mustafa-cemilev-turkiye-bas-naziri-recep-erdoganga-sanki-menim-adimdan-yazilip-milli-firqa-saytinda-yayinlangan-mektup-sahtedir\/","og_locale":"en_US","og_type":"article","og_title":"Mustafa Cemilev: T\u00fcrkiye Ba\u015f naziri Recep Erdo\u011fan\u011fa sanki menim ad\u0131mdan yaz\u0131l\u0131p, Milli Firqa sayt\u0131nda yay\u0131nlan\u011fan mekt\u00fcp sahtedir - \u041c\u0435\u0434\u0436\u043b\u0456\u0441","og_description":"Milliy Firqa sayt\u0131nda sanki Milliy Meclis reisi, Ukraina halq deputat\u0131 Mustafa Cemilevni\u00f1 ad\u0131ndan T\u00fcrkiye Ba\u015f naziri Recep Erdo\u011fan\u011fa yaz\u0131l\u011fan mekt\u00fcp sahtedir &#8220;Meclis blank\u0131nda resmiy mekt\u00fcp olaraq k\u00f6sterilgen yaz\u0131 as\u0131l\u0131nda sahtedir. B\u00f6yle uydurman\u0131\u00f1 m\u00fcellifleri &#8220;\u015fa\u015f\u0131rt\u0131c\u0131 haber&#8221; olaraq k\u00f6stermege t\u0131r\u0131\u015ft\u0131\u011f\u0131 bir \u00e7oq \u015feyler aqiqatqa i\u00e7 uymay&#8221;, &#8211; dedi Meclis reisi Mustafa Cemilev. Meclis reisi bun\u0131\u00f1 kibi de [&hellip;]","og_url":"https:\/\/qtmm.org\/qt\/mustafa-cemilev-turkiye-bas-naziri-recep-erdoganga-sanki-menim-adimdan-yazilip-milli-firqa-saytinda-yayinlangan-mektup-sahtedir\/","og_site_name":"\u041c\u0435\u0434\u0436\u043b\u0456\u0441","article_publisher":"https:\/\/www.facebook.com\/qtmm.info\/","article_published_time":"2013-05-27T21:04:00+00:00","article_modified_time":"2022-01-23T21:04:42+00:00","author":"Developer","twitter_card":"summary_large_image","twitter_misc":{"Written by":"Developer","Est. reading time":"2 minutes"},"schema":{"@context":"https:\/\/schema.org","@graph":[{"@type":"Article","@id":"https:\/\/qtmm.org\/qt\/mustafa-cemilev-turkiye-bas-naziri-recep-erdoganga-sanki-menim-adimdan-yazilip-milli-firqa-saytinda-yayinlangan-mektup-sahtedir\/#article","isPartOf":{"@id":"https:\/\/qtmm.org\/qt\/mustafa-cemilev-turkiye-bas-naziri-recep-erdoganga-sanki-menim-adimdan-yazilip-milli-firqa-saytinda-yayinlangan-mektup-sahtedir\/"},"author":{"name":"Developer","@id":"https:\/\/qtmm.org\/qt\/#\/schema\/person\/de562469f971dec226ac06e60bbf74a7"},"headline":"Mustafa Cemilev: T\u00fcrkiye Ba\u015f naziri Recep Erdo\u011fan\u011fa sanki menim ad\u0131mdan yaz\u0131l\u0131p, Milli Firqa sayt\u0131nda yay\u0131nlan\u011fan mekt\u00fcp sahtedir","datePublished":"2013-05-27T21:04:00+00:00","dateModified":"2022-01-23T21:04:42+00:00","mainEntityOfPage":{"@id":"https:\/\/qtmm.org\/qt\/mustafa-cemilev-turkiye-bas-naziri-recep-erdoganga-sanki-menim-adimdan-yazilip-milli-firqa-saytinda-yayinlangan-mektup-sahtedir\/"},"wordCount":441,"commentCount":0,"publisher":{"@id":"https:\/\/qtmm.org\/qt\/#organization"},"articleSection":["Haberler"],"inLanguage":"qt","potentialAction":[{"@type":"CommentAction","name":"Comment","target":["https:\/\/qtmm.org\/qt\/mustafa-cemilev-turkiye-bas-naziri-recep-erdoganga-sanki-menim-adimdan-yazilip-milli-firqa-saytinda-yayinlangan-mektup-sahtedir\/#respond"]}]},{"@type":"WebPage","@id":"https:\/\/qtmm.org\/qt\/mustafa-cemilev-turkiye-bas-naziri-recep-erdoganga-sanki-menim-adimdan-yazilip-milli-firqa-saytinda-yayinlangan-mektup-sahtedir\/","url":"https:\/\/qtmm.org\/qt\/mustafa-cemilev-turkiye-bas-naziri-recep-erdoganga-sanki-menim-adimdan-yazilip-milli-firqa-saytinda-yayinlangan-mektup-sahtedir\/","name":"Mustafa Cemilev: T\u00fcrkiye Ba\u015f naziri Recep Erdo\u011fan\u011fa sanki menim ad\u0131mdan yaz\u0131l\u0131p, Milli Firqa sayt\u0131nda yay\u0131nlan\u011fan mekt\u00fcp sahtedir - \u041c\u0435\u0434\u0436\u043b\u0456\u0441","isPartOf":{"@id":"https:\/\/qtmm.org\/qt\/#website"},"datePublished":"2013-05-27T21:04:00+00:00","dateModified":"2022-01-23T21:04:42+00:00","breadcrumb":{"@id":"https:\/\/qtmm.org\/qt\/mustafa-cemilev-turkiye-bas-naziri-recep-erdoganga-sanki-menim-adimdan-yazilip-milli-firqa-saytinda-yayinlangan-mektup-sahtedir\/#breadcrumb"},"inLanguage":"qt","potentialAction":[{"@type":"ReadAction","target":["https:\/\/qtmm.org\/qt\/mustafa-cemilev-turkiye-bas-naziri-recep-erdoganga-sanki-menim-adimdan-yazilip-milli-firqa-saytinda-yayinlangan-mektup-sahtedir\/"]}]},{"@type":"BreadcrumbList","@id":"https:\/\/qtmm.org\/qt\/mustafa-cemilev-turkiye-bas-naziri-recep-erdoganga-sanki-menim-adimdan-yazilip-milli-firqa-saytinda-yayinlangan-mektup-sahtedir\/#breadcrumb","itemListElement":[{"@type":"ListItem","position":1,"name":"\u0413\u043e\u043b\u043e\u0432\u043d\u0430","item":"https:\/\/qtmm.org\/qt\/"},{"@type":"ListItem","position":2,"name":"Mustafa Cemilev: T\u00fcrkiye Ba\u015f naziri Recep Erdo\u011fan\u011fa sanki menim ad\u0131mdan yaz\u0131l\u0131p, Milli Firqa sayt\u0131nda yay\u0131nlan\u011fan mekt\u00fcp sahtedir"}]},{"@type":"WebSite","@id":"https:\/\/qtmm.org\/qt\/#website","url":"https:\/\/qtmm.org\/qt\/","name":"\u041c\u0435\u0434\u0436\u043b\u0456\u0441","description":"","publisher":{"@id":"https:\/\/qtmm.org\/qt\/#organization"},"potentialAction":[{"@type":"SearchAction","target":{"@type":"EntryPoint","urlTemplate":"https:\/\/qtmm.org\/qt\/?s={search_term_string}"},"query-input":{"@type":"PropertyValueSpecification","valueRequired":true,"valueName":"search_term_string"}}],"inLanguage":"qt"},{"@type":"Organization","@id":"https:\/\/qtmm.org\/qt\/#organization","name":"\u041c\u0435\u0434\u0436\u043b\u0456\u0441","url":"https:\/\/qtmm.org\/qt\/","logo":{"@type":"ImageObject","inLanguage":"qt","@id":"https:\/\/qtmm.org\/qt\/#\/schema\/logo\/image\/","url":"https:\/\/qtmm.org\/wp-content\/uploads\/2024\/12\/ua-mejlis-logo-rgb.svg","contentUrl":"https:\/\/qtmm.org\/wp-content\/uploads\/2024\/12\/ua-mejlis-logo-rgb.svg","caption":"\u041c\u0435\u0434\u0436\u043b\u0456\u0441"},"image":{"@id":"https:\/\/qtmm.org\/qt\/#\/schema\/logo\/image\/"},"sameAs":["https:\/\/www.facebook.com\/qtmm.info\/"]},{"@type":"Person","@id":"https:\/\/qtmm.org\/qt\/#\/schema\/person\/de562469f971dec226ac06e60bbf74a7","name":"Developer","image":{"@type":"ImageObject","inLanguage":"qt","@id":"https:\/\/secure.gravatar.com\/avatar\/392b4cc8fbfeb00b39dfeeab4ee6edded39ffd48e25858637e4765810300227e?s=96&d=mm&r=g","url":"https:\/\/secure.gravatar.com\/avatar\/392b4cc8fbfeb00b39dfeeab4ee6edded39ffd48e25858637e4765810300227e?s=96&d=mm&r=g","contentUrl":"https:\/\/secure.gravatar.com\/avatar\/392b4cc8fbfeb00b39dfeeab4ee6edded39ffd48e25858637e4765810300227e?s=96&d=mm&r=g","caption":"Developer"},"url":"https:\/\/qtmm.org\/qt\/author\/Developer\/"}]}},"_links":{"self":[{"href":"https:\/\/qtmm.org\/qt\/wp-json\/wp\/v2\/posts\/37776","targetHints":{"allow":["GET"]}}],"collection":[{"href":"https:\/\/qtmm.org\/qt\/wp-json\/wp\/v2\/posts"}],"about":[{"href":"https:\/\/qtmm.org\/qt\/wp-json\/wp\/v2\/types\/post"}],"author":[{"embeddable":true,"href":"https:\/\/qtmm.org\/qt\/wp-json\/wp\/v2\/users\/1"}],"replies":[{"embeddable":true,"href":"https:\/\/qtmm.org\/qt\/wp-json\/wp\/v2\/comments?post=37776"}],"version-history":[{"count":1,"href":"https:\/\/qtmm.org\/qt\/wp-json\/wp\/v2\/posts\/37776\/revisions"}],"predecessor-version":[{"id":37777,"href":"https:\/\/qtmm.org\/qt\/wp-json\/wp\/v2\/posts\/37776\/revisions\/37777"}],"wp:attachment":[{"href":"https:\/\/qtmm.org\/qt\/wp-json\/wp\/v2\/media?parent=37776"}],"wp:term":[{"taxonomy":"category","embeddable":true,"href":"https:\/\/qtmm.org\/qt\/wp-json\/wp\/v2\/categories?post=37776"},{"taxonomy":"post_tag","embeddable":true,"href":"https:\/\/qtmm.org\/qt\/wp-json\/wp\/v2\/tags?post=37776"}],"curies":[{"name":"wp","href":"https:\/\/api.w.org\/{rel}","templated":true}]}}