




{"id":37752,"date":"2013-05-27T00:01:00","date_gmt":"2013-05-26T21:01:00","guid":{"rendered":"http:\/\/qtmm.org\/?p=37752"},"modified":"2022-01-24T00:03:16","modified_gmt":"2022-01-23T21:03:16","slug":"kiyevde-qirimtatar-halqi-qurultayina-delegatlar-saylandi","status":"publish","type":"post","link":"https:\/\/qtmm.org\/qt\/kiyevde-qirimtatar-halqi-qurultayina-delegatlar-saylandi\/","title":{"rendered":"Kiyevde Q\u0131r\u0131mtatar halq\u0131 Qurultay\u0131na delegatlar sayland\u0131"},"content":{"rendered":"\n<p>Saylav u\u00e7astkas\u0131 \u00f6z i\u015fini saa 8.00-de ba\u015flad\u0131<\/p>\n\n\n\n<figure class=\"wp-block-image size-full\"><img loading=\"lazy\" decoding=\"async\" width=\"650\" height=\"300\" src=\"http:\/\/qtmm.org\/wp-content\/uploads\/2022\/01\/1_114.jpeg\" alt=\"\" class=\"wp-image-37753\" srcset=\"https:\/\/qtmm.org\/wp-content\/uploads\/2022\/01\/1_114.jpeg 650w, https:\/\/qtmm.org\/wp-content\/uploads\/2022\/01\/1_114-300x138.jpeg 300w\" sizes=\"auto, (max-width: 650px) 100vw, 650px\" \/><\/figure>\n\n\n\n<p>Saylavlarda Merkeziy saylav komissiyas\u0131n\u0131\u00f1 reisi Zair Smedl\u00e2yev bulund\u0131. Saylavlarn\u0131\u00f1 keti\u015fat\u0131n\u0131 Commitee For Open Democracy \u2013 Halqara Cumhuriyet \u0130nstitut\u0131ndan tayinlengen halqara nezaret\u00e7iler ve Amerikan\u0131\u00f1 Ukrainadaki El\u00e7iligini\u00f1 ekinci k\u00e2tibi Stiven Peyc, bun\u0131\u00f1 kibi de cemaat te\u015fkil\u00e2tlar\u0131 ve olarn\u0131\u00f1 bloklar\u0131, namzetlerni\u00f1 vekilleri k\u00f6zettiler.<\/p>\n\n\n\n<p>Rey ber\u00fcv neticelerine k\u00f6re Q\u0131r\u0131mtatar halq\u0131 VI \u00e7a\u011f\u0131r\u0131l\u0131\u015f Qurultay\u0131na Kiyev ve Kiyev vil\u00e2yeti boyunca bir mandatl\u0131 45-nci saylav dairesinden delegat olaraq saylavc\u0131larn\u0131\u00f1 80 fay\u0131z reylerini qazan\u011fan Kiyevdeki q\u0131r\u0131mtatar cemiyetini\u00f1 ba\u015f\u0131 Aslan \u00d6mer Q\u0131r\u0131ml\u0131 saylan\u011fan\u0131 tan\u0131ld\u0131.<\/p>\n\n\n\n<figure class=\"wp-block-image size-full\"><img loading=\"lazy\" decoding=\"async\" width=\"650\" height=\"322\" src=\"http:\/\/qtmm.org\/wp-content\/uploads\/2022\/01\/8_11.jpeg\" alt=\"\" class=\"wp-image-37761\" srcset=\"https:\/\/qtmm.org\/wp-content\/uploads\/2022\/01\/8_11.jpeg 650w, https:\/\/qtmm.org\/wp-content\/uploads\/2022\/01\/8_11-300x149.jpeg 300w\" sizes=\"auto, (max-width: 650px) 100vw, 650px\" \/><\/figure>\n\n\n\n<p>Proportsional sistem boyunca dairede saylavc\u0131larn\u0131\u00f1 29 fay\u0131z reylerini qazan\u011fan &#8220;Bizim Q\u0131r\u0131m&#8221; Halqara cemaat te\u015fkil\u00e2t\u0131 \u00f6gge \u00e7\u0131qt\u0131. &#8220;Milliy haq&#8221; saylav blok\u0131 19 fay\u0131z rey al\u0131p \u2013 ekinci ve 12 fay\u0131z rey qazan\u011fan &#8220;Maarif\u00e7i&#8221; birle\u015fmesi \u2013u\u00e7\u00fcnci yerge \u00e7\u0131qt\u0131lar.<\/p>\n\n\n\n<p>Halqara nezaret\u00e7iler saylav a\u015fk\u00e2rl\u0131\u011f\u0131n\u0131\u00f1 y\u00fcksek seviyesini qayd ettiler.<br>\u015eun\u0131 hat\u0131rlatmal\u0131 ki Qurultay\u011fa delegatlar saylav ya\u00f1\u0131 saylav sistem boyunca do\u011frudan-do\u011fru, musaviy aq esas\u0131nda gizli rey ber\u00fcv yolunen ke\u00e7irilmekte.<\/p>\n\n\n\n<p>Saylavlar qar\u0131\u015f\u0131q (majoritar-proportsional) sistem boyunca \u00f6tkerilip, 200 delegat majoritar sistem boyunca \u00e7oqmandatl\u0131 saylav dairelerinde, 50 delegat \u2013 bir mandatl\u0131 saylav daireden q\u0131r\u0131mtatar cemaat ve siyasiy te\u015fkil\u00e2tlar\u0131 ve olarn\u0131\u00f1 bloklar\u0131ndan ke\u00e7irilmekte.<\/p>\n\n\n\n<figure class=\"wp-block-image size-full\"><img loading=\"lazy\" decoding=\"async\" width=\"650\" height=\"330\" src=\"http:\/\/qtmm.org\/wp-content\/uploads\/2022\/01\/9_6.jpeg\" alt=\"\" class=\"wp-image-37765\" srcset=\"https:\/\/qtmm.org\/wp-content\/uploads\/2022\/01\/9_6.jpeg 650w, https:\/\/qtmm.org\/wp-content\/uploads\/2022\/01\/9_6-300x152.jpeg 300w\" sizes=\"auto, (max-width: 650px) 100vw, 650px\" \/><\/figure>\n\n\n\n<figure class=\"wp-block-image size-full\"><img loading=\"lazy\" decoding=\"async\" width=\"650\" height=\"232\" src=\"http:\/\/qtmm.org\/wp-content\/uploads\/2022\/01\/10_3.jpeg\" alt=\"\" class=\"wp-image-37769\" srcset=\"https:\/\/qtmm.org\/wp-content\/uploads\/2022\/01\/10_3.jpeg 650w, https:\/\/qtmm.org\/wp-content\/uploads\/2022\/01\/10_3-300x107.jpeg 300w\" sizes=\"auto, (max-width: 650px) 100vw, 650px\" \/><\/figure>\n","protected":false},"excerpt":{"rendered":"<p>Saylav u\u00e7astkas\u0131 \u00f6z i\u015fini saa 8.00-de ba\u015flad\u0131 Saylavlarda Merkeziy saylav komissiyas\u0131n\u0131\u00f1 reisi Zair Smedl\u00e2yev bulund\u0131. Saylavlarn\u0131\u00f1 keti\u015fat\u0131n\u0131 Commitee For Open Democracy \u2013 Halqara Cumhuriyet \u0130nstitut\u0131ndan tayinlengen halqara nezaret\u00e7iler ve Amerikan\u0131\u00f1 Ukrainadaki El\u00e7iligini\u00f1 ekinci k\u00e2tibi Stiven Peyc, bun\u0131\u00f1 kibi de cemaat te\u015fkil\u00e2tlar\u0131 ve olarn\u0131\u00f1 bloklar\u0131, namzetlerni\u00f1 vekilleri k\u00f6zettiler. Rey ber\u00fcv neticelerine k\u00f6re Q\u0131r\u0131mtatar halq\u0131 VI \u00e7a\u011f\u0131r\u0131l\u0131\u015f [&hellip;]<\/p>\n","protected":false},"author":1,"featured_media":37757,"comment_status":"open","ping_status":"open","sticky":false,"template":"","format":"standard","meta":{"inline_featured_image":false,"footnotes":""},"categories":[265],"tags":[],"class_list":["post-37752","post","type-post","status-publish","format-standard","has-post-thumbnail","hentry","category-haberler"],"acf":[],"yoast_head":"<!-- This site is optimized with the Yoast SEO plugin v27.4 - https:\/\/yoast.com\/product\/yoast-seo-wordpress\/ -->\n<title>Kiyevde Q\u0131r\u0131mtatar halq\u0131 Qurultay\u0131na delegatlar sayland\u0131 - \u041c\u0435\u0434\u0436\u043b\u0456\u0441<\/title>\n<meta name=\"robots\" content=\"index, follow, max-snippet:-1, max-image-preview:large, max-video-preview:-1\" \/>\n<link rel=\"canonical\" href=\"https:\/\/qtmm.org\/qt\/kiyevde-qirimtatar-halqi-qurultayina-delegatlar-saylandi\/\" \/>\n<meta property=\"og:locale\" content=\"en_US\" \/>\n<meta property=\"og:type\" content=\"article\" \/>\n<meta property=\"og:title\" content=\"Kiyevde Q\u0131r\u0131mtatar halq\u0131 Qurultay\u0131na delegatlar sayland\u0131 - \u041c\u0435\u0434\u0436\u043b\u0456\u0441\" \/>\n<meta property=\"og:description\" content=\"Saylav u\u00e7astkas\u0131 \u00f6z i\u015fini saa 8.00-de ba\u015flad\u0131 Saylavlarda Merkeziy saylav komissiyas\u0131n\u0131\u00f1 reisi Zair Smedl\u00e2yev bulund\u0131. Saylavlarn\u0131\u00f1 keti\u015fat\u0131n\u0131 Commitee For Open Democracy \u2013 Halqara Cumhuriyet \u0130nstitut\u0131ndan tayinlengen halqara nezaret\u00e7iler ve Amerikan\u0131\u00f1 Ukrainadaki El\u00e7iligini\u00f1 ekinci k\u00e2tibi Stiven Peyc, bun\u0131\u00f1 kibi de cemaat te\u015fkil\u00e2tlar\u0131 ve olarn\u0131\u00f1 bloklar\u0131, namzetlerni\u00f1 vekilleri k\u00f6zettiler. Rey ber\u00fcv neticelerine k\u00f6re Q\u0131r\u0131mtatar halq\u0131 VI \u00e7a\u011f\u0131r\u0131l\u0131\u015f [&hellip;]\" \/>\n<meta property=\"og:url\" content=\"https:\/\/qtmm.org\/qt\/kiyevde-qirimtatar-halqi-qurultayina-delegatlar-saylandi\/\" \/>\n<meta property=\"og:site_name\" content=\"\u041c\u0435\u0434\u0436\u043b\u0456\u0441\" \/>\n<meta property=\"article:publisher\" content=\"https:\/\/www.facebook.com\/qtmm.info\/\" \/>\n<meta property=\"article:published_time\" content=\"2013-05-26T21:01:00+00:00\" \/>\n<meta property=\"article:modified_time\" content=\"2022-01-23T21:03:16+00:00\" \/>\n<meta property=\"og:image\" content=\"https:\/\/qtmm.org\/wp-content\/uploads\/2022\/01\/7_13.jpeg\" \/>\n\t<meta property=\"og:image:width\" content=\"650\" \/>\n\t<meta property=\"og:image:height\" content=\"370\" \/>\n\t<meta property=\"og:image:type\" content=\"image\/jpeg\" \/>\n<meta name=\"author\" content=\"Developer\" \/>\n<meta name=\"twitter:card\" content=\"summary_large_image\" \/>\n<meta name=\"twitter:label1\" content=\"Written by\" \/>\n\t<meta name=\"twitter:data1\" content=\"Developer\" \/>\n\t<meta name=\"twitter:label2\" content=\"Est. reading time\" \/>\n\t<meta name=\"twitter:data2\" content=\"1 minute\" \/>\n<script type=\"application\/ld+json\" class=\"yoast-schema-graph\">{\"@context\":\"https:\\\/\\\/schema.org\",\"@graph\":[{\"@type\":\"Article\",\"@id\":\"https:\\\/\\\/qtmm.org\\\/qt\\\/kiyevde-qirimtatar-halqi-qurultayina-delegatlar-saylandi\\\/#article\",\"isPartOf\":{\"@id\":\"https:\\\/\\\/qtmm.org\\\/qt\\\/kiyevde-qirimtatar-halqi-qurultayina-delegatlar-saylandi\\\/\"},\"author\":{\"name\":\"Developer\",\"@id\":\"https:\\\/\\\/qtmm.org\\\/qt\\\/#\\\/schema\\\/person\\\/de562469f971dec226ac06e60bbf74a7\"},\"headline\":\"Kiyevde Q\u0131r\u0131mtatar halq\u0131 Qurultay\u0131na delegatlar sayland\u0131\",\"datePublished\":\"2013-05-26T21:01:00+00:00\",\"dateModified\":\"2022-01-23T21:03:16+00:00\",\"mainEntityOfPage\":{\"@id\":\"https:\\\/\\\/qtmm.org\\\/qt\\\/kiyevde-qirimtatar-halqi-qurultayina-delegatlar-saylandi\\\/\"},\"wordCount\":240,\"commentCount\":0,\"publisher\":{\"@id\":\"https:\\\/\\\/qtmm.org\\\/qt\\\/#organization\"},\"image\":{\"@id\":\"https:\\\/\\\/qtmm.org\\\/qt\\\/kiyevde-qirimtatar-halqi-qurultayina-delegatlar-saylandi\\\/#primaryimage\"},\"thumbnailUrl\":\"https:\\\/\\\/qtmm.org\\\/wp-content\\\/uploads\\\/2022\\\/01\\\/7_13.jpeg\",\"articleSection\":[\"Haberler\"],\"inLanguage\":\"qt\",\"potentialAction\":[{\"@type\":\"CommentAction\",\"name\":\"Comment\",\"target\":[\"https:\\\/\\\/qtmm.org\\\/qt\\\/kiyevde-qirimtatar-halqi-qurultayina-delegatlar-saylandi\\\/#respond\"]}]},{\"@type\":\"WebPage\",\"@id\":\"https:\\\/\\\/qtmm.org\\\/qt\\\/kiyevde-qirimtatar-halqi-qurultayina-delegatlar-saylandi\\\/\",\"url\":\"https:\\\/\\\/qtmm.org\\\/qt\\\/kiyevde-qirimtatar-halqi-qurultayina-delegatlar-saylandi\\\/\",\"name\":\"Kiyevde Q\u0131r\u0131mtatar halq\u0131 Qurultay\u0131na delegatlar sayland\u0131 - \u041c\u0435\u0434\u0436\u043b\u0456\u0441\",\"isPartOf\":{\"@id\":\"https:\\\/\\\/qtmm.org\\\/qt\\\/#website\"},\"primaryImageOfPage\":{\"@id\":\"https:\\\/\\\/qtmm.org\\\/qt\\\/kiyevde-qirimtatar-halqi-qurultayina-delegatlar-saylandi\\\/#primaryimage\"},\"image\":{\"@id\":\"https:\\\/\\\/qtmm.org\\\/qt\\\/kiyevde-qirimtatar-halqi-qurultayina-delegatlar-saylandi\\\/#primaryimage\"},\"thumbnailUrl\":\"https:\\\/\\\/qtmm.org\\\/wp-content\\\/uploads\\\/2022\\\/01\\\/7_13.jpeg\",\"datePublished\":\"2013-05-26T21:01:00+00:00\",\"dateModified\":\"2022-01-23T21:03:16+00:00\",\"breadcrumb\":{\"@id\":\"https:\\\/\\\/qtmm.org\\\/qt\\\/kiyevde-qirimtatar-halqi-qurultayina-delegatlar-saylandi\\\/#breadcrumb\"},\"inLanguage\":\"qt\",\"potentialAction\":[{\"@type\":\"ReadAction\",\"target\":[\"https:\\\/\\\/qtmm.org\\\/qt\\\/kiyevde-qirimtatar-halqi-qurultayina-delegatlar-saylandi\\\/\"]}]},{\"@type\":\"ImageObject\",\"inLanguage\":\"qt\",\"@id\":\"https:\\\/\\\/qtmm.org\\\/qt\\\/kiyevde-qirimtatar-halqi-qurultayina-delegatlar-saylandi\\\/#primaryimage\",\"url\":\"https:\\\/\\\/qtmm.org\\\/wp-content\\\/uploads\\\/2022\\\/01\\\/7_13.jpeg\",\"contentUrl\":\"https:\\\/\\\/qtmm.org\\\/wp-content\\\/uploads\\\/2022\\\/01\\\/7_13.jpeg\",\"width\":650,\"height\":370},{\"@type\":\"BreadcrumbList\",\"@id\":\"https:\\\/\\\/qtmm.org\\\/qt\\\/kiyevde-qirimtatar-halqi-qurultayina-delegatlar-saylandi\\\/#breadcrumb\",\"itemListElement\":[{\"@type\":\"ListItem\",\"position\":1,\"name\":\"\u0413\u043e\u043b\u043e\u0432\u043d\u0430\",\"item\":\"https:\\\/\\\/qtmm.org\\\/qt\\\/\"},{\"@type\":\"ListItem\",\"position\":2,\"name\":\"Kiyevde Q\u0131r\u0131mtatar halq\u0131 Qurultay\u0131na delegatlar sayland\u0131\"}]},{\"@type\":\"WebSite\",\"@id\":\"https:\\\/\\\/qtmm.org\\\/qt\\\/#website\",\"url\":\"https:\\\/\\\/qtmm.org\\\/qt\\\/\",\"name\":\"\u041c\u0435\u0434\u0436\u043b\u0456\u0441\",\"description\":\"\",\"publisher\":{\"@id\":\"https:\\\/\\\/qtmm.org\\\/qt\\\/#organization\"},\"potentialAction\":[{\"@type\":\"SearchAction\",\"target\":{\"@type\":\"EntryPoint\",\"urlTemplate\":\"https:\\\/\\\/qtmm.org\\\/qt\\\/?s={search_term_string}\"},\"query-input\":{\"@type\":\"PropertyValueSpecification\",\"valueRequired\":true,\"valueName\":\"search_term_string\"}}],\"inLanguage\":\"qt\"},{\"@type\":\"Organization\",\"@id\":\"https:\\\/\\\/qtmm.org\\\/qt\\\/#organization\",\"name\":\"\u041c\u0435\u0434\u0436\u043b\u0456\u0441\",\"url\":\"https:\\\/\\\/qtmm.org\\\/qt\\\/\",\"logo\":{\"@type\":\"ImageObject\",\"inLanguage\":\"qt\",\"@id\":\"https:\\\/\\\/qtmm.org\\\/qt\\\/#\\\/schema\\\/logo\\\/image\\\/\",\"url\":\"https:\\\/\\\/qtmm.org\\\/wp-content\\\/uploads\\\/2024\\\/12\\\/ua-mejlis-logo-rgb.svg\",\"contentUrl\":\"https:\\\/\\\/qtmm.org\\\/wp-content\\\/uploads\\\/2024\\\/12\\\/ua-mejlis-logo-rgb.svg\",\"caption\":\"\u041c\u0435\u0434\u0436\u043b\u0456\u0441\"},\"image\":{\"@id\":\"https:\\\/\\\/qtmm.org\\\/qt\\\/#\\\/schema\\\/logo\\\/image\\\/\"},\"sameAs\":[\"https:\\\/\\\/www.facebook.com\\\/qtmm.info\\\/\"]},{\"@type\":\"Person\",\"@id\":\"https:\\\/\\\/qtmm.org\\\/qt\\\/#\\\/schema\\\/person\\\/de562469f971dec226ac06e60bbf74a7\",\"name\":\"Developer\",\"image\":{\"@type\":\"ImageObject\",\"inLanguage\":\"qt\",\"@id\":\"https:\\\/\\\/secure.gravatar.com\\\/avatar\\\/392b4cc8fbfeb00b39dfeeab4ee6edded39ffd48e25858637e4765810300227e?s=96&d=mm&r=g\",\"url\":\"https:\\\/\\\/secure.gravatar.com\\\/avatar\\\/392b4cc8fbfeb00b39dfeeab4ee6edded39ffd48e25858637e4765810300227e?s=96&d=mm&r=g\",\"contentUrl\":\"https:\\\/\\\/secure.gravatar.com\\\/avatar\\\/392b4cc8fbfeb00b39dfeeab4ee6edded39ffd48e25858637e4765810300227e?s=96&d=mm&r=g\",\"caption\":\"Developer\"},\"url\":\"https:\\\/\\\/qtmm.org\\\/qt\\\/author\\\/Developer\\\/\"}]}<\/script>\n<!-- \/ Yoast SEO plugin. -->","yoast_head_json":{"title":"Kiyevde Q\u0131r\u0131mtatar halq\u0131 Qurultay\u0131na delegatlar sayland\u0131 - \u041c\u0435\u0434\u0436\u043b\u0456\u0441","robots":{"index":"index","follow":"follow","max-snippet":"max-snippet:-1","max-image-preview":"max-image-preview:large","max-video-preview":"max-video-preview:-1"},"canonical":"https:\/\/qtmm.org\/qt\/kiyevde-qirimtatar-halqi-qurultayina-delegatlar-saylandi\/","og_locale":"en_US","og_type":"article","og_title":"Kiyevde Q\u0131r\u0131mtatar halq\u0131 Qurultay\u0131na delegatlar sayland\u0131 - \u041c\u0435\u0434\u0436\u043b\u0456\u0441","og_description":"Saylav u\u00e7astkas\u0131 \u00f6z i\u015fini saa 8.00-de ba\u015flad\u0131 Saylavlarda Merkeziy saylav komissiyas\u0131n\u0131\u00f1 reisi Zair Smedl\u00e2yev bulund\u0131. Saylavlarn\u0131\u00f1 keti\u015fat\u0131n\u0131 Commitee For Open Democracy \u2013 Halqara Cumhuriyet \u0130nstitut\u0131ndan tayinlengen halqara nezaret\u00e7iler ve Amerikan\u0131\u00f1 Ukrainadaki El\u00e7iligini\u00f1 ekinci k\u00e2tibi Stiven Peyc, bun\u0131\u00f1 kibi de cemaat te\u015fkil\u00e2tlar\u0131 ve olarn\u0131\u00f1 bloklar\u0131, namzetlerni\u00f1 vekilleri k\u00f6zettiler. Rey ber\u00fcv neticelerine k\u00f6re Q\u0131r\u0131mtatar halq\u0131 VI \u00e7a\u011f\u0131r\u0131l\u0131\u015f [&hellip;]","og_url":"https:\/\/qtmm.org\/qt\/kiyevde-qirimtatar-halqi-qurultayina-delegatlar-saylandi\/","og_site_name":"\u041c\u0435\u0434\u0436\u043b\u0456\u0441","article_publisher":"https:\/\/www.facebook.com\/qtmm.info\/","article_published_time":"2013-05-26T21:01:00+00:00","article_modified_time":"2022-01-23T21:03:16+00:00","og_image":[{"width":650,"height":370,"url":"https:\/\/qtmm.org\/wp-content\/uploads\/2022\/01\/7_13.jpeg","type":"image\/jpeg"}],"author":"Developer","twitter_card":"summary_large_image","twitter_misc":{"Written by":"Developer","Est. reading time":"1 minute"},"schema":{"@context":"https:\/\/schema.org","@graph":[{"@type":"Article","@id":"https:\/\/qtmm.org\/qt\/kiyevde-qirimtatar-halqi-qurultayina-delegatlar-saylandi\/#article","isPartOf":{"@id":"https:\/\/qtmm.org\/qt\/kiyevde-qirimtatar-halqi-qurultayina-delegatlar-saylandi\/"},"author":{"name":"Developer","@id":"https:\/\/qtmm.org\/qt\/#\/schema\/person\/de562469f971dec226ac06e60bbf74a7"},"headline":"Kiyevde Q\u0131r\u0131mtatar halq\u0131 Qurultay\u0131na delegatlar sayland\u0131","datePublished":"2013-05-26T21:01:00+00:00","dateModified":"2022-01-23T21:03:16+00:00","mainEntityOfPage":{"@id":"https:\/\/qtmm.org\/qt\/kiyevde-qirimtatar-halqi-qurultayina-delegatlar-saylandi\/"},"wordCount":240,"commentCount":0,"publisher":{"@id":"https:\/\/qtmm.org\/qt\/#organization"},"image":{"@id":"https:\/\/qtmm.org\/qt\/kiyevde-qirimtatar-halqi-qurultayina-delegatlar-saylandi\/#primaryimage"},"thumbnailUrl":"https:\/\/qtmm.org\/wp-content\/uploads\/2022\/01\/7_13.jpeg","articleSection":["Haberler"],"inLanguage":"qt","potentialAction":[{"@type":"CommentAction","name":"Comment","target":["https:\/\/qtmm.org\/qt\/kiyevde-qirimtatar-halqi-qurultayina-delegatlar-saylandi\/#respond"]}]},{"@type":"WebPage","@id":"https:\/\/qtmm.org\/qt\/kiyevde-qirimtatar-halqi-qurultayina-delegatlar-saylandi\/","url":"https:\/\/qtmm.org\/qt\/kiyevde-qirimtatar-halqi-qurultayina-delegatlar-saylandi\/","name":"Kiyevde Q\u0131r\u0131mtatar halq\u0131 Qurultay\u0131na delegatlar sayland\u0131 - \u041c\u0435\u0434\u0436\u043b\u0456\u0441","isPartOf":{"@id":"https:\/\/qtmm.org\/qt\/#website"},"primaryImageOfPage":{"@id":"https:\/\/qtmm.org\/qt\/kiyevde-qirimtatar-halqi-qurultayina-delegatlar-saylandi\/#primaryimage"},"image":{"@id":"https:\/\/qtmm.org\/qt\/kiyevde-qirimtatar-halqi-qurultayina-delegatlar-saylandi\/#primaryimage"},"thumbnailUrl":"https:\/\/qtmm.org\/wp-content\/uploads\/2022\/01\/7_13.jpeg","datePublished":"2013-05-26T21:01:00+00:00","dateModified":"2022-01-23T21:03:16+00:00","breadcrumb":{"@id":"https:\/\/qtmm.org\/qt\/kiyevde-qirimtatar-halqi-qurultayina-delegatlar-saylandi\/#breadcrumb"},"inLanguage":"qt","potentialAction":[{"@type":"ReadAction","target":["https:\/\/qtmm.org\/qt\/kiyevde-qirimtatar-halqi-qurultayina-delegatlar-saylandi\/"]}]},{"@type":"ImageObject","inLanguage":"qt","@id":"https:\/\/qtmm.org\/qt\/kiyevde-qirimtatar-halqi-qurultayina-delegatlar-saylandi\/#primaryimage","url":"https:\/\/qtmm.org\/wp-content\/uploads\/2022\/01\/7_13.jpeg","contentUrl":"https:\/\/qtmm.org\/wp-content\/uploads\/2022\/01\/7_13.jpeg","width":650,"height":370},{"@type":"BreadcrumbList","@id":"https:\/\/qtmm.org\/qt\/kiyevde-qirimtatar-halqi-qurultayina-delegatlar-saylandi\/#breadcrumb","itemListElement":[{"@type":"ListItem","position":1,"name":"\u0413\u043e\u043b\u043e\u0432\u043d\u0430","item":"https:\/\/qtmm.org\/qt\/"},{"@type":"ListItem","position":2,"name":"Kiyevde Q\u0131r\u0131mtatar halq\u0131 Qurultay\u0131na delegatlar sayland\u0131"}]},{"@type":"WebSite","@id":"https:\/\/qtmm.org\/qt\/#website","url":"https:\/\/qtmm.org\/qt\/","name":"\u041c\u0435\u0434\u0436\u043b\u0456\u0441","description":"","publisher":{"@id":"https:\/\/qtmm.org\/qt\/#organization"},"potentialAction":[{"@type":"SearchAction","target":{"@type":"EntryPoint","urlTemplate":"https:\/\/qtmm.org\/qt\/?s={search_term_string}"},"query-input":{"@type":"PropertyValueSpecification","valueRequired":true,"valueName":"search_term_string"}}],"inLanguage":"qt"},{"@type":"Organization","@id":"https:\/\/qtmm.org\/qt\/#organization","name":"\u041c\u0435\u0434\u0436\u043b\u0456\u0441","url":"https:\/\/qtmm.org\/qt\/","logo":{"@type":"ImageObject","inLanguage":"qt","@id":"https:\/\/qtmm.org\/qt\/#\/schema\/logo\/image\/","url":"https:\/\/qtmm.org\/wp-content\/uploads\/2024\/12\/ua-mejlis-logo-rgb.svg","contentUrl":"https:\/\/qtmm.org\/wp-content\/uploads\/2024\/12\/ua-mejlis-logo-rgb.svg","caption":"\u041c\u0435\u0434\u0436\u043b\u0456\u0441"},"image":{"@id":"https:\/\/qtmm.org\/qt\/#\/schema\/logo\/image\/"},"sameAs":["https:\/\/www.facebook.com\/qtmm.info\/"]},{"@type":"Person","@id":"https:\/\/qtmm.org\/qt\/#\/schema\/person\/de562469f971dec226ac06e60bbf74a7","name":"Developer","image":{"@type":"ImageObject","inLanguage":"qt","@id":"https:\/\/secure.gravatar.com\/avatar\/392b4cc8fbfeb00b39dfeeab4ee6edded39ffd48e25858637e4765810300227e?s=96&d=mm&r=g","url":"https:\/\/secure.gravatar.com\/avatar\/392b4cc8fbfeb00b39dfeeab4ee6edded39ffd48e25858637e4765810300227e?s=96&d=mm&r=g","contentUrl":"https:\/\/secure.gravatar.com\/avatar\/392b4cc8fbfeb00b39dfeeab4ee6edded39ffd48e25858637e4765810300227e?s=96&d=mm&r=g","caption":"Developer"},"url":"https:\/\/qtmm.org\/qt\/author\/Developer\/"}]}},"_links":{"self":[{"href":"https:\/\/qtmm.org\/qt\/wp-json\/wp\/v2\/posts\/37752","targetHints":{"allow":["GET"]}}],"collection":[{"href":"https:\/\/qtmm.org\/qt\/wp-json\/wp\/v2\/posts"}],"about":[{"href":"https:\/\/qtmm.org\/qt\/wp-json\/wp\/v2\/types\/post"}],"author":[{"embeddable":true,"href":"https:\/\/qtmm.org\/qt\/wp-json\/wp\/v2\/users\/1"}],"replies":[{"embeddable":true,"href":"https:\/\/qtmm.org\/qt\/wp-json\/wp\/v2\/comments?post=37752"}],"version-history":[{"count":1,"href":"https:\/\/qtmm.org\/qt\/wp-json\/wp\/v2\/posts\/37752\/revisions"}],"predecessor-version":[{"id":37773,"href":"https:\/\/qtmm.org\/qt\/wp-json\/wp\/v2\/posts\/37752\/revisions\/37773"}],"wp:featuredmedia":[{"embeddable":true,"href":"https:\/\/qtmm.org\/qt\/wp-json\/wp\/v2\/media\/37757"}],"wp:attachment":[{"href":"https:\/\/qtmm.org\/qt\/wp-json\/wp\/v2\/media?parent=37752"}],"wp:term":[{"taxonomy":"category","embeddable":true,"href":"https:\/\/qtmm.org\/qt\/wp-json\/wp\/v2\/categories?post=37752"},{"taxonomy":"post_tag","embeddable":true,"href":"https:\/\/qtmm.org\/qt\/wp-json\/wp\/v2\/tags?post=37752"}],"curies":[{"name":"wp","href":"https:\/\/api.w.org\/{rel}","templated":true}]}}