




{"id":37748,"date":"2013-05-27T00:00:00","date_gmt":"2013-05-26T21:00:00","guid":{"rendered":"http:\/\/qtmm.org\/?p=37748"},"modified":"2022-01-24T00:00:57","modified_gmt":"2022-01-23T21:00:57","slug":"meclis-reisinin-muavini-remzi-ilyasov-milliy-azliqlarnin-meseleleri-boyunca-avropali-mutehassilar-ile-korusti","status":"publish","type":"post","link":"https:\/\/qtmm.org\/qt\/meclis-reisinin-muavini-remzi-ilyasov-milliy-azliqlarnin-meseleleri-boyunca-avropali-mutehassilar-ile-korusti\/","title":{"rendered":"Meclis reisini\u00f1 muavini Remzi \u0130lyasov milliy azl\u0131qlarn\u0131\u00f1 meseleleri boyunca avropal\u0131 m\u00fctehass\u0131lar ile k\u00f6r\u00fc\u015fti"},"content":{"rendered":"\n<p>Milliy Meclisni may\u0131s 24 k\u00fcn\u00fc milliy azl\u0131qlarn\u0131\u00f1 meseleleri boyunca Avropa merkezini\u00f1 (Flensburg, Almaniya). ekspertleri ziyaret ettiler.<br><br>K\u00f6r\u00fc\u015f\u00fcvde Meclis reisini\u00f1 muavini, Q\u0131r\u0131m Yuqar\u0131 \u015euras\u0131n\u0131\u00f1 deputat\u0131 Remzi \u0130lyasov ve &#8220;Vatanda\u015flar cemiyetini\u00f1 institut\u0131&#8221; Q\u0131r\u0131m cemaat te\u015fkil\u00e2t\u0131 ke\u00f1e\u015finini\u00f1 reisi Rustem Abl\u00e2tif bir taraftan, Merkezni\u00f1 ekspertleri d-r Aleksandr \u00d6sipov ve merkezni\u00f1 ilmiy hadimi Ganna Vasilevi\u00e7- diger taraftan i\u015ftirak ettiler.<\/p>\n\n\n\n<p>Ekspertlerni\u00f1 ricas\u0131 ile R. \u0130lyasov Meclis ve Qurultay kibi milliy idare qurumlar\u0131n\u0131\u00f1 faaliyeti, q\u0131r\u0131mtatar halq\u0131 milliy areketini\u00f1 tarih\u0131 aqq\u0131nda ik\u00e2ye etti.<\/p>\n\n\n\n<p>Subetde\u015fler Q\u0131r\u0131m ve Ukrainadaki i\u00e7timaiy-siyasiye vaziyetni, milliy idare organ\u0131 ve Q\u0131r\u0131m em de Ukraina akimiyetinen munasebetler ve yar\u0131madada so\u00f1ki vaq\u0131tta ol\u0131p ke\u00e7ken vaqialar \u00e7er\u00e7ivesinde q\u0131r\u0131mtatar halq\u0131n\u0131\u00f1 al\u0131 muzakere etildi.<\/p>\n\n\n\n<p>Avropal\u0131 m\u00fctehass\u0131slar Ukraina \u00fck\u00fcmetini\u00f1 milliy azl\u0131qlar\u011fa nisbeten siyaseti meraqland\u0131rd\u0131.<\/p>\n\n\n\n<p>Remzi \u0130lyasov \u015fun\u0131 qayd etti ki, Ukrainan\u0131\u00f1 mustaqillik devrinde devlet q\u0131r\u0131mtatar halq\u0131na nisbeten umummilliy seviyede b\u00fct\u00fcn, devaml\u0131 siyasetni \u00f6yle de i\u015flep \u00e7\u0131qmad\u0131. &#8220;C\u00fcmleden, q\u0131r\u0131mtatar halq\u0131n\u0131\u00f1 ya da evel s\u00fcrg\u00fcn etilgenr \u015fah\u0131slarn\u0131\u00f1 status\u0131 al\u00e2 daa belgilenmedi&#8221;, &#8211; dedi Meclis reisini\u00f1 muavini R.\u0130lyasov.<\/p>\n\n\n\n<p>Milliy azl\u0131qlarn\u0131\u00f1 meseleleri boyunca Avropa merkezini\u00f1 ekspertleri q\u0131r\u0131mtatar milliy idare organlar\u0131n\u0131\u00f1 i\u015f faaliyeti unikal olaraq, d\u00fcnyada b\u00f6yle zengin ve q\u0131ymetli tecribege malik diger te\u015fkil\u00e2t tap\u0131lmaz. Olarn\u0131\u00f1 fikrince q\u0131r\u0131mtatarlar tecribesi kitapta aks ettirilecek ve Balqanlardaki halqqa ibret olur.<\/p>\n","protected":false},"excerpt":{"rendered":"<p>Milliy Meclisni may\u0131s 24 k\u00fcn\u00fc milliy azl\u0131qlarn\u0131\u00f1 meseleleri boyunca Avropa merkezini\u00f1 (Flensburg, Almaniya). ekspertleri ziyaret ettiler. K\u00f6r\u00fc\u015f\u00fcvde Meclis reisini\u00f1 muavini, Q\u0131r\u0131m Yuqar\u0131 \u015euras\u0131n\u0131\u00f1 deputat\u0131 Remzi \u0130lyasov ve &#8220;Vatanda\u015flar cemiyetini\u00f1 institut\u0131&#8221; Q\u0131r\u0131m cemaat te\u015fkil\u00e2t\u0131 ke\u00f1e\u015finini\u00f1 reisi Rustem Abl\u00e2tif bir taraftan, Merkezni\u00f1 ekspertleri d-r Aleksandr \u00d6sipov ve merkezni\u00f1 ilmiy hadimi Ganna Vasilevi\u00e7- diger taraftan i\u015ftirak ettiler. Ekspertlerni\u00f1 [&hellip;]<\/p>\n","protected":false},"author":1,"featured_media":0,"comment_status":"open","ping_status":"open","sticky":false,"template":"","format":"standard","meta":{"inline_featured_image":false,"footnotes":""},"categories":[265],"tags":[],"class_list":["post-37748","post","type-post","status-publish","format-standard","hentry","category-haberler"],"acf":[],"yoast_head":"<!-- This site is optimized with the Yoast SEO plugin v27.4 - https:\/\/yoast.com\/product\/yoast-seo-wordpress\/ -->\n<title>Meclis reisini\u00f1 muavini Remzi \u0130lyasov milliy azl\u0131qlarn\u0131\u00f1 meseleleri boyunca avropal\u0131 m\u00fctehass\u0131lar ile k\u00f6r\u00fc\u015fti - \u041c\u0435\u0434\u0436\u043b\u0456\u0441<\/title>\n<meta name=\"robots\" content=\"index, follow, max-snippet:-1, max-image-preview:large, max-video-preview:-1\" \/>\n<link rel=\"canonical\" href=\"https:\/\/qtmm.org\/qt\/meclis-reisinin-muavini-remzi-ilyasov-milliy-azliqlarnin-meseleleri-boyunca-avropali-mutehassilar-ile-korusti\/\" \/>\n<meta property=\"og:locale\" content=\"en_US\" \/>\n<meta property=\"og:type\" content=\"article\" \/>\n<meta property=\"og:title\" content=\"Meclis reisini\u00f1 muavini Remzi \u0130lyasov milliy azl\u0131qlarn\u0131\u00f1 meseleleri boyunca avropal\u0131 m\u00fctehass\u0131lar ile k\u00f6r\u00fc\u015fti - \u041c\u0435\u0434\u0436\u043b\u0456\u0441\" \/>\n<meta property=\"og:description\" content=\"Milliy Meclisni may\u0131s 24 k\u00fcn\u00fc milliy azl\u0131qlarn\u0131\u00f1 meseleleri boyunca Avropa merkezini\u00f1 (Flensburg, Almaniya). ekspertleri ziyaret ettiler. K\u00f6r\u00fc\u015f\u00fcvde Meclis reisini\u00f1 muavini, Q\u0131r\u0131m Yuqar\u0131 \u015euras\u0131n\u0131\u00f1 deputat\u0131 Remzi \u0130lyasov ve &#8220;Vatanda\u015flar cemiyetini\u00f1 institut\u0131&#8221; Q\u0131r\u0131m cemaat te\u015fkil\u00e2t\u0131 ke\u00f1e\u015finini\u00f1 reisi Rustem Abl\u00e2tif bir taraftan, Merkezni\u00f1 ekspertleri d-r Aleksandr \u00d6sipov ve merkezni\u00f1 ilmiy hadimi Ganna Vasilevi\u00e7- diger taraftan i\u015ftirak ettiler. Ekspertlerni\u00f1 [&hellip;]\" \/>\n<meta property=\"og:url\" content=\"https:\/\/qtmm.org\/qt\/meclis-reisinin-muavini-remzi-ilyasov-milliy-azliqlarnin-meseleleri-boyunca-avropali-mutehassilar-ile-korusti\/\" \/>\n<meta property=\"og:site_name\" content=\"\u041c\u0435\u0434\u0436\u043b\u0456\u0441\" \/>\n<meta property=\"article:publisher\" content=\"https:\/\/www.facebook.com\/qtmm.info\/\" \/>\n<meta property=\"article:published_time\" content=\"2013-05-26T21:00:00+00:00\" \/>\n<meta property=\"article:modified_time\" content=\"2022-01-23T21:00:57+00:00\" \/>\n<meta name=\"author\" content=\"Developer\" \/>\n<meta name=\"twitter:card\" content=\"summary_large_image\" \/>\n<meta name=\"twitter:label1\" content=\"Written by\" \/>\n\t<meta name=\"twitter:data1\" content=\"Developer\" \/>\n\t<meta name=\"twitter:label2\" content=\"Est. reading time\" \/>\n\t<meta name=\"twitter:data2\" content=\"1 minute\" \/>\n<script type=\"application\/ld+json\" class=\"yoast-schema-graph\">{\"@context\":\"https:\\\/\\\/schema.org\",\"@graph\":[{\"@type\":\"Article\",\"@id\":\"https:\\\/\\\/qtmm.org\\\/qt\\\/meclis-reisinin-muavini-remzi-ilyasov-milliy-azliqlarnin-meseleleri-boyunca-avropali-mutehassilar-ile-korusti\\\/#article\",\"isPartOf\":{\"@id\":\"https:\\\/\\\/qtmm.org\\\/qt\\\/meclis-reisinin-muavini-remzi-ilyasov-milliy-azliqlarnin-meseleleri-boyunca-avropali-mutehassilar-ile-korusti\\\/\"},\"author\":{\"name\":\"Developer\",\"@id\":\"https:\\\/\\\/qtmm.org\\\/qt\\\/#\\\/schema\\\/person\\\/de562469f971dec226ac06e60bbf74a7\"},\"headline\":\"Meclis reisini\u00f1 muavini Remzi \u0130lyasov milliy azl\u0131qlarn\u0131\u00f1 meseleleri boyunca avropal\u0131 m\u00fctehass\u0131lar ile k\u00f6r\u00fc\u015fti\",\"datePublished\":\"2013-05-26T21:00:00+00:00\",\"dateModified\":\"2022-01-23T21:00:57+00:00\",\"mainEntityOfPage\":{\"@id\":\"https:\\\/\\\/qtmm.org\\\/qt\\\/meclis-reisinin-muavini-remzi-ilyasov-milliy-azliqlarnin-meseleleri-boyunca-avropali-mutehassilar-ile-korusti\\\/\"},\"wordCount\":278,\"commentCount\":0,\"publisher\":{\"@id\":\"https:\\\/\\\/qtmm.org\\\/qt\\\/#organization\"},\"articleSection\":[\"Haberler\"],\"inLanguage\":\"qt\",\"potentialAction\":[{\"@type\":\"CommentAction\",\"name\":\"Comment\",\"target\":[\"https:\\\/\\\/qtmm.org\\\/qt\\\/meclis-reisinin-muavini-remzi-ilyasov-milliy-azliqlarnin-meseleleri-boyunca-avropali-mutehassilar-ile-korusti\\\/#respond\"]}]},{\"@type\":\"WebPage\",\"@id\":\"https:\\\/\\\/qtmm.org\\\/qt\\\/meclis-reisinin-muavini-remzi-ilyasov-milliy-azliqlarnin-meseleleri-boyunca-avropali-mutehassilar-ile-korusti\\\/\",\"url\":\"https:\\\/\\\/qtmm.org\\\/qt\\\/meclis-reisinin-muavini-remzi-ilyasov-milliy-azliqlarnin-meseleleri-boyunca-avropali-mutehassilar-ile-korusti\\\/\",\"name\":\"Meclis reisini\u00f1 muavini Remzi \u0130lyasov milliy azl\u0131qlarn\u0131\u00f1 meseleleri boyunca avropal\u0131 m\u00fctehass\u0131lar ile k\u00f6r\u00fc\u015fti - \u041c\u0435\u0434\u0436\u043b\u0456\u0441\",\"isPartOf\":{\"@id\":\"https:\\\/\\\/qtmm.org\\\/qt\\\/#website\"},\"datePublished\":\"2013-05-26T21:00:00+00:00\",\"dateModified\":\"2022-01-23T21:00:57+00:00\",\"breadcrumb\":{\"@id\":\"https:\\\/\\\/qtmm.org\\\/qt\\\/meclis-reisinin-muavini-remzi-ilyasov-milliy-azliqlarnin-meseleleri-boyunca-avropali-mutehassilar-ile-korusti\\\/#breadcrumb\"},\"inLanguage\":\"qt\",\"potentialAction\":[{\"@type\":\"ReadAction\",\"target\":[\"https:\\\/\\\/qtmm.org\\\/qt\\\/meclis-reisinin-muavini-remzi-ilyasov-milliy-azliqlarnin-meseleleri-boyunca-avropali-mutehassilar-ile-korusti\\\/\"]}]},{\"@type\":\"BreadcrumbList\",\"@id\":\"https:\\\/\\\/qtmm.org\\\/qt\\\/meclis-reisinin-muavini-remzi-ilyasov-milliy-azliqlarnin-meseleleri-boyunca-avropali-mutehassilar-ile-korusti\\\/#breadcrumb\",\"itemListElement\":[{\"@type\":\"ListItem\",\"position\":1,\"name\":\"\u0413\u043e\u043b\u043e\u0432\u043d\u0430\",\"item\":\"https:\\\/\\\/qtmm.org\\\/qt\\\/\"},{\"@type\":\"ListItem\",\"position\":2,\"name\":\"Meclis reisini\u00f1 muavini Remzi \u0130lyasov milliy azl\u0131qlarn\u0131\u00f1 meseleleri boyunca avropal\u0131 m\u00fctehass\u0131lar ile k\u00f6r\u00fc\u015fti\"}]},{\"@type\":\"WebSite\",\"@id\":\"https:\\\/\\\/qtmm.org\\\/qt\\\/#website\",\"url\":\"https:\\\/\\\/qtmm.org\\\/qt\\\/\",\"name\":\"\u041c\u0435\u0434\u0436\u043b\u0456\u0441\",\"description\":\"\",\"publisher\":{\"@id\":\"https:\\\/\\\/qtmm.org\\\/qt\\\/#organization\"},\"potentialAction\":[{\"@type\":\"SearchAction\",\"target\":{\"@type\":\"EntryPoint\",\"urlTemplate\":\"https:\\\/\\\/qtmm.org\\\/qt\\\/?s={search_term_string}\"},\"query-input\":{\"@type\":\"PropertyValueSpecification\",\"valueRequired\":true,\"valueName\":\"search_term_string\"}}],\"inLanguage\":\"qt\"},{\"@type\":\"Organization\",\"@id\":\"https:\\\/\\\/qtmm.org\\\/qt\\\/#organization\",\"name\":\"\u041c\u0435\u0434\u0436\u043b\u0456\u0441\",\"url\":\"https:\\\/\\\/qtmm.org\\\/qt\\\/\",\"logo\":{\"@type\":\"ImageObject\",\"inLanguage\":\"qt\",\"@id\":\"https:\\\/\\\/qtmm.org\\\/qt\\\/#\\\/schema\\\/logo\\\/image\\\/\",\"url\":\"https:\\\/\\\/qtmm.org\\\/wp-content\\\/uploads\\\/2024\\\/12\\\/ua-mejlis-logo-rgb.svg\",\"contentUrl\":\"https:\\\/\\\/qtmm.org\\\/wp-content\\\/uploads\\\/2024\\\/12\\\/ua-mejlis-logo-rgb.svg\",\"caption\":\"\u041c\u0435\u0434\u0436\u043b\u0456\u0441\"},\"image\":{\"@id\":\"https:\\\/\\\/qtmm.org\\\/qt\\\/#\\\/schema\\\/logo\\\/image\\\/\"},\"sameAs\":[\"https:\\\/\\\/www.facebook.com\\\/qtmm.info\\\/\"]},{\"@type\":\"Person\",\"@id\":\"https:\\\/\\\/qtmm.org\\\/qt\\\/#\\\/schema\\\/person\\\/de562469f971dec226ac06e60bbf74a7\",\"name\":\"Developer\",\"image\":{\"@type\":\"ImageObject\",\"inLanguage\":\"qt\",\"@id\":\"https:\\\/\\\/secure.gravatar.com\\\/avatar\\\/392b4cc8fbfeb00b39dfeeab4ee6edded39ffd48e25858637e4765810300227e?s=96&d=mm&r=g\",\"url\":\"https:\\\/\\\/secure.gravatar.com\\\/avatar\\\/392b4cc8fbfeb00b39dfeeab4ee6edded39ffd48e25858637e4765810300227e?s=96&d=mm&r=g\",\"contentUrl\":\"https:\\\/\\\/secure.gravatar.com\\\/avatar\\\/392b4cc8fbfeb00b39dfeeab4ee6edded39ffd48e25858637e4765810300227e?s=96&d=mm&r=g\",\"caption\":\"Developer\"},\"url\":\"https:\\\/\\\/qtmm.org\\\/qt\\\/author\\\/Developer\\\/\"}]}<\/script>\n<!-- \/ Yoast SEO plugin. -->","yoast_head_json":{"title":"Meclis reisini\u00f1 muavini Remzi \u0130lyasov milliy azl\u0131qlarn\u0131\u00f1 meseleleri boyunca avropal\u0131 m\u00fctehass\u0131lar ile k\u00f6r\u00fc\u015fti - \u041c\u0435\u0434\u0436\u043b\u0456\u0441","robots":{"index":"index","follow":"follow","max-snippet":"max-snippet:-1","max-image-preview":"max-image-preview:large","max-video-preview":"max-video-preview:-1"},"canonical":"https:\/\/qtmm.org\/qt\/meclis-reisinin-muavini-remzi-ilyasov-milliy-azliqlarnin-meseleleri-boyunca-avropali-mutehassilar-ile-korusti\/","og_locale":"en_US","og_type":"article","og_title":"Meclis reisini\u00f1 muavini Remzi \u0130lyasov milliy azl\u0131qlarn\u0131\u00f1 meseleleri boyunca avropal\u0131 m\u00fctehass\u0131lar ile k\u00f6r\u00fc\u015fti - \u041c\u0435\u0434\u0436\u043b\u0456\u0441","og_description":"Milliy Meclisni may\u0131s 24 k\u00fcn\u00fc milliy azl\u0131qlarn\u0131\u00f1 meseleleri boyunca Avropa merkezini\u00f1 (Flensburg, Almaniya). ekspertleri ziyaret ettiler. K\u00f6r\u00fc\u015f\u00fcvde Meclis reisini\u00f1 muavini, Q\u0131r\u0131m Yuqar\u0131 \u015euras\u0131n\u0131\u00f1 deputat\u0131 Remzi \u0130lyasov ve &#8220;Vatanda\u015flar cemiyetini\u00f1 institut\u0131&#8221; Q\u0131r\u0131m cemaat te\u015fkil\u00e2t\u0131 ke\u00f1e\u015finini\u00f1 reisi Rustem Abl\u00e2tif bir taraftan, Merkezni\u00f1 ekspertleri d-r Aleksandr \u00d6sipov ve merkezni\u00f1 ilmiy hadimi Ganna Vasilevi\u00e7- diger taraftan i\u015ftirak ettiler. Ekspertlerni\u00f1 [&hellip;]","og_url":"https:\/\/qtmm.org\/qt\/meclis-reisinin-muavini-remzi-ilyasov-milliy-azliqlarnin-meseleleri-boyunca-avropali-mutehassilar-ile-korusti\/","og_site_name":"\u041c\u0435\u0434\u0436\u043b\u0456\u0441","article_publisher":"https:\/\/www.facebook.com\/qtmm.info\/","article_published_time":"2013-05-26T21:00:00+00:00","article_modified_time":"2022-01-23T21:00:57+00:00","author":"Developer","twitter_card":"summary_large_image","twitter_misc":{"Written by":"Developer","Est. reading time":"1 minute"},"schema":{"@context":"https:\/\/schema.org","@graph":[{"@type":"Article","@id":"https:\/\/qtmm.org\/qt\/meclis-reisinin-muavini-remzi-ilyasov-milliy-azliqlarnin-meseleleri-boyunca-avropali-mutehassilar-ile-korusti\/#article","isPartOf":{"@id":"https:\/\/qtmm.org\/qt\/meclis-reisinin-muavini-remzi-ilyasov-milliy-azliqlarnin-meseleleri-boyunca-avropali-mutehassilar-ile-korusti\/"},"author":{"name":"Developer","@id":"https:\/\/qtmm.org\/qt\/#\/schema\/person\/de562469f971dec226ac06e60bbf74a7"},"headline":"Meclis reisini\u00f1 muavini Remzi \u0130lyasov milliy azl\u0131qlarn\u0131\u00f1 meseleleri boyunca avropal\u0131 m\u00fctehass\u0131lar ile k\u00f6r\u00fc\u015fti","datePublished":"2013-05-26T21:00:00+00:00","dateModified":"2022-01-23T21:00:57+00:00","mainEntityOfPage":{"@id":"https:\/\/qtmm.org\/qt\/meclis-reisinin-muavini-remzi-ilyasov-milliy-azliqlarnin-meseleleri-boyunca-avropali-mutehassilar-ile-korusti\/"},"wordCount":278,"commentCount":0,"publisher":{"@id":"https:\/\/qtmm.org\/qt\/#organization"},"articleSection":["Haberler"],"inLanguage":"qt","potentialAction":[{"@type":"CommentAction","name":"Comment","target":["https:\/\/qtmm.org\/qt\/meclis-reisinin-muavini-remzi-ilyasov-milliy-azliqlarnin-meseleleri-boyunca-avropali-mutehassilar-ile-korusti\/#respond"]}]},{"@type":"WebPage","@id":"https:\/\/qtmm.org\/qt\/meclis-reisinin-muavini-remzi-ilyasov-milliy-azliqlarnin-meseleleri-boyunca-avropali-mutehassilar-ile-korusti\/","url":"https:\/\/qtmm.org\/qt\/meclis-reisinin-muavini-remzi-ilyasov-milliy-azliqlarnin-meseleleri-boyunca-avropali-mutehassilar-ile-korusti\/","name":"Meclis reisini\u00f1 muavini Remzi \u0130lyasov milliy azl\u0131qlarn\u0131\u00f1 meseleleri boyunca avropal\u0131 m\u00fctehass\u0131lar ile k\u00f6r\u00fc\u015fti - \u041c\u0435\u0434\u0436\u043b\u0456\u0441","isPartOf":{"@id":"https:\/\/qtmm.org\/qt\/#website"},"datePublished":"2013-05-26T21:00:00+00:00","dateModified":"2022-01-23T21:00:57+00:00","breadcrumb":{"@id":"https:\/\/qtmm.org\/qt\/meclis-reisinin-muavini-remzi-ilyasov-milliy-azliqlarnin-meseleleri-boyunca-avropali-mutehassilar-ile-korusti\/#breadcrumb"},"inLanguage":"qt","potentialAction":[{"@type":"ReadAction","target":["https:\/\/qtmm.org\/qt\/meclis-reisinin-muavini-remzi-ilyasov-milliy-azliqlarnin-meseleleri-boyunca-avropali-mutehassilar-ile-korusti\/"]}]},{"@type":"BreadcrumbList","@id":"https:\/\/qtmm.org\/qt\/meclis-reisinin-muavini-remzi-ilyasov-milliy-azliqlarnin-meseleleri-boyunca-avropali-mutehassilar-ile-korusti\/#breadcrumb","itemListElement":[{"@type":"ListItem","position":1,"name":"\u0413\u043e\u043b\u043e\u0432\u043d\u0430","item":"https:\/\/qtmm.org\/qt\/"},{"@type":"ListItem","position":2,"name":"Meclis reisini\u00f1 muavini Remzi \u0130lyasov milliy azl\u0131qlarn\u0131\u00f1 meseleleri boyunca avropal\u0131 m\u00fctehass\u0131lar ile k\u00f6r\u00fc\u015fti"}]},{"@type":"WebSite","@id":"https:\/\/qtmm.org\/qt\/#website","url":"https:\/\/qtmm.org\/qt\/","name":"\u041c\u0435\u0434\u0436\u043b\u0456\u0441","description":"","publisher":{"@id":"https:\/\/qtmm.org\/qt\/#organization"},"potentialAction":[{"@type":"SearchAction","target":{"@type":"EntryPoint","urlTemplate":"https:\/\/qtmm.org\/qt\/?s={search_term_string}"},"query-input":{"@type":"PropertyValueSpecification","valueRequired":true,"valueName":"search_term_string"}}],"inLanguage":"qt"},{"@type":"Organization","@id":"https:\/\/qtmm.org\/qt\/#organization","name":"\u041c\u0435\u0434\u0436\u043b\u0456\u0441","url":"https:\/\/qtmm.org\/qt\/","logo":{"@type":"ImageObject","inLanguage":"qt","@id":"https:\/\/qtmm.org\/qt\/#\/schema\/logo\/image\/","url":"https:\/\/qtmm.org\/wp-content\/uploads\/2024\/12\/ua-mejlis-logo-rgb.svg","contentUrl":"https:\/\/qtmm.org\/wp-content\/uploads\/2024\/12\/ua-mejlis-logo-rgb.svg","caption":"\u041c\u0435\u0434\u0436\u043b\u0456\u0441"},"image":{"@id":"https:\/\/qtmm.org\/qt\/#\/schema\/logo\/image\/"},"sameAs":["https:\/\/www.facebook.com\/qtmm.info\/"]},{"@type":"Person","@id":"https:\/\/qtmm.org\/qt\/#\/schema\/person\/de562469f971dec226ac06e60bbf74a7","name":"Developer","image":{"@type":"ImageObject","inLanguage":"qt","@id":"https:\/\/secure.gravatar.com\/avatar\/392b4cc8fbfeb00b39dfeeab4ee6edded39ffd48e25858637e4765810300227e?s=96&d=mm&r=g","url":"https:\/\/secure.gravatar.com\/avatar\/392b4cc8fbfeb00b39dfeeab4ee6edded39ffd48e25858637e4765810300227e?s=96&d=mm&r=g","contentUrl":"https:\/\/secure.gravatar.com\/avatar\/392b4cc8fbfeb00b39dfeeab4ee6edded39ffd48e25858637e4765810300227e?s=96&d=mm&r=g","caption":"Developer"},"url":"https:\/\/qtmm.org\/qt\/author\/Developer\/"}]}},"_links":{"self":[{"href":"https:\/\/qtmm.org\/qt\/wp-json\/wp\/v2\/posts\/37748","targetHints":{"allow":["GET"]}}],"collection":[{"href":"https:\/\/qtmm.org\/qt\/wp-json\/wp\/v2\/posts"}],"about":[{"href":"https:\/\/qtmm.org\/qt\/wp-json\/wp\/v2\/types\/post"}],"author":[{"embeddable":true,"href":"https:\/\/qtmm.org\/qt\/wp-json\/wp\/v2\/users\/1"}],"replies":[{"embeddable":true,"href":"https:\/\/qtmm.org\/qt\/wp-json\/wp\/v2\/comments?post=37748"}],"version-history":[{"count":1,"href":"https:\/\/qtmm.org\/qt\/wp-json\/wp\/v2\/posts\/37748\/revisions"}],"predecessor-version":[{"id":37749,"href":"https:\/\/qtmm.org\/qt\/wp-json\/wp\/v2\/posts\/37748\/revisions\/37749"}],"wp:attachment":[{"href":"https:\/\/qtmm.org\/qt\/wp-json\/wp\/v2\/media?parent=37748"}],"wp:term":[{"taxonomy":"category","embeddable":true,"href":"https:\/\/qtmm.org\/qt\/wp-json\/wp\/v2\/categories?post=37748"},{"taxonomy":"post_tag","embeddable":true,"href":"https:\/\/qtmm.org\/qt\/wp-json\/wp\/v2\/tags?post=37748"}],"curies":[{"name":"wp","href":"https:\/\/api.w.org\/{rel}","templated":true}]}}