




{"id":37734,"date":"2013-05-25T23:54:00","date_gmt":"2013-05-25T20:54:00","guid":{"rendered":"http:\/\/qtmm.org\/?p=37734"},"modified":"2022-01-23T23:56:36","modified_gmt":"2022-01-23T20:56:36","slug":"kommunist-rejimi-qurbanlarinin-hatirasina-asiri-yaldav-istirakcileri-sovetler-birliginin-kommunist-partiyasini-nurnberg-2-mahkemesinde-ukum-etmekni-talap-eteler","status":"publish","type":"post","link":"https:\/\/qtmm.org\/qt\/kommunist-rejimi-qurbanlarinin-hatirasina-asiri-yaldav-istirakcileri-sovetler-birliginin-kommunist-partiyasini-nurnberg-2-mahkemesinde-ukum-etmekni-talap-eteler\/","title":{"rendered":"Kommunist rejimi qurbanlar\u0131n\u0131\u00f1 hat\u0131ras\u0131na a\u015f\u0131r\u0131 yaldav i\u015ftirak\u00e7ileri Sovetler Birligini\u00f1 Kommunist partiyas\u0131n\u0131 N\u00dcRNBERG-2 mahkemesinde \u00fck\u00fcm etmekni talap eteler"},"content":{"rendered":"\n<p>2013 senesi may\u0131s 22 k\u00fcn\u00fc saat 11. 00-de M\u0131s\u0131rda Ris-Mohammed tabiat qoru\u011f\u0131ndan ba\u015flap Q\u0131z\u0131l de\u00f1izde Hurgada \u015feeri yal\u0131s\u0131na qadar 100 kilometrlik misilsiz yaldavda Ukraina rekordlar kitab\u0131n\u0131\u00f1 rekord\u00e7\u0131s\u0131, sab\u0131q dissident ve siyasiy mahb\u00fcs \u00d6leg Sof\u00e2nik, Moskval\u0131 sab\u0131q siyasiy mahb\u00fcs \u015eamil Alimuradov i\u015ftirak ettiler.<\/p>\n\n\n\n<figure class=\"wp-block-image size-full\"><img loading=\"lazy\" decoding=\"async\" width=\"650\" height=\"509\" src=\"http:\/\/qtmm.org\/wp-content\/uploads\/2022\/01\/2013_05_21_16.57.50.jpg\" alt=\"\" class=\"wp-image-37735\" srcset=\"https:\/\/qtmm.org\/wp-content\/uploads\/2022\/01\/2013_05_21_16.57.50.jpg 650w, https:\/\/qtmm.org\/wp-content\/uploads\/2022\/01\/2013_05_21_16.57.50-300x235.jpg 300w\" sizes=\"auto, (max-width: 650px) 100vw, 650px\" \/><\/figure>\n\n\n\n<p>Yaldav 1944 senesi may\u0131s 18-de Q\u0131r\u0131mdan s\u00fcrg\u00fcn etilgen q\u0131r\u0131mtatar halq\u0131 ve kommunist rejiminden zarar k\u00f6rgen halqlar qurbanlar\u0131n\u0131\u00f1 hat\u0131ras\u0131na ba\u011f\u0131\u015fland\u0131.<\/p>\n\n\n\n<p>Yaldav i\u015ftirak\u00e7ileri Ukrainada se sab\u0131q sovetler hudud\u0131ndaki demokratik k\u00fc\u00e7lerge bu vah\u015fiy cinayetlerni\u00f1 kelecekte tekrarlanmas\u0131na yol bermemek i\u00e7\u00fcn b\u00fct\u00fcn k\u00fc\u00e7lerini sarf etmege \u00e7a\u011f\u0131rd\u0131lar.<\/p>\n\n\n\n<figure class=\"wp-block-image size-full\"><img loading=\"lazy\" decoding=\"async\" width=\"650\" height=\"522\" src=\"http:\/\/qtmm.org\/wp-content\/uploads\/2022\/01\/2013_05_22_11.47.01.jpg\" alt=\"\" class=\"wp-image-37739\" srcset=\"https:\/\/qtmm.org\/wp-content\/uploads\/2022\/01\/2013_05_22_11.47.01.jpg 650w, https:\/\/qtmm.org\/wp-content\/uploads\/2022\/01\/2013_05_22_11.47.01-300x241.jpg 300w\" sizes=\"auto, (max-width: 650px) 100vw, 650px\" \/><\/figure>\n\n\n\n<p>&#8220;Bizim maqsad\u0131m\u0131z kommunizm mevkuresi ne derecede havfl\u0131 ol\u011fan\u0131n\u0131 k\u00f6stermektir.<\/p>\n\n\n\n<p>Ve bun\u0131 ille \u015fimdi, kommunist ve sovetlerge meyilli te\u015fkil\u00e2tlar ba\u015f k\u00f6terip \u00fck\u00fcmetke ke\u00e7mege, qanl\u0131 terror ba\u015flama\u011fa t\u0131r\u0131\u015fqanlar\u0131nda yapmaq zarurd\u0131r.&#8221;, &#8211; qayd ettiler aktsiya te\u015fkil\u00e2t\u00e7\u0131lar\u0131 Yaldav ba\u015flan\u011fan so\u00f1 Hurgada camilerini\u00f1 birinde ve k\u00f6pt kilsesinde s\u00fcrg\u00fcn etilgenler ve kommunist rejimi qurbanlar\u0131n\u0131\u00f1 ruhuna dua oquld\u0131. \u00d6leg Sof\u00e2nik ve \u015eamil Alimuradovdan Milliy Meclis ad\u0131na Beyanat yollan\u0131ld\u0131<\/p>\n\n\n\n<figure class=\"wp-block-image size-full\"><img loading=\"lazy\" decoding=\"async\" width=\"650\" height=\"685\" src=\"http:\/\/qtmm.org\/wp-content\/uploads\/2022\/01\/2013_05_22_11.51.13.jpg\" alt=\"\" class=\"wp-image-37743\" srcset=\"https:\/\/qtmm.org\/wp-content\/uploads\/2022\/01\/2013_05_22_11.51.13.jpg 650w, https:\/\/qtmm.org\/wp-content\/uploads\/2022\/01\/2013_05_22_11.51.13-285x300.jpg 285w\" sizes=\"auto, (max-width: 650px) 100vw, 650px\" \/><\/figure>\n\n\n\n<p class=\"has-text-align-center\"><strong>1944 senesi may\u0131s 18-de q\u0131r\u0131mtatar halq\u0131 Q\u0131r\u0131mdan s\u00fcrg\u00fcn etilgenini\u00f1 69 y\u0131ll\u0131\u011f\u0131, q\u0131r\u0131mtatarlar soyq\u0131r\u0131m\u0131 ve kommunist rejiminden zarar k\u00f6rgen halqlar qurbanlar\u0131n\u0131\u00f1 hat\u0131ras\u0131na ba\u011f\u0131\u015flan\u011fan yaldav i\u015ftirak\u00e7ilerini\u00f1<\/strong><\/p>\n\n\n\n<p class=\"has-text-align-center\"><strong>BEYANATI<\/strong><\/p>\n\n\n\n<p><br>\u0425\u0425 as\u0131r tarih\u0131 qanl\u0131 cenkler ve insanl\u0131qqa qar\u015f\u0131 b\u00fcy\u00fck cinayetlernen bellidir. Olarn\u0131\u00f1 episi nice-nice insanlarn\u0131\u00f1 ba\u015f\u0131na yetkendir. Bu cinayetlerde eki totalitar rejim \u2013 fa\u015fist Almaniyas\u0131 ve SSSR kommunist rejimi qabaatl\u0131d\u0131r.<\/p>\n\n\n\n<p>Natsist rejimi ke\u00e7ken as\u0131rn\u0131\u00f1 yar\u0131s\u0131nda N\u00fcrnberg mahkemesinde mahk\u00fcm etilgen olsa, kommunist rejimi devrinde millionlarnen insanlarn\u0131\u00f1 el\u00e2k olmas\u0131na sebep\u00e7i ol\u011fan Kommunist partiyas\u0131 yapqan zulum\u0131 N\u00fcrnberg-2 mahkemesinde \u00fck\u00fcm etilmeli.<\/p>\n\n\n\n<p>Bu rejim taraf\u0131ndan yap\u0131l\u011fan \u015fiddetli cinayetlerden biri b\u00fct\u00fcn bir halqlarn\u0131\u00f1, toplumlarn\u0131\u00f1 milliy mens\u00fcpligi boyunca Ekinci d\u00fcnya cenkinden evel ve cenk vaqt\u0131nda s\u00fcrg\u00fcn etilmesidir.<\/p>\n\n\n\n<p>S\u00fcrg\u00fcnlik aqibetinde t\u0131n\u00e7 eali el\u00e2k old\u0131, halqlarn\u0131\u00f1 milliy ve medeniy degerligi, \u00f6zg\u00fcnligi yoq etildi. Bu ise a\u00e7\u0131qtan-a\u00e7\u0131q soyq\u0131r\u0131md\u0131r.<\/p>\n\n\n\n<p>Ekinci d\u00fcnya cenki devrinde 8 halq \u2013 Volgaboyu almanlar, qalm\u0131qlar, qara\u00e7aylar, \u00e7e\u00e7enler, in\u011fu\u015flar, balqarlar, q\u0131r\u0131mtatarlar ve mesheti t\u00fcrkler s\u00fcrg\u00fcn etildiler.<\/p>\n\n\n\n<p>Q\u0131r\u0131mtatar halq\u0131n\u0131\u00f1 s\u00fcrg\u00fcn etilgenine bu k\u00fcnlerde 69 y\u0131l old\u0131. Bu halqn\u0131\u00f1 facial\u0131 taqdiri kommunist rejimi yapqan zulumn\u0131\u00f1 misalidir.<\/p>\n\n\n\n<p>SSSR da\u011f\u0131l\u011fan\u0131na 22 y\u0131l ol\u011fan bir vaq\u0131tta q\u0131r\u0131mtatarlar Q\u0131r\u0131m\u011fa qaytuv ve yerle\u015f\u00fcv i\u015finde zorluq \u00e7ekmekteler. Bun\u0131\u00f1 sebepleri kommunist mevkuresi restavratsiya yap\u0131l\u0131p, kene canland\u0131r\u0131l\u011fan\u0131ndad\u0131r.<\/p>\n\n\n\n<p>Bun\u0131\u00f1 art\u0131nda tur\u011fan k\u00fc\u00e7ler 1991 senesi Zulum imperiyas\u0131 y\u0131q\u0131lmas\u0131 i\u00e7\u00fcn o\u00e7 almaq pe\u015findeler.<\/p>\n\n\n\n<p>Sovetler Birligi Kommunist partiyas\u0131 ve on\u0131\u00f1 cinaiy rejimi N\u00dcRNBERG-2 mahkemesinde \u00fck\u00fcm etilsin!<\/p>\n\n\n\n<p>Halqara ve sab\u0131q sovetler hudud\u0131ndaki demokratik k\u00fc\u00e7lerge KPSSni N\u00fcrnberg-2 mahkemesinde \u00fck\u00fcm etmek i\u00e7\u00fcn areket ba\u015flamaq te\u015febb\u00fcsini \u00f6gge s\u00fcrmelerini rica etip muracaatt bulunam\u0131z.<br><br><\/p>\n\n\n\n<p class=\"has-text-align-right\"><em><strong>\u00d6leg Sof\u00e2nik (Ukraina)<br>\u015eamil Alimuradov (Rusiye)<br><br>M\u0131s\u0131r Arap Cumhuriyeti,<br>Hurgada \u015f. , 22 may\u0131s 2013 s<\/strong><\/em><\/p>\n","protected":false},"excerpt":{"rendered":"<p>2013 senesi may\u0131s 22 k\u00fcn\u00fc saat 11. 00-de M\u0131s\u0131rda Ris-Mohammed tabiat qoru\u011f\u0131ndan ba\u015flap Q\u0131z\u0131l de\u00f1izde Hurgada \u015feeri yal\u0131s\u0131na qadar 100 kilometrlik misilsiz yaldavda Ukraina rekordlar kitab\u0131n\u0131\u00f1 rekord\u00e7\u0131s\u0131, sab\u0131q dissident ve siyasiy mahb\u00fcs \u00d6leg Sof\u00e2nik, Moskval\u0131 sab\u0131q siyasiy mahb\u00fcs \u015eamil Alimuradov i\u015ftirak ettiler. Yaldav 1944 senesi may\u0131s 18-de Q\u0131r\u0131mdan s\u00fcrg\u00fcn etilgen q\u0131r\u0131mtatar halq\u0131 ve kommunist rejiminden [&hellip;]<\/p>\n","protected":false},"author":1,"featured_media":0,"comment_status":"open","ping_status":"open","sticky":false,"template":"","format":"standard","meta":{"inline_featured_image":false,"footnotes":""},"categories":[265],"tags":[],"class_list":["post-37734","post","type-post","status-publish","format-standard","hentry","category-haberler"],"acf":[],"yoast_head":"<!-- This site is optimized with the Yoast SEO plugin v27.4 - https:\/\/yoast.com\/product\/yoast-seo-wordpress\/ -->\n<title>Kommunist rejimi qurbanlar\u0131n\u0131\u00f1 hat\u0131ras\u0131na a\u015f\u0131r\u0131 yaldav i\u015ftirak\u00e7ileri Sovetler Birligini\u00f1 Kommunist partiyas\u0131n\u0131 N\u00dcRNBERG-2 mahkemesinde \u00fck\u00fcm etmekni talap eteler - \u041c\u0435\u0434\u0436\u043b\u0456\u0441<\/title>\n<meta name=\"robots\" content=\"index, follow, max-snippet:-1, max-image-preview:large, max-video-preview:-1\" \/>\n<link rel=\"canonical\" href=\"https:\/\/qtmm.org\/qt\/kommunist-rejimi-qurbanlarinin-hatirasina-asiri-yaldav-istirakcileri-sovetler-birliginin-kommunist-partiyasini-nurnberg-2-mahkemesinde-ukum-etmekni-talap-eteler\/\" \/>\n<meta property=\"og:locale\" content=\"en_US\" \/>\n<meta property=\"og:type\" content=\"article\" \/>\n<meta property=\"og:title\" content=\"Kommunist rejimi qurbanlar\u0131n\u0131\u00f1 hat\u0131ras\u0131na a\u015f\u0131r\u0131 yaldav i\u015ftirak\u00e7ileri Sovetler Birligini\u00f1 Kommunist partiyas\u0131n\u0131 N\u00dcRNBERG-2 mahkemesinde \u00fck\u00fcm etmekni talap eteler - \u041c\u0435\u0434\u0436\u043b\u0456\u0441\" \/>\n<meta property=\"og:description\" content=\"2013 senesi may\u0131s 22 k\u00fcn\u00fc saat 11. 00-de M\u0131s\u0131rda Ris-Mohammed tabiat qoru\u011f\u0131ndan ba\u015flap Q\u0131z\u0131l de\u00f1izde Hurgada \u015feeri yal\u0131s\u0131na qadar 100 kilometrlik misilsiz yaldavda Ukraina rekordlar kitab\u0131n\u0131\u00f1 rekord\u00e7\u0131s\u0131, sab\u0131q dissident ve siyasiy mahb\u00fcs \u00d6leg Sof\u00e2nik, Moskval\u0131 sab\u0131q siyasiy mahb\u00fcs \u015eamil Alimuradov i\u015ftirak ettiler. Yaldav 1944 senesi may\u0131s 18-de Q\u0131r\u0131mdan s\u00fcrg\u00fcn etilgen q\u0131r\u0131mtatar halq\u0131 ve kommunist rejiminden [&hellip;]\" \/>\n<meta property=\"og:url\" content=\"https:\/\/qtmm.org\/qt\/kommunist-rejimi-qurbanlarinin-hatirasina-asiri-yaldav-istirakcileri-sovetler-birliginin-kommunist-partiyasini-nurnberg-2-mahkemesinde-ukum-etmekni-talap-eteler\/\" \/>\n<meta property=\"og:site_name\" content=\"\u041c\u0435\u0434\u0436\u043b\u0456\u0441\" \/>\n<meta property=\"article:publisher\" content=\"https:\/\/www.facebook.com\/qtmm.info\/\" \/>\n<meta property=\"article:published_time\" content=\"2013-05-25T20:54:00+00:00\" \/>\n<meta property=\"article:modified_time\" content=\"2022-01-23T20:56:36+00:00\" \/>\n<meta property=\"og:image\" content=\"https:\/\/qtmm.org\/wp-content\/uploads\/2022\/01\/2013_05_21_16.57.50.jpg\" \/>\n\t<meta property=\"og:image:width\" content=\"650\" \/>\n\t<meta property=\"og:image:height\" content=\"509\" \/>\n\t<meta property=\"og:image:type\" content=\"image\/jpeg\" \/>\n<meta name=\"author\" content=\"Developer\" \/>\n<meta name=\"twitter:card\" content=\"summary_large_image\" \/>\n<meta name=\"twitter:label1\" content=\"Written by\" \/>\n\t<meta name=\"twitter:data1\" content=\"Developer\" \/>\n\t<meta name=\"twitter:label2\" content=\"Est. reading time\" \/>\n\t<meta name=\"twitter:data2\" content=\"3 minutes\" \/>\n<script type=\"application\/ld+json\" class=\"yoast-schema-graph\">{\"@context\":\"https:\\\/\\\/schema.org\",\"@graph\":[{\"@type\":\"Article\",\"@id\":\"https:\\\/\\\/qtmm.org\\\/qt\\\/kommunist-rejimi-qurbanlarinin-hatirasina-asiri-yaldav-istirakcileri-sovetler-birliginin-kommunist-partiyasini-nurnberg-2-mahkemesinde-ukum-etmekni-talap-eteler\\\/#article\",\"isPartOf\":{\"@id\":\"https:\\\/\\\/qtmm.org\\\/qt\\\/kommunist-rejimi-qurbanlarinin-hatirasina-asiri-yaldav-istirakcileri-sovetler-birliginin-kommunist-partiyasini-nurnberg-2-mahkemesinde-ukum-etmekni-talap-eteler\\\/\"},\"author\":{\"name\":\"Developer\",\"@id\":\"https:\\\/\\\/qtmm.org\\\/qt\\\/#\\\/schema\\\/person\\\/de562469f971dec226ac06e60bbf74a7\"},\"headline\":\"Kommunist rejimi qurbanlar\u0131n\u0131\u00f1 hat\u0131ras\u0131na a\u015f\u0131r\u0131 yaldav i\u015ftirak\u00e7ileri Sovetler Birligini\u00f1 Kommunist partiyas\u0131n\u0131 N\u00dcRNBERG-2 mahkemesinde \u00fck\u00fcm etmekni talap eteler\",\"datePublished\":\"2013-05-25T20:54:00+00:00\",\"dateModified\":\"2022-01-23T20:56:36+00:00\",\"mainEntityOfPage\":{\"@id\":\"https:\\\/\\\/qtmm.org\\\/qt\\\/kommunist-rejimi-qurbanlarinin-hatirasina-asiri-yaldav-istirakcileri-sovetler-birliginin-kommunist-partiyasini-nurnberg-2-mahkemesinde-ukum-etmekni-talap-eteler\\\/\"},\"wordCount\":656,\"commentCount\":0,\"publisher\":{\"@id\":\"https:\\\/\\\/qtmm.org\\\/qt\\\/#organization\"},\"image\":{\"@id\":\"https:\\\/\\\/qtmm.org\\\/qt\\\/kommunist-rejimi-qurbanlarinin-hatirasina-asiri-yaldav-istirakcileri-sovetler-birliginin-kommunist-partiyasini-nurnberg-2-mahkemesinde-ukum-etmekni-talap-eteler\\\/#primaryimage\"},\"thumbnailUrl\":\"http:\\\/\\\/qtmm.org\\\/wp-content\\\/uploads\\\/2022\\\/01\\\/2013_05_21_16.57.50.jpg\",\"articleSection\":[\"Haberler\"],\"inLanguage\":\"qt\",\"potentialAction\":[{\"@type\":\"CommentAction\",\"name\":\"Comment\",\"target\":[\"https:\\\/\\\/qtmm.org\\\/qt\\\/kommunist-rejimi-qurbanlarinin-hatirasina-asiri-yaldav-istirakcileri-sovetler-birliginin-kommunist-partiyasini-nurnberg-2-mahkemesinde-ukum-etmekni-talap-eteler\\\/#respond\"]}]},{\"@type\":\"WebPage\",\"@id\":\"https:\\\/\\\/qtmm.org\\\/qt\\\/kommunist-rejimi-qurbanlarinin-hatirasina-asiri-yaldav-istirakcileri-sovetler-birliginin-kommunist-partiyasini-nurnberg-2-mahkemesinde-ukum-etmekni-talap-eteler\\\/\",\"url\":\"https:\\\/\\\/qtmm.org\\\/qt\\\/kommunist-rejimi-qurbanlarinin-hatirasina-asiri-yaldav-istirakcileri-sovetler-birliginin-kommunist-partiyasini-nurnberg-2-mahkemesinde-ukum-etmekni-talap-eteler\\\/\",\"name\":\"Kommunist rejimi qurbanlar\u0131n\u0131\u00f1 hat\u0131ras\u0131na a\u015f\u0131r\u0131 yaldav i\u015ftirak\u00e7ileri Sovetler Birligini\u00f1 Kommunist partiyas\u0131n\u0131 N\u00dcRNBERG-2 mahkemesinde \u00fck\u00fcm etmekni talap eteler - \u041c\u0435\u0434\u0436\u043b\u0456\u0441\",\"isPartOf\":{\"@id\":\"https:\\\/\\\/qtmm.org\\\/qt\\\/#website\"},\"primaryImageOfPage\":{\"@id\":\"https:\\\/\\\/qtmm.org\\\/qt\\\/kommunist-rejimi-qurbanlarinin-hatirasina-asiri-yaldav-istirakcileri-sovetler-birliginin-kommunist-partiyasini-nurnberg-2-mahkemesinde-ukum-etmekni-talap-eteler\\\/#primaryimage\"},\"image\":{\"@id\":\"https:\\\/\\\/qtmm.org\\\/qt\\\/kommunist-rejimi-qurbanlarinin-hatirasina-asiri-yaldav-istirakcileri-sovetler-birliginin-kommunist-partiyasini-nurnberg-2-mahkemesinde-ukum-etmekni-talap-eteler\\\/#primaryimage\"},\"thumbnailUrl\":\"http:\\\/\\\/qtmm.org\\\/wp-content\\\/uploads\\\/2022\\\/01\\\/2013_05_21_16.57.50.jpg\",\"datePublished\":\"2013-05-25T20:54:00+00:00\",\"dateModified\":\"2022-01-23T20:56:36+00:00\",\"breadcrumb\":{\"@id\":\"https:\\\/\\\/qtmm.org\\\/qt\\\/kommunist-rejimi-qurbanlarinin-hatirasina-asiri-yaldav-istirakcileri-sovetler-birliginin-kommunist-partiyasini-nurnberg-2-mahkemesinde-ukum-etmekni-talap-eteler\\\/#breadcrumb\"},\"inLanguage\":\"qt\",\"potentialAction\":[{\"@type\":\"ReadAction\",\"target\":[\"https:\\\/\\\/qtmm.org\\\/qt\\\/kommunist-rejimi-qurbanlarinin-hatirasina-asiri-yaldav-istirakcileri-sovetler-birliginin-kommunist-partiyasini-nurnberg-2-mahkemesinde-ukum-etmekni-talap-eteler\\\/\"]}]},{\"@type\":\"ImageObject\",\"inLanguage\":\"qt\",\"@id\":\"https:\\\/\\\/qtmm.org\\\/qt\\\/kommunist-rejimi-qurbanlarinin-hatirasina-asiri-yaldav-istirakcileri-sovetler-birliginin-kommunist-partiyasini-nurnberg-2-mahkemesinde-ukum-etmekni-talap-eteler\\\/#primaryimage\",\"url\":\"http:\\\/\\\/qtmm.org\\\/wp-content\\\/uploads\\\/2022\\\/01\\\/2013_05_21_16.57.50.jpg\",\"contentUrl\":\"http:\\\/\\\/qtmm.org\\\/wp-content\\\/uploads\\\/2022\\\/01\\\/2013_05_21_16.57.50.jpg\"},{\"@type\":\"BreadcrumbList\",\"@id\":\"https:\\\/\\\/qtmm.org\\\/qt\\\/kommunist-rejimi-qurbanlarinin-hatirasina-asiri-yaldav-istirakcileri-sovetler-birliginin-kommunist-partiyasini-nurnberg-2-mahkemesinde-ukum-etmekni-talap-eteler\\\/#breadcrumb\",\"itemListElement\":[{\"@type\":\"ListItem\",\"position\":1,\"name\":\"\u0413\u043e\u043b\u043e\u0432\u043d\u0430\",\"item\":\"https:\\\/\\\/qtmm.org\\\/qt\\\/\"},{\"@type\":\"ListItem\",\"position\":2,\"name\":\"Kommunist rejimi qurbanlar\u0131n\u0131\u00f1 hat\u0131ras\u0131na a\u015f\u0131r\u0131 yaldav i\u015ftirak\u00e7ileri Sovetler Birligini\u00f1 Kommunist partiyas\u0131n\u0131 N\u00dcRNBERG-2 mahkemesinde \u00fck\u00fcm etmekni talap eteler\"}]},{\"@type\":\"WebSite\",\"@id\":\"https:\\\/\\\/qtmm.org\\\/qt\\\/#website\",\"url\":\"https:\\\/\\\/qtmm.org\\\/qt\\\/\",\"name\":\"\u041c\u0435\u0434\u0436\u043b\u0456\u0441\",\"description\":\"\",\"publisher\":{\"@id\":\"https:\\\/\\\/qtmm.org\\\/qt\\\/#organization\"},\"potentialAction\":[{\"@type\":\"SearchAction\",\"target\":{\"@type\":\"EntryPoint\",\"urlTemplate\":\"https:\\\/\\\/qtmm.org\\\/qt\\\/?s={search_term_string}\"},\"query-input\":{\"@type\":\"PropertyValueSpecification\",\"valueRequired\":true,\"valueName\":\"search_term_string\"}}],\"inLanguage\":\"qt\"},{\"@type\":\"Organization\",\"@id\":\"https:\\\/\\\/qtmm.org\\\/qt\\\/#organization\",\"name\":\"\u041c\u0435\u0434\u0436\u043b\u0456\u0441\",\"url\":\"https:\\\/\\\/qtmm.org\\\/qt\\\/\",\"logo\":{\"@type\":\"ImageObject\",\"inLanguage\":\"qt\",\"@id\":\"https:\\\/\\\/qtmm.org\\\/qt\\\/#\\\/schema\\\/logo\\\/image\\\/\",\"url\":\"https:\\\/\\\/qtmm.org\\\/wp-content\\\/uploads\\\/2024\\\/12\\\/ua-mejlis-logo-rgb.svg\",\"contentUrl\":\"https:\\\/\\\/qtmm.org\\\/wp-content\\\/uploads\\\/2024\\\/12\\\/ua-mejlis-logo-rgb.svg\",\"caption\":\"\u041c\u0435\u0434\u0436\u043b\u0456\u0441\"},\"image\":{\"@id\":\"https:\\\/\\\/qtmm.org\\\/qt\\\/#\\\/schema\\\/logo\\\/image\\\/\"},\"sameAs\":[\"https:\\\/\\\/www.facebook.com\\\/qtmm.info\\\/\"]},{\"@type\":\"Person\",\"@id\":\"https:\\\/\\\/qtmm.org\\\/qt\\\/#\\\/schema\\\/person\\\/de562469f971dec226ac06e60bbf74a7\",\"name\":\"Developer\",\"image\":{\"@type\":\"ImageObject\",\"inLanguage\":\"qt\",\"@id\":\"https:\\\/\\\/secure.gravatar.com\\\/avatar\\\/392b4cc8fbfeb00b39dfeeab4ee6edded39ffd48e25858637e4765810300227e?s=96&d=mm&r=g\",\"url\":\"https:\\\/\\\/secure.gravatar.com\\\/avatar\\\/392b4cc8fbfeb00b39dfeeab4ee6edded39ffd48e25858637e4765810300227e?s=96&d=mm&r=g\",\"contentUrl\":\"https:\\\/\\\/secure.gravatar.com\\\/avatar\\\/392b4cc8fbfeb00b39dfeeab4ee6edded39ffd48e25858637e4765810300227e?s=96&d=mm&r=g\",\"caption\":\"Developer\"},\"url\":\"https:\\\/\\\/qtmm.org\\\/qt\\\/author\\\/Developer\\\/\"}]}<\/script>\n<!-- \/ Yoast SEO plugin. -->","yoast_head_json":{"title":"Kommunist rejimi qurbanlar\u0131n\u0131\u00f1 hat\u0131ras\u0131na a\u015f\u0131r\u0131 yaldav i\u015ftirak\u00e7ileri Sovetler Birligini\u00f1 Kommunist partiyas\u0131n\u0131 N\u00dcRNBERG-2 mahkemesinde \u00fck\u00fcm etmekni talap eteler - \u041c\u0435\u0434\u0436\u043b\u0456\u0441","robots":{"index":"index","follow":"follow","max-snippet":"max-snippet:-1","max-image-preview":"max-image-preview:large","max-video-preview":"max-video-preview:-1"},"canonical":"https:\/\/qtmm.org\/qt\/kommunist-rejimi-qurbanlarinin-hatirasina-asiri-yaldav-istirakcileri-sovetler-birliginin-kommunist-partiyasini-nurnberg-2-mahkemesinde-ukum-etmekni-talap-eteler\/","og_locale":"en_US","og_type":"article","og_title":"Kommunist rejimi qurbanlar\u0131n\u0131\u00f1 hat\u0131ras\u0131na a\u015f\u0131r\u0131 yaldav i\u015ftirak\u00e7ileri Sovetler Birligini\u00f1 Kommunist partiyas\u0131n\u0131 N\u00dcRNBERG-2 mahkemesinde \u00fck\u00fcm etmekni talap eteler - \u041c\u0435\u0434\u0436\u043b\u0456\u0441","og_description":"2013 senesi may\u0131s 22 k\u00fcn\u00fc saat 11. 00-de M\u0131s\u0131rda Ris-Mohammed tabiat qoru\u011f\u0131ndan ba\u015flap Q\u0131z\u0131l de\u00f1izde Hurgada \u015feeri yal\u0131s\u0131na qadar 100 kilometrlik misilsiz yaldavda Ukraina rekordlar kitab\u0131n\u0131\u00f1 rekord\u00e7\u0131s\u0131, sab\u0131q dissident ve siyasiy mahb\u00fcs \u00d6leg Sof\u00e2nik, Moskval\u0131 sab\u0131q siyasiy mahb\u00fcs \u015eamil Alimuradov i\u015ftirak ettiler. Yaldav 1944 senesi may\u0131s 18-de Q\u0131r\u0131mdan s\u00fcrg\u00fcn etilgen q\u0131r\u0131mtatar halq\u0131 ve kommunist rejiminden [&hellip;]","og_url":"https:\/\/qtmm.org\/qt\/kommunist-rejimi-qurbanlarinin-hatirasina-asiri-yaldav-istirakcileri-sovetler-birliginin-kommunist-partiyasini-nurnberg-2-mahkemesinde-ukum-etmekni-talap-eteler\/","og_site_name":"\u041c\u0435\u0434\u0436\u043b\u0456\u0441","article_publisher":"https:\/\/www.facebook.com\/qtmm.info\/","article_published_time":"2013-05-25T20:54:00+00:00","article_modified_time":"2022-01-23T20:56:36+00:00","og_image":[{"width":650,"height":509,"url":"https:\/\/qtmm.org\/wp-content\/uploads\/2022\/01\/2013_05_21_16.57.50.jpg","type":"image\/jpeg"}],"author":"Developer","twitter_card":"summary_large_image","twitter_misc":{"Written by":"Developer","Est. reading time":"3 minutes"},"schema":{"@context":"https:\/\/schema.org","@graph":[{"@type":"Article","@id":"https:\/\/qtmm.org\/qt\/kommunist-rejimi-qurbanlarinin-hatirasina-asiri-yaldav-istirakcileri-sovetler-birliginin-kommunist-partiyasini-nurnberg-2-mahkemesinde-ukum-etmekni-talap-eteler\/#article","isPartOf":{"@id":"https:\/\/qtmm.org\/qt\/kommunist-rejimi-qurbanlarinin-hatirasina-asiri-yaldav-istirakcileri-sovetler-birliginin-kommunist-partiyasini-nurnberg-2-mahkemesinde-ukum-etmekni-talap-eteler\/"},"author":{"name":"Developer","@id":"https:\/\/qtmm.org\/qt\/#\/schema\/person\/de562469f971dec226ac06e60bbf74a7"},"headline":"Kommunist rejimi qurbanlar\u0131n\u0131\u00f1 hat\u0131ras\u0131na a\u015f\u0131r\u0131 yaldav i\u015ftirak\u00e7ileri Sovetler Birligini\u00f1 Kommunist partiyas\u0131n\u0131 N\u00dcRNBERG-2 mahkemesinde \u00fck\u00fcm etmekni talap eteler","datePublished":"2013-05-25T20:54:00+00:00","dateModified":"2022-01-23T20:56:36+00:00","mainEntityOfPage":{"@id":"https:\/\/qtmm.org\/qt\/kommunist-rejimi-qurbanlarinin-hatirasina-asiri-yaldav-istirakcileri-sovetler-birliginin-kommunist-partiyasini-nurnberg-2-mahkemesinde-ukum-etmekni-talap-eteler\/"},"wordCount":656,"commentCount":0,"publisher":{"@id":"https:\/\/qtmm.org\/qt\/#organization"},"image":{"@id":"https:\/\/qtmm.org\/qt\/kommunist-rejimi-qurbanlarinin-hatirasina-asiri-yaldav-istirakcileri-sovetler-birliginin-kommunist-partiyasini-nurnberg-2-mahkemesinde-ukum-etmekni-talap-eteler\/#primaryimage"},"thumbnailUrl":"http:\/\/qtmm.org\/wp-content\/uploads\/2022\/01\/2013_05_21_16.57.50.jpg","articleSection":["Haberler"],"inLanguage":"qt","potentialAction":[{"@type":"CommentAction","name":"Comment","target":["https:\/\/qtmm.org\/qt\/kommunist-rejimi-qurbanlarinin-hatirasina-asiri-yaldav-istirakcileri-sovetler-birliginin-kommunist-partiyasini-nurnberg-2-mahkemesinde-ukum-etmekni-talap-eteler\/#respond"]}]},{"@type":"WebPage","@id":"https:\/\/qtmm.org\/qt\/kommunist-rejimi-qurbanlarinin-hatirasina-asiri-yaldav-istirakcileri-sovetler-birliginin-kommunist-partiyasini-nurnberg-2-mahkemesinde-ukum-etmekni-talap-eteler\/","url":"https:\/\/qtmm.org\/qt\/kommunist-rejimi-qurbanlarinin-hatirasina-asiri-yaldav-istirakcileri-sovetler-birliginin-kommunist-partiyasini-nurnberg-2-mahkemesinde-ukum-etmekni-talap-eteler\/","name":"Kommunist rejimi qurbanlar\u0131n\u0131\u00f1 hat\u0131ras\u0131na a\u015f\u0131r\u0131 yaldav i\u015ftirak\u00e7ileri Sovetler Birligini\u00f1 Kommunist partiyas\u0131n\u0131 N\u00dcRNBERG-2 mahkemesinde \u00fck\u00fcm etmekni talap eteler - \u041c\u0435\u0434\u0436\u043b\u0456\u0441","isPartOf":{"@id":"https:\/\/qtmm.org\/qt\/#website"},"primaryImageOfPage":{"@id":"https:\/\/qtmm.org\/qt\/kommunist-rejimi-qurbanlarinin-hatirasina-asiri-yaldav-istirakcileri-sovetler-birliginin-kommunist-partiyasini-nurnberg-2-mahkemesinde-ukum-etmekni-talap-eteler\/#primaryimage"},"image":{"@id":"https:\/\/qtmm.org\/qt\/kommunist-rejimi-qurbanlarinin-hatirasina-asiri-yaldav-istirakcileri-sovetler-birliginin-kommunist-partiyasini-nurnberg-2-mahkemesinde-ukum-etmekni-talap-eteler\/#primaryimage"},"thumbnailUrl":"http:\/\/qtmm.org\/wp-content\/uploads\/2022\/01\/2013_05_21_16.57.50.jpg","datePublished":"2013-05-25T20:54:00+00:00","dateModified":"2022-01-23T20:56:36+00:00","breadcrumb":{"@id":"https:\/\/qtmm.org\/qt\/kommunist-rejimi-qurbanlarinin-hatirasina-asiri-yaldav-istirakcileri-sovetler-birliginin-kommunist-partiyasini-nurnberg-2-mahkemesinde-ukum-etmekni-talap-eteler\/#breadcrumb"},"inLanguage":"qt","potentialAction":[{"@type":"ReadAction","target":["https:\/\/qtmm.org\/qt\/kommunist-rejimi-qurbanlarinin-hatirasina-asiri-yaldav-istirakcileri-sovetler-birliginin-kommunist-partiyasini-nurnberg-2-mahkemesinde-ukum-etmekni-talap-eteler\/"]}]},{"@type":"ImageObject","inLanguage":"qt","@id":"https:\/\/qtmm.org\/qt\/kommunist-rejimi-qurbanlarinin-hatirasina-asiri-yaldav-istirakcileri-sovetler-birliginin-kommunist-partiyasini-nurnberg-2-mahkemesinde-ukum-etmekni-talap-eteler\/#primaryimage","url":"http:\/\/qtmm.org\/wp-content\/uploads\/2022\/01\/2013_05_21_16.57.50.jpg","contentUrl":"http:\/\/qtmm.org\/wp-content\/uploads\/2022\/01\/2013_05_21_16.57.50.jpg"},{"@type":"BreadcrumbList","@id":"https:\/\/qtmm.org\/qt\/kommunist-rejimi-qurbanlarinin-hatirasina-asiri-yaldav-istirakcileri-sovetler-birliginin-kommunist-partiyasini-nurnberg-2-mahkemesinde-ukum-etmekni-talap-eteler\/#breadcrumb","itemListElement":[{"@type":"ListItem","position":1,"name":"\u0413\u043e\u043b\u043e\u0432\u043d\u0430","item":"https:\/\/qtmm.org\/qt\/"},{"@type":"ListItem","position":2,"name":"Kommunist rejimi qurbanlar\u0131n\u0131\u00f1 hat\u0131ras\u0131na a\u015f\u0131r\u0131 yaldav i\u015ftirak\u00e7ileri Sovetler Birligini\u00f1 Kommunist partiyas\u0131n\u0131 N\u00dcRNBERG-2 mahkemesinde \u00fck\u00fcm etmekni talap eteler"}]},{"@type":"WebSite","@id":"https:\/\/qtmm.org\/qt\/#website","url":"https:\/\/qtmm.org\/qt\/","name":"\u041c\u0435\u0434\u0436\u043b\u0456\u0441","description":"","publisher":{"@id":"https:\/\/qtmm.org\/qt\/#organization"},"potentialAction":[{"@type":"SearchAction","target":{"@type":"EntryPoint","urlTemplate":"https:\/\/qtmm.org\/qt\/?s={search_term_string}"},"query-input":{"@type":"PropertyValueSpecification","valueRequired":true,"valueName":"search_term_string"}}],"inLanguage":"qt"},{"@type":"Organization","@id":"https:\/\/qtmm.org\/qt\/#organization","name":"\u041c\u0435\u0434\u0436\u043b\u0456\u0441","url":"https:\/\/qtmm.org\/qt\/","logo":{"@type":"ImageObject","inLanguage":"qt","@id":"https:\/\/qtmm.org\/qt\/#\/schema\/logo\/image\/","url":"https:\/\/qtmm.org\/wp-content\/uploads\/2024\/12\/ua-mejlis-logo-rgb.svg","contentUrl":"https:\/\/qtmm.org\/wp-content\/uploads\/2024\/12\/ua-mejlis-logo-rgb.svg","caption":"\u041c\u0435\u0434\u0436\u043b\u0456\u0441"},"image":{"@id":"https:\/\/qtmm.org\/qt\/#\/schema\/logo\/image\/"},"sameAs":["https:\/\/www.facebook.com\/qtmm.info\/"]},{"@type":"Person","@id":"https:\/\/qtmm.org\/qt\/#\/schema\/person\/de562469f971dec226ac06e60bbf74a7","name":"Developer","image":{"@type":"ImageObject","inLanguage":"qt","@id":"https:\/\/secure.gravatar.com\/avatar\/392b4cc8fbfeb00b39dfeeab4ee6edded39ffd48e25858637e4765810300227e?s=96&d=mm&r=g","url":"https:\/\/secure.gravatar.com\/avatar\/392b4cc8fbfeb00b39dfeeab4ee6edded39ffd48e25858637e4765810300227e?s=96&d=mm&r=g","contentUrl":"https:\/\/secure.gravatar.com\/avatar\/392b4cc8fbfeb00b39dfeeab4ee6edded39ffd48e25858637e4765810300227e?s=96&d=mm&r=g","caption":"Developer"},"url":"https:\/\/qtmm.org\/qt\/author\/Developer\/"}]}},"_links":{"self":[{"href":"https:\/\/qtmm.org\/qt\/wp-json\/wp\/v2\/posts\/37734","targetHints":{"allow":["GET"]}}],"collection":[{"href":"https:\/\/qtmm.org\/qt\/wp-json\/wp\/v2\/posts"}],"about":[{"href":"https:\/\/qtmm.org\/qt\/wp-json\/wp\/v2\/types\/post"}],"author":[{"embeddable":true,"href":"https:\/\/qtmm.org\/qt\/wp-json\/wp\/v2\/users\/1"}],"replies":[{"embeddable":true,"href":"https:\/\/qtmm.org\/qt\/wp-json\/wp\/v2\/comments?post=37734"}],"version-history":[{"count":1,"href":"https:\/\/qtmm.org\/qt\/wp-json\/wp\/v2\/posts\/37734\/revisions"}],"predecessor-version":[{"id":37747,"href":"https:\/\/qtmm.org\/qt\/wp-json\/wp\/v2\/posts\/37734\/revisions\/37747"}],"wp:attachment":[{"href":"https:\/\/qtmm.org\/qt\/wp-json\/wp\/v2\/media?parent=37734"}],"wp:term":[{"taxonomy":"category","embeddable":true,"href":"https:\/\/qtmm.org\/qt\/wp-json\/wp\/v2\/categories?post=37734"},{"taxonomy":"post_tag","embeddable":true,"href":"https:\/\/qtmm.org\/qt\/wp-json\/wp\/v2\/tags?post=37734"}],"curies":[{"name":"wp","href":"https:\/\/api.w.org\/{rel}","templated":true}]}}