




{"id":37708,"date":"2013-05-24T23:52:00","date_gmt":"2013-05-24T20:52:00","guid":{"rendered":"http:\/\/qtmm.org\/?p=37708"},"modified":"2022-01-23T23:54:33","modified_gmt":"2022-01-23T20:54:33","slug":"ukrainanin-butun-mekteplerinde-sonki-kere-can-qaqildi","status":"publish","type":"post","link":"https:\/\/qtmm.org\/qt\/ukrainanin-butun-mekteplerinde-sonki-kere-can-qaqildi\/","title":{"rendered":"Ukrainan\u0131\u00f1 b\u00fct\u00fcn mekteplerinde so\u00f1ki kere \u00e7a\u00f1 qaq\u0131ld\u0131"},"content":{"rendered":"\n<p>2013 senesi may\u0131s 24 k\u00fcn\u00fc Ukrainan\u0131\u00f1 b\u00fct\u00fcn mekteplerinde so\u00f1ki kere \u00e7a\u00f1 qaq\u0131ld\u0131<\/p>\n\n\n\n<figure class=\"wp-block-image size-full\"><img loading=\"lazy\" decoding=\"async\" width=\"650\" height=\"460\" src=\"http:\/\/qtmm.org\/wp-content\/uploads\/2022\/01\/2_110.jpeg\" alt=\"\" class=\"wp-image-37713\" srcset=\"https:\/\/qtmm.org\/wp-content\/uploads\/2022\/01\/2_110.jpeg 650w, https:\/\/qtmm.org\/wp-content\/uploads\/2022\/01\/2_110-300x212.jpeg 300w\" sizes=\"auto, (max-width: 650px) 100vw, 650px\" \/><\/figure>\n\n\n\n<p>&#8220;Maarif\u00e7i&#8221; q\u0131r\u0131mtatar tasil hadimleri birle\u015fmesini\u00f1 reisi Safure Kacametova Ukraina ve Q\u0131r\u0131m Tasil nazirliklerini\u00f1 mal\u00fcmatlar\u0131na esaslanaraq bu sene Ukrainan\u0131\u00f1 umumiy tasil m\u00fcessiselerini 278 980 mezun bitirgenini bildirdi.<\/p>\n\n\n\n<p>Q\u0131r\u0131mda mektepni 29 bi\u00f1den ziyade talebe bitirdi. Olardan 15 bi\u00f1 neferi \u2013 9-nc\u0131 ve 14 bi\u00f1den ziyadesi 11-nci s\u0131n\u0131f mezunlar\u0131d\u0131r.<\/p>\n\n\n\n<figure class=\"wp-block-image size-full\"><img loading=\"lazy\" decoding=\"async\" width=\"650\" height=\"433\" src=\"http:\/\/qtmm.org\/wp-content\/uploads\/2022\/01\/3_82.jpeg\" alt=\"\" class=\"wp-image-37717\" srcset=\"https:\/\/qtmm.org\/wp-content\/uploads\/2022\/01\/3_82.jpeg 650w, https:\/\/qtmm.org\/wp-content\/uploads\/2022\/01\/3_82-300x200.jpeg 300w\" sizes=\"auto, (max-width: 650px) 100vw, 650px\" \/><\/figure>\n\n\n\n<figure class=\"wp-block-image size-full\"><img loading=\"lazy\" decoding=\"async\" width=\"650\" height=\"400\" src=\"http:\/\/qtmm.org\/wp-content\/uploads\/2022\/01\/4_77.jpeg\" alt=\"\" class=\"wp-image-37721\" srcset=\"https:\/\/qtmm.org\/wp-content\/uploads\/2022\/01\/4_77.jpeg 650w, https:\/\/qtmm.org\/wp-content\/uploads\/2022\/01\/4_77-300x185.jpeg 300w\" sizes=\"auto, (max-width: 650px) 100vw, 650px\" \/><\/figure>\n\n\n\n<p>Bitir\u00fcv aq\u015famlar\u0131 2013 senesi .iy\u00fcn 1 k\u00fcn\u00fc ke\u00e7irilip, iy\u00fcn 1-den ta 27-sinece qadar mezunlarn\u0131\u00f1 bilgilerine t\u0131\u015ftan mustaqil q\u0131ymet kesilecek.<br><br>11-nci s\u0131n\u0131f mezunlar\u0131 i\u00e7\u00fcn yek\u00fcniy devlet attestatsiyats\u0131 may\u0131s 27-31 k\u00fcnleri olacaq. 9-nc\u0131 s\u0131n\u0131fn\u0131 bitirgenler ise may\u0131s 28-den iy\u00fcn 11-ge qadar imtian berecekler.<\/p>\n\n\n\n<figure class=\"wp-block-image size-full\"><img loading=\"lazy\" decoding=\"async\" width=\"650\" height=\"396\" src=\"http:\/\/qtmm.org\/wp-content\/uploads\/2022\/01\/5_45.jpeg\" alt=\"\" class=\"wp-image-37725\" srcset=\"https:\/\/qtmm.org\/wp-content\/uploads\/2022\/01\/5_45.jpeg 650w, https:\/\/qtmm.org\/wp-content\/uploads\/2022\/01\/5_45-300x183.jpeg 300w\" sizes=\"auto, (max-width: 650px) 100vw, 650px\" \/><\/figure>\n\n\n\n<figure class=\"wp-block-image size-full\"><img loading=\"lazy\" decoding=\"async\" width=\"650\" height=\"756\" src=\"http:\/\/qtmm.org\/wp-content\/uploads\/2022\/01\/6_31.jpeg\" alt=\"\" class=\"wp-image-37729\" srcset=\"https:\/\/qtmm.org\/wp-content\/uploads\/2022\/01\/6_31.jpeg 650w, https:\/\/qtmm.org\/wp-content\/uploads\/2022\/01\/6_31-258x300.jpeg 258w\" sizes=\"auto, (max-width: 650px) 100vw, 650px\" \/><\/figure>\n\n\n\n<p>Safure Kacametova bildirgenine k\u00f6re q\u0131r\u0131mtatar tilinde oqutqan mekteplerni bu sene 311 mezun bitire. Olarn\u0131\u00f1 episi 11 s\u0131n\u0131f oqud\u0131lar.<\/p>\n\n\n\n<p>\u015eus\u0131 quvan\u00e7l\u0131 ki, q\u0131r\u0131mtatar tilli mekteplerni\u00f1 11 mezun\u0131 alt\u0131n, 4 mezun ise k\u00fcm\u00fc\u015f medalge namzettirler.<br><\/p>\n\n\n\n<p class=\"has-text-align-center\"><strong>Olar\u011fa muvafaqiyet ve ba\u015far\u0131lar tileymiz!<\/strong><br><br>&nbsp;<\/p>\n\n\n\n<p class=\"has-text-align-center\"><strong><em>Maarif-inform<\/em><\/strong><\/p>\n","protected":false},"excerpt":{"rendered":"<p>2013 senesi may\u0131s 24 k\u00fcn\u00fc Ukrainan\u0131\u00f1 b\u00fct\u00fcn mekteplerinde so\u00f1ki kere \u00e7a\u00f1 qaq\u0131ld\u0131 &#8220;Maarif\u00e7i&#8221; q\u0131r\u0131mtatar tasil hadimleri birle\u015fmesini\u00f1 reisi Safure Kacametova Ukraina ve Q\u0131r\u0131m Tasil nazirliklerini\u00f1 mal\u00fcmatlar\u0131na esaslanaraq bu sene Ukrainan\u0131\u00f1 umumiy tasil m\u00fcessiselerini 278 980 mezun bitirgenini bildirdi. Q\u0131r\u0131mda mektepni 29 bi\u00f1den ziyade talebe bitirdi. Olardan 15 bi\u00f1 neferi \u2013 9-nc\u0131 ve 14 bi\u00f1den ziyadesi [&hellip;]<\/p>\n","protected":false},"author":1,"featured_media":37709,"comment_status":"open","ping_status":"open","sticky":false,"template":"","format":"standard","meta":{"inline_featured_image":false,"footnotes":""},"categories":[265],"tags":[],"class_list":["post-37708","post","type-post","status-publish","format-standard","has-post-thumbnail","hentry","category-haberler"],"acf":[],"yoast_head":"<!-- This site is optimized with the Yoast SEO plugin v27.4 - https:\/\/yoast.com\/product\/yoast-seo-wordpress\/ -->\n<title>Ukrainan\u0131\u00f1 b\u00fct\u00fcn mekteplerinde so\u00f1ki kere \u00e7a\u00f1 qaq\u0131ld\u0131 - \u041c\u0435\u0434\u0436\u043b\u0456\u0441<\/title>\n<meta name=\"robots\" content=\"index, follow, max-snippet:-1, max-image-preview:large, max-video-preview:-1\" \/>\n<link rel=\"canonical\" href=\"https:\/\/qtmm.org\/qt\/ukrainanin-butun-mekteplerinde-sonki-kere-can-qaqildi\/\" \/>\n<meta property=\"og:locale\" content=\"en_US\" \/>\n<meta property=\"og:type\" content=\"article\" \/>\n<meta property=\"og:title\" content=\"Ukrainan\u0131\u00f1 b\u00fct\u00fcn mekteplerinde so\u00f1ki kere \u00e7a\u00f1 qaq\u0131ld\u0131 - \u041c\u0435\u0434\u0436\u043b\u0456\u0441\" \/>\n<meta property=\"og:description\" content=\"2013 senesi may\u0131s 24 k\u00fcn\u00fc Ukrainan\u0131\u00f1 b\u00fct\u00fcn mekteplerinde so\u00f1ki kere \u00e7a\u00f1 qaq\u0131ld\u0131 &#8220;Maarif\u00e7i&#8221; q\u0131r\u0131mtatar tasil hadimleri birle\u015fmesini\u00f1 reisi Safure Kacametova Ukraina ve Q\u0131r\u0131m Tasil nazirliklerini\u00f1 mal\u00fcmatlar\u0131na esaslanaraq bu sene Ukrainan\u0131\u00f1 umumiy tasil m\u00fcessiselerini 278 980 mezun bitirgenini bildirdi. Q\u0131r\u0131mda mektepni 29 bi\u00f1den ziyade talebe bitirdi. Olardan 15 bi\u00f1 neferi \u2013 9-nc\u0131 ve 14 bi\u00f1den ziyadesi [&hellip;]\" \/>\n<meta property=\"og:url\" content=\"https:\/\/qtmm.org\/qt\/ukrainanin-butun-mekteplerinde-sonki-kere-can-qaqildi\/\" \/>\n<meta property=\"og:site_name\" content=\"\u041c\u0435\u0434\u0436\u043b\u0456\u0441\" \/>\n<meta property=\"article:publisher\" content=\"https:\/\/www.facebook.com\/qtmm.info\/\" \/>\n<meta property=\"article:published_time\" content=\"2013-05-24T20:52:00+00:00\" \/>\n<meta property=\"article:modified_time\" content=\"2022-01-23T20:54:33+00:00\" \/>\n<meta property=\"og:image\" content=\"https:\/\/qtmm.org\/wp-content\/uploads\/2022\/01\/1_113.jpeg\" \/>\n\t<meta property=\"og:image:width\" content=\"650\" \/>\n\t<meta property=\"og:image:height\" content=\"399\" \/>\n\t<meta property=\"og:image:type\" content=\"image\/jpeg\" \/>\n<meta name=\"author\" content=\"Developer\" \/>\n<meta name=\"twitter:card\" content=\"summary_large_image\" \/>\n<meta name=\"twitter:label1\" content=\"Written by\" \/>\n\t<meta name=\"twitter:data1\" content=\"Developer\" \/>\n\t<meta name=\"twitter:label2\" content=\"Est. reading time\" \/>\n\t<meta name=\"twitter:data2\" content=\"1 minute\" \/>\n<script type=\"application\/ld+json\" class=\"yoast-schema-graph\">{\"@context\":\"https:\\\/\\\/schema.org\",\"@graph\":[{\"@type\":\"Article\",\"@id\":\"https:\\\/\\\/qtmm.org\\\/qt\\\/ukrainanin-butun-mekteplerinde-sonki-kere-can-qaqildi\\\/#article\",\"isPartOf\":{\"@id\":\"https:\\\/\\\/qtmm.org\\\/qt\\\/ukrainanin-butun-mekteplerinde-sonki-kere-can-qaqildi\\\/\"},\"author\":{\"name\":\"Developer\",\"@id\":\"https:\\\/\\\/qtmm.org\\\/qt\\\/#\\\/schema\\\/person\\\/de562469f971dec226ac06e60bbf74a7\"},\"headline\":\"Ukrainan\u0131\u00f1 b\u00fct\u00fcn mekteplerinde so\u00f1ki kere \u00e7a\u00f1 qaq\u0131ld\u0131\",\"datePublished\":\"2013-05-24T20:52:00+00:00\",\"dateModified\":\"2022-01-23T20:54:33+00:00\",\"mainEntityOfPage\":{\"@id\":\"https:\\\/\\\/qtmm.org\\\/qt\\\/ukrainanin-butun-mekteplerinde-sonki-kere-can-qaqildi\\\/\"},\"wordCount\":191,\"commentCount\":0,\"publisher\":{\"@id\":\"https:\\\/\\\/qtmm.org\\\/qt\\\/#organization\"},\"image\":{\"@id\":\"https:\\\/\\\/qtmm.org\\\/qt\\\/ukrainanin-butun-mekteplerinde-sonki-kere-can-qaqildi\\\/#primaryimage\"},\"thumbnailUrl\":\"https:\\\/\\\/qtmm.org\\\/wp-content\\\/uploads\\\/2022\\\/01\\\/1_113.jpeg\",\"articleSection\":[\"Haberler\"],\"inLanguage\":\"qt\",\"potentialAction\":[{\"@type\":\"CommentAction\",\"name\":\"Comment\",\"target\":[\"https:\\\/\\\/qtmm.org\\\/qt\\\/ukrainanin-butun-mekteplerinde-sonki-kere-can-qaqildi\\\/#respond\"]}]},{\"@type\":\"WebPage\",\"@id\":\"https:\\\/\\\/qtmm.org\\\/qt\\\/ukrainanin-butun-mekteplerinde-sonki-kere-can-qaqildi\\\/\",\"url\":\"https:\\\/\\\/qtmm.org\\\/qt\\\/ukrainanin-butun-mekteplerinde-sonki-kere-can-qaqildi\\\/\",\"name\":\"Ukrainan\u0131\u00f1 b\u00fct\u00fcn mekteplerinde so\u00f1ki kere \u00e7a\u00f1 qaq\u0131ld\u0131 - \u041c\u0435\u0434\u0436\u043b\u0456\u0441\",\"isPartOf\":{\"@id\":\"https:\\\/\\\/qtmm.org\\\/qt\\\/#website\"},\"primaryImageOfPage\":{\"@id\":\"https:\\\/\\\/qtmm.org\\\/qt\\\/ukrainanin-butun-mekteplerinde-sonki-kere-can-qaqildi\\\/#primaryimage\"},\"image\":{\"@id\":\"https:\\\/\\\/qtmm.org\\\/qt\\\/ukrainanin-butun-mekteplerinde-sonki-kere-can-qaqildi\\\/#primaryimage\"},\"thumbnailUrl\":\"https:\\\/\\\/qtmm.org\\\/wp-content\\\/uploads\\\/2022\\\/01\\\/1_113.jpeg\",\"datePublished\":\"2013-05-24T20:52:00+00:00\",\"dateModified\":\"2022-01-23T20:54:33+00:00\",\"breadcrumb\":{\"@id\":\"https:\\\/\\\/qtmm.org\\\/qt\\\/ukrainanin-butun-mekteplerinde-sonki-kere-can-qaqildi\\\/#breadcrumb\"},\"inLanguage\":\"qt\",\"potentialAction\":[{\"@type\":\"ReadAction\",\"target\":[\"https:\\\/\\\/qtmm.org\\\/qt\\\/ukrainanin-butun-mekteplerinde-sonki-kere-can-qaqildi\\\/\"]}]},{\"@type\":\"ImageObject\",\"inLanguage\":\"qt\",\"@id\":\"https:\\\/\\\/qtmm.org\\\/qt\\\/ukrainanin-butun-mekteplerinde-sonki-kere-can-qaqildi\\\/#primaryimage\",\"url\":\"https:\\\/\\\/qtmm.org\\\/wp-content\\\/uploads\\\/2022\\\/01\\\/1_113.jpeg\",\"contentUrl\":\"https:\\\/\\\/qtmm.org\\\/wp-content\\\/uploads\\\/2022\\\/01\\\/1_113.jpeg\",\"width\":650,\"height\":399},{\"@type\":\"BreadcrumbList\",\"@id\":\"https:\\\/\\\/qtmm.org\\\/qt\\\/ukrainanin-butun-mekteplerinde-sonki-kere-can-qaqildi\\\/#breadcrumb\",\"itemListElement\":[{\"@type\":\"ListItem\",\"position\":1,\"name\":\"\u0413\u043e\u043b\u043e\u0432\u043d\u0430\",\"item\":\"https:\\\/\\\/qtmm.org\\\/qt\\\/\"},{\"@type\":\"ListItem\",\"position\":2,\"name\":\"Ukrainan\u0131\u00f1 b\u00fct\u00fcn mekteplerinde so\u00f1ki kere \u00e7a\u00f1 qaq\u0131ld\u0131\"}]},{\"@type\":\"WebSite\",\"@id\":\"https:\\\/\\\/qtmm.org\\\/qt\\\/#website\",\"url\":\"https:\\\/\\\/qtmm.org\\\/qt\\\/\",\"name\":\"\u041c\u0435\u0434\u0436\u043b\u0456\u0441\",\"description\":\"\",\"publisher\":{\"@id\":\"https:\\\/\\\/qtmm.org\\\/qt\\\/#organization\"},\"potentialAction\":[{\"@type\":\"SearchAction\",\"target\":{\"@type\":\"EntryPoint\",\"urlTemplate\":\"https:\\\/\\\/qtmm.org\\\/qt\\\/?s={search_term_string}\"},\"query-input\":{\"@type\":\"PropertyValueSpecification\",\"valueRequired\":true,\"valueName\":\"search_term_string\"}}],\"inLanguage\":\"qt\"},{\"@type\":\"Organization\",\"@id\":\"https:\\\/\\\/qtmm.org\\\/qt\\\/#organization\",\"name\":\"\u041c\u0435\u0434\u0436\u043b\u0456\u0441\",\"url\":\"https:\\\/\\\/qtmm.org\\\/qt\\\/\",\"logo\":{\"@type\":\"ImageObject\",\"inLanguage\":\"qt\",\"@id\":\"https:\\\/\\\/qtmm.org\\\/qt\\\/#\\\/schema\\\/logo\\\/image\\\/\",\"url\":\"https:\\\/\\\/qtmm.org\\\/wp-content\\\/uploads\\\/2024\\\/12\\\/ua-mejlis-logo-rgb.svg\",\"contentUrl\":\"https:\\\/\\\/qtmm.org\\\/wp-content\\\/uploads\\\/2024\\\/12\\\/ua-mejlis-logo-rgb.svg\",\"caption\":\"\u041c\u0435\u0434\u0436\u043b\u0456\u0441\"},\"image\":{\"@id\":\"https:\\\/\\\/qtmm.org\\\/qt\\\/#\\\/schema\\\/logo\\\/image\\\/\"},\"sameAs\":[\"https:\\\/\\\/www.facebook.com\\\/qtmm.info\\\/\"]},{\"@type\":\"Person\",\"@id\":\"https:\\\/\\\/qtmm.org\\\/qt\\\/#\\\/schema\\\/person\\\/de562469f971dec226ac06e60bbf74a7\",\"name\":\"Developer\",\"image\":{\"@type\":\"ImageObject\",\"inLanguage\":\"qt\",\"@id\":\"https:\\\/\\\/secure.gravatar.com\\\/avatar\\\/392b4cc8fbfeb00b39dfeeab4ee6edded39ffd48e25858637e4765810300227e?s=96&d=mm&r=g\",\"url\":\"https:\\\/\\\/secure.gravatar.com\\\/avatar\\\/392b4cc8fbfeb00b39dfeeab4ee6edded39ffd48e25858637e4765810300227e?s=96&d=mm&r=g\",\"contentUrl\":\"https:\\\/\\\/secure.gravatar.com\\\/avatar\\\/392b4cc8fbfeb00b39dfeeab4ee6edded39ffd48e25858637e4765810300227e?s=96&d=mm&r=g\",\"caption\":\"Developer\"},\"url\":\"https:\\\/\\\/qtmm.org\\\/qt\\\/author\\\/Developer\\\/\"}]}<\/script>\n<!-- \/ Yoast SEO plugin. -->","yoast_head_json":{"title":"Ukrainan\u0131\u00f1 b\u00fct\u00fcn mekteplerinde so\u00f1ki kere \u00e7a\u00f1 qaq\u0131ld\u0131 - \u041c\u0435\u0434\u0436\u043b\u0456\u0441","robots":{"index":"index","follow":"follow","max-snippet":"max-snippet:-1","max-image-preview":"max-image-preview:large","max-video-preview":"max-video-preview:-1"},"canonical":"https:\/\/qtmm.org\/qt\/ukrainanin-butun-mekteplerinde-sonki-kere-can-qaqildi\/","og_locale":"en_US","og_type":"article","og_title":"Ukrainan\u0131\u00f1 b\u00fct\u00fcn mekteplerinde so\u00f1ki kere \u00e7a\u00f1 qaq\u0131ld\u0131 - \u041c\u0435\u0434\u0436\u043b\u0456\u0441","og_description":"2013 senesi may\u0131s 24 k\u00fcn\u00fc Ukrainan\u0131\u00f1 b\u00fct\u00fcn mekteplerinde so\u00f1ki kere \u00e7a\u00f1 qaq\u0131ld\u0131 &#8220;Maarif\u00e7i&#8221; q\u0131r\u0131mtatar tasil hadimleri birle\u015fmesini\u00f1 reisi Safure Kacametova Ukraina ve Q\u0131r\u0131m Tasil nazirliklerini\u00f1 mal\u00fcmatlar\u0131na esaslanaraq bu sene Ukrainan\u0131\u00f1 umumiy tasil m\u00fcessiselerini 278 980 mezun bitirgenini bildirdi. Q\u0131r\u0131mda mektepni 29 bi\u00f1den ziyade talebe bitirdi. Olardan 15 bi\u00f1 neferi \u2013 9-nc\u0131 ve 14 bi\u00f1den ziyadesi [&hellip;]","og_url":"https:\/\/qtmm.org\/qt\/ukrainanin-butun-mekteplerinde-sonki-kere-can-qaqildi\/","og_site_name":"\u041c\u0435\u0434\u0436\u043b\u0456\u0441","article_publisher":"https:\/\/www.facebook.com\/qtmm.info\/","article_published_time":"2013-05-24T20:52:00+00:00","article_modified_time":"2022-01-23T20:54:33+00:00","og_image":[{"width":650,"height":399,"url":"https:\/\/qtmm.org\/wp-content\/uploads\/2022\/01\/1_113.jpeg","type":"image\/jpeg"}],"author":"Developer","twitter_card":"summary_large_image","twitter_misc":{"Written by":"Developer","Est. reading time":"1 minute"},"schema":{"@context":"https:\/\/schema.org","@graph":[{"@type":"Article","@id":"https:\/\/qtmm.org\/qt\/ukrainanin-butun-mekteplerinde-sonki-kere-can-qaqildi\/#article","isPartOf":{"@id":"https:\/\/qtmm.org\/qt\/ukrainanin-butun-mekteplerinde-sonki-kere-can-qaqildi\/"},"author":{"name":"Developer","@id":"https:\/\/qtmm.org\/qt\/#\/schema\/person\/de562469f971dec226ac06e60bbf74a7"},"headline":"Ukrainan\u0131\u00f1 b\u00fct\u00fcn mekteplerinde so\u00f1ki kere \u00e7a\u00f1 qaq\u0131ld\u0131","datePublished":"2013-05-24T20:52:00+00:00","dateModified":"2022-01-23T20:54:33+00:00","mainEntityOfPage":{"@id":"https:\/\/qtmm.org\/qt\/ukrainanin-butun-mekteplerinde-sonki-kere-can-qaqildi\/"},"wordCount":191,"commentCount":0,"publisher":{"@id":"https:\/\/qtmm.org\/qt\/#organization"},"image":{"@id":"https:\/\/qtmm.org\/qt\/ukrainanin-butun-mekteplerinde-sonki-kere-can-qaqildi\/#primaryimage"},"thumbnailUrl":"https:\/\/qtmm.org\/wp-content\/uploads\/2022\/01\/1_113.jpeg","articleSection":["Haberler"],"inLanguage":"qt","potentialAction":[{"@type":"CommentAction","name":"Comment","target":["https:\/\/qtmm.org\/qt\/ukrainanin-butun-mekteplerinde-sonki-kere-can-qaqildi\/#respond"]}]},{"@type":"WebPage","@id":"https:\/\/qtmm.org\/qt\/ukrainanin-butun-mekteplerinde-sonki-kere-can-qaqildi\/","url":"https:\/\/qtmm.org\/qt\/ukrainanin-butun-mekteplerinde-sonki-kere-can-qaqildi\/","name":"Ukrainan\u0131\u00f1 b\u00fct\u00fcn mekteplerinde so\u00f1ki kere \u00e7a\u00f1 qaq\u0131ld\u0131 - \u041c\u0435\u0434\u0436\u043b\u0456\u0441","isPartOf":{"@id":"https:\/\/qtmm.org\/qt\/#website"},"primaryImageOfPage":{"@id":"https:\/\/qtmm.org\/qt\/ukrainanin-butun-mekteplerinde-sonki-kere-can-qaqildi\/#primaryimage"},"image":{"@id":"https:\/\/qtmm.org\/qt\/ukrainanin-butun-mekteplerinde-sonki-kere-can-qaqildi\/#primaryimage"},"thumbnailUrl":"https:\/\/qtmm.org\/wp-content\/uploads\/2022\/01\/1_113.jpeg","datePublished":"2013-05-24T20:52:00+00:00","dateModified":"2022-01-23T20:54:33+00:00","breadcrumb":{"@id":"https:\/\/qtmm.org\/qt\/ukrainanin-butun-mekteplerinde-sonki-kere-can-qaqildi\/#breadcrumb"},"inLanguage":"qt","potentialAction":[{"@type":"ReadAction","target":["https:\/\/qtmm.org\/qt\/ukrainanin-butun-mekteplerinde-sonki-kere-can-qaqildi\/"]}]},{"@type":"ImageObject","inLanguage":"qt","@id":"https:\/\/qtmm.org\/qt\/ukrainanin-butun-mekteplerinde-sonki-kere-can-qaqildi\/#primaryimage","url":"https:\/\/qtmm.org\/wp-content\/uploads\/2022\/01\/1_113.jpeg","contentUrl":"https:\/\/qtmm.org\/wp-content\/uploads\/2022\/01\/1_113.jpeg","width":650,"height":399},{"@type":"BreadcrumbList","@id":"https:\/\/qtmm.org\/qt\/ukrainanin-butun-mekteplerinde-sonki-kere-can-qaqildi\/#breadcrumb","itemListElement":[{"@type":"ListItem","position":1,"name":"\u0413\u043e\u043b\u043e\u0432\u043d\u0430","item":"https:\/\/qtmm.org\/qt\/"},{"@type":"ListItem","position":2,"name":"Ukrainan\u0131\u00f1 b\u00fct\u00fcn mekteplerinde so\u00f1ki kere \u00e7a\u00f1 qaq\u0131ld\u0131"}]},{"@type":"WebSite","@id":"https:\/\/qtmm.org\/qt\/#website","url":"https:\/\/qtmm.org\/qt\/","name":"\u041c\u0435\u0434\u0436\u043b\u0456\u0441","description":"","publisher":{"@id":"https:\/\/qtmm.org\/qt\/#organization"},"potentialAction":[{"@type":"SearchAction","target":{"@type":"EntryPoint","urlTemplate":"https:\/\/qtmm.org\/qt\/?s={search_term_string}"},"query-input":{"@type":"PropertyValueSpecification","valueRequired":true,"valueName":"search_term_string"}}],"inLanguage":"qt"},{"@type":"Organization","@id":"https:\/\/qtmm.org\/qt\/#organization","name":"\u041c\u0435\u0434\u0436\u043b\u0456\u0441","url":"https:\/\/qtmm.org\/qt\/","logo":{"@type":"ImageObject","inLanguage":"qt","@id":"https:\/\/qtmm.org\/qt\/#\/schema\/logo\/image\/","url":"https:\/\/qtmm.org\/wp-content\/uploads\/2024\/12\/ua-mejlis-logo-rgb.svg","contentUrl":"https:\/\/qtmm.org\/wp-content\/uploads\/2024\/12\/ua-mejlis-logo-rgb.svg","caption":"\u041c\u0435\u0434\u0436\u043b\u0456\u0441"},"image":{"@id":"https:\/\/qtmm.org\/qt\/#\/schema\/logo\/image\/"},"sameAs":["https:\/\/www.facebook.com\/qtmm.info\/"]},{"@type":"Person","@id":"https:\/\/qtmm.org\/qt\/#\/schema\/person\/de562469f971dec226ac06e60bbf74a7","name":"Developer","image":{"@type":"ImageObject","inLanguage":"qt","@id":"https:\/\/secure.gravatar.com\/avatar\/392b4cc8fbfeb00b39dfeeab4ee6edded39ffd48e25858637e4765810300227e?s=96&d=mm&r=g","url":"https:\/\/secure.gravatar.com\/avatar\/392b4cc8fbfeb00b39dfeeab4ee6edded39ffd48e25858637e4765810300227e?s=96&d=mm&r=g","contentUrl":"https:\/\/secure.gravatar.com\/avatar\/392b4cc8fbfeb00b39dfeeab4ee6edded39ffd48e25858637e4765810300227e?s=96&d=mm&r=g","caption":"Developer"},"url":"https:\/\/qtmm.org\/qt\/author\/Developer\/"}]}},"_links":{"self":[{"href":"https:\/\/qtmm.org\/qt\/wp-json\/wp\/v2\/posts\/37708","targetHints":{"allow":["GET"]}}],"collection":[{"href":"https:\/\/qtmm.org\/qt\/wp-json\/wp\/v2\/posts"}],"about":[{"href":"https:\/\/qtmm.org\/qt\/wp-json\/wp\/v2\/types\/post"}],"author":[{"embeddable":true,"href":"https:\/\/qtmm.org\/qt\/wp-json\/wp\/v2\/users\/1"}],"replies":[{"embeddable":true,"href":"https:\/\/qtmm.org\/qt\/wp-json\/wp\/v2\/comments?post=37708"}],"version-history":[{"count":1,"href":"https:\/\/qtmm.org\/qt\/wp-json\/wp\/v2\/posts\/37708\/revisions"}],"predecessor-version":[{"id":37733,"href":"https:\/\/qtmm.org\/qt\/wp-json\/wp\/v2\/posts\/37708\/revisions\/37733"}],"wp:featuredmedia":[{"embeddable":true,"href":"https:\/\/qtmm.org\/qt\/wp-json\/wp\/v2\/media\/37709"}],"wp:attachment":[{"href":"https:\/\/qtmm.org\/qt\/wp-json\/wp\/v2\/media?parent=37708"}],"wp:term":[{"taxonomy":"category","embeddable":true,"href":"https:\/\/qtmm.org\/qt\/wp-json\/wp\/v2\/categories?post=37708"},{"taxonomy":"post_tag","embeddable":true,"href":"https:\/\/qtmm.org\/qt\/wp-json\/wp\/v2\/tags?post=37708"}],"curies":[{"name":"wp","href":"https:\/\/api.w.org\/{rel}","templated":true}]}}