




{"id":37702,"date":"2013-05-24T23:51:00","date_gmt":"2013-05-24T20:51:00","guid":{"rendered":"http:\/\/qtmm.org\/?p=37702"},"modified":"2022-01-23T23:52:10","modified_gmt":"2022-01-23T20:52:10","slug":"stiven-peycge-qurultay-delegatlarini-saylavlarni-kozetmek-icun-halqara-nezaretci-seadetnamesi-berildi","status":"publish","type":"post","link":"https:\/\/qtmm.org\/qt\/stiven-peycge-qurultay-delegatlarini-saylavlarni-kozetmek-icun-halqara-nezaretci-seadetnamesi-berildi\/","title":{"rendered":"Stiven Peycge Qurultay delegatlar\u0131n\u0131 saylavlarn\u0131 k\u00f6zetmek i\u00e7\u00fcn halqara nezaret\u00e7i \u015feadetnamesi berildi"},"content":{"rendered":"\n<p>Qurultay delegatlar\u0131n\u0131 saylav merkeziy komissiyas\u0131n\u0131\u00f1 reisi Zair Smedl\u00e2yev Kiyev \u015feerinde AQ\u015en\u0131\u00f1 Ukrainada El\u00e7iligini\u00f1 ekinci k\u00e2tibi cenap Stiven Peyc ile k\u00f6r\u00fc\u015fti.<\/p>\n\n\n\n<p>K\u00f6r\u00fc\u015f\u00fcvde bun\u0131\u00f1 kibi de Kiyev ve Kiyev vil\u00e2yetinden Qurultay\u011fa delegatlarn\u0131 saylav boyunca 45-nci daire saylav komissiyas\u0131n\u0131\u00f1 reisi Alim Veliullayev i\u015ftirak etti.<\/p>\n\n\n\n<p>K\u00f6r\u00fc\u015f\u00fcvde Qurultay\u011fa se\u00e7im ile ba\u011fl\u0131 meseleler muzakere etilip, Stiven Peyc Amerika El\u00e7iligi Q\u0131r\u0131mdaki vaqialarn\u0131 diqqat ile k\u00f6zetip bar\u011fanlar\u0131n\u0131 aytt\u0131.<br><br>Qurultay delegatlar\u0131n\u0131 saylav merkeziy komissiyas\u0131n\u0131\u00f1 reisi Zair Smedl\u00e2yev Stiven Peycge Qurultay delegatlar\u0131n\u0131 saylavda i\u015ftirak etmege raz\u0131l\u0131\u011f\u0131n\u0131 bergeni i\u00e7\u00fcn te\u015fekk\u00fcr bildirdi ve o\u00f1a halqara k\u00f6zetici \u015feadnetnamesini berdi.<\/p>\n\n\n\n<p><strong>Mal\u00fcmat<\/strong>: Saylavlar Radisson Blue Hotel binas\u0131nda Kiyev \u015f., Yaroslavov Val soqa\u011f\u0131, 22, &#8220;Zolot\u0131ye Vorota&#8221;. metro stantsiyas\u0131 adresi boyunca olacaq<br><br>Saylav u\u00e7astkas\u0131 saba 8-de \u00e7al\u0131\u015f\u0131p ba\u015flaycaq ve aq\u015fam 20-ge qadar devam etecek<\/p>\n\n\n\n<figure class=\"wp-block-image size-full\"><img loading=\"lazy\" decoding=\"async\" width=\"650\" height=\"950\" src=\"http:\/\/qtmm.org\/wp-content\/uploads\/2022\/01\/stiven_peydzh_i_zair_smedlyaev.jpeg\" alt=\"\" class=\"wp-image-37703\" srcset=\"https:\/\/qtmm.org\/wp-content\/uploads\/2022\/01\/stiven_peydzh_i_zair_smedlyaev.jpeg 650w, https:\/\/qtmm.org\/wp-content\/uploads\/2022\/01\/stiven_peydzh_i_zair_smedlyaev-205x300.jpeg 205w\" sizes=\"auto, (max-width: 650px) 100vw, 650px\" \/><\/figure>\n","protected":false},"excerpt":{"rendered":"<p>Qurultay delegatlar\u0131n\u0131 saylav merkeziy komissiyas\u0131n\u0131\u00f1 reisi Zair Smedl\u00e2yev Kiyev \u015feerinde AQ\u015en\u0131\u00f1 Ukrainada El\u00e7iligini\u00f1 ekinci k\u00e2tibi cenap Stiven Peyc ile k\u00f6r\u00fc\u015fti. K\u00f6r\u00fc\u015f\u00fcvde bun\u0131\u00f1 kibi de Kiyev ve Kiyev vil\u00e2yetinden Qurultay\u011fa delegatlarn\u0131 saylav boyunca 45-nci daire saylav komissiyas\u0131n\u0131\u00f1 reisi Alim Veliullayev i\u015ftirak etti. K\u00f6r\u00fc\u015f\u00fcvde Qurultay\u011fa se\u00e7im ile ba\u011fl\u0131 meseleler muzakere etilip, Stiven Peyc Amerika El\u00e7iligi Q\u0131r\u0131mdaki vaqialarn\u0131 [&hellip;]<\/p>\n","protected":false},"author":1,"featured_media":0,"comment_status":"open","ping_status":"open","sticky":false,"template":"","format":"standard","meta":{"inline_featured_image":false,"footnotes":""},"categories":[265],"tags":[],"class_list":["post-37702","post","type-post","status-publish","format-standard","hentry","category-haberler"],"acf":[],"yoast_head":"<!-- This site is optimized with the Yoast SEO plugin v27.4 - https:\/\/yoast.com\/product\/yoast-seo-wordpress\/ -->\n<title>Stiven Peycge Qurultay delegatlar\u0131n\u0131 saylavlarn\u0131 k\u00f6zetmek i\u00e7\u00fcn halqara nezaret\u00e7i \u015feadetnamesi berildi - \u041c\u0435\u0434\u0436\u043b\u0456\u0441<\/title>\n<meta name=\"robots\" content=\"index, follow, max-snippet:-1, max-image-preview:large, max-video-preview:-1\" \/>\n<link rel=\"canonical\" href=\"https:\/\/qtmm.org\/qt\/stiven-peycge-qurultay-delegatlarini-saylavlarni-kozetmek-icun-halqara-nezaretci-seadetnamesi-berildi\/\" \/>\n<meta property=\"og:locale\" content=\"en_US\" \/>\n<meta property=\"og:type\" content=\"article\" \/>\n<meta property=\"og:title\" content=\"Stiven Peycge Qurultay delegatlar\u0131n\u0131 saylavlarn\u0131 k\u00f6zetmek i\u00e7\u00fcn halqara nezaret\u00e7i \u015feadetnamesi berildi - \u041c\u0435\u0434\u0436\u043b\u0456\u0441\" \/>\n<meta property=\"og:description\" content=\"Qurultay delegatlar\u0131n\u0131 saylav merkeziy komissiyas\u0131n\u0131\u00f1 reisi Zair Smedl\u00e2yev Kiyev \u015feerinde AQ\u015en\u0131\u00f1 Ukrainada El\u00e7iligini\u00f1 ekinci k\u00e2tibi cenap Stiven Peyc ile k\u00f6r\u00fc\u015fti. K\u00f6r\u00fc\u015f\u00fcvde bun\u0131\u00f1 kibi de Kiyev ve Kiyev vil\u00e2yetinden Qurultay\u011fa delegatlarn\u0131 saylav boyunca 45-nci daire saylav komissiyas\u0131n\u0131\u00f1 reisi Alim Veliullayev i\u015ftirak etti. K\u00f6r\u00fc\u015f\u00fcvde Qurultay\u011fa se\u00e7im ile ba\u011fl\u0131 meseleler muzakere etilip, Stiven Peyc Amerika El\u00e7iligi Q\u0131r\u0131mdaki vaqialarn\u0131 [&hellip;]\" \/>\n<meta property=\"og:url\" content=\"https:\/\/qtmm.org\/qt\/stiven-peycge-qurultay-delegatlarini-saylavlarni-kozetmek-icun-halqara-nezaretci-seadetnamesi-berildi\/\" \/>\n<meta property=\"og:site_name\" content=\"\u041c\u0435\u0434\u0436\u043b\u0456\u0441\" \/>\n<meta property=\"article:publisher\" content=\"https:\/\/www.facebook.com\/qtmm.info\/\" \/>\n<meta property=\"article:published_time\" content=\"2013-05-24T20:51:00+00:00\" \/>\n<meta property=\"article:modified_time\" content=\"2022-01-23T20:52:10+00:00\" \/>\n<meta property=\"og:image\" content=\"https:\/\/qtmm.org\/wp-content\/uploads\/2022\/01\/stiven_peydzh_i_zair_smedlyaev.jpeg\" \/>\n\t<meta property=\"og:image:width\" content=\"650\" \/>\n\t<meta property=\"og:image:height\" content=\"950\" \/>\n\t<meta property=\"og:image:type\" content=\"image\/jpeg\" \/>\n<meta name=\"author\" content=\"Developer\" \/>\n<meta name=\"twitter:card\" content=\"summary_large_image\" \/>\n<meta name=\"twitter:label1\" content=\"Written by\" \/>\n\t<meta name=\"twitter:data1\" content=\"Developer\" \/>\n\t<meta name=\"twitter:label2\" content=\"Est. reading time\" \/>\n\t<meta name=\"twitter:data2\" content=\"1 minute\" \/>\n<script type=\"application\/ld+json\" class=\"yoast-schema-graph\">{\"@context\":\"https:\\\/\\\/schema.org\",\"@graph\":[{\"@type\":\"Article\",\"@id\":\"https:\\\/\\\/qtmm.org\\\/qt\\\/stiven-peycge-qurultay-delegatlarini-saylavlarni-kozetmek-icun-halqara-nezaretci-seadetnamesi-berildi\\\/#article\",\"isPartOf\":{\"@id\":\"https:\\\/\\\/qtmm.org\\\/qt\\\/stiven-peycge-qurultay-delegatlarini-saylavlarni-kozetmek-icun-halqara-nezaretci-seadetnamesi-berildi\\\/\"},\"author\":{\"name\":\"Developer\",\"@id\":\"https:\\\/\\\/qtmm.org\\\/qt\\\/#\\\/schema\\\/person\\\/de562469f971dec226ac06e60bbf74a7\"},\"headline\":\"Stiven Peycge Qurultay delegatlar\u0131n\u0131 saylavlarn\u0131 k\u00f6zetmek i\u00e7\u00fcn halqara nezaret\u00e7i \u015feadetnamesi berildi\",\"datePublished\":\"2013-05-24T20:51:00+00:00\",\"dateModified\":\"2022-01-23T20:52:10+00:00\",\"mainEntityOfPage\":{\"@id\":\"https:\\\/\\\/qtmm.org\\\/qt\\\/stiven-peycge-qurultay-delegatlarini-saylavlarni-kozetmek-icun-halqara-nezaretci-seadetnamesi-berildi\\\/\"},\"wordCount\":174,\"commentCount\":0,\"publisher\":{\"@id\":\"https:\\\/\\\/qtmm.org\\\/qt\\\/#organization\"},\"image\":{\"@id\":\"https:\\\/\\\/qtmm.org\\\/qt\\\/stiven-peycge-qurultay-delegatlarini-saylavlarni-kozetmek-icun-halqara-nezaretci-seadetnamesi-berildi\\\/#primaryimage\"},\"thumbnailUrl\":\"http:\\\/\\\/qtmm.org\\\/wp-content\\\/uploads\\\/2022\\\/01\\\/stiven_peydzh_i_zair_smedlyaev.jpeg\",\"articleSection\":[\"Haberler\"],\"inLanguage\":\"qt\",\"potentialAction\":[{\"@type\":\"CommentAction\",\"name\":\"Comment\",\"target\":[\"https:\\\/\\\/qtmm.org\\\/qt\\\/stiven-peycge-qurultay-delegatlarini-saylavlarni-kozetmek-icun-halqara-nezaretci-seadetnamesi-berildi\\\/#respond\"]}]},{\"@type\":\"WebPage\",\"@id\":\"https:\\\/\\\/qtmm.org\\\/qt\\\/stiven-peycge-qurultay-delegatlarini-saylavlarni-kozetmek-icun-halqara-nezaretci-seadetnamesi-berildi\\\/\",\"url\":\"https:\\\/\\\/qtmm.org\\\/qt\\\/stiven-peycge-qurultay-delegatlarini-saylavlarni-kozetmek-icun-halqara-nezaretci-seadetnamesi-berildi\\\/\",\"name\":\"Stiven Peycge Qurultay delegatlar\u0131n\u0131 saylavlarn\u0131 k\u00f6zetmek i\u00e7\u00fcn halqara nezaret\u00e7i \u015feadetnamesi berildi - \u041c\u0435\u0434\u0436\u043b\u0456\u0441\",\"isPartOf\":{\"@id\":\"https:\\\/\\\/qtmm.org\\\/qt\\\/#website\"},\"primaryImageOfPage\":{\"@id\":\"https:\\\/\\\/qtmm.org\\\/qt\\\/stiven-peycge-qurultay-delegatlarini-saylavlarni-kozetmek-icun-halqara-nezaretci-seadetnamesi-berildi\\\/#primaryimage\"},\"image\":{\"@id\":\"https:\\\/\\\/qtmm.org\\\/qt\\\/stiven-peycge-qurultay-delegatlarini-saylavlarni-kozetmek-icun-halqara-nezaretci-seadetnamesi-berildi\\\/#primaryimage\"},\"thumbnailUrl\":\"http:\\\/\\\/qtmm.org\\\/wp-content\\\/uploads\\\/2022\\\/01\\\/stiven_peydzh_i_zair_smedlyaev.jpeg\",\"datePublished\":\"2013-05-24T20:51:00+00:00\",\"dateModified\":\"2022-01-23T20:52:10+00:00\",\"breadcrumb\":{\"@id\":\"https:\\\/\\\/qtmm.org\\\/qt\\\/stiven-peycge-qurultay-delegatlarini-saylavlarni-kozetmek-icun-halqara-nezaretci-seadetnamesi-berildi\\\/#breadcrumb\"},\"inLanguage\":\"qt\",\"potentialAction\":[{\"@type\":\"ReadAction\",\"target\":[\"https:\\\/\\\/qtmm.org\\\/qt\\\/stiven-peycge-qurultay-delegatlarini-saylavlarni-kozetmek-icun-halqara-nezaretci-seadetnamesi-berildi\\\/\"]}]},{\"@type\":\"ImageObject\",\"inLanguage\":\"qt\",\"@id\":\"https:\\\/\\\/qtmm.org\\\/qt\\\/stiven-peycge-qurultay-delegatlarini-saylavlarni-kozetmek-icun-halqara-nezaretci-seadetnamesi-berildi\\\/#primaryimage\",\"url\":\"http:\\\/\\\/qtmm.org\\\/wp-content\\\/uploads\\\/2022\\\/01\\\/stiven_peydzh_i_zair_smedlyaev.jpeg\",\"contentUrl\":\"http:\\\/\\\/qtmm.org\\\/wp-content\\\/uploads\\\/2022\\\/01\\\/stiven_peydzh_i_zair_smedlyaev.jpeg\"},{\"@type\":\"BreadcrumbList\",\"@id\":\"https:\\\/\\\/qtmm.org\\\/qt\\\/stiven-peycge-qurultay-delegatlarini-saylavlarni-kozetmek-icun-halqara-nezaretci-seadetnamesi-berildi\\\/#breadcrumb\",\"itemListElement\":[{\"@type\":\"ListItem\",\"position\":1,\"name\":\"\u0413\u043e\u043b\u043e\u0432\u043d\u0430\",\"item\":\"https:\\\/\\\/qtmm.org\\\/qt\\\/\"},{\"@type\":\"ListItem\",\"position\":2,\"name\":\"Stiven Peycge Qurultay delegatlar\u0131n\u0131 saylavlarn\u0131 k\u00f6zetmek i\u00e7\u00fcn halqara nezaret\u00e7i \u015feadetnamesi berildi\"}]},{\"@type\":\"WebSite\",\"@id\":\"https:\\\/\\\/qtmm.org\\\/qt\\\/#website\",\"url\":\"https:\\\/\\\/qtmm.org\\\/qt\\\/\",\"name\":\"\u041c\u0435\u0434\u0436\u043b\u0456\u0441\",\"description\":\"\",\"publisher\":{\"@id\":\"https:\\\/\\\/qtmm.org\\\/qt\\\/#organization\"},\"potentialAction\":[{\"@type\":\"SearchAction\",\"target\":{\"@type\":\"EntryPoint\",\"urlTemplate\":\"https:\\\/\\\/qtmm.org\\\/qt\\\/?s={search_term_string}\"},\"query-input\":{\"@type\":\"PropertyValueSpecification\",\"valueRequired\":true,\"valueName\":\"search_term_string\"}}],\"inLanguage\":\"qt\"},{\"@type\":\"Organization\",\"@id\":\"https:\\\/\\\/qtmm.org\\\/qt\\\/#organization\",\"name\":\"\u041c\u0435\u0434\u0436\u043b\u0456\u0441\",\"url\":\"https:\\\/\\\/qtmm.org\\\/qt\\\/\",\"logo\":{\"@type\":\"ImageObject\",\"inLanguage\":\"qt\",\"@id\":\"https:\\\/\\\/qtmm.org\\\/qt\\\/#\\\/schema\\\/logo\\\/image\\\/\",\"url\":\"https:\\\/\\\/qtmm.org\\\/wp-content\\\/uploads\\\/2024\\\/12\\\/ua-mejlis-logo-rgb.svg\",\"contentUrl\":\"https:\\\/\\\/qtmm.org\\\/wp-content\\\/uploads\\\/2024\\\/12\\\/ua-mejlis-logo-rgb.svg\",\"caption\":\"\u041c\u0435\u0434\u0436\u043b\u0456\u0441\"},\"image\":{\"@id\":\"https:\\\/\\\/qtmm.org\\\/qt\\\/#\\\/schema\\\/logo\\\/image\\\/\"},\"sameAs\":[\"https:\\\/\\\/www.facebook.com\\\/qtmm.info\\\/\"]},{\"@type\":\"Person\",\"@id\":\"https:\\\/\\\/qtmm.org\\\/qt\\\/#\\\/schema\\\/person\\\/de562469f971dec226ac06e60bbf74a7\",\"name\":\"Developer\",\"image\":{\"@type\":\"ImageObject\",\"inLanguage\":\"qt\",\"@id\":\"https:\\\/\\\/secure.gravatar.com\\\/avatar\\\/392b4cc8fbfeb00b39dfeeab4ee6edded39ffd48e25858637e4765810300227e?s=96&d=mm&r=g\",\"url\":\"https:\\\/\\\/secure.gravatar.com\\\/avatar\\\/392b4cc8fbfeb00b39dfeeab4ee6edded39ffd48e25858637e4765810300227e?s=96&d=mm&r=g\",\"contentUrl\":\"https:\\\/\\\/secure.gravatar.com\\\/avatar\\\/392b4cc8fbfeb00b39dfeeab4ee6edded39ffd48e25858637e4765810300227e?s=96&d=mm&r=g\",\"caption\":\"Developer\"},\"url\":\"https:\\\/\\\/qtmm.org\\\/qt\\\/author\\\/Developer\\\/\"}]}<\/script>\n<!-- \/ Yoast SEO plugin. -->","yoast_head_json":{"title":"Stiven Peycge Qurultay delegatlar\u0131n\u0131 saylavlarn\u0131 k\u00f6zetmek i\u00e7\u00fcn halqara nezaret\u00e7i \u015feadetnamesi berildi - \u041c\u0435\u0434\u0436\u043b\u0456\u0441","robots":{"index":"index","follow":"follow","max-snippet":"max-snippet:-1","max-image-preview":"max-image-preview:large","max-video-preview":"max-video-preview:-1"},"canonical":"https:\/\/qtmm.org\/qt\/stiven-peycge-qurultay-delegatlarini-saylavlarni-kozetmek-icun-halqara-nezaretci-seadetnamesi-berildi\/","og_locale":"en_US","og_type":"article","og_title":"Stiven Peycge Qurultay delegatlar\u0131n\u0131 saylavlarn\u0131 k\u00f6zetmek i\u00e7\u00fcn halqara nezaret\u00e7i \u015feadetnamesi berildi - \u041c\u0435\u0434\u0436\u043b\u0456\u0441","og_description":"Qurultay delegatlar\u0131n\u0131 saylav merkeziy komissiyas\u0131n\u0131\u00f1 reisi Zair Smedl\u00e2yev Kiyev \u015feerinde AQ\u015en\u0131\u00f1 Ukrainada El\u00e7iligini\u00f1 ekinci k\u00e2tibi cenap Stiven Peyc ile k\u00f6r\u00fc\u015fti. K\u00f6r\u00fc\u015f\u00fcvde bun\u0131\u00f1 kibi de Kiyev ve Kiyev vil\u00e2yetinden Qurultay\u011fa delegatlarn\u0131 saylav boyunca 45-nci daire saylav komissiyas\u0131n\u0131\u00f1 reisi Alim Veliullayev i\u015ftirak etti. K\u00f6r\u00fc\u015f\u00fcvde Qurultay\u011fa se\u00e7im ile ba\u011fl\u0131 meseleler muzakere etilip, Stiven Peyc Amerika El\u00e7iligi Q\u0131r\u0131mdaki vaqialarn\u0131 [&hellip;]","og_url":"https:\/\/qtmm.org\/qt\/stiven-peycge-qurultay-delegatlarini-saylavlarni-kozetmek-icun-halqara-nezaretci-seadetnamesi-berildi\/","og_site_name":"\u041c\u0435\u0434\u0436\u043b\u0456\u0441","article_publisher":"https:\/\/www.facebook.com\/qtmm.info\/","article_published_time":"2013-05-24T20:51:00+00:00","article_modified_time":"2022-01-23T20:52:10+00:00","og_image":[{"width":650,"height":950,"url":"https:\/\/qtmm.org\/wp-content\/uploads\/2022\/01\/stiven_peydzh_i_zair_smedlyaev.jpeg","type":"image\/jpeg"}],"author":"Developer","twitter_card":"summary_large_image","twitter_misc":{"Written by":"Developer","Est. reading time":"1 minute"},"schema":{"@context":"https:\/\/schema.org","@graph":[{"@type":"Article","@id":"https:\/\/qtmm.org\/qt\/stiven-peycge-qurultay-delegatlarini-saylavlarni-kozetmek-icun-halqara-nezaretci-seadetnamesi-berildi\/#article","isPartOf":{"@id":"https:\/\/qtmm.org\/qt\/stiven-peycge-qurultay-delegatlarini-saylavlarni-kozetmek-icun-halqara-nezaretci-seadetnamesi-berildi\/"},"author":{"name":"Developer","@id":"https:\/\/qtmm.org\/qt\/#\/schema\/person\/de562469f971dec226ac06e60bbf74a7"},"headline":"Stiven Peycge Qurultay delegatlar\u0131n\u0131 saylavlarn\u0131 k\u00f6zetmek i\u00e7\u00fcn halqara nezaret\u00e7i \u015feadetnamesi berildi","datePublished":"2013-05-24T20:51:00+00:00","dateModified":"2022-01-23T20:52:10+00:00","mainEntityOfPage":{"@id":"https:\/\/qtmm.org\/qt\/stiven-peycge-qurultay-delegatlarini-saylavlarni-kozetmek-icun-halqara-nezaretci-seadetnamesi-berildi\/"},"wordCount":174,"commentCount":0,"publisher":{"@id":"https:\/\/qtmm.org\/qt\/#organization"},"image":{"@id":"https:\/\/qtmm.org\/qt\/stiven-peycge-qurultay-delegatlarini-saylavlarni-kozetmek-icun-halqara-nezaretci-seadetnamesi-berildi\/#primaryimage"},"thumbnailUrl":"http:\/\/qtmm.org\/wp-content\/uploads\/2022\/01\/stiven_peydzh_i_zair_smedlyaev.jpeg","articleSection":["Haberler"],"inLanguage":"qt","potentialAction":[{"@type":"CommentAction","name":"Comment","target":["https:\/\/qtmm.org\/qt\/stiven-peycge-qurultay-delegatlarini-saylavlarni-kozetmek-icun-halqara-nezaretci-seadetnamesi-berildi\/#respond"]}]},{"@type":"WebPage","@id":"https:\/\/qtmm.org\/qt\/stiven-peycge-qurultay-delegatlarini-saylavlarni-kozetmek-icun-halqara-nezaretci-seadetnamesi-berildi\/","url":"https:\/\/qtmm.org\/qt\/stiven-peycge-qurultay-delegatlarini-saylavlarni-kozetmek-icun-halqara-nezaretci-seadetnamesi-berildi\/","name":"Stiven Peycge Qurultay delegatlar\u0131n\u0131 saylavlarn\u0131 k\u00f6zetmek i\u00e7\u00fcn halqara nezaret\u00e7i \u015feadetnamesi berildi - \u041c\u0435\u0434\u0436\u043b\u0456\u0441","isPartOf":{"@id":"https:\/\/qtmm.org\/qt\/#website"},"primaryImageOfPage":{"@id":"https:\/\/qtmm.org\/qt\/stiven-peycge-qurultay-delegatlarini-saylavlarni-kozetmek-icun-halqara-nezaretci-seadetnamesi-berildi\/#primaryimage"},"image":{"@id":"https:\/\/qtmm.org\/qt\/stiven-peycge-qurultay-delegatlarini-saylavlarni-kozetmek-icun-halqara-nezaretci-seadetnamesi-berildi\/#primaryimage"},"thumbnailUrl":"http:\/\/qtmm.org\/wp-content\/uploads\/2022\/01\/stiven_peydzh_i_zair_smedlyaev.jpeg","datePublished":"2013-05-24T20:51:00+00:00","dateModified":"2022-01-23T20:52:10+00:00","breadcrumb":{"@id":"https:\/\/qtmm.org\/qt\/stiven-peycge-qurultay-delegatlarini-saylavlarni-kozetmek-icun-halqara-nezaretci-seadetnamesi-berildi\/#breadcrumb"},"inLanguage":"qt","potentialAction":[{"@type":"ReadAction","target":["https:\/\/qtmm.org\/qt\/stiven-peycge-qurultay-delegatlarini-saylavlarni-kozetmek-icun-halqara-nezaretci-seadetnamesi-berildi\/"]}]},{"@type":"ImageObject","inLanguage":"qt","@id":"https:\/\/qtmm.org\/qt\/stiven-peycge-qurultay-delegatlarini-saylavlarni-kozetmek-icun-halqara-nezaretci-seadetnamesi-berildi\/#primaryimage","url":"http:\/\/qtmm.org\/wp-content\/uploads\/2022\/01\/stiven_peydzh_i_zair_smedlyaev.jpeg","contentUrl":"http:\/\/qtmm.org\/wp-content\/uploads\/2022\/01\/stiven_peydzh_i_zair_smedlyaev.jpeg"},{"@type":"BreadcrumbList","@id":"https:\/\/qtmm.org\/qt\/stiven-peycge-qurultay-delegatlarini-saylavlarni-kozetmek-icun-halqara-nezaretci-seadetnamesi-berildi\/#breadcrumb","itemListElement":[{"@type":"ListItem","position":1,"name":"\u0413\u043e\u043b\u043e\u0432\u043d\u0430","item":"https:\/\/qtmm.org\/qt\/"},{"@type":"ListItem","position":2,"name":"Stiven Peycge Qurultay delegatlar\u0131n\u0131 saylavlarn\u0131 k\u00f6zetmek i\u00e7\u00fcn halqara nezaret\u00e7i \u015feadetnamesi berildi"}]},{"@type":"WebSite","@id":"https:\/\/qtmm.org\/qt\/#website","url":"https:\/\/qtmm.org\/qt\/","name":"\u041c\u0435\u0434\u0436\u043b\u0456\u0441","description":"","publisher":{"@id":"https:\/\/qtmm.org\/qt\/#organization"},"potentialAction":[{"@type":"SearchAction","target":{"@type":"EntryPoint","urlTemplate":"https:\/\/qtmm.org\/qt\/?s={search_term_string}"},"query-input":{"@type":"PropertyValueSpecification","valueRequired":true,"valueName":"search_term_string"}}],"inLanguage":"qt"},{"@type":"Organization","@id":"https:\/\/qtmm.org\/qt\/#organization","name":"\u041c\u0435\u0434\u0436\u043b\u0456\u0441","url":"https:\/\/qtmm.org\/qt\/","logo":{"@type":"ImageObject","inLanguage":"qt","@id":"https:\/\/qtmm.org\/qt\/#\/schema\/logo\/image\/","url":"https:\/\/qtmm.org\/wp-content\/uploads\/2024\/12\/ua-mejlis-logo-rgb.svg","contentUrl":"https:\/\/qtmm.org\/wp-content\/uploads\/2024\/12\/ua-mejlis-logo-rgb.svg","caption":"\u041c\u0435\u0434\u0436\u043b\u0456\u0441"},"image":{"@id":"https:\/\/qtmm.org\/qt\/#\/schema\/logo\/image\/"},"sameAs":["https:\/\/www.facebook.com\/qtmm.info\/"]},{"@type":"Person","@id":"https:\/\/qtmm.org\/qt\/#\/schema\/person\/de562469f971dec226ac06e60bbf74a7","name":"Developer","image":{"@type":"ImageObject","inLanguage":"qt","@id":"https:\/\/secure.gravatar.com\/avatar\/392b4cc8fbfeb00b39dfeeab4ee6edded39ffd48e25858637e4765810300227e?s=96&d=mm&r=g","url":"https:\/\/secure.gravatar.com\/avatar\/392b4cc8fbfeb00b39dfeeab4ee6edded39ffd48e25858637e4765810300227e?s=96&d=mm&r=g","contentUrl":"https:\/\/secure.gravatar.com\/avatar\/392b4cc8fbfeb00b39dfeeab4ee6edded39ffd48e25858637e4765810300227e?s=96&d=mm&r=g","caption":"Developer"},"url":"https:\/\/qtmm.org\/qt\/author\/Developer\/"}]}},"_links":{"self":[{"href":"https:\/\/qtmm.org\/qt\/wp-json\/wp\/v2\/posts\/37702","targetHints":{"allow":["GET"]}}],"collection":[{"href":"https:\/\/qtmm.org\/qt\/wp-json\/wp\/v2\/posts"}],"about":[{"href":"https:\/\/qtmm.org\/qt\/wp-json\/wp\/v2\/types\/post"}],"author":[{"embeddable":true,"href":"https:\/\/qtmm.org\/qt\/wp-json\/wp\/v2\/users\/1"}],"replies":[{"embeddable":true,"href":"https:\/\/qtmm.org\/qt\/wp-json\/wp\/v2\/comments?post=37702"}],"version-history":[{"count":1,"href":"https:\/\/qtmm.org\/qt\/wp-json\/wp\/v2\/posts\/37702\/revisions"}],"predecessor-version":[{"id":37707,"href":"https:\/\/qtmm.org\/qt\/wp-json\/wp\/v2\/posts\/37702\/revisions\/37707"}],"wp:attachment":[{"href":"https:\/\/qtmm.org\/qt\/wp-json\/wp\/v2\/media?parent=37702"}],"wp:term":[{"taxonomy":"category","embeddable":true,"href":"https:\/\/qtmm.org\/qt\/wp-json\/wp\/v2\/categories?post=37702"},{"taxonomy":"post_tag","embeddable":true,"href":"https:\/\/qtmm.org\/qt\/wp-json\/wp\/v2\/tags?post=37702"}],"curies":[{"name":"wp","href":"https:\/\/api.w.org\/{rel}","templated":true}]}}