




{"id":37692,"date":"2013-05-23T23:50:00","date_gmt":"2013-05-23T20:50:00","guid":{"rendered":"http:\/\/qtmm.org\/?p=37692"},"modified":"2022-01-23T23:51:05","modified_gmt":"2022-01-23T20:51:05","slug":"nyu-yorkta-tamir-halqlarnin-meseleleri-boyunca-daimiy-forumnin-12-nci-oturimi-baslandi","status":"publish","type":"post","link":"https:\/\/qtmm.org\/qt\/nyu-yorkta-tamir-halqlarnin-meseleleri-boyunca-daimiy-forumnin-12-nci-oturimi-baslandi\/","title":{"rendered":"Ny\u00fc-Yorkta Tam\u0131r halqlarn\u0131\u00f1 meseleleri boyunca daimiy forumn\u0131\u00f1 12-nci otur\u0131m\u0131 ba\u015fland\u0131"},"content":{"rendered":"\n<p>May\u0131s 20 k\u00fcn\u00fc BMTni\u00f1 Ny\u00fc-Yorktaki ofisinde\u00a0Tam\u0131r halqlarn\u0131\u00f1 meseleleri boyunca daimiy forumn\u0131\u00f1 12-nci otur\u0131m\u0131\u00a0\u00f6z i\u015fini ba\u015flad\u0131.<\/p>\n\n\n\n<p>Belli ki, d\u00fcnn\u00e2n\u0131 70 devletinde cemi 370 million tam\u0131r halq vekilleri ya\u015famaqta ol\u0131p, \u00e7oq til ve medeniyetlerni temsil etmekteler.<\/p>\n\n\n\n<p>Otur\u0131mda Milliy Meclisten T\u0131\u015fq\u0131 al\u00e2qalar boyunca b\u00f6l\u00fck m\u00fcdirini\u00f1 muavini, Qurultay delegat\u0131 Abduraman Egiz ve B\u00fct\u00fcnd\u00fcnya q\u0131r\u0131mtatarlar kongressi Koordinatsion ke\u00f1e\u015fini\u00f1 azas\u0131 Ayla Baqqall\u0131 i\u015ftirak eteler.<\/p>\n\n\n\n<p>Mezk\u00fcr otur\u0131mda tam\u0131r halqlarn\u0131\u00f1 medeniyeti, tasili ve sa\u011fl\u0131\u011f\u0131 meselelerine ayr\u0131ca emiyet berilecek.<\/p>\n\n\n\n<p>&#8220;Biz tam\u0131r halqlarn\u0131\u00f1 tasilinden ba\u015flap, zengin variyeti ve degerliklerini keregi kibi qor\u00e7alamaq, saqlamaq borclum\u0131z Tam\u0131r halqlarn\u0131\u00f1 d\u00fcnyabaq\u0131\u015flar\u0131na q\u0131ymet kesmek, olarn\u0131 \u00f6m\u00fcrlerine dair meslelerni\u00f1 muzakeresine faal celp etmelimiz&#8221;, &#8211; denile BMT Ba\u015f k\u00e2tibi Pan Gi Munn\u0131\u00f1 formu i\u015ftirak\u00e7ilerine muracaat\u0131nda.<\/p>\n\n\n\n<p>Tam\u0131r halqlarn\u0131\u00f1 meseleleri boyunca daimiy forum \u0130nsan aqlar\u0131 boyunca komissiyan\u0131\u00f1 tevsiyelerine binaen \u0130qtisadiy ve \u0130\u00e7timaiy ke\u00f1e\u015fler taraf\u0131ndan 2000 senesi meydan\u011fa ketirilip, on\u0131\u00f1 erk\u00e2n\u0131nda 16 ekspert \u00e7al\u0131\u015fmaqta.<\/p>\n\n\n\n<p>Forumazalar\u0131n\u0131\u00f1 bir q\u0131sm\u0131 \u00fck\u00fcmetler taraf\u0131ndan, diger q\u0131sm\u0131 \u2013 tam\u0131r halqlar gruppalar\u0131 taraf\u0131ndan k\u00f6sterilip, 3 y\u0131l m\u00fcddetke saylanalar.<\/p>\n\n\n\n<figure class=\"wp-block-image size-full\"><img loading=\"lazy\" decoding=\"async\" width=\"650\" height=\"464\" src=\"http:\/\/qtmm.org\/wp-content\/uploads\/2022\/01\/un_2.jpeg\" alt=\"\" class=\"wp-image-37697\" srcset=\"https:\/\/qtmm.org\/wp-content\/uploads\/2022\/01\/un_2.jpeg 650w, https:\/\/qtmm.org\/wp-content\/uploads\/2022\/01\/un_2-300x214.jpeg 300w\" sizes=\"auto, (max-width: 650px) 100vw, 650px\" \/><\/figure>\n","protected":false},"excerpt":{"rendered":"<p>May\u0131s 20 k\u00fcn\u00fc BMTni\u00f1 Ny\u00fc-Yorktaki ofisinde\u00a0Tam\u0131r halqlarn\u0131\u00f1 meseleleri boyunca daimiy forumn\u0131\u00f1 12-nci otur\u0131m\u0131\u00a0\u00f6z i\u015fini ba\u015flad\u0131. Belli ki, d\u00fcnn\u00e2n\u0131 70 devletinde cemi 370 million tam\u0131r halq vekilleri ya\u015famaqta ol\u0131p, \u00e7oq til ve medeniyetlerni temsil etmekteler. Otur\u0131mda Milliy Meclisten T\u0131\u015fq\u0131 al\u00e2qalar boyunca b\u00f6l\u00fck m\u00fcdirini\u00f1 muavini, Qurultay delegat\u0131 Abduraman Egiz ve B\u00fct\u00fcnd\u00fcnya q\u0131r\u0131mtatarlar kongressi Koordinatsion ke\u00f1e\u015fini\u00f1 azas\u0131 Ayla [&hellip;]<\/p>\n","protected":false},"author":1,"featured_media":37693,"comment_status":"open","ping_status":"open","sticky":false,"template":"","format":"standard","meta":{"inline_featured_image":false,"footnotes":""},"categories":[265],"tags":[],"class_list":["post-37692","post","type-post","status-publish","format-standard","has-post-thumbnail","hentry","category-haberler"],"acf":[],"yoast_head":"<!-- This site is optimized with the Yoast SEO plugin v27.4 - https:\/\/yoast.com\/product\/yoast-seo-wordpress\/ -->\n<title>Ny\u00fc-Yorkta Tam\u0131r halqlarn\u0131\u00f1 meseleleri boyunca daimiy forumn\u0131\u00f1 12-nci otur\u0131m\u0131 ba\u015fland\u0131 - \u041c\u0435\u0434\u0436\u043b\u0456\u0441<\/title>\n<meta name=\"robots\" content=\"index, follow, max-snippet:-1, max-image-preview:large, max-video-preview:-1\" \/>\n<link rel=\"canonical\" href=\"https:\/\/qtmm.org\/qt\/nyu-yorkta-tamir-halqlarnin-meseleleri-boyunca-daimiy-forumnin-12-nci-oturimi-baslandi\/\" \/>\n<meta property=\"og:locale\" content=\"en_US\" \/>\n<meta property=\"og:type\" content=\"article\" \/>\n<meta property=\"og:title\" content=\"Ny\u00fc-Yorkta Tam\u0131r halqlarn\u0131\u00f1 meseleleri boyunca daimiy forumn\u0131\u00f1 12-nci otur\u0131m\u0131 ba\u015fland\u0131 - \u041c\u0435\u0434\u0436\u043b\u0456\u0441\" \/>\n<meta property=\"og:description\" content=\"May\u0131s 20 k\u00fcn\u00fc BMTni\u00f1 Ny\u00fc-Yorktaki ofisinde\u00a0Tam\u0131r halqlarn\u0131\u00f1 meseleleri boyunca daimiy forumn\u0131\u00f1 12-nci otur\u0131m\u0131\u00a0\u00f6z i\u015fini ba\u015flad\u0131. Belli ki, d\u00fcnn\u00e2n\u0131 70 devletinde cemi 370 million tam\u0131r halq vekilleri ya\u015famaqta ol\u0131p, \u00e7oq til ve medeniyetlerni temsil etmekteler. Otur\u0131mda Milliy Meclisten T\u0131\u015fq\u0131 al\u00e2qalar boyunca b\u00f6l\u00fck m\u00fcdirini\u00f1 muavini, Qurultay delegat\u0131 Abduraman Egiz ve B\u00fct\u00fcnd\u00fcnya q\u0131r\u0131mtatarlar kongressi Koordinatsion ke\u00f1e\u015fini\u00f1 azas\u0131 Ayla [&hellip;]\" \/>\n<meta property=\"og:url\" content=\"https:\/\/qtmm.org\/qt\/nyu-yorkta-tamir-halqlarnin-meseleleri-boyunca-daimiy-forumnin-12-nci-oturimi-baslandi\/\" \/>\n<meta property=\"og:site_name\" content=\"\u041c\u0435\u0434\u0436\u043b\u0456\u0441\" \/>\n<meta property=\"article:publisher\" content=\"https:\/\/www.facebook.com\/qtmm.info\/\" \/>\n<meta property=\"article:published_time\" content=\"2013-05-23T20:50:00+00:00\" \/>\n<meta property=\"article:modified_time\" content=\"2022-01-23T20:51:05+00:00\" \/>\n<meta property=\"og:image\" content=\"https:\/\/qtmm.org\/wp-content\/uploads\/2022\/01\/2_111.jpeg\" \/>\n\t<meta property=\"og:image:width\" content=\"650\" \/>\n\t<meta property=\"og:image:height\" content=\"355\" \/>\n\t<meta property=\"og:image:type\" content=\"image\/jpeg\" \/>\n<meta name=\"author\" content=\"Developer\" \/>\n<meta name=\"twitter:card\" content=\"summary_large_image\" \/>\n<meta name=\"twitter:label1\" content=\"Written by\" \/>\n\t<meta name=\"twitter:data1\" content=\"Developer\" \/>\n\t<meta name=\"twitter:label2\" content=\"Est. reading time\" \/>\n\t<meta name=\"twitter:data2\" content=\"1 minute\" \/>\n<script type=\"application\/ld+json\" class=\"yoast-schema-graph\">{\"@context\":\"https:\\\/\\\/schema.org\",\"@graph\":[{\"@type\":\"Article\",\"@id\":\"https:\\\/\\\/qtmm.org\\\/qt\\\/nyu-yorkta-tamir-halqlarnin-meseleleri-boyunca-daimiy-forumnin-12-nci-oturimi-baslandi\\\/#article\",\"isPartOf\":{\"@id\":\"https:\\\/\\\/qtmm.org\\\/qt\\\/nyu-yorkta-tamir-halqlarnin-meseleleri-boyunca-daimiy-forumnin-12-nci-oturimi-baslandi\\\/\"},\"author\":{\"name\":\"Developer\",\"@id\":\"https:\\\/\\\/qtmm.org\\\/qt\\\/#\\\/schema\\\/person\\\/de562469f971dec226ac06e60bbf74a7\"},\"headline\":\"Ny\u00fc-Yorkta Tam\u0131r halqlarn\u0131\u00f1 meseleleri boyunca daimiy forumn\u0131\u00f1 12-nci otur\u0131m\u0131 ba\u015fland\u0131\",\"datePublished\":\"2013-05-23T20:50:00+00:00\",\"dateModified\":\"2022-01-23T20:51:05+00:00\",\"mainEntityOfPage\":{\"@id\":\"https:\\\/\\\/qtmm.org\\\/qt\\\/nyu-yorkta-tamir-halqlarnin-meseleleri-boyunca-daimiy-forumnin-12-nci-oturimi-baslandi\\\/\"},\"wordCount\":223,\"commentCount\":0,\"publisher\":{\"@id\":\"https:\\\/\\\/qtmm.org\\\/qt\\\/#organization\"},\"image\":{\"@id\":\"https:\\\/\\\/qtmm.org\\\/qt\\\/nyu-yorkta-tamir-halqlarnin-meseleleri-boyunca-daimiy-forumnin-12-nci-oturimi-baslandi\\\/#primaryimage\"},\"thumbnailUrl\":\"https:\\\/\\\/qtmm.org\\\/wp-content\\\/uploads\\\/2022\\\/01\\\/2_111.jpeg\",\"articleSection\":[\"Haberler\"],\"inLanguage\":\"qt\",\"potentialAction\":[{\"@type\":\"CommentAction\",\"name\":\"Comment\",\"target\":[\"https:\\\/\\\/qtmm.org\\\/qt\\\/nyu-yorkta-tamir-halqlarnin-meseleleri-boyunca-daimiy-forumnin-12-nci-oturimi-baslandi\\\/#respond\"]}]},{\"@type\":\"WebPage\",\"@id\":\"https:\\\/\\\/qtmm.org\\\/qt\\\/nyu-yorkta-tamir-halqlarnin-meseleleri-boyunca-daimiy-forumnin-12-nci-oturimi-baslandi\\\/\",\"url\":\"https:\\\/\\\/qtmm.org\\\/qt\\\/nyu-yorkta-tamir-halqlarnin-meseleleri-boyunca-daimiy-forumnin-12-nci-oturimi-baslandi\\\/\",\"name\":\"Ny\u00fc-Yorkta Tam\u0131r halqlarn\u0131\u00f1 meseleleri boyunca daimiy forumn\u0131\u00f1 12-nci otur\u0131m\u0131 ba\u015fland\u0131 - \u041c\u0435\u0434\u0436\u043b\u0456\u0441\",\"isPartOf\":{\"@id\":\"https:\\\/\\\/qtmm.org\\\/qt\\\/#website\"},\"primaryImageOfPage\":{\"@id\":\"https:\\\/\\\/qtmm.org\\\/qt\\\/nyu-yorkta-tamir-halqlarnin-meseleleri-boyunca-daimiy-forumnin-12-nci-oturimi-baslandi\\\/#primaryimage\"},\"image\":{\"@id\":\"https:\\\/\\\/qtmm.org\\\/qt\\\/nyu-yorkta-tamir-halqlarnin-meseleleri-boyunca-daimiy-forumnin-12-nci-oturimi-baslandi\\\/#primaryimage\"},\"thumbnailUrl\":\"https:\\\/\\\/qtmm.org\\\/wp-content\\\/uploads\\\/2022\\\/01\\\/2_111.jpeg\",\"datePublished\":\"2013-05-23T20:50:00+00:00\",\"dateModified\":\"2022-01-23T20:51:05+00:00\",\"breadcrumb\":{\"@id\":\"https:\\\/\\\/qtmm.org\\\/qt\\\/nyu-yorkta-tamir-halqlarnin-meseleleri-boyunca-daimiy-forumnin-12-nci-oturimi-baslandi\\\/#breadcrumb\"},\"inLanguage\":\"qt\",\"potentialAction\":[{\"@type\":\"ReadAction\",\"target\":[\"https:\\\/\\\/qtmm.org\\\/qt\\\/nyu-yorkta-tamir-halqlarnin-meseleleri-boyunca-daimiy-forumnin-12-nci-oturimi-baslandi\\\/\"]}]},{\"@type\":\"ImageObject\",\"inLanguage\":\"qt\",\"@id\":\"https:\\\/\\\/qtmm.org\\\/qt\\\/nyu-yorkta-tamir-halqlarnin-meseleleri-boyunca-daimiy-forumnin-12-nci-oturimi-baslandi\\\/#primaryimage\",\"url\":\"https:\\\/\\\/qtmm.org\\\/wp-content\\\/uploads\\\/2022\\\/01\\\/2_111.jpeg\",\"contentUrl\":\"https:\\\/\\\/qtmm.org\\\/wp-content\\\/uploads\\\/2022\\\/01\\\/2_111.jpeg\",\"width\":650,\"height\":355},{\"@type\":\"BreadcrumbList\",\"@id\":\"https:\\\/\\\/qtmm.org\\\/qt\\\/nyu-yorkta-tamir-halqlarnin-meseleleri-boyunca-daimiy-forumnin-12-nci-oturimi-baslandi\\\/#breadcrumb\",\"itemListElement\":[{\"@type\":\"ListItem\",\"position\":1,\"name\":\"\u0413\u043e\u043b\u043e\u0432\u043d\u0430\",\"item\":\"https:\\\/\\\/qtmm.org\\\/qt\\\/\"},{\"@type\":\"ListItem\",\"position\":2,\"name\":\"Ny\u00fc-Yorkta Tam\u0131r halqlarn\u0131\u00f1 meseleleri boyunca daimiy forumn\u0131\u00f1 12-nci otur\u0131m\u0131 ba\u015fland\u0131\"}]},{\"@type\":\"WebSite\",\"@id\":\"https:\\\/\\\/qtmm.org\\\/qt\\\/#website\",\"url\":\"https:\\\/\\\/qtmm.org\\\/qt\\\/\",\"name\":\"\u041c\u0435\u0434\u0436\u043b\u0456\u0441\",\"description\":\"\",\"publisher\":{\"@id\":\"https:\\\/\\\/qtmm.org\\\/qt\\\/#organization\"},\"potentialAction\":[{\"@type\":\"SearchAction\",\"target\":{\"@type\":\"EntryPoint\",\"urlTemplate\":\"https:\\\/\\\/qtmm.org\\\/qt\\\/?s={search_term_string}\"},\"query-input\":{\"@type\":\"PropertyValueSpecification\",\"valueRequired\":true,\"valueName\":\"search_term_string\"}}],\"inLanguage\":\"qt\"},{\"@type\":\"Organization\",\"@id\":\"https:\\\/\\\/qtmm.org\\\/qt\\\/#organization\",\"name\":\"\u041c\u0435\u0434\u0436\u043b\u0456\u0441\",\"url\":\"https:\\\/\\\/qtmm.org\\\/qt\\\/\",\"logo\":{\"@type\":\"ImageObject\",\"inLanguage\":\"qt\",\"@id\":\"https:\\\/\\\/qtmm.org\\\/qt\\\/#\\\/schema\\\/logo\\\/image\\\/\",\"url\":\"https:\\\/\\\/qtmm.org\\\/wp-content\\\/uploads\\\/2024\\\/12\\\/ua-mejlis-logo-rgb.svg\",\"contentUrl\":\"https:\\\/\\\/qtmm.org\\\/wp-content\\\/uploads\\\/2024\\\/12\\\/ua-mejlis-logo-rgb.svg\",\"caption\":\"\u041c\u0435\u0434\u0436\u043b\u0456\u0441\"},\"image\":{\"@id\":\"https:\\\/\\\/qtmm.org\\\/qt\\\/#\\\/schema\\\/logo\\\/image\\\/\"},\"sameAs\":[\"https:\\\/\\\/www.facebook.com\\\/qtmm.info\\\/\"]},{\"@type\":\"Person\",\"@id\":\"https:\\\/\\\/qtmm.org\\\/qt\\\/#\\\/schema\\\/person\\\/de562469f971dec226ac06e60bbf74a7\",\"name\":\"Developer\",\"image\":{\"@type\":\"ImageObject\",\"inLanguage\":\"qt\",\"@id\":\"https:\\\/\\\/secure.gravatar.com\\\/avatar\\\/392b4cc8fbfeb00b39dfeeab4ee6edded39ffd48e25858637e4765810300227e?s=96&d=mm&r=g\",\"url\":\"https:\\\/\\\/secure.gravatar.com\\\/avatar\\\/392b4cc8fbfeb00b39dfeeab4ee6edded39ffd48e25858637e4765810300227e?s=96&d=mm&r=g\",\"contentUrl\":\"https:\\\/\\\/secure.gravatar.com\\\/avatar\\\/392b4cc8fbfeb00b39dfeeab4ee6edded39ffd48e25858637e4765810300227e?s=96&d=mm&r=g\",\"caption\":\"Developer\"},\"url\":\"https:\\\/\\\/qtmm.org\\\/qt\\\/author\\\/Developer\\\/\"}]}<\/script>\n<!-- \/ Yoast SEO plugin. -->","yoast_head_json":{"title":"Ny\u00fc-Yorkta Tam\u0131r halqlarn\u0131\u00f1 meseleleri boyunca daimiy forumn\u0131\u00f1 12-nci otur\u0131m\u0131 ba\u015fland\u0131 - \u041c\u0435\u0434\u0436\u043b\u0456\u0441","robots":{"index":"index","follow":"follow","max-snippet":"max-snippet:-1","max-image-preview":"max-image-preview:large","max-video-preview":"max-video-preview:-1"},"canonical":"https:\/\/qtmm.org\/qt\/nyu-yorkta-tamir-halqlarnin-meseleleri-boyunca-daimiy-forumnin-12-nci-oturimi-baslandi\/","og_locale":"en_US","og_type":"article","og_title":"Ny\u00fc-Yorkta Tam\u0131r halqlarn\u0131\u00f1 meseleleri boyunca daimiy forumn\u0131\u00f1 12-nci otur\u0131m\u0131 ba\u015fland\u0131 - \u041c\u0435\u0434\u0436\u043b\u0456\u0441","og_description":"May\u0131s 20 k\u00fcn\u00fc BMTni\u00f1 Ny\u00fc-Yorktaki ofisinde\u00a0Tam\u0131r halqlarn\u0131\u00f1 meseleleri boyunca daimiy forumn\u0131\u00f1 12-nci otur\u0131m\u0131\u00a0\u00f6z i\u015fini ba\u015flad\u0131. Belli ki, d\u00fcnn\u00e2n\u0131 70 devletinde cemi 370 million tam\u0131r halq vekilleri ya\u015famaqta ol\u0131p, \u00e7oq til ve medeniyetlerni temsil etmekteler. Otur\u0131mda Milliy Meclisten T\u0131\u015fq\u0131 al\u00e2qalar boyunca b\u00f6l\u00fck m\u00fcdirini\u00f1 muavini, Qurultay delegat\u0131 Abduraman Egiz ve B\u00fct\u00fcnd\u00fcnya q\u0131r\u0131mtatarlar kongressi Koordinatsion ke\u00f1e\u015fini\u00f1 azas\u0131 Ayla [&hellip;]","og_url":"https:\/\/qtmm.org\/qt\/nyu-yorkta-tamir-halqlarnin-meseleleri-boyunca-daimiy-forumnin-12-nci-oturimi-baslandi\/","og_site_name":"\u041c\u0435\u0434\u0436\u043b\u0456\u0441","article_publisher":"https:\/\/www.facebook.com\/qtmm.info\/","article_published_time":"2013-05-23T20:50:00+00:00","article_modified_time":"2022-01-23T20:51:05+00:00","og_image":[{"width":650,"height":355,"url":"https:\/\/qtmm.org\/wp-content\/uploads\/2022\/01\/2_111.jpeg","type":"image\/jpeg"}],"author":"Developer","twitter_card":"summary_large_image","twitter_misc":{"Written by":"Developer","Est. reading time":"1 minute"},"schema":{"@context":"https:\/\/schema.org","@graph":[{"@type":"Article","@id":"https:\/\/qtmm.org\/qt\/nyu-yorkta-tamir-halqlarnin-meseleleri-boyunca-daimiy-forumnin-12-nci-oturimi-baslandi\/#article","isPartOf":{"@id":"https:\/\/qtmm.org\/qt\/nyu-yorkta-tamir-halqlarnin-meseleleri-boyunca-daimiy-forumnin-12-nci-oturimi-baslandi\/"},"author":{"name":"Developer","@id":"https:\/\/qtmm.org\/qt\/#\/schema\/person\/de562469f971dec226ac06e60bbf74a7"},"headline":"Ny\u00fc-Yorkta Tam\u0131r halqlarn\u0131\u00f1 meseleleri boyunca daimiy forumn\u0131\u00f1 12-nci otur\u0131m\u0131 ba\u015fland\u0131","datePublished":"2013-05-23T20:50:00+00:00","dateModified":"2022-01-23T20:51:05+00:00","mainEntityOfPage":{"@id":"https:\/\/qtmm.org\/qt\/nyu-yorkta-tamir-halqlarnin-meseleleri-boyunca-daimiy-forumnin-12-nci-oturimi-baslandi\/"},"wordCount":223,"commentCount":0,"publisher":{"@id":"https:\/\/qtmm.org\/qt\/#organization"},"image":{"@id":"https:\/\/qtmm.org\/qt\/nyu-yorkta-tamir-halqlarnin-meseleleri-boyunca-daimiy-forumnin-12-nci-oturimi-baslandi\/#primaryimage"},"thumbnailUrl":"https:\/\/qtmm.org\/wp-content\/uploads\/2022\/01\/2_111.jpeg","articleSection":["Haberler"],"inLanguage":"qt","potentialAction":[{"@type":"CommentAction","name":"Comment","target":["https:\/\/qtmm.org\/qt\/nyu-yorkta-tamir-halqlarnin-meseleleri-boyunca-daimiy-forumnin-12-nci-oturimi-baslandi\/#respond"]}]},{"@type":"WebPage","@id":"https:\/\/qtmm.org\/qt\/nyu-yorkta-tamir-halqlarnin-meseleleri-boyunca-daimiy-forumnin-12-nci-oturimi-baslandi\/","url":"https:\/\/qtmm.org\/qt\/nyu-yorkta-tamir-halqlarnin-meseleleri-boyunca-daimiy-forumnin-12-nci-oturimi-baslandi\/","name":"Ny\u00fc-Yorkta Tam\u0131r halqlarn\u0131\u00f1 meseleleri boyunca daimiy forumn\u0131\u00f1 12-nci otur\u0131m\u0131 ba\u015fland\u0131 - \u041c\u0435\u0434\u0436\u043b\u0456\u0441","isPartOf":{"@id":"https:\/\/qtmm.org\/qt\/#website"},"primaryImageOfPage":{"@id":"https:\/\/qtmm.org\/qt\/nyu-yorkta-tamir-halqlarnin-meseleleri-boyunca-daimiy-forumnin-12-nci-oturimi-baslandi\/#primaryimage"},"image":{"@id":"https:\/\/qtmm.org\/qt\/nyu-yorkta-tamir-halqlarnin-meseleleri-boyunca-daimiy-forumnin-12-nci-oturimi-baslandi\/#primaryimage"},"thumbnailUrl":"https:\/\/qtmm.org\/wp-content\/uploads\/2022\/01\/2_111.jpeg","datePublished":"2013-05-23T20:50:00+00:00","dateModified":"2022-01-23T20:51:05+00:00","breadcrumb":{"@id":"https:\/\/qtmm.org\/qt\/nyu-yorkta-tamir-halqlarnin-meseleleri-boyunca-daimiy-forumnin-12-nci-oturimi-baslandi\/#breadcrumb"},"inLanguage":"qt","potentialAction":[{"@type":"ReadAction","target":["https:\/\/qtmm.org\/qt\/nyu-yorkta-tamir-halqlarnin-meseleleri-boyunca-daimiy-forumnin-12-nci-oturimi-baslandi\/"]}]},{"@type":"ImageObject","inLanguage":"qt","@id":"https:\/\/qtmm.org\/qt\/nyu-yorkta-tamir-halqlarnin-meseleleri-boyunca-daimiy-forumnin-12-nci-oturimi-baslandi\/#primaryimage","url":"https:\/\/qtmm.org\/wp-content\/uploads\/2022\/01\/2_111.jpeg","contentUrl":"https:\/\/qtmm.org\/wp-content\/uploads\/2022\/01\/2_111.jpeg","width":650,"height":355},{"@type":"BreadcrumbList","@id":"https:\/\/qtmm.org\/qt\/nyu-yorkta-tamir-halqlarnin-meseleleri-boyunca-daimiy-forumnin-12-nci-oturimi-baslandi\/#breadcrumb","itemListElement":[{"@type":"ListItem","position":1,"name":"\u0413\u043e\u043b\u043e\u0432\u043d\u0430","item":"https:\/\/qtmm.org\/qt\/"},{"@type":"ListItem","position":2,"name":"Ny\u00fc-Yorkta Tam\u0131r halqlarn\u0131\u00f1 meseleleri boyunca daimiy forumn\u0131\u00f1 12-nci otur\u0131m\u0131 ba\u015fland\u0131"}]},{"@type":"WebSite","@id":"https:\/\/qtmm.org\/qt\/#website","url":"https:\/\/qtmm.org\/qt\/","name":"\u041c\u0435\u0434\u0436\u043b\u0456\u0441","description":"","publisher":{"@id":"https:\/\/qtmm.org\/qt\/#organization"},"potentialAction":[{"@type":"SearchAction","target":{"@type":"EntryPoint","urlTemplate":"https:\/\/qtmm.org\/qt\/?s={search_term_string}"},"query-input":{"@type":"PropertyValueSpecification","valueRequired":true,"valueName":"search_term_string"}}],"inLanguage":"qt"},{"@type":"Organization","@id":"https:\/\/qtmm.org\/qt\/#organization","name":"\u041c\u0435\u0434\u0436\u043b\u0456\u0441","url":"https:\/\/qtmm.org\/qt\/","logo":{"@type":"ImageObject","inLanguage":"qt","@id":"https:\/\/qtmm.org\/qt\/#\/schema\/logo\/image\/","url":"https:\/\/qtmm.org\/wp-content\/uploads\/2024\/12\/ua-mejlis-logo-rgb.svg","contentUrl":"https:\/\/qtmm.org\/wp-content\/uploads\/2024\/12\/ua-mejlis-logo-rgb.svg","caption":"\u041c\u0435\u0434\u0436\u043b\u0456\u0441"},"image":{"@id":"https:\/\/qtmm.org\/qt\/#\/schema\/logo\/image\/"},"sameAs":["https:\/\/www.facebook.com\/qtmm.info\/"]},{"@type":"Person","@id":"https:\/\/qtmm.org\/qt\/#\/schema\/person\/de562469f971dec226ac06e60bbf74a7","name":"Developer","image":{"@type":"ImageObject","inLanguage":"qt","@id":"https:\/\/secure.gravatar.com\/avatar\/392b4cc8fbfeb00b39dfeeab4ee6edded39ffd48e25858637e4765810300227e?s=96&d=mm&r=g","url":"https:\/\/secure.gravatar.com\/avatar\/392b4cc8fbfeb00b39dfeeab4ee6edded39ffd48e25858637e4765810300227e?s=96&d=mm&r=g","contentUrl":"https:\/\/secure.gravatar.com\/avatar\/392b4cc8fbfeb00b39dfeeab4ee6edded39ffd48e25858637e4765810300227e?s=96&d=mm&r=g","caption":"Developer"},"url":"https:\/\/qtmm.org\/qt\/author\/Developer\/"}]}},"_links":{"self":[{"href":"https:\/\/qtmm.org\/qt\/wp-json\/wp\/v2\/posts\/37692","targetHints":{"allow":["GET"]}}],"collection":[{"href":"https:\/\/qtmm.org\/qt\/wp-json\/wp\/v2\/posts"}],"about":[{"href":"https:\/\/qtmm.org\/qt\/wp-json\/wp\/v2\/types\/post"}],"author":[{"embeddable":true,"href":"https:\/\/qtmm.org\/qt\/wp-json\/wp\/v2\/users\/1"}],"replies":[{"embeddable":true,"href":"https:\/\/qtmm.org\/qt\/wp-json\/wp\/v2\/comments?post=37692"}],"version-history":[{"count":1,"href":"https:\/\/qtmm.org\/qt\/wp-json\/wp\/v2\/posts\/37692\/revisions"}],"predecessor-version":[{"id":37701,"href":"https:\/\/qtmm.org\/qt\/wp-json\/wp\/v2\/posts\/37692\/revisions\/37701"}],"wp:featuredmedia":[{"embeddable":true,"href":"https:\/\/qtmm.org\/qt\/wp-json\/wp\/v2\/media\/37693"}],"wp:attachment":[{"href":"https:\/\/qtmm.org\/qt\/wp-json\/wp\/v2\/media?parent=37692"}],"wp:term":[{"taxonomy":"category","embeddable":true,"href":"https:\/\/qtmm.org\/qt\/wp-json\/wp\/v2\/categories?post=37692"},{"taxonomy":"post_tag","embeddable":true,"href":"https:\/\/qtmm.org\/qt\/wp-json\/wp\/v2\/tags?post=37692"}],"curies":[{"name":"wp","href":"https:\/\/api.w.org\/{rel}","templated":true}]}}