




{"id":37690,"date":"2013-05-23T23:49:00","date_gmt":"2013-05-23T20:49:00","guid":{"rendered":"http:\/\/qtmm.org\/?p=37690"},"modified":"2022-01-23T23:49:51","modified_gmt":"2022-01-23T20:49:51","slug":"rusiye-federatsiyasinin-aqmescitteki-bas-konsulligi-qarsisinda-piket-istirakcilerinin-qarari","status":"publish","type":"post","link":"https:\/\/qtmm.org\/qt\/rusiye-federatsiyasinin-aqmescitteki-bas-konsulligi-qarsisinda-piket-istirakcilerinin-qarari\/","title":{"rendered":"Rusiye Federatsiyas\u0131n\u0131\u00f1 Aqmescitteki Ba\u015f konsull\u0131\u011f\u0131 qar\u015f\u0131s\u0131nda piket i\u015ftirak\u00e7ilerini\u00f1 qarar\u0131"},"content":{"rendered":"\n<p>Avropa devletleri yigirminci as\u0131rda \u00f6z\u00fcnen beraber soyq\u0131r\u0131m, insan aqlar\u0131n\u0131 aqaretlev, arbiy cinayetler ve insanl\u0131qqa qar\u015f\u0131 cinayetler ketirgen eki totalitar rejim \u2013 stalin ve natsist rejimini\u00f1 taz\u0131y\u0131\u011f\u0131n\u0131 \u00e7ektiler.<\/p>\n\n\n\n<p>Holokost, A\u00e7l\u0131q, S\u00fcrg\u00fcnlik, millionlarnen su\u00e7s\u0131z-g\u00fcnahs\u0131z \u00f6ld\u00fcrilgen \u00e7e\u015fit milletler ve dinlerni\u00f1 insanlar\u0131 HH as\u0131rda kommunist ve fa\u015fist rejimi \u00fck\u00fcmranl\u0131\u011f\u0131n\u0131\u00f1 aqibetidir.<\/p>\n\n\n\n<p>Bug\u00fcnde-bug\u00fcn \u015fekillenmekte ol\u011fan halqara tel\u00fckesisizlik y\u00f6neli\u015fleri \u00f6z i\u00e7ine zorluq ve adaletsizlikten halq ve insan aqlar\u0131n\u0131 qor\u00e7alav i\u015fini al\u0131p, b\u00fct\u00fcn devlet ve \u00fck\u00fcmetlerni, umumen cemaat\u00e7\u0131l\u0131qn\u0131 demokratik sistem qurmaq, insan aqlar\u0131n\u0131\u00f1 teminlemesine imk\u00e2n yaratmaq, ya\u00f1\u0131 qav\u011fa-davalarn\u0131 qoz\u011faman i\u00e7\u00fcn diniy ananeler ve siyasiy medeniyette farqlarn\u0131 q\u0131d\u0131rmama\u011fa \u00e7a\u011f\u0131ra.<\/p>\n\n\n\n<p>\u015eun\u0131 da qayd etmeli ki, faqat tarihn\u0131 a\u015fk\u00e2r ve tafsil\u00e2tl\u0131 muzakere et\u00fcv aqiqat ve \u00f6lgenlerni\u00f1 hat\u0131ras\u0131na ve tirilerni\u00f1 degerligine \u00fcrmet esas\u0131nda bar\u0131\u015f\u0131ql\u0131q elde etilir. \u015eun\u0131\u00f1 i\u00e7\u00fcn de epsi devletlerni\u00f1 \u00fck\u00fcmetleri ve vazifedar insanlar\u0131 ke\u00e7mi\u015fte insanl\u0131qqa qar\u015f\u0131 yap\u0131l\u011fan cinayetler, \u015fu c\u00fcmleden q\u0131r\u0131mtatar halq\u0131n\u0131\u00f1 s\u00fcrg\u00fcnligi ve on y\u0131llar devam\u0131nda \u011furbet illerde ya\u015fama\u011fa mecbur etilmesini aqlama\u011fa t\u0131r\u0131\u015fqan areketlerden tolus\u0131nen vazge\u00e7meleri pek m\u00fcimdir.<\/p>\n\n\n\n<p>Rusiye Federatsiyas\u0131n\u0131\u00f1 Aqmescitteki Ba\u015f konsul\u0131 Vladimir Andreyevni\u00f1 q\u0131r\u0131mtatar halq\u0131 ve sab\u0131q SSSRdeki diger halqlarn\u0131\u00f1 \u00f6z topraqlar\u0131ndan s\u00fcrg\u00fcn etil\u00fcvi, millionlarnen \u00e7e\u015fit millet ve dinge mens\u00fcp insanlarn\u0131\u00f1 \u00f6ld\u00fcril\u00fcvini ketirgen Stalin rejimi taraf\u0131ndan insanl\u0131qqa qar\u015f\u0131 cinayetliklerini aqlayaraq seslendirgen a\u00e7\u0131q fikirleri sadece qurbanlarn\u0131\u00f1 ruhuna nisbeten aqaret degil de totalitar rejimni \u011fayr\u0131dan canland\u0131rmaq, ukrain cemiyetine milletlerara du\u015fmanl\u0131q ve nefret sa\u00e7maq maqsad\u0131nda yap\u0131l\u011fan ad\u0131md\u0131r.<\/p>\n\n\n\n<p>Q\u0131r\u0131mtatar halq\u0131na nisbeten SSSR kommunist rejimini aqla\u011fan s\u00f6zlerinen RF Ba\u015f konsul\u0131 kendisi ve temsil ettigi \u00f6z devleti Rusiye Federatsiyas\u0131n\u0131\u00f1 halqara mecburiyetlerine, \u015fu c\u00fcmleden s\u00fcrg\u00fcn etilgen insanlar, milliy azl\u0131qlarn\u0131\u00f1 meselelerinen ba\u011fl\u0131 a\u00f1la\u015fma\u011fa qar\u015f\u0131 \u00e7\u0131qt\u0131.<\/p>\n\n\n\n<p><strong>Biz, Rusiye Federatsiyas\u0131n\u0131\u00f1 Aqmescitteki Ba\u015f konsull\u0131 R\u011f\u0131 qar\u015f\u0131s\u0131nda piketni\u00f1 i\u015ftirak\u00e7ileri:<\/strong><\/p>\n\n\n\n<p>&#8211; Rusiye Federatsiyas\u0131n\u0131\u00f1 Prezidenti V.V.P\u00fctinden Rusiye Federatsiyas\u0131n\u0131\u00f1 Aqmescitteki Ba\u015f konsul\u0131 Vladimir Andreyevni\u00f1 acele keri \u00e7a\u011f\u0131r\u0131lmas\u0131n\u0131,<\/p>\n\n\n\n<p class=\"has-text-align-right\">&#8211; Ukraina Prezidenti, Yuqar\u0131 \u015euras\u0131 ve Nazirler Kabinetinden Rusiye Federatsiyas\u0131n\u0131\u00f1 Aqmescitteki Ba\u015f konsul\u0131 Vladimir Andreyevni non-grata \u015fahs\u0131 dep il\u00e2n etmelerini,<br><br>Biz, piket i\u015ftirak\u00e7ileri, Ukraina ve Rusiye aras\u0131nda, aras\u0131nda eyiqom\u015ful\u0131q munasebetlerini saqlap qalmaq niyetinden kelip \u00e7\u0131qaraq Rusiye ve Ukraina parlamentleri ayr\u0131 \u00e7inovniklerni\u00f1, \u015fu c\u00fcmleden Rusiye Federatsiyas\u0131n\u0131\u00f1 Aqmescitteki Ba\u015f konsul\u0131 Vladimir Andreyevni\u00f1 fesat\u0131 sebebetinden bozulmas\u0131na yol bermemek o\u011frunda b\u00fct\u00fcn \u00e7are-tedbirlerni k\u00f6rmelerini,<br><br><strong>TALAP ETEM\u0130Z.<\/strong><br><br><em><strong>Rusiye Federatsiyas\u0131n\u0131\u00f1 Aqmescitteki Ba\u015f konsull\u0131 R\u011f\u0131 qar\u015f\u0131s\u0131nda piketni\u00f1 i\u015ftirak\u00e7ileri<br>2013 s. may\u0131s 23.<\/strong><\/em><br>\u00a0<\/p>\n","protected":false},"excerpt":{"rendered":"<p>Avropa devletleri yigirminci as\u0131rda \u00f6z\u00fcnen beraber soyq\u0131r\u0131m, insan aqlar\u0131n\u0131 aqaretlev, arbiy cinayetler ve insanl\u0131qqa qar\u015f\u0131 cinayetler ketirgen eki totalitar rejim \u2013 stalin ve natsist rejimini\u00f1 taz\u0131y\u0131\u011f\u0131n\u0131 \u00e7ektiler. Holokost, A\u00e7l\u0131q, S\u00fcrg\u00fcnlik, millionlarnen su\u00e7s\u0131z-g\u00fcnahs\u0131z \u00f6ld\u00fcrilgen \u00e7e\u015fit milletler ve dinlerni\u00f1 insanlar\u0131 HH as\u0131rda kommunist ve fa\u015fist rejimi \u00fck\u00fcmranl\u0131\u011f\u0131n\u0131\u00f1 aqibetidir. Bug\u00fcnde-bug\u00fcn \u015fekillenmekte ol\u011fan halqara tel\u00fckesisizlik y\u00f6neli\u015fleri \u00f6z i\u00e7ine zorluq [&hellip;]<\/p>\n","protected":false},"author":1,"featured_media":0,"comment_status":"open","ping_status":"open","sticky":false,"template":"","format":"standard","meta":{"inline_featured_image":false,"footnotes":""},"categories":[265],"tags":[],"class_list":["post-37690","post","type-post","status-publish","format-standard","hentry","category-haberler"],"acf":[],"yoast_head":"<!-- This site is optimized with the Yoast SEO plugin v27.4 - https:\/\/yoast.com\/product\/yoast-seo-wordpress\/ -->\n<title>Rusiye Federatsiyas\u0131n\u0131\u00f1 Aqmescitteki Ba\u015f konsull\u0131\u011f\u0131 qar\u015f\u0131s\u0131nda piket i\u015ftirak\u00e7ilerini\u00f1 qarar\u0131 - \u041c\u0435\u0434\u0436\u043b\u0456\u0441<\/title>\n<meta name=\"robots\" content=\"index, follow, max-snippet:-1, max-image-preview:large, max-video-preview:-1\" \/>\n<link rel=\"canonical\" href=\"https:\/\/qtmm.org\/qt\/rusiye-federatsiyasinin-aqmescitteki-bas-konsulligi-qarsisinda-piket-istirakcilerinin-qarari\/\" \/>\n<meta property=\"og:locale\" content=\"en_US\" \/>\n<meta property=\"og:type\" content=\"article\" \/>\n<meta property=\"og:title\" content=\"Rusiye Federatsiyas\u0131n\u0131\u00f1 Aqmescitteki Ba\u015f konsull\u0131\u011f\u0131 qar\u015f\u0131s\u0131nda piket i\u015ftirak\u00e7ilerini\u00f1 qarar\u0131 - \u041c\u0435\u0434\u0436\u043b\u0456\u0441\" \/>\n<meta property=\"og:description\" content=\"Avropa devletleri yigirminci as\u0131rda \u00f6z\u00fcnen beraber soyq\u0131r\u0131m, insan aqlar\u0131n\u0131 aqaretlev, arbiy cinayetler ve insanl\u0131qqa qar\u015f\u0131 cinayetler ketirgen eki totalitar rejim \u2013 stalin ve natsist rejimini\u00f1 taz\u0131y\u0131\u011f\u0131n\u0131 \u00e7ektiler. Holokost, A\u00e7l\u0131q, S\u00fcrg\u00fcnlik, millionlarnen su\u00e7s\u0131z-g\u00fcnahs\u0131z \u00f6ld\u00fcrilgen \u00e7e\u015fit milletler ve dinlerni\u00f1 insanlar\u0131 HH as\u0131rda kommunist ve fa\u015fist rejimi \u00fck\u00fcmranl\u0131\u011f\u0131n\u0131\u00f1 aqibetidir. Bug\u00fcnde-bug\u00fcn \u015fekillenmekte ol\u011fan halqara tel\u00fckesisizlik y\u00f6neli\u015fleri \u00f6z i\u00e7ine zorluq [&hellip;]\" \/>\n<meta property=\"og:url\" content=\"https:\/\/qtmm.org\/qt\/rusiye-federatsiyasinin-aqmescitteki-bas-konsulligi-qarsisinda-piket-istirakcilerinin-qarari\/\" \/>\n<meta property=\"og:site_name\" content=\"\u041c\u0435\u0434\u0436\u043b\u0456\u0441\" \/>\n<meta property=\"article:publisher\" content=\"https:\/\/www.facebook.com\/qtmm.info\/\" \/>\n<meta property=\"article:published_time\" content=\"2013-05-23T20:49:00+00:00\" \/>\n<meta property=\"article:modified_time\" content=\"2022-01-23T20:49:51+00:00\" \/>\n<meta name=\"author\" content=\"Developer\" \/>\n<meta name=\"twitter:card\" content=\"summary_large_image\" \/>\n<meta name=\"twitter:label1\" content=\"Written by\" \/>\n\t<meta name=\"twitter:data1\" content=\"Developer\" \/>\n\t<meta name=\"twitter:label2\" content=\"Est. reading time\" \/>\n\t<meta name=\"twitter:data2\" content=\"2 minutes\" \/>\n<script type=\"application\/ld+json\" class=\"yoast-schema-graph\">{\"@context\":\"https:\\\/\\\/schema.org\",\"@graph\":[{\"@type\":\"Article\",\"@id\":\"https:\\\/\\\/qtmm.org\\\/qt\\\/rusiye-federatsiyasinin-aqmescitteki-bas-konsulligi-qarsisinda-piket-istirakcilerinin-qarari\\\/#article\",\"isPartOf\":{\"@id\":\"https:\\\/\\\/qtmm.org\\\/qt\\\/rusiye-federatsiyasinin-aqmescitteki-bas-konsulligi-qarsisinda-piket-istirakcilerinin-qarari\\\/\"},\"author\":{\"name\":\"Developer\",\"@id\":\"https:\\\/\\\/qtmm.org\\\/qt\\\/#\\\/schema\\\/person\\\/de562469f971dec226ac06e60bbf74a7\"},\"headline\":\"Rusiye Federatsiyas\u0131n\u0131\u00f1 Aqmescitteki Ba\u015f konsull\u0131\u011f\u0131 qar\u015f\u0131s\u0131nda piket i\u015ftirak\u00e7ilerini\u00f1 qarar\u0131\",\"datePublished\":\"2013-05-23T20:49:00+00:00\",\"dateModified\":\"2022-01-23T20:49:51+00:00\",\"mainEntityOfPage\":{\"@id\":\"https:\\\/\\\/qtmm.org\\\/qt\\\/rusiye-federatsiyasinin-aqmescitteki-bas-konsulligi-qarsisinda-piket-istirakcilerinin-qarari\\\/\"},\"wordCount\":503,\"commentCount\":0,\"publisher\":{\"@id\":\"https:\\\/\\\/qtmm.org\\\/qt\\\/#organization\"},\"articleSection\":[\"Haberler\"],\"inLanguage\":\"qt\",\"potentialAction\":[{\"@type\":\"CommentAction\",\"name\":\"Comment\",\"target\":[\"https:\\\/\\\/qtmm.org\\\/qt\\\/rusiye-federatsiyasinin-aqmescitteki-bas-konsulligi-qarsisinda-piket-istirakcilerinin-qarari\\\/#respond\"]}]},{\"@type\":\"WebPage\",\"@id\":\"https:\\\/\\\/qtmm.org\\\/qt\\\/rusiye-federatsiyasinin-aqmescitteki-bas-konsulligi-qarsisinda-piket-istirakcilerinin-qarari\\\/\",\"url\":\"https:\\\/\\\/qtmm.org\\\/qt\\\/rusiye-federatsiyasinin-aqmescitteki-bas-konsulligi-qarsisinda-piket-istirakcilerinin-qarari\\\/\",\"name\":\"Rusiye Federatsiyas\u0131n\u0131\u00f1 Aqmescitteki Ba\u015f konsull\u0131\u011f\u0131 qar\u015f\u0131s\u0131nda piket i\u015ftirak\u00e7ilerini\u00f1 qarar\u0131 - \u041c\u0435\u0434\u0436\u043b\u0456\u0441\",\"isPartOf\":{\"@id\":\"https:\\\/\\\/qtmm.org\\\/qt\\\/#website\"},\"datePublished\":\"2013-05-23T20:49:00+00:00\",\"dateModified\":\"2022-01-23T20:49:51+00:00\",\"breadcrumb\":{\"@id\":\"https:\\\/\\\/qtmm.org\\\/qt\\\/rusiye-federatsiyasinin-aqmescitteki-bas-konsulligi-qarsisinda-piket-istirakcilerinin-qarari\\\/#breadcrumb\"},\"inLanguage\":\"qt\",\"potentialAction\":[{\"@type\":\"ReadAction\",\"target\":[\"https:\\\/\\\/qtmm.org\\\/qt\\\/rusiye-federatsiyasinin-aqmescitteki-bas-konsulligi-qarsisinda-piket-istirakcilerinin-qarari\\\/\"]}]},{\"@type\":\"BreadcrumbList\",\"@id\":\"https:\\\/\\\/qtmm.org\\\/qt\\\/rusiye-federatsiyasinin-aqmescitteki-bas-konsulligi-qarsisinda-piket-istirakcilerinin-qarari\\\/#breadcrumb\",\"itemListElement\":[{\"@type\":\"ListItem\",\"position\":1,\"name\":\"\u0413\u043e\u043b\u043e\u0432\u043d\u0430\",\"item\":\"https:\\\/\\\/qtmm.org\\\/qt\\\/\"},{\"@type\":\"ListItem\",\"position\":2,\"name\":\"Rusiye Federatsiyas\u0131n\u0131\u00f1 Aqmescitteki Ba\u015f konsull\u0131\u011f\u0131 qar\u015f\u0131s\u0131nda piket i\u015ftirak\u00e7ilerini\u00f1 qarar\u0131\"}]},{\"@type\":\"WebSite\",\"@id\":\"https:\\\/\\\/qtmm.org\\\/qt\\\/#website\",\"url\":\"https:\\\/\\\/qtmm.org\\\/qt\\\/\",\"name\":\"\u041c\u0435\u0434\u0436\u043b\u0456\u0441\",\"description\":\"\",\"publisher\":{\"@id\":\"https:\\\/\\\/qtmm.org\\\/qt\\\/#organization\"},\"potentialAction\":[{\"@type\":\"SearchAction\",\"target\":{\"@type\":\"EntryPoint\",\"urlTemplate\":\"https:\\\/\\\/qtmm.org\\\/qt\\\/?s={search_term_string}\"},\"query-input\":{\"@type\":\"PropertyValueSpecification\",\"valueRequired\":true,\"valueName\":\"search_term_string\"}}],\"inLanguage\":\"qt\"},{\"@type\":\"Organization\",\"@id\":\"https:\\\/\\\/qtmm.org\\\/qt\\\/#organization\",\"name\":\"\u041c\u0435\u0434\u0436\u043b\u0456\u0441\",\"url\":\"https:\\\/\\\/qtmm.org\\\/qt\\\/\",\"logo\":{\"@type\":\"ImageObject\",\"inLanguage\":\"qt\",\"@id\":\"https:\\\/\\\/qtmm.org\\\/qt\\\/#\\\/schema\\\/logo\\\/image\\\/\",\"url\":\"https:\\\/\\\/qtmm.org\\\/wp-content\\\/uploads\\\/2024\\\/12\\\/ua-mejlis-logo-rgb.svg\",\"contentUrl\":\"https:\\\/\\\/qtmm.org\\\/wp-content\\\/uploads\\\/2024\\\/12\\\/ua-mejlis-logo-rgb.svg\",\"caption\":\"\u041c\u0435\u0434\u0436\u043b\u0456\u0441\"},\"image\":{\"@id\":\"https:\\\/\\\/qtmm.org\\\/qt\\\/#\\\/schema\\\/logo\\\/image\\\/\"},\"sameAs\":[\"https:\\\/\\\/www.facebook.com\\\/qtmm.info\\\/\"]},{\"@type\":\"Person\",\"@id\":\"https:\\\/\\\/qtmm.org\\\/qt\\\/#\\\/schema\\\/person\\\/de562469f971dec226ac06e60bbf74a7\",\"name\":\"Developer\",\"image\":{\"@type\":\"ImageObject\",\"inLanguage\":\"qt\",\"@id\":\"https:\\\/\\\/secure.gravatar.com\\\/avatar\\\/392b4cc8fbfeb00b39dfeeab4ee6edded39ffd48e25858637e4765810300227e?s=96&d=mm&r=g\",\"url\":\"https:\\\/\\\/secure.gravatar.com\\\/avatar\\\/392b4cc8fbfeb00b39dfeeab4ee6edded39ffd48e25858637e4765810300227e?s=96&d=mm&r=g\",\"contentUrl\":\"https:\\\/\\\/secure.gravatar.com\\\/avatar\\\/392b4cc8fbfeb00b39dfeeab4ee6edded39ffd48e25858637e4765810300227e?s=96&d=mm&r=g\",\"caption\":\"Developer\"},\"url\":\"https:\\\/\\\/qtmm.org\\\/qt\\\/author\\\/Developer\\\/\"}]}<\/script>\n<!-- \/ Yoast SEO plugin. -->","yoast_head_json":{"title":"Rusiye Federatsiyas\u0131n\u0131\u00f1 Aqmescitteki Ba\u015f konsull\u0131\u011f\u0131 qar\u015f\u0131s\u0131nda piket i\u015ftirak\u00e7ilerini\u00f1 qarar\u0131 - \u041c\u0435\u0434\u0436\u043b\u0456\u0441","robots":{"index":"index","follow":"follow","max-snippet":"max-snippet:-1","max-image-preview":"max-image-preview:large","max-video-preview":"max-video-preview:-1"},"canonical":"https:\/\/qtmm.org\/qt\/rusiye-federatsiyasinin-aqmescitteki-bas-konsulligi-qarsisinda-piket-istirakcilerinin-qarari\/","og_locale":"en_US","og_type":"article","og_title":"Rusiye Federatsiyas\u0131n\u0131\u00f1 Aqmescitteki Ba\u015f konsull\u0131\u011f\u0131 qar\u015f\u0131s\u0131nda piket i\u015ftirak\u00e7ilerini\u00f1 qarar\u0131 - \u041c\u0435\u0434\u0436\u043b\u0456\u0441","og_description":"Avropa devletleri yigirminci as\u0131rda \u00f6z\u00fcnen beraber soyq\u0131r\u0131m, insan aqlar\u0131n\u0131 aqaretlev, arbiy cinayetler ve insanl\u0131qqa qar\u015f\u0131 cinayetler ketirgen eki totalitar rejim \u2013 stalin ve natsist rejimini\u00f1 taz\u0131y\u0131\u011f\u0131n\u0131 \u00e7ektiler. Holokost, A\u00e7l\u0131q, S\u00fcrg\u00fcnlik, millionlarnen su\u00e7s\u0131z-g\u00fcnahs\u0131z \u00f6ld\u00fcrilgen \u00e7e\u015fit milletler ve dinlerni\u00f1 insanlar\u0131 HH as\u0131rda kommunist ve fa\u015fist rejimi \u00fck\u00fcmranl\u0131\u011f\u0131n\u0131\u00f1 aqibetidir. Bug\u00fcnde-bug\u00fcn \u015fekillenmekte ol\u011fan halqara tel\u00fckesisizlik y\u00f6neli\u015fleri \u00f6z i\u00e7ine zorluq [&hellip;]","og_url":"https:\/\/qtmm.org\/qt\/rusiye-federatsiyasinin-aqmescitteki-bas-konsulligi-qarsisinda-piket-istirakcilerinin-qarari\/","og_site_name":"\u041c\u0435\u0434\u0436\u043b\u0456\u0441","article_publisher":"https:\/\/www.facebook.com\/qtmm.info\/","article_published_time":"2013-05-23T20:49:00+00:00","article_modified_time":"2022-01-23T20:49:51+00:00","author":"Developer","twitter_card":"summary_large_image","twitter_misc":{"Written by":"Developer","Est. reading time":"2 minutes"},"schema":{"@context":"https:\/\/schema.org","@graph":[{"@type":"Article","@id":"https:\/\/qtmm.org\/qt\/rusiye-federatsiyasinin-aqmescitteki-bas-konsulligi-qarsisinda-piket-istirakcilerinin-qarari\/#article","isPartOf":{"@id":"https:\/\/qtmm.org\/qt\/rusiye-federatsiyasinin-aqmescitteki-bas-konsulligi-qarsisinda-piket-istirakcilerinin-qarari\/"},"author":{"name":"Developer","@id":"https:\/\/qtmm.org\/qt\/#\/schema\/person\/de562469f971dec226ac06e60bbf74a7"},"headline":"Rusiye Federatsiyas\u0131n\u0131\u00f1 Aqmescitteki Ba\u015f konsull\u0131\u011f\u0131 qar\u015f\u0131s\u0131nda piket i\u015ftirak\u00e7ilerini\u00f1 qarar\u0131","datePublished":"2013-05-23T20:49:00+00:00","dateModified":"2022-01-23T20:49:51+00:00","mainEntityOfPage":{"@id":"https:\/\/qtmm.org\/qt\/rusiye-federatsiyasinin-aqmescitteki-bas-konsulligi-qarsisinda-piket-istirakcilerinin-qarari\/"},"wordCount":503,"commentCount":0,"publisher":{"@id":"https:\/\/qtmm.org\/qt\/#organization"},"articleSection":["Haberler"],"inLanguage":"qt","potentialAction":[{"@type":"CommentAction","name":"Comment","target":["https:\/\/qtmm.org\/qt\/rusiye-federatsiyasinin-aqmescitteki-bas-konsulligi-qarsisinda-piket-istirakcilerinin-qarari\/#respond"]}]},{"@type":"WebPage","@id":"https:\/\/qtmm.org\/qt\/rusiye-federatsiyasinin-aqmescitteki-bas-konsulligi-qarsisinda-piket-istirakcilerinin-qarari\/","url":"https:\/\/qtmm.org\/qt\/rusiye-federatsiyasinin-aqmescitteki-bas-konsulligi-qarsisinda-piket-istirakcilerinin-qarari\/","name":"Rusiye Federatsiyas\u0131n\u0131\u00f1 Aqmescitteki Ba\u015f konsull\u0131\u011f\u0131 qar\u015f\u0131s\u0131nda piket i\u015ftirak\u00e7ilerini\u00f1 qarar\u0131 - \u041c\u0435\u0434\u0436\u043b\u0456\u0441","isPartOf":{"@id":"https:\/\/qtmm.org\/qt\/#website"},"datePublished":"2013-05-23T20:49:00+00:00","dateModified":"2022-01-23T20:49:51+00:00","breadcrumb":{"@id":"https:\/\/qtmm.org\/qt\/rusiye-federatsiyasinin-aqmescitteki-bas-konsulligi-qarsisinda-piket-istirakcilerinin-qarari\/#breadcrumb"},"inLanguage":"qt","potentialAction":[{"@type":"ReadAction","target":["https:\/\/qtmm.org\/qt\/rusiye-federatsiyasinin-aqmescitteki-bas-konsulligi-qarsisinda-piket-istirakcilerinin-qarari\/"]}]},{"@type":"BreadcrumbList","@id":"https:\/\/qtmm.org\/qt\/rusiye-federatsiyasinin-aqmescitteki-bas-konsulligi-qarsisinda-piket-istirakcilerinin-qarari\/#breadcrumb","itemListElement":[{"@type":"ListItem","position":1,"name":"\u0413\u043e\u043b\u043e\u0432\u043d\u0430","item":"https:\/\/qtmm.org\/qt\/"},{"@type":"ListItem","position":2,"name":"Rusiye Federatsiyas\u0131n\u0131\u00f1 Aqmescitteki Ba\u015f konsull\u0131\u011f\u0131 qar\u015f\u0131s\u0131nda piket i\u015ftirak\u00e7ilerini\u00f1 qarar\u0131"}]},{"@type":"WebSite","@id":"https:\/\/qtmm.org\/qt\/#website","url":"https:\/\/qtmm.org\/qt\/","name":"\u041c\u0435\u0434\u0436\u043b\u0456\u0441","description":"","publisher":{"@id":"https:\/\/qtmm.org\/qt\/#organization"},"potentialAction":[{"@type":"SearchAction","target":{"@type":"EntryPoint","urlTemplate":"https:\/\/qtmm.org\/qt\/?s={search_term_string}"},"query-input":{"@type":"PropertyValueSpecification","valueRequired":true,"valueName":"search_term_string"}}],"inLanguage":"qt"},{"@type":"Organization","@id":"https:\/\/qtmm.org\/qt\/#organization","name":"\u041c\u0435\u0434\u0436\u043b\u0456\u0441","url":"https:\/\/qtmm.org\/qt\/","logo":{"@type":"ImageObject","inLanguage":"qt","@id":"https:\/\/qtmm.org\/qt\/#\/schema\/logo\/image\/","url":"https:\/\/qtmm.org\/wp-content\/uploads\/2024\/12\/ua-mejlis-logo-rgb.svg","contentUrl":"https:\/\/qtmm.org\/wp-content\/uploads\/2024\/12\/ua-mejlis-logo-rgb.svg","caption":"\u041c\u0435\u0434\u0436\u043b\u0456\u0441"},"image":{"@id":"https:\/\/qtmm.org\/qt\/#\/schema\/logo\/image\/"},"sameAs":["https:\/\/www.facebook.com\/qtmm.info\/"]},{"@type":"Person","@id":"https:\/\/qtmm.org\/qt\/#\/schema\/person\/de562469f971dec226ac06e60bbf74a7","name":"Developer","image":{"@type":"ImageObject","inLanguage":"qt","@id":"https:\/\/secure.gravatar.com\/avatar\/392b4cc8fbfeb00b39dfeeab4ee6edded39ffd48e25858637e4765810300227e?s=96&d=mm&r=g","url":"https:\/\/secure.gravatar.com\/avatar\/392b4cc8fbfeb00b39dfeeab4ee6edded39ffd48e25858637e4765810300227e?s=96&d=mm&r=g","contentUrl":"https:\/\/secure.gravatar.com\/avatar\/392b4cc8fbfeb00b39dfeeab4ee6edded39ffd48e25858637e4765810300227e?s=96&d=mm&r=g","caption":"Developer"},"url":"https:\/\/qtmm.org\/qt\/author\/Developer\/"}]}},"_links":{"self":[{"href":"https:\/\/qtmm.org\/qt\/wp-json\/wp\/v2\/posts\/37690","targetHints":{"allow":["GET"]}}],"collection":[{"href":"https:\/\/qtmm.org\/qt\/wp-json\/wp\/v2\/posts"}],"about":[{"href":"https:\/\/qtmm.org\/qt\/wp-json\/wp\/v2\/types\/post"}],"author":[{"embeddable":true,"href":"https:\/\/qtmm.org\/qt\/wp-json\/wp\/v2\/users\/1"}],"replies":[{"embeddable":true,"href":"https:\/\/qtmm.org\/qt\/wp-json\/wp\/v2\/comments?post=37690"}],"version-history":[{"count":1,"href":"https:\/\/qtmm.org\/qt\/wp-json\/wp\/v2\/posts\/37690\/revisions"}],"predecessor-version":[{"id":37691,"href":"https:\/\/qtmm.org\/qt\/wp-json\/wp\/v2\/posts\/37690\/revisions\/37691"}],"wp:attachment":[{"href":"https:\/\/qtmm.org\/qt\/wp-json\/wp\/v2\/media?parent=37690"}],"wp:term":[{"taxonomy":"category","embeddable":true,"href":"https:\/\/qtmm.org\/qt\/wp-json\/wp\/v2\/categories?post=37690"},{"taxonomy":"post_tag","embeddable":true,"href":"https:\/\/qtmm.org\/qt\/wp-json\/wp\/v2\/tags?post=37690"}],"curies":[{"name":"wp","href":"https:\/\/api.w.org\/{rel}","templated":true}]}}