




{"id":37668,"date":"2013-05-21T23:47:00","date_gmt":"2013-05-21T20:47:00","guid":{"rendered":"http:\/\/qtmm.org\/?p=37668"},"modified":"2022-01-23T23:48:57","modified_gmt":"2022-01-23T20:48:57","slug":"avrupa-kirim-kultur-ve-dayanisma-merkezi-bruksel-paris-berlin-den-haag-ve-viyanada-duzenledigi-anma-torenlerinde-kirim-turklerinin-ugradigi-surgun-ve-soykirimi-protesto-etti","status":"publish","type":"post","link":"https:\/\/qtmm.org\/qt\/avrupa-kirim-kultur-ve-dayanisma-merkezi-bruksel-paris-berlin-den-haag-ve-viyanada-duzenledigi-anma-torenlerinde-kirim-turklerinin-ugradigi-surgun-ve-soykirimi-protesto-etti\/","title":{"rendered":"Avrupa K\u0131r\u0131m K\u00fclt\u00fcr ve Dayan\u0131\u015fma Merkezi, Br\u00fcksel, Paris, Berlin, Den Haag ve Viyana\u2019da d\u00fczenledi\u011fi anma t\u00f6renlerinde K\u0131r\u0131m T\u00fcrkleri\u2019nin u\u011frad\u0131\u011f\u0131 s\u00fcrg\u00fcn ve soyk\u0131r\u0131m\u0131 protesto etti"},"content":{"rendered":"\n<p><strong>K\u0131r\u0131mTatar T\u00fcrkleri\u2019nin Ukrayna devletinden talepleri AB\u2019nin ba\u015fkentine ta\u015f\u0131nd\u0131<\/strong><\/p>\n\n\n\n<p>Ba\u015fta Ukrayna\u2019n\u0131n K\u0131r\u0131m Cumhuriyeti olmak \u00fczere Avrupa\u2019da ve T\u00fcrkiye\u2019de, K\u0131r\u0131m T\u00fcrklerinin s\u00fcrg\u00fcne g\u00f6nderili\u015finin 69. y\u0131ld\u00f6n\u00fcm\u00fc b\u00fcy\u00fck bir yasla ve protestolarla an\u0131ld\u0131.Avrupa K\u0131r\u0131m K\u00fclt\u00fcr ve Dayan\u0131\u015fma Merkezi, Br\u00fcksel, Paris, Berlin, Den Haag ve Viyana\u2019da d\u00fczenledi\u011fi &nbsp;anma t\u00f6renlerinde K\u0131r\u0131m T\u00fcrkleri\u2019nin u\u011frad\u0131\u011f\u0131 s\u00fcrg\u00fcn ve soyk\u0131r\u0131m\u0131 protesto etti.<\/p>\n\n\n\n<p>Br\u00fcksel\u2019de Ukranya b\u00fcy\u00fckel\u00e7ili\u011fi \u00f6n\u00fcnde bir araya gelen K\u0131r\u0131m Tatarlar\u0131na, Bel\u00e7ika T\u00fcrk Federasyon Ba\u015fkan\u0131 \u00d6mer Zarars\u0131z, arkada\u015flar\u0131 ile birlikte protesto yerine gelerek destek verdi. Ayn\u0131 \u015fekilde Bel\u00e7ika T\u00fcrk \u0130slam Birli\u011fi Ba\u015fkan\u0131 Cafer Zorlu ve arkada\u015flar\u0131 da protesto ve anmaya destek verirken, K\u0131r\u0131m Kahraman\u0131 Mustafa Cemilo\u011flu\u2019nun resimlerinin ta\u015f\u0131nmas\u0131, K\u0131r\u0131m Cumhurba\u015fkan\u0131 Mogilov\u2019u istifaya davet eden sloganlar, soyk\u0131r\u0131m ve zulm\u00fcn dile getirilmesi dikkatlerden ka\u00e7mad\u0131.<\/p>\n\n\n\n<p><strong>El\u00e7ili\u011fe Mektup Verildi<\/strong><\/p>\n\n\n\n<p>Avrupa K\u0131r\u0131m Tatar K\u00fclt\u00fcr ve Dayan\u0131\u015fma Merkezi\u2019nin giri\u015fimi ile&nbsp; yap\u0131lan g\u00f6steride, Merkez ad\u0131na \u015eahin G\u00f6ksu, Ukranya Cumhuriyeti\u2019nin Br\u00fcksel Ba\u015fkonsolosu Dmytro Vasyliev\u2019e bir &nbsp;mektup vererek, K\u0131r\u0131m Tatarlar\u0131\u2019n\u0131n her zaman hakl\u0131 davalar\u0131n\u0131n yan\u0131nda yer alacaklar\u0131n\u0131 ve s\u00fcrg\u00fcn\u00fc, soyk\u0131r\u0131m\u0131 unutmad\u0131klar\u0131n\u0131, unutturmayacaklar\u0131n\u0131 s\u00f6yledi.<\/p>\n\n\n\n<p>Anma merasiminin ba\u015flamas\u0131yla birlikte B\u00fcy\u00fckel\u00e7ilik mensuplar\u0131 da, Ukranya Cumhuriyeti\u2019nin Br\u00fcksel Ba\u015fkonsolosu Dmytro Vasyliev ile el\u00e7ilik \u00f6n\u00fcne gelerek K\u0131r\u0131m Tatar temsilcileri ile yap\u0131lan dini t\u00f6rene kat\u0131ld\u0131lar.<\/p>\n\n\n\n<p>Ukrayna Cumhuriyeti Br\u00fcksel Ba\u015fkonsolosu Dmytro Vasyliev Ukraynan\u0131n Br\u00fcksel B\u00fcy\u00fckel\u00e7isi ad\u0131na diaspora temsilcilerinin taleplerini yans\u0131tan mektubu ald\u0131. Burada yap\u0131lan sayg\u0131 duru\u015funa kat\u0131lan diplomatlara g\u00f6stericiler \u00e7i\u00e7ekler sundular ve \u2018Ukrayna devleti ile sorunumuz yok. Ancak, Mogilov\u2019u K\u0131r\u0131m\u2019da g\u00f6rmek istemiyoruz\u2019 dediler.<\/p>\n\n\n\n<figure class=\"wp-block-image size-full\"><img loading=\"lazy\" decoding=\"async\" width=\"700\" height=\"463\" src=\"http:\/\/qtmm.org\/wp-content\/uploads\/2022\/01\/k_r_m_demo_bru_ksel_elc_ilik_03_180513.jpeg\" alt=\"\" class=\"wp-image-37673\" srcset=\"https:\/\/qtmm.org\/wp-content\/uploads\/2022\/01\/k_r_m_demo_bru_ksel_elc_ilik_03_180513.jpeg 700w, https:\/\/qtmm.org\/wp-content\/uploads\/2022\/01\/k_r_m_demo_bru_ksel_elc_ilik_03_180513-300x198.jpeg 300w\" sizes=\"auto, (max-width: 700px) 100vw, 700px\" \/><\/figure>\n\n\n\n<p><strong>Bulgar El\u00e7ili\u011finden Elektrik<\/strong><\/p>\n\n\n\n<p><br>Br\u00fcksel\u2019de yap\u0131lan g\u00f6steriye bas\u0131n mensuplar\u0131 b\u00fcy\u00fck bir ilgi g\u00f6sterdi. Avrupa Parlementosu Bas\u0131n Merkezinde K\u0131r\u0131m Tatar Milli Meclisi taraf\u0131ndan d\u00fczenlenen bas\u0131n toplant\u0131s\u0131n\u0131n ard\u0131ndan, matem g\u00fcn\u00fc g\u00f6sterisine Br\u00fcksel bas\u0131n\u0131 b\u00fcy\u00fck bir ilgi g\u00f6sterdi. B\u00dcy\u00fckel\u00e7ilik \u00f6n\u00fcnden naklen yay\u0131n planlayan Kanal Avrupa televizyonu naklen yay\u0131n arac\u0131 elektrik sorunu ya\u015fay\u0131nva imdada Bulgaristan\u2019n\u0131n Br\u00fcksel B\u00fcy\u00fckel\u00e7ili\u011fi yeti\u015fti. Bulgaristan Br\u00fcksel B\u00fcy\u00fckel\u00e7ili\u011fi b\u00fcnyesinde g\u00f6rev yapan Bulgar ilk okulundan naklen yay\u0131n arac\u0131na elektrik \u00e7ekilerek Br\u00fcksel\u2019den Kanal Avrupa\u2019n\u0131n yay\u0131n yapmas\u0131 sa\u011fland\u0131.<\/p>\n\n\n\n<p>El\u00e7ilik \u00f6n\u00fcnde yapt\u0131\u011f\u0131 konu\u015fmada 18 May\u0131s 1944 y\u0131l\u0131nda trenlere doldurulan ve s\u00fcrg\u00fcne g\u00f6nderilen K\u0131r\u0131m Tatar T\u00fcrklerinin hazin hikayisini gen\u00e7 ku\u015faklara anlatmak i\u00e7in gerekeni yapt\u0131klar\u0131n\u0131 s\u00f6yleyen K\u0131r\u0131m Milli Meclisi Almanya Temsilcisi Ahmet \u00d6zay, \u2019\u2019Yok edilmi\u015f bir milletten bahsediyoruz. Yok edilmi\u015f bir vatandan s\u00f6z ediyoruz. Bunu dile getirirken, \u015funu ifade edelim ki, soyda\u015flar\u0131m\u0131z\u0131 yok eden devlet ortada yok. O nedenle \u015fimdi ortada Ukranya devleti var. Ukranya Devleti\u2019nin de ba\u011f\u0131ms\u0131zl\u0131\u011f\u0131n\u0131 tehdit edenler var. Ukranya K\u0131r\u0131m Tatarlar\u0131n\u0131n anavatanlar\u0131na d\u00f6n\u00fc\u015f\u00fcn\u00fc onaylad\u0131. Ancak hala bask\u0131,\u015fiddet,ter\u00f6r estirenlerin varl\u0131\u011f\u0131 s\u00f6z konusu. K\u0131r\u0131m Tatarlar\u0131n\u0131n hakl\u0131 davas\u0131n\u0131 savunmaya devam edece\u011fiz\u2019 dedi.<\/p>\n\n\n\n<p><strong>Milletvekllerinden A\u00e7\u0131klama<\/strong><\/p>\n\n\n\n<p>Ayr\u0131ca, AP Hollanda milletvekili Emine Bozkurt\u2019un K\u0131r\u0131m Milli Meclisine ve Ukrayna makamlar\u0131na hitaben kaleme ald\u0131\u011f\u0131 mektubu g\u00f6stericilere okundu. Bozkurt kaleme ald\u0131\u011f\u0131 a\u00e7\u0131klamada \u00f6zetle \u2018\u2019Avrupa\u2019n\u0131n pek \u00e7ok yerinde ger\u00e7ekle\u015ftirilen K\u0131r\u0131m S\u00fcrg\u00fcn\u00fc\u2019n\u00fc anma etkinli\u011finde sizleri selamlamaktan onur duyuyorum. K\u0131r\u0131m Tatar\u0131 bir ailenin k\u0131z\u0131 olarak her zaman sizlerin yan\u0131nda oldu\u011fumu ve Avrupa Parlamentosu\u2019nda bu konuya dikkat \u00e7ekmek i\u00e7in hep u\u011fra\u015ft\u0131\u011f\u0131m\u0131 hat\u0131rlatmak isterim. K\u0131r\u0131m T\u00fcrkleri, ya\u015fanan t\u00fcm ac\u0131lar\u0131n, kay\u0131plar\u0131n ve s\u00fcrg\u00fcnlerin ard\u0131ndan bug\u00fcn hala varolma m\u00fccadelesi veriyor. Ukrayna\u2019da ve daha pek \u00e7ok \u00fclkede \u2018biz de var\u0131z\u2019 diyebilmek, haklar\u0131n\u0131 savunabilmek i\u00e7in \u00f6rg\u00fctleniyor ve yorulmak bilmiyorlar. K\u0131r\u0131m T\u00fcrklerinin bu \u00e7abalar\u0131 herkes gibi bana da g\u00fc\u00e7 veriyor. \u00d6zellikle Ukrayna\u2019n\u0131n Avrupa Birli\u011fi ile olan ili\u015fkileri \u00e7er\u00e7evesinde insan haklar\u0131na sayg\u0131 konusunda bekledi\u011fimiz \u00e7ok \u015fey var. Ukrayna\u2019ya insan haklar\u0131 konusunda ataca\u011f\u0131 ad\u0131mlarda destek olaca\u011f\u0131m\u0131z\u0131 g\u00f6stermek istiyoruz. Bu hem \u00fclke i\u00e7indeki farkl\u0131 etnik gruplar\u0131n k\u00fclt\u00fcrlerine sayg\u0131 g\u00f6stermeyi gerektiriyor hem de ge\u00e7mi\u015f ile y\u00fczle\u015fmeyi. K\u0131r\u0131m T\u00fcrklerinin \u00e7ektikleri ac\u0131lar kabul edilmeli ki yaralar sar\u0131lmaya ger\u00e7ekten ba\u015flanabilsin\u2018\u2019 g\u00f6r\u00fc\u015f\u00fcne yer verdi. &nbsp;<\/p>\n\n\n\n<p>Alman Parlementosu eski Millet vekillerinden Prof. Dr. Hakk\u0131 Keskin de s\u00fcrg\u00fcn\u00fcn y\u0131ld\u00f6n\u00fcm\u00fc ile alakal\u0131 bir a\u00e7\u0131klama yaparak Avrupa\u2019daki T\u00fcrk milletvekillerinin bu gibi sorunlar\u0131n Avrupa kamuoyuna ta\u015f\u0131nmas\u0131nda aktif olamalar\u0131n\u0131 talep etti. G\u00f6stericiler \u00a0Ukranya B\u00fcy\u00fckel\u00e7ili\u011fi \u00f6n\u00fcne \u00e7i\u00e7ekler konarak g\u00f6steri sonland\u0131r\u0131ld\u0131.\u00a0<\/p>\n\n\n\n<div class=\"wp-block-image\"><figure class=\"aligncenter size-full\"><img loading=\"lazy\" decoding=\"async\" width=\"400\" height=\"755\" src=\"http:\/\/qtmm.org\/wp-content\/uploads\/2022\/01\/k_r_m_demo_viyana_18052013.png\" alt=\"\" class=\"wp-image-37677\" srcset=\"https:\/\/qtmm.org\/wp-content\/uploads\/2022\/01\/k_r_m_demo_viyana_18052013.png 400w, https:\/\/qtmm.org\/wp-content\/uploads\/2022\/01\/k_r_m_demo_viyana_18052013-159x300.png 159w\" sizes=\"auto, (max-width: 400px) 100vw, 400px\" \/><\/figure><\/div>\n\n\n\n<figure class=\"wp-block-image size-full\"><img loading=\"lazy\" decoding=\"async\" width=\"700\" height=\"463\" src=\"http:\/\/qtmm.org\/wp-content\/uploads\/2022\/01\/k_r_m_demo_bru_ksel_elc_ilik_01_180513.jpeg\" alt=\"\" class=\"wp-image-37681\" srcset=\"https:\/\/qtmm.org\/wp-content\/uploads\/2022\/01\/k_r_m_demo_bru_ksel_elc_ilik_01_180513.jpeg 700w, https:\/\/qtmm.org\/wp-content\/uploads\/2022\/01\/k_r_m_demo_bru_ksel_elc_ilik_01_180513-300x198.jpeg 300w\" sizes=\"auto, (max-width: 700px) 100vw, 700px\" \/><\/figure>\n\n\n\n<figure class=\"wp-block-image size-full\"><img loading=\"lazy\" decoding=\"async\" width=\"650\" height=\"379\" src=\"http:\/\/qtmm.org\/wp-content\/uploads\/2022\/01\/k_r_m_demo_bru_ksel_elc_ilik_04_elci_mektup_180513.jpeg\" alt=\"\" class=\"wp-image-37685\" srcset=\"https:\/\/qtmm.org\/wp-content\/uploads\/2022\/01\/k_r_m_demo_bru_ksel_elc_ilik_04_elci_mektup_180513.jpeg 650w, https:\/\/qtmm.org\/wp-content\/uploads\/2022\/01\/k_r_m_demo_bru_ksel_elc_ilik_04_elci_mektup_180513-300x175.jpeg 300w\" sizes=\"auto, (max-width: 650px) 100vw, 650px\" \/><\/figure>\n","protected":false},"excerpt":{"rendered":"<p>K\u0131r\u0131mTatar T\u00fcrkleri\u2019nin Ukrayna devletinden talepleri AB\u2019nin ba\u015fkentine ta\u015f\u0131nd\u0131 Ba\u015fta Ukrayna\u2019n\u0131n K\u0131r\u0131m Cumhuriyeti olmak \u00fczere Avrupa\u2019da ve T\u00fcrkiye\u2019de, K\u0131r\u0131m T\u00fcrklerinin s\u00fcrg\u00fcne g\u00f6nderili\u015finin 69. y\u0131ld\u00f6n\u00fcm\u00fc b\u00fcy\u00fck bir yasla ve protestolarla an\u0131ld\u0131.Avrupa K\u0131r\u0131m K\u00fclt\u00fcr ve Dayan\u0131\u015fma Merkezi, Br\u00fcksel, Paris, Berlin, Den Haag ve Viyana\u2019da d\u00fczenledi\u011fi &nbsp;anma t\u00f6renlerinde K\u0131r\u0131m T\u00fcrkleri\u2019nin u\u011frad\u0131\u011f\u0131 s\u00fcrg\u00fcn ve soyk\u0131r\u0131m\u0131 protesto etti. Br\u00fcksel\u2019de Ukranya b\u00fcy\u00fckel\u00e7ili\u011fi [&hellip;]<\/p>\n","protected":false},"author":1,"featured_media":37669,"comment_status":"open","ping_status":"open","sticky":false,"template":"","format":"standard","meta":{"inline_featured_image":false,"footnotes":""},"categories":[265],"tags":[],"class_list":["post-37668","post","type-post","status-publish","format-standard","has-post-thumbnail","hentry","category-haberler"],"acf":[],"yoast_head":"<!-- This site is optimized with the Yoast SEO plugin v27.4 - https:\/\/yoast.com\/product\/yoast-seo-wordpress\/ -->\n<title>Avrupa K\u0131r\u0131m K\u00fclt\u00fcr ve Dayan\u0131\u015fma Merkezi, Br\u00fcksel, Paris, Berlin, Den Haag ve Viyana\u2019da d\u00fczenledi\u011fi anma t\u00f6renlerinde K\u0131r\u0131m T\u00fcrkleri\u2019nin u\u011frad\u0131\u011f\u0131 s\u00fcrg\u00fcn ve soyk\u0131r\u0131m\u0131 protesto etti - \u041c\u0435\u0434\u0436\u043b\u0456\u0441<\/title>\n<meta name=\"robots\" content=\"index, follow, max-snippet:-1, max-image-preview:large, max-video-preview:-1\" \/>\n<link rel=\"canonical\" href=\"https:\/\/qtmm.org\/qt\/avrupa-kirim-kultur-ve-dayanisma-merkezi-bruksel-paris-berlin-den-haag-ve-viyanada-duzenledigi-anma-torenlerinde-kirim-turklerinin-ugradigi-surgun-ve-soykirimi-protesto-etti\/\" \/>\n<meta property=\"og:locale\" content=\"en_US\" \/>\n<meta property=\"og:type\" content=\"article\" \/>\n<meta property=\"og:title\" content=\"Avrupa K\u0131r\u0131m K\u00fclt\u00fcr ve Dayan\u0131\u015fma Merkezi, Br\u00fcksel, Paris, Berlin, Den Haag ve Viyana\u2019da d\u00fczenledi\u011fi anma t\u00f6renlerinde K\u0131r\u0131m T\u00fcrkleri\u2019nin u\u011frad\u0131\u011f\u0131 s\u00fcrg\u00fcn ve soyk\u0131r\u0131m\u0131 protesto etti - \u041c\u0435\u0434\u0436\u043b\u0456\u0441\" \/>\n<meta property=\"og:description\" content=\"K\u0131r\u0131mTatar T\u00fcrkleri\u2019nin Ukrayna devletinden talepleri AB\u2019nin ba\u015fkentine ta\u015f\u0131nd\u0131 Ba\u015fta Ukrayna\u2019n\u0131n K\u0131r\u0131m Cumhuriyeti olmak \u00fczere Avrupa\u2019da ve T\u00fcrkiye\u2019de, K\u0131r\u0131m T\u00fcrklerinin s\u00fcrg\u00fcne g\u00f6nderili\u015finin 69. y\u0131ld\u00f6n\u00fcm\u00fc b\u00fcy\u00fck bir yasla ve protestolarla an\u0131ld\u0131.Avrupa K\u0131r\u0131m K\u00fclt\u00fcr ve Dayan\u0131\u015fma Merkezi, Br\u00fcksel, Paris, Berlin, Den Haag ve Viyana\u2019da d\u00fczenledi\u011fi &nbsp;anma t\u00f6renlerinde K\u0131r\u0131m T\u00fcrkleri\u2019nin u\u011frad\u0131\u011f\u0131 s\u00fcrg\u00fcn ve soyk\u0131r\u0131m\u0131 protesto etti. Br\u00fcksel\u2019de Ukranya b\u00fcy\u00fckel\u00e7ili\u011fi [&hellip;]\" \/>\n<meta property=\"og:url\" content=\"https:\/\/qtmm.org\/qt\/avrupa-kirim-kultur-ve-dayanisma-merkezi-bruksel-paris-berlin-den-haag-ve-viyanada-duzenledigi-anma-torenlerinde-kirim-turklerinin-ugradigi-surgun-ve-soykirimi-protesto-etti\/\" \/>\n<meta property=\"og:site_name\" content=\"\u041c\u0435\u0434\u0436\u043b\u0456\u0441\" \/>\n<meta property=\"article:publisher\" content=\"https:\/\/www.facebook.com\/qtmm.info\/\" \/>\n<meta property=\"article:published_time\" content=\"2013-05-21T20:47:00+00:00\" \/>\n<meta property=\"article:modified_time\" content=\"2022-01-23T20:48:57+00:00\" \/>\n<meta property=\"og:image\" content=\"https:\/\/qtmm.org\/wp-content\/uploads\/2022\/01\/k_r_m_demo_bru_ksel_elc_ilik_02_180513.jpeg\" \/>\n\t<meta property=\"og:image:width\" content=\"700\" \/>\n\t<meta property=\"og:image:height\" content=\"463\" \/>\n\t<meta property=\"og:image:type\" content=\"image\/jpeg\" \/>\n<meta name=\"author\" content=\"Developer\" \/>\n<meta name=\"twitter:card\" content=\"summary_large_image\" \/>\n<meta name=\"twitter:label1\" content=\"Written by\" \/>\n\t<meta name=\"twitter:data1\" content=\"Developer\" \/>\n\t<meta name=\"twitter:label2\" content=\"Est. reading time\" \/>\n\t<meta name=\"twitter:data2\" content=\"5 minutes\" \/>\n<script type=\"application\/ld+json\" class=\"yoast-schema-graph\">{\"@context\":\"https:\\\/\\\/schema.org\",\"@graph\":[{\"@type\":\"Article\",\"@id\":\"https:\\\/\\\/qtmm.org\\\/qt\\\/avrupa-kirim-kultur-ve-dayanisma-merkezi-bruksel-paris-berlin-den-haag-ve-viyanada-duzenledigi-anma-torenlerinde-kirim-turklerinin-ugradigi-surgun-ve-soykirimi-protesto-etti\\\/#article\",\"isPartOf\":{\"@id\":\"https:\\\/\\\/qtmm.org\\\/qt\\\/avrupa-kirim-kultur-ve-dayanisma-merkezi-bruksel-paris-berlin-den-haag-ve-viyanada-duzenledigi-anma-torenlerinde-kirim-turklerinin-ugradigi-surgun-ve-soykirimi-protesto-etti\\\/\"},\"author\":{\"name\":\"Developer\",\"@id\":\"https:\\\/\\\/qtmm.org\\\/qt\\\/#\\\/schema\\\/person\\\/de562469f971dec226ac06e60bbf74a7\"},\"headline\":\"Avrupa K\u0131r\u0131m K\u00fclt\u00fcr ve Dayan\u0131\u015fma Merkezi, Br\u00fcksel, Paris, Berlin, Den Haag ve Viyana\u2019da d\u00fczenledi\u011fi anma t\u00f6renlerinde K\u0131r\u0131m T\u00fcrkleri\u2019nin u\u011frad\u0131\u011f\u0131 s\u00fcrg\u00fcn ve soyk\u0131r\u0131m\u0131 protesto etti\",\"datePublished\":\"2013-05-21T20:47:00+00:00\",\"dateModified\":\"2022-01-23T20:48:57+00:00\",\"mainEntityOfPage\":{\"@id\":\"https:\\\/\\\/qtmm.org\\\/qt\\\/avrupa-kirim-kultur-ve-dayanisma-merkezi-bruksel-paris-berlin-den-haag-ve-viyanada-duzenledigi-anma-torenlerinde-kirim-turklerinin-ugradigi-surgun-ve-soykirimi-protesto-etti\\\/\"},\"wordCount\":974,\"commentCount\":0,\"publisher\":{\"@id\":\"https:\\\/\\\/qtmm.org\\\/qt\\\/#organization\"},\"image\":{\"@id\":\"https:\\\/\\\/qtmm.org\\\/qt\\\/avrupa-kirim-kultur-ve-dayanisma-merkezi-bruksel-paris-berlin-den-haag-ve-viyanada-duzenledigi-anma-torenlerinde-kirim-turklerinin-ugradigi-surgun-ve-soykirimi-protesto-etti\\\/#primaryimage\"},\"thumbnailUrl\":\"https:\\\/\\\/qtmm.org\\\/wp-content\\\/uploads\\\/2022\\\/01\\\/k_r_m_demo_bru_ksel_elc_ilik_02_180513.jpeg\",\"articleSection\":[\"Haberler\"],\"inLanguage\":\"qt\",\"potentialAction\":[{\"@type\":\"CommentAction\",\"name\":\"Comment\",\"target\":[\"https:\\\/\\\/qtmm.org\\\/qt\\\/avrupa-kirim-kultur-ve-dayanisma-merkezi-bruksel-paris-berlin-den-haag-ve-viyanada-duzenledigi-anma-torenlerinde-kirim-turklerinin-ugradigi-surgun-ve-soykirimi-protesto-etti\\\/#respond\"]}]},{\"@type\":\"WebPage\",\"@id\":\"https:\\\/\\\/qtmm.org\\\/qt\\\/avrupa-kirim-kultur-ve-dayanisma-merkezi-bruksel-paris-berlin-den-haag-ve-viyanada-duzenledigi-anma-torenlerinde-kirim-turklerinin-ugradigi-surgun-ve-soykirimi-protesto-etti\\\/\",\"url\":\"https:\\\/\\\/qtmm.org\\\/qt\\\/avrupa-kirim-kultur-ve-dayanisma-merkezi-bruksel-paris-berlin-den-haag-ve-viyanada-duzenledigi-anma-torenlerinde-kirim-turklerinin-ugradigi-surgun-ve-soykirimi-protesto-etti\\\/\",\"name\":\"Avrupa K\u0131r\u0131m K\u00fclt\u00fcr ve Dayan\u0131\u015fma Merkezi, Br\u00fcksel, Paris, Berlin, Den Haag ve Viyana\u2019da d\u00fczenledi\u011fi anma t\u00f6renlerinde K\u0131r\u0131m T\u00fcrkleri\u2019nin u\u011frad\u0131\u011f\u0131 s\u00fcrg\u00fcn ve soyk\u0131r\u0131m\u0131 protesto etti - \u041c\u0435\u0434\u0436\u043b\u0456\u0441\",\"isPartOf\":{\"@id\":\"https:\\\/\\\/qtmm.org\\\/qt\\\/#website\"},\"primaryImageOfPage\":{\"@id\":\"https:\\\/\\\/qtmm.org\\\/qt\\\/avrupa-kirim-kultur-ve-dayanisma-merkezi-bruksel-paris-berlin-den-haag-ve-viyanada-duzenledigi-anma-torenlerinde-kirim-turklerinin-ugradigi-surgun-ve-soykirimi-protesto-etti\\\/#primaryimage\"},\"image\":{\"@id\":\"https:\\\/\\\/qtmm.org\\\/qt\\\/avrupa-kirim-kultur-ve-dayanisma-merkezi-bruksel-paris-berlin-den-haag-ve-viyanada-duzenledigi-anma-torenlerinde-kirim-turklerinin-ugradigi-surgun-ve-soykirimi-protesto-etti\\\/#primaryimage\"},\"thumbnailUrl\":\"https:\\\/\\\/qtmm.org\\\/wp-content\\\/uploads\\\/2022\\\/01\\\/k_r_m_demo_bru_ksel_elc_ilik_02_180513.jpeg\",\"datePublished\":\"2013-05-21T20:47:00+00:00\",\"dateModified\":\"2022-01-23T20:48:57+00:00\",\"breadcrumb\":{\"@id\":\"https:\\\/\\\/qtmm.org\\\/qt\\\/avrupa-kirim-kultur-ve-dayanisma-merkezi-bruksel-paris-berlin-den-haag-ve-viyanada-duzenledigi-anma-torenlerinde-kirim-turklerinin-ugradigi-surgun-ve-soykirimi-protesto-etti\\\/#breadcrumb\"},\"inLanguage\":\"qt\",\"potentialAction\":[{\"@type\":\"ReadAction\",\"target\":[\"https:\\\/\\\/qtmm.org\\\/qt\\\/avrupa-kirim-kultur-ve-dayanisma-merkezi-bruksel-paris-berlin-den-haag-ve-viyanada-duzenledigi-anma-torenlerinde-kirim-turklerinin-ugradigi-surgun-ve-soykirimi-protesto-etti\\\/\"]}]},{\"@type\":\"ImageObject\",\"inLanguage\":\"qt\",\"@id\":\"https:\\\/\\\/qtmm.org\\\/qt\\\/avrupa-kirim-kultur-ve-dayanisma-merkezi-bruksel-paris-berlin-den-haag-ve-viyanada-duzenledigi-anma-torenlerinde-kirim-turklerinin-ugradigi-surgun-ve-soykirimi-protesto-etti\\\/#primaryimage\",\"url\":\"https:\\\/\\\/qtmm.org\\\/wp-content\\\/uploads\\\/2022\\\/01\\\/k_r_m_demo_bru_ksel_elc_ilik_02_180513.jpeg\",\"contentUrl\":\"https:\\\/\\\/qtmm.org\\\/wp-content\\\/uploads\\\/2022\\\/01\\\/k_r_m_demo_bru_ksel_elc_ilik_02_180513.jpeg\",\"width\":700,\"height\":463},{\"@type\":\"BreadcrumbList\",\"@id\":\"https:\\\/\\\/qtmm.org\\\/qt\\\/avrupa-kirim-kultur-ve-dayanisma-merkezi-bruksel-paris-berlin-den-haag-ve-viyanada-duzenledigi-anma-torenlerinde-kirim-turklerinin-ugradigi-surgun-ve-soykirimi-protesto-etti\\\/#breadcrumb\",\"itemListElement\":[{\"@type\":\"ListItem\",\"position\":1,\"name\":\"\u0413\u043e\u043b\u043e\u0432\u043d\u0430\",\"item\":\"https:\\\/\\\/qtmm.org\\\/qt\\\/\"},{\"@type\":\"ListItem\",\"position\":2,\"name\":\"Avrupa K\u0131r\u0131m K\u00fclt\u00fcr ve Dayan\u0131\u015fma Merkezi, Br\u00fcksel, Paris, Berlin, Den Haag ve Viyana\u2019da d\u00fczenledi\u011fi anma t\u00f6renlerinde K\u0131r\u0131m T\u00fcrkleri\u2019nin u\u011frad\u0131\u011f\u0131 s\u00fcrg\u00fcn ve soyk\u0131r\u0131m\u0131 protesto etti\"}]},{\"@type\":\"WebSite\",\"@id\":\"https:\\\/\\\/qtmm.org\\\/qt\\\/#website\",\"url\":\"https:\\\/\\\/qtmm.org\\\/qt\\\/\",\"name\":\"\u041c\u0435\u0434\u0436\u043b\u0456\u0441\",\"description\":\"\",\"publisher\":{\"@id\":\"https:\\\/\\\/qtmm.org\\\/qt\\\/#organization\"},\"potentialAction\":[{\"@type\":\"SearchAction\",\"target\":{\"@type\":\"EntryPoint\",\"urlTemplate\":\"https:\\\/\\\/qtmm.org\\\/qt\\\/?s={search_term_string}\"},\"query-input\":{\"@type\":\"PropertyValueSpecification\",\"valueRequired\":true,\"valueName\":\"search_term_string\"}}],\"inLanguage\":\"qt\"},{\"@type\":\"Organization\",\"@id\":\"https:\\\/\\\/qtmm.org\\\/qt\\\/#organization\",\"name\":\"\u041c\u0435\u0434\u0436\u043b\u0456\u0441\",\"url\":\"https:\\\/\\\/qtmm.org\\\/qt\\\/\",\"logo\":{\"@type\":\"ImageObject\",\"inLanguage\":\"qt\",\"@id\":\"https:\\\/\\\/qtmm.org\\\/qt\\\/#\\\/schema\\\/logo\\\/image\\\/\",\"url\":\"https:\\\/\\\/qtmm.org\\\/wp-content\\\/uploads\\\/2024\\\/12\\\/ua-mejlis-logo-rgb.svg\",\"contentUrl\":\"https:\\\/\\\/qtmm.org\\\/wp-content\\\/uploads\\\/2024\\\/12\\\/ua-mejlis-logo-rgb.svg\",\"caption\":\"\u041c\u0435\u0434\u0436\u043b\u0456\u0441\"},\"image\":{\"@id\":\"https:\\\/\\\/qtmm.org\\\/qt\\\/#\\\/schema\\\/logo\\\/image\\\/\"},\"sameAs\":[\"https:\\\/\\\/www.facebook.com\\\/qtmm.info\\\/\"]},{\"@type\":\"Person\",\"@id\":\"https:\\\/\\\/qtmm.org\\\/qt\\\/#\\\/schema\\\/person\\\/de562469f971dec226ac06e60bbf74a7\",\"name\":\"Developer\",\"image\":{\"@type\":\"ImageObject\",\"inLanguage\":\"qt\",\"@id\":\"https:\\\/\\\/secure.gravatar.com\\\/avatar\\\/392b4cc8fbfeb00b39dfeeab4ee6edded39ffd48e25858637e4765810300227e?s=96&d=mm&r=g\",\"url\":\"https:\\\/\\\/secure.gravatar.com\\\/avatar\\\/392b4cc8fbfeb00b39dfeeab4ee6edded39ffd48e25858637e4765810300227e?s=96&d=mm&r=g\",\"contentUrl\":\"https:\\\/\\\/secure.gravatar.com\\\/avatar\\\/392b4cc8fbfeb00b39dfeeab4ee6edded39ffd48e25858637e4765810300227e?s=96&d=mm&r=g\",\"caption\":\"Developer\"},\"url\":\"https:\\\/\\\/qtmm.org\\\/qt\\\/author\\\/Developer\\\/\"}]}<\/script>\n<!-- \/ Yoast SEO plugin. -->","yoast_head_json":{"title":"Avrupa K\u0131r\u0131m K\u00fclt\u00fcr ve Dayan\u0131\u015fma Merkezi, Br\u00fcksel, Paris, Berlin, Den Haag ve Viyana\u2019da d\u00fczenledi\u011fi anma t\u00f6renlerinde K\u0131r\u0131m T\u00fcrkleri\u2019nin u\u011frad\u0131\u011f\u0131 s\u00fcrg\u00fcn ve soyk\u0131r\u0131m\u0131 protesto etti - \u041c\u0435\u0434\u0436\u043b\u0456\u0441","robots":{"index":"index","follow":"follow","max-snippet":"max-snippet:-1","max-image-preview":"max-image-preview:large","max-video-preview":"max-video-preview:-1"},"canonical":"https:\/\/qtmm.org\/qt\/avrupa-kirim-kultur-ve-dayanisma-merkezi-bruksel-paris-berlin-den-haag-ve-viyanada-duzenledigi-anma-torenlerinde-kirim-turklerinin-ugradigi-surgun-ve-soykirimi-protesto-etti\/","og_locale":"en_US","og_type":"article","og_title":"Avrupa K\u0131r\u0131m K\u00fclt\u00fcr ve Dayan\u0131\u015fma Merkezi, Br\u00fcksel, Paris, Berlin, Den Haag ve Viyana\u2019da d\u00fczenledi\u011fi anma t\u00f6renlerinde K\u0131r\u0131m T\u00fcrkleri\u2019nin u\u011frad\u0131\u011f\u0131 s\u00fcrg\u00fcn ve soyk\u0131r\u0131m\u0131 protesto etti - \u041c\u0435\u0434\u0436\u043b\u0456\u0441","og_description":"K\u0131r\u0131mTatar T\u00fcrkleri\u2019nin Ukrayna devletinden talepleri AB\u2019nin ba\u015fkentine ta\u015f\u0131nd\u0131 Ba\u015fta Ukrayna\u2019n\u0131n K\u0131r\u0131m Cumhuriyeti olmak \u00fczere Avrupa\u2019da ve T\u00fcrkiye\u2019de, K\u0131r\u0131m T\u00fcrklerinin s\u00fcrg\u00fcne g\u00f6nderili\u015finin 69. y\u0131ld\u00f6n\u00fcm\u00fc b\u00fcy\u00fck bir yasla ve protestolarla an\u0131ld\u0131.Avrupa K\u0131r\u0131m K\u00fclt\u00fcr ve Dayan\u0131\u015fma Merkezi, Br\u00fcksel, Paris, Berlin, Den Haag ve Viyana\u2019da d\u00fczenledi\u011fi &nbsp;anma t\u00f6renlerinde K\u0131r\u0131m T\u00fcrkleri\u2019nin u\u011frad\u0131\u011f\u0131 s\u00fcrg\u00fcn ve soyk\u0131r\u0131m\u0131 protesto etti. Br\u00fcksel\u2019de Ukranya b\u00fcy\u00fckel\u00e7ili\u011fi [&hellip;]","og_url":"https:\/\/qtmm.org\/qt\/avrupa-kirim-kultur-ve-dayanisma-merkezi-bruksel-paris-berlin-den-haag-ve-viyanada-duzenledigi-anma-torenlerinde-kirim-turklerinin-ugradigi-surgun-ve-soykirimi-protesto-etti\/","og_site_name":"\u041c\u0435\u0434\u0436\u043b\u0456\u0441","article_publisher":"https:\/\/www.facebook.com\/qtmm.info\/","article_published_time":"2013-05-21T20:47:00+00:00","article_modified_time":"2022-01-23T20:48:57+00:00","og_image":[{"width":700,"height":463,"url":"https:\/\/qtmm.org\/wp-content\/uploads\/2022\/01\/k_r_m_demo_bru_ksel_elc_ilik_02_180513.jpeg","type":"image\/jpeg"}],"author":"Developer","twitter_card":"summary_large_image","twitter_misc":{"Written by":"Developer","Est. reading time":"5 minutes"},"schema":{"@context":"https:\/\/schema.org","@graph":[{"@type":"Article","@id":"https:\/\/qtmm.org\/qt\/avrupa-kirim-kultur-ve-dayanisma-merkezi-bruksel-paris-berlin-den-haag-ve-viyanada-duzenledigi-anma-torenlerinde-kirim-turklerinin-ugradigi-surgun-ve-soykirimi-protesto-etti\/#article","isPartOf":{"@id":"https:\/\/qtmm.org\/qt\/avrupa-kirim-kultur-ve-dayanisma-merkezi-bruksel-paris-berlin-den-haag-ve-viyanada-duzenledigi-anma-torenlerinde-kirim-turklerinin-ugradigi-surgun-ve-soykirimi-protesto-etti\/"},"author":{"name":"Developer","@id":"https:\/\/qtmm.org\/qt\/#\/schema\/person\/de562469f971dec226ac06e60bbf74a7"},"headline":"Avrupa K\u0131r\u0131m K\u00fclt\u00fcr ve Dayan\u0131\u015fma Merkezi, Br\u00fcksel, Paris, Berlin, Den Haag ve Viyana\u2019da d\u00fczenledi\u011fi anma t\u00f6renlerinde K\u0131r\u0131m T\u00fcrkleri\u2019nin u\u011frad\u0131\u011f\u0131 s\u00fcrg\u00fcn ve soyk\u0131r\u0131m\u0131 protesto etti","datePublished":"2013-05-21T20:47:00+00:00","dateModified":"2022-01-23T20:48:57+00:00","mainEntityOfPage":{"@id":"https:\/\/qtmm.org\/qt\/avrupa-kirim-kultur-ve-dayanisma-merkezi-bruksel-paris-berlin-den-haag-ve-viyanada-duzenledigi-anma-torenlerinde-kirim-turklerinin-ugradigi-surgun-ve-soykirimi-protesto-etti\/"},"wordCount":974,"commentCount":0,"publisher":{"@id":"https:\/\/qtmm.org\/qt\/#organization"},"image":{"@id":"https:\/\/qtmm.org\/qt\/avrupa-kirim-kultur-ve-dayanisma-merkezi-bruksel-paris-berlin-den-haag-ve-viyanada-duzenledigi-anma-torenlerinde-kirim-turklerinin-ugradigi-surgun-ve-soykirimi-protesto-etti\/#primaryimage"},"thumbnailUrl":"https:\/\/qtmm.org\/wp-content\/uploads\/2022\/01\/k_r_m_demo_bru_ksel_elc_ilik_02_180513.jpeg","articleSection":["Haberler"],"inLanguage":"qt","potentialAction":[{"@type":"CommentAction","name":"Comment","target":["https:\/\/qtmm.org\/qt\/avrupa-kirim-kultur-ve-dayanisma-merkezi-bruksel-paris-berlin-den-haag-ve-viyanada-duzenledigi-anma-torenlerinde-kirim-turklerinin-ugradigi-surgun-ve-soykirimi-protesto-etti\/#respond"]}]},{"@type":"WebPage","@id":"https:\/\/qtmm.org\/qt\/avrupa-kirim-kultur-ve-dayanisma-merkezi-bruksel-paris-berlin-den-haag-ve-viyanada-duzenledigi-anma-torenlerinde-kirim-turklerinin-ugradigi-surgun-ve-soykirimi-protesto-etti\/","url":"https:\/\/qtmm.org\/qt\/avrupa-kirim-kultur-ve-dayanisma-merkezi-bruksel-paris-berlin-den-haag-ve-viyanada-duzenledigi-anma-torenlerinde-kirim-turklerinin-ugradigi-surgun-ve-soykirimi-protesto-etti\/","name":"Avrupa K\u0131r\u0131m K\u00fclt\u00fcr ve Dayan\u0131\u015fma Merkezi, Br\u00fcksel, Paris, Berlin, Den Haag ve Viyana\u2019da d\u00fczenledi\u011fi anma t\u00f6renlerinde K\u0131r\u0131m T\u00fcrkleri\u2019nin u\u011frad\u0131\u011f\u0131 s\u00fcrg\u00fcn ve soyk\u0131r\u0131m\u0131 protesto etti - \u041c\u0435\u0434\u0436\u043b\u0456\u0441","isPartOf":{"@id":"https:\/\/qtmm.org\/qt\/#website"},"primaryImageOfPage":{"@id":"https:\/\/qtmm.org\/qt\/avrupa-kirim-kultur-ve-dayanisma-merkezi-bruksel-paris-berlin-den-haag-ve-viyanada-duzenledigi-anma-torenlerinde-kirim-turklerinin-ugradigi-surgun-ve-soykirimi-protesto-etti\/#primaryimage"},"image":{"@id":"https:\/\/qtmm.org\/qt\/avrupa-kirim-kultur-ve-dayanisma-merkezi-bruksel-paris-berlin-den-haag-ve-viyanada-duzenledigi-anma-torenlerinde-kirim-turklerinin-ugradigi-surgun-ve-soykirimi-protesto-etti\/#primaryimage"},"thumbnailUrl":"https:\/\/qtmm.org\/wp-content\/uploads\/2022\/01\/k_r_m_demo_bru_ksel_elc_ilik_02_180513.jpeg","datePublished":"2013-05-21T20:47:00+00:00","dateModified":"2022-01-23T20:48:57+00:00","breadcrumb":{"@id":"https:\/\/qtmm.org\/qt\/avrupa-kirim-kultur-ve-dayanisma-merkezi-bruksel-paris-berlin-den-haag-ve-viyanada-duzenledigi-anma-torenlerinde-kirim-turklerinin-ugradigi-surgun-ve-soykirimi-protesto-etti\/#breadcrumb"},"inLanguage":"qt","potentialAction":[{"@type":"ReadAction","target":["https:\/\/qtmm.org\/qt\/avrupa-kirim-kultur-ve-dayanisma-merkezi-bruksel-paris-berlin-den-haag-ve-viyanada-duzenledigi-anma-torenlerinde-kirim-turklerinin-ugradigi-surgun-ve-soykirimi-protesto-etti\/"]}]},{"@type":"ImageObject","inLanguage":"qt","@id":"https:\/\/qtmm.org\/qt\/avrupa-kirim-kultur-ve-dayanisma-merkezi-bruksel-paris-berlin-den-haag-ve-viyanada-duzenledigi-anma-torenlerinde-kirim-turklerinin-ugradigi-surgun-ve-soykirimi-protesto-etti\/#primaryimage","url":"https:\/\/qtmm.org\/wp-content\/uploads\/2022\/01\/k_r_m_demo_bru_ksel_elc_ilik_02_180513.jpeg","contentUrl":"https:\/\/qtmm.org\/wp-content\/uploads\/2022\/01\/k_r_m_demo_bru_ksel_elc_ilik_02_180513.jpeg","width":700,"height":463},{"@type":"BreadcrumbList","@id":"https:\/\/qtmm.org\/qt\/avrupa-kirim-kultur-ve-dayanisma-merkezi-bruksel-paris-berlin-den-haag-ve-viyanada-duzenledigi-anma-torenlerinde-kirim-turklerinin-ugradigi-surgun-ve-soykirimi-protesto-etti\/#breadcrumb","itemListElement":[{"@type":"ListItem","position":1,"name":"\u0413\u043e\u043b\u043e\u0432\u043d\u0430","item":"https:\/\/qtmm.org\/qt\/"},{"@type":"ListItem","position":2,"name":"Avrupa K\u0131r\u0131m K\u00fclt\u00fcr ve Dayan\u0131\u015fma Merkezi, Br\u00fcksel, Paris, Berlin, Den Haag ve Viyana\u2019da d\u00fczenledi\u011fi anma t\u00f6renlerinde K\u0131r\u0131m T\u00fcrkleri\u2019nin u\u011frad\u0131\u011f\u0131 s\u00fcrg\u00fcn ve soyk\u0131r\u0131m\u0131 protesto etti"}]},{"@type":"WebSite","@id":"https:\/\/qtmm.org\/qt\/#website","url":"https:\/\/qtmm.org\/qt\/","name":"\u041c\u0435\u0434\u0436\u043b\u0456\u0441","description":"","publisher":{"@id":"https:\/\/qtmm.org\/qt\/#organization"},"potentialAction":[{"@type":"SearchAction","target":{"@type":"EntryPoint","urlTemplate":"https:\/\/qtmm.org\/qt\/?s={search_term_string}"},"query-input":{"@type":"PropertyValueSpecification","valueRequired":true,"valueName":"search_term_string"}}],"inLanguage":"qt"},{"@type":"Organization","@id":"https:\/\/qtmm.org\/qt\/#organization","name":"\u041c\u0435\u0434\u0436\u043b\u0456\u0441","url":"https:\/\/qtmm.org\/qt\/","logo":{"@type":"ImageObject","inLanguage":"qt","@id":"https:\/\/qtmm.org\/qt\/#\/schema\/logo\/image\/","url":"https:\/\/qtmm.org\/wp-content\/uploads\/2024\/12\/ua-mejlis-logo-rgb.svg","contentUrl":"https:\/\/qtmm.org\/wp-content\/uploads\/2024\/12\/ua-mejlis-logo-rgb.svg","caption":"\u041c\u0435\u0434\u0436\u043b\u0456\u0441"},"image":{"@id":"https:\/\/qtmm.org\/qt\/#\/schema\/logo\/image\/"},"sameAs":["https:\/\/www.facebook.com\/qtmm.info\/"]},{"@type":"Person","@id":"https:\/\/qtmm.org\/qt\/#\/schema\/person\/de562469f971dec226ac06e60bbf74a7","name":"Developer","image":{"@type":"ImageObject","inLanguage":"qt","@id":"https:\/\/secure.gravatar.com\/avatar\/392b4cc8fbfeb00b39dfeeab4ee6edded39ffd48e25858637e4765810300227e?s=96&d=mm&r=g","url":"https:\/\/secure.gravatar.com\/avatar\/392b4cc8fbfeb00b39dfeeab4ee6edded39ffd48e25858637e4765810300227e?s=96&d=mm&r=g","contentUrl":"https:\/\/secure.gravatar.com\/avatar\/392b4cc8fbfeb00b39dfeeab4ee6edded39ffd48e25858637e4765810300227e?s=96&d=mm&r=g","caption":"Developer"},"url":"https:\/\/qtmm.org\/qt\/author\/Developer\/"}]}},"_links":{"self":[{"href":"https:\/\/qtmm.org\/qt\/wp-json\/wp\/v2\/posts\/37668","targetHints":{"allow":["GET"]}}],"collection":[{"href":"https:\/\/qtmm.org\/qt\/wp-json\/wp\/v2\/posts"}],"about":[{"href":"https:\/\/qtmm.org\/qt\/wp-json\/wp\/v2\/types\/post"}],"author":[{"embeddable":true,"href":"https:\/\/qtmm.org\/qt\/wp-json\/wp\/v2\/users\/1"}],"replies":[{"embeddable":true,"href":"https:\/\/qtmm.org\/qt\/wp-json\/wp\/v2\/comments?post=37668"}],"version-history":[{"count":1,"href":"https:\/\/qtmm.org\/qt\/wp-json\/wp\/v2\/posts\/37668\/revisions"}],"predecessor-version":[{"id":37689,"href":"https:\/\/qtmm.org\/qt\/wp-json\/wp\/v2\/posts\/37668\/revisions\/37689"}],"wp:featuredmedia":[{"embeddable":true,"href":"https:\/\/qtmm.org\/qt\/wp-json\/wp\/v2\/media\/37669"}],"wp:attachment":[{"href":"https:\/\/qtmm.org\/qt\/wp-json\/wp\/v2\/media?parent=37668"}],"wp:term":[{"taxonomy":"category","embeddable":true,"href":"https:\/\/qtmm.org\/qt\/wp-json\/wp\/v2\/categories?post=37668"},{"taxonomy":"post_tag","embeddable":true,"href":"https:\/\/qtmm.org\/qt\/wp-json\/wp\/v2\/tags?post=37668"}],"curies":[{"name":"wp","href":"https:\/\/api.w.org\/{rel}","templated":true}]}}