




{"id":37658,"date":"2013-05-21T23:46:00","date_gmt":"2013-05-21T20:46:00","guid":{"rendered":"http:\/\/qtmm.org\/?p=37658"},"modified":"2022-01-23T23:47:05","modified_gmt":"2022-01-23T20:47:05","slug":"mustafa-cemilev-milliy-ananeler-ve-oz-halqinin-bugunki-vaziyetine-laqayd-qalmagan-er-bir-insannin-rolu-samimiy-tesekkurge-layiqtir","status":"publish","type":"post","link":"https:\/\/qtmm.org\/qt\/mustafa-cemilev-milliy-ananeler-ve-oz-halqinin-bugunki-vaziyetine-laqayd-qalmagan-er-bir-insannin-rolu-samimiy-tesekkurge-layiqtir\/","title":{"rendered":"Mustafa Cemilev: Milliy ananeler ve \u00f6z halq\u0131n\u0131\u00f1 bug\u00fcnki vaziyetine l\u00e2qayd qalma\u011fan er bir insann\u0131\u00f1 rol\u00fc samimiy te\u015fekk\u00fcrge l\u00e2y\u0131qt\u0131r"},"content":{"rendered":"\n<p>Belli ki, er y\u0131l\u0131 may\u0131s ay\u0131 Q\u0131r\u0131mda bir \u00e7oq k\u00fctleviy tedbirlernen tolud\u0131r. Olarn\u0131\u00f1 \u00f6tkerilmesi Q\u0131r\u0131mn\u0131\u00f1 ve q\u0131r\u0131mtatar halq\u0131n\u0131\u00f1 tarih\u0131nen belgilene. Bu tarihiy vaqialar s\u0131ras\u0131na em milliy bayramlar, em halqn\u0131\u00f1 taqdirinde ayr\u0131ca yer tutqan may\u0131s 18 \u2013 s\u00fcrg\u00fcnlik qurbanlar\u0131n\u0131\u00f1 hat\u0131ra k\u00fcn\u00fc kire.<br><br>May\u0131s 20 k\u00fcn\u00fc Meclis reisi Mustafa Cemilevni\u00f1 te\u015febb\u00fcsi ile H\u0131d\u0131rlez bayram\u0131n\u0131 az\u0131rlav ve ke\u00e7ir\u00fcv boyunca Te\u015fkiliy Komiteti taraf\u0131ndan q\u0131r\u0131mtatarlarn\u0131\u00f1 milliy bayram\u0131 H\u0131d\u0131rlezni ve Matem k\u00fcn\u00fc tedbirlerini ke\u00e7ir\u00fcvge isse qo\u015fqan q\u0131r\u0131mtatar i\u015f adamlar\u0131, regional meclislerni\u00f1 reisleri, q\u0131r\u0131mtatar ansambllerini\u00f1 reberleri ve milliy matbuat vastalar\u0131n\u0131\u00f1 yolba\u015f\u00e7\u0131lar\u0131 davet etildiler.<\/p>\n\n\n\n<figure class=\"wp-block-image size-full\"><img loading=\"lazy\" decoding=\"async\" width=\"650\" height=\"300\" src=\"http:\/\/qtmm.org\/wp-content\/uploads\/2022\/01\/1_112.jpeg\" alt=\"\" class=\"wp-image-37659\" srcset=\"https:\/\/qtmm.org\/wp-content\/uploads\/2022\/01\/1_112.jpeg 650w, https:\/\/qtmm.org\/wp-content\/uploads\/2022\/01\/1_112-300x138.jpeg 300w\" sizes=\"auto, (max-width: 650px) 100vw, 650px\" \/><\/figure>\n\n\n\n<p>&#8220;Marakand&#8221; qavesinde ol\u0131p ke\u00e7ken bu k\u00f6r\u00fc\u015f\u00fcvde Q\u0131r\u0131m musulmanlar\u0131n\u0131\u00f1 m\u00fcftisi haci Emirali Ablayev,Meclis reisini\u00f1 birinci muavini Refat \u00c7ubarov, reis muavini Remzi \u0130lyasov ve H\u0131d\u0131rlez bayram\u0131n\u0131 az\u0131rlav ve ke\u00e7ir\u00fcv boyunca Te\u015fkiliy Komitetini\u00f1 reisi Emine Avamileva i\u015ftirak ettiler. H\u0131d\u0131rlez bayram\u0131n\u0131\u00f1 ke\u00e7irilmesine isse qo\u015fqanlar\u011fa Mustafa Cemilev Milliy Meclis ad\u0131ndan Te\u015fekk\u00fcrnameler berdi.<br><br>&#8220;Milliy ananeler ve \u00f6z halq\u0131n\u0131\u00f1 bug\u00fcnki vaziyetine l\u00e2qayd qalma\u011fan er bir insann\u0131\u00f1 rol\u00fc samimiy te\u015fekk\u00fcrge l\u00e2y\u0131qt\u0131r&#8221;, &#8211; dedi Mustafa Cemilev, k\u00f6r\u00fc\u015f\u00fcv i\u015ftirak\u00e7ilerine h\u0131taben. \u2013 Akimiyet taraf\u0131ndan halq\u0131m\u0131zn\u0131\u00f1 as\u0131rl\u0131q adetlerine de\u00f1i\u015fmeler kirsetmek ve insanlarn\u0131 &#8220;alternativ&#8221; bayram\u011fa celp etmek areketlerine baqmadan biz &#8220;\u015eeherezada&#8221; medeniy-eglence merkezi yan\u0131nda \u00f6z k\u00fc\u00e7lerimiznen semede\u015flerimiz ve Q\u0131r\u0131mn\u0131\u00f1 \u00e7e\u015fit milletleri sakinleri i\u00e7\u00fcn k\u00f6lemli, \u015fe\u00f1 bayram ke\u00e7irebildik&#8221;.<\/p>\n\n\n\n<p>Meclis reisi q\u0131r\u0131mtatar halq\u0131 soyq\u0131r\u0131m\u0131 qurbanlar\u0131n\u0131\u00f1 hat\u0131ras\u0131na ba\u011f\u0131\u015flan\u011fan merasimlerni ke\u00e7ir\u00fcv i\u015fine qo\u015fqan isselerni\u00f1 m\u00fcimligi ve emiyetini de ayr\u0131ca qayd etti.<\/p>\n\n\n\n<figure class=\"wp-block-image size-full\"><img loading=\"lazy\" decoding=\"async\" width=\"700\" height=\"525\" src=\"http:\/\/qtmm.org\/wp-content\/uploads\/2022\/01\/img_1796.jpeg\" alt=\"\" class=\"wp-image-37663\" srcset=\"https:\/\/qtmm.org\/wp-content\/uploads\/2022\/01\/img_1796.jpeg 700w, https:\/\/qtmm.org\/wp-content\/uploads\/2022\/01\/img_1796-300x225.jpeg 300w\" sizes=\"auto, (max-width: 700px) 100vw, 700px\" \/><\/figure>\n\n\n\n<p>\u00d6z nevbetinde reisni\u00f1 birinci muavini Refat \u00c7ubarov may\u0131s 6 k\u00fcn\u00fc ke\u00e7irilgen B\u00fct\u00fcnq\u0131r\u0131m H\u0131d\u0131rlez bayram\u0131n\u0131\u00f1 ke\u00e7irilmesine isse qo\u015fqan er bir te\u015fkil\u00e2t ve er bir insann\u0131\u00f1 issesini birer-birer qayd etti. Bular aras\u0131nda &#8220;ATR&#8221; telekanal\u0131 ve &#8220;Elegans&#8221; reklam agentligini\u00f1 informatsion ve reklam destegi, &#8220;Sim-Siti trans&#8221; i &#8220;STK&#8221;(Simferopol transport kompaniyas\u0131)n\u0131\u00f1 naqliye h\u0131zmeti, Ba\u011f\u00e7asaray rayon devlet memuriyeti yolba\u015f\u00e7\u0131lar\u0131 taraf\u0131ndan k\u00f6sterilgen tehnikiy teminat, &#8220;Q\u0131r\u0131m inki\u015faf\u0131 vaquf\u0131&#8221; Hayriye fond\u0131n\u0131\u00f1 kontsert programmas\u0131n\u0131 te\u015fkil et\u00fcvdeki yard\u0131m\u0131, Moskva ve Kiyevdeki q\u0131r\u0131mtatar cemiyetlerini\u00f1 issesidir. Bun\u0131\u00f1 kibi de yerli meclisler ve bayram\u011fa kelgen semetde\u015flerni\u00f1 faaligidir.<\/p>\n\n\n\n<p>\u00c7\u0131q\u0131\u015fta bulun\u011fan i\u015f adamlar\u0131, kollektiv ve i\u015fhane vekilleri qayd ettiler ki, q\u0131r\u0131mtatar halq\u0131n\u0131\u00f1 birligini, milliy adetlerimizni bozma\u011fa istegenler aram\u0131z\u011fa \u015f\u0131na qaqmaq areketlerini quvetldendirgen bir vaq\u0131tta halqqa fayda ketirmek er bir insann\u0131\u00f1 boyun borcud\u0131r.<\/p>\n\n\n\n<p>K\u00f6r\u00fc\u015f\u00fcv i\u015ftirak\u00e7ileri Q\u0131r\u0131mn\u0131\u00f1 ve q\u0131r\u0131mtatar halq\u0131n\u0131\u00f1 \u00e7e\u00e7eklenmesi o\u011frunda ileride yap\u0131lacaq tedbirler husus\u0131nda fikir payla\u015ft\u0131lar.<\/p>\n","protected":false},"excerpt":{"rendered":"<p>Belli ki, er y\u0131l\u0131 may\u0131s ay\u0131 Q\u0131r\u0131mda bir \u00e7oq k\u00fctleviy tedbirlernen tolud\u0131r. Olarn\u0131\u00f1 \u00f6tkerilmesi Q\u0131r\u0131mn\u0131\u00f1 ve q\u0131r\u0131mtatar halq\u0131n\u0131\u00f1 tarih\u0131nen belgilene. Bu tarihiy vaqialar s\u0131ras\u0131na em milliy bayramlar, em halqn\u0131\u00f1 taqdirinde ayr\u0131ca yer tutqan may\u0131s 18 \u2013 s\u00fcrg\u00fcnlik qurbanlar\u0131n\u0131\u00f1 hat\u0131ra k\u00fcn\u00fc kire. May\u0131s 20 k\u00fcn\u00fc Meclis reisi Mustafa Cemilevni\u00f1 te\u015febb\u00fcsi ile H\u0131d\u0131rlez bayram\u0131n\u0131 az\u0131rlav ve ke\u00e7ir\u00fcv [&hellip;]<\/p>\n","protected":false},"author":1,"featured_media":0,"comment_status":"open","ping_status":"open","sticky":false,"template":"","format":"standard","meta":{"inline_featured_image":false,"footnotes":""},"categories":[265],"tags":[],"class_list":["post-37658","post","type-post","status-publish","format-standard","hentry","category-haberler"],"acf":[],"yoast_head":"<!-- This site is optimized with the Yoast SEO plugin v27.4 - https:\/\/yoast.com\/product\/yoast-seo-wordpress\/ -->\n<title>Mustafa Cemilev: Milliy ananeler ve \u00f6z halq\u0131n\u0131\u00f1 bug\u00fcnki vaziyetine l\u00e2qayd qalma\u011fan er bir insann\u0131\u00f1 rol\u00fc samimiy te\u015fekk\u00fcrge l\u00e2y\u0131qt\u0131r - \u041c\u0435\u0434\u0436\u043b\u0456\u0441<\/title>\n<meta name=\"robots\" content=\"index, follow, max-snippet:-1, max-image-preview:large, max-video-preview:-1\" \/>\n<link rel=\"canonical\" href=\"https:\/\/qtmm.org\/qt\/mustafa-cemilev-milliy-ananeler-ve-oz-halqinin-bugunki-vaziyetine-laqayd-qalmagan-er-bir-insannin-rolu-samimiy-tesekkurge-layiqtir\/\" \/>\n<meta property=\"og:locale\" content=\"en_US\" \/>\n<meta property=\"og:type\" content=\"article\" \/>\n<meta property=\"og:title\" content=\"Mustafa Cemilev: Milliy ananeler ve \u00f6z halq\u0131n\u0131\u00f1 bug\u00fcnki vaziyetine l\u00e2qayd qalma\u011fan er bir insann\u0131\u00f1 rol\u00fc samimiy te\u015fekk\u00fcrge l\u00e2y\u0131qt\u0131r - \u041c\u0435\u0434\u0436\u043b\u0456\u0441\" \/>\n<meta property=\"og:description\" content=\"Belli ki, er y\u0131l\u0131 may\u0131s ay\u0131 Q\u0131r\u0131mda bir \u00e7oq k\u00fctleviy tedbirlernen tolud\u0131r. Olarn\u0131\u00f1 \u00f6tkerilmesi Q\u0131r\u0131mn\u0131\u00f1 ve q\u0131r\u0131mtatar halq\u0131n\u0131\u00f1 tarih\u0131nen belgilene. Bu tarihiy vaqialar s\u0131ras\u0131na em milliy bayramlar, em halqn\u0131\u00f1 taqdirinde ayr\u0131ca yer tutqan may\u0131s 18 \u2013 s\u00fcrg\u00fcnlik qurbanlar\u0131n\u0131\u00f1 hat\u0131ra k\u00fcn\u00fc kire. May\u0131s 20 k\u00fcn\u00fc Meclis reisi Mustafa Cemilevni\u00f1 te\u015febb\u00fcsi ile H\u0131d\u0131rlez bayram\u0131n\u0131 az\u0131rlav ve ke\u00e7ir\u00fcv [&hellip;]\" \/>\n<meta property=\"og:url\" content=\"https:\/\/qtmm.org\/qt\/mustafa-cemilev-milliy-ananeler-ve-oz-halqinin-bugunki-vaziyetine-laqayd-qalmagan-er-bir-insannin-rolu-samimiy-tesekkurge-layiqtir\/\" \/>\n<meta property=\"og:site_name\" content=\"\u041c\u0435\u0434\u0436\u043b\u0456\u0441\" \/>\n<meta property=\"article:publisher\" content=\"https:\/\/www.facebook.com\/qtmm.info\/\" \/>\n<meta property=\"article:published_time\" content=\"2013-05-21T20:46:00+00:00\" \/>\n<meta property=\"article:modified_time\" content=\"2022-01-23T20:47:05+00:00\" \/>\n<meta property=\"og:image\" content=\"https:\/\/qtmm.org\/wp-content\/uploads\/2022\/01\/1_112.jpeg\" \/>\n\t<meta property=\"og:image:width\" content=\"650\" \/>\n\t<meta property=\"og:image:height\" content=\"300\" \/>\n\t<meta property=\"og:image:type\" content=\"image\/jpeg\" \/>\n<meta name=\"author\" content=\"Developer\" \/>\n<meta name=\"twitter:card\" content=\"summary_large_image\" \/>\n<meta name=\"twitter:label1\" content=\"Written by\" \/>\n\t<meta name=\"twitter:data1\" content=\"Developer\" \/>\n\t<meta name=\"twitter:label2\" content=\"Est. reading time\" \/>\n\t<meta name=\"twitter:data2\" content=\"3 minutes\" \/>\n<script type=\"application\/ld+json\" class=\"yoast-schema-graph\">{\"@context\":\"https:\\\/\\\/schema.org\",\"@graph\":[{\"@type\":\"Article\",\"@id\":\"https:\\\/\\\/qtmm.org\\\/qt\\\/mustafa-cemilev-milliy-ananeler-ve-oz-halqinin-bugunki-vaziyetine-laqayd-qalmagan-er-bir-insannin-rolu-samimiy-tesekkurge-layiqtir\\\/#article\",\"isPartOf\":{\"@id\":\"https:\\\/\\\/qtmm.org\\\/qt\\\/mustafa-cemilev-milliy-ananeler-ve-oz-halqinin-bugunki-vaziyetine-laqayd-qalmagan-er-bir-insannin-rolu-samimiy-tesekkurge-layiqtir\\\/\"},\"author\":{\"name\":\"Developer\",\"@id\":\"https:\\\/\\\/qtmm.org\\\/qt\\\/#\\\/schema\\\/person\\\/de562469f971dec226ac06e60bbf74a7\"},\"headline\":\"Mustafa Cemilev: Milliy ananeler ve \u00f6z halq\u0131n\u0131\u00f1 bug\u00fcnki vaziyetine l\u00e2qayd qalma\u011fan er bir insann\u0131\u00f1 rol\u00fc samimiy te\u015fekk\u00fcrge l\u00e2y\u0131qt\u0131r\",\"datePublished\":\"2013-05-21T20:46:00+00:00\",\"dateModified\":\"2022-01-23T20:47:05+00:00\",\"mainEntityOfPage\":{\"@id\":\"https:\\\/\\\/qtmm.org\\\/qt\\\/mustafa-cemilev-milliy-ananeler-ve-oz-halqinin-bugunki-vaziyetine-laqayd-qalmagan-er-bir-insannin-rolu-samimiy-tesekkurge-layiqtir\\\/\"},\"wordCount\":541,\"commentCount\":0,\"publisher\":{\"@id\":\"https:\\\/\\\/qtmm.org\\\/qt\\\/#organization\"},\"image\":{\"@id\":\"https:\\\/\\\/qtmm.org\\\/qt\\\/mustafa-cemilev-milliy-ananeler-ve-oz-halqinin-bugunki-vaziyetine-laqayd-qalmagan-er-bir-insannin-rolu-samimiy-tesekkurge-layiqtir\\\/#primaryimage\"},\"thumbnailUrl\":\"http:\\\/\\\/qtmm.org\\\/wp-content\\\/uploads\\\/2022\\\/01\\\/1_112.jpeg\",\"articleSection\":[\"Haberler\"],\"inLanguage\":\"qt\",\"potentialAction\":[{\"@type\":\"CommentAction\",\"name\":\"Comment\",\"target\":[\"https:\\\/\\\/qtmm.org\\\/qt\\\/mustafa-cemilev-milliy-ananeler-ve-oz-halqinin-bugunki-vaziyetine-laqayd-qalmagan-er-bir-insannin-rolu-samimiy-tesekkurge-layiqtir\\\/#respond\"]}]},{\"@type\":\"WebPage\",\"@id\":\"https:\\\/\\\/qtmm.org\\\/qt\\\/mustafa-cemilev-milliy-ananeler-ve-oz-halqinin-bugunki-vaziyetine-laqayd-qalmagan-er-bir-insannin-rolu-samimiy-tesekkurge-layiqtir\\\/\",\"url\":\"https:\\\/\\\/qtmm.org\\\/qt\\\/mustafa-cemilev-milliy-ananeler-ve-oz-halqinin-bugunki-vaziyetine-laqayd-qalmagan-er-bir-insannin-rolu-samimiy-tesekkurge-layiqtir\\\/\",\"name\":\"Mustafa Cemilev: Milliy ananeler ve \u00f6z halq\u0131n\u0131\u00f1 bug\u00fcnki vaziyetine l\u00e2qayd qalma\u011fan er bir insann\u0131\u00f1 rol\u00fc samimiy te\u015fekk\u00fcrge l\u00e2y\u0131qt\u0131r - \u041c\u0435\u0434\u0436\u043b\u0456\u0441\",\"isPartOf\":{\"@id\":\"https:\\\/\\\/qtmm.org\\\/qt\\\/#website\"},\"primaryImageOfPage\":{\"@id\":\"https:\\\/\\\/qtmm.org\\\/qt\\\/mustafa-cemilev-milliy-ananeler-ve-oz-halqinin-bugunki-vaziyetine-laqayd-qalmagan-er-bir-insannin-rolu-samimiy-tesekkurge-layiqtir\\\/#primaryimage\"},\"image\":{\"@id\":\"https:\\\/\\\/qtmm.org\\\/qt\\\/mustafa-cemilev-milliy-ananeler-ve-oz-halqinin-bugunki-vaziyetine-laqayd-qalmagan-er-bir-insannin-rolu-samimiy-tesekkurge-layiqtir\\\/#primaryimage\"},\"thumbnailUrl\":\"http:\\\/\\\/qtmm.org\\\/wp-content\\\/uploads\\\/2022\\\/01\\\/1_112.jpeg\",\"datePublished\":\"2013-05-21T20:46:00+00:00\",\"dateModified\":\"2022-01-23T20:47:05+00:00\",\"breadcrumb\":{\"@id\":\"https:\\\/\\\/qtmm.org\\\/qt\\\/mustafa-cemilev-milliy-ananeler-ve-oz-halqinin-bugunki-vaziyetine-laqayd-qalmagan-er-bir-insannin-rolu-samimiy-tesekkurge-layiqtir\\\/#breadcrumb\"},\"inLanguage\":\"qt\",\"potentialAction\":[{\"@type\":\"ReadAction\",\"target\":[\"https:\\\/\\\/qtmm.org\\\/qt\\\/mustafa-cemilev-milliy-ananeler-ve-oz-halqinin-bugunki-vaziyetine-laqayd-qalmagan-er-bir-insannin-rolu-samimiy-tesekkurge-layiqtir\\\/\"]}]},{\"@type\":\"ImageObject\",\"inLanguage\":\"qt\",\"@id\":\"https:\\\/\\\/qtmm.org\\\/qt\\\/mustafa-cemilev-milliy-ananeler-ve-oz-halqinin-bugunki-vaziyetine-laqayd-qalmagan-er-bir-insannin-rolu-samimiy-tesekkurge-layiqtir\\\/#primaryimage\",\"url\":\"http:\\\/\\\/qtmm.org\\\/wp-content\\\/uploads\\\/2022\\\/01\\\/1_112.jpeg\",\"contentUrl\":\"http:\\\/\\\/qtmm.org\\\/wp-content\\\/uploads\\\/2022\\\/01\\\/1_112.jpeg\"},{\"@type\":\"BreadcrumbList\",\"@id\":\"https:\\\/\\\/qtmm.org\\\/qt\\\/mustafa-cemilev-milliy-ananeler-ve-oz-halqinin-bugunki-vaziyetine-laqayd-qalmagan-er-bir-insannin-rolu-samimiy-tesekkurge-layiqtir\\\/#breadcrumb\",\"itemListElement\":[{\"@type\":\"ListItem\",\"position\":1,\"name\":\"\u0413\u043e\u043b\u043e\u0432\u043d\u0430\",\"item\":\"https:\\\/\\\/qtmm.org\\\/qt\\\/\"},{\"@type\":\"ListItem\",\"position\":2,\"name\":\"Mustafa Cemilev: Milliy ananeler ve \u00f6z halq\u0131n\u0131\u00f1 bug\u00fcnki vaziyetine l\u00e2qayd qalma\u011fan er bir insann\u0131\u00f1 rol\u00fc samimiy te\u015fekk\u00fcrge l\u00e2y\u0131qt\u0131r\"}]},{\"@type\":\"WebSite\",\"@id\":\"https:\\\/\\\/qtmm.org\\\/qt\\\/#website\",\"url\":\"https:\\\/\\\/qtmm.org\\\/qt\\\/\",\"name\":\"\u041c\u0435\u0434\u0436\u043b\u0456\u0441\",\"description\":\"\",\"publisher\":{\"@id\":\"https:\\\/\\\/qtmm.org\\\/qt\\\/#organization\"},\"potentialAction\":[{\"@type\":\"SearchAction\",\"target\":{\"@type\":\"EntryPoint\",\"urlTemplate\":\"https:\\\/\\\/qtmm.org\\\/qt\\\/?s={search_term_string}\"},\"query-input\":{\"@type\":\"PropertyValueSpecification\",\"valueRequired\":true,\"valueName\":\"search_term_string\"}}],\"inLanguage\":\"qt\"},{\"@type\":\"Organization\",\"@id\":\"https:\\\/\\\/qtmm.org\\\/qt\\\/#organization\",\"name\":\"\u041c\u0435\u0434\u0436\u043b\u0456\u0441\",\"url\":\"https:\\\/\\\/qtmm.org\\\/qt\\\/\",\"logo\":{\"@type\":\"ImageObject\",\"inLanguage\":\"qt\",\"@id\":\"https:\\\/\\\/qtmm.org\\\/qt\\\/#\\\/schema\\\/logo\\\/image\\\/\",\"url\":\"https:\\\/\\\/qtmm.org\\\/wp-content\\\/uploads\\\/2024\\\/12\\\/ua-mejlis-logo-rgb.svg\",\"contentUrl\":\"https:\\\/\\\/qtmm.org\\\/wp-content\\\/uploads\\\/2024\\\/12\\\/ua-mejlis-logo-rgb.svg\",\"caption\":\"\u041c\u0435\u0434\u0436\u043b\u0456\u0441\"},\"image\":{\"@id\":\"https:\\\/\\\/qtmm.org\\\/qt\\\/#\\\/schema\\\/logo\\\/image\\\/\"},\"sameAs\":[\"https:\\\/\\\/www.facebook.com\\\/qtmm.info\\\/\"]},{\"@type\":\"Person\",\"@id\":\"https:\\\/\\\/qtmm.org\\\/qt\\\/#\\\/schema\\\/person\\\/de562469f971dec226ac06e60bbf74a7\",\"name\":\"Developer\",\"image\":{\"@type\":\"ImageObject\",\"inLanguage\":\"qt\",\"@id\":\"https:\\\/\\\/secure.gravatar.com\\\/avatar\\\/392b4cc8fbfeb00b39dfeeab4ee6edded39ffd48e25858637e4765810300227e?s=96&d=mm&r=g\",\"url\":\"https:\\\/\\\/secure.gravatar.com\\\/avatar\\\/392b4cc8fbfeb00b39dfeeab4ee6edded39ffd48e25858637e4765810300227e?s=96&d=mm&r=g\",\"contentUrl\":\"https:\\\/\\\/secure.gravatar.com\\\/avatar\\\/392b4cc8fbfeb00b39dfeeab4ee6edded39ffd48e25858637e4765810300227e?s=96&d=mm&r=g\",\"caption\":\"Developer\"},\"url\":\"https:\\\/\\\/qtmm.org\\\/qt\\\/author\\\/Developer\\\/\"}]}<\/script>\n<!-- \/ Yoast SEO plugin. -->","yoast_head_json":{"title":"Mustafa Cemilev: Milliy ananeler ve \u00f6z halq\u0131n\u0131\u00f1 bug\u00fcnki vaziyetine l\u00e2qayd qalma\u011fan er bir insann\u0131\u00f1 rol\u00fc samimiy te\u015fekk\u00fcrge l\u00e2y\u0131qt\u0131r - \u041c\u0435\u0434\u0436\u043b\u0456\u0441","robots":{"index":"index","follow":"follow","max-snippet":"max-snippet:-1","max-image-preview":"max-image-preview:large","max-video-preview":"max-video-preview:-1"},"canonical":"https:\/\/qtmm.org\/qt\/mustafa-cemilev-milliy-ananeler-ve-oz-halqinin-bugunki-vaziyetine-laqayd-qalmagan-er-bir-insannin-rolu-samimiy-tesekkurge-layiqtir\/","og_locale":"en_US","og_type":"article","og_title":"Mustafa Cemilev: Milliy ananeler ve \u00f6z halq\u0131n\u0131\u00f1 bug\u00fcnki vaziyetine l\u00e2qayd qalma\u011fan er bir insann\u0131\u00f1 rol\u00fc samimiy te\u015fekk\u00fcrge l\u00e2y\u0131qt\u0131r - \u041c\u0435\u0434\u0436\u043b\u0456\u0441","og_description":"Belli ki, er y\u0131l\u0131 may\u0131s ay\u0131 Q\u0131r\u0131mda bir \u00e7oq k\u00fctleviy tedbirlernen tolud\u0131r. Olarn\u0131\u00f1 \u00f6tkerilmesi Q\u0131r\u0131mn\u0131\u00f1 ve q\u0131r\u0131mtatar halq\u0131n\u0131\u00f1 tarih\u0131nen belgilene. Bu tarihiy vaqialar s\u0131ras\u0131na em milliy bayramlar, em halqn\u0131\u00f1 taqdirinde ayr\u0131ca yer tutqan may\u0131s 18 \u2013 s\u00fcrg\u00fcnlik qurbanlar\u0131n\u0131\u00f1 hat\u0131ra k\u00fcn\u00fc kire. May\u0131s 20 k\u00fcn\u00fc Meclis reisi Mustafa Cemilevni\u00f1 te\u015febb\u00fcsi ile H\u0131d\u0131rlez bayram\u0131n\u0131 az\u0131rlav ve ke\u00e7ir\u00fcv [&hellip;]","og_url":"https:\/\/qtmm.org\/qt\/mustafa-cemilev-milliy-ananeler-ve-oz-halqinin-bugunki-vaziyetine-laqayd-qalmagan-er-bir-insannin-rolu-samimiy-tesekkurge-layiqtir\/","og_site_name":"\u041c\u0435\u0434\u0436\u043b\u0456\u0441","article_publisher":"https:\/\/www.facebook.com\/qtmm.info\/","article_published_time":"2013-05-21T20:46:00+00:00","article_modified_time":"2022-01-23T20:47:05+00:00","og_image":[{"width":650,"height":300,"url":"https:\/\/qtmm.org\/wp-content\/uploads\/2022\/01\/1_112.jpeg","type":"image\/jpeg"}],"author":"Developer","twitter_card":"summary_large_image","twitter_misc":{"Written by":"Developer","Est. reading time":"3 minutes"},"schema":{"@context":"https:\/\/schema.org","@graph":[{"@type":"Article","@id":"https:\/\/qtmm.org\/qt\/mustafa-cemilev-milliy-ananeler-ve-oz-halqinin-bugunki-vaziyetine-laqayd-qalmagan-er-bir-insannin-rolu-samimiy-tesekkurge-layiqtir\/#article","isPartOf":{"@id":"https:\/\/qtmm.org\/qt\/mustafa-cemilev-milliy-ananeler-ve-oz-halqinin-bugunki-vaziyetine-laqayd-qalmagan-er-bir-insannin-rolu-samimiy-tesekkurge-layiqtir\/"},"author":{"name":"Developer","@id":"https:\/\/qtmm.org\/qt\/#\/schema\/person\/de562469f971dec226ac06e60bbf74a7"},"headline":"Mustafa Cemilev: Milliy ananeler ve \u00f6z halq\u0131n\u0131\u00f1 bug\u00fcnki vaziyetine l\u00e2qayd qalma\u011fan er bir insann\u0131\u00f1 rol\u00fc samimiy te\u015fekk\u00fcrge l\u00e2y\u0131qt\u0131r","datePublished":"2013-05-21T20:46:00+00:00","dateModified":"2022-01-23T20:47:05+00:00","mainEntityOfPage":{"@id":"https:\/\/qtmm.org\/qt\/mustafa-cemilev-milliy-ananeler-ve-oz-halqinin-bugunki-vaziyetine-laqayd-qalmagan-er-bir-insannin-rolu-samimiy-tesekkurge-layiqtir\/"},"wordCount":541,"commentCount":0,"publisher":{"@id":"https:\/\/qtmm.org\/qt\/#organization"},"image":{"@id":"https:\/\/qtmm.org\/qt\/mustafa-cemilev-milliy-ananeler-ve-oz-halqinin-bugunki-vaziyetine-laqayd-qalmagan-er-bir-insannin-rolu-samimiy-tesekkurge-layiqtir\/#primaryimage"},"thumbnailUrl":"http:\/\/qtmm.org\/wp-content\/uploads\/2022\/01\/1_112.jpeg","articleSection":["Haberler"],"inLanguage":"qt","potentialAction":[{"@type":"CommentAction","name":"Comment","target":["https:\/\/qtmm.org\/qt\/mustafa-cemilev-milliy-ananeler-ve-oz-halqinin-bugunki-vaziyetine-laqayd-qalmagan-er-bir-insannin-rolu-samimiy-tesekkurge-layiqtir\/#respond"]}]},{"@type":"WebPage","@id":"https:\/\/qtmm.org\/qt\/mustafa-cemilev-milliy-ananeler-ve-oz-halqinin-bugunki-vaziyetine-laqayd-qalmagan-er-bir-insannin-rolu-samimiy-tesekkurge-layiqtir\/","url":"https:\/\/qtmm.org\/qt\/mustafa-cemilev-milliy-ananeler-ve-oz-halqinin-bugunki-vaziyetine-laqayd-qalmagan-er-bir-insannin-rolu-samimiy-tesekkurge-layiqtir\/","name":"Mustafa Cemilev: Milliy ananeler ve \u00f6z halq\u0131n\u0131\u00f1 bug\u00fcnki vaziyetine l\u00e2qayd qalma\u011fan er bir insann\u0131\u00f1 rol\u00fc samimiy te\u015fekk\u00fcrge l\u00e2y\u0131qt\u0131r - \u041c\u0435\u0434\u0436\u043b\u0456\u0441","isPartOf":{"@id":"https:\/\/qtmm.org\/qt\/#website"},"primaryImageOfPage":{"@id":"https:\/\/qtmm.org\/qt\/mustafa-cemilev-milliy-ananeler-ve-oz-halqinin-bugunki-vaziyetine-laqayd-qalmagan-er-bir-insannin-rolu-samimiy-tesekkurge-layiqtir\/#primaryimage"},"image":{"@id":"https:\/\/qtmm.org\/qt\/mustafa-cemilev-milliy-ananeler-ve-oz-halqinin-bugunki-vaziyetine-laqayd-qalmagan-er-bir-insannin-rolu-samimiy-tesekkurge-layiqtir\/#primaryimage"},"thumbnailUrl":"http:\/\/qtmm.org\/wp-content\/uploads\/2022\/01\/1_112.jpeg","datePublished":"2013-05-21T20:46:00+00:00","dateModified":"2022-01-23T20:47:05+00:00","breadcrumb":{"@id":"https:\/\/qtmm.org\/qt\/mustafa-cemilev-milliy-ananeler-ve-oz-halqinin-bugunki-vaziyetine-laqayd-qalmagan-er-bir-insannin-rolu-samimiy-tesekkurge-layiqtir\/#breadcrumb"},"inLanguage":"qt","potentialAction":[{"@type":"ReadAction","target":["https:\/\/qtmm.org\/qt\/mustafa-cemilev-milliy-ananeler-ve-oz-halqinin-bugunki-vaziyetine-laqayd-qalmagan-er-bir-insannin-rolu-samimiy-tesekkurge-layiqtir\/"]}]},{"@type":"ImageObject","inLanguage":"qt","@id":"https:\/\/qtmm.org\/qt\/mustafa-cemilev-milliy-ananeler-ve-oz-halqinin-bugunki-vaziyetine-laqayd-qalmagan-er-bir-insannin-rolu-samimiy-tesekkurge-layiqtir\/#primaryimage","url":"http:\/\/qtmm.org\/wp-content\/uploads\/2022\/01\/1_112.jpeg","contentUrl":"http:\/\/qtmm.org\/wp-content\/uploads\/2022\/01\/1_112.jpeg"},{"@type":"BreadcrumbList","@id":"https:\/\/qtmm.org\/qt\/mustafa-cemilev-milliy-ananeler-ve-oz-halqinin-bugunki-vaziyetine-laqayd-qalmagan-er-bir-insannin-rolu-samimiy-tesekkurge-layiqtir\/#breadcrumb","itemListElement":[{"@type":"ListItem","position":1,"name":"\u0413\u043e\u043b\u043e\u0432\u043d\u0430","item":"https:\/\/qtmm.org\/qt\/"},{"@type":"ListItem","position":2,"name":"Mustafa Cemilev: Milliy ananeler ve \u00f6z halq\u0131n\u0131\u00f1 bug\u00fcnki vaziyetine l\u00e2qayd qalma\u011fan er bir insann\u0131\u00f1 rol\u00fc samimiy te\u015fekk\u00fcrge l\u00e2y\u0131qt\u0131r"}]},{"@type":"WebSite","@id":"https:\/\/qtmm.org\/qt\/#website","url":"https:\/\/qtmm.org\/qt\/","name":"\u041c\u0435\u0434\u0436\u043b\u0456\u0441","description":"","publisher":{"@id":"https:\/\/qtmm.org\/qt\/#organization"},"potentialAction":[{"@type":"SearchAction","target":{"@type":"EntryPoint","urlTemplate":"https:\/\/qtmm.org\/qt\/?s={search_term_string}"},"query-input":{"@type":"PropertyValueSpecification","valueRequired":true,"valueName":"search_term_string"}}],"inLanguage":"qt"},{"@type":"Organization","@id":"https:\/\/qtmm.org\/qt\/#organization","name":"\u041c\u0435\u0434\u0436\u043b\u0456\u0441","url":"https:\/\/qtmm.org\/qt\/","logo":{"@type":"ImageObject","inLanguage":"qt","@id":"https:\/\/qtmm.org\/qt\/#\/schema\/logo\/image\/","url":"https:\/\/qtmm.org\/wp-content\/uploads\/2024\/12\/ua-mejlis-logo-rgb.svg","contentUrl":"https:\/\/qtmm.org\/wp-content\/uploads\/2024\/12\/ua-mejlis-logo-rgb.svg","caption":"\u041c\u0435\u0434\u0436\u043b\u0456\u0441"},"image":{"@id":"https:\/\/qtmm.org\/qt\/#\/schema\/logo\/image\/"},"sameAs":["https:\/\/www.facebook.com\/qtmm.info\/"]},{"@type":"Person","@id":"https:\/\/qtmm.org\/qt\/#\/schema\/person\/de562469f971dec226ac06e60bbf74a7","name":"Developer","image":{"@type":"ImageObject","inLanguage":"qt","@id":"https:\/\/secure.gravatar.com\/avatar\/392b4cc8fbfeb00b39dfeeab4ee6edded39ffd48e25858637e4765810300227e?s=96&d=mm&r=g","url":"https:\/\/secure.gravatar.com\/avatar\/392b4cc8fbfeb00b39dfeeab4ee6edded39ffd48e25858637e4765810300227e?s=96&d=mm&r=g","contentUrl":"https:\/\/secure.gravatar.com\/avatar\/392b4cc8fbfeb00b39dfeeab4ee6edded39ffd48e25858637e4765810300227e?s=96&d=mm&r=g","caption":"Developer"},"url":"https:\/\/qtmm.org\/qt\/author\/Developer\/"}]}},"_links":{"self":[{"href":"https:\/\/qtmm.org\/qt\/wp-json\/wp\/v2\/posts\/37658","targetHints":{"allow":["GET"]}}],"collection":[{"href":"https:\/\/qtmm.org\/qt\/wp-json\/wp\/v2\/posts"}],"about":[{"href":"https:\/\/qtmm.org\/qt\/wp-json\/wp\/v2\/types\/post"}],"author":[{"embeddable":true,"href":"https:\/\/qtmm.org\/qt\/wp-json\/wp\/v2\/users\/1"}],"replies":[{"embeddable":true,"href":"https:\/\/qtmm.org\/qt\/wp-json\/wp\/v2\/comments?post=37658"}],"version-history":[{"count":1,"href":"https:\/\/qtmm.org\/qt\/wp-json\/wp\/v2\/posts\/37658\/revisions"}],"predecessor-version":[{"id":37667,"href":"https:\/\/qtmm.org\/qt\/wp-json\/wp\/v2\/posts\/37658\/revisions\/37667"}],"wp:attachment":[{"href":"https:\/\/qtmm.org\/qt\/wp-json\/wp\/v2\/media?parent=37658"}],"wp:term":[{"taxonomy":"category","embeddable":true,"href":"https:\/\/qtmm.org\/qt\/wp-json\/wp\/v2\/categories?post=37658"},{"taxonomy":"post_tag","embeddable":true,"href":"https:\/\/qtmm.org\/qt\/wp-json\/wp\/v2\/tags?post=37658"}],"curies":[{"name":"wp","href":"https:\/\/api.w.org\/{rel}","templated":true}]}}