




{"id":37652,"date":"2013-05-21T23:45:00","date_gmt":"2013-05-21T20:45:00","guid":{"rendered":"http:\/\/qtmm.org\/?p=37652"},"modified":"2022-01-23T23:45:59","modified_gmt":"2022-01-23T20:45:59","slug":"biskekte-stalin-surgunligi-qurbanlarini-andilar","status":"publish","type":"post","link":"https:\/\/qtmm.org\/qt\/biskekte-stalin-surgunligi-qurbanlarini-andilar\/","title":{"rendered":"Bi\u015fkekte stalin s\u00fcrg\u00fcnligi qurbanlar\u0131n\u0131 a\u00f1d\u0131lar"},"content":{"rendered":"\n<p>2013 senesi may\u0131s 18 \u2013 q\u0131r\u0131mtatar halq\u0131 i\u00e7\u00fcn matem k\u00fcn\u00fcnde Bi\u015fkekteki Alar\u00e7\u0131n mezarl\u0131\u011f\u0131nda q\u0131r\u0131mtatar diasporas\u0131 vekilleri toplan\u0131p, s\u00fcrg\u00fcnlik qurbanlar\u0131n\u0131\u00f1 ruhuna dua oqud\u0131lar.<\/p>\n\n\n\n<p>Bu aqta Q\u0131r\u011f\u0131zstan q\u0131r\u0131mtatar diasporas\u0131n\u0131\u00f1 vekili Enver Atamanov haber etti.<\/p>\n\n\n\n<p>Dua oqul\u011fan so\u00f1 s\u00fcrg\u00fcnlikni ba\u015f\u0131ndan ke\u00e7irgen qartlar ya\u015flar\u011fa o de\u015fetli k\u00fcnler, q\u0131r\u0131mtatarlarn\u0131\u00f1 s\u00fcrg\u00fcnlik yerlerinde \u00e7ekken azaplar\u0131 aqq\u0131nda ik\u00e2ye ettiler.<\/p>\n","protected":false},"excerpt":{"rendered":"<p>2013 senesi may\u0131s 18 \u2013 q\u0131r\u0131mtatar halq\u0131 i\u00e7\u00fcn matem k\u00fcn\u00fcnde Bi\u015fkekteki Alar\u00e7\u0131n mezarl\u0131\u011f\u0131nda q\u0131r\u0131mtatar diasporas\u0131 vekilleri toplan\u0131p, s\u00fcrg\u00fcnlik qurbanlar\u0131n\u0131\u00f1 ruhuna dua oqud\u0131lar. Bu aqta Q\u0131r\u011f\u0131zstan q\u0131r\u0131mtatar diasporas\u0131n\u0131\u00f1 vekili Enver Atamanov haber etti. Dua oqul\u011fan so\u00f1 s\u00fcrg\u00fcnlikni ba\u015f\u0131ndan ke\u00e7irgen qartlar ya\u015flar\u011fa o de\u015fetli k\u00fcnler, q\u0131r\u0131mtatarlarn\u0131\u00f1 s\u00fcrg\u00fcnlik yerlerinde \u00e7ekken azaplar\u0131 aqq\u0131nda ik\u00e2ye ettiler.<\/p>\n","protected":false},"author":1,"featured_media":37653,"comment_status":"open","ping_status":"open","sticky":false,"template":"","format":"standard","meta":{"inline_featured_image":false,"footnotes":""},"categories":[265],"tags":[],"class_list":["post-37652","post","type-post","status-publish","format-standard","has-post-thumbnail","hentry","category-haberler"],"acf":[],"yoast_head":"<!-- This site is optimized with the Yoast SEO plugin v27.4 - https:\/\/yoast.com\/product\/yoast-seo-wordpress\/ -->\n<title>Bi\u015fkekte stalin s\u00fcrg\u00fcnligi qurbanlar\u0131n\u0131 a\u00f1d\u0131lar - \u041c\u0435\u0434\u0436\u043b\u0456\u0441<\/title>\n<meta name=\"robots\" content=\"index, follow, max-snippet:-1, max-image-preview:large, max-video-preview:-1\" \/>\n<link rel=\"canonical\" href=\"https:\/\/qtmm.org\/qt\/biskekte-stalin-surgunligi-qurbanlarini-andilar\/\" \/>\n<meta property=\"og:locale\" content=\"en_US\" \/>\n<meta property=\"og:type\" content=\"article\" \/>\n<meta property=\"og:title\" content=\"Bi\u015fkekte stalin s\u00fcrg\u00fcnligi qurbanlar\u0131n\u0131 a\u00f1d\u0131lar - \u041c\u0435\u0434\u0436\u043b\u0456\u0441\" \/>\n<meta property=\"og:description\" content=\"2013 senesi may\u0131s 18 \u2013 q\u0131r\u0131mtatar halq\u0131 i\u00e7\u00fcn matem k\u00fcn\u00fcnde Bi\u015fkekteki Alar\u00e7\u0131n mezarl\u0131\u011f\u0131nda q\u0131r\u0131mtatar diasporas\u0131 vekilleri toplan\u0131p, s\u00fcrg\u00fcnlik qurbanlar\u0131n\u0131\u00f1 ruhuna dua oqud\u0131lar. Bu aqta Q\u0131r\u011f\u0131zstan q\u0131r\u0131mtatar diasporas\u0131n\u0131\u00f1 vekili Enver Atamanov haber etti. Dua oqul\u011fan so\u00f1 s\u00fcrg\u00fcnlikni ba\u015f\u0131ndan ke\u00e7irgen qartlar ya\u015flar\u011fa o de\u015fetli k\u00fcnler, q\u0131r\u0131mtatarlarn\u0131\u00f1 s\u00fcrg\u00fcnlik yerlerinde \u00e7ekken azaplar\u0131 aqq\u0131nda ik\u00e2ye ettiler.\" \/>\n<meta property=\"og:url\" content=\"https:\/\/qtmm.org\/qt\/biskekte-stalin-surgunligi-qurbanlarini-andilar\/\" \/>\n<meta property=\"og:site_name\" content=\"\u041c\u0435\u0434\u0436\u043b\u0456\u0441\" \/>\n<meta property=\"article:publisher\" content=\"https:\/\/www.facebook.com\/qtmm.info\/\" \/>\n<meta property=\"article:published_time\" content=\"2013-05-21T20:45:00+00:00\" \/>\n<meta property=\"article:modified_time\" content=\"2022-01-23T20:45:59+00:00\" \/>\n<meta property=\"og:image\" content=\"https:\/\/qtmm.org\/wp-content\/uploads\/2022\/01\/img_0941.jpeg\" \/>\n\t<meta property=\"og:image:width\" content=\"700\" \/>\n\t<meta property=\"og:image:height\" content=\"525\" \/>\n\t<meta property=\"og:image:type\" content=\"image\/jpeg\" \/>\n<meta name=\"author\" content=\"Developer\" \/>\n<meta name=\"twitter:card\" content=\"summary_large_image\" \/>\n<meta name=\"twitter:label1\" content=\"Written by\" \/>\n\t<meta name=\"twitter:data1\" content=\"Developer\" \/>\n<script type=\"application\/ld+json\" class=\"yoast-schema-graph\">{\"@context\":\"https:\\\/\\\/schema.org\",\"@graph\":[{\"@type\":\"Article\",\"@id\":\"https:\\\/\\\/qtmm.org\\\/qt\\\/biskekte-stalin-surgunligi-qurbanlarini-andilar\\\/#article\",\"isPartOf\":{\"@id\":\"https:\\\/\\\/qtmm.org\\\/qt\\\/biskekte-stalin-surgunligi-qurbanlarini-andilar\\\/\"},\"author\":{\"name\":\"Developer\",\"@id\":\"https:\\\/\\\/qtmm.org\\\/qt\\\/#\\\/schema\\\/person\\\/de562469f971dec226ac06e60bbf74a7\"},\"headline\":\"Bi\u015fkekte stalin s\u00fcrg\u00fcnligi qurbanlar\u0131n\u0131 a\u00f1d\u0131lar\",\"datePublished\":\"2013-05-21T20:45:00+00:00\",\"dateModified\":\"2022-01-23T20:45:59+00:00\",\"mainEntityOfPage\":{\"@id\":\"https:\\\/\\\/qtmm.org\\\/qt\\\/biskekte-stalin-surgunligi-qurbanlarini-andilar\\\/\"},\"wordCount\":95,\"commentCount\":0,\"publisher\":{\"@id\":\"https:\\\/\\\/qtmm.org\\\/qt\\\/#organization\"},\"image\":{\"@id\":\"https:\\\/\\\/qtmm.org\\\/qt\\\/biskekte-stalin-surgunligi-qurbanlarini-andilar\\\/#primaryimage\"},\"thumbnailUrl\":\"https:\\\/\\\/qtmm.org\\\/wp-content\\\/uploads\\\/2022\\\/01\\\/img_0941.jpeg\",\"articleSection\":[\"Haberler\"],\"inLanguage\":\"qt\",\"potentialAction\":[{\"@type\":\"CommentAction\",\"name\":\"Comment\",\"target\":[\"https:\\\/\\\/qtmm.org\\\/qt\\\/biskekte-stalin-surgunligi-qurbanlarini-andilar\\\/#respond\"]}]},{\"@type\":\"WebPage\",\"@id\":\"https:\\\/\\\/qtmm.org\\\/qt\\\/biskekte-stalin-surgunligi-qurbanlarini-andilar\\\/\",\"url\":\"https:\\\/\\\/qtmm.org\\\/qt\\\/biskekte-stalin-surgunligi-qurbanlarini-andilar\\\/\",\"name\":\"Bi\u015fkekte stalin s\u00fcrg\u00fcnligi qurbanlar\u0131n\u0131 a\u00f1d\u0131lar - \u041c\u0435\u0434\u0436\u043b\u0456\u0441\",\"isPartOf\":{\"@id\":\"https:\\\/\\\/qtmm.org\\\/qt\\\/#website\"},\"primaryImageOfPage\":{\"@id\":\"https:\\\/\\\/qtmm.org\\\/qt\\\/biskekte-stalin-surgunligi-qurbanlarini-andilar\\\/#primaryimage\"},\"image\":{\"@id\":\"https:\\\/\\\/qtmm.org\\\/qt\\\/biskekte-stalin-surgunligi-qurbanlarini-andilar\\\/#primaryimage\"},\"thumbnailUrl\":\"https:\\\/\\\/qtmm.org\\\/wp-content\\\/uploads\\\/2022\\\/01\\\/img_0941.jpeg\",\"datePublished\":\"2013-05-21T20:45:00+00:00\",\"dateModified\":\"2022-01-23T20:45:59+00:00\",\"breadcrumb\":{\"@id\":\"https:\\\/\\\/qtmm.org\\\/qt\\\/biskekte-stalin-surgunligi-qurbanlarini-andilar\\\/#breadcrumb\"},\"inLanguage\":\"qt\",\"potentialAction\":[{\"@type\":\"ReadAction\",\"target\":[\"https:\\\/\\\/qtmm.org\\\/qt\\\/biskekte-stalin-surgunligi-qurbanlarini-andilar\\\/\"]}]},{\"@type\":\"ImageObject\",\"inLanguage\":\"qt\",\"@id\":\"https:\\\/\\\/qtmm.org\\\/qt\\\/biskekte-stalin-surgunligi-qurbanlarini-andilar\\\/#primaryimage\",\"url\":\"https:\\\/\\\/qtmm.org\\\/wp-content\\\/uploads\\\/2022\\\/01\\\/img_0941.jpeg\",\"contentUrl\":\"https:\\\/\\\/qtmm.org\\\/wp-content\\\/uploads\\\/2022\\\/01\\\/img_0941.jpeg\",\"width\":700,\"height\":525},{\"@type\":\"BreadcrumbList\",\"@id\":\"https:\\\/\\\/qtmm.org\\\/qt\\\/biskekte-stalin-surgunligi-qurbanlarini-andilar\\\/#breadcrumb\",\"itemListElement\":[{\"@type\":\"ListItem\",\"position\":1,\"name\":\"\u0413\u043e\u043b\u043e\u0432\u043d\u0430\",\"item\":\"https:\\\/\\\/qtmm.org\\\/qt\\\/\"},{\"@type\":\"ListItem\",\"position\":2,\"name\":\"Bi\u015fkekte stalin s\u00fcrg\u00fcnligi qurbanlar\u0131n\u0131 a\u00f1d\u0131lar\"}]},{\"@type\":\"WebSite\",\"@id\":\"https:\\\/\\\/qtmm.org\\\/qt\\\/#website\",\"url\":\"https:\\\/\\\/qtmm.org\\\/qt\\\/\",\"name\":\"\u041c\u0435\u0434\u0436\u043b\u0456\u0441\",\"description\":\"\",\"publisher\":{\"@id\":\"https:\\\/\\\/qtmm.org\\\/qt\\\/#organization\"},\"potentialAction\":[{\"@type\":\"SearchAction\",\"target\":{\"@type\":\"EntryPoint\",\"urlTemplate\":\"https:\\\/\\\/qtmm.org\\\/qt\\\/?s={search_term_string}\"},\"query-input\":{\"@type\":\"PropertyValueSpecification\",\"valueRequired\":true,\"valueName\":\"search_term_string\"}}],\"inLanguage\":\"qt\"},{\"@type\":\"Organization\",\"@id\":\"https:\\\/\\\/qtmm.org\\\/qt\\\/#organization\",\"name\":\"\u041c\u0435\u0434\u0436\u043b\u0456\u0441\",\"url\":\"https:\\\/\\\/qtmm.org\\\/qt\\\/\",\"logo\":{\"@type\":\"ImageObject\",\"inLanguage\":\"qt\",\"@id\":\"https:\\\/\\\/qtmm.org\\\/qt\\\/#\\\/schema\\\/logo\\\/image\\\/\",\"url\":\"https:\\\/\\\/qtmm.org\\\/wp-content\\\/uploads\\\/2024\\\/12\\\/ua-mejlis-logo-rgb.svg\",\"contentUrl\":\"https:\\\/\\\/qtmm.org\\\/wp-content\\\/uploads\\\/2024\\\/12\\\/ua-mejlis-logo-rgb.svg\",\"caption\":\"\u041c\u0435\u0434\u0436\u043b\u0456\u0441\"},\"image\":{\"@id\":\"https:\\\/\\\/qtmm.org\\\/qt\\\/#\\\/schema\\\/logo\\\/image\\\/\"},\"sameAs\":[\"https:\\\/\\\/www.facebook.com\\\/qtmm.info\\\/\"]},{\"@type\":\"Person\",\"@id\":\"https:\\\/\\\/qtmm.org\\\/qt\\\/#\\\/schema\\\/person\\\/de562469f971dec226ac06e60bbf74a7\",\"name\":\"Developer\",\"image\":{\"@type\":\"ImageObject\",\"inLanguage\":\"qt\",\"@id\":\"https:\\\/\\\/secure.gravatar.com\\\/avatar\\\/392b4cc8fbfeb00b39dfeeab4ee6edded39ffd48e25858637e4765810300227e?s=96&d=mm&r=g\",\"url\":\"https:\\\/\\\/secure.gravatar.com\\\/avatar\\\/392b4cc8fbfeb00b39dfeeab4ee6edded39ffd48e25858637e4765810300227e?s=96&d=mm&r=g\",\"contentUrl\":\"https:\\\/\\\/secure.gravatar.com\\\/avatar\\\/392b4cc8fbfeb00b39dfeeab4ee6edded39ffd48e25858637e4765810300227e?s=96&d=mm&r=g\",\"caption\":\"Developer\"},\"url\":\"https:\\\/\\\/qtmm.org\\\/qt\\\/author\\\/Developer\\\/\"}]}<\/script>\n<!-- \/ Yoast SEO plugin. -->","yoast_head_json":{"title":"Bi\u015fkekte stalin s\u00fcrg\u00fcnligi qurbanlar\u0131n\u0131 a\u00f1d\u0131lar - \u041c\u0435\u0434\u0436\u043b\u0456\u0441","robots":{"index":"index","follow":"follow","max-snippet":"max-snippet:-1","max-image-preview":"max-image-preview:large","max-video-preview":"max-video-preview:-1"},"canonical":"https:\/\/qtmm.org\/qt\/biskekte-stalin-surgunligi-qurbanlarini-andilar\/","og_locale":"en_US","og_type":"article","og_title":"Bi\u015fkekte stalin s\u00fcrg\u00fcnligi qurbanlar\u0131n\u0131 a\u00f1d\u0131lar - \u041c\u0435\u0434\u0436\u043b\u0456\u0441","og_description":"2013 senesi may\u0131s 18 \u2013 q\u0131r\u0131mtatar halq\u0131 i\u00e7\u00fcn matem k\u00fcn\u00fcnde Bi\u015fkekteki Alar\u00e7\u0131n mezarl\u0131\u011f\u0131nda q\u0131r\u0131mtatar diasporas\u0131 vekilleri toplan\u0131p, s\u00fcrg\u00fcnlik qurbanlar\u0131n\u0131\u00f1 ruhuna dua oqud\u0131lar. Bu aqta Q\u0131r\u011f\u0131zstan q\u0131r\u0131mtatar diasporas\u0131n\u0131\u00f1 vekili Enver Atamanov haber etti. Dua oqul\u011fan so\u00f1 s\u00fcrg\u00fcnlikni ba\u015f\u0131ndan ke\u00e7irgen qartlar ya\u015flar\u011fa o de\u015fetli k\u00fcnler, q\u0131r\u0131mtatarlarn\u0131\u00f1 s\u00fcrg\u00fcnlik yerlerinde \u00e7ekken azaplar\u0131 aqq\u0131nda ik\u00e2ye ettiler.","og_url":"https:\/\/qtmm.org\/qt\/biskekte-stalin-surgunligi-qurbanlarini-andilar\/","og_site_name":"\u041c\u0435\u0434\u0436\u043b\u0456\u0441","article_publisher":"https:\/\/www.facebook.com\/qtmm.info\/","article_published_time":"2013-05-21T20:45:00+00:00","article_modified_time":"2022-01-23T20:45:59+00:00","og_image":[{"width":700,"height":525,"url":"https:\/\/qtmm.org\/wp-content\/uploads\/2022\/01\/img_0941.jpeg","type":"image\/jpeg"}],"author":"Developer","twitter_card":"summary_large_image","twitter_misc":{"Written by":"Developer"},"schema":{"@context":"https:\/\/schema.org","@graph":[{"@type":"Article","@id":"https:\/\/qtmm.org\/qt\/biskekte-stalin-surgunligi-qurbanlarini-andilar\/#article","isPartOf":{"@id":"https:\/\/qtmm.org\/qt\/biskekte-stalin-surgunligi-qurbanlarini-andilar\/"},"author":{"name":"Developer","@id":"https:\/\/qtmm.org\/qt\/#\/schema\/person\/de562469f971dec226ac06e60bbf74a7"},"headline":"Bi\u015fkekte stalin s\u00fcrg\u00fcnligi qurbanlar\u0131n\u0131 a\u00f1d\u0131lar","datePublished":"2013-05-21T20:45:00+00:00","dateModified":"2022-01-23T20:45:59+00:00","mainEntityOfPage":{"@id":"https:\/\/qtmm.org\/qt\/biskekte-stalin-surgunligi-qurbanlarini-andilar\/"},"wordCount":95,"commentCount":0,"publisher":{"@id":"https:\/\/qtmm.org\/qt\/#organization"},"image":{"@id":"https:\/\/qtmm.org\/qt\/biskekte-stalin-surgunligi-qurbanlarini-andilar\/#primaryimage"},"thumbnailUrl":"https:\/\/qtmm.org\/wp-content\/uploads\/2022\/01\/img_0941.jpeg","articleSection":["Haberler"],"inLanguage":"qt","potentialAction":[{"@type":"CommentAction","name":"Comment","target":["https:\/\/qtmm.org\/qt\/biskekte-stalin-surgunligi-qurbanlarini-andilar\/#respond"]}]},{"@type":"WebPage","@id":"https:\/\/qtmm.org\/qt\/biskekte-stalin-surgunligi-qurbanlarini-andilar\/","url":"https:\/\/qtmm.org\/qt\/biskekte-stalin-surgunligi-qurbanlarini-andilar\/","name":"Bi\u015fkekte stalin s\u00fcrg\u00fcnligi qurbanlar\u0131n\u0131 a\u00f1d\u0131lar - \u041c\u0435\u0434\u0436\u043b\u0456\u0441","isPartOf":{"@id":"https:\/\/qtmm.org\/qt\/#website"},"primaryImageOfPage":{"@id":"https:\/\/qtmm.org\/qt\/biskekte-stalin-surgunligi-qurbanlarini-andilar\/#primaryimage"},"image":{"@id":"https:\/\/qtmm.org\/qt\/biskekte-stalin-surgunligi-qurbanlarini-andilar\/#primaryimage"},"thumbnailUrl":"https:\/\/qtmm.org\/wp-content\/uploads\/2022\/01\/img_0941.jpeg","datePublished":"2013-05-21T20:45:00+00:00","dateModified":"2022-01-23T20:45:59+00:00","breadcrumb":{"@id":"https:\/\/qtmm.org\/qt\/biskekte-stalin-surgunligi-qurbanlarini-andilar\/#breadcrumb"},"inLanguage":"qt","potentialAction":[{"@type":"ReadAction","target":["https:\/\/qtmm.org\/qt\/biskekte-stalin-surgunligi-qurbanlarini-andilar\/"]}]},{"@type":"ImageObject","inLanguage":"qt","@id":"https:\/\/qtmm.org\/qt\/biskekte-stalin-surgunligi-qurbanlarini-andilar\/#primaryimage","url":"https:\/\/qtmm.org\/wp-content\/uploads\/2022\/01\/img_0941.jpeg","contentUrl":"https:\/\/qtmm.org\/wp-content\/uploads\/2022\/01\/img_0941.jpeg","width":700,"height":525},{"@type":"BreadcrumbList","@id":"https:\/\/qtmm.org\/qt\/biskekte-stalin-surgunligi-qurbanlarini-andilar\/#breadcrumb","itemListElement":[{"@type":"ListItem","position":1,"name":"\u0413\u043e\u043b\u043e\u0432\u043d\u0430","item":"https:\/\/qtmm.org\/qt\/"},{"@type":"ListItem","position":2,"name":"Bi\u015fkekte stalin s\u00fcrg\u00fcnligi qurbanlar\u0131n\u0131 a\u00f1d\u0131lar"}]},{"@type":"WebSite","@id":"https:\/\/qtmm.org\/qt\/#website","url":"https:\/\/qtmm.org\/qt\/","name":"\u041c\u0435\u0434\u0436\u043b\u0456\u0441","description":"","publisher":{"@id":"https:\/\/qtmm.org\/qt\/#organization"},"potentialAction":[{"@type":"SearchAction","target":{"@type":"EntryPoint","urlTemplate":"https:\/\/qtmm.org\/qt\/?s={search_term_string}"},"query-input":{"@type":"PropertyValueSpecification","valueRequired":true,"valueName":"search_term_string"}}],"inLanguage":"qt"},{"@type":"Organization","@id":"https:\/\/qtmm.org\/qt\/#organization","name":"\u041c\u0435\u0434\u0436\u043b\u0456\u0441","url":"https:\/\/qtmm.org\/qt\/","logo":{"@type":"ImageObject","inLanguage":"qt","@id":"https:\/\/qtmm.org\/qt\/#\/schema\/logo\/image\/","url":"https:\/\/qtmm.org\/wp-content\/uploads\/2024\/12\/ua-mejlis-logo-rgb.svg","contentUrl":"https:\/\/qtmm.org\/wp-content\/uploads\/2024\/12\/ua-mejlis-logo-rgb.svg","caption":"\u041c\u0435\u0434\u0436\u043b\u0456\u0441"},"image":{"@id":"https:\/\/qtmm.org\/qt\/#\/schema\/logo\/image\/"},"sameAs":["https:\/\/www.facebook.com\/qtmm.info\/"]},{"@type":"Person","@id":"https:\/\/qtmm.org\/qt\/#\/schema\/person\/de562469f971dec226ac06e60bbf74a7","name":"Developer","image":{"@type":"ImageObject","inLanguage":"qt","@id":"https:\/\/secure.gravatar.com\/avatar\/392b4cc8fbfeb00b39dfeeab4ee6edded39ffd48e25858637e4765810300227e?s=96&d=mm&r=g","url":"https:\/\/secure.gravatar.com\/avatar\/392b4cc8fbfeb00b39dfeeab4ee6edded39ffd48e25858637e4765810300227e?s=96&d=mm&r=g","contentUrl":"https:\/\/secure.gravatar.com\/avatar\/392b4cc8fbfeb00b39dfeeab4ee6edded39ffd48e25858637e4765810300227e?s=96&d=mm&r=g","caption":"Developer"},"url":"https:\/\/qtmm.org\/qt\/author\/Developer\/"}]}},"_links":{"self":[{"href":"https:\/\/qtmm.org\/qt\/wp-json\/wp\/v2\/posts\/37652","targetHints":{"allow":["GET"]}}],"collection":[{"href":"https:\/\/qtmm.org\/qt\/wp-json\/wp\/v2\/posts"}],"about":[{"href":"https:\/\/qtmm.org\/qt\/wp-json\/wp\/v2\/types\/post"}],"author":[{"embeddable":true,"href":"https:\/\/qtmm.org\/qt\/wp-json\/wp\/v2\/users\/1"}],"replies":[{"embeddable":true,"href":"https:\/\/qtmm.org\/qt\/wp-json\/wp\/v2\/comments?post=37652"}],"version-history":[{"count":1,"href":"https:\/\/qtmm.org\/qt\/wp-json\/wp\/v2\/posts\/37652\/revisions"}],"predecessor-version":[{"id":37657,"href":"https:\/\/qtmm.org\/qt\/wp-json\/wp\/v2\/posts\/37652\/revisions\/37657"}],"wp:featuredmedia":[{"embeddable":true,"href":"https:\/\/qtmm.org\/qt\/wp-json\/wp\/v2\/media\/37653"}],"wp:attachment":[{"href":"https:\/\/qtmm.org\/qt\/wp-json\/wp\/v2\/media?parent=37652"}],"wp:term":[{"taxonomy":"category","embeddable":true,"href":"https:\/\/qtmm.org\/qt\/wp-json\/wp\/v2\/categories?post=37652"},{"taxonomy":"post_tag","embeddable":true,"href":"https:\/\/qtmm.org\/qt\/wp-json\/wp\/v2\/tags?post=37652"}],"curies":[{"name":"wp","href":"https:\/\/api.w.org\/{rel}","templated":true}]}}