




{"id":37650,"date":"2013-05-21T23:44:00","date_gmt":"2013-05-21T20:44:00","guid":{"rendered":"http:\/\/qtmm.org\/?p=37650"},"modified":"2022-01-23T23:44:58","modified_gmt":"2022-01-23T20:44:58","slug":"almaniya-qirimtatarlar-diasporasi-anatoliy-mogilovni-istifaga-ciqarmaqni-talap-ete","status":"publish","type":"post","link":"https:\/\/qtmm.org\/qt\/almaniya-qirimtatarlar-diasporasi-anatoliy-mogilovni-istifaga-ciqarmaqni-talap-ete\/","title":{"rendered":"Almaniya q\u0131r\u0131mtatarlar diasporas\u0131 Anatoliy Mogil\u00f6vn\u0131 istifa\u011fa \u00e7\u0131qarmaqn\u0131 talap ete"},"content":{"rendered":"\n<p>O k\u00fcn\u00fc ya\u011f\u011fan k\u00fc\u00e7l\u00fc ya\u011fmur\u011fa baqmadan may\u0131s 18 munasebetinen te\u015fkil etilgen miting Berlinde Ukraina el\u00e7iligi binas\u0131n\u0131\u00f1 qar\u015f\u0131s\u0131nda ke\u00e7irildi.<\/p>\n\n\n\n<p>Ba\u015fqa devletlerde ol\u011fan\u0131 kibi 2013 s yenesi may\u0131s 18-de Berlinde ol\u011fan mitingni\u00f1 i\u015ftirak\u00e7ileri Q\u0131r\u0131m ba\u015f naziri Anatoliy Mogil\u00f6vn\u0131\u00f1 istifa\u011fa \u00e7\u0131qar\u0131lmas\u0131n\u0131 talap ettiler.<\/p>\n\n\n\n<p>Bu aqta \u011earbiy Avropa q\u0131r\u0131mtatar medeniy ve yard\u0131mla\u015fma merkezini\u00f1 ba\u015f\u0131 Rafet Qaranl\u0131q bilddirdi. Milliy gimnden ba\u015flan\u011fan miting i\u015ftirak\u00e7ileri 1944 senesi s\u00fcrg\u00fcnlik qurbanlar\u0131n\u0131 bir daqqal\u0131q suk\u00fcnet ile a\u00f1d\u0131lar.<\/p>\n\n\n\n<p>So\u00f1ra el\u00e7ilik binas\u0131 qar\u015f\u0131s\u0131nda \u00e7e\u00e7ek qoyd\u0131lar. Ukrainan\u0131\u00f1 Almaniyadaki el\u00e7iligine Q\u0131r\u0131m ba\u015f naziri A. Mogil\u00f6vn\u0131\u00f1 istifa\u011fa \u00e7\u0131qar\u0131lmas\u0131 talab\u0131 ile mekt\u00fcp yollan\u0131ld\u0131.<br><br>\u011earbiy Avropa q\u0131r\u0131mtatar medeniy ve yard\u0131mla\u015fma merkezini\u00f1 ba\u015f\u0131 Rafet Qaranl\u0131q q\u0131r\u0131mtatar halq\u0131n\u0131\u00f1 s\u00fcrg\u00fcnligi soyq\u0131r\u0131md\u0131r, dedi ve q\u0131r\u0131mtatarlarn\u0131\u00f1 s\u00fcrg\u00fcnligi Avropada soyq\u0131r\u0131m olaraq tan\u0131lmas\u0131 i\u00e7\u00fcn er \u015feyni yapacaqlar\u0131n\u0131 i\u015fand\u0131rd\u0131.<\/p>\n\n\n\n<p>R. Qaranl\u0131q bun\u0131\u00f1 kibi \u015fun\u0131 da qayd etti ki, Q\u0131r\u0131mda vaziyetni kerginle\u015ftirgen ba\u015f nazir A. Mogil\u00f6vn\u0131\u00f1 faaliyetine so\u00f1 berilmek kerek. Q\u0131r\u0131mda ve Avropa \u00fclkelerinde ya\u015fa\u011fan q\u0131r\u0131mtatarlar Milliy Meclis ve Qurultay\u011fa daima qoltutacaqlar\u0131n\u0131 bildirdi.<\/p>\n\n\n\n<p>\u015eun\u0131 hat\u0131rlatmal\u0131 ki. Q\u0131r\u0131mtatar halq\u0131n\u0131\u00f1 matem k\u00fcn\u00fcnde Avropa Birligi devletlerinde ya\u015fa\u011fan q\u0131r\u0131mtatar diasporas\u0131n\u0131\u00f1 te\u015fkil\u00e2tlar\u0131 soyq\u0131r\u0131m qurbanlar\u0131n\u0131 a\u00f1d\u0131lar ve q\u0131r\u0131mtatar halq\u0131 aqlar\u0131n\u0131\u00f1 \u00f6z Vatan\u0131 Q\u0131r\u0131mda ve Ukrainada qor\u00e7alanmas\u0131n\u0131 talap ettiler.<\/p>\n","protected":false},"excerpt":{"rendered":"<p>O k\u00fcn\u00fc ya\u011f\u011fan k\u00fc\u00e7l\u00fc ya\u011fmur\u011fa baqmadan may\u0131s 18 munasebetinen te\u015fkil etilgen miting Berlinde Ukraina el\u00e7iligi binas\u0131n\u0131\u00f1 qar\u015f\u0131s\u0131nda ke\u00e7irildi. Ba\u015fqa devletlerde ol\u011fan\u0131 kibi 2013 s yenesi may\u0131s 18-de Berlinde ol\u011fan mitingni\u00f1 i\u015ftirak\u00e7ileri Q\u0131r\u0131m ba\u015f naziri Anatoliy Mogil\u00f6vn\u0131\u00f1 istifa\u011fa \u00e7\u0131qar\u0131lmas\u0131n\u0131 talap ettiler. Bu aqta \u011earbiy Avropa q\u0131r\u0131mtatar medeniy ve yard\u0131mla\u015fma merkezini\u00f1 ba\u015f\u0131 Rafet Qaranl\u0131q bilddirdi. Milliy gimnden [&hellip;]<\/p>\n","protected":false},"author":1,"featured_media":0,"comment_status":"open","ping_status":"open","sticky":false,"template":"","format":"standard","meta":{"inline_featured_image":false,"footnotes":""},"categories":[265],"tags":[],"class_list":["post-37650","post","type-post","status-publish","format-standard","hentry","category-haberler"],"acf":[],"yoast_head":"<!-- This site is optimized with the Yoast SEO plugin v27.4 - https:\/\/yoast.com\/product\/yoast-seo-wordpress\/ -->\n<title>Almaniya q\u0131r\u0131mtatarlar diasporas\u0131 Anatoliy Mogil\u00f6vn\u0131 istifa\u011fa \u00e7\u0131qarmaqn\u0131 talap ete - \u041c\u0435\u0434\u0436\u043b\u0456\u0441<\/title>\n<meta name=\"robots\" content=\"index, follow, max-snippet:-1, max-image-preview:large, max-video-preview:-1\" \/>\n<link rel=\"canonical\" href=\"https:\/\/qtmm.org\/qt\/almaniya-qirimtatarlar-diasporasi-anatoliy-mogilovni-istifaga-ciqarmaqni-talap-ete\/\" \/>\n<meta property=\"og:locale\" content=\"en_US\" \/>\n<meta property=\"og:type\" content=\"article\" \/>\n<meta property=\"og:title\" content=\"Almaniya q\u0131r\u0131mtatarlar diasporas\u0131 Anatoliy Mogil\u00f6vn\u0131 istifa\u011fa \u00e7\u0131qarmaqn\u0131 talap ete - \u041c\u0435\u0434\u0436\u043b\u0456\u0441\" \/>\n<meta property=\"og:description\" content=\"O k\u00fcn\u00fc ya\u011f\u011fan k\u00fc\u00e7l\u00fc ya\u011fmur\u011fa baqmadan may\u0131s 18 munasebetinen te\u015fkil etilgen miting Berlinde Ukraina el\u00e7iligi binas\u0131n\u0131\u00f1 qar\u015f\u0131s\u0131nda ke\u00e7irildi. Ba\u015fqa devletlerde ol\u011fan\u0131 kibi 2013 s yenesi may\u0131s 18-de Berlinde ol\u011fan mitingni\u00f1 i\u015ftirak\u00e7ileri Q\u0131r\u0131m ba\u015f naziri Anatoliy Mogil\u00f6vn\u0131\u00f1 istifa\u011fa \u00e7\u0131qar\u0131lmas\u0131n\u0131 talap ettiler. Bu aqta \u011earbiy Avropa q\u0131r\u0131mtatar medeniy ve yard\u0131mla\u015fma merkezini\u00f1 ba\u015f\u0131 Rafet Qaranl\u0131q bilddirdi. Milliy gimnden [&hellip;]\" \/>\n<meta property=\"og:url\" content=\"https:\/\/qtmm.org\/qt\/almaniya-qirimtatarlar-diasporasi-anatoliy-mogilovni-istifaga-ciqarmaqni-talap-ete\/\" \/>\n<meta property=\"og:site_name\" content=\"\u041c\u0435\u0434\u0436\u043b\u0456\u0441\" \/>\n<meta property=\"article:publisher\" content=\"https:\/\/www.facebook.com\/qtmm.info\/\" \/>\n<meta property=\"article:published_time\" content=\"2013-05-21T20:44:00+00:00\" \/>\n<meta property=\"article:modified_time\" content=\"2022-01-23T20:44:58+00:00\" \/>\n<meta name=\"author\" content=\"Developer\" \/>\n<meta name=\"twitter:card\" content=\"summary_large_image\" \/>\n<meta name=\"twitter:label1\" content=\"Written by\" \/>\n\t<meta name=\"twitter:data1\" content=\"Developer\" \/>\n\t<meta name=\"twitter:label2\" content=\"Est. reading time\" \/>\n\t<meta name=\"twitter:data2\" content=\"1 minute\" \/>\n<script type=\"application\/ld+json\" class=\"yoast-schema-graph\">{\"@context\":\"https:\\\/\\\/schema.org\",\"@graph\":[{\"@type\":\"Article\",\"@id\":\"https:\\\/\\\/qtmm.org\\\/qt\\\/almaniya-qirimtatarlar-diasporasi-anatoliy-mogilovni-istifaga-ciqarmaqni-talap-ete\\\/#article\",\"isPartOf\":{\"@id\":\"https:\\\/\\\/qtmm.org\\\/qt\\\/almaniya-qirimtatarlar-diasporasi-anatoliy-mogilovni-istifaga-ciqarmaqni-talap-ete\\\/\"},\"author\":{\"name\":\"Developer\",\"@id\":\"https:\\\/\\\/qtmm.org\\\/qt\\\/#\\\/schema\\\/person\\\/de562469f971dec226ac06e60bbf74a7\"},\"headline\":\"Almaniya q\u0131r\u0131mtatarlar diasporas\u0131 Anatoliy Mogil\u00f6vn\u0131 istifa\u011fa \u00e7\u0131qarmaqn\u0131 talap ete\",\"datePublished\":\"2013-05-21T20:44:00+00:00\",\"dateModified\":\"2022-01-23T20:44:58+00:00\",\"mainEntityOfPage\":{\"@id\":\"https:\\\/\\\/qtmm.org\\\/qt\\\/almaniya-qirimtatarlar-diasporasi-anatoliy-mogilovni-istifaga-ciqarmaqni-talap-ete\\\/\"},\"wordCount\":302,\"commentCount\":0,\"publisher\":{\"@id\":\"https:\\\/\\\/qtmm.org\\\/qt\\\/#organization\"},\"articleSection\":[\"Haberler\"],\"inLanguage\":\"qt\",\"potentialAction\":[{\"@type\":\"CommentAction\",\"name\":\"Comment\",\"target\":[\"https:\\\/\\\/qtmm.org\\\/qt\\\/almaniya-qirimtatarlar-diasporasi-anatoliy-mogilovni-istifaga-ciqarmaqni-talap-ete\\\/#respond\"]}]},{\"@type\":\"WebPage\",\"@id\":\"https:\\\/\\\/qtmm.org\\\/qt\\\/almaniya-qirimtatarlar-diasporasi-anatoliy-mogilovni-istifaga-ciqarmaqni-talap-ete\\\/\",\"url\":\"https:\\\/\\\/qtmm.org\\\/qt\\\/almaniya-qirimtatarlar-diasporasi-anatoliy-mogilovni-istifaga-ciqarmaqni-talap-ete\\\/\",\"name\":\"Almaniya q\u0131r\u0131mtatarlar diasporas\u0131 Anatoliy Mogil\u00f6vn\u0131 istifa\u011fa \u00e7\u0131qarmaqn\u0131 talap ete - \u041c\u0435\u0434\u0436\u043b\u0456\u0441\",\"isPartOf\":{\"@id\":\"https:\\\/\\\/qtmm.org\\\/qt\\\/#website\"},\"datePublished\":\"2013-05-21T20:44:00+00:00\",\"dateModified\":\"2022-01-23T20:44:58+00:00\",\"breadcrumb\":{\"@id\":\"https:\\\/\\\/qtmm.org\\\/qt\\\/almaniya-qirimtatarlar-diasporasi-anatoliy-mogilovni-istifaga-ciqarmaqni-talap-ete\\\/#breadcrumb\"},\"inLanguage\":\"qt\",\"potentialAction\":[{\"@type\":\"ReadAction\",\"target\":[\"https:\\\/\\\/qtmm.org\\\/qt\\\/almaniya-qirimtatarlar-diasporasi-anatoliy-mogilovni-istifaga-ciqarmaqni-talap-ete\\\/\"]}]},{\"@type\":\"BreadcrumbList\",\"@id\":\"https:\\\/\\\/qtmm.org\\\/qt\\\/almaniya-qirimtatarlar-diasporasi-anatoliy-mogilovni-istifaga-ciqarmaqni-talap-ete\\\/#breadcrumb\",\"itemListElement\":[{\"@type\":\"ListItem\",\"position\":1,\"name\":\"\u0413\u043e\u043b\u043e\u0432\u043d\u0430\",\"item\":\"https:\\\/\\\/qtmm.org\\\/qt\\\/\"},{\"@type\":\"ListItem\",\"position\":2,\"name\":\"Almaniya q\u0131r\u0131mtatarlar diasporas\u0131 Anatoliy Mogil\u00f6vn\u0131 istifa\u011fa \u00e7\u0131qarmaqn\u0131 talap ete\"}]},{\"@type\":\"WebSite\",\"@id\":\"https:\\\/\\\/qtmm.org\\\/qt\\\/#website\",\"url\":\"https:\\\/\\\/qtmm.org\\\/qt\\\/\",\"name\":\"\u041c\u0435\u0434\u0436\u043b\u0456\u0441\",\"description\":\"\",\"publisher\":{\"@id\":\"https:\\\/\\\/qtmm.org\\\/qt\\\/#organization\"},\"potentialAction\":[{\"@type\":\"SearchAction\",\"target\":{\"@type\":\"EntryPoint\",\"urlTemplate\":\"https:\\\/\\\/qtmm.org\\\/qt\\\/?s={search_term_string}\"},\"query-input\":{\"@type\":\"PropertyValueSpecification\",\"valueRequired\":true,\"valueName\":\"search_term_string\"}}],\"inLanguage\":\"qt\"},{\"@type\":\"Organization\",\"@id\":\"https:\\\/\\\/qtmm.org\\\/qt\\\/#organization\",\"name\":\"\u041c\u0435\u0434\u0436\u043b\u0456\u0441\",\"url\":\"https:\\\/\\\/qtmm.org\\\/qt\\\/\",\"logo\":{\"@type\":\"ImageObject\",\"inLanguage\":\"qt\",\"@id\":\"https:\\\/\\\/qtmm.org\\\/qt\\\/#\\\/schema\\\/logo\\\/image\\\/\",\"url\":\"https:\\\/\\\/qtmm.org\\\/wp-content\\\/uploads\\\/2024\\\/12\\\/ua-mejlis-logo-rgb.svg\",\"contentUrl\":\"https:\\\/\\\/qtmm.org\\\/wp-content\\\/uploads\\\/2024\\\/12\\\/ua-mejlis-logo-rgb.svg\",\"caption\":\"\u041c\u0435\u0434\u0436\u043b\u0456\u0441\"},\"image\":{\"@id\":\"https:\\\/\\\/qtmm.org\\\/qt\\\/#\\\/schema\\\/logo\\\/image\\\/\"},\"sameAs\":[\"https:\\\/\\\/www.facebook.com\\\/qtmm.info\\\/\"]},{\"@type\":\"Person\",\"@id\":\"https:\\\/\\\/qtmm.org\\\/qt\\\/#\\\/schema\\\/person\\\/de562469f971dec226ac06e60bbf74a7\",\"name\":\"Developer\",\"image\":{\"@type\":\"ImageObject\",\"inLanguage\":\"qt\",\"@id\":\"https:\\\/\\\/secure.gravatar.com\\\/avatar\\\/392b4cc8fbfeb00b39dfeeab4ee6edded39ffd48e25858637e4765810300227e?s=96&d=mm&r=g\",\"url\":\"https:\\\/\\\/secure.gravatar.com\\\/avatar\\\/392b4cc8fbfeb00b39dfeeab4ee6edded39ffd48e25858637e4765810300227e?s=96&d=mm&r=g\",\"contentUrl\":\"https:\\\/\\\/secure.gravatar.com\\\/avatar\\\/392b4cc8fbfeb00b39dfeeab4ee6edded39ffd48e25858637e4765810300227e?s=96&d=mm&r=g\",\"caption\":\"Developer\"},\"url\":\"https:\\\/\\\/qtmm.org\\\/qt\\\/author\\\/Developer\\\/\"}]}<\/script>\n<!-- \/ Yoast SEO plugin. -->","yoast_head_json":{"title":"Almaniya q\u0131r\u0131mtatarlar diasporas\u0131 Anatoliy Mogil\u00f6vn\u0131 istifa\u011fa \u00e7\u0131qarmaqn\u0131 talap ete - \u041c\u0435\u0434\u0436\u043b\u0456\u0441","robots":{"index":"index","follow":"follow","max-snippet":"max-snippet:-1","max-image-preview":"max-image-preview:large","max-video-preview":"max-video-preview:-1"},"canonical":"https:\/\/qtmm.org\/qt\/almaniya-qirimtatarlar-diasporasi-anatoliy-mogilovni-istifaga-ciqarmaqni-talap-ete\/","og_locale":"en_US","og_type":"article","og_title":"Almaniya q\u0131r\u0131mtatarlar diasporas\u0131 Anatoliy Mogil\u00f6vn\u0131 istifa\u011fa \u00e7\u0131qarmaqn\u0131 talap ete - \u041c\u0435\u0434\u0436\u043b\u0456\u0441","og_description":"O k\u00fcn\u00fc ya\u011f\u011fan k\u00fc\u00e7l\u00fc ya\u011fmur\u011fa baqmadan may\u0131s 18 munasebetinen te\u015fkil etilgen miting Berlinde Ukraina el\u00e7iligi binas\u0131n\u0131\u00f1 qar\u015f\u0131s\u0131nda ke\u00e7irildi. Ba\u015fqa devletlerde ol\u011fan\u0131 kibi 2013 s yenesi may\u0131s 18-de Berlinde ol\u011fan mitingni\u00f1 i\u015ftirak\u00e7ileri Q\u0131r\u0131m ba\u015f naziri Anatoliy Mogil\u00f6vn\u0131\u00f1 istifa\u011fa \u00e7\u0131qar\u0131lmas\u0131n\u0131 talap ettiler. Bu aqta \u011earbiy Avropa q\u0131r\u0131mtatar medeniy ve yard\u0131mla\u015fma merkezini\u00f1 ba\u015f\u0131 Rafet Qaranl\u0131q bilddirdi. Milliy gimnden [&hellip;]","og_url":"https:\/\/qtmm.org\/qt\/almaniya-qirimtatarlar-diasporasi-anatoliy-mogilovni-istifaga-ciqarmaqni-talap-ete\/","og_site_name":"\u041c\u0435\u0434\u0436\u043b\u0456\u0441","article_publisher":"https:\/\/www.facebook.com\/qtmm.info\/","article_published_time":"2013-05-21T20:44:00+00:00","article_modified_time":"2022-01-23T20:44:58+00:00","author":"Developer","twitter_card":"summary_large_image","twitter_misc":{"Written by":"Developer","Est. reading time":"1 minute"},"schema":{"@context":"https:\/\/schema.org","@graph":[{"@type":"Article","@id":"https:\/\/qtmm.org\/qt\/almaniya-qirimtatarlar-diasporasi-anatoliy-mogilovni-istifaga-ciqarmaqni-talap-ete\/#article","isPartOf":{"@id":"https:\/\/qtmm.org\/qt\/almaniya-qirimtatarlar-diasporasi-anatoliy-mogilovni-istifaga-ciqarmaqni-talap-ete\/"},"author":{"name":"Developer","@id":"https:\/\/qtmm.org\/qt\/#\/schema\/person\/de562469f971dec226ac06e60bbf74a7"},"headline":"Almaniya q\u0131r\u0131mtatarlar diasporas\u0131 Anatoliy Mogil\u00f6vn\u0131 istifa\u011fa \u00e7\u0131qarmaqn\u0131 talap ete","datePublished":"2013-05-21T20:44:00+00:00","dateModified":"2022-01-23T20:44:58+00:00","mainEntityOfPage":{"@id":"https:\/\/qtmm.org\/qt\/almaniya-qirimtatarlar-diasporasi-anatoliy-mogilovni-istifaga-ciqarmaqni-talap-ete\/"},"wordCount":302,"commentCount":0,"publisher":{"@id":"https:\/\/qtmm.org\/qt\/#organization"},"articleSection":["Haberler"],"inLanguage":"qt","potentialAction":[{"@type":"CommentAction","name":"Comment","target":["https:\/\/qtmm.org\/qt\/almaniya-qirimtatarlar-diasporasi-anatoliy-mogilovni-istifaga-ciqarmaqni-talap-ete\/#respond"]}]},{"@type":"WebPage","@id":"https:\/\/qtmm.org\/qt\/almaniya-qirimtatarlar-diasporasi-anatoliy-mogilovni-istifaga-ciqarmaqni-talap-ete\/","url":"https:\/\/qtmm.org\/qt\/almaniya-qirimtatarlar-diasporasi-anatoliy-mogilovni-istifaga-ciqarmaqni-talap-ete\/","name":"Almaniya q\u0131r\u0131mtatarlar diasporas\u0131 Anatoliy Mogil\u00f6vn\u0131 istifa\u011fa \u00e7\u0131qarmaqn\u0131 talap ete - \u041c\u0435\u0434\u0436\u043b\u0456\u0441","isPartOf":{"@id":"https:\/\/qtmm.org\/qt\/#website"},"datePublished":"2013-05-21T20:44:00+00:00","dateModified":"2022-01-23T20:44:58+00:00","breadcrumb":{"@id":"https:\/\/qtmm.org\/qt\/almaniya-qirimtatarlar-diasporasi-anatoliy-mogilovni-istifaga-ciqarmaqni-talap-ete\/#breadcrumb"},"inLanguage":"qt","potentialAction":[{"@type":"ReadAction","target":["https:\/\/qtmm.org\/qt\/almaniya-qirimtatarlar-diasporasi-anatoliy-mogilovni-istifaga-ciqarmaqni-talap-ete\/"]}]},{"@type":"BreadcrumbList","@id":"https:\/\/qtmm.org\/qt\/almaniya-qirimtatarlar-diasporasi-anatoliy-mogilovni-istifaga-ciqarmaqni-talap-ete\/#breadcrumb","itemListElement":[{"@type":"ListItem","position":1,"name":"\u0413\u043e\u043b\u043e\u0432\u043d\u0430","item":"https:\/\/qtmm.org\/qt\/"},{"@type":"ListItem","position":2,"name":"Almaniya q\u0131r\u0131mtatarlar diasporas\u0131 Anatoliy Mogil\u00f6vn\u0131 istifa\u011fa \u00e7\u0131qarmaqn\u0131 talap ete"}]},{"@type":"WebSite","@id":"https:\/\/qtmm.org\/qt\/#website","url":"https:\/\/qtmm.org\/qt\/","name":"\u041c\u0435\u0434\u0436\u043b\u0456\u0441","description":"","publisher":{"@id":"https:\/\/qtmm.org\/qt\/#organization"},"potentialAction":[{"@type":"SearchAction","target":{"@type":"EntryPoint","urlTemplate":"https:\/\/qtmm.org\/qt\/?s={search_term_string}"},"query-input":{"@type":"PropertyValueSpecification","valueRequired":true,"valueName":"search_term_string"}}],"inLanguage":"qt"},{"@type":"Organization","@id":"https:\/\/qtmm.org\/qt\/#organization","name":"\u041c\u0435\u0434\u0436\u043b\u0456\u0441","url":"https:\/\/qtmm.org\/qt\/","logo":{"@type":"ImageObject","inLanguage":"qt","@id":"https:\/\/qtmm.org\/qt\/#\/schema\/logo\/image\/","url":"https:\/\/qtmm.org\/wp-content\/uploads\/2024\/12\/ua-mejlis-logo-rgb.svg","contentUrl":"https:\/\/qtmm.org\/wp-content\/uploads\/2024\/12\/ua-mejlis-logo-rgb.svg","caption":"\u041c\u0435\u0434\u0436\u043b\u0456\u0441"},"image":{"@id":"https:\/\/qtmm.org\/qt\/#\/schema\/logo\/image\/"},"sameAs":["https:\/\/www.facebook.com\/qtmm.info\/"]},{"@type":"Person","@id":"https:\/\/qtmm.org\/qt\/#\/schema\/person\/de562469f971dec226ac06e60bbf74a7","name":"Developer","image":{"@type":"ImageObject","inLanguage":"qt","@id":"https:\/\/secure.gravatar.com\/avatar\/392b4cc8fbfeb00b39dfeeab4ee6edded39ffd48e25858637e4765810300227e?s=96&d=mm&r=g","url":"https:\/\/secure.gravatar.com\/avatar\/392b4cc8fbfeb00b39dfeeab4ee6edded39ffd48e25858637e4765810300227e?s=96&d=mm&r=g","contentUrl":"https:\/\/secure.gravatar.com\/avatar\/392b4cc8fbfeb00b39dfeeab4ee6edded39ffd48e25858637e4765810300227e?s=96&d=mm&r=g","caption":"Developer"},"url":"https:\/\/qtmm.org\/qt\/author\/Developer\/"}]}},"_links":{"self":[{"href":"https:\/\/qtmm.org\/qt\/wp-json\/wp\/v2\/posts\/37650","targetHints":{"allow":["GET"]}}],"collection":[{"href":"https:\/\/qtmm.org\/qt\/wp-json\/wp\/v2\/posts"}],"about":[{"href":"https:\/\/qtmm.org\/qt\/wp-json\/wp\/v2\/types\/post"}],"author":[{"embeddable":true,"href":"https:\/\/qtmm.org\/qt\/wp-json\/wp\/v2\/users\/1"}],"replies":[{"embeddable":true,"href":"https:\/\/qtmm.org\/qt\/wp-json\/wp\/v2\/comments?post=37650"}],"version-history":[{"count":1,"href":"https:\/\/qtmm.org\/qt\/wp-json\/wp\/v2\/posts\/37650\/revisions"}],"predecessor-version":[{"id":37651,"href":"https:\/\/qtmm.org\/qt\/wp-json\/wp\/v2\/posts\/37650\/revisions\/37651"}],"wp:attachment":[{"href":"https:\/\/qtmm.org\/qt\/wp-json\/wp\/v2\/media?parent=37650"}],"wp:term":[{"taxonomy":"category","embeddable":true,"href":"https:\/\/qtmm.org\/qt\/wp-json\/wp\/v2\/categories?post=37650"},{"taxonomy":"post_tag","embeddable":true,"href":"https:\/\/qtmm.org\/qt\/wp-json\/wp\/v2\/tags?post=37650"}],"curies":[{"name":"wp","href":"https:\/\/api.w.org\/{rel}","templated":true}]}}