




{"id":37628,"date":"2013-05-21T23:42:00","date_gmt":"2013-05-21T20:42:00","guid":{"rendered":"http:\/\/qtmm.org\/?p=37628"},"modified":"2022-01-23T23:44:24","modified_gmt":"2022-01-23T20:44:24","slug":"izmirde-18-mayis-1944-surgunu-anma-ve-panel","status":"publish","type":"post","link":"https:\/\/qtmm.org\/qt\/izmirde-18-mayis-1944-surgunu-anma-ve-panel\/","title":{"rendered":"Izmirde 18 mayis 1944 s\u00fcrg\u00fcn\u00fc anma ve panel"},"content":{"rendered":"\n<p>\u0130zmir K\u0131r\u0131m Derne\u011fi ile Konak Belediyesi&#8217;nin d\u00fczenledi\u011fi &#8221; 18 May\u0131s 1944 K\u0131r\u0131m T\u00fcrklerinin s\u00fcrg\u00fcn\u00fcn\u00fc k\u0131nama, bas\u0131n toplant\u0131s\u0131 ve paneli \u0130zmir&#8217;de T\u00fcrkan Saylan K\u00fclt\u00fcr Merkezinde yap\u0131ld\u0131.<\/p>\n\n\n\n<p>T\u00fcrkkiye \u0130stiklal mar\u015f\u0131 ve K\u0131r\u0131m Tatar milli mar\u015f\u0131 &#8220;And etkenmen&#8221;in okurnmas\u0131 \u015fehitler ve s\u00fcrg\u00fcnde \u00f6lenlerin an\u0131s\u0131na yap\u0131lan sayg\u0131 duru\u015fundan sonra \u0130zmir K\u0131r\u0131m Dernek Ba\u015fkan\u0131 Erdim Boray a\u00e7\u0131\u015f konu\u015fmas\u0131 yapt\u0131. Boray, K\u0131r\u0131m T\u00fcrklerine yap\u0131lan bu zul\u00fcm\u00fc anmak ve bunu b\u00fct\u00fcn d\u00fcnyaya duyurmak i\u00e7in gelecekte neler yap\u0131labilece\u011fini konu\u015fmak tart\u0131\u015fmak \u00fczere b\u00f6yle bir anma toplant\u0131s\u0131 yapt\u0131klar\u0131n\u0131 ve 18 May\u0131s 1944 s\u00fcrg\u00fcn\u00fcn\u00fc d\u00fcnyaya anlatmak i\u00e7in neler yap\u0131ld\u0131 geleckte de neler yap\u0131laca\u011f\u0131n\u0131 \u0130zmir K\u0131r\u0131m Derne\u011fi mensuplar\u0131na ve \u0130zmirlilere anlatmak \u00fczere K\u0131r\u0131m Tatar Milli Meclisi T\u00fcrkiye Temsilcisi Zafer Karatay&#8217;\u0131 davet ettiklerini s\u00f6yledi.<\/p>\n\n\n\n<p>\u0130zmir K\u0131r\u0131m Dernek Ba\u015fkan\u0131 Erdim Boray, \u0130zmirde K\u0131r\u0131m&#8217;\u0131 K\u0131r\u0131m Tatar k\u00fclt\u00fcr\u00fcn\u00fc ve K\u0131r\u0131m&#8217;daki m\u00fccadeleyi tan\u0131tmak ve bu m\u00fccadeleye destek sa\u011flama i\u00e7in farkl\u0131 etkirlikler d\u00fczenlemeye \u00e7al\u0131\u015ft\u0131klar\u0131n\u0131 ve bu anma toplant\u0131s\u0131na, K\u0131r\u0131m T\u00fcrklerinin 1783 ten sonra u\u011frat\u0131ld\u0131klar\u0131 \u00e7e\u015fitli s\u00fcrg\u00fcnleri yazan Nermin Bezmen ve Ne\u015fe Sar\u0131soy Karatay&#8217;\u0131 da \u015feref konu\u011fu olarak davet ettiklerini s\u00f6yledi.<\/p>\n\n\n\n<figure class=\"wp-block-image size-full\"><img loading=\"lazy\" decoding=\"async\" width=\"700\" height=\"522\" src=\"http:\/\/qtmm.org\/wp-content\/uploads\/2022\/01\/izmir_panel_18_mayis_2013.jpeg\" alt=\"\" class=\"wp-image-37633\" srcset=\"https:\/\/qtmm.org\/wp-content\/uploads\/2022\/01\/izmir_panel_18_mayis_2013.jpeg 700w, https:\/\/qtmm.org\/wp-content\/uploads\/2022\/01\/izmir_panel_18_mayis_2013-300x224.jpeg 300w\" sizes=\"auto, (max-width: 700px) 100vw, 700px\" \/><\/figure>\n\n\n\n<p>Panelde konu\u015fan yazar Nermin Bezmen, kendi atalar\u0131n\u0131n K\u0131r\u0131m&#8217;dan daha \u00f6nce s\u00fcrg\u00fcnler ve bask\u0131lar sebebiyle K\u0131r\u0131m&#8217;\u0131 terketmek zorunda kald\u0131klar\u0131n\u0131 belirterek, Kurtseyit ve Shura, Kurtseyit ve Murka kitaplar\u0131n\u0131 ni\u00e7in yazd\u0131\u011f\u0131n\u0131, 1992 senesinde dedesinin evni akrabalar\u0131n\u0131 ara\u015ft\u0131rmak \u00fczere gitti\u011fi K\u0131r\u0131m&#8217;da kar\u015f\u0131la\u015ft\u0131klar\u0131n\u0131, h\u00fcz\u00fcnl\u00fc an\u0131lar\u0131n\u0131 payla\u015ft\u0131.<\/p>\n\n\n\n<p>Y\u00f6netmen ve yazar Ne\u015fe Sar\u0131soy Karatay da Gamal\u0131 Ha\u00e7 ve K\u0131z\u0131l Y\u0131ld\u0131z Aras\u0131nda belgeselini, bu belgeselde Stalin ve Hitler aras\u0131nda ezilmi\u015f, yitip gitmi\u015f hayatlar\u0131, II:D\u00fcnya Sava\u015f\u0131nda kimsenin dile getirmedi\u011fi Sovyetler Birli\u011fi i\u00e7inde ya\u015fayan T\u00fcrk ve m\u00fcsl\u00fcman halklar\u0131n sava\u015f zaman\u0131nda nas\u0131l ma\u011fdur oldukyar\u0131n\u0131 \u015fahitleriyle anlatt\u0131\u011f\u0131n\u0131, belgeselde anlatt\u0131kyar\u0131n\u0131, r\u00f6portajlar\u0131 geni\u015f bir \u015fekilde yer vererek kitapla\u015ft\u0131rd\u0131\u011f\u0131n\u0131 s\u00f6yledi.<\/p>\n\n\n\n<p>K\u0131r\u0131m Tatar Milli Meclisi T\u00fcrkiye temsilcisi Zafer Karatay, 18 May\u0131s 1944 de K\u0131r\u0131m Tatarlar\u0131 K\u0131r\u0131m&#8217;dan s\u00fcrg\u00fcn edildi\u011finde bu vah\u015feti d\u00fcnyada kimsenin duymad\u0131\u011f\u0131n\u0131, bilmedi\u011fini, biilmezden geldi\u011fini s\u00f6yledi.<\/p>\n\n\n\n<figure class=\"wp-block-image size-full\"><img loading=\"lazy\" decoding=\"async\" width=\"700\" height=\"525\" src=\"http:\/\/qtmm.org\/wp-content\/uploads\/2022\/01\/18_mayis_2013_izmir_panel.jpeg\" alt=\"\" class=\"wp-image-37637\" srcset=\"https:\/\/qtmm.org\/wp-content\/uploads\/2022\/01\/18_mayis_2013_izmir_panel.jpeg 700w, https:\/\/qtmm.org\/wp-content\/uploads\/2022\/01\/18_mayis_2013_izmir_panel-300x225.jpeg 300w\" sizes=\"auto, (max-width: 700px) 100vw, 700px\" \/><\/figure>\n\n\n\n<p>K\u0131r\u0131m T\u00fcrklerini s\u00fcrg\u00fcnden d\u00f6n\u00fc\u015f m\u00fccadelesi, bu m\u00fccadelenin Sovyet insan haklar\u0131 hareketiyle tan\u0131\u015fmas\u0131 ve i\u015fbirli\u011fi sayesinde d\u00fcnyaya duyulmaya ba\u015fland\u0131\u011f\u0131n\u0131 belirterek, g\u00fcn\u00fcm\u00fcze kadar gelen s\u00fcre\u00e7te K\u0131r\u0131m Tatarlar\u0131n\u0131n s\u00fcrg\u00fcn\u00fc ve m\u00fccadelesinin d\u00fcnya g\u00fcndemindeki yerini anlatt\u0131 ve bu s\u00fcrg\u00fcn\u00fcn ve K\u0131r\u0131m Tatarlar\u0131n\u0131n haklar\u0131n\u0131 b\u00fct\u00fcn d\u00fcnyaya duyurulmas\u0131 i\u00e7in neler yap\u0131ld\u0131\u011f\u0131 ve neler yap\u0131lmas\u0131 gerekti\u011fini \u00f6rneklerle anlatan Zafer Karatay, d\u00fcnyada ya\u015fayan herkesin, her bir K\u0131r\u0131m Tatar\u0131n\u0131n \u0130smail Gasp\u0131ral\u0131n\u0131n &#8220;milletini seviyorsan elinden gelen i\u015fle ba\u015fla&#8221; s\u00f6z\u00fcne uyg\u011fun olarak kendi \u00fczerine d\u00fc\u015feni yapmaya davet etti.<br><br>G\u00fcn\u00fcn an\u0131s\u0131na \u0130zmir k\u0131r\u0131m Derne\u011fi&#8217;nin plaketini Zafer ve Ne\u015fe Karatay&#8217;a 1923 K\u0131r\u0131m do\u011fumlu, Gamal\u0131 Ha\u00e7 \u0130le k\u0131z\u0131l Y\u0131ld\u0131z aras\u0131nda belgeselinde ve kitab\u0131nda yer alan Habibullah Arslan, Nermin Bezmen&#8217;in plaketini ise yine K\u0131r\u0131m do\u011fumlu ve II D\u00fcnya sava\u015f\u0131nda K\u0131r\u0131m&#8217;\u0131 terketmek zorunda kalan Murta Otuzlu&#8217;nun vermesi konferansa gelenleri \u00e7ok duyguland\u0131rd\u0131.<\/p>\n\n\n\n<figure class=\"wp-block-image size-full\"><img loading=\"lazy\" decoding=\"async\" width=\"700\" height=\"525\" src=\"http:\/\/qtmm.org\/wp-content\/uploads\/2022\/01\/18_may_s_2013_izmir_kitap_imzalam.jpeg\" alt=\"\" class=\"wp-image-37641\" srcset=\"https:\/\/qtmm.org\/wp-content\/uploads\/2022\/01\/18_may_s_2013_izmir_kitap_imzalam.jpeg 700w, https:\/\/qtmm.org\/wp-content\/uploads\/2022\/01\/18_may_s_2013_izmir_kitap_imzalam-300x225.jpeg 300w\" sizes=\"auto, (max-width: 700px) 100vw, 700px\" \/><\/figure>\n\n\n\n<p>Panelin ard\u0131ndan Nermin Bezmen ve Ne\u015fe Sar\u0131soy Karatay, kitaplar\u0131n\u0131 imzalad\u0131lar.<\/p>\n\n\n\n<figure class=\"wp-block-image size-full\"><img loading=\"lazy\" decoding=\"async\" width=\"700\" height=\"525\" src=\"http:\/\/qtmm.org\/wp-content\/uploads\/2022\/01\/18_mayis_2013_izm.jpeg\" alt=\"\" class=\"wp-image-37645\" srcset=\"https:\/\/qtmm.org\/wp-content\/uploads\/2022\/01\/18_mayis_2013_izm.jpeg 700w, https:\/\/qtmm.org\/wp-content\/uploads\/2022\/01\/18_mayis_2013_izm-300x225.jpeg 300w\" sizes=\"auto, (max-width: 700px) 100vw, 700px\" \/><\/figure>\n","protected":false},"excerpt":{"rendered":"<p>\u0130zmir K\u0131r\u0131m Derne\u011fi ile Konak Belediyesi&#8217;nin d\u00fczenledi\u011fi &#8221; 18 May\u0131s 1944 K\u0131r\u0131m T\u00fcrklerinin s\u00fcrg\u00fcn\u00fcn\u00fc k\u0131nama, bas\u0131n toplant\u0131s\u0131 ve paneli \u0130zmir&#8217;de T\u00fcrkan Saylan K\u00fclt\u00fcr Merkezinde yap\u0131ld\u0131. T\u00fcrkkiye \u0130stiklal mar\u015f\u0131 ve K\u0131r\u0131m Tatar milli mar\u015f\u0131 &#8220;And etkenmen&#8221;in okurnmas\u0131 \u015fehitler ve s\u00fcrg\u00fcnde \u00f6lenlerin an\u0131s\u0131na yap\u0131lan sayg\u0131 duru\u015fundan sonra \u0130zmir K\u0131r\u0131m Dernek Ba\u015fkan\u0131 Erdim Boray a\u00e7\u0131\u015f konu\u015fmas\u0131 yapt\u0131. Boray, [&hellip;]<\/p>\n","protected":false},"author":1,"featured_media":37629,"comment_status":"open","ping_status":"open","sticky":false,"template":"","format":"standard","meta":{"inline_featured_image":false,"footnotes":""},"categories":[265],"tags":[],"class_list":["post-37628","post","type-post","status-publish","format-standard","has-post-thumbnail","hentry","category-haberler"],"acf":[],"yoast_head":"<!-- This site is optimized with the Yoast SEO plugin v27.4 - https:\/\/yoast.com\/product\/yoast-seo-wordpress\/ -->\n<title>Izmirde 18 mayis 1944 s\u00fcrg\u00fcn\u00fc anma ve panel - \u041c\u0435\u0434\u0436\u043b\u0456\u0441<\/title>\n<meta name=\"robots\" content=\"index, follow, max-snippet:-1, max-image-preview:large, max-video-preview:-1\" \/>\n<link rel=\"canonical\" href=\"https:\/\/qtmm.org\/qt\/izmirde-18-mayis-1944-surgunu-anma-ve-panel\/\" \/>\n<meta property=\"og:locale\" content=\"en_US\" \/>\n<meta property=\"og:type\" content=\"article\" \/>\n<meta property=\"og:title\" content=\"Izmirde 18 mayis 1944 s\u00fcrg\u00fcn\u00fc anma ve panel - \u041c\u0435\u0434\u0436\u043b\u0456\u0441\" \/>\n<meta property=\"og:description\" content=\"\u0130zmir K\u0131r\u0131m Derne\u011fi ile Konak Belediyesi&#8217;nin d\u00fczenledi\u011fi &#8221; 18 May\u0131s 1944 K\u0131r\u0131m T\u00fcrklerinin s\u00fcrg\u00fcn\u00fcn\u00fc k\u0131nama, bas\u0131n toplant\u0131s\u0131 ve paneli \u0130zmir&#8217;de T\u00fcrkan Saylan K\u00fclt\u00fcr Merkezinde yap\u0131ld\u0131. T\u00fcrkkiye \u0130stiklal mar\u015f\u0131 ve K\u0131r\u0131m Tatar milli mar\u015f\u0131 &#8220;And etkenmen&#8221;in okurnmas\u0131 \u015fehitler ve s\u00fcrg\u00fcnde \u00f6lenlerin an\u0131s\u0131na yap\u0131lan sayg\u0131 duru\u015fundan sonra \u0130zmir K\u0131r\u0131m Dernek Ba\u015fkan\u0131 Erdim Boray a\u00e7\u0131\u015f konu\u015fmas\u0131 yapt\u0131. Boray, [&hellip;]\" \/>\n<meta property=\"og:url\" content=\"https:\/\/qtmm.org\/qt\/izmirde-18-mayis-1944-surgunu-anma-ve-panel\/\" \/>\n<meta property=\"og:site_name\" content=\"\u041c\u0435\u0434\u0436\u043b\u0456\u0441\" \/>\n<meta property=\"article:publisher\" content=\"https:\/\/www.facebook.com\/qtmm.info\/\" \/>\n<meta property=\"article:published_time\" content=\"2013-05-21T20:42:00+00:00\" \/>\n<meta property=\"article:modified_time\" content=\"2022-01-23T20:44:24+00:00\" \/>\n<meta property=\"og:image\" content=\"https:\/\/qtmm.org\/wp-content\/uploads\/2022\/01\/18_mayis_2013_izmir.jpeg\" \/>\n\t<meta property=\"og:image:width\" content=\"700\" \/>\n\t<meta property=\"og:image:height\" content=\"525\" \/>\n\t<meta property=\"og:image:type\" content=\"image\/jpeg\" \/>\n<meta name=\"author\" content=\"Developer\" \/>\n<meta name=\"twitter:card\" content=\"summary_large_image\" \/>\n<meta name=\"twitter:label1\" content=\"Written by\" \/>\n\t<meta name=\"twitter:data1\" content=\"Developer\" \/>\n\t<meta name=\"twitter:label2\" content=\"Est. reading time\" \/>\n\t<meta name=\"twitter:data2\" content=\"3 minutes\" \/>\n<script type=\"application\/ld+json\" class=\"yoast-schema-graph\">{\"@context\":\"https:\\\/\\\/schema.org\",\"@graph\":[{\"@type\":\"Article\",\"@id\":\"https:\\\/\\\/qtmm.org\\\/qt\\\/izmirde-18-mayis-1944-surgunu-anma-ve-panel\\\/#article\",\"isPartOf\":{\"@id\":\"https:\\\/\\\/qtmm.org\\\/qt\\\/izmirde-18-mayis-1944-surgunu-anma-ve-panel\\\/\"},\"author\":{\"name\":\"Developer\",\"@id\":\"https:\\\/\\\/qtmm.org\\\/qt\\\/#\\\/schema\\\/person\\\/de562469f971dec226ac06e60bbf74a7\"},\"headline\":\"Izmirde 18 mayis 1944 s\u00fcrg\u00fcn\u00fc anma ve panel\",\"datePublished\":\"2013-05-21T20:42:00+00:00\",\"dateModified\":\"2022-01-23T20:44:24+00:00\",\"mainEntityOfPage\":{\"@id\":\"https:\\\/\\\/qtmm.org\\\/qt\\\/izmirde-18-mayis-1944-surgunu-anma-ve-panel\\\/\"},\"wordCount\":696,\"commentCount\":0,\"publisher\":{\"@id\":\"https:\\\/\\\/qtmm.org\\\/qt\\\/#organization\"},\"image\":{\"@id\":\"https:\\\/\\\/qtmm.org\\\/qt\\\/izmirde-18-mayis-1944-surgunu-anma-ve-panel\\\/#primaryimage\"},\"thumbnailUrl\":\"https:\\\/\\\/qtmm.org\\\/wp-content\\\/uploads\\\/2022\\\/01\\\/18_mayis_2013_izmir.jpeg\",\"articleSection\":[\"Haberler\"],\"inLanguage\":\"qt\",\"potentialAction\":[{\"@type\":\"CommentAction\",\"name\":\"Comment\",\"target\":[\"https:\\\/\\\/qtmm.org\\\/qt\\\/izmirde-18-mayis-1944-surgunu-anma-ve-panel\\\/#respond\"]}]},{\"@type\":\"WebPage\",\"@id\":\"https:\\\/\\\/qtmm.org\\\/qt\\\/izmirde-18-mayis-1944-surgunu-anma-ve-panel\\\/\",\"url\":\"https:\\\/\\\/qtmm.org\\\/qt\\\/izmirde-18-mayis-1944-surgunu-anma-ve-panel\\\/\",\"name\":\"Izmirde 18 mayis 1944 s\u00fcrg\u00fcn\u00fc anma ve panel - \u041c\u0435\u0434\u0436\u043b\u0456\u0441\",\"isPartOf\":{\"@id\":\"https:\\\/\\\/qtmm.org\\\/qt\\\/#website\"},\"primaryImageOfPage\":{\"@id\":\"https:\\\/\\\/qtmm.org\\\/qt\\\/izmirde-18-mayis-1944-surgunu-anma-ve-panel\\\/#primaryimage\"},\"image\":{\"@id\":\"https:\\\/\\\/qtmm.org\\\/qt\\\/izmirde-18-mayis-1944-surgunu-anma-ve-panel\\\/#primaryimage\"},\"thumbnailUrl\":\"https:\\\/\\\/qtmm.org\\\/wp-content\\\/uploads\\\/2022\\\/01\\\/18_mayis_2013_izmir.jpeg\",\"datePublished\":\"2013-05-21T20:42:00+00:00\",\"dateModified\":\"2022-01-23T20:44:24+00:00\",\"breadcrumb\":{\"@id\":\"https:\\\/\\\/qtmm.org\\\/qt\\\/izmirde-18-mayis-1944-surgunu-anma-ve-panel\\\/#breadcrumb\"},\"inLanguage\":\"qt\",\"potentialAction\":[{\"@type\":\"ReadAction\",\"target\":[\"https:\\\/\\\/qtmm.org\\\/qt\\\/izmirde-18-mayis-1944-surgunu-anma-ve-panel\\\/\"]}]},{\"@type\":\"ImageObject\",\"inLanguage\":\"qt\",\"@id\":\"https:\\\/\\\/qtmm.org\\\/qt\\\/izmirde-18-mayis-1944-surgunu-anma-ve-panel\\\/#primaryimage\",\"url\":\"https:\\\/\\\/qtmm.org\\\/wp-content\\\/uploads\\\/2022\\\/01\\\/18_mayis_2013_izmir.jpeg\",\"contentUrl\":\"https:\\\/\\\/qtmm.org\\\/wp-content\\\/uploads\\\/2022\\\/01\\\/18_mayis_2013_izmir.jpeg\",\"width\":700,\"height\":525},{\"@type\":\"BreadcrumbList\",\"@id\":\"https:\\\/\\\/qtmm.org\\\/qt\\\/izmirde-18-mayis-1944-surgunu-anma-ve-panel\\\/#breadcrumb\",\"itemListElement\":[{\"@type\":\"ListItem\",\"position\":1,\"name\":\"\u0413\u043e\u043b\u043e\u0432\u043d\u0430\",\"item\":\"https:\\\/\\\/qtmm.org\\\/qt\\\/\"},{\"@type\":\"ListItem\",\"position\":2,\"name\":\"Izmirde 18 mayis 1944 s\u00fcrg\u00fcn\u00fc anma ve panel\"}]},{\"@type\":\"WebSite\",\"@id\":\"https:\\\/\\\/qtmm.org\\\/qt\\\/#website\",\"url\":\"https:\\\/\\\/qtmm.org\\\/qt\\\/\",\"name\":\"\u041c\u0435\u0434\u0436\u043b\u0456\u0441\",\"description\":\"\",\"publisher\":{\"@id\":\"https:\\\/\\\/qtmm.org\\\/qt\\\/#organization\"},\"potentialAction\":[{\"@type\":\"SearchAction\",\"target\":{\"@type\":\"EntryPoint\",\"urlTemplate\":\"https:\\\/\\\/qtmm.org\\\/qt\\\/?s={search_term_string}\"},\"query-input\":{\"@type\":\"PropertyValueSpecification\",\"valueRequired\":true,\"valueName\":\"search_term_string\"}}],\"inLanguage\":\"qt\"},{\"@type\":\"Organization\",\"@id\":\"https:\\\/\\\/qtmm.org\\\/qt\\\/#organization\",\"name\":\"\u041c\u0435\u0434\u0436\u043b\u0456\u0441\",\"url\":\"https:\\\/\\\/qtmm.org\\\/qt\\\/\",\"logo\":{\"@type\":\"ImageObject\",\"inLanguage\":\"qt\",\"@id\":\"https:\\\/\\\/qtmm.org\\\/qt\\\/#\\\/schema\\\/logo\\\/image\\\/\",\"url\":\"https:\\\/\\\/qtmm.org\\\/wp-content\\\/uploads\\\/2024\\\/12\\\/ua-mejlis-logo-rgb.svg\",\"contentUrl\":\"https:\\\/\\\/qtmm.org\\\/wp-content\\\/uploads\\\/2024\\\/12\\\/ua-mejlis-logo-rgb.svg\",\"caption\":\"\u041c\u0435\u0434\u0436\u043b\u0456\u0441\"},\"image\":{\"@id\":\"https:\\\/\\\/qtmm.org\\\/qt\\\/#\\\/schema\\\/logo\\\/image\\\/\"},\"sameAs\":[\"https:\\\/\\\/www.facebook.com\\\/qtmm.info\\\/\"]},{\"@type\":\"Person\",\"@id\":\"https:\\\/\\\/qtmm.org\\\/qt\\\/#\\\/schema\\\/person\\\/de562469f971dec226ac06e60bbf74a7\",\"name\":\"Developer\",\"image\":{\"@type\":\"ImageObject\",\"inLanguage\":\"qt\",\"@id\":\"https:\\\/\\\/secure.gravatar.com\\\/avatar\\\/392b4cc8fbfeb00b39dfeeab4ee6edded39ffd48e25858637e4765810300227e?s=96&d=mm&r=g\",\"url\":\"https:\\\/\\\/secure.gravatar.com\\\/avatar\\\/392b4cc8fbfeb00b39dfeeab4ee6edded39ffd48e25858637e4765810300227e?s=96&d=mm&r=g\",\"contentUrl\":\"https:\\\/\\\/secure.gravatar.com\\\/avatar\\\/392b4cc8fbfeb00b39dfeeab4ee6edded39ffd48e25858637e4765810300227e?s=96&d=mm&r=g\",\"caption\":\"Developer\"},\"url\":\"https:\\\/\\\/qtmm.org\\\/qt\\\/author\\\/Developer\\\/\"}]}<\/script>\n<!-- \/ Yoast SEO plugin. -->","yoast_head_json":{"title":"Izmirde 18 mayis 1944 s\u00fcrg\u00fcn\u00fc anma ve panel - \u041c\u0435\u0434\u0436\u043b\u0456\u0441","robots":{"index":"index","follow":"follow","max-snippet":"max-snippet:-1","max-image-preview":"max-image-preview:large","max-video-preview":"max-video-preview:-1"},"canonical":"https:\/\/qtmm.org\/qt\/izmirde-18-mayis-1944-surgunu-anma-ve-panel\/","og_locale":"en_US","og_type":"article","og_title":"Izmirde 18 mayis 1944 s\u00fcrg\u00fcn\u00fc anma ve panel - \u041c\u0435\u0434\u0436\u043b\u0456\u0441","og_description":"\u0130zmir K\u0131r\u0131m Derne\u011fi ile Konak Belediyesi&#8217;nin d\u00fczenledi\u011fi &#8221; 18 May\u0131s 1944 K\u0131r\u0131m T\u00fcrklerinin s\u00fcrg\u00fcn\u00fcn\u00fc k\u0131nama, bas\u0131n toplant\u0131s\u0131 ve paneli \u0130zmir&#8217;de T\u00fcrkan Saylan K\u00fclt\u00fcr Merkezinde yap\u0131ld\u0131. T\u00fcrkkiye \u0130stiklal mar\u015f\u0131 ve K\u0131r\u0131m Tatar milli mar\u015f\u0131 &#8220;And etkenmen&#8221;in okurnmas\u0131 \u015fehitler ve s\u00fcrg\u00fcnde \u00f6lenlerin an\u0131s\u0131na yap\u0131lan sayg\u0131 duru\u015fundan sonra \u0130zmir K\u0131r\u0131m Dernek Ba\u015fkan\u0131 Erdim Boray a\u00e7\u0131\u015f konu\u015fmas\u0131 yapt\u0131. Boray, [&hellip;]","og_url":"https:\/\/qtmm.org\/qt\/izmirde-18-mayis-1944-surgunu-anma-ve-panel\/","og_site_name":"\u041c\u0435\u0434\u0436\u043b\u0456\u0441","article_publisher":"https:\/\/www.facebook.com\/qtmm.info\/","article_published_time":"2013-05-21T20:42:00+00:00","article_modified_time":"2022-01-23T20:44:24+00:00","og_image":[{"width":700,"height":525,"url":"https:\/\/qtmm.org\/wp-content\/uploads\/2022\/01\/18_mayis_2013_izmir.jpeg","type":"image\/jpeg"}],"author":"Developer","twitter_card":"summary_large_image","twitter_misc":{"Written by":"Developer","Est. reading time":"3 minutes"},"schema":{"@context":"https:\/\/schema.org","@graph":[{"@type":"Article","@id":"https:\/\/qtmm.org\/qt\/izmirde-18-mayis-1944-surgunu-anma-ve-panel\/#article","isPartOf":{"@id":"https:\/\/qtmm.org\/qt\/izmirde-18-mayis-1944-surgunu-anma-ve-panel\/"},"author":{"name":"Developer","@id":"https:\/\/qtmm.org\/qt\/#\/schema\/person\/de562469f971dec226ac06e60bbf74a7"},"headline":"Izmirde 18 mayis 1944 s\u00fcrg\u00fcn\u00fc anma ve panel","datePublished":"2013-05-21T20:42:00+00:00","dateModified":"2022-01-23T20:44:24+00:00","mainEntityOfPage":{"@id":"https:\/\/qtmm.org\/qt\/izmirde-18-mayis-1944-surgunu-anma-ve-panel\/"},"wordCount":696,"commentCount":0,"publisher":{"@id":"https:\/\/qtmm.org\/qt\/#organization"},"image":{"@id":"https:\/\/qtmm.org\/qt\/izmirde-18-mayis-1944-surgunu-anma-ve-panel\/#primaryimage"},"thumbnailUrl":"https:\/\/qtmm.org\/wp-content\/uploads\/2022\/01\/18_mayis_2013_izmir.jpeg","articleSection":["Haberler"],"inLanguage":"qt","potentialAction":[{"@type":"CommentAction","name":"Comment","target":["https:\/\/qtmm.org\/qt\/izmirde-18-mayis-1944-surgunu-anma-ve-panel\/#respond"]}]},{"@type":"WebPage","@id":"https:\/\/qtmm.org\/qt\/izmirde-18-mayis-1944-surgunu-anma-ve-panel\/","url":"https:\/\/qtmm.org\/qt\/izmirde-18-mayis-1944-surgunu-anma-ve-panel\/","name":"Izmirde 18 mayis 1944 s\u00fcrg\u00fcn\u00fc anma ve panel - \u041c\u0435\u0434\u0436\u043b\u0456\u0441","isPartOf":{"@id":"https:\/\/qtmm.org\/qt\/#website"},"primaryImageOfPage":{"@id":"https:\/\/qtmm.org\/qt\/izmirde-18-mayis-1944-surgunu-anma-ve-panel\/#primaryimage"},"image":{"@id":"https:\/\/qtmm.org\/qt\/izmirde-18-mayis-1944-surgunu-anma-ve-panel\/#primaryimage"},"thumbnailUrl":"https:\/\/qtmm.org\/wp-content\/uploads\/2022\/01\/18_mayis_2013_izmir.jpeg","datePublished":"2013-05-21T20:42:00+00:00","dateModified":"2022-01-23T20:44:24+00:00","breadcrumb":{"@id":"https:\/\/qtmm.org\/qt\/izmirde-18-mayis-1944-surgunu-anma-ve-panel\/#breadcrumb"},"inLanguage":"qt","potentialAction":[{"@type":"ReadAction","target":["https:\/\/qtmm.org\/qt\/izmirde-18-mayis-1944-surgunu-anma-ve-panel\/"]}]},{"@type":"ImageObject","inLanguage":"qt","@id":"https:\/\/qtmm.org\/qt\/izmirde-18-mayis-1944-surgunu-anma-ve-panel\/#primaryimage","url":"https:\/\/qtmm.org\/wp-content\/uploads\/2022\/01\/18_mayis_2013_izmir.jpeg","contentUrl":"https:\/\/qtmm.org\/wp-content\/uploads\/2022\/01\/18_mayis_2013_izmir.jpeg","width":700,"height":525},{"@type":"BreadcrumbList","@id":"https:\/\/qtmm.org\/qt\/izmirde-18-mayis-1944-surgunu-anma-ve-panel\/#breadcrumb","itemListElement":[{"@type":"ListItem","position":1,"name":"\u0413\u043e\u043b\u043e\u0432\u043d\u0430","item":"https:\/\/qtmm.org\/qt\/"},{"@type":"ListItem","position":2,"name":"Izmirde 18 mayis 1944 s\u00fcrg\u00fcn\u00fc anma ve panel"}]},{"@type":"WebSite","@id":"https:\/\/qtmm.org\/qt\/#website","url":"https:\/\/qtmm.org\/qt\/","name":"\u041c\u0435\u0434\u0436\u043b\u0456\u0441","description":"","publisher":{"@id":"https:\/\/qtmm.org\/qt\/#organization"},"potentialAction":[{"@type":"SearchAction","target":{"@type":"EntryPoint","urlTemplate":"https:\/\/qtmm.org\/qt\/?s={search_term_string}"},"query-input":{"@type":"PropertyValueSpecification","valueRequired":true,"valueName":"search_term_string"}}],"inLanguage":"qt"},{"@type":"Organization","@id":"https:\/\/qtmm.org\/qt\/#organization","name":"\u041c\u0435\u0434\u0436\u043b\u0456\u0441","url":"https:\/\/qtmm.org\/qt\/","logo":{"@type":"ImageObject","inLanguage":"qt","@id":"https:\/\/qtmm.org\/qt\/#\/schema\/logo\/image\/","url":"https:\/\/qtmm.org\/wp-content\/uploads\/2024\/12\/ua-mejlis-logo-rgb.svg","contentUrl":"https:\/\/qtmm.org\/wp-content\/uploads\/2024\/12\/ua-mejlis-logo-rgb.svg","caption":"\u041c\u0435\u0434\u0436\u043b\u0456\u0441"},"image":{"@id":"https:\/\/qtmm.org\/qt\/#\/schema\/logo\/image\/"},"sameAs":["https:\/\/www.facebook.com\/qtmm.info\/"]},{"@type":"Person","@id":"https:\/\/qtmm.org\/qt\/#\/schema\/person\/de562469f971dec226ac06e60bbf74a7","name":"Developer","image":{"@type":"ImageObject","inLanguage":"qt","@id":"https:\/\/secure.gravatar.com\/avatar\/392b4cc8fbfeb00b39dfeeab4ee6edded39ffd48e25858637e4765810300227e?s=96&d=mm&r=g","url":"https:\/\/secure.gravatar.com\/avatar\/392b4cc8fbfeb00b39dfeeab4ee6edded39ffd48e25858637e4765810300227e?s=96&d=mm&r=g","contentUrl":"https:\/\/secure.gravatar.com\/avatar\/392b4cc8fbfeb00b39dfeeab4ee6edded39ffd48e25858637e4765810300227e?s=96&d=mm&r=g","caption":"Developer"},"url":"https:\/\/qtmm.org\/qt\/author\/Developer\/"}]}},"_links":{"self":[{"href":"https:\/\/qtmm.org\/qt\/wp-json\/wp\/v2\/posts\/37628","targetHints":{"allow":["GET"]}}],"collection":[{"href":"https:\/\/qtmm.org\/qt\/wp-json\/wp\/v2\/posts"}],"about":[{"href":"https:\/\/qtmm.org\/qt\/wp-json\/wp\/v2\/types\/post"}],"author":[{"embeddable":true,"href":"https:\/\/qtmm.org\/qt\/wp-json\/wp\/v2\/users\/1"}],"replies":[{"embeddable":true,"href":"https:\/\/qtmm.org\/qt\/wp-json\/wp\/v2\/comments?post=37628"}],"version-history":[{"count":1,"href":"https:\/\/qtmm.org\/qt\/wp-json\/wp\/v2\/posts\/37628\/revisions"}],"predecessor-version":[{"id":37649,"href":"https:\/\/qtmm.org\/qt\/wp-json\/wp\/v2\/posts\/37628\/revisions\/37649"}],"wp:featuredmedia":[{"embeddable":true,"href":"https:\/\/qtmm.org\/qt\/wp-json\/wp\/v2\/media\/37629"}],"wp:attachment":[{"href":"https:\/\/qtmm.org\/qt\/wp-json\/wp\/v2\/media?parent=37628"}],"wp:term":[{"taxonomy":"category","embeddable":true,"href":"https:\/\/qtmm.org\/qt\/wp-json\/wp\/v2\/categories?post=37628"},{"taxonomy":"post_tag","embeddable":true,"href":"https:\/\/qtmm.org\/qt\/wp-json\/wp\/v2\/tags?post=37628"}],"curies":[{"name":"wp","href":"https:\/\/api.w.org\/{rel}","templated":true}]}}