




{"id":37618,"date":"2013-05-20T23:41:00","date_gmt":"2013-05-20T20:41:00","guid":{"rendered":"http:\/\/qtmm.org\/?p=37618"},"modified":"2022-01-23T23:42:30","modified_gmt":"2022-01-23T20:42:30","slug":"mayis-18-kunu-taskentte-surgunlik-qurbanlarinin-hatirasini-andilar","status":"publish","type":"post","link":"https:\/\/qtmm.org\/qt\/mayis-18-kunu-taskentte-surgunlik-qurbanlarinin-hatirasini-andilar\/","title":{"rendered":"May\u0131s 18 k\u00fcn\u00fc Ta\u015fkentte s\u00fcrg\u00fcnlik qurbanlar\u0131n\u0131\u00f1 hat\u0131ras\u0131n\u0131 a\u00f1d\u0131lar"},"content":{"rendered":"\n<p>Ta\u015fkentte 2013 senesi may\u0131s 18 k\u00fcn\u00fc saba saat 10-dan saat 13-ke qadar Repressiya qurbanlar\u0131 hat\u0131ras\u0131 m\u00fczeyinde q\u0131r\u0131mtatar halq\u0131 s\u00fcrg\u00fcnligini\u00f1 69 y\u0131ll\u0131\u011f\u0131 munasebetinen matem tedbiri ke\u00e7irildi. Bu aqta &#8220;Avdet&#8221; Q\u0131r\u0131mtatar milliy medeniy merkezi reisini\u00f1 muavini Aliye \u0130madinova haber etti.<\/p>\n\n\n\n<p>&#8220;Ta\u015fkentteki &#8220;Avdet&#8221; q\u0131r\u0131mtatar milliy medeniy merkezini\u00f1 davetine seslengen semetde\u015flerimiz s\u00fcrg\u00fcn etilgen insanlarn\u0131\u00f1 hat\u0131ras\u0131n\u0131 a\u00f1maq i\u00e7\u00fcn keldi, &#8211; dey A. \u0130madinova. \u2013 Acc\u0131lar\u0131m\u0131zn\u0131 biznen beraber payla\u015fmaq i\u00e7\u00fcn Ukrainan\u0131\u00f1 \u00d6zbekistandaki Vefqulade ve Toluvek\u00e2letli El\u00e7isi Yuriy Sav\u00e7enko, bun\u0131\u00f1 kibi Ukrainan\u0131\u00f1 \u00d6zbekistandaki Konsul\u0131 Sergey Kononenko, bun\u0131\u00f1 kibi Avstraliya, Frantsiya, \u00c7ehiya ve AQ\u015edan arqada\u015flar\u0131m\u0131z keldi&#8221;.<\/p>\n\n\n\n<figure class=\"wp-block-image size-full\"><img loading=\"lazy\" decoding=\"async\" width=\"700\" height=\"525\" src=\"http:\/\/qtmm.org\/wp-content\/uploads\/2022\/01\/img_3046_2.jpeg\" alt=\"\" class=\"wp-image-37619\" srcset=\"https:\/\/qtmm.org\/wp-content\/uploads\/2022\/01\/img_3046_2.jpeg 700w, https:\/\/qtmm.org\/wp-content\/uploads\/2022\/01\/img_3046_2-300x225.jpeg 300w\" sizes=\"auto, (max-width: 700px) 100vw, 700px\" \/><\/figure>\n\n\n\n<p>Repressiya qurbanlar\u0131na qoyul\u011fan abide yan\u0131nda Repressiya qurbanlar\u0131 hat\u0131ras\u0131 m\u00fczeyini\u00f1 direktor\u0131 Bahtiyor Hasanov ve Q\u0131r\u0131mtatar milliy medeniy merkezini\u00f1 reisi Nusret Cemilev \u00e7\u0131q\u0131\u015fta bulund\u0131lar.<\/p>\n\n\n\n<p>Yuriy Sav\u00e7enko \u00f6z \u00e7\u0131q\u0131\u015f\u0131nda 1944 senesi may\u0131s 18 facias\u0131 q\u0131r\u0131mtatar halq\u0131 tarih\u0131nda qara saife ol\u0131p, b\u00f6yle cinayet unut\u0131lmamal\u0131 ve ileride tekrarlanmas\u0131na yol qoymamal\u0131, dep qayd etti.<\/p>\n\n\n\n<p>Miting i\u015ftirak\u00e7ileri q\u0131r\u0131mtatar halq\u0131 soyq\u0131r\u0131m\u0131 qurbanlar\u0131n\u0131\u00f1 hat\u0131ras\u0131n\u0131 bir daqqal\u0131q suk\u00fcnet ile a\u00f1\u0131p, hat\u0131ra ta\u015f\u0131na \u00e7e\u00e7ekler qoyd\u0131lar.<\/p>\n\n\n\n<p>Matem merasimleri Repressiya qurbanlar\u0131 hat\u0131ras\u0131 m\u00fczeyinde devam etip, onda m\u00fczeyni\u00f1 ilmiy hadimi Rav\u015fan Nazarov, Tarih institut\u0131n\u0131\u00f1 yetek\u00e7i ilmiy hadimi Rinat \u015eagobeddinov, Avstraliyal\u0131 tarih\u00e7\u0131 tedqiqat\u00e7\u0131 Ri\u00e7ard Ansel \u00e7\u0131q\u0131\u015fta bulund\u0131lar. So\u00f1ra Vatan aqq\u0131nda \u015fiirler ya\u00f1\u011f\u0131rad\u0131.<\/p>\n\n\n\n<p>&#8220;Ta ki hayatta ekenmiz, biz o qara k\u00fcnlerni unutmamaq, nesilden-nesilge halq\u0131m\u0131zn\u0131\u00f1 acc\u0131s\u0131n\u0131 bildirmek borclum\u0131z, &#8211; dediler matem merasimini\u00f1 i\u015ftirak\u00e7ileri<\/p>\n","protected":false},"excerpt":{"rendered":"<p>Ta\u015fkentte 2013 senesi may\u0131s 18 k\u00fcn\u00fc saba saat 10-dan saat 13-ke qadar Repressiya qurbanlar\u0131 hat\u0131ras\u0131 m\u00fczeyinde q\u0131r\u0131mtatar halq\u0131 s\u00fcrg\u00fcnligini\u00f1 69 y\u0131ll\u0131\u011f\u0131 munasebetinen matem tedbiri ke\u00e7irildi. Bu aqta &#8220;Avdet&#8221; Q\u0131r\u0131mtatar milliy medeniy merkezi reisini\u00f1 muavini Aliye \u0130madinova haber etti. &#8220;Ta\u015fkentteki &#8220;Avdet&#8221; q\u0131r\u0131mtatar milliy medeniy merkezini\u00f1 davetine seslengen semetde\u015flerimiz s\u00fcrg\u00fcn etilgen insanlarn\u0131\u00f1 hat\u0131ras\u0131n\u0131 a\u00f1maq i\u00e7\u00fcn keldi, &#8211; [&hellip;]<\/p>\n","protected":false},"author":1,"featured_media":37623,"comment_status":"open","ping_status":"open","sticky":false,"template":"","format":"standard","meta":{"inline_featured_image":false,"footnotes":""},"categories":[265],"tags":[],"class_list":["post-37618","post","type-post","status-publish","format-standard","has-post-thumbnail","hentry","category-haberler"],"acf":[],"yoast_head":"<!-- This site is optimized with the Yoast SEO plugin v27.4 - https:\/\/yoast.com\/product\/yoast-seo-wordpress\/ -->\n<title>May\u0131s 18 k\u00fcn\u00fc Ta\u015fkentte s\u00fcrg\u00fcnlik qurbanlar\u0131n\u0131\u00f1 hat\u0131ras\u0131n\u0131 a\u00f1d\u0131lar - \u041c\u0435\u0434\u0436\u043b\u0456\u0441<\/title>\n<meta name=\"robots\" content=\"index, follow, max-snippet:-1, max-image-preview:large, max-video-preview:-1\" \/>\n<link rel=\"canonical\" href=\"https:\/\/qtmm.org\/qt\/mayis-18-kunu-taskentte-surgunlik-qurbanlarinin-hatirasini-andilar\/\" \/>\n<meta property=\"og:locale\" content=\"en_US\" \/>\n<meta property=\"og:type\" content=\"article\" \/>\n<meta property=\"og:title\" content=\"May\u0131s 18 k\u00fcn\u00fc Ta\u015fkentte s\u00fcrg\u00fcnlik qurbanlar\u0131n\u0131\u00f1 hat\u0131ras\u0131n\u0131 a\u00f1d\u0131lar - \u041c\u0435\u0434\u0436\u043b\u0456\u0441\" \/>\n<meta property=\"og:description\" content=\"Ta\u015fkentte 2013 senesi may\u0131s 18 k\u00fcn\u00fc saba saat 10-dan saat 13-ke qadar Repressiya qurbanlar\u0131 hat\u0131ras\u0131 m\u00fczeyinde q\u0131r\u0131mtatar halq\u0131 s\u00fcrg\u00fcnligini\u00f1 69 y\u0131ll\u0131\u011f\u0131 munasebetinen matem tedbiri ke\u00e7irildi. Bu aqta &#8220;Avdet&#8221; Q\u0131r\u0131mtatar milliy medeniy merkezi reisini\u00f1 muavini Aliye \u0130madinova haber etti. &#8220;Ta\u015fkentteki &#8220;Avdet&#8221; q\u0131r\u0131mtatar milliy medeniy merkezini\u00f1 davetine seslengen semetde\u015flerimiz s\u00fcrg\u00fcn etilgen insanlarn\u0131\u00f1 hat\u0131ras\u0131n\u0131 a\u00f1maq i\u00e7\u00fcn keldi, &#8211; [&hellip;]\" \/>\n<meta property=\"og:url\" content=\"https:\/\/qtmm.org\/qt\/mayis-18-kunu-taskentte-surgunlik-qurbanlarinin-hatirasini-andilar\/\" \/>\n<meta property=\"og:site_name\" content=\"\u041c\u0435\u0434\u0436\u043b\u0456\u0441\" \/>\n<meta property=\"article:publisher\" content=\"https:\/\/www.facebook.com\/qtmm.info\/\" \/>\n<meta property=\"article:published_time\" content=\"2013-05-20T20:41:00+00:00\" \/>\n<meta property=\"article:modified_time\" content=\"2022-01-23T20:42:30+00:00\" \/>\n<meta property=\"og:image\" content=\"https:\/\/qtmm.org\/wp-content\/uploads\/2022\/01\/img_3033_2.jpeg\" \/>\n\t<meta property=\"og:image:width\" content=\"700\" \/>\n\t<meta property=\"og:image:height\" content=\"525\" \/>\n\t<meta property=\"og:image:type\" content=\"image\/jpeg\" \/>\n<meta name=\"author\" content=\"Developer\" \/>\n<meta name=\"twitter:card\" content=\"summary_large_image\" \/>\n<meta name=\"twitter:label1\" content=\"Written by\" \/>\n\t<meta name=\"twitter:data1\" content=\"Developer\" \/>\n\t<meta name=\"twitter:label2\" content=\"Est. reading time\" \/>\n\t<meta name=\"twitter:data2\" content=\"1 minute\" \/>\n<script type=\"application\/ld+json\" class=\"yoast-schema-graph\">{\"@context\":\"https:\\\/\\\/schema.org\",\"@graph\":[{\"@type\":\"Article\",\"@id\":\"https:\\\/\\\/qtmm.org\\\/qt\\\/mayis-18-kunu-taskentte-surgunlik-qurbanlarinin-hatirasini-andilar\\\/#article\",\"isPartOf\":{\"@id\":\"https:\\\/\\\/qtmm.org\\\/qt\\\/mayis-18-kunu-taskentte-surgunlik-qurbanlarinin-hatirasini-andilar\\\/\"},\"author\":{\"name\":\"Developer\",\"@id\":\"https:\\\/\\\/qtmm.org\\\/qt\\\/#\\\/schema\\\/person\\\/de562469f971dec226ac06e60bbf74a7\"},\"headline\":\"May\u0131s 18 k\u00fcn\u00fc Ta\u015fkentte s\u00fcrg\u00fcnlik qurbanlar\u0131n\u0131\u00f1 hat\u0131ras\u0131n\u0131 a\u00f1d\u0131lar\",\"datePublished\":\"2013-05-20T20:41:00+00:00\",\"dateModified\":\"2022-01-23T20:42:30+00:00\",\"mainEntityOfPage\":{\"@id\":\"https:\\\/\\\/qtmm.org\\\/qt\\\/mayis-18-kunu-taskentte-surgunlik-qurbanlarinin-hatirasini-andilar\\\/\"},\"wordCount\":305,\"commentCount\":0,\"publisher\":{\"@id\":\"https:\\\/\\\/qtmm.org\\\/qt\\\/#organization\"},\"image\":{\"@id\":\"https:\\\/\\\/qtmm.org\\\/qt\\\/mayis-18-kunu-taskentte-surgunlik-qurbanlarinin-hatirasini-andilar\\\/#primaryimage\"},\"thumbnailUrl\":\"https:\\\/\\\/qtmm.org\\\/wp-content\\\/uploads\\\/2022\\\/01\\\/img_3033_2.jpeg\",\"articleSection\":[\"Haberler\"],\"inLanguage\":\"qt\",\"potentialAction\":[{\"@type\":\"CommentAction\",\"name\":\"Comment\",\"target\":[\"https:\\\/\\\/qtmm.org\\\/qt\\\/mayis-18-kunu-taskentte-surgunlik-qurbanlarinin-hatirasini-andilar\\\/#respond\"]}]},{\"@type\":\"WebPage\",\"@id\":\"https:\\\/\\\/qtmm.org\\\/qt\\\/mayis-18-kunu-taskentte-surgunlik-qurbanlarinin-hatirasini-andilar\\\/\",\"url\":\"https:\\\/\\\/qtmm.org\\\/qt\\\/mayis-18-kunu-taskentte-surgunlik-qurbanlarinin-hatirasini-andilar\\\/\",\"name\":\"May\u0131s 18 k\u00fcn\u00fc Ta\u015fkentte s\u00fcrg\u00fcnlik qurbanlar\u0131n\u0131\u00f1 hat\u0131ras\u0131n\u0131 a\u00f1d\u0131lar - \u041c\u0435\u0434\u0436\u043b\u0456\u0441\",\"isPartOf\":{\"@id\":\"https:\\\/\\\/qtmm.org\\\/qt\\\/#website\"},\"primaryImageOfPage\":{\"@id\":\"https:\\\/\\\/qtmm.org\\\/qt\\\/mayis-18-kunu-taskentte-surgunlik-qurbanlarinin-hatirasini-andilar\\\/#primaryimage\"},\"image\":{\"@id\":\"https:\\\/\\\/qtmm.org\\\/qt\\\/mayis-18-kunu-taskentte-surgunlik-qurbanlarinin-hatirasini-andilar\\\/#primaryimage\"},\"thumbnailUrl\":\"https:\\\/\\\/qtmm.org\\\/wp-content\\\/uploads\\\/2022\\\/01\\\/img_3033_2.jpeg\",\"datePublished\":\"2013-05-20T20:41:00+00:00\",\"dateModified\":\"2022-01-23T20:42:30+00:00\",\"breadcrumb\":{\"@id\":\"https:\\\/\\\/qtmm.org\\\/qt\\\/mayis-18-kunu-taskentte-surgunlik-qurbanlarinin-hatirasini-andilar\\\/#breadcrumb\"},\"inLanguage\":\"qt\",\"potentialAction\":[{\"@type\":\"ReadAction\",\"target\":[\"https:\\\/\\\/qtmm.org\\\/qt\\\/mayis-18-kunu-taskentte-surgunlik-qurbanlarinin-hatirasini-andilar\\\/\"]}]},{\"@type\":\"ImageObject\",\"inLanguage\":\"qt\",\"@id\":\"https:\\\/\\\/qtmm.org\\\/qt\\\/mayis-18-kunu-taskentte-surgunlik-qurbanlarinin-hatirasini-andilar\\\/#primaryimage\",\"url\":\"https:\\\/\\\/qtmm.org\\\/wp-content\\\/uploads\\\/2022\\\/01\\\/img_3033_2.jpeg\",\"contentUrl\":\"https:\\\/\\\/qtmm.org\\\/wp-content\\\/uploads\\\/2022\\\/01\\\/img_3033_2.jpeg\",\"width\":700,\"height\":525},{\"@type\":\"BreadcrumbList\",\"@id\":\"https:\\\/\\\/qtmm.org\\\/qt\\\/mayis-18-kunu-taskentte-surgunlik-qurbanlarinin-hatirasini-andilar\\\/#breadcrumb\",\"itemListElement\":[{\"@type\":\"ListItem\",\"position\":1,\"name\":\"\u0413\u043e\u043b\u043e\u0432\u043d\u0430\",\"item\":\"https:\\\/\\\/qtmm.org\\\/qt\\\/\"},{\"@type\":\"ListItem\",\"position\":2,\"name\":\"May\u0131s 18 k\u00fcn\u00fc Ta\u015fkentte s\u00fcrg\u00fcnlik qurbanlar\u0131n\u0131\u00f1 hat\u0131ras\u0131n\u0131 a\u00f1d\u0131lar\"}]},{\"@type\":\"WebSite\",\"@id\":\"https:\\\/\\\/qtmm.org\\\/qt\\\/#website\",\"url\":\"https:\\\/\\\/qtmm.org\\\/qt\\\/\",\"name\":\"\u041c\u0435\u0434\u0436\u043b\u0456\u0441\",\"description\":\"\",\"publisher\":{\"@id\":\"https:\\\/\\\/qtmm.org\\\/qt\\\/#organization\"},\"potentialAction\":[{\"@type\":\"SearchAction\",\"target\":{\"@type\":\"EntryPoint\",\"urlTemplate\":\"https:\\\/\\\/qtmm.org\\\/qt\\\/?s={search_term_string}\"},\"query-input\":{\"@type\":\"PropertyValueSpecification\",\"valueRequired\":true,\"valueName\":\"search_term_string\"}}],\"inLanguage\":\"qt\"},{\"@type\":\"Organization\",\"@id\":\"https:\\\/\\\/qtmm.org\\\/qt\\\/#organization\",\"name\":\"\u041c\u0435\u0434\u0436\u043b\u0456\u0441\",\"url\":\"https:\\\/\\\/qtmm.org\\\/qt\\\/\",\"logo\":{\"@type\":\"ImageObject\",\"inLanguage\":\"qt\",\"@id\":\"https:\\\/\\\/qtmm.org\\\/qt\\\/#\\\/schema\\\/logo\\\/image\\\/\",\"url\":\"https:\\\/\\\/qtmm.org\\\/wp-content\\\/uploads\\\/2024\\\/12\\\/ua-mejlis-logo-rgb.svg\",\"contentUrl\":\"https:\\\/\\\/qtmm.org\\\/wp-content\\\/uploads\\\/2024\\\/12\\\/ua-mejlis-logo-rgb.svg\",\"caption\":\"\u041c\u0435\u0434\u0436\u043b\u0456\u0441\"},\"image\":{\"@id\":\"https:\\\/\\\/qtmm.org\\\/qt\\\/#\\\/schema\\\/logo\\\/image\\\/\"},\"sameAs\":[\"https:\\\/\\\/www.facebook.com\\\/qtmm.info\\\/\"]},{\"@type\":\"Person\",\"@id\":\"https:\\\/\\\/qtmm.org\\\/qt\\\/#\\\/schema\\\/person\\\/de562469f971dec226ac06e60bbf74a7\",\"name\":\"Developer\",\"image\":{\"@type\":\"ImageObject\",\"inLanguage\":\"qt\",\"@id\":\"https:\\\/\\\/secure.gravatar.com\\\/avatar\\\/392b4cc8fbfeb00b39dfeeab4ee6edded39ffd48e25858637e4765810300227e?s=96&d=mm&r=g\",\"url\":\"https:\\\/\\\/secure.gravatar.com\\\/avatar\\\/392b4cc8fbfeb00b39dfeeab4ee6edded39ffd48e25858637e4765810300227e?s=96&d=mm&r=g\",\"contentUrl\":\"https:\\\/\\\/secure.gravatar.com\\\/avatar\\\/392b4cc8fbfeb00b39dfeeab4ee6edded39ffd48e25858637e4765810300227e?s=96&d=mm&r=g\",\"caption\":\"Developer\"},\"url\":\"https:\\\/\\\/qtmm.org\\\/qt\\\/author\\\/Developer\\\/\"}]}<\/script>\n<!-- \/ Yoast SEO plugin. -->","yoast_head_json":{"title":"May\u0131s 18 k\u00fcn\u00fc Ta\u015fkentte s\u00fcrg\u00fcnlik qurbanlar\u0131n\u0131\u00f1 hat\u0131ras\u0131n\u0131 a\u00f1d\u0131lar - \u041c\u0435\u0434\u0436\u043b\u0456\u0441","robots":{"index":"index","follow":"follow","max-snippet":"max-snippet:-1","max-image-preview":"max-image-preview:large","max-video-preview":"max-video-preview:-1"},"canonical":"https:\/\/qtmm.org\/qt\/mayis-18-kunu-taskentte-surgunlik-qurbanlarinin-hatirasini-andilar\/","og_locale":"en_US","og_type":"article","og_title":"May\u0131s 18 k\u00fcn\u00fc Ta\u015fkentte s\u00fcrg\u00fcnlik qurbanlar\u0131n\u0131\u00f1 hat\u0131ras\u0131n\u0131 a\u00f1d\u0131lar - \u041c\u0435\u0434\u0436\u043b\u0456\u0441","og_description":"Ta\u015fkentte 2013 senesi may\u0131s 18 k\u00fcn\u00fc saba saat 10-dan saat 13-ke qadar Repressiya qurbanlar\u0131 hat\u0131ras\u0131 m\u00fczeyinde q\u0131r\u0131mtatar halq\u0131 s\u00fcrg\u00fcnligini\u00f1 69 y\u0131ll\u0131\u011f\u0131 munasebetinen matem tedbiri ke\u00e7irildi. Bu aqta &#8220;Avdet&#8221; Q\u0131r\u0131mtatar milliy medeniy merkezi reisini\u00f1 muavini Aliye \u0130madinova haber etti. &#8220;Ta\u015fkentteki &#8220;Avdet&#8221; q\u0131r\u0131mtatar milliy medeniy merkezini\u00f1 davetine seslengen semetde\u015flerimiz s\u00fcrg\u00fcn etilgen insanlarn\u0131\u00f1 hat\u0131ras\u0131n\u0131 a\u00f1maq i\u00e7\u00fcn keldi, &#8211; [&hellip;]","og_url":"https:\/\/qtmm.org\/qt\/mayis-18-kunu-taskentte-surgunlik-qurbanlarinin-hatirasini-andilar\/","og_site_name":"\u041c\u0435\u0434\u0436\u043b\u0456\u0441","article_publisher":"https:\/\/www.facebook.com\/qtmm.info\/","article_published_time":"2013-05-20T20:41:00+00:00","article_modified_time":"2022-01-23T20:42:30+00:00","og_image":[{"width":700,"height":525,"url":"https:\/\/qtmm.org\/wp-content\/uploads\/2022\/01\/img_3033_2.jpeg","type":"image\/jpeg"}],"author":"Developer","twitter_card":"summary_large_image","twitter_misc":{"Written by":"Developer","Est. reading time":"1 minute"},"schema":{"@context":"https:\/\/schema.org","@graph":[{"@type":"Article","@id":"https:\/\/qtmm.org\/qt\/mayis-18-kunu-taskentte-surgunlik-qurbanlarinin-hatirasini-andilar\/#article","isPartOf":{"@id":"https:\/\/qtmm.org\/qt\/mayis-18-kunu-taskentte-surgunlik-qurbanlarinin-hatirasini-andilar\/"},"author":{"name":"Developer","@id":"https:\/\/qtmm.org\/qt\/#\/schema\/person\/de562469f971dec226ac06e60bbf74a7"},"headline":"May\u0131s 18 k\u00fcn\u00fc Ta\u015fkentte s\u00fcrg\u00fcnlik qurbanlar\u0131n\u0131\u00f1 hat\u0131ras\u0131n\u0131 a\u00f1d\u0131lar","datePublished":"2013-05-20T20:41:00+00:00","dateModified":"2022-01-23T20:42:30+00:00","mainEntityOfPage":{"@id":"https:\/\/qtmm.org\/qt\/mayis-18-kunu-taskentte-surgunlik-qurbanlarinin-hatirasini-andilar\/"},"wordCount":305,"commentCount":0,"publisher":{"@id":"https:\/\/qtmm.org\/qt\/#organization"},"image":{"@id":"https:\/\/qtmm.org\/qt\/mayis-18-kunu-taskentte-surgunlik-qurbanlarinin-hatirasini-andilar\/#primaryimage"},"thumbnailUrl":"https:\/\/qtmm.org\/wp-content\/uploads\/2022\/01\/img_3033_2.jpeg","articleSection":["Haberler"],"inLanguage":"qt","potentialAction":[{"@type":"CommentAction","name":"Comment","target":["https:\/\/qtmm.org\/qt\/mayis-18-kunu-taskentte-surgunlik-qurbanlarinin-hatirasini-andilar\/#respond"]}]},{"@type":"WebPage","@id":"https:\/\/qtmm.org\/qt\/mayis-18-kunu-taskentte-surgunlik-qurbanlarinin-hatirasini-andilar\/","url":"https:\/\/qtmm.org\/qt\/mayis-18-kunu-taskentte-surgunlik-qurbanlarinin-hatirasini-andilar\/","name":"May\u0131s 18 k\u00fcn\u00fc Ta\u015fkentte s\u00fcrg\u00fcnlik qurbanlar\u0131n\u0131\u00f1 hat\u0131ras\u0131n\u0131 a\u00f1d\u0131lar - \u041c\u0435\u0434\u0436\u043b\u0456\u0441","isPartOf":{"@id":"https:\/\/qtmm.org\/qt\/#website"},"primaryImageOfPage":{"@id":"https:\/\/qtmm.org\/qt\/mayis-18-kunu-taskentte-surgunlik-qurbanlarinin-hatirasini-andilar\/#primaryimage"},"image":{"@id":"https:\/\/qtmm.org\/qt\/mayis-18-kunu-taskentte-surgunlik-qurbanlarinin-hatirasini-andilar\/#primaryimage"},"thumbnailUrl":"https:\/\/qtmm.org\/wp-content\/uploads\/2022\/01\/img_3033_2.jpeg","datePublished":"2013-05-20T20:41:00+00:00","dateModified":"2022-01-23T20:42:30+00:00","breadcrumb":{"@id":"https:\/\/qtmm.org\/qt\/mayis-18-kunu-taskentte-surgunlik-qurbanlarinin-hatirasini-andilar\/#breadcrumb"},"inLanguage":"qt","potentialAction":[{"@type":"ReadAction","target":["https:\/\/qtmm.org\/qt\/mayis-18-kunu-taskentte-surgunlik-qurbanlarinin-hatirasini-andilar\/"]}]},{"@type":"ImageObject","inLanguage":"qt","@id":"https:\/\/qtmm.org\/qt\/mayis-18-kunu-taskentte-surgunlik-qurbanlarinin-hatirasini-andilar\/#primaryimage","url":"https:\/\/qtmm.org\/wp-content\/uploads\/2022\/01\/img_3033_2.jpeg","contentUrl":"https:\/\/qtmm.org\/wp-content\/uploads\/2022\/01\/img_3033_2.jpeg","width":700,"height":525},{"@type":"BreadcrumbList","@id":"https:\/\/qtmm.org\/qt\/mayis-18-kunu-taskentte-surgunlik-qurbanlarinin-hatirasini-andilar\/#breadcrumb","itemListElement":[{"@type":"ListItem","position":1,"name":"\u0413\u043e\u043b\u043e\u0432\u043d\u0430","item":"https:\/\/qtmm.org\/qt\/"},{"@type":"ListItem","position":2,"name":"May\u0131s 18 k\u00fcn\u00fc Ta\u015fkentte s\u00fcrg\u00fcnlik qurbanlar\u0131n\u0131\u00f1 hat\u0131ras\u0131n\u0131 a\u00f1d\u0131lar"}]},{"@type":"WebSite","@id":"https:\/\/qtmm.org\/qt\/#website","url":"https:\/\/qtmm.org\/qt\/","name":"\u041c\u0435\u0434\u0436\u043b\u0456\u0441","description":"","publisher":{"@id":"https:\/\/qtmm.org\/qt\/#organization"},"potentialAction":[{"@type":"SearchAction","target":{"@type":"EntryPoint","urlTemplate":"https:\/\/qtmm.org\/qt\/?s={search_term_string}"},"query-input":{"@type":"PropertyValueSpecification","valueRequired":true,"valueName":"search_term_string"}}],"inLanguage":"qt"},{"@type":"Organization","@id":"https:\/\/qtmm.org\/qt\/#organization","name":"\u041c\u0435\u0434\u0436\u043b\u0456\u0441","url":"https:\/\/qtmm.org\/qt\/","logo":{"@type":"ImageObject","inLanguage":"qt","@id":"https:\/\/qtmm.org\/qt\/#\/schema\/logo\/image\/","url":"https:\/\/qtmm.org\/wp-content\/uploads\/2024\/12\/ua-mejlis-logo-rgb.svg","contentUrl":"https:\/\/qtmm.org\/wp-content\/uploads\/2024\/12\/ua-mejlis-logo-rgb.svg","caption":"\u041c\u0435\u0434\u0436\u043b\u0456\u0441"},"image":{"@id":"https:\/\/qtmm.org\/qt\/#\/schema\/logo\/image\/"},"sameAs":["https:\/\/www.facebook.com\/qtmm.info\/"]},{"@type":"Person","@id":"https:\/\/qtmm.org\/qt\/#\/schema\/person\/de562469f971dec226ac06e60bbf74a7","name":"Developer","image":{"@type":"ImageObject","inLanguage":"qt","@id":"https:\/\/secure.gravatar.com\/avatar\/392b4cc8fbfeb00b39dfeeab4ee6edded39ffd48e25858637e4765810300227e?s=96&d=mm&r=g","url":"https:\/\/secure.gravatar.com\/avatar\/392b4cc8fbfeb00b39dfeeab4ee6edded39ffd48e25858637e4765810300227e?s=96&d=mm&r=g","contentUrl":"https:\/\/secure.gravatar.com\/avatar\/392b4cc8fbfeb00b39dfeeab4ee6edded39ffd48e25858637e4765810300227e?s=96&d=mm&r=g","caption":"Developer"},"url":"https:\/\/qtmm.org\/qt\/author\/Developer\/"}]}},"_links":{"self":[{"href":"https:\/\/qtmm.org\/qt\/wp-json\/wp\/v2\/posts\/37618","targetHints":{"allow":["GET"]}}],"collection":[{"href":"https:\/\/qtmm.org\/qt\/wp-json\/wp\/v2\/posts"}],"about":[{"href":"https:\/\/qtmm.org\/qt\/wp-json\/wp\/v2\/types\/post"}],"author":[{"embeddable":true,"href":"https:\/\/qtmm.org\/qt\/wp-json\/wp\/v2\/users\/1"}],"replies":[{"embeddable":true,"href":"https:\/\/qtmm.org\/qt\/wp-json\/wp\/v2\/comments?post=37618"}],"version-history":[{"count":1,"href":"https:\/\/qtmm.org\/qt\/wp-json\/wp\/v2\/posts\/37618\/revisions"}],"predecessor-version":[{"id":37627,"href":"https:\/\/qtmm.org\/qt\/wp-json\/wp\/v2\/posts\/37618\/revisions\/37627"}],"wp:featuredmedia":[{"embeddable":true,"href":"https:\/\/qtmm.org\/qt\/wp-json\/wp\/v2\/media\/37623"}],"wp:attachment":[{"href":"https:\/\/qtmm.org\/qt\/wp-json\/wp\/v2\/media?parent=37618"}],"wp:term":[{"taxonomy":"category","embeddable":true,"href":"https:\/\/qtmm.org\/qt\/wp-json\/wp\/v2\/categories?post=37618"},{"taxonomy":"post_tag","embeddable":true,"href":"https:\/\/qtmm.org\/qt\/wp-json\/wp\/v2\/tags?post=37618"}],"curies":[{"name":"wp","href":"https:\/\/api.w.org\/{rel}","templated":true}]}}