




{"id":37612,"date":"2013-05-20T23:40:00","date_gmt":"2013-05-20T20:40:00","guid":{"rendered":"http:\/\/qtmm.org\/?p=37612"},"modified":"2022-01-23T23:41:11","modified_gmt":"2022-01-23T20:41:11","slug":"niderlandda-qirimtatar-diasporasi-surgunlik-qurbanlarinin-hatirasini-andi","status":"publish","type":"post","link":"https:\/\/qtmm.org\/qt\/niderlandda-qirimtatar-diasporasi-surgunlik-qurbanlarinin-hatirasini-andi\/","title":{"rendered":"Niderlandda q\u0131r\u0131mtatar diasporas\u0131 s\u00fcrg\u00fcnlik qurbanlar\u0131n\u0131\u00f1 hat\u0131ras\u0131n\u0131 a\u00f1d\u0131"},"content":{"rendered":"\n<p>2013 senesi may\u0131s 18 \u2013 q\u0131r\u0131mtatar halq\u0131n\u0131\u00f1 matem k\u00fcn\u00fc Avropa Birligine kirgen devletlerde \u015fu memleketlerdeki q\u0131r\u0131mtatar diasporas\u0131 vekilleri S\u00fcrg\u00fcnlik qurbanlar\u0131n\u0131\u00f1 hat\u0131ras\u0131n\u0131 a\u00f1\u0131p, Ukrainadan q\u0131r\u0131mtatar halq\u0131n\u0131\u00f1 \u00f6z Vatan\u0131nda aqlar\u0131n\u0131 tiklemesini talap ettiler.<\/p>\n\n\n\n<p>\u011earbiy Avropa q\u0131r\u0131mtatar medeniy ve yard\u0131mla\u015fma merkezini\u00f1 reisi Mehmet T\u00fct\u00fcnci bildirgenine k\u00f6re Gaagada may\u0131s 18 k\u00fcn\u00fc Ukraina el\u00e7iligi \u00f6g\u00fcnde S\u00fcrg\u00fcnlik qurbanlar\u0131 hat\u0131ras\u0131na miting ke\u00e7irildi.<\/p>\n\n\n\n<p>Niderlanddaki mitingde Niderland musulmanlar\u0131n\u0131\u00f1 yolba\u015f\u00e7\u0131s\u0131 Ebubekir \u00d6zt\u00fcre, Niderland Avropa t\u00fcrk demokratlar\u0131 birligini\u00f1 ba\u015f\u0131 Veis G\u00fcngor, T\u00fcrklerni\u00f1 \u0130sl\u00e2m medeniyeti dernegini\u00f1 ba\u015f\u0131 Ali \u0130hsan Unal bulund\u0131lar. Merasim s\u00fcrg\u00fcnlikte ve \u011furbet ilde vefat etkenlerni\u00f1 ruhlar\u0131na dua oquvnen ba\u015flan\u0131p, so\u00f1ra merhumlarn\u0131\u00f1 hat\u0131ras\u0131 bir daqqa suk\u00fcnet saqlavnen a\u00f1\u0131ld\u0131. Merasim i\u015ftirak\u00e7ileri \u00f6g\u00fcnde \u011earbiy Avropa q\u0131r\u0131mtatar medeniy ve yard\u0131mla\u015fma merkezini\u00f1 reisi Mehmet T\u00fct\u00fcnci \u00e7\u0131q\u0131\u015fta bulun\u0131p, q\u0131r\u0131mtatarlar s\u00fcrg\u00fcnlikte \u00e7ekken me\u015faqatlarn\u0131 tarif etti ve merhumlar\u011fa Allahtan rahmet tiledi.<\/p>\n\n\n\n<p>T\u00fct\u00fcnci mitingni\u00f1 maqsad\u0131 Mogil\u00f6vn\u0131\u00f1 q\u0131r\u0131mtatarlar\u011fa nisbeten munasebetine naraz\u0131l\u0131q bildirmektir, dep qayd etti ve bu meseleni\u00f1 \u00e7eziminde Ukrainadan ait tedbirler almas\u0131n\u0131 beklegenlerini qo\u015ft\u0131. Aktsiya i\u015ftirak\u00e7ileri Ukrainan\u0131\u00f1 Niderlanddaki el\u00e7iligine q\u0131r\u0131mtatar halq\u0131n\u0131\u00f1 aqlar\u0131 qor\u00e7alanmas\u0131n\u0131 talap etken mekt\u00fcp yollad\u0131lar.<\/p>\n\n\n\n<p>Mitingde i\u015ftirak etken Avropa Parlamentini\u00f1 deputat\u0131, tam\u0131rlar\u0131 q\u0131r\u0131ml\u0131 ol\u011fan Emine Bozqurt Q\u0131r\u0131mtatar halq\u0131 Meclisine h\u0131taben yaz\u011fan muracaat\u0131n\u0131 oqud\u0131, onda o, Q\u0131r\u0131m Nazirler \u015furas\u0131n\u0131\u00f1 reisi A. Mogil\u00f6vn\u0131\u00f1 siyasetinden tel\u00e2\u015flan\u011fan\u0131n\u0131 bildire.<\/p>\n\n\n\n<p>Ukrainan\u0131\u00f1 Niderlanddaki El\u00e7isi Aleksandr G\u00f6rin Ny\u00fc-Yorkta bulunghan\u0131 sebebinden mitingde i\u015ftirak etip olamad\u0131, l\u00e2kin Ukraina el\u00e7isi olaraq kelecek y\u0131lda umumiy bir merasim ke\u00e7irmekni teklif etti.<\/p>\n","protected":false},"excerpt":{"rendered":"<p>2013 senesi may\u0131s 18 \u2013 q\u0131r\u0131mtatar halq\u0131n\u0131\u00f1 matem k\u00fcn\u00fc Avropa Birligine kirgen devletlerde \u015fu memleketlerdeki q\u0131r\u0131mtatar diasporas\u0131 vekilleri S\u00fcrg\u00fcnlik qurbanlar\u0131n\u0131\u00f1 hat\u0131ras\u0131n\u0131 a\u00f1\u0131p, Ukrainadan q\u0131r\u0131mtatar halq\u0131n\u0131\u00f1 \u00f6z Vatan\u0131nda aqlar\u0131n\u0131 tiklemesini talap ettiler. \u011earbiy Avropa q\u0131r\u0131mtatar medeniy ve yard\u0131mla\u015fma merkezini\u00f1 reisi Mehmet T\u00fct\u00fcnci bildirgenine k\u00f6re Gaagada may\u0131s 18 k\u00fcn\u00fc Ukraina el\u00e7iligi \u00f6g\u00fcnde S\u00fcrg\u00fcnlik qurbanlar\u0131 hat\u0131ras\u0131na miting ke\u00e7irildi. [&hellip;]<\/p>\n","protected":false},"author":1,"featured_media":37613,"comment_status":"open","ping_status":"open","sticky":false,"template":"","format":"standard","meta":{"inline_featured_image":false,"footnotes":""},"categories":[265],"tags":[],"class_list":["post-37612","post","type-post","status-publish","format-standard","has-post-thumbnail","hentry","category-haberler"],"acf":[],"yoast_head":"<!-- This site is optimized with the Yoast SEO plugin v27.4 - https:\/\/yoast.com\/product\/yoast-seo-wordpress\/ -->\n<title>Niderlandda q\u0131r\u0131mtatar diasporas\u0131 s\u00fcrg\u00fcnlik qurbanlar\u0131n\u0131\u00f1 hat\u0131ras\u0131n\u0131 a\u00f1d\u0131 - \u041c\u0435\u0434\u0436\u043b\u0456\u0441<\/title>\n<meta name=\"robots\" content=\"index, follow, max-snippet:-1, max-image-preview:large, max-video-preview:-1\" \/>\n<link rel=\"canonical\" href=\"https:\/\/qtmm.org\/qt\/niderlandda-qirimtatar-diasporasi-surgunlik-qurbanlarinin-hatirasini-andi\/\" \/>\n<meta property=\"og:locale\" content=\"en_US\" \/>\n<meta property=\"og:type\" content=\"article\" \/>\n<meta property=\"og:title\" content=\"Niderlandda q\u0131r\u0131mtatar diasporas\u0131 s\u00fcrg\u00fcnlik qurbanlar\u0131n\u0131\u00f1 hat\u0131ras\u0131n\u0131 a\u00f1d\u0131 - \u041c\u0435\u0434\u0436\u043b\u0456\u0441\" \/>\n<meta property=\"og:description\" content=\"2013 senesi may\u0131s 18 \u2013 q\u0131r\u0131mtatar halq\u0131n\u0131\u00f1 matem k\u00fcn\u00fc Avropa Birligine kirgen devletlerde \u015fu memleketlerdeki q\u0131r\u0131mtatar diasporas\u0131 vekilleri S\u00fcrg\u00fcnlik qurbanlar\u0131n\u0131\u00f1 hat\u0131ras\u0131n\u0131 a\u00f1\u0131p, Ukrainadan q\u0131r\u0131mtatar halq\u0131n\u0131\u00f1 \u00f6z Vatan\u0131nda aqlar\u0131n\u0131 tiklemesini talap ettiler. \u011earbiy Avropa q\u0131r\u0131mtatar medeniy ve yard\u0131mla\u015fma merkezini\u00f1 reisi Mehmet T\u00fct\u00fcnci bildirgenine k\u00f6re Gaagada may\u0131s 18 k\u00fcn\u00fc Ukraina el\u00e7iligi \u00f6g\u00fcnde S\u00fcrg\u00fcnlik qurbanlar\u0131 hat\u0131ras\u0131na miting ke\u00e7irildi. [&hellip;]\" \/>\n<meta property=\"og:url\" content=\"https:\/\/qtmm.org\/qt\/niderlandda-qirimtatar-diasporasi-surgunlik-qurbanlarinin-hatirasini-andi\/\" \/>\n<meta property=\"og:site_name\" content=\"\u041c\u0435\u0434\u0436\u043b\u0456\u0441\" \/>\n<meta property=\"article:publisher\" content=\"https:\/\/www.facebook.com\/qtmm.info\/\" \/>\n<meta property=\"article:published_time\" content=\"2013-05-20T20:40:00+00:00\" \/>\n<meta property=\"article:modified_time\" content=\"2022-01-23T20:41:11+00:00\" \/>\n<meta property=\"og:image\" content=\"https:\/\/qtmm.org\/wp-content\/uploads\/2022\/01\/k_r_m_demo_08_180513.jpeg\" \/>\n\t<meta property=\"og:image:width\" content=\"640\" \/>\n\t<meta property=\"og:image:height\" content=\"360\" \/>\n\t<meta property=\"og:image:type\" content=\"image\/jpeg\" \/>\n<meta name=\"author\" content=\"Developer\" \/>\n<meta name=\"twitter:card\" content=\"summary_large_image\" \/>\n<meta name=\"twitter:label1\" content=\"Written by\" \/>\n\t<meta name=\"twitter:data1\" content=\"Developer\" \/>\n\t<meta name=\"twitter:label2\" content=\"Est. reading time\" \/>\n\t<meta name=\"twitter:data2\" content=\"2 minutes\" \/>\n<script type=\"application\/ld+json\" class=\"yoast-schema-graph\">{\"@context\":\"https:\\\/\\\/schema.org\",\"@graph\":[{\"@type\":\"Article\",\"@id\":\"https:\\\/\\\/qtmm.org\\\/qt\\\/niderlandda-qirimtatar-diasporasi-surgunlik-qurbanlarinin-hatirasini-andi\\\/#article\",\"isPartOf\":{\"@id\":\"https:\\\/\\\/qtmm.org\\\/qt\\\/niderlandda-qirimtatar-diasporasi-surgunlik-qurbanlarinin-hatirasini-andi\\\/\"},\"author\":{\"name\":\"Developer\",\"@id\":\"https:\\\/\\\/qtmm.org\\\/qt\\\/#\\\/schema\\\/person\\\/de562469f971dec226ac06e60bbf74a7\"},\"headline\":\"Niderlandda q\u0131r\u0131mtatar diasporas\u0131 s\u00fcrg\u00fcnlik qurbanlar\u0131n\u0131\u00f1 hat\u0131ras\u0131n\u0131 a\u00f1d\u0131\",\"datePublished\":\"2013-05-20T20:40:00+00:00\",\"dateModified\":\"2022-01-23T20:41:11+00:00\",\"mainEntityOfPage\":{\"@id\":\"https:\\\/\\\/qtmm.org\\\/qt\\\/niderlandda-qirimtatar-diasporasi-surgunlik-qurbanlarinin-hatirasini-andi\\\/\"},\"wordCount\":336,\"commentCount\":0,\"publisher\":{\"@id\":\"https:\\\/\\\/qtmm.org\\\/qt\\\/#organization\"},\"image\":{\"@id\":\"https:\\\/\\\/qtmm.org\\\/qt\\\/niderlandda-qirimtatar-diasporasi-surgunlik-qurbanlarinin-hatirasini-andi\\\/#primaryimage\"},\"thumbnailUrl\":\"https:\\\/\\\/qtmm.org\\\/wp-content\\\/uploads\\\/2022\\\/01\\\/k_r_m_demo_08_180513.jpeg\",\"articleSection\":[\"Haberler\"],\"inLanguage\":\"qt\",\"potentialAction\":[{\"@type\":\"CommentAction\",\"name\":\"Comment\",\"target\":[\"https:\\\/\\\/qtmm.org\\\/qt\\\/niderlandda-qirimtatar-diasporasi-surgunlik-qurbanlarinin-hatirasini-andi\\\/#respond\"]}]},{\"@type\":\"WebPage\",\"@id\":\"https:\\\/\\\/qtmm.org\\\/qt\\\/niderlandda-qirimtatar-diasporasi-surgunlik-qurbanlarinin-hatirasini-andi\\\/\",\"url\":\"https:\\\/\\\/qtmm.org\\\/qt\\\/niderlandda-qirimtatar-diasporasi-surgunlik-qurbanlarinin-hatirasini-andi\\\/\",\"name\":\"Niderlandda q\u0131r\u0131mtatar diasporas\u0131 s\u00fcrg\u00fcnlik qurbanlar\u0131n\u0131\u00f1 hat\u0131ras\u0131n\u0131 a\u00f1d\u0131 - \u041c\u0435\u0434\u0436\u043b\u0456\u0441\",\"isPartOf\":{\"@id\":\"https:\\\/\\\/qtmm.org\\\/qt\\\/#website\"},\"primaryImageOfPage\":{\"@id\":\"https:\\\/\\\/qtmm.org\\\/qt\\\/niderlandda-qirimtatar-diasporasi-surgunlik-qurbanlarinin-hatirasini-andi\\\/#primaryimage\"},\"image\":{\"@id\":\"https:\\\/\\\/qtmm.org\\\/qt\\\/niderlandda-qirimtatar-diasporasi-surgunlik-qurbanlarinin-hatirasini-andi\\\/#primaryimage\"},\"thumbnailUrl\":\"https:\\\/\\\/qtmm.org\\\/wp-content\\\/uploads\\\/2022\\\/01\\\/k_r_m_demo_08_180513.jpeg\",\"datePublished\":\"2013-05-20T20:40:00+00:00\",\"dateModified\":\"2022-01-23T20:41:11+00:00\",\"breadcrumb\":{\"@id\":\"https:\\\/\\\/qtmm.org\\\/qt\\\/niderlandda-qirimtatar-diasporasi-surgunlik-qurbanlarinin-hatirasini-andi\\\/#breadcrumb\"},\"inLanguage\":\"qt\",\"potentialAction\":[{\"@type\":\"ReadAction\",\"target\":[\"https:\\\/\\\/qtmm.org\\\/qt\\\/niderlandda-qirimtatar-diasporasi-surgunlik-qurbanlarinin-hatirasini-andi\\\/\"]}]},{\"@type\":\"ImageObject\",\"inLanguage\":\"qt\",\"@id\":\"https:\\\/\\\/qtmm.org\\\/qt\\\/niderlandda-qirimtatar-diasporasi-surgunlik-qurbanlarinin-hatirasini-andi\\\/#primaryimage\",\"url\":\"https:\\\/\\\/qtmm.org\\\/wp-content\\\/uploads\\\/2022\\\/01\\\/k_r_m_demo_08_180513.jpeg\",\"contentUrl\":\"https:\\\/\\\/qtmm.org\\\/wp-content\\\/uploads\\\/2022\\\/01\\\/k_r_m_demo_08_180513.jpeg\",\"width\":640,\"height\":360},{\"@type\":\"BreadcrumbList\",\"@id\":\"https:\\\/\\\/qtmm.org\\\/qt\\\/niderlandda-qirimtatar-diasporasi-surgunlik-qurbanlarinin-hatirasini-andi\\\/#breadcrumb\",\"itemListElement\":[{\"@type\":\"ListItem\",\"position\":1,\"name\":\"\u0413\u043e\u043b\u043e\u0432\u043d\u0430\",\"item\":\"https:\\\/\\\/qtmm.org\\\/qt\\\/\"},{\"@type\":\"ListItem\",\"position\":2,\"name\":\"Niderlandda q\u0131r\u0131mtatar diasporas\u0131 s\u00fcrg\u00fcnlik qurbanlar\u0131n\u0131\u00f1 hat\u0131ras\u0131n\u0131 a\u00f1d\u0131\"}]},{\"@type\":\"WebSite\",\"@id\":\"https:\\\/\\\/qtmm.org\\\/qt\\\/#website\",\"url\":\"https:\\\/\\\/qtmm.org\\\/qt\\\/\",\"name\":\"\u041c\u0435\u0434\u0436\u043b\u0456\u0441\",\"description\":\"\",\"publisher\":{\"@id\":\"https:\\\/\\\/qtmm.org\\\/qt\\\/#organization\"},\"potentialAction\":[{\"@type\":\"SearchAction\",\"target\":{\"@type\":\"EntryPoint\",\"urlTemplate\":\"https:\\\/\\\/qtmm.org\\\/qt\\\/?s={search_term_string}\"},\"query-input\":{\"@type\":\"PropertyValueSpecification\",\"valueRequired\":true,\"valueName\":\"search_term_string\"}}],\"inLanguage\":\"qt\"},{\"@type\":\"Organization\",\"@id\":\"https:\\\/\\\/qtmm.org\\\/qt\\\/#organization\",\"name\":\"\u041c\u0435\u0434\u0436\u043b\u0456\u0441\",\"url\":\"https:\\\/\\\/qtmm.org\\\/qt\\\/\",\"logo\":{\"@type\":\"ImageObject\",\"inLanguage\":\"qt\",\"@id\":\"https:\\\/\\\/qtmm.org\\\/qt\\\/#\\\/schema\\\/logo\\\/image\\\/\",\"url\":\"https:\\\/\\\/qtmm.org\\\/wp-content\\\/uploads\\\/2024\\\/12\\\/ua-mejlis-logo-rgb.svg\",\"contentUrl\":\"https:\\\/\\\/qtmm.org\\\/wp-content\\\/uploads\\\/2024\\\/12\\\/ua-mejlis-logo-rgb.svg\",\"caption\":\"\u041c\u0435\u0434\u0436\u043b\u0456\u0441\"},\"image\":{\"@id\":\"https:\\\/\\\/qtmm.org\\\/qt\\\/#\\\/schema\\\/logo\\\/image\\\/\"},\"sameAs\":[\"https:\\\/\\\/www.facebook.com\\\/qtmm.info\\\/\"]},{\"@type\":\"Person\",\"@id\":\"https:\\\/\\\/qtmm.org\\\/qt\\\/#\\\/schema\\\/person\\\/de562469f971dec226ac06e60bbf74a7\",\"name\":\"Developer\",\"image\":{\"@type\":\"ImageObject\",\"inLanguage\":\"qt\",\"@id\":\"https:\\\/\\\/secure.gravatar.com\\\/avatar\\\/392b4cc8fbfeb00b39dfeeab4ee6edded39ffd48e25858637e4765810300227e?s=96&d=mm&r=g\",\"url\":\"https:\\\/\\\/secure.gravatar.com\\\/avatar\\\/392b4cc8fbfeb00b39dfeeab4ee6edded39ffd48e25858637e4765810300227e?s=96&d=mm&r=g\",\"contentUrl\":\"https:\\\/\\\/secure.gravatar.com\\\/avatar\\\/392b4cc8fbfeb00b39dfeeab4ee6edded39ffd48e25858637e4765810300227e?s=96&d=mm&r=g\",\"caption\":\"Developer\"},\"url\":\"https:\\\/\\\/qtmm.org\\\/qt\\\/author\\\/Developer\\\/\"}]}<\/script>\n<!-- \/ Yoast SEO plugin. -->","yoast_head_json":{"title":"Niderlandda q\u0131r\u0131mtatar diasporas\u0131 s\u00fcrg\u00fcnlik qurbanlar\u0131n\u0131\u00f1 hat\u0131ras\u0131n\u0131 a\u00f1d\u0131 - \u041c\u0435\u0434\u0436\u043b\u0456\u0441","robots":{"index":"index","follow":"follow","max-snippet":"max-snippet:-1","max-image-preview":"max-image-preview:large","max-video-preview":"max-video-preview:-1"},"canonical":"https:\/\/qtmm.org\/qt\/niderlandda-qirimtatar-diasporasi-surgunlik-qurbanlarinin-hatirasini-andi\/","og_locale":"en_US","og_type":"article","og_title":"Niderlandda q\u0131r\u0131mtatar diasporas\u0131 s\u00fcrg\u00fcnlik qurbanlar\u0131n\u0131\u00f1 hat\u0131ras\u0131n\u0131 a\u00f1d\u0131 - \u041c\u0435\u0434\u0436\u043b\u0456\u0441","og_description":"2013 senesi may\u0131s 18 \u2013 q\u0131r\u0131mtatar halq\u0131n\u0131\u00f1 matem k\u00fcn\u00fc Avropa Birligine kirgen devletlerde \u015fu memleketlerdeki q\u0131r\u0131mtatar diasporas\u0131 vekilleri S\u00fcrg\u00fcnlik qurbanlar\u0131n\u0131\u00f1 hat\u0131ras\u0131n\u0131 a\u00f1\u0131p, Ukrainadan q\u0131r\u0131mtatar halq\u0131n\u0131\u00f1 \u00f6z Vatan\u0131nda aqlar\u0131n\u0131 tiklemesini talap ettiler. \u011earbiy Avropa q\u0131r\u0131mtatar medeniy ve yard\u0131mla\u015fma merkezini\u00f1 reisi Mehmet T\u00fct\u00fcnci bildirgenine k\u00f6re Gaagada may\u0131s 18 k\u00fcn\u00fc Ukraina el\u00e7iligi \u00f6g\u00fcnde S\u00fcrg\u00fcnlik qurbanlar\u0131 hat\u0131ras\u0131na miting ke\u00e7irildi. [&hellip;]","og_url":"https:\/\/qtmm.org\/qt\/niderlandda-qirimtatar-diasporasi-surgunlik-qurbanlarinin-hatirasini-andi\/","og_site_name":"\u041c\u0435\u0434\u0436\u043b\u0456\u0441","article_publisher":"https:\/\/www.facebook.com\/qtmm.info\/","article_published_time":"2013-05-20T20:40:00+00:00","article_modified_time":"2022-01-23T20:41:11+00:00","og_image":[{"width":640,"height":360,"url":"https:\/\/qtmm.org\/wp-content\/uploads\/2022\/01\/k_r_m_demo_08_180513.jpeg","type":"image\/jpeg"}],"author":"Developer","twitter_card":"summary_large_image","twitter_misc":{"Written by":"Developer","Est. reading time":"2 minutes"},"schema":{"@context":"https:\/\/schema.org","@graph":[{"@type":"Article","@id":"https:\/\/qtmm.org\/qt\/niderlandda-qirimtatar-diasporasi-surgunlik-qurbanlarinin-hatirasini-andi\/#article","isPartOf":{"@id":"https:\/\/qtmm.org\/qt\/niderlandda-qirimtatar-diasporasi-surgunlik-qurbanlarinin-hatirasini-andi\/"},"author":{"name":"Developer","@id":"https:\/\/qtmm.org\/qt\/#\/schema\/person\/de562469f971dec226ac06e60bbf74a7"},"headline":"Niderlandda q\u0131r\u0131mtatar diasporas\u0131 s\u00fcrg\u00fcnlik qurbanlar\u0131n\u0131\u00f1 hat\u0131ras\u0131n\u0131 a\u00f1d\u0131","datePublished":"2013-05-20T20:40:00+00:00","dateModified":"2022-01-23T20:41:11+00:00","mainEntityOfPage":{"@id":"https:\/\/qtmm.org\/qt\/niderlandda-qirimtatar-diasporasi-surgunlik-qurbanlarinin-hatirasini-andi\/"},"wordCount":336,"commentCount":0,"publisher":{"@id":"https:\/\/qtmm.org\/qt\/#organization"},"image":{"@id":"https:\/\/qtmm.org\/qt\/niderlandda-qirimtatar-diasporasi-surgunlik-qurbanlarinin-hatirasini-andi\/#primaryimage"},"thumbnailUrl":"https:\/\/qtmm.org\/wp-content\/uploads\/2022\/01\/k_r_m_demo_08_180513.jpeg","articleSection":["Haberler"],"inLanguage":"qt","potentialAction":[{"@type":"CommentAction","name":"Comment","target":["https:\/\/qtmm.org\/qt\/niderlandda-qirimtatar-diasporasi-surgunlik-qurbanlarinin-hatirasini-andi\/#respond"]}]},{"@type":"WebPage","@id":"https:\/\/qtmm.org\/qt\/niderlandda-qirimtatar-diasporasi-surgunlik-qurbanlarinin-hatirasini-andi\/","url":"https:\/\/qtmm.org\/qt\/niderlandda-qirimtatar-diasporasi-surgunlik-qurbanlarinin-hatirasini-andi\/","name":"Niderlandda q\u0131r\u0131mtatar diasporas\u0131 s\u00fcrg\u00fcnlik qurbanlar\u0131n\u0131\u00f1 hat\u0131ras\u0131n\u0131 a\u00f1d\u0131 - \u041c\u0435\u0434\u0436\u043b\u0456\u0441","isPartOf":{"@id":"https:\/\/qtmm.org\/qt\/#website"},"primaryImageOfPage":{"@id":"https:\/\/qtmm.org\/qt\/niderlandda-qirimtatar-diasporasi-surgunlik-qurbanlarinin-hatirasini-andi\/#primaryimage"},"image":{"@id":"https:\/\/qtmm.org\/qt\/niderlandda-qirimtatar-diasporasi-surgunlik-qurbanlarinin-hatirasini-andi\/#primaryimage"},"thumbnailUrl":"https:\/\/qtmm.org\/wp-content\/uploads\/2022\/01\/k_r_m_demo_08_180513.jpeg","datePublished":"2013-05-20T20:40:00+00:00","dateModified":"2022-01-23T20:41:11+00:00","breadcrumb":{"@id":"https:\/\/qtmm.org\/qt\/niderlandda-qirimtatar-diasporasi-surgunlik-qurbanlarinin-hatirasini-andi\/#breadcrumb"},"inLanguage":"qt","potentialAction":[{"@type":"ReadAction","target":["https:\/\/qtmm.org\/qt\/niderlandda-qirimtatar-diasporasi-surgunlik-qurbanlarinin-hatirasini-andi\/"]}]},{"@type":"ImageObject","inLanguage":"qt","@id":"https:\/\/qtmm.org\/qt\/niderlandda-qirimtatar-diasporasi-surgunlik-qurbanlarinin-hatirasini-andi\/#primaryimage","url":"https:\/\/qtmm.org\/wp-content\/uploads\/2022\/01\/k_r_m_demo_08_180513.jpeg","contentUrl":"https:\/\/qtmm.org\/wp-content\/uploads\/2022\/01\/k_r_m_demo_08_180513.jpeg","width":640,"height":360},{"@type":"BreadcrumbList","@id":"https:\/\/qtmm.org\/qt\/niderlandda-qirimtatar-diasporasi-surgunlik-qurbanlarinin-hatirasini-andi\/#breadcrumb","itemListElement":[{"@type":"ListItem","position":1,"name":"\u0413\u043e\u043b\u043e\u0432\u043d\u0430","item":"https:\/\/qtmm.org\/qt\/"},{"@type":"ListItem","position":2,"name":"Niderlandda q\u0131r\u0131mtatar diasporas\u0131 s\u00fcrg\u00fcnlik qurbanlar\u0131n\u0131\u00f1 hat\u0131ras\u0131n\u0131 a\u00f1d\u0131"}]},{"@type":"WebSite","@id":"https:\/\/qtmm.org\/qt\/#website","url":"https:\/\/qtmm.org\/qt\/","name":"\u041c\u0435\u0434\u0436\u043b\u0456\u0441","description":"","publisher":{"@id":"https:\/\/qtmm.org\/qt\/#organization"},"potentialAction":[{"@type":"SearchAction","target":{"@type":"EntryPoint","urlTemplate":"https:\/\/qtmm.org\/qt\/?s={search_term_string}"},"query-input":{"@type":"PropertyValueSpecification","valueRequired":true,"valueName":"search_term_string"}}],"inLanguage":"qt"},{"@type":"Organization","@id":"https:\/\/qtmm.org\/qt\/#organization","name":"\u041c\u0435\u0434\u0436\u043b\u0456\u0441","url":"https:\/\/qtmm.org\/qt\/","logo":{"@type":"ImageObject","inLanguage":"qt","@id":"https:\/\/qtmm.org\/qt\/#\/schema\/logo\/image\/","url":"https:\/\/qtmm.org\/wp-content\/uploads\/2024\/12\/ua-mejlis-logo-rgb.svg","contentUrl":"https:\/\/qtmm.org\/wp-content\/uploads\/2024\/12\/ua-mejlis-logo-rgb.svg","caption":"\u041c\u0435\u0434\u0436\u043b\u0456\u0441"},"image":{"@id":"https:\/\/qtmm.org\/qt\/#\/schema\/logo\/image\/"},"sameAs":["https:\/\/www.facebook.com\/qtmm.info\/"]},{"@type":"Person","@id":"https:\/\/qtmm.org\/qt\/#\/schema\/person\/de562469f971dec226ac06e60bbf74a7","name":"Developer","image":{"@type":"ImageObject","inLanguage":"qt","@id":"https:\/\/secure.gravatar.com\/avatar\/392b4cc8fbfeb00b39dfeeab4ee6edded39ffd48e25858637e4765810300227e?s=96&d=mm&r=g","url":"https:\/\/secure.gravatar.com\/avatar\/392b4cc8fbfeb00b39dfeeab4ee6edded39ffd48e25858637e4765810300227e?s=96&d=mm&r=g","contentUrl":"https:\/\/secure.gravatar.com\/avatar\/392b4cc8fbfeb00b39dfeeab4ee6edded39ffd48e25858637e4765810300227e?s=96&d=mm&r=g","caption":"Developer"},"url":"https:\/\/qtmm.org\/qt\/author\/Developer\/"}]}},"_links":{"self":[{"href":"https:\/\/qtmm.org\/qt\/wp-json\/wp\/v2\/posts\/37612","targetHints":{"allow":["GET"]}}],"collection":[{"href":"https:\/\/qtmm.org\/qt\/wp-json\/wp\/v2\/posts"}],"about":[{"href":"https:\/\/qtmm.org\/qt\/wp-json\/wp\/v2\/types\/post"}],"author":[{"embeddable":true,"href":"https:\/\/qtmm.org\/qt\/wp-json\/wp\/v2\/users\/1"}],"replies":[{"embeddable":true,"href":"https:\/\/qtmm.org\/qt\/wp-json\/wp\/v2\/comments?post=37612"}],"version-history":[{"count":1,"href":"https:\/\/qtmm.org\/qt\/wp-json\/wp\/v2\/posts\/37612\/revisions"}],"predecessor-version":[{"id":37617,"href":"https:\/\/qtmm.org\/qt\/wp-json\/wp\/v2\/posts\/37612\/revisions\/37617"}],"wp:featuredmedia":[{"embeddable":true,"href":"https:\/\/qtmm.org\/qt\/wp-json\/wp\/v2\/media\/37613"}],"wp:attachment":[{"href":"https:\/\/qtmm.org\/qt\/wp-json\/wp\/v2\/media?parent=37612"}],"wp:term":[{"taxonomy":"category","embeddable":true,"href":"https:\/\/qtmm.org\/qt\/wp-json\/wp\/v2\/categories?post=37612"},{"taxonomy":"post_tag","embeddable":true,"href":"https:\/\/qtmm.org\/qt\/wp-json\/wp\/v2\/tags?post=37612"}],"curies":[{"name":"wp","href":"https:\/\/api.w.org\/{rel}","templated":true}]}}