




{"id":37610,"date":"2013-05-20T23:39:00","date_gmt":"2013-05-20T20:39:00","guid":{"rendered":"http:\/\/qtmm.org\/?p=37610"},"modified":"2022-01-23T23:40:11","modified_gmt":"2022-01-23T20:40:11","slug":"qirimtatar-halqi-surgunliginin-69-yilligi-munasebetinen-avropanin-bir-coq-seerlerinde-mitingler-otkerildi","status":"publish","type":"post","link":"https:\/\/qtmm.org\/qt\/qirimtatar-halqi-surgunliginin-69-yilligi-munasebetinen-avropanin-bir-coq-seerlerinde-mitingler-otkerildi\/","title":{"rendered":"Q\u0131r\u0131mtatar halq\u0131 s\u00fcrg\u00fcnligini\u00f1 69 y\u0131ll\u0131\u011f\u0131 munasebetinen Avropan\u0131\u00f1 bir \u00e7oq \u015feerlerinde mitingler \u00f6tkerildi."},"content":{"rendered":"\n<p>Q\u0131r\u0131mtatarlar medeniyet ve yard\u0131mla\u015fma dernegi taraf\u0131ndan Avropada, Br\u00fcsselde, Buharestte, Parijde, Berlinde, Gaagada ve Var\u015favada Q\u0131r\u0131mtatarlar soyq\u0131r\u0131m\u0131 qurbanlar\u0131n\u0131\u00f1 hat\u0131ras\u0131n\u0131 a\u00f1ma merasimleri ke\u00e7irildi.<\/p>\n\n\n\n<p>Br\u00fcsseldeki miting Ukraina El\u00e7iligi \u00f6g\u00fcnde ol\u0131p ke\u00e7ti. Q\u0131r\u0131mtatarlar\u011fa g\u00f6\u00f1\u00fclde\u015flik bildirmek i\u00e7\u00fcn mitingde Bel\u00e7ika T\u00fcrk federatsiyas\u0131n\u0131\u00f1 ba\u015f\u0131 \u00d6mer Zarars\u0131z, t\u00fcrk-musulman cemiyetini\u00f1 ba\u015f\u0131 Cafer Zorlu ve digerleri i\u015ftirak ettiler. Miting i\u015ftirak\u00e7ilerini\u00f1 ellerinde q\u0131r\u0131mtatar halq\u0131n\u0131\u00f1 lideri Mustafa Cemilevni\u00f1 portretleri bar edi. Mitingde bulun\u011fanlar\u011fa q\u0131r\u0131mtatar soyq\u0131r\u0131m\u0131 aqq\u0131nda ayt\u0131l\u0131p, sovet rejimi qurbanlar\u0131n\u0131\u00f1 ruhuna dua oquld\u0131.<br><br>Milliy Meclisni\u00f1 temsilcisi Ahmet Ozay Vatandan t\u0131\u015fta ya\u015fa\u011fan ya\u015f q\u0131r\u0131mtatar nesili ecdatlar\u0131 Q\u0131r\u0131mdan 1944 senesi may\u0131s 18 k\u00fcn\u00fc nas\u0131l \u00e7\u0131qar\u0131l\u011fan\u0131 ve ayvan ta\u015f\u0131\u011fan vagonlarda &#8220;\u00f6l\u00fcm yolundan&#8221; nas\u0131l ke\u00e7kenlerini bilmeleri i\u00e7\u00fcn elinden kelgenini yapaca\u011f\u0131n\u0131 s\u00f6yledi.<\/p>\n\n\n\n<p>&#8220;Biz \u011fay\u0131p etilgen Vatan, yoq etilgen halq aqq\u0131nda aytam\u0131z. Bu aqta ayt\u0131rkenmiz \u015fun\u0131 qayd etmeli ki, bizim halq\u0131m\u0131zn\u0131 yoq etken devletni\u00f1 kendisi yoqt\u0131r. Bug\u00fcn Ukraina devleti bar. Ukraina devletini\u00f1 mustaqilli i\u00e7\u00fcn tel\u00fckeli k\u00fc\u00e7ler mevcut. Ukraina q\u0131r\u0131mtatarlarn\u0131\u00f1 qaytmas\u0131na qoltutt\u0131. Amma aqs\u0131mlav, zorbal\u0131q ve adaletsizlik ep devam ete. Biz q\u0131r\u0131mtatar halq\u0131n\u0131\u00f1 aqlar\u0131 o\u011frunda areket etecekmiz&#8221;, &#8211; dedi Ahmet Ozay.<\/p>\n","protected":false},"excerpt":{"rendered":"<p>Q\u0131r\u0131mtatarlar medeniyet ve yard\u0131mla\u015fma dernegi taraf\u0131ndan Avropada, Br\u00fcsselde, Buharestte, Parijde, Berlinde, Gaagada ve Var\u015favada Q\u0131r\u0131mtatarlar soyq\u0131r\u0131m\u0131 qurbanlar\u0131n\u0131\u00f1 hat\u0131ras\u0131n\u0131 a\u00f1ma merasimleri ke\u00e7irildi. Br\u00fcsseldeki miting Ukraina El\u00e7iligi \u00f6g\u00fcnde ol\u0131p ke\u00e7ti. Q\u0131r\u0131mtatarlar\u011fa g\u00f6\u00f1\u00fclde\u015flik bildirmek i\u00e7\u00fcn mitingde Bel\u00e7ika T\u00fcrk federatsiyas\u0131n\u0131\u00f1 ba\u015f\u0131 \u00d6mer Zarars\u0131z, t\u00fcrk-musulman cemiyetini\u00f1 ba\u015f\u0131 Cafer Zorlu ve digerleri i\u015ftirak ettiler. Miting i\u015ftirak\u00e7ilerini\u00f1 ellerinde q\u0131r\u0131mtatar halq\u0131n\u0131\u00f1 lideri Mustafa [&hellip;]<\/p>\n","protected":false},"author":1,"featured_media":0,"comment_status":"open","ping_status":"open","sticky":false,"template":"","format":"standard","meta":{"inline_featured_image":false,"footnotes":""},"categories":[265],"tags":[],"class_list":["post-37610","post","type-post","status-publish","format-standard","hentry","category-haberler"],"acf":[],"yoast_head":"<!-- This site is optimized with the Yoast SEO plugin v27.4 - https:\/\/yoast.com\/product\/yoast-seo-wordpress\/ -->\n<title>Q\u0131r\u0131mtatar halq\u0131 s\u00fcrg\u00fcnligini\u00f1 69 y\u0131ll\u0131\u011f\u0131 munasebetinen Avropan\u0131\u00f1 bir \u00e7oq \u015feerlerinde mitingler \u00f6tkerildi. - \u041c\u0435\u0434\u0436\u043b\u0456\u0441<\/title>\n<meta name=\"robots\" content=\"index, follow, max-snippet:-1, max-image-preview:large, max-video-preview:-1\" \/>\n<link rel=\"canonical\" href=\"https:\/\/qtmm.org\/qt\/qirimtatar-halqi-surgunliginin-69-yilligi-munasebetinen-avropanin-bir-coq-seerlerinde-mitingler-otkerildi\/\" \/>\n<meta property=\"og:locale\" content=\"en_US\" \/>\n<meta property=\"og:type\" content=\"article\" \/>\n<meta property=\"og:title\" content=\"Q\u0131r\u0131mtatar halq\u0131 s\u00fcrg\u00fcnligini\u00f1 69 y\u0131ll\u0131\u011f\u0131 munasebetinen Avropan\u0131\u00f1 bir \u00e7oq \u015feerlerinde mitingler \u00f6tkerildi. - \u041c\u0435\u0434\u0436\u043b\u0456\u0441\" \/>\n<meta property=\"og:description\" content=\"Q\u0131r\u0131mtatarlar medeniyet ve yard\u0131mla\u015fma dernegi taraf\u0131ndan Avropada, Br\u00fcsselde, Buharestte, Parijde, Berlinde, Gaagada ve Var\u015favada Q\u0131r\u0131mtatarlar soyq\u0131r\u0131m\u0131 qurbanlar\u0131n\u0131\u00f1 hat\u0131ras\u0131n\u0131 a\u00f1ma merasimleri ke\u00e7irildi. Br\u00fcsseldeki miting Ukraina El\u00e7iligi \u00f6g\u00fcnde ol\u0131p ke\u00e7ti. Q\u0131r\u0131mtatarlar\u011fa g\u00f6\u00f1\u00fclde\u015flik bildirmek i\u00e7\u00fcn mitingde Bel\u00e7ika T\u00fcrk federatsiyas\u0131n\u0131\u00f1 ba\u015f\u0131 \u00d6mer Zarars\u0131z, t\u00fcrk-musulman cemiyetini\u00f1 ba\u015f\u0131 Cafer Zorlu ve digerleri i\u015ftirak ettiler. Miting i\u015ftirak\u00e7ilerini\u00f1 ellerinde q\u0131r\u0131mtatar halq\u0131n\u0131\u00f1 lideri Mustafa [&hellip;]\" \/>\n<meta property=\"og:url\" content=\"https:\/\/qtmm.org\/qt\/qirimtatar-halqi-surgunliginin-69-yilligi-munasebetinen-avropanin-bir-coq-seerlerinde-mitingler-otkerildi\/\" \/>\n<meta property=\"og:site_name\" content=\"\u041c\u0435\u0434\u0436\u043b\u0456\u0441\" \/>\n<meta property=\"article:publisher\" content=\"https:\/\/www.facebook.com\/qtmm.info\/\" \/>\n<meta property=\"article:published_time\" content=\"2013-05-20T20:39:00+00:00\" \/>\n<meta property=\"article:modified_time\" content=\"2022-01-23T20:40:11+00:00\" \/>\n<meta name=\"author\" content=\"Developer\" \/>\n<meta name=\"twitter:card\" content=\"summary_large_image\" \/>\n<meta name=\"twitter:label1\" content=\"Written by\" \/>\n\t<meta name=\"twitter:data1\" content=\"Developer\" \/>\n\t<meta name=\"twitter:label2\" content=\"Est. reading time\" \/>\n\t<meta name=\"twitter:data2\" content=\"1 minute\" \/>\n<script type=\"application\/ld+json\" class=\"yoast-schema-graph\">{\"@context\":\"https:\\\/\\\/schema.org\",\"@graph\":[{\"@type\":\"Article\",\"@id\":\"https:\\\/\\\/qtmm.org\\\/qt\\\/qirimtatar-halqi-surgunliginin-69-yilligi-munasebetinen-avropanin-bir-coq-seerlerinde-mitingler-otkerildi\\\/#article\",\"isPartOf\":{\"@id\":\"https:\\\/\\\/qtmm.org\\\/qt\\\/qirimtatar-halqi-surgunliginin-69-yilligi-munasebetinen-avropanin-bir-coq-seerlerinde-mitingler-otkerildi\\\/\"},\"author\":{\"name\":\"Developer\",\"@id\":\"https:\\\/\\\/qtmm.org\\\/qt\\\/#\\\/schema\\\/person\\\/de562469f971dec226ac06e60bbf74a7\"},\"headline\":\"Q\u0131r\u0131mtatar halq\u0131 s\u00fcrg\u00fcnligini\u00f1 69 y\u0131ll\u0131\u011f\u0131 munasebetinen Avropan\u0131\u00f1 bir \u00e7oq \u015feerlerinde mitingler \u00f6tkerildi.\",\"datePublished\":\"2013-05-20T20:39:00+00:00\",\"dateModified\":\"2022-01-23T20:40:11+00:00\",\"mainEntityOfPage\":{\"@id\":\"https:\\\/\\\/qtmm.org\\\/qt\\\/qirimtatar-halqi-surgunliginin-69-yilligi-munasebetinen-avropanin-bir-coq-seerlerinde-mitingler-otkerildi\\\/\"},\"wordCount\":263,\"commentCount\":0,\"publisher\":{\"@id\":\"https:\\\/\\\/qtmm.org\\\/qt\\\/#organization\"},\"articleSection\":[\"Haberler\"],\"inLanguage\":\"qt\",\"potentialAction\":[{\"@type\":\"CommentAction\",\"name\":\"Comment\",\"target\":[\"https:\\\/\\\/qtmm.org\\\/qt\\\/qirimtatar-halqi-surgunliginin-69-yilligi-munasebetinen-avropanin-bir-coq-seerlerinde-mitingler-otkerildi\\\/#respond\"]}]},{\"@type\":\"WebPage\",\"@id\":\"https:\\\/\\\/qtmm.org\\\/qt\\\/qirimtatar-halqi-surgunliginin-69-yilligi-munasebetinen-avropanin-bir-coq-seerlerinde-mitingler-otkerildi\\\/\",\"url\":\"https:\\\/\\\/qtmm.org\\\/qt\\\/qirimtatar-halqi-surgunliginin-69-yilligi-munasebetinen-avropanin-bir-coq-seerlerinde-mitingler-otkerildi\\\/\",\"name\":\"Q\u0131r\u0131mtatar halq\u0131 s\u00fcrg\u00fcnligini\u00f1 69 y\u0131ll\u0131\u011f\u0131 munasebetinen Avropan\u0131\u00f1 bir \u00e7oq \u015feerlerinde mitingler \u00f6tkerildi. - \u041c\u0435\u0434\u0436\u043b\u0456\u0441\",\"isPartOf\":{\"@id\":\"https:\\\/\\\/qtmm.org\\\/qt\\\/#website\"},\"datePublished\":\"2013-05-20T20:39:00+00:00\",\"dateModified\":\"2022-01-23T20:40:11+00:00\",\"breadcrumb\":{\"@id\":\"https:\\\/\\\/qtmm.org\\\/qt\\\/qirimtatar-halqi-surgunliginin-69-yilligi-munasebetinen-avropanin-bir-coq-seerlerinde-mitingler-otkerildi\\\/#breadcrumb\"},\"inLanguage\":\"qt\",\"potentialAction\":[{\"@type\":\"ReadAction\",\"target\":[\"https:\\\/\\\/qtmm.org\\\/qt\\\/qirimtatar-halqi-surgunliginin-69-yilligi-munasebetinen-avropanin-bir-coq-seerlerinde-mitingler-otkerildi\\\/\"]}]},{\"@type\":\"BreadcrumbList\",\"@id\":\"https:\\\/\\\/qtmm.org\\\/qt\\\/qirimtatar-halqi-surgunliginin-69-yilligi-munasebetinen-avropanin-bir-coq-seerlerinde-mitingler-otkerildi\\\/#breadcrumb\",\"itemListElement\":[{\"@type\":\"ListItem\",\"position\":1,\"name\":\"\u0413\u043e\u043b\u043e\u0432\u043d\u0430\",\"item\":\"https:\\\/\\\/qtmm.org\\\/qt\\\/\"},{\"@type\":\"ListItem\",\"position\":2,\"name\":\"Q\u0131r\u0131mtatar halq\u0131 s\u00fcrg\u00fcnligini\u00f1 69 y\u0131ll\u0131\u011f\u0131 munasebetinen Avropan\u0131\u00f1 bir \u00e7oq \u015feerlerinde mitingler \u00f6tkerildi.\"}]},{\"@type\":\"WebSite\",\"@id\":\"https:\\\/\\\/qtmm.org\\\/qt\\\/#website\",\"url\":\"https:\\\/\\\/qtmm.org\\\/qt\\\/\",\"name\":\"\u041c\u0435\u0434\u0436\u043b\u0456\u0441\",\"description\":\"\",\"publisher\":{\"@id\":\"https:\\\/\\\/qtmm.org\\\/qt\\\/#organization\"},\"potentialAction\":[{\"@type\":\"SearchAction\",\"target\":{\"@type\":\"EntryPoint\",\"urlTemplate\":\"https:\\\/\\\/qtmm.org\\\/qt\\\/?s={search_term_string}\"},\"query-input\":{\"@type\":\"PropertyValueSpecification\",\"valueRequired\":true,\"valueName\":\"search_term_string\"}}],\"inLanguage\":\"qt\"},{\"@type\":\"Organization\",\"@id\":\"https:\\\/\\\/qtmm.org\\\/qt\\\/#organization\",\"name\":\"\u041c\u0435\u0434\u0436\u043b\u0456\u0441\",\"url\":\"https:\\\/\\\/qtmm.org\\\/qt\\\/\",\"logo\":{\"@type\":\"ImageObject\",\"inLanguage\":\"qt\",\"@id\":\"https:\\\/\\\/qtmm.org\\\/qt\\\/#\\\/schema\\\/logo\\\/image\\\/\",\"url\":\"https:\\\/\\\/qtmm.org\\\/wp-content\\\/uploads\\\/2024\\\/12\\\/ua-mejlis-logo-rgb.svg\",\"contentUrl\":\"https:\\\/\\\/qtmm.org\\\/wp-content\\\/uploads\\\/2024\\\/12\\\/ua-mejlis-logo-rgb.svg\",\"caption\":\"\u041c\u0435\u0434\u0436\u043b\u0456\u0441\"},\"image\":{\"@id\":\"https:\\\/\\\/qtmm.org\\\/qt\\\/#\\\/schema\\\/logo\\\/image\\\/\"},\"sameAs\":[\"https:\\\/\\\/www.facebook.com\\\/qtmm.info\\\/\"]},{\"@type\":\"Person\",\"@id\":\"https:\\\/\\\/qtmm.org\\\/qt\\\/#\\\/schema\\\/person\\\/de562469f971dec226ac06e60bbf74a7\",\"name\":\"Developer\",\"image\":{\"@type\":\"ImageObject\",\"inLanguage\":\"qt\",\"@id\":\"https:\\\/\\\/secure.gravatar.com\\\/avatar\\\/392b4cc8fbfeb00b39dfeeab4ee6edded39ffd48e25858637e4765810300227e?s=96&d=mm&r=g\",\"url\":\"https:\\\/\\\/secure.gravatar.com\\\/avatar\\\/392b4cc8fbfeb00b39dfeeab4ee6edded39ffd48e25858637e4765810300227e?s=96&d=mm&r=g\",\"contentUrl\":\"https:\\\/\\\/secure.gravatar.com\\\/avatar\\\/392b4cc8fbfeb00b39dfeeab4ee6edded39ffd48e25858637e4765810300227e?s=96&d=mm&r=g\",\"caption\":\"Developer\"},\"url\":\"https:\\\/\\\/qtmm.org\\\/qt\\\/author\\\/Developer\\\/\"}]}<\/script>\n<!-- \/ Yoast SEO plugin. -->","yoast_head_json":{"title":"Q\u0131r\u0131mtatar halq\u0131 s\u00fcrg\u00fcnligini\u00f1 69 y\u0131ll\u0131\u011f\u0131 munasebetinen Avropan\u0131\u00f1 bir \u00e7oq \u015feerlerinde mitingler \u00f6tkerildi. - \u041c\u0435\u0434\u0436\u043b\u0456\u0441","robots":{"index":"index","follow":"follow","max-snippet":"max-snippet:-1","max-image-preview":"max-image-preview:large","max-video-preview":"max-video-preview:-1"},"canonical":"https:\/\/qtmm.org\/qt\/qirimtatar-halqi-surgunliginin-69-yilligi-munasebetinen-avropanin-bir-coq-seerlerinde-mitingler-otkerildi\/","og_locale":"en_US","og_type":"article","og_title":"Q\u0131r\u0131mtatar halq\u0131 s\u00fcrg\u00fcnligini\u00f1 69 y\u0131ll\u0131\u011f\u0131 munasebetinen Avropan\u0131\u00f1 bir \u00e7oq \u015feerlerinde mitingler \u00f6tkerildi. - \u041c\u0435\u0434\u0436\u043b\u0456\u0441","og_description":"Q\u0131r\u0131mtatarlar medeniyet ve yard\u0131mla\u015fma dernegi taraf\u0131ndan Avropada, Br\u00fcsselde, Buharestte, Parijde, Berlinde, Gaagada ve Var\u015favada Q\u0131r\u0131mtatarlar soyq\u0131r\u0131m\u0131 qurbanlar\u0131n\u0131\u00f1 hat\u0131ras\u0131n\u0131 a\u00f1ma merasimleri ke\u00e7irildi. Br\u00fcsseldeki miting Ukraina El\u00e7iligi \u00f6g\u00fcnde ol\u0131p ke\u00e7ti. Q\u0131r\u0131mtatarlar\u011fa g\u00f6\u00f1\u00fclde\u015flik bildirmek i\u00e7\u00fcn mitingde Bel\u00e7ika T\u00fcrk federatsiyas\u0131n\u0131\u00f1 ba\u015f\u0131 \u00d6mer Zarars\u0131z, t\u00fcrk-musulman cemiyetini\u00f1 ba\u015f\u0131 Cafer Zorlu ve digerleri i\u015ftirak ettiler. Miting i\u015ftirak\u00e7ilerini\u00f1 ellerinde q\u0131r\u0131mtatar halq\u0131n\u0131\u00f1 lideri Mustafa [&hellip;]","og_url":"https:\/\/qtmm.org\/qt\/qirimtatar-halqi-surgunliginin-69-yilligi-munasebetinen-avropanin-bir-coq-seerlerinde-mitingler-otkerildi\/","og_site_name":"\u041c\u0435\u0434\u0436\u043b\u0456\u0441","article_publisher":"https:\/\/www.facebook.com\/qtmm.info\/","article_published_time":"2013-05-20T20:39:00+00:00","article_modified_time":"2022-01-23T20:40:11+00:00","author":"Developer","twitter_card":"summary_large_image","twitter_misc":{"Written by":"Developer","Est. reading time":"1 minute"},"schema":{"@context":"https:\/\/schema.org","@graph":[{"@type":"Article","@id":"https:\/\/qtmm.org\/qt\/qirimtatar-halqi-surgunliginin-69-yilligi-munasebetinen-avropanin-bir-coq-seerlerinde-mitingler-otkerildi\/#article","isPartOf":{"@id":"https:\/\/qtmm.org\/qt\/qirimtatar-halqi-surgunliginin-69-yilligi-munasebetinen-avropanin-bir-coq-seerlerinde-mitingler-otkerildi\/"},"author":{"name":"Developer","@id":"https:\/\/qtmm.org\/qt\/#\/schema\/person\/de562469f971dec226ac06e60bbf74a7"},"headline":"Q\u0131r\u0131mtatar halq\u0131 s\u00fcrg\u00fcnligini\u00f1 69 y\u0131ll\u0131\u011f\u0131 munasebetinen Avropan\u0131\u00f1 bir \u00e7oq \u015feerlerinde mitingler \u00f6tkerildi.","datePublished":"2013-05-20T20:39:00+00:00","dateModified":"2022-01-23T20:40:11+00:00","mainEntityOfPage":{"@id":"https:\/\/qtmm.org\/qt\/qirimtatar-halqi-surgunliginin-69-yilligi-munasebetinen-avropanin-bir-coq-seerlerinde-mitingler-otkerildi\/"},"wordCount":263,"commentCount":0,"publisher":{"@id":"https:\/\/qtmm.org\/qt\/#organization"},"articleSection":["Haberler"],"inLanguage":"qt","potentialAction":[{"@type":"CommentAction","name":"Comment","target":["https:\/\/qtmm.org\/qt\/qirimtatar-halqi-surgunliginin-69-yilligi-munasebetinen-avropanin-bir-coq-seerlerinde-mitingler-otkerildi\/#respond"]}]},{"@type":"WebPage","@id":"https:\/\/qtmm.org\/qt\/qirimtatar-halqi-surgunliginin-69-yilligi-munasebetinen-avropanin-bir-coq-seerlerinde-mitingler-otkerildi\/","url":"https:\/\/qtmm.org\/qt\/qirimtatar-halqi-surgunliginin-69-yilligi-munasebetinen-avropanin-bir-coq-seerlerinde-mitingler-otkerildi\/","name":"Q\u0131r\u0131mtatar halq\u0131 s\u00fcrg\u00fcnligini\u00f1 69 y\u0131ll\u0131\u011f\u0131 munasebetinen Avropan\u0131\u00f1 bir \u00e7oq \u015feerlerinde mitingler \u00f6tkerildi. - \u041c\u0435\u0434\u0436\u043b\u0456\u0441","isPartOf":{"@id":"https:\/\/qtmm.org\/qt\/#website"},"datePublished":"2013-05-20T20:39:00+00:00","dateModified":"2022-01-23T20:40:11+00:00","breadcrumb":{"@id":"https:\/\/qtmm.org\/qt\/qirimtatar-halqi-surgunliginin-69-yilligi-munasebetinen-avropanin-bir-coq-seerlerinde-mitingler-otkerildi\/#breadcrumb"},"inLanguage":"qt","potentialAction":[{"@type":"ReadAction","target":["https:\/\/qtmm.org\/qt\/qirimtatar-halqi-surgunliginin-69-yilligi-munasebetinen-avropanin-bir-coq-seerlerinde-mitingler-otkerildi\/"]}]},{"@type":"BreadcrumbList","@id":"https:\/\/qtmm.org\/qt\/qirimtatar-halqi-surgunliginin-69-yilligi-munasebetinen-avropanin-bir-coq-seerlerinde-mitingler-otkerildi\/#breadcrumb","itemListElement":[{"@type":"ListItem","position":1,"name":"\u0413\u043e\u043b\u043e\u0432\u043d\u0430","item":"https:\/\/qtmm.org\/qt\/"},{"@type":"ListItem","position":2,"name":"Q\u0131r\u0131mtatar halq\u0131 s\u00fcrg\u00fcnligini\u00f1 69 y\u0131ll\u0131\u011f\u0131 munasebetinen Avropan\u0131\u00f1 bir \u00e7oq \u015feerlerinde mitingler \u00f6tkerildi."}]},{"@type":"WebSite","@id":"https:\/\/qtmm.org\/qt\/#website","url":"https:\/\/qtmm.org\/qt\/","name":"\u041c\u0435\u0434\u0436\u043b\u0456\u0441","description":"","publisher":{"@id":"https:\/\/qtmm.org\/qt\/#organization"},"potentialAction":[{"@type":"SearchAction","target":{"@type":"EntryPoint","urlTemplate":"https:\/\/qtmm.org\/qt\/?s={search_term_string}"},"query-input":{"@type":"PropertyValueSpecification","valueRequired":true,"valueName":"search_term_string"}}],"inLanguage":"qt"},{"@type":"Organization","@id":"https:\/\/qtmm.org\/qt\/#organization","name":"\u041c\u0435\u0434\u0436\u043b\u0456\u0441","url":"https:\/\/qtmm.org\/qt\/","logo":{"@type":"ImageObject","inLanguage":"qt","@id":"https:\/\/qtmm.org\/qt\/#\/schema\/logo\/image\/","url":"https:\/\/qtmm.org\/wp-content\/uploads\/2024\/12\/ua-mejlis-logo-rgb.svg","contentUrl":"https:\/\/qtmm.org\/wp-content\/uploads\/2024\/12\/ua-mejlis-logo-rgb.svg","caption":"\u041c\u0435\u0434\u0436\u043b\u0456\u0441"},"image":{"@id":"https:\/\/qtmm.org\/qt\/#\/schema\/logo\/image\/"},"sameAs":["https:\/\/www.facebook.com\/qtmm.info\/"]},{"@type":"Person","@id":"https:\/\/qtmm.org\/qt\/#\/schema\/person\/de562469f971dec226ac06e60bbf74a7","name":"Developer","image":{"@type":"ImageObject","inLanguage":"qt","@id":"https:\/\/secure.gravatar.com\/avatar\/392b4cc8fbfeb00b39dfeeab4ee6edded39ffd48e25858637e4765810300227e?s=96&d=mm&r=g","url":"https:\/\/secure.gravatar.com\/avatar\/392b4cc8fbfeb00b39dfeeab4ee6edded39ffd48e25858637e4765810300227e?s=96&d=mm&r=g","contentUrl":"https:\/\/secure.gravatar.com\/avatar\/392b4cc8fbfeb00b39dfeeab4ee6edded39ffd48e25858637e4765810300227e?s=96&d=mm&r=g","caption":"Developer"},"url":"https:\/\/qtmm.org\/qt\/author\/Developer\/"}]}},"_links":{"self":[{"href":"https:\/\/qtmm.org\/qt\/wp-json\/wp\/v2\/posts\/37610","targetHints":{"allow":["GET"]}}],"collection":[{"href":"https:\/\/qtmm.org\/qt\/wp-json\/wp\/v2\/posts"}],"about":[{"href":"https:\/\/qtmm.org\/qt\/wp-json\/wp\/v2\/types\/post"}],"author":[{"embeddable":true,"href":"https:\/\/qtmm.org\/qt\/wp-json\/wp\/v2\/users\/1"}],"replies":[{"embeddable":true,"href":"https:\/\/qtmm.org\/qt\/wp-json\/wp\/v2\/comments?post=37610"}],"version-history":[{"count":1,"href":"https:\/\/qtmm.org\/qt\/wp-json\/wp\/v2\/posts\/37610\/revisions"}],"predecessor-version":[{"id":37611,"href":"https:\/\/qtmm.org\/qt\/wp-json\/wp\/v2\/posts\/37610\/revisions\/37611"}],"wp:attachment":[{"href":"https:\/\/qtmm.org\/qt\/wp-json\/wp\/v2\/media?parent=37610"}],"wp:term":[{"taxonomy":"category","embeddable":true,"href":"https:\/\/qtmm.org\/qt\/wp-json\/wp\/v2\/categories?post=37610"},{"taxonomy":"post_tag","embeddable":true,"href":"https:\/\/qtmm.org\/qt\/wp-json\/wp\/v2\/tags?post=37610"}],"curies":[{"name":"wp","href":"https:\/\/api.w.org\/{rel}","templated":true}]}}